{"id":5711,"date":"2022-10-10T18:52:00","date_gmt":"2022-10-10T16:52:00","guid":{"rendered":"https:\/\/gradido.net\/?p=5711"},"modified":"2026-04-24T08:13:36","modified_gmt":"2026-04-24T06:13:36","slug":"great-cooperation-gradido-akademie-international-und-plasmatec","status":"publish","type":"post","link":"https:\/\/gradido.net\/lv\/great-cooperation-gradido-akademie-international-und-plasmatec\/","title":{"rendered":"Lieliska sadarb\u012bba: Gradido Academy International un PLASMA TEC"},"content":{"rendered":"<div data-elementor-type=\"wp-post\" data-elementor-id=\"5711\" class=\"elementor elementor-5711\" data-elementor-post-type=\"post\">\n\t\t\t\t\t\t<section class=\"elementor-section elementor-top-section elementor-element elementor-element-496e1d53 elementor-section-boxed elementor-section-height-default elementor-section-height-default\" data-id=\"496e1d53\" data-element_type=\"section\" data-e-type=\"section\">\n\t\t\t\t\t\t<div class=\"elementor-container elementor-column-gap-default\">\n\t\t\t\t\t<div class=\"elementor-column elementor-col-100 elementor-top-column elementor-element elementor-element-461d7be0\" data-id=\"461d7be0\" data-element_type=\"column\" data-e-type=\"column\">\n\t\t\t<div class=\"elementor-widget-wrap elementor-element-populated\">\n\t\t\t\t\t\t<div class=\"elementor-element elementor-element-cd9ebe2 elementor-widget elementor-widget-text-editor\" data-id=\"cd9ebe2\" data-element_type=\"widget\" data-e-type=\"widget\" data-widget_type=\"text-editor.default\">\n\t\t\t\t<div class=\"elementor-widget-container\">\n\t\t\t\t\t\t\t\t\t<blockquote><p style=\"text-align: right;\"><em>\"Tas, kas nav pa sp\u0113kam atsevi\u0161\u0137am cilv\u0113kam, ir pa sp\u0113kam daudziem.\"<\/em><\/p><p style=\"text-align: right;\"><em>Fr\u012bdrihs Vilhelms Raifaizens<\/em><\/p><\/blockquote><p>D\u0101rgais las\u012bt\u0101j,<\/p><p>apmekl\u0113jot m\u016bsu apvien\u012bbas m\u012btni Quintessenz centr\u0101 Pustritz\u0101, Karintij\u0101\/Austrij\u0101, m\u0113s piedz\u012bvoj\u0101m br\u012bni\u0161\u0137\u012bgu laiku, tiekoties ar interesantiem cilv\u0113kiem, kas str\u0101d\u0101 labas n\u0101kotnes lab\u0101.<\/p><p>M\u0113s var\u0113j\u0101m tuvin\u0101ties viens otram cilv\u0113cisk\u0101 l\u012bmen\u012b, atrast laiku savstarp\u0113jai sapratnei un pl\u0101not, ko v\u0113lamies \u012bstenot kop\u0101.<\/p><p>Cita starp\u0101 m\u0113s tik\u0101mies ar PLASMA TEC p\u0113tniec\u012bbas instit\u016bta prezidentu Haraldu Reihlu un p\u0101rrun\u0101j\u0101m turpm\u0101kos m\u016bsu kop\u012bg\u0101s sadarb\u012bbas so\u013cus.<\/p><p>T\u016bksto\u0161k\u0101rt\u012bgs paldies Petrai Kalterei par vi\u0146as br\u012bni\u0161\u0137\u012bgo viesm\u012bl\u012bbu un labo organiz\u0101ciju!<\/p><p>Haralds izveidoja \u0161\u0101du videoklipu:<\/p>\t\t\t\t\t\t\t\t<\/div>\n\t\t\t\t<\/div>\n\t\t\t\t<div class=\"elementor-element elementor-element-2a5c41a elementor-widget elementor-widget-video\" data-id=\"2a5c41a\" data-element_type=\"widget\" data-e-type=\"widget\" data-settings=\"{&quot;youtube_url&quot;:&quot;https:\\\/\\\/www.youtube.com\\\/watch?v=yWzeP0L0Yv8&quot;,&quot;video_type&quot;:&quot;youtube&quot;,&quot;controls&quot;:&quot;yes&quot;}\" data-widget_type=\"video.default\">\n\t\t\t\t<div class=\"elementor-widget-container\">\n\t\t\t\t\t\t\t<div class=\"elementor-wrapper elementor-open-inline\">\n\t\t\t<div class=\"elementor-video\"><\/div>\t\t<\/div>\n\t\t\t\t\t\t<\/div>\n\t\t\t\t<\/div>\n\t\t\t\t<div class=\"elementor-element elementor-element-17272f9 elementor-widget elementor-widget-text-editor\" data-id=\"17272f9\" data-element_type=\"widget\" data-e-type=\"widget\" data-widget_type=\"text-editor.default\">\n\t\t\t\t<div class=\"elementor-widget-container\">\n\t\t\t\t\t\t\t\t\t<blockquote><p>f.l.t.r. Harald Reichl, Petra Kaltner, Bernd H\u00fcckst\u00e4dt, Margret Baier<\/p><p>Cit\u0113t PLASMA TEC:<\/p><p>\"K\u0101 k\u013c\u016bt liel\u0101 m\u0113r\u0101 neatkar\u012bgam no elektrot\u012bkla? \u012apa\u0161i tad, kad gandr\u012bz katru dienu pla\u0161sazi\u0146as l\u012bdzek\u013cos izskan br\u012bdin\u0101jumi par elektr\u012bbas padeves p\u0101rtraukumiem, cilv\u0113ks j\u016btas \u013coti \u0113rti, ja m\u0101jas kr\u0101tuves sist\u0113ma nodro\u0161ina \u0113ku ar ener\u0123iju av\u0101rijas gad\u012bjum\u0101. PLASMA TEC instit\u016bta p\u0113tniec\u012bbas telpas parasti tiek uzl\u0101d\u0113tas bez maksas ar PV sist\u0113mu (\u013coti piem\u0113roti ir ar\u012b lietotie modu\u013ci). Ja ziem\u0101 vair\u0101kas dienas ir tum\u0161s un sniegains, uzglab\u0101\u0161anas ier\u012bci var viegli uztur\u0113t dro\u0161\u0101 l\u012bmen\u012b ar vienu vai vair\u0101kiem l\u0101d\u0113t\u0101jiem. Turkl\u0101t, ja elektr\u012bbas t\u012bkls nedarbojas, varat izmantot ar\u012b avota sl\u0113dzi, lai kr\u0101tuvi uzl\u0101d\u0113tu diezgan \u012bs\u0101 laik\u0101, izmantojot av\u0101rijas \u0123eneratoru...\".<\/p><\/blockquote><p>Sadarb\u012bbu ar PLASMA TEC instit\u016btu m\u0113s uzskat\u0101m par svar\u012bgu puzles gabali\u0146u pozit\u012bvo cilv\u0113ku un sp\u0113ku \"Lielaj\u0101 sadarb\u012bb\u0101\".<\/p><p>M\u0113s ceram uz v\u0113l daudz veiksm\u012bgu sadarb\u012bbu.<\/p><p>Sirsn\u012bgi sveicieni<\/p><p>J\u016bsu<\/p><p><img decoding=\"async\" class=\"alignnone wp-image-4614 size-medium\" src=\"https:\/\/gradido.net\/wp-content\/uploads\/2022\/06\/MargretBernd_2022-300x74.png\" alt=\"\" width=\"300\" height=\"74\" srcset=\"https:\/\/gradido.net\/wp-content\/uploads\/2022\/06\/MargretBernd_2022-300x74.png 300w, https:\/\/gradido.net\/wp-content\/uploads\/2022\/06\/MargretBernd_2022-18x4.png 18w, https:\/\/gradido.net\/wp-content\/uploads\/2022\/06\/MargretBernd_2022.png 431w\" sizes=\"(max-width: 300px) 100vw, 300px\" \/><\/p><p>Margret Baier un Bernd H\u00fcckst\u00e4dt<br \/>Gradido dibin\u0101t\u0101js un izstr\u0101d\u0101t\u0101js<\/p>\t\t\t\t\t\t\t\t<\/div>\n\t\t\t\t<\/div>\n\t\t\t\t<div class=\"elementor-element elementor-element-34f0d98 elementor-widget elementor-widget-text-editor\" data-id=\"34f0d98\" data-element_type=\"widget\" data-e-type=\"widget\" data-widget_type=\"text-editor.default\">\n\t\t\t\t<div class=\"elementor-widget-container\">\n\t\t\t\t\t\t\t\t\t<p><strong>PS:\u00a0<span style=\"color: #ff6600;\"><a style=\"color: #ff6600;\" href=\"https:\/\/gradido.net\/lv\/donations\/\">T\u0101 k\u0101 Gradido k\u013c\u016bst aizvien noz\u012bm\u012bg\u0101ks, m\u0113s 23. j\u016bnij\u0101 atk\u0101rtojam m\u016bsu pateic\u012bbas akciju:<\/a>\u00a0<\/span><span style=\"color: #0000ff;\"><a style=\"color: #0000ff;\" href=\"https:\/\/gradido.net\/lv\/donations\/\">Papildus vair\u0101kk\u0101rt\u0113jai GradidoTransform par j\u016bsu sponsor\u0113\u0161anas ieguld\u012bjumu m\u0113s 2023. gada 23. j\u016bnij\u0101 palielin\u0101sim visu GDT kontu atlikumus par 23%. Veiciniet tagad un izbaudiet vair\u0101kk\u0101rt\u0113ju GDT summu!<\/a><\/span><\/strong><\/p>\t\t\t\t\t\t\t\t<\/div>\n\t\t\t\t<\/div>\n\t\t\t\t\t<\/div>\n\t\t<\/div>\n\t\t\t\t\t<\/div>\n\t\t<\/section>\n\t\t\t\t<\/div>","protected":false},"excerpt":{"rendered":"<p>Apmekl\u0113jot m\u016bsu apvien\u012bbas galveno m\u012btni Pustric\u0101, Karintij\u0101\/Austrij\u0101, m\u0113s piedz\u012bvoj\u0101m br\u012bni\u0161\u0137\u012bgu laiku, tiekoties ar interesantiem cilv\u0113kiem, kas str\u0101d\u0101 labas n\u0101kotnes lab\u0101. Cita starp\u0101 m\u0113s tik\u0101mies ar PLASMA TEC p\u0113tniec\u012bbas instit\u016bta prezidentu Haraldu Reihlu (Harald Reichl) un p\u0101rrun\u0101j\u0101m turpm\u0101kos m\u016bsu kop\u012bg\u0101s sadarb\u012bbas so\u013cus.<\/p>","protected":false},"author":2,"featured_media":5713,"comment_status":"closed","ping_status":"closed","sticky":false,"template":"","format":"standard","meta":{"footnotes":""},"categories":[11,54],"tags":[],"class_list":["post-5711","post","type-post","status-publish","format-standard","has-post-thumbnail","hentry","category-blog","category-community"],"yoast_head":"<!-- This site is optimized with the Yoast SEO plugin v27.4 - https:\/\/yoast.com\/product\/yoast-seo-wordpress\/ -->\n<title>Great Cooperation: Gradido Akademie International und PLASMA TEC - Gradido<\/title>\n<meta name=\"description\" content=\"Beim Besuch unseres Vereinssitzes in Pustritz in K\u00e4rnten\/\u00d6sterreich erlebten wir eine wunderbare Zeit der Begegnung von interessanten, f\u00fcr eine gute Zukunft wirkenden Menschen. Unter anderem trafen den Pr\u00e4sidenten des PLASMA TEC -Forschungsinstituts, Harald Reichl, und besprachen weitere Schritte unserer gemeinsamen Kooperation.\" \/>\n<meta name=\"robots\" content=\"index, follow, max-snippet:-1, max-image-preview:large, max-video-preview:-1\" \/>\n<link rel=\"canonical\" href=\"https:\/\/gradido.net\/lv\/great-cooperation-gradido-akademie-international-und-plasmatec\/\" \/>\n<meta property=\"og:locale\" content=\"lv_LV\" \/>\n<meta property=\"og:type\" content=\"article\" \/>\n<meta property=\"og:title\" content=\"Great Cooperation: Gradido Akademie International und PLASMA TEC - Gradido\" \/>\n<meta property=\"og:description\" content=\"Beim Besuch unseres Vereinssitzes in Pustritz in K\u00e4rnten\/\u00d6sterreich erlebten wir eine wunderbare Zeit der Begegnung von interessanten, f\u00fcr eine gute Zukunft wirkenden Menschen. Unter anderem trafen den Pr\u00e4sidenten des PLASMA TEC -Forschungsinstituts, Harald Reichl, und besprachen weitere Schritte unserer gemeinsamen Kooperation.\" \/>\n<meta property=\"og:url\" content=\"https:\/\/gradido.net\/lv\/great-cooperation-gradido-akademie-international-und-plasmatec\/\" \/>\n<meta property=\"og:site_name\" content=\"Gradido\" \/>\n<meta property=\"article:published_time\" content=\"2022-10-10T16:52:00+00:00\" \/>\n<meta property=\"article:modified_time\" content=\"2026-04-24T06:13:36+00:00\" \/>\n<meta property=\"og:image\" content=\"https:\/\/gradido.net\/wp-content\/uploads\/2022\/10\/Pustritz_2.jpg\" \/>\n\t<meta property=\"og:image:width\" content=\"1600\" \/>\n\t<meta property=\"og:image:height\" content=\"1000\" \/>\n\t<meta property=\"og:image:type\" content=\"image\/jpeg\" \/>\n<meta name=\"author\" content=\"Bernd H\u00fcckst\u00e4dt\" \/>\n<meta name=\"twitter:card\" content=\"summary_large_image\" \/>\n<meta name=\"twitter:label1\" content=\"Written by\" \/>\n\t<meta name=\"twitter:data1\" content=\"Bernd H\u00fcckst\u00e4dt\" \/>\n\t<meta name=\"twitter:label2\" content=\"Est. reading time\" \/>\n\t<meta name=\"twitter:data2\" content=\"2 min\u016btes\" \/>\n<script type=\"application\/ld+json\" class=\"yoast-schema-graph\">{\"@context\":\"https:\\\/\\\/schema.org\",\"@graph\":[{\"@type\":\"Article\",\"@id\":\"https:\\\/\\\/gradido.net\\\/great-cooperation-gradido-akademie-international-und-plasmatec\\\/#article\",\"isPartOf\":{\"@id\":\"https:\\\/\\\/gradido.net\\\/great-cooperation-gradido-akademie-international-und-plasmatec\\\/\"},\"author\":{\"name\":\"Bernd H\u00fcckst\u00e4dt\",\"@id\":\"https:\\\/\\\/gradido.net\\\/de\\\/#\\\/schema\\\/person\\\/9c503a004ad15a1ddecadce2218db5d1\"},\"headline\":\"Great Cooperation: Gradido Akademie International und PLASMA TEC\",\"datePublished\":\"2022-10-10T16:52:00+00:00\",\"dateModified\":\"2026-04-24T06:13:36+00:00\",\"mainEntityOfPage\":{\"@id\":\"https:\\\/\\\/gradido.net\\\/great-cooperation-gradido-akademie-international-und-plasmatec\\\/\"},\"wordCount\":350,\"publisher\":{\"@id\":\"https:\\\/\\\/gradido.net\\\/de\\\/#organization\"},\"image\":{\"@id\":\"https:\\\/\\\/gradido.net\\\/great-cooperation-gradido-akademie-international-und-plasmatec\\\/#primaryimage\"},\"thumbnailUrl\":\"https:\\\/\\\/gradido.net\\\/wp-content\\\/uploads\\\/2022\\\/10\\\/Pustritz_2.jpg\",\"articleSection\":[\"Blog\",\"Community\"],\"inLanguage\":\"lv-LV\"},{\"@type\":\"WebPage\",\"@id\":\"https:\\\/\\\/gradido.net\\\/great-cooperation-gradido-akademie-international-und-plasmatec\\\/\",\"url\":\"https:\\\/\\\/gradido.net\\\/great-cooperation-gradido-akademie-international-und-plasmatec\\\/\",\"name\":\"Great Cooperation: Gradido Akademie International und PLASMA TEC - Gradido\",\"isPartOf\":{\"@id\":\"https:\\\/\\\/gradido.net\\\/de\\\/#website\"},\"primaryImageOfPage\":{\"@id\":\"https:\\\/\\\/gradido.net\\\/great-cooperation-gradido-akademie-international-und-plasmatec\\\/#primaryimage\"},\"image\":{\"@id\":\"https:\\\/\\\/gradido.net\\\/great-cooperation-gradido-akademie-international-und-plasmatec\\\/#primaryimage\"},\"thumbnailUrl\":\"https:\\\/\\\/gradido.net\\\/wp-content\\\/uploads\\\/2022\\\/10\\\/Pustritz_2.jpg\",\"datePublished\":\"2022-10-10T16:52:00+00:00\",\"dateModified\":\"2026-04-24T06:13:36+00:00\",\"description\":\"Beim Besuch unseres Vereinssitzes in Pustritz in K\u00e4rnten\\\/\u00d6sterreich erlebten wir eine wunderbare Zeit der Begegnung von interessanten, f\u00fcr eine gute Zukunft wirkenden Menschen. Unter anderem trafen den Pr\u00e4sidenten des PLASMA TEC -Forschungsinstituts, Harald Reichl, und besprachen weitere Schritte unserer gemeinsamen Kooperation.\",\"breadcrumb\":{\"@id\":\"https:\\\/\\\/gradido.net\\\/great-cooperation-gradido-akademie-international-und-plasmatec\\\/#breadcrumb\"},\"inLanguage\":\"lv-LV\",\"potentialAction\":[{\"@type\":\"ReadAction\",\"target\":[\"https:\\\/\\\/gradido.net\\\/great-cooperation-gradido-akademie-international-und-plasmatec\\\/\"]}]},{\"@type\":\"ImageObject\",\"inLanguage\":\"lv-LV\",\"@id\":\"https:\\\/\\\/gradido.net\\\/great-cooperation-gradido-akademie-international-und-plasmatec\\\/#primaryimage\",\"url\":\"https:\\\/\\\/gradido.net\\\/wp-content\\\/uploads\\\/2022\\\/10\\\/Pustritz_2.jpg\",\"contentUrl\":\"https:\\\/\\\/gradido.net\\\/wp-content\\\/uploads\\\/2022\\\/10\\\/Pustritz_2.jpg\",\"width\":1600,\"height\":1000},{\"@type\":\"BreadcrumbList\",\"@id\":\"https:\\\/\\\/gradido.net\\\/great-cooperation-gradido-akademie-international-und-plasmatec\\\/#breadcrumb\",\"itemListElement\":[{\"@type\":\"ListItem\",\"position\":1,\"name\":\"Startseite\",\"item\":\"https:\\\/\\\/gradido.net\\\/\"},{\"@type\":\"ListItem\",\"position\":2,\"name\":\"Great Cooperation: Gradido Akademie International und PLASMA TEC\"}]},{\"@type\":\"WebSite\",\"@id\":\"https:\\\/\\\/gradido.net\\\/de\\\/#website\",\"url\":\"https:\\\/\\\/gradido.net\\\/de\\\/\",\"name\":\"Gradido\",\"description\":\"Die neue W\u00e4hrung hei\u00dft Dankbarkeit\",\"publisher\":{\"@id\":\"https:\\\/\\\/gradido.net\\\/de\\\/#organization\"},\"potentialAction\":[{\"@type\":\"SearchAction\",\"target\":{\"@type\":\"EntryPoint\",\"urlTemplate\":\"https:\\\/\\\/gradido.net\\\/de\\\/?s={search_term_string}\"},\"query-input\":{\"@type\":\"PropertyValueSpecification\",\"valueRequired\":true,\"valueName\":\"search_term_string\"}}],\"inLanguage\":\"lv-LV\"},{\"@type\":\"Organization\",\"@id\":\"https:\\\/\\\/gradido.net\\\/de\\\/#organization\",\"name\":\"Gradido\",\"url\":\"https:\\\/\\\/gradido.net\\\/de\\\/\",\"logo\":{\"@type\":\"ImageObject\",\"inLanguage\":\"lv-LV\",\"@id\":\"https:\\\/\\\/gradido.net\\\/de\\\/#\\\/schema\\\/logo\\\/image\\\/\",\"url\":\"https:\\\/\\\/gradido.net\\\/wp-content\\\/uploads\\\/2022\\\/04\\\/gradido-social.jpg\",\"contentUrl\":\"https:\\\/\\\/gradido.net\\\/wp-content\\\/uploads\\\/2022\\\/04\\\/gradido-social.jpg\",\"width\":527,\"height\":273,\"caption\":\"Gradido\"},\"image\":{\"@id\":\"https:\\\/\\\/gradido.net\\\/de\\\/#\\\/schema\\\/logo\\\/image\\\/\"}},{\"@type\":\"Person\",\"@id\":\"https:\\\/\\\/gradido.net\\\/de\\\/#\\\/schema\\\/person\\\/9c503a004ad15a1ddecadce2218db5d1\",\"name\":\"Bernd H\u00fcckst\u00e4dt\",\"sameAs\":[\"https:\\\/\\\/gradido.net\"],\"url\":\"https:\\\/\\\/gradido.net\\\/lv\\\/author\\\/bernd\\\/\"}]}<\/script>\n<!-- \/ Yoast SEO plugin. -->","yoast_head_json":{"title":"Lieliska sadarb\u012bba: Gradido Academy International un PLASMA TEC - Gradido","description":"Apmekl\u0113jot m\u016bsu apvien\u012bbas galveno m\u012btni Pustric\u0101, Karintij\u0101\/Austrij\u0101, m\u0113s piedz\u012bvoj\u0101m br\u012bni\u0161\u0137\u012bgu laiku, tiekoties ar interesantiem cilv\u0113kiem, kas str\u0101d\u0101 labas n\u0101kotnes lab\u0101. Cita starp\u0101 m\u0113s tik\u0101mies ar PLASMA TEC p\u0113tniec\u012bbas instit\u016bta prezidentu Haraldu Reihlu (Harald Reichl) un p\u0101rrun\u0101j\u0101m turpm\u0101kos m\u016bsu kop\u012bg\u0101s sadarb\u012bbas so\u013cus.","robots":{"index":"index","follow":"follow","max-snippet":"max-snippet:-1","max-image-preview":"max-image-preview:large","max-video-preview":"max-video-preview:-1"},"canonical":"https:\/\/gradido.net\/lv\/great-cooperation-gradido-akademie-international-und-plasmatec\/","og_locale":"lv_LV","og_type":"article","og_title":"Great Cooperation: Gradido Akademie International und PLASMA TEC - Gradido","og_description":"Beim Besuch unseres Vereinssitzes in Pustritz in K\u00e4rnten\/\u00d6sterreich erlebten wir eine wunderbare Zeit der Begegnung von interessanten, f\u00fcr eine gute Zukunft wirkenden Menschen. Unter anderem trafen den Pr\u00e4sidenten des PLASMA TEC -Forschungsinstituts, Harald Reichl, und besprachen weitere Schritte unserer gemeinsamen Kooperation.","og_url":"https:\/\/gradido.net\/lv\/great-cooperation-gradido-akademie-international-und-plasmatec\/","og_site_name":"Gradido","article_published_time":"2022-10-10T16:52:00+00:00","article_modified_time":"2026-04-24T06:13:36+00:00","og_image":[{"width":1600,"height":1000,"url":"https:\/\/gradido.net\/wp-content\/uploads\/2022\/10\/Pustritz_2.jpg","type":"image\/jpeg"}],"author":"Bernd H\u00fcckst\u00e4dt","twitter_card":"summary_large_image","twitter_misc":{"Written by":"Bernd H\u00fcckst\u00e4dt","Est. reading time":"2 min\u016btes"},"schema":{"@context":"https:\/\/schema.org","@graph":[{"@type":"Article","@id":"https:\/\/gradido.net\/great-cooperation-gradido-akademie-international-und-plasmatec\/#article","isPartOf":{"@id":"https:\/\/gradido.net\/great-cooperation-gradido-akademie-international-und-plasmatec\/"},"author":{"name":"Bernd H\u00fcckst\u00e4dt","@id":"https:\/\/gradido.net\/de\/#\/schema\/person\/9c503a004ad15a1ddecadce2218db5d1"},"headline":"Great Cooperation: Gradido Akademie International und PLASMA TEC","datePublished":"2022-10-10T16:52:00+00:00","dateModified":"2026-04-24T06:13:36+00:00","mainEntityOfPage":{"@id":"https:\/\/gradido.net\/great-cooperation-gradido-akademie-international-und-plasmatec\/"},"wordCount":350,"publisher":{"@id":"https:\/\/gradido.net\/de\/#organization"},"image":{"@id":"https:\/\/gradido.net\/great-cooperation-gradido-akademie-international-und-plasmatec\/#primaryimage"},"thumbnailUrl":"https:\/\/gradido.net\/wp-content\/uploads\/2022\/10\/Pustritz_2.jpg","articleSection":["Blog","Community"],"inLanguage":"lv-LV"},{"@type":"WebPage","@id":"https:\/\/gradido.net\/great-cooperation-gradido-akademie-international-und-plasmatec\/","url":"https:\/\/gradido.net\/great-cooperation-gradido-akademie-international-und-plasmatec\/","name":"Lieliska sadarb\u012bba: Gradido Academy International un PLASMA TEC - Gradido","isPartOf":{"@id":"https:\/\/gradido.net\/de\/#website"},"primaryImageOfPage":{"@id":"https:\/\/gradido.net\/great-cooperation-gradido-akademie-international-und-plasmatec\/#primaryimage"},"image":{"@id":"https:\/\/gradido.net\/great-cooperation-gradido-akademie-international-und-plasmatec\/#primaryimage"},"thumbnailUrl":"https:\/\/gradido.net\/wp-content\/uploads\/2022\/10\/Pustritz_2.jpg","datePublished":"2022-10-10T16:52:00+00:00","dateModified":"2026-04-24T06:13:36+00:00","description":"Apmekl\u0113jot m\u016bsu apvien\u012bbas galveno m\u012btni Pustric\u0101, Karintij\u0101\/Austrij\u0101, m\u0113s piedz\u012bvoj\u0101m br\u012bni\u0161\u0137\u012bgu laiku, tiekoties ar interesantiem cilv\u0113kiem, kas str\u0101d\u0101 labas n\u0101kotnes lab\u0101. Cita starp\u0101 m\u0113s tik\u0101mies ar PLASMA TEC p\u0113tniec\u012bbas instit\u016bta prezidentu Haraldu Reihlu (Harald Reichl) un p\u0101rrun\u0101j\u0101m turpm\u0101kos m\u016bsu kop\u012bg\u0101s sadarb\u012bbas so\u013cus.","breadcrumb":{"@id":"https:\/\/gradido.net\/great-cooperation-gradido-akademie-international-und-plasmatec\/#breadcrumb"},"inLanguage":"lv-LV","potentialAction":[{"@type":"ReadAction","target":["https:\/\/gradido.net\/great-cooperation-gradido-akademie-international-und-plasmatec\/"]}]},{"@type":"ImageObject","inLanguage":"lv-LV","@id":"https:\/\/gradido.net\/great-cooperation-gradido-akademie-international-und-plasmatec\/#primaryimage","url":"https:\/\/gradido.net\/wp-content\/uploads\/2022\/10\/Pustritz_2.jpg","contentUrl":"https:\/\/gradido.net\/wp-content\/uploads\/2022\/10\/Pustritz_2.jpg","width":1600,"height":1000},{"@type":"BreadcrumbList","@id":"https:\/\/gradido.net\/great-cooperation-gradido-akademie-international-und-plasmatec\/#breadcrumb","itemListElement":[{"@type":"ListItem","position":1,"name":"Startseite","item":"https:\/\/gradido.net\/"},{"@type":"ListItem","position":2,"name":"Great Cooperation: Gradido Akademie International und PLASMA TEC"}]},{"@type":"WebSite","@id":"https:\/\/gradido.net\/de\/#website","url":"https:\/\/gradido.net\/de\/","name":"Gradido","description":"Jaun\u0101 val\u016bta ir pateic\u012bba","publisher":{"@id":"https:\/\/gradido.net\/de\/#organization"},"potentialAction":[{"@type":"SearchAction","target":{"@type":"EntryPoint","urlTemplate":"https:\/\/gradido.net\/de\/?s={search_term_string}"},"query-input":{"@type":"PropertyValueSpecification","valueRequired":true,"valueName":"search_term_string"}}],"inLanguage":"lv-LV"},{"@type":"Organization","@id":"https:\/\/gradido.net\/de\/#organization","name":"Gradido","url":"https:\/\/gradido.net\/de\/","logo":{"@type":"ImageObject","inLanguage":"lv-LV","@id":"https:\/\/gradido.net\/de\/#\/schema\/logo\/image\/","url":"https:\/\/gradido.net\/wp-content\/uploads\/2022\/04\/gradido-social.jpg","contentUrl":"https:\/\/gradido.net\/wp-content\/uploads\/2022\/04\/gradido-social.jpg","width":527,"height":273,"caption":"Gradido"},"image":{"@id":"https:\/\/gradido.net\/de\/#\/schema\/logo\/image\/"}},{"@type":"Person","@id":"https:\/\/gradido.net\/de\/#\/schema\/person\/9c503a004ad15a1ddecadce2218db5d1","name":"Bernd H\u00fcckst\u00e4dt","sameAs":["https:\/\/gradido.net"],"url":"https:\/\/gradido.net\/lv\/author\/bernd\/"}]}},"_links":{"self":[{"href":"https:\/\/gradido.net\/lv\/wp-json\/wp\/v2\/posts\/5711","targetHints":{"allow":["GET"]}}],"collection":[{"href":"https:\/\/gradido.net\/lv\/wp-json\/wp\/v2\/posts"}],"about":[{"href":"https:\/\/gradido.net\/lv\/wp-json\/wp\/v2\/types\/post"}],"author":[{"embeddable":true,"href":"https:\/\/gradido.net\/lv\/wp-json\/wp\/v2\/users\/2"}],"replies":[{"embeddable":true,"href":"https:\/\/gradido.net\/lv\/wp-json\/wp\/v2\/comments?post=5711"}],"version-history":[{"count":50,"href":"https:\/\/gradido.net\/lv\/wp-json\/wp\/v2\/posts\/5711\/revisions"}],"predecessor-version":[{"id":6609,"href":"https:\/\/gradido.net\/lv\/wp-json\/wp\/v2\/posts\/5711\/revisions\/6609"}],"wp:featuredmedia":[{"embeddable":true,"href":"https:\/\/gradido.net\/lv\/wp-json\/wp\/v2\/media\/5713"}],"wp:attachment":[{"href":"https:\/\/gradido.net\/lv\/wp-json\/wp\/v2\/media?parent=5711"}],"wp:term":[{"taxonomy":"category","embeddable":true,"href":"https:\/\/gradido.net\/lv\/wp-json\/wp\/v2\/categories?post=5711"},{"taxonomy":"post_tag","embeddable":true,"href":"https:\/\/gradido.net\/lv\/wp-json\/wp\/v2\/tags?post=5711"}],"curies":[{"name":"wp","href":"https:\/\/api.w.org\/{rel}","templated":true}]}}