{"id":5918,"date":"2022-11-19T09:00:52","date_gmt":"2022-11-19T08:00:52","guid":{"rendered":"https:\/\/gradido.net\/?p=5918"},"modified":"2022-11-19T19:10:59","modified_gmt":"2022-11-19T18:10:59","slug":"episode-44","status":"publish","type":"post","link":"https:\/\/gradido.net\/lv\/episode-44\/","title":{"rendered":"Lieliska sadarb\u012bba: Village Forge - Savienojumu stiprin\u0101\u0161ana - ekonomisk\u0101 un soci\u0101l\u0101 joma"},"content":{"rendered":"<div data-elementor-type=\"wp-post\" data-elementor-id=\"5918\" class=\"elementor elementor-5918\" data-elementor-post-type=\"post\">\n\t\t\t\t\t\t<section class=\"elementor-section elementor-top-section elementor-element elementor-element-496e1d53 elementor-section-boxed elementor-section-height-default elementor-section-height-default\" data-id=\"496e1d53\" data-element_type=\"section\" data-e-type=\"section\">\n\t\t\t\t\t\t<div class=\"elementor-container elementor-column-gap-default\">\n\t\t\t\t\t<div class=\"elementor-column elementor-col-100 elementor-top-column elementor-element elementor-element-461d7be0\" data-id=\"461d7be0\" data-element_type=\"column\" data-e-type=\"column\">\n\t\t\t<div class=\"elementor-widget-wrap elementor-element-populated\">\n\t\t\t\t\t\t<div class=\"elementor-element elementor-element-cd9ebe2 elementor-widget elementor-widget-text-editor\" data-id=\"cd9ebe2\" data-element_type=\"widget\" data-e-type=\"widget\" data-widget_type=\"text-editor.default\">\n\t\t\t\t<div class=\"elementor-widget-container\">\n\t\t\t\t\t\t\t\t\t<h2>Viesis: Theresa Mai<\/h2>\t\t\t\t\t\t\t\t<\/div>\n\t\t\t\t<\/div>\n\t\t\t\t\t<\/div>\n\t\t<\/div>\n\t\t\t\t\t<\/div>\n\t\t<\/section>\n\t\t\t\t<section class=\"elementor-section elementor-top-section elementor-element elementor-element-2f93e3c3 elementor-section-boxed elementor-section-height-default elementor-section-height-default\" data-id=\"2f93e3c3\" data-element_type=\"section\" data-e-type=\"section\">\n\t\t\t\t\t\t<div class=\"elementor-container elementor-column-gap-default\">\n\t\t\t\t\t<div class=\"elementor-column elementor-col-100 elementor-top-column elementor-element elementor-element-5a9dfd19\" data-id=\"5a9dfd19\" data-element_type=\"column\" data-e-type=\"column\">\n\t\t\t<div class=\"elementor-widget-wrap elementor-element-populated\">\n\t\t\t\t\t\t<div class=\"elementor-element elementor-element-9cdb6b8 elementor-widget elementor-widget-html\" data-id=\"9cdb6b8\" data-element_type=\"widget\" data-e-type=\"widget\" data-widget_type=\"html.default\">\n\t\t\t\t<div class=\"elementor-widget-container\">\n\t\t\t\t\t<script class=\"podigee-podcast-player\" src=\"https:\/\/player.podigee-cdn.net\/podcast-player\/javascripts\/podigee-podcast-player.js\" data-configuration=\"https:\/\/gradido.podigee.io\/44-neue-episode\/embed?context=external&token=IgjMidx1UEkZPhwaFb3GzA\"><\/script>\t\t\t\t<\/div>\n\t\t\t\t<\/div>\n\t\t\t\t\t<\/div>\n\t\t<\/div>\n\t\t\t\t\t<\/div>\n\t\t<\/section>\n\t\t\t\t<section class=\"elementor-section elementor-top-section elementor-element elementor-element-585c640 elementor-section-boxed elementor-section-height-default elementor-section-height-default\" data-id=\"585c640\" data-element_type=\"section\" data-e-type=\"section\">\n\t\t\t\t\t\t<div class=\"elementor-container elementor-column-gap-default\">\n\t\t\t\t\t<div class=\"elementor-column elementor-col-50 elementor-top-column elementor-element elementor-element-13c250b\" data-id=\"13c250b\" data-element_type=\"column\" data-e-type=\"column\">\n\t\t\t<div class=\"elementor-widget-wrap elementor-element-populated\">\n\t\t\t\t\t\t<div class=\"elementor-element elementor-element-0561949 elementor-widget elementor-widget-text-editor\" data-id=\"0561949\" data-element_type=\"widget\" data-e-type=\"widget\" data-widget_type=\"text-editor.default\">\n\t\t\t\t<div class=\"elementor-widget-container\">\n\t\t\t\t\t\t\t\t\t<p>T\u0101ds ir Dorf\u0161m\u012bdes dev\u012bze, kuras m\u0113r\u0137is ir izveidot dz\u012bvojamos ciematus, kas nodro\u0161ina stabilu, pa\u0161pietiekamu t\u012bklu, kur\u0101 m\u0113s dz\u012bvojam un str\u0101d\u0101jam. Lai apzin\u0101ti ekonomiski un soci\u0101li atbalst\u012btu t\u012bklus, kas darbojas un pietauvojas pie t\u0101s, Dorf\u0161m\u012bdas asoci\u0101cija, pirmk\u0101rt un galvenok\u0101rt, kop\u0101 ar Theresa Mai, Wohnwagon un Dorf\u0161m\u012bdas l\u012bdzdibin\u0101t\u0101ju un izpilddirektori, un Michael Kreuzer, G\u016bten\u0161teinas pa\u0161vald\u012bbas m\u0113ru, kas ar\u012b akt\u012bvi darbojas Dorf\u0161m\u012bdas vald\u0113.<\/p><p>Ar \"Dorfschmiede\" aug pilotprojekts, kur\u0101 Ter\u0113za un Mihaels to, ko vi\u0146i dara, raksturo k\u0101 eksperimentu un m\u0101c\u012bbu lauku, kas tiek saprasts ar\u012b k\u0101 iedvesma citiem projektiem. Ekskursiju un semin\u0101ru ietvaros vi\u0146i dal\u0101s sav\u0101 pieredz\u0113 un t\u0101d\u0113j\u0101di atvieglo citiem doties vi\u0146u ce\u013c\u0101. T\u0101 ir liela ideja, ko vi\u0146i soli pa solim v\u0113las p\u0101rv\u0113rst realit\u0101t\u0113.<\/p><p>Starp daudzajiem projektiem, ko vi\u0146i jau \u012bsteno G\u016bten\u0161teinas kopien\u0101 net\u0101lu no V\u012bnes, skaistaj\u0101 Lejasaustrij\u0101, ir ar\u012b daudz Gradido satura. Joahims Brand\u0161teters uzaicin\u0101ja Ter\u0113zu un Berndu uz interviju, kur\u0101 vi\u0146i run\u0101s par t\u0113mu \"kopiena\" un \"tr\u012bsk\u0101r\u0161ais labums\" un v\u0113las izveidot turpm\u0101kus kontaktpunktus, lai var\u0113tu spert n\u0101kamos so\u013cus ar \"pateic\u012bbas val\u016btu\" k\u0101 izm\u0113\u0123in\u0101juma projektu.<\/p><p>Esiet zi\u0146k\u0101r\u012bgi dzird\u0113t, ko st\u0101sta Ter\u0113za, Bernds un Joahims!<\/p><p><br \/>Pla\u0161\u0101ka inform\u0101cija par ciemata kalvi:<strong><br \/><\/strong><a href=\"https:\/\/www.dorfschmiede.net\/\">https:\/\/www.dorfschmiede.net\/<\/a><br \/><br \/><\/p><p>Wohnwagon ar dibin\u0101t\u0101ju Teresu<strong><em><br \/><\/em><\/strong><a href=\"https:\/\/wohnwagon.at\/\">https:\/\/wohnwagon.at\/<\/a><br \/><br \/><\/p><p>G\u016bten\u0161teinas pa\u0161vald\u012bba<strong><em><br \/><\/em><\/strong><a href=\"https:\/\/www.gutenstein.at\/\">https:\/\/www.gutenstein.at\/<\/a><br \/><br \/><\/p><p>Potenci\u0101la att\u012bst\u012b\u0161ana saist\u012bb\u0101 ar \"tr\u012bsk\u0101r\u0161o labumu\" kop\u0101 ar Joahimu<strong><em><br \/><\/em><\/strong><a href=\"https:\/\/www.ausdruckinsog.jetzt\/\">https:\/\/www.ausdruckinsog.jetzt\/<\/a> | <a href=\"https:\/\/t.me\/LIFEvibote\">https:\/\/t.me\/LIFEvibote<\/a><br \/><br \/><\/p><p>Telegram kan\u0101ls Gradido<strong><em><br \/><\/em><\/strong><a href=\"https:\/\/t.me\/Gradido\">https:\/\/t.me\/Gradido<\/a><br \/><br \/><\/p><p>Telegrammas kan\u0101ls Gradido Potenci\u0101ls att\u012bst\u012bba<strong><em><br \/><\/em><\/strong><a href=\"https:\/\/t.me\/gradidopotenzialentfaltung\">https:\/\/t.me\/gradidopotenzialentfaltung<\/a><\/p>\t\t\t\t\t\t\t\t<\/div>\n\t\t\t\t<\/div>\n\t\t\t\t\t<\/div>\n\t\t<\/div>\n\t\t\t\t<div class=\"elementor-column elementor-col-50 elementor-top-column elementor-element elementor-element-e0d795e\" data-id=\"e0d795e\" data-element_type=\"column\" data-e-type=\"column\">\n\t\t\t<div class=\"elementor-widget-wrap elementor-element-populated\">\n\t\t\t\t\t\t<div class=\"elementor-element elementor-element-8c61bad elementor-widget elementor-widget-image\" data-id=\"8c61bad\" data-element_type=\"widget\" data-e-type=\"widget\" data-widget_type=\"image.default\">\n\t\t\t\t<div class=\"elementor-widget-container\">\n\t\t\t\t\t\t\t\t\t\t\t\t\t\t\t<img fetchpriority=\"high\" decoding=\"async\" width=\"800\" height=\"800\" src=\"https:\/\/gradido.net\/wp-content\/uploads\/2022\/11\/gradido_podcast_mai-1024x1024.jpg\" class=\"attachment-large size-large wp-image-5915\" alt=\"\" srcset=\"https:\/\/gradido.net\/wp-content\/uploads\/2022\/11\/gradido_podcast_mai-1024x1024.jpg 1024w, https:\/\/gradido.net\/wp-content\/uploads\/2022\/11\/gradido_podcast_mai-300x300.jpg 300w, https:\/\/gradido.net\/wp-content\/uploads\/2022\/11\/gradido_podcast_mai-150x150.jpg 150w, https:\/\/gradido.net\/wp-content\/uploads\/2022\/11\/gradido_podcast_mai-768x768.jpg 768w, https:\/\/gradido.net\/wp-content\/uploads\/2022\/11\/gradido_podcast_mai-12x12.jpg 12w, https:\/\/gradido.net\/wp-content\/uploads\/2022\/11\/gradido_podcast_mai.jpg 1400w\" sizes=\"(max-width: 800px) 100vw, 800px\" \/>\t\t\t\t\t\t\t\t\t\t\t\t\t\t\t<\/div>\n\t\t\t\t<\/div>\n\t\t\t\t<div class=\"elementor-element elementor-element-ceab137 elementor-widget elementor-widget-text-editor\" data-id=\"ceab137\" data-element_type=\"widget\" data-e-type=\"widget\" data-widget_type=\"text-editor.default\">\n\t\t\t\t<div class=\"elementor-widget-container\">\n\t\t\t\t\t\t\t\t\t<p><a href=\"https:\/\/youtu.be\/657Vq_h9ZKI\" target=\"_blank\" rel=\"noopener\">Klausieties vietn\u0113 YouTube<\/a><\/p>\t\t\t\t\t\t\t\t<\/div>\n\t\t\t\t<\/div>\n\t\t\t\t\t<\/div>\n\t\t<\/div>\n\t\t\t\t\t<\/div>\n\t\t<\/section>\n\t\t\t\t<section class=\"elementor-section elementor-top-section elementor-element elementor-element-d051609 elementor-section-boxed elementor-section-height-default elementor-section-height-default\" data-id=\"d051609\" data-element_type=\"section\" data-e-type=\"section\">\n\t\t\t\t\t\t<div class=\"elementor-container elementor-column-gap-default\">\n\t\t\t\t\t<div class=\"elementor-column elementor-col-100 elementor-top-column elementor-element elementor-element-13cc168\" data-id=\"13cc168\" data-element_type=\"column\" data-e-type=\"column\">\n\t\t\t<div class=\"elementor-widget-wrap elementor-element-populated\">\n\t\t\t\t\t\t<div class=\"elementor-element elementor-element-b43b3ee elementor-widget elementor-widget-heading\" data-id=\"b43b3ee\" data-element_type=\"widget\" data-e-type=\"widget\" data-widget_type=\"heading.default\">\n\t\t\t\t<div class=\"elementor-widget-container\">\n\t\t\t\t\t<h2 class=\"elementor-heading-title elementor-size-default\">Transkripcija (autom\u0101tiski tulkots)<\/h2>\t\t\t\t<\/div>\n\t\t\t\t<\/div>\n\t\t\t\t\t<\/div>\n\t\t<\/div>\n\t\t\t\t\t<\/div>\n\t\t<\/section>\n\t\t\t\t<section class=\"elementor-section elementor-top-section elementor-element elementor-element-474427c elementor-section-boxed elementor-section-height-default elementor-section-height-default\" data-id=\"474427c\" data-element_type=\"section\" data-e-type=\"section\">\n\t\t\t\t\t\t<div class=\"elementor-container elementor-column-gap-default\">\n\t\t\t\t\t<div class=\"elementor-column elementor-col-100 elementor-top-column elementor-element elementor-element-6041f12\" data-id=\"6041f12\" data-element_type=\"column\" data-e-type=\"column\">\n\t\t\t<div class=\"elementor-widget-wrap elementor-element-populated\">\n\t\t\t\t\t\t\t<\/div>\n\t\t<\/div>\n\t\t\t\t\t<\/div>\n\t\t<\/section>\n\t\t\t\t<\/div>","protected":false},"excerpt":{"rendered":"<p>Verbindungen st\u00e4rken, wirtschaftlich &#038; sozial. So lautet das Motto der Dorfschmiede, wo es darum geht, lebendige D\u00f6rfer zu schaffen, die ein stabiles, autarkes Netz, in dem wir leben und wirken, erm\u00f6glichen. [37:45]<\/p>\n","protected":false},"author":12,"featured_media":5916,"comment_status":"closed","ping_status":"closed","sticky":false,"template":"","format":"standard","meta":{"footnotes":""},"categories":[19],"tags":[16],"class_list":["post-5918","post","type-post","status-publish","format-standard","has-post-thumbnail","hentry","category-podcast","tag-grundeinkommen"],"yoast_head":"<!-- This site is optimized with the Yoast SEO plugin v27.5 - https:\/\/yoast.com\/product\/yoast-seo-wordpress\/ -->\n<title>Great Cooperation: die Dorfschmiede \u2013 Verbindungen st\u00e4rken - wirtschaftlich &amp; sozial - Gradido<\/title>\n<meta name=\"description\" content=\"Verbindungen st\u00e4rken, wirtschaftlich &amp; sozial. So lautet das Motto der Dorfschmiede, wo es darum geht, lebendige D\u00f6rfer zu schaffen, die ein stabiles, autarkes Netz, in dem wir leben und wirken, erm\u00f6glichen.\" \/>\n<meta name=\"robots\" content=\"index, follow, max-snippet:-1, max-image-preview:large, max-video-preview:-1\" \/>\n<link rel=\"canonical\" href=\"https:\/\/gradido.net\/lv\/episode-44\/\" \/>\n<meta property=\"og:locale\" content=\"lv_LV\" \/>\n<meta property=\"og:type\" content=\"article\" \/>\n<meta property=\"og:title\" content=\"Great Cooperation: die Dorfschmiede \u2013 Verbindungen st\u00e4rken - wirtschaftlich &amp; sozial - Gradido\" \/>\n<meta property=\"og:description\" content=\"Verbindungen st\u00e4rken, wirtschaftlich &amp; sozial. So lautet das Motto der Dorfschmiede, wo es darum geht, lebendige D\u00f6rfer zu schaffen, die ein stabiles, autarkes Netz, in dem wir leben und wirken, erm\u00f6glichen.\" \/>\n<meta property=\"og:url\" content=\"https:\/\/gradido.net\/lv\/episode-44\/\" \/>\n<meta property=\"og:site_name\" content=\"Gradido\" \/>\n<meta property=\"article:published_time\" content=\"2022-11-19T08:00:52+00:00\" \/>\n<meta property=\"article:modified_time\" content=\"2022-11-19T18:10:59+00:00\" \/>\n<meta property=\"og:image\" content=\"https:\/\/gradido.net\/wp-content\/uploads\/2022\/11\/podcast_www_mai.jpg\" \/>\n\t<meta property=\"og:image:width\" content=\"700\" \/>\n\t<meta property=\"og:image:height\" content=\"475\" \/>\n\t<meta property=\"og:image:type\" content=\"image\/jpeg\" \/>\n<meta name=\"author\" content=\"Philipp Kessler\" \/>\n<meta name=\"twitter:card\" content=\"summary_large_image\" \/>\n<meta name=\"twitter:label1\" content=\"Written by\" \/>\n\t<meta name=\"twitter:data1\" content=\"Philipp Kessler\" \/>\n\t<meta name=\"twitter:label2\" content=\"Est. reading time\" \/>\n\t<meta name=\"twitter:data2\" content=\"2 min\u016btes\" \/>\n<script type=\"application\/ld+json\" class=\"yoast-schema-graph\">{\"@context\":\"https:\\\/\\\/schema.org\",\"@graph\":[{\"@type\":\"Article\",\"@id\":\"https:\\\/\\\/gradido.net\\\/et\\\/episode-44\\\/#article\",\"isPartOf\":{\"@id\":\"https:\\\/\\\/gradido.net\\\/et\\\/episode-44\\\/\"},\"author\":{\"name\":\"Philipp Kessler\",\"@id\":\"https:\\\/\\\/gradido.net\\\/de\\\/#\\\/schema\\\/person\\\/f57399104ec77f2a2d5a68f479b0492f\"},\"headline\":\"Great Cooperation: die Dorfschmiede \u2013 Verbindungen st\u00e4rken &#8211; wirtschaftlich &#038; sozial\",\"datePublished\":\"2022-11-19T08:00:52+00:00\",\"dateModified\":\"2022-11-19T18:10:59+00:00\",\"mainEntityOfPage\":{\"@id\":\"https:\\\/\\\/gradido.net\\\/et\\\/episode-44\\\/\"},\"wordCount\":309,\"publisher\":{\"@id\":\"https:\\\/\\\/gradido.net\\\/de\\\/#organization\"},\"image\":{\"@id\":\"https:\\\/\\\/gradido.net\\\/et\\\/episode-44\\\/#primaryimage\"},\"thumbnailUrl\":\"https:\\\/\\\/gradido.net\\\/wp-content\\\/uploads\\\/2022\\\/11\\\/podcast_www_mai.jpg\",\"keywords\":[\"Grundeinkommen\"],\"articleSection\":[\"Podcast\"],\"inLanguage\":\"lv-LV\"},{\"@type\":\"WebPage\",\"@id\":\"https:\\\/\\\/gradido.net\\\/et\\\/episode-44\\\/\",\"url\":\"https:\\\/\\\/gradido.net\\\/et\\\/episode-44\\\/\",\"name\":\"Great Cooperation: die Dorfschmiede \u2013 Verbindungen st\u00e4rken - wirtschaftlich & sozial - Gradido\",\"isPartOf\":{\"@id\":\"https:\\\/\\\/gradido.net\\\/de\\\/#website\"},\"primaryImageOfPage\":{\"@id\":\"https:\\\/\\\/gradido.net\\\/et\\\/episode-44\\\/#primaryimage\"},\"image\":{\"@id\":\"https:\\\/\\\/gradido.net\\\/et\\\/episode-44\\\/#primaryimage\"},\"thumbnailUrl\":\"https:\\\/\\\/gradido.net\\\/wp-content\\\/uploads\\\/2022\\\/11\\\/podcast_www_mai.jpg\",\"datePublished\":\"2022-11-19T08:00:52+00:00\",\"dateModified\":\"2022-11-19T18:10:59+00:00\",\"description\":\"Verbindungen st\u00e4rken, wirtschaftlich & sozial. So lautet das Motto der Dorfschmiede, wo es darum geht, lebendige D\u00f6rfer zu schaffen, die ein stabiles, autarkes Netz, in dem wir leben und wirken, erm\u00f6glichen.\",\"breadcrumb\":{\"@id\":\"https:\\\/\\\/gradido.net\\\/et\\\/episode-44\\\/#breadcrumb\"},\"inLanguage\":\"lv-LV\",\"potentialAction\":[{\"@type\":\"ReadAction\",\"target\":[\"https:\\\/\\\/gradido.net\\\/et\\\/episode-44\\\/\"]}]},{\"@type\":\"ImageObject\",\"inLanguage\":\"lv-LV\",\"@id\":\"https:\\\/\\\/gradido.net\\\/et\\\/episode-44\\\/#primaryimage\",\"url\":\"https:\\\/\\\/gradido.net\\\/wp-content\\\/uploads\\\/2022\\\/11\\\/podcast_www_mai.jpg\",\"contentUrl\":\"https:\\\/\\\/gradido.net\\\/wp-content\\\/uploads\\\/2022\\\/11\\\/podcast_www_mai.jpg\",\"width\":700,\"height\":475},{\"@type\":\"BreadcrumbList\",\"@id\":\"https:\\\/\\\/gradido.net\\\/et\\\/episode-44\\\/#breadcrumb\",\"itemListElement\":[{\"@type\":\"ListItem\",\"position\":1,\"name\":\"Startseite\",\"item\":\"https:\\\/\\\/gradido.net\\\/\"},{\"@type\":\"ListItem\",\"position\":2,\"name\":\"Great Cooperation: die Dorfschmiede \u2013 Verbindungen st\u00e4rken &#8211; wirtschaftlich &#038; sozial\"}]},{\"@type\":\"WebSite\",\"@id\":\"https:\\\/\\\/gradido.net\\\/de\\\/#website\",\"url\":\"https:\\\/\\\/gradido.net\\\/de\\\/\",\"name\":\"Gradido\",\"description\":\"Die neue W\u00e4hrung hei\u00dft Dankbarkeit\",\"publisher\":{\"@id\":\"https:\\\/\\\/gradido.net\\\/de\\\/#organization\"},\"potentialAction\":[{\"@type\":\"SearchAction\",\"target\":{\"@type\":\"EntryPoint\",\"urlTemplate\":\"https:\\\/\\\/gradido.net\\\/de\\\/?s={search_term_string}\"},\"query-input\":{\"@type\":\"PropertyValueSpecification\",\"valueRequired\":true,\"valueName\":\"search_term_string\"}}],\"inLanguage\":\"lv-LV\"},{\"@type\":\"Organization\",\"@id\":\"https:\\\/\\\/gradido.net\\\/de\\\/#organization\",\"name\":\"Gradido\",\"url\":\"https:\\\/\\\/gradido.net\\\/de\\\/\",\"logo\":{\"@type\":\"ImageObject\",\"inLanguage\":\"lv-LV\",\"@id\":\"https:\\\/\\\/gradido.net\\\/de\\\/#\\\/schema\\\/logo\\\/image\\\/\",\"url\":\"https:\\\/\\\/gradido.net\\\/wp-content\\\/uploads\\\/2022\\\/04\\\/gradido-social.jpg\",\"contentUrl\":\"https:\\\/\\\/gradido.net\\\/wp-content\\\/uploads\\\/2022\\\/04\\\/gradido-social.jpg\",\"width\":527,\"height\":273,\"caption\":\"Gradido\"},\"image\":{\"@id\":\"https:\\\/\\\/gradido.net\\\/de\\\/#\\\/schema\\\/logo\\\/image\\\/\"}},{\"@type\":\"Person\",\"@id\":\"https:\\\/\\\/gradido.net\\\/de\\\/#\\\/schema\\\/person\\\/f57399104ec77f2a2d5a68f479b0492f\",\"name\":\"Philipp Kessler\",\"url\":\"https:\\\/\\\/gradido.net\\\/lv\\\/author\\\/philipp\\\/\"}]}<\/script>\n<!-- \/ Yoast SEO plugin. -->","yoast_head_json":{"title":"Lieliska sadarb\u012bba: ciema kalve - Savienojumu stiprin\u0101\u0161ana - Ekonomisk\u0101 un soci\u0101l\u0101 - Gradido","description":"ekonomiski un soci\u0101li stiprin\u0101t saiknes. T\u0101ds ir Dorf\u0161m\u012bdes dev\u012bze, kuras m\u0113r\u0137is ir rad\u012bt dinamiskus ciemus, kas nodro\u0161ina stabilu, pa\u0161pietiekamu t\u012bklu, kur\u0101 m\u0113s dz\u012bvojam un str\u0101d\u0101jam.","robots":{"index":"index","follow":"follow","max-snippet":"max-snippet:-1","max-image-preview":"max-image-preview:large","max-video-preview":"max-video-preview:-1"},"canonical":"https:\/\/gradido.net\/lv\/episode-44\/","og_locale":"lv_LV","og_type":"article","og_title":"Great Cooperation: die Dorfschmiede \u2013 Verbindungen st\u00e4rken - wirtschaftlich & sozial - Gradido","og_description":"Verbindungen st\u00e4rken, wirtschaftlich & sozial. So lautet das Motto der Dorfschmiede, wo es darum geht, lebendige D\u00f6rfer zu schaffen, die ein stabiles, autarkes Netz, in dem wir leben und wirken, erm\u00f6glichen.","og_url":"https:\/\/gradido.net\/lv\/episode-44\/","og_site_name":"Gradido","article_published_time":"2022-11-19T08:00:52+00:00","article_modified_time":"2022-11-19T18:10:59+00:00","og_image":[{"width":700,"height":475,"url":"https:\/\/gradido.net\/wp-content\/uploads\/2022\/11\/podcast_www_mai.jpg","type":"image\/jpeg"}],"author":"Philipp Kessler","twitter_card":"summary_large_image","twitter_misc":{"Written by":"Philipp Kessler","Est. reading time":"2 min\u016btes"},"schema":{"@context":"https:\/\/schema.org","@graph":[{"@type":"Article","@id":"https:\/\/gradido.net\/et\/episode-44\/#article","isPartOf":{"@id":"https:\/\/gradido.net\/et\/episode-44\/"},"author":{"name":"Philipp Kessler","@id":"https:\/\/gradido.net\/de\/#\/schema\/person\/f57399104ec77f2a2d5a68f479b0492f"},"headline":"Great Cooperation: die Dorfschmiede \u2013 Verbindungen st\u00e4rken &#8211; wirtschaftlich &#038; sozial","datePublished":"2022-11-19T08:00:52+00:00","dateModified":"2022-11-19T18:10:59+00:00","mainEntityOfPage":{"@id":"https:\/\/gradido.net\/et\/episode-44\/"},"wordCount":309,"publisher":{"@id":"https:\/\/gradido.net\/de\/#organization"},"image":{"@id":"https:\/\/gradido.net\/et\/episode-44\/#primaryimage"},"thumbnailUrl":"https:\/\/gradido.net\/wp-content\/uploads\/2022\/11\/podcast_www_mai.jpg","keywords":["Grundeinkommen"],"articleSection":["Podcast"],"inLanguage":"lv-LV"},{"@type":"WebPage","@id":"https:\/\/gradido.net\/et\/episode-44\/","url":"https:\/\/gradido.net\/et\/episode-44\/","name":"Lieliska sadarb\u012bba: ciema kalve - Savienojumu stiprin\u0101\u0161ana - Ekonomisk\u0101 un soci\u0101l\u0101 - Gradido","isPartOf":{"@id":"https:\/\/gradido.net\/de\/#website"},"primaryImageOfPage":{"@id":"https:\/\/gradido.net\/et\/episode-44\/#primaryimage"},"image":{"@id":"https:\/\/gradido.net\/et\/episode-44\/#primaryimage"},"thumbnailUrl":"https:\/\/gradido.net\/wp-content\/uploads\/2022\/11\/podcast_www_mai.jpg","datePublished":"2022-11-19T08:00:52+00:00","dateModified":"2022-11-19T18:10:59+00:00","description":"ekonomiski un soci\u0101li stiprin\u0101t saiknes. T\u0101ds ir Dorf\u0161m\u012bdes dev\u012bze, kuras m\u0113r\u0137is ir rad\u012bt dinamiskus ciemus, kas nodro\u0161ina stabilu, pa\u0161pietiekamu t\u012bklu, kur\u0101 m\u0113s dz\u012bvojam un str\u0101d\u0101jam.","breadcrumb":{"@id":"https:\/\/gradido.net\/et\/episode-44\/#breadcrumb"},"inLanguage":"lv-LV","potentialAction":[{"@type":"ReadAction","target":["https:\/\/gradido.net\/et\/episode-44\/"]}]},{"@type":"ImageObject","inLanguage":"lv-LV","@id":"https:\/\/gradido.net\/et\/episode-44\/#primaryimage","url":"https:\/\/gradido.net\/wp-content\/uploads\/2022\/11\/podcast_www_mai.jpg","contentUrl":"https:\/\/gradido.net\/wp-content\/uploads\/2022\/11\/podcast_www_mai.jpg","width":700,"height":475},{"@type":"BreadcrumbList","@id":"https:\/\/gradido.net\/et\/episode-44\/#breadcrumb","itemListElement":[{"@type":"ListItem","position":1,"name":"Startseite","item":"https:\/\/gradido.net\/"},{"@type":"ListItem","position":2,"name":"Great Cooperation: die Dorfschmiede \u2013 Verbindungen st\u00e4rken &#8211; wirtschaftlich &#038; sozial"}]},{"@type":"WebSite","@id":"https:\/\/gradido.net\/de\/#website","url":"https:\/\/gradido.net\/de\/","name":"Gradido","description":"Jaun\u0101 val\u016bta ir pateic\u012bba","publisher":{"@id":"https:\/\/gradido.net\/de\/#organization"},"potentialAction":[{"@type":"SearchAction","target":{"@type":"EntryPoint","urlTemplate":"https:\/\/gradido.net\/de\/?s={search_term_string}"},"query-input":{"@type":"PropertyValueSpecification","valueRequired":true,"valueName":"search_term_string"}}],"inLanguage":"lv-LV"},{"@type":"Organization","@id":"https:\/\/gradido.net\/de\/#organization","name":"Gradido","url":"https:\/\/gradido.net\/de\/","logo":{"@type":"ImageObject","inLanguage":"lv-LV","@id":"https:\/\/gradido.net\/de\/#\/schema\/logo\/image\/","url":"https:\/\/gradido.net\/wp-content\/uploads\/2022\/04\/gradido-social.jpg","contentUrl":"https:\/\/gradido.net\/wp-content\/uploads\/2022\/04\/gradido-social.jpg","width":527,"height":273,"caption":"Gradido"},"image":{"@id":"https:\/\/gradido.net\/de\/#\/schema\/logo\/image\/"}},{"@type":"Person","@id":"https:\/\/gradido.net\/de\/#\/schema\/person\/f57399104ec77f2a2d5a68f479b0492f","name":"Filips Keslers","url":"https:\/\/gradido.net\/lv\/author\/philipp\/"}]}},"_links":{"self":[{"href":"https:\/\/gradido.net\/lv\/wp-json\/wp\/v2\/posts\/5918","targetHints":{"allow":["GET"]}}],"collection":[{"href":"https:\/\/gradido.net\/lv\/wp-json\/wp\/v2\/posts"}],"about":[{"href":"https:\/\/gradido.net\/lv\/wp-json\/wp\/v2\/types\/post"}],"author":[{"embeddable":true,"href":"https:\/\/gradido.net\/lv\/wp-json\/wp\/v2\/users\/12"}],"replies":[{"embeddable":true,"href":"https:\/\/gradido.net\/lv\/wp-json\/wp\/v2\/comments?post=5918"}],"version-history":[{"count":11,"href":"https:\/\/gradido.net\/lv\/wp-json\/wp\/v2\/posts\/5918\/revisions"}],"predecessor-version":[{"id":5933,"href":"https:\/\/gradido.net\/lv\/wp-json\/wp\/v2\/posts\/5918\/revisions\/5933"}],"wp:featuredmedia":[{"embeddable":true,"href":"https:\/\/gradido.net\/lv\/wp-json\/wp\/v2\/media\/5916"}],"wp:attachment":[{"href":"https:\/\/gradido.net\/lv\/wp-json\/wp\/v2\/media?parent=5918"}],"wp:term":[{"taxonomy":"category","embeddable":true,"href":"https:\/\/gradido.net\/lv\/wp-json\/wp\/v2\/categories?post=5918"},{"taxonomy":"post_tag","embeddable":true,"href":"https:\/\/gradido.net\/lv\/wp-json\/wp\/v2\/tags?post=5918"}],"curies":[{"name":"wp","href":"https:\/\/api.w.org\/{rel}","templated":true}]}}