{"id":6017,"date":"2023-01-01T00:17:31","date_gmt":"2022-12-31T23:17:31","guid":{"rendered":"https:\/\/gradido.net\/?p=6017"},"modified":"2026-04-24T08:09:27","modified_gmt":"2026-04-24T06:09:27","slug":"gradido-konto-2023-neues-design-und-dezentrale-communities","status":"publish","type":"post","link":"https:\/\/gradido.net\/lv\/gradido-konto-2023-neues-design-und-dezentrale-communities\/","title":{"rendered":"Gradido konts 2023: jauns dizains un decentraliz\u0113tas kopienas"},"content":{"rendered":"<div data-elementor-type=\"wp-post\" data-elementor-id=\"6017\" class=\"elementor elementor-6017\" data-elementor-post-type=\"post\">\n\t\t\t\t\t\t<section class=\"elementor-section elementor-top-section elementor-element elementor-element-496e1d53 elementor-section-boxed elementor-section-height-default elementor-section-height-default\" data-id=\"496e1d53\" data-element_type=\"section\" data-e-type=\"section\">\n\t\t\t\t\t\t<div class=\"elementor-container elementor-column-gap-default\">\n\t\t\t\t\t<div class=\"elementor-column elementor-col-100 elementor-top-column elementor-element elementor-element-461d7be0\" data-id=\"461d7be0\" data-element_type=\"column\" data-e-type=\"column\">\n\t\t\t<div class=\"elementor-widget-wrap elementor-element-populated\">\n\t\t\t\t\t\t<div class=\"elementor-element elementor-element-cd9ebe2 elementor-widget elementor-widget-text-editor\" data-id=\"cd9ebe2\" data-element_type=\"widget\" data-e-type=\"widget\" data-widget_type=\"text-editor.default\">\n\t\t\t\t<div class=\"elementor-widget-container\">\n\t\t\t\t\t\t\t\t\t<p style=\"text-align: right;\"><em>\"M\u0113s apbr\u012bnojam tauri\u0146a skaistumu, bet tik reti apzin\u0101mies p\u0101rmai\u0146as, kas tam bija j\u0101piedz\u012bvo, lai k\u013c\u016btu tik skaists.\"<\/em><br \/><em>\u00a0<\/em><br \/><em>- Maija And\u017eel\u016b <br \/>ASV amerik\u0101\u0146u rakstnieks, profesors un cilv\u0113kties\u012bbu akt\u012bvists <br \/>1928 - 2014<\/em><\/p><p style=\"text-align: left;\">D\u0101rgais las\u012bt\u0101j,<\/p><p>Pirms m\u0113s piev\u0113r\u0161amies \u0161odienas svar\u012bgajam tematam, \u013caujiet mums uzdot jaut\u0101jumu:<\/p><h4>\"Vai tu esi Imago \u0161\u016bna\"?<\/h4><p>Imago - Kas????<br \/>Tagad, kad beidzas k\u0101pura laiks, veidojas jauna veida \u0161\u016bnas - s\u0101kum\u0101 neregul\u0101ri -, kas jau nes kr\u0101saina un dz\u012bv\u012bbas pilna tauri\u0146a t\u0113lu. T\u0101s sauc par \"imago \u0161\u016bn\u0101m\". S\u0101kotn\u0113ji ar t\u0101m s\u012bvi c\u012bn\u0101s vec\u0101s k\u0101puru \u0161\u016bnas. Bet, laikam ejot, Imago \u0161\u016bnas k\u013c\u016bst arvien vair\u0101k un vair\u0101k. Vi\u0146i viens otru atpaz\u012bst un savienojas. T\u0101s veido paral\u0113las strukt\u016bras un p\u0113c iesp\u0113jas \u0113rt\u0101k iek\u0101rtojas k\u0101pura iek\u0161ien\u0113. Katra Imago \u0161\u016bna dod kopienai savas \u012bpa\u0161\u0101s sp\u0113jas. Pamaz\u0101m jaun\u0101s \u0161\u016bnu kopienas k\u013c\u016bst liel\u0101kas un daudzskaitl\u012bg\u0101kas. T\u0101pat k\u0101 s\u0113nes, t\u0101s par\u0101d\u0101s visur un savienojas vien\u0101 liel\u0101 veselum\u0101, l\u012bdz vec\u0101s k\u0101puru v\u012bk\u0161\u0146u vairs nav. Tad vien\u0101 mirkl\u012b no krisalas iz\u0161\u0137i\u013cas skaists tauri\u0146\u0161 un ar vieglumu un prieku pace\u013cas gais\u0101.<\/p>\t\t\t\t\t\t\t\t<\/div>\n\t\t\t\t<\/div>\n\t\t\t\t<div class=\"elementor-element elementor-element-f16312a elementor-widget elementor-widget-image\" data-id=\"f16312a\" data-element_type=\"widget\" data-e-type=\"widget\" data-widget_type=\"image.default\">\n\t\t\t\t<div class=\"elementor-widget-container\">\n\t\t\t\t\t\t\t\t\t\t\t\t\t\t\t<img fetchpriority=\"high\" decoding=\"async\" width=\"1200\" height=\"288\" src=\"https:\/\/gradido.net\/wp-content\/uploads\/2022\/12\/Raupe-Schmetterling.jpg\" class=\"attachment-full size-full wp-image-6023\" alt=\"Metamorfoze no k\u0101pura l\u012bdz tauri\u0146am\" srcset=\"https:\/\/gradido.net\/wp-content\/uploads\/2022\/12\/Raupe-Schmetterling.jpg 1200w, https:\/\/gradido.net\/wp-content\/uploads\/2022\/12\/Raupe-Schmetterling-300x72.jpg 300w, https:\/\/gradido.net\/wp-content\/uploads\/2022\/12\/Raupe-Schmetterling-1024x246.jpg 1024w, https:\/\/gradido.net\/wp-content\/uploads\/2022\/12\/Raupe-Schmetterling-768x184.jpg 768w, https:\/\/gradido.net\/wp-content\/uploads\/2022\/12\/Raupe-Schmetterling-18x4.jpg 18w\" sizes=\"(max-width: 1200px) 100vw, 1200px\" \/>\t\t\t\t\t\t\t\t\t\t\t\t\t\t\t<\/div>\n\t\t\t\t<\/div>\n\t\t\t\t<div class=\"elementor-element elementor-element-17272f9 elementor-widget elementor-widget-text-editor\" data-id=\"17272f9\" data-element_type=\"widget\" data-e-type=\"widget\" data-widget_type=\"text-editor.default\">\n\t\t\t\t<div class=\"elementor-widget-container\">\n\t\t\t\t\t\t\t\t\t<p>Vai ar\u012b j\u016bs esat Imago \u0161\u016bna? J\u0101? Tad j\u016bs paman\u012bsiet, ka satiekat arvien vair\u0101k cilv\u0113ku, kuri katrs sav\u0101 veid\u0101 veicina vec\u0101s k\u0101puru sist\u0113mas metamorfozi jaun\u0101 cilv\u0113ku dzimtas tauri\u0146u laikmet\u0101.<\/p><p><strong>Jauno laiku raksturos atzin\u012bba, pateic\u012bba un m\u012blo\u0161a sadraudz\u012bba - turkl\u0101t starp \u013coti da\u017e\u0101diem cilv\u0113kiem.<\/strong><\/p><p>Ta\u010du l\u012bdz tam v\u0113l ir j\u0101veic daudzi pas\u0101kumi. Jo, kam\u0113r viss \u0101r\u0101 k\u013c\u016bst arvien d\u0101rg\u0101ks un nedro\u0161\u0101ks, \u0101rzem\u0113s tiek sadedzin\u0101ti miljardiem dol\u0101ru, vec\u0101 par\u0101du naudas sist\u0113ma sabr\u016bk ar arvien ska\u013c\u0101ku triecienu, un parastie aizdom\u0101s turamie. <a href=\"https:\/\/www.centerforhealthsecurity.org\/our-work\/exercises\/2022-catastrophic-contagion\/\" target=\"_blank\" rel=\"noopener\">n\u0101kam\u0101 katastrof\u0101l\u0101 pand\u0113mija<\/a> m\u0113\u0123in\u0101jumos - \u0161oreiz piev\u0113r\u0161oties m\u016bsu b\u0113rniem(!) - rodas satrauco\u0161s jaut\u0101jums:<\/p><p><strong>Vai X dien\u0101, kad Gradido b\u016bs nepiecie\u0161ams vis\u0101 pasaul\u0113, m\u0113s b\u016bsim gatavi kop\u012bgiem sp\u0113kiem ieviest uz Zemes taisn\u012bgu un mierm\u012bl\u012bgu monet\u0101ro un ekonomisko sist\u0113mu - m\u016bsu pa\u0161u, m\u016bsu b\u0113rnu un visu Zemes b\u0113rnu lab\u0101?<\/strong>\u00a0<\/p><p>Bie\u017ei vien tie\u0161i klus\u0101kie cilv\u0113ki ir tie, kas klusi, c\u012bt\u012bgi, ar sirdi un dv\u0113seli rada pamatu lieliem notikumiem. M\u016bsu <a href=\"https:\/\/gradido.net\/lv\/team\/\">Izstr\u0101d\u0101t\u0101js<\/a> p\u0113d\u0113jos m\u0113ne\u0161os ir paveiku\u0161i lielu sagatavo\u0161an\u0101s darbu, kas tiks \u012bstenots 2023. gad\u0101. No vienas puses, vi\u0146i izv\u0113las visdro\u0161\u0101k\u0101s izstr\u0101des tehnolo\u0123ijas, bet, no otras puses, dara visu iesp\u0113jamo, lai padar\u012btu darb\u012bbu p\u0113c iesp\u0113jas vienk\u0101r\u0161\u0101ku un intuit\u012bv\u0101ku mums, lietot\u0101jiem. Varb\u016bt ar\u012b j\u016bs jau esat paman\u012bju\u0161i, ka jums k\u013c\u016bst arvien viegl\u0101k un viegl\u0101k p\u0101rvietoties un jums gandr\u012bz vairs nav nepiecie\u0161ams atbalsts?<\/p><p><strong>M\u016bs, Imago cilv\u0113ku, ir daudz un m\u0113s augam. Ne visi no mums ir iesaist\u012bju\u0161ies finan\u0161u sist\u0113mas mierm\u012bl\u012bg\u0101 p\u0101rveid\u0113, un v\u0113l joproj\u0101m tikai da\u017ei saprot, ka tas ir Arhim\u0113da punkts, kur\u0101 mums ir j\u0101pa\u0146em svira, lai pan\u0101ktu p\u0101rmai\u0146as - cilv\u0113ku \u0123imenes atbr\u012bvo\u0161anu.<\/strong><\/p>\t\t\t\t\t\t\t\t<\/div>\n\t\t\t\t<\/div>\n\t\t\t\t<div class=\"elementor-element elementor-element-483438c elementor-widget elementor-widget-image\" data-id=\"483438c\" data-element_type=\"widget\" data-e-type=\"widget\" data-widget_type=\"image.default\">\n\t\t\t\t<div class=\"elementor-widget-container\">\n\t\t\t\t\t\t\t\t\t\t\t\t\t\t\t<img decoding=\"async\" width=\"1300\" height=\"600\" src=\"https:\/\/gradido.net\/wp-content\/uploads\/2022\/12\/Hebel_Archimedes.jpg\" class=\"attachment-full size-full wp-image-6033\" alt=\"\" srcset=\"https:\/\/gradido.net\/wp-content\/uploads\/2022\/12\/Hebel_Archimedes.jpg 1300w, https:\/\/gradido.net\/wp-content\/uploads\/2022\/12\/Hebel_Archimedes-300x138.jpg 300w, https:\/\/gradido.net\/wp-content\/uploads\/2022\/12\/Hebel_Archimedes-1024x473.jpg 1024w, https:\/\/gradido.net\/wp-content\/uploads\/2022\/12\/Hebel_Archimedes-768x354.jpg 768w, https:\/\/gradido.net\/wp-content\/uploads\/2022\/12\/Hebel_Archimedes-18x8.jpg 18w\" sizes=\"(max-width: 1300px) 100vw, 1300px\" \/>\t\t\t\t\t\t\t\t\t\t\t\t\t\t\t<\/div>\n\t\t\t\t<\/div>\n\t\t\t\t<div class=\"elementor-element elementor-element-b136aa9 elementor-widget elementor-widget-text-editor\" data-id=\"b136aa9\" data-element_type=\"widget\" data-e-type=\"widget\" data-widget_type=\"text-editor.default\">\n\t\t\t\t<div class=\"elementor-widget-container\">\n\t\t\t\t\t\t\t\t\t<p>Jo vara ir tam, kam ir vara p\u0101r naudu. Vai, citiem v\u0101rdiem sakot:<\/p><p style=\"text-align: right;\"><strong><em>\"Dodiet man kontroli p\u0101r valsts val\u016btu, un man ir vienalga, kas pie\u0146em likumus!\"<\/em><\/strong><\/p><p style=\"text-align: right;\"><em>- Mayer Amschel Rothschild<\/em><br \/><em>(1744 - 1812), v\u0101cu mui\u017enieks un ba\u0146\u0137ieris<\/em><\/p><p>Ar Gradido m\u016bsu, cilv\u0113ku dzimtas, rok\u0101s ir instrumenti, ar kuriem m\u0113s varam atg\u016bt kontroli p\u0101r naudu un rad\u012bt labkl\u0101j\u012bbu un mieru visiem - harmonij\u0101 ar dabu. Tas s\u0101kas ar naudas rad\u012b\u0161anu, ko veic katrs indiv\u012bds decentraliz\u0113t\u0101s t\u012bkla kopien\u0101s, un turpin\u0101s ar br\u012bv\u012bbu, izmantojot pa\u0161u rad\u012bto akt\u012bvo pamatien\u0101kumu, l\u012bdz sociokr\u0101tisk\u0101m l\u0113mumu pie\u0146em\u0161anas strukt\u016br\u0101m par valsts bud\u017eeta un izl\u012bdzin\u0101\u0161anas un vides fonda izmanto\u0161anu.<\/p><p>Lai Gradido viegli izplat\u012btos, tam ir j\u0101b\u016bt jautram. T\u0101d\u0113j\u0101di t\u0101 k\u013c\u016bst pievilc\u012bga ar\u012b jaunie\u0161iem. Tas var k\u013c\u016bt par viegli lietojamu rota\u013cu r\u012bku potenci\u0101la, pa\u0161apzi\u0146as un rado\u0161uma att\u012bst\u012b\u0161anai.<\/p><p><strong>Savuk\u0101rt Gradido konts ieg\u016bst m\u016bsdien\u012bgu, pievilc\u012bgu, vieglu, apa\u013cu dizainu, kas ir tik univers\u0101li veidots, ka taj\u0101 joproj\u0101m ir atv\u0113rtas daudzas n\u0101kotnes funkcijas, kas v\u0113l tikai gaid\u0101mas.<\/strong><\/p><p>S\u0101kotn\u0113ji tas bija paredz\u0113ts k\u0101 Ziemassv\u0113tku d\u0101vana Gradido kopienai. Tagad m\u0113s varam gaid\u012bt l\u012bdz janv\u0101ra vidum un l\u012bdz tam laikam izbaud\u012bt gaid\u012b\u0161anu. \ud83d\ude0a<\/p><h3>Apskat\u012bsim, ko m\u016bsu programm\u0113t\u0101ji ir paveiku\u0161i pag\u0101ju\u0161aj\u0101 gad\u0101.<\/h3><p>2022. gad\u0101 tika izstr\u0101d\u0101tas \u0161\u0101das funkcijas:<\/p><ol><li>Jauna m\u0101jas lapa respons\u012bv\u0101 dizain\u0101 (piem\u0113rota datoram un mobilajam t\u0101lrunim)<\/li><li>Daudzvalod\u012bba<\/li><li>Integr\u0113tas piecas valodas, v\u0113l divas tiek gatavotas<\/li><li>Gradido saite un QR kods: vienk\u0101r\u0161i nos\u016btiet uz jebkuru Gradido<\/li><li>Automatiz\u0113tas saites un QR kodi s\u0101kuma kred\u012btiem u. c.<\/li><li>Iemaksas par kop\u012bgo labumu ievadiet tie\u0161i kont\u0101<\/li><li>iesaist\u012bties dialog\u0101 ar lietot\u0101jiem, izmantojot piepras\u012bjumus par kop\u0113jo labumu iemaks\u0101m.<\/li><li>E-pasta pazi\u0146ojumi, koment\u0113jot un apstiprinot kop\u012bgas labas zi\u0146as<\/li><li>Daudzi citi uzlabojumi<\/li><li>Decentraliz\u0113to kopienas serveru sagatavo\u0161ana<\/li><li>Jaun\u0101 dizaina sagatavo\u0161ana<\/li><li>Autom\u0101tiskie testi<\/li><li>LogFiles, t. i., vairuma darb\u012bbu re\u0123istr\u0113\u0161ana, lai var\u0113tu \u0101tri izsekot jebk\u0101d\u0101m k\u013c\u016bd\u0101m.<\/li><\/ol><p><span style=\"color: #ffffff;\">.<\/span><\/p><p>P\u0113d\u0113jie divi punkti ir milz\u012bgs darbs, no kura j\u016bs, iesp\u0113jams, esat guvu\u0161i lielu labumu, pat to neapzinoties.<\/p><p><strong>Vai esat paman\u012bju\u0161i,<\/strong><\/p><ul><li>ka programmat\u016bra turpin\u0101ja dro\u0161i darboties visu daudzo atjaunin\u0101jumu laik\u0101,<\/li><li>ka hakeru uzbrukumi nav paman\u0101mi,<\/li><li>ka Gradido konts praktiski vienm\u0113r bija tie\u0161saist\u0113,<\/li><li>ka bez probl\u0113m\u0101m var\u0113tu s\u016bt\u012bt un sa\u0146emt Gradido, izmantojot saites (ar pievienotu tekstu) un QR kodus?<\/li><\/ul><p><span style=\"color: #ffffff;\">.<\/span><\/p><p>Lai nodro\u0161in\u0101tu \u0161o augsto dro\u0161\u012bbas l\u012bmeni, m\u0113s vienlaikus rakst\u0101m ar\u012b autom\u0101tiskus testus praktiski vis\u0101m funkcij\u0101m. Pa\u0161reiz\u0113jais testa p\u0101rkl\u0101jums liel\u0101kaj\u0101 da\u013c\u0101 apgabalu ir aptuveni 95%. Katrai izmai\u0146ai vispirms ir j\u0101iziet visi testi, cit\u0101di t\u0101 netiks iek\u013cauta programmat\u016br\u0101.<\/p><h2>M\u0113s no sirds pateicamies jums.<\/h2><p>Par to visu m\u0113s esam pateic\u012bgi m\u016bsu br\u012bni\u0161\u0137\u012bgajai kopienai, jums, d\u0101rgie Imago cilv\u0113ki, kas ar saviem d\u0101snajiem ieguld\u012bjumiem un dal\u012bbu nodro\u0161in\u0101j\u0101t m\u016bsu programm\u0113t\u0101jiem iesp\u0113ju veikt savu v\u0113rt\u012bgo darbu. M\u0113s j\u016btam, ka j\u016bsu sirdis ir taj\u0101. J\u016bs sniedzat mums p\u0101rliec\u012bbu, ka m\u0113s kop\u0101 esam uz pareiz\u0101 ce\u013ca.<\/p><p>M\u0113s no sirds pateicamies par j\u016bsu atbalsta iemaks\u0101m GradidoTransform daudzk\u0101rt\u0113jos maks\u0101jumos. K\u0101 j\u016bs jau dro\u0161i vien zin\u0101t, par katru eiro m\u0113s j\u016bsu Gradido kont\u0101 ieskait\u0101m vismaz 15 GDT. No 1 000 \u20ac tas ir 16 reizes, bet no 10 000 \u20ac - pat 18 reizes. GradidoTransform (GDT) ir pateic\u012bbas punkti par transform\u0101cijas laiku. At\u0161\u0137ir\u012bb\u0101 no Gradido tie nav pak\u013cauti \u012bslaic\u012bgumam. Tie kalpo transform\u0101cijai un v\u0113l\u0101k var tikt p\u0101rv\u0113rsti 1:1 par Gradido - br\u012bni\u0161\u0137\u012bgu \"s\u0101kuma kapit\u0101lu\" jaunajam laikam.<\/p><h3>Akcija \"Pateic\u012bgs 23. marts\" - Plus 23% GDT par 23.03.23<\/h3><p>2023. gada 23. mart\u0101 m\u0113s palielin\u0101sim visu GDT kontu atlikumus par papildu 23 %. Akcij\u0101 piedal\u012bsies visi l\u012bdz \u0161\u012bs dienas pusnaktij sa\u0146emtie finans\u0113juma ieguld\u012bjumi.<\/p><p>Ar \u0161o finans\u0113juma koncepciju m\u0113s v\u0113lamies \u012bpa\u0161i pateikties tiem br\u012bni\u0161\u0137\u012bgajiem cilv\u0113kiem, kuri jau pa\u0161reiz\u0113j\u0101 projekta posm\u0101 atbalsta Gradido un t\u0101d\u0113j\u0101di uzticas tam.<\/p>\t\t\t\t\t\t\t\t<\/div>\n\t\t\t\t<\/div>\n\t\t\t\t<div class=\"elementor-element elementor-element-4408cdf elementor-align-center elementor-widget elementor-widget-button\" data-id=\"4408cdf\" data-element_type=\"widget\" data-e-type=\"widget\" data-widget_type=\"button.default\">\n\t\t\t\t<div class=\"elementor-widget-container\">\n\t\t\t\t\t\t\t\t\t<div class=\"elementor-button-wrapper\">\n\t\t\t\t\t<a class=\"elementor-button elementor-button-link elementor-size-sm\" href=\"\/lv\/donations\/\">\n\t\t\t\t\t\t<span class=\"elementor-button-content-wrapper\">\n\t\t\t\t\t\t\t\t\t<span class=\"elementor-button-text\">Veiciniet tagad un sa\u0146emiet GDT vair\u0101kas reizes vair\u0101k!<\/span>\n\t\t\t\t\t<\/span>\n\t\t\t\t\t<\/a>\n\t\t\t\t<\/div>\n\t\t\t\t\t\t\t\t<\/div>\n\t\t\t\t<\/div>\n\t\t\t\t<div class=\"elementor-element elementor-element-d74dfa0 elementor-widget elementor-widget-text-editor\" data-id=\"d74dfa0\" data-element_type=\"widget\" data-e-type=\"widget\" data-widget_type=\"text-editor.default\">\n\t\t\t\t<div class=\"elementor-widget-container\">\n\t\t\t\t\t\t\t\t\t<p><strong>Daudz kas liecina, ka 2023. gads b\u016bs likten\u012bgs. Tagad ir svar\u012bgi, lai m\u0113s tur\u0113tos kop\u0101 un dar\u012btu visu, kas cilv\u0113ciski iesp\u0113jams, lai rad\u012btu sev un saviem b\u0113rniem cien\u012bgu n\u0101kotni.<\/strong><\/p><h2>Ko j\u016bs vi\u0146iem pateiksiet?<\/h2><p>Kad v\u0113l\u0101k jaunie\u0161i jums jaut\u0101s: \"Vai ar\u012b j\u016bs toreiz bij\u0101t Imago \u0161\u016bna? Vai ar j\u016bsu r\u012bc\u012bb\u0101 eso\u0161ajiem resursiem j\u016bs veicin\u0101j\u0101t mierm\u012bl\u012bgu p\u0101rveidi? Vai ar\u012b j\u016bs grib\u0113j\u0101t pagaid\u012bt, kam\u0113r p\u0101r\u0113jie b\u016bs pabeigu\u0161i savu darbu?\" - Ko j\u016bs vi\u0146iem pateiksiet?<\/p><p>M\u0113s v\u0113lamies, lai j\u016bs ar prieku var\u0113tu skat\u012bties vi\u0146iem ac\u012bs un teikt: \"J\u0101, es toreiz biju t\u0101da Imago \u0161\u016bna. Bie\u017ei vien tas nebija viegli, bet es lepojos, ka esmu piedal\u012bjies, lai m\u016bsu skaist\u0101 Zeme k\u013c\u016btu par t\u0101du parad\u012bzi, k\u0101dai tai, iesp\u0113jams, k\u0101dreiz bija lemts b\u016bt. Un es esmu bezgala pateic\u012bgs, ka tagad varam dz\u012bvot cilv\u0113ka cien\u012bgu dz\u012bvi kop\u0101 k\u0101 cilv\u0113ku \u0123imene - labkl\u0101j\u012bb\u0101, mier\u0101 un harmonij\u0101 ar dabu.\"<\/p><p>T\u016bksto\u0161k\u0101rt pateicos, ka esat kop\u0101 ar mums un l\u012bdzrad\u0101t n\u0101kotni, kuru ir v\u0113rts dz\u012bvot!<\/p><p>Nov\u0113lot jums un j\u016bsu m\u012b\u013cajiem br\u012bni\u0161\u0137\u012bgu 2023. gadu.<\/p><p>J\u016bsu<\/p><p><img decoding=\"async\" class=\"alignnone wp-image-4614 size-medium\" src=\"https:\/\/gradido.net\/wp-content\/uploads\/2022\/06\/MargretBernd_2022-300x74.png\" alt=\"\" width=\"300\" height=\"74\" srcset=\"https:\/\/gradido.net\/wp-content\/uploads\/2022\/06\/MargretBernd_2022-300x74.png 300w, https:\/\/gradido.net\/wp-content\/uploads\/2022\/06\/MargretBernd_2022-18x4.png 18w, https:\/\/gradido.net\/wp-content\/uploads\/2022\/06\/MargretBernd_2022.png 431w\" sizes=\"(max-width: 300px) 100vw, 300px\" \/><\/p><p>Margret Baier un Bernd H\u00fcckst\u00e4dt<br \/>Gradido dibin\u0101t\u0101js un izstr\u0101d\u0101t\u0101js<\/p>\t\t\t\t\t\t\t\t<\/div>\n\t\t\t\t<\/div>\n\t\t\t\t\t<\/div>\n\t\t<\/div>\n\t\t\t\t\t<\/div>\n\t\t<\/section>\n\t\t\t\t<section class=\"elementor-section elementor-top-section elementor-element elementor-element-b5881ca elementor-section-boxed elementor-section-height-default elementor-section-height-default\" data-id=\"b5881ca\" data-element_type=\"section\" data-e-type=\"section\">\n\t\t\t\t\t\t<div class=\"elementor-container elementor-column-gap-default\">\n\t\t\t\t\t<div class=\"elementor-column elementor-col-100 elementor-top-column elementor-element elementor-element-838f41e\" data-id=\"838f41e\" data-element_type=\"column\" data-e-type=\"column\">\n\t\t\t<div class=\"elementor-widget-wrap elementor-element-populated\">\n\t\t\t\t\t\t<div class=\"elementor-element elementor-element-1b0e402 elementor-widget elementor-widget-global elementor-global-9341 elementor-widget-text-editor\" data-id=\"1b0e402\" data-element_type=\"widget\" data-e-type=\"widget\" data-widget_type=\"text-editor.default\">\n\t\t\t\t<div class=\"elementor-widget-container\">\n\t\t\t\t\t\t\t\t\t<p><strong>PS:\u00a0<span style=\"color: #ff6600;\"><a style=\"color: #ff6600;\" href=\"https:\/\/gradido.net\/lv\/donations\/\">T\u0101 k\u0101 Gradido k\u013c\u016bst arvien noz\u012bm\u012bg\u0101ks, m\u0113s atk\u0101rtojam m\u016bsu pateic\u012bbas kampa\u0146u 2026. gada 26. j\u016bnij\u0101:<\/a>\u00a0<\/span><span style=\"color: #0000ff;\"><a style=\"color: #0000ff;\" href=\"https:\/\/gradido.net\/lv\/donations\/\">Papildus vair\u0101kk\u0101rt\u0113jai GradidoTransform par j\u016bsu sponsor\u0113\u0161anas ieguld\u012bjumu, m\u0113s palielin\u0101sim visu GDT kontu atlikumus par 26% 26\/06\/2016. Sponsor\u0113jiet tagad un izbaudiet vair\u0101kk\u0101rt\u0113ju GDT summu!<\/a><\/span><\/strong><\/p>\t\t\t\t\t\t\t\t<\/div>\n\t\t\t\t<\/div>\n\t\t\t\t\t<\/div>\n\t\t<\/div>\n\t\t\t\t\t<\/div>\n\t\t<\/section>\n\t\t\t\t<\/div>","protected":false},"excerpt":{"rendered":"<p>Bie\u017ei vien tie\u0161i klus\u0101kie cilv\u0113ki ir tie, kas klusi, c\u012bt\u012bgi un ar sirdi un dv\u0113seli liek pamatus v\u0113stures att\u012bst\u012bbai. Pag\u0101ju\u0161aj\u0101 gad\u0101 m\u016bsu programm\u0113t\u0101ji ir paveiku\u0161i lielu darbu, kas tiks \u012bstenots 2023. gad\u0101.<\/p>","protected":false},"author":2,"featured_media":6018,"comment_status":"closed","ping_status":"closed","sticky":false,"template":"","format":"standard","meta":{"footnotes":""},"categories":[11,55],"tags":[],"class_list":["post-6017","post","type-post","status-publish","format-standard","has-post-thumbnail","hentry","category-blog","category-gradido-konto"],"yoast_head":"<!-- This site is optimized with the Yoast SEO plugin v27.5 - https:\/\/yoast.com\/product\/yoast-seo-wordpress\/ -->\n<title>Gradido-Konto 2023: neues Design und dezentrale Communities - Gradido<\/title>\n<meta name=\"description\" content=\"Oft sind es die leiseren Menschen, die still, flei\u00dfig und mit Herzblut die Grundlagen f\u00fcr historische Entwicklungen schaffen. Unsere Programmierer haben im vergangenen Jahr gro\u00dfartige Vorarbeiten gemacht, die 2023 zum Tragen kommen werden.\" \/>\n<meta name=\"robots\" content=\"index, follow, max-snippet:-1, max-image-preview:large, max-video-preview:-1\" \/>\n<link rel=\"canonical\" href=\"https:\/\/gradido.net\/lv\/gradido-konto-2023-neues-design-und-dezentrale-communities\/\" \/>\n<meta property=\"og:locale\" content=\"lv_LV\" \/>\n<meta property=\"og:type\" content=\"article\" \/>\n<meta property=\"og:title\" content=\"Gradido-Konto 2023: neues Design und dezentrale Communities - Gradido\" \/>\n<meta property=\"og:description\" content=\"Oft sind es die leiseren Menschen, die still, flei\u00dfig und mit Herzblut die Grundlagen f\u00fcr historische Entwicklungen schaffen. Unsere Programmierer haben im vergangenen Jahr gro\u00dfartige Vorarbeiten gemacht, die 2023 zum Tragen kommen werden.\" \/>\n<meta property=\"og:url\" content=\"https:\/\/gradido.net\/lv\/gradido-konto-2023-neues-design-und-dezentrale-communities\/\" \/>\n<meta property=\"og:site_name\" content=\"Gradido\" \/>\n<meta property=\"article:published_time\" content=\"2022-12-31T23:17:31+00:00\" \/>\n<meta property=\"article:modified_time\" content=\"2026-04-24T06:09:27+00:00\" \/>\n<meta property=\"og:image\" content=\"https:\/\/gradido.net\/wp-content\/uploads\/2022\/12\/Test_fertig_1920.jpg\" \/>\n\t<meta property=\"og:image:width\" content=\"1920\" \/>\n\t<meta property=\"og:image:height\" content=\"1067\" \/>\n\t<meta property=\"og:image:type\" content=\"image\/jpeg\" \/>\n<meta name=\"author\" content=\"Bernd H\u00fcckst\u00e4dt\" \/>\n<meta name=\"twitter:card\" content=\"summary_large_image\" \/>\n<meta name=\"twitter:label1\" content=\"Written by\" \/>\n\t<meta name=\"twitter:data1\" content=\"Bernd H\u00fcckst\u00e4dt\" \/>\n\t<meta name=\"twitter:label2\" content=\"Est. reading time\" \/>\n\t<meta name=\"twitter:data2\" content=\"9 min\u016btes\" \/>\n<script type=\"application\/ld+json\" class=\"yoast-schema-graph\">{\"@context\":\"https:\\\/\\\/schema.org\",\"@graph\":[{\"@type\":\"Article\",\"@id\":\"https:\\\/\\\/gradido.net\\\/gradido-konto-2023-neues-design-und-dezentrale-communities\\\/#article\",\"isPartOf\":{\"@id\":\"https:\\\/\\\/gradido.net\\\/gradido-konto-2023-neues-design-und-dezentrale-communities\\\/\"},\"author\":{\"name\":\"Bernd H\u00fcckst\u00e4dt\",\"@id\":\"https:\\\/\\\/gradido.net\\\/de\\\/#\\\/schema\\\/person\\\/9c503a004ad15a1ddecadce2218db5d1\"},\"headline\":\"Gradido-Konto 2023: neues Design und dezentrale Communities\",\"datePublished\":\"2022-12-31T23:17:31+00:00\",\"dateModified\":\"2026-04-24T06:09:27+00:00\",\"mainEntityOfPage\":{\"@id\":\"https:\\\/\\\/gradido.net\\\/gradido-konto-2023-neues-design-und-dezentrale-communities\\\/\"},\"wordCount\":1390,\"publisher\":{\"@id\":\"https:\\\/\\\/gradido.net\\\/de\\\/#organization\"},\"image\":{\"@id\":\"https:\\\/\\\/gradido.net\\\/gradido-konto-2023-neues-design-und-dezentrale-communities\\\/#primaryimage\"},\"thumbnailUrl\":\"https:\\\/\\\/gradido.net\\\/wp-content\\\/uploads\\\/2022\\\/12\\\/Test_fertig_1920.jpg\",\"articleSection\":[\"Blog\",\"Gradido-Konto\"],\"inLanguage\":\"lv-LV\"},{\"@type\":\"WebPage\",\"@id\":\"https:\\\/\\\/gradido.net\\\/gradido-konto-2023-neues-design-und-dezentrale-communities\\\/\",\"url\":\"https:\\\/\\\/gradido.net\\\/gradido-konto-2023-neues-design-und-dezentrale-communities\\\/\",\"name\":\"Gradido-Konto 2023: neues Design und dezentrale Communities - Gradido\",\"isPartOf\":{\"@id\":\"https:\\\/\\\/gradido.net\\\/de\\\/#website\"},\"primaryImageOfPage\":{\"@id\":\"https:\\\/\\\/gradido.net\\\/gradido-konto-2023-neues-design-und-dezentrale-communities\\\/#primaryimage\"},\"image\":{\"@id\":\"https:\\\/\\\/gradido.net\\\/gradido-konto-2023-neues-design-und-dezentrale-communities\\\/#primaryimage\"},\"thumbnailUrl\":\"https:\\\/\\\/gradido.net\\\/wp-content\\\/uploads\\\/2022\\\/12\\\/Test_fertig_1920.jpg\",\"datePublished\":\"2022-12-31T23:17:31+00:00\",\"dateModified\":\"2026-04-24T06:09:27+00:00\",\"description\":\"Oft sind es die leiseren Menschen, die still, flei\u00dfig und mit Herzblut die Grundlagen f\u00fcr historische Entwicklungen schaffen. Unsere Programmierer haben im vergangenen Jahr gro\u00dfartige Vorarbeiten gemacht, die 2023 zum Tragen kommen werden.\",\"breadcrumb\":{\"@id\":\"https:\\\/\\\/gradido.net\\\/gradido-konto-2023-neues-design-und-dezentrale-communities\\\/#breadcrumb\"},\"inLanguage\":\"lv-LV\",\"potentialAction\":[{\"@type\":\"ReadAction\",\"target\":[\"https:\\\/\\\/gradido.net\\\/gradido-konto-2023-neues-design-und-dezentrale-communities\\\/\"]}]},{\"@type\":\"ImageObject\",\"inLanguage\":\"lv-LV\",\"@id\":\"https:\\\/\\\/gradido.net\\\/gradido-konto-2023-neues-design-und-dezentrale-communities\\\/#primaryimage\",\"url\":\"https:\\\/\\\/gradido.net\\\/wp-content\\\/uploads\\\/2022\\\/12\\\/Test_fertig_1920.jpg\",\"contentUrl\":\"https:\\\/\\\/gradido.net\\\/wp-content\\\/uploads\\\/2022\\\/12\\\/Test_fertig_1920.jpg\",\"width\":1920,\"height\":1067},{\"@type\":\"BreadcrumbList\",\"@id\":\"https:\\\/\\\/gradido.net\\\/gradido-konto-2023-neues-design-und-dezentrale-communities\\\/#breadcrumb\",\"itemListElement\":[{\"@type\":\"ListItem\",\"position\":1,\"name\":\"Startseite\",\"item\":\"https:\\\/\\\/gradido.net\\\/\"},{\"@type\":\"ListItem\",\"position\":2,\"name\":\"Gradido-Konto 2023: neues Design und dezentrale Communities\"}]},{\"@type\":\"WebSite\",\"@id\":\"https:\\\/\\\/gradido.net\\\/de\\\/#website\",\"url\":\"https:\\\/\\\/gradido.net\\\/de\\\/\",\"name\":\"Gradido\",\"description\":\"Die neue W\u00e4hrung hei\u00dft Dankbarkeit\",\"publisher\":{\"@id\":\"https:\\\/\\\/gradido.net\\\/de\\\/#organization\"},\"potentialAction\":[{\"@type\":\"SearchAction\",\"target\":{\"@type\":\"EntryPoint\",\"urlTemplate\":\"https:\\\/\\\/gradido.net\\\/de\\\/?s={search_term_string}\"},\"query-input\":{\"@type\":\"PropertyValueSpecification\",\"valueRequired\":true,\"valueName\":\"search_term_string\"}}],\"inLanguage\":\"lv-LV\"},{\"@type\":\"Organization\",\"@id\":\"https:\\\/\\\/gradido.net\\\/de\\\/#organization\",\"name\":\"Gradido\",\"url\":\"https:\\\/\\\/gradido.net\\\/de\\\/\",\"logo\":{\"@type\":\"ImageObject\",\"inLanguage\":\"lv-LV\",\"@id\":\"https:\\\/\\\/gradido.net\\\/de\\\/#\\\/schema\\\/logo\\\/image\\\/\",\"url\":\"https:\\\/\\\/gradido.net\\\/wp-content\\\/uploads\\\/2022\\\/04\\\/gradido-social.jpg\",\"contentUrl\":\"https:\\\/\\\/gradido.net\\\/wp-content\\\/uploads\\\/2022\\\/04\\\/gradido-social.jpg\",\"width\":527,\"height\":273,\"caption\":\"Gradido\"},\"image\":{\"@id\":\"https:\\\/\\\/gradido.net\\\/de\\\/#\\\/schema\\\/logo\\\/image\\\/\"}},{\"@type\":\"Person\",\"@id\":\"https:\\\/\\\/gradido.net\\\/de\\\/#\\\/schema\\\/person\\\/9c503a004ad15a1ddecadce2218db5d1\",\"name\":\"Bernd H\u00fcckst\u00e4dt\",\"sameAs\":[\"https:\\\/\\\/gradido.net\"],\"url\":\"https:\\\/\\\/gradido.net\\\/lv\\\/author\\\/bernd\\\/\"}]}<\/script>\n<!-- \/ Yoast SEO plugin. -->","yoast_head_json":{"title":"Gradido Konts 2023: jauns dizains un decentraliz\u0113tas kopienas - Gradido","description":"Bie\u017ei vien tie\u0161i klus\u0101kie cilv\u0113ki ir tie, kas klusi, c\u012bt\u012bgi un ar sirdi un dv\u0113seli liek pamatus v\u0113stures att\u012bst\u012bbai. Pag\u0101ju\u0161aj\u0101 gad\u0101 m\u016bsu programm\u0113t\u0101ji ir paveiku\u0161i lielu darbu, kas tiks \u012bstenots 2023. gad\u0101.","robots":{"index":"index","follow":"follow","max-snippet":"max-snippet:-1","max-image-preview":"max-image-preview:large","max-video-preview":"max-video-preview:-1"},"canonical":"https:\/\/gradido.net\/lv\/gradido-konto-2023-neues-design-und-dezentrale-communities\/","og_locale":"lv_LV","og_type":"article","og_title":"Gradido-Konto 2023: neues Design und dezentrale Communities - Gradido","og_description":"Oft sind es die leiseren Menschen, die still, flei\u00dfig und mit Herzblut die Grundlagen f\u00fcr historische Entwicklungen schaffen. Unsere Programmierer haben im vergangenen Jahr gro\u00dfartige Vorarbeiten gemacht, die 2023 zum Tragen kommen werden.","og_url":"https:\/\/gradido.net\/lv\/gradido-konto-2023-neues-design-und-dezentrale-communities\/","og_site_name":"Gradido","article_published_time":"2022-12-31T23:17:31+00:00","article_modified_time":"2026-04-24T06:09:27+00:00","og_image":[{"width":1920,"height":1067,"url":"https:\/\/gradido.net\/wp-content\/uploads\/2022\/12\/Test_fertig_1920.jpg","type":"image\/jpeg"}],"author":"Bernd H\u00fcckst\u00e4dt","twitter_card":"summary_large_image","twitter_misc":{"Written by":"Bernd H\u00fcckst\u00e4dt","Est. reading time":"9 min\u016btes"},"schema":{"@context":"https:\/\/schema.org","@graph":[{"@type":"Article","@id":"https:\/\/gradido.net\/gradido-konto-2023-neues-design-und-dezentrale-communities\/#article","isPartOf":{"@id":"https:\/\/gradido.net\/gradido-konto-2023-neues-design-und-dezentrale-communities\/"},"author":{"name":"Bernd H\u00fcckst\u00e4dt","@id":"https:\/\/gradido.net\/de\/#\/schema\/person\/9c503a004ad15a1ddecadce2218db5d1"},"headline":"Gradido-Konto 2023: neues Design und dezentrale Communities","datePublished":"2022-12-31T23:17:31+00:00","dateModified":"2026-04-24T06:09:27+00:00","mainEntityOfPage":{"@id":"https:\/\/gradido.net\/gradido-konto-2023-neues-design-und-dezentrale-communities\/"},"wordCount":1390,"publisher":{"@id":"https:\/\/gradido.net\/de\/#organization"},"image":{"@id":"https:\/\/gradido.net\/gradido-konto-2023-neues-design-und-dezentrale-communities\/#primaryimage"},"thumbnailUrl":"https:\/\/gradido.net\/wp-content\/uploads\/2022\/12\/Test_fertig_1920.jpg","articleSection":["Blog","Gradido-Konto"],"inLanguage":"lv-LV"},{"@type":"WebPage","@id":"https:\/\/gradido.net\/gradido-konto-2023-neues-design-und-dezentrale-communities\/","url":"https:\/\/gradido.net\/gradido-konto-2023-neues-design-und-dezentrale-communities\/","name":"Gradido Konts 2023: jauns dizains un decentraliz\u0113tas kopienas - Gradido","isPartOf":{"@id":"https:\/\/gradido.net\/de\/#website"},"primaryImageOfPage":{"@id":"https:\/\/gradido.net\/gradido-konto-2023-neues-design-und-dezentrale-communities\/#primaryimage"},"image":{"@id":"https:\/\/gradido.net\/gradido-konto-2023-neues-design-und-dezentrale-communities\/#primaryimage"},"thumbnailUrl":"https:\/\/gradido.net\/wp-content\/uploads\/2022\/12\/Test_fertig_1920.jpg","datePublished":"2022-12-31T23:17:31+00:00","dateModified":"2026-04-24T06:09:27+00:00","description":"Bie\u017ei vien tie\u0161i klus\u0101kie cilv\u0113ki ir tie, kas klusi, c\u012bt\u012bgi un ar sirdi un dv\u0113seli liek pamatus v\u0113stures att\u012bst\u012bbai. Pag\u0101ju\u0161aj\u0101 gad\u0101 m\u016bsu programm\u0113t\u0101ji ir paveiku\u0161i lielu darbu, kas tiks \u012bstenots 2023. gad\u0101.","breadcrumb":{"@id":"https:\/\/gradido.net\/gradido-konto-2023-neues-design-und-dezentrale-communities\/#breadcrumb"},"inLanguage":"lv-LV","potentialAction":[{"@type":"ReadAction","target":["https:\/\/gradido.net\/gradido-konto-2023-neues-design-und-dezentrale-communities\/"]}]},{"@type":"ImageObject","inLanguage":"lv-LV","@id":"https:\/\/gradido.net\/gradido-konto-2023-neues-design-und-dezentrale-communities\/#primaryimage","url":"https:\/\/gradido.net\/wp-content\/uploads\/2022\/12\/Test_fertig_1920.jpg","contentUrl":"https:\/\/gradido.net\/wp-content\/uploads\/2022\/12\/Test_fertig_1920.jpg","width":1920,"height":1067},{"@type":"BreadcrumbList","@id":"https:\/\/gradido.net\/gradido-konto-2023-neues-design-und-dezentrale-communities\/#breadcrumb","itemListElement":[{"@type":"ListItem","position":1,"name":"Startseite","item":"https:\/\/gradido.net\/"},{"@type":"ListItem","position":2,"name":"Gradido-Konto 2023: neues Design und dezentrale Communities"}]},{"@type":"WebSite","@id":"https:\/\/gradido.net\/de\/#website","url":"https:\/\/gradido.net\/de\/","name":"Gradido","description":"Jaun\u0101 val\u016bta ir pateic\u012bba","publisher":{"@id":"https:\/\/gradido.net\/de\/#organization"},"potentialAction":[{"@type":"SearchAction","target":{"@type":"EntryPoint","urlTemplate":"https:\/\/gradido.net\/de\/?s={search_term_string}"},"query-input":{"@type":"PropertyValueSpecification","valueRequired":true,"valueName":"search_term_string"}}],"inLanguage":"lv-LV"},{"@type":"Organization","@id":"https:\/\/gradido.net\/de\/#organization","name":"Gradido","url":"https:\/\/gradido.net\/de\/","logo":{"@type":"ImageObject","inLanguage":"lv-LV","@id":"https:\/\/gradido.net\/de\/#\/schema\/logo\/image\/","url":"https:\/\/gradido.net\/wp-content\/uploads\/2022\/04\/gradido-social.jpg","contentUrl":"https:\/\/gradido.net\/wp-content\/uploads\/2022\/04\/gradido-social.jpg","width":527,"height":273,"caption":"Gradido"},"image":{"@id":"https:\/\/gradido.net\/de\/#\/schema\/logo\/image\/"}},{"@type":"Person","@id":"https:\/\/gradido.net\/de\/#\/schema\/person\/9c503a004ad15a1ddecadce2218db5d1","name":"Bernd H\u00fcckst\u00e4dt","sameAs":["https:\/\/gradido.net"],"url":"https:\/\/gradido.net\/lv\/author\/bernd\/"}]}},"_links":{"self":[{"href":"https:\/\/gradido.net\/lv\/wp-json\/wp\/v2\/posts\/6017","targetHints":{"allow":["GET"]}}],"collection":[{"href":"https:\/\/gradido.net\/lv\/wp-json\/wp\/v2\/posts"}],"about":[{"href":"https:\/\/gradido.net\/lv\/wp-json\/wp\/v2\/types\/post"}],"author":[{"embeddable":true,"href":"https:\/\/gradido.net\/lv\/wp-json\/wp\/v2\/users\/2"}],"replies":[{"embeddable":true,"href":"https:\/\/gradido.net\/lv\/wp-json\/wp\/v2\/comments?post=6017"}],"version-history":[{"count":76,"href":"https:\/\/gradido.net\/lv\/wp-json\/wp\/v2\/posts\/6017\/revisions"}],"predecessor-version":[{"id":13598,"href":"https:\/\/gradido.net\/lv\/wp-json\/wp\/v2\/posts\/6017\/revisions\/13598"}],"wp:featuredmedia":[{"embeddable":true,"href":"https:\/\/gradido.net\/lv\/wp-json\/wp\/v2\/media\/6018"}],"wp:attachment":[{"href":"https:\/\/gradido.net\/lv\/wp-json\/wp\/v2\/media?parent=6017"}],"wp:term":[{"taxonomy":"category","embeddable":true,"href":"https:\/\/gradido.net\/lv\/wp-json\/wp\/v2\/categories?post=6017"},{"taxonomy":"post_tag","embeddable":true,"href":"https:\/\/gradido.net\/lv\/wp-json\/wp\/v2\/tags?post=6017"}],"curies":[{"name":"wp","href":"https:\/\/api.w.org\/{rel}","templated":true}]}}