{"id":616,"date":"2020-05-26T15:29:00","date_gmt":"2020-05-26T13:29:00","guid":{"rendered":"http:\/\/neu.gradido.net\/?p=616"},"modified":"2021-12-10T13:08:25","modified_gmt":"2021-12-10T12:08:25","slug":"corona-krise-zeit-fuer-die-natuerliche-oekonomie-des-lebens","status":"publish","type":"post","link":"https:\/\/gradido.net\/lv\/corona-krise-zeit-fuer-die-natuerliche-oekonomie-des-lebens\/","title":{"rendered":"Corona kr\u012bze: laiks dabiskajai dz\u012bves ekonomikai"},"content":{"rendered":"<div data-elementor-type=\"wp-post\" data-elementor-id=\"616\" class=\"elementor elementor-616\" data-elementor-post-type=\"post\">\n\t\t\t\t\t\t<section class=\"elementor-section elementor-top-section elementor-element elementor-element-f9a81c7 elementor-section-boxed elementor-section-height-default elementor-section-height-default\" data-id=\"f9a81c7\" data-element_type=\"section\" data-e-type=\"section\">\n\t\t\t\t\t\t<div class=\"elementor-container elementor-column-gap-default\">\n\t\t\t\t\t<div class=\"elementor-column elementor-col-100 elementor-top-column elementor-element elementor-element-31d55dd\" data-id=\"31d55dd\" data-element_type=\"column\" data-e-type=\"column\">\n\t\t\t<div class=\"elementor-widget-wrap elementor-element-populated\">\n\t\t\t\t\t\t<div class=\"elementor-element elementor-element-6cca0d4 elementor-widget elementor-widget-text-editor\" data-id=\"6cca0d4\" data-element_type=\"widget\" data-e-type=\"widget\" data-widget_type=\"text-editor.default\">\n\t\t\t\t<div class=\"elementor-widget-container\">\n\t\t\t\t\t\t\t\t\t<h2>Ekonomisk\u0101 bionika atbalsta glob\u0101lo kop\u012bgo labumu val\u016btu<\/h2>\n<p><strong>K\u00fcnzelsau, 2020. gada 26. maijs - Corona kr\u012bze \u013coti \u012bs\u0101 laik\u0101 ir b\u016btiski main\u012bjusi m\u016bsu pasauli. Neraugoties uz miljardiem v\u0113rt\u0101m pal\u012bdz\u012bbas programm\u0101m, ekonomika ir br\u012bvi kr\u012bto\u0161a. Pasaules finan\u0161u sist\u0113mai draud sabrukums, kam sekos masveida maks\u0101tnesp\u0113ja, rekordliels bezdarbs un gal\u0113ja nabadz\u012bba. Tikai ar ilgtsp\u0113j\u012bgu jaunu monet\u0101ro sist\u0113mu, kur\u0101 ekonomiskie, ekolo\u0123iskie un soci\u0101lie stimuli ir v\u0113rsti vien\u0101 virzien\u0101, cilv\u0113ce var p\u0101rvar\u0113t \u0161\u012bs probl\u0113mas. Gradido Ekonomikas bionikas akad\u0113mija ir izstr\u0101d\u0101jusi \u0161\u0101du sist\u0113mu. Jaunajai kop\u0113j\u0101 labuma val\u016btai \"Gradido\" ir potenci\u0101ls rad\u012bt labkl\u0101j\u012bbu un mieru vis\u0101 pasaul\u0113.<\/strong><\/p>\n<p><strong><!-- \/wp:paragraph --><!-- wp:paragraph --><\/strong><\/p>\n<p><strong>Gradido akad\u0113mija jau 20 gadus att\u012bsta kop\u0113j\u0101 labuma val\u016btu, kas ir veidota p\u0113c dabas parauga. Past\u0101v\u012bgaj\u0101 tap\u0161anas un izzu\u0161anas cikl\u0101 viss dab\u0101 notiek cikliski. Tas ir vien\u012bgais veids, k\u0101 nodro\u0161in\u0101t m\u016bsu plan\u0113tas past\u0101v\u012bgu atjauno\u0161anos. Saska\u0146\u0101 ar \u0161o \"dz\u012bves ciklu\" darbojas ar\u012b l\u012bdzsvara sist\u0113ma \"Gradido\", kas var ne tikai nodro\u0161in\u0101t visai cilv\u0113cei stabilu iztiku, bet pat dz\u012bvi labkl\u0101j\u012bb\u0101 un mier\u012bg\u0101 l\u012bdz\u0101spast\u0101v\u0113\u0161an\u0101.<\/strong><\/p>\n<p><!-- \/wp:paragraph --><!-- wp:paragraph --><\/p>\n<p><strong>Ekonomisk\u0101 pand\u0113mija bija neizb\u0113gama<\/strong><br>V\u012bruss nav pasaules \"ekonomisk\u0101s pand\u0113mijas\" c\u0113lonis, bet tikai t\u0101s izrais\u012bt\u0101js, skaidro ekonomikas bionikas eksperti Margr\u0113ta Baire (Margret Baier) un Bernds Hik\u0161tads (Bernd H\u00fcckst\u00e4dt): \"T\u0101pat k\u0101 akmens tikai izraisa lav\u012bnu, un t\u0101 nogr\u016b\u017eas ielej\u0101, jo zeme nav bijusi pietiekami stabila, ar\u012b Corona v\u012bruss sp\u0113ja izrais\u012bt pa\u0161reiz\u0113jo kr\u012bzi pasaules ekonomikas un finan\u0161u sist\u0113m\u0101 tikai t\u0101p\u0113c, ka pa\u0161reiz\u0113j\u0101 pasaules finan\u0161u sist\u0113ma ir \u0101rk\u0101rt\u012bgi nestabila,\" skaidro Hik\u0161tads. Gradido akad\u0113mijas dibin\u0101t\u0101ji risina jaut\u0101jumu par to, ko ekonomika var m\u0101c\u012bties no dabas. T\u0101pat k\u0101 katram aeronautikas in\u017eenierim ir j\u0101p\u0113ta putnu lidojums, ar\u012b ekonomikas bioni\u0137is p\u0113ta, kuri dabas procesi var\u0113tu b\u016bt veiksm\u012bgu ekonomikas procesu mode\u013ci. Saska\u0146\u0101 ar Gradido akad\u0113mijas secin\u0101jumiem ar pa\u0161reiz\u0113jo finan\u0161u sist\u0113mu visp\u0101r nav iesp\u0113jams sasniegt soci\u0101l\u0101s tirgus ekonomikas deklar\u0113to m\u0113r\u0137i - rad\u012bt labkl\u0101j\u012bbu visiem. T\u0101 viet\u0101 sist\u0113mai ir rakstur\u012bgi, ka vieni kred\u012bti ir citu par\u0101di. Fat\u0101las sekas: valdo\u0161\u0101 ekonomisk\u0101 sist\u0113ma rada posto\u0161us stimulus cilv\u0113ku un dabas ekspluat\u0101cijai. Neizb\u0113gamas sekas ir nabadz\u012bba vis\u0101 pasaul\u0113, kari un katastrof\u0101la vides izn\u012bcin\u0101\u0161ana. T\u0101d\u0113j\u0101di cilv\u0113ces un m\u016bsu plan\u0113tas n\u0101kotne ir eksistenci\u0101li apdraud\u0113ta.<\/p>\n<p><!-- \/wp:paragraph --><!-- wp:paragraph --><\/p>\n<p><strong>Ekonomikas bionikas stunda<\/strong><br>\"Gradido val\u016btas\" izgudrot\u0101ji tagad saskata iesp\u0113ju neatgriezeniski p\u0101rraut \u0161o apburto apburto loku. Corona blo\u0137\u0113\u0161ana vis\u0101 pasaul\u0113 ne tikai rada nepiecie\u0161am\u012bbu p\u0101rdom\u0101t, bet ar\u012b skaidri apzin\u0101ties valdo\u0161\u0101s ekonomisk\u0101s sist\u0113mas trauslumu. Tas ar\u012b paver jaunu jut\u012bgumu dabas veiksmes mode\u013ciem, kas sevi jau ir pier\u0101d\u012bju\u0161i \u010detrus ar pusi miljarda gadu. L\u012bdz ar to sabiedr\u012bba ar aizvien liel\u0101k\u0101m cer\u012bb\u0101m raug\u0101s uz joproj\u0101m jauno ekonomikas bionikas zin\u0101tni un t\u0101s sniegtaj\u0101m atbild\u0113m uz m\u016bsu laikmeta eksistenci\u0101lajiem jaut\u0101jumiem.<\/p>\n<p><!-- \/wp:paragraph --><!-- wp:paragraph --><\/p>\n<p><strong>Gradido akad\u0113mija<\/strong><br>Nosaukums \"Gradido\" sast\u0101v no ang\u013cu valodas terminiem gratitude (pateic\u012bba), dignity (cie\u0146a) un donation (ziedojums). T\u0101d\u0113j\u0101di t\u0101 apvieno tr\u012bs jaun\u0101s ekonomikas kult\u016bras pamatv\u0113rt\u012bbas, proti, veicin\u0101t un nodro\u0161in\u0101t vesel\u012bgu saimniecisko darb\u012bbu visu interes\u0113s. \"Gradido\" \u0113tikas pamatprincipa pamat\u0101 ir indiv\u012bda labkl\u0101j\u012bbas saska\u0146o\u0161ana ar kopienas labkl\u0101j\u012bbu un liel\u0101ku kopumu - dabas un vides izpratn\u0113. \"Dz\u012bv\u012bbas cikls\" ir dabas pamatrecepte pan\u0101kumu g\u016b\u0161anai. Daba iev\u0113ro likumu, ka tikai tur, kur kaut kas izz\u016bd, var rasties kaut kas jauns, un t\u0101d\u0113j\u0101di ir iesp\u0113jami ilgtermi\u0146a uzlabojumi (evol\u016bcija). Ja m\u016bsu ekonomik\u0101 tiktu iev\u0113rots \u0161is dabiskais cikls, ekonomikas bionikas eksperti uzskata, ka var\u0113tu atrisin\u0101t praktiski visas ar naudu saist\u012bt\u0101s pasaules probl\u0113mas. Tom\u0113r pa\u0161reiz\u0113j\u0101 pasaules ekonomikas sist\u0113ma rada tie\u0161i pret\u0113ju efektu. T\u0101 tiecas p\u0113c eksponenci\u0101las ekonomisk\u0101s izaugsmes, kas, \u0146emot v\u0113r\u0101 sist\u0113mas b\u016bt\u012bbu, vienm\u0113r noved pie sabrukuma.<\/p>\n<p><!-- \/wp:paragraph --><!-- wp:paragraph --><\/p>\n<p><strong>Gradido val\u016bta<\/strong><br>Gradido akad\u0113mijas model\u012b tap\u0161anas un aizie\u0161anas cikls ir integr\u0113ts ar regul\u0101ras naudas rad\u012b\u0161anas un pl\u0101notas naudas \u012bslaic\u012bbas pal\u012bdz\u012bbu. Nauda tiek rad\u012bta, pamatojoties uz iedz\u012bvot\u0101ju skaita att\u012bst\u012bbu. Tas nov\u0113r\u0161 neierobe\u017eotu gr\u0101matnaudas pavairo\u0161anu un liek naudas pied\u0101v\u0101juma att\u012bst\u012bbai dabisku pamatu. Gradido akad\u0113mijas model\u012b nauda tiek sadal\u012bta p\u0113c tr\u012bs p\u012bl\u0101ru principa: katram pasaules iedz\u012bvot\u0101jam tiek pie\u0161\u0137irti 3000 \"Gradido\", kas ir val\u016btas nosaukums. Viena tre\u0161da\u013ca tiek pie\u0161\u0137irta katram iedz\u012bvot\u0101jam k\u0101 akt\u012bvs pamatien\u0101kums, otru tre\u0161da\u013cu sa\u0146em valsts par t\u0101s sniegtajiem pakalpojumiem sabiedr\u012bbai, bet tre\u0161\u0101 da\u013ca tiek novirz\u012bta kompens\u0101cijas un vides fondam, lai nodro\u0161in\u0101tu ekonomisk\u0101 un ekolo\u0123isk\u0101 mantojuma sakop\u0161anu. Iemesls, k\u0101p\u0113c nauda tiek sadal\u012bta tie\u0161i \u0161\u0101d\u0101 veid\u0101, sak\u0146ojas \"tr\u012bsk\u0101r\u0161\u0101 labuma\" \u0113tik\u0101. Indiv\u012bds ir da\u013ca no kopienas, valsts, un t\u0101, savuk\u0101rt, ir da\u013ca no \"kop\u0113j\u0101s ainas\", ekosist\u0113mas. Ja viens no \u0161iem trim aspektiem tiek atst\u0101ts nov\u0101rt\u0101, visa sist\u0113ma ir nel\u012bdzsvarota. Katra gada laik\u0101 beidzas 50 % izveidot\u0101s naudas termi\u0146\u0161. \u0160is pl\u0101notais tap\u0161anas un sabruk\u0161anas cikls nodro\u0161ina naudas pied\u0101v\u0101juma stabilit\u0101ti un sist\u0113mas l\u012bdzsvaru.<strong>.<\/strong>&nbsp;Gradido val\u016btas ievie\u0161ana var notikt gan vis\u0101 pasaul\u0113, gan atsevi\u0161\u0137\u0101s valst\u012bs, un to var veidot pa posmiem paral\u0113li eso\u0161ajai sist\u0113mai, lai visus elementus var\u0113tu bez riska p\u0101rbaud\u012bt un vajadz\u012bbas gad\u012bjum\u0101 optimiz\u0113t.<\/p>\n<p><!-- \/wp:paragraph --><!-- wp:paragraph --><\/p>\n<p><strong>Aizraut\u012bba un atbild\u012bba<\/strong><br>\"Starptautiskais Val\u016btas fonds (SVF) prognoz\u0113 vissmag\u0101ko ekonomikas kr\u012bzi 90 gadu laik\u0101, t\u0101p\u0113c tagad ir nepiecie\u0161ami jauni risin\u0101jumi. Gradido ir \u012bsti pien\u0101cis laiks, un m\u0113s uzskat\u0101m, ka m\u016bsu pien\u0101kums ir iek\u013caut \u0161o modeli politiskaj\u0101s diskusij\u0101s,\" uzsver Bernds Hik\u0161tads. Margret Baier piebilst: \"M\u0113s esam atradu\u0161i risin\u0101jumu, kas orient\u0113ts uz dabas principiem un kas nodro\u0161in\u0101s dz\u012bvo\u0161anas cien\u012bgu n\u0101kotni pa\u0161reiz\u0113j\u0101m un n\u0101kamaj\u0101m paaudz\u0113m. \u0160\u0101d\u0101 veid\u0101 mums patie\u0161\u0101m var izdoties piepild\u012bt vienu no liel\u0101kajiem cilv\u0113ces sap\u0146iem un nodro\u0161in\u0101t ilgsto\u0161u mieru un labkl\u0101j\u012bbu visiem cilv\u0113kiem uz zemes harmonij\u0101 ar dabu.\"\" Lai ieg\u016btu vair\u0101k inform\u0101cijas, skatiet&nbsp;<a href=\"https:\/\/gradido.net\/lv\/\" target=\"_blank\" rel=\"noreferrer noopener\" data-type=\"URL\" data-id=\"https:\/\/gradido.net\/\">www.gradido.net<\/a><\/p>\n<p><!-- \/wp:paragraph --><\/p>\t\t\t\t\t\t\t\t<\/div>\n\t\t\t\t<\/div>\n\t\t\t\t\t<\/div>\n\t\t<\/div>\n\t\t\t\t\t<\/div>\n\t\t<\/section>\n\t\t\t\t<\/div>","protected":false},"excerpt":{"rendered":"<p>Wirtschaftsbioniker setzen auf weltweite Gemeinwohlw\u00e4hrung K\u00fcnzelsau, 26. Mai 2020 \u2013 Die Corona-Krise hat unsere Welt binnen k\u00fcrzester Zeit grundlegend ver\u00e4ndert. Trotz billionenschwerer Hilfsprogramme befindet sich die Wirtschaft im freien Fall. Das weltweite Finanzsystem droht zu scheitern, gefolgt von Masseninsolvenzen, Rekordarbeitslosigkeit und bitterer Armut. Nur mit einem zukunftsf\u00e4higen neuen Geldsystem, bei dem die \u00f6konomischen, \u00f6kologischen und [&hellip;]<\/p>\n","protected":false},"author":1,"featured_media":858,"comment_status":"closed","ping_status":"closed","sticky":false,"template":"","format":"standard","meta":{"footnotes":""},"categories":[8],"tags":[15],"class_list":["post-616","post","type-post","status-publish","format-standard","has-post-thumbnail","hentry","category-pressemitteilung","tag-wirtschaftsbionik"],"yoast_head":"<!-- This site is optimized with the Yoast SEO plugin v27.5 - https:\/\/yoast.com\/product\/yoast-seo-wordpress\/ -->\n<title>Corona-Krise: Zeit f\u00fcr die \u201eNat\u00fcrliche \u00d6konomie des Lebens\u201c - Gradido<\/title>\n<meta name=\"robots\" content=\"index, follow, max-snippet:-1, max-image-preview:large, max-video-preview:-1\" \/>\n<link rel=\"canonical\" href=\"https:\/\/gradido.net\/lv\/corona-krise-zeit-fuer-die-natuerliche-oekonomie-des-lebens\/\" \/>\n<meta property=\"og:locale\" content=\"lv_LV\" \/>\n<meta property=\"og:type\" content=\"article\" \/>\n<meta property=\"og:title\" content=\"Corona-Krise: Zeit f\u00fcr die \u201eNat\u00fcrliche \u00d6konomie des Lebens\u201c - Gradido\" \/>\n<meta property=\"og:description\" content=\"Wirtschaftsbioniker setzen auf weltweite Gemeinwohlw\u00e4hrung K\u00fcnzelsau, 26. Mai 2020 \u2013 Die Corona-Krise hat unsere Welt binnen k\u00fcrzester Zeit grundlegend ver\u00e4ndert. Trotz billionenschwerer Hilfsprogramme befindet sich die Wirtschaft im freien Fall. Das weltweite Finanzsystem droht zu scheitern, gefolgt von Masseninsolvenzen, Rekordarbeitslosigkeit und bitterer Armut. Nur mit einem zukunftsf\u00e4higen neuen Geldsystem, bei dem die \u00f6konomischen, \u00f6kologischen und [&hellip;]\" \/>\n<meta property=\"og:url\" content=\"https:\/\/gradido.net\/lv\/corona-krise-zeit-fuer-die-natuerliche-oekonomie-des-lebens\/\" \/>\n<meta property=\"og:site_name\" content=\"Gradido\" \/>\n<meta property=\"article:published_time\" content=\"2020-05-26T13:29:00+00:00\" \/>\n<meta property=\"article:modified_time\" content=\"2021-12-10T12:08:25+00:00\" \/>\n<meta property=\"og:image\" content=\"https:\/\/gradido.net\/wp-content\/uploads\/2020\/05\/gemeinwohlwaehrung.jpg\" \/>\n\t<meta property=\"og:image:width\" content=\"1000\" \/>\n\t<meta property=\"og:image:height\" content=\"684\" \/>\n\t<meta property=\"og:image:type\" content=\"image\/jpeg\" \/>\n<meta name=\"author\" content=\"GR4dmin\" \/>\n<meta name=\"twitter:card\" content=\"summary_large_image\" \/>\n<meta name=\"twitter:label1\" content=\"Written by\" \/>\n\t<meta name=\"twitter:data1\" content=\"GR4dmin\" \/>\n\t<meta name=\"twitter:label2\" content=\"Est. reading time\" \/>\n\t<meta name=\"twitter:data2\" content=\"5 min\u016btes\" \/>\n<script type=\"application\/ld+json\" class=\"yoast-schema-graph\">{\"@context\":\"https:\\\/\\\/schema.org\",\"@graph\":[{\"@type\":\"Article\",\"@id\":\"https:\\\/\\\/gradido.net\\\/et\\\/corona-krise-zeit-fuer-die-natuerliche-oekonomie-des-lebens\\\/#article\",\"isPartOf\":{\"@id\":\"https:\\\/\\\/gradido.net\\\/et\\\/corona-krise-zeit-fuer-die-natuerliche-oekonomie-des-lebens\\\/\"},\"author\":{\"name\":\"GR4dmin\",\"@id\":\"https:\\\/\\\/gradido.net\\\/de\\\/#\\\/schema\\\/person\\\/9f913f37a47e7a82ad686b58fc907588\"},\"headline\":\"Corona-Krise: Zeit f\u00fcr die \u201eNat\u00fcrliche \u00d6konomie des Lebens\u201c\",\"datePublished\":\"2020-05-26T13:29:00+00:00\",\"dateModified\":\"2021-12-10T12:08:25+00:00\",\"mainEntityOfPage\":{\"@id\":\"https:\\\/\\\/gradido.net\\\/et\\\/corona-krise-zeit-fuer-die-natuerliche-oekonomie-des-lebens\\\/\"},\"wordCount\":983,\"publisher\":{\"@id\":\"https:\\\/\\\/gradido.net\\\/de\\\/#organization\"},\"image\":{\"@id\":\"https:\\\/\\\/gradido.net\\\/et\\\/corona-krise-zeit-fuer-die-natuerliche-oekonomie-des-lebens\\\/#primaryimage\"},\"thumbnailUrl\":\"https:\\\/\\\/gradido.net\\\/wp-content\\\/uploads\\\/2020\\\/05\\\/gemeinwohlwaehrung.jpg\",\"keywords\":[\"Wirtschaftsbionik\"],\"articleSection\":[\"Pressemitteilung\"],\"inLanguage\":\"lv-LV\"},{\"@type\":\"WebPage\",\"@id\":\"https:\\\/\\\/gradido.net\\\/et\\\/corona-krise-zeit-fuer-die-natuerliche-oekonomie-des-lebens\\\/\",\"url\":\"https:\\\/\\\/gradido.net\\\/et\\\/corona-krise-zeit-fuer-die-natuerliche-oekonomie-des-lebens\\\/\",\"name\":\"Corona-Krise: Zeit f\u00fcr die \u201eNat\u00fcrliche \u00d6konomie des Lebens\u201c - Gradido\",\"isPartOf\":{\"@id\":\"https:\\\/\\\/gradido.net\\\/de\\\/#website\"},\"primaryImageOfPage\":{\"@id\":\"https:\\\/\\\/gradido.net\\\/et\\\/corona-krise-zeit-fuer-die-natuerliche-oekonomie-des-lebens\\\/#primaryimage\"},\"image\":{\"@id\":\"https:\\\/\\\/gradido.net\\\/et\\\/corona-krise-zeit-fuer-die-natuerliche-oekonomie-des-lebens\\\/#primaryimage\"},\"thumbnailUrl\":\"https:\\\/\\\/gradido.net\\\/wp-content\\\/uploads\\\/2020\\\/05\\\/gemeinwohlwaehrung.jpg\",\"datePublished\":\"2020-05-26T13:29:00+00:00\",\"dateModified\":\"2021-12-10T12:08:25+00:00\",\"breadcrumb\":{\"@id\":\"https:\\\/\\\/gradido.net\\\/et\\\/corona-krise-zeit-fuer-die-natuerliche-oekonomie-des-lebens\\\/#breadcrumb\"},\"inLanguage\":\"lv-LV\",\"potentialAction\":[{\"@type\":\"ReadAction\",\"target\":[\"https:\\\/\\\/gradido.net\\\/et\\\/corona-krise-zeit-fuer-die-natuerliche-oekonomie-des-lebens\\\/\"]}]},{\"@type\":\"ImageObject\",\"inLanguage\":\"lv-LV\",\"@id\":\"https:\\\/\\\/gradido.net\\\/et\\\/corona-krise-zeit-fuer-die-natuerliche-oekonomie-des-lebens\\\/#primaryimage\",\"url\":\"https:\\\/\\\/gradido.net\\\/wp-content\\\/uploads\\\/2020\\\/05\\\/gemeinwohlwaehrung.jpg\",\"contentUrl\":\"https:\\\/\\\/gradido.net\\\/wp-content\\\/uploads\\\/2020\\\/05\\\/gemeinwohlwaehrung.jpg\",\"width\":1000,\"height\":684},{\"@type\":\"BreadcrumbList\",\"@id\":\"https:\\\/\\\/gradido.net\\\/et\\\/corona-krise-zeit-fuer-die-natuerliche-oekonomie-des-lebens\\\/#breadcrumb\",\"itemListElement\":[{\"@type\":\"ListItem\",\"position\":1,\"name\":\"Startseite\",\"item\":\"https:\\\/\\\/gradido.net\\\/\"},{\"@type\":\"ListItem\",\"position\":2,\"name\":\"Corona-Krise: Zeit f\u00fcr die \u201eNat\u00fcrliche \u00d6konomie des Lebens\u201c\"}]},{\"@type\":\"WebSite\",\"@id\":\"https:\\\/\\\/gradido.net\\\/de\\\/#website\",\"url\":\"https:\\\/\\\/gradido.net\\\/de\\\/\",\"name\":\"Gradido\",\"description\":\"Die neue W\u00e4hrung hei\u00dft Dankbarkeit\",\"publisher\":{\"@id\":\"https:\\\/\\\/gradido.net\\\/de\\\/#organization\"},\"potentialAction\":[{\"@type\":\"SearchAction\",\"target\":{\"@type\":\"EntryPoint\",\"urlTemplate\":\"https:\\\/\\\/gradido.net\\\/de\\\/?s={search_term_string}\"},\"query-input\":{\"@type\":\"PropertyValueSpecification\",\"valueRequired\":true,\"valueName\":\"search_term_string\"}}],\"inLanguage\":\"lv-LV\"},{\"@type\":\"Organization\",\"@id\":\"https:\\\/\\\/gradido.net\\\/de\\\/#organization\",\"name\":\"Gradido\",\"url\":\"https:\\\/\\\/gradido.net\\\/de\\\/\",\"logo\":{\"@type\":\"ImageObject\",\"inLanguage\":\"lv-LV\",\"@id\":\"https:\\\/\\\/gradido.net\\\/de\\\/#\\\/schema\\\/logo\\\/image\\\/\",\"url\":\"https:\\\/\\\/gradido.net\\\/wp-content\\\/uploads\\\/2022\\\/04\\\/gradido-social.jpg\",\"contentUrl\":\"https:\\\/\\\/gradido.net\\\/wp-content\\\/uploads\\\/2022\\\/04\\\/gradido-social.jpg\",\"width\":527,\"height\":273,\"caption\":\"Gradido\"},\"image\":{\"@id\":\"https:\\\/\\\/gradido.net\\\/de\\\/#\\\/schema\\\/logo\\\/image\\\/\"}},{\"@type\":\"Person\",\"@id\":\"https:\\\/\\\/gradido.net\\\/de\\\/#\\\/schema\\\/person\\\/9f913f37a47e7a82ad686b58fc907588\",\"name\":\"GR4dmin\",\"sameAs\":[\"https:\\\/\\\/gradido.net\"],\"url\":\"https:\\\/\\\/gradido.net\\\/lv\\\/author\\\/gr4dmin\\\/\"}]}<\/script>\n<!-- \/ Yoast SEO plugin. -->","yoast_head_json":{"title":"Corona kr\u012bze: laiks \"Dabiskajai dz\u012bves ekonomikai\" - Gradido","robots":{"index":"index","follow":"follow","max-snippet":"max-snippet:-1","max-image-preview":"max-image-preview:large","max-video-preview":"max-video-preview:-1"},"canonical":"https:\/\/gradido.net\/lv\/corona-krise-zeit-fuer-die-natuerliche-oekonomie-des-lebens\/","og_locale":"lv_LV","og_type":"article","og_title":"Corona-Krise: Zeit f\u00fcr die \u201eNat\u00fcrliche \u00d6konomie des Lebens\u201c - Gradido","og_description":"Wirtschaftsbioniker setzen auf weltweite Gemeinwohlw\u00e4hrung K\u00fcnzelsau, 26. Mai 2020 \u2013 Die Corona-Krise hat unsere Welt binnen k\u00fcrzester Zeit grundlegend ver\u00e4ndert. Trotz billionenschwerer Hilfsprogramme befindet sich die Wirtschaft im freien Fall. Das weltweite Finanzsystem droht zu scheitern, gefolgt von Masseninsolvenzen, Rekordarbeitslosigkeit und bitterer Armut. Nur mit einem zukunftsf\u00e4higen neuen Geldsystem, bei dem die \u00f6konomischen, \u00f6kologischen und [&hellip;]","og_url":"https:\/\/gradido.net\/lv\/corona-krise-zeit-fuer-die-natuerliche-oekonomie-des-lebens\/","og_site_name":"Gradido","article_published_time":"2020-05-26T13:29:00+00:00","article_modified_time":"2021-12-10T12:08:25+00:00","og_image":[{"width":1000,"height":684,"url":"https:\/\/gradido.net\/wp-content\/uploads\/2020\/05\/gemeinwohlwaehrung.jpg","type":"image\/jpeg"}],"author":"GR4dmin","twitter_card":"summary_large_image","twitter_misc":{"Written by":"GR4dmin","Est. reading time":"5 min\u016btes"},"schema":{"@context":"https:\/\/schema.org","@graph":[{"@type":"Article","@id":"https:\/\/gradido.net\/et\/corona-krise-zeit-fuer-die-natuerliche-oekonomie-des-lebens\/#article","isPartOf":{"@id":"https:\/\/gradido.net\/et\/corona-krise-zeit-fuer-die-natuerliche-oekonomie-des-lebens\/"},"author":{"name":"GR4dmin","@id":"https:\/\/gradido.net\/de\/#\/schema\/person\/9f913f37a47e7a82ad686b58fc907588"},"headline":"Corona-Krise: Zeit f\u00fcr die \u201eNat\u00fcrliche \u00d6konomie des Lebens\u201c","datePublished":"2020-05-26T13:29:00+00:00","dateModified":"2021-12-10T12:08:25+00:00","mainEntityOfPage":{"@id":"https:\/\/gradido.net\/et\/corona-krise-zeit-fuer-die-natuerliche-oekonomie-des-lebens\/"},"wordCount":983,"publisher":{"@id":"https:\/\/gradido.net\/de\/#organization"},"image":{"@id":"https:\/\/gradido.net\/et\/corona-krise-zeit-fuer-die-natuerliche-oekonomie-des-lebens\/#primaryimage"},"thumbnailUrl":"https:\/\/gradido.net\/wp-content\/uploads\/2020\/05\/gemeinwohlwaehrung.jpg","keywords":["Wirtschaftsbionik"],"articleSection":["Pressemitteilung"],"inLanguage":"lv-LV"},{"@type":"WebPage","@id":"https:\/\/gradido.net\/et\/corona-krise-zeit-fuer-die-natuerliche-oekonomie-des-lebens\/","url":"https:\/\/gradido.net\/et\/corona-krise-zeit-fuer-die-natuerliche-oekonomie-des-lebens\/","name":"Corona kr\u012bze: laiks \"Dabiskajai dz\u012bves ekonomikai\" - Gradido","isPartOf":{"@id":"https:\/\/gradido.net\/de\/#website"},"primaryImageOfPage":{"@id":"https:\/\/gradido.net\/et\/corona-krise-zeit-fuer-die-natuerliche-oekonomie-des-lebens\/#primaryimage"},"image":{"@id":"https:\/\/gradido.net\/et\/corona-krise-zeit-fuer-die-natuerliche-oekonomie-des-lebens\/#primaryimage"},"thumbnailUrl":"https:\/\/gradido.net\/wp-content\/uploads\/2020\/05\/gemeinwohlwaehrung.jpg","datePublished":"2020-05-26T13:29:00+00:00","dateModified":"2021-12-10T12:08:25+00:00","breadcrumb":{"@id":"https:\/\/gradido.net\/et\/corona-krise-zeit-fuer-die-natuerliche-oekonomie-des-lebens\/#breadcrumb"},"inLanguage":"lv-LV","potentialAction":[{"@type":"ReadAction","target":["https:\/\/gradido.net\/et\/corona-krise-zeit-fuer-die-natuerliche-oekonomie-des-lebens\/"]}]},{"@type":"ImageObject","inLanguage":"lv-LV","@id":"https:\/\/gradido.net\/et\/corona-krise-zeit-fuer-die-natuerliche-oekonomie-des-lebens\/#primaryimage","url":"https:\/\/gradido.net\/wp-content\/uploads\/2020\/05\/gemeinwohlwaehrung.jpg","contentUrl":"https:\/\/gradido.net\/wp-content\/uploads\/2020\/05\/gemeinwohlwaehrung.jpg","width":1000,"height":684},{"@type":"BreadcrumbList","@id":"https:\/\/gradido.net\/et\/corona-krise-zeit-fuer-die-natuerliche-oekonomie-des-lebens\/#breadcrumb","itemListElement":[{"@type":"ListItem","position":1,"name":"Startseite","item":"https:\/\/gradido.net\/"},{"@type":"ListItem","position":2,"name":"Corona-Krise: Zeit f\u00fcr die \u201eNat\u00fcrliche \u00d6konomie des Lebens\u201c"}]},{"@type":"WebSite","@id":"https:\/\/gradido.net\/de\/#website","url":"https:\/\/gradido.net\/de\/","name":"Gradido","description":"Jaun\u0101 val\u016bta ir pateic\u012bba","publisher":{"@id":"https:\/\/gradido.net\/de\/#organization"},"potentialAction":[{"@type":"SearchAction","target":{"@type":"EntryPoint","urlTemplate":"https:\/\/gradido.net\/de\/?s={search_term_string}"},"query-input":{"@type":"PropertyValueSpecification","valueRequired":true,"valueName":"search_term_string"}}],"inLanguage":"lv-LV"},{"@type":"Organization","@id":"https:\/\/gradido.net\/de\/#organization","name":"Gradido","url":"https:\/\/gradido.net\/de\/","logo":{"@type":"ImageObject","inLanguage":"lv-LV","@id":"https:\/\/gradido.net\/de\/#\/schema\/logo\/image\/","url":"https:\/\/gradido.net\/wp-content\/uploads\/2022\/04\/gradido-social.jpg","contentUrl":"https:\/\/gradido.net\/wp-content\/uploads\/2022\/04\/gradido-social.jpg","width":527,"height":273,"caption":"Gradido"},"image":{"@id":"https:\/\/gradido.net\/de\/#\/schema\/logo\/image\/"}},{"@type":"Person","@id":"https:\/\/gradido.net\/de\/#\/schema\/person\/9f913f37a47e7a82ad686b58fc907588","name":"GR4dmin","sameAs":["https:\/\/gradido.net"],"url":"https:\/\/gradido.net\/lv\/author\/gr4dmin\/"}]}},"_links":{"self":[{"href":"https:\/\/gradido.net\/lv\/wp-json\/wp\/v2\/posts\/616","targetHints":{"allow":["GET"]}}],"collection":[{"href":"https:\/\/gradido.net\/lv\/wp-json\/wp\/v2\/posts"}],"about":[{"href":"https:\/\/gradido.net\/lv\/wp-json\/wp\/v2\/types\/post"}],"author":[{"embeddable":true,"href":"https:\/\/gradido.net\/lv\/wp-json\/wp\/v2\/users\/1"}],"replies":[{"embeddable":true,"href":"https:\/\/gradido.net\/lv\/wp-json\/wp\/v2\/comments?post=616"}],"version-history":[{"count":15,"href":"https:\/\/gradido.net\/lv\/wp-json\/wp\/v2\/posts\/616\/revisions"}],"predecessor-version":[{"id":3718,"href":"https:\/\/gradido.net\/lv\/wp-json\/wp\/v2\/posts\/616\/revisions\/3718"}],"wp:featuredmedia":[{"embeddable":true,"href":"https:\/\/gradido.net\/lv\/wp-json\/wp\/v2\/media\/858"}],"wp:attachment":[{"href":"https:\/\/gradido.net\/lv\/wp-json\/wp\/v2\/media?parent=616"}],"wp:term":[{"taxonomy":"category","embeddable":true,"href":"https:\/\/gradido.net\/lv\/wp-json\/wp\/v2\/categories?post=616"},{"taxonomy":"post_tag","embeddable":true,"href":"https:\/\/gradido.net\/lv\/wp-json\/wp\/v2\/tags?post=616"}],"curies":[{"name":"wp","href":"https:\/\/api.w.org\/{rel}","templated":true}]}}