{"id":633,"date":"2020-06-17T15:56:00","date_gmt":"2020-06-17T13:56:00","guid":{"rendered":"http:\/\/neu.gradido.net\/?p=633"},"modified":"2021-12-10T13:07:39","modified_gmt":"2021-12-10T12:07:39","slug":"grundeinkommen-statt-familienbonus","status":"publish","type":"post","link":"https:\/\/gradido.net\/lv\/grundeinkommen-statt-familienbonus\/","title":{"rendered":"Pamata ien\u0101kumi \u0123imenes piemaksas viet\u0101"},"content":{"rendered":"<div data-elementor-type=\"wp-post\" data-elementor-id=\"633\" class=\"elementor elementor-633\" data-elementor-post-type=\"post\">\n\t\t\t\t\t\t<section class=\"elementor-section elementor-top-section elementor-element elementor-element-1290ed7f elementor-section-boxed elementor-section-height-default elementor-section-height-default\" data-id=\"1290ed7f\" data-element_type=\"section\" data-e-type=\"section\">\n\t\t\t\t\t\t<div class=\"elementor-container elementor-column-gap-default\">\n\t\t\t\t\t<div class=\"elementor-column elementor-col-100 elementor-top-column elementor-element elementor-element-55c8895b\" data-id=\"55c8895b\" data-element_type=\"column\" data-e-type=\"column\">\n\t\t\t<div class=\"elementor-widget-wrap elementor-element-populated\">\n\t\t\t\t\t\t<div class=\"elementor-element elementor-element-96a8bad elementor-widget elementor-widget-text-editor\" data-id=\"96a8bad\" data-element_type=\"widget\" data-e-type=\"widget\" data-widget_type=\"text-editor.default\">\n\t\t\t\t<div class=\"elementor-widget-container\">\n\t\t\t\t\t\t\t\t\t<h3>Gradido modelis sola dro\u0161\u012bbu ar n\u0101kotni<\/h3>\n<p><strong>K\u00fcnzelsau, 2020. gada 17. j\u016bnijs - Daudz\u0101m \u0123imen\u0113m Corona kr\u012bze rada ar\u012b nopietnu finansi\u0101lu slogu. Vienreiz\u0113j\u0101 \"\u0123imenes pr\u0113mija\" 300 eiro apm\u0113r\u0101 par katru b\u0113rnu diez vai var atvieglot vi\u0146u no\u017e\u0113lojamo st\u0101vokli. Dr\u012bz\u0101k ir nepiecie\u0161ama izl\u0113m\u012bga kursa mai\u0146a un rado\u0161a \u0123imenes politika. Att\u012bst\u012bt\u0101s Gradido finan\u0161u sist\u0113mas \"akt\u012bvajam pamatien\u0101kumam\" ir potenci\u0101ls nodro\u0161in\u0101t vec\u0101ku un b\u0113rnu eksistenci. \u0160odien un n\u0101kotn\u0113.&nbsp;<\/strong><\/p>\n<p>Akt\u012bv\u0101 pamatien\u0101kuma (AGE) pamat\u0101 ir \"beznosac\u012bjumu l\u012bdzdal\u012bbas\" ideja. Tie, kas v\u0113las to izmantot, dod ieguld\u012bjumu sabiedr\u012bbai ar saviem talantiem un tieksm\u0113m. Paredzams, ka \u0161\u012bm darb\u012bb\u0101m m\u0113nes\u012b ir paredz\u0113tas ne vair\u0101k k\u0101 50 stundas. Stundas alga ir 20 \"Gradido\" (GDD), t\u0101tad m\u0113ne\u0161a pamatien\u0101kums ir 1000 GDD. T\u0101d\u0113j\u0101di no \u0161\u012b br\u012b\u017ea tiktu nodro\u0161in\u0101tas katra cilv\u0113ka pamatvajadz\u012bbas.<\/p>\n<p>21. gadsimta probl\u0113mas var atrisin\u0101t tikai ar ilgtsp\u0113j\u012bgu jaunu ekonomikas un finan\u0161u sist\u0113mu. Gradido Ekonomikas bionikas akad\u0113mija ir izstr\u0101d\u0101jusi \u0161\u0101du sist\u0113mu p\u0113d\u0113jo 20 gadu laik\u0101. L\u012bdzsvara sist\u0113ma \"Gradido\" darbojas saska\u0146\u0101 ar dabas modeli un var nodro\u0161in\u0101t mums un n\u0101kamaj\u0101m paaudz\u0113m ilgsto\u0161u labkl\u0101j\u012bbu un mier\u012bgu l\u012bdz\u0101spast\u0101v\u0113\u0161anu.<\/p>\n<p>Pla\u0161\u0101ku inform\u0101ciju par \"akt\u012bvajiem pamatien\u0101kumiem\" saska\u0146\u0101 ar Gradido modeli skatiet \u0161eit.&nbsp;<a href=\"https:\/\/gradido.net\/lv\/basic-income\/\">https:\/\/gradido.net\/de\/basic-income\/<\/a><\/p>\n<p><strong>Par Gradido akad\u0113miju<\/strong><\/p>\n<p>Gradido Ekonomikas bionikas akad\u0113mija (Gradido Academy for Economic Bionics) ir izstr\u0101d\u0101jusi alternat\u012bvu \"kop\u0113j\u0101 labuma val\u016btu\", kas ir veidota p\u0113c dabas parauga. Daba iev\u0113ro likumu, ka tikai tur, kur kaut kas izz\u016bd, var rasties kaut kas jauns, un t\u0101d\u0113j\u0101di ir iesp\u0113jami ilgtermi\u0146a uzlabojumi (evol\u016bcija). T\u0101s veiksmes recepte ir \"dz\u012bves cikls\". Ja ar\u012b m\u016bsu ekonomik\u0101 notiktu \u0161is dabiskais cikls, tas atrisin\u0101tu praktiski visas ar naudu saist\u012bt\u0101s pasaules probl\u0113mas, uzskata ekonomikas bionikas eksperti. Gradido mode\u013ca pamat\u0101 ir ideja, ka ne tikai katra persona, bet ar\u012b katra valsts sa\u0146em ien\u0101kumus, kas tiek veidoti uz kred\u012bta b\u0101zes. T\u0101d\u0113j\u0101di t\u0101 var veikt visus savus uzdevumus, neiekas\u0113jot nodok\u013cus. Defl\u0101cija vai infl\u0101cija ir pag\u0101tnes lietas. Ekonomika ir atbr\u012bvota no nep\u0101rtrauktas nepiecie\u0161am\u012bbas augt, un finan\u0161u sist\u0113mas sabrukuma draudi beidzot ir nov\u0113rsti. (<a href=\"https:\/\/gradido.net\/lv\/\">www.gradido.net<\/a>)<\/p>\t\t\t\t\t\t\t\t<\/div>\n\t\t\t\t<\/div>\n\t\t\t\t\t<\/div>\n\t\t<\/div>\n\t\t\t\t\t<\/div>\n\t\t<\/section>\n\t\t\t\t<\/div>","protected":false},"excerpt":{"rendered":"<p>Gradido-Modell verspricht Sicherheit mit Zukunft K\u00fcnzelsau, 17. Juni 2020 \u2013 Vielen Familien beschert die Corona-Krise auch gravierende finanzielle Belastungen. Der einmalige \u201aFamilienbonus\u2018 von 300 Euro pro Kind kann deren Notlage kaum lindern. Vielmehr sind ein entschiedener Kurswechsel und kreative Familienpolitik das Gebot der Stunde. Das \u201aAktive Grundeinkommen\u2018 des evolution\u00e4ren Gradido-Finanzsystems hat das Potential, die Existenz [&hellip;]<\/p>\n","protected":false},"author":1,"featured_media":228,"comment_status":"closed","ping_status":"closed","sticky":false,"template":"","format":"standard","meta":{"footnotes":""},"categories":[8],"tags":[16],"class_list":["post-633","post","type-post","status-publish","format-standard","has-post-thumbnail","hentry","category-pressemitteilung","tag-grundeinkommen"],"yoast_head":"<!-- This site is optimized with the Yoast SEO plugin v27.5 - https:\/\/yoast.com\/product\/yoast-seo-wordpress\/ -->\n<title>Grundeinkommen statt Familienbonus - Gradido<\/title>\n<meta name=\"robots\" content=\"index, follow, max-snippet:-1, max-image-preview:large, max-video-preview:-1\" \/>\n<link rel=\"canonical\" href=\"https:\/\/gradido.net\/lv\/grundeinkommen-statt-familienbonus\/\" \/>\n<meta property=\"og:locale\" content=\"lv_LV\" \/>\n<meta property=\"og:type\" content=\"article\" \/>\n<meta property=\"og:title\" content=\"Grundeinkommen statt Familienbonus - Gradido\" \/>\n<meta property=\"og:description\" content=\"Gradido-Modell verspricht Sicherheit mit Zukunft K\u00fcnzelsau, 17. Juni 2020 \u2013 Vielen Familien beschert die Corona-Krise auch gravierende finanzielle Belastungen. Der einmalige \u201aFamilienbonus\u2018 von 300 Euro pro Kind kann deren Notlage kaum lindern. Vielmehr sind ein entschiedener Kurswechsel und kreative Familienpolitik das Gebot der Stunde. Das \u201aAktive Grundeinkommen\u2018 des evolution\u00e4ren Gradido-Finanzsystems hat das Potential, die Existenz [&hellip;]\" \/>\n<meta property=\"og:url\" content=\"https:\/\/gradido.net\/lv\/grundeinkommen-statt-familienbonus\/\" \/>\n<meta property=\"og:site_name\" content=\"Gradido\" \/>\n<meta property=\"article:published_time\" content=\"2020-06-17T13:56:00+00:00\" \/>\n<meta property=\"article:modified_time\" content=\"2021-12-10T12:07:39+00:00\" \/>\n<meta property=\"og:image\" content=\"https:\/\/gradido.net\/wp-content\/uploads\/2020\/06\/family-hand.jpg\" \/>\n\t<meta property=\"og:image:width\" content=\"1000\" \/>\n\t<meta property=\"og:image:height\" content=\"667\" \/>\n\t<meta property=\"og:image:type\" content=\"image\/jpeg\" \/>\n<meta name=\"author\" content=\"GR4dmin\" \/>\n<meta name=\"twitter:card\" content=\"summary_large_image\" \/>\n<meta name=\"twitter:label1\" content=\"Written by\" \/>\n\t<meta name=\"twitter:data1\" content=\"GR4dmin\" \/>\n\t<meta name=\"twitter:label2\" content=\"Est. reading time\" \/>\n\t<meta name=\"twitter:data2\" content=\"2 min\u016btes\" \/>\n<script type=\"application\/ld+json\" class=\"yoast-schema-graph\">{\"@context\":\"https:\\\/\\\/schema.org\",\"@graph\":[{\"@type\":\"Article\",\"@id\":\"https:\\\/\\\/gradido.net\\\/tr\\\/grundeinkommen-statt-familienbonus\\\/#article\",\"isPartOf\":{\"@id\":\"https:\\\/\\\/gradido.net\\\/tr\\\/grundeinkommen-statt-familienbonus\\\/\"},\"author\":{\"name\":\"GR4dmin\",\"@id\":\"https:\\\/\\\/gradido.net\\\/de\\\/#\\\/schema\\\/person\\\/9f913f37a47e7a82ad686b58fc907588\"},\"headline\":\"Grundeinkommen statt Familienbonus\",\"datePublished\":\"2020-06-17T13:56:00+00:00\",\"dateModified\":\"2021-12-10T12:07:39+00:00\",\"mainEntityOfPage\":{\"@id\":\"https:\\\/\\\/gradido.net\\\/tr\\\/grundeinkommen-statt-familienbonus\\\/\"},\"wordCount\":336,\"publisher\":{\"@id\":\"https:\\\/\\\/gradido.net\\\/de\\\/#organization\"},\"image\":{\"@id\":\"https:\\\/\\\/gradido.net\\\/tr\\\/grundeinkommen-statt-familienbonus\\\/#primaryimage\"},\"thumbnailUrl\":\"https:\\\/\\\/gradido.net\\\/wp-content\\\/uploads\\\/2020\\\/06\\\/family-hand.jpg\",\"keywords\":[\"Grundeinkommen\"],\"articleSection\":[\"Pressemitteilung\"],\"inLanguage\":\"lv-LV\"},{\"@type\":\"WebPage\",\"@id\":\"https:\\\/\\\/gradido.net\\\/tr\\\/grundeinkommen-statt-familienbonus\\\/\",\"url\":\"https:\\\/\\\/gradido.net\\\/tr\\\/grundeinkommen-statt-familienbonus\\\/\",\"name\":\"Grundeinkommen statt Familienbonus - Gradido\",\"isPartOf\":{\"@id\":\"https:\\\/\\\/gradido.net\\\/de\\\/#website\"},\"primaryImageOfPage\":{\"@id\":\"https:\\\/\\\/gradido.net\\\/tr\\\/grundeinkommen-statt-familienbonus\\\/#primaryimage\"},\"image\":{\"@id\":\"https:\\\/\\\/gradido.net\\\/tr\\\/grundeinkommen-statt-familienbonus\\\/#primaryimage\"},\"thumbnailUrl\":\"https:\\\/\\\/gradido.net\\\/wp-content\\\/uploads\\\/2020\\\/06\\\/family-hand.jpg\",\"datePublished\":\"2020-06-17T13:56:00+00:00\",\"dateModified\":\"2021-12-10T12:07:39+00:00\",\"breadcrumb\":{\"@id\":\"https:\\\/\\\/gradido.net\\\/tr\\\/grundeinkommen-statt-familienbonus\\\/#breadcrumb\"},\"inLanguage\":\"lv-LV\",\"potentialAction\":[{\"@type\":\"ReadAction\",\"target\":[\"https:\\\/\\\/gradido.net\\\/tr\\\/grundeinkommen-statt-familienbonus\\\/\"]}]},{\"@type\":\"ImageObject\",\"inLanguage\":\"lv-LV\",\"@id\":\"https:\\\/\\\/gradido.net\\\/tr\\\/grundeinkommen-statt-familienbonus\\\/#primaryimage\",\"url\":\"https:\\\/\\\/gradido.net\\\/wp-content\\\/uploads\\\/2020\\\/06\\\/family-hand.jpg\",\"contentUrl\":\"https:\\\/\\\/gradido.net\\\/wp-content\\\/uploads\\\/2020\\\/06\\\/family-hand.jpg\",\"width\":1000,\"height\":667},{\"@type\":\"BreadcrumbList\",\"@id\":\"https:\\\/\\\/gradido.net\\\/tr\\\/grundeinkommen-statt-familienbonus\\\/#breadcrumb\",\"itemListElement\":[{\"@type\":\"ListItem\",\"position\":1,\"name\":\"Startseite\",\"item\":\"https:\\\/\\\/gradido.net\\\/\"},{\"@type\":\"ListItem\",\"position\":2,\"name\":\"Grundeinkommen statt Familienbonus\"}]},{\"@type\":\"WebSite\",\"@id\":\"https:\\\/\\\/gradido.net\\\/de\\\/#website\",\"url\":\"https:\\\/\\\/gradido.net\\\/de\\\/\",\"name\":\"Gradido\",\"description\":\"Die neue W\u00e4hrung hei\u00dft Dankbarkeit\",\"publisher\":{\"@id\":\"https:\\\/\\\/gradido.net\\\/de\\\/#organization\"},\"potentialAction\":[{\"@type\":\"SearchAction\",\"target\":{\"@type\":\"EntryPoint\",\"urlTemplate\":\"https:\\\/\\\/gradido.net\\\/de\\\/?s={search_term_string}\"},\"query-input\":{\"@type\":\"PropertyValueSpecification\",\"valueRequired\":true,\"valueName\":\"search_term_string\"}}],\"inLanguage\":\"lv-LV\"},{\"@type\":\"Organization\",\"@id\":\"https:\\\/\\\/gradido.net\\\/de\\\/#organization\",\"name\":\"Gradido\",\"url\":\"https:\\\/\\\/gradido.net\\\/de\\\/\",\"logo\":{\"@type\":\"ImageObject\",\"inLanguage\":\"lv-LV\",\"@id\":\"https:\\\/\\\/gradido.net\\\/de\\\/#\\\/schema\\\/logo\\\/image\\\/\",\"url\":\"https:\\\/\\\/gradido.net\\\/wp-content\\\/uploads\\\/2022\\\/04\\\/gradido-social.jpg\",\"contentUrl\":\"https:\\\/\\\/gradido.net\\\/wp-content\\\/uploads\\\/2022\\\/04\\\/gradido-social.jpg\",\"width\":527,\"height\":273,\"caption\":\"Gradido\"},\"image\":{\"@id\":\"https:\\\/\\\/gradido.net\\\/de\\\/#\\\/schema\\\/logo\\\/image\\\/\"}},{\"@type\":\"Person\",\"@id\":\"https:\\\/\\\/gradido.net\\\/de\\\/#\\\/schema\\\/person\\\/9f913f37a47e7a82ad686b58fc907588\",\"name\":\"GR4dmin\",\"sameAs\":[\"https:\\\/\\\/gradido.net\"],\"url\":\"https:\\\/\\\/gradido.net\\\/lv\\\/author\\\/gr4dmin\\\/\"}]}<\/script>\n<!-- \/ Yoast SEO plugin. -->","yoast_head_json":{"title":"Pamata ien\u0101kumi \u0123imenes piemaksas viet\u0101 - Gradido","robots":{"index":"index","follow":"follow","max-snippet":"max-snippet:-1","max-image-preview":"max-image-preview:large","max-video-preview":"max-video-preview:-1"},"canonical":"https:\/\/gradido.net\/lv\/grundeinkommen-statt-familienbonus\/","og_locale":"lv_LV","og_type":"article","og_title":"Grundeinkommen statt Familienbonus - Gradido","og_description":"Gradido-Modell verspricht Sicherheit mit Zukunft K\u00fcnzelsau, 17. Juni 2020 \u2013 Vielen Familien beschert die Corona-Krise auch gravierende finanzielle Belastungen. Der einmalige \u201aFamilienbonus\u2018 von 300 Euro pro Kind kann deren Notlage kaum lindern. Vielmehr sind ein entschiedener Kurswechsel und kreative Familienpolitik das Gebot der Stunde. Das \u201aAktive Grundeinkommen\u2018 des evolution\u00e4ren Gradido-Finanzsystems hat das Potential, die Existenz [&hellip;]","og_url":"https:\/\/gradido.net\/lv\/grundeinkommen-statt-familienbonus\/","og_site_name":"Gradido","article_published_time":"2020-06-17T13:56:00+00:00","article_modified_time":"2021-12-10T12:07:39+00:00","og_image":[{"width":1000,"height":667,"url":"https:\/\/gradido.net\/wp-content\/uploads\/2020\/06\/family-hand.jpg","type":"image\/jpeg"}],"author":"GR4dmin","twitter_card":"summary_large_image","twitter_misc":{"Written by":"GR4dmin","Est. reading time":"2 min\u016btes"},"schema":{"@context":"https:\/\/schema.org","@graph":[{"@type":"Article","@id":"https:\/\/gradido.net\/tr\/grundeinkommen-statt-familienbonus\/#article","isPartOf":{"@id":"https:\/\/gradido.net\/tr\/grundeinkommen-statt-familienbonus\/"},"author":{"name":"GR4dmin","@id":"https:\/\/gradido.net\/de\/#\/schema\/person\/9f913f37a47e7a82ad686b58fc907588"},"headline":"Grundeinkommen statt Familienbonus","datePublished":"2020-06-17T13:56:00+00:00","dateModified":"2021-12-10T12:07:39+00:00","mainEntityOfPage":{"@id":"https:\/\/gradido.net\/tr\/grundeinkommen-statt-familienbonus\/"},"wordCount":336,"publisher":{"@id":"https:\/\/gradido.net\/de\/#organization"},"image":{"@id":"https:\/\/gradido.net\/tr\/grundeinkommen-statt-familienbonus\/#primaryimage"},"thumbnailUrl":"https:\/\/gradido.net\/wp-content\/uploads\/2020\/06\/family-hand.jpg","keywords":["Grundeinkommen"],"articleSection":["Pressemitteilung"],"inLanguage":"lv-LV"},{"@type":"WebPage","@id":"https:\/\/gradido.net\/tr\/grundeinkommen-statt-familienbonus\/","url":"https:\/\/gradido.net\/tr\/grundeinkommen-statt-familienbonus\/","name":"Pamata ien\u0101kumi \u0123imenes piemaksas viet\u0101 - Gradido","isPartOf":{"@id":"https:\/\/gradido.net\/de\/#website"},"primaryImageOfPage":{"@id":"https:\/\/gradido.net\/tr\/grundeinkommen-statt-familienbonus\/#primaryimage"},"image":{"@id":"https:\/\/gradido.net\/tr\/grundeinkommen-statt-familienbonus\/#primaryimage"},"thumbnailUrl":"https:\/\/gradido.net\/wp-content\/uploads\/2020\/06\/family-hand.jpg","datePublished":"2020-06-17T13:56:00+00:00","dateModified":"2021-12-10T12:07:39+00:00","breadcrumb":{"@id":"https:\/\/gradido.net\/tr\/grundeinkommen-statt-familienbonus\/#breadcrumb"},"inLanguage":"lv-LV","potentialAction":[{"@type":"ReadAction","target":["https:\/\/gradido.net\/tr\/grundeinkommen-statt-familienbonus\/"]}]},{"@type":"ImageObject","inLanguage":"lv-LV","@id":"https:\/\/gradido.net\/tr\/grundeinkommen-statt-familienbonus\/#primaryimage","url":"https:\/\/gradido.net\/wp-content\/uploads\/2020\/06\/family-hand.jpg","contentUrl":"https:\/\/gradido.net\/wp-content\/uploads\/2020\/06\/family-hand.jpg","width":1000,"height":667},{"@type":"BreadcrumbList","@id":"https:\/\/gradido.net\/tr\/grundeinkommen-statt-familienbonus\/#breadcrumb","itemListElement":[{"@type":"ListItem","position":1,"name":"Startseite","item":"https:\/\/gradido.net\/"},{"@type":"ListItem","position":2,"name":"Grundeinkommen statt Familienbonus"}]},{"@type":"WebSite","@id":"https:\/\/gradido.net\/de\/#website","url":"https:\/\/gradido.net\/de\/","name":"Gradido","description":"Jaun\u0101 val\u016bta ir pateic\u012bba","publisher":{"@id":"https:\/\/gradido.net\/de\/#organization"},"potentialAction":[{"@type":"SearchAction","target":{"@type":"EntryPoint","urlTemplate":"https:\/\/gradido.net\/de\/?s={search_term_string}"},"query-input":{"@type":"PropertyValueSpecification","valueRequired":true,"valueName":"search_term_string"}}],"inLanguage":"lv-LV"},{"@type":"Organization","@id":"https:\/\/gradido.net\/de\/#organization","name":"Gradido","url":"https:\/\/gradido.net\/de\/","logo":{"@type":"ImageObject","inLanguage":"lv-LV","@id":"https:\/\/gradido.net\/de\/#\/schema\/logo\/image\/","url":"https:\/\/gradido.net\/wp-content\/uploads\/2022\/04\/gradido-social.jpg","contentUrl":"https:\/\/gradido.net\/wp-content\/uploads\/2022\/04\/gradido-social.jpg","width":527,"height":273,"caption":"Gradido"},"image":{"@id":"https:\/\/gradido.net\/de\/#\/schema\/logo\/image\/"}},{"@type":"Person","@id":"https:\/\/gradido.net\/de\/#\/schema\/person\/9f913f37a47e7a82ad686b58fc907588","name":"GR4dmin","sameAs":["https:\/\/gradido.net"],"url":"https:\/\/gradido.net\/lv\/author\/gr4dmin\/"}]}},"_links":{"self":[{"href":"https:\/\/gradido.net\/lv\/wp-json\/wp\/v2\/posts\/633","targetHints":{"allow":["GET"]}}],"collection":[{"href":"https:\/\/gradido.net\/lv\/wp-json\/wp\/v2\/posts"}],"about":[{"href":"https:\/\/gradido.net\/lv\/wp-json\/wp\/v2\/types\/post"}],"author":[{"embeddable":true,"href":"https:\/\/gradido.net\/lv\/wp-json\/wp\/v2\/users\/1"}],"replies":[{"embeddable":true,"href":"https:\/\/gradido.net\/lv\/wp-json\/wp\/v2\/comments?post=633"}],"version-history":[{"count":10,"href":"https:\/\/gradido.net\/lv\/wp-json\/wp\/v2\/posts\/633\/revisions"}],"predecessor-version":[{"id":3715,"href":"https:\/\/gradido.net\/lv\/wp-json\/wp\/v2\/posts\/633\/revisions\/3715"}],"wp:featuredmedia":[{"embeddable":true,"href":"https:\/\/gradido.net\/lv\/wp-json\/wp\/v2\/media\/228"}],"wp:attachment":[{"href":"https:\/\/gradido.net\/lv\/wp-json\/wp\/v2\/media?parent=633"}],"wp:term":[{"taxonomy":"category","embeddable":true,"href":"https:\/\/gradido.net\/lv\/wp-json\/wp\/v2\/categories?post=633"},{"taxonomy":"post_tag","embeddable":true,"href":"https:\/\/gradido.net\/lv\/wp-json\/wp\/v2\/tags?post=633"}],"curies":[{"name":"wp","href":"https:\/\/api.w.org\/{rel}","templated":true}]}}