{"id":6619,"date":"2023-05-05T09:10:20","date_gmt":"2023-05-05T07:10:20","guid":{"rendered":"https:\/\/gradido.net\/?p=6619"},"modified":"2026-04-24T08:07:14","modified_gmt":"2026-04-24T06:07:14","slug":"gradidocafe","status":"publish","type":"post","link":"https:\/\/gradido.net\/lv\/gradidocafe\/","title":{"rendered":"GradidoCaf\u00e9"},"content":{"rendered":"<div data-elementor-type=\"wp-post\" data-elementor-id=\"6619\" class=\"elementor elementor-6619\" data-elementor-post-type=\"post\">\n\t\t\t\t\t\t<section class=\"elementor-section elementor-top-section elementor-element elementor-element-496e1d53 elementor-section-boxed elementor-section-height-default elementor-section-height-default\" data-id=\"496e1d53\" data-element_type=\"section\" data-e-type=\"section\">\n\t\t\t\t\t\t<div class=\"elementor-container elementor-column-gap-default\">\n\t\t\t\t\t<div class=\"elementor-column elementor-col-100 elementor-top-column elementor-element elementor-element-461d7be0\" data-id=\"461d7be0\" data-element_type=\"column\" data-e-type=\"column\">\n\t\t\t<div class=\"elementor-widget-wrap elementor-element-populated\">\n\t\t\t\t\t\t<div class=\"elementor-element elementor-element-cd9ebe2 elementor-widget elementor-widget-text-editor\" data-id=\"cd9ebe2\" data-element_type=\"widget\" data-e-type=\"widget\" data-widget_type=\"text-editor.default\">\n\t\t\t\t<div class=\"elementor-widget-container\">\n\t\t\t\t\t\t\t\t\t<p style=\"text-align: right;\"><em>\"Kur tiek pasniegta kafija, tur ir \u017e\u0113last\u012bba, draudz\u012bba un laime!\"<br \/>Ansari Djerzeri Hanball Abd-al-Kadir<br \/>Ar\u0101bu \u0161eihs (<\/em><em style=\"background-color: var( --e-global-color-1939326 ); color: var( --e-global-color-text );\">16. gadsimts)<\/em><\/p><p style=\"text-align: left;\">D\u0101rgais las\u012bt\u0101j,<br \/>Vai jums pat\u012bk ar\u012b doties \u0101r\u0101 ar draugiem, piem\u0113ram, uz restor\u0101nu, alus d\u0101rzu vai kafejn\u012bcu? K\u0101 b\u016btu, ja var\u0113tu vi\u0146iem beig\u0101s pateikties ar Gradido vai DankBar? T\u0101da ir GradidoCaf\u00e9s ideja.<\/p><p>\u0160aj\u0101 \u012bsaj\u0101 videoklip\u0101 Bernds par\u0101da, k\u0101 tas tiek dar\u012bts:<\/p>\t\t\t\t\t\t\t\t<\/div>\n\t\t\t\t<\/div>\n\t\t\t\t<div class=\"elementor-element elementor-element-8db244e elementor-widget elementor-widget-video\" data-id=\"8db244e\" data-element_type=\"widget\" data-e-type=\"widget\" data-settings=\"{&quot;video_type&quot;:&quot;vimeo&quot;}\" data-widget_type=\"video.default\">\n\t\t\t\t<div class=\"elementor-widget-container\">\n\t\t\t\t\t\t\t<div class=\"elementor-wrapper elementor-open-inline\">\n\t\t\t<iframe hcb-fetch-image-from=\"https:\/\/vimeo.com\/823667790\" class=\"elementor-video-iframe\" allowfullscreen allow=\"clipboard-write\" title=\"vimeo video atska\u0146ot\u0101js\" src=\"https:\/\/player.vimeo.com\/video\/823667790?color&amp;autopause=0&amp;loop=0&amp;muted=0&amp;title=1&amp;portrait=1&amp;byline=1#t=\"><\/iframe>\t\t<\/div>\n\t\t\t\t\t\t<\/div>\n\t\t\t\t<\/div>\n\t\t\t\t<div class=\"elementor-element elementor-element-b347260 elementor-widget elementor-widget-text-editor\" data-id=\"b347260\" data-element_type=\"widget\" data-e-type=\"widget\" data-widget_type=\"text-editor.default\">\n\t\t\t\t<div class=\"elementor-widget-container\">\n\t\t\t\t\t\t\t\t\t<p style=\"text-align: center;\"><a href=\"https:\/\/vimeo.com\/823667790\" target=\"_blank\" rel=\"noopener\">Skaties Vimeo<\/a><\/p><p>Kop\u0101 \u0113st, dzert, svin\u0113t un lieliski sarun\u0101ties ar domubiedriem - tas ir GradidoCaf\u00e9s.<\/p><p>Vair\u0101k inform\u0101cijas par <a href=\"https:\/\/gradido.net\/lv\/der-dankbar-kommt-gradido-in-scheinen\/\">DankBar<\/a>, <a href=\"https:\/\/gradido.net\/lv\/dankschecks-selbst-gestalten\/\">Pateic\u012bbas \u010deki<\/a> un <a href=\"https:\/\/gradido.net\/lv\/live-gradido-senden-von-mensch-zu-mensch-mit-qr-code\/\">Gradido konts<\/a> \u0161eit <a href=\"https:\/\/gradido.net\/lv\/blog\/\">Gradido emu\u0101rs<\/a>.<\/p>\t\t\t\t\t\t\t\t<\/div>\n\t\t\t\t<\/div>\n\t\t\t\t<div class=\"elementor-element elementor-element-d74dfa0 elementor-widget elementor-widget-text-editor\" data-id=\"d74dfa0\" data-element_type=\"widget\" data-e-type=\"widget\" data-widget_type=\"text-editor.default\">\n\t\t\t\t<div class=\"elementor-widget-container\">\n\t\t\t\t\t\t\t\t\t<div data-pm-slice=\"1 1 []\" data-en-clipboard=\"true\">Kop\u0101 - ar prieku un entuziasmu - m\u0113s nesam pasaul\u0113 Gradido!<br \/><br \/>Sirsn\u012bgi sveicieni<\/div><p>J\u016bsu<\/p><p><img decoding=\"async\" class=\"alignnone wp-image-4614 size-medium\" src=\"https:\/\/gradido.net\/wp-content\/uploads\/2022\/06\/MargretBernd_2022-300x74.png\" alt=\"\" width=\"300\" height=\"74\" srcset=\"https:\/\/gradido.net\/wp-content\/uploads\/2022\/06\/MargretBernd_2022-300x74.png 300w, https:\/\/gradido.net\/wp-content\/uploads\/2022\/06\/MargretBernd_2022-18x4.png 18w, https:\/\/gradido.net\/wp-content\/uploads\/2022\/06\/MargretBernd_2022.png 431w\" sizes=\"(max-width: 300px) 100vw, 300px\" \/><\/p><p>Margret Baier un Bernd H\u00fcckst\u00e4dt<br \/>Gradido dibin\u0101t\u0101js un izstr\u0101d\u0101t\u0101js<\/p>\t\t\t\t\t\t\t\t<\/div>\n\t\t\t\t<\/div>\n\t\t\t\t\t<\/div>\n\t\t<\/div>\n\t\t\t\t\t<\/div>\n\t\t<\/section>\n\t\t\t\t<section class=\"elementor-section elementor-top-section elementor-element elementor-element-14532fe elementor-section-boxed elementor-section-height-default elementor-section-height-default\" data-id=\"14532fe\" data-element_type=\"section\" data-e-type=\"section\">\n\t\t\t\t\t\t<div class=\"elementor-container elementor-column-gap-default\">\n\t\t\t\t\t<div class=\"elementor-column elementor-col-100 elementor-top-column elementor-element elementor-element-65d2298\" data-id=\"65d2298\" data-element_type=\"column\" data-e-type=\"column\">\n\t\t\t<div class=\"elementor-widget-wrap elementor-element-populated\">\n\t\t\t\t\t\t<div class=\"elementor-element elementor-element-fe8ca65 elementor-widget elementor-widget-global elementor-global-9341 elementor-widget-text-editor\" data-id=\"fe8ca65\" data-element_type=\"widget\" data-e-type=\"widget\" data-widget_type=\"text-editor.default\">\n\t\t\t\t<div class=\"elementor-widget-container\">\n\t\t\t\t\t\t\t\t\t<p><strong>PS:\u00a0<span style=\"color: #ff6600;\"><a style=\"color: #ff6600;\" href=\"https:\/\/gradido.net\/lv\/donations\/\">T\u0101 k\u0101 Gradido k\u013c\u016bst arvien noz\u012bm\u012bg\u0101ks, m\u0113s atk\u0101rtojam m\u016bsu pateic\u012bbas kampa\u0146u 2026. gada 26. j\u016bnij\u0101:<\/a>\u00a0<\/span><span style=\"color: #0000ff;\"><a style=\"color: #0000ff;\" href=\"https:\/\/gradido.net\/lv\/donations\/\">Papildus vair\u0101kk\u0101rt\u0113jai GradidoTransform par j\u016bsu sponsor\u0113\u0161anas ieguld\u012bjumu, m\u0113s palielin\u0101sim visu GDT kontu atlikumus par 26% 26\/06\/2016. Sponsor\u0113jiet tagad un izbaudiet vair\u0101kk\u0101rt\u0113ju GDT summu!<\/a><\/span><\/strong><\/p>\t\t\t\t\t\t\t\t<\/div>\n\t\t\t\t<\/div>\n\t\t\t\t\t<\/div>\n\t\t<\/div>\n\t\t\t\t\t<\/div>\n\t\t<\/section>\n\t\t\t\t<\/div>","protected":false},"excerpt":{"rendered":"<p>Vai jums pat\u012bk ar\u012b doties \u0101r\u0101 ar draugiem, piem\u0113ram, uz restor\u0101nu, alus d\u0101rzu vai kafejn\u012bcu? K\u0101 b\u016btu, ja var\u0113tu vi\u0146iem beig\u0101s pateikties ar Gradido vai DankBar? T\u0101da ir GradidoCaf\u00e9s ideja.<\/p>","protected":false},"author":2,"featured_media":6621,"comment_status":"closed","ping_status":"closed","sticky":false,"template":"","format":"standard","meta":{"footnotes":""},"categories":[11,54],"tags":[],"class_list":["post-6619","post","type-post","status-publish","format-standard","has-post-thumbnail","hentry","category-blog","category-community"],"yoast_head":"<!-- This site is optimized with the Yoast SEO plugin v27.5 - https:\/\/yoast.com\/product\/yoast-seo-wordpress\/ -->\n<title>GradidoCaf\u00e9 - Gradido<\/title>\n<meta name=\"description\" content=\"Gehst auch Du gerne mit Freunden aus, z.B. in ein Restaurant, einen Biergarten oder ein Caf\u00e9? Wie w\u00e4re es, am Ende mit Gradido oder DankBar danken zu k\u00f6nnen? Das ist die Idee der GradidoCaf\u00e9s.\" \/>\n<meta name=\"robots\" content=\"index, follow, max-snippet:-1, max-image-preview:large, max-video-preview:-1\" \/>\n<link rel=\"canonical\" href=\"https:\/\/gradido.net\/lv\/gradidocafe\/\" \/>\n<meta property=\"og:locale\" content=\"lv_LV\" \/>\n<meta property=\"og:type\" content=\"article\" \/>\n<meta property=\"og:title\" content=\"GradidoCaf\u00e9 - Gradido\" \/>\n<meta property=\"og:description\" content=\"Gehst auch Du gerne mit Freunden aus, z.B. in ein Restaurant, einen Biergarten oder ein Caf\u00e9? Wie w\u00e4re es, am Ende mit Gradido oder DankBar danken zu k\u00f6nnen? Das ist die Idee der GradidoCaf\u00e9s.\" \/>\n<meta property=\"og:url\" content=\"https:\/\/gradido.net\/lv\/gradidocafe\/\" \/>\n<meta property=\"og:site_name\" content=\"Gradido\" \/>\n<meta property=\"article:published_time\" content=\"2023-05-05T07:10:20+00:00\" \/>\n<meta property=\"article:modified_time\" content=\"2026-04-24T06:07:14+00:00\" \/>\n<meta property=\"og:image\" content=\"https:\/\/gradido.net\/wp-content\/uploads\/2023\/05\/GradidoCafe\u0301_WP.jpg\" \/>\n\t<meta property=\"og:image:width\" content=\"1920\" \/>\n\t<meta property=\"og:image:height\" content=\"1080\" \/>\n\t<meta property=\"og:image:type\" content=\"image\/jpeg\" \/>\n<meta name=\"author\" content=\"Bernd H\u00fcckst\u00e4dt\" \/>\n<meta name=\"twitter:card\" content=\"summary_large_image\" \/>\n<meta name=\"twitter:label1\" content=\"Written by\" \/>\n\t<meta name=\"twitter:data1\" content=\"Bernd H\u00fcckst\u00e4dt\" \/>\n\t<meta name=\"twitter:label2\" content=\"Est. reading time\" \/>\n\t<meta name=\"twitter:data2\" content=\"2 min\u016btes\" \/>\n<script type=\"application\/ld+json\" class=\"yoast-schema-graph\">{\"@context\":\"https:\\\/\\\/schema.org\",\"@graph\":[{\"@type\":\"Article\",\"@id\":\"https:\\\/\\\/gradido.net\\\/gradidocafe\\\/#article\",\"isPartOf\":{\"@id\":\"https:\\\/\\\/gradido.net\\\/gradidocafe\\\/\"},\"author\":{\"name\":\"Bernd H\u00fcckst\u00e4dt\",\"@id\":\"https:\\\/\\\/gradido.net\\\/de\\\/#\\\/schema\\\/person\\\/9c503a004ad15a1ddecadce2218db5d1\"},\"headline\":\"GradidoCaf\u00e9\",\"datePublished\":\"2023-05-05T07:10:20+00:00\",\"dateModified\":\"2026-04-24T06:07:14+00:00\",\"mainEntityOfPage\":{\"@id\":\"https:\\\/\\\/gradido.net\\\/gradidocafe\\\/\"},\"wordCount\":177,\"publisher\":{\"@id\":\"https:\\\/\\\/gradido.net\\\/de\\\/#organization\"},\"image\":{\"@id\":\"https:\\\/\\\/gradido.net\\\/gradidocafe\\\/#primaryimage\"},\"thumbnailUrl\":\"https:\\\/\\\/gradido.net\\\/wp-content\\\/uploads\\\/2023\\\/05\\\/GradidoCafe\u0301_WP.jpg\",\"articleSection\":[\"Blog\",\"Community\"],\"inLanguage\":\"lv-LV\"},{\"@type\":\"WebPage\",\"@id\":\"https:\\\/\\\/gradido.net\\\/gradidocafe\\\/\",\"url\":\"https:\\\/\\\/gradido.net\\\/gradidocafe\\\/\",\"name\":\"GradidoCaf\u00e9 - Gradido\",\"isPartOf\":{\"@id\":\"https:\\\/\\\/gradido.net\\\/de\\\/#website\"},\"primaryImageOfPage\":{\"@id\":\"https:\\\/\\\/gradido.net\\\/gradidocafe\\\/#primaryimage\"},\"image\":{\"@id\":\"https:\\\/\\\/gradido.net\\\/gradidocafe\\\/#primaryimage\"},\"thumbnailUrl\":\"https:\\\/\\\/gradido.net\\\/wp-content\\\/uploads\\\/2023\\\/05\\\/GradidoCafe\u0301_WP.jpg\",\"datePublished\":\"2023-05-05T07:10:20+00:00\",\"dateModified\":\"2026-04-24T06:07:14+00:00\",\"description\":\"Gehst auch Du gerne mit Freunden aus, z.B. in ein Restaurant, einen Biergarten oder ein Caf\u00e9? Wie w\u00e4re es, am Ende mit Gradido oder DankBar danken zu k\u00f6nnen? Das ist die Idee der GradidoCaf\u00e9s.\",\"breadcrumb\":{\"@id\":\"https:\\\/\\\/gradido.net\\\/gradidocafe\\\/#breadcrumb\"},\"inLanguage\":\"lv-LV\",\"potentialAction\":[{\"@type\":\"ReadAction\",\"target\":[\"https:\\\/\\\/gradido.net\\\/gradidocafe\\\/\"]}]},{\"@type\":\"ImageObject\",\"inLanguage\":\"lv-LV\",\"@id\":\"https:\\\/\\\/gradido.net\\\/gradidocafe\\\/#primaryimage\",\"url\":\"https:\\\/\\\/gradido.net\\\/wp-content\\\/uploads\\\/2023\\\/05\\\/GradidoCafe\u0301_WP.jpg\",\"contentUrl\":\"https:\\\/\\\/gradido.net\\\/wp-content\\\/uploads\\\/2023\\\/05\\\/GradidoCafe\u0301_WP.jpg\",\"width\":1920,\"height\":1080},{\"@type\":\"BreadcrumbList\",\"@id\":\"https:\\\/\\\/gradido.net\\\/gradidocafe\\\/#breadcrumb\",\"itemListElement\":[{\"@type\":\"ListItem\",\"position\":1,\"name\":\"Startseite\",\"item\":\"https:\\\/\\\/gradido.net\\\/\"},{\"@type\":\"ListItem\",\"position\":2,\"name\":\"GradidoCaf\u00e9\"}]},{\"@type\":\"WebSite\",\"@id\":\"https:\\\/\\\/gradido.net\\\/de\\\/#website\",\"url\":\"https:\\\/\\\/gradido.net\\\/de\\\/\",\"name\":\"Gradido\",\"description\":\"Die neue W\u00e4hrung hei\u00dft Dankbarkeit\",\"publisher\":{\"@id\":\"https:\\\/\\\/gradido.net\\\/de\\\/#organization\"},\"potentialAction\":[{\"@type\":\"SearchAction\",\"target\":{\"@type\":\"EntryPoint\",\"urlTemplate\":\"https:\\\/\\\/gradido.net\\\/de\\\/?s={search_term_string}\"},\"query-input\":{\"@type\":\"PropertyValueSpecification\",\"valueRequired\":true,\"valueName\":\"search_term_string\"}}],\"inLanguage\":\"lv-LV\"},{\"@type\":\"Organization\",\"@id\":\"https:\\\/\\\/gradido.net\\\/de\\\/#organization\",\"name\":\"Gradido\",\"url\":\"https:\\\/\\\/gradido.net\\\/de\\\/\",\"logo\":{\"@type\":\"ImageObject\",\"inLanguage\":\"lv-LV\",\"@id\":\"https:\\\/\\\/gradido.net\\\/de\\\/#\\\/schema\\\/logo\\\/image\\\/\",\"url\":\"https:\\\/\\\/gradido.net\\\/wp-content\\\/uploads\\\/2022\\\/04\\\/gradido-social.jpg\",\"contentUrl\":\"https:\\\/\\\/gradido.net\\\/wp-content\\\/uploads\\\/2022\\\/04\\\/gradido-social.jpg\",\"width\":527,\"height\":273,\"caption\":\"Gradido\"},\"image\":{\"@id\":\"https:\\\/\\\/gradido.net\\\/de\\\/#\\\/schema\\\/logo\\\/image\\\/\"}},{\"@type\":\"Person\",\"@id\":\"https:\\\/\\\/gradido.net\\\/de\\\/#\\\/schema\\\/person\\\/9c503a004ad15a1ddecadce2218db5d1\",\"name\":\"Bernd H\u00fcckst\u00e4dt\",\"sameAs\":[\"https:\\\/\\\/gradido.net\"],\"url\":\"https:\\\/\\\/gradido.net\\\/lv\\\/author\\\/bernd\\\/\"}]}<\/script>\n<!-- \/ Yoast SEO plugin. -->","yoast_head_json":{"title":"GradidoCaf\u00e9 - Gradido","description":"Vai jums pat\u012bk ar\u012b doties \u0101r\u0101 ar draugiem, piem\u0113ram, uz restor\u0101nu, alus d\u0101rzu vai kafejn\u012bcu? K\u0101 b\u016btu, ja var\u0113tu vi\u0146iem beig\u0101s pateikties ar Gradido vai DankBar? T\u0101da ir GradidoCaf\u00e9s ideja.","robots":{"index":"index","follow":"follow","max-snippet":"max-snippet:-1","max-image-preview":"max-image-preview:large","max-video-preview":"max-video-preview:-1"},"canonical":"https:\/\/gradido.net\/lv\/gradidocafe\/","og_locale":"lv_LV","og_type":"article","og_title":"GradidoCaf\u00e9 - Gradido","og_description":"Gehst auch Du gerne mit Freunden aus, z.B. in ein Restaurant, einen Biergarten oder ein Caf\u00e9? Wie w\u00e4re es, am Ende mit Gradido oder DankBar danken zu k\u00f6nnen? Das ist die Idee der GradidoCaf\u00e9s.","og_url":"https:\/\/gradido.net\/lv\/gradidocafe\/","og_site_name":"Gradido","article_published_time":"2023-05-05T07:10:20+00:00","article_modified_time":"2026-04-24T06:07:14+00:00","og_image":[{"width":1920,"height":1080,"url":"https:\/\/gradido.net\/wp-content\/uploads\/2023\/05\/GradidoCafe\u0301_WP.jpg","type":"image\/jpeg"}],"author":"Bernd H\u00fcckst\u00e4dt","twitter_card":"summary_large_image","twitter_misc":{"Written by":"Bernd H\u00fcckst\u00e4dt","Est. reading time":"2 min\u016btes"},"schema":{"@context":"https:\/\/schema.org","@graph":[{"@type":"Article","@id":"https:\/\/gradido.net\/gradidocafe\/#article","isPartOf":{"@id":"https:\/\/gradido.net\/gradidocafe\/"},"author":{"name":"Bernd H\u00fcckst\u00e4dt","@id":"https:\/\/gradido.net\/de\/#\/schema\/person\/9c503a004ad15a1ddecadce2218db5d1"},"headline":"GradidoCaf\u00e9","datePublished":"2023-05-05T07:10:20+00:00","dateModified":"2026-04-24T06:07:14+00:00","mainEntityOfPage":{"@id":"https:\/\/gradido.net\/gradidocafe\/"},"wordCount":177,"publisher":{"@id":"https:\/\/gradido.net\/de\/#organization"},"image":{"@id":"https:\/\/gradido.net\/gradidocafe\/#primaryimage"},"thumbnailUrl":"https:\/\/gradido.net\/wp-content\/uploads\/2023\/05\/GradidoCafe\u0301_WP.jpg","articleSection":["Blog","Community"],"inLanguage":"lv-LV"},{"@type":"WebPage","@id":"https:\/\/gradido.net\/gradidocafe\/","url":"https:\/\/gradido.net\/gradidocafe\/","name":"GradidoCaf\u00e9 - Gradido","isPartOf":{"@id":"https:\/\/gradido.net\/de\/#website"},"primaryImageOfPage":{"@id":"https:\/\/gradido.net\/gradidocafe\/#primaryimage"},"image":{"@id":"https:\/\/gradido.net\/gradidocafe\/#primaryimage"},"thumbnailUrl":"https:\/\/gradido.net\/wp-content\/uploads\/2023\/05\/GradidoCafe\u0301_WP.jpg","datePublished":"2023-05-05T07:10:20+00:00","dateModified":"2026-04-24T06:07:14+00:00","description":"Vai jums pat\u012bk ar\u012b doties \u0101r\u0101 ar draugiem, piem\u0113ram, uz restor\u0101nu, alus d\u0101rzu vai kafejn\u012bcu? K\u0101 b\u016btu, ja var\u0113tu vi\u0146iem beig\u0101s pateikties ar Gradido vai DankBar? T\u0101da ir GradidoCaf\u00e9s ideja.","breadcrumb":{"@id":"https:\/\/gradido.net\/gradidocafe\/#breadcrumb"},"inLanguage":"lv-LV","potentialAction":[{"@type":"ReadAction","target":["https:\/\/gradido.net\/gradidocafe\/"]}]},{"@type":"ImageObject","inLanguage":"lv-LV","@id":"https:\/\/gradido.net\/gradidocafe\/#primaryimage","url":"https:\/\/gradido.net\/wp-content\/uploads\/2023\/05\/GradidoCafe\u0301_WP.jpg","contentUrl":"https:\/\/gradido.net\/wp-content\/uploads\/2023\/05\/GradidoCafe\u0301_WP.jpg","width":1920,"height":1080},{"@type":"BreadcrumbList","@id":"https:\/\/gradido.net\/gradidocafe\/#breadcrumb","itemListElement":[{"@type":"ListItem","position":1,"name":"Startseite","item":"https:\/\/gradido.net\/"},{"@type":"ListItem","position":2,"name":"GradidoCaf\u00e9"}]},{"@type":"WebSite","@id":"https:\/\/gradido.net\/de\/#website","url":"https:\/\/gradido.net\/de\/","name":"Gradido","description":"Jaun\u0101 val\u016bta ir pateic\u012bba","publisher":{"@id":"https:\/\/gradido.net\/de\/#organization"},"potentialAction":[{"@type":"SearchAction","target":{"@type":"EntryPoint","urlTemplate":"https:\/\/gradido.net\/de\/?s={search_term_string}"},"query-input":{"@type":"PropertyValueSpecification","valueRequired":true,"valueName":"search_term_string"}}],"inLanguage":"lv-LV"},{"@type":"Organization","@id":"https:\/\/gradido.net\/de\/#organization","name":"Gradido","url":"https:\/\/gradido.net\/de\/","logo":{"@type":"ImageObject","inLanguage":"lv-LV","@id":"https:\/\/gradido.net\/de\/#\/schema\/logo\/image\/","url":"https:\/\/gradido.net\/wp-content\/uploads\/2022\/04\/gradido-social.jpg","contentUrl":"https:\/\/gradido.net\/wp-content\/uploads\/2022\/04\/gradido-social.jpg","width":527,"height":273,"caption":"Gradido"},"image":{"@id":"https:\/\/gradido.net\/de\/#\/schema\/logo\/image\/"}},{"@type":"Person","@id":"https:\/\/gradido.net\/de\/#\/schema\/person\/9c503a004ad15a1ddecadce2218db5d1","name":"Bernd H\u00fcckst\u00e4dt","sameAs":["https:\/\/gradido.net"],"url":"https:\/\/gradido.net\/lv\/author\/bernd\/"}]}},"_links":{"self":[{"href":"https:\/\/gradido.net\/lv\/wp-json\/wp\/v2\/posts\/6619","targetHints":{"allow":["GET"]}}],"collection":[{"href":"https:\/\/gradido.net\/lv\/wp-json\/wp\/v2\/posts"}],"about":[{"href":"https:\/\/gradido.net\/lv\/wp-json\/wp\/v2\/types\/post"}],"author":[{"embeddable":true,"href":"https:\/\/gradido.net\/lv\/wp-json\/wp\/v2\/users\/2"}],"replies":[{"embeddable":true,"href":"https:\/\/gradido.net\/lv\/wp-json\/wp\/v2\/comments?post=6619"}],"version-history":[{"count":23,"href":"https:\/\/gradido.net\/lv\/wp-json\/wp\/v2\/posts\/6619\/revisions"}],"predecessor-version":[{"id":13593,"href":"https:\/\/gradido.net\/lv\/wp-json\/wp\/v2\/posts\/6619\/revisions\/13593"}],"wp:featuredmedia":[{"embeddable":true,"href":"https:\/\/gradido.net\/lv\/wp-json\/wp\/v2\/media\/6621"}],"wp:attachment":[{"href":"https:\/\/gradido.net\/lv\/wp-json\/wp\/v2\/media?parent=6619"}],"wp:term":[{"taxonomy":"category","embeddable":true,"href":"https:\/\/gradido.net\/lv\/wp-json\/wp\/v2\/categories?post=6619"},{"taxonomy":"post_tag","embeddable":true,"href":"https:\/\/gradido.net\/lv\/wp-json\/wp\/v2\/tags?post=6619"}],"curies":[{"name":"wp","href":"https:\/\/api.w.org\/{rel}","templated":true}]}}