{"id":6837,"date":"2023-06-10T18:26:14","date_gmt":"2023-06-10T16:26:14","guid":{"rendered":"https:\/\/gradido.net\/?p=6837"},"modified":"2026-04-24T08:05:49","modified_gmt":"2026-04-24T06:05:49","slug":"webinar-wohlstand-und-frieden-fuer-die-menschheitsfamilie","status":"publish","type":"post","link":"https:\/\/gradido.net\/lv\/webinar-wohlstand-und-frieden-fuer-die-menschheitsfamilie\/","title":{"rendered":"Webin\u0101rs: Labkl\u0101j\u012bba un miers cilv\u0113ces \u0123imenei"},"content":{"rendered":"<div data-elementor-type=\"wp-post\" data-elementor-id=\"6837\" class=\"elementor elementor-6837\" data-elementor-post-type=\"post\">\n\t\t\t\t\t\t<section class=\"elementor-section elementor-top-section elementor-element elementor-element-496e1d53 elementor-section-boxed elementor-section-height-default elementor-section-height-default\" data-id=\"496e1d53\" data-element_type=\"section\" data-e-type=\"section\">\n\t\t\t\t\t\t<div class=\"elementor-container elementor-column-gap-default\">\n\t\t\t\t\t<div class=\"elementor-column elementor-col-100 elementor-top-column elementor-element elementor-element-461d7be0\" data-id=\"461d7be0\" data-element_type=\"column\" data-e-type=\"column\">\n\t\t\t<div class=\"elementor-widget-wrap elementor-element-populated\">\n\t\t\t\t\t\t<div class=\"elementor-element elementor-element-cd9ebe2 elementor-widget elementor-widget-text-editor\" data-id=\"cd9ebe2\" data-element_type=\"widget\" data-e-type=\"widget\" data-widget_type=\"text-editor.default\">\n\t\t\t\t<div class=\"elementor-widget-container\">\n\t\t\t\t\t\t\t\t\t<h3 style=\"text-align: left;\"><span style=\"background-color: var( --e-global-color-1939326 );\">K\u0101 rad\u012bt lielisku n\u0101kotni sev un saviem tuviniekiem<\/span><span style=\"background-color: var( --e-global-color-1939326 ); color: var( --e-global-color-text );\">\u00a0<\/span><\/h3><p>\u0160aj\u0101 vebin\u0101r\u0101 j\u016bs ieg\u016bsiet dzi\u013cas zin\u0101\u0161anas par vec\u0101s monet\u0101r\u0101s sist\u0113mas fat\u0101laj\u0101m k\u013c\u016bd\u0101m, vien\u012bgo sapr\u0101t\u012bgo risin\u0101jumu, kas balst\u012bts uz dabas modeli, un lielisku ce\u013cvedi, k\u0101 akt\u012bvi un ar prieku veidot n\u0101kotni - sev, saviem b\u0113rniem un visiem Zemes b\u0113rniem.<\/p><div><em>\u0160is ir ierakst\u012bts t\u012bmek\u013ca semin\u0101rs ar dz\u012bvu person\u0101\u017eu.<\/em><\/div><div><em>Varat uzdot jaut\u0101jumus t\u0113rz\u0113\u0161anas laik\u0101. P\u0113c tam m\u0113s uz tiem atbild\u0113sim pa e-pastu.<\/em><\/div>\t\t\t\t\t\t\t\t<\/div>\n\t\t\t\t<\/div>\n\t\t\t\t<div class=\"elementor-element elementor-element-381a286 elementor-widget elementor-widget-html\" data-id=\"381a286\" data-element_type=\"widget\" data-e-type=\"widget\" data-widget_type=\"html.default\">\n\t\t\t\t<div class=\"elementor-widget-container\">\n\t\t\t\t\t<section style=\"width:100%;height:auto;text-align:center;\">\n            <iframe id=\"wbn-27052-iframe\" frameborder=\"0\" allowfullscreen\n style=\"width:100%;max-width:523px;\" \n                height=\"816\" title=\"Gradido - Labkl\u0101j\u012bba un miers cilv\u0113ku \u0123imenei\"\n                src=\"https:\/\/21008.webinaris.co\/customer\/registration\/viewer\/27052\/21008?form=iframe&v=4&mode=N\">\n            <\/iframe>\n            <\/section>\n    <script type=\"text\/javascript\" src=\"https:\/\/21008.webinaris.co\/iframe\/quellcode.min.js?v=4\"><\/script>\n    <script type=\"text\/javascript\">wbnIframe.getInstance().init(\"wbn-27052-iframe\")<\/script>\t\t\t\t<\/div>\n\t\t\t\t<\/div>\n\t\t\t\t<div class=\"elementor-element elementor-element-fbd9531 elementor-widget elementor-widget-text-editor\" data-id=\"fbd9531\" data-element_type=\"widget\" data-e-type=\"widget\" data-widget_type=\"text-editor.default\">\n\t\t\t\t<div class=\"elementor-widget-container\">\n\t\t\t\t\t\t\t\t\t<p><img fetchpriority=\"high\" decoding=\"async\" class=\"wp-image-6846 alignleft\" src=\"https:\/\/gradido.net\/wp-content\/uploads\/2023\/06\/Bernd_Transparent.png\" alt=\"\" width=\"229\" height=\"229\" srcset=\"https:\/\/gradido.net\/wp-content\/uploads\/2023\/06\/Bernd_Transparent.png 500w, https:\/\/gradido.net\/wp-content\/uploads\/2023\/06\/Bernd_Transparent-300x300.png 300w, https:\/\/gradido.net\/wp-content\/uploads\/2023\/06\/Bernd_Transparent-150x150.png 150w, https:\/\/gradido.net\/wp-content\/uploads\/2023\/06\/Bernd_Transparent-12x12.png 12w\" sizes=\"(max-width: 229px) 100vw, 229px\" \/><\/p><p>\u00a0<\/p><p>\u00a0<\/p><p>\u00a0<\/p><p>J\u016bsu moderators:<br \/><b>Bernd H\u00fcckst\u00e4dt<\/b><br \/>Gradido dibin\u0101t\u0101js un izstr\u0101d\u0101t\u0101js<\/p><p style=\"text-align: left;\"><span style=\"background-color: var( --e-global-color-1939326 ); color: var( --e-global-color-text );\">\u00a0<\/span><\/p>\t\t\t\t\t\t\t\t<\/div>\n\t\t\t\t<\/div>\n\t\t\t\t\t<\/div>\n\t\t<\/div>\n\t\t\t\t\t<\/div>\n\t\t<\/section>\n\t\t\t\t<section class=\"elementor-section elementor-top-section elementor-element elementor-element-14532fe elementor-section-boxed elementor-section-height-default elementor-section-height-default\" data-id=\"14532fe\" data-element_type=\"section\" data-e-type=\"section\">\n\t\t\t\t\t\t<div class=\"elementor-container elementor-column-gap-default\">\n\t\t\t\t\t<div class=\"elementor-column elementor-col-100 elementor-top-column elementor-element elementor-element-65d2298\" data-id=\"65d2298\" data-element_type=\"column\" data-e-type=\"column\">\n\t\t\t<div class=\"elementor-widget-wrap elementor-element-populated\">\n\t\t\t\t\t\t<div class=\"elementor-element elementor-element-9d3c669 elementor-widget elementor-widget-text-editor\" data-id=\"9d3c669\" data-element_type=\"widget\" data-e-type=\"widget\" data-widget_type=\"text-editor.default\">\n\t\t\t\t<div class=\"elementor-widget-container\">\n\t\t\t\t\t\t\t\t\t<h3>To uzzin\u0101siet \u0161aj\u0101 bezmaksas t\u012bmek\u013ca semin\u0101r\u0101:<\/h3><ul><li>Tr\u012bs fat\u0101l\u0101s finan\u0161u sist\u0113mas nepiln\u012bbas, kas neizb\u0113gami noved\u012bs pie nabadz\u012bbas, kariem un vides izn\u012bcin\u0101\u0161anas.<\/li><li>Dabas 4 \u0123eni\u0101lie izgudrojumi, kas veiksm\u012bgi darbojas un rada jaunu dz\u012bv\u012bbu jau vair\u0101k nek\u0101 4,5 miljardus gadu.<\/li><li>Piecu so\u013cu pl\u0101ns mier\u012bgai p\u0101rejai no vec\u0101s finan\u0161u sist\u0113mas uz Dabisko Dz\u012bv\u012bbas ekonomiku - un k\u0101 j\u016bs jau tagad varat apmain\u012bties ar \"pateic\u012bbas val\u016btu Gradido\" visu lab\u0101.<\/li><\/ul>\t\t\t\t\t\t\t\t<\/div>\n\t\t\t\t<\/div>\n\t\t\t\t<div class=\"elementor-element elementor-element-0d88a77 elementor-widget elementor-widget-text-editor\" data-id=\"0d88a77\" data-element_type=\"widget\" data-e-type=\"widget\" data-widget_type=\"text-editor.default\">\n\t\t\t\t<div class=\"elementor-widget-container\">\n\t\t\t\t\t\t\t\t\t<h4>Izv\u0113lieties tik\u0161anos un uzziniet, k\u0101 ar bezmaksas Gradido kontu varat iev\u0113rojami uzlabot savu dz\u012bvi!<\/h4>\t\t\t\t\t\t\t\t<\/div>\n\t\t\t\t<\/div>\n\t\t\t\t<div class=\"elementor-element elementor-element-199ab12 elementor-widget elementor-widget-text-editor\" data-id=\"199ab12\" data-element_type=\"widget\" data-e-type=\"widget\" data-widget_type=\"text-editor.default\">\n\t\t\t\t<div class=\"elementor-widget-container\">\n\t\t\t\t\t\t\t\t\t<h3 data-pm-slice=\"1 1 []\" data-en-clipboard=\"true\">Par moderatoru:<\/h3><div data-pm-slice=\"1 1 []\" data-en-clipboard=\"true\">Jau kop\u0161 b\u0113rn\u012bbas Bernds Hik\u0161tads (Bernd H\u00fcckst\u00e4dt) ir bijis noraiz\u0113jies par aizvien pieaugo\u0161o plaisu starp bag\u0101tajiem un nabadz\u012bgajiem un mekl\u0113jis risin\u0101jumus. Visbeidzot vi\u0146\u0161 tos atrada, intens\u012bvi v\u0113rojot dabu. Pirms aptuveni 20 gadiem vi\u0146\u0161 kop\u0101 ar Margr\u0113tu Baieru (Margret Baier) nodibin\u0101ja Gradido akad\u0113miju ekonomikas bionikai. Vi\u0146\u0161 ir galvenais \"Dabisk\u0101s dz\u012bves ekonomikas\" un \"Gradido pateic\u012bbas val\u016btas\" izstr\u0101d\u0101t\u0101js.<\/div><div data-pm-slice=\"1 1 []\" data-en-clipboard=\"true\">\u00a0<\/div><div data-pm-slice=\"1 1 []\" data-en-clipboard=\"true\">Kop\u0101 m\u0113s nesam pasaul\u0113 Gradido!<\/div><div data-pm-slice=\"1 1 []\" data-en-clipboard=\"true\">\u00a0<\/div><div data-pm-slice=\"1 1 []\" data-en-clipboard=\"true\">T\u016bksto\u0161k\u0101rt\u012bgs paldies, ka esat kop\u0101 ar mums, un vislab\u0101kie sveicieni.<\/div><div data-pm-slice=\"1 1 []\" data-en-clipboard=\"true\">\u00a0<\/div><div data-pm-slice=\"1 1 []\" data-en-clipboard=\"true\">J\u016bsu<\/div><p><img decoding=\"async\" class=\"alignnone wp-image-4614 size-medium\" src=\"https:\/\/gradido.net\/wp-content\/uploads\/2022\/06\/MargretBernd_2022-300x74.png\" alt=\"\" width=\"300\" height=\"74\" srcset=\"https:\/\/gradido.net\/wp-content\/uploads\/2022\/06\/MargretBernd_2022-300x74.png 300w, https:\/\/gradido.net\/wp-content\/uploads\/2022\/06\/MargretBernd_2022-18x4.png 18w, https:\/\/gradido.net\/wp-content\/uploads\/2022\/06\/MargretBernd_2022.png 431w\" sizes=\"(max-width: 300px) 100vw, 300px\" \/><\/p><p>Margret Baier un Bernd H\u00fcckst\u00e4dt<br \/>Gradido dibin\u0101t\u0101js un izstr\u0101d\u0101t\u0101js<\/p>\t\t\t\t\t\t\t\t<\/div>\n\t\t\t\t<\/div>\n\t\t\t\t\t<\/div>\n\t\t<\/div>\n\t\t\t\t\t<\/div>\n\t\t<\/section>\n\t\t\t\t<section class=\"elementor-section elementor-top-section elementor-element elementor-element-4c536e0 elementor-section-boxed elementor-section-height-default elementor-section-height-default\" data-id=\"4c536e0\" data-element_type=\"section\" data-e-type=\"section\">\n\t\t\t\t\t\t<div class=\"elementor-container elementor-column-gap-default\">\n\t\t\t\t\t<div class=\"elementor-column elementor-col-100 elementor-top-column elementor-element elementor-element-7ddc834\" data-id=\"7ddc834\" data-element_type=\"column\" data-e-type=\"column\">\n\t\t\t<div class=\"elementor-widget-wrap elementor-element-populated\">\n\t\t\t\t\t\t<div class=\"elementor-element elementor-element-ca7bfd6 elementor-widget elementor-widget-global elementor-global-9341 elementor-widget-text-editor\" data-id=\"ca7bfd6\" data-element_type=\"widget\" data-e-type=\"widget\" data-widget_type=\"text-editor.default\">\n\t\t\t\t<div class=\"elementor-widget-container\">\n\t\t\t\t\t\t\t\t\t<p><strong>PS:\u00a0<span style=\"color: #ff6600;\"><a style=\"color: #ff6600;\" href=\"https:\/\/gradido.net\/lv\/donations\/\">T\u0101 k\u0101 Gradido k\u013c\u016bst arvien noz\u012bm\u012bg\u0101ks, m\u0113s atk\u0101rtojam m\u016bsu pateic\u012bbas kampa\u0146u 2026. gada 26. j\u016bnij\u0101:<\/a>\u00a0<\/span><span style=\"color: #0000ff;\"><a style=\"color: #0000ff;\" href=\"https:\/\/gradido.net\/lv\/donations\/\">Papildus vair\u0101kk\u0101rt\u0113jai GradidoTransform par j\u016bsu sponsor\u0113\u0161anas ieguld\u012bjumu, m\u0113s palielin\u0101sim visu GDT kontu atlikumus par 26% 26\/06\/2016. Sponsor\u0113jiet tagad un izbaudiet vair\u0101kk\u0101rt\u0113ju GDT summu!<\/a><\/span><\/strong><\/p>\t\t\t\t\t\t\t\t<\/div>\n\t\t\t\t<\/div>\n\t\t\t\t\t<\/div>\n\t\t<\/div>\n\t\t\t\t\t<\/div>\n\t\t<\/section>\n\t\t\t\t<\/div>","protected":false},"excerpt":{"rendered":"<p>Le\u0123end\u0101rais vebin\u0101ru semin\u0101rs ar Gradido dibin\u0101t\u0101ju: J\u016bs ieg\u016bsiet padzi\u013cin\u0101tas zin\u0101\u0161anas par vec\u0101s naudas sist\u0113mas likten\u012bgaj\u0101m k\u013c\u016bd\u0101m, vien\u012bgo sapr\u0101t\u012bgo risin\u0101jumu, kas balst\u012bts uz dabas modeli, un lielisku ce\u013cvedi, k\u0101 akt\u012bvi un ar prieku veidot n\u0101kotni. - IR JAUNI DATUMI!<\/p>","protected":false},"author":2,"featured_media":6838,"comment_status":"closed","ping_status":"closed","sticky":false,"template":"","format":"standard","meta":{"footnotes":""},"categories":[11,54,55],"tags":[22],"class_list":["post-6837","post","type-post","status-publish","format-standard","has-post-thumbnail","hentry","category-blog","category-community","category-gradido-konto","tag-bild-oben"],"yoast_head":"<!-- This site is optimized with the Yoast SEO plugin v27.5 - https:\/\/yoast.com\/product\/yoast-seo-wordpress\/ -->\n<title>Webinar: Wohlstand und Frieden f\u00fcr die Menschheitsfamilie - Gradido<\/title>\n<meta name=\"description\" content=\"Das legend\u00e4re Webinar mit dem Gradido-Gr\u00fcnder: Du bekommst fundiertes Wissen \u00fcber die fatalen Fehler des alten Geldsystems, die einzig sinnvolle L\u00f6sung nach dem Vorbild der Natur und den perfekten Leitfaden, wie du aktiv und mit Freude die Zukunft mitgestaltest. \u2013 ES GIBT NEUE TERMINE!\" \/>\n<meta name=\"robots\" content=\"index, follow, max-snippet:-1, max-image-preview:large, max-video-preview:-1\" \/>\n<link rel=\"canonical\" href=\"https:\/\/gradido.net\/lv\/webinar-wohlstand-und-frieden-fuer-die-menschheitsfamilie\/\" \/>\n<meta property=\"og:locale\" content=\"lv_LV\" \/>\n<meta property=\"og:type\" content=\"article\" \/>\n<meta property=\"og:title\" content=\"Webinar: Wohlstand und Frieden f\u00fcr die Menschheitsfamilie - Gradido\" \/>\n<meta property=\"og:description\" content=\"Das legend\u00e4re Webinar mit dem Gradido-Gr\u00fcnder: Du bekommst fundiertes Wissen \u00fcber die fatalen Fehler des alten Geldsystems, die einzig sinnvolle L\u00f6sung nach dem Vorbild der Natur und den perfekten Leitfaden, wie du aktiv und mit Freude die Zukunft mitgestaltest. \u2013 ES GIBT NEUE TERMINE!\" \/>\n<meta property=\"og:url\" content=\"https:\/\/gradido.net\/lv\/webinar-wohlstand-und-frieden-fuer-die-menschheitsfamilie\/\" \/>\n<meta property=\"og:site_name\" content=\"Gradido\" \/>\n<meta property=\"article:published_time\" content=\"2023-06-10T16:26:14+00:00\" \/>\n<meta property=\"article:modified_time\" content=\"2026-04-24T06:05:49+00:00\" \/>\n<meta property=\"og:image\" content=\"https:\/\/gradido.net\/wp-content\/uploads\/2023\/06\/Webinar.png\" \/>\n\t<meta property=\"og:image:width\" content=\"2460\" \/>\n\t<meta property=\"og:image:height\" content=\"1158\" \/>\n\t<meta property=\"og:image:type\" content=\"image\/png\" \/>\n<meta name=\"author\" content=\"Bernd H\u00fcckst\u00e4dt\" \/>\n<meta name=\"twitter:card\" content=\"summary_large_image\" \/>\n<meta name=\"twitter:label1\" content=\"Written by\" \/>\n\t<meta name=\"twitter:data1\" content=\"Bernd H\u00fcckst\u00e4dt\" \/>\n\t<meta name=\"twitter:label2\" content=\"Est. reading time\" \/>\n\t<meta name=\"twitter:data2\" content=\"3 min\u016btes\" \/>\n<script type=\"application\/ld+json\" class=\"yoast-schema-graph\">{\"@context\":\"https:\\\/\\\/schema.org\",\"@graph\":[{\"@type\":\"Article\",\"@id\":\"https:\\\/\\\/gradido.net\\\/webinar-wohlstand-und-frieden-fuer-die-menschheitsfamilie\\\/#article\",\"isPartOf\":{\"@id\":\"https:\\\/\\\/gradido.net\\\/webinar-wohlstand-und-frieden-fuer-die-menschheitsfamilie\\\/\"},\"author\":{\"name\":\"Bernd H\u00fcckst\u00e4dt\",\"@id\":\"https:\\\/\\\/gradido.net\\\/de\\\/#\\\/schema\\\/person\\\/9c503a004ad15a1ddecadce2218db5d1\"},\"headline\":\"Webinar: Wohlstand und Frieden f\u00fcr die Menschheitsfamilie\",\"datePublished\":\"2023-06-10T16:26:14+00:00\",\"dateModified\":\"2026-04-24T06:05:49+00:00\",\"mainEntityOfPage\":{\"@id\":\"https:\\\/\\\/gradido.net\\\/webinar-wohlstand-und-frieden-fuer-die-menschheitsfamilie\\\/\"},\"wordCount\":331,\"publisher\":{\"@id\":\"https:\\\/\\\/gradido.net\\\/de\\\/#organization\"},\"image\":{\"@id\":\"https:\\\/\\\/gradido.net\\\/webinar-wohlstand-und-frieden-fuer-die-menschheitsfamilie\\\/#primaryimage\"},\"thumbnailUrl\":\"https:\\\/\\\/gradido.net\\\/wp-content\\\/uploads\\\/2023\\\/06\\\/Webinar.png\",\"keywords\":[\"Bild oben\"],\"articleSection\":[\"Blog\",\"Community\",\"Gradido-Konto\"],\"inLanguage\":\"lv-LV\"},{\"@type\":\"WebPage\",\"@id\":\"https:\\\/\\\/gradido.net\\\/webinar-wohlstand-und-frieden-fuer-die-menschheitsfamilie\\\/\",\"url\":\"https:\\\/\\\/gradido.net\\\/webinar-wohlstand-und-frieden-fuer-die-menschheitsfamilie\\\/\",\"name\":\"Webinar: Wohlstand und Frieden f\u00fcr die Menschheitsfamilie - Gradido\",\"isPartOf\":{\"@id\":\"https:\\\/\\\/gradido.net\\\/de\\\/#website\"},\"primaryImageOfPage\":{\"@id\":\"https:\\\/\\\/gradido.net\\\/webinar-wohlstand-und-frieden-fuer-die-menschheitsfamilie\\\/#primaryimage\"},\"image\":{\"@id\":\"https:\\\/\\\/gradido.net\\\/webinar-wohlstand-und-frieden-fuer-die-menschheitsfamilie\\\/#primaryimage\"},\"thumbnailUrl\":\"https:\\\/\\\/gradido.net\\\/wp-content\\\/uploads\\\/2023\\\/06\\\/Webinar.png\",\"datePublished\":\"2023-06-10T16:26:14+00:00\",\"dateModified\":\"2026-04-24T06:05:49+00:00\",\"description\":\"Das legend\u00e4re Webinar mit dem Gradido-Gr\u00fcnder: Du bekommst fundiertes Wissen \u00fcber die fatalen Fehler des alten Geldsystems, die einzig sinnvolle L\u00f6sung nach dem Vorbild der Natur und den perfekten Leitfaden, wie du aktiv und mit Freude die Zukunft mitgestaltest. \u2013 ES GIBT NEUE TERMINE!\",\"breadcrumb\":{\"@id\":\"https:\\\/\\\/gradido.net\\\/webinar-wohlstand-und-frieden-fuer-die-menschheitsfamilie\\\/#breadcrumb\"},\"inLanguage\":\"lv-LV\",\"potentialAction\":[{\"@type\":\"ReadAction\",\"target\":[\"https:\\\/\\\/gradido.net\\\/webinar-wohlstand-und-frieden-fuer-die-menschheitsfamilie\\\/\"]}]},{\"@type\":\"ImageObject\",\"inLanguage\":\"lv-LV\",\"@id\":\"https:\\\/\\\/gradido.net\\\/webinar-wohlstand-und-frieden-fuer-die-menschheitsfamilie\\\/#primaryimage\",\"url\":\"https:\\\/\\\/gradido.net\\\/wp-content\\\/uploads\\\/2023\\\/06\\\/Webinar.png\",\"contentUrl\":\"https:\\\/\\\/gradido.net\\\/wp-content\\\/uploads\\\/2023\\\/06\\\/Webinar.png\",\"width\":2460,\"height\":1158},{\"@type\":\"BreadcrumbList\",\"@id\":\"https:\\\/\\\/gradido.net\\\/webinar-wohlstand-und-frieden-fuer-die-menschheitsfamilie\\\/#breadcrumb\",\"itemListElement\":[{\"@type\":\"ListItem\",\"position\":1,\"name\":\"Startseite\",\"item\":\"https:\\\/\\\/gradido.net\\\/\"},{\"@type\":\"ListItem\",\"position\":2,\"name\":\"Webinar: Wohlstand und Frieden f\u00fcr die Menschheitsfamilie\"}]},{\"@type\":\"WebSite\",\"@id\":\"https:\\\/\\\/gradido.net\\\/de\\\/#website\",\"url\":\"https:\\\/\\\/gradido.net\\\/de\\\/\",\"name\":\"Gradido\",\"description\":\"Die neue W\u00e4hrung hei\u00dft Dankbarkeit\",\"publisher\":{\"@id\":\"https:\\\/\\\/gradido.net\\\/de\\\/#organization\"},\"potentialAction\":[{\"@type\":\"SearchAction\",\"target\":{\"@type\":\"EntryPoint\",\"urlTemplate\":\"https:\\\/\\\/gradido.net\\\/de\\\/?s={search_term_string}\"},\"query-input\":{\"@type\":\"PropertyValueSpecification\",\"valueRequired\":true,\"valueName\":\"search_term_string\"}}],\"inLanguage\":\"lv-LV\"},{\"@type\":\"Organization\",\"@id\":\"https:\\\/\\\/gradido.net\\\/de\\\/#organization\",\"name\":\"Gradido\",\"url\":\"https:\\\/\\\/gradido.net\\\/de\\\/\",\"logo\":{\"@type\":\"ImageObject\",\"inLanguage\":\"lv-LV\",\"@id\":\"https:\\\/\\\/gradido.net\\\/de\\\/#\\\/schema\\\/logo\\\/image\\\/\",\"url\":\"https:\\\/\\\/gradido.net\\\/wp-content\\\/uploads\\\/2022\\\/04\\\/gradido-social.jpg\",\"contentUrl\":\"https:\\\/\\\/gradido.net\\\/wp-content\\\/uploads\\\/2022\\\/04\\\/gradido-social.jpg\",\"width\":527,\"height\":273,\"caption\":\"Gradido\"},\"image\":{\"@id\":\"https:\\\/\\\/gradido.net\\\/de\\\/#\\\/schema\\\/logo\\\/image\\\/\"}},{\"@type\":\"Person\",\"@id\":\"https:\\\/\\\/gradido.net\\\/de\\\/#\\\/schema\\\/person\\\/9c503a004ad15a1ddecadce2218db5d1\",\"name\":\"Bernd H\u00fcckst\u00e4dt\",\"sameAs\":[\"https:\\\/\\\/gradido.net\"],\"url\":\"https:\\\/\\\/gradido.net\\\/lv\\\/author\\\/bernd\\\/\"}]}<\/script>\n<!-- \/ Yoast SEO plugin. -->","yoast_head_json":{"title":"Webin\u0101rs: Labkl\u0101j\u012bba un miers cilv\u0113ku \u0123imenei - Gradido","description":"Le\u0123end\u0101rais vebin\u0101ru semin\u0101rs ar Gradido dibin\u0101t\u0101ju: J\u016bs ieg\u016bsiet padzi\u013cin\u0101tas zin\u0101\u0161anas par vec\u0101s naudas sist\u0113mas likten\u012bgaj\u0101m k\u013c\u016bd\u0101m, vien\u012bgo sapr\u0101t\u012bgo risin\u0101jumu, kas balst\u012bts uz dabas modeli, un lielisku ce\u013cvedi, k\u0101 akt\u012bvi un ar prieku veidot n\u0101kotni. - IR JAUNI DATUMI!","robots":{"index":"index","follow":"follow","max-snippet":"max-snippet:-1","max-image-preview":"max-image-preview:large","max-video-preview":"max-video-preview:-1"},"canonical":"https:\/\/gradido.net\/lv\/webinar-wohlstand-und-frieden-fuer-die-menschheitsfamilie\/","og_locale":"lv_LV","og_type":"article","og_title":"Webinar: Wohlstand und Frieden f\u00fcr die Menschheitsfamilie - Gradido","og_description":"Das legend\u00e4re Webinar mit dem Gradido-Gr\u00fcnder: Du bekommst fundiertes Wissen \u00fcber die fatalen Fehler des alten Geldsystems, die einzig sinnvolle L\u00f6sung nach dem Vorbild der Natur und den perfekten Leitfaden, wie du aktiv und mit Freude die Zukunft mitgestaltest. \u2013 ES GIBT NEUE TERMINE!","og_url":"https:\/\/gradido.net\/lv\/webinar-wohlstand-und-frieden-fuer-die-menschheitsfamilie\/","og_site_name":"Gradido","article_published_time":"2023-06-10T16:26:14+00:00","article_modified_time":"2026-04-24T06:05:49+00:00","og_image":[{"width":2460,"height":1158,"url":"https:\/\/gradido.net\/wp-content\/uploads\/2023\/06\/Webinar.png","type":"image\/png"}],"author":"Bernd H\u00fcckst\u00e4dt","twitter_card":"summary_large_image","twitter_misc":{"Written by":"Bernd H\u00fcckst\u00e4dt","Est. reading time":"3 min\u016btes"},"schema":{"@context":"https:\/\/schema.org","@graph":[{"@type":"Article","@id":"https:\/\/gradido.net\/webinar-wohlstand-und-frieden-fuer-die-menschheitsfamilie\/#article","isPartOf":{"@id":"https:\/\/gradido.net\/webinar-wohlstand-und-frieden-fuer-die-menschheitsfamilie\/"},"author":{"name":"Bernd H\u00fcckst\u00e4dt","@id":"https:\/\/gradido.net\/de\/#\/schema\/person\/9c503a004ad15a1ddecadce2218db5d1"},"headline":"Webinar: Wohlstand und Frieden f\u00fcr die Menschheitsfamilie","datePublished":"2023-06-10T16:26:14+00:00","dateModified":"2026-04-24T06:05:49+00:00","mainEntityOfPage":{"@id":"https:\/\/gradido.net\/webinar-wohlstand-und-frieden-fuer-die-menschheitsfamilie\/"},"wordCount":331,"publisher":{"@id":"https:\/\/gradido.net\/de\/#organization"},"image":{"@id":"https:\/\/gradido.net\/webinar-wohlstand-und-frieden-fuer-die-menschheitsfamilie\/#primaryimage"},"thumbnailUrl":"https:\/\/gradido.net\/wp-content\/uploads\/2023\/06\/Webinar.png","keywords":["Bild oben"],"articleSection":["Blog","Community","Gradido-Konto"],"inLanguage":"lv-LV"},{"@type":"WebPage","@id":"https:\/\/gradido.net\/webinar-wohlstand-und-frieden-fuer-die-menschheitsfamilie\/","url":"https:\/\/gradido.net\/webinar-wohlstand-und-frieden-fuer-die-menschheitsfamilie\/","name":"Webin\u0101rs: Labkl\u0101j\u012bba un miers cilv\u0113ku \u0123imenei - Gradido","isPartOf":{"@id":"https:\/\/gradido.net\/de\/#website"},"primaryImageOfPage":{"@id":"https:\/\/gradido.net\/webinar-wohlstand-und-frieden-fuer-die-menschheitsfamilie\/#primaryimage"},"image":{"@id":"https:\/\/gradido.net\/webinar-wohlstand-und-frieden-fuer-die-menschheitsfamilie\/#primaryimage"},"thumbnailUrl":"https:\/\/gradido.net\/wp-content\/uploads\/2023\/06\/Webinar.png","datePublished":"2023-06-10T16:26:14+00:00","dateModified":"2026-04-24T06:05:49+00:00","description":"Le\u0123end\u0101rais vebin\u0101ru semin\u0101rs ar Gradido dibin\u0101t\u0101ju: J\u016bs ieg\u016bsiet padzi\u013cin\u0101tas zin\u0101\u0161anas par vec\u0101s naudas sist\u0113mas likten\u012bgaj\u0101m k\u013c\u016bd\u0101m, vien\u012bgo sapr\u0101t\u012bgo risin\u0101jumu, kas balst\u012bts uz dabas modeli, un lielisku ce\u013cvedi, k\u0101 akt\u012bvi un ar prieku veidot n\u0101kotni. - IR JAUNI DATUMI!","breadcrumb":{"@id":"https:\/\/gradido.net\/webinar-wohlstand-und-frieden-fuer-die-menschheitsfamilie\/#breadcrumb"},"inLanguage":"lv-LV","potentialAction":[{"@type":"ReadAction","target":["https:\/\/gradido.net\/webinar-wohlstand-und-frieden-fuer-die-menschheitsfamilie\/"]}]},{"@type":"ImageObject","inLanguage":"lv-LV","@id":"https:\/\/gradido.net\/webinar-wohlstand-und-frieden-fuer-die-menschheitsfamilie\/#primaryimage","url":"https:\/\/gradido.net\/wp-content\/uploads\/2023\/06\/Webinar.png","contentUrl":"https:\/\/gradido.net\/wp-content\/uploads\/2023\/06\/Webinar.png","width":2460,"height":1158},{"@type":"BreadcrumbList","@id":"https:\/\/gradido.net\/webinar-wohlstand-und-frieden-fuer-die-menschheitsfamilie\/#breadcrumb","itemListElement":[{"@type":"ListItem","position":1,"name":"Startseite","item":"https:\/\/gradido.net\/"},{"@type":"ListItem","position":2,"name":"Webinar: Wohlstand und Frieden f\u00fcr die Menschheitsfamilie"}]},{"@type":"WebSite","@id":"https:\/\/gradido.net\/de\/#website","url":"https:\/\/gradido.net\/de\/","name":"Gradido","description":"Jaun\u0101 val\u016bta ir pateic\u012bba","publisher":{"@id":"https:\/\/gradido.net\/de\/#organization"},"potentialAction":[{"@type":"SearchAction","target":{"@type":"EntryPoint","urlTemplate":"https:\/\/gradido.net\/de\/?s={search_term_string}"},"query-input":{"@type":"PropertyValueSpecification","valueRequired":true,"valueName":"search_term_string"}}],"inLanguage":"lv-LV"},{"@type":"Organization","@id":"https:\/\/gradido.net\/de\/#organization","name":"Gradido","url":"https:\/\/gradido.net\/de\/","logo":{"@type":"ImageObject","inLanguage":"lv-LV","@id":"https:\/\/gradido.net\/de\/#\/schema\/logo\/image\/","url":"https:\/\/gradido.net\/wp-content\/uploads\/2022\/04\/gradido-social.jpg","contentUrl":"https:\/\/gradido.net\/wp-content\/uploads\/2022\/04\/gradido-social.jpg","width":527,"height":273,"caption":"Gradido"},"image":{"@id":"https:\/\/gradido.net\/de\/#\/schema\/logo\/image\/"}},{"@type":"Person","@id":"https:\/\/gradido.net\/de\/#\/schema\/person\/9c503a004ad15a1ddecadce2218db5d1","name":"Bernd H\u00fcckst\u00e4dt","sameAs":["https:\/\/gradido.net"],"url":"https:\/\/gradido.net\/lv\/author\/bernd\/"}]}},"_links":{"self":[{"href":"https:\/\/gradido.net\/lv\/wp-json\/wp\/v2\/posts\/6837","targetHints":{"allow":["GET"]}}],"collection":[{"href":"https:\/\/gradido.net\/lv\/wp-json\/wp\/v2\/posts"}],"about":[{"href":"https:\/\/gradido.net\/lv\/wp-json\/wp\/v2\/types\/post"}],"author":[{"embeddable":true,"href":"https:\/\/gradido.net\/lv\/wp-json\/wp\/v2\/users\/2"}],"replies":[{"embeddable":true,"href":"https:\/\/gradido.net\/lv\/wp-json\/wp\/v2\/comments?post=6837"}],"version-history":[{"count":55,"href":"https:\/\/gradido.net\/lv\/wp-json\/wp\/v2\/posts\/6837\/revisions"}],"predecessor-version":[{"id":13590,"href":"https:\/\/gradido.net\/lv\/wp-json\/wp\/v2\/posts\/6837\/revisions\/13590"}],"wp:featuredmedia":[{"embeddable":true,"href":"https:\/\/gradido.net\/lv\/wp-json\/wp\/v2\/media\/6838"}],"wp:attachment":[{"href":"https:\/\/gradido.net\/lv\/wp-json\/wp\/v2\/media?parent=6837"}],"wp:term":[{"taxonomy":"category","embeddable":true,"href":"https:\/\/gradido.net\/lv\/wp-json\/wp\/v2\/categories?post=6837"},{"taxonomy":"post_tag","embeddable":true,"href":"https:\/\/gradido.net\/lv\/wp-json\/wp\/v2\/tags?post=6837"}],"curies":[{"name":"wp","href":"https:\/\/api.w.org\/{rel}","templated":true}]}}