{"id":7720,"date":"2023-09-27T15:32:45","date_gmt":"2023-09-27T13:32:45","guid":{"rendered":"https:\/\/gradido.net\/?p=7720"},"modified":"2026-04-23T07:11:58","modified_gmt":"2026-04-23T05:11:58","slug":"lieblingsstadt-14-trotz-lehrermangel-schueler-werden-zu-genies","status":"publish","type":"post","link":"https:\/\/gradido.net\/lv\/lieblingsstadt-14-trotz-lehrermangel-schueler-werden-zu-genies\/","title":{"rendered":"M\u012b\u013c\u0101k\u0101 pils\u0113ta 14 - Neskatoties uz skolot\u0101ju tr\u016bkumu: skol\u0113ni k\u013c\u016bst par \u0123\u0113nijiem"},"content":{"rendered":"<div data-elementor-type=\"wp-post\" data-elementor-id=\"7720\" class=\"elementor elementor-7720\" data-elementor-post-type=\"post\">\n\t\t\t\t\t\t<section class=\"elementor-section elementor-top-section elementor-element elementor-element-496e1d53 elementor-section-boxed elementor-section-height-default elementor-section-height-default\" data-id=\"496e1d53\" data-element_type=\"section\" data-e-type=\"section\">\n\t\t\t\t\t\t<div class=\"elementor-container elementor-column-gap-default\">\n\t\t\t\t\t<div class=\"elementor-column elementor-col-100 elementor-top-column elementor-element elementor-element-461d7be0\" data-id=\"461d7be0\" data-element_type=\"column\" data-e-type=\"column\">\n\t\t\t<div class=\"elementor-widget-wrap elementor-element-populated\">\n\t\t\t\t\t\t<div class=\"elementor-element elementor-element-cd9ebe2 elementor-widget elementor-widget-text-editor\" data-id=\"cd9ebe2\" data-element_type=\"widget\" data-e-type=\"widget\" data-widget_type=\"text-editor.default\">\n\t\t\t\t<div class=\"elementor-widget-container\">\n\t\t\t\t\t\t\t\t\t<p style=\"text-align: right;\"><em>\"Ja m\u0113s \u0161o m\u0101c\u012bbu sist\u0113mu izmantosim m\u016bsu skol\u0101s, tad Favourite City ieies v\u0113stur\u0113. Jo to, ko varam izdar\u012bt m\u0113s, var izdar\u012bt visi cilv\u0113ki. Aug jauna \u0123\u0113niju paaudze, kas sp\u0113j kop\u012bgiem sp\u0113kiem atrisin\u0101t \u0161\u012bs pasaules liel\u0101s probl\u0113mas!\"<\/em><\/p><p>D\u0101rgais las\u012bt\u0101j,<\/p><p>V\u0101cij\u0101 tr\u016bkst skolot\u0101ju. Saska\u0146\u0101 ar PISA p\u0113t\u012bjuma datiem ceturt\u0101 da\u013ca skol\u0113nu neprot pareizi las\u012bt, rakst\u012bt un r\u0113\u0137in\u0101t. Tas ir v\u0113rojams ar\u012b Lieblings\u0161tat\u0113. Ap\u0146\u0113m\u012bgais pils\u0113tas m\u0113rs Mihaels Miteinands uzskata, ka \u0161\u0101da situ\u0101cija ir nepie\u0146emama.<\/p><p>Kop\u0101 ar visp\u0101rizgl\u012btojo\u0161\u0101s skolas vad\u012bt\u0101ju Sib\u012bli Lernfrohu vi\u0146\u0161 sasauc savu ekspertu komandu uz kr\u012bzes san\u0101ksmi. Uz to ir uzaicin\u0101ti ar\u012b uz\u0146\u0113m\u0113ji, ap\u0146\u0113m\u012bgi vec\u0101ki un Lieblingsstadt izgl\u012bt\u012bbas apvien\u012bbas p\u0101rst\u0101vji. Mihaels v\u0113las padar\u012bt Lieblings\u0161tati par izcilas izgl\u012bt\u012bbas paraugu.<\/p><p>Uzst\u0101jas Kerstina Franka, tr\u012bs b\u0113rnu m\u0101te un izgl\u012bt\u012bbas apvien\u012bbas priek\u0161s\u0113d\u0113t\u0101ja. Vi\u0146a saka, ka apvien\u012bba v\u0113las dibin\u0101t bezmaksas skolu. Taj\u0101 b\u0113rni tiks sagatavoti dz\u012bvei pr\u0101tam draudz\u012bg\u0101 un pat\u012bkam\u0101 veid\u0101. Tom\u0113r birokr\u0101tiskie \u0161\u0137\u0113r\u0161\u013ci skolas dibin\u0101\u0161anai ir \u013coti lieli.<\/p><p>\"Kas b\u016btu j\u0101dara cit\u0101di nek\u0101 m\u016bsu skol\u0101s?\" Maikls v\u0113las zin\u0101t.<\/p><h2>Pasaules lab\u0101k\u0101s m\u0101c\u012bbu metodes apvienotas vien\u0101 sist\u0113m\u0101<\/h2><p>Kerstina zi\u0146o par v\u0113l vienu izgl\u012bt\u012bbas apvien\u012bbu, kuras dibin\u0101t\u0101js ir apkopojis pasaul\u0113 lab\u0101k\u0101s m\u0101c\u012bbu metodes un ar lieliem pan\u0101kumiem m\u0101ca t\u0101s skol\u0113niem.\u00a0<\/p><p>P\u0101rbaud\u012btas atmi\u0146as metodes par v\u0101rdiem, v\u0113sturi un sve\u0161valod\u0101m, matem\u0101tiku, sak\u0146u ievilk\u0161anu galv\u0101, skait\u013cu atmi\u0146as apg\u016b\u0161anu un daudz ko citu - apvienotas m\u0101c\u012bbu sist\u0113m\u0101, ar kuras pal\u012bdz\u012bbu skol\u0113ni un pieaugu\u0161ie var apg\u016bt gandr\u012bz jebkuras zin\u0101\u0161anas iesp\u0113jami \u012bs\u0101k\u0101 laik\u0101.\u00a0<\/p><p>Simtiem prezent\u0101ciju t\u016bksto\u0161iem skol\u0113nu, skolot\u0101ju un vec\u0101ku ir atk\u0101rtoti pier\u0101d\u012bts, ka ikviens b\u0113rns var apg\u016bt parasto skolas m\u0101c\u012bbu vielu vienu stundu dien\u0101 rota\u013c\u012bg\u0101 un jautr\u0101 veid\u0101.<\/p><p><strong>Asoci\u0101cija jau tagad bez maksas pied\u0101v\u0101 simtiem m\u0101c\u012bbu videoklipu par visda\u017e\u0101d\u0101kaj\u0101m t\u0113m\u0101m. \u0160ie videoklipi ir pier\u0101d\u012bju\u0161i savu lietder\u012bbu blo\u0137\u0113\u0161anas laik\u0101. Tie tiek past\u0101v\u012bgi papildin\u0101ti, t\u0101p\u0113c tagad ir pieejami videomateri\u0101li praktiski par visiem m\u0101c\u012bbu priek\u0161metiem.<\/strong><\/p><p>Asoci\u0101cija past\u0101v\u012bgi sa\u0146em pateic\u012bbas v\u0113stules no skol\u0113niem, kuri raksta \u0161\u0101d\u0101 noz\u012bm\u0113: <strong>\"Agr\u0101k es sevi uzskat\u012bju par idiotu. Tagad es zinu, ka esmu \u0123\u0113nijs!\"<\/strong><\/p><p>V\u0101ciski run\u0101jo\u0161aj\u0101s valst\u012bs tiek veidotas daudzas iniciat\u012bvas, kas v\u0113las izveidot br\u012bv\u0101s skolas saska\u0146\u0101 ar \u0161o sist\u0113mu. Tom\u0113r galven\u0101s gr\u016bt\u012bbas rada juridisk\u0101s pras\u012bbas. Ja skolu projekti cie\u0161 neveiksmi, tas nenotiek skolu probl\u0113mu, bet gan juridisku probl\u0113mu d\u0113\u013c.<\/p><p>\"Un \u0161\u012bs metodes patie\u0161\u0101m darbojas tik labi?\" jaut\u0101 Sib\u012bla.<\/p><h2>T\u016bksto\u0161 rei\u017eu izm\u0113\u0123in\u0101ts un p\u0101rbaud\u012bts - tas darbojas visiem<\/h2><p>\"J\u0101, noteikti ar visiem skol\u0113niem. \u0160\u012b koncepcija ir izm\u0113\u0123in\u0101ta un p\u0101rbaud\u012bta t\u016bksto\u0161iem rei\u017eu. Da\u017eiem skol\u0113niem var\u0113tu b\u016bt nepiecie\u0161ama pusstunda ilg\u0101k, bet tam nevajadz\u0113tu b\u016bt probl\u0113mai,\" skaidro Kerst\u012bna.<\/p><p>\"Ko dar\u012bt, ja m\u0113s izmantotu \u0161o m\u0101c\u012bbu sist\u0113mu m\u016bsu skol\u0101s?\" v\u0113las zin\u0101t Maikls, \"tad jums nevajadz\u0113tu dibin\u0101t savu skolu un visi iecien\u012bt\u0101kie pils\u0113tas skol\u0113ni k\u013c\u016btu par \u0123\u0113nijiem?\"<\/p>\t\t\t\t\t\t\t\t<\/div>\n\t\t\t\t<\/div>\n\t\t\t\t<div class=\"elementor-element elementor-element-b482206 elementor-widget elementor-widget-image\" data-id=\"b482206\" data-element_type=\"widget\" data-e-type=\"widget\" data-widget_type=\"image.default\">\n\t\t\t\t<div class=\"elementor-widget-container\">\n\t\t\t\t\t\t\t\t\t\t\t\t\t\t\t<img fetchpriority=\"high\" decoding=\"async\" width=\"500\" height=\"312\" src=\"https:\/\/gradido.net\/wp-content\/uploads\/2023\/09\/Erde_500.jpg\" class=\"attachment-full size-full wp-image-7729\" alt=\"\" srcset=\"https:\/\/gradido.net\/wp-content\/uploads\/2023\/09\/Erde_500.jpg 500w, https:\/\/gradido.net\/wp-content\/uploads\/2023\/09\/Erde_500-300x187.jpg 300w, https:\/\/gradido.net\/wp-content\/uploads\/2023\/09\/Erde_500-18x12.jpg 18w\" sizes=\"(max-width: 500px) 100vw, 500px\" \/>\t\t\t\t\t\t\t\t\t\t\t\t\t\t\t<\/div>\n\t\t\t\t<\/div>\n\t\t\t\t<div class=\"elementor-element elementor-element-c5e61d4 elementor-widget elementor-widget-text-editor\" data-id=\"c5e61d4\" data-element_type=\"widget\" data-e-type=\"widget\" data-widget_type=\"text-editor.default\">\n\t\t\t\t<div class=\"elementor-widget-container\">\n\t\t\t\t\t\t\t\t\t<p>Kerst\u012bna dom\u0101: <br \/><strong>\"Ja m\u0113s \u0161o m\u0101c\u012bbu sist\u0113mu izmantosim m\u016bsu skol\u0101s, tad Favourite City ieies v\u0113stur\u0113. Jo to, ko varam izdar\u012bt m\u0113s, var izdar\u012bt visi cilv\u0113ki. Aug jauna \u0123\u0113niju paaudze, kas sp\u0113s kop\u012bgiem sp\u0113kiem atrisin\u0101t \u0161\u012bs pasaules liel\u0101s probl\u0113mas!\"<\/strong><\/p><p>P\u0113k\u0161\u0146i viss k\u013c\u016bst kluss - var\u0113ja dzird\u0113t, k\u0101 nokr\u012bt piespraude.<\/p><p>P\u0113c br\u012b\u017ea klusumu p\u0101rtrauc pils\u0113tas kasieris Z\u012bgberts:<br \/>\"Ja tas patie\u0161\u0101m darbojas un skol\u0113niem ir j\u0101m\u0101c\u0101s tikai vienu stundu dien\u0101, ko vi\u0146i dara p\u0101r\u0113j\u0101 dienas laik\u0101? Galu gal\u0101 mums ir uzraudz\u012bbas pien\u0101kums.\"<\/p><p>\"T\u0101 k\u0101 skol\u0113ni jau vien\u0101 m\u0101c\u012bbu stund\u0101 ir apguvu\u0161i oblig\u0101to programmu, vi\u0146i pa\u0161i izlemj, ko vi\u0146i v\u0113las m\u0101c\u012bties papildus dz\u012bvei,\" atbild Kerstina. \"Katram indiv\u012bdam tas var b\u016bt \u013coti at\u0161\u0137ir\u012bgs.<\/p>\t\t\t\t\t\t\t\t<\/div>\n\t\t\t\t<\/div>\n\t\t\t\t<div class=\"elementor-element elementor-element-0370142 elementor-widget elementor-widget-image\" data-id=\"0370142\" data-element_type=\"widget\" data-e-type=\"widget\" data-widget_type=\"image.default\">\n\t\t\t\t<div class=\"elementor-widget-container\">\n\t\t\t\t\t\t\t\t\t\t\t\t\t\t\t<img decoding=\"async\" width=\"500\" height=\"312\" src=\"https:\/\/gradido.net\/wp-content\/uploads\/2023\/09\/Schulgarten_500.jpg\" class=\"attachment-full size-full wp-image-7733\" alt=\"\" srcset=\"https:\/\/gradido.net\/wp-content\/uploads\/2023\/09\/Schulgarten_500.jpg 500w, https:\/\/gradido.net\/wp-content\/uploads\/2023\/09\/Schulgarten_500-300x187.jpg 300w, https:\/\/gradido.net\/wp-content\/uploads\/2023\/09\/Schulgarten_500-18x12.jpg 18w\" sizes=\"(max-width: 500px) 100vw, 500px\" \/>\t\t\t\t\t\t\t\t\t\t\t\t\t\t\t<\/div>\n\t\t\t\t<\/div>\n\t\t\t\t<div class=\"elementor-element elementor-element-72613e6 elementor-widget elementor-widget-text-editor\" data-id=\"72613e6\" data-element_type=\"widget\" data-e-type=\"widget\" data-widget_type=\"text-editor.default\">\n\t\t\t\t<div class=\"elementor-widget-container\">\n\t\t\t\t\t\t\t\t\t<p>Da\u017ei skol\u0113ni Solidarit\u0101tes saimniec\u012bb\u0101 m\u0101c\u012bsies audz\u0113t p\u0101rtiku, lai vesel\u012bgi pabarotu sevi un citus...<\/p><p>...citi tikai ie\u0161\u0146auc maizn\u012bc\u0101 vai autoservis\u0101...<\/p>\t\t\t\t\t\t\t\t<\/div>\n\t\t\t\t<\/div>\n\t\t\t\t<div class=\"elementor-element elementor-element-1abcc0e elementor-widget elementor-widget-image\" data-id=\"1abcc0e\" data-element_type=\"widget\" data-e-type=\"widget\" data-widget_type=\"image.default\">\n\t\t\t\t<div class=\"elementor-widget-container\">\n\t\t\t\t\t\t\t\t\t\t\t\t\t\t\t<img decoding=\"async\" width=\"500\" height=\"312\" src=\"https:\/\/gradido.net\/wp-content\/uploads\/2023\/09\/Ma\u0308dchen_Werkstatt_500.jpg\" class=\"attachment-full size-full wp-image-7734\" alt=\"\" srcset=\"https:\/\/gradido.net\/wp-content\/uploads\/2023\/09\/Ma\u0308dchen_Werkstatt_500.jpg 500w, https:\/\/gradido.net\/wp-content\/uploads\/2023\/09\/Ma\u0308dchen_Werkstatt_500-300x187.jpg 300w, https:\/\/gradido.net\/wp-content\/uploads\/2023\/09\/Ma\u0308dchen_Werkstatt_500-18x12.jpg 18w\" sizes=\"(max-width: 500px) 100vw, 500px\" \/>\t\t\t\t\t\t\t\t\t\t\t\t\t\t\t<\/div>\n\t\t\t\t<\/div>\n\t\t\t\t<div class=\"elementor-element elementor-element-1e0b13e elementor-widget elementor-widget-text-editor\" data-id=\"1e0b13e\" data-element_type=\"widget\" data-e-type=\"widget\" data-widget_type=\"text-editor.default\">\n\t\t\t\t<div class=\"elementor-widget-container\">\n\t\t\t\t\t\t\t\t\t<p>Atkar\u012bb\u0101 no vecuma un interes\u0113m vi\u0146i tiek aicin\u0101ti sta\u017e\u0113ties m\u016bsu uz\u0146\u0113mumos, lai iepaz\u012btu da\u017e\u0101das profesijas.\"<\/p>\t\t\t\t\t\t\t\t<\/div>\n\t\t\t\t<\/div>\n\t\t\t\t<div class=\"elementor-element elementor-element-c660b78 elementor-widget elementor-widget-image\" data-id=\"c660b78\" data-element_type=\"widget\" data-e-type=\"widget\" data-widget_type=\"image.default\">\n\t\t\t\t<div class=\"elementor-widget-container\">\n\t\t\t\t\t\t\t\t\t\t\t\t\t\t\t<img loading=\"lazy\" decoding=\"async\" width=\"500\" height=\"312\" src=\"https:\/\/gradido.net\/wp-content\/uploads\/2023\/09\/Ma\u0308dchen_Maurer_500.jpg\" class=\"attachment-full size-full wp-image-7741\" alt=\"\" srcset=\"https:\/\/gradido.net\/wp-content\/uploads\/2023\/09\/Ma\u0308dchen_Maurer_500.jpg 500w, https:\/\/gradido.net\/wp-content\/uploads\/2023\/09\/Ma\u0308dchen_Maurer_500-300x187.jpg 300w, https:\/\/gradido.net\/wp-content\/uploads\/2023\/09\/Ma\u0308dchen_Maurer_500-18x12.jpg 18w\" sizes=\"(max-width: 500px) 100vw, 500px\" \/>\t\t\t\t\t\t\t\t\t\t\t\t\t\t\t<\/div>\n\t\t\t\t<\/div>\n\t\t\t\t<div class=\"elementor-element elementor-element-5b36741 elementor-widget elementor-widget-text-editor\" data-id=\"5b36741\" data-element_type=\"widget\" data-e-type=\"widget\" data-widget_type=\"text-editor.default\">\n\t\t\t\t<div class=\"elementor-widget-container\">\n\t\t\t\t\t\t\t\t\t<p>\"Ja v\u0113laties, varat pie mums apg\u016bt vienu vai vair\u0101kas profesijas,\" saka b\u016bvdarbu veic\u0113js Roberts.<\/p>\t\t\t\t\t\t\t\t<\/div>\n\t\t\t\t<\/div>\n\t\t\t\t<div class=\"elementor-element elementor-element-dcfb713 elementor-widget elementor-widget-image\" data-id=\"dcfb713\" data-element_type=\"widget\" data-e-type=\"widget\" data-widget_type=\"image.default\">\n\t\t\t\t<div class=\"elementor-widget-container\">\n\t\t\t\t\t\t\t\t\t\t\t\t\t\t\t<img loading=\"lazy\" decoding=\"async\" width=\"500\" height=\"312\" src=\"https:\/\/gradido.net\/wp-content\/uploads\/2023\/09\/Tonstudio_500.jpg\" class=\"attachment-full size-full wp-image-7742\" alt=\"\" srcset=\"https:\/\/gradido.net\/wp-content\/uploads\/2023\/09\/Tonstudio_500.jpg 500w, https:\/\/gradido.net\/wp-content\/uploads\/2023\/09\/Tonstudio_500-300x187.jpg 300w, https:\/\/gradido.net\/wp-content\/uploads\/2023\/09\/Tonstudio_500-18x12.jpg 18w\" sizes=\"(max-width: 500px) 100vw, 500px\" \/>\t\t\t\t\t\t\t\t\t\t\t\t\t\t\t<\/div>\n\t\t\t\t<\/div>\n\t\t\t\t<div class=\"elementor-element elementor-element-e572983 elementor-widget elementor-widget-text-editor\" data-id=\"e572983\" data-element_type=\"widget\" data-e-type=\"widget\" data-widget_type=\"text-editor.default\">\n\t\t\t\t<div class=\"elementor-widget-container\">\n\t\t\t\t\t\t\t\t\t<p>\"Ar\u012b m\u0101ksla, kult\u016bra un sports var aizraut,\" priec\u0101jas Lieblings\u0161tates kult\u016bras direktors Simons: \"Glezniec\u012bba, t\u0113lniec\u012bba, m\u016bzika, te\u0101tris, kino, performances... tas iedvesmo daudzus jaunie\u0161us, nemaz nerun\u0101jot par lielisko sporta pied\u0101v\u0101jumu m\u016bsu pils\u0113t\u0101.\"<\/p><p>\"\u0160\u0101d\u0101 veid\u0101 jaunie\u0161i akt\u012bvi veido savu \"m\u012b\u013c\u0101ko pils\u0113tu\", kur\u0101 vi\u0146i v\u0113l\u0101k ar prieku dz\u012bvos k\u0101 pieaugu\u0161ie!\" Maikls ir saj\u016bsmin\u0101ts.<\/p><p>\"Vai mums tam ir vajadz\u012bgi papildu skolot\u0101ji?\" jaut\u0101 Z\u012bgberts.<\/p><p>\"No izgl\u012bt\u012bbas apvien\u012bbas daudzi biedri br\u012bvpr\u0101t\u012bgi str\u0101d\u0101s par m\u0101c\u012bbu gidiem. \u013boti veiksm\u012bga ir izr\u0101d\u012bjusies ar\u012b savstarp\u0113j\u0101 m\u0101c\u012b\u0161an\u0101s, kas noz\u012bm\u0113, ka skol\u0113ni m\u0101ca cits citu,\" skaidro Kerstina, \"t\u0101p\u0113c mums vairs nav vajadz\u012bgi skolot\u0101ji, glu\u017ei otr\u0101di - skolot\u0101jiem ir atvieglojumi. Vi\u0146i var daudz lab\u0101k velt\u012bt sevi individu\u0101liem skol\u0113niem.\"<\/p><p>\"Ar\u012b uz\u0146\u0113mumos jaunie\u0161i tiek uzraudz\u012bti,\" saka Roberts, \"jo vair\u0101k uzticies jaunie\u0161iem, jo atbild\u012bg\u0101ki vi\u0146i k\u013c\u016bst. T\u0101da ir mana pieredze.<\/p><h2>Lab\u0101kais veids, k\u0101 m\u0101c\u012bties, ir \u012bstenot projektus<\/h2><p>Z\u012bgberts savos ierakstos lasa: \"\u012apa\u0161i bie\u017ei tr\u016bkst skolot\u0101ju t\u0101 sauktajos MINT priek\u0161metos, t.i., matem\u0101tik\u0101, inform\u0101tik\u0101, dabaszin\u0101tn\u0113s un tehnolo\u0123ij\u0101s.\"<\/p><p>\"\u0160\u012bs t\u0113mas vislab\u0101k apg\u016bst projektos.\" Rom\u0101ns, viet\u0113j\u0101 tehnolo\u0123iju uz\u0146\u0113muma LieblingsTEC \u012bpa\u0161nieks, zina, par ko vi\u0146\u0161 run\u0101. Vi\u0146\u0161 ir biedr\u012bbas KidsTEC e.V. dibin\u0101t\u0101js, kur\u0101 tehniski apd\u0101vin\u0101ti b\u0113rni un jaunie\u0161i apvienojas veikl\u0101s komand\u0101s un izstr\u0101d\u0101 netradicion\u0101lus risin\u0101jumus da\u017e\u0101d\u0101m probl\u0113m\u0101m. Vi\u0146i jau ir ieguvu\u0161i vair\u0101kas balvas \"Jugend Forscht\" un l\u012bdz\u012bgos konkursos.\u00a0<\/p><p>\"Jaunie\u0161i m\u016bs vienm\u0113r p\u0101rsteidz,\" Rom\u0101ns piebilst, \"liel\u0101koties m\u0113s esam tie, kas m\u0101c\u0101s no vi\u0146iem, nevis otr\u0101di. Mums, pieaugu\u0161ajiem, paties\u012bb\u0101 ir tikai j\u0101rada pamatnosac\u012bjumi, un b\u0113rni n\u0101k klaj\u0101 ar risin\u0101jumiem, par kuriem m\u0113s nekad dz\u012bv\u0113 neb\u016btu iedom\u0101ju\u0161ies.\"<\/p>\t\t\t\t\t\t\t\t<\/div>\n\t\t\t\t<\/div>\n\t\t\t\t<div class=\"elementor-element elementor-element-043c552 elementor-widget elementor-widget-image\" data-id=\"043c552\" data-element_type=\"widget\" data-e-type=\"widget\" data-widget_type=\"image.default\">\n\t\t\t\t<div class=\"elementor-widget-container\">\n\t\t\t\t\t\t\t\t\t\t\t\t\t\t\t<img loading=\"lazy\" decoding=\"async\" width=\"500\" height=\"312\" src=\"https:\/\/gradido.net\/wp-content\/uploads\/2023\/09\/Ma\u0308dchen_Robotic_500.jpg\" class=\"attachment-full size-full wp-image-7743\" alt=\"\" srcset=\"https:\/\/gradido.net\/wp-content\/uploads\/2023\/09\/Ma\u0308dchen_Robotic_500.jpg 500w, https:\/\/gradido.net\/wp-content\/uploads\/2023\/09\/Ma\u0308dchen_Robotic_500-300x187.jpg 300w, https:\/\/gradido.net\/wp-content\/uploads\/2023\/09\/Ma\u0308dchen_Robotic_500-18x12.jpg 18w\" sizes=\"(max-width: 500px) 100vw, 500px\" \/>\t\t\t\t\t\t\t\t\t\t\t\t\t\t\t<\/div>\n\t\t\t\t<\/div>\n\t\t\t\t<div class=\"elementor-element elementor-element-364b916 elementor-widget elementor-widget-text-editor\" data-id=\"364b916\" data-element_type=\"widget\" data-e-type=\"widget\" data-widget_type=\"text-editor.default\">\n\t\t\t\t<div class=\"elementor-widget-container\">\n\t\t\t\t\t\t\t\t\t<p>Rom\u0101ns ierosina kop\u0101 ar STEM skolot\u0101jiem, KidsTEC un skol\u0113niem kop\u012bgi izstr\u0101d\u0101t aizraujo\u0161us projektus. \u012astenojot projektus, m\u0101c\u012bbu materi\u0101ls tiek iek\u013cauts gandr\u012bz k\u0101 blakusnodarb\u012bba.\u00a0<\/p><p>\"Matem\u0101tika un dabaszin\u0101tnes ir vieglas, ja ar to pal\u012bdz\u012bbu var piepild\u012bt savas v\u0113lmes. Tad smadzen\u0113s uzliesmo sinapses, un j\u016bs m\u0101c\u0101ties rekordliel\u0101 \u0101trum\u0101. KidsTEC m\u0113s to piedz\u012bvojam katru dienu. Lab\u0101k\u0101s idejas n\u0101k no b\u0113rniem!\"<\/p>\t\t\t\t\t\t\t\t<\/div>\n\t\t\t\t<\/div>\n\t\t\t\t<div class=\"elementor-element elementor-element-68f51e6 elementor-widget elementor-widget-image\" data-id=\"68f51e6\" data-element_type=\"widget\" data-e-type=\"widget\" data-widget_type=\"image.default\">\n\t\t\t\t<div class=\"elementor-widget-container\">\n\t\t\t\t\t\t\t\t\t\t\t\t\t\t\t<img loading=\"lazy\" decoding=\"async\" width=\"500\" height=\"312\" src=\"https:\/\/gradido.net\/wp-content\/uploads\/2023\/09\/Junge_Labor_500.jpg\" class=\"attachment-large size-large wp-image-7744\" alt=\"\" srcset=\"https:\/\/gradido.net\/wp-content\/uploads\/2023\/09\/Junge_Labor_500.jpg 500w, https:\/\/gradido.net\/wp-content\/uploads\/2023\/09\/Junge_Labor_500-300x187.jpg 300w, https:\/\/gradido.net\/wp-content\/uploads\/2023\/09\/Junge_Labor_500-18x12.jpg 18w\" sizes=\"(max-width: 500px) 100vw, 500px\" \/>\t\t\t\t\t\t\t\t\t\t\t\t\t\t\t<\/div>\n\t\t\t\t<\/div>\n\t\t\t\t<div class=\"elementor-element elementor-element-97205b6 elementor-widget elementor-widget-text-editor\" data-id=\"97205b6\" data-element_type=\"widget\" data-e-type=\"widget\" data-widget_type=\"text-editor.default\">\n\t\t\t\t<div class=\"elementor-widget-container\">\n\t\t\t\t\t\t\t\t\t<p>Tagad telp\u0101 ien\u0101k dz\u012bve. \u0160\u0137iet, ka visi run\u0101 ar visiem p\u0101r\u0113jiem, un idejas tikai burbu\u013co...<\/p><p>\"D\u0101rgie draugi,\" Maikls \u0146em v\u0101rdu, \"tas ir fantastiski - \u0161is b\u016bs v\u0113l viens pav\u0113rsiena punkts m\u016bsu lieliskaj\u0101 sadarb\u012bb\u0101!\"\u00a0<\/p><p>P\u0113c \u012bsas p\u0101rdomu pauzes vi\u0146\u0161 turpina:\u00a0<br \/>\"Un atkal, mums ir daudz br\u012bvpr\u0101t\u012bg\u0101 darba, izgl\u012bt\u012bbas asoci\u0101cija, KidsTEC un, protams, skol\u0113ni, kuri piedal\u0101s da\u017e\u0101dos projektos un t\u0101d\u0113j\u0101di rada milz\u012bgu pievienoto v\u0113rt\u012bbu - sev, sabiedr\u012bbai un kop\u0113jai ainai. Saska\u0146\u0101 ar Gradido modeli viss br\u012bvpr\u0101t\u012bgais darbs tiek atalgots 20 Gradido par stundu - pa\u0161laik v\u0113l nep\u0101rsniedz 1000 Gradido m\u0113nes\u012b, bet m\u0113s att\u012bst\u0101mies ar\u012b \u0161aj\u0101 jom\u0101.\"<\/p>\t\t\t\t\t\t\t\t<\/div>\n\t\t\t\t<\/div>\n\t\t\t\t<div class=\"elementor-element elementor-element-e858257 elementor-widget-divider--view-line elementor-widget elementor-widget-divider\" data-id=\"e858257\" data-element_type=\"widget\" data-e-type=\"widget\" data-widget_type=\"divider.default\">\n\t\t\t\t<div class=\"elementor-widget-container\">\n\t\t\t\t\t\t\t<div class=\"elementor-divider\">\n\t\t\t<span class=\"elementor-divider-separator\">\n\t\t\t\t\t\t<\/span>\n\t\t<\/div>\n\t\t\t\t\t\t<\/div>\n\t\t\t\t<\/div>\n\t\t\t\t<div class=\"elementor-element elementor-element-d74dfa0 elementor-widget elementor-widget-text-editor\" data-id=\"d74dfa0\" data-element_type=\"widget\" data-e-type=\"widget\" data-widget_type=\"text-editor.default\">\n\t\t\t\t<div class=\"elementor-widget-container\">\n\t\t\t\t\t\t\t\t\t<div data-pm-slice=\"1 1 []\" data-en-clipboard=\"true\"><p>Port\u0101ls <strong>\"Lieliska sadarb\u012bba<\/strong> ieg\u016bst neiedom\u0101jamus apm\u0113rus. Popul\u0101r\u0101s s\u0113rijas 14. s\u0113rijas 14. epizod\u0113 <strong>\"Gradido iecien\u012bt\u0101kaj\u0101 pils\u0113t\u0101\" <\/strong>Lieblings\u0161tates iedz\u012bvot\u0101ji burtiski gl\u0101bj pasauli - vai dr\u012bz\u0101k, vi\u0146i nodro\u0161ina, ka izaug \u0123\u0113niju paaudze, kas sp\u0113s atrisin\u0101t pasaules liel\u0101s probl\u0113mas.<\/p><p>Ir gal\u012bgi pier\u0101d\u012bts, ka sadarb\u012bba ir daudz lab\u0101ka nek\u0101 konkurence. Jo to, ko sp\u0113j m\u016bsu m\u012b\u013c\u0101kie pils\u0113tnieki, sp\u0113j visi cilv\u0113ki pasaul\u0113. Un tas ir labi, jo cilv\u0113ces probl\u0113mas m\u0113s varam atrisin\u0101t tikai kop\u0101.<\/p><p>Ar\u012b \u0161is izgl\u012bt\u012bbas projekts liel\u0101 m\u0113r\u0101 tiek \u012bstenots br\u012bvpr\u0101t\u012bgi. Izmantojot br\u012bvpr\u0101t\u012bgo atalgojuma sist\u0113mu \"Gradido\", br\u012bvpr\u0101t\u012bgais darbs tiek atalgots ar 20 Gradido stund\u0101.<\/p><p>Gradidos ir da\u017e\u0101das priek\u0161roc\u012bbas un atlaides, ko var izmantot viet\u0113jos uz\u0146\u0113mumos. Turkl\u0101t starp iedz\u012bvot\u0101jiem notiek akt\u012bva apmai\u0146a. Tas samazina izmaksas visiem iesaist\u012btajiem, un lieliski projekti k\u013c\u016bst \u012bstenojami. Situ\u0101cija, kur\u0101 ieguv\u0113ji ir visi!<\/p><p><strong>Nevilcinieties p\u0101rs\u016bt\u012bt \u0161o s\u0113riju savas pils\u0113tas domei, asoci\u0101cij\u0101m un uz\u0146\u0113mumiem!<\/strong><\/p><p>Ar Gradido un Lielo sadarb\u012bbu m\u0113s rad\u0101m <strong>Virziena spir\u0101les<\/strong> ilgtsp\u0113j\u012bgi un pozit\u012bvi veidot n\u0101kotni. Kop\u012bgiem sp\u0113kiem m\u0113s p\u0101rveidojam m\u016bsu pils\u0113tas un mazpils\u0113tas par dinamisk\u0101m, plauksto\u0161\u0101m o\u0101z\u0113m - m\u016bsu iecien\u012bt\u0101kaj\u0101m viet\u0101m!<\/p><p>Sirsn\u012bgi sveicieni<\/p><\/div><p>J\u016bsu<\/p><p><img loading=\"lazy\" decoding=\"async\" class=\"alignnone wp-image-4614 size-medium\" src=\"https:\/\/gradido.net\/wp-content\/uploads\/2022\/06\/MargretBernd_2022-300x74.png\" alt=\"\" width=\"300\" height=\"74\" srcset=\"https:\/\/gradido.net\/wp-content\/uploads\/2022\/06\/MargretBernd_2022-300x74.png 300w, https:\/\/gradido.net\/wp-content\/uploads\/2022\/06\/MargretBernd_2022-18x4.png 18w, https:\/\/gradido.net\/wp-content\/uploads\/2022\/06\/MargretBernd_2022.png 431w\" sizes=\"(max-width: 300px) 100vw, 300px\" \/><\/p><p>Margret Baier un Bernd H\u00fcckst\u00e4dt<br \/>Gradido dibin\u0101t\u0101js un izstr\u0101d\u0101t\u0101js<\/p>\t\t\t\t\t\t\t\t<\/div>\n\t\t\t\t<\/div>\n\t\t\t\t\t<\/div>\n\t\t<\/div>\n\t\t\t\t\t<\/div>\n\t\t<\/section>\n\t\t\t\t<section class=\"elementor-section elementor-top-section elementor-element elementor-element-bc5544d elementor-section-boxed elementor-section-height-default elementor-section-height-default\" data-id=\"bc5544d\" data-element_type=\"section\" data-e-type=\"section\">\n\t\t\t\t\t\t<div class=\"elementor-container elementor-column-gap-default\">\n\t\t\t\t\t<div class=\"elementor-column elementor-col-100 elementor-top-column elementor-element elementor-element-0c243ab\" data-id=\"0c243ab\" data-element_type=\"column\" data-e-type=\"column\">\n\t\t\t<div class=\"elementor-widget-wrap elementor-element-populated\">\n\t\t\t\t\t\t<div class=\"elementor-element elementor-element-847da1e elementor-position-inline-start white-links elementor-widget__width-initial elementor-view-default elementor-mobile-position-block-start elementor-widget elementor-widget-icon-box\" data-id=\"847da1e\" data-element_type=\"widget\" data-e-type=\"widget\" data-no-translation=\"\" data-widget_type=\"icon-box.default\">\n\t\t\t\t<div class=\"elementor-widget-container\">\n\t\t\t\t\t<style>.elementor-element-847da1e{display:none !important}<\/style>\t\t\t\t<\/div>\n\t\t\t\t<\/div>\n\t\t\t\t\t<\/div>\n\t\t<\/div>\n\t\t\t\t\t<\/div>\n\t\t<\/section>\n\t\t\t\t<section class=\"elementor-section elementor-top-section elementor-element elementor-element-14532fe elementor-section-boxed elementor-section-height-default elementor-section-height-default\" data-id=\"14532fe\" data-element_type=\"section\" data-e-type=\"section\">\n\t\t\t\t\t\t<div class=\"elementor-container elementor-column-gap-default\">\n\t\t\t\t\t<div class=\"elementor-column elementor-col-100 elementor-top-column elementor-element elementor-element-65d2298\" data-id=\"65d2298\" data-element_type=\"column\" data-e-type=\"column\">\n\t\t\t<div class=\"elementor-widget-wrap elementor-element-populated\">\n\t\t\t\t\t\t<div class=\"elementor-element elementor-element-42be1cc elementor-widget elementor-widget-global elementor-global-9341 elementor-widget-text-editor\" data-id=\"42be1cc\" data-element_type=\"widget\" data-e-type=\"widget\" data-widget_type=\"text-editor.default\">\n\t\t\t\t<div class=\"elementor-widget-container\">\n\t\t\t\t\t\t\t\t\t<p><strong>PS:\u00a0<span style=\"color: #ff6600;\"><a style=\"color: #ff6600;\" href=\"https:\/\/gradido.net\/lv\/donations\/\">T\u0101 k\u0101 Gradido k\u013c\u016bst arvien noz\u012bm\u012bg\u0101ks, m\u0113s atk\u0101rtojam m\u016bsu pateic\u012bbas kampa\u0146u 2026. gada 26. j\u016bnij\u0101:<\/a>\u00a0<\/span><span style=\"color: #0000ff;\"><a style=\"color: #0000ff;\" href=\"https:\/\/gradido.net\/lv\/donations\/\">Papildus vair\u0101kk\u0101rt\u0113jai GradidoTransform par j\u016bsu sponsor\u0113\u0161anas ieguld\u012bjumu, m\u0113s palielin\u0101sim visu GDT kontu atlikumus par 26% 26\/06\/2016. Sponsor\u0113jiet tagad un izbaudiet vair\u0101kk\u0101rt\u0113ju GDT summu!<\/a><\/span><\/strong><\/p>\t\t\t\t\t\t\t\t<\/div>\n\t\t\t\t<\/div>\n\t\t\t\t\t<\/div>\n\t\t<\/div>\n\t\t\t\t\t<\/div>\n\t\t<\/section>\n\t\t\t\t<\/div>","protected":false},"excerpt":{"rendered":"<p>V\u0101cij\u0101 tr\u016bkst skolot\u0101ju. Saska\u0146\u0101 ar PISA p\u0113t\u012bjuma datiem ceturt\u0101 da\u013ca skol\u0113nu neprot pareizi las\u012bt, rakst\u012bt un r\u0113\u0137in\u0101t. Tas ir v\u0113rojams ar\u012b Lieblings\u0161tat\u0113. Ap\u0146\u0113m\u012bgais pils\u0113tas m\u0113rs Mihaels Miteinands uzskata, ka \u0161\u0101da situ\u0101cija ir nepie\u0146emama. M\u012b\u013cie pils\u0113tnieki atrod risin\u0101jumu.<\/p>","protected":false},"author":2,"featured_media":7721,"comment_status":"closed","ping_status":"closed","sticky":false,"template":"","format":"standard","meta":{"footnotes":""},"categories":[11,53],"tags":[],"class_list":["post-7720","post","type-post","status-publish","format-standard","has-post-thumbnail","hentry","category-blog","category-lieblingsstadt"],"yoast_head":"<!-- This site is optimized with the Yoast SEO plugin v27.5 - https:\/\/yoast.com\/product\/yoast-seo-wordpress\/ -->\n<title>Lieblingsstadt 14 \u2013 Trotz Lehrkr\u00e4ftemangel: Sch\u00fcler werden zu Genies - Gradido<\/title>\n<meta name=\"description\" content=\"In Deutschland herrscht Lehrkr\u00e4ftemangel. Laut PISA-Studie\u00a0 k\u00f6nnen ein Viertel der Sch\u00fcler nicht richtig lesen, schreiben und rechnen. Auch in Lieblingsstadt ist das sp\u00fcrbar. F\u00fcr Michael Miteinand, den engagierten B\u00fcrgermeister der Stadt, ein untragbarer Zustand. Die Lieblingsst\u00e4dter finden die L\u00f6sung.\" \/>\n<meta name=\"robots\" content=\"index, follow, max-snippet:-1, max-image-preview:large, max-video-preview:-1\" \/>\n<link rel=\"canonical\" href=\"https:\/\/gradido.net\/lv\/lieblingsstadt-14-trotz-lehrermangel-schueler-werden-zu-genies\/\" \/>\n<meta property=\"og:locale\" content=\"lv_LV\" \/>\n<meta property=\"og:type\" content=\"article\" \/>\n<meta property=\"og:title\" content=\"Lieblingsstadt 14 \u2013 Trotz Lehrkr\u00e4ftemangel: Sch\u00fcler werden zu Genies - Gradido\" \/>\n<meta property=\"og:description\" content=\"In Deutschland herrscht Lehrkr\u00e4ftemangel. Laut PISA-Studie\u00a0 k\u00f6nnen ein Viertel der Sch\u00fcler nicht richtig lesen, schreiben und rechnen. Auch in Lieblingsstadt ist das sp\u00fcrbar. F\u00fcr Michael Miteinand, den engagierten B\u00fcrgermeister der Stadt, ein untragbarer Zustand. Die Lieblingsst\u00e4dter finden die L\u00f6sung.\" \/>\n<meta property=\"og:url\" content=\"https:\/\/gradido.net\/lv\/lieblingsstadt-14-trotz-lehrermangel-schueler-werden-zu-genies\/\" \/>\n<meta property=\"og:site_name\" content=\"Gradido\" \/>\n<meta property=\"article:published_time\" content=\"2023-09-27T13:32:45+00:00\" \/>\n<meta property=\"article:modified_time\" content=\"2026-04-23T05:11:58+00:00\" \/>\n<meta property=\"og:image\" content=\"https:\/\/gradido.net\/wp-content\/uploads\/2023\/09\/Genie_1920.jpg\" \/>\n\t<meta property=\"og:image:width\" content=\"1920\" \/>\n\t<meta property=\"og:image:height\" content=\"1200\" \/>\n\t<meta property=\"og:image:type\" content=\"image\/jpeg\" \/>\n<meta name=\"author\" content=\"Bernd H\u00fcckst\u00e4dt\" \/>\n<meta name=\"twitter:card\" content=\"summary_large_image\" \/>\n<meta name=\"twitter:label1\" content=\"Written by\" \/>\n\t<meta name=\"twitter:data1\" content=\"Bernd H\u00fcckst\u00e4dt\" \/>\n\t<meta name=\"twitter:label2\" content=\"Est. reading time\" \/>\n\t<meta name=\"twitter:data2\" content=\"10 min\u016b\u0161u\" \/>\n<script type=\"application\/ld+json\" class=\"yoast-schema-graph\">{\"@context\":\"https:\\\/\\\/schema.org\",\"@graph\":[{\"@type\":\"Article\",\"@id\":\"https:\\\/\\\/gradido.net\\\/lieblingsstadt-14-trotz-lehrermangel-schueler-werden-zu-genies\\\/#article\",\"isPartOf\":{\"@id\":\"https:\\\/\\\/gradido.net\\\/lieblingsstadt-14-trotz-lehrermangel-schueler-werden-zu-genies\\\/\"},\"author\":{\"name\":\"Bernd H\u00fcckst\u00e4dt\",\"@id\":\"https:\\\/\\\/gradido.net\\\/de\\\/#\\\/schema\\\/person\\\/9c503a004ad15a1ddecadce2218db5d1\"},\"headline\":\"Lieblingsstadt 14 \u2013 Trotz Lehrkr\u00e4ftemangel: Sch\u00fcler werden zu Genies\",\"datePublished\":\"2023-09-27T13:32:45+00:00\",\"dateModified\":\"2026-04-23T05:11:58+00:00\",\"mainEntityOfPage\":{\"@id\":\"https:\\\/\\\/gradido.net\\\/lieblingsstadt-14-trotz-lehrermangel-schueler-werden-zu-genies\\\/\"},\"wordCount\":1483,\"publisher\":{\"@id\":\"https:\\\/\\\/gradido.net\\\/de\\\/#organization\"},\"image\":{\"@id\":\"https:\\\/\\\/gradido.net\\\/lieblingsstadt-14-trotz-lehrermangel-schueler-werden-zu-genies\\\/#primaryimage\"},\"thumbnailUrl\":\"https:\\\/\\\/gradido.net\\\/wp-content\\\/uploads\\\/2023\\\/09\\\/Genie_1920.jpg\",\"articleSection\":[\"Blog\",\"Lieblingsstadt\"],\"inLanguage\":\"lv-LV\"},{\"@type\":\"WebPage\",\"@id\":\"https:\\\/\\\/gradido.net\\\/lieblingsstadt-14-trotz-lehrermangel-schueler-werden-zu-genies\\\/\",\"url\":\"https:\\\/\\\/gradido.net\\\/lieblingsstadt-14-trotz-lehrermangel-schueler-werden-zu-genies\\\/\",\"name\":\"Lieblingsstadt 14 \u2013 Trotz Lehrkr\u00e4ftemangel: Sch\u00fcler werden zu Genies - Gradido\",\"isPartOf\":{\"@id\":\"https:\\\/\\\/gradido.net\\\/de\\\/#website\"},\"primaryImageOfPage\":{\"@id\":\"https:\\\/\\\/gradido.net\\\/lieblingsstadt-14-trotz-lehrermangel-schueler-werden-zu-genies\\\/#primaryimage\"},\"image\":{\"@id\":\"https:\\\/\\\/gradido.net\\\/lieblingsstadt-14-trotz-lehrermangel-schueler-werden-zu-genies\\\/#primaryimage\"},\"thumbnailUrl\":\"https:\\\/\\\/gradido.net\\\/wp-content\\\/uploads\\\/2023\\\/09\\\/Genie_1920.jpg\",\"datePublished\":\"2023-09-27T13:32:45+00:00\",\"dateModified\":\"2026-04-23T05:11:58+00:00\",\"description\":\"In Deutschland herrscht Lehrkr\u00e4ftemangel. Laut PISA-Studie\u00a0 k\u00f6nnen ein Viertel der Sch\u00fcler nicht richtig lesen, schreiben und rechnen. Auch in Lieblingsstadt ist das sp\u00fcrbar. F\u00fcr Michael Miteinand, den engagierten B\u00fcrgermeister der Stadt, ein untragbarer Zustand. Die Lieblingsst\u00e4dter finden die L\u00f6sung.\",\"breadcrumb\":{\"@id\":\"https:\\\/\\\/gradido.net\\\/lieblingsstadt-14-trotz-lehrermangel-schueler-werden-zu-genies\\\/#breadcrumb\"},\"inLanguage\":\"lv-LV\",\"potentialAction\":[{\"@type\":\"ReadAction\",\"target\":[\"https:\\\/\\\/gradido.net\\\/lieblingsstadt-14-trotz-lehrermangel-schueler-werden-zu-genies\\\/\"]}]},{\"@type\":\"ImageObject\",\"inLanguage\":\"lv-LV\",\"@id\":\"https:\\\/\\\/gradido.net\\\/lieblingsstadt-14-trotz-lehrermangel-schueler-werden-zu-genies\\\/#primaryimage\",\"url\":\"https:\\\/\\\/gradido.net\\\/wp-content\\\/uploads\\\/2023\\\/09\\\/Genie_1920.jpg\",\"contentUrl\":\"https:\\\/\\\/gradido.net\\\/wp-content\\\/uploads\\\/2023\\\/09\\\/Genie_1920.jpg\",\"width\":1920,\"height\":1200},{\"@type\":\"BreadcrumbList\",\"@id\":\"https:\\\/\\\/gradido.net\\\/lieblingsstadt-14-trotz-lehrermangel-schueler-werden-zu-genies\\\/#breadcrumb\",\"itemListElement\":[{\"@type\":\"ListItem\",\"position\":1,\"name\":\"Startseite\",\"item\":\"https:\\\/\\\/gradido.net\\\/\"},{\"@type\":\"ListItem\",\"position\":2,\"name\":\"Lieblingsstadt 14 \u2013 Trotz Lehrkr\u00e4ftemangel: Sch\u00fcler werden zu Genies\"}]},{\"@type\":\"WebSite\",\"@id\":\"https:\\\/\\\/gradido.net\\\/de\\\/#website\",\"url\":\"https:\\\/\\\/gradido.net\\\/de\\\/\",\"name\":\"Gradido\",\"description\":\"Die neue W\u00e4hrung hei\u00dft Dankbarkeit\",\"publisher\":{\"@id\":\"https:\\\/\\\/gradido.net\\\/de\\\/#organization\"},\"potentialAction\":[{\"@type\":\"SearchAction\",\"target\":{\"@type\":\"EntryPoint\",\"urlTemplate\":\"https:\\\/\\\/gradido.net\\\/de\\\/?s={search_term_string}\"},\"query-input\":{\"@type\":\"PropertyValueSpecification\",\"valueRequired\":true,\"valueName\":\"search_term_string\"}}],\"inLanguage\":\"lv-LV\"},{\"@type\":\"Organization\",\"@id\":\"https:\\\/\\\/gradido.net\\\/de\\\/#organization\",\"name\":\"Gradido\",\"url\":\"https:\\\/\\\/gradido.net\\\/de\\\/\",\"logo\":{\"@type\":\"ImageObject\",\"inLanguage\":\"lv-LV\",\"@id\":\"https:\\\/\\\/gradido.net\\\/de\\\/#\\\/schema\\\/logo\\\/image\\\/\",\"url\":\"https:\\\/\\\/gradido.net\\\/wp-content\\\/uploads\\\/2022\\\/04\\\/gradido-social.jpg\",\"contentUrl\":\"https:\\\/\\\/gradido.net\\\/wp-content\\\/uploads\\\/2022\\\/04\\\/gradido-social.jpg\",\"width\":527,\"height\":273,\"caption\":\"Gradido\"},\"image\":{\"@id\":\"https:\\\/\\\/gradido.net\\\/de\\\/#\\\/schema\\\/logo\\\/image\\\/\"}},{\"@type\":\"Person\",\"@id\":\"https:\\\/\\\/gradido.net\\\/de\\\/#\\\/schema\\\/person\\\/9c503a004ad15a1ddecadce2218db5d1\",\"name\":\"Bernd H\u00fcckst\u00e4dt\",\"sameAs\":[\"https:\\\/\\\/gradido.net\"],\"url\":\"https:\\\/\\\/gradido.net\\\/lv\\\/author\\\/bernd\\\/\"}]}<\/script>\n<!-- \/ Yoast SEO plugin. -->","yoast_head_json":{"title":"M\u012b\u013c\u0101k\u0101 pils\u0113ta 14 - Neskatoties uz skolot\u0101ju tr\u016bkumu: skol\u0113ni k\u013c\u016bst par \u0123\u0113nijiem - Gradido","description":"V\u0101cij\u0101 tr\u016bkst skolot\u0101ju. Saska\u0146\u0101 ar PISA p\u0113t\u012bjuma datiem ceturt\u0101 da\u013ca skol\u0113nu neprot pareizi las\u012bt, rakst\u012bt un r\u0113\u0137in\u0101t. Tas ir v\u0113rojams ar\u012b Lieblings\u0161tat\u0113. Ap\u0146\u0113m\u012bgais pils\u0113tas m\u0113rs Mihaels Miteinands uzskata, ka \u0161\u0101da situ\u0101cija ir nepie\u0146emama. M\u012b\u013cie pils\u0113tnieki atrod risin\u0101jumu.","robots":{"index":"index","follow":"follow","max-snippet":"max-snippet:-1","max-image-preview":"max-image-preview:large","max-video-preview":"max-video-preview:-1"},"canonical":"https:\/\/gradido.net\/lv\/lieblingsstadt-14-trotz-lehrermangel-schueler-werden-zu-genies\/","og_locale":"lv_LV","og_type":"article","og_title":"Lieblingsstadt 14 \u2013 Trotz Lehrkr\u00e4ftemangel: Sch\u00fcler werden zu Genies - Gradido","og_description":"In Deutschland herrscht Lehrkr\u00e4ftemangel. Laut PISA-Studie\u00a0 k\u00f6nnen ein Viertel der Sch\u00fcler nicht richtig lesen, schreiben und rechnen. Auch in Lieblingsstadt ist das sp\u00fcrbar. F\u00fcr Michael Miteinand, den engagierten B\u00fcrgermeister der Stadt, ein untragbarer Zustand. Die Lieblingsst\u00e4dter finden die L\u00f6sung.","og_url":"https:\/\/gradido.net\/lv\/lieblingsstadt-14-trotz-lehrermangel-schueler-werden-zu-genies\/","og_site_name":"Gradido","article_published_time":"2023-09-27T13:32:45+00:00","article_modified_time":"2026-04-23T05:11:58+00:00","og_image":[{"width":1920,"height":1200,"url":"https:\/\/gradido.net\/wp-content\/uploads\/2023\/09\/Genie_1920.jpg","type":"image\/jpeg"}],"author":"Bernd H\u00fcckst\u00e4dt","twitter_card":"summary_large_image","twitter_misc":{"Written by":"Bernd H\u00fcckst\u00e4dt","Est. reading time":"10 min\u016b\u0161u"},"schema":{"@context":"https:\/\/schema.org","@graph":[{"@type":"Article","@id":"https:\/\/gradido.net\/lieblingsstadt-14-trotz-lehrermangel-schueler-werden-zu-genies\/#article","isPartOf":{"@id":"https:\/\/gradido.net\/lieblingsstadt-14-trotz-lehrermangel-schueler-werden-zu-genies\/"},"author":{"name":"Bernd H\u00fcckst\u00e4dt","@id":"https:\/\/gradido.net\/de\/#\/schema\/person\/9c503a004ad15a1ddecadce2218db5d1"},"headline":"Lieblingsstadt 14 \u2013 Trotz Lehrkr\u00e4ftemangel: Sch\u00fcler werden zu Genies","datePublished":"2023-09-27T13:32:45+00:00","dateModified":"2026-04-23T05:11:58+00:00","mainEntityOfPage":{"@id":"https:\/\/gradido.net\/lieblingsstadt-14-trotz-lehrermangel-schueler-werden-zu-genies\/"},"wordCount":1483,"publisher":{"@id":"https:\/\/gradido.net\/de\/#organization"},"image":{"@id":"https:\/\/gradido.net\/lieblingsstadt-14-trotz-lehrermangel-schueler-werden-zu-genies\/#primaryimage"},"thumbnailUrl":"https:\/\/gradido.net\/wp-content\/uploads\/2023\/09\/Genie_1920.jpg","articleSection":["Blog","Lieblingsstadt"],"inLanguage":"lv-LV"},{"@type":"WebPage","@id":"https:\/\/gradido.net\/lieblingsstadt-14-trotz-lehrermangel-schueler-werden-zu-genies\/","url":"https:\/\/gradido.net\/lieblingsstadt-14-trotz-lehrermangel-schueler-werden-zu-genies\/","name":"M\u012b\u013c\u0101k\u0101 pils\u0113ta 14 - Neskatoties uz skolot\u0101ju tr\u016bkumu: skol\u0113ni k\u013c\u016bst par \u0123\u0113nijiem - Gradido","isPartOf":{"@id":"https:\/\/gradido.net\/de\/#website"},"primaryImageOfPage":{"@id":"https:\/\/gradido.net\/lieblingsstadt-14-trotz-lehrermangel-schueler-werden-zu-genies\/#primaryimage"},"image":{"@id":"https:\/\/gradido.net\/lieblingsstadt-14-trotz-lehrermangel-schueler-werden-zu-genies\/#primaryimage"},"thumbnailUrl":"https:\/\/gradido.net\/wp-content\/uploads\/2023\/09\/Genie_1920.jpg","datePublished":"2023-09-27T13:32:45+00:00","dateModified":"2026-04-23T05:11:58+00:00","description":"V\u0101cij\u0101 tr\u016bkst skolot\u0101ju. Saska\u0146\u0101 ar PISA p\u0113t\u012bjuma datiem ceturt\u0101 da\u013ca skol\u0113nu neprot pareizi las\u012bt, rakst\u012bt un r\u0113\u0137in\u0101t. Tas ir v\u0113rojams ar\u012b Lieblings\u0161tat\u0113. Ap\u0146\u0113m\u012bgais pils\u0113tas m\u0113rs Mihaels Miteinands uzskata, ka \u0161\u0101da situ\u0101cija ir nepie\u0146emama. M\u012b\u013cie pils\u0113tnieki atrod risin\u0101jumu.","breadcrumb":{"@id":"https:\/\/gradido.net\/lieblingsstadt-14-trotz-lehrermangel-schueler-werden-zu-genies\/#breadcrumb"},"inLanguage":"lv-LV","potentialAction":[{"@type":"ReadAction","target":["https:\/\/gradido.net\/lieblingsstadt-14-trotz-lehrermangel-schueler-werden-zu-genies\/"]}]},{"@type":"ImageObject","inLanguage":"lv-LV","@id":"https:\/\/gradido.net\/lieblingsstadt-14-trotz-lehrermangel-schueler-werden-zu-genies\/#primaryimage","url":"https:\/\/gradido.net\/wp-content\/uploads\/2023\/09\/Genie_1920.jpg","contentUrl":"https:\/\/gradido.net\/wp-content\/uploads\/2023\/09\/Genie_1920.jpg","width":1920,"height":1200},{"@type":"BreadcrumbList","@id":"https:\/\/gradido.net\/lieblingsstadt-14-trotz-lehrermangel-schueler-werden-zu-genies\/#breadcrumb","itemListElement":[{"@type":"ListItem","position":1,"name":"Startseite","item":"https:\/\/gradido.net\/"},{"@type":"ListItem","position":2,"name":"Lieblingsstadt 14 \u2013 Trotz Lehrkr\u00e4ftemangel: Sch\u00fcler werden zu Genies"}]},{"@type":"WebSite","@id":"https:\/\/gradido.net\/de\/#website","url":"https:\/\/gradido.net\/de\/","name":"Gradido","description":"Jaun\u0101 val\u016bta ir pateic\u012bba","publisher":{"@id":"https:\/\/gradido.net\/de\/#organization"},"potentialAction":[{"@type":"SearchAction","target":{"@type":"EntryPoint","urlTemplate":"https:\/\/gradido.net\/de\/?s={search_term_string}"},"query-input":{"@type":"PropertyValueSpecification","valueRequired":true,"valueName":"search_term_string"}}],"inLanguage":"lv-LV"},{"@type":"Organization","@id":"https:\/\/gradido.net\/de\/#organization","name":"Gradido","url":"https:\/\/gradido.net\/de\/","logo":{"@type":"ImageObject","inLanguage":"lv-LV","@id":"https:\/\/gradido.net\/de\/#\/schema\/logo\/image\/","url":"https:\/\/gradido.net\/wp-content\/uploads\/2022\/04\/gradido-social.jpg","contentUrl":"https:\/\/gradido.net\/wp-content\/uploads\/2022\/04\/gradido-social.jpg","width":527,"height":273,"caption":"Gradido"},"image":{"@id":"https:\/\/gradido.net\/de\/#\/schema\/logo\/image\/"}},{"@type":"Person","@id":"https:\/\/gradido.net\/de\/#\/schema\/person\/9c503a004ad15a1ddecadce2218db5d1","name":"Bernd H\u00fcckst\u00e4dt","sameAs":["https:\/\/gradido.net"],"url":"https:\/\/gradido.net\/lv\/author\/bernd\/"}]}},"_links":{"self":[{"href":"https:\/\/gradido.net\/lv\/wp-json\/wp\/v2\/posts\/7720","targetHints":{"allow":["GET"]}}],"collection":[{"href":"https:\/\/gradido.net\/lv\/wp-json\/wp\/v2\/posts"}],"about":[{"href":"https:\/\/gradido.net\/lv\/wp-json\/wp\/v2\/types\/post"}],"author":[{"embeddable":true,"href":"https:\/\/gradido.net\/lv\/wp-json\/wp\/v2\/users\/2"}],"replies":[{"embeddable":true,"href":"https:\/\/gradido.net\/lv\/wp-json\/wp\/v2\/comments?post=7720"}],"version-history":[{"count":70,"href":"https:\/\/gradido.net\/lv\/wp-json\/wp\/v2\/posts\/7720\/revisions"}],"predecessor-version":[{"id":13536,"href":"https:\/\/gradido.net\/lv\/wp-json\/wp\/v2\/posts\/7720\/revisions\/13536"}],"wp:featuredmedia":[{"embeddable":true,"href":"https:\/\/gradido.net\/lv\/wp-json\/wp\/v2\/media\/7721"}],"wp:attachment":[{"href":"https:\/\/gradido.net\/lv\/wp-json\/wp\/v2\/media?parent=7720"}],"wp:term":[{"taxonomy":"category","embeddable":true,"href":"https:\/\/gradido.net\/lv\/wp-json\/wp\/v2\/categories?post=7720"},{"taxonomy":"post_tag","embeddable":true,"href":"https:\/\/gradido.net\/lv\/wp-json\/wp\/v2\/tags?post=7720"}],"curies":[{"name":"wp","href":"https:\/\/api.w.org\/{rel}","templated":true}]}}