{"id":9805,"date":"2024-11-23T17:05:09","date_gmt":"2024-11-23T16:05:09","guid":{"rendered":"https:\/\/gradido.net\/?p=9805"},"modified":"2026-04-24T07:26:43","modified_gmt":"2026-04-24T05:26:43","slug":"wir-wirken-zusammen","status":"publish","type":"post","link":"https:\/\/gradido.net\/lv\/wir-wirken-zusammen\/","title":{"rendered":"M\u0113s str\u0101d\u0101jam kop\u0101!"},"content":{"rendered":"<div data-elementor-type=\"wp-post\" data-elementor-id=\"9805\" class=\"elementor elementor-9805\" data-elementor-post-type=\"post\">\n\t\t\t\t\t\t<section class=\"elementor-section elementor-top-section elementor-element elementor-element-496e1d53 elementor-section-boxed elementor-section-height-default elementor-section-height-default\" data-id=\"496e1d53\" data-element_type=\"section\" data-e-type=\"section\">\n\t\t\t\t\t\t<div class=\"elementor-container elementor-column-gap-default\">\n\t\t\t\t\t<div class=\"elementor-column elementor-col-100 elementor-top-column elementor-element elementor-element-461d7be0\" data-id=\"461d7be0\" data-element_type=\"column\" data-e-type=\"column\">\n\t\t\t<div class=\"elementor-widget-wrap elementor-element-populated\">\n\t\t\t\t\t\t<div class=\"elementor-element elementor-element-cd9ebe2 elementor-widget elementor-widget-text-editor\" data-id=\"cd9ebe2\" data-element_type=\"widget\" data-e-type=\"widget\" data-widget_type=\"text-editor.default\">\n\t\t\t\t<div class=\"elementor-widget-container\">\n\t\t\t\t\t\t\t\t\t<p><em>No Alexandra Matheis<\/em><\/p><p>M\u0113s tikko s\u0113d\u0113j\u0101m intervij\u0101 ar Andrea par <a href=\"https:\/\/kongresswenigeristmehr.de\" target=\"_blank\" rel=\"noopener\">Kongress \"Maz\u0101k ir vair\u0101k\" <\/a>un \u0161odien m\u0113s apvienojam sp\u0113kus. M\u0113s, tas ir Bernds un Aleksandra! GRADIDO dibin\u0101t\u0101js un asoci\u0101cijas \"<a href=\"https:\/\/www.institut-neustart.com\/\" target=\"_blank\" rel=\"noopener\">Instit\u016bts, kas veicina jaunu s\u0101kumu cilv\u0113kiem<\/a>\".<\/p><p>Pirms intervijas neviens no vi\u0146iem nezin\u0101ja par otru. Un tagad gais\u0101 virmo ideja par kop\u012bgu darbu.<\/p><p>Kop\u0101? K\u0101p\u0113c?<\/p><p>GRADIDO v\u012bzija ir glob\u0101la labkl\u0101j\u012bba, miers un br\u012bv\u012bba visiem cilv\u0113kiem - harmonij\u0101 ar dabu. T\u0101s pamat\u0101 ir cilv\u0113ki, kas virza \u0161o mierm\u012bl\u012bgo p\u0101rveidi. Ikdienas t\u0113mas ir izplat\u012b\u0161ana, att\u012bst\u012bba un t\u012bkla veido\u0161ana.<\/p><p>I<a href=\"https:\/\/www.institut-neustart.com\/\">NSTIT\u016aTS RESTART\u0112T<\/a> (sa\u012bsin\u0101jums) ir ar\u012b v\u012bzija, jeb pareiz\u0101k b\u016btu teikt: past\u0101v\u0113\u0161anas m\u0113r\u0137is, un tas ir: \"M\u0113s veicin\u0101m t\u0101du darba pasauli, kur\u0101 uz\u0146\u0113mumi, uz\u0146\u0113m\u0113ji un darbinieki kop\u012bgi \u012bsteno veiksm\u012bgu un laim\u012bgu darba dz\u012bvi - katra indiv\u012bda un sabiedr\u012bbas lab\u0101.\"<\/p><p>T\u0101d\u0113j\u0101di abas iniciat\u012bvas pal\u012bdz main\u012bt pasauli un sniedz savu ieguld\u012bjumu.<\/p><p>INSTIT\u016aTS NEUSTART pal\u012bdz GRADIDO, kad runa ir par cilv\u0113kiem, kas nepiecie\u0161ami komand\u0101. Bet ar\u012b tad, kad runa ir par uz\u0146\u0113m\u0113jiem, kas var sniegt ieguld\u012bjumu GRADIDO. GRADIDO var g\u016bt lielu labumu no INSTITUT NEUSTART t\u012bkla.<\/p><p>Pret\u012b GRADIDO pied\u0101v\u0101 INSTIT\u016aTA NEUSTART izveidot ieguld\u012bjumu kop\u0113jam labumam Gradidos form\u0101. Instit\u016bta komanda str\u0101d\u0101 gandr\u012bz bez finansi\u0101las atl\u012bdz\u012bbas. Ir j\u0101izsaka pateic\u012bba un atzin\u012bba, un tagad komandas ieguld\u012bto darbu var nov\u0113rt\u0113t. Ar Gradidos (Gradido = pateic\u012bba \/ cie\u0146a \/ ziedojums!)!<\/p><p>Cilv\u0113ki, sadarb\u012bba un sadarb\u012bbas t\u012bklu veido\u0161ana - tas ir tas, kas raksturo abas iniciat\u012bvas un tagad t\u0101s savienos.<\/p><p>Pateicieties citiem katru dienu ar GRADIDO. Vai tu jau esi tur?<\/p>\t\t\t\t\t\t\t\t<\/div>\n\t\t\t\t<\/div>\n\t\t\t\t<div class=\"elementor-element elementor-element-683060f elementor-widget elementor-widget-image\" data-id=\"683060f\" data-element_type=\"widget\" data-e-type=\"widget\" data-widget_type=\"image.default\">\n\t\t\t\t<div class=\"elementor-widget-container\">\n\t\t\t\t\t\t\t\t\t\t\t\t\t\t\t\t<a href=\"https:\/\/www.institut-neustart.com\/\" target=\"_blank\">\n\t\t\t\t\t\t\t<img fetchpriority=\"high\" decoding=\"async\" width=\"725\" height=\"1024\" src=\"https:\/\/gradido.net\/wp-content\/uploads\/2024\/11\/Bildschirmfoto-2024-11-23-um-19.06.16-725x1024.png\" class=\"attachment-large size-large wp-image-9819\" alt=\"\" srcset=\"https:\/\/gradido.net\/wp-content\/uploads\/2024\/11\/Bildschirmfoto-2024-11-23-um-19.06.16-725x1024.png 725w, https:\/\/gradido.net\/wp-content\/uploads\/2024\/11\/Bildschirmfoto-2024-11-23-um-19.06.16-212x300.png 212w, https:\/\/gradido.net\/wp-content\/uploads\/2024\/11\/Bildschirmfoto-2024-11-23-um-19.06.16-768x1085.png 768w, https:\/\/gradido.net\/wp-content\/uploads\/2024\/11\/Bildschirmfoto-2024-11-23-um-19.06.16-1087x1536.png 1087w, https:\/\/gradido.net\/wp-content\/uploads\/2024\/11\/Bildschirmfoto-2024-11-23-um-19.06.16-8x12.png 8w, https:\/\/gradido.net\/wp-content\/uploads\/2024\/11\/Bildschirmfoto-2024-11-23-um-19.06.16.png 1196w\" sizes=\"(max-width: 725px) 100vw, 725px\" \/>\t\t\t\t\t\t\t\t<\/a>\n\t\t\t\t\t\t\t\t\t\t\t\t\t\t\t<\/div>\n\t\t\t\t<\/div>\n\t\t\t\t\t<\/div>\n\t\t<\/div>\n\t\t\t\t\t<\/div>\n\t\t<\/section>\n\t\t\t\t<section class=\"elementor-section elementor-top-section elementor-element elementor-element-14532fe elementor-section-boxed elementor-section-height-default elementor-section-height-default\" data-id=\"14532fe\" data-element_type=\"section\" data-e-type=\"section\">\n\t\t\t\t\t\t<div class=\"elementor-container elementor-column-gap-default\">\n\t\t\t\t\t<div class=\"elementor-column elementor-col-100 elementor-top-column elementor-element elementor-element-65d2298\" data-id=\"65d2298\" data-element_type=\"column\" data-e-type=\"column\">\n\t\t\t<div class=\"elementor-widget-wrap elementor-element-populated\">\n\t\t\t\t\t\t<div class=\"elementor-element elementor-element-bea124f elementor-widget elementor-widget-global elementor-global-9341 elementor-widget-text-editor\" data-id=\"bea124f\" data-element_type=\"widget\" data-e-type=\"widget\" data-widget_type=\"text-editor.default\">\n\t\t\t\t<div class=\"elementor-widget-container\">\n\t\t\t\t\t\t\t\t\t<p><strong>PS:\u00a0<span style=\"color: #ff6600;\"><a style=\"color: #ff6600;\" href=\"https:\/\/gradido.net\/lv\/donations\/\">T\u0101 k\u0101 Gradido k\u013c\u016bst arvien noz\u012bm\u012bg\u0101ks, m\u0113s atk\u0101rtojam m\u016bsu pateic\u012bbas kampa\u0146u 2026. gada 26. j\u016bnij\u0101:<\/a>\u00a0<\/span><span style=\"color: #0000ff;\"><a style=\"color: #0000ff;\" href=\"https:\/\/gradido.net\/lv\/donations\/\">Papildus vair\u0101kk\u0101rt\u0113jai GradidoTransform par j\u016bsu sponsor\u0113\u0161anas ieguld\u012bjumu, m\u0113s palielin\u0101sim visu GDT kontu atlikumus par 26% 26\/06\/2016. Sponsor\u0113jiet tagad un izbaudiet vair\u0101kk\u0101rt\u0113ju GDT summu!<\/a><\/span><\/strong><\/p>\t\t\t\t\t\t\t\t<\/div>\n\t\t\t\t<\/div>\n\t\t\t\t\t<\/div>\n\t\t<\/div>\n\t\t\t\t\t<\/div>\n\t\t<\/section>\n\t\t\t\t<section class=\"elementor-section elementor-top-section elementor-element elementor-element-29dfc07 elementor-section-boxed elementor-section-height-default elementor-section-height-default\" data-id=\"29dfc07\" data-element_type=\"section\" data-e-type=\"section\">\n\t\t\t\t\t\t<div class=\"elementor-container elementor-column-gap-default\">\n\t\t\t\t\t<div class=\"elementor-column elementor-col-100 elementor-top-column elementor-element elementor-element-d37ec5a\" data-id=\"d37ec5a\" data-element_type=\"column\" data-e-type=\"column\">\n\t\t\t<div class=\"elementor-widget-wrap\">\n\t\t\t\t\t\t\t<\/div>\n\t\t<\/div>\n\t\t\t\t\t<\/div>\n\t\t<\/section>\n\t\t\t\t<\/div>","protected":false},"excerpt":{"rendered":"<p>INSTIT\u016aTA NEUSTART (sa\u012bsin\u0101t\u0101 forma) past\u0101v\u0113\u0161anas m\u0113r\u0137is ir: \"M\u0113s sniedzam ieguld\u012bjumu darba pasaul\u0113, kur\u0101 uz\u0146\u0113mumi, uz\u0146\u0113m\u0113ji un darbinieki kop\u012bgi \u012bsteno veiksm\u012bgu un laim\u012bgu darba dz\u012bvi - katra indiv\u012bda un sabiedr\u012bbas lab\u0101.\"<\/p>","protected":false},"author":2,"featured_media":9806,"comment_status":"closed","ping_status":"closed","sticky":false,"template":"","format":"standard","meta":{"footnotes":""},"categories":[11,54],"tags":[],"class_list":["post-9805","post","type-post","status-publish","format-standard","has-post-thumbnail","hentry","category-blog","category-community"],"yoast_head":"<!-- This site is optimized with the Yoast SEO plugin v27.4 - https:\/\/yoast.com\/product\/yoast-seo-wordpress\/ -->\n<title>Wir wirken zusammen! - Gradido<\/title>\n<meta name=\"description\" content=\"Das INSTITUT NEUSTART (Kurzform) hat einen Zweck der Existenz und dieser lautet: \u201eWir leisten einen Beitrag zu einer Arbeitswelt, in der Firmen, Unternehmer und Mitarbeiter gemeinsam ein erfolgreiches und gl\u00fcckliches Berufsleben verwirklichen \u2013 zum Wohle jedes Einzelnen und der Gesellschaft.\u201c\" \/>\n<meta name=\"robots\" content=\"index, follow, max-snippet:-1, max-image-preview:large, max-video-preview:-1\" \/>\n<link rel=\"canonical\" href=\"https:\/\/gradido.net\/lv\/wir-wirken-zusammen\/\" \/>\n<meta property=\"og:locale\" content=\"lv_LV\" \/>\n<meta property=\"og:type\" content=\"article\" \/>\n<meta property=\"og:title\" content=\"Wir wirken zusammen! - Gradido\" \/>\n<meta property=\"og:description\" content=\"Das INSTITUT NEUSTART (Kurzform) hat einen Zweck der Existenz und dieser lautet: \u201eWir leisten einen Beitrag zu einer Arbeitswelt, in der Firmen, Unternehmer und Mitarbeiter gemeinsam ein erfolgreiches und gl\u00fcckliches Berufsleben verwirklichen \u2013 zum Wohle jedes Einzelnen und der Gesellschaft.\u201c\" \/>\n<meta property=\"og:url\" content=\"https:\/\/gradido.net\/lv\/wir-wirken-zusammen\/\" \/>\n<meta property=\"og:site_name\" content=\"Gradido\" \/>\n<meta property=\"article:published_time\" content=\"2024-11-23T16:05:09+00:00\" \/>\n<meta property=\"article:modified_time\" content=\"2026-04-24T05:26:43+00:00\" \/>\n<meta property=\"og:image\" content=\"https:\/\/gradido.net\/wp-content\/uploads\/2024\/11\/Neustart.jpg\" \/>\n\t<meta property=\"og:image:width\" content=\"1280\" \/>\n\t<meta property=\"og:image:height\" content=\"720\" \/>\n\t<meta property=\"og:image:type\" content=\"image\/jpeg\" \/>\n<meta name=\"author\" content=\"Bernd H\u00fcckst\u00e4dt\" \/>\n<meta name=\"twitter:card\" content=\"summary_large_image\" \/>\n<meta name=\"twitter:label1\" content=\"Written by\" \/>\n\t<meta name=\"twitter:data1\" content=\"Bernd H\u00fcckst\u00e4dt\" \/>\n\t<meta name=\"twitter:label2\" content=\"Est. reading time\" \/>\n\t<meta name=\"twitter:data2\" content=\"3 min\u016btes\" \/>\n<script type=\"application\/ld+json\" class=\"yoast-schema-graph\">{\"@context\":\"https:\\\/\\\/schema.org\",\"@graph\":[{\"@type\":\"Article\",\"@id\":\"https:\\\/\\\/gradido.net\\\/wir-wirken-zusammen\\\/#article\",\"isPartOf\":{\"@id\":\"https:\\\/\\\/gradido.net\\\/wir-wirken-zusammen\\\/\"},\"author\":{\"name\":\"Bernd H\u00fcckst\u00e4dt\",\"@id\":\"https:\\\/\\\/gradido.net\\\/de\\\/#\\\/schema\\\/person\\\/9c503a004ad15a1ddecadce2218db5d1\"},\"headline\":\"Wir wirken zusammen!\",\"datePublished\":\"2024-11-23T16:05:09+00:00\",\"dateModified\":\"2026-04-24T05:26:43+00:00\",\"mainEntityOfPage\":{\"@id\":\"https:\\\/\\\/gradido.net\\\/wir-wirken-zusammen\\\/\"},\"wordCount\":338,\"publisher\":{\"@id\":\"https:\\\/\\\/gradido.net\\\/de\\\/#organization\"},\"image\":{\"@id\":\"https:\\\/\\\/gradido.net\\\/wir-wirken-zusammen\\\/#primaryimage\"},\"thumbnailUrl\":\"https:\\\/\\\/gradido.net\\\/wp-content\\\/uploads\\\/2024\\\/11\\\/Neustart.jpg\",\"articleSection\":[\"Blog\",\"Community\"],\"inLanguage\":\"lv-LV\"},{\"@type\":\"WebPage\",\"@id\":\"https:\\\/\\\/gradido.net\\\/wir-wirken-zusammen\\\/\",\"url\":\"https:\\\/\\\/gradido.net\\\/wir-wirken-zusammen\\\/\",\"name\":\"Wir wirken zusammen! - Gradido\",\"isPartOf\":{\"@id\":\"https:\\\/\\\/gradido.net\\\/de\\\/#website\"},\"primaryImageOfPage\":{\"@id\":\"https:\\\/\\\/gradido.net\\\/wir-wirken-zusammen\\\/#primaryimage\"},\"image\":{\"@id\":\"https:\\\/\\\/gradido.net\\\/wir-wirken-zusammen\\\/#primaryimage\"},\"thumbnailUrl\":\"https:\\\/\\\/gradido.net\\\/wp-content\\\/uploads\\\/2024\\\/11\\\/Neustart.jpg\",\"datePublished\":\"2024-11-23T16:05:09+00:00\",\"dateModified\":\"2026-04-24T05:26:43+00:00\",\"description\":\"Das INSTITUT NEUSTART (Kurzform) hat einen Zweck der Existenz und dieser lautet: \u201eWir leisten einen Beitrag zu einer Arbeitswelt, in der Firmen, Unternehmer und Mitarbeiter gemeinsam ein erfolgreiches und gl\u00fcckliches Berufsleben verwirklichen \u2013 zum Wohle jedes Einzelnen und der Gesellschaft.\u201c\",\"breadcrumb\":{\"@id\":\"https:\\\/\\\/gradido.net\\\/wir-wirken-zusammen\\\/#breadcrumb\"},\"inLanguage\":\"lv-LV\",\"potentialAction\":[{\"@type\":\"ReadAction\",\"target\":[\"https:\\\/\\\/gradido.net\\\/wir-wirken-zusammen\\\/\"]}]},{\"@type\":\"ImageObject\",\"inLanguage\":\"lv-LV\",\"@id\":\"https:\\\/\\\/gradido.net\\\/wir-wirken-zusammen\\\/#primaryimage\",\"url\":\"https:\\\/\\\/gradido.net\\\/wp-content\\\/uploads\\\/2024\\\/11\\\/Neustart.jpg\",\"contentUrl\":\"https:\\\/\\\/gradido.net\\\/wp-content\\\/uploads\\\/2024\\\/11\\\/Neustart.jpg\",\"width\":1280,\"height\":720},{\"@type\":\"BreadcrumbList\",\"@id\":\"https:\\\/\\\/gradido.net\\\/wir-wirken-zusammen\\\/#breadcrumb\",\"itemListElement\":[{\"@type\":\"ListItem\",\"position\":1,\"name\":\"Startseite\",\"item\":\"https:\\\/\\\/gradido.net\\\/\"},{\"@type\":\"ListItem\",\"position\":2,\"name\":\"Wir wirken zusammen!\"}]},{\"@type\":\"WebSite\",\"@id\":\"https:\\\/\\\/gradido.net\\\/de\\\/#website\",\"url\":\"https:\\\/\\\/gradido.net\\\/de\\\/\",\"name\":\"Gradido\",\"description\":\"Die neue W\u00e4hrung hei\u00dft Dankbarkeit\",\"publisher\":{\"@id\":\"https:\\\/\\\/gradido.net\\\/de\\\/#organization\"},\"potentialAction\":[{\"@type\":\"SearchAction\",\"target\":{\"@type\":\"EntryPoint\",\"urlTemplate\":\"https:\\\/\\\/gradido.net\\\/de\\\/?s={search_term_string}\"},\"query-input\":{\"@type\":\"PropertyValueSpecification\",\"valueRequired\":true,\"valueName\":\"search_term_string\"}}],\"inLanguage\":\"lv-LV\"},{\"@type\":\"Organization\",\"@id\":\"https:\\\/\\\/gradido.net\\\/de\\\/#organization\",\"name\":\"Gradido\",\"url\":\"https:\\\/\\\/gradido.net\\\/de\\\/\",\"logo\":{\"@type\":\"ImageObject\",\"inLanguage\":\"lv-LV\",\"@id\":\"https:\\\/\\\/gradido.net\\\/de\\\/#\\\/schema\\\/logo\\\/image\\\/\",\"url\":\"https:\\\/\\\/gradido.net\\\/wp-content\\\/uploads\\\/2022\\\/04\\\/gradido-social.jpg\",\"contentUrl\":\"https:\\\/\\\/gradido.net\\\/wp-content\\\/uploads\\\/2022\\\/04\\\/gradido-social.jpg\",\"width\":527,\"height\":273,\"caption\":\"Gradido\"},\"image\":{\"@id\":\"https:\\\/\\\/gradido.net\\\/de\\\/#\\\/schema\\\/logo\\\/image\\\/\"}},{\"@type\":\"Person\",\"@id\":\"https:\\\/\\\/gradido.net\\\/de\\\/#\\\/schema\\\/person\\\/9c503a004ad15a1ddecadce2218db5d1\",\"name\":\"Bernd H\u00fcckst\u00e4dt\",\"sameAs\":[\"https:\\\/\\\/gradido.net\"],\"url\":\"https:\\\/\\\/gradido.net\\\/lv\\\/author\\\/bernd\\\/\"}]}<\/script>\n<!-- \/ Yoast SEO plugin. -->","yoast_head_json":{"title":"M\u0113s str\u0101d\u0101jam kop\u0101! - Gradido","description":"INSTIT\u016aTA NEUSTART (sa\u012bsin\u0101t\u0101 forma) past\u0101v\u0113\u0161anas m\u0113r\u0137is ir: \"M\u0113s sniedzam ieguld\u012bjumu darba pasaul\u0113, kur\u0101 uz\u0146\u0113mumi, uz\u0146\u0113m\u0113ji un darbinieki kop\u012bgi \u012bsteno veiksm\u012bgu un laim\u012bgu darba dz\u012bvi - katra indiv\u012bda un sabiedr\u012bbas lab\u0101.\"","robots":{"index":"index","follow":"follow","max-snippet":"max-snippet:-1","max-image-preview":"max-image-preview:large","max-video-preview":"max-video-preview:-1"},"canonical":"https:\/\/gradido.net\/lv\/wir-wirken-zusammen\/","og_locale":"lv_LV","og_type":"article","og_title":"Wir wirken zusammen! - Gradido","og_description":"Das INSTITUT NEUSTART (Kurzform) hat einen Zweck der Existenz und dieser lautet: \u201eWir leisten einen Beitrag zu einer Arbeitswelt, in der Firmen, Unternehmer und Mitarbeiter gemeinsam ein erfolgreiches und gl\u00fcckliches Berufsleben verwirklichen \u2013 zum Wohle jedes Einzelnen und der Gesellschaft.\u201c","og_url":"https:\/\/gradido.net\/lv\/wir-wirken-zusammen\/","og_site_name":"Gradido","article_published_time":"2024-11-23T16:05:09+00:00","article_modified_time":"2026-04-24T05:26:43+00:00","og_image":[{"width":1280,"height":720,"url":"https:\/\/gradido.net\/wp-content\/uploads\/2024\/11\/Neustart.jpg","type":"image\/jpeg"}],"author":"Bernd H\u00fcckst\u00e4dt","twitter_card":"summary_large_image","twitter_misc":{"Written by":"Bernd H\u00fcckst\u00e4dt","Est. reading time":"3 min\u016btes"},"schema":{"@context":"https:\/\/schema.org","@graph":[{"@type":"Article","@id":"https:\/\/gradido.net\/wir-wirken-zusammen\/#article","isPartOf":{"@id":"https:\/\/gradido.net\/wir-wirken-zusammen\/"},"author":{"name":"Bernd H\u00fcckst\u00e4dt","@id":"https:\/\/gradido.net\/de\/#\/schema\/person\/9c503a004ad15a1ddecadce2218db5d1"},"headline":"Wir wirken zusammen!","datePublished":"2024-11-23T16:05:09+00:00","dateModified":"2026-04-24T05:26:43+00:00","mainEntityOfPage":{"@id":"https:\/\/gradido.net\/wir-wirken-zusammen\/"},"wordCount":338,"publisher":{"@id":"https:\/\/gradido.net\/de\/#organization"},"image":{"@id":"https:\/\/gradido.net\/wir-wirken-zusammen\/#primaryimage"},"thumbnailUrl":"https:\/\/gradido.net\/wp-content\/uploads\/2024\/11\/Neustart.jpg","articleSection":["Blog","Community"],"inLanguage":"lv-LV"},{"@type":"WebPage","@id":"https:\/\/gradido.net\/wir-wirken-zusammen\/","url":"https:\/\/gradido.net\/wir-wirken-zusammen\/","name":"M\u0113s str\u0101d\u0101jam kop\u0101! - Gradido","isPartOf":{"@id":"https:\/\/gradido.net\/de\/#website"},"primaryImageOfPage":{"@id":"https:\/\/gradido.net\/wir-wirken-zusammen\/#primaryimage"},"image":{"@id":"https:\/\/gradido.net\/wir-wirken-zusammen\/#primaryimage"},"thumbnailUrl":"https:\/\/gradido.net\/wp-content\/uploads\/2024\/11\/Neustart.jpg","datePublished":"2024-11-23T16:05:09+00:00","dateModified":"2026-04-24T05:26:43+00:00","description":"INSTIT\u016aTA NEUSTART (sa\u012bsin\u0101t\u0101 forma) past\u0101v\u0113\u0161anas m\u0113r\u0137is ir: \"M\u0113s sniedzam ieguld\u012bjumu darba pasaul\u0113, kur\u0101 uz\u0146\u0113mumi, uz\u0146\u0113m\u0113ji un darbinieki kop\u012bgi \u012bsteno veiksm\u012bgu un laim\u012bgu darba dz\u012bvi - katra indiv\u012bda un sabiedr\u012bbas lab\u0101.\"","breadcrumb":{"@id":"https:\/\/gradido.net\/wir-wirken-zusammen\/#breadcrumb"},"inLanguage":"lv-LV","potentialAction":[{"@type":"ReadAction","target":["https:\/\/gradido.net\/wir-wirken-zusammen\/"]}]},{"@type":"ImageObject","inLanguage":"lv-LV","@id":"https:\/\/gradido.net\/wir-wirken-zusammen\/#primaryimage","url":"https:\/\/gradido.net\/wp-content\/uploads\/2024\/11\/Neustart.jpg","contentUrl":"https:\/\/gradido.net\/wp-content\/uploads\/2024\/11\/Neustart.jpg","width":1280,"height":720},{"@type":"BreadcrumbList","@id":"https:\/\/gradido.net\/wir-wirken-zusammen\/#breadcrumb","itemListElement":[{"@type":"ListItem","position":1,"name":"Startseite","item":"https:\/\/gradido.net\/"},{"@type":"ListItem","position":2,"name":"Wir wirken zusammen!"}]},{"@type":"WebSite","@id":"https:\/\/gradido.net\/de\/#website","url":"https:\/\/gradido.net\/de\/","name":"Gradido","description":"Jaun\u0101 val\u016bta ir pateic\u012bba","publisher":{"@id":"https:\/\/gradido.net\/de\/#organization"},"potentialAction":[{"@type":"SearchAction","target":{"@type":"EntryPoint","urlTemplate":"https:\/\/gradido.net\/de\/?s={search_term_string}"},"query-input":{"@type":"PropertyValueSpecification","valueRequired":true,"valueName":"search_term_string"}}],"inLanguage":"lv-LV"},{"@type":"Organization","@id":"https:\/\/gradido.net\/de\/#organization","name":"Gradido","url":"https:\/\/gradido.net\/de\/","logo":{"@type":"ImageObject","inLanguage":"lv-LV","@id":"https:\/\/gradido.net\/de\/#\/schema\/logo\/image\/","url":"https:\/\/gradido.net\/wp-content\/uploads\/2022\/04\/gradido-social.jpg","contentUrl":"https:\/\/gradido.net\/wp-content\/uploads\/2022\/04\/gradido-social.jpg","width":527,"height":273,"caption":"Gradido"},"image":{"@id":"https:\/\/gradido.net\/de\/#\/schema\/logo\/image\/"}},{"@type":"Person","@id":"https:\/\/gradido.net\/de\/#\/schema\/person\/9c503a004ad15a1ddecadce2218db5d1","name":"Bernd H\u00fcckst\u00e4dt","sameAs":["https:\/\/gradido.net"],"url":"https:\/\/gradido.net\/lv\/author\/bernd\/"}]}},"_links":{"self":[{"href":"https:\/\/gradido.net\/lv\/wp-json\/wp\/v2\/posts\/9805","targetHints":{"allow":["GET"]}}],"collection":[{"href":"https:\/\/gradido.net\/lv\/wp-json\/wp\/v2\/posts"}],"about":[{"href":"https:\/\/gradido.net\/lv\/wp-json\/wp\/v2\/types\/post"}],"author":[{"embeddable":true,"href":"https:\/\/gradido.net\/lv\/wp-json\/wp\/v2\/users\/2"}],"replies":[{"embeddable":true,"href":"https:\/\/gradido.net\/lv\/wp-json\/wp\/v2\/comments?post=9805"}],"version-history":[{"count":27,"href":"https:\/\/gradido.net\/lv\/wp-json\/wp\/v2\/posts\/9805\/revisions"}],"predecessor-version":[{"id":13580,"href":"https:\/\/gradido.net\/lv\/wp-json\/wp\/v2\/posts\/9805\/revisions\/13580"}],"wp:featuredmedia":[{"embeddable":true,"href":"https:\/\/gradido.net\/lv\/wp-json\/wp\/v2\/media\/9806"}],"wp:attachment":[{"href":"https:\/\/gradido.net\/lv\/wp-json\/wp\/v2\/media?parent=9805"}],"wp:term":[{"taxonomy":"category","embeddable":true,"href":"https:\/\/gradido.net\/lv\/wp-json\/wp\/v2\/categories?post=9805"},{"taxonomy":"post_tag","embeddable":true,"href":"https:\/\/gradido.net\/lv\/wp-json\/wp\/v2\/tags?post=9805"}],"curies":[{"name":"wp","href":"https:\/\/api.w.org\/{rel}","templated":true}]}}