{"id":7085,"date":"2023-08-12T17:18:52","date_gmt":"2023-08-12T15:18:52","guid":{"rendered":"https:\/\/gradido.net\/?p=7085"},"modified":"2026-04-23T07:17:15","modified_gmt":"2026-04-23T05:17:15","slug":"wegbereiter-einer-neuen-aera-im-ehrenamtlichen-engagement","status":"publish","type":"post","link":"https:\/\/gradido.net\/nl\/wegbereiter-einer-neuen-aera-im-ehrenamtlichen-engagement\/","title":{"rendered":"Gradido in Lieblingsstadt - Pioniers van een nieuw tijdperk in vrijwilligerswerk"},"content":{"rendered":"<div data-elementor-type=\"wp-post\" data-elementor-id=\"7085\" class=\"elementor elementor-7085\" data-elementor-post-type=\"post\">\n\t\t\t\t\t\t<section class=\"elementor-section elementor-top-section elementor-element elementor-element-496e1d53 elementor-section-boxed elementor-section-height-default elementor-section-height-default\" data-id=\"496e1d53\" data-element_type=\"section\" data-e-type=\"section\">\n\t\t\t\t\t\t<div class=\"elementor-container elementor-column-gap-default\">\n\t\t\t\t\t<div class=\"elementor-column elementor-col-100 elementor-top-column elementor-element elementor-element-461d7be0\" data-id=\"461d7be0\" data-element_type=\"column\" data-e-type=\"column\">\n\t\t\t<div class=\"elementor-widget-wrap elementor-element-populated\">\n\t\t\t\t\t\t<div class=\"elementor-element elementor-element-cd9ebe2 elementor-widget elementor-widget-text-editor\" data-id=\"cd9ebe2\" data-element_type=\"widget\" data-e-type=\"widget\" data-widget_type=\"text-editor.default\">\n\t\t\t\t<div class=\"elementor-widget-container\">\n\t\t\t\t\t\t\t\t\t<p style=\"text-align: right;\"><em>\"Maak van je gemeenschap de favoriete plek van de mensen - met Gradido, het beloningssysteem voor vrijwilligerswerk!\"<\/em><\/p><p>Beste lezer,<\/p><p>Welkom bij onze nieuwe serie over Gradido als beloningssysteem voor vrijwilligerswerk. Gradido heeft het potentieel om onze gemeenschappen te veranderen in plaatsen waar mensen graag wonen en zich graag inzetten.<\/p><p>Ga met ons mee op deze spannende reis en ontdek hoe Gradido een nieuw tijdperk van vrijwilligerswerk kan inluiden.<\/p>\t\t\t\t\t\t\t\t<\/div>\n\t\t\t\t<\/div>\n\t\t\t\t<div class=\"elementor-element elementor-element-e51c407 elementor-widget elementor-widget-image\" data-id=\"e51c407\" data-element_type=\"widget\" data-e-type=\"widget\" data-widget_type=\"image.default\">\n\t\t\t\t<div class=\"elementor-widget-container\">\n\t\t\t\t\t\t\t\t\t\t\t\t\t\t\t<img fetchpriority=\"high\" decoding=\"async\" width=\"800\" height=\"480\" src=\"https:\/\/gradido.net\/wp-content\/uploads\/2023\/08\/Ehrenamt_Herz.jpg\" class=\"attachment-large size-large wp-image-7096\" alt=\"\" srcset=\"https:\/\/gradido.net\/wp-content\/uploads\/2023\/08\/Ehrenamt_Herz.jpg 800w, https:\/\/gradido.net\/wp-content\/uploads\/2023\/08\/Ehrenamt_Herz-300x180.jpg 300w, https:\/\/gradido.net\/wp-content\/uploads\/2023\/08\/Ehrenamt_Herz-768x461.jpg 768w, https:\/\/gradido.net\/wp-content\/uploads\/2023\/08\/Ehrenamt_Herz-18x12.jpg 18w\" sizes=\"(max-width: 800px) 100vw, 800px\" \/>\t\t\t\t\t\t\t\t\t\t\t\t\t\t\t<\/div>\n\t\t\t\t<\/div>\n\t\t\t\t<div class=\"elementor-element elementor-element-b347260 elementor-widget elementor-widget-text-editor\" data-id=\"b347260\" data-element_type=\"widget\" data-e-type=\"widget\" data-widget_type=\"text-editor.default\">\n\t\t\t\t<div class=\"elementor-widget-container\">\n\t\t\t\t\t\t\t\t\t<h2>Huidige uitdagingen van Duitse steden<\/h2><p>Sinds Corona zijn er nieuwe uitdagingen ontstaan voor steden en gemeenten en voor individuen, en zijn bestaande uitdagingen aanzienlijk toegenomen. Ze zijn waarschijnlijk niet op te lossen met conventionele methoden. In dit artikel behandelen we drie belangrijke problemen en leiden we naar de veelbelovende oplossing, waarvan we de veelzijdige aspecten in de volgende artikelen zullen behandelen.<\/p><h3>Schuldencrisis<\/h3>\t\t\t\t\t\t\t\t<\/div>\n\t\t\t\t<\/div>\n\t\t\t\t<div class=\"elementor-element elementor-element-ac03977 elementor-widget elementor-widget-image\" data-id=\"ac03977\" data-element_type=\"widget\" data-e-type=\"widget\" data-widget_type=\"image.default\">\n\t\t\t\t<div class=\"elementor-widget-container\">\n\t\t\t\t\t\t\t\t\t\t\t\t\t\t\t<img decoding=\"async\" width=\"800\" height=\"600\" src=\"https:\/\/gradido.net\/wp-content\/uploads\/2023\/08\/Schuldenkrise.jpg\" class=\"attachment-large size-large wp-image-7106\" alt=\"\" srcset=\"https:\/\/gradido.net\/wp-content\/uploads\/2023\/08\/Schuldenkrise.jpg 800w, https:\/\/gradido.net\/wp-content\/uploads\/2023\/08\/Schuldenkrise-300x225.jpg 300w, https:\/\/gradido.net\/wp-content\/uploads\/2023\/08\/Schuldenkrise-768x576.jpg 768w, https:\/\/gradido.net\/wp-content\/uploads\/2023\/08\/Schuldenkrise-16x12.jpg 16w\" sizes=\"(max-width: 800px) 100vw, 800px\" \/>\t\t\t\t\t\t\t\t\t\t\t\t\t\t\t<\/div>\n\t\t\t\t<\/div>\n\t\t\t\t<div class=\"elementor-element elementor-element-facf58a elementor-widget elementor-widget-text-editor\" data-id=\"facf58a\" data-element_type=\"widget\" data-e-type=\"widget\" data-widget_type=\"text-editor.default\">\n\t\t\t\t<div class=\"elementor-widget-container\">\n\t\t\t\t\t\t\t\t\t<p>Het jaar 2024 blijkt een 'noodlottig jaar' te zijn voor veel steden met schulden in Duitsland. Zowel in Noordrijn-Westfalen (NRW) als in veel andere deelstaten dreigen enorme financi\u00eble uitdagingen door miljoenentekorten. Dalende inkomsten uit handelsbelastingen en stijgende sociale uitgaven leggen een enorme druk op de begrotingen, terwijl tegelijkertijd gemeenten, vooral kleine en middelgrote, worstelen met de gevolgen van de coronaviruscrisis en stijgende kosten voor infrastructuurprojecten en sociale diensten.<\/p><p>De schuldencrisis is geen regionaal fenomeen maar een landelijke uitdaging. De komende jaren zal blijken of de getroffen steden erin slagen hun begrotingsproblemen op te lossen.<\/p><h3><span style=\"font-weight: 400;\">Uitsterven van de binnensteden<\/span><\/h3>\t\t\t\t\t\t\t\t<\/div>\n\t\t\t\t<\/div>\n\t\t\t\t<div class=\"elementor-element elementor-element-ff40cbb elementor-widget elementor-widget-image\" data-id=\"ff40cbb\" data-element_type=\"widget\" data-e-type=\"widget\" data-widget_type=\"image.default\">\n\t\t\t\t<div class=\"elementor-widget-container\">\n\t\t\t\t\t\t\t\t\t\t\t\t\t\t\t<img decoding=\"async\" width=\"800\" height=\"530\" src=\"https:\/\/gradido.net\/wp-content\/uploads\/2023\/08\/Schliessen.jpg\" class=\"attachment-large size-large wp-image-7107\" alt=\"\" srcset=\"https:\/\/gradido.net\/wp-content\/uploads\/2023\/08\/Schliessen.jpg 800w, https:\/\/gradido.net\/wp-content\/uploads\/2023\/08\/Schliessen-300x199.jpg 300w, https:\/\/gradido.net\/wp-content\/uploads\/2023\/08\/Schliessen-768x509.jpg 768w, https:\/\/gradido.net\/wp-content\/uploads\/2023\/08\/Schliessen-18x12.jpg 18w\" sizes=\"(max-width: 800px) 100vw, 800px\" \/>\t\t\t\t\t\t\t\t\t\t\t\t\t\t\t<\/div>\n\t\t\t\t<\/div>\n\t\t\t\t<div class=\"elementor-element elementor-element-06a4667 elementor-widget elementor-widget-text-editor\" data-id=\"06a4667\" data-element_type=\"widget\" data-e-type=\"widget\" data-widget_type=\"text-editor.default\">\n\t\t\t\t<div class=\"elementor-widget-container\">\n\t\t\t\t\t\t\t\t\t<p>Er ligt nog een andere verontrustende uitdaging in het verschiet: het uitsterven van stadscentra. Door de voortschrijdende digitalisering en de opkomst van e-commerce lopen traditionele winkels steeds minder vaak binnen. De Corona-crisis heeft deze trend versterkt met de opkomst van het thuiskantoor.<\/p><p>Deze ontwikkelingen leiden tot de sluiting van winkels, caf\u00e9s en restaurants. De leegstand neemt toe. Stadscentra verliezen hun aantrekkingskracht. Dit leidt tot banenverlies en tast het sociale weefsel aan.<\/p><h3>Sociale vervreemding<\/h3>\t\t\t\t\t\t\t\t<\/div>\n\t\t\t\t<\/div>\n\t\t\t\t<div class=\"elementor-element elementor-element-4800b3f elementor-widget elementor-widget-image\" data-id=\"4800b3f\" data-element_type=\"widget\" data-e-type=\"widget\" data-widget_type=\"image.default\">\n\t\t\t\t<div class=\"elementor-widget-container\">\n\t\t\t\t\t\t\t\t\t\t\t\t\t\t\t<img loading=\"lazy\" decoding=\"async\" width=\"800\" height=\"460\" src=\"https:\/\/gradido.net\/wp-content\/uploads\/2023\/08\/Entfremdung.jpg\" class=\"attachment-large size-large wp-image-7108\" alt=\"\" srcset=\"https:\/\/gradido.net\/wp-content\/uploads\/2023\/08\/Entfremdung.jpg 800w, https:\/\/gradido.net\/wp-content\/uploads\/2023\/08\/Entfremdung-300x173.jpg 300w, https:\/\/gradido.net\/wp-content\/uploads\/2023\/08\/Entfremdung-768x442.jpg 768w, https:\/\/gradido.net\/wp-content\/uploads\/2023\/08\/Entfremdung-18x10.jpg 18w\" sizes=\"(max-width: 800px) 100vw, 800px\" \/>\t\t\t\t\t\t\t\t\t\t\t\t\t\t\t<\/div>\n\t\t\t\t<\/div>\n\t\t\t\t<div class=\"elementor-element elementor-element-f1b3827 elementor-widget elementor-widget-text-editor\" data-id=\"f1b3827\" data-element_type=\"widget\" data-e-type=\"widget\" data-widget_type=\"text-editor.default\">\n\t\t\t\t<div class=\"elementor-widget-container\">\n\t\t\t\t\t\t\t\t\t<p>Steden staan voor de uitdaging om de toenemende gevoelens van vervreemding onder hun inwoners tegen te gaan. Deze vervreemding heeft verschillende oorzaken, waaronder anonimiteit, sociaaleconomische ongelijkheden en verlies van gemeenschapszin.<\/p><h3>Vrijwilligerswerk 2.0 - met de kracht van Gradido<\/h3>\t\t\t\t\t\t\t\t<\/div>\n\t\t\t\t<\/div>\n\t\t\t\t<div class=\"elementor-element elementor-element-bb5938d elementor-widget elementor-widget-image\" data-id=\"bb5938d\" data-element_type=\"widget\" data-e-type=\"widget\" data-widget_type=\"image.default\">\n\t\t\t\t<div class=\"elementor-widget-container\">\n\t\t\t\t\t\t\t\t\t\t\t\t\t\t\t<img loading=\"lazy\" decoding=\"async\" width=\"800\" height=\"540\" src=\"https:\/\/gradido.net\/wp-content\/uploads\/2023\/08\/Ehrenamt-2.0.jpg\" class=\"attachment-large size-large wp-image-7109\" alt=\"\" srcset=\"https:\/\/gradido.net\/wp-content\/uploads\/2023\/08\/Ehrenamt-2.0.jpg 800w, https:\/\/gradido.net\/wp-content\/uploads\/2023\/08\/Ehrenamt-2.0-300x203.jpg 300w, https:\/\/gradido.net\/wp-content\/uploads\/2023\/08\/Ehrenamt-2.0-768x518.jpg 768w, https:\/\/gradido.net\/wp-content\/uploads\/2023\/08\/Ehrenamt-2.0-18x12.jpg 18w\" sizes=\"(max-width: 800px) 100vw, 800px\" \/>\t\t\t\t\t\t\t\t\t\t\t\t\t\t\t<\/div>\n\t\t\t\t<\/div>\n\t\t\t\t<div class=\"elementor-element elementor-element-d74dfa0 elementor-widget elementor-widget-text-editor\" data-id=\"d74dfa0\" data-element_type=\"widget\" data-e-type=\"widget\" data-widget_type=\"text-editor.default\">\n\t\t\t\t<div class=\"elementor-widget-container\">\n\t\t\t\t\t\t\t\t\t<div data-pm-slice=\"1 1 []\" data-en-clipboard=\"true\"><p>Een fundamentele opwaardering en modernisering van het vrijwilligerswerk zou de sleutel kunnen zijn om de bestaande uitdagingen te veranderen in wat ze zijn: <strong>Kansen voor een geweldige toekomst<\/strong>. Hier springt het Gradido-model er bijzonder veelbelovend uit, omdat het vrijwillige inzet beloont door bedankpunten toe te kennen.<\/p><p>In de volgende artikelen lichten we het innovatieve model toe in de vorm van inspirerende voorbeeldverhalen.<\/p><p>Blijf kijken voor volgende berichten en laten we samen meer leren over de mogelijkheden van Gradido in vrijwilligerswerk.<\/p><p>Vriendelijke groeten<\/p><\/div><p>Met vriendelijke groet<\/p><p><img loading=\"lazy\" decoding=\"async\" class=\"alignnone wp-image-4614 size-medium\" src=\"https:\/\/gradido.net\/wp-content\/uploads\/2022\/06\/MargretBernd_2022-300x74.png\" alt=\"\" width=\"300\" height=\"74\" srcset=\"https:\/\/gradido.net\/wp-content\/uploads\/2022\/06\/MargretBernd_2022-300x74.png 300w, https:\/\/gradido.net\/wp-content\/uploads\/2022\/06\/MargretBernd_2022-18x4.png 18w, https:\/\/gradido.net\/wp-content\/uploads\/2022\/06\/MargretBernd_2022.png 431w\" sizes=\"(max-width: 300px) 100vw, 300px\" \/><\/p><p>Margret Baier en Bernd H\u00fcckst\u00e4dt<br \/>Gradido oprichter en ontwikkelaar<\/p>\t\t\t\t\t\t\t\t<\/div>\n\t\t\t\t<\/div>\n\t\t\t\t\t<\/div>\n\t\t<\/div>\n\t\t\t\t\t<\/div>\n\t\t<\/section>\n\t\t\t\t<section class=\"elementor-section elementor-top-section elementor-element elementor-element-3102d75 elementor-section-boxed elementor-section-height-default elementor-section-height-default\" data-id=\"3102d75\" data-element_type=\"section\" data-e-type=\"section\">\n\t\t\t\t\t\t<div class=\"elementor-container elementor-column-gap-default\">\n\t\t\t\t\t<div class=\"elementor-column elementor-col-100 elementor-top-column elementor-element elementor-element-4551c5e\" data-id=\"4551c5e\" data-element_type=\"column\" data-e-type=\"column\">\n\t\t\t<div class=\"elementor-widget-wrap elementor-element-populated\">\n\t\t\t\t\t\t<div class=\"elementor-element elementor-element-f0b5aca elementor-position-inline-start white-links elementor-widget__width-initial elementor-view-default elementor-mobile-position-block-start elementor-widget elementor-widget-icon-box\" data-id=\"f0b5aca\" data-element_type=\"widget\" data-e-type=\"widget\" data-no-translation=\"\" data-widget_type=\"icon-box.default\">\n\t\t\t\t<div class=\"elementor-widget-container\">\n\t\t\t\t\t<style>.elementor-element-f0b5aca{display:none !important}<\/style>\t\t\t\t<\/div>\n\t\t\t\t<\/div>\n\t\t\t\t\t<\/div>\n\t\t<\/div>\n\t\t\t\t\t<\/div>\n\t\t<\/section>\n\t\t\t\t<section class=\"elementor-section elementor-top-section elementor-element elementor-element-14532fe elementor-section-boxed elementor-section-height-default elementor-section-height-default\" data-id=\"14532fe\" data-element_type=\"section\" data-e-type=\"section\">\n\t\t\t\t\t\t<div class=\"elementor-container elementor-column-gap-default\">\n\t\t\t\t\t<div class=\"elementor-column elementor-col-100 elementor-top-column elementor-element elementor-element-65d2298\" data-id=\"65d2298\" data-element_type=\"column\" data-e-type=\"column\">\n\t\t\t<div class=\"elementor-widget-wrap elementor-element-populated\">\n\t\t\t\t\t\t<div class=\"elementor-element elementor-element-37f533b elementor-widget elementor-widget-global elementor-global-9341 elementor-widget-text-editor\" data-id=\"37f533b\" data-element_type=\"widget\" data-e-type=\"widget\" data-widget_type=\"text-editor.default\">\n\t\t\t\t<div class=\"elementor-widget-container\">\n\t\t\t\t\t\t\t\t\t<p><strong>PS:\u00a0<span style=\"color: #ff6600;\"><a style=\"color: #ff6600;\" href=\"https:\/\/gradido.net\/nl\/donations\/\">Omdat Gradido steeds belangrijker wordt, herhalen we onze dankbaarheidcampagne op 26 juni 2026:<\/a>\u00a0<\/span><span style=\"color: #0000ff;\"><a style=\"color: #0000ff;\" href=\"https:\/\/gradido.net\/nl\/donations\/\">Naast de meervoudige GradidoTransform voor jouw sponsorbijdrage, zullen we alle GDT account saldi verhogen met 26% op 26\/06\/2016. Sponsor nu en geniet van het veelvoud aan GDT!<\/a><\/span><\/strong><\/p>\t\t\t\t\t\t\t\t<\/div>\n\t\t\t\t<\/div>\n\t\t\t\t\t<\/div>\n\t\t<\/div>\n\t\t\t\t\t<\/div>\n\t\t<\/section>\n\t\t\t\t<\/div>","protected":false},"excerpt":{"rendered":"<p>Gradido heeft het potentieel om onze gemeenschappen te veranderen in plaatsen waar mensen graag wonen en zich graag inzetten. Ga met ons mee op deze spannende reis en ontdek hoe Gradido een nieuw tijdperk van vrijwilligerswerk kan inluiden.<\/p>","protected":false},"author":2,"featured_media":7087,"comment_status":"closed","ping_status":"closed","sticky":false,"template":"","format":"standard","meta":{"footnotes":""},"categories":[11,53],"tags":[],"class_list":["post-7085","post","type-post","status-publish","format-standard","has-post-thumbnail","hentry","category-blog","category-lieblingsstadt"],"yoast_head":"<!-- This site is optimized with the Yoast SEO plugin v27.5 - https:\/\/yoast.com\/product\/yoast-seo-wordpress\/ -->\n<title>Gradido in Lieblingsstadt \u2013 Wegbereiter einer neuen \u00c4ra im ehrenamtlichen Engagement - Gradido<\/title>\n<meta name=\"description\" content=\"Gradido hat das Potenzial, unsere Gemeinden in Orte zu verwandeln, an denen Menschen gerne leben und sich engagieren. Begleite uns auf dieser spannenden Reise und entdecke, wie Gradido eine neue \u00c4ra ehrenamtlichen Engagements einl\u00e4uten kann.\" \/>\n<meta name=\"robots\" content=\"index, follow, max-snippet:-1, max-image-preview:large, max-video-preview:-1\" \/>\n<link rel=\"canonical\" href=\"https:\/\/gradido.net\/nl\/wegbereiter-einer-neuen-aera-im-ehrenamtlichen-engagement\/\" \/>\n<meta property=\"og:locale\" content=\"nl_NL\" \/>\n<meta property=\"og:type\" content=\"article\" \/>\n<meta property=\"og:title\" content=\"Gradido in Lieblingsstadt \u2013 Wegbereiter einer neuen \u00c4ra im ehrenamtlichen Engagement - Gradido\" \/>\n<meta property=\"og:description\" content=\"Gradido hat das Potenzial, unsere Gemeinden in Orte zu verwandeln, an denen Menschen gerne leben und sich engagieren. Begleite uns auf dieser spannenden Reise und entdecke, wie Gradido eine neue \u00c4ra ehrenamtlichen Engagements einl\u00e4uten kann.\" \/>\n<meta property=\"og:url\" content=\"https:\/\/gradido.net\/nl\/wegbereiter-einer-neuen-aera-im-ehrenamtlichen-engagement\/\" \/>\n<meta property=\"og:site_name\" content=\"Gradido\" \/>\n<meta property=\"article:published_time\" content=\"2023-08-12T15:18:52+00:00\" \/>\n<meta property=\"article:modified_time\" content=\"2026-04-23T05:17:15+00:00\" \/>\n<meta property=\"og:image\" content=\"https:\/\/gradido.net\/wp-content\/uploads\/2023\/08\/Dinkelsbuehl_pur.jpg\" \/>\n\t<meta property=\"og:image:width\" content=\"1920\" \/>\n\t<meta property=\"og:image:height\" content=\"600\" \/>\n\t<meta property=\"og:image:type\" content=\"image\/jpeg\" \/>\n<meta name=\"author\" content=\"Bernd H\u00fcckst\u00e4dt\" \/>\n<meta name=\"twitter:card\" content=\"summary_large_image\" \/>\n<meta name=\"twitter:label1\" content=\"Geschreven door\" \/>\n\t<meta name=\"twitter:data1\" content=\"Bernd H\u00fcckst\u00e4dt\" \/>\n\t<meta name=\"twitter:label2\" content=\"Geschatte leestijd\" \/>\n\t<meta name=\"twitter:data2\" content=\"5 minuten\" \/>\n<script type=\"application\/ld+json\" class=\"yoast-schema-graph\">{\"@context\":\"https:\\\/\\\/schema.org\",\"@graph\":[{\"@type\":\"Article\",\"@id\":\"https:\\\/\\\/gradido.net\\\/wegbereiter-einer-neuen-aera-im-ehrenamtlichen-engagement\\\/#article\",\"isPartOf\":{\"@id\":\"https:\\\/\\\/gradido.net\\\/wegbereiter-einer-neuen-aera-im-ehrenamtlichen-engagement\\\/\"},\"author\":{\"name\":\"Bernd H\u00fcckst\u00e4dt\",\"@id\":\"https:\\\/\\\/gradido.net\\\/de\\\/#\\\/schema\\\/person\\\/9c503a004ad15a1ddecadce2218db5d1\"},\"headline\":\"Gradido in Lieblingsstadt \u2013 Wegbereiter einer neuen \u00c4ra im ehrenamtlichen Engagement\",\"datePublished\":\"2023-08-12T15:18:52+00:00\",\"dateModified\":\"2026-04-23T05:17:15+00:00\",\"mainEntityOfPage\":{\"@id\":\"https:\\\/\\\/gradido.net\\\/wegbereiter-einer-neuen-aera-im-ehrenamtlichen-engagement\\\/\"},\"wordCount\":549,\"publisher\":{\"@id\":\"https:\\\/\\\/gradido.net\\\/de\\\/#organization\"},\"image\":{\"@id\":\"https:\\\/\\\/gradido.net\\\/wegbereiter-einer-neuen-aera-im-ehrenamtlichen-engagement\\\/#primaryimage\"},\"thumbnailUrl\":\"https:\\\/\\\/gradido.net\\\/wp-content\\\/uploads\\\/2023\\\/08\\\/Dinkelsbuehl_pur.jpg\",\"articleSection\":[\"Blog\",\"Lieblingsstadt\"],\"inLanguage\":\"nl-NL\"},{\"@type\":\"WebPage\",\"@id\":\"https:\\\/\\\/gradido.net\\\/wegbereiter-einer-neuen-aera-im-ehrenamtlichen-engagement\\\/\",\"url\":\"https:\\\/\\\/gradido.net\\\/wegbereiter-einer-neuen-aera-im-ehrenamtlichen-engagement\\\/\",\"name\":\"Gradido in Lieblingsstadt \u2013 Wegbereiter einer neuen \u00c4ra im ehrenamtlichen Engagement - Gradido\",\"isPartOf\":{\"@id\":\"https:\\\/\\\/gradido.net\\\/de\\\/#website\"},\"primaryImageOfPage\":{\"@id\":\"https:\\\/\\\/gradido.net\\\/wegbereiter-einer-neuen-aera-im-ehrenamtlichen-engagement\\\/#primaryimage\"},\"image\":{\"@id\":\"https:\\\/\\\/gradido.net\\\/wegbereiter-einer-neuen-aera-im-ehrenamtlichen-engagement\\\/#primaryimage\"},\"thumbnailUrl\":\"https:\\\/\\\/gradido.net\\\/wp-content\\\/uploads\\\/2023\\\/08\\\/Dinkelsbuehl_pur.jpg\",\"datePublished\":\"2023-08-12T15:18:52+00:00\",\"dateModified\":\"2026-04-23T05:17:15+00:00\",\"description\":\"Gradido hat das Potenzial, unsere Gemeinden in Orte zu verwandeln, an denen Menschen gerne leben und sich engagieren. Begleite uns auf dieser spannenden Reise und entdecke, wie Gradido eine neue \u00c4ra ehrenamtlichen Engagements einl\u00e4uten kann.\",\"breadcrumb\":{\"@id\":\"https:\\\/\\\/gradido.net\\\/wegbereiter-einer-neuen-aera-im-ehrenamtlichen-engagement\\\/#breadcrumb\"},\"inLanguage\":\"nl-NL\",\"potentialAction\":[{\"@type\":\"ReadAction\",\"target\":[\"https:\\\/\\\/gradido.net\\\/wegbereiter-einer-neuen-aera-im-ehrenamtlichen-engagement\\\/\"]}]},{\"@type\":\"ImageObject\",\"inLanguage\":\"nl-NL\",\"@id\":\"https:\\\/\\\/gradido.net\\\/wegbereiter-einer-neuen-aera-im-ehrenamtlichen-engagement\\\/#primaryimage\",\"url\":\"https:\\\/\\\/gradido.net\\\/wp-content\\\/uploads\\\/2023\\\/08\\\/Dinkelsbuehl_pur.jpg\",\"contentUrl\":\"https:\\\/\\\/gradido.net\\\/wp-content\\\/uploads\\\/2023\\\/08\\\/Dinkelsbuehl_pur.jpg\",\"width\":1920,\"height\":600},{\"@type\":\"BreadcrumbList\",\"@id\":\"https:\\\/\\\/gradido.net\\\/wegbereiter-einer-neuen-aera-im-ehrenamtlichen-engagement\\\/#breadcrumb\",\"itemListElement\":[{\"@type\":\"ListItem\",\"position\":1,\"name\":\"Startseite\",\"item\":\"https:\\\/\\\/gradido.net\\\/\"},{\"@type\":\"ListItem\",\"position\":2,\"name\":\"Gradido in Lieblingsstadt \u2013 Wegbereiter einer neuen \u00c4ra im ehrenamtlichen Engagement\"}]},{\"@type\":\"WebSite\",\"@id\":\"https:\\\/\\\/gradido.net\\\/de\\\/#website\",\"url\":\"https:\\\/\\\/gradido.net\\\/de\\\/\",\"name\":\"Gradido\",\"description\":\"Die neue W\u00e4hrung hei\u00dft Dankbarkeit\",\"publisher\":{\"@id\":\"https:\\\/\\\/gradido.net\\\/de\\\/#organization\"},\"potentialAction\":[{\"@type\":\"SearchAction\",\"target\":{\"@type\":\"EntryPoint\",\"urlTemplate\":\"https:\\\/\\\/gradido.net\\\/de\\\/?s={search_term_string}\"},\"query-input\":{\"@type\":\"PropertyValueSpecification\",\"valueRequired\":true,\"valueName\":\"search_term_string\"}}],\"inLanguage\":\"nl-NL\"},{\"@type\":\"Organization\",\"@id\":\"https:\\\/\\\/gradido.net\\\/de\\\/#organization\",\"name\":\"Gradido\",\"url\":\"https:\\\/\\\/gradido.net\\\/de\\\/\",\"logo\":{\"@type\":\"ImageObject\",\"inLanguage\":\"nl-NL\",\"@id\":\"https:\\\/\\\/gradido.net\\\/de\\\/#\\\/schema\\\/logo\\\/image\\\/\",\"url\":\"https:\\\/\\\/gradido.net\\\/wp-content\\\/uploads\\\/2022\\\/04\\\/gradido-social.jpg\",\"contentUrl\":\"https:\\\/\\\/gradido.net\\\/wp-content\\\/uploads\\\/2022\\\/04\\\/gradido-social.jpg\",\"width\":527,\"height\":273,\"caption\":\"Gradido\"},\"image\":{\"@id\":\"https:\\\/\\\/gradido.net\\\/de\\\/#\\\/schema\\\/logo\\\/image\\\/\"}},{\"@type\":\"Person\",\"@id\":\"https:\\\/\\\/gradido.net\\\/de\\\/#\\\/schema\\\/person\\\/9c503a004ad15a1ddecadce2218db5d1\",\"name\":\"Bernd H\u00fcckst\u00e4dt\",\"sameAs\":[\"https:\\\/\\\/gradido.net\"],\"url\":\"https:\\\/\\\/gradido.net\\\/nl\\\/author\\\/bernd\\\/\"}]}<\/script>\n<!-- \/ Yoast SEO plugin. -->","yoast_head_json":{"title":"Gradido in Lieblingsstadt - Pioniers van een nieuw tijdperk in vrijwilligerswerk - Gradido","description":"Gradido heeft het potentieel om onze gemeenschappen te veranderen in plaatsen waar mensen graag wonen en zich graag inzetten. Ga met ons mee op deze spannende reis en ontdek hoe Gradido een nieuw tijdperk van vrijwilligerswerk kan inluiden.","robots":{"index":"index","follow":"follow","max-snippet":"max-snippet:-1","max-image-preview":"max-image-preview:large","max-video-preview":"max-video-preview:-1"},"canonical":"https:\/\/gradido.net\/nl\/wegbereiter-einer-neuen-aera-im-ehrenamtlichen-engagement\/","og_locale":"nl_NL","og_type":"article","og_title":"Gradido in Lieblingsstadt \u2013 Wegbereiter einer neuen \u00c4ra im ehrenamtlichen Engagement - Gradido","og_description":"Gradido hat das Potenzial, unsere Gemeinden in Orte zu verwandeln, an denen Menschen gerne leben und sich engagieren. Begleite uns auf dieser spannenden Reise und entdecke, wie Gradido eine neue \u00c4ra ehrenamtlichen Engagements einl\u00e4uten kann.","og_url":"https:\/\/gradido.net\/nl\/wegbereiter-einer-neuen-aera-im-ehrenamtlichen-engagement\/","og_site_name":"Gradido","article_published_time":"2023-08-12T15:18:52+00:00","article_modified_time":"2026-04-23T05:17:15+00:00","og_image":[{"width":1920,"height":600,"url":"https:\/\/gradido.net\/wp-content\/uploads\/2023\/08\/Dinkelsbuehl_pur.jpg","type":"image\/jpeg"}],"author":"Bernd H\u00fcckst\u00e4dt","twitter_card":"summary_large_image","twitter_misc":{"Geschreven door":"Bernd H\u00fcckst\u00e4dt","Geschatte leestijd":"5 minuten"},"schema":{"@context":"https:\/\/schema.org","@graph":[{"@type":"Article","@id":"https:\/\/gradido.net\/wegbereiter-einer-neuen-aera-im-ehrenamtlichen-engagement\/#article","isPartOf":{"@id":"https:\/\/gradido.net\/wegbereiter-einer-neuen-aera-im-ehrenamtlichen-engagement\/"},"author":{"name":"Bernd H\u00fcckst\u00e4dt","@id":"https:\/\/gradido.net\/de\/#\/schema\/person\/9c503a004ad15a1ddecadce2218db5d1"},"headline":"Gradido in Lieblingsstadt \u2013 Wegbereiter einer neuen \u00c4ra im ehrenamtlichen Engagement","datePublished":"2023-08-12T15:18:52+00:00","dateModified":"2026-04-23T05:17:15+00:00","mainEntityOfPage":{"@id":"https:\/\/gradido.net\/wegbereiter-einer-neuen-aera-im-ehrenamtlichen-engagement\/"},"wordCount":549,"publisher":{"@id":"https:\/\/gradido.net\/de\/#organization"},"image":{"@id":"https:\/\/gradido.net\/wegbereiter-einer-neuen-aera-im-ehrenamtlichen-engagement\/#primaryimage"},"thumbnailUrl":"https:\/\/gradido.net\/wp-content\/uploads\/2023\/08\/Dinkelsbuehl_pur.jpg","articleSection":["Blog","Lieblingsstadt"],"inLanguage":"nl-NL"},{"@type":"WebPage","@id":"https:\/\/gradido.net\/wegbereiter-einer-neuen-aera-im-ehrenamtlichen-engagement\/","url":"https:\/\/gradido.net\/wegbereiter-einer-neuen-aera-im-ehrenamtlichen-engagement\/","name":"Gradido in Lieblingsstadt - Pioniers van een nieuw tijdperk in vrijwilligerswerk - Gradido","isPartOf":{"@id":"https:\/\/gradido.net\/de\/#website"},"primaryImageOfPage":{"@id":"https:\/\/gradido.net\/wegbereiter-einer-neuen-aera-im-ehrenamtlichen-engagement\/#primaryimage"},"image":{"@id":"https:\/\/gradido.net\/wegbereiter-einer-neuen-aera-im-ehrenamtlichen-engagement\/#primaryimage"},"thumbnailUrl":"https:\/\/gradido.net\/wp-content\/uploads\/2023\/08\/Dinkelsbuehl_pur.jpg","datePublished":"2023-08-12T15:18:52+00:00","dateModified":"2026-04-23T05:17:15+00:00","description":"Gradido heeft het potentieel om onze gemeenschappen te veranderen in plaatsen waar mensen graag wonen en zich graag inzetten. Ga met ons mee op deze spannende reis en ontdek hoe Gradido een nieuw tijdperk van vrijwilligerswerk kan inluiden.","breadcrumb":{"@id":"https:\/\/gradido.net\/wegbereiter-einer-neuen-aera-im-ehrenamtlichen-engagement\/#breadcrumb"},"inLanguage":"nl-NL","potentialAction":[{"@type":"ReadAction","target":["https:\/\/gradido.net\/wegbereiter-einer-neuen-aera-im-ehrenamtlichen-engagement\/"]}]},{"@type":"ImageObject","inLanguage":"nl-NL","@id":"https:\/\/gradido.net\/wegbereiter-einer-neuen-aera-im-ehrenamtlichen-engagement\/#primaryimage","url":"https:\/\/gradido.net\/wp-content\/uploads\/2023\/08\/Dinkelsbuehl_pur.jpg","contentUrl":"https:\/\/gradido.net\/wp-content\/uploads\/2023\/08\/Dinkelsbuehl_pur.jpg","width":1920,"height":600},{"@type":"BreadcrumbList","@id":"https:\/\/gradido.net\/wegbereiter-einer-neuen-aera-im-ehrenamtlichen-engagement\/#breadcrumb","itemListElement":[{"@type":"ListItem","position":1,"name":"Startseite","item":"https:\/\/gradido.net\/"},{"@type":"ListItem","position":2,"name":"Gradido in Lieblingsstadt \u2013 Wegbereiter einer neuen \u00c4ra im ehrenamtlichen Engagement"}]},{"@type":"WebSite","@id":"https:\/\/gradido.net\/de\/#website","url":"https:\/\/gradido.net\/de\/","name":"Gradido","description":"De nieuwe munteenheid is dankbaarheid","publisher":{"@id":"https:\/\/gradido.net\/de\/#organization"},"potentialAction":[{"@type":"SearchAction","target":{"@type":"EntryPoint","urlTemplate":"https:\/\/gradido.net\/de\/?s={search_term_string}"},"query-input":{"@type":"PropertyValueSpecification","valueRequired":true,"valueName":"search_term_string"}}],"inLanguage":"nl-NL"},{"@type":"Organization","@id":"https:\/\/gradido.net\/de\/#organization","name":"Gradido","url":"https:\/\/gradido.net\/de\/","logo":{"@type":"ImageObject","inLanguage":"nl-NL","@id":"https:\/\/gradido.net\/de\/#\/schema\/logo\/image\/","url":"https:\/\/gradido.net\/wp-content\/uploads\/2022\/04\/gradido-social.jpg","contentUrl":"https:\/\/gradido.net\/wp-content\/uploads\/2022\/04\/gradido-social.jpg","width":527,"height":273,"caption":"Gradido"},"image":{"@id":"https:\/\/gradido.net\/de\/#\/schema\/logo\/image\/"}},{"@type":"Person","@id":"https:\/\/gradido.net\/de\/#\/schema\/person\/9c503a004ad15a1ddecadce2218db5d1","name":"Bernd H\u00fcckst\u00e4dt","sameAs":["https:\/\/gradido.net"],"url":"https:\/\/gradido.net\/nl\/author\/bernd\/"}]}},"_links":{"self":[{"href":"https:\/\/gradido.net\/nl\/wp-json\/wp\/v2\/posts\/7085","targetHints":{"allow":["GET"]}}],"collection":[{"href":"https:\/\/gradido.net\/nl\/wp-json\/wp\/v2\/posts"}],"about":[{"href":"https:\/\/gradido.net\/nl\/wp-json\/wp\/v2\/types\/post"}],"author":[{"embeddable":true,"href":"https:\/\/gradido.net\/nl\/wp-json\/wp\/v2\/users\/2"}],"replies":[{"embeddable":true,"href":"https:\/\/gradido.net\/nl\/wp-json\/wp\/v2\/comments?post=7085"}],"version-history":[{"count":51,"href":"https:\/\/gradido.net\/nl\/wp-json\/wp\/v2\/posts\/7085\/revisions"}],"predecessor-version":[{"id":13550,"href":"https:\/\/gradido.net\/nl\/wp-json\/wp\/v2\/posts\/7085\/revisions\/13550"}],"wp:featuredmedia":[{"embeddable":true,"href":"https:\/\/gradido.net\/nl\/wp-json\/wp\/v2\/media\/7087"}],"wp:attachment":[{"href":"https:\/\/gradido.net\/nl\/wp-json\/wp\/v2\/media?parent=7085"}],"wp:term":[{"taxonomy":"category","embeddable":true,"href":"https:\/\/gradido.net\/nl\/wp-json\/wp\/v2\/categories?post=7085"},{"taxonomy":"post_tag","embeddable":true,"href":"https:\/\/gradido.net\/nl\/wp-json\/wp\/v2\/tags?post=7085"}],"curies":[{"name":"wp","href":"https:\/\/api.w.org\/{rel}","templated":true}]}}