{"id":7157,"date":"2023-08-18T10:13:29","date_gmt":"2023-08-18T08:13:29","guid":{"rendered":"https:\/\/gradido.net\/?p=7157"},"modified":"2026-04-23T07:14:52","modified_gmt":"2026-04-23T05:14:52","slug":"lieblingsstadt-3-eine-familie-ein-projekt-und-eine-stadt-voller-moeglichkeiten","status":"publish","type":"post","link":"https:\/\/gradido.net\/nl\/lieblingsstadt-3-eine-familie-ein-projekt-und-eine-stadt-voller-moeglichkeiten\/","title":{"rendered":"Favoriete stad 3 - Een gezin, een project en een stad vol mogelijkheden"},"content":{"rendered":"<div data-elementor-type=\"wp-post\" data-elementor-id=\"7157\" class=\"elementor elementor-7157\" data-elementor-post-type=\"post\">\n\t\t\t\t\t\t<section class=\"elementor-section elementor-top-section elementor-element elementor-element-496e1d53 elementor-section-boxed elementor-section-height-default elementor-section-height-default\" data-id=\"496e1d53\" data-element_type=\"section\" data-e-type=\"section\">\n\t\t\t\t\t\t<div class=\"elementor-container elementor-column-gap-default\">\n\t\t\t\t\t<div class=\"elementor-column elementor-col-100 elementor-top-column elementor-element elementor-element-461d7be0\" data-id=\"461d7be0\" data-element_type=\"column\" data-e-type=\"column\">\n\t\t\t<div class=\"elementor-widget-wrap elementor-element-populated\">\n\t\t\t\t\t\t<div class=\"elementor-element elementor-element-cd9ebe2 elementor-widget elementor-widget-text-editor\" data-id=\"cd9ebe2\" data-element_type=\"widget\" data-e-type=\"widget\" data-widget_type=\"text-editor.default\">\n\t\t\t\t<div class=\"elementor-widget-container\">\n\t\t\t\t\t\t\t\t\t<p style=\"text-align: right;\"><em>\"Het Gradido-project biedt ons niet alleen financi\u00eble steun, maar ook geweldige activiteiten en kansen die niet met geld te betalen zijn.<\/em><\/p><p>Beste lezer,<\/p><p>Het is een zonnige zaterdagochtend in de nieuwbouwwijk Lieblingsstadt. De jonge familie Frank geniet samen van hun ontbijt. De Franken, dat zijn ouders Kerstin en Jannik en hun drie kinderen, Mia, Maximilian en kleine Luna. Max is dit weekend op trainingskamp bij de sportclub van Lieblingsstadt, waar hij traint voor het jeugdkampioenschap basketbal.<\/p>\t\t\t\t\t\t\t\t<\/div>\n\t\t\t\t<\/div>\n\t\t\t\t<div class=\"elementor-element elementor-element-b482206 elementor-widget elementor-widget-image\" data-id=\"b482206\" data-element_type=\"widget\" data-e-type=\"widget\" data-widget_type=\"image.default\">\n\t\t\t\t<div class=\"elementor-widget-container\">\n\t\t\t\t\t\t\t\t\t\t\t\t\t\t\t<img fetchpriority=\"high\" decoding=\"async\" width=\"800\" height=\"600\" src=\"https:\/\/gradido.net\/wp-content\/uploads\/2023\/08\/Max_Basketball_800.jpg\" class=\"attachment-large size-large wp-image-7161\" alt=\"\" srcset=\"https:\/\/gradido.net\/wp-content\/uploads\/2023\/08\/Max_Basketball_800.jpg 800w, https:\/\/gradido.net\/wp-content\/uploads\/2023\/08\/Max_Basketball_800-300x225.jpg 300w, https:\/\/gradido.net\/wp-content\/uploads\/2023\/08\/Max_Basketball_800-768x576.jpg 768w, https:\/\/gradido.net\/wp-content\/uploads\/2023\/08\/Max_Basketball_800-16x12.jpg 16w\" sizes=\"(max-width: 800px) 100vw, 800px\" \/>\t\t\t\t\t\t\t\t\t\t\t\t\t\t\t<\/div>\n\t\t\t\t<\/div>\n\t\t\t\t<div class=\"elementor-element elementor-element-c5e61d4 elementor-widget elementor-widget-text-editor\" data-id=\"c5e61d4\" data-element_type=\"widget\" data-e-type=\"widget\" data-widget_type=\"text-editor.default\">\n\t\t\t\t<div class=\"elementor-widget-container\">\n\t\t\t\t\t\t\t\t\t<p>De familie is nauw met elkaar verbonden en deelt veel gemeenschappelijke interesses en passies. Jannik heeft een goede baan als werktuigbouwkundig ingenieur. Kerstin is een getalenteerd grafisch ontwerpster. Sinds de geboorte van Luna oefent ze haar beroep niet meer uit. Toch wil ze haar vaardigheden gebruiken en helpt ze verschillende lokale verenigingen door als vrijwilliger hun websites en drukwerk te maken. Ze geniet erg van haar vrijwilligerswerk. Janniks enige inkomen is echter nauwelijks genoeg om het gezin te onderhouden en het huis af te betalen.<\/p><p><br \/>De Franken zijn een gelukkig gezin, maar ze hebben geen financi\u00eble ruimte voor extra luxe of voor een oppas om Kerstin te ontlasten bij haar vrijwilligerswerk. In deze situatie hoort Kerstin over een spannend nieuw project genaamd 'Gradido' dat wordt ge\u00efntroduceerd in Lieblingsstadt. Het project beloont vrijwilligerswerk met zogenaamde 'Gradido bedankpunten'. Kerstin beseft dat dit een geweldige manier is om haar werk te waarderen en tegelijkertijd het gezin financieel te ontlasten. Jannik is ook enthousiast, want als jeugdtrainer bij de sportclub kan hij ook Gradido's ontvangen voor zijn vrijwilligerswerk.\u00a0<\/p><p><br \/>De Franks besluiten meer te weten te komen over het Gradido-project en wonen een van de regelmatige Gradidocaf\u00e9s in het buurthuis bij. Daar ontmoeten ze andere inwoners van Lieblingsstadt die ook gecompenseerd worden met Gradido's voor hun vrijwilligerswerk.<\/p>\t\t\t\t\t\t\t\t<\/div>\n\t\t\t\t<\/div>\n\t\t\t\t<div class=\"elementor-element elementor-element-e51c407 elementor-widget elementor-widget-image\" data-id=\"e51c407\" data-element_type=\"widget\" data-e-type=\"widget\" data-widget_type=\"image.default\">\n\t\t\t\t<div class=\"elementor-widget-container\">\n\t\t\t\t\t\t\t\t\t\t\t\t\t\t\t<img decoding=\"async\" width=\"800\" height=\"800\" src=\"https:\/\/gradido.net\/wp-content\/uploads\/2023\/08\/Cafe\u03012_800.jpg\" class=\"attachment-large size-large wp-image-7168\" alt=\"\" srcset=\"https:\/\/gradido.net\/wp-content\/uploads\/2023\/08\/Cafe\u03012_800.jpg 800w, https:\/\/gradido.net\/wp-content\/uploads\/2023\/08\/Cafe\u03012_800-300x300.jpg 300w, https:\/\/gradido.net\/wp-content\/uploads\/2023\/08\/Cafe\u03012_800-150x150.jpg 150w, https:\/\/gradido.net\/wp-content\/uploads\/2023\/08\/Cafe\u03012_800-768x768.jpg 768w, https:\/\/gradido.net\/wp-content\/uploads\/2023\/08\/Cafe\u03012_800-12x12.jpg 12w\" sizes=\"(max-width: 800px) 100vw, 800px\" \/>\t\t\t\t\t\t\t\t\t\t\t\t\t\t\t<\/div>\n\t\t\t\t<\/div>\n\t\t\t\t<div class=\"elementor-element elementor-element-06a4667 elementor-widget elementor-widget-text-editor\" data-id=\"06a4667\" data-element_type=\"widget\" data-e-type=\"widget\" data-widget_type=\"text-editor.default\">\n\t\t\t\t<div class=\"elementor-widget-container\">\n\t\t\t\t\t\t\t\t\t<p>Jong en oud komen er samen. De mensen zijn heel aardig en vriendelijk. Vol vreugde en enthousiasme praten ze met elkaar over wat ze te bieden hebben en wat ze nodig hebben. Wat de een nodig heeft, kan de ander doen. Dit leidt tot een levendige uitwisseling. Er ontstaat een levendige \"markt van mogelijkheden\", waar mensen niet met geld betalen, maar elkaar compenseren met Gradido.<\/p>\t\t\t\t\t\t\t\t<\/div>\n\t\t\t\t<\/div>\n\t\t\t\t<div class=\"elementor-element elementor-element-f223bb6 elementor-widget elementor-widget-image\" data-id=\"f223bb6\" data-element_type=\"widget\" data-e-type=\"widget\" data-widget_type=\"image.default\">\n\t\t\t\t<div class=\"elementor-widget-container\">\n\t\t\t\t\t\t\t\t\t\t\t\t\t\t\t<img decoding=\"async\" width=\"800\" height=\"540\" src=\"https:\/\/gradido.net\/wp-content\/uploads\/2023\/08\/Monika_gross_800.jpg\" class=\"attachment-full size-full wp-image-7169\" alt=\"\" srcset=\"https:\/\/gradido.net\/wp-content\/uploads\/2023\/08\/Monika_gross_800.jpg 800w, https:\/\/gradido.net\/wp-content\/uploads\/2023\/08\/Monika_gross_800-300x203.jpg 300w, https:\/\/gradido.net\/wp-content\/uploads\/2023\/08\/Monika_gross_800-768x518.jpg 768w, https:\/\/gradido.net\/wp-content\/uploads\/2023\/08\/Monika_gross_800-18x12.jpg 18w\" sizes=\"(max-width: 800px) 100vw, 800px\" \/>\t\t\t\t\t\t\t\t\t\t\t\t\t\t\t<\/div>\n\t\t\t\t<\/div>\n\t\t\t\t<div class=\"elementor-element elementor-element-0499f3c elementor-widget elementor-widget-text-editor\" data-id=\"0499f3c\" data-element_type=\"widget\" data-e-type=\"widget\" data-widget_type=\"text-editor.default\">\n\t\t\t\t<div class=\"elementor-widget-container\">\n\t\t\t\t\t\t\t\t\t<p>Ze ontmoeten Monika, een voormalige kleuterjuf die graag met kinderen omgaat. Monika biedt aan om voor de kleine Luna te zorgen als Kerstin haar vrijwilligerswerk doet. De familie is dankbaar voor Monika's hulp. Hierdoor kunnen ze weer meer tijd besteden aan hun passies en vrijwilligerswerk.<\/p><p><br \/>Max, de gepassioneerde basketballer, heeft een geweldig idee. Hij stelt voor dat het jeugdteam van de sportclub een bosopruimactie houdt om iets terug te doen voor de natuur. Het idee wordt enthousiast ontvangen door het team. Voor de gradido's die ze ervoor terugkrijgen, krijgen ze allerlei steun voor hun teamactiviteiten en de uitbreiding van hun sporthuis.<\/p>\t\t\t\t\t\t\t\t<\/div>\n\t\t\t\t<\/div>\n\t\t\t\t<div class=\"elementor-element elementor-element-392458a elementor-widget elementor-widget-image\" data-id=\"392458a\" data-element_type=\"widget\" data-e-type=\"widget\" data-widget_type=\"image.default\">\n\t\t\t\t<div class=\"elementor-widget-container\">\n\t\t\t\t\t\t\t\t\t\t\t\t\t\t\t<img loading=\"lazy\" decoding=\"async\" width=\"800\" height=\"540\" src=\"https:\/\/gradido.net\/wp-content\/uploads\/2023\/08\/Waldreinigung_800.jpg\" class=\"attachment-large size-large wp-image-7182\" alt=\"\" srcset=\"https:\/\/gradido.net\/wp-content\/uploads\/2023\/08\/Waldreinigung_800.jpg 800w, https:\/\/gradido.net\/wp-content\/uploads\/2023\/08\/Waldreinigung_800-300x203.jpg 300w, https:\/\/gradido.net\/wp-content\/uploads\/2023\/08\/Waldreinigung_800-768x518.jpg 768w, https:\/\/gradido.net\/wp-content\/uploads\/2023\/08\/Waldreinigung_800-18x12.jpg 18w\" sizes=\"(max-width: 800px) 100vw, 800px\" \/>\t\t\t\t\t\t\t\t\t\t\t\t\t\t\t<\/div>\n\t\t\t\t<\/div>\n\t\t\t\t<div class=\"elementor-element elementor-element-8fcbf61 elementor-widget elementor-widget-text-editor\" data-id=\"8fcbf61\" data-element_type=\"widget\" data-e-type=\"widget\" data-widget_type=\"text-editor.default\">\n\t\t\t\t<div class=\"elementor-widget-container\">\n\t\t\t\t\t\t\t\t\t<p>Mia, de muzikale dochter van de familie, ontmoet Martin, een gepensioneerde muziekleraar. Martin biedt haar saxofoonlessen aan voor Gradido. Mia is dolblij met de kans om van een ervaren muzikant te leren en haar muzikale potentieel te ontwikkelen.<\/p>\t\t\t\t\t\t\t\t<\/div>\n\t\t\t\t<\/div>\n\t\t\t\t<div class=\"elementor-element elementor-element-84f7bbd elementor-widget elementor-widget-image\" data-id=\"84f7bbd\" data-element_type=\"widget\" data-e-type=\"widget\" data-widget_type=\"image.default\">\n\t\t\t\t<div class=\"elementor-widget-container\">\n\t\t\t\t\t\t\t\t\t\t\t\t\t\t\t<img loading=\"lazy\" decoding=\"async\" width=\"800\" height=\"540\" src=\"https:\/\/gradido.net\/wp-content\/uploads\/2023\/08\/Martin_Saxophon_800.jpg\" class=\"attachment-large size-large wp-image-7186\" alt=\"\" srcset=\"https:\/\/gradido.net\/wp-content\/uploads\/2023\/08\/Martin_Saxophon_800.jpg 800w, https:\/\/gradido.net\/wp-content\/uploads\/2023\/08\/Martin_Saxophon_800-300x203.jpg 300w, https:\/\/gradido.net\/wp-content\/uploads\/2023\/08\/Martin_Saxophon_800-768x518.jpg 768w, https:\/\/gradido.net\/wp-content\/uploads\/2023\/08\/Martin_Saxophon_800-18x12.jpg 18w\" sizes=\"(max-width: 800px) 100vw, 800px\" \/>\t\t\t\t\t\t\t\t\t\t\t\t\t\t\t<\/div>\n\t\t\t\t<\/div>\n\t\t\t\t<div class=\"elementor-element elementor-element-abb92cd elementor-widget elementor-widget-text-editor\" data-id=\"abb92cd\" data-element_type=\"widget\" data-e-type=\"widget\" data-widget_type=\"text-editor.default\">\n\t\t\t\t<div class=\"elementor-widget-container\">\n\t\t\t\t\t\t\t\t\t<p>De familie Frank realiseert zich dat het Gradido project hen niet alleen financi\u00eble steun biedt, maar ook geweldige activiteiten en mogelijkheden die niet met geld te betalen zijn. Het vrijwilligerswerk en de samenwerking met andere medeburgers versterken het gemeenschapsgevoel en de band binnen en buiten het gezin.<\/p><p><br \/>Met de Gradido bedankpunten kunnen Kerstin en Jannik hun gezin ondersteunen, hun passies nastreven en hun kinderen aanmoedigen in hun interesses. Ze zijn dankbaar voor dit nieuwe perspectief dat hen in staat stelt hun leven met vreugde en voldoening te leiden.\u00a0<\/p><p><br \/><strong>Franks is zich ervan bewust dat ze met het Gradido project niet alleen hun persoonlijke omgeving verbeteren, maar ook deel uitmaken van een positieve verandering in favoriete stad.<\/strong><\/p>\t\t\t\t\t\t\t\t<\/div>\n\t\t\t\t<\/div>\n\t\t\t\t<div class=\"elementor-element elementor-element-e858257 elementor-widget-divider--view-line elementor-widget elementor-widget-divider\" data-id=\"e858257\" data-element_type=\"widget\" data-e-type=\"widget\" data-widget_type=\"divider.default\">\n\t\t\t\t<div class=\"elementor-widget-container\">\n\t\t\t\t\t\t\t<div class=\"elementor-divider\">\n\t\t\t<span class=\"elementor-divider-separator\">\n\t\t\t\t\t\t<\/span>\n\t\t<\/div>\n\t\t\t\t\t\t<\/div>\n\t\t\t\t<\/div>\n\t\t\t\t<div class=\"elementor-element elementor-element-d74dfa0 elementor-widget elementor-widget-text-editor\" data-id=\"d74dfa0\" data-element_type=\"widget\" data-e-type=\"widget\" data-widget_type=\"text-editor.default\">\n\t\t\t\t<div class=\"elementor-widget-container\">\n\t\t\t\t\t\t\t\t\t<div data-pm-slice=\"1 1 []\" data-en-clipboard=\"true\"><p>Dit is al de derde bijdrage in onze serie <strong>\"Gradido in favoriete stad\". <\/strong>Aan de hand van inspirerende verhalen leren we hoe het Gradido-model de levenskwaliteit van mensen aanzienlijk verbetert, de stad veiliger maakt en zelfs bedrijven en het ziekenhuis van de stad spaart.<\/p><p>Stuur deze serie gerust door naar je gemeenteraad, verenigingen en vakmensen. Want als we nu geen actie ondernemen, zal de neerwaartse trend zich voortzetten, zal de economie in het slop raken, zal de middenklasse worden ondermijnd en zullen de gemeenten bezwijken onder de schuldenlast.\u00a0<\/p><p>Met Gradido hebben we een effectief hulpmiddel voor positief levensontwerp in handen. Samen transformeren we onze steden en gemeenschappen in levendige welvarende oases - onze favoriete plekken!<\/p><p>Vriendelijke groeten<\/p><\/div><p>Met vriendelijke groet<\/p><p><img loading=\"lazy\" decoding=\"async\" class=\"alignnone wp-image-4614 size-medium\" src=\"https:\/\/gradido.net\/wp-content\/uploads\/2022\/06\/MargretBernd_2022-300x74.png\" alt=\"\" width=\"300\" height=\"74\" srcset=\"https:\/\/gradido.net\/wp-content\/uploads\/2022\/06\/MargretBernd_2022-300x74.png 300w, https:\/\/gradido.net\/wp-content\/uploads\/2022\/06\/MargretBernd_2022-18x4.png 18w, https:\/\/gradido.net\/wp-content\/uploads\/2022\/06\/MargretBernd_2022.png 431w\" sizes=\"(max-width: 300px) 100vw, 300px\" \/><\/p><p>Margret Baier en Bernd H\u00fcckst\u00e4dt<br \/>Gradido oprichter en ontwikkelaar<\/p>\t\t\t\t\t\t\t\t<\/div>\n\t\t\t\t<\/div>\n\t\t\t\t\t<\/div>\n\t\t<\/div>\n\t\t\t\t\t<\/div>\n\t\t<\/section>\n\t\t\t\t<section class=\"elementor-section elementor-top-section elementor-element elementor-element-6b56539 elementor-section-boxed elementor-section-height-default elementor-section-height-default\" data-id=\"6b56539\" data-element_type=\"section\" data-e-type=\"section\">\n\t\t\t\t\t\t<div class=\"elementor-container elementor-column-gap-default\">\n\t\t\t\t\t<div class=\"elementor-column elementor-col-100 elementor-top-column elementor-element elementor-element-2ce5c91\" data-id=\"2ce5c91\" data-element_type=\"column\" data-e-type=\"column\">\n\t\t\t<div class=\"elementor-widget-wrap elementor-element-populated\">\n\t\t\t\t\t\t<div class=\"elementor-element elementor-element-9e94d8b elementor-position-inline-start white-links elementor-widget__width-initial elementor-view-default elementor-mobile-position-block-start elementor-widget elementor-widget-icon-box\" data-id=\"9e94d8b\" data-element_type=\"widget\" data-e-type=\"widget\" data-no-translation=\"\" data-widget_type=\"icon-box.default\">\n\t\t\t\t<div class=\"elementor-widget-container\">\n\t\t\t\t\t<style>.elementor-element-9e94d8b{display:none !important}<\/style>\t\t\t\t<\/div>\n\t\t\t\t<\/div>\n\t\t\t\t\t<\/div>\n\t\t<\/div>\n\t\t\t\t\t<\/div>\n\t\t<\/section>\n\t\t\t\t<section class=\"elementor-section elementor-top-section elementor-element elementor-element-14532fe elementor-section-boxed elementor-section-height-default elementor-section-height-default\" data-id=\"14532fe\" data-element_type=\"section\" data-e-type=\"section\">\n\t\t\t\t\t\t<div class=\"elementor-container elementor-column-gap-default\">\n\t\t\t\t\t<div class=\"elementor-column elementor-col-100 elementor-top-column elementor-element elementor-element-65d2298\" data-id=\"65d2298\" data-element_type=\"column\" data-e-type=\"column\">\n\t\t\t<div class=\"elementor-widget-wrap elementor-element-populated\">\n\t\t\t\t\t\t<div class=\"elementor-element elementor-element-5267cda elementor-widget elementor-widget-global elementor-global-9341 elementor-widget-text-editor\" data-id=\"5267cda\" data-element_type=\"widget\" data-e-type=\"widget\" data-widget_type=\"text-editor.default\">\n\t\t\t\t<div class=\"elementor-widget-container\">\n\t\t\t\t\t\t\t\t\t<p><strong>PS:\u00a0<span style=\"color: #ff6600;\"><a style=\"color: #ff6600;\" href=\"https:\/\/gradido.net\/nl\/donations\/\">Omdat Gradido steeds belangrijker wordt, herhalen we onze dankbaarheidcampagne op 26 juni 2026:<\/a>\u00a0<\/span><span style=\"color: #0000ff;\"><a style=\"color: #0000ff;\" href=\"https:\/\/gradido.net\/nl\/donations\/\">Naast de meervoudige GradidoTransform voor jouw sponsorbijdrage, zullen we alle GDT account saldi verhogen met 26% op 26\/06\/2016. Sponsor nu en geniet van het veelvoud aan GDT!<\/a><\/span><\/strong><\/p>\t\t\t\t\t\t\t\t<\/div>\n\t\t\t\t<\/div>\n\t\t\t\t\t<\/div>\n\t\t<\/div>\n\t\t\t\t\t<\/div>\n\t\t<\/section>\n\t\t\t\t<\/div>","protected":false},"excerpt":{"rendered":"<p>Met de Gradido dankpunten kunnen Kerstin en Jannik hun passies nastreven en hun kinderen aanmoedigen in hun interesses. Ze zijn dankbaar voor dit nieuwe perspectief dat hen in staat stelt om hun leven met vreugde en voldoening te leven. <\/p>","protected":false},"author":2,"featured_media":7158,"comment_status":"closed","ping_status":"closed","sticky":false,"template":"","format":"standard","meta":{"footnotes":""},"categories":[11,53],"tags":[],"class_list":["post-7157","post","type-post","status-publish","format-standard","has-post-thumbnail","hentry","category-blog","category-lieblingsstadt"],"yoast_head":"<!-- This site is optimized with the Yoast SEO plugin v27.5 - https:\/\/yoast.com\/product\/yoast-seo-wordpress\/ -->\n<title>Lieblingsstadt 3 \u2013 Eine Familie, ein Projekt und eine Stadt voller M\u00f6glichkeiten - Gradido<\/title>\n<meta name=\"description\" content=\"Mit den Gradido-Dankpunkten k\u00f6nnen Kerstin und Jannik ihren Leidenschaften nachgehen und ihre Kinder in ihren Interessen f\u00f6rdern. Sie sind dankbar f\u00fcr diese neue Perspektive, die es ihnen erm\u00f6glicht, ihr Leben mit Freude und Erf\u00fcllung zu gestalten.\" \/>\n<meta name=\"robots\" content=\"index, follow, max-snippet:-1, max-image-preview:large, max-video-preview:-1\" \/>\n<link rel=\"canonical\" href=\"https:\/\/gradido.net\/nl\/lieblingsstadt-3-eine-familie-ein-projekt-und-eine-stadt-voller-moeglichkeiten\/\" \/>\n<meta property=\"og:locale\" content=\"nl_NL\" \/>\n<meta property=\"og:type\" content=\"article\" \/>\n<meta property=\"og:title\" content=\"Lieblingsstadt 3 \u2013 Eine Familie, ein Projekt und eine Stadt voller M\u00f6glichkeiten - Gradido\" \/>\n<meta property=\"og:description\" content=\"Mit den Gradido-Dankpunkten k\u00f6nnen Kerstin und Jannik ihren Leidenschaften nachgehen und ihre Kinder in ihren Interessen f\u00f6rdern. Sie sind dankbar f\u00fcr diese neue Perspektive, die es ihnen erm\u00f6glicht, ihr Leben mit Freude und Erf\u00fcllung zu gestalten.\" \/>\n<meta property=\"og:url\" content=\"https:\/\/gradido.net\/nl\/lieblingsstadt-3-eine-familie-ein-projekt-und-eine-stadt-voller-moeglichkeiten\/\" \/>\n<meta property=\"og:site_name\" content=\"Gradido\" \/>\n<meta property=\"article:published_time\" content=\"2023-08-18T08:13:29+00:00\" \/>\n<meta property=\"article:modified_time\" content=\"2026-04-23T05:14:52+00:00\" \/>\n<meta property=\"og:image\" content=\"https:\/\/gradido.net\/wp-content\/uploads\/2023\/08\/Familie_Frank_1920.jpg\" \/>\n\t<meta property=\"og:image:width\" content=\"1920\" \/>\n\t<meta property=\"og:image:height\" content=\"1200\" \/>\n\t<meta property=\"og:image:type\" content=\"image\/jpeg\" \/>\n<meta name=\"author\" content=\"Bernd H\u00fcckst\u00e4dt\" \/>\n<meta name=\"twitter:card\" content=\"summary_large_image\" \/>\n<meta name=\"twitter:label1\" content=\"Geschreven door\" \/>\n\t<meta name=\"twitter:data1\" content=\"Bernd H\u00fcckst\u00e4dt\" \/>\n\t<meta name=\"twitter:label2\" content=\"Geschatte leestijd\" \/>\n\t<meta name=\"twitter:data2\" content=\"6 minuten\" \/>\n<script type=\"application\/ld+json\" class=\"yoast-schema-graph\">{\"@context\":\"https:\\\/\\\/schema.org\",\"@graph\":[{\"@type\":\"Article\",\"@id\":\"https:\\\/\\\/gradido.net\\\/lieblingsstadt-3-eine-familie-ein-projekt-und-eine-stadt-voller-moeglichkeiten\\\/#article\",\"isPartOf\":{\"@id\":\"https:\\\/\\\/gradido.net\\\/lieblingsstadt-3-eine-familie-ein-projekt-und-eine-stadt-voller-moeglichkeiten\\\/\"},\"author\":{\"name\":\"Bernd H\u00fcckst\u00e4dt\",\"@id\":\"https:\\\/\\\/gradido.net\\\/de\\\/#\\\/schema\\\/person\\\/9c503a004ad15a1ddecadce2218db5d1\"},\"headline\":\"Lieblingsstadt 3 \u2013 Eine Familie, ein Projekt und eine Stadt voller M\u00f6glichkeiten\",\"datePublished\":\"2023-08-18T08:13:29+00:00\",\"dateModified\":\"2026-04-23T05:14:52+00:00\",\"mainEntityOfPage\":{\"@id\":\"https:\\\/\\\/gradido.net\\\/lieblingsstadt-3-eine-familie-ein-projekt-und-eine-stadt-voller-moeglichkeiten\\\/\"},\"wordCount\":848,\"publisher\":{\"@id\":\"https:\\\/\\\/gradido.net\\\/de\\\/#organization\"},\"image\":{\"@id\":\"https:\\\/\\\/gradido.net\\\/lieblingsstadt-3-eine-familie-ein-projekt-und-eine-stadt-voller-moeglichkeiten\\\/#primaryimage\"},\"thumbnailUrl\":\"https:\\\/\\\/gradido.net\\\/wp-content\\\/uploads\\\/2023\\\/08\\\/Familie_Frank_1920.jpg\",\"articleSection\":[\"Blog\",\"Lieblingsstadt\"],\"inLanguage\":\"nl-NL\"},{\"@type\":\"WebPage\",\"@id\":\"https:\\\/\\\/gradido.net\\\/lieblingsstadt-3-eine-familie-ein-projekt-und-eine-stadt-voller-moeglichkeiten\\\/\",\"url\":\"https:\\\/\\\/gradido.net\\\/lieblingsstadt-3-eine-familie-ein-projekt-und-eine-stadt-voller-moeglichkeiten\\\/\",\"name\":\"Lieblingsstadt 3 \u2013 Eine Familie, ein Projekt und eine Stadt voller M\u00f6glichkeiten - Gradido\",\"isPartOf\":{\"@id\":\"https:\\\/\\\/gradido.net\\\/de\\\/#website\"},\"primaryImageOfPage\":{\"@id\":\"https:\\\/\\\/gradido.net\\\/lieblingsstadt-3-eine-familie-ein-projekt-und-eine-stadt-voller-moeglichkeiten\\\/#primaryimage\"},\"image\":{\"@id\":\"https:\\\/\\\/gradido.net\\\/lieblingsstadt-3-eine-familie-ein-projekt-und-eine-stadt-voller-moeglichkeiten\\\/#primaryimage\"},\"thumbnailUrl\":\"https:\\\/\\\/gradido.net\\\/wp-content\\\/uploads\\\/2023\\\/08\\\/Familie_Frank_1920.jpg\",\"datePublished\":\"2023-08-18T08:13:29+00:00\",\"dateModified\":\"2026-04-23T05:14:52+00:00\",\"description\":\"Mit den Gradido-Dankpunkten k\u00f6nnen Kerstin und Jannik ihren Leidenschaften nachgehen und ihre Kinder in ihren Interessen f\u00f6rdern. Sie sind dankbar f\u00fcr diese neue Perspektive, die es ihnen erm\u00f6glicht, ihr Leben mit Freude und Erf\u00fcllung zu gestalten.\",\"breadcrumb\":{\"@id\":\"https:\\\/\\\/gradido.net\\\/lieblingsstadt-3-eine-familie-ein-projekt-und-eine-stadt-voller-moeglichkeiten\\\/#breadcrumb\"},\"inLanguage\":\"nl-NL\",\"potentialAction\":[{\"@type\":\"ReadAction\",\"target\":[\"https:\\\/\\\/gradido.net\\\/lieblingsstadt-3-eine-familie-ein-projekt-und-eine-stadt-voller-moeglichkeiten\\\/\"]}]},{\"@type\":\"ImageObject\",\"inLanguage\":\"nl-NL\",\"@id\":\"https:\\\/\\\/gradido.net\\\/lieblingsstadt-3-eine-familie-ein-projekt-und-eine-stadt-voller-moeglichkeiten\\\/#primaryimage\",\"url\":\"https:\\\/\\\/gradido.net\\\/wp-content\\\/uploads\\\/2023\\\/08\\\/Familie_Frank_1920.jpg\",\"contentUrl\":\"https:\\\/\\\/gradido.net\\\/wp-content\\\/uploads\\\/2023\\\/08\\\/Familie_Frank_1920.jpg\",\"width\":1920,\"height\":1200},{\"@type\":\"BreadcrumbList\",\"@id\":\"https:\\\/\\\/gradido.net\\\/lieblingsstadt-3-eine-familie-ein-projekt-und-eine-stadt-voller-moeglichkeiten\\\/#breadcrumb\",\"itemListElement\":[{\"@type\":\"ListItem\",\"position\":1,\"name\":\"Startseite\",\"item\":\"https:\\\/\\\/gradido.net\\\/\"},{\"@type\":\"ListItem\",\"position\":2,\"name\":\"Lieblingsstadt 3 \u2013 Eine Familie, ein Projekt und eine Stadt voller M\u00f6glichkeiten\"}]},{\"@type\":\"WebSite\",\"@id\":\"https:\\\/\\\/gradido.net\\\/de\\\/#website\",\"url\":\"https:\\\/\\\/gradido.net\\\/de\\\/\",\"name\":\"Gradido\",\"description\":\"Die neue W\u00e4hrung hei\u00dft Dankbarkeit\",\"publisher\":{\"@id\":\"https:\\\/\\\/gradido.net\\\/de\\\/#organization\"},\"potentialAction\":[{\"@type\":\"SearchAction\",\"target\":{\"@type\":\"EntryPoint\",\"urlTemplate\":\"https:\\\/\\\/gradido.net\\\/de\\\/?s={search_term_string}\"},\"query-input\":{\"@type\":\"PropertyValueSpecification\",\"valueRequired\":true,\"valueName\":\"search_term_string\"}}],\"inLanguage\":\"nl-NL\"},{\"@type\":\"Organization\",\"@id\":\"https:\\\/\\\/gradido.net\\\/de\\\/#organization\",\"name\":\"Gradido\",\"url\":\"https:\\\/\\\/gradido.net\\\/de\\\/\",\"logo\":{\"@type\":\"ImageObject\",\"inLanguage\":\"nl-NL\",\"@id\":\"https:\\\/\\\/gradido.net\\\/de\\\/#\\\/schema\\\/logo\\\/image\\\/\",\"url\":\"https:\\\/\\\/gradido.net\\\/wp-content\\\/uploads\\\/2022\\\/04\\\/gradido-social.jpg\",\"contentUrl\":\"https:\\\/\\\/gradido.net\\\/wp-content\\\/uploads\\\/2022\\\/04\\\/gradido-social.jpg\",\"width\":527,\"height\":273,\"caption\":\"Gradido\"},\"image\":{\"@id\":\"https:\\\/\\\/gradido.net\\\/de\\\/#\\\/schema\\\/logo\\\/image\\\/\"}},{\"@type\":\"Person\",\"@id\":\"https:\\\/\\\/gradido.net\\\/de\\\/#\\\/schema\\\/person\\\/9c503a004ad15a1ddecadce2218db5d1\",\"name\":\"Bernd H\u00fcckst\u00e4dt\",\"sameAs\":[\"https:\\\/\\\/gradido.net\"],\"url\":\"https:\\\/\\\/gradido.net\\\/nl\\\/author\\\/bernd\\\/\"}]}<\/script>\n<!-- \/ Yoast SEO plugin. -->","yoast_head_json":{"title":"Favoriete Stad 3 - Een gezin, een project en een stad vol mogelijkheden - Gradido","description":"Met de Gradido dankpunten kunnen Kerstin en Jannik hun passies nastreven en hun kinderen aanmoedigen in hun interesses. Ze zijn dankbaar voor dit nieuwe perspectief dat hen in staat stelt om hun leven met vreugde en voldoening te leven.","robots":{"index":"index","follow":"follow","max-snippet":"max-snippet:-1","max-image-preview":"max-image-preview:large","max-video-preview":"max-video-preview:-1"},"canonical":"https:\/\/gradido.net\/nl\/lieblingsstadt-3-eine-familie-ein-projekt-und-eine-stadt-voller-moeglichkeiten\/","og_locale":"nl_NL","og_type":"article","og_title":"Lieblingsstadt 3 \u2013 Eine Familie, ein Projekt und eine Stadt voller M\u00f6glichkeiten - Gradido","og_description":"Mit den Gradido-Dankpunkten k\u00f6nnen Kerstin und Jannik ihren Leidenschaften nachgehen und ihre Kinder in ihren Interessen f\u00f6rdern. Sie sind dankbar f\u00fcr diese neue Perspektive, die es ihnen erm\u00f6glicht, ihr Leben mit Freude und Erf\u00fcllung zu gestalten.","og_url":"https:\/\/gradido.net\/nl\/lieblingsstadt-3-eine-familie-ein-projekt-und-eine-stadt-voller-moeglichkeiten\/","og_site_name":"Gradido","article_published_time":"2023-08-18T08:13:29+00:00","article_modified_time":"2026-04-23T05:14:52+00:00","og_image":[{"width":1920,"height":1200,"url":"https:\/\/gradido.net\/wp-content\/uploads\/2023\/08\/Familie_Frank_1920.jpg","type":"image\/jpeg"}],"author":"Bernd H\u00fcckst\u00e4dt","twitter_card":"summary_large_image","twitter_misc":{"Geschreven door":"Bernd H\u00fcckst\u00e4dt","Geschatte leestijd":"6 minuten"},"schema":{"@context":"https:\/\/schema.org","@graph":[{"@type":"Article","@id":"https:\/\/gradido.net\/lieblingsstadt-3-eine-familie-ein-projekt-und-eine-stadt-voller-moeglichkeiten\/#article","isPartOf":{"@id":"https:\/\/gradido.net\/lieblingsstadt-3-eine-familie-ein-projekt-und-eine-stadt-voller-moeglichkeiten\/"},"author":{"name":"Bernd H\u00fcckst\u00e4dt","@id":"https:\/\/gradido.net\/de\/#\/schema\/person\/9c503a004ad15a1ddecadce2218db5d1"},"headline":"Lieblingsstadt 3 \u2013 Eine Familie, ein Projekt und eine Stadt voller M\u00f6glichkeiten","datePublished":"2023-08-18T08:13:29+00:00","dateModified":"2026-04-23T05:14:52+00:00","mainEntityOfPage":{"@id":"https:\/\/gradido.net\/lieblingsstadt-3-eine-familie-ein-projekt-und-eine-stadt-voller-moeglichkeiten\/"},"wordCount":848,"publisher":{"@id":"https:\/\/gradido.net\/de\/#organization"},"image":{"@id":"https:\/\/gradido.net\/lieblingsstadt-3-eine-familie-ein-projekt-und-eine-stadt-voller-moeglichkeiten\/#primaryimage"},"thumbnailUrl":"https:\/\/gradido.net\/wp-content\/uploads\/2023\/08\/Familie_Frank_1920.jpg","articleSection":["Blog","Lieblingsstadt"],"inLanguage":"nl-NL"},{"@type":"WebPage","@id":"https:\/\/gradido.net\/lieblingsstadt-3-eine-familie-ein-projekt-und-eine-stadt-voller-moeglichkeiten\/","url":"https:\/\/gradido.net\/lieblingsstadt-3-eine-familie-ein-projekt-und-eine-stadt-voller-moeglichkeiten\/","name":"Favoriete Stad 3 - Een gezin, een project en een stad vol mogelijkheden - Gradido","isPartOf":{"@id":"https:\/\/gradido.net\/de\/#website"},"primaryImageOfPage":{"@id":"https:\/\/gradido.net\/lieblingsstadt-3-eine-familie-ein-projekt-und-eine-stadt-voller-moeglichkeiten\/#primaryimage"},"image":{"@id":"https:\/\/gradido.net\/lieblingsstadt-3-eine-familie-ein-projekt-und-eine-stadt-voller-moeglichkeiten\/#primaryimage"},"thumbnailUrl":"https:\/\/gradido.net\/wp-content\/uploads\/2023\/08\/Familie_Frank_1920.jpg","datePublished":"2023-08-18T08:13:29+00:00","dateModified":"2026-04-23T05:14:52+00:00","description":"Met de Gradido dankpunten kunnen Kerstin en Jannik hun passies nastreven en hun kinderen aanmoedigen in hun interesses. Ze zijn dankbaar voor dit nieuwe perspectief dat hen in staat stelt om hun leven met vreugde en voldoening te leven.","breadcrumb":{"@id":"https:\/\/gradido.net\/lieblingsstadt-3-eine-familie-ein-projekt-und-eine-stadt-voller-moeglichkeiten\/#breadcrumb"},"inLanguage":"nl-NL","potentialAction":[{"@type":"ReadAction","target":["https:\/\/gradido.net\/lieblingsstadt-3-eine-familie-ein-projekt-und-eine-stadt-voller-moeglichkeiten\/"]}]},{"@type":"ImageObject","inLanguage":"nl-NL","@id":"https:\/\/gradido.net\/lieblingsstadt-3-eine-familie-ein-projekt-und-eine-stadt-voller-moeglichkeiten\/#primaryimage","url":"https:\/\/gradido.net\/wp-content\/uploads\/2023\/08\/Familie_Frank_1920.jpg","contentUrl":"https:\/\/gradido.net\/wp-content\/uploads\/2023\/08\/Familie_Frank_1920.jpg","width":1920,"height":1200},{"@type":"BreadcrumbList","@id":"https:\/\/gradido.net\/lieblingsstadt-3-eine-familie-ein-projekt-und-eine-stadt-voller-moeglichkeiten\/#breadcrumb","itemListElement":[{"@type":"ListItem","position":1,"name":"Startseite","item":"https:\/\/gradido.net\/"},{"@type":"ListItem","position":2,"name":"Lieblingsstadt 3 \u2013 Eine Familie, ein Projekt und eine Stadt voller M\u00f6glichkeiten"}]},{"@type":"WebSite","@id":"https:\/\/gradido.net\/de\/#website","url":"https:\/\/gradido.net\/de\/","name":"Gradido","description":"De nieuwe munteenheid is dankbaarheid","publisher":{"@id":"https:\/\/gradido.net\/de\/#organization"},"potentialAction":[{"@type":"SearchAction","target":{"@type":"EntryPoint","urlTemplate":"https:\/\/gradido.net\/de\/?s={search_term_string}"},"query-input":{"@type":"PropertyValueSpecification","valueRequired":true,"valueName":"search_term_string"}}],"inLanguage":"nl-NL"},{"@type":"Organization","@id":"https:\/\/gradido.net\/de\/#organization","name":"Gradido","url":"https:\/\/gradido.net\/de\/","logo":{"@type":"ImageObject","inLanguage":"nl-NL","@id":"https:\/\/gradido.net\/de\/#\/schema\/logo\/image\/","url":"https:\/\/gradido.net\/wp-content\/uploads\/2022\/04\/gradido-social.jpg","contentUrl":"https:\/\/gradido.net\/wp-content\/uploads\/2022\/04\/gradido-social.jpg","width":527,"height":273,"caption":"Gradido"},"image":{"@id":"https:\/\/gradido.net\/de\/#\/schema\/logo\/image\/"}},{"@type":"Person","@id":"https:\/\/gradido.net\/de\/#\/schema\/person\/9c503a004ad15a1ddecadce2218db5d1","name":"Bernd H\u00fcckst\u00e4dt","sameAs":["https:\/\/gradido.net"],"url":"https:\/\/gradido.net\/nl\/author\/bernd\/"}]}},"_links":{"self":[{"href":"https:\/\/gradido.net\/nl\/wp-json\/wp\/v2\/posts\/7157","targetHints":{"allow":["GET"]}}],"collection":[{"href":"https:\/\/gradido.net\/nl\/wp-json\/wp\/v2\/posts"}],"about":[{"href":"https:\/\/gradido.net\/nl\/wp-json\/wp\/v2\/types\/post"}],"author":[{"embeddable":true,"href":"https:\/\/gradido.net\/nl\/wp-json\/wp\/v2\/users\/2"}],"replies":[{"embeddable":true,"href":"https:\/\/gradido.net\/nl\/wp-json\/wp\/v2\/comments?post=7157"}],"version-history":[{"count":55,"href":"https:\/\/gradido.net\/nl\/wp-json\/wp\/v2\/posts\/7157\/revisions"}],"predecessor-version":[{"id":13547,"href":"https:\/\/gradido.net\/nl\/wp-json\/wp\/v2\/posts\/7157\/revisions\/13547"}],"wp:featuredmedia":[{"embeddable":true,"href":"https:\/\/gradido.net\/nl\/wp-json\/wp\/v2\/media\/7158"}],"wp:attachment":[{"href":"https:\/\/gradido.net\/nl\/wp-json\/wp\/v2\/media?parent=7157"}],"wp:term":[{"taxonomy":"category","embeddable":true,"href":"https:\/\/gradido.net\/nl\/wp-json\/wp\/v2\/categories?post=7157"},{"taxonomy":"post_tag","embeddable":true,"href":"https:\/\/gradido.net\/nl\/wp-json\/wp\/v2\/tags?post=7157"}],"curies":[{"name":"wp","href":"https:\/\/api.w.org\/{rel}","templated":true}]}}