{"id":7227,"date":"2023-08-20T07:00:11","date_gmt":"2023-08-20T05:00:11","guid":{"rendered":"https:\/\/gradido.net\/?p=7227"},"modified":"2026-04-23T07:14:02","modified_gmt":"2026-04-23T05:14:02","slug":"lieblingsstadt-4-gradido-tage-in-der-pizzeria-ehrenamt-trifft-auf-gastronomie","status":"publish","type":"post","link":"https:\/\/gradido.net\/nl\/lieblingsstadt-4-gradido-tage-in-der-pizzeria-ehrenamt-trifft-auf-gastronomie\/","title":{"rendered":"Favoriete Stad 4 - Gradido Days at the Pizzeria: Vrijwilligerswerk ontmoet gastronomie"},"content":{"rendered":"<div data-elementor-type=\"wp-post\" data-elementor-id=\"7227\" class=\"elementor elementor-7227\" data-elementor-post-type=\"post\">\n\t\t\t\t\t\t<section class=\"elementor-section elementor-top-section elementor-element elementor-element-496e1d53 elementor-section-boxed elementor-section-height-default elementor-section-height-default\" data-id=\"496e1d53\" data-element_type=\"section\" data-e-type=\"section\">\n\t\t\t\t\t\t<div class=\"elementor-container elementor-column-gap-default\">\n\t\t\t\t\t<div class=\"elementor-column elementor-col-100 elementor-top-column elementor-element elementor-element-461d7be0\" data-id=\"461d7be0\" data-element_type=\"column\" data-e-type=\"column\">\n\t\t\t<div class=\"elementor-widget-wrap elementor-element-populated\">\n\t\t\t\t\t\t<div class=\"elementor-element elementor-element-cd9ebe2 elementor-widget elementor-widget-text-editor\" data-id=\"cd9ebe2\" data-element_type=\"widget\" data-e-type=\"widget\" data-widget_type=\"text-editor.default\">\n\t\t\t\t<div class=\"elementor-widget-container\">\n\t\t\t\t\t\t\t\t\t<p style=\"text-align: right;\"><em>\"We houden van onze stad en de mensen; en we willen dat iedereen het zich kan veroorloven om een paar uur te genieten van Italiaanse flair en mediterrane gerechten.\"<\/em><\/p><p>Beste lezer,<\/p><p>in de favoriete stad is de populaire Pizzeria Napoli, gerund door Giulia en Antonio. Als gepassioneerde restauranthouders hebben ze niet alleen een neus voor de heerlijke Italiaanse keuken, maar ook een hart voor mensen.<\/p>\t\t\t\t\t\t\t\t<\/div>\n\t\t\t\t<\/div>\n\t\t\t\t<div class=\"elementor-element elementor-element-b482206 elementor-widget elementor-widget-image\" data-id=\"b482206\" data-element_type=\"widget\" data-e-type=\"widget\" data-widget_type=\"image.default\">\n\t\t\t\t<div class=\"elementor-widget-container\">\n\t\t\t\t\t\t\t\t\t\t\t\t\t\t\t<img fetchpriority=\"high\" decoding=\"async\" width=\"500\" height=\"500\" src=\"https:\/\/gradido.net\/wp-content\/uploads\/2023\/08\/Giulia_Toni_500.jpg\" class=\"attachment-full size-full wp-image-7233\" alt=\"\" srcset=\"https:\/\/gradido.net\/wp-content\/uploads\/2023\/08\/Giulia_Toni_500.jpg 500w, https:\/\/gradido.net\/wp-content\/uploads\/2023\/08\/Giulia_Toni_500-300x300.jpg 300w, https:\/\/gradido.net\/wp-content\/uploads\/2023\/08\/Giulia_Toni_500-150x150.jpg 150w, https:\/\/gradido.net\/wp-content\/uploads\/2023\/08\/Giulia_Toni_500-12x12.jpg 12w\" sizes=\"(max-width: 500px) 100vw, 500px\" \/>\t\t\t\t\t\t\t\t\t\t\t\t\t\t\t<\/div>\n\t\t\t\t<\/div>\n\t\t\t\t<div class=\"elementor-element elementor-element-c5e61d4 elementor-widget elementor-widget-text-editor\" data-id=\"c5e61d4\" data-element_type=\"widget\" data-e-type=\"widget\" data-widget_type=\"text-editor.default\">\n\t\t\t\t<div class=\"elementor-widget-container\">\n\t\t\t\t\t\t\t\t\t<p>Maar de laatste tijd hangt er een deprimerende stemming in de lucht - niet iedereen kan zich de kleine luxe veroorloven om naar een restaurant te gaan. Vooral nu de grootste werkgever van de stad zijn deuren heeft moeten sluiten, heeft de werkloosheid veel hardwerkende inwoners van Lieblingsstadt getroffen.<\/p><p><br \/>Tijdens een bezoek van burgemeester Michael Miteinand leren Giulia en Antonio over zijn nieuwe project: De introductie van Common Good Thank Points volgens het Gradido-model in Lieblingsstadt. De naam \"Gradido\" zegt het al, want dit model is gebaseerd op de principes van Dankbaarheid, Waardigheid en Donatie.\u00a0<\/p><p><br \/>Elke vrijwilliger ontvangt 20 gradido's per uur vrijwilligerswerk en kan deze inwisselen voor kortingen en andere voordelen.<\/p><p><br \/>Bij het horen van dit idee herinnert Antonio zich een traditie uit zijn geboorteland Napels: de \"caff\u00e8 sospeso\". Deze traditie ontstond halverwege de 20e eeuw en is een daad van solidariteit waarbij iemand niet alleen zijn eigen koffie betaalt, maar ook een andere \"in voorraad\" koopt voor iemand in nood. Dit liefdevolle gebaar is sinds zijn ontstaan steeds populairder geworden en staat nu wereldwijd bekend als \"pay it forward\".<\/p>\t\t\t\t\t\t\t\t<\/div>\n\t\t\t\t<\/div>\n\t\t\t\t<div class=\"elementor-element elementor-element-e51c407 elementor-widget elementor-widget-image\" data-id=\"e51c407\" data-element_type=\"widget\" data-e-type=\"widget\" data-widget_type=\"image.default\">\n\t\t\t\t<div class=\"elementor-widget-container\">\n\t\t\t\t\t\t\t\t\t\t\t\t\t\t\t<img decoding=\"async\" src=\"https:\/\/gradido.net\/wp-content\/uploads\/elementor\/thumbs\/Cafe\u0301-Sospeso_800-qh4sa6qu9nadfnzp024c04onwjg978k2dpsj4pxpjc.png\" title=\"Caf\u00e9 Sospeso_800\" alt=\"Caf\u00e9 Sospeso_800\" loading=\"lazy\" \/>\t\t\t\t\t\t\t\t\t\t\t\t\t\t\t<\/div>\n\t\t\t\t<\/div>\n\t\t\t\t<div class=\"elementor-element elementor-element-06a4667 elementor-widget elementor-widget-text-editor\" data-id=\"06a4667\" data-element_type=\"widget\" data-e-type=\"widget\" data-widget_type=\"text-editor.default\">\n\t\t\t\t<div class=\"elementor-widget-container\">\n\t\t\t\t\t\t\t\t\t<p><span style=\"font-weight: 400;\">Karmacaf\u00e9s, ook bekend als pay-what-you-can caf\u00e9s, hebben een gelijkaardig concept en verspreiden zich over de hele wereld. Dit zijn plekken waar mensen kunnen betalen voor het eten en drinken dat ze zich kunnen veroorloven of wat ze gepast vinden.\u00a0<\/span><\/p><p><span style=\"font-weight: 400;\">Het idee achter een Karma Caf\u00e9 is om gemeenschap en verbondenheid te bevorderen en er tegelijkertijd voor te zorgen dat niemand honger lijdt door financi\u00eble beperkingen. Karma Caf\u00e9s kunnen een belangrijke bijdrage leveren aan de gemeenschap door een gevoel van solidariteit en medeleven te stimuleren.<\/span><\/p>\t\t\t\t\t\t\t\t<\/div>\n\t\t\t\t<\/div>\n\t\t\t\t<div class=\"elementor-element elementor-element-f223bb6 elementor-widget elementor-widget-image\" data-id=\"f223bb6\" data-element_type=\"widget\" data-e-type=\"widget\" data-widget_type=\"image.default\">\n\t\t\t\t<div class=\"elementor-widget-container\">\n\t\t\t\t\t\t\t\t\t\t\t\t\t\t\t<img decoding=\"async\" src=\"https:\/\/gradido.net\/wp-content\/uploads\/elementor\/thumbs\/gradido_willkommen-qh4sa6qt1shxtntyl595w1uav78mjhcchx7czbghi8.png\" title=\"gradido_welkom\" alt=\"gradido_welkom\" loading=\"lazy\" \/>\t\t\t\t\t\t\t\t\t\t\t\t\t\t\t<\/div>\n\t\t\t\t<\/div>\n\t\t\t\t<div class=\"elementor-element elementor-element-0499f3c elementor-widget elementor-widget-text-editor\" data-id=\"0499f3c\" data-element_type=\"widget\" data-e-type=\"widget\" data-widget_type=\"text-editor.default\">\n\t\t\t\t<div class=\"elementor-widget-container\">\n\t\t\t\t\t\t\t\t\t<p><strong>De samensmelting van deze concepten inspireert het koppel tot een groot initiatief:<\/strong><\/p><p>Ze besluiten twee Gradido-dagen per week te introduceren, waarop ze eten en drinken met Gradido-korting aanbieden. Gasten die het zich kunnen veroorloven, hebben ook de optie om meer te betalen. Op deze manier stellen ze minder welgestelde mensen in staat om volledig voor Gradido te eten.<\/p><p>Op deze manier hebben deze medemensen niet alleen het gevoel dat ze in nood zijn, maar kunnen ze door hun vrijwilligerswerk ook genieten van een luxe die ze anders misschien niet zouden hebben.<\/p><p>Op de twee vaste Gradido-dagen krijgen de obers hun welverdiende vrije dag. Dit brengt een groep jongeren op het idee om als vrijwilliger te helpen bij Gradidos.<\/p>\t\t\t\t\t\t\t\t<\/div>\n\t\t\t\t<\/div>\n\t\t\t\t<div class=\"elementor-element elementor-element-392458a elementor-widget elementor-widget-image\" data-id=\"392458a\" data-element_type=\"widget\" data-e-type=\"widget\" data-widget_type=\"image.default\">\n\t\t\t\t<div class=\"elementor-widget-container\">\n\t\t\t\t\t\t\t\t\t\t\t\t\t\t\t<img decoding=\"async\" width=\"500\" height=\"375\" src=\"https:\/\/gradido.net\/wp-content\/uploads\/2023\/08\/Freiwillige_Pizzabaecker_500.jpg\" class=\"attachment-full size-full wp-image-7239\" alt=\"\" srcset=\"https:\/\/gradido.net\/wp-content\/uploads\/2023\/08\/Freiwillige_Pizzabaecker_500.jpg 500w, https:\/\/gradido.net\/wp-content\/uploads\/2023\/08\/Freiwillige_Pizzabaecker_500-300x225.jpg 300w, https:\/\/gradido.net\/wp-content\/uploads\/2023\/08\/Freiwillige_Pizzabaecker_500-16x12.jpg 16w\" sizes=\"(max-width: 500px) 100vw, 500px\" \/>\t\t\t\t\t\t\t\t\t\t\t\t\t\t\t<\/div>\n\t\t\t\t<\/div>\n\t\t\t\t<div class=\"elementor-element elementor-element-8fcbf61 elementor-widget elementor-widget-text-editor\" data-id=\"8fcbf61\" data-element_type=\"widget\" data-e-type=\"widget\" data-widget_type=\"text-editor.default\">\n\t\t\t\t<div class=\"elementor-widget-container\">\n\t\t\t\t\t\t\t\t\t<p>De gemeenschap groeit naar elkaar toe. Solidariteit en cohesie verblijden nu elke dag de harten bij Pizzeria Napoli - en in heel Favourite City.<\/p><p><strong>En er kan nog een verbazingwekkend fenomeen worden waargenomen:\u00a0<\/strong><\/p><p>Sinds de introductie van Gradido Days is de pizzeria booming als nooit tevoren. Het zit er elke dag vol en er komen steeds meer gasten van verder weg die het \"Wonder van de Favoriete Stad\" willen ervaren. Degenen die het zich kunnen veroorloven betalen graag extra om een Gradido-maaltijd mogelijk te maken voor de financieel minder draagkrachtigen.\u00a0<\/p>\t\t\t\t\t\t\t\t<\/div>\n\t\t\t\t<\/div>\n\t\t\t\t<div class=\"elementor-element elementor-element-84f7bbd elementor-widget elementor-widget-image\" data-id=\"84f7bbd\" data-element_type=\"widget\" data-e-type=\"widget\" data-widget_type=\"image.default\">\n\t\t\t\t<div class=\"elementor-widget-container\">\n\t\t\t\t\t\t\t\t\t\t\t\t\t\t\t<img decoding=\"async\" width=\"500\" height=\"300\" src=\"https:\/\/gradido.net\/wp-content\/uploads\/2023\/08\/Erfolg_500.png\" class=\"attachment-full size-full wp-image-7243\" alt=\"\" srcset=\"https:\/\/gradido.net\/wp-content\/uploads\/2023\/08\/Erfolg_500.png 500w, https:\/\/gradido.net\/wp-content\/uploads\/2023\/08\/Erfolg_500-300x180.png 300w, https:\/\/gradido.net\/wp-content\/uploads\/2023\/08\/Erfolg_500-18x12.png 18w\" sizes=\"(max-width: 500px) 100vw, 500px\" \/>\t\t\t\t\t\t\t\t\t\t\t\t\t\t\t<\/div>\n\t\t\t\t<\/div>\n\t\t\t\t<div class=\"elementor-element elementor-element-abb92cd elementor-widget elementor-widget-text-editor\" data-id=\"abb92cd\" data-element_type=\"widget\" data-e-type=\"widget\" data-widget_type=\"text-editor.default\">\n\t\t\t\t<div class=\"elementor-widget-container\">\n\t\t\t\t\t\t\t\t\t<p><strong>Giulia en Toni boeken nu meer omzet en winst dan ooit tevoren.<\/strong><\/p>\t\t\t\t\t\t\t\t<\/div>\n\t\t\t\t<\/div>\n\t\t\t\t<div class=\"elementor-element elementor-element-e858257 elementor-widget-divider--view-line elementor-widget elementor-widget-divider\" data-id=\"e858257\" data-element_type=\"widget\" data-e-type=\"widget\" data-widget_type=\"divider.default\">\n\t\t\t\t<div class=\"elementor-widget-container\">\n\t\t\t\t\t\t\t<div class=\"elementor-divider\">\n\t\t\t<span class=\"elementor-divider-separator\">\n\t\t\t\t\t\t<\/span>\n\t\t<\/div>\n\t\t\t\t\t\t<\/div>\n\t\t\t\t<\/div>\n\t\t\t\t<div class=\"elementor-element elementor-element-d74dfa0 elementor-widget elementor-widget-text-editor\" data-id=\"d74dfa0\" data-element_type=\"widget\" data-e-type=\"widget\" data-widget_type=\"text-editor.default\">\n\t\t\t\t<div class=\"elementor-widget-container\">\n\t\t\t\t\t\t\t\t\t<div data-pm-slice=\"1 1 []\" data-en-clipboard=\"true\"><p>In dit vierde bericht van onze serie <strong>\"Gradido in favoriete stad\" <\/strong>zien we hoe Gradido niet alleen de levenskwaliteit van de bewoners kan verbeteren, maar ook het zakelijke succes van de plaatselijke handel aanzienlijk kan vergroten. Dit onderwerp zal ons vergezellen in de volgende artikelen, waarin zelfs bedrijven en het gemeentelijke ziekenhuis worden gespaard.<\/p><p><strong>Stuur deze serie gerust door naar je gemeenteraad, verenigingen en vakmensen!<\/strong><\/p><p>Als we nu niet gezamenlijk actie ondernemen, zal de neerwaartse trend zich voortzetten, zal de economie in het slop raken, zal de middenklasse worden ondermijnd en zullen veel gemeenten bezwijken onder de schuldenlast.\u00a0<\/p><p>Met Gradido hebben we een effectief middel in handen om positief leven en succes te ontwerpen. Samen transformeren we onze steden en gemeenschappen in bruisende, bloeiende oases - onze favoriete plekken!<\/p><p>Vriendelijke groeten<\/p><\/div><p>Met vriendelijke groet<\/p><p><img loading=\"lazy\" decoding=\"async\" class=\"alignnone wp-image-4614 size-medium\" src=\"https:\/\/gradido.net\/wp-content\/uploads\/2022\/06\/MargretBernd_2022-300x74.png\" alt=\"\" width=\"300\" height=\"74\" srcset=\"https:\/\/gradido.net\/wp-content\/uploads\/2022\/06\/MargretBernd_2022-300x74.png 300w, https:\/\/gradido.net\/wp-content\/uploads\/2022\/06\/MargretBernd_2022-18x4.png 18w, https:\/\/gradido.net\/wp-content\/uploads\/2022\/06\/MargretBernd_2022.png 431w\" sizes=\"(max-width: 300px) 100vw, 300px\" \/><\/p><p>Margret Baier en Bernd H\u00fcckst\u00e4dt<br \/>Gradido oprichter en ontwikkelaar<\/p>\t\t\t\t\t\t\t\t<\/div>\n\t\t\t\t<\/div>\n\t\t\t\t\t<\/div>\n\t\t<\/div>\n\t\t\t\t\t<\/div>\n\t\t<\/section>\n\t\t\t\t<section class=\"elementor-section elementor-top-section elementor-element elementor-element-262cce0 elementor-section-boxed elementor-section-height-default elementor-section-height-default\" data-id=\"262cce0\" data-element_type=\"section\" data-e-type=\"section\">\n\t\t\t\t\t\t<div class=\"elementor-container elementor-column-gap-default\">\n\t\t\t\t\t<div class=\"elementor-column elementor-col-100 elementor-top-column elementor-element elementor-element-252afa7\" data-id=\"252afa7\" data-element_type=\"column\" data-e-type=\"column\">\n\t\t\t<div class=\"elementor-widget-wrap elementor-element-populated\">\n\t\t\t\t\t\t<div class=\"elementor-element elementor-element-da4b51f elementor-position-inline-start white-links elementor-widget__width-initial elementor-view-default elementor-mobile-position-block-start elementor-widget elementor-widget-icon-box\" data-id=\"da4b51f\" data-element_type=\"widget\" data-e-type=\"widget\" data-no-translation=\"\" data-widget_type=\"icon-box.default\">\n\t\t\t\t<div class=\"elementor-widget-container\">\n\t\t\t\t\t<style>.elementor-element-da4b51f{display:none !important}<\/style>\t\t\t\t<\/div>\n\t\t\t\t<\/div>\n\t\t\t\t\t<\/div>\n\t\t<\/div>\n\t\t\t\t\t<\/div>\n\t\t<\/section>\n\t\t\t\t<section class=\"elementor-section elementor-top-section elementor-element elementor-element-14532fe elementor-section-boxed elementor-section-height-default elementor-section-height-default\" data-id=\"14532fe\" data-element_type=\"section\" data-e-type=\"section\">\n\t\t\t\t\t\t<div class=\"elementor-container elementor-column-gap-default\">\n\t\t\t\t\t<div class=\"elementor-column elementor-col-100 elementor-top-column elementor-element elementor-element-65d2298\" data-id=\"65d2298\" data-element_type=\"column\" data-e-type=\"column\">\n\t\t\t<div class=\"elementor-widget-wrap elementor-element-populated\">\n\t\t\t\t\t\t<div class=\"elementor-element elementor-element-13273c5 elementor-widget elementor-widget-global elementor-global-9341 elementor-widget-text-editor\" data-id=\"13273c5\" data-element_type=\"widget\" data-e-type=\"widget\" data-widget_type=\"text-editor.default\">\n\t\t\t\t<div class=\"elementor-widget-container\">\n\t\t\t\t\t\t\t\t\t<p><strong>PS:\u00a0<span style=\"color: #ff6600;\"><a style=\"color: #ff6600;\" href=\"https:\/\/gradido.net\/nl\/donations\/\">Omdat Gradido steeds belangrijker wordt, herhalen we onze dankbaarheidcampagne op 26 juni 2026:<\/a>\u00a0<\/span><span style=\"color: #0000ff;\"><a style=\"color: #0000ff;\" href=\"https:\/\/gradido.net\/nl\/donations\/\">Naast de meervoudige GradidoTransform voor jouw sponsorbijdrage, zullen we alle GDT account saldi verhogen met 26% op 26\/06\/2016. Sponsor nu en geniet van het veelvoud aan GDT!<\/a><\/span><\/strong><\/p>\t\t\t\t\t\t\t\t<\/div>\n\t\t\t\t<\/div>\n\t\t\t\t\t<\/div>\n\t\t<\/div>\n\t\t\t\t\t<\/div>\n\t\t<\/section>\n\t\t\t\t<\/div>","protected":false},"excerpt":{"rendered":"<p>Sinds de introductie van de Gradido Days is Pizzeria Napoli booming als nooit tevoren. Het zit elke dag vol en trekt steeds meer gasten van verder weg om het \"Wonder van de Favoriete Stad\" te ervaren. <\/p>","protected":false},"author":2,"featured_media":7228,"comment_status":"closed","ping_status":"closed","sticky":false,"template":"","format":"standard","meta":{"footnotes":""},"categories":[11,53],"tags":[],"class_list":["post-7227","post","type-post","status-publish","format-standard","has-post-thumbnail","hentry","category-blog","category-lieblingsstadt"],"yoast_head":"<!-- This site is optimized with the Yoast SEO plugin v27.5 - https:\/\/yoast.com\/product\/yoast-seo-wordpress\/ -->\n<title>Lieblingsstadt 4 \u2013 Gradido-Tage in der Pizzeria: Ehrenamt trifft auf Gastronomie - Gradido<\/title>\n<meta name=\"description\" content=\"Seit der Einf\u00fchrung der Gradido-Tage boomt die Pizzeria Napoli wie nie zuvor. Sie ist t\u00e4glich voll besucht und zieht immer mehr G\u00e4ste von weiter her an, die das \u201cWunder von Lieblingsstadt\u201d miterleben m\u00f6chten.\" \/>\n<meta name=\"robots\" content=\"index, follow, max-snippet:-1, max-image-preview:large, max-video-preview:-1\" \/>\n<link rel=\"canonical\" href=\"https:\/\/gradido.net\/nl\/lieblingsstadt-4-gradido-tage-in-der-pizzeria-ehrenamt-trifft-auf-gastronomie\/\" \/>\n<meta property=\"og:locale\" content=\"nl_NL\" \/>\n<meta property=\"og:type\" content=\"article\" \/>\n<meta property=\"og:title\" content=\"Lieblingsstadt 4 \u2013 Gradido-Tage in der Pizzeria: Ehrenamt trifft auf Gastronomie - Gradido\" \/>\n<meta property=\"og:description\" content=\"Seit der Einf\u00fchrung der Gradido-Tage boomt die Pizzeria Napoli wie nie zuvor. Sie ist t\u00e4glich voll besucht und zieht immer mehr G\u00e4ste von weiter her an, die das \u201cWunder von Lieblingsstadt\u201d miterleben m\u00f6chten.\" \/>\n<meta property=\"og:url\" content=\"https:\/\/gradido.net\/nl\/lieblingsstadt-4-gradido-tage-in-der-pizzeria-ehrenamt-trifft-auf-gastronomie\/\" \/>\n<meta property=\"og:site_name\" content=\"Gradido\" \/>\n<meta property=\"article:published_time\" content=\"2023-08-20T05:00:11+00:00\" \/>\n<meta property=\"article:modified_time\" content=\"2026-04-23T05:14:02+00:00\" \/>\n<meta property=\"og:image\" content=\"https:\/\/gradido.net\/wp-content\/uploads\/2023\/08\/Pizzeria_1920.jpg\" \/>\n\t<meta property=\"og:image:width\" content=\"1920\" \/>\n\t<meta property=\"og:image:height\" content=\"1080\" \/>\n\t<meta property=\"og:image:type\" content=\"image\/jpeg\" \/>\n<meta name=\"author\" content=\"Bernd H\u00fcckst\u00e4dt\" \/>\n<meta name=\"twitter:card\" content=\"summary_large_image\" \/>\n<meta name=\"twitter:label1\" content=\"Geschreven door\" \/>\n\t<meta name=\"twitter:data1\" content=\"Bernd H\u00fcckst\u00e4dt\" \/>\n\t<meta name=\"twitter:label2\" content=\"Geschatte leestijd\" \/>\n\t<meta name=\"twitter:data2\" content=\"6 minuten\" \/>\n<script type=\"application\/ld+json\" class=\"yoast-schema-graph\">{\"@context\":\"https:\\\/\\\/schema.org\",\"@graph\":[{\"@type\":\"Article\",\"@id\":\"https:\\\/\\\/gradido.net\\\/lieblingsstadt-4-gradido-tage-in-der-pizzeria-ehrenamt-trifft-auf-gastronomie\\\/#article\",\"isPartOf\":{\"@id\":\"https:\\\/\\\/gradido.net\\\/lieblingsstadt-4-gradido-tage-in-der-pizzeria-ehrenamt-trifft-auf-gastronomie\\\/\"},\"author\":{\"name\":\"Bernd H\u00fcckst\u00e4dt\",\"@id\":\"https:\\\/\\\/gradido.net\\\/de\\\/#\\\/schema\\\/person\\\/9c503a004ad15a1ddecadce2218db5d1\"},\"headline\":\"Lieblingsstadt 4 \u2013 Gradido-Tage in der Pizzeria: Ehrenamt trifft auf Gastronomie\",\"datePublished\":\"2023-08-20T05:00:11+00:00\",\"dateModified\":\"2026-04-23T05:14:02+00:00\",\"mainEntityOfPage\":{\"@id\":\"https:\\\/\\\/gradido.net\\\/lieblingsstadt-4-gradido-tage-in-der-pizzeria-ehrenamt-trifft-auf-gastronomie\\\/\"},\"wordCount\":795,\"publisher\":{\"@id\":\"https:\\\/\\\/gradido.net\\\/de\\\/#organization\"},\"image\":{\"@id\":\"https:\\\/\\\/gradido.net\\\/lieblingsstadt-4-gradido-tage-in-der-pizzeria-ehrenamt-trifft-auf-gastronomie\\\/#primaryimage\"},\"thumbnailUrl\":\"https:\\\/\\\/gradido.net\\\/wp-content\\\/uploads\\\/2023\\\/08\\\/Pizzeria_1920.jpg\",\"articleSection\":[\"Blog\",\"Lieblingsstadt\"],\"inLanguage\":\"nl-NL\"},{\"@type\":\"WebPage\",\"@id\":\"https:\\\/\\\/gradido.net\\\/lieblingsstadt-4-gradido-tage-in-der-pizzeria-ehrenamt-trifft-auf-gastronomie\\\/\",\"url\":\"https:\\\/\\\/gradido.net\\\/lieblingsstadt-4-gradido-tage-in-der-pizzeria-ehrenamt-trifft-auf-gastronomie\\\/\",\"name\":\"Lieblingsstadt 4 \u2013 Gradido-Tage in der Pizzeria: Ehrenamt trifft auf Gastronomie - Gradido\",\"isPartOf\":{\"@id\":\"https:\\\/\\\/gradido.net\\\/de\\\/#website\"},\"primaryImageOfPage\":{\"@id\":\"https:\\\/\\\/gradido.net\\\/lieblingsstadt-4-gradido-tage-in-der-pizzeria-ehrenamt-trifft-auf-gastronomie\\\/#primaryimage\"},\"image\":{\"@id\":\"https:\\\/\\\/gradido.net\\\/lieblingsstadt-4-gradido-tage-in-der-pizzeria-ehrenamt-trifft-auf-gastronomie\\\/#primaryimage\"},\"thumbnailUrl\":\"https:\\\/\\\/gradido.net\\\/wp-content\\\/uploads\\\/2023\\\/08\\\/Pizzeria_1920.jpg\",\"datePublished\":\"2023-08-20T05:00:11+00:00\",\"dateModified\":\"2026-04-23T05:14:02+00:00\",\"description\":\"Seit der Einf\u00fchrung der Gradido-Tage boomt die Pizzeria Napoli wie nie zuvor. Sie ist t\u00e4glich voll besucht und zieht immer mehr G\u00e4ste von weiter her an, die das \u201cWunder von Lieblingsstadt\u201d miterleben m\u00f6chten.\",\"breadcrumb\":{\"@id\":\"https:\\\/\\\/gradido.net\\\/lieblingsstadt-4-gradido-tage-in-der-pizzeria-ehrenamt-trifft-auf-gastronomie\\\/#breadcrumb\"},\"inLanguage\":\"nl-NL\",\"potentialAction\":[{\"@type\":\"ReadAction\",\"target\":[\"https:\\\/\\\/gradido.net\\\/lieblingsstadt-4-gradido-tage-in-der-pizzeria-ehrenamt-trifft-auf-gastronomie\\\/\"]}]},{\"@type\":\"ImageObject\",\"inLanguage\":\"nl-NL\",\"@id\":\"https:\\\/\\\/gradido.net\\\/lieblingsstadt-4-gradido-tage-in-der-pizzeria-ehrenamt-trifft-auf-gastronomie\\\/#primaryimage\",\"url\":\"https:\\\/\\\/gradido.net\\\/wp-content\\\/uploads\\\/2023\\\/08\\\/Pizzeria_1920.jpg\",\"contentUrl\":\"https:\\\/\\\/gradido.net\\\/wp-content\\\/uploads\\\/2023\\\/08\\\/Pizzeria_1920.jpg\",\"width\":1920,\"height\":1080},{\"@type\":\"BreadcrumbList\",\"@id\":\"https:\\\/\\\/gradido.net\\\/lieblingsstadt-4-gradido-tage-in-der-pizzeria-ehrenamt-trifft-auf-gastronomie\\\/#breadcrumb\",\"itemListElement\":[{\"@type\":\"ListItem\",\"position\":1,\"name\":\"Startseite\",\"item\":\"https:\\\/\\\/gradido.net\\\/\"},{\"@type\":\"ListItem\",\"position\":2,\"name\":\"Lieblingsstadt 4 \u2013 Gradido-Tage in der Pizzeria: Ehrenamt trifft auf Gastronomie\"}]},{\"@type\":\"WebSite\",\"@id\":\"https:\\\/\\\/gradido.net\\\/de\\\/#website\",\"url\":\"https:\\\/\\\/gradido.net\\\/de\\\/\",\"name\":\"Gradido\",\"description\":\"Die neue W\u00e4hrung hei\u00dft Dankbarkeit\",\"publisher\":{\"@id\":\"https:\\\/\\\/gradido.net\\\/de\\\/#organization\"},\"potentialAction\":[{\"@type\":\"SearchAction\",\"target\":{\"@type\":\"EntryPoint\",\"urlTemplate\":\"https:\\\/\\\/gradido.net\\\/de\\\/?s={search_term_string}\"},\"query-input\":{\"@type\":\"PropertyValueSpecification\",\"valueRequired\":true,\"valueName\":\"search_term_string\"}}],\"inLanguage\":\"nl-NL\"},{\"@type\":\"Organization\",\"@id\":\"https:\\\/\\\/gradido.net\\\/de\\\/#organization\",\"name\":\"Gradido\",\"url\":\"https:\\\/\\\/gradido.net\\\/de\\\/\",\"logo\":{\"@type\":\"ImageObject\",\"inLanguage\":\"nl-NL\",\"@id\":\"https:\\\/\\\/gradido.net\\\/de\\\/#\\\/schema\\\/logo\\\/image\\\/\",\"url\":\"https:\\\/\\\/gradido.net\\\/wp-content\\\/uploads\\\/2022\\\/04\\\/gradido-social.jpg\",\"contentUrl\":\"https:\\\/\\\/gradido.net\\\/wp-content\\\/uploads\\\/2022\\\/04\\\/gradido-social.jpg\",\"width\":527,\"height\":273,\"caption\":\"Gradido\"},\"image\":{\"@id\":\"https:\\\/\\\/gradido.net\\\/de\\\/#\\\/schema\\\/logo\\\/image\\\/\"}},{\"@type\":\"Person\",\"@id\":\"https:\\\/\\\/gradido.net\\\/de\\\/#\\\/schema\\\/person\\\/9c503a004ad15a1ddecadce2218db5d1\",\"name\":\"Bernd H\u00fcckst\u00e4dt\",\"sameAs\":[\"https:\\\/\\\/gradido.net\"],\"url\":\"https:\\\/\\\/gradido.net\\\/nl\\\/author\\\/bernd\\\/\"}]}<\/script>\n<!-- \/ Yoast SEO plugin. -->","yoast_head_json":{"title":"Favoriete Stad 4 - Gradido Dagen in de Pizzeria: Vrijwilligerswerk ontmoet gastronomie - Gradido","description":"Sinds de introductie van de Gradido Days is Pizzeria Napoli booming als nooit tevoren. Het zit elke dag vol en trekt steeds meer gasten van verder weg om het \"Wonder van de Favoriete Stad\" te ervaren.","robots":{"index":"index","follow":"follow","max-snippet":"max-snippet:-1","max-image-preview":"max-image-preview:large","max-video-preview":"max-video-preview:-1"},"canonical":"https:\/\/gradido.net\/nl\/lieblingsstadt-4-gradido-tage-in-der-pizzeria-ehrenamt-trifft-auf-gastronomie\/","og_locale":"nl_NL","og_type":"article","og_title":"Lieblingsstadt 4 \u2013 Gradido-Tage in der Pizzeria: Ehrenamt trifft auf Gastronomie - Gradido","og_description":"Seit der Einf\u00fchrung der Gradido-Tage boomt die Pizzeria Napoli wie nie zuvor. Sie ist t\u00e4glich voll besucht und zieht immer mehr G\u00e4ste von weiter her an, die das \u201cWunder von Lieblingsstadt\u201d miterleben m\u00f6chten.","og_url":"https:\/\/gradido.net\/nl\/lieblingsstadt-4-gradido-tage-in-der-pizzeria-ehrenamt-trifft-auf-gastronomie\/","og_site_name":"Gradido","article_published_time":"2023-08-20T05:00:11+00:00","article_modified_time":"2026-04-23T05:14:02+00:00","og_image":[{"width":1920,"height":1080,"url":"https:\/\/gradido.net\/wp-content\/uploads\/2023\/08\/Pizzeria_1920.jpg","type":"image\/jpeg"}],"author":"Bernd H\u00fcckst\u00e4dt","twitter_card":"summary_large_image","twitter_misc":{"Geschreven door":"Bernd H\u00fcckst\u00e4dt","Geschatte leestijd":"6 minuten"},"schema":{"@context":"https:\/\/schema.org","@graph":[{"@type":"Article","@id":"https:\/\/gradido.net\/lieblingsstadt-4-gradido-tage-in-der-pizzeria-ehrenamt-trifft-auf-gastronomie\/#article","isPartOf":{"@id":"https:\/\/gradido.net\/lieblingsstadt-4-gradido-tage-in-der-pizzeria-ehrenamt-trifft-auf-gastronomie\/"},"author":{"name":"Bernd H\u00fcckst\u00e4dt","@id":"https:\/\/gradido.net\/de\/#\/schema\/person\/9c503a004ad15a1ddecadce2218db5d1"},"headline":"Lieblingsstadt 4 \u2013 Gradido-Tage in der Pizzeria: Ehrenamt trifft auf Gastronomie","datePublished":"2023-08-20T05:00:11+00:00","dateModified":"2026-04-23T05:14:02+00:00","mainEntityOfPage":{"@id":"https:\/\/gradido.net\/lieblingsstadt-4-gradido-tage-in-der-pizzeria-ehrenamt-trifft-auf-gastronomie\/"},"wordCount":795,"publisher":{"@id":"https:\/\/gradido.net\/de\/#organization"},"image":{"@id":"https:\/\/gradido.net\/lieblingsstadt-4-gradido-tage-in-der-pizzeria-ehrenamt-trifft-auf-gastronomie\/#primaryimage"},"thumbnailUrl":"https:\/\/gradido.net\/wp-content\/uploads\/2023\/08\/Pizzeria_1920.jpg","articleSection":["Blog","Lieblingsstadt"],"inLanguage":"nl-NL"},{"@type":"WebPage","@id":"https:\/\/gradido.net\/lieblingsstadt-4-gradido-tage-in-der-pizzeria-ehrenamt-trifft-auf-gastronomie\/","url":"https:\/\/gradido.net\/lieblingsstadt-4-gradido-tage-in-der-pizzeria-ehrenamt-trifft-auf-gastronomie\/","name":"Favoriete Stad 4 - Gradido Dagen in de Pizzeria: Vrijwilligerswerk ontmoet gastronomie - Gradido","isPartOf":{"@id":"https:\/\/gradido.net\/de\/#website"},"primaryImageOfPage":{"@id":"https:\/\/gradido.net\/lieblingsstadt-4-gradido-tage-in-der-pizzeria-ehrenamt-trifft-auf-gastronomie\/#primaryimage"},"image":{"@id":"https:\/\/gradido.net\/lieblingsstadt-4-gradido-tage-in-der-pizzeria-ehrenamt-trifft-auf-gastronomie\/#primaryimage"},"thumbnailUrl":"https:\/\/gradido.net\/wp-content\/uploads\/2023\/08\/Pizzeria_1920.jpg","datePublished":"2023-08-20T05:00:11+00:00","dateModified":"2026-04-23T05:14:02+00:00","description":"Sinds de introductie van de Gradido Days is Pizzeria Napoli booming als nooit tevoren. Het zit elke dag vol en trekt steeds meer gasten van verder weg om het \"Wonder van de Favoriete Stad\" te ervaren.","breadcrumb":{"@id":"https:\/\/gradido.net\/lieblingsstadt-4-gradido-tage-in-der-pizzeria-ehrenamt-trifft-auf-gastronomie\/#breadcrumb"},"inLanguage":"nl-NL","potentialAction":[{"@type":"ReadAction","target":["https:\/\/gradido.net\/lieblingsstadt-4-gradido-tage-in-der-pizzeria-ehrenamt-trifft-auf-gastronomie\/"]}]},{"@type":"ImageObject","inLanguage":"nl-NL","@id":"https:\/\/gradido.net\/lieblingsstadt-4-gradido-tage-in-der-pizzeria-ehrenamt-trifft-auf-gastronomie\/#primaryimage","url":"https:\/\/gradido.net\/wp-content\/uploads\/2023\/08\/Pizzeria_1920.jpg","contentUrl":"https:\/\/gradido.net\/wp-content\/uploads\/2023\/08\/Pizzeria_1920.jpg","width":1920,"height":1080},{"@type":"BreadcrumbList","@id":"https:\/\/gradido.net\/lieblingsstadt-4-gradido-tage-in-der-pizzeria-ehrenamt-trifft-auf-gastronomie\/#breadcrumb","itemListElement":[{"@type":"ListItem","position":1,"name":"Startseite","item":"https:\/\/gradido.net\/"},{"@type":"ListItem","position":2,"name":"Lieblingsstadt 4 \u2013 Gradido-Tage in der Pizzeria: Ehrenamt trifft auf Gastronomie"}]},{"@type":"WebSite","@id":"https:\/\/gradido.net\/de\/#website","url":"https:\/\/gradido.net\/de\/","name":"Gradido","description":"De nieuwe munteenheid is dankbaarheid","publisher":{"@id":"https:\/\/gradido.net\/de\/#organization"},"potentialAction":[{"@type":"SearchAction","target":{"@type":"EntryPoint","urlTemplate":"https:\/\/gradido.net\/de\/?s={search_term_string}"},"query-input":{"@type":"PropertyValueSpecification","valueRequired":true,"valueName":"search_term_string"}}],"inLanguage":"nl-NL"},{"@type":"Organization","@id":"https:\/\/gradido.net\/de\/#organization","name":"Gradido","url":"https:\/\/gradido.net\/de\/","logo":{"@type":"ImageObject","inLanguage":"nl-NL","@id":"https:\/\/gradido.net\/de\/#\/schema\/logo\/image\/","url":"https:\/\/gradido.net\/wp-content\/uploads\/2022\/04\/gradido-social.jpg","contentUrl":"https:\/\/gradido.net\/wp-content\/uploads\/2022\/04\/gradido-social.jpg","width":527,"height":273,"caption":"Gradido"},"image":{"@id":"https:\/\/gradido.net\/de\/#\/schema\/logo\/image\/"}},{"@type":"Person","@id":"https:\/\/gradido.net\/de\/#\/schema\/person\/9c503a004ad15a1ddecadce2218db5d1","name":"Bernd H\u00fcckst\u00e4dt","sameAs":["https:\/\/gradido.net"],"url":"https:\/\/gradido.net\/nl\/author\/bernd\/"}]}},"_links":{"self":[{"href":"https:\/\/gradido.net\/nl\/wp-json\/wp\/v2\/posts\/7227","targetHints":{"allow":["GET"]}}],"collection":[{"href":"https:\/\/gradido.net\/nl\/wp-json\/wp\/v2\/posts"}],"about":[{"href":"https:\/\/gradido.net\/nl\/wp-json\/wp\/v2\/types\/post"}],"author":[{"embeddable":true,"href":"https:\/\/gradido.net\/nl\/wp-json\/wp\/v2\/users\/2"}],"replies":[{"embeddable":true,"href":"https:\/\/gradido.net\/nl\/wp-json\/wp\/v2\/comments?post=7227"}],"version-history":[{"count":53,"href":"https:\/\/gradido.net\/nl\/wp-json\/wp\/v2\/posts\/7227\/revisions"}],"predecessor-version":[{"id":13546,"href":"https:\/\/gradido.net\/nl\/wp-json\/wp\/v2\/posts\/7227\/revisions\/13546"}],"wp:featuredmedia":[{"embeddable":true,"href":"https:\/\/gradido.net\/nl\/wp-json\/wp\/v2\/media\/7228"}],"wp:attachment":[{"href":"https:\/\/gradido.net\/nl\/wp-json\/wp\/v2\/media?parent=7227"}],"wp:term":[{"taxonomy":"category","embeddable":true,"href":"https:\/\/gradido.net\/nl\/wp-json\/wp\/v2\/categories?post=7227"},{"taxonomy":"post_tag","embeddable":true,"href":"https:\/\/gradido.net\/nl\/wp-json\/wp\/v2\/tags?post=7227"}],"curies":[{"name":"wp","href":"https:\/\/api.w.org\/{rel}","templated":true}]}}