{"id":7693,"date":"2023-09-25T06:55:22","date_gmt":"2023-09-25T04:55:22","guid":{"rendered":"https:\/\/gradido.net\/?p=7693"},"modified":"2026-04-23T07:06:15","modified_gmt":"2026-04-23T05:06:15","slug":"lieblingsstadt-13-mit-freunden-unterwegs-der-ehrenamtliche-fahrdienst-lieblingsstaedter-kutscher","status":"publish","type":"post","link":"https:\/\/gradido.net\/nl\/lieblingsstadt-13-mit-freunden-unterwegs-der-ehrenamtliche-fahrdienst-lieblingsstaedter-kutscher\/","title":{"rendered":"Favoriete stad 13 - Onderweg met vrienden: de vrijwillige chauffeursdienst 'Lieblingsst\u00e4dter Kutscher' (Favoriete Stadskoetsiers)"},"content":{"rendered":"<div data-elementor-type=\"wp-post\" data-elementor-id=\"7693\" class=\"elementor elementor-7693\" data-elementor-post-type=\"post\">\n\t\t\t\t\t\t<section class=\"elementor-section elementor-top-section elementor-element elementor-element-496e1d53 elementor-section-boxed elementor-section-height-default elementor-section-height-default\" data-id=\"496e1d53\" data-element_type=\"section\" data-e-type=\"section\">\n\t\t\t\t\t\t<div class=\"elementor-container elementor-column-gap-default\">\n\t\t\t\t\t<div class=\"elementor-column elementor-col-100 elementor-top-column elementor-element elementor-element-461d7be0\" data-id=\"461d7be0\" data-element_type=\"column\" data-e-type=\"column\">\n\t\t\t<div class=\"elementor-widget-wrap elementor-element-populated\">\n\t\t\t\t\t\t<div class=\"elementor-element elementor-element-cd9ebe2 elementor-widget elementor-widget-text-editor\" data-id=\"cd9ebe2\" data-element_type=\"widget\" data-e-type=\"widget\" data-widget_type=\"text-editor.default\">\n\t\t\t\t<div class=\"elementor-widget-container\">\n\t\t\t\t\t\t\t\t\t<p style=\"text-align: right;\"><em>\"Wat internationale chauffeursdiensten doen, kunnen wij beter - regionaal, vrijwillig en met plezier!\"<\/em><\/p><p>Beste lezer,<\/p><p>In het idyllische stadje Lieblingsstadt hebben de inwoners een gemeenschappelijk doel: een groene stad met weinig verkeer. Ze dromen van stadstuinen en ruime groene zones in plaats van parkeergarages. Maar er is een probleem...<\/p><p>Het openbaar vervoer rijdt zelden en bestrijkt lang niet alle delen van de stad. Vooral buitenwijken en omliggende dorpen worden slecht bediend. Veel burgers kunnen zich geen eigen auto veroorloven of willen er om milieuredenen geen bezitten. Bovendien zijn er bewust weinig parkeerplaatsen in het stadscentrum.<\/p><p>Maar hoe moeten mensen naar de stad komen? Een nieuwe uitdaging voor burgemeester Michael Miteinand en zijn toegewijde team!\u00a0<\/p><h3>Vrijwillig rijden<\/h3><p>Ge\u00efnspireerd door hun grote successen met de andere Gradido projecten, vinden ze al snel de oplossing:<\/p><p>Samen met de burgers ontwikkelen ze de vrijwillige rijservice <strong>Favoriete stadskoetsier<\/strong>Vrijwilligers stellen hun auto ter beschikking en rijden mensen rond in de stad en de omliggende dorpen. Ze brengen ouderen naar de dokter, halen kinderen van school en brengen werkende mensen veilig naar hun werk. Ze organiseren boodschappendiensten en nog veel meer. Alles wordt geco\u00f6rdineerd door vrijwilligers in het burgerloket. Op dit moment gaat het nog via de telefoon en chat, maar in de toekomst komt er een '<strong>Koetsier App'.<\/strong> geven.<\/p>\t\t\t\t\t\t\t\t<\/div>\n\t\t\t\t<\/div>\n\t\t\t\t<div class=\"elementor-element elementor-element-b482206 elementor-widget elementor-widget-image\" data-id=\"b482206\" data-element_type=\"widget\" data-e-type=\"widget\" data-widget_type=\"image.default\">\n\t\t\t\t<div class=\"elementor-widget-container\">\n\t\t\t\t\t\t\t\t\t\t\t\t\t\t\t<img fetchpriority=\"high\" decoding=\"async\" width=\"500\" height=\"312\" src=\"https:\/\/gradido.net\/wp-content\/uploads\/2023\/09\/Fahrgemeinschaft_500.jpg\" class=\"attachment-full size-full wp-image-7699\" alt=\"\" srcset=\"https:\/\/gradido.net\/wp-content\/uploads\/2023\/09\/Fahrgemeinschaft_500.jpg 500w, https:\/\/gradido.net\/wp-content\/uploads\/2023\/09\/Fahrgemeinschaft_500-300x187.jpg 300w, https:\/\/gradido.net\/wp-content\/uploads\/2023\/09\/Fahrgemeinschaft_500-18x12.jpg 18w\" sizes=\"(max-width: 500px) 100vw, 500px\" \/>\t\t\t\t\t\t\t\t\t\t\t\t\t\t\t<\/div>\n\t\t\t\t<\/div>\n\t\t\t\t<div class=\"elementor-element elementor-element-c5e61d4 elementor-widget elementor-widget-text-editor\" data-id=\"c5e61d4\" data-element_type=\"widget\" data-e-type=\"widget\" data-widget_type=\"text-editor.default\">\n\t\t\t\t<div class=\"elementor-widget-container\">\n\t\t\t\t\t\t\t\t\t<p>De routes zijn zo ontworpen dat zoveel mogelijk passagiers samen worden vervoerd. Op deze manier komen mensen met elkaar in contact en wordt de chauffeursdienst een symbool van gemeenschapszin en milieubewustzijn.\u00a0<\/p><h3>Gradido' beloningssysteem<\/h3><p>Een speciaal kenmerk van alle Lieblingsst\u00e4dter vrijwilligersprojecten is de integratie van het Gradido beloningssysteem. De ritten worden niet in euro's betaald, maar met Gradido's beloond. Dat wil zeggen, niet helemaal: voor brandstof en onderhoud van zijn voertuig neemt de koetsier ook graag donaties in euro's aan. Elke passagier geeft wat hij kan en wil - sommigen meer, anderen minder. Op deze manier dekken de koetsiers niet alleen hun kosten, maar houden ze ook iets over aan het eind van de maand.\u00a0<\/p><p>De Gradido's krijgen allerlei voordelen - van royale Gradido kortingen in winkels en burenhulp tot heerlijk eten en drinken in het GradidoCaf\u00e9 en de samenwerkende restaurants.<\/p><h3>Zoveel voordelen - een compleet succes!<\/h3><p>Mensen in Lieblingsstadt helpen elkaar en verminderen tegelijkertijd het verkeer in de stad. De straten worden stiller en de lucht schoner. Groene ruimtes worden behouden of nieuw gecre\u00eberd door parkeerplaatsen te besparen.<\/p><p>De rijservice \"favoriete stadscoach\" wordt een succes en inspireert andere steden om soortgelijke projecten op te starten. Burgemeester Michael Miteinand en zijn team zijn trots op hun stad, haar inwoners en het ingenieuze concept van Gradido dat hen hielp de droom van een groene stad te realiseren.<\/p>\t\t\t\t\t\t\t\t<\/div>\n\t\t\t\t<\/div>\n\t\t\t\t<div class=\"elementor-element elementor-element-e858257 elementor-widget-divider--view-line elementor-widget elementor-widget-divider\" data-id=\"e858257\" data-element_type=\"widget\" data-e-type=\"widget\" data-widget_type=\"divider.default\">\n\t\t\t\t<div class=\"elementor-widget-container\">\n\t\t\t\t\t\t\t<div class=\"elementor-divider\">\n\t\t\t<span class=\"elementor-divider-separator\">\n\t\t\t\t\t\t<\/span>\n\t\t<\/div>\n\t\t\t\t\t\t<\/div>\n\t\t\t\t<\/div>\n\t\t\t\t<div class=\"elementor-element elementor-element-d74dfa0 elementor-widget elementor-widget-text-editor\" data-id=\"d74dfa0\" data-element_type=\"widget\" data-e-type=\"widget\" data-widget_type=\"text-editor.default\">\n\t\t\t\t<div class=\"elementor-widget-container\">\n\t\t\t\t\t\t\t\t\t<div data-pm-slice=\"1 1 []\" data-en-clipboard=\"true\"><p>De <strong>Geweldige samenwerking<\/strong> breidt zich uit naar steeds meer gebieden. In de 13e aflevering van de populaire serie <strong>\"Gradido in favoriete stad\" <\/strong>favoriete stad ontwikkelt zijn vrijwillige versie van de mobiliteitsomslag. Zoals altijd is samenwerking vele malen beter dan concurrentie. Vrijwilligerswerk - de pijler van onze samenleving - is grotendeels gebaseerd op samenwerking. Met behulp van het vrijwilligersbeloningssysteem 'Gradido' wordt vrijwilligerswerk beloond met 20 Gradido per uur.<\/p><p>Voor de Gradidos zijn er verschillende voordelen en kortingen die kunnen worden ingewisseld bij lokale bedrijven. Daarnaast is er een levendige uitwisseling tussen de burgers. Dit verlaagt de kosten voor alle betrokkenen en grote projecten worden haalbaar. Een win-win-win situatie voor iedereen!<\/p><p><strong>Stuur deze serie gerust door naar je gemeenteraad, verenigingen en vakmensen!<\/strong><\/p><p>Als we nu niets doen, zal de <strong>Neerwaartse spiraal<\/strong> weg. We worden steeds afhankelijker van buitenlandse bedrijven en onze binnenlandse economie gaat kapot.<\/p><p>Met Gradido en de Grote Samenwerking genereren we <strong>Opwaartse spiralen<\/strong> om de toekomst op een positieve en duurzame manier vorm te geven. Samen veranderen we onze steden en dorpen in bruisende, bloeiende oases - onze favoriete plekken!<\/p><p>Vriendelijke groeten<\/p><\/div><p>Met vriendelijke groet<\/p><p><img decoding=\"async\" class=\"alignnone wp-image-4614 size-medium\" src=\"https:\/\/gradido.net\/wp-content\/uploads\/2022\/06\/MargretBernd_2022-300x74.png\" alt=\"\" width=\"300\" height=\"74\" srcset=\"https:\/\/gradido.net\/wp-content\/uploads\/2022\/06\/MargretBernd_2022-300x74.png 300w, https:\/\/gradido.net\/wp-content\/uploads\/2022\/06\/MargretBernd_2022-18x4.png 18w, https:\/\/gradido.net\/wp-content\/uploads\/2022\/06\/MargretBernd_2022.png 431w\" sizes=\"(max-width: 300px) 100vw, 300px\" \/><\/p><p>Margret Baier en Bernd H\u00fcckst\u00e4dt<br \/>Gradido oprichter en ontwikkelaar<\/p>\t\t\t\t\t\t\t\t<\/div>\n\t\t\t\t<\/div>\n\t\t\t\t\t<\/div>\n\t\t<\/div>\n\t\t\t\t\t<\/div>\n\t\t<\/section>\n\t\t\t\t<section class=\"elementor-section elementor-top-section elementor-element elementor-element-41e30ef elementor-section-boxed elementor-section-height-default elementor-section-height-default\" data-id=\"41e30ef\" data-element_type=\"section\" data-e-type=\"section\">\n\t\t\t\t\t\t<div class=\"elementor-container elementor-column-gap-default\">\n\t\t\t\t\t<div class=\"elementor-column elementor-col-100 elementor-top-column elementor-element elementor-element-35217b3\" data-id=\"35217b3\" data-element_type=\"column\" data-e-type=\"column\">\n\t\t\t<div class=\"elementor-widget-wrap elementor-element-populated\">\n\t\t\t\t\t\t<div class=\"elementor-element elementor-element-14656db elementor-position-inline-start white-links elementor-widget__width-initial elementor-view-default elementor-mobile-position-block-start elementor-widget elementor-widget-icon-box\" data-id=\"14656db\" data-element_type=\"widget\" data-e-type=\"widget\" data-no-translation=\"\" data-widget_type=\"icon-box.default\">\n\t\t\t\t<div class=\"elementor-widget-container\">\n\t\t\t\t\t<style>.elementor-element-14656db{display:none !important}<\/style>\t\t\t\t<\/div>\n\t\t\t\t<\/div>\n\t\t\t\t\t<\/div>\n\t\t<\/div>\n\t\t\t\t\t<\/div>\n\t\t<\/section>\n\t\t\t\t<section class=\"elementor-section elementor-top-section elementor-element elementor-element-14532fe elementor-section-boxed elementor-section-height-default elementor-section-height-default\" data-id=\"14532fe\" data-element_type=\"section\" data-e-type=\"section\">\n\t\t\t\t\t\t<div class=\"elementor-container elementor-column-gap-default\">\n\t\t\t\t\t<div class=\"elementor-column elementor-col-100 elementor-top-column elementor-element elementor-element-65d2298\" data-id=\"65d2298\" data-element_type=\"column\" data-e-type=\"column\">\n\t\t\t<div class=\"elementor-widget-wrap elementor-element-populated\">\n\t\t\t\t\t\t<div class=\"elementor-element elementor-element-d316072 elementor-widget elementor-widget-global elementor-global-9341 elementor-widget-text-editor\" data-id=\"d316072\" data-element_type=\"widget\" data-e-type=\"widget\" data-widget_type=\"text-editor.default\">\n\t\t\t\t<div class=\"elementor-widget-container\">\n\t\t\t\t\t\t\t\t\t<p><strong>PS:\u00a0<span style=\"color: #ff6600;\"><a style=\"color: #ff6600;\" href=\"https:\/\/gradido.net\/nl\/donations\/\">Omdat Gradido steeds belangrijker wordt, herhalen we onze dankbaarheidcampagne op 26 juni 2026:<\/a>\u00a0<\/span><span style=\"color: #0000ff;\"><a style=\"color: #0000ff;\" href=\"https:\/\/gradido.net\/nl\/donations\/\">Naast de meervoudige GradidoTransform voor jouw sponsorbijdrage, zullen we alle GDT account saldi verhogen met 26% op 26\/06\/2016. Sponsor nu en geniet van het veelvoud aan GDT!<\/a><\/span><\/strong><\/p>\t\t\t\t\t\t\t\t<\/div>\n\t\t\t\t<\/div>\n\t\t\t\t\t<\/div>\n\t\t<\/div>\n\t\t\t\t\t<\/div>\n\t\t<\/section>\n\t\t\t\t<\/div>","protected":false},"excerpt":{"rendered":"<p>Vrijwilligers rijden mensen rond in de stad en de omliggende dorpen. Ze brengen ouderen naar de dokter, halen kinderen van school en brengen werkende mensen veilig naar hun werk. Ze organiseren boodschappendiensten en nog veel meer.<\/p>","protected":false},"author":2,"featured_media":7694,"comment_status":"closed","ping_status":"closed","sticky":false,"template":"","format":"standard","meta":{"footnotes":""},"categories":[11,53],"tags":[],"class_list":["post-7693","post","type-post","status-publish","format-standard","has-post-thumbnail","hentry","category-blog","category-lieblingsstadt"],"yoast_head":"<!-- This site is optimized with the Yoast SEO plugin v27.5 - https:\/\/yoast.com\/product\/yoast-seo-wordpress\/ -->\n<title>Lieblingsstadt 13 \u2013 Mit Freu(n)den unterwegs: Der Ehrenamtliche Fahrdienst \u201aLieblingsst\u00e4dter Kutscher\u2018 - Gradido<\/title>\n<meta name=\"description\" content=\"Freiwillige Helfer fahren Menschen durch die Stadt und die umliegenden D\u00f6rfer. Sie fahren \u00e4ltere Menschen zum Arzt, holen Kinder von der Schule ab und bringen Berufst\u00e4tige sicher zur Arbeit. Sie organisieren Einkaufsdienste und vieles mehr.\" \/>\n<meta name=\"robots\" content=\"index, follow, max-snippet:-1, max-image-preview:large, max-video-preview:-1\" \/>\n<link rel=\"canonical\" href=\"https:\/\/gradido.net\/nl\/lieblingsstadt-13-mit-freunden-unterwegs-der-ehrenamtliche-fahrdienst-lieblingsstaedter-kutscher\/\" \/>\n<meta property=\"og:locale\" content=\"nl_NL\" \/>\n<meta property=\"og:type\" content=\"article\" \/>\n<meta property=\"og:title\" content=\"Lieblingsstadt 13 \u2013 Mit Freu(n)den unterwegs: Der Ehrenamtliche Fahrdienst \u201aLieblingsst\u00e4dter Kutscher\u2018 - Gradido\" \/>\n<meta property=\"og:description\" content=\"Freiwillige Helfer fahren Menschen durch die Stadt und die umliegenden D\u00f6rfer. Sie fahren \u00e4ltere Menschen zum Arzt, holen Kinder von der Schule ab und bringen Berufst\u00e4tige sicher zur Arbeit. Sie organisieren Einkaufsdienste und vieles mehr.\" \/>\n<meta property=\"og:url\" content=\"https:\/\/gradido.net\/nl\/lieblingsstadt-13-mit-freunden-unterwegs-der-ehrenamtliche-fahrdienst-lieblingsstaedter-kutscher\/\" \/>\n<meta property=\"og:site_name\" content=\"Gradido\" \/>\n<meta property=\"article:published_time\" content=\"2023-09-25T04:55:22+00:00\" \/>\n<meta property=\"article:modified_time\" content=\"2026-04-23T05:06:15+00:00\" \/>\n<meta property=\"og:image\" content=\"https:\/\/gradido.net\/wp-content\/uploads\/2023\/09\/Kutscherin_1800.jpg\" \/>\n\t<meta property=\"og:image:width\" content=\"1800\" \/>\n\t<meta property=\"og:image:height\" content=\"1200\" \/>\n\t<meta property=\"og:image:type\" content=\"image\/jpeg\" \/>\n<meta name=\"author\" content=\"Bernd H\u00fcckst\u00e4dt\" \/>\n<meta name=\"twitter:card\" content=\"summary_large_image\" \/>\n<meta name=\"twitter:label1\" content=\"Geschreven door\" \/>\n\t<meta name=\"twitter:data1\" content=\"Bernd H\u00fcckst\u00e4dt\" \/>\n\t<meta name=\"twitter:label2\" content=\"Geschatte leestijd\" \/>\n\t<meta name=\"twitter:data2\" content=\"5 minuten\" \/>\n<script type=\"application\/ld+json\" class=\"yoast-schema-graph\">{\"@context\":\"https:\\\/\\\/schema.org\",\"@graph\":[{\"@type\":\"Article\",\"@id\":\"https:\\\/\\\/gradido.net\\\/lieblingsstadt-13-mit-freunden-unterwegs-der-ehrenamtliche-fahrdienst-lieblingsstaedter-kutscher\\\/#article\",\"isPartOf\":{\"@id\":\"https:\\\/\\\/gradido.net\\\/lieblingsstadt-13-mit-freunden-unterwegs-der-ehrenamtliche-fahrdienst-lieblingsstaedter-kutscher\\\/\"},\"author\":{\"name\":\"Bernd H\u00fcckst\u00e4dt\",\"@id\":\"https:\\\/\\\/gradido.net\\\/de\\\/#\\\/schema\\\/person\\\/9c503a004ad15a1ddecadce2218db5d1\"},\"headline\":\"Lieblingsstadt 13 \u2013 Mit Freu(n)den unterwegs: Der Ehrenamtliche Fahrdienst \u201aLieblingsst\u00e4dter Kutscher\u2018\",\"datePublished\":\"2023-09-25T04:55:22+00:00\",\"dateModified\":\"2026-04-23T05:06:15+00:00\",\"mainEntityOfPage\":{\"@id\":\"https:\\\/\\\/gradido.net\\\/lieblingsstadt-13-mit-freunden-unterwegs-der-ehrenamtliche-fahrdienst-lieblingsstaedter-kutscher\\\/\"},\"wordCount\":752,\"publisher\":{\"@id\":\"https:\\\/\\\/gradido.net\\\/de\\\/#organization\"},\"image\":{\"@id\":\"https:\\\/\\\/gradido.net\\\/lieblingsstadt-13-mit-freunden-unterwegs-der-ehrenamtliche-fahrdienst-lieblingsstaedter-kutscher\\\/#primaryimage\"},\"thumbnailUrl\":\"https:\\\/\\\/gradido.net\\\/wp-content\\\/uploads\\\/2023\\\/09\\\/Kutscherin_1800.jpg\",\"articleSection\":[\"Blog\",\"Lieblingsstadt\"],\"inLanguage\":\"nl-NL\"},{\"@type\":\"WebPage\",\"@id\":\"https:\\\/\\\/gradido.net\\\/lieblingsstadt-13-mit-freunden-unterwegs-der-ehrenamtliche-fahrdienst-lieblingsstaedter-kutscher\\\/\",\"url\":\"https:\\\/\\\/gradido.net\\\/lieblingsstadt-13-mit-freunden-unterwegs-der-ehrenamtliche-fahrdienst-lieblingsstaedter-kutscher\\\/\",\"name\":\"Lieblingsstadt 13 \u2013 Mit Freu(n)den unterwegs: Der Ehrenamtliche Fahrdienst \u201aLieblingsst\u00e4dter Kutscher\u2018 - Gradido\",\"isPartOf\":{\"@id\":\"https:\\\/\\\/gradido.net\\\/de\\\/#website\"},\"primaryImageOfPage\":{\"@id\":\"https:\\\/\\\/gradido.net\\\/lieblingsstadt-13-mit-freunden-unterwegs-der-ehrenamtliche-fahrdienst-lieblingsstaedter-kutscher\\\/#primaryimage\"},\"image\":{\"@id\":\"https:\\\/\\\/gradido.net\\\/lieblingsstadt-13-mit-freunden-unterwegs-der-ehrenamtliche-fahrdienst-lieblingsstaedter-kutscher\\\/#primaryimage\"},\"thumbnailUrl\":\"https:\\\/\\\/gradido.net\\\/wp-content\\\/uploads\\\/2023\\\/09\\\/Kutscherin_1800.jpg\",\"datePublished\":\"2023-09-25T04:55:22+00:00\",\"dateModified\":\"2026-04-23T05:06:15+00:00\",\"description\":\"Freiwillige Helfer fahren Menschen durch die Stadt und die umliegenden D\u00f6rfer. Sie fahren \u00e4ltere Menschen zum Arzt, holen Kinder von der Schule ab und bringen Berufst\u00e4tige sicher zur Arbeit. Sie organisieren Einkaufsdienste und vieles mehr.\",\"breadcrumb\":{\"@id\":\"https:\\\/\\\/gradido.net\\\/lieblingsstadt-13-mit-freunden-unterwegs-der-ehrenamtliche-fahrdienst-lieblingsstaedter-kutscher\\\/#breadcrumb\"},\"inLanguage\":\"nl-NL\",\"potentialAction\":[{\"@type\":\"ReadAction\",\"target\":[\"https:\\\/\\\/gradido.net\\\/lieblingsstadt-13-mit-freunden-unterwegs-der-ehrenamtliche-fahrdienst-lieblingsstaedter-kutscher\\\/\"]}]},{\"@type\":\"ImageObject\",\"inLanguage\":\"nl-NL\",\"@id\":\"https:\\\/\\\/gradido.net\\\/lieblingsstadt-13-mit-freunden-unterwegs-der-ehrenamtliche-fahrdienst-lieblingsstaedter-kutscher\\\/#primaryimage\",\"url\":\"https:\\\/\\\/gradido.net\\\/wp-content\\\/uploads\\\/2023\\\/09\\\/Kutscherin_1800.jpg\",\"contentUrl\":\"https:\\\/\\\/gradido.net\\\/wp-content\\\/uploads\\\/2023\\\/09\\\/Kutscherin_1800.jpg\",\"width\":1800,\"height\":1200},{\"@type\":\"BreadcrumbList\",\"@id\":\"https:\\\/\\\/gradido.net\\\/lieblingsstadt-13-mit-freunden-unterwegs-der-ehrenamtliche-fahrdienst-lieblingsstaedter-kutscher\\\/#breadcrumb\",\"itemListElement\":[{\"@type\":\"ListItem\",\"position\":1,\"name\":\"Startseite\",\"item\":\"https:\\\/\\\/gradido.net\\\/\"},{\"@type\":\"ListItem\",\"position\":2,\"name\":\"Lieblingsstadt 13 \u2013 Mit Freu(n)den unterwegs: Der Ehrenamtliche Fahrdienst \u201aLieblingsst\u00e4dter Kutscher\u2018\"}]},{\"@type\":\"WebSite\",\"@id\":\"https:\\\/\\\/gradido.net\\\/de\\\/#website\",\"url\":\"https:\\\/\\\/gradido.net\\\/de\\\/\",\"name\":\"Gradido\",\"description\":\"Die neue W\u00e4hrung hei\u00dft Dankbarkeit\",\"publisher\":{\"@id\":\"https:\\\/\\\/gradido.net\\\/de\\\/#organization\"},\"potentialAction\":[{\"@type\":\"SearchAction\",\"target\":{\"@type\":\"EntryPoint\",\"urlTemplate\":\"https:\\\/\\\/gradido.net\\\/de\\\/?s={search_term_string}\"},\"query-input\":{\"@type\":\"PropertyValueSpecification\",\"valueRequired\":true,\"valueName\":\"search_term_string\"}}],\"inLanguage\":\"nl-NL\"},{\"@type\":\"Organization\",\"@id\":\"https:\\\/\\\/gradido.net\\\/de\\\/#organization\",\"name\":\"Gradido\",\"url\":\"https:\\\/\\\/gradido.net\\\/de\\\/\",\"logo\":{\"@type\":\"ImageObject\",\"inLanguage\":\"nl-NL\",\"@id\":\"https:\\\/\\\/gradido.net\\\/de\\\/#\\\/schema\\\/logo\\\/image\\\/\",\"url\":\"https:\\\/\\\/gradido.net\\\/wp-content\\\/uploads\\\/2022\\\/04\\\/gradido-social.jpg\",\"contentUrl\":\"https:\\\/\\\/gradido.net\\\/wp-content\\\/uploads\\\/2022\\\/04\\\/gradido-social.jpg\",\"width\":527,\"height\":273,\"caption\":\"Gradido\"},\"image\":{\"@id\":\"https:\\\/\\\/gradido.net\\\/de\\\/#\\\/schema\\\/logo\\\/image\\\/\"}},{\"@type\":\"Person\",\"@id\":\"https:\\\/\\\/gradido.net\\\/de\\\/#\\\/schema\\\/person\\\/9c503a004ad15a1ddecadce2218db5d1\",\"name\":\"Bernd H\u00fcckst\u00e4dt\",\"sameAs\":[\"https:\\\/\\\/gradido.net\"],\"url\":\"https:\\\/\\\/gradido.net\\\/nl\\\/author\\\/bernd\\\/\"}]}<\/script>\n<!-- \/ Yoast SEO plugin. -->","yoast_head_json":{"title":"Favoriete stad 13 - Onderweg met vrienden: de vrijwillige chauffeursdienst 'Lieblingsst\u00e4dter Kutscher' - Gradido","description":"Vrijwilligers rijden mensen rond in de stad en de omliggende dorpen. Ze brengen ouderen naar de dokter, halen kinderen van school en brengen werkende mensen veilig naar hun werk. Ze organiseren boodschappendiensten en nog veel meer.","robots":{"index":"index","follow":"follow","max-snippet":"max-snippet:-1","max-image-preview":"max-image-preview:large","max-video-preview":"max-video-preview:-1"},"canonical":"https:\/\/gradido.net\/nl\/lieblingsstadt-13-mit-freunden-unterwegs-der-ehrenamtliche-fahrdienst-lieblingsstaedter-kutscher\/","og_locale":"nl_NL","og_type":"article","og_title":"Lieblingsstadt 13 \u2013 Mit Freu(n)den unterwegs: Der Ehrenamtliche Fahrdienst \u201aLieblingsst\u00e4dter Kutscher\u2018 - Gradido","og_description":"Freiwillige Helfer fahren Menschen durch die Stadt und die umliegenden D\u00f6rfer. Sie fahren \u00e4ltere Menschen zum Arzt, holen Kinder von der Schule ab und bringen Berufst\u00e4tige sicher zur Arbeit. Sie organisieren Einkaufsdienste und vieles mehr.","og_url":"https:\/\/gradido.net\/nl\/lieblingsstadt-13-mit-freunden-unterwegs-der-ehrenamtliche-fahrdienst-lieblingsstaedter-kutscher\/","og_site_name":"Gradido","article_published_time":"2023-09-25T04:55:22+00:00","article_modified_time":"2026-04-23T05:06:15+00:00","og_image":[{"width":1800,"height":1200,"url":"https:\/\/gradido.net\/wp-content\/uploads\/2023\/09\/Kutscherin_1800.jpg","type":"image\/jpeg"}],"author":"Bernd H\u00fcckst\u00e4dt","twitter_card":"summary_large_image","twitter_misc":{"Geschreven door":"Bernd H\u00fcckst\u00e4dt","Geschatte leestijd":"5 minuten"},"schema":{"@context":"https:\/\/schema.org","@graph":[{"@type":"Article","@id":"https:\/\/gradido.net\/lieblingsstadt-13-mit-freunden-unterwegs-der-ehrenamtliche-fahrdienst-lieblingsstaedter-kutscher\/#article","isPartOf":{"@id":"https:\/\/gradido.net\/lieblingsstadt-13-mit-freunden-unterwegs-der-ehrenamtliche-fahrdienst-lieblingsstaedter-kutscher\/"},"author":{"name":"Bernd H\u00fcckst\u00e4dt","@id":"https:\/\/gradido.net\/de\/#\/schema\/person\/9c503a004ad15a1ddecadce2218db5d1"},"headline":"Lieblingsstadt 13 \u2013 Mit Freu(n)den unterwegs: Der Ehrenamtliche Fahrdienst \u201aLieblingsst\u00e4dter Kutscher\u2018","datePublished":"2023-09-25T04:55:22+00:00","dateModified":"2026-04-23T05:06:15+00:00","mainEntityOfPage":{"@id":"https:\/\/gradido.net\/lieblingsstadt-13-mit-freunden-unterwegs-der-ehrenamtliche-fahrdienst-lieblingsstaedter-kutscher\/"},"wordCount":752,"publisher":{"@id":"https:\/\/gradido.net\/de\/#organization"},"image":{"@id":"https:\/\/gradido.net\/lieblingsstadt-13-mit-freunden-unterwegs-der-ehrenamtliche-fahrdienst-lieblingsstaedter-kutscher\/#primaryimage"},"thumbnailUrl":"https:\/\/gradido.net\/wp-content\/uploads\/2023\/09\/Kutscherin_1800.jpg","articleSection":["Blog","Lieblingsstadt"],"inLanguage":"nl-NL"},{"@type":"WebPage","@id":"https:\/\/gradido.net\/lieblingsstadt-13-mit-freunden-unterwegs-der-ehrenamtliche-fahrdienst-lieblingsstaedter-kutscher\/","url":"https:\/\/gradido.net\/lieblingsstadt-13-mit-freunden-unterwegs-der-ehrenamtliche-fahrdienst-lieblingsstaedter-kutscher\/","name":"Favoriete stad 13 - Onderweg met vrienden: de vrijwillige chauffeursdienst 'Lieblingsst\u00e4dter Kutscher' - Gradido","isPartOf":{"@id":"https:\/\/gradido.net\/de\/#website"},"primaryImageOfPage":{"@id":"https:\/\/gradido.net\/lieblingsstadt-13-mit-freunden-unterwegs-der-ehrenamtliche-fahrdienst-lieblingsstaedter-kutscher\/#primaryimage"},"image":{"@id":"https:\/\/gradido.net\/lieblingsstadt-13-mit-freunden-unterwegs-der-ehrenamtliche-fahrdienst-lieblingsstaedter-kutscher\/#primaryimage"},"thumbnailUrl":"https:\/\/gradido.net\/wp-content\/uploads\/2023\/09\/Kutscherin_1800.jpg","datePublished":"2023-09-25T04:55:22+00:00","dateModified":"2026-04-23T05:06:15+00:00","description":"Vrijwilligers rijden mensen rond in de stad en de omliggende dorpen. Ze brengen ouderen naar de dokter, halen kinderen van school en brengen werkende mensen veilig naar hun werk. Ze organiseren boodschappendiensten en nog veel meer.","breadcrumb":{"@id":"https:\/\/gradido.net\/lieblingsstadt-13-mit-freunden-unterwegs-der-ehrenamtliche-fahrdienst-lieblingsstaedter-kutscher\/#breadcrumb"},"inLanguage":"nl-NL","potentialAction":[{"@type":"ReadAction","target":["https:\/\/gradido.net\/lieblingsstadt-13-mit-freunden-unterwegs-der-ehrenamtliche-fahrdienst-lieblingsstaedter-kutscher\/"]}]},{"@type":"ImageObject","inLanguage":"nl-NL","@id":"https:\/\/gradido.net\/lieblingsstadt-13-mit-freunden-unterwegs-der-ehrenamtliche-fahrdienst-lieblingsstaedter-kutscher\/#primaryimage","url":"https:\/\/gradido.net\/wp-content\/uploads\/2023\/09\/Kutscherin_1800.jpg","contentUrl":"https:\/\/gradido.net\/wp-content\/uploads\/2023\/09\/Kutscherin_1800.jpg","width":1800,"height":1200},{"@type":"BreadcrumbList","@id":"https:\/\/gradido.net\/lieblingsstadt-13-mit-freunden-unterwegs-der-ehrenamtliche-fahrdienst-lieblingsstaedter-kutscher\/#breadcrumb","itemListElement":[{"@type":"ListItem","position":1,"name":"Startseite","item":"https:\/\/gradido.net\/"},{"@type":"ListItem","position":2,"name":"Lieblingsstadt 13 \u2013 Mit Freu(n)den unterwegs: Der Ehrenamtliche Fahrdienst \u201aLieblingsst\u00e4dter Kutscher\u2018"}]},{"@type":"WebSite","@id":"https:\/\/gradido.net\/de\/#website","url":"https:\/\/gradido.net\/de\/","name":"Gradido","description":"De nieuwe munteenheid is dankbaarheid","publisher":{"@id":"https:\/\/gradido.net\/de\/#organization"},"potentialAction":[{"@type":"SearchAction","target":{"@type":"EntryPoint","urlTemplate":"https:\/\/gradido.net\/de\/?s={search_term_string}"},"query-input":{"@type":"PropertyValueSpecification","valueRequired":true,"valueName":"search_term_string"}}],"inLanguage":"nl-NL"},{"@type":"Organization","@id":"https:\/\/gradido.net\/de\/#organization","name":"Gradido","url":"https:\/\/gradido.net\/de\/","logo":{"@type":"ImageObject","inLanguage":"nl-NL","@id":"https:\/\/gradido.net\/de\/#\/schema\/logo\/image\/","url":"https:\/\/gradido.net\/wp-content\/uploads\/2022\/04\/gradido-social.jpg","contentUrl":"https:\/\/gradido.net\/wp-content\/uploads\/2022\/04\/gradido-social.jpg","width":527,"height":273,"caption":"Gradido"},"image":{"@id":"https:\/\/gradido.net\/de\/#\/schema\/logo\/image\/"}},{"@type":"Person","@id":"https:\/\/gradido.net\/de\/#\/schema\/person\/9c503a004ad15a1ddecadce2218db5d1","name":"Bernd H\u00fcckst\u00e4dt","sameAs":["https:\/\/gradido.net"],"url":"https:\/\/gradido.net\/nl\/author\/bernd\/"}]}},"_links":{"self":[{"href":"https:\/\/gradido.net\/nl\/wp-json\/wp\/v2\/posts\/7693","targetHints":{"allow":["GET"]}}],"collection":[{"href":"https:\/\/gradido.net\/nl\/wp-json\/wp\/v2\/posts"}],"about":[{"href":"https:\/\/gradido.net\/nl\/wp-json\/wp\/v2\/types\/post"}],"author":[{"embeddable":true,"href":"https:\/\/gradido.net\/nl\/wp-json\/wp\/v2\/users\/2"}],"replies":[{"embeddable":true,"href":"https:\/\/gradido.net\/nl\/wp-json\/wp\/v2\/comments?post=7693"}],"version-history":[{"count":43,"href":"https:\/\/gradido.net\/nl\/wp-json\/wp\/v2\/posts\/7693\/revisions"}],"predecessor-version":[{"id":13537,"href":"https:\/\/gradido.net\/nl\/wp-json\/wp\/v2\/posts\/7693\/revisions\/13537"}],"wp:featuredmedia":[{"embeddable":true,"href":"https:\/\/gradido.net\/nl\/wp-json\/wp\/v2\/media\/7694"}],"wp:attachment":[{"href":"https:\/\/gradido.net\/nl\/wp-json\/wp\/v2\/media?parent=7693"}],"wp:term":[{"taxonomy":"category","embeddable":true,"href":"https:\/\/gradido.net\/nl\/wp-json\/wp\/v2\/categories?post=7693"},{"taxonomy":"post_tag","embeddable":true,"href":"https:\/\/gradido.net\/nl\/wp-json\/wp\/v2\/tags?post=7693"}],"curies":[{"name":"wp","href":"https:\/\/api.w.org\/{rel}","templated":true}]}}