{"id":1056,"date":"2020-11-11T12:43:41","date_gmt":"2020-11-11T11:43:41","guid":{"rendered":"https:\/\/gradido.net\/?p=1056"},"modified":"2021-12-11T13:01:11","modified_gmt":"2021-12-11T12:01:11","slug":"gastronomie-braucht-aktives-grundeinkommen","status":"publish","type":"post","link":"https:\/\/gradido.net\/pl\/gastronomie-braucht-aktives-grundeinkommen\/","title":{"rendered":"Gastronomia potrzebuje \"aktywnego dochodu podstawowego"},"content":{"rendered":"<div data-elementor-type=\"wp-post\" data-elementor-id=\"1056\" class=\"elementor elementor-1056\" data-elementor-post-type=\"post\">\n\t\t\t\t\t\t<section class=\"elementor-section elementor-top-section elementor-element elementor-element-496e1d53 elementor-section-boxed elementor-section-height-default elementor-section-height-default\" data-id=\"496e1d53\" data-element_type=\"section\" data-e-type=\"section\">\n\t\t\t\t\t\t<div class=\"elementor-container elementor-column-gap-default\">\n\t\t\t\t\t<div class=\"elementor-column elementor-col-100 elementor-top-column elementor-element elementor-element-461d7be0\" data-id=\"461d7be0\" data-element_type=\"column\" data-e-type=\"column\">\n\t\t\t<div class=\"elementor-widget-wrap elementor-element-populated\">\n\t\t\t\t\t\t<div class=\"elementor-element elementor-element-cd9ebe2 elementor-widget elementor-widget-text-editor\" data-id=\"cd9ebe2\" data-element_type=\"widget\" data-e-type=\"widget\" data-widget_type=\"text-editor.default\">\n\t\t\t\t<div class=\"elementor-widget-container\">\n\t\t\t\t\t\t\t\t\t<h2>Znokautowanie przez zamkni\u0119cie?<\/h2><p><b>K\u00fcnzelsau, 11.11.2020 - Odnowiona blokada wprowadza do gastronomii prawdziwy horror. Przemys\u0142 spodziewa si\u0119 fali bankructw o niewyobra\u017calnych rozmiarach. W zwi\u0105zku z ra\u017c\u0105cym spadkiem sprzeda\u017cy w tym roku jedna trzecia restauracji, kawiarni, pub\u00f3w, bar\u00f3w, lokali gastronomicznych i miejsc organizacji imprez jest zagro\u017cona upad\u0142o\u015bci\u0105. I tendencja ta wzrasta. Wiele zagro\u017conych firm, posiadaj\u0105cych niezliczon\u0105 ilo\u015b\u0107 miejsc pracy i szkole\u0144, nie mo\u017ce na sta\u0142e uratowa\u0107 oferowanej \"pomocy listopadowej\". Tylko 24% restaurator\u00f3w nadal wierzy w ponowne otwarcie w grudniu. Trzy czwarte zak\u0142ada, \u017ce ich \u015bwi\u0105teczny biznes r\u00f3wnie\u017c padnie ofiar\u0105 zakazu dzia\u0142alno\u015bci - i zareaguje rezygnacj\u0105, z\u0142o\u015bci\u0105 lub czyst\u0105 desperacj\u0105. Aby zapobiec ca\u0142kowitemu za\u0142amaniu si\u0119 bran\u017cy, konieczne s\u0105 zasadniczo nowe \u015brodki interwencji w kryzysie i zapewnienia istnienia przedsi\u0119biorstwa. Akademia Bioniki Gospodarczej Gradido opracowa\u0142a w tym celu nowy rodzaj systemu gospodarczego i finansowego. Odchodz\u0105c od zwyk\u0142ej zasady pieni\u0105dza d\u0142u\u017cnego, innowacyjnego podej\u015bcia do tworzenia pieni\u0105dza i \"aktywnego dochodu podstawowego\", model Gradido pokazuje obiecuj\u0105c\u0105 drog\u0119 wyj\u015bcia z kryzysu. <\/b><\/p><p>Wraz ze skargami, petycjami i markowymi listami, stowarzyszenia, zwi\u0105zki zawodowe i osoby, kt\u00f3rych to dotyczy, g\u0142o\u015bno i wyra\u017anie zwracaj\u0105 uwag\u0119 na konsekwencje ponownej blokady dla bran\u017cy hotelarskiej i gastronomicznej. W\u0105tpi\u0105 w sens dzia\u0142a\u0144 maj\u0105cych na celu przeniesienie kontakt\u00f3w z przestrzeni publicznej do prywatnej i s\u0105 nadmiernie rozczarowani, \u017ce nie docenia si\u0119 rozbudowanych koncepcji i du\u017cych inwestycji finansowych na rzecz maksymalnego bezpiecze\u0144stwa go\u015bci. Przedstawiciele przemys\u0142u r\u00f3wnie\u017c bij\u0105 na alarm z ca\u0142ej si\u0142y, poniewa\u017c niezliczone przedsi\u0119biorstwa s\u0105 na skraju ponownego zamkni\u0119cia. Zagro\u017cone s\u0105 nie tylko miejsca pracy os\u00f3b bezpo\u015brednio zainteresowanych, ale tak\u017ce \u015brodki utrzymania wielu pracownik\u00f3w w powi\u0105zanych \u0142a\u0144cuchach dostaw, browarach i hurtowniach napoj\u00f3w. Na sta\u017cyst\u00f3w czekaj\u0105 te\u017c katastrofalne perspektywy. Ankieta przeprowadzona przez Niemieckie Stowarzyszenie Izb Przemys\u0142owo-Handlowych (DIH), pokaza\u0142, \u017ce bran\u017ca gastronomiczna b\u0119dzie prawdopodobnie w stanie zaoferowa\u0107 30 procent mniej stanowisk szkoleniowych w nowym roku szkoleniowym ni\u017c w roku poprzednim.<\/p><p>Bernd H\u00fcckst\u00e4dt, wsp\u00f3\u0142za\u0142o\u017cyciel Gradido Academy for Economic Bionics, patrzy na ten rozw\u00f3j z rosn\u0105cym zaniepokojeniem: \"Nie mo\u017cemy ustabilizowa\u0107 naszej gospodarki obiecuj\u0105c pomoc pomostow\u0105 na zawrotnych wysoko\u015bciach dla ka\u017cdej bran\u017cy, kt\u00f3rej w tym roku zakazano wykonywania zawodu w pewnym sensie w po\u015bpiechu. Z jednej strony, nikt nie wie, kto kiedykolwiek sp\u0142aci powsta\u0142e w ten spos\u00f3b g\u00f3ry d\u0142ug\u00f3w. Z drugiej strony, ta pozornie hojna \"pomoc nadzwyczajna\" nie dociera nawet do wszystkich poszkodowanych, od samego pocz\u0105tku jest niewystarczaj\u0105ca i nie stwarza absolutnie \u017cadnych perspektyw. Zdaniem ekspert\u00f3w ekonomii bionicznej Akademii Gradido, ogromne, aktualne wyzwania stoj\u0105ce przed gospodark\u0105 i polityk\u0105 mog\u0105 by\u0107 opanowane tylko przy pomocy zr\u00f3wnowa\u017conego systemu gospodarczego i finansowego, kt\u00f3ry jest odpowiedni dla wnuk\u00f3w.<\/p><h4>Model Gradido<\/h4><p>W ci\u0105gu 20 lat bada\u0144 w Akademii Bioniki Gospodarczej Gradido powsta\u0142 solidny i zr\u00f3wnowa\u017cony system ekonomiczno-finansowy o tej samej nazwie. Opiera si\u0119 ona na podstawowych prawach natury i tym samym przewiduje odej\u015bcie od dominuj\u0105cej zasady pieni\u0105dza d\u0142u\u017cnego. H\u00fcckst\u00e4dt wyja\u015bnia: \"W starym systemie finansowym aktywa jednej osoby s\u0105 z konieczno\u015bci d\u0142ugami innej. Ale natura nie zna \u017cadnych d\u0142ug\u00f3w. W konsekwencji, wsp\u00f3lna dobra waluta Gradido (GDD) jest tworzona jako kredyt dla wszystkich, bez tworzenia d\u0142ug\u00f3w. Kryzysy gospodarcze, takie jak ten, kt\u00f3rego obecnie do\u015bwiadczamy, mog\u0142yby zosta\u0107 opanowane dzi\u0119ki modelowi Gradido bez obci\u0105\u017cania przysz\u0142ych pokole\u0144\".<\/p><h4>Aktywny doch\u00f3d podstawowy\" zapewnia bezpiecze\u0144stwo \u017cycia<\/h4><p>Aktywny doch\u00f3d podstawowy\" wywodzi si\u0119 z koncepcji \"bezwarunkowego uczestnictwa\". Dla ka\u017cdej osoby dost\u0119pne jest miesi\u0119cznie 1000 Gradido (GDD) wsp\u00f3lnej dobrej waluty jako podstawowy doch\u00f3d. Jeden Gradido odpowiada warto\u015bci jednego euro. Maksymalnie 50 godzin miesi\u0119cznie jest wynagradzane po 20 GDD ka\u017cda. Suma ta jest rozumiana jako podstawowa kwota zabezpieczenia \u015brodk\u00f3w utrzymania, kt\u00f3ra mo\u017ce by\u0107 uzupe\u0142niona o inne dochody. Osoby, kt\u00f3re chc\u0105 skorzysta\u0107 z \"Aktywnego Podstawowego Dochodu\", mog\u0105 wnie\u015b\u0107 sw\u00f3j wk\u0142ad do spo\u0142eczno\u015bci w ka\u017cdym wieku dzi\u0119ki swoim osobistym talentom, sk\u0142onno\u015bciom i mo\u017cliwo\u015bciom. Nawet w czasach kryzysu zawodowego, podstawowe bezpiecze\u0144stwo mo\u017cna osi\u0105gn\u0105\u0107 bez konieczno\u015bci sk\u0142adania wniosk\u00f3w lub zdawania testu \u015brodk\u00f3w. Ponadto koncepcja \"aktywnego dochodu podstawowego\" z \"bezwarunkowym uczestnictwem\" uwzgl\u0119dnia r\u00f3wnie\u017c fakt, \u017ce przysz\u0142e biografie dotycz\u0105ce zatrudnienia - ca\u0142kiem niezale\u017cnie od kryzys\u00f3w gospodarczych i finansowych - zawsze b\u0119d\u0105 wykazywa\u0107 przerwy lub luki. Dzi\u0119ki podstawowym dochodom Gradido, takie fazy przewrotu trac\u0105 sw\u00f3j egzystencjalny horror.<\/p><h4>\"Bezwarunkowe uczestnictwo\" w ka\u017cdej fazie \u017cycia<\/h4><p>Ka\u017cda osoba mo\u017ce wzi\u0105\u0107 na siebie zadanie dla \"Aktywnego Dochodu Podstawowego\", kt\u00f3re ch\u0119tnie wykona. Tutaj te\u017c m\u00f3g\u0142 si\u0119 uaktywni\u0107 podczas dekretu o \"zakazie pracy\". Zasada \"bezwarunkowego uczestnictwa\", opr\u00f3cz poczucia zdolno\u015bci do wykonywania sensownej dzia\u0142alno\u015bci na ka\u017cdym etapie \u017cycia i zawodu, daje r\u00f3wnie\u017c szans\u0119 na odkrycie nowych pasji i cel\u00f3w. Bez egzystencjalnego strachu, ka\u017cdy mo\u017ce robi\u0107 to, co chcia\u0142by robi\u0107 z g\u0142\u0119bi serca - to znaczy pod\u0105\u017ca\u0107 za swoim wewn\u0119trznym powo\u0142aniem. Wynikaj\u0105ca z tego rado\u015b\u0107 tworzenia jest najlepszym warunkiem wst\u0119pnym sukcesu na wszystkich poziomach.<\/p><h4>Potr\u00f3jny dobrobyt i potr\u00f3jne tworzenie pieni\u0119dzy<\/h4><p>Podstawowa zasada etyczna Gradido opiera si\u0119 na godzeniu dobra jednostki z dobrem wsp\u00f3lnoty i ca\u0142o\u015bci - w interesie natury i \u015brodowiska. Jednostka jest cz\u0119\u015bci\u0105 wsp\u00f3lnoty, stanu, a stan jest cz\u0119\u015bci\u0105 \"ca\u0142o\u015bciowego obrazu\", ekosystemu. Na jednego mieszka\u0144ca przypada zatem 3 \u00d7 1000 Gradido. 1.000 Gradido na \"Aktywny doch\u00f3d podstawowy\", na bud\u017cet pa\u0144stwa oraz na fundusz kompensacyjny i \u015brodowiskowy.<\/p><h4>Filozofia Gradido<\/h4><p>\"Nasza idea 'dobra wsp\u00f3lnego' polega na tym, \u017ce ka\u017cdy cz\u0142owiek ma zapewnione wszystkie potrzeby \u017cyciowe przez ca\u0142y czas i wie, \u017ce jego \u017cyczenia i troski s\u0105 brane pod uwag\u0119\" - m\u00f3wi Margret Baier, wsp\u00f3\u0142za\u0142o\u017cycielka i dyrektor zarz\u0105dzaj\u0105cy Akademii Gradido, wyja\u015bniaj\u0105c podstawow\u0105 zasad\u0119 modelu. Dodaje: \"Tylko wtedy, gdy wszyscy b\u0119d\u0105 mogli by\u0107 \u017cyw\u0105 cz\u0119\u015bci\u0105 wsp\u00f3lnoty, mo\u017ce rozwin\u0105\u0107 si\u0119 solidarno\u015b\u0107 i poczucie odpowiedzialno\u015bci, kt\u00f3re s\u0105 niezb\u0119dne do przezwyci\u0119\u017cania nawet kryzys\u00f3w. W sytuacji takiej jak ta, kt\u00f3r\u0105 mamy dzisiaj, mogliby\u015bmy elastycznie reagowa\u0107 na \u015brodki ochronne bez trudno\u015bci finansowych. Mo\u017cemy znale\u017a\u0107 znacznie bardziej zr\u00f3\u017cnicowane podej\u015bcie do rozwi\u0105za\u0144 i zmniejszy\u0107 do minimum \u015bmiertelne skutki niepo\u017c\u0105dane, je\u015bli przyjmiemy model Gradido\".<\/p><p>Szczeg\u00f3\u0142owe informacje na temat kompletnego \"modelu Gradido\" mo\u017cna znale\u017a\u0107 na stronie internetowej <a href=\"https:\/\/gradido.net\/pl\/\">https:\/\/gradido.net<\/a><\/p><p><!-- \/wp:paragraph --><\/p>\t\t\t\t\t\t\t\t<\/div>\n\t\t\t\t<\/div>\n\t\t\t\t<div class=\"elementor-element elementor-element-e9ff241 elementor-widget elementor-widget-text-editor\" data-id=\"e9ff241\" data-element_type=\"widget\" data-e-type=\"widget\" data-widget_type=\"text-editor.default\">\n\t\t\t\t<div class=\"elementor-widget-container\">\n\t\t\t\t\t\t\t\t\t<p><strong>O Akademii Gradido<\/strong><br>Akademia Bioniki Gospodarczej Gradido opracowa\u0142a alternatywn\u0105 \"wsp\u00f3ln\u0105 dobr\u0105 walut\u0119\" w oparciu o modele przyrodnicze. Natura kieruje si\u0119 zasad\u0105, \u017ce tylko tam, gdzie co\u015b przemija, mo\u017ce pojawi\u0107 si\u0119 co\u015b nowego, a zatem mo\u017cliwa jest d\u0142ugofalowa poprawa (ewolucja). Jego recept\u0105 na sukces jest \"cykl \u017cycia\". Gdyby nasza gospodarka r\u00f3wnie\u017c pod\u0105\u017ca\u0142a tym naturalnym cyklem, to wed\u0142ug oceny biolog\u00f3w ekonomicznych praktycznie wszystkie problemy monetarne \u015bwiata mog\u0142yby zosta\u0107 rozwi\u0105zane. Model Gradido opiera si\u0119 na za\u0142o\u017ceniu, \u017ce nie tylko ka\u017cda osoba, ale r\u00f3wnie\u017c ka\u017cde pa\u0144stwo otrzymuje dochody generowane na zasadzie kredytu. Mo\u017ce wi\u0119c wykonywa\u0107 wszystkie swoje zadania bez konieczno\u015bci pobierania podatk\u00f3w. Deflacja lub inflacja nale\u017c\u0105 do przesz\u0142o\u015bci. Gospodarka zostaje uwolniona od ci\u0105g\u0142ego przymusu wzrostu, niebezpiecze\u0144stwo za\u0142amania si\u0119 systemu finansowego zostaje w ko\u0144cu za\u017cegnane. (<a href=\"https:\/\/gradido.net\/pl\/\">www.gradido.net<\/a>)<\/p>\t\t\t\t\t\t\t\t<\/div>\n\t\t\t\t<\/div>\n\t\t\t\t\t<\/div>\n\t\t<\/div>\n\t\t\t\t\t<\/div>\n\t\t<\/section>\n\t\t\t\t<\/div>","protected":false},"excerpt":{"rendered":"<p>Knockout durch Lockdown? K\u00fcnzelsau, 11.11.2020 \u2013 Der erneute Lockdown beschert der Gastronomie ein wahres Horrorszenario. Die Branche rechnet mit einer Pleitewelle unvorstellbaren Ausma\u00dfes. Aufgrund der eklatanten Umsatzeinbu\u00dfen in diesem Jahr droht einem Drittel der Restaurants, Caf\u00e9s, Wirtsh\u00e4user, Kneipen, Bars, Caterer und Eventlocations das Aus. Tendenz steigend. Viele der bedrohten Unternehmen mit unz\u00e4hligen Arbeits- und Ausbildungspl\u00e4tzen [&hellip;]<\/p>\n","protected":false},"author":2,"featured_media":1067,"comment_status":"closed","ping_status":"closed","sticky":false,"template":"","format":"standard","meta":{"footnotes":""},"categories":[8],"tags":[],"class_list":["post-1056","post","type-post","status-publish","format-standard","has-post-thumbnail","hentry","category-pressemitteilung"],"yoast_head":"<!-- This site is optimized with the Yoast SEO plugin v27.5 - https:\/\/yoast.com\/product\/yoast-seo-wordpress\/ -->\n<title>Gastronomie braucht \u201aAktives Grundeinkommen\u2018 - Gradido<\/title>\n<meta name=\"robots\" content=\"index, follow, max-snippet:-1, max-image-preview:large, max-video-preview:-1\" \/>\n<link rel=\"canonical\" href=\"https:\/\/gradido.net\/pl\/gastronomie-braucht-aktives-grundeinkommen\/\" \/>\n<meta property=\"og:locale\" content=\"pl_PL\" \/>\n<meta property=\"og:type\" content=\"article\" \/>\n<meta property=\"og:title\" content=\"Gastronomie braucht \u201aAktives Grundeinkommen\u2018 - Gradido\" \/>\n<meta property=\"og:description\" content=\"Knockout durch Lockdown? K\u00fcnzelsau, 11.11.2020 \u2013 Der erneute Lockdown beschert der Gastronomie ein wahres Horrorszenario. Die Branche rechnet mit einer Pleitewelle unvorstellbaren Ausma\u00dfes. Aufgrund der eklatanten Umsatzeinbu\u00dfen in diesem Jahr droht einem Drittel der Restaurants, Caf\u00e9s, Wirtsh\u00e4user, Kneipen, Bars, Caterer und Eventlocations das Aus. Tendenz steigend. Viele der bedrohten Unternehmen mit unz\u00e4hligen Arbeits- und Ausbildungspl\u00e4tzen [&hellip;]\" \/>\n<meta property=\"og:url\" content=\"https:\/\/gradido.net\/pl\/gastronomie-braucht-aktives-grundeinkommen\/\" \/>\n<meta property=\"og:site_name\" content=\"Gradido\" \/>\n<meta property=\"article:published_time\" content=\"2020-11-11T11:43:41+00:00\" \/>\n<meta property=\"article:modified_time\" content=\"2021-12-11T12:01:11+00:00\" \/>\n<meta property=\"og:image\" content=\"https:\/\/gradido.net\/wp-content\/uploads\/2020\/11\/gastronomie_pausemodus.jpg\" \/>\n\t<meta property=\"og:image:width\" content=\"1079\" \/>\n\t<meta property=\"og:image:height\" content=\"720\" \/>\n\t<meta property=\"og:image:type\" content=\"image\/jpeg\" \/>\n<meta name=\"author\" content=\"Bernd H\u00fcckst\u00e4dt\" \/>\n<meta name=\"twitter:card\" content=\"summary_large_image\" \/>\n<meta name=\"twitter:label1\" content=\"Napisane przez\" \/>\n\t<meta name=\"twitter:data1\" content=\"Bernd H\u00fcckst\u00e4dt\" \/>\n\t<meta name=\"twitter:label2\" content=\"Szacowany czas czytania\" \/>\n\t<meta name=\"twitter:data2\" content=\"6 minut\" \/>\n<script type=\"application\/ld+json\" class=\"yoast-schema-graph\">{\"@context\":\"https:\\\/\\\/schema.org\",\"@graph\":[{\"@type\":\"Article\",\"@id\":\"https:\\\/\\\/gradido.net\\\/pt\\\/gastronomie-braucht-aktives-grundeinkommen\\\/#article\",\"isPartOf\":{\"@id\":\"https:\\\/\\\/gradido.net\\\/pt\\\/gastronomie-braucht-aktives-grundeinkommen\\\/\"},\"author\":{\"name\":\"Bernd H\u00fcckst\u00e4dt\",\"@id\":\"https:\\\/\\\/gradido.net\\\/de\\\/#\\\/schema\\\/person\\\/9c503a004ad15a1ddecadce2218db5d1\"},\"headline\":\"Gastronomie braucht \u201aAktives Grundeinkommen\u2018\",\"datePublished\":\"2020-11-11T11:43:41+00:00\",\"dateModified\":\"2021-12-11T12:01:11+00:00\",\"mainEntityOfPage\":{\"@id\":\"https:\\\/\\\/gradido.net\\\/pt\\\/gastronomie-braucht-aktives-grundeinkommen\\\/\"},\"wordCount\":1170,\"publisher\":{\"@id\":\"https:\\\/\\\/gradido.net\\\/de\\\/#organization\"},\"image\":{\"@id\":\"https:\\\/\\\/gradido.net\\\/pt\\\/gastronomie-braucht-aktives-grundeinkommen\\\/#primaryimage\"},\"thumbnailUrl\":\"https:\\\/\\\/gradido.net\\\/wp-content\\\/uploads\\\/2020\\\/11\\\/gastronomie_pausemodus.jpg\",\"articleSection\":[\"Pressemitteilung\"],\"inLanguage\":\"pl-PL\"},{\"@type\":\"WebPage\",\"@id\":\"https:\\\/\\\/gradido.net\\\/pt\\\/gastronomie-braucht-aktives-grundeinkommen\\\/\",\"url\":\"https:\\\/\\\/gradido.net\\\/pt\\\/gastronomie-braucht-aktives-grundeinkommen\\\/\",\"name\":\"Gastronomie braucht \u201aAktives Grundeinkommen\u2018 - Gradido\",\"isPartOf\":{\"@id\":\"https:\\\/\\\/gradido.net\\\/de\\\/#website\"},\"primaryImageOfPage\":{\"@id\":\"https:\\\/\\\/gradido.net\\\/pt\\\/gastronomie-braucht-aktives-grundeinkommen\\\/#primaryimage\"},\"image\":{\"@id\":\"https:\\\/\\\/gradido.net\\\/pt\\\/gastronomie-braucht-aktives-grundeinkommen\\\/#primaryimage\"},\"thumbnailUrl\":\"https:\\\/\\\/gradido.net\\\/wp-content\\\/uploads\\\/2020\\\/11\\\/gastronomie_pausemodus.jpg\",\"datePublished\":\"2020-11-11T11:43:41+00:00\",\"dateModified\":\"2021-12-11T12:01:11+00:00\",\"breadcrumb\":{\"@id\":\"https:\\\/\\\/gradido.net\\\/pt\\\/gastronomie-braucht-aktives-grundeinkommen\\\/#breadcrumb\"},\"inLanguage\":\"pl-PL\",\"potentialAction\":[{\"@type\":\"ReadAction\",\"target\":[\"https:\\\/\\\/gradido.net\\\/pt\\\/gastronomie-braucht-aktives-grundeinkommen\\\/\"]}]},{\"@type\":\"ImageObject\",\"inLanguage\":\"pl-PL\",\"@id\":\"https:\\\/\\\/gradido.net\\\/pt\\\/gastronomie-braucht-aktives-grundeinkommen\\\/#primaryimage\",\"url\":\"https:\\\/\\\/gradido.net\\\/wp-content\\\/uploads\\\/2020\\\/11\\\/gastronomie_pausemodus.jpg\",\"contentUrl\":\"https:\\\/\\\/gradido.net\\\/wp-content\\\/uploads\\\/2020\\\/11\\\/gastronomie_pausemodus.jpg\",\"width\":1079,\"height\":720,\"caption\":\"Woman restaurant staff cleaning table with alcohol spray wearing glove, face shield and mask before open the restaurant\"},{\"@type\":\"BreadcrumbList\",\"@id\":\"https:\\\/\\\/gradido.net\\\/pt\\\/gastronomie-braucht-aktives-grundeinkommen\\\/#breadcrumb\",\"itemListElement\":[{\"@type\":\"ListItem\",\"position\":1,\"name\":\"Startseite\",\"item\":\"https:\\\/\\\/gradido.net\\\/\"},{\"@type\":\"ListItem\",\"position\":2,\"name\":\"Gastronomie braucht \u201aAktives Grundeinkommen\u2018\"}]},{\"@type\":\"WebSite\",\"@id\":\"https:\\\/\\\/gradido.net\\\/de\\\/#website\",\"url\":\"https:\\\/\\\/gradido.net\\\/de\\\/\",\"name\":\"Gradido\",\"description\":\"Die neue W\u00e4hrung hei\u00dft Dankbarkeit\",\"publisher\":{\"@id\":\"https:\\\/\\\/gradido.net\\\/de\\\/#organization\"},\"potentialAction\":[{\"@type\":\"SearchAction\",\"target\":{\"@type\":\"EntryPoint\",\"urlTemplate\":\"https:\\\/\\\/gradido.net\\\/de\\\/?s={search_term_string}\"},\"query-input\":{\"@type\":\"PropertyValueSpecification\",\"valueRequired\":true,\"valueName\":\"search_term_string\"}}],\"inLanguage\":\"pl-PL\"},{\"@type\":\"Organization\",\"@id\":\"https:\\\/\\\/gradido.net\\\/de\\\/#organization\",\"name\":\"Gradido\",\"url\":\"https:\\\/\\\/gradido.net\\\/de\\\/\",\"logo\":{\"@type\":\"ImageObject\",\"inLanguage\":\"pl-PL\",\"@id\":\"https:\\\/\\\/gradido.net\\\/de\\\/#\\\/schema\\\/logo\\\/image\\\/\",\"url\":\"https:\\\/\\\/gradido.net\\\/wp-content\\\/uploads\\\/2022\\\/04\\\/gradido-social.jpg\",\"contentUrl\":\"https:\\\/\\\/gradido.net\\\/wp-content\\\/uploads\\\/2022\\\/04\\\/gradido-social.jpg\",\"width\":527,\"height\":273,\"caption\":\"Gradido\"},\"image\":{\"@id\":\"https:\\\/\\\/gradido.net\\\/de\\\/#\\\/schema\\\/logo\\\/image\\\/\"}},{\"@type\":\"Person\",\"@id\":\"https:\\\/\\\/gradido.net\\\/de\\\/#\\\/schema\\\/person\\\/9c503a004ad15a1ddecadce2218db5d1\",\"name\":\"Bernd H\u00fcckst\u00e4dt\",\"sameAs\":[\"https:\\\/\\\/gradido.net\"],\"url\":\"https:\\\/\\\/gradido.net\\\/pl\\\/author\\\/bernd\\\/\"}]}<\/script>\n<!-- \/ Yoast SEO plugin. -->","yoast_head_json":{"title":"Gastronomia potrzebuje \"aktywnego dochodu podstawowego\" - Gradido","robots":{"index":"index","follow":"follow","max-snippet":"max-snippet:-1","max-image-preview":"max-image-preview:large","max-video-preview":"max-video-preview:-1"},"canonical":"https:\/\/gradido.net\/pl\/gastronomie-braucht-aktives-grundeinkommen\/","og_locale":"pl_PL","og_type":"article","og_title":"Gastronomie braucht \u201aAktives Grundeinkommen\u2018 - Gradido","og_description":"Knockout durch Lockdown? K\u00fcnzelsau, 11.11.2020 \u2013 Der erneute Lockdown beschert der Gastronomie ein wahres Horrorszenario. Die Branche rechnet mit einer Pleitewelle unvorstellbaren Ausma\u00dfes. Aufgrund der eklatanten Umsatzeinbu\u00dfen in diesem Jahr droht einem Drittel der Restaurants, Caf\u00e9s, Wirtsh\u00e4user, Kneipen, Bars, Caterer und Eventlocations das Aus. Tendenz steigend. Viele der bedrohten Unternehmen mit unz\u00e4hligen Arbeits- und Ausbildungspl\u00e4tzen [&hellip;]","og_url":"https:\/\/gradido.net\/pl\/gastronomie-braucht-aktives-grundeinkommen\/","og_site_name":"Gradido","article_published_time":"2020-11-11T11:43:41+00:00","article_modified_time":"2021-12-11T12:01:11+00:00","og_image":[{"width":1079,"height":720,"url":"https:\/\/gradido.net\/wp-content\/uploads\/2020\/11\/gastronomie_pausemodus.jpg","type":"image\/jpeg"}],"author":"Bernd H\u00fcckst\u00e4dt","twitter_card":"summary_large_image","twitter_misc":{"Napisane przez":"Bernd H\u00fcckst\u00e4dt","Szacowany czas czytania":"6 minut"},"schema":{"@context":"https:\/\/schema.org","@graph":[{"@type":"Article","@id":"https:\/\/gradido.net\/pt\/gastronomie-braucht-aktives-grundeinkommen\/#article","isPartOf":{"@id":"https:\/\/gradido.net\/pt\/gastronomie-braucht-aktives-grundeinkommen\/"},"author":{"name":"Bernd H\u00fcckst\u00e4dt","@id":"https:\/\/gradido.net\/de\/#\/schema\/person\/9c503a004ad15a1ddecadce2218db5d1"},"headline":"Gastronomie braucht \u201aAktives Grundeinkommen\u2018","datePublished":"2020-11-11T11:43:41+00:00","dateModified":"2021-12-11T12:01:11+00:00","mainEntityOfPage":{"@id":"https:\/\/gradido.net\/pt\/gastronomie-braucht-aktives-grundeinkommen\/"},"wordCount":1170,"publisher":{"@id":"https:\/\/gradido.net\/de\/#organization"},"image":{"@id":"https:\/\/gradido.net\/pt\/gastronomie-braucht-aktives-grundeinkommen\/#primaryimage"},"thumbnailUrl":"https:\/\/gradido.net\/wp-content\/uploads\/2020\/11\/gastronomie_pausemodus.jpg","articleSection":["Pressemitteilung"],"inLanguage":"pl-PL"},{"@type":"WebPage","@id":"https:\/\/gradido.net\/pt\/gastronomie-braucht-aktives-grundeinkommen\/","url":"https:\/\/gradido.net\/pt\/gastronomie-braucht-aktives-grundeinkommen\/","name":"Gastronomia potrzebuje \"aktywnego dochodu podstawowego\" - Gradido","isPartOf":{"@id":"https:\/\/gradido.net\/de\/#website"},"primaryImageOfPage":{"@id":"https:\/\/gradido.net\/pt\/gastronomie-braucht-aktives-grundeinkommen\/#primaryimage"},"image":{"@id":"https:\/\/gradido.net\/pt\/gastronomie-braucht-aktives-grundeinkommen\/#primaryimage"},"thumbnailUrl":"https:\/\/gradido.net\/wp-content\/uploads\/2020\/11\/gastronomie_pausemodus.jpg","datePublished":"2020-11-11T11:43:41+00:00","dateModified":"2021-12-11T12:01:11+00:00","breadcrumb":{"@id":"https:\/\/gradido.net\/pt\/gastronomie-braucht-aktives-grundeinkommen\/#breadcrumb"},"inLanguage":"pl-PL","potentialAction":[{"@type":"ReadAction","target":["https:\/\/gradido.net\/pt\/gastronomie-braucht-aktives-grundeinkommen\/"]}]},{"@type":"ImageObject","inLanguage":"pl-PL","@id":"https:\/\/gradido.net\/pt\/gastronomie-braucht-aktives-grundeinkommen\/#primaryimage","url":"https:\/\/gradido.net\/wp-content\/uploads\/2020\/11\/gastronomie_pausemodus.jpg","contentUrl":"https:\/\/gradido.net\/wp-content\/uploads\/2020\/11\/gastronomie_pausemodus.jpg","width":1079,"height":720,"caption":"Woman restaurant staff cleaning table with alcohol spray wearing glove, face shield and mask before open the restaurant"},{"@type":"BreadcrumbList","@id":"https:\/\/gradido.net\/pt\/gastronomie-braucht-aktives-grundeinkommen\/#breadcrumb","itemListElement":[{"@type":"ListItem","position":1,"name":"Startseite","item":"https:\/\/gradido.net\/"},{"@type":"ListItem","position":2,"name":"Gastronomie braucht \u201aAktives Grundeinkommen\u2018"}]},{"@type":"WebSite","@id":"https:\/\/gradido.net\/de\/#website","url":"https:\/\/gradido.net\/de\/","name":"Gradido","description":"Now\u0105 walut\u0105 jest wdzi\u0119czno\u015b\u0107","publisher":{"@id":"https:\/\/gradido.net\/de\/#organization"},"potentialAction":[{"@type":"SearchAction","target":{"@type":"EntryPoint","urlTemplate":"https:\/\/gradido.net\/de\/?s={search_term_string}"},"query-input":{"@type":"PropertyValueSpecification","valueRequired":true,"valueName":"search_term_string"}}],"inLanguage":"pl-PL"},{"@type":"Organization","@id":"https:\/\/gradido.net\/de\/#organization","name":"Gradido","url":"https:\/\/gradido.net\/de\/","logo":{"@type":"ImageObject","inLanguage":"pl-PL","@id":"https:\/\/gradido.net\/de\/#\/schema\/logo\/image\/","url":"https:\/\/gradido.net\/wp-content\/uploads\/2022\/04\/gradido-social.jpg","contentUrl":"https:\/\/gradido.net\/wp-content\/uploads\/2022\/04\/gradido-social.jpg","width":527,"height":273,"caption":"Gradido"},"image":{"@id":"https:\/\/gradido.net\/de\/#\/schema\/logo\/image\/"}},{"@type":"Person","@id":"https:\/\/gradido.net\/de\/#\/schema\/person\/9c503a004ad15a1ddecadce2218db5d1","name":"Bernd H\u00fcckst\u00e4dt","sameAs":["https:\/\/gradido.net"],"url":"https:\/\/gradido.net\/pl\/author\/bernd\/"}]}},"_links":{"self":[{"href":"https:\/\/gradido.net\/pl\/wp-json\/wp\/v2\/posts\/1056","targetHints":{"allow":["GET"]}}],"collection":[{"href":"https:\/\/gradido.net\/pl\/wp-json\/wp\/v2\/posts"}],"about":[{"href":"https:\/\/gradido.net\/pl\/wp-json\/wp\/v2\/types\/post"}],"author":[{"embeddable":true,"href":"https:\/\/gradido.net\/pl\/wp-json\/wp\/v2\/users\/2"}],"replies":[{"embeddable":true,"href":"https:\/\/gradido.net\/pl\/wp-json\/wp\/v2\/comments?post=1056"}],"version-history":[{"count":18,"href":"https:\/\/gradido.net\/pl\/wp-json\/wp\/v2\/posts\/1056\/revisions"}],"predecessor-version":[{"id":3742,"href":"https:\/\/gradido.net\/pl\/wp-json\/wp\/v2\/posts\/1056\/revisions\/3742"}],"wp:featuredmedia":[{"embeddable":true,"href":"https:\/\/gradido.net\/pl\/wp-json\/wp\/v2\/media\/1067"}],"wp:attachment":[{"href":"https:\/\/gradido.net\/pl\/wp-json\/wp\/v2\/media?parent=1056"}],"wp:term":[{"taxonomy":"category","embeddable":true,"href":"https:\/\/gradido.net\/pl\/wp-json\/wp\/v2\/categories?post=1056"},{"taxonomy":"post_tag","embeddable":true,"href":"https:\/\/gradido.net\/pl\/wp-json\/wp\/v2\/tags?post=1056"}],"curies":[{"name":"wp","href":"https:\/\/api.w.org\/{rel}","templated":true}]}}