{"id":11499,"date":"2025-09-05T16:51:50","date_gmt":"2025-09-05T14:51:50","guid":{"rendered":"https:\/\/gradido.net\/?p=11499"},"modified":"2026-04-24T07:21:13","modified_gmt":"2026-04-24T05:21:13","slug":"werde-mutmacher-teile-deine-gradido-geschichte","status":"publish","type":"post","link":"https:\/\/gradido.net\/pl\/werde-mutmacher-teile-deine-gradido-geschichte\/","title":{"rendered":"Sta\u0144 si\u0119 zach\u0119t\u0105: podziel si\u0119 swoj\u0105 histori\u0105 Gradido!"},"content":{"rendered":"<div data-elementor-type=\"wp-post\" data-elementor-id=\"11499\" class=\"elementor elementor-11499\" data-elementor-post-type=\"post\">\n\t\t\t\t\t\t<section class=\"elementor-section elementor-top-section elementor-element elementor-element-496e1d53 elementor-section-boxed elementor-section-height-default elementor-section-height-default\" data-id=\"496e1d53\" data-element_type=\"section\" data-e-type=\"section\">\n\t\t\t\t\t\t<div class=\"elementor-container elementor-column-gap-default\">\n\t\t\t\t\t<div class=\"elementor-column elementor-col-100 elementor-top-column elementor-element elementor-element-461d7be0\" data-id=\"461d7be0\" data-element_type=\"column\" data-e-type=\"column\">\n\t\t\t<div class=\"elementor-widget-wrap elementor-element-populated\">\n\t\t\t\t\t\t<div class=\"elementor-element elementor-element-cd9ebe2 elementor-widget elementor-widget-text-editor\" data-id=\"cd9ebe2\" data-element_type=\"widget\" data-e-type=\"widget\" data-widget_type=\"text-editor.default\">\n\t\t\t\t<div class=\"elementor-widget-container\">\n\t\t\t\t\t\t\t\t\t<p style=\"text-align: right;\"><em>\"Nic na \u015bwiecie nie jest tak pot\u0119\u017cne jak idea, kt\u00f3rej czas nadszed\u0142\".<\/em> <br \/><em>-\u00a0<\/em><i>\u00a0Victor Hugo<\/i><\/p><p>Dear Future Shaper,<\/p><p>Coraz wi\u0119cej ludzi pragnie \u017cy\u0107 w dobrobycie, pokoju i wolno\u015bci - w zgodzie ze sob\u0105, spo\u0142eczno\u015bci\u0105 i natur\u0105. Ty r\u00f3wnie\u017c znalaz\u0142e\u015b drog\u0119 do Gradido, poniewa\u017c \u017cyje w tobie marzenie: wizja sprawiedliwego \u015bwiata, w kt\u00f3rym warto \u017cy\u0107 dla wszystkich, dzi\u015b i dla przysz\u0142ych pokole\u0144.<\/p><h3>Ale by\u0107 mo\u017ce znasz te\u017c to uczucie md\u0142o\u015bci:<\/h3><p>Stary system monetarny tworzy ub\u00f3stwo, niepewno\u015b\u0107 i podzia\u0142y - i czasami zadajesz sobie pytanie: Co mog\u0119 zrobi\u0107 jako jednostka? Co je\u015bli moje pragnienie wi\u0119zi i znaczenia pozostanie niewys\u0142uchane?<\/p><h2>Nie jeste\u015b sam!<\/h2><p>Na ca\u0142ym \u015bwiecie ruch zaanga\u017cowanych ludzi budzi si\u0119 i wsp\u00f3lnie prze\u0142amuje nowe bariery. Z Gradido - a zw\u0142aszcza z Tob\u0105! W coraz wi\u0119kszej liczbie ma\u0142ych grup, kr\u0119g\u00f3w przyjaci\u00f3\u0142 i \"kr\u0119g\u00f3w Gradido\" ludzie \u0142\u0105cz\u0105 si\u0119 w zdecentralizowany spos\u00f3b, wzmacniaj\u0105c si\u0119 nawzajem i kszta\u0142tuj\u0105c krok po kroku Now\u0105 Ziemi\u0119.<\/p><p>Nauczyli\u015bmy si\u0119, jak dzia\u0142a \u017cywa natura - i na tej podstawie opracowali\u015bmy model Gradido dla globalnego dobrobytu: w tym bezpieczn\u0105, nowoczesn\u0105, zdecentralizowan\u0105 platform\u0119 i prost\u0105 obs\u0142ug\u0119.<\/p><h2>Teraz zapraszamy:<\/h2><p>Przypomnij sobie, co doprowadzi\u0142o Ci\u0119 do Gradido. Czego pragniesz w \u015bwiecie pokoju i wolno\u015bci? Co inspiruje twoje serce?<\/p><p><strong>Podziel si\u0119 swoimi przemy\u015bleniami, histori\u0105, \u017cyczeniami!<\/strong><\/p><p>Po prostu wy\u015blij nam e-mail - spontanicznie, kr\u00f3tko lub szczeg\u00f3\u0142owo, z imieniem lub bez (tak jak chcesz - Twoja prywatno\u015b\u0107 si\u0119 liczy!).<\/p><p><strong>Najlepsze, najbardziej zach\u0119caj\u0105ce wpisy opublikujemy - je\u015bli chcesz, anonimowo - w kolejnych biuletynach i na naszym blogu. <\/strong><\/p><p>Razem mo\u017cemy wyhodowa\u0107 bukiet nadziei i prawdziwych historii, kt\u00f3re zainspiruj\u0105 wielu innych do stania si\u0119 cz\u0119\u015bci\u0105 tego ruchu.<\/p><p>Ci, kt\u00f3rzy nie pisz\u0105, trac\u0105 szans\u0119 na zab\u0142y\u015bni\u0119cie swoim \u015bwiat\u0142em i do\u015bwiadczenie prawdziwej wi\u0119zi. Ci, kt\u00f3rzy odpowiadaj\u0105, daj\u0105 odwag\u0119, nowe perspektywy i staj\u0105 si\u0119 cz\u0119\u015bci\u0105 rosn\u0105cej, pot\u0119\u017cnej spo\u0142eczno\u015bci, kt\u00f3ra kszta\u0142tuje Now\u0105 Ziemi\u0119.<\/p><h3>B\u0105d\u017a jego cz\u0119\u015bci\u0105 - czekamy na wiadomo\u015b\u0107 od Ciebie!<\/h3><p><strong>Wy\u015blij wiadomo\u015b\u0107 na adres: <a href=\"mailto:support@gradido.net\">support@gradido.net<\/a><\/strong><\/p><p>Razem wykraczamy poza siebie!<\/p><p>Z g\u0142\u0119bok\u0105 wdzi\u0119czno\u015bci\u0105 i solidarno\u015bci\u0105<\/p>\t\t\t\t\t\t\t\t<\/div>\n\t\t\t\t<\/div>\n\t\t\t\t<div class=\"elementor-element elementor-element-d74dfa0 elementor-widget elementor-widget-text-editor\" data-id=\"d74dfa0\" data-element_type=\"widget\" data-e-type=\"widget\" data-widget_type=\"text-editor.default\">\n\t\t\t\t<div class=\"elementor-widget-container\">\n\t\t\t\t\t\t\t\t\t<div data-pm-slice=\"1 1 []\" data-en-clipboard=\"true\"><p><span style=\"font-family: -apple-system, BlinkMacSystemFont, 'Segoe UI', Roboto, 'Helvetica Neue', Arial, 'Noto Sans', sans-serif, 'Apple Color Emoji', 'Segoe UI Emoji', 'Segoe UI Symbol', 'Noto Color Emoji';\">Tw\u00f3j<\/span><\/p><\/div><p><img decoding=\"async\" class=\"alignnone wp-image-4614 size-medium\" src=\"https:\/\/gradido.net\/wp-content\/uploads\/2022\/06\/MargretBernd_2022-300x74.png\" alt=\"\" width=\"300\" height=\"74\" srcset=\"https:\/\/gradido.net\/wp-content\/uploads\/2022\/06\/MargretBernd_2022-300x74.png 300w, https:\/\/gradido.net\/wp-content\/uploads\/2022\/06\/MargretBernd_2022-18x4.png 18w, https:\/\/gradido.net\/wp-content\/uploads\/2022\/06\/MargretBernd_2022.png 431w\" sizes=\"(max-width: 300px) 100vw, 300px\" \/><\/p><p>Margret Baier i Bernd H\u00fcckst\u00e4dt<br \/>Za\u0142o\u017cyciel i deweloper Gradido<\/p>\t\t\t\t\t\t\t\t<\/div>\n\t\t\t\t<\/div>\n\t\t\t\t\t<\/div>\n\t\t<\/div>\n\t\t\t\t\t<\/div>\n\t\t<\/section>\n\t\t\t\t<section class=\"elementor-section elementor-top-section elementor-element elementor-element-14532fe elementor-section-boxed elementor-section-height-default elementor-section-height-default\" data-id=\"14532fe\" data-element_type=\"section\" data-e-type=\"section\">\n\t\t\t\t\t\t<div class=\"elementor-container elementor-column-gap-default\">\n\t\t\t\t\t<div class=\"elementor-column elementor-col-100 elementor-top-column elementor-element elementor-element-65d2298\" data-id=\"65d2298\" data-element_type=\"column\" data-e-type=\"column\">\n\t\t\t<div class=\"elementor-widget-wrap elementor-element-populated\">\n\t\t\t\t\t\t<div class=\"elementor-element elementor-element-bea124f elementor-widget elementor-widget-global elementor-global-9341 elementor-widget-text-editor\" data-id=\"bea124f\" data-element_type=\"widget\" data-e-type=\"widget\" data-widget_type=\"text-editor.default\">\n\t\t\t\t<div class=\"elementor-widget-container\">\n\t\t\t\t\t\t\t\t\t<p><strong>PS:\u00a0<span style=\"color: #ff6600;\"><a style=\"color: #ff6600;\" href=\"https:\/\/gradido.net\/pl\/donations\/\">Ze wzgl\u0119du na stale rosn\u0105ce znaczenie Gradido, powtarzamy nasz\u0105 kampani\u0119 wdzi\u0119czno\u015bci 26 czerwca 2026 roku:<\/a>\u00a0<\/span><span style=\"color: #0000ff;\"><a style=\"color: #0000ff;\" href=\"https:\/\/gradido.net\/pl\/donations\/\">Opr\u00f3cz wielokrotnego GradidoTransform za wk\u0142ad sponsorski, 26\/06\/2016 zwi\u0119kszymy salda wszystkich kont GDT o 26%. Zosta\u0144 sponsorem ju\u017c teraz i ciesz si\u0119 wielokrotno\u015bci\u0105 GDT!<\/a><\/span><\/strong><\/p>\t\t\t\t\t\t\t\t<\/div>\n\t\t\t\t<\/div>\n\t\t\t\t\t<\/div>\n\t\t<\/div>\n\t\t\t\t\t<\/div>\n\t\t<\/section>\n\t\t\t\t<section class=\"elementor-section elementor-top-section elementor-element elementor-element-29dfc07 elementor-section-boxed elementor-section-height-default elementor-section-height-default\" data-id=\"29dfc07\" data-element_type=\"section\" data-e-type=\"section\">\n\t\t\t\t\t\t<div class=\"elementor-container elementor-column-gap-default\">\n\t\t\t\t\t<div class=\"elementor-column elementor-col-100 elementor-top-column elementor-element elementor-element-d37ec5a\" data-id=\"d37ec5a\" data-element_type=\"column\" data-e-type=\"column\">\n\t\t\t<div class=\"elementor-widget-wrap\">\n\t\t\t\t\t\t\t<\/div>\n\t\t<\/div>\n\t\t\t\t\t<\/div>\n\t\t<\/section>\n\t\t\t\t<section class=\"elementor-section elementor-top-section elementor-element elementor-element-b3bbb9b elementor-section-boxed elementor-section-height-default elementor-section-height-default\" data-id=\"b3bbb9b\" data-element_type=\"section\" data-e-type=\"section\">\n\t\t\t\t\t\t<div class=\"elementor-container elementor-column-gap-default\">\n\t\t\t\t\t<div class=\"elementor-column elementor-col-100 elementor-top-column elementor-element elementor-element-a7e88ad\" data-id=\"a7e88ad\" data-element_type=\"column\" data-e-type=\"column\">\n\t\t\t<div class=\"elementor-widget-wrap\">\n\t\t\t\t\t\t\t<\/div>\n\t\t<\/div>\n\t\t\t\t\t<\/div>\n\t\t<\/section>\n\t\t\t\t<\/div>","protected":false},"excerpt":{"rendered":"<p>B\u0119dziemy publikowa\u0107 najlepsze, najbardziej zach\u0119caj\u0105ce zg\u0142oszenia w kolejnych biuletynach i na naszym blogu. W ten spos\u00f3b wsp\u00f3lnie mo\u017cemy stworzy\u0107 bukiet nadziei i prawdziwych historii, kt\u00f3re zainspiruj\u0105 wielu innych do przy\u0142\u0105czenia si\u0119 do tego ruchu.<\/p>","protected":false},"author":2,"featured_media":8453,"comment_status":"closed","ping_status":"closed","sticky":false,"template":"","format":"standard","meta":{"footnotes":""},"categories":[11,54],"tags":[],"class_list":["post-11499","post","type-post","status-publish","format-standard","has-post-thumbnail","hentry","category-blog","category-community"],"yoast_head":"<!-- This site is optimized with the Yoast SEO plugin v27.5 - https:\/\/yoast.com\/product\/yoast-seo-wordpress\/ -->\n<title>Werde Mutmacher: Teile Deine Gradido-Geschichte! - Gradido<\/title>\n<meta name=\"description\" content=\"Eure sch\u00f6nsten, mutmachendsten Einsendungen ver\u00f6ffentlichen wir in kommenden Newslettern und auf unserem Blog. So k\u00f6nnen wir gemeinsam den Blumenstrau\u00df der Hoffnung und echten Geschichten wachsen lassen, der noch viele andere inspiriert, Teil dieser Bewegung zu werden.\" \/>\n<meta name=\"robots\" content=\"index, follow, max-snippet:-1, max-image-preview:large, max-video-preview:-1\" \/>\n<link rel=\"canonical\" href=\"https:\/\/gradido.net\/pl\/werde-mutmacher-teile-deine-gradido-geschichte\/\" \/>\n<meta property=\"og:locale\" content=\"pl_PL\" \/>\n<meta property=\"og:type\" content=\"article\" \/>\n<meta property=\"og:title\" content=\"Werde Mutmacher: Teile Deine Gradido-Geschichte! - Gradido\" \/>\n<meta property=\"og:description\" content=\"Eure sch\u00f6nsten, mutmachendsten Einsendungen ver\u00f6ffentlichen wir in kommenden Newslettern und auf unserem Blog. So k\u00f6nnen wir gemeinsam den Blumenstrau\u00df der Hoffnung und echten Geschichten wachsen lassen, der noch viele andere inspiriert, Teil dieser Bewegung zu werden.\" \/>\n<meta property=\"og:url\" content=\"https:\/\/gradido.net\/pl\/werde-mutmacher-teile-deine-gradido-geschichte\/\" \/>\n<meta property=\"og:site_name\" content=\"Gradido\" \/>\n<meta property=\"article:published_time\" content=\"2025-09-05T14:51:50+00:00\" \/>\n<meta property=\"article:modified_time\" content=\"2026-04-24T05:21:13+00:00\" \/>\n<meta property=\"og:image\" content=\"https:\/\/gradido.net\/wp-content\/uploads\/2023\/12\/AdobeStock_623322374-scaled.jpeg\" \/>\n\t<meta property=\"og:image:width\" content=\"2560\" \/>\n\t<meta property=\"og:image:height\" content=\"640\" \/>\n\t<meta property=\"og:image:type\" content=\"image\/jpeg\" \/>\n<meta name=\"author\" content=\"Bernd H\u00fcckst\u00e4dt\" \/>\n<meta name=\"twitter:card\" content=\"summary_large_image\" \/>\n<meta name=\"twitter:label1\" content=\"Napisane przez\" \/>\n\t<meta name=\"twitter:data1\" content=\"Bernd H\u00fcckst\u00e4dt\" \/>\n\t<meta name=\"twitter:label2\" content=\"Szacowany czas czytania\" \/>\n\t<meta name=\"twitter:data2\" content=\"3 minuty\" \/>\n<script type=\"application\/ld+json\" class=\"yoast-schema-graph\">{\"@context\":\"https:\\\/\\\/schema.org\",\"@graph\":[{\"@type\":\"Article\",\"@id\":\"https:\\\/\\\/gradido.net\\\/werde-mutmacher-teile-deine-gradido-geschichte\\\/#article\",\"isPartOf\":{\"@id\":\"https:\\\/\\\/gradido.net\\\/werde-mutmacher-teile-deine-gradido-geschichte\\\/\"},\"author\":{\"name\":\"Bernd H\u00fcckst\u00e4dt\",\"@id\":\"https:\\\/\\\/gradido.net\\\/de\\\/#\\\/schema\\\/person\\\/9c503a004ad15a1ddecadce2218db5d1\"},\"headline\":\"Werde Mutmacher: Teile Deine Gradido-Geschichte!\",\"datePublished\":\"2025-09-05T14:51:50+00:00\",\"dateModified\":\"2026-04-24T05:21:13+00:00\",\"mainEntityOfPage\":{\"@id\":\"https:\\\/\\\/gradido.net\\\/werde-mutmacher-teile-deine-gradido-geschichte\\\/\"},\"wordCount\":421,\"publisher\":{\"@id\":\"https:\\\/\\\/gradido.net\\\/de\\\/#organization\"},\"image\":{\"@id\":\"https:\\\/\\\/gradido.net\\\/werde-mutmacher-teile-deine-gradido-geschichte\\\/#primaryimage\"},\"thumbnailUrl\":\"https:\\\/\\\/gradido.net\\\/wp-content\\\/uploads\\\/2023\\\/12\\\/AdobeStock_623322374-scaled.jpeg\",\"articleSection\":[\"Blog\",\"Community\"],\"inLanguage\":\"pl-PL\"},{\"@type\":\"WebPage\",\"@id\":\"https:\\\/\\\/gradido.net\\\/werde-mutmacher-teile-deine-gradido-geschichte\\\/\",\"url\":\"https:\\\/\\\/gradido.net\\\/werde-mutmacher-teile-deine-gradido-geschichte\\\/\",\"name\":\"Werde Mutmacher: Teile Deine Gradido-Geschichte! - Gradido\",\"isPartOf\":{\"@id\":\"https:\\\/\\\/gradido.net\\\/de\\\/#website\"},\"primaryImageOfPage\":{\"@id\":\"https:\\\/\\\/gradido.net\\\/werde-mutmacher-teile-deine-gradido-geschichte\\\/#primaryimage\"},\"image\":{\"@id\":\"https:\\\/\\\/gradido.net\\\/werde-mutmacher-teile-deine-gradido-geschichte\\\/#primaryimage\"},\"thumbnailUrl\":\"https:\\\/\\\/gradido.net\\\/wp-content\\\/uploads\\\/2023\\\/12\\\/AdobeStock_623322374-scaled.jpeg\",\"datePublished\":\"2025-09-05T14:51:50+00:00\",\"dateModified\":\"2026-04-24T05:21:13+00:00\",\"description\":\"Eure sch\u00f6nsten, mutmachendsten Einsendungen ver\u00f6ffentlichen wir in kommenden Newslettern und auf unserem Blog. So k\u00f6nnen wir gemeinsam den Blumenstrau\u00df der Hoffnung und echten Geschichten wachsen lassen, der noch viele andere inspiriert, Teil dieser Bewegung zu werden.\",\"breadcrumb\":{\"@id\":\"https:\\\/\\\/gradido.net\\\/werde-mutmacher-teile-deine-gradido-geschichte\\\/#breadcrumb\"},\"inLanguage\":\"pl-PL\",\"potentialAction\":[{\"@type\":\"ReadAction\",\"target\":[\"https:\\\/\\\/gradido.net\\\/werde-mutmacher-teile-deine-gradido-geschichte\\\/\"]}]},{\"@type\":\"ImageObject\",\"inLanguage\":\"pl-PL\",\"@id\":\"https:\\\/\\\/gradido.net\\\/werde-mutmacher-teile-deine-gradido-geschichte\\\/#primaryimage\",\"url\":\"https:\\\/\\\/gradido.net\\\/wp-content\\\/uploads\\\/2023\\\/12\\\/AdobeStock_623322374-scaled.jpeg\",\"contentUrl\":\"https:\\\/\\\/gradido.net\\\/wp-content\\\/uploads\\\/2023\\\/12\\\/AdobeStock_623322374-scaled.jpeg\",\"width\":2560,\"height\":640},{\"@type\":\"BreadcrumbList\",\"@id\":\"https:\\\/\\\/gradido.net\\\/werde-mutmacher-teile-deine-gradido-geschichte\\\/#breadcrumb\",\"itemListElement\":[{\"@type\":\"ListItem\",\"position\":1,\"name\":\"Startseite\",\"item\":\"https:\\\/\\\/gradido.net\\\/\"},{\"@type\":\"ListItem\",\"position\":2,\"name\":\"Werde Mutmacher: Teile Deine Gradido-Geschichte!\"}]},{\"@type\":\"WebSite\",\"@id\":\"https:\\\/\\\/gradido.net\\\/de\\\/#website\",\"url\":\"https:\\\/\\\/gradido.net\\\/de\\\/\",\"name\":\"Gradido\",\"description\":\"Die neue W\u00e4hrung hei\u00dft Dankbarkeit\",\"publisher\":{\"@id\":\"https:\\\/\\\/gradido.net\\\/de\\\/#organization\"},\"potentialAction\":[{\"@type\":\"SearchAction\",\"target\":{\"@type\":\"EntryPoint\",\"urlTemplate\":\"https:\\\/\\\/gradido.net\\\/de\\\/?s={search_term_string}\"},\"query-input\":{\"@type\":\"PropertyValueSpecification\",\"valueRequired\":true,\"valueName\":\"search_term_string\"}}],\"inLanguage\":\"pl-PL\"},{\"@type\":\"Organization\",\"@id\":\"https:\\\/\\\/gradido.net\\\/de\\\/#organization\",\"name\":\"Gradido\",\"url\":\"https:\\\/\\\/gradido.net\\\/de\\\/\",\"logo\":{\"@type\":\"ImageObject\",\"inLanguage\":\"pl-PL\",\"@id\":\"https:\\\/\\\/gradido.net\\\/de\\\/#\\\/schema\\\/logo\\\/image\\\/\",\"url\":\"https:\\\/\\\/gradido.net\\\/wp-content\\\/uploads\\\/2022\\\/04\\\/gradido-social.jpg\",\"contentUrl\":\"https:\\\/\\\/gradido.net\\\/wp-content\\\/uploads\\\/2022\\\/04\\\/gradido-social.jpg\",\"width\":527,\"height\":273,\"caption\":\"Gradido\"},\"image\":{\"@id\":\"https:\\\/\\\/gradido.net\\\/de\\\/#\\\/schema\\\/logo\\\/image\\\/\"}},{\"@type\":\"Person\",\"@id\":\"https:\\\/\\\/gradido.net\\\/de\\\/#\\\/schema\\\/person\\\/9c503a004ad15a1ddecadce2218db5d1\",\"name\":\"Bernd H\u00fcckst\u00e4dt\",\"sameAs\":[\"https:\\\/\\\/gradido.net\"],\"url\":\"https:\\\/\\\/gradido.net\\\/pl\\\/author\\\/bernd\\\/\"}]}<\/script>\n<!-- \/ Yoast SEO plugin. -->","yoast_head_json":{"title":"Zosta\u0144 zach\u0119caj\u0105cym: Podziel si\u0119 swoj\u0105 histori\u0105 Gradido! - Gradido","description":"B\u0119dziemy publikowa\u0107 najlepsze, najbardziej zach\u0119caj\u0105ce zg\u0142oszenia w kolejnych biuletynach i na naszym blogu. W ten spos\u00f3b wsp\u00f3lnie mo\u017cemy stworzy\u0107 bukiet nadziei i prawdziwych historii, kt\u00f3re zainspiruj\u0105 wielu innych do przy\u0142\u0105czenia si\u0119 do tego ruchu.","robots":{"index":"index","follow":"follow","max-snippet":"max-snippet:-1","max-image-preview":"max-image-preview:large","max-video-preview":"max-video-preview:-1"},"canonical":"https:\/\/gradido.net\/pl\/werde-mutmacher-teile-deine-gradido-geschichte\/","og_locale":"pl_PL","og_type":"article","og_title":"Werde Mutmacher: Teile Deine Gradido-Geschichte! - Gradido","og_description":"Eure sch\u00f6nsten, mutmachendsten Einsendungen ver\u00f6ffentlichen wir in kommenden Newslettern und auf unserem Blog. So k\u00f6nnen wir gemeinsam den Blumenstrau\u00df der Hoffnung und echten Geschichten wachsen lassen, der noch viele andere inspiriert, Teil dieser Bewegung zu werden.","og_url":"https:\/\/gradido.net\/pl\/werde-mutmacher-teile-deine-gradido-geschichte\/","og_site_name":"Gradido","article_published_time":"2025-09-05T14:51:50+00:00","article_modified_time":"2026-04-24T05:21:13+00:00","og_image":[{"width":2560,"height":640,"url":"https:\/\/gradido.net\/wp-content\/uploads\/2023\/12\/AdobeStock_623322374-scaled.jpeg","type":"image\/jpeg"}],"author":"Bernd H\u00fcckst\u00e4dt","twitter_card":"summary_large_image","twitter_misc":{"Napisane przez":"Bernd H\u00fcckst\u00e4dt","Szacowany czas czytania":"3 minuty"},"schema":{"@context":"https:\/\/schema.org","@graph":[{"@type":"Article","@id":"https:\/\/gradido.net\/werde-mutmacher-teile-deine-gradido-geschichte\/#article","isPartOf":{"@id":"https:\/\/gradido.net\/werde-mutmacher-teile-deine-gradido-geschichte\/"},"author":{"name":"Bernd H\u00fcckst\u00e4dt","@id":"https:\/\/gradido.net\/de\/#\/schema\/person\/9c503a004ad15a1ddecadce2218db5d1"},"headline":"Werde Mutmacher: Teile Deine Gradido-Geschichte!","datePublished":"2025-09-05T14:51:50+00:00","dateModified":"2026-04-24T05:21:13+00:00","mainEntityOfPage":{"@id":"https:\/\/gradido.net\/werde-mutmacher-teile-deine-gradido-geschichte\/"},"wordCount":421,"publisher":{"@id":"https:\/\/gradido.net\/de\/#organization"},"image":{"@id":"https:\/\/gradido.net\/werde-mutmacher-teile-deine-gradido-geschichte\/#primaryimage"},"thumbnailUrl":"https:\/\/gradido.net\/wp-content\/uploads\/2023\/12\/AdobeStock_623322374-scaled.jpeg","articleSection":["Blog","Community"],"inLanguage":"pl-PL"},{"@type":"WebPage","@id":"https:\/\/gradido.net\/werde-mutmacher-teile-deine-gradido-geschichte\/","url":"https:\/\/gradido.net\/werde-mutmacher-teile-deine-gradido-geschichte\/","name":"Zosta\u0144 zach\u0119caj\u0105cym: Podziel si\u0119 swoj\u0105 histori\u0105 Gradido! - Gradido","isPartOf":{"@id":"https:\/\/gradido.net\/de\/#website"},"primaryImageOfPage":{"@id":"https:\/\/gradido.net\/werde-mutmacher-teile-deine-gradido-geschichte\/#primaryimage"},"image":{"@id":"https:\/\/gradido.net\/werde-mutmacher-teile-deine-gradido-geschichte\/#primaryimage"},"thumbnailUrl":"https:\/\/gradido.net\/wp-content\/uploads\/2023\/12\/AdobeStock_623322374-scaled.jpeg","datePublished":"2025-09-05T14:51:50+00:00","dateModified":"2026-04-24T05:21:13+00:00","description":"B\u0119dziemy publikowa\u0107 najlepsze, najbardziej zach\u0119caj\u0105ce zg\u0142oszenia w kolejnych biuletynach i na naszym blogu. W ten spos\u00f3b wsp\u00f3lnie mo\u017cemy stworzy\u0107 bukiet nadziei i prawdziwych historii, kt\u00f3re zainspiruj\u0105 wielu innych do przy\u0142\u0105czenia si\u0119 do tego ruchu.","breadcrumb":{"@id":"https:\/\/gradido.net\/werde-mutmacher-teile-deine-gradido-geschichte\/#breadcrumb"},"inLanguage":"pl-PL","potentialAction":[{"@type":"ReadAction","target":["https:\/\/gradido.net\/werde-mutmacher-teile-deine-gradido-geschichte\/"]}]},{"@type":"ImageObject","inLanguage":"pl-PL","@id":"https:\/\/gradido.net\/werde-mutmacher-teile-deine-gradido-geschichte\/#primaryimage","url":"https:\/\/gradido.net\/wp-content\/uploads\/2023\/12\/AdobeStock_623322374-scaled.jpeg","contentUrl":"https:\/\/gradido.net\/wp-content\/uploads\/2023\/12\/AdobeStock_623322374-scaled.jpeg","width":2560,"height":640},{"@type":"BreadcrumbList","@id":"https:\/\/gradido.net\/werde-mutmacher-teile-deine-gradido-geschichte\/#breadcrumb","itemListElement":[{"@type":"ListItem","position":1,"name":"Startseite","item":"https:\/\/gradido.net\/"},{"@type":"ListItem","position":2,"name":"Werde Mutmacher: Teile Deine Gradido-Geschichte!"}]},{"@type":"WebSite","@id":"https:\/\/gradido.net\/de\/#website","url":"https:\/\/gradido.net\/de\/","name":"Gradido","description":"Now\u0105 walut\u0105 jest wdzi\u0119czno\u015b\u0107","publisher":{"@id":"https:\/\/gradido.net\/de\/#organization"},"potentialAction":[{"@type":"SearchAction","target":{"@type":"EntryPoint","urlTemplate":"https:\/\/gradido.net\/de\/?s={search_term_string}"},"query-input":{"@type":"PropertyValueSpecification","valueRequired":true,"valueName":"search_term_string"}}],"inLanguage":"pl-PL"},{"@type":"Organization","@id":"https:\/\/gradido.net\/de\/#organization","name":"Gradido","url":"https:\/\/gradido.net\/de\/","logo":{"@type":"ImageObject","inLanguage":"pl-PL","@id":"https:\/\/gradido.net\/de\/#\/schema\/logo\/image\/","url":"https:\/\/gradido.net\/wp-content\/uploads\/2022\/04\/gradido-social.jpg","contentUrl":"https:\/\/gradido.net\/wp-content\/uploads\/2022\/04\/gradido-social.jpg","width":527,"height":273,"caption":"Gradido"},"image":{"@id":"https:\/\/gradido.net\/de\/#\/schema\/logo\/image\/"}},{"@type":"Person","@id":"https:\/\/gradido.net\/de\/#\/schema\/person\/9c503a004ad15a1ddecadce2218db5d1","name":"Bernd H\u00fcckst\u00e4dt","sameAs":["https:\/\/gradido.net"],"url":"https:\/\/gradido.net\/pl\/author\/bernd\/"}]}},"_links":{"self":[{"href":"https:\/\/gradido.net\/pl\/wp-json\/wp\/v2\/posts\/11499","targetHints":{"allow":["GET"]}}],"collection":[{"href":"https:\/\/gradido.net\/pl\/wp-json\/wp\/v2\/posts"}],"about":[{"href":"https:\/\/gradido.net\/pl\/wp-json\/wp\/v2\/types\/post"}],"author":[{"embeddable":true,"href":"https:\/\/gradido.net\/pl\/wp-json\/wp\/v2\/users\/2"}],"replies":[{"embeddable":true,"href":"https:\/\/gradido.net\/pl\/wp-json\/wp\/v2\/comments?post=11499"}],"version-history":[{"count":12,"href":"https:\/\/gradido.net\/pl\/wp-json\/wp\/v2\/posts\/11499\/revisions"}],"predecessor-version":[{"id":13573,"href":"https:\/\/gradido.net\/pl\/wp-json\/wp\/v2\/posts\/11499\/revisions\/13573"}],"wp:featuredmedia":[{"embeddable":true,"href":"https:\/\/gradido.net\/pl\/wp-json\/wp\/v2\/media\/8453"}],"wp:attachment":[{"href":"https:\/\/gradido.net\/pl\/wp-json\/wp\/v2\/media?parent=11499"}],"wp:term":[{"taxonomy":"category","embeddable":true,"href":"https:\/\/gradido.net\/pl\/wp-json\/wp\/v2\/categories?post=11499"},{"taxonomy":"post_tag","embeddable":true,"href":"https:\/\/gradido.net\/pl\/wp-json\/wp\/v2\/tags?post=11499"}],"curies":[{"name":"wp","href":"https:\/\/api.w.org\/{rel}","templated":true}]}}