{"id":11586,"date":"2025-09-14T09:35:05","date_gmt":"2025-09-14T07:35:05","guid":{"rendered":"https:\/\/gradido.net\/?p=11586"},"modified":"2026-04-24T07:19:18","modified_gmt":"2026-04-24T05:19:18","slug":"welt-mutter-kongress","status":"publish","type":"post","link":"https:\/\/gradido.net\/pl\/welt-mutter-kongress\/","title":{"rendered":"Zaproszenie na \u015awiatowy Kongres Matek 15-26 wrze\u015bnia 2025 r."},"content":{"rendered":"<div data-elementor-type=\"wp-post\" data-elementor-id=\"11586\" class=\"elementor elementor-11586\" data-elementor-post-type=\"post\">\n\t\t\t\t\t\t<section class=\"elementor-section elementor-top-section elementor-element elementor-element-496e1d53 elementor-section-boxed elementor-section-height-default elementor-section-height-default\" data-id=\"496e1d53\" data-element_type=\"section\" data-e-type=\"section\">\n\t\t\t\t\t\t<div class=\"elementor-container elementor-column-gap-default\">\n\t\t\t\t\t<div class=\"elementor-column elementor-col-100 elementor-top-column elementor-element elementor-element-461d7be0\" data-id=\"461d7be0\" data-element_type=\"column\" data-e-type=\"column\">\n\t\t\t<div class=\"elementor-widget-wrap elementor-element-populated\">\n\t\t\t\t\t\t<div class=\"elementor-element elementor-element-cd9ebe2 elementor-widget elementor-widget-text-editor\" data-id=\"cd9ebe2\" data-element_type=\"widget\" data-e-type=\"widget\" data-widget_type=\"text-editor.default\">\n\t\t\t\t<div class=\"elementor-widget-container\">\n\t\t\t\t\t\t\t\t\t<p style=\"text-align: right;\"><em>\"Mi\u0142o\u015b\u0107 jest \u017ar\u00f3d\u0142em, celem i spe\u0142nieniem wszystkich rzeczy\".<\/em> <br \/><em>- Friedrich von Schlegel<\/em><\/p><div><p>Drogi Czytelniku,<\/p><p>Po\u015br\u00f3d wyzwa\u0144 codziennego \u017cycia, gdy oczekiwania, w\u0105tpliwo\u015bci i wyczerpanie przy\u0107miewaj\u0105 rado\u015b\u0107, ro\u015bnie t\u0119sknota za now\u0105 witalno\u015bci\u0105 i prawdziwym po\u0142\u0105czeniem. Jak by to by\u0142o ponownie po\u0142\u0105czy\u0107 si\u0119 z samym sob\u0105, otworzy\u0107 swoje serce na \u017cycie i kroczy\u0107 woln\u0105, pe\u0142n\u0105 mi\u0142o\u015bci \u015bcie\u017ck\u0105 razem z innymi?<\/p><p><strong>\u015awiatowy Kongres Matek serdecznie zaprasza na dwana\u015bcie dni pe\u0142nych inspiracji, uzdrawiaj\u0105cych impuls\u00f3w i \u017cywej spo\u0142eczno\u015bci:<\/strong><\/p><ul><li>Rozpocznij ka\u017cdy dzie\u0144 od koj\u0105cej porannej medytacji, otw\u00f3rz si\u0119 na now\u0105 si\u0142\u0119 i wewn\u0119trzne przewodnictwo.<\/li><li>Daj si\u0119 obdarowa\u0107 wieczorem wspania\u0142ymi warsztatami pe\u0142nymi m\u0105dro\u015bci, rozpuszczania starych wzorc\u00f3w i praktycznych zastosowa\u0144.<\/li><li>Podczas kongresu b\u0119dzie ci towarzyszy\u0107 mi\u0142o\u015b\u0107 - dedykowany kana\u0142 telegramu b\u0119dzie przekazywa\u0107 ci codzienn\u0105 energi\u0119, wymian\u0119 i inspiracj\u0119, tak aby ka\u017cde do\u015bwiadczenie nios\u0142o ci\u0119 \u0142agodnie i bezpiecznie.<\/li><li>Wszystkie tre\u015bci s\u0105 r\u00f3wnie\u017c oferowane z angielskimi napisami, dzi\u0119ki czemu si\u0142a tej wsp\u00f3lnoty dociera do serc z ca\u0142ego \u015bwiata.<\/li><\/ul><h3>Dost\u0119p do wiedzy i do\u015bwiadczenia:<\/h3><p>Inspiruj\u0105ce wypowiedzi ponad 30 prelegent\u00f3w s\u0105 dost\u0119pne ka\u017cdego dnia, w tym<\/p><p>Urs Wirths, Scarlett, Lisa Elisaweta Wall, Christiane Trautwein-Lykke, Uwe Albrecht, Chiara Di Giusto, Eva Abert, Susanne Dulle, Julia Mandel, Sigrid Reutter, Armin Kittl, Modita Wieser, Yvonne Waldraff, Detlef Werner Saraburg, Alicia Kusumitra, Anna Roth, Anja Sch\u00e4fer, Lina Oswald, Arno M\u00fcller, Felipa, Leonarda, Anita - kap\u0142anki z Peru, Salome Carrasco, Niklas Lentz, Dragica Schadegg, Frank Jacob, Bernd von Gradido, Martin Altherr, Tanja Gruber, Nils \u00d6rum, Melanie Missing, Klaus Rempe, Eric Standop, Joachim Nusch, Saeed Habibzadeh i wielu innych.<\/p><p>W prezencie wraz z rejestracj\u0105 otrzymasz e-mailem osobisty przewodnik po kongresie, a tak\u017ce cenne vouchery na pakiety kongresowe.<\/p><h3>Uczy\u0144 ten czas swoj\u0105 wyj\u0105tkow\u0105 podr\u00f3\u017c\u0105:<\/h3><p>Drzwi s\u0105 otwarte na podr\u00f3\u017c pe\u0142n\u0105 wspomnie\u0144, inspiracji i nowej rado\u015bci \u017cycia - dla Ciebie, Twojej rodziny i przysz\u0142ych pokole\u0144.<\/p><p><strong>Zarejestruj si\u0119 teraz za darmo:<\/strong><br \/>\ud83d\udc49 <a href=\"https:\/\/www.weltmutterkongress.de\/#aff=gradido\" target=\"_blank\" rel=\"noopener\">Zarejestruj si\u0119 tutaj bezp\u0142atnie<\/a><\/p><p>Bardzo dzi\u0119kujemy za bycie z nami! Razem tworzymy przestrze\u0144 po\u0142\u0105czenia, uzdrowienia i nadziei na now\u0105 er\u0119.<\/p><p>Od serca<\/p><div data-pm-slice=\"1 1 []\" data-en-clipboard=\"true\"><p><span style=\"font-family: -apple-system, BlinkMacSystemFont, 'Segoe UI', Roboto, 'Helvetica Neue', Arial, 'Noto Sans', sans-serif, 'Apple Color Emoji', 'Segoe UI Emoji', 'Segoe UI Symbol', 'Noto Color Emoji';\">Tw\u00f3j<\/span><\/p><\/div><p><img decoding=\"async\" class=\"alignnone wp-image-4614 size-medium\" src=\"https:\/\/gradido.net\/wp-content\/uploads\/2022\/06\/MargretBernd_2022-300x74.png\" alt=\"\" width=\"300\" height=\"74\" srcset=\"https:\/\/gradido.net\/wp-content\/uploads\/2022\/06\/MargretBernd_2022-300x74.png 300w, https:\/\/gradido.net\/wp-content\/uploads\/2022\/06\/MargretBernd_2022-18x4.png 18w, https:\/\/gradido.net\/wp-content\/uploads\/2022\/06\/MargretBernd_2022.png 431w\" sizes=\"(max-width: 300px) 100vw, 300px\" \/><\/p><p>Margret Baier i Bernd H\u00fcckst\u00e4dt<br \/>Za\u0142o\u017cyciel i deweloper Gradido<\/p><\/div>\t\t\t\t\t\t\t\t<\/div>\n\t\t\t\t<\/div>\n\t\t\t\t<div class=\"elementor-element elementor-element-db3fa8e elementor-widget-divider--view-line elementor-widget elementor-widget-divider\" data-id=\"db3fa8e\" data-element_type=\"widget\" data-e-type=\"widget\" data-widget_type=\"divider.default\">\n\t\t\t\t<div class=\"elementor-widget-container\">\n\t\t\t\t\t\t\t<div class=\"elementor-divider\">\n\t\t\t<span class=\"elementor-divider-separator\">\n\t\t\t\t\t\t<\/span>\n\t\t<\/div>\n\t\t\t\t\t\t<\/div>\n\t\t\t\t<\/div>\n\t\t\t\t\t<\/div>\n\t\t<\/div>\n\t\t\t\t\t<\/div>\n\t\t<\/section>\n\t\t\t\t<section class=\"elementor-section elementor-top-section elementor-element elementor-element-14532fe elementor-section-boxed elementor-section-height-default elementor-section-height-default\" data-id=\"14532fe\" data-element_type=\"section\" data-e-type=\"section\">\n\t\t\t\t\t\t<div class=\"elementor-container elementor-column-gap-default\">\n\t\t\t\t\t<div class=\"elementor-column elementor-col-100 elementor-top-column elementor-element elementor-element-65d2298\" data-id=\"65d2298\" data-element_type=\"column\" data-e-type=\"column\">\n\t\t\t<div class=\"elementor-widget-wrap elementor-element-populated\">\n\t\t\t\t\t\t<div class=\"elementor-element elementor-element-bea124f elementor-widget elementor-widget-global elementor-global-9341 elementor-widget-text-editor\" data-id=\"bea124f\" data-element_type=\"widget\" data-e-type=\"widget\" data-widget_type=\"text-editor.default\">\n\t\t\t\t<div class=\"elementor-widget-container\">\n\t\t\t\t\t\t\t\t\t<p><strong>PS:\u00a0<span style=\"color: #ff6600;\"><a style=\"color: #ff6600;\" href=\"https:\/\/gradido.net\/pl\/donations\/\">Ze wzgl\u0119du na stale rosn\u0105ce znaczenie Gradido, powtarzamy nasz\u0105 kampani\u0119 wdzi\u0119czno\u015bci 26 czerwca 2026 roku:<\/a>\u00a0<\/span><span style=\"color: #0000ff;\"><a style=\"color: #0000ff;\" href=\"https:\/\/gradido.net\/pl\/donations\/\">Opr\u00f3cz wielokrotnego GradidoTransform za wk\u0142ad sponsorski, 26\/06\/2016 zwi\u0119kszymy salda wszystkich kont GDT o 26%. Zosta\u0144 sponsorem ju\u017c teraz i ciesz si\u0119 wielokrotno\u015bci\u0105 GDT!<\/a><\/span><\/strong><\/p>\t\t\t\t\t\t\t\t<\/div>\n\t\t\t\t<\/div>\n\t\t\t\t\t<\/div>\n\t\t<\/div>\n\t\t\t\t\t<\/div>\n\t\t<\/section>\n\t\t\t\t<section class=\"elementor-section elementor-top-section elementor-element elementor-element-29dfc07 elementor-section-boxed elementor-section-height-default elementor-section-height-default\" data-id=\"29dfc07\" data-element_type=\"section\" data-e-type=\"section\">\n\t\t\t\t\t\t<div class=\"elementor-container elementor-column-gap-default\">\n\t\t\t\t\t<div class=\"elementor-column elementor-col-100 elementor-top-column elementor-element elementor-element-d37ec5a\" data-id=\"d37ec5a\" data-element_type=\"column\" data-e-type=\"column\">\n\t\t\t<div class=\"elementor-widget-wrap\">\n\t\t\t\t\t\t\t<\/div>\n\t\t<\/div>\n\t\t\t\t\t<\/div>\n\t\t<\/section>\n\t\t\t\t<section class=\"elementor-section elementor-top-section elementor-element elementor-element-b3bbb9b elementor-section-boxed elementor-section-height-default elementor-section-height-default\" data-id=\"b3bbb9b\" data-element_type=\"section\" data-e-type=\"section\">\n\t\t\t\t\t\t<div class=\"elementor-container elementor-column-gap-default\">\n\t\t\t\t\t<div class=\"elementor-column elementor-col-100 elementor-top-column elementor-element elementor-element-a7e88ad\" data-id=\"a7e88ad\" data-element_type=\"column\" data-e-type=\"column\">\n\t\t\t<div class=\"elementor-widget-wrap\">\n\t\t\t\t\t\t\t<\/div>\n\t\t<\/div>\n\t\t\t\t\t<\/div>\n\t\t<\/section>\n\t\t\t\t<\/div>","protected":false},"excerpt":{"rendered":"<p>Jak by to by\u0142o ponownie po\u0142\u0105czy\u0107 si\u0119 ze sob\u0105, otworzy\u0107 swoje serce na \u017cycie i kroczy\u0107 woln\u0105, pe\u0142n\u0105 mi\u0142o\u015bci \u015bcie\u017ck\u0105 razem z innymi? \u015awiatowy Kongres Matek serdecznie zaprasza na dwana\u015bcie dni pe\u0142nych inspiracji, uzdrawiaj\u0105cych impuls\u00f3w i \u017cywej spo\u0142eczno\u015bci.<\/p>","protected":false},"author":2,"featured_media":11587,"comment_status":"closed","ping_status":"closed","sticky":false,"template":"","format":"standard","meta":{"footnotes":""},"categories":[11,54],"tags":[22],"class_list":["post-11586","post","type-post","status-publish","format-standard","has-post-thumbnail","hentry","category-blog","category-community","tag-bild-oben"],"yoast_head":"<!-- This site is optimized with the Yoast SEO plugin v27.5 - https:\/\/yoast.com\/product\/yoast-seo-wordpress\/ -->\n<title>Einladung zum Welt Mutter Kongress 15.-26. September 2025 - Gradido<\/title>\n<meta name=\"description\" content=\"Wie w\u00e4re es, wieder ganz bei Dir selbst anzukommen, Dein Herz f\u00fcr das Leben zu \u00f6ffnen und gemeinsam mit anderen einen freien, liebevollen Weg zu gehen? Der Welt Mutter Kongress l\u00e4dt Dich herzlich ein \u2013 zu zw\u00f6lf Tagen voller Inspirationen, heilsamer Impulse und lebendiger Gemeinschaft.\" \/>\n<meta name=\"robots\" content=\"index, follow, max-snippet:-1, max-image-preview:large, max-video-preview:-1\" \/>\n<link rel=\"canonical\" href=\"https:\/\/gradido.net\/pl\/welt-mutter-kongress\/\" \/>\n<meta property=\"og:locale\" content=\"pl_PL\" \/>\n<meta property=\"og:type\" content=\"article\" \/>\n<meta property=\"og:title\" content=\"Einladung zum Welt Mutter Kongress 15.-26. September 2025 - Gradido\" \/>\n<meta property=\"og:description\" content=\"Wie w\u00e4re es, wieder ganz bei Dir selbst anzukommen, Dein Herz f\u00fcr das Leben zu \u00f6ffnen und gemeinsam mit anderen einen freien, liebevollen Weg zu gehen? Der Welt Mutter Kongress l\u00e4dt Dich herzlich ein \u2013 zu zw\u00f6lf Tagen voller Inspirationen, heilsamer Impulse und lebendiger Gemeinschaft.\" \/>\n<meta property=\"og:url\" content=\"https:\/\/gradido.net\/pl\/welt-mutter-kongress\/\" \/>\n<meta property=\"og:site_name\" content=\"Gradido\" \/>\n<meta property=\"article:published_time\" content=\"2025-09-14T07:35:05+00:00\" \/>\n<meta property=\"article:modified_time\" content=\"2026-04-24T05:19:18+00:00\" \/>\n<meta property=\"og:image\" content=\"https:\/\/gradido.net\/wp-content\/uploads\/2025\/09\/Welt-Mutter-Kongress.jpg\" \/>\n\t<meta property=\"og:image:width\" content=\"1280\" \/>\n\t<meta property=\"og:image:height\" content=\"698\" \/>\n\t<meta property=\"og:image:type\" content=\"image\/jpeg\" \/>\n<meta name=\"author\" content=\"Bernd H\u00fcckst\u00e4dt\" \/>\n<meta name=\"twitter:card\" content=\"summary_large_image\" \/>\n<meta name=\"twitter:label1\" content=\"Napisane przez\" \/>\n\t<meta name=\"twitter:data1\" content=\"Bernd H\u00fcckst\u00e4dt\" \/>\n\t<meta name=\"twitter:label2\" content=\"Szacowany czas czytania\" \/>\n\t<meta name=\"twitter:data2\" content=\"3 minuty\" \/>\n<script type=\"application\/ld+json\" class=\"yoast-schema-graph\">{\"@context\":\"https:\\\/\\\/schema.org\",\"@graph\":[{\"@type\":\"Article\",\"@id\":\"https:\\\/\\\/gradido.net\\\/welt-mutter-kongress\\\/#article\",\"isPartOf\":{\"@id\":\"https:\\\/\\\/gradido.net\\\/welt-mutter-kongress\\\/\"},\"author\":{\"name\":\"Bernd H\u00fcckst\u00e4dt\",\"@id\":\"https:\\\/\\\/gradido.net\\\/de\\\/#\\\/schema\\\/person\\\/9c503a004ad15a1ddecadce2218db5d1\"},\"headline\":\"Einladung zum Welt Mutter Kongress 15.-26. September 2025\",\"datePublished\":\"2025-09-14T07:35:05+00:00\",\"dateModified\":\"2026-04-24T05:19:18+00:00\",\"mainEntityOfPage\":{\"@id\":\"https:\\\/\\\/gradido.net\\\/welt-mutter-kongress\\\/\"},\"wordCount\":419,\"publisher\":{\"@id\":\"https:\\\/\\\/gradido.net\\\/de\\\/#organization\"},\"image\":{\"@id\":\"https:\\\/\\\/gradido.net\\\/welt-mutter-kongress\\\/#primaryimage\"},\"thumbnailUrl\":\"https:\\\/\\\/gradido.net\\\/wp-content\\\/uploads\\\/2025\\\/09\\\/Welt-Mutter-Kongress.jpg\",\"keywords\":[\"Bild oben\"],\"articleSection\":[\"Blog\",\"Community\"],\"inLanguage\":\"pl-PL\"},{\"@type\":\"WebPage\",\"@id\":\"https:\\\/\\\/gradido.net\\\/welt-mutter-kongress\\\/\",\"url\":\"https:\\\/\\\/gradido.net\\\/welt-mutter-kongress\\\/\",\"name\":\"Einladung zum Welt Mutter Kongress 15.-26. September 2025 - Gradido\",\"isPartOf\":{\"@id\":\"https:\\\/\\\/gradido.net\\\/de\\\/#website\"},\"primaryImageOfPage\":{\"@id\":\"https:\\\/\\\/gradido.net\\\/welt-mutter-kongress\\\/#primaryimage\"},\"image\":{\"@id\":\"https:\\\/\\\/gradido.net\\\/welt-mutter-kongress\\\/#primaryimage\"},\"thumbnailUrl\":\"https:\\\/\\\/gradido.net\\\/wp-content\\\/uploads\\\/2025\\\/09\\\/Welt-Mutter-Kongress.jpg\",\"datePublished\":\"2025-09-14T07:35:05+00:00\",\"dateModified\":\"2026-04-24T05:19:18+00:00\",\"description\":\"Wie w\u00e4re es, wieder ganz bei Dir selbst anzukommen, Dein Herz f\u00fcr das Leben zu \u00f6ffnen und gemeinsam mit anderen einen freien, liebevollen Weg zu gehen? Der Welt Mutter Kongress l\u00e4dt Dich herzlich ein \u2013 zu zw\u00f6lf Tagen voller Inspirationen, heilsamer Impulse und lebendiger Gemeinschaft.\",\"breadcrumb\":{\"@id\":\"https:\\\/\\\/gradido.net\\\/welt-mutter-kongress\\\/#breadcrumb\"},\"inLanguage\":\"pl-PL\",\"potentialAction\":[{\"@type\":\"ReadAction\",\"target\":[\"https:\\\/\\\/gradido.net\\\/welt-mutter-kongress\\\/\"]}]},{\"@type\":\"ImageObject\",\"inLanguage\":\"pl-PL\",\"@id\":\"https:\\\/\\\/gradido.net\\\/welt-mutter-kongress\\\/#primaryimage\",\"url\":\"https:\\\/\\\/gradido.net\\\/wp-content\\\/uploads\\\/2025\\\/09\\\/Welt-Mutter-Kongress.jpg\",\"contentUrl\":\"https:\\\/\\\/gradido.net\\\/wp-content\\\/uploads\\\/2025\\\/09\\\/Welt-Mutter-Kongress.jpg\",\"width\":1280,\"height\":698},{\"@type\":\"BreadcrumbList\",\"@id\":\"https:\\\/\\\/gradido.net\\\/welt-mutter-kongress\\\/#breadcrumb\",\"itemListElement\":[{\"@type\":\"ListItem\",\"position\":1,\"name\":\"Startseite\",\"item\":\"https:\\\/\\\/gradido.net\\\/\"},{\"@type\":\"ListItem\",\"position\":2,\"name\":\"Einladung zum Welt Mutter Kongress 15.-26. September 2025\"}]},{\"@type\":\"WebSite\",\"@id\":\"https:\\\/\\\/gradido.net\\\/de\\\/#website\",\"url\":\"https:\\\/\\\/gradido.net\\\/de\\\/\",\"name\":\"Gradido\",\"description\":\"Die neue W\u00e4hrung hei\u00dft Dankbarkeit\",\"publisher\":{\"@id\":\"https:\\\/\\\/gradido.net\\\/de\\\/#organization\"},\"potentialAction\":[{\"@type\":\"SearchAction\",\"target\":{\"@type\":\"EntryPoint\",\"urlTemplate\":\"https:\\\/\\\/gradido.net\\\/de\\\/?s={search_term_string}\"},\"query-input\":{\"@type\":\"PropertyValueSpecification\",\"valueRequired\":true,\"valueName\":\"search_term_string\"}}],\"inLanguage\":\"pl-PL\"},{\"@type\":\"Organization\",\"@id\":\"https:\\\/\\\/gradido.net\\\/de\\\/#organization\",\"name\":\"Gradido\",\"url\":\"https:\\\/\\\/gradido.net\\\/de\\\/\",\"logo\":{\"@type\":\"ImageObject\",\"inLanguage\":\"pl-PL\",\"@id\":\"https:\\\/\\\/gradido.net\\\/de\\\/#\\\/schema\\\/logo\\\/image\\\/\",\"url\":\"https:\\\/\\\/gradido.net\\\/wp-content\\\/uploads\\\/2022\\\/04\\\/gradido-social.jpg\",\"contentUrl\":\"https:\\\/\\\/gradido.net\\\/wp-content\\\/uploads\\\/2022\\\/04\\\/gradido-social.jpg\",\"width\":527,\"height\":273,\"caption\":\"Gradido\"},\"image\":{\"@id\":\"https:\\\/\\\/gradido.net\\\/de\\\/#\\\/schema\\\/logo\\\/image\\\/\"}},{\"@type\":\"Person\",\"@id\":\"https:\\\/\\\/gradido.net\\\/de\\\/#\\\/schema\\\/person\\\/9c503a004ad15a1ddecadce2218db5d1\",\"name\":\"Bernd H\u00fcckst\u00e4dt\",\"sameAs\":[\"https:\\\/\\\/gradido.net\"],\"url\":\"https:\\\/\\\/gradido.net\\\/pl\\\/author\\\/bernd\\\/\"}]}<\/script>\n<!-- \/ Yoast SEO plugin. -->","yoast_head_json":{"title":"Zaproszenie na \u015awiatowy Kongres Matek 15-26 wrze\u015bnia 2025 r. - Gradido","description":"Jak by to by\u0142o ponownie po\u0142\u0105czy\u0107 si\u0119 ze sob\u0105, otworzy\u0107 swoje serce na \u017cycie i kroczy\u0107 woln\u0105, pe\u0142n\u0105 mi\u0142o\u015bci \u015bcie\u017ck\u0105 razem z innymi? \u015awiatowy Kongres Matek serdecznie zaprasza na dwana\u015bcie dni pe\u0142nych inspiracji, uzdrawiaj\u0105cych impuls\u00f3w i \u017cywej spo\u0142eczno\u015bci.","robots":{"index":"index","follow":"follow","max-snippet":"max-snippet:-1","max-image-preview":"max-image-preview:large","max-video-preview":"max-video-preview:-1"},"canonical":"https:\/\/gradido.net\/pl\/welt-mutter-kongress\/","og_locale":"pl_PL","og_type":"article","og_title":"Einladung zum Welt Mutter Kongress 15.-26. September 2025 - Gradido","og_description":"Wie w\u00e4re es, wieder ganz bei Dir selbst anzukommen, Dein Herz f\u00fcr das Leben zu \u00f6ffnen und gemeinsam mit anderen einen freien, liebevollen Weg zu gehen? Der Welt Mutter Kongress l\u00e4dt Dich herzlich ein \u2013 zu zw\u00f6lf Tagen voller Inspirationen, heilsamer Impulse und lebendiger Gemeinschaft.","og_url":"https:\/\/gradido.net\/pl\/welt-mutter-kongress\/","og_site_name":"Gradido","article_published_time":"2025-09-14T07:35:05+00:00","article_modified_time":"2026-04-24T05:19:18+00:00","og_image":[{"width":1280,"height":698,"url":"https:\/\/gradido.net\/wp-content\/uploads\/2025\/09\/Welt-Mutter-Kongress.jpg","type":"image\/jpeg"}],"author":"Bernd H\u00fcckst\u00e4dt","twitter_card":"summary_large_image","twitter_misc":{"Napisane przez":"Bernd H\u00fcckst\u00e4dt","Szacowany czas czytania":"3 minuty"},"schema":{"@context":"https:\/\/schema.org","@graph":[{"@type":"Article","@id":"https:\/\/gradido.net\/welt-mutter-kongress\/#article","isPartOf":{"@id":"https:\/\/gradido.net\/welt-mutter-kongress\/"},"author":{"name":"Bernd H\u00fcckst\u00e4dt","@id":"https:\/\/gradido.net\/de\/#\/schema\/person\/9c503a004ad15a1ddecadce2218db5d1"},"headline":"Einladung zum Welt Mutter Kongress 15.-26. September 2025","datePublished":"2025-09-14T07:35:05+00:00","dateModified":"2026-04-24T05:19:18+00:00","mainEntityOfPage":{"@id":"https:\/\/gradido.net\/welt-mutter-kongress\/"},"wordCount":419,"publisher":{"@id":"https:\/\/gradido.net\/de\/#organization"},"image":{"@id":"https:\/\/gradido.net\/welt-mutter-kongress\/#primaryimage"},"thumbnailUrl":"https:\/\/gradido.net\/wp-content\/uploads\/2025\/09\/Welt-Mutter-Kongress.jpg","keywords":["Bild oben"],"articleSection":["Blog","Community"],"inLanguage":"pl-PL"},{"@type":"WebPage","@id":"https:\/\/gradido.net\/welt-mutter-kongress\/","url":"https:\/\/gradido.net\/welt-mutter-kongress\/","name":"Zaproszenie na \u015awiatowy Kongres Matek 15-26 wrze\u015bnia 2025 r. - Gradido","isPartOf":{"@id":"https:\/\/gradido.net\/de\/#website"},"primaryImageOfPage":{"@id":"https:\/\/gradido.net\/welt-mutter-kongress\/#primaryimage"},"image":{"@id":"https:\/\/gradido.net\/welt-mutter-kongress\/#primaryimage"},"thumbnailUrl":"https:\/\/gradido.net\/wp-content\/uploads\/2025\/09\/Welt-Mutter-Kongress.jpg","datePublished":"2025-09-14T07:35:05+00:00","dateModified":"2026-04-24T05:19:18+00:00","description":"Jak by to by\u0142o ponownie po\u0142\u0105czy\u0107 si\u0119 ze sob\u0105, otworzy\u0107 swoje serce na \u017cycie i kroczy\u0107 woln\u0105, pe\u0142n\u0105 mi\u0142o\u015bci \u015bcie\u017ck\u0105 razem z innymi? \u015awiatowy Kongres Matek serdecznie zaprasza na dwana\u015bcie dni pe\u0142nych inspiracji, uzdrawiaj\u0105cych impuls\u00f3w i \u017cywej spo\u0142eczno\u015bci.","breadcrumb":{"@id":"https:\/\/gradido.net\/welt-mutter-kongress\/#breadcrumb"},"inLanguage":"pl-PL","potentialAction":[{"@type":"ReadAction","target":["https:\/\/gradido.net\/welt-mutter-kongress\/"]}]},{"@type":"ImageObject","inLanguage":"pl-PL","@id":"https:\/\/gradido.net\/welt-mutter-kongress\/#primaryimage","url":"https:\/\/gradido.net\/wp-content\/uploads\/2025\/09\/Welt-Mutter-Kongress.jpg","contentUrl":"https:\/\/gradido.net\/wp-content\/uploads\/2025\/09\/Welt-Mutter-Kongress.jpg","width":1280,"height":698},{"@type":"BreadcrumbList","@id":"https:\/\/gradido.net\/welt-mutter-kongress\/#breadcrumb","itemListElement":[{"@type":"ListItem","position":1,"name":"Startseite","item":"https:\/\/gradido.net\/"},{"@type":"ListItem","position":2,"name":"Einladung zum Welt Mutter Kongress 15.-26. September 2025"}]},{"@type":"WebSite","@id":"https:\/\/gradido.net\/de\/#website","url":"https:\/\/gradido.net\/de\/","name":"Gradido","description":"Now\u0105 walut\u0105 jest wdzi\u0119czno\u015b\u0107","publisher":{"@id":"https:\/\/gradido.net\/de\/#organization"},"potentialAction":[{"@type":"SearchAction","target":{"@type":"EntryPoint","urlTemplate":"https:\/\/gradido.net\/de\/?s={search_term_string}"},"query-input":{"@type":"PropertyValueSpecification","valueRequired":true,"valueName":"search_term_string"}}],"inLanguage":"pl-PL"},{"@type":"Organization","@id":"https:\/\/gradido.net\/de\/#organization","name":"Gradido","url":"https:\/\/gradido.net\/de\/","logo":{"@type":"ImageObject","inLanguage":"pl-PL","@id":"https:\/\/gradido.net\/de\/#\/schema\/logo\/image\/","url":"https:\/\/gradido.net\/wp-content\/uploads\/2022\/04\/gradido-social.jpg","contentUrl":"https:\/\/gradido.net\/wp-content\/uploads\/2022\/04\/gradido-social.jpg","width":527,"height":273,"caption":"Gradido"},"image":{"@id":"https:\/\/gradido.net\/de\/#\/schema\/logo\/image\/"}},{"@type":"Person","@id":"https:\/\/gradido.net\/de\/#\/schema\/person\/9c503a004ad15a1ddecadce2218db5d1","name":"Bernd H\u00fcckst\u00e4dt","sameAs":["https:\/\/gradido.net"],"url":"https:\/\/gradido.net\/pl\/author\/bernd\/"}]}},"_links":{"self":[{"href":"https:\/\/gradido.net\/pl\/wp-json\/wp\/v2\/posts\/11586","targetHints":{"allow":["GET"]}}],"collection":[{"href":"https:\/\/gradido.net\/pl\/wp-json\/wp\/v2\/posts"}],"about":[{"href":"https:\/\/gradido.net\/pl\/wp-json\/wp\/v2\/types\/post"}],"author":[{"embeddable":true,"href":"https:\/\/gradido.net\/pl\/wp-json\/wp\/v2\/users\/2"}],"replies":[{"embeddable":true,"href":"https:\/\/gradido.net\/pl\/wp-json\/wp\/v2\/comments?post=11586"}],"version-history":[{"count":11,"href":"https:\/\/gradido.net\/pl\/wp-json\/wp\/v2\/posts\/11586\/revisions"}],"predecessor-version":[{"id":11598,"href":"https:\/\/gradido.net\/pl\/wp-json\/wp\/v2\/posts\/11586\/revisions\/11598"}],"wp:featuredmedia":[{"embeddable":true,"href":"https:\/\/gradido.net\/pl\/wp-json\/wp\/v2\/media\/11587"}],"wp:attachment":[{"href":"https:\/\/gradido.net\/pl\/wp-json\/wp\/v2\/media?parent=11586"}],"wp:term":[{"taxonomy":"category","embeddable":true,"href":"https:\/\/gradido.net\/pl\/wp-json\/wp\/v2\/categories?post=11586"},{"taxonomy":"post_tag","embeddable":true,"href":"https:\/\/gradido.net\/pl\/wp-json\/wp\/v2\/tags?post=11586"}],"curies":[{"name":"wp","href":"https:\/\/api.w.org\/{rel}","templated":true}]}}