{"id":11727,"date":"2025-09-30T11:39:04","date_gmt":"2025-09-30T09:39:04","guid":{"rendered":"https:\/\/gradido.net\/?p=11727"},"modified":"2026-04-24T07:16:51","modified_gmt":"2026-04-24T05:16:51","slug":"mutmacher-rolf","status":"publish","type":"post","link":"https:\/\/gradido.net\/pl\/mutmacher-rolf\/","title":{"rendered":"W po\u0142\u0105czenie"},"content":{"rendered":"<div data-elementor-type=\"wp-post\" data-elementor-id=\"11727\" class=\"elementor elementor-11727\" data-elementor-post-type=\"post\">\n\t\t\t\t\t\t<section class=\"elementor-section elementor-top-section elementor-element elementor-element-496e1d53 elementor-section-boxed elementor-section-height-default elementor-section-height-default\" data-id=\"496e1d53\" data-element_type=\"section\" data-e-type=\"section\">\n\t\t\t\t\t\t<div class=\"elementor-container elementor-column-gap-default\">\n\t\t\t\t\t<div class=\"elementor-column elementor-col-100 elementor-top-column elementor-element elementor-element-461d7be0\" data-id=\"461d7be0\" data-element_type=\"column\" data-e-type=\"column\">\n\t\t\t<div class=\"elementor-widget-wrap elementor-element-populated\">\n\t\t\t\t\t\t<div class=\"elementor-element elementor-element-cd9ebe2 elementor-widget elementor-widget-text-editor\" data-id=\"cd9ebe2\" data-element_type=\"widget\" data-e-type=\"widget\" data-widget_type=\"text-editor.default\">\n\t\t\t\t<div class=\"elementor-widget-container\">\n\t\t\t\t\t\t\t\t\t<p style=\"text-align: right;\"><em>\"Wizja Gradido: kultura wsp\u00f3lnoty, charakteryzuj\u0105ca si\u0119 zaufaniem, witalno\u015bci\u0105 i wzajemnym wsparciem\".<\/em> <br \/><em>-\u00a0<\/em><i> Rolf Locher<\/i><\/p><div><p>Droga Margret, drogi Bernd, drodzy wszyscy,<\/p><p>Jestem cz\u0119\u015bci\u0105 Gradido od oko\u0142o 15 lat - bardziej w cichym wsparciu ni\u017c w widocznych dzia\u0142aniach. Ale ta idea zawsze by\u0142a ze mn\u0105, poniewa\u017c nosz\u0119 j\u0105 w sercu i poniewa\u017c pokazuje mi g\u0142\u0119bsz\u0105 prawd\u0119, kt\u00f3ra wykracza daleko poza stary system monetarny.<\/p><h3>Wci\u0105\u017c zakotwiczony w starym systemie<\/h3><p>Kiedy m\u00f3wi\u0119, \u017ce nadal jestem mocno zakotwiczony w \"systemie\", mam na my\u015bli, \u017ce nadal jestem zakotwiczony w \"systemie\": Nadal prowadz\u0119 codzienne \u017cycie w ramach znanych mi struktur, ze wszystkimi zasadami, zale\u017cno\u015bciami i ograniczeniami, kt\u00f3re ten system poci\u0105ga za sob\u0105. Kszta\u0142tuje on moje my\u015bli, dzia\u0142ania, a czasem nawet l\u0119ki. A jednak jednocze\u015bnie czuj\u0119, \u017ce to zakotwiczenie si\u0119 rozlu\u017ania - \u017ce otwieraj\u0105 si\u0119 nowe przestrzenie, w kt\u00f3rych mog\u0119 dzia\u0142a\u0107 bardziej swobodnie, krok po kroku.<\/p><h3>Wsp\u00f3lnota, rado\u015b\u0107 i wewn\u0119trzna wolno\u015b\u0107<\/h3><p>Jako opiekun i mieszkaniec ma\u0142ego zamku w pobli\u017cu Solothurn w Szwajcarii oraz jako trener jogi \u015bmiechu od ponad 20 lat, codziennie do\u015bwiadczam znaczenia wsp\u00f3lnoty, rado\u015bci i wewn\u0119trznej wolno\u015bci.<\/p><p><strong>Dla mnie te do\u015bwiadczenia s\u0105 powi\u0105zane z wizj\u0105 Gradido: kultur\u0105 wsp\u00f3lnoty opart\u0105 na zaufaniu, witalno\u015bci i wzajemnym wsparciu.<\/strong><\/p><h3>Ju\u017c wielu uczestnik\u00f3w intelektualnych<\/h3><p>Jednocze\u015bnie nie do ko\u0144ca wiem, jak mog\u0119 zakotwiczy\u0107 Gradido w naszej lokalnej sieci. Czuj\u0119, \u017ce w moich my\u015blach jest ju\u017c wielu uczestnik\u00f3w - ludzi, kt\u00f3rzy od dawna podr\u00f3\u017cuj\u0105 wewn\u0119trznie podobnymi \u015bcie\u017ckami. Ale od czego zacz\u0105\u0107? Jak postawi\u0107 pierwsze kroki? Dla mnie ZeitTausch jest r\u00f3wnie\u017c ekscytuj\u0105cym projektem, kt\u00f3ry wskazuje ten sam kierunek. Kr\u00f3tko m\u00f3wi\u0105c: nadszed\u0142 czas - a ja jestem na najlepszej drodze do znalezienia i wniesienia swojego wk\u0142adu.<\/p><h3>W po\u0142\u0105czenie<\/h3><p>I b\u0119d\u0119 - w rzeczy samej, ju\u017c jestem - zach\u0119caj\u0105cym i ambasadorem ludzkiej rodziny na wy\u017cszym poziomie. Poniewa\u017c tylko ta \u015bcie\u017cka wyprowadzi nas z separacji, kt\u00f3rej wci\u0105\u017c do\u015bwiadczamy, i doprowadzi do po\u0142\u0105czenia, kt\u00f3re od dawna znamy w naszych sercach.<\/p><h3>Kszta\u0142towanie Nowej Ziemi<\/h3><p>W\u0142a\u015bnie dlatego wizja Gradido pasuje do moich czas\u00f3w, a nawet do naszych czas\u00f3w, bardziej ni\u017c kiedykolwiek. Przypomina mi, \u017ce zmiana jest mo\u017cliwa - nie tylko \"kiedy\u015b\", ale teraz. \u017be mo\u017cemy zacz\u0105\u0107 kszta\u0142towa\u0107 Now\u0105 Ziemi\u0119, podejmuj\u0105c ma\u0142e kroki i pracuj\u0105c razem.<\/p><p>Dzi\u0119kuj\u0119 za wytrwa\u0142o\u015b\u0107 na tej \u015bcie\u017cce i piel\u0119gnowanie ziarna przez te wszystkie lata. Ciesz\u0119 si\u0119, \u017ce mog\u0119 by\u0107 tego cz\u0119\u015bci\u0105 i z niecierpliwo\u015bci\u0105 czekam na dalszy wsp\u00f3lny rozw\u00f3j.<\/p><p>Z powa\u017caniem<\/p><p>Rolf<\/p><p><a href=\"https:\/\/www.hoho-hahaha.ch\/\" target=\"_blank\" rel=\"noopener\">https:\/\/www.hoho-hahaha.ch\/<\/a><\/p><p><a href=\"https:\/\/www.peace4mother.org\/\" target=\"_blank\" rel=\"noopener\">https:\/\/www.peace4mother.org\/<\/a><\/p><\/div>\t\t\t\t\t\t\t\t<\/div>\n\t\t\t\t<\/div>\n\t\t\t\t<div class=\"elementor-element elementor-element-db3fa8e elementor-widget-divider--view-line elementor-widget elementor-widget-divider\" data-id=\"db3fa8e\" data-element_type=\"widget\" data-e-type=\"widget\" data-widget_type=\"divider.default\">\n\t\t\t\t<div class=\"elementor-widget-container\">\n\t\t\t\t\t\t\t<div class=\"elementor-divider\">\n\t\t\t<span class=\"elementor-divider-separator\">\n\t\t\t\t\t\t<\/span>\n\t\t<\/div>\n\t\t\t\t\t\t<\/div>\n\t\t\t\t<\/div>\n\t\t\t\t<div class=\"elementor-element elementor-element-d74dfa0 elementor-widget elementor-widget-text-editor\" data-id=\"d74dfa0\" data-element_type=\"widget\" data-e-type=\"widget\" data-widget_type=\"text-editor.default\">\n\t\t\t\t<div class=\"elementor-widget-container\">\n\t\t\t\t\t\t\t\t\t<div data-pm-slice=\"1 1 []\" data-en-clipboard=\"true\"><h4>Do\u0142\u0105cz do nas - czekamy na Twoj\u0105 poruszaj\u0105c\u0105 histori\u0119!<\/h4><p><strong>Wy\u015blij wiadomo\u015b\u0107 na adres: <a href=\"mailto:support@gradido.net\">support@gradido.net<\/a><\/strong><\/p><p>Razem wykraczamy poza siebie!<\/p><p>Z g\u0142\u0119bok\u0105 wdzi\u0119czno\u015bci\u0105 i solidarno\u015bci\u0105<\/p><p><span style=\"font-family: -apple-system, BlinkMacSystemFont, 'Segoe UI', Roboto, 'Helvetica Neue', Arial, 'Noto Sans', sans-serif, 'Apple Color Emoji', 'Segoe UI Emoji', 'Segoe UI Symbol', 'Noto Color Emoji';\">Tw\u00f3j<\/span><\/p><\/div><p><img decoding=\"async\" class=\"alignnone wp-image-4614 size-medium\" src=\"https:\/\/gradido.net\/wp-content\/uploads\/2022\/06\/MargretBernd_2022-300x74.png\" alt=\"\" width=\"300\" height=\"74\" srcset=\"https:\/\/gradido.net\/wp-content\/uploads\/2022\/06\/MargretBernd_2022-300x74.png 300w, https:\/\/gradido.net\/wp-content\/uploads\/2022\/06\/MargretBernd_2022-18x4.png 18w, https:\/\/gradido.net\/wp-content\/uploads\/2022\/06\/MargretBernd_2022.png 431w\" sizes=\"(max-width: 300px) 100vw, 300px\" \/><\/p><p>Margret Baier i Bernd H\u00fcckst\u00e4dt<br \/>Za\u0142o\u017cyciel i deweloper Gradido<\/p>\t\t\t\t\t\t\t\t<\/div>\n\t\t\t\t<\/div>\n\t\t\t\t\t<\/div>\n\t\t<\/div>\n\t\t\t\t\t<\/div>\n\t\t<\/section>\n\t\t\t\t<section class=\"elementor-section elementor-top-section elementor-element elementor-element-14532fe elementor-section-boxed elementor-section-height-default elementor-section-height-default\" data-id=\"14532fe\" data-element_type=\"section\" data-e-type=\"section\">\n\t\t\t\t\t\t<div class=\"elementor-container elementor-column-gap-default\">\n\t\t\t\t\t<div class=\"elementor-column elementor-col-100 elementor-top-column elementor-element elementor-element-65d2298\" data-id=\"65d2298\" data-element_type=\"column\" data-e-type=\"column\">\n\t\t\t<div class=\"elementor-widget-wrap elementor-element-populated\">\n\t\t\t\t\t\t<div class=\"elementor-element elementor-element-bea124f elementor-widget elementor-widget-global elementor-global-9341 elementor-widget-text-editor\" data-id=\"bea124f\" data-element_type=\"widget\" data-e-type=\"widget\" data-widget_type=\"text-editor.default\">\n\t\t\t\t<div class=\"elementor-widget-container\">\n\t\t\t\t\t\t\t\t\t<p><strong>PS:\u00a0<span style=\"color: #ff6600;\"><a style=\"color: #ff6600;\" href=\"https:\/\/gradido.net\/pl\/donations\/\">Ze wzgl\u0119du na stale rosn\u0105ce znaczenie Gradido, powtarzamy nasz\u0105 kampani\u0119 wdzi\u0119czno\u015bci 26 czerwca 2026 roku:<\/a>\u00a0<\/span><span style=\"color: #0000ff;\"><a style=\"color: #0000ff;\" href=\"https:\/\/gradido.net\/pl\/donations\/\">Opr\u00f3cz wielokrotnego GradidoTransform za wk\u0142ad sponsorski, 26\/06\/2016 zwi\u0119kszymy salda wszystkich kont GDT o 26%. Zosta\u0144 sponsorem ju\u017c teraz i ciesz si\u0119 wielokrotno\u015bci\u0105 GDT!<\/a><\/span><\/strong><\/p>\t\t\t\t\t\t\t\t<\/div>\n\t\t\t\t<\/div>\n\t\t\t\t\t<\/div>\n\t\t<\/div>\n\t\t\t\t\t<\/div>\n\t\t<\/section>\n\t\t\t\t<section class=\"elementor-section elementor-top-section elementor-element elementor-element-29dfc07 elementor-section-boxed elementor-section-height-default elementor-section-height-default\" data-id=\"29dfc07\" data-element_type=\"section\" data-e-type=\"section\">\n\t\t\t\t\t\t<div class=\"elementor-container elementor-column-gap-default\">\n\t\t\t\t\t<div class=\"elementor-column elementor-col-100 elementor-top-column elementor-element elementor-element-d37ec5a\" data-id=\"d37ec5a\" data-element_type=\"column\" data-e-type=\"column\">\n\t\t\t<div class=\"elementor-widget-wrap\">\n\t\t\t\t\t\t\t<\/div>\n\t\t<\/div>\n\t\t\t\t\t<\/div>\n\t\t<\/section>\n\t\t\t\t<section class=\"elementor-section elementor-top-section elementor-element elementor-element-b3bbb9b elementor-section-boxed elementor-section-height-default elementor-section-height-default\" data-id=\"b3bbb9b\" data-element_type=\"section\" data-e-type=\"section\">\n\t\t\t\t\t\t<div class=\"elementor-container elementor-column-gap-default\">\n\t\t\t\t\t<div class=\"elementor-column elementor-col-100 elementor-top-column elementor-element elementor-element-a7e88ad\" data-id=\"a7e88ad\" data-element_type=\"column\" data-e-type=\"column\">\n\t\t\t<div class=\"elementor-widget-wrap\">\n\t\t\t\t\t\t\t<\/div>\n\t\t<\/div>\n\t\t\t\t\t<\/div>\n\t\t<\/section>\n\t\t\t\t<\/div>","protected":false},"excerpt":{"rendered":"<p>Wizja Gradido pasuje do naszych czas\u00f3w bardziej ni\u017c kiedykolwiek. Przypomina mi, \u017ce zmiana jest mo\u017cliwa - nie tylko \"kiedy\u015b\", ale teraz. \u017be mo\u017cemy zacz\u0105\u0107 kszta\u0142towa\u0107 Now\u0105 Ziemi\u0119, podejmuj\u0105c ma\u0142e kroki i pracuj\u0105c razem.<\/p>","protected":false},"author":2,"featured_media":11728,"comment_status":"closed","ping_status":"closed","sticky":false,"template":"","format":"standard","meta":{"footnotes":""},"categories":[11,54],"tags":[],"class_list":["post-11727","post","type-post","status-publish","format-standard","has-post-thumbnail","hentry","category-blog","category-community"],"yoast_head":"<!-- This site is optimized with the Yoast SEO plugin v27.5 - https:\/\/yoast.com\/product\/yoast-seo-wordpress\/ -->\n<title>Hinein in die Verbundenheit - Gradido<\/title>\n<meta name=\"description\" content=\"Die Vision von Gradido passt heute mehr denn je in unsere Zeit. Sie erinnert mich daran, dass Wandel m\u00f6glich ist \u2013 nicht erst \u201eirgendwann\u201c, sondern jetzt. Dass wir mit kleinen Schritten und im Miteinander beginnen k\u00f6nnen, die Neue Erde zu gestalten.\" \/>\n<meta name=\"robots\" content=\"index, follow, max-snippet:-1, max-image-preview:large, max-video-preview:-1\" \/>\n<link rel=\"canonical\" href=\"https:\/\/gradido.net\/pl\/mutmacher-rolf\/\" \/>\n<meta property=\"og:locale\" content=\"pl_PL\" \/>\n<meta property=\"og:type\" content=\"article\" \/>\n<meta property=\"og:title\" content=\"Hinein in die Verbundenheit - Gradido\" \/>\n<meta property=\"og:description\" content=\"Die Vision von Gradido passt heute mehr denn je in unsere Zeit. Sie erinnert mich daran, dass Wandel m\u00f6glich ist \u2013 nicht erst \u201eirgendwann\u201c, sondern jetzt. Dass wir mit kleinen Schritten und im Miteinander beginnen k\u00f6nnen, die Neue Erde zu gestalten.\" \/>\n<meta property=\"og:url\" content=\"https:\/\/gradido.net\/pl\/mutmacher-rolf\/\" \/>\n<meta property=\"og:site_name\" content=\"Gradido\" \/>\n<meta property=\"article:published_time\" content=\"2025-09-30T09:39:04+00:00\" \/>\n<meta property=\"article:modified_time\" content=\"2026-04-24T05:16:51+00:00\" \/>\n<meta property=\"og:image\" content=\"https:\/\/gradido.net\/wp-content\/uploads\/2025\/09\/Rolf-Locher-Banner.jpg\" \/>\n\t<meta property=\"og:image:width\" content=\"1280\" \/>\n\t<meta property=\"og:image:height\" content=\"720\" \/>\n\t<meta property=\"og:image:type\" content=\"image\/jpeg\" \/>\n<meta name=\"author\" content=\"Bernd H\u00fcckst\u00e4dt\" \/>\n<meta name=\"twitter:card\" content=\"summary_large_image\" \/>\n<meta name=\"twitter:label1\" content=\"Napisane przez\" \/>\n\t<meta name=\"twitter:data1\" content=\"Bernd H\u00fcckst\u00e4dt\" \/>\n\t<meta name=\"twitter:label2\" content=\"Szacowany czas czytania\" \/>\n\t<meta name=\"twitter:data2\" content=\"4 minuty\" \/>\n<script type=\"application\/ld+json\" class=\"yoast-schema-graph\">{\"@context\":\"https:\\\/\\\/schema.org\",\"@graph\":[{\"@type\":\"Article\",\"@id\":\"https:\\\/\\\/gradido.net\\\/mutmacher-rolf\\\/#article\",\"isPartOf\":{\"@id\":\"https:\\\/\\\/gradido.net\\\/mutmacher-rolf\\\/\"},\"author\":{\"name\":\"Bernd H\u00fcckst\u00e4dt\",\"@id\":\"https:\\\/\\\/gradido.net\\\/de\\\/#\\\/schema\\\/person\\\/9c503a004ad15a1ddecadce2218db5d1\"},\"headline\":\"Hinein in die Verbundenheit\",\"datePublished\":\"2025-09-30T09:39:04+00:00\",\"dateModified\":\"2026-04-24T05:16:51+00:00\",\"mainEntityOfPage\":{\"@id\":\"https:\\\/\\\/gradido.net\\\/mutmacher-rolf\\\/\"},\"wordCount\":520,\"publisher\":{\"@id\":\"https:\\\/\\\/gradido.net\\\/de\\\/#organization\"},\"image\":{\"@id\":\"https:\\\/\\\/gradido.net\\\/mutmacher-rolf\\\/#primaryimage\"},\"thumbnailUrl\":\"https:\\\/\\\/gradido.net\\\/wp-content\\\/uploads\\\/2025\\\/09\\\/Rolf-Locher-Banner.jpg\",\"articleSection\":[\"Blog\",\"Community\"],\"inLanguage\":\"pl-PL\"},{\"@type\":\"WebPage\",\"@id\":\"https:\\\/\\\/gradido.net\\\/mutmacher-rolf\\\/\",\"url\":\"https:\\\/\\\/gradido.net\\\/mutmacher-rolf\\\/\",\"name\":\"Hinein in die Verbundenheit - Gradido\",\"isPartOf\":{\"@id\":\"https:\\\/\\\/gradido.net\\\/de\\\/#website\"},\"primaryImageOfPage\":{\"@id\":\"https:\\\/\\\/gradido.net\\\/mutmacher-rolf\\\/#primaryimage\"},\"image\":{\"@id\":\"https:\\\/\\\/gradido.net\\\/mutmacher-rolf\\\/#primaryimage\"},\"thumbnailUrl\":\"https:\\\/\\\/gradido.net\\\/wp-content\\\/uploads\\\/2025\\\/09\\\/Rolf-Locher-Banner.jpg\",\"datePublished\":\"2025-09-30T09:39:04+00:00\",\"dateModified\":\"2026-04-24T05:16:51+00:00\",\"description\":\"Die Vision von Gradido passt heute mehr denn je in unsere Zeit. Sie erinnert mich daran, dass Wandel m\u00f6glich ist \u2013 nicht erst \u201eirgendwann\u201c, sondern jetzt. Dass wir mit kleinen Schritten und im Miteinander beginnen k\u00f6nnen, die Neue Erde zu gestalten.\",\"breadcrumb\":{\"@id\":\"https:\\\/\\\/gradido.net\\\/mutmacher-rolf\\\/#breadcrumb\"},\"inLanguage\":\"pl-PL\",\"potentialAction\":[{\"@type\":\"ReadAction\",\"target\":[\"https:\\\/\\\/gradido.net\\\/mutmacher-rolf\\\/\"]}]},{\"@type\":\"ImageObject\",\"inLanguage\":\"pl-PL\",\"@id\":\"https:\\\/\\\/gradido.net\\\/mutmacher-rolf\\\/#primaryimage\",\"url\":\"https:\\\/\\\/gradido.net\\\/wp-content\\\/uploads\\\/2025\\\/09\\\/Rolf-Locher-Banner.jpg\",\"contentUrl\":\"https:\\\/\\\/gradido.net\\\/wp-content\\\/uploads\\\/2025\\\/09\\\/Rolf-Locher-Banner.jpg\",\"width\":1280,\"height\":720},{\"@type\":\"BreadcrumbList\",\"@id\":\"https:\\\/\\\/gradido.net\\\/mutmacher-rolf\\\/#breadcrumb\",\"itemListElement\":[{\"@type\":\"ListItem\",\"position\":1,\"name\":\"Startseite\",\"item\":\"https:\\\/\\\/gradido.net\\\/\"},{\"@type\":\"ListItem\",\"position\":2,\"name\":\"Hinein in die Verbundenheit\"}]},{\"@type\":\"WebSite\",\"@id\":\"https:\\\/\\\/gradido.net\\\/de\\\/#website\",\"url\":\"https:\\\/\\\/gradido.net\\\/de\\\/\",\"name\":\"Gradido\",\"description\":\"Die neue W\u00e4hrung hei\u00dft Dankbarkeit\",\"publisher\":{\"@id\":\"https:\\\/\\\/gradido.net\\\/de\\\/#organization\"},\"potentialAction\":[{\"@type\":\"SearchAction\",\"target\":{\"@type\":\"EntryPoint\",\"urlTemplate\":\"https:\\\/\\\/gradido.net\\\/de\\\/?s={search_term_string}\"},\"query-input\":{\"@type\":\"PropertyValueSpecification\",\"valueRequired\":true,\"valueName\":\"search_term_string\"}}],\"inLanguage\":\"pl-PL\"},{\"@type\":\"Organization\",\"@id\":\"https:\\\/\\\/gradido.net\\\/de\\\/#organization\",\"name\":\"Gradido\",\"url\":\"https:\\\/\\\/gradido.net\\\/de\\\/\",\"logo\":{\"@type\":\"ImageObject\",\"inLanguage\":\"pl-PL\",\"@id\":\"https:\\\/\\\/gradido.net\\\/de\\\/#\\\/schema\\\/logo\\\/image\\\/\",\"url\":\"https:\\\/\\\/gradido.net\\\/wp-content\\\/uploads\\\/2022\\\/04\\\/gradido-social.jpg\",\"contentUrl\":\"https:\\\/\\\/gradido.net\\\/wp-content\\\/uploads\\\/2022\\\/04\\\/gradido-social.jpg\",\"width\":527,\"height\":273,\"caption\":\"Gradido\"},\"image\":{\"@id\":\"https:\\\/\\\/gradido.net\\\/de\\\/#\\\/schema\\\/logo\\\/image\\\/\"}},{\"@type\":\"Person\",\"@id\":\"https:\\\/\\\/gradido.net\\\/de\\\/#\\\/schema\\\/person\\\/9c503a004ad15a1ddecadce2218db5d1\",\"name\":\"Bernd H\u00fcckst\u00e4dt\",\"sameAs\":[\"https:\\\/\\\/gradido.net\"],\"url\":\"https:\\\/\\\/gradido.net\\\/pl\\\/author\\\/bernd\\\/\"}]}<\/script>\n<!-- \/ Yoast SEO plugin. -->","yoast_head_json":{"title":"W po\u0142\u0105czenie - Gradido","description":"Wizja Gradido pasuje do naszych czas\u00f3w bardziej ni\u017c kiedykolwiek. Przypomina mi, \u017ce zmiana jest mo\u017cliwa - nie tylko \"kiedy\u015b\", ale teraz. \u017be mo\u017cemy zacz\u0105\u0107 kszta\u0142towa\u0107 Now\u0105 Ziemi\u0119, podejmuj\u0105c ma\u0142e kroki i pracuj\u0105c razem.","robots":{"index":"index","follow":"follow","max-snippet":"max-snippet:-1","max-image-preview":"max-image-preview:large","max-video-preview":"max-video-preview:-1"},"canonical":"https:\/\/gradido.net\/pl\/mutmacher-rolf\/","og_locale":"pl_PL","og_type":"article","og_title":"Hinein in die Verbundenheit - Gradido","og_description":"Die Vision von Gradido passt heute mehr denn je in unsere Zeit. Sie erinnert mich daran, dass Wandel m\u00f6glich ist \u2013 nicht erst \u201eirgendwann\u201c, sondern jetzt. Dass wir mit kleinen Schritten und im Miteinander beginnen k\u00f6nnen, die Neue Erde zu gestalten.","og_url":"https:\/\/gradido.net\/pl\/mutmacher-rolf\/","og_site_name":"Gradido","article_published_time":"2025-09-30T09:39:04+00:00","article_modified_time":"2026-04-24T05:16:51+00:00","og_image":[{"width":1280,"height":720,"url":"https:\/\/gradido.net\/wp-content\/uploads\/2025\/09\/Rolf-Locher-Banner.jpg","type":"image\/jpeg"}],"author":"Bernd H\u00fcckst\u00e4dt","twitter_card":"summary_large_image","twitter_misc":{"Napisane przez":"Bernd H\u00fcckst\u00e4dt","Szacowany czas czytania":"4 minuty"},"schema":{"@context":"https:\/\/schema.org","@graph":[{"@type":"Article","@id":"https:\/\/gradido.net\/mutmacher-rolf\/#article","isPartOf":{"@id":"https:\/\/gradido.net\/mutmacher-rolf\/"},"author":{"name":"Bernd H\u00fcckst\u00e4dt","@id":"https:\/\/gradido.net\/de\/#\/schema\/person\/9c503a004ad15a1ddecadce2218db5d1"},"headline":"Hinein in die Verbundenheit","datePublished":"2025-09-30T09:39:04+00:00","dateModified":"2026-04-24T05:16:51+00:00","mainEntityOfPage":{"@id":"https:\/\/gradido.net\/mutmacher-rolf\/"},"wordCount":520,"publisher":{"@id":"https:\/\/gradido.net\/de\/#organization"},"image":{"@id":"https:\/\/gradido.net\/mutmacher-rolf\/#primaryimage"},"thumbnailUrl":"https:\/\/gradido.net\/wp-content\/uploads\/2025\/09\/Rolf-Locher-Banner.jpg","articleSection":["Blog","Community"],"inLanguage":"pl-PL"},{"@type":"WebPage","@id":"https:\/\/gradido.net\/mutmacher-rolf\/","url":"https:\/\/gradido.net\/mutmacher-rolf\/","name":"W po\u0142\u0105czenie - Gradido","isPartOf":{"@id":"https:\/\/gradido.net\/de\/#website"},"primaryImageOfPage":{"@id":"https:\/\/gradido.net\/mutmacher-rolf\/#primaryimage"},"image":{"@id":"https:\/\/gradido.net\/mutmacher-rolf\/#primaryimage"},"thumbnailUrl":"https:\/\/gradido.net\/wp-content\/uploads\/2025\/09\/Rolf-Locher-Banner.jpg","datePublished":"2025-09-30T09:39:04+00:00","dateModified":"2026-04-24T05:16:51+00:00","description":"Wizja Gradido pasuje do naszych czas\u00f3w bardziej ni\u017c kiedykolwiek. Przypomina mi, \u017ce zmiana jest mo\u017cliwa - nie tylko \"kiedy\u015b\", ale teraz. \u017be mo\u017cemy zacz\u0105\u0107 kszta\u0142towa\u0107 Now\u0105 Ziemi\u0119, podejmuj\u0105c ma\u0142e kroki i pracuj\u0105c razem.","breadcrumb":{"@id":"https:\/\/gradido.net\/mutmacher-rolf\/#breadcrumb"},"inLanguage":"pl-PL","potentialAction":[{"@type":"ReadAction","target":["https:\/\/gradido.net\/mutmacher-rolf\/"]}]},{"@type":"ImageObject","inLanguage":"pl-PL","@id":"https:\/\/gradido.net\/mutmacher-rolf\/#primaryimage","url":"https:\/\/gradido.net\/wp-content\/uploads\/2025\/09\/Rolf-Locher-Banner.jpg","contentUrl":"https:\/\/gradido.net\/wp-content\/uploads\/2025\/09\/Rolf-Locher-Banner.jpg","width":1280,"height":720},{"@type":"BreadcrumbList","@id":"https:\/\/gradido.net\/mutmacher-rolf\/#breadcrumb","itemListElement":[{"@type":"ListItem","position":1,"name":"Startseite","item":"https:\/\/gradido.net\/"},{"@type":"ListItem","position":2,"name":"Hinein in die Verbundenheit"}]},{"@type":"WebSite","@id":"https:\/\/gradido.net\/de\/#website","url":"https:\/\/gradido.net\/de\/","name":"Gradido","description":"Now\u0105 walut\u0105 jest wdzi\u0119czno\u015b\u0107","publisher":{"@id":"https:\/\/gradido.net\/de\/#organization"},"potentialAction":[{"@type":"SearchAction","target":{"@type":"EntryPoint","urlTemplate":"https:\/\/gradido.net\/de\/?s={search_term_string}"},"query-input":{"@type":"PropertyValueSpecification","valueRequired":true,"valueName":"search_term_string"}}],"inLanguage":"pl-PL"},{"@type":"Organization","@id":"https:\/\/gradido.net\/de\/#organization","name":"Gradido","url":"https:\/\/gradido.net\/de\/","logo":{"@type":"ImageObject","inLanguage":"pl-PL","@id":"https:\/\/gradido.net\/de\/#\/schema\/logo\/image\/","url":"https:\/\/gradido.net\/wp-content\/uploads\/2022\/04\/gradido-social.jpg","contentUrl":"https:\/\/gradido.net\/wp-content\/uploads\/2022\/04\/gradido-social.jpg","width":527,"height":273,"caption":"Gradido"},"image":{"@id":"https:\/\/gradido.net\/de\/#\/schema\/logo\/image\/"}},{"@type":"Person","@id":"https:\/\/gradido.net\/de\/#\/schema\/person\/9c503a004ad15a1ddecadce2218db5d1","name":"Bernd H\u00fcckst\u00e4dt","sameAs":["https:\/\/gradido.net"],"url":"https:\/\/gradido.net\/pl\/author\/bernd\/"}]}},"_links":{"self":[{"href":"https:\/\/gradido.net\/pl\/wp-json\/wp\/v2\/posts\/11727","targetHints":{"allow":["GET"]}}],"collection":[{"href":"https:\/\/gradido.net\/pl\/wp-json\/wp\/v2\/posts"}],"about":[{"href":"https:\/\/gradido.net\/pl\/wp-json\/wp\/v2\/types\/post"}],"author":[{"embeddable":true,"href":"https:\/\/gradido.net\/pl\/wp-json\/wp\/v2\/users\/2"}],"replies":[{"embeddable":true,"href":"https:\/\/gradido.net\/pl\/wp-json\/wp\/v2\/comments?post=11727"}],"version-history":[{"count":15,"href":"https:\/\/gradido.net\/pl\/wp-json\/wp\/v2\/posts\/11727\/revisions"}],"predecessor-version":[{"id":13569,"href":"https:\/\/gradido.net\/pl\/wp-json\/wp\/v2\/posts\/11727\/revisions\/13569"}],"wp:featuredmedia":[{"embeddable":true,"href":"https:\/\/gradido.net\/pl\/wp-json\/wp\/v2\/media\/11728"}],"wp:attachment":[{"href":"https:\/\/gradido.net\/pl\/wp-json\/wp\/v2\/media?parent=11727"}],"wp:term":[{"taxonomy":"category","embeddable":true,"href":"https:\/\/gradido.net\/pl\/wp-json\/wp\/v2\/categories?post=11727"},{"taxonomy":"post_tag","embeddable":true,"href":"https:\/\/gradido.net\/pl\/wp-json\/wp\/v2\/tags?post=11727"}],"curies":[{"name":"wp","href":"https:\/\/api.w.org\/{rel}","templated":true}]}}