{"id":11747,"date":"2025-10-01T11:12:11","date_gmt":"2025-10-01T09:12:11","guid":{"rendered":"https:\/\/gradido.net\/?p=11747"},"modified":"2026-04-24T07:15:52","modified_gmt":"2026-04-24T05:15:52","slug":"mutmacher-michael","status":"publish","type":"post","link":"https:\/\/gradido.net\/pl\/mutmacher-michael\/","title":{"rendered":"Marzenie o sprawiedliwym i pokojowym \u015bwiecie"},"content":{"rendered":"<div data-elementor-type=\"wp-post\" data-elementor-id=\"11747\" class=\"elementor elementor-11747\" data-elementor-post-type=\"post\">\n\t\t\t\t\t\t<section class=\"elementor-section elementor-top-section elementor-element elementor-element-496e1d53 elementor-section-boxed elementor-section-height-default elementor-section-height-default\" data-id=\"496e1d53\" data-element_type=\"section\" data-e-type=\"section\">\n\t\t\t\t\t\t<div class=\"elementor-container elementor-column-gap-default\">\n\t\t\t\t\t<div class=\"elementor-column elementor-col-100 elementor-top-column elementor-element elementor-element-461d7be0\" data-id=\"461d7be0\" data-element_type=\"column\" data-e-type=\"column\">\n\t\t\t<div class=\"elementor-widget-wrap elementor-element-populated\">\n\t\t\t\t\t\t<div class=\"elementor-element elementor-element-cd9ebe2 elementor-widget elementor-widget-text-editor\" data-id=\"cd9ebe2\" data-element_type=\"widget\" data-e-type=\"widget\" data-widget_type=\"text-editor.default\">\n\t\t\t\t<div class=\"elementor-widget-container\">\n\t\t\t\t\t\t\t\t\t<p style=\"text-align: right;\"><em>\"To, co najbardziej przemawia do mnie w Gradido, to zasada wdzi\u0119czno\u015bci - i wizja pokojowej dzia\u0142alno\u015bci gospodarczej\".<\/em> <br \/><em>-\u00a0<\/em><i> Michael Rothe<\/i><\/p><div><p>Droga Margret, drogi Bernd,<\/p><p>Odkry\u0142em Gradido w Internecie jaki\u015b czas temu i od razu poruszy\u0142a mnie jego wizja. Uwa\u017cam, \u017ce podej\u015bcie polegaj\u0105ce nie tylko na \"honorowym podzi\u0119kowaniu\" za prac\u0119 spo\u0142ecznie istotn\u0105, ale tak\u017ce na tworzeniu prawdziwego, uczciwego wynagrodzenia za ni\u0105, jest szczeg\u00f3lnie ekscytuj\u0105ce i sprawiedliwe.<\/p><h3>Wspania\u0142e po\u0142\u0105czenie z Gradido<\/h3><p>Dzi\u0119ki mojemu programowi mentorskiemu \"ERf\u00fcllt Leben\" chc\u0119 umo\u017cliwi\u0107 ludziom znalezienie swojego miejsca w spo\u0142eczno\u015bci. Wa\u017cne jest dla mnie, aby nie tylko do\u015bwiadczali wewn\u0119trznego spe\u0142nienia, ale tak\u017ce otrzymywali uznanie finansowe, kt\u00f3re z kolei mo\u017ce by\u0107 b\u0142ogos\u0142awie\u0144stwem dla innych. W\u0142a\u015bnie w tym widz\u0119 wspania\u0142e po\u0142\u0105czenie z Gradido.<\/p><h3>Marzenie o sprawiedliwym, pokojowym \u015bwiecie...<\/h3><p>Moj\u0105 najg\u0142\u0119bsz\u0105 si\u0142\u0105 nap\u0119dow\u0105 jest wiara w Jezusa Chrystusa. Chc\u0119 przekazywa\u0107 b\u0142ogos\u0142awie\u0144stwo, kt\u00f3re od Niego otrzymuj\u0119. Tylko wtedy, gdy zdamy sobie spraw\u0119, \u017ce tylko dzi\u0119ki Bo\u017cej \u0142asce jeste\u015bmy zdolni do prawdziwie sprawiedliwego dzia\u0142ania, marzenie o sprawiedliwym, pokojowym \u015bwiecie mo\u017ce sta\u0107 si\u0119 rzeczywisto\u015bci\u0105.<\/p><h3>...staje si\u0119 namacalny dzi\u0119ki Gradido<\/h3><p>To, co najbardziej przemawia do mnie w Gradido, to zasada wdzi\u0119czno\u015bci - i wizja pokojowej gospodarki. Chcia\u0142bym zobaczy\u0107 \u015bwiat, w kt\u00f3rym wsp\u00f3\u0142praca jest wa\u017cniejsza od konkurencji i w kt\u00f3rym rozwijaj\u0105 si\u0119 zdrowe spo\u0142eczno\u015bci. Gradido wydaje si\u0119 czyni\u0107 to marzenie bardziej namacalnym.<\/p><p>Dzi\u0119kujemy za zapocz\u0105tkowanie tego ruchu!<\/p><p>Z wyrazami szacunku<br \/>Michael Rothe<\/p><p><a href=\"https:\/\/www.micharothe.de\/\" target=\"_blank\" rel=\"noopener\">https:\/\/www.micharothe.de\/<\/a><\/p><\/div>\t\t\t\t\t\t\t\t<\/div>\n\t\t\t\t<\/div>\n\t\t\t\t<div class=\"elementor-element elementor-element-db3fa8e elementor-widget-divider--view-line elementor-widget elementor-widget-divider\" data-id=\"db3fa8e\" data-element_type=\"widget\" data-e-type=\"widget\" data-widget_type=\"divider.default\">\n\t\t\t\t<div class=\"elementor-widget-container\">\n\t\t\t\t\t\t\t<div class=\"elementor-divider\">\n\t\t\t<span class=\"elementor-divider-separator\">\n\t\t\t\t\t\t<\/span>\n\t\t<\/div>\n\t\t\t\t\t\t<\/div>\n\t\t\t\t<\/div>\n\t\t\t\t<div class=\"elementor-element elementor-element-d74dfa0 elementor-widget elementor-widget-text-editor\" data-id=\"d74dfa0\" data-element_type=\"widget\" data-e-type=\"widget\" data-widget_type=\"text-editor.default\">\n\t\t\t\t<div class=\"elementor-widget-container\">\n\t\t\t\t\t\t\t\t\t<div data-pm-slice=\"1 1 []\" data-en-clipboard=\"true\"><h4>Do\u0142\u0105cz do nas - czekamy na Twoj\u0105 poruszaj\u0105c\u0105 histori\u0119!<\/h4><p><strong>Wy\u015blij wiadomo\u015b\u0107 na adres: <a href=\"mailto:support@gradido.net\">support@gradido.net<\/a><\/strong><\/p><p>Razem wykraczamy poza siebie!<\/p><p>Z g\u0142\u0119bok\u0105 wdzi\u0119czno\u015bci\u0105 i solidarno\u015bci\u0105<\/p><p><span style=\"font-family: -apple-system, BlinkMacSystemFont, 'Segoe UI', Roboto, 'Helvetica Neue', Arial, 'Noto Sans', sans-serif, 'Apple Color Emoji', 'Segoe UI Emoji', 'Segoe UI Symbol', 'Noto Color Emoji';\">Tw\u00f3j<\/span><\/p><\/div><p><img decoding=\"async\" class=\"alignnone wp-image-4614 size-medium\" src=\"https:\/\/gradido.net\/wp-content\/uploads\/2022\/06\/MargretBernd_2022-300x74.png\" alt=\"\" width=\"300\" height=\"74\" srcset=\"https:\/\/gradido.net\/wp-content\/uploads\/2022\/06\/MargretBernd_2022-300x74.png 300w, https:\/\/gradido.net\/wp-content\/uploads\/2022\/06\/MargretBernd_2022-18x4.png 18w, https:\/\/gradido.net\/wp-content\/uploads\/2022\/06\/MargretBernd_2022.png 431w\" sizes=\"(max-width: 300px) 100vw, 300px\" \/><\/p><p>Margret Baier i Bernd H\u00fcckst\u00e4dt<br \/>Za\u0142o\u017cyciel i deweloper Gradido<\/p>\t\t\t\t\t\t\t\t<\/div>\n\t\t\t\t<\/div>\n\t\t\t\t\t<\/div>\n\t\t<\/div>\n\t\t\t\t\t<\/div>\n\t\t<\/section>\n\t\t\t\t<section class=\"elementor-section elementor-top-section elementor-element elementor-element-14532fe elementor-section-boxed elementor-section-height-default elementor-section-height-default\" data-id=\"14532fe\" data-element_type=\"section\" data-e-type=\"section\">\n\t\t\t\t\t\t<div class=\"elementor-container elementor-column-gap-default\">\n\t\t\t\t\t<div class=\"elementor-column elementor-col-100 elementor-top-column elementor-element elementor-element-65d2298\" data-id=\"65d2298\" data-element_type=\"column\" data-e-type=\"column\">\n\t\t\t<div class=\"elementor-widget-wrap elementor-element-populated\">\n\t\t\t\t\t\t<div class=\"elementor-element elementor-element-bea124f elementor-widget elementor-widget-global elementor-global-9341 elementor-widget-text-editor\" data-id=\"bea124f\" data-element_type=\"widget\" data-e-type=\"widget\" data-widget_type=\"text-editor.default\">\n\t\t\t\t<div class=\"elementor-widget-container\">\n\t\t\t\t\t\t\t\t\t<p><strong>PS:\u00a0<span style=\"color: #ff6600;\"><a style=\"color: #ff6600;\" href=\"https:\/\/gradido.net\/pl\/donations\/\">Ze wzgl\u0119du na stale rosn\u0105ce znaczenie Gradido, powtarzamy nasz\u0105 kampani\u0119 wdzi\u0119czno\u015bci 26 czerwca 2026 roku:<\/a>\u00a0<\/span><span style=\"color: #0000ff;\"><a style=\"color: #0000ff;\" href=\"https:\/\/gradido.net\/pl\/donations\/\">Opr\u00f3cz wielokrotnego GradidoTransform za wk\u0142ad sponsorski, 26\/06\/2016 zwi\u0119kszymy salda wszystkich kont GDT o 26%. Zosta\u0144 sponsorem ju\u017c teraz i ciesz si\u0119 wielokrotno\u015bci\u0105 GDT!<\/a><\/span><\/strong><\/p>\t\t\t\t\t\t\t\t<\/div>\n\t\t\t\t<\/div>\n\t\t\t\t\t<\/div>\n\t\t<\/div>\n\t\t\t\t\t<\/div>\n\t\t<\/section>\n\t\t\t\t<section class=\"elementor-section elementor-top-section elementor-element elementor-element-29dfc07 elementor-section-boxed elementor-section-height-default elementor-section-height-default\" data-id=\"29dfc07\" data-element_type=\"section\" data-e-type=\"section\">\n\t\t\t\t\t\t<div class=\"elementor-container elementor-column-gap-default\">\n\t\t\t\t\t<div class=\"elementor-column elementor-col-100 elementor-top-column elementor-element elementor-element-d37ec5a\" data-id=\"d37ec5a\" data-element_type=\"column\" data-e-type=\"column\">\n\t\t\t<div class=\"elementor-widget-wrap\">\n\t\t\t\t\t\t\t<\/div>\n\t\t<\/div>\n\t\t\t\t\t<\/div>\n\t\t<\/section>\n\t\t\t\t<section class=\"elementor-section elementor-top-section elementor-element elementor-element-b3bbb9b elementor-section-boxed elementor-section-height-default elementor-section-height-default\" data-id=\"b3bbb9b\" data-element_type=\"section\" data-e-type=\"section\">\n\t\t\t\t\t\t<div class=\"elementor-container elementor-column-gap-default\">\n\t\t\t\t\t<div class=\"elementor-column elementor-col-100 elementor-top-column elementor-element elementor-element-a7e88ad\" data-id=\"a7e88ad\" data-element_type=\"column\" data-e-type=\"column\">\n\t\t\t<div class=\"elementor-widget-wrap\">\n\t\t\t\t\t\t\t<\/div>\n\t\t<\/div>\n\t\t\t\t\t<\/div>\n\t\t<\/section>\n\t\t\t\t<\/div>","protected":false},"excerpt":{"rendered":"<p>To, co najbardziej przemawia do mnie w Gradido, to zasada wdzi\u0119czno\u015bci - i wizja pokojowej gospodarki. Chcia\u0142bym zobaczy\u0107 \u015bwiat, w kt\u00f3rym wsp\u00f3\u0142praca jest wa\u017cniejsza od konkurencji i w kt\u00f3rym rozwijaj\u0105 si\u0119 zdrowe spo\u0142eczno\u015bci. Dzi\u0119ki Gradido to marzenie wydaje si\u0119 namacalne.<\/p>","protected":false},"author":2,"featured_media":11749,"comment_status":"closed","ping_status":"closed","sticky":false,"template":"","format":"standard","meta":{"footnotes":""},"categories":[11,54],"tags":[],"class_list":["post-11747","post","type-post","status-publish","format-standard","has-post-thumbnail","hentry","category-blog","category-community"],"yoast_head":"<!-- This site is optimized with the Yoast SEO plugin v27.5 - https:\/\/yoast.com\/product\/yoast-seo-wordpress\/ -->\n<title>Der Traum einer gerechten friedvollen Welt - Gradido<\/title>\n<meta name=\"description\" content=\"Am meisten spricht mich an Gradido das Prinzip der Dankbarkeit an \u2013 und die Vision eines friedvollen Wirtschaftens. Ich w\u00fcnsche mir eine Welt, in der Kooperation vor Konkurrenz steht und in der gesunde Gemeinschaften wachsen. Mit Gradido scheint dieser Traum greifbar zu werden.\" \/>\n<meta name=\"robots\" content=\"index, follow, max-snippet:-1, max-image-preview:large, max-video-preview:-1\" \/>\n<link rel=\"canonical\" href=\"https:\/\/gradido.net\/pl\/mutmacher-michael\/\" \/>\n<meta property=\"og:locale\" content=\"pl_PL\" \/>\n<meta property=\"og:type\" content=\"article\" \/>\n<meta property=\"og:title\" content=\"Der Traum einer gerechten friedvollen Welt - Gradido\" \/>\n<meta property=\"og:description\" content=\"Am meisten spricht mich an Gradido das Prinzip der Dankbarkeit an \u2013 und die Vision eines friedvollen Wirtschaftens. Ich w\u00fcnsche mir eine Welt, in der Kooperation vor Konkurrenz steht und in der gesunde Gemeinschaften wachsen. Mit Gradido scheint dieser Traum greifbar zu werden.\" \/>\n<meta property=\"og:url\" content=\"https:\/\/gradido.net\/pl\/mutmacher-michael\/\" \/>\n<meta property=\"og:site_name\" content=\"Gradido\" \/>\n<meta property=\"article:published_time\" content=\"2025-10-01T09:12:11+00:00\" \/>\n<meta property=\"article:modified_time\" content=\"2026-04-24T05:15:52+00:00\" \/>\n<meta property=\"og:image\" content=\"https:\/\/gradido.net\/wp-content\/uploads\/2025\/10\/Michael_Rothe_Banner.jpg\" \/>\n\t<meta property=\"og:image:width\" content=\"1280\" \/>\n\t<meta property=\"og:image:height\" content=\"720\" \/>\n\t<meta property=\"og:image:type\" content=\"image\/jpeg\" \/>\n<meta name=\"author\" content=\"Bernd H\u00fcckst\u00e4dt\" \/>\n<meta name=\"twitter:card\" content=\"summary_large_image\" \/>\n<meta name=\"twitter:label1\" content=\"Napisane przez\" \/>\n\t<meta name=\"twitter:data1\" content=\"Bernd H\u00fcckst\u00e4dt\" \/>\n\t<meta name=\"twitter:label2\" content=\"Szacowany czas czytania\" \/>\n\t<meta name=\"twitter:data2\" content=\"3 minuty\" \/>\n<script type=\"application\/ld+json\" class=\"yoast-schema-graph\">{\"@context\":\"https:\\\/\\\/schema.org\",\"@graph\":[{\"@type\":\"Article\",\"@id\":\"https:\\\/\\\/gradido.net\\\/mutmacher-michael\\\/#article\",\"isPartOf\":{\"@id\":\"https:\\\/\\\/gradido.net\\\/mutmacher-michael\\\/\"},\"author\":{\"name\":\"Bernd H\u00fcckst\u00e4dt\",\"@id\":\"https:\\\/\\\/gradido.net\\\/de\\\/#\\\/schema\\\/person\\\/9c503a004ad15a1ddecadce2218db5d1\"},\"headline\":\"Der Traum einer gerechten friedvollen Welt\",\"datePublished\":\"2025-10-01T09:12:11+00:00\",\"dateModified\":\"2026-04-24T05:15:52+00:00\",\"mainEntityOfPage\":{\"@id\":\"https:\\\/\\\/gradido.net\\\/mutmacher-michael\\\/\"},\"wordCount\":340,\"publisher\":{\"@id\":\"https:\\\/\\\/gradido.net\\\/de\\\/#organization\"},\"image\":{\"@id\":\"https:\\\/\\\/gradido.net\\\/mutmacher-michael\\\/#primaryimage\"},\"thumbnailUrl\":\"https:\\\/\\\/gradido.net\\\/wp-content\\\/uploads\\\/2025\\\/10\\\/Michael_Rothe_Banner.jpg\",\"articleSection\":[\"Blog\",\"Community\"],\"inLanguage\":\"pl-PL\"},{\"@type\":\"WebPage\",\"@id\":\"https:\\\/\\\/gradido.net\\\/mutmacher-michael\\\/\",\"url\":\"https:\\\/\\\/gradido.net\\\/mutmacher-michael\\\/\",\"name\":\"Der Traum einer gerechten friedvollen Welt - Gradido\",\"isPartOf\":{\"@id\":\"https:\\\/\\\/gradido.net\\\/de\\\/#website\"},\"primaryImageOfPage\":{\"@id\":\"https:\\\/\\\/gradido.net\\\/mutmacher-michael\\\/#primaryimage\"},\"image\":{\"@id\":\"https:\\\/\\\/gradido.net\\\/mutmacher-michael\\\/#primaryimage\"},\"thumbnailUrl\":\"https:\\\/\\\/gradido.net\\\/wp-content\\\/uploads\\\/2025\\\/10\\\/Michael_Rothe_Banner.jpg\",\"datePublished\":\"2025-10-01T09:12:11+00:00\",\"dateModified\":\"2026-04-24T05:15:52+00:00\",\"description\":\"Am meisten spricht mich an Gradido das Prinzip der Dankbarkeit an \u2013 und die Vision eines friedvollen Wirtschaftens. Ich w\u00fcnsche mir eine Welt, in der Kooperation vor Konkurrenz steht und in der gesunde Gemeinschaften wachsen. Mit Gradido scheint dieser Traum greifbar zu werden.\",\"breadcrumb\":{\"@id\":\"https:\\\/\\\/gradido.net\\\/mutmacher-michael\\\/#breadcrumb\"},\"inLanguage\":\"pl-PL\",\"potentialAction\":[{\"@type\":\"ReadAction\",\"target\":[\"https:\\\/\\\/gradido.net\\\/mutmacher-michael\\\/\"]}]},{\"@type\":\"ImageObject\",\"inLanguage\":\"pl-PL\",\"@id\":\"https:\\\/\\\/gradido.net\\\/mutmacher-michael\\\/#primaryimage\",\"url\":\"https:\\\/\\\/gradido.net\\\/wp-content\\\/uploads\\\/2025\\\/10\\\/Michael_Rothe_Banner.jpg\",\"contentUrl\":\"https:\\\/\\\/gradido.net\\\/wp-content\\\/uploads\\\/2025\\\/10\\\/Michael_Rothe_Banner.jpg\",\"width\":1280,\"height\":720},{\"@type\":\"BreadcrumbList\",\"@id\":\"https:\\\/\\\/gradido.net\\\/mutmacher-michael\\\/#breadcrumb\",\"itemListElement\":[{\"@type\":\"ListItem\",\"position\":1,\"name\":\"Startseite\",\"item\":\"https:\\\/\\\/gradido.net\\\/\"},{\"@type\":\"ListItem\",\"position\":2,\"name\":\"Der Traum einer gerechten friedvollen Welt\"}]},{\"@type\":\"WebSite\",\"@id\":\"https:\\\/\\\/gradido.net\\\/de\\\/#website\",\"url\":\"https:\\\/\\\/gradido.net\\\/de\\\/\",\"name\":\"Gradido\",\"description\":\"Die neue W\u00e4hrung hei\u00dft Dankbarkeit\",\"publisher\":{\"@id\":\"https:\\\/\\\/gradido.net\\\/de\\\/#organization\"},\"potentialAction\":[{\"@type\":\"SearchAction\",\"target\":{\"@type\":\"EntryPoint\",\"urlTemplate\":\"https:\\\/\\\/gradido.net\\\/de\\\/?s={search_term_string}\"},\"query-input\":{\"@type\":\"PropertyValueSpecification\",\"valueRequired\":true,\"valueName\":\"search_term_string\"}}],\"inLanguage\":\"pl-PL\"},{\"@type\":\"Organization\",\"@id\":\"https:\\\/\\\/gradido.net\\\/de\\\/#organization\",\"name\":\"Gradido\",\"url\":\"https:\\\/\\\/gradido.net\\\/de\\\/\",\"logo\":{\"@type\":\"ImageObject\",\"inLanguage\":\"pl-PL\",\"@id\":\"https:\\\/\\\/gradido.net\\\/de\\\/#\\\/schema\\\/logo\\\/image\\\/\",\"url\":\"https:\\\/\\\/gradido.net\\\/wp-content\\\/uploads\\\/2022\\\/04\\\/gradido-social.jpg\",\"contentUrl\":\"https:\\\/\\\/gradido.net\\\/wp-content\\\/uploads\\\/2022\\\/04\\\/gradido-social.jpg\",\"width\":527,\"height\":273,\"caption\":\"Gradido\"},\"image\":{\"@id\":\"https:\\\/\\\/gradido.net\\\/de\\\/#\\\/schema\\\/logo\\\/image\\\/\"}},{\"@type\":\"Person\",\"@id\":\"https:\\\/\\\/gradido.net\\\/de\\\/#\\\/schema\\\/person\\\/9c503a004ad15a1ddecadce2218db5d1\",\"name\":\"Bernd H\u00fcckst\u00e4dt\",\"sameAs\":[\"https:\\\/\\\/gradido.net\"],\"url\":\"https:\\\/\\\/gradido.net\\\/pl\\\/author\\\/bernd\\\/\"}]}<\/script>\n<!-- \/ Yoast SEO plugin. -->","yoast_head_json":{"title":"Marzenie o sprawiedliwym i pokojowym \u015bwiecie - Gradido","description":"To, co najbardziej przemawia do mnie w Gradido, to zasada wdzi\u0119czno\u015bci - i wizja pokojowej gospodarki. Chcia\u0142bym zobaczy\u0107 \u015bwiat, w kt\u00f3rym wsp\u00f3\u0142praca jest wa\u017cniejsza od konkurencji i w kt\u00f3rym rozwijaj\u0105 si\u0119 zdrowe spo\u0142eczno\u015bci. Dzi\u0119ki Gradido to marzenie wydaje si\u0119 namacalne.","robots":{"index":"index","follow":"follow","max-snippet":"max-snippet:-1","max-image-preview":"max-image-preview:large","max-video-preview":"max-video-preview:-1"},"canonical":"https:\/\/gradido.net\/pl\/mutmacher-michael\/","og_locale":"pl_PL","og_type":"article","og_title":"Der Traum einer gerechten friedvollen Welt - Gradido","og_description":"Am meisten spricht mich an Gradido das Prinzip der Dankbarkeit an \u2013 und die Vision eines friedvollen Wirtschaftens. Ich w\u00fcnsche mir eine Welt, in der Kooperation vor Konkurrenz steht und in der gesunde Gemeinschaften wachsen. Mit Gradido scheint dieser Traum greifbar zu werden.","og_url":"https:\/\/gradido.net\/pl\/mutmacher-michael\/","og_site_name":"Gradido","article_published_time":"2025-10-01T09:12:11+00:00","article_modified_time":"2026-04-24T05:15:52+00:00","og_image":[{"width":1280,"height":720,"url":"https:\/\/gradido.net\/wp-content\/uploads\/2025\/10\/Michael_Rothe_Banner.jpg","type":"image\/jpeg"}],"author":"Bernd H\u00fcckst\u00e4dt","twitter_card":"summary_large_image","twitter_misc":{"Napisane przez":"Bernd H\u00fcckst\u00e4dt","Szacowany czas czytania":"3 minuty"},"schema":{"@context":"https:\/\/schema.org","@graph":[{"@type":"Article","@id":"https:\/\/gradido.net\/mutmacher-michael\/#article","isPartOf":{"@id":"https:\/\/gradido.net\/mutmacher-michael\/"},"author":{"name":"Bernd H\u00fcckst\u00e4dt","@id":"https:\/\/gradido.net\/de\/#\/schema\/person\/9c503a004ad15a1ddecadce2218db5d1"},"headline":"Der Traum einer gerechten friedvollen Welt","datePublished":"2025-10-01T09:12:11+00:00","dateModified":"2026-04-24T05:15:52+00:00","mainEntityOfPage":{"@id":"https:\/\/gradido.net\/mutmacher-michael\/"},"wordCount":340,"publisher":{"@id":"https:\/\/gradido.net\/de\/#organization"},"image":{"@id":"https:\/\/gradido.net\/mutmacher-michael\/#primaryimage"},"thumbnailUrl":"https:\/\/gradido.net\/wp-content\/uploads\/2025\/10\/Michael_Rothe_Banner.jpg","articleSection":["Blog","Community"],"inLanguage":"pl-PL"},{"@type":"WebPage","@id":"https:\/\/gradido.net\/mutmacher-michael\/","url":"https:\/\/gradido.net\/mutmacher-michael\/","name":"Marzenie o sprawiedliwym i pokojowym \u015bwiecie - Gradido","isPartOf":{"@id":"https:\/\/gradido.net\/de\/#website"},"primaryImageOfPage":{"@id":"https:\/\/gradido.net\/mutmacher-michael\/#primaryimage"},"image":{"@id":"https:\/\/gradido.net\/mutmacher-michael\/#primaryimage"},"thumbnailUrl":"https:\/\/gradido.net\/wp-content\/uploads\/2025\/10\/Michael_Rothe_Banner.jpg","datePublished":"2025-10-01T09:12:11+00:00","dateModified":"2026-04-24T05:15:52+00:00","description":"To, co najbardziej przemawia do mnie w Gradido, to zasada wdzi\u0119czno\u015bci - i wizja pokojowej gospodarki. Chcia\u0142bym zobaczy\u0107 \u015bwiat, w kt\u00f3rym wsp\u00f3\u0142praca jest wa\u017cniejsza od konkurencji i w kt\u00f3rym rozwijaj\u0105 si\u0119 zdrowe spo\u0142eczno\u015bci. Dzi\u0119ki Gradido to marzenie wydaje si\u0119 namacalne.","breadcrumb":{"@id":"https:\/\/gradido.net\/mutmacher-michael\/#breadcrumb"},"inLanguage":"pl-PL","potentialAction":[{"@type":"ReadAction","target":["https:\/\/gradido.net\/mutmacher-michael\/"]}]},{"@type":"ImageObject","inLanguage":"pl-PL","@id":"https:\/\/gradido.net\/mutmacher-michael\/#primaryimage","url":"https:\/\/gradido.net\/wp-content\/uploads\/2025\/10\/Michael_Rothe_Banner.jpg","contentUrl":"https:\/\/gradido.net\/wp-content\/uploads\/2025\/10\/Michael_Rothe_Banner.jpg","width":1280,"height":720},{"@type":"BreadcrumbList","@id":"https:\/\/gradido.net\/mutmacher-michael\/#breadcrumb","itemListElement":[{"@type":"ListItem","position":1,"name":"Startseite","item":"https:\/\/gradido.net\/"},{"@type":"ListItem","position":2,"name":"Der Traum einer gerechten friedvollen Welt"}]},{"@type":"WebSite","@id":"https:\/\/gradido.net\/de\/#website","url":"https:\/\/gradido.net\/de\/","name":"Gradido","description":"Now\u0105 walut\u0105 jest wdzi\u0119czno\u015b\u0107","publisher":{"@id":"https:\/\/gradido.net\/de\/#organization"},"potentialAction":[{"@type":"SearchAction","target":{"@type":"EntryPoint","urlTemplate":"https:\/\/gradido.net\/de\/?s={search_term_string}"},"query-input":{"@type":"PropertyValueSpecification","valueRequired":true,"valueName":"search_term_string"}}],"inLanguage":"pl-PL"},{"@type":"Organization","@id":"https:\/\/gradido.net\/de\/#organization","name":"Gradido","url":"https:\/\/gradido.net\/de\/","logo":{"@type":"ImageObject","inLanguage":"pl-PL","@id":"https:\/\/gradido.net\/de\/#\/schema\/logo\/image\/","url":"https:\/\/gradido.net\/wp-content\/uploads\/2022\/04\/gradido-social.jpg","contentUrl":"https:\/\/gradido.net\/wp-content\/uploads\/2022\/04\/gradido-social.jpg","width":527,"height":273,"caption":"Gradido"},"image":{"@id":"https:\/\/gradido.net\/de\/#\/schema\/logo\/image\/"}},{"@type":"Person","@id":"https:\/\/gradido.net\/de\/#\/schema\/person\/9c503a004ad15a1ddecadce2218db5d1","name":"Bernd H\u00fcckst\u00e4dt","sameAs":["https:\/\/gradido.net"],"url":"https:\/\/gradido.net\/pl\/author\/bernd\/"}]}},"_links":{"self":[{"href":"https:\/\/gradido.net\/pl\/wp-json\/wp\/v2\/posts\/11747","targetHints":{"allow":["GET"]}}],"collection":[{"href":"https:\/\/gradido.net\/pl\/wp-json\/wp\/v2\/posts"}],"about":[{"href":"https:\/\/gradido.net\/pl\/wp-json\/wp\/v2\/types\/post"}],"author":[{"embeddable":true,"href":"https:\/\/gradido.net\/pl\/wp-json\/wp\/v2\/users\/2"}],"replies":[{"embeddable":true,"href":"https:\/\/gradido.net\/pl\/wp-json\/wp\/v2\/comments?post=11747"}],"version-history":[{"count":13,"href":"https:\/\/gradido.net\/pl\/wp-json\/wp\/v2\/posts\/11747\/revisions"}],"predecessor-version":[{"id":13568,"href":"https:\/\/gradido.net\/pl\/wp-json\/wp\/v2\/posts\/11747\/revisions\/13568"}],"wp:featuredmedia":[{"embeddable":true,"href":"https:\/\/gradido.net\/pl\/wp-json\/wp\/v2\/media\/11749"}],"wp:attachment":[{"href":"https:\/\/gradido.net\/pl\/wp-json\/wp\/v2\/media?parent=11747"}],"wp:term":[{"taxonomy":"category","embeddable":true,"href":"https:\/\/gradido.net\/pl\/wp-json\/wp\/v2\/categories?post=11747"},{"taxonomy":"post_tag","embeddable":true,"href":"https:\/\/gradido.net\/pl\/wp-json\/wp\/v2\/tags?post=11747"}],"curies":[{"name":"wp","href":"https:\/\/api.w.org\/{rel}","templated":true}]}}