{"id":12183,"date":"2025-10-13T17:34:22","date_gmt":"2025-10-13T15:34:22","guid":{"rendered":"https:\/\/gradido.net\/?p=12183"},"modified":"2026-04-24T07:14:49","modified_gmt":"2026-04-24T05:14:49","slug":"mutmacher-konrad","status":"publish","type":"post","link":"https:\/\/gradido.net\/pl\/mutmacher-konrad\/","title":{"rendered":"Talar, talar, musisz w\u0119drowa\u0107 - z jednej r\u0119ki do drugiej"},"content":{"rendered":"<div data-elementor-type=\"wp-post\" data-elementor-id=\"12183\" class=\"elementor elementor-12183\" data-elementor-post-type=\"post\">\n\t\t\t\t\t\t<section class=\"elementor-section elementor-top-section elementor-element elementor-element-496e1d53 elementor-section-boxed elementor-section-height-default elementor-section-height-default\" data-id=\"496e1d53\" data-element_type=\"section\" data-e-type=\"section\">\n\t\t\t\t\t\t<div class=\"elementor-container elementor-column-gap-default\">\n\t\t\t\t\t<div class=\"elementor-column elementor-col-100 elementor-top-column elementor-element elementor-element-461d7be0\" data-id=\"461d7be0\" data-element_type=\"column\" data-e-type=\"column\">\n\t\t\t<div class=\"elementor-widget-wrap elementor-element-populated\">\n\t\t\t\t\t\t<div class=\"elementor-element elementor-element-cd9ebe2 elementor-widget elementor-widget-text-editor\" data-id=\"cd9ebe2\" data-element_type=\"widget\" data-e-type=\"widget\" data-widget_type=\"text-editor.default\">\n\t\t\t\t<div class=\"elementor-widget-container\">\n\t\t\t\t\t\t\t\t\t<p style=\"text-align: right;\"><em>\"Bernd i Magret po prostu sprawili, \u017ce tak si\u0119 sta\u0142o - i to zas\u0142uguje na m\u00f3j najg\u0142\u0119bszy szacunek\".<\/em> <br \/><em>-\u00a0<\/em><i> Konrad Funk<\/i><\/p><div><p>Drodzy Gradidoians,<\/p><p>Nazywam si\u0119 Konrad i od lat jestem entuzjast\u0105 Gradido. Dlaczego?<br \/>Od 2003 roku zda\u0142em sobie spraw\u0119, \u017ce jest co\u015b fundamentalnie z\u0142ego w systemie procentu sk\u0142adanego i pieni\u0105dza fiducjarnego. Ze wzgl\u0119du na jego struktur\u0119, pieni\u0105dze przep\u0142ywaj\u0105 od bogatych do biednych. Bogaci s\u0105 nagradzani za wycofywanie swoich pieni\u0119dzy z obiegu - system ten nie jest zr\u00f3wnowa\u017cony w d\u0142u\u017cszej perspektywie.<\/p><p>Zacz\u0105\u0142em wi\u0119c uwa\u017cnie przygl\u0105da\u0107 si\u0119 systemowi monetarnemu i kszta\u0142ci\u0107 si\u0119 - w <strong>Partia ludzkiej ekonomii<\/strong> oraz z filmami na <strong>YouTube<\/strong>. Ale wi\u0119kszo\u015b\u0107 uszu pozosta\u0142a g\u0142ucha.<\/p><p><strong>Wtedy us\u0142ysza\u0142em o <em>Joytopia<\/em> - dawna nazwa Gradido.<\/strong><\/p><h3>Dlaczego Gradido jest dla mnie tak rewelacyjne?<\/h3><p>Gradido nie tylko zintegrowa\u0142o czynnik obiegu, ale tak\u017ce sam\u0105 kreacj\u0119 - i jest jednocze\u015bnie praktycznie wykonalne.<\/p><p>Wiele os\u00f3b m\u00f3wi tylko teoretycznie o tym, jak mog\u0142oby by\u0107 lepiej.<br \/><strong>Gradido sprawia, \u017ce jest to praktyczne!<\/strong><\/p><p>Bernd i Magret po prostu zdali sobie z tego spraw\u0119 - i to zas\u0142uguje na m\u00f3j najg\u0142\u0119bszy szacunek.<\/p><p>Gradido pod\u0105\u017ca za naturaln\u0105 zasad\u0105 stawania si\u0119 i przemijania. Co\u015b powstaje, przemija i odradza si\u0119 w kolejnym cyklu. Tak jak w naturze.<\/p><h3><br \/>Moje przekonanie: Ka\u017cdy mo\u017ce czerpa\u0107 korzy\u015bci z Gradido!<\/h3><p>Im wi\u0119ksza staje si\u0119 spo\u0142eczno\u015b\u0107, tym bardziej zamykaj\u0105 si\u0119 cykle gospodarcze.<br \/>Oznacza to, \u017ce wszyscy zaanga\u017cowani w ten cykl odnosz\u0105 korzy\u015bci - dzi\u0119ki lepszej jako\u015bci, uczciwym cenom i wi\u0119kszemu wzajemnemu wsparciu.<\/p><p>Wraz ze wzrostem pr\u0119dko\u015bci cyrkulacji wzrasta r\u00f3wnie\u017c mo\u017cliwo\u015b\u0107, <strong>w duchu natury<\/strong> dzia\u0142a\u0107.<\/p><h3><br \/>Poczucie bycia bogatym - tak bogatym jak natura<\/h3><p>Czy kiedykolwiek widzia\u0142e\u015b naturalny las, w kt\u00f3rym nie ma r\u00f3\u017cnorodno\u015bci? Ja nie. W naturze \u017cycia le\u017cy bycie bogatym. Gradido pomaga nam poczu\u0107 nasze wewn\u0119trzne bogactwo - a ten wewn\u0119trzny stan kszta\u0142tuje nasz\u0105 rzeczywisto\u015b\u0107.<\/p><p><strong>Gradidos mog\u0105 by\u0107 tworzone i przekazywane dalej, s\u0105 dost\u0119pne w obfito\u015bci - ale nie inflacyjne - ze wzgl\u0119du na ich ulotno\u015b\u0107.<\/strong><\/p><p>Ta obfito\u015b\u0107 mo\u017ce sta\u0107 si\u0119 naszym najwi\u0119kszym darem: <strong>do naszego pola serca.<\/strong><\/p><p>Pole serca - zw\u0142aszcza gdy jest przenikni\u0119te mi\u0142o\u015bci\u0105 - jest najsilniejszym polem, jakie znam. I to jest dok\u0142adnie to, co <a href=\"https:\/\/geistplan.de\" target=\"_blank\" rel=\"noopener\">\u015bwi\u0119ta geometria<\/a> do kt\u00f3rego jestem r\u00f3wnie entuzjastycznie nastawiony.<\/p><h2>Jak mog\u0119 wesprze\u0107 Gradido?<\/h2><p>Rozmawiaj\u0105c o tym z lud\u017ami, czy to na naszej poniedzia\u0142kowej konferencji z podobnie my\u015bl\u0105cymi lud\u017ami, czy z innymi. Zbudowa\u0142em r\u00f3wnie\u017c nasze wideo gradido, a tak\u017ce animacje i mam stron\u0119 internetow\u0105 na mojej stronie internetowej. <a href=\"https:\/\/geistplan.de\/spenden\/\" target=\"_blank\" rel=\"noopener\">Strona darowizny na Geistplan.de<\/a>\u00a0 mo\u017cliwo\u015b\u0107 przyjmowania i wspierania Gradidos.<\/p><\/div>\t\t\t\t\t\t\t\t<\/div>\n\t\t\t\t<\/div>\n\t\t\t\t<div class=\"elementor-element elementor-element-db3fa8e elementor-widget-divider--view-line elementor-widget elementor-widget-divider\" data-id=\"db3fa8e\" data-element_type=\"widget\" data-e-type=\"widget\" data-widget_type=\"divider.default\">\n\t\t\t\t<div class=\"elementor-widget-container\">\n\t\t\t\t\t\t\t<div class=\"elementor-divider\">\n\t\t\t<span class=\"elementor-divider-separator\">\n\t\t\t\t\t\t<\/span>\n\t\t<\/div>\n\t\t\t\t\t\t<\/div>\n\t\t\t\t<\/div>\n\t\t\t\t<div class=\"elementor-element elementor-element-d74dfa0 elementor-widget elementor-widget-text-editor\" data-id=\"d74dfa0\" data-element_type=\"widget\" data-e-type=\"widget\" data-widget_type=\"text-editor.default\">\n\t\t\t\t<div class=\"elementor-widget-container\">\n\t\t\t\t\t\t\t\t\t<div data-pm-slice=\"1 1 []\" data-en-clipboard=\"true\"><h4>Do\u0142\u0105cz do nas - czekamy na Twoj\u0105 poruszaj\u0105c\u0105 histori\u0119!<\/h4><p><strong>Wy\u015blij wiadomo\u015b\u0107 na adres: <a href=\"mailto:support@gradido.net\">support@gradido.net<\/a><\/strong><\/p><p>Razem wykraczamy poza siebie!<\/p><p>Z g\u0142\u0119bok\u0105 wdzi\u0119czno\u015bci\u0105 i solidarno\u015bci\u0105<\/p><p><span style=\"font-family: -apple-system, BlinkMacSystemFont, 'Segoe UI', Roboto, 'Helvetica Neue', Arial, 'Noto Sans', sans-serif, 'Apple Color Emoji', 'Segoe UI Emoji', 'Segoe UI Symbol', 'Noto Color Emoji';\">Tw\u00f3j<\/span><\/p><\/div><p><img decoding=\"async\" class=\"alignnone wp-image-4614 size-medium\" src=\"https:\/\/gradido.net\/wp-content\/uploads\/2022\/06\/MargretBernd_2022-300x74.png\" alt=\"\" width=\"300\" height=\"74\" srcset=\"https:\/\/gradido.net\/wp-content\/uploads\/2022\/06\/MargretBernd_2022-300x74.png 300w, https:\/\/gradido.net\/wp-content\/uploads\/2022\/06\/MargretBernd_2022-18x4.png 18w, https:\/\/gradido.net\/wp-content\/uploads\/2022\/06\/MargretBernd_2022.png 431w\" sizes=\"(max-width: 300px) 100vw, 300px\" \/><\/p><p>Margret Baier i Bernd H\u00fcckst\u00e4dt<br \/>Za\u0142o\u017cyciel i deweloper Gradido<\/p>\t\t\t\t\t\t\t\t<\/div>\n\t\t\t\t<\/div>\n\t\t\t\t\t<\/div>\n\t\t<\/div>\n\t\t\t\t\t<\/div>\n\t\t<\/section>\n\t\t\t\t<section class=\"elementor-section elementor-top-section elementor-element elementor-element-14532fe elementor-section-boxed elementor-section-height-default elementor-section-height-default\" data-id=\"14532fe\" data-element_type=\"section\" data-e-type=\"section\">\n\t\t\t\t\t\t<div class=\"elementor-container elementor-column-gap-default\">\n\t\t\t\t\t<div class=\"elementor-column elementor-col-100 elementor-top-column elementor-element elementor-element-65d2298\" data-id=\"65d2298\" data-element_type=\"column\" data-e-type=\"column\">\n\t\t\t<div class=\"elementor-widget-wrap elementor-element-populated\">\n\t\t\t\t\t\t<div class=\"elementor-element elementor-element-bea124f elementor-widget elementor-widget-text-editor\" data-id=\"bea124f\" data-element_type=\"widget\" data-e-type=\"widget\" data-widget_type=\"text-editor.default\">\n\t\t\t\t<div class=\"elementor-widget-container\">\n\t\t\t\t\t\t\t\t\t<p><strong>PS:\u00a0<span style=\"color: #ff6600;\"><a style=\"color: #ff6600;\" href=\"https:\/\/gradido.net\/pl\/donations\/\">Ze wzgl\u0119du na stale rosn\u0105ce znaczenie Gradido, powtarzamy nasz\u0105 kampani\u0119 wdzi\u0119czno\u015bci 25 pa\u017adziernika 2025 r:<\/a>\u00a0<\/span><span style=\"color: #0000ff;\"><a style=\"color: #0000ff;\" href=\"https:\/\/gradido.net\/pl\/donations\/\">Opr\u00f3cz wielokrotnego GradidoTransform za wk\u0142ad sponsorski, 25.10.25 zwi\u0119kszymy salda wszystkich kont GDT o 25%. Zosta\u0144 sponsorem ju\u017c teraz i ciesz si\u0119 wielokrotno\u015bci\u0105 GDT!<\/a><\/span><\/strong><\/p>\t\t\t\t\t\t\t\t<\/div>\n\t\t\t\t<\/div>\n\t\t\t\t\t<\/div>\n\t\t<\/div>\n\t\t\t\t\t<\/div>\n\t\t<\/section>\n\t\t\t\t<section class=\"elementor-section elementor-top-section elementor-element elementor-element-29dfc07 elementor-section-boxed elementor-section-height-default elementor-section-height-default\" data-id=\"29dfc07\" data-element_type=\"section\" data-e-type=\"section\">\n\t\t\t\t\t\t<div class=\"elementor-container elementor-column-gap-default\">\n\t\t\t\t\t<div class=\"elementor-column elementor-col-100 elementor-top-column elementor-element elementor-element-d37ec5a\" data-id=\"d37ec5a\" data-element_type=\"column\" data-e-type=\"column\">\n\t\t\t<div class=\"elementor-widget-wrap\">\n\t\t\t\t\t\t\t<\/div>\n\t\t<\/div>\n\t\t\t\t\t<\/div>\n\t\t<\/section>\n\t\t\t\t<section class=\"elementor-section elementor-top-section elementor-element elementor-element-b3bbb9b elementor-section-boxed elementor-section-height-default elementor-section-height-default\" data-id=\"b3bbb9b\" data-element_type=\"section\" data-e-type=\"section\">\n\t\t\t\t\t\t<div class=\"elementor-container elementor-column-gap-default\">\n\t\t\t\t\t<div class=\"elementor-column elementor-col-100 elementor-top-column elementor-element elementor-element-a7e88ad\" data-id=\"a7e88ad\" data-element_type=\"column\" data-e-type=\"column\">\n\t\t\t<div class=\"elementor-widget-wrap\">\n\t\t\t\t\t\t\t<\/div>\n\t\t<\/div>\n\t\t\t\t\t<\/div>\n\t\t<\/section>\n\t\t\t\t<\/div>","protected":false},"excerpt":{"rendered":"<p>Gradidos mog\u0105 by\u0107 tworzone i przekazywane dalej, s\u0105 dost\u0119pne w obfito\u015bci - ale nie inflacyjne - ze wzgl\u0119du na ich przemijalno\u015b\u0107. Ta obfito\u015b\u0107 mo\u017ce p\u0142yn\u0105\u0107 do naszego najwi\u0119kszego daru: naszego pola serca.<\/p>","protected":false},"author":2,"featured_media":12185,"comment_status":"closed","ping_status":"closed","sticky":false,"template":"","format":"standard","meta":{"footnotes":""},"categories":[11,54],"tags":[],"class_list":["post-12183","post","type-post","status-publish","format-standard","has-post-thumbnail","hentry","category-blog","category-community"],"yoast_head":"<!-- This site is optimized with the Yoast SEO plugin v27.5 - https:\/\/yoast.com\/product\/yoast-seo-wordpress\/ -->\n<title>Taler, Taler, du musst wandern \u2013 von der einen Hand zur andern - Gradido<\/title>\n<meta name=\"description\" content=\"Gradidos k\u00f6nnen gesch\u00f6pft und weitergegeben werden, sie sind im \u00dcberfluss vorhanden \u2013 aber dennoch nicht inflation\u00e4r \u2013 wegen der Verg\u00e4nglichkeit. Diese F\u00fclle kann in unser gr\u00f6\u00dftes Geschenk einflie\u00dfen: in unser Herzfeld.\" \/>\n<meta name=\"robots\" content=\"index, follow, max-snippet:-1, max-image-preview:large, max-video-preview:-1\" \/>\n<link rel=\"canonical\" href=\"https:\/\/gradido.net\/pl\/mutmacher-konrad\/\" \/>\n<meta property=\"og:locale\" content=\"pl_PL\" \/>\n<meta property=\"og:type\" content=\"article\" \/>\n<meta property=\"og:title\" content=\"Taler, Taler, du musst wandern \u2013 von der einen Hand zur andern - Gradido\" \/>\n<meta property=\"og:description\" content=\"Gradidos k\u00f6nnen gesch\u00f6pft und weitergegeben werden, sie sind im \u00dcberfluss vorhanden \u2013 aber dennoch nicht inflation\u00e4r \u2013 wegen der Verg\u00e4nglichkeit. Diese F\u00fclle kann in unser gr\u00f6\u00dftes Geschenk einflie\u00dfen: in unser Herzfeld.\" \/>\n<meta property=\"og:url\" content=\"https:\/\/gradido.net\/pl\/mutmacher-konrad\/\" \/>\n<meta property=\"og:site_name\" content=\"Gradido\" \/>\n<meta property=\"article:published_time\" content=\"2025-10-13T15:34:22+00:00\" \/>\n<meta property=\"article:modified_time\" content=\"2026-04-24T05:14:49+00:00\" \/>\n<meta property=\"og:image\" content=\"https:\/\/gradido.net\/wp-content\/uploads\/2025\/10\/Konrad_Funk.jpg\" \/>\n\t<meta property=\"og:image:width\" content=\"1920\" \/>\n\t<meta property=\"og:image:height\" content=\"1080\" \/>\n\t<meta property=\"og:image:type\" content=\"image\/jpeg\" \/>\n<meta name=\"author\" content=\"Bernd H\u00fcckst\u00e4dt\" \/>\n<meta name=\"twitter:card\" content=\"summary_large_image\" \/>\n<meta name=\"twitter:label1\" content=\"Napisane przez\" \/>\n\t<meta name=\"twitter:data1\" content=\"Bernd H\u00fcckst\u00e4dt\" \/>\n\t<meta name=\"twitter:label2\" content=\"Szacowany czas czytania\" \/>\n\t<meta name=\"twitter:data2\" content=\"4 minuty\" \/>\n<script type=\"application\/ld+json\" class=\"yoast-schema-graph\">{\"@context\":\"https:\\\/\\\/schema.org\",\"@graph\":[{\"@type\":\"Article\",\"@id\":\"https:\\\/\\\/gradido.net\\\/mutmacher-konrad\\\/#article\",\"isPartOf\":{\"@id\":\"https:\\\/\\\/gradido.net\\\/mutmacher-konrad\\\/\"},\"author\":{\"name\":\"Bernd H\u00fcckst\u00e4dt\",\"@id\":\"https:\\\/\\\/gradido.net\\\/de\\\/#\\\/schema\\\/person\\\/9c503a004ad15a1ddecadce2218db5d1\"},\"headline\":\"Taler, Taler, du musst wandern \u2013 von der einen Hand zur andern\",\"datePublished\":\"2025-10-13T15:34:22+00:00\",\"dateModified\":\"2026-04-24T05:14:49+00:00\",\"mainEntityOfPage\":{\"@id\":\"https:\\\/\\\/gradido.net\\\/mutmacher-konrad\\\/\"},\"wordCount\":525,\"publisher\":{\"@id\":\"https:\\\/\\\/gradido.net\\\/de\\\/#organization\"},\"image\":{\"@id\":\"https:\\\/\\\/gradido.net\\\/mutmacher-konrad\\\/#primaryimage\"},\"thumbnailUrl\":\"https:\\\/\\\/gradido.net\\\/wp-content\\\/uploads\\\/2025\\\/10\\\/Konrad_Funk.jpg\",\"articleSection\":[\"Blog\",\"Community\"],\"inLanguage\":\"pl-PL\"},{\"@type\":\"WebPage\",\"@id\":\"https:\\\/\\\/gradido.net\\\/mutmacher-konrad\\\/\",\"url\":\"https:\\\/\\\/gradido.net\\\/mutmacher-konrad\\\/\",\"name\":\"Taler, Taler, du musst wandern \u2013 von der einen Hand zur andern - Gradido\",\"isPartOf\":{\"@id\":\"https:\\\/\\\/gradido.net\\\/de\\\/#website\"},\"primaryImageOfPage\":{\"@id\":\"https:\\\/\\\/gradido.net\\\/mutmacher-konrad\\\/#primaryimage\"},\"image\":{\"@id\":\"https:\\\/\\\/gradido.net\\\/mutmacher-konrad\\\/#primaryimage\"},\"thumbnailUrl\":\"https:\\\/\\\/gradido.net\\\/wp-content\\\/uploads\\\/2025\\\/10\\\/Konrad_Funk.jpg\",\"datePublished\":\"2025-10-13T15:34:22+00:00\",\"dateModified\":\"2026-04-24T05:14:49+00:00\",\"description\":\"Gradidos k\u00f6nnen gesch\u00f6pft und weitergegeben werden, sie sind im \u00dcberfluss vorhanden \u2013 aber dennoch nicht inflation\u00e4r \u2013 wegen der Verg\u00e4nglichkeit. Diese F\u00fclle kann in unser gr\u00f6\u00dftes Geschenk einflie\u00dfen: in unser Herzfeld.\",\"breadcrumb\":{\"@id\":\"https:\\\/\\\/gradido.net\\\/mutmacher-konrad\\\/#breadcrumb\"},\"inLanguage\":\"pl-PL\",\"potentialAction\":[{\"@type\":\"ReadAction\",\"target\":[\"https:\\\/\\\/gradido.net\\\/mutmacher-konrad\\\/\"]}]},{\"@type\":\"ImageObject\",\"inLanguage\":\"pl-PL\",\"@id\":\"https:\\\/\\\/gradido.net\\\/mutmacher-konrad\\\/#primaryimage\",\"url\":\"https:\\\/\\\/gradido.net\\\/wp-content\\\/uploads\\\/2025\\\/10\\\/Konrad_Funk.jpg\",\"contentUrl\":\"https:\\\/\\\/gradido.net\\\/wp-content\\\/uploads\\\/2025\\\/10\\\/Konrad_Funk.jpg\",\"width\":1920,\"height\":1080},{\"@type\":\"BreadcrumbList\",\"@id\":\"https:\\\/\\\/gradido.net\\\/mutmacher-konrad\\\/#breadcrumb\",\"itemListElement\":[{\"@type\":\"ListItem\",\"position\":1,\"name\":\"Startseite\",\"item\":\"https:\\\/\\\/gradido.net\\\/\"},{\"@type\":\"ListItem\",\"position\":2,\"name\":\"Taler, Taler, du musst wandern \u2013 von der einen Hand zur andern\"}]},{\"@type\":\"WebSite\",\"@id\":\"https:\\\/\\\/gradido.net\\\/de\\\/#website\",\"url\":\"https:\\\/\\\/gradido.net\\\/de\\\/\",\"name\":\"Gradido\",\"description\":\"Die neue W\u00e4hrung hei\u00dft Dankbarkeit\",\"publisher\":{\"@id\":\"https:\\\/\\\/gradido.net\\\/de\\\/#organization\"},\"potentialAction\":[{\"@type\":\"SearchAction\",\"target\":{\"@type\":\"EntryPoint\",\"urlTemplate\":\"https:\\\/\\\/gradido.net\\\/de\\\/?s={search_term_string}\"},\"query-input\":{\"@type\":\"PropertyValueSpecification\",\"valueRequired\":true,\"valueName\":\"search_term_string\"}}],\"inLanguage\":\"pl-PL\"},{\"@type\":\"Organization\",\"@id\":\"https:\\\/\\\/gradido.net\\\/de\\\/#organization\",\"name\":\"Gradido\",\"url\":\"https:\\\/\\\/gradido.net\\\/de\\\/\",\"logo\":{\"@type\":\"ImageObject\",\"inLanguage\":\"pl-PL\",\"@id\":\"https:\\\/\\\/gradido.net\\\/de\\\/#\\\/schema\\\/logo\\\/image\\\/\",\"url\":\"https:\\\/\\\/gradido.net\\\/wp-content\\\/uploads\\\/2022\\\/04\\\/gradido-social.jpg\",\"contentUrl\":\"https:\\\/\\\/gradido.net\\\/wp-content\\\/uploads\\\/2022\\\/04\\\/gradido-social.jpg\",\"width\":527,\"height\":273,\"caption\":\"Gradido\"},\"image\":{\"@id\":\"https:\\\/\\\/gradido.net\\\/de\\\/#\\\/schema\\\/logo\\\/image\\\/\"}},{\"@type\":\"Person\",\"@id\":\"https:\\\/\\\/gradido.net\\\/de\\\/#\\\/schema\\\/person\\\/9c503a004ad15a1ddecadce2218db5d1\",\"name\":\"Bernd H\u00fcckst\u00e4dt\",\"sameAs\":[\"https:\\\/\\\/gradido.net\"],\"url\":\"https:\\\/\\\/gradido.net\\\/pl\\\/author\\\/bernd\\\/\"}]}<\/script>\n<!-- \/ Yoast SEO plugin. -->","yoast_head_json":{"title":"Talar, talar, musisz w\u0119drowa\u0107 - z jednej r\u0119ki do drugiej - Gradido","description":"Gradidos mog\u0105 by\u0107 tworzone i przekazywane dalej, s\u0105 dost\u0119pne w obfito\u015bci - ale nie inflacyjne - ze wzgl\u0119du na ich przemijalno\u015b\u0107. Ta obfito\u015b\u0107 mo\u017ce p\u0142yn\u0105\u0107 do naszego najwi\u0119kszego daru: naszego pola serca.","robots":{"index":"index","follow":"follow","max-snippet":"max-snippet:-1","max-image-preview":"max-image-preview:large","max-video-preview":"max-video-preview:-1"},"canonical":"https:\/\/gradido.net\/pl\/mutmacher-konrad\/","og_locale":"pl_PL","og_type":"article","og_title":"Taler, Taler, du musst wandern \u2013 von der einen Hand zur andern - Gradido","og_description":"Gradidos k\u00f6nnen gesch\u00f6pft und weitergegeben werden, sie sind im \u00dcberfluss vorhanden \u2013 aber dennoch nicht inflation\u00e4r \u2013 wegen der Verg\u00e4nglichkeit. Diese F\u00fclle kann in unser gr\u00f6\u00dftes Geschenk einflie\u00dfen: in unser Herzfeld.","og_url":"https:\/\/gradido.net\/pl\/mutmacher-konrad\/","og_site_name":"Gradido","article_published_time":"2025-10-13T15:34:22+00:00","article_modified_time":"2026-04-24T05:14:49+00:00","og_image":[{"width":1920,"height":1080,"url":"https:\/\/gradido.net\/wp-content\/uploads\/2025\/10\/Konrad_Funk.jpg","type":"image\/jpeg"}],"author":"Bernd H\u00fcckst\u00e4dt","twitter_card":"summary_large_image","twitter_misc":{"Napisane przez":"Bernd H\u00fcckst\u00e4dt","Szacowany czas czytania":"4 minuty"},"schema":{"@context":"https:\/\/schema.org","@graph":[{"@type":"Article","@id":"https:\/\/gradido.net\/mutmacher-konrad\/#article","isPartOf":{"@id":"https:\/\/gradido.net\/mutmacher-konrad\/"},"author":{"name":"Bernd H\u00fcckst\u00e4dt","@id":"https:\/\/gradido.net\/de\/#\/schema\/person\/9c503a004ad15a1ddecadce2218db5d1"},"headline":"Taler, Taler, du musst wandern \u2013 von der einen Hand zur andern","datePublished":"2025-10-13T15:34:22+00:00","dateModified":"2026-04-24T05:14:49+00:00","mainEntityOfPage":{"@id":"https:\/\/gradido.net\/mutmacher-konrad\/"},"wordCount":525,"publisher":{"@id":"https:\/\/gradido.net\/de\/#organization"},"image":{"@id":"https:\/\/gradido.net\/mutmacher-konrad\/#primaryimage"},"thumbnailUrl":"https:\/\/gradido.net\/wp-content\/uploads\/2025\/10\/Konrad_Funk.jpg","articleSection":["Blog","Community"],"inLanguage":"pl-PL"},{"@type":"WebPage","@id":"https:\/\/gradido.net\/mutmacher-konrad\/","url":"https:\/\/gradido.net\/mutmacher-konrad\/","name":"Talar, talar, musisz w\u0119drowa\u0107 - z jednej r\u0119ki do drugiej - Gradido","isPartOf":{"@id":"https:\/\/gradido.net\/de\/#website"},"primaryImageOfPage":{"@id":"https:\/\/gradido.net\/mutmacher-konrad\/#primaryimage"},"image":{"@id":"https:\/\/gradido.net\/mutmacher-konrad\/#primaryimage"},"thumbnailUrl":"https:\/\/gradido.net\/wp-content\/uploads\/2025\/10\/Konrad_Funk.jpg","datePublished":"2025-10-13T15:34:22+00:00","dateModified":"2026-04-24T05:14:49+00:00","description":"Gradidos mog\u0105 by\u0107 tworzone i przekazywane dalej, s\u0105 dost\u0119pne w obfito\u015bci - ale nie inflacyjne - ze wzgl\u0119du na ich przemijalno\u015b\u0107. Ta obfito\u015b\u0107 mo\u017ce p\u0142yn\u0105\u0107 do naszego najwi\u0119kszego daru: naszego pola serca.","breadcrumb":{"@id":"https:\/\/gradido.net\/mutmacher-konrad\/#breadcrumb"},"inLanguage":"pl-PL","potentialAction":[{"@type":"ReadAction","target":["https:\/\/gradido.net\/mutmacher-konrad\/"]}]},{"@type":"ImageObject","inLanguage":"pl-PL","@id":"https:\/\/gradido.net\/mutmacher-konrad\/#primaryimage","url":"https:\/\/gradido.net\/wp-content\/uploads\/2025\/10\/Konrad_Funk.jpg","contentUrl":"https:\/\/gradido.net\/wp-content\/uploads\/2025\/10\/Konrad_Funk.jpg","width":1920,"height":1080},{"@type":"BreadcrumbList","@id":"https:\/\/gradido.net\/mutmacher-konrad\/#breadcrumb","itemListElement":[{"@type":"ListItem","position":1,"name":"Startseite","item":"https:\/\/gradido.net\/"},{"@type":"ListItem","position":2,"name":"Taler, Taler, du musst wandern \u2013 von der einen Hand zur andern"}]},{"@type":"WebSite","@id":"https:\/\/gradido.net\/de\/#website","url":"https:\/\/gradido.net\/de\/","name":"Gradido","description":"Now\u0105 walut\u0105 jest wdzi\u0119czno\u015b\u0107","publisher":{"@id":"https:\/\/gradido.net\/de\/#organization"},"potentialAction":[{"@type":"SearchAction","target":{"@type":"EntryPoint","urlTemplate":"https:\/\/gradido.net\/de\/?s={search_term_string}"},"query-input":{"@type":"PropertyValueSpecification","valueRequired":true,"valueName":"search_term_string"}}],"inLanguage":"pl-PL"},{"@type":"Organization","@id":"https:\/\/gradido.net\/de\/#organization","name":"Gradido","url":"https:\/\/gradido.net\/de\/","logo":{"@type":"ImageObject","inLanguage":"pl-PL","@id":"https:\/\/gradido.net\/de\/#\/schema\/logo\/image\/","url":"https:\/\/gradido.net\/wp-content\/uploads\/2022\/04\/gradido-social.jpg","contentUrl":"https:\/\/gradido.net\/wp-content\/uploads\/2022\/04\/gradido-social.jpg","width":527,"height":273,"caption":"Gradido"},"image":{"@id":"https:\/\/gradido.net\/de\/#\/schema\/logo\/image\/"}},{"@type":"Person","@id":"https:\/\/gradido.net\/de\/#\/schema\/person\/9c503a004ad15a1ddecadce2218db5d1","name":"Bernd H\u00fcckst\u00e4dt","sameAs":["https:\/\/gradido.net"],"url":"https:\/\/gradido.net\/pl\/author\/bernd\/"}]}},"_links":{"self":[{"href":"https:\/\/gradido.net\/pl\/wp-json\/wp\/v2\/posts\/12183","targetHints":{"allow":["GET"]}}],"collection":[{"href":"https:\/\/gradido.net\/pl\/wp-json\/wp\/v2\/posts"}],"about":[{"href":"https:\/\/gradido.net\/pl\/wp-json\/wp\/v2\/types\/post"}],"author":[{"embeddable":true,"href":"https:\/\/gradido.net\/pl\/wp-json\/wp\/v2\/users\/2"}],"replies":[{"embeddable":true,"href":"https:\/\/gradido.net\/pl\/wp-json\/wp\/v2\/comments?post=12183"}],"version-history":[{"count":5,"href":"https:\/\/gradido.net\/pl\/wp-json\/wp\/v2\/posts\/12183\/revisions"}],"predecessor-version":[{"id":12189,"href":"https:\/\/gradido.net\/pl\/wp-json\/wp\/v2\/posts\/12183\/revisions\/12189"}],"wp:featuredmedia":[{"embeddable":true,"href":"https:\/\/gradido.net\/pl\/wp-json\/wp\/v2\/media\/12185"}],"wp:attachment":[{"href":"https:\/\/gradido.net\/pl\/wp-json\/wp\/v2\/media?parent=12183"}],"wp:term":[{"taxonomy":"category","embeddable":true,"href":"https:\/\/gradido.net\/pl\/wp-json\/wp\/v2\/categories?post=12183"},{"taxonomy":"post_tag","embeddable":true,"href":"https:\/\/gradido.net\/pl\/wp-json\/wp\/v2\/tags?post=12183"}],"curies":[{"name":"wp","href":"https:\/\/api.w.org\/{rel}","templated":true}]}}