{"id":1238,"date":"2020-11-25T10:27:43","date_gmt":"2020-11-25T09:27:43","guid":{"rendered":"https:\/\/gradido.net\/?p=1238"},"modified":"2021-12-11T13:02:17","modified_gmt":"2021-12-11T12:02:17","slug":"corona-politik-bedroht-unsere-kinder","status":"publish","type":"post","link":"https:\/\/gradido.net\/pl\/corona-politik-bedroht-unsere-kinder\/","title":{"rendered":"Polityka Corona zagra\u017ca naszym dzieciom"},"content":{"rendered":"<div data-elementor-type=\"wp-post\" data-elementor-id=\"1238\" class=\"elementor elementor-1238\" data-elementor-post-type=\"post\">\n\t\t\t\t\t\t<section class=\"elementor-section elementor-top-section elementor-element elementor-element-496e1d53 elementor-section-boxed elementor-section-height-default elementor-section-height-default\" data-id=\"496e1d53\" data-element_type=\"section\" data-e-type=\"section\">\n\t\t\t\t\t\t<div class=\"elementor-container elementor-column-gap-default\">\n\t\t\t\t\t<div class=\"elementor-column elementor-col-100 elementor-top-column elementor-element elementor-element-461d7be0\" data-id=\"461d7be0\" data-element_type=\"column\" data-e-type=\"column\">\n\t\t\t<div class=\"elementor-widget-wrap elementor-element-populated\">\n\t\t\t\t\t\t<div class=\"elementor-element elementor-element-cd9ebe2 elementor-widget elementor-widget-text-editor\" data-id=\"cd9ebe2\" data-element_type=\"widget\" data-e-type=\"widget\" data-widget_type=\"text-editor.default\">\n\t\t\t\t<div class=\"elementor-widget-container\">\n\t\t\t\t\t\t\t\t\t<h2>Naukowcy widz\u0105 rozwi\u0105zanie w nowym systemie monetarnym<\/h2><p><strong>K\u00fcnzelsau, 25.11.2020 - Dzieci, rodzice i nauczyciele s\u0105 na granicy. Lekarze, psycholodzy i politycy rodzinni bij\u0105 na alarm. Wszyscy oni postrzegaj\u0105 dobro dzieci jako ogromnie zagro\u017cone przez obecn\u0105 polityk\u0119 kryzysow\u0105. Przepisy dotycz\u0105ce kwarantanny, zamykania szk\u00f3\u0142 i ogranicze\u0144 w kontaktach nie tylko umieszczaj\u0105 na barykadach ochronniki dla dzieci. Wed\u0142ug UNICEF-u, 15.000 dzieci umiera\u0142o z g\u0142odu ka\u017cdego dnia nawet przed Koron\u0105. Dzia\u0142ania Korony doprowadzi\u0142y do drastycznego pogorszenia si\u0119 sytuacji g\u0142odowej na \u015bwiecie. W celu stworzenia bezpiecznych podstaw dla zdrowego rozwoju dzieci, biolodzy ekonomiczni Akademii Gradido wzywaj\u0105 do przekszta\u0142cenia systemu finansowego. Pozwoli\u0142oby to po\u0142o\u017cy\u0107 kres ub\u00f3stwu na ca\u0142ym \u015bwiecie i zapewni\u0107 r\u00f3wne szanse rozwoju wszystkim dzieciom. <\/strong><\/p><h3>\"Okna otwarte, maska w\u0142\u0105czona!\" - Pruska Gloria nie jest zarz\u0105dzaniem kryzysowym<\/h3><p>Obecny system szkolny zosta\u0142 rozwini\u0119ty w starych Prusach, aby przyci\u0105gn\u0105\u0107 lojalnych uczni\u00f3w. Szybko rozprzestrzeni\u0142 si\u0119 na ca\u0142ym \u015bwiecie. Filozof Richard David Precht od lat przestrzega\u0142, \u017ce wed\u0142ug wszystkiego, co dzi\u015b wiadomo o psychologii rozwojowej, ten idea\u0142 edukacyjny jest ca\u0142kowicie b\u0142\u0119dny. Bernd H\u00fcckst\u00e4dt, wsp\u00f3\u0142za\u0142o\u017cyciel Akademii Gradido, r\u00f3wnie\u017c zauwa\u017ca z rosn\u0105cym zaniepokojeniem, \"\u017ce brakuje pieni\u0119dzy i woli, aby rozwija\u0107 szko\u0142y publiczne na ca\u0142ym \u015bwiecie w spos\u00f3b, kt\u00f3ry by\u0142by niezb\u0119dny w obliczu wyzwa\u0144 naszych czas\u00f3w. Jest to prawdziwe \u015bwiadectwo ub\u00f3stwa dla \u015bwiatowej spo\u0142eczno\u015bci, kt\u00f3rej dobrobyt zale\u017cy w du\u017cej mierze od holistycznego wykszta\u0142cenia jej cz\u0142onk\u00f3w\".<\/p><h3>Uprzywilejowani ucz\u0119szczaj\u0105 do szk\u00f3\u0142 prywatnych<\/h3><p>Nic wi\u0119c dziwnego, \u017ce coraz wi\u0119cej uczni\u00f3w ucz\u0119szcza do prywatnych szk\u00f3\u0142 w tym kraju. Wed\u0142ug danych Federalnego Urz\u0119du Statystycznego w latach 1992\/1993 - 2018\/19 liczba prywatnych szk\u00f3\u0142 og\u00f3lnokszta\u0142c\u0105cych i zawodowych wzros\u0142a w Niemczech o imponuj\u0105ce 79,8 procent. Wielu rodzic\u00f3w, kt\u00f3rych by\u0142o na to sta\u0107, ju\u017c w 2016 roku p\u0142aci\u0142o \u015brednio 2000 euro rocznie, a dziecko za miejsce w prywatnym instytucie nauczania.<\/p><h3>Ub\u00f3stwo dzieci zamiast r\u00f3wno\u015bci szans<\/h3><p>Wiele dzieci z mniej zamo\u017cnych rodzin nie bierze udzia\u0142u w tym rozwoju. Wed\u0142ug bada\u0144 Fundacji Bertelsmanna ub\u00f3stwo jest cech\u0105 charakterystyczn\u0105 codziennego \u017cycia ponad jednej pi\u0105tej wszystkich dzieci w Niemczech. To jest 21,3 procent, czyli 2,8 miliona dzieci i m\u0142odzie\u017cy poni\u017cej 18 roku \u017cycia. Kryzys w Koronie wyra\u017anie pogarsza ich sytuacj\u0119. Utrata pracy, egzystencjalne obawy, rosn\u0105cy brak pieni\u0119dzy i ograniczona przestrze\u0144 r\u00f3wnie\u017c powoduj\u0105 eskalacj\u0119 wielu konflikt\u00f3w rodzinnych. Szko\u0142a domowa jest nie do pomy\u015blenia tam, gdzie rodzicom brakuje nie tylko czasu, ale i kompetencji. \"R\u00f3wno\u015b\u0107 szans wygl\u0105da zupe\u0142nie inaczej\" - podsumowuje ekonomista i biolog H\u00fcckst\u00e4dt i dodaje: \"Odmawianie ludziom swobodnego dost\u0119pu do edukacji oznacza odmawianie im podstawowego prawa cz\u0142owieka.<\/p><h3>Stracone pokolenie dzieci Corony?<\/h3><p>Organizacja pomocy dzieciom Unicef, Niemieckie Stowarzyszenie Ochrony Dziecka, komitet m\u0142odzie\u017cowy SOS Wioski Dzieci\u0119ce, sie\u0107 Prawa Dziecka i politycy rodzinni r\u00f3wnie\u017c ostrzegaj\u0105, \u017ce dzieci mog\u0105 ponie\u015b\u0107 najwi\u0119ksze szkody w czasie kryzysu. W swoim sprawozdaniu \"Averting Lost Covid Generation\" Fundusz Narod\u00f3w Zjednoczonych na rzecz Dzieci dokumentuje, \u017ce powa\u017cne d\u0142ugoterminowe skutki kryzysu koronnego dla edukacji, \u017cywienia i dobrobytu mog\u0105 mie\u0107 trwa\u0142y wp\u0142yw na \u017cycie ca\u0142ego pokolenia dzieci i m\u0142odzie\u017cy na ca\u0142ym \u015bwiecie. Christian Neusser, ekspert ds. praw dziecka w SOS Wioski Dzieci\u0119ce, m\u00f3wi: \"Wymiary s\u0105 g\u0142\u0119bokie. Przecie\u017c nie chodzi tu tylko o naruszenie praw poszczeg\u00f3lnych dzieci, ale o ca\u0142y \u0142a\u0144cuch: na przyk\u0142ad ub\u00f3stwo prowadzi do chor\u00f3b, pracy dzieci lub utraty wykszta\u0142cenia\". Wed\u0142ug danych ONZ, 150 milion\u00f3w dzieci mo\u017ce popa\u015b\u0107 w skrajne ub\u00f3stwo - opr\u00f3cz wielu setek milion\u00f3w dzieci, kt\u00f3re zosta\u0142y dotkni\u0119te wcze\u015bniej. Czasami 1,5 miliarda dzieci na \u015bwiecie nie mog\u0142o ucz\u0119szcza\u0107 do szko\u0142y. Szczeg\u00f3lnie w biedniejszych krajach istnieje niebezpiecze\u0144stwo, \u017ce wielu uczni\u00f3w nigdy nie wr\u00f3ci do szko\u0142y, poniewa\u017c ich rodziny s\u0105 zbyt biedne.<\/p><p>Ju\u017c 25 czerwca 2020 r. Sie\u0107 Praw Dziecka skrytykowa\u0142a fakt, \u017ce perspektywy dzieci i m\u0142odzie\u017cy w niewielkim stopniu zosta\u0142y uwzgl\u0119dnione w dyskusji na temat sposob\u00f3w przezwyci\u0119\u017cenia kryzysu, chocia\u017c \u015brodki te mia\u0142y bezpo\u015bredni wp\u0142yw na ich prawa.<\/p><p>Pierwsze og\u00f3lnokrajowe badanie na temat skutk\u00f3w i konsekwencji kryzysu koronowego dla zdrowia psychicznego dzieci i m\u0142odzie\u017cy w Niemczech przeprowadzone przez wydzia\u0142 badawczy \"Zdrowie publiczne dzieci\" Uniwersyteckiego Centrum Medycznego Hamburg-Eppendorf ju\u017c w lipcu udowodni\u0142o, \u017ce stres psychiczny dzieci poprzez dzia\u0142ania koronowe jest r\u00f3wnie\u017c znacznie wy\u017cszy ni\u017c wcze\u015bniej podejrzewano. Ankieta przeprowadzona przez niemieck\u0105 organizacj\u0119 Forsa z okazji \u015awiatowego Dnia Dziecka wykaza\u0142a, \u017ce w czasie kryzysu koronnego gwa\u0142townie wzros\u0142a przemoc wobec dzieci i zmniejszy\u0142y si\u0119 mo\u017cliwo\u015bci edukacyjne - zw\u0142aszcza dla dzieci znajduj\u0105cych si\u0119 w trudnej sytuacji spo\u0142ecznej.<\/p><p>W dniu 20.11.2020 r., w Mi\u0119dzynarodowym Dniu Praw Dziecka, SOS-Kinderdorf e.V. zwr\u00f3ci\u0142a uwag\u0119, \u017ce Konwencja ONZ o prawach dziecka z 1989 r. r\u00f3wnie\u017c nie zosta\u0142a jeszcze w pe\u0142ni wdro\u017cona w Niemczech - a ograniczenia praw dziecka sta\u0142y si\u0119 jeszcze powa\u017cniejsze pod wp\u0142ywem kryzysu koronnego.<\/p><h3>Kryzys jako szansa na trwa\u0142\u0105 korekt\u0119 kursu<\/h3><p>Wed\u0142ug H\u00fcckst\u00e4dta, Korona nie jest przyczyn\u0105 wszystkich problem\u00f3w, kt\u00f3re obecnie staj\u0105 si\u0119 zbyt oczywiste. Jak ka\u017cdy kryzys, Corona jest historyczn\u0105 okazj\u0105 do skorygowania kursu na lepszy \u015bwiat. \"Od lat wiemy, \u017ce stary system finansowy ze wszystkimi jego ba\u0144kami jest na ko\u0144cu. To musi si\u0119 zmieni\u0107, a Gradido jest fantastycznym rozwi\u0105zaniem. Musimy tylko to wzi\u0105\u0107. Mimo ca\u0142ego swojego optymizmu H\u00fcckst\u00e4dt wzywa do zachowania proporcji: \"Potrzebna jest odpowiedzialno\u015b\u0107 ca\u0142ej spo\u0142eczno\u015bci, aby nasze dzieci nie pozosta\u0142y na uboczu w tych burzliwych czasach, ale w ko\u0144cu uzyska\u0142y bezpiecze\u0144stwo i wsparcie, na kt\u00f3re zas\u0142uguj\u0105 - na ca\u0142ym \u015bwiecie.<\/p><h3>Rozwi\u0105zanie to istnieje od czterech i p\u00f3\u0142 miliarda lat<\/h3><p>Nowy system ekonomiczno-finansowy powsta\u0142 w wyniku ponad 20 lat pracy naukowej w Akademii Bioniki Ekonomicznej Gradido. Bionika ekonomiczna bada udane modele natury, kt\u00f3re funkcjonuj\u0105 od ponad czterech i p\u00f3\u0142 miliarda lat i przenosi je do gospodarki. Naturalna ekonomia \u017cycia\" sprawia, \u017ce wszystkie 17 cel\u00f3w ONZ w zakresie zr\u00f3wnowa\u017conego rozwoju okre\u015blonych w Agendzie 2030 jest osi\u0105galnych. Prawo do edukacji jest jego wyra\u017an\u0105 cz\u0119\u015bci\u0105 - i r\u00f3wno\u015b\u0107 szans dla wszystkich jest tym programem. \"Margret Baier, wsp\u00f3\u0142za\u0142o\u017cycielka i dyrektor zarz\u0105dzaj\u0105cy Akademii Gradido, wyja\u015bnia koncepcj\u0119 dobra publicznego, \"chcemy r\u00f3wnie\u017c poprawi\u0107 mo\u017cliwo\u015bci rozwoju osobistego w d\u0142u\u017cszej perspektywie\". Wed\u0142ug bada\u0144 naukowych neurobiologa prof. Geralda H\u00fcthera, 98 procent dzieci jest bardzo utalentowanych jako noworodki, ale tylko dwa procent jest nadal utalentowanych po uko\u0144czeniu edukacji szkolnej. \"Nasz system edukacyjny wyra\u017anie wymaga reformy - a model Gradido prawie sam si\u0119 do tego zmusza.\"<\/p><h3>Gradido stwarza uczciwe mo\u017cliwo\u015bci edukacyjne<\/h3><p>Proponowany system monetarny i gospodarczy Gradido toruje drog\u0119 do \"bezwarunkowego uczestnictwa\" wszystkich w \u017cyciu spo\u0142ecznym. H\u00fcckst\u00e4dt wyja\u015bnia: \"Podstawowa zasada etyczna Gradido opiera si\u0119 na \"potr\u00f3jnym dobru\", tzn. na zharmonizowaniu dobra jednostki z dobrem wsp\u00f3lnoty i ca\u0142o\u015bci - w interesie przyrody i \u015brodowiska. Jednostka jest cz\u0119\u015bci\u0105 wsp\u00f3lnoty, a wsp\u00f3lnota jest cz\u0119\u015bci\u0105 \"ca\u0142o\u015bciowego obrazu\", ekosystemu. Wsp\u00f3lna dobra waluta Gradido (GDD) jest tworzona jako kredyt dla ka\u017cdej jednostki, bez tworzenia d\u0142ug\u00f3w. W ten spos\u00f3b pod\u0105\u017camy za przyk\u0142adem natury, aby zapewni\u0107 naszym dzieciom i wnukom bezd\u0142ugow\u0105 przysz\u0142o\u015b\u0107 wart\u0105 \u017cycia. Gradido ma warto\u015b\u0107 oko\u0142o jednego euro. Na g\u0142ow\u0119 mieszka\u0144ca przypada 3 \u00d7 1 000 Gradido. 1.000 Gradido na \"Aktywny doch\u00f3d podstawowy\", dla bud\u017cetu publicznego oraz funduszu kompensacyjnego i \u015brodowiskowego. Efektem tego jest hojny, wolny od d\u0142ug\u00f3w bud\u017cet pa\u0144stwa, kt\u00f3ry m.in. pozwala na wyposa\u017cenie przedszkoli i szk\u00f3\u0142 w odpowiedni dla przysz\u0142o\u015bci spos\u00f3b, aby jak najlepiej wspiera\u0107 i stawia\u0107 wyzwania wszystkim dzieciom. W modelu Gradido, szko\u0142a i dalsza edukacja s\u0105 bezp\u0142atne na ca\u0142ym \u015bwiecie. Oznacza to, \u017ce s\u0105 one dost\u0119pne dla wszystkich ludzi, niezale\u017cnie od ich sytuacji finansowej.<\/p><p>Ale i w tym przypadku edukacja w \u017cadnym wypadku nie polega tylko na szkoleniu. Aby da\u0107 dzieciom szans\u0119 dorastania, by sta\u0142y si\u0119 tymi \"odpowiedzialnymi kszta\u0142townikami w\u0142asnego \u017cycia\", kt\u00f3rzy wed\u0142ug H\u00fcthera maj\u0105 najlepsze perspektywy \"nie tylko na sukces w karierze zawodowej, ale tak\u017ce na \u017cycie w sensowny, odpowiedzialny i szcz\u0119\u015bliwy spos\u00f3b\", model Gradido przewiduje tak\u017ce \"aktywny podstawowy doch\u00f3d\" i \"bezwarunkowe uczestnictwo\" w \u017cyciu spo\u0142ecznym.<\/p><p>Aktywny doch\u00f3d podstawowy\" zabezpiecza podstawow\u0105 poda\u017c wszystkich ludzi na ca\u0142ym \u015bwiecie i w ten spos\u00f3b eliminuje sta\u0142y l\u0119k przed istnieniem, kt\u00f3ry os\u0142abia uk\u0142ad odporno\u015bciowy i mo\u017ce przeci\u0105\u017cy\u0107 psychik\u0119. Tworzy to tym samym podstaw\u0119 dla bezkonfliktowego \u017cycia rodzinnego. Bezwarunkowe uczestnictwo\", kt\u00f3re daje r\u00f3wnie\u017c dzieciom i m\u0142odzie\u017cy mo\u017cliwo\u015b\u0107 uczestniczenia w \u017cyciu spo\u0142ecznym dla ich \"Aktywnego Podstawowego Dochodu\", otwiera bezprecedensowe mo\u017cliwo\u015bci wypr\u00f3bowania i rozwoju w wielu r\u00f3\u017cnych dziedzinach oraz poznania prawdziwego poczucia wsp\u00f3lnoty. Jednocze\u015bnie Aktywny Podstawowy Doch\u00f3d zapewnia, \u017ce dzieci i m\u0142odzie\u017c mog\u0105 ju\u017c w trakcie nauki zarabia\u0107 na \u017cycie. \"Dzi\u0119ki Gradido tworzone s\u0105 najlepsze podstawy dla ka\u017cdego m\u0142odego cz\u0142owieka, aby m\u00f3g\u0142 od dzieci\u0144stwa korzysta\u0107 z przys\u0142uguj\u0105cego mu prawa do edukacji i zdrowego rozwoju, w celu znalezienia najlepszej mo\u017cliwej drogi do spe\u0142nionego \u017cycia\" - podkre\u015bla H\u00fcckst\u00e4dt.<\/p><p>Szczeg\u00f3\u0142owe informacje na temat kompletnego \"modelu Gradido\" mo\u017cna znale\u017a\u0107 na stronie internetowej <a href=\"https:\/\/gradido.net\/pl\/\">https:\/\/gradido.net<\/a><\/p><p><!-- \/wp:paragraph --><\/p>\t\t\t\t\t\t\t\t<\/div>\n\t\t\t\t<\/div>\n\t\t\t\t<div class=\"elementor-element elementor-element-e9ff241 elementor-widget elementor-widget-text-editor\" data-id=\"e9ff241\" data-element_type=\"widget\" data-e-type=\"widget\" data-widget_type=\"text-editor.default\">\n\t\t\t\t<div class=\"elementor-widget-container\">\n\t\t\t\t\t\t\t\t\t<p><strong>O Akademii Gradido<\/strong><br>Akademia Bioniki Gospodarczej Gradido opracowa\u0142a alternatywn\u0105 \"wsp\u00f3ln\u0105 dobr\u0105 walut\u0119\" w oparciu o modele przyrodnicze. Natura kieruje si\u0119 zasad\u0105, \u017ce tylko tam, gdzie co\u015b przemija, mo\u017ce pojawi\u0107 si\u0119 co\u015b nowego, a zatem mo\u017cliwa jest d\u0142ugofalowa poprawa (ewolucja). Jego recept\u0105 na sukces jest \"cykl \u017cycia\". Gdyby nasza gospodarka r\u00f3wnie\u017c pod\u0105\u017ca\u0142a tym naturalnym cyklem, to wed\u0142ug oceny biolog\u00f3w ekonomicznych praktycznie wszystkie problemy monetarne \u015bwiata mog\u0142yby zosta\u0107 rozwi\u0105zane. Model Gradido opiera si\u0119 na za\u0142o\u017ceniu, \u017ce nie tylko ka\u017cda osoba, ale r\u00f3wnie\u017c ka\u017cde pa\u0144stwo otrzymuje dochody generowane na zasadzie kredytu. Mo\u017ce wi\u0119c wykonywa\u0107 wszystkie swoje zadania bez konieczno\u015bci pobierania podatk\u00f3w. Deflacja lub inflacja nale\u017c\u0105 do przesz\u0142o\u015bci. Gospodarka zostaje uwolniona od ci\u0105g\u0142ego przymusu wzrostu, niebezpiecze\u0144stwo za\u0142amania si\u0119 systemu finansowego zostaje w ko\u0144cu za\u017cegnane. (<a href=\"https:\/\/gradido.net\/pl\/\">www.gradido.net<\/a>)<\/p>\t\t\t\t\t\t\t\t<\/div>\n\t\t\t\t<\/div>\n\t\t\t\t\t<\/div>\n\t\t<\/div>\n\t\t\t\t\t<\/div>\n\t\t<\/section>\n\t\t\t\t<\/div>","protected":false},"excerpt":{"rendered":"<p>Forscher sehen L\u00f6sung in neuem Geldsystem K\u00fcnzelsau, 25.11.2020 \u2013 Kinder, Eltern und Lehrer sind am Limit. \u00c4rzte, Psychologen und Familienpolitiker schlagen Alarm. Sie alle sehen das Kindeswohl durch die aktuelle Krisenpolitik massiv gef\u00e4hrdet. Quarant\u00e4neregeln, Schulschlie\u00dfungen und Kontaktbeschr\u00e4nkungen bringen nicht nur Kindersch\u00fctzer auf die Barrikaden. Laut Unicef verhungerten schon vor Corona 15.000 Kinder pro Tag. Durch [&hellip;]<\/p>\n","protected":false},"author":2,"featured_media":1231,"comment_status":"closed","ping_status":"closed","sticky":false,"template":"","format":"standard","meta":{"footnotes":""},"categories":[8],"tags":[],"class_list":["post-1238","post","type-post","status-publish","format-standard","has-post-thumbnail","hentry","category-pressemitteilung"],"yoast_head":"<!-- This site is optimized with the Yoast SEO plugin v27.5 - https:\/\/yoast.com\/product\/yoast-seo-wordpress\/ -->\n<title>Corona-Politik bedroht unsere Kinder - Gradido<\/title>\n<meta name=\"robots\" content=\"index, follow, max-snippet:-1, max-image-preview:large, max-video-preview:-1\" \/>\n<link rel=\"canonical\" href=\"https:\/\/gradido.net\/pl\/corona-politik-bedroht-unsere-kinder\/\" \/>\n<meta property=\"og:locale\" content=\"pl_PL\" \/>\n<meta property=\"og:type\" content=\"article\" \/>\n<meta property=\"og:title\" content=\"Corona-Politik bedroht unsere Kinder - Gradido\" \/>\n<meta property=\"og:description\" content=\"Forscher sehen L\u00f6sung in neuem Geldsystem K\u00fcnzelsau, 25.11.2020 \u2013 Kinder, Eltern und Lehrer sind am Limit. \u00c4rzte, Psychologen und Familienpolitiker schlagen Alarm. Sie alle sehen das Kindeswohl durch die aktuelle Krisenpolitik massiv gef\u00e4hrdet. Quarant\u00e4neregeln, Schulschlie\u00dfungen und Kontaktbeschr\u00e4nkungen bringen nicht nur Kindersch\u00fctzer auf die Barrikaden. Laut Unicef verhungerten schon vor Corona 15.000 Kinder pro Tag. Durch [&hellip;]\" \/>\n<meta property=\"og:url\" content=\"https:\/\/gradido.net\/pl\/corona-politik-bedroht-unsere-kinder\/\" \/>\n<meta property=\"og:site_name\" content=\"Gradido\" \/>\n<meta property=\"article:published_time\" content=\"2020-11-25T09:27:43+00:00\" \/>\n<meta property=\"article:modified_time\" content=\"2021-12-11T12:02:17+00:00\" \/>\n<meta property=\"og:image\" content=\"https:\/\/gradido.net\/wp-content\/uploads\/2020\/11\/schule_coronapause.jpg\" \/>\n\t<meta property=\"og:image:width\" content=\"1500\" \/>\n\t<meta property=\"og:image:height\" content=\"959\" \/>\n\t<meta property=\"og:image:type\" content=\"image\/jpeg\" \/>\n<meta name=\"author\" content=\"Bernd H\u00fcckst\u00e4dt\" \/>\n<meta name=\"twitter:card\" content=\"summary_large_image\" \/>\n<meta name=\"twitter:label1\" content=\"Napisane przez\" \/>\n\t<meta name=\"twitter:data1\" content=\"Bernd H\u00fcckst\u00e4dt\" \/>\n\t<meta name=\"twitter:label2\" content=\"Szacowany czas czytania\" \/>\n\t<meta name=\"twitter:data2\" content=\"8 minut\" \/>\n<script type=\"application\/ld+json\" class=\"yoast-schema-graph\">{\"@context\":\"https:\\\/\\\/schema.org\",\"@graph\":[{\"@type\":\"Article\",\"@id\":\"https:\\\/\\\/gradido.net\\\/corona-politik-bedroht-unsere-kinder\\\/#article\",\"isPartOf\":{\"@id\":\"https:\\\/\\\/gradido.net\\\/corona-politik-bedroht-unsere-kinder\\\/\"},\"author\":{\"name\":\"Bernd H\u00fcckst\u00e4dt\",\"@id\":\"https:\\\/\\\/gradido.net\\\/de\\\/#\\\/schema\\\/person\\\/9c503a004ad15a1ddecadce2218db5d1\"},\"headline\":\"Corona-Politik bedroht unsere Kinder\",\"datePublished\":\"2020-11-25T09:27:43+00:00\",\"dateModified\":\"2021-12-11T12:02:17+00:00\",\"mainEntityOfPage\":{\"@id\":\"https:\\\/\\\/gradido.net\\\/corona-politik-bedroht-unsere-kinder\\\/\"},\"wordCount\":1581,\"publisher\":{\"@id\":\"https:\\\/\\\/gradido.net\\\/de\\\/#organization\"},\"image\":{\"@id\":\"https:\\\/\\\/gradido.net\\\/corona-politik-bedroht-unsere-kinder\\\/#primaryimage\"},\"thumbnailUrl\":\"https:\\\/\\\/gradido.net\\\/wp-content\\\/uploads\\\/2020\\\/11\\\/schule_coronapause.jpg\",\"articleSection\":[\"Pressemitteilung\"],\"inLanguage\":\"pl-PL\"},{\"@type\":\"WebPage\",\"@id\":\"https:\\\/\\\/gradido.net\\\/corona-politik-bedroht-unsere-kinder\\\/\",\"url\":\"https:\\\/\\\/gradido.net\\\/corona-politik-bedroht-unsere-kinder\\\/\",\"name\":\"Corona-Politik bedroht unsere Kinder - Gradido\",\"isPartOf\":{\"@id\":\"https:\\\/\\\/gradido.net\\\/de\\\/#website\"},\"primaryImageOfPage\":{\"@id\":\"https:\\\/\\\/gradido.net\\\/corona-politik-bedroht-unsere-kinder\\\/#primaryimage\"},\"image\":{\"@id\":\"https:\\\/\\\/gradido.net\\\/corona-politik-bedroht-unsere-kinder\\\/#primaryimage\"},\"thumbnailUrl\":\"https:\\\/\\\/gradido.net\\\/wp-content\\\/uploads\\\/2020\\\/11\\\/schule_coronapause.jpg\",\"datePublished\":\"2020-11-25T09:27:43+00:00\",\"dateModified\":\"2021-12-11T12:02:17+00:00\",\"breadcrumb\":{\"@id\":\"https:\\\/\\\/gradido.net\\\/corona-politik-bedroht-unsere-kinder\\\/#breadcrumb\"},\"inLanguage\":\"pl-PL\",\"potentialAction\":[{\"@type\":\"ReadAction\",\"target\":[\"https:\\\/\\\/gradido.net\\\/corona-politik-bedroht-unsere-kinder\\\/\"]}]},{\"@type\":\"ImageObject\",\"inLanguage\":\"pl-PL\",\"@id\":\"https:\\\/\\\/gradido.net\\\/corona-politik-bedroht-unsere-kinder\\\/#primaryimage\",\"url\":\"https:\\\/\\\/gradido.net\\\/wp-content\\\/uploads\\\/2020\\\/11\\\/schule_coronapause.jpg\",\"contentUrl\":\"https:\\\/\\\/gradido.net\\\/wp-content\\\/uploads\\\/2020\\\/11\\\/schule_coronapause.jpg\",\"width\":1500,\"height\":959,\"caption\":\"Group of preteen children in face masks resting outdoors in schoolyard during break in lessons. Back school concept during pandemic.\"},{\"@type\":\"BreadcrumbList\",\"@id\":\"https:\\\/\\\/gradido.net\\\/corona-politik-bedroht-unsere-kinder\\\/#breadcrumb\",\"itemListElement\":[{\"@type\":\"ListItem\",\"position\":1,\"name\":\"Startseite\",\"item\":\"https:\\\/\\\/gradido.net\\\/\"},{\"@type\":\"ListItem\",\"position\":2,\"name\":\"Corona-Politik bedroht unsere Kinder\"}]},{\"@type\":\"WebSite\",\"@id\":\"https:\\\/\\\/gradido.net\\\/de\\\/#website\",\"url\":\"https:\\\/\\\/gradido.net\\\/de\\\/\",\"name\":\"Gradido\",\"description\":\"Die neue W\u00e4hrung hei\u00dft Dankbarkeit\",\"publisher\":{\"@id\":\"https:\\\/\\\/gradido.net\\\/de\\\/#organization\"},\"potentialAction\":[{\"@type\":\"SearchAction\",\"target\":{\"@type\":\"EntryPoint\",\"urlTemplate\":\"https:\\\/\\\/gradido.net\\\/de\\\/?s={search_term_string}\"},\"query-input\":{\"@type\":\"PropertyValueSpecification\",\"valueRequired\":true,\"valueName\":\"search_term_string\"}}],\"inLanguage\":\"pl-PL\"},{\"@type\":\"Organization\",\"@id\":\"https:\\\/\\\/gradido.net\\\/de\\\/#organization\",\"name\":\"Gradido\",\"url\":\"https:\\\/\\\/gradido.net\\\/de\\\/\",\"logo\":{\"@type\":\"ImageObject\",\"inLanguage\":\"pl-PL\",\"@id\":\"https:\\\/\\\/gradido.net\\\/de\\\/#\\\/schema\\\/logo\\\/image\\\/\",\"url\":\"https:\\\/\\\/gradido.net\\\/wp-content\\\/uploads\\\/2022\\\/04\\\/gradido-social.jpg\",\"contentUrl\":\"https:\\\/\\\/gradido.net\\\/wp-content\\\/uploads\\\/2022\\\/04\\\/gradido-social.jpg\",\"width\":527,\"height\":273,\"caption\":\"Gradido\"},\"image\":{\"@id\":\"https:\\\/\\\/gradido.net\\\/de\\\/#\\\/schema\\\/logo\\\/image\\\/\"}},{\"@type\":\"Person\",\"@id\":\"https:\\\/\\\/gradido.net\\\/de\\\/#\\\/schema\\\/person\\\/9c503a004ad15a1ddecadce2218db5d1\",\"name\":\"Bernd H\u00fcckst\u00e4dt\",\"sameAs\":[\"https:\\\/\\\/gradido.net\"],\"url\":\"https:\\\/\\\/gradido.net\\\/pl\\\/author\\\/bernd\\\/\"}]}<\/script>\n<!-- \/ Yoast SEO plugin. -->","yoast_head_json":{"title":"Polityka koronawirusa zagra\u017ca naszym dzieciom - Gradido","robots":{"index":"index","follow":"follow","max-snippet":"max-snippet:-1","max-image-preview":"max-image-preview:large","max-video-preview":"max-video-preview:-1"},"canonical":"https:\/\/gradido.net\/pl\/corona-politik-bedroht-unsere-kinder\/","og_locale":"pl_PL","og_type":"article","og_title":"Corona-Politik bedroht unsere Kinder - Gradido","og_description":"Forscher sehen L\u00f6sung in neuem Geldsystem K\u00fcnzelsau, 25.11.2020 \u2013 Kinder, Eltern und Lehrer sind am Limit. \u00c4rzte, Psychologen und Familienpolitiker schlagen Alarm. Sie alle sehen das Kindeswohl durch die aktuelle Krisenpolitik massiv gef\u00e4hrdet. Quarant\u00e4neregeln, Schulschlie\u00dfungen und Kontaktbeschr\u00e4nkungen bringen nicht nur Kindersch\u00fctzer auf die Barrikaden. Laut Unicef verhungerten schon vor Corona 15.000 Kinder pro Tag. Durch [&hellip;]","og_url":"https:\/\/gradido.net\/pl\/corona-politik-bedroht-unsere-kinder\/","og_site_name":"Gradido","article_published_time":"2020-11-25T09:27:43+00:00","article_modified_time":"2021-12-11T12:02:17+00:00","og_image":[{"width":1500,"height":959,"url":"https:\/\/gradido.net\/wp-content\/uploads\/2020\/11\/schule_coronapause.jpg","type":"image\/jpeg"}],"author":"Bernd H\u00fcckst\u00e4dt","twitter_card":"summary_large_image","twitter_misc":{"Napisane przez":"Bernd H\u00fcckst\u00e4dt","Szacowany czas czytania":"8 minut"},"schema":{"@context":"https:\/\/schema.org","@graph":[{"@type":"Article","@id":"https:\/\/gradido.net\/corona-politik-bedroht-unsere-kinder\/#article","isPartOf":{"@id":"https:\/\/gradido.net\/corona-politik-bedroht-unsere-kinder\/"},"author":{"name":"Bernd H\u00fcckst\u00e4dt","@id":"https:\/\/gradido.net\/de\/#\/schema\/person\/9c503a004ad15a1ddecadce2218db5d1"},"headline":"Corona-Politik bedroht unsere Kinder","datePublished":"2020-11-25T09:27:43+00:00","dateModified":"2021-12-11T12:02:17+00:00","mainEntityOfPage":{"@id":"https:\/\/gradido.net\/corona-politik-bedroht-unsere-kinder\/"},"wordCount":1581,"publisher":{"@id":"https:\/\/gradido.net\/de\/#organization"},"image":{"@id":"https:\/\/gradido.net\/corona-politik-bedroht-unsere-kinder\/#primaryimage"},"thumbnailUrl":"https:\/\/gradido.net\/wp-content\/uploads\/2020\/11\/schule_coronapause.jpg","articleSection":["Pressemitteilung"],"inLanguage":"pl-PL"},{"@type":"WebPage","@id":"https:\/\/gradido.net\/corona-politik-bedroht-unsere-kinder\/","url":"https:\/\/gradido.net\/corona-politik-bedroht-unsere-kinder\/","name":"Polityka koronawirusa zagra\u017ca naszym dzieciom - Gradido","isPartOf":{"@id":"https:\/\/gradido.net\/de\/#website"},"primaryImageOfPage":{"@id":"https:\/\/gradido.net\/corona-politik-bedroht-unsere-kinder\/#primaryimage"},"image":{"@id":"https:\/\/gradido.net\/corona-politik-bedroht-unsere-kinder\/#primaryimage"},"thumbnailUrl":"https:\/\/gradido.net\/wp-content\/uploads\/2020\/11\/schule_coronapause.jpg","datePublished":"2020-11-25T09:27:43+00:00","dateModified":"2021-12-11T12:02:17+00:00","breadcrumb":{"@id":"https:\/\/gradido.net\/corona-politik-bedroht-unsere-kinder\/#breadcrumb"},"inLanguage":"pl-PL","potentialAction":[{"@type":"ReadAction","target":["https:\/\/gradido.net\/corona-politik-bedroht-unsere-kinder\/"]}]},{"@type":"ImageObject","inLanguage":"pl-PL","@id":"https:\/\/gradido.net\/corona-politik-bedroht-unsere-kinder\/#primaryimage","url":"https:\/\/gradido.net\/wp-content\/uploads\/2020\/11\/schule_coronapause.jpg","contentUrl":"https:\/\/gradido.net\/wp-content\/uploads\/2020\/11\/schule_coronapause.jpg","width":1500,"height":959,"caption":"Group of preteen children in face masks resting outdoors in schoolyard during break in lessons. Back school concept during pandemic."},{"@type":"BreadcrumbList","@id":"https:\/\/gradido.net\/corona-politik-bedroht-unsere-kinder\/#breadcrumb","itemListElement":[{"@type":"ListItem","position":1,"name":"Startseite","item":"https:\/\/gradido.net\/"},{"@type":"ListItem","position":2,"name":"Corona-Politik bedroht unsere Kinder"}]},{"@type":"WebSite","@id":"https:\/\/gradido.net\/de\/#website","url":"https:\/\/gradido.net\/de\/","name":"Gradido","description":"Now\u0105 walut\u0105 jest wdzi\u0119czno\u015b\u0107","publisher":{"@id":"https:\/\/gradido.net\/de\/#organization"},"potentialAction":[{"@type":"SearchAction","target":{"@type":"EntryPoint","urlTemplate":"https:\/\/gradido.net\/de\/?s={search_term_string}"},"query-input":{"@type":"PropertyValueSpecification","valueRequired":true,"valueName":"search_term_string"}}],"inLanguage":"pl-PL"},{"@type":"Organization","@id":"https:\/\/gradido.net\/de\/#organization","name":"Gradido","url":"https:\/\/gradido.net\/de\/","logo":{"@type":"ImageObject","inLanguage":"pl-PL","@id":"https:\/\/gradido.net\/de\/#\/schema\/logo\/image\/","url":"https:\/\/gradido.net\/wp-content\/uploads\/2022\/04\/gradido-social.jpg","contentUrl":"https:\/\/gradido.net\/wp-content\/uploads\/2022\/04\/gradido-social.jpg","width":527,"height":273,"caption":"Gradido"},"image":{"@id":"https:\/\/gradido.net\/de\/#\/schema\/logo\/image\/"}},{"@type":"Person","@id":"https:\/\/gradido.net\/de\/#\/schema\/person\/9c503a004ad15a1ddecadce2218db5d1","name":"Bernd H\u00fcckst\u00e4dt","sameAs":["https:\/\/gradido.net"],"url":"https:\/\/gradido.net\/pl\/author\/bernd\/"}]}},"_links":{"self":[{"href":"https:\/\/gradido.net\/pl\/wp-json\/wp\/v2\/posts\/1238","targetHints":{"allow":["GET"]}}],"collection":[{"href":"https:\/\/gradido.net\/pl\/wp-json\/wp\/v2\/posts"}],"about":[{"href":"https:\/\/gradido.net\/pl\/wp-json\/wp\/v2\/types\/post"}],"author":[{"embeddable":true,"href":"https:\/\/gradido.net\/pl\/wp-json\/wp\/v2\/users\/2"}],"replies":[{"embeddable":true,"href":"https:\/\/gradido.net\/pl\/wp-json\/wp\/v2\/comments?post=1238"}],"version-history":[{"count":29,"href":"https:\/\/gradido.net\/pl\/wp-json\/wp\/v2\/posts\/1238\/revisions"}],"predecessor-version":[{"id":3745,"href":"https:\/\/gradido.net\/pl\/wp-json\/wp\/v2\/posts\/1238\/revisions\/3745"}],"wp:featuredmedia":[{"embeddable":true,"href":"https:\/\/gradido.net\/pl\/wp-json\/wp\/v2\/media\/1231"}],"wp:attachment":[{"href":"https:\/\/gradido.net\/pl\/wp-json\/wp\/v2\/media?parent=1238"}],"wp:term":[{"taxonomy":"category","embeddable":true,"href":"https:\/\/gradido.net\/pl\/wp-json\/wp\/v2\/categories?post=1238"},{"taxonomy":"post_tag","embeddable":true,"href":"https:\/\/gradido.net\/pl\/wp-json\/wp\/v2\/tags?post=1238"}],"curies":[{"name":"wp","href":"https:\/\/api.w.org\/{rel}","templated":true}]}}