{"id":1317,"date":"2020-12-08T17:23:44","date_gmt":"2020-12-08T16:23:44","guid":{"rendered":"https:\/\/gradido.net\/?p=1317"},"modified":"2021-12-11T13:03:16","modified_gmt":"2021-12-11T12:03:16","slug":"fairness-und-fuersorge-fuer-corona-jugend","status":"publish","type":"post","link":"https:\/\/gradido.net\/pl\/fairness-und-fuersorge-fuer-corona-jugend\/","title":{"rendered":"Uczciwo\u015b\u0107 i troska o \"Corona Youth"},"content":{"rendered":"<div data-elementor-type=\"wp-post\" data-elementor-id=\"1317\" class=\"elementor elementor-1317\" data-elementor-post-type=\"post\">\n\t\t\t\t\t\t<section class=\"elementor-section elementor-top-section elementor-element elementor-element-496e1d53 elementor-section-boxed elementor-section-height-default elementor-section-height-default\" data-id=\"496e1d53\" data-element_type=\"section\" data-e-type=\"section\">\n\t\t\t\t\t\t<div class=\"elementor-container elementor-column-gap-default\">\n\t\t\t\t\t<div class=\"elementor-column elementor-col-100 elementor-top-column elementor-element elementor-element-461d7be0\" data-id=\"461d7be0\" data-element_type=\"column\" data-e-type=\"column\">\n\t\t\t<div class=\"elementor-widget-wrap elementor-element-populated\">\n\t\t\t\t\t\t<div class=\"elementor-element elementor-element-cd9ebe2 elementor-widget elementor-widget-text-editor\" data-id=\"cd9ebe2\" data-element_type=\"widget\" data-e-type=\"widget\" data-widget_type=\"text-editor.default\">\n\t\t\t\t<div class=\"elementor-widget-container\">\n\t\t\t\t\t\t\t\t\t<h2>Nie ma alternatywy dla starych przeciwko m\u0142odym?<\/h2><p><strong>K\u00fcnzelsau, 08.12.2020 - Nieodpowiedzialni imprezowicze czy medal ozdobiony \"leniwe szopy\"? Media i polityka sprawi\u0142y, \u017ce m\u0142odzie\u017c sta\u0142a si\u0119 koz\u0142em ofiarnym kryzysu koronnego. Teraz jednak ten nieatrakcyjny obraz zaczyna p\u0119ka\u0107. Pierwsze badania dowodz\u0105 wielkiej lojalno\u015bci i szacunku dla m\u0142odego pokolenia - i ich ogromnego ci\u0119\u017caru kryzysu i zakaz\u00f3w kontakt\u00f3w. Naukowcy Akademii Gradido krytykuj\u0105 powierzchowne traktowanie obecnej sytuacji m\u0142odych ludzi jako \"niesprawiedliwe i nieodpowiedzialne\". Ponadto Bernd H\u00fcckst\u00e4dt, wsp\u00f3\u0142za\u0142o\u017cyciel Instytutu Badawczego Bioniki Gospodarczej, ostrzega przed katastrofalnymi skutkami spo\u0142ecznymi: \"Rzadko kiedy solidarno\u015b\u0107 mi\u0119dzypokoleniowa jest wa\u017cniejsza, rzadko kiedy rozd\u017awi\u0119k mi\u0119dzy starymi i m\u0142odymi jest g\u0142\u0119bszy. Je\u015bli nie uda nam si\u0119 teraz utorowa\u0107 drogi do odpowiedzialnego wsp\u00f3\u0142istnienia, b\u0119d\u0105 tylko przegrani po obu stronach - ale na ko\u0144cu tunelu jest \u015bwiate\u0142ko\".<\/strong><\/p><h3>Kozio\u0142 ofiarny? Wr\u0119cz przeciwnie!<\/h3><p>Kiedy latem liczba zachorowa\u0144 zacz\u0119\u0142a ponownie rosn\u0105\u0107, m\u0142odzi ludzie stali si\u0119 przedmiotem powszechnej krytyki. Zostali oskar\u017ceni o bycie \"super rozrzutnikami\". Media s\u0142u\u017cy\u0142y wizerunkowi nieodpowiedzialnych \"partyzant\u00f3w\", a sama kanclerz prosi\u0142a m\u0142odych ludzi o powstrzymanie si\u0119 od imprezowania. Pod hashtagiem #BesondereHelden rz\u0105d federalny opublikowa\u0142 ostatnio nawet trzy filmy wideo, kt\u00f3re zosta\u0142y wyra\u017anie wyprodukowane, aby u\u015bwiadomi\u0107 m\u0142odym ludziom konieczno\u015b\u0107 przestrzegania ogranicze\u0144 dotycz\u0105cych kontakt\u00f3w. Teraz jednak ostatnie badania m\u0142odzie\u017cy pokazuj\u0105, \u017ce m\u0142odzi ludzie w Niemczech niesprawiedliwie stali si\u0119 koz\u0142ami ofiarnymi kryzysu.<\/p><h3>M\u0142odzi ludzie wykazuj\u0105 si\u0119 lojalno\u015bci\u0105 i poczuciem odpowiedzialno\u015bci<\/h3><p>Wszystkie badania potwierdzaj\u0105, \u017ce wi\u0119kszo\u015b\u0107 m\u0142odych ludzi w tym kraju wykazuje si\u0119 solidarno\u015bci\u0105 i poczuciem odpowiedzialno\u015bci. Studia Uniwersytetu w Hildesheim, najnowsze studium m\u0142odzie\u017cowe Fundacji TUI, a tak\u017ce niedawno wydana specjalna ocena \"M\u0142odzie\u017c i Korona\" renomowanego studium \"M\u0142odzi Niemcy 2021\" wskazuj\u0105 na wielk\u0105 gotowo\u015b\u0107 os\u00f3b w wieku od 16 do 26 lat do przestrzegania ogranicze\u0144 w \u017cyciu spo\u0142ecznym na rzecz wsp\u00f3lnoty. Elastyczno\u015b\u0107 i zdolno\u015b\u0107 przystosowawcza m\u0142odych ludzi w tej trudnej sytuacji jest nawet wyra\u017anie chwalona przez m\u0142odych badaczy.<\/p><h3>Akademia Gradido bada przysz\u0142e modele odpowiednie dla wnuk\u00f3w<\/h3><p>\"To skandal, \u017ce m\u0142odzi ludzie s\u0105 pod pr\u0119gierzem za rado\u015b\u0107 \u015bwi\u0119towania i t\u0119sknot\u0119 za wymian\u0105 i blisko\u015bci\u0105. Zagro\u017cenie dla ca\u0142ego ich obecnego i przysz\u0142ego \u015brodowiska \u017cycia jest najwyra\u017aniej ca\u0142kowicie ignorowane w polityce i mediach\", kontynuuje H\u00fcckst\u00e4dt. Wraz z w\u0142a\u015bcicielk\u0105 Margret Baier za\u0142o\u017cy\u0142 ponad 20 lat temu Gradido Academy for Business Bionics. Od tego czasu uczelnia bada, kt\u00f3re z naturalnych modeli sukcesu mo\u017cna przenie\u015b\u0107 na rzeczywiste modele ekonomiczne i finansowe. W centrum uwagi dziesi\u0105tk\u00f3w lat bada\u0144 znajduje si\u0119 d\u0105\u017cenie do zapewnienia dzieciom i wnukom przysz\u0142o\u015bci wartej \u017cycia. Eksperci w dziedzinie bioniki ekonomicznej widz\u0105 teraz potrzeb\u0119 konkretnych dzia\u0142a\u0144.<\/p><h3>M\u0142odzi ludzie trac\u0105 znajome \u015brodowisko \u017cycia<\/h3><p>Od pocz\u0105tku wiosennych ogranicze\u0144 w kontaktach, socjolog prof. Michael Corsten z Uniwersytetu w Hildesheim bada, jak kryzys koronny wp\u0142ywa na \u017cycie m\u0142odych ludzi. Badanie \"Generation Corona\" imponuj\u0105co dowodzi, \u017ce zaginione partie nie s\u0105 bynajmniej najwi\u0119kszym problemem w kryzysowej codzienno\u015bci m\u0142odych ludzi. Co jednak jest naprawd\u0119 stresuj\u0105ce, to fakt, \u017ce w \u015brodku fazy \u017cycia, w kt\u00f3rej musz\u0105 wyznaczy\u0107 sobie kurs na \u017cycie zawodowe i prywatne, prawie ca\u0142y znany im grunt jest wyrywany spod ich st\u00f3p. Ca\u0142ym bran\u017com grozi, \u017ce padn\u0105 ofiar\u0105 kryzysu gospodarczego. Podobno obiecuj\u0105ce \u015bcie\u017cki treningowe si\u0119 wyczerpuj\u0105. Nikt nie wie, kt\u00f3re firmy i przedsi\u0119biorstwa przetrwaj\u0105, kiedy mo\u017cliwe b\u0119dzie ponowne regularne uczenie si\u0119 i studiowanie oraz czy zwyk\u0142a mobilno\u015b\u0107 b\u0119dzie kiedykolwiek mo\u017cliwa. Ekonomi\u015bci nazywaj\u0105 zjawisko, \u017ce dzisiejsi m\u0142odzi ludzie mog\u0105 cierpie\u0107 z powodu obecnych z\u0142ych warunk\u00f3w startowych przez ca\u0142y okres ich przysz\u0142ego \u017cycia zawodowego \"efektem bliznowacenia\".<\/p><h3>Podej\u015bcie do rozwi\u0105za\u0144 zamiast podzia\u0142u winy <\/h3><p>W zwi\u0105zku z tymi gro\u017anymi konsekwencjami nie jest zaskoczeniem, \u017ce m\u0142odzi ludzie kojarz\u0105 \"koron\u0119\" z niepewno\u015bci\u0105, strachem i smutkiem. Obawiaj\u0105 si\u0119 o swoje prywatne i zawodowe perspektywy na przysz\u0142o\u015b\u0107 oraz o ekonomiczne i spo\u0142eczne istnienie swoich rodzin. \"Nie mo\u017cemy pozwoli\u0107, aby m\u0142odzi ludzie stali si\u0119 wielkimi przegranymi tego kryzysu\", domaga si\u0119 Bernd H\u00fcckst\u00e4dt, \"poniewa\u017c zas\u0142uguj\u0105 na uczciw\u0105 szans\u0119 na spe\u0142nione \u017cycie\". Margret Baier dodaje: \"Nie potrzebujemy teraz \u017cadnego wskazywania palcem, ale innowacyjnego podej\u015bcia do rozwi\u0105za\u0144 dla wsp\u00f3lnej przysz\u0142o\u015bci starych i m\u0142odych\".<\/p><h3>Podstawowe dochody przeciwko podstawowym zagro\u017ceniom<\/h3><p>Eksperci bioniki ekonomicznej Akademii Gradido przeciwstawiaj\u0105 si\u0119 wielkiej niepewno\u015bci i obawom o przysz\u0142o\u015b\u0107 swoim \"modelem Gradido\". Model ten opiera si\u0119 na walucie \"Gradido\" dla wsp\u00f3lnego dobra, a swoim sposobem tworzenia pieni\u0105dza ca\u0142kowicie odchodzi od dotychczasowej zasady pieni\u0105dza d\u0142u\u017cnego i posiada zintegrowany plan ratowania kryzysowego oparty na \"aktywnym podstawowym dochodzie\". \"Dzi\u0119ki naszemu modelowi mo\u017cemy skutecznie opanowa\u0107 kryzys i da\u0107 zar\u00f3wno m\u0142odym, jak i starszym ludziom przysz\u0142o\u015b\u0107, w kt\u00f3rej warto \u017cy\u0107\", podkre\u015blaj\u0105 Baier i H\u00fcckst\u00e4dt.<\/p><h3>Kryzys jako szansa na trwa\u0142\u0105 korekt\u0119 kursu<\/h3><p>Wed\u0142ug H\u00fcckst\u00e4dta, Korona nie jest przyczyn\u0105 wszystkich problem\u00f3w, kt\u00f3re obecnie staj\u0105 si\u0119 bardzo wyra\u017ane. Widzi on raczej wirusa jako swego rodzaju akcelerator ognia do rozpadu chorego systemu gospodarczego i finansowego. Naukowiec religijny Mirjam Schambeck dodaje: \"L\u0119ki i pytania, kt\u00f3re prowokuje Corona, rzucaj\u0105 \u015bwiat\u0142o na spolaryzowan\u0105 struktur\u0119 spo\u0142eczn\u0105 Niemiec\". M\u0142oda badaczka Corsten widzi w obecnej potrzebie zaanga\u017cowania si\u0119 w tymczasowe ustalenia i nauczenia si\u0119 cierpliwo\u015bci do oczekiwania, ale tak\u017ce szans\u0119 na rozwini\u0119cie otwarto\u015bci na alternatywne modele \u017cycia.<\/p><h3>Nowy \u015bwiat potrzebuje nowych dr\u00f3g<\/h3><p>Model Gradido toruje drog\u0119 do takich nowych modeli \u017cycia poprzez \"Bezwarunkowe uczestnictwo\" wszystkich w \u017cyciu spo\u0142ecznym. H\u00fcckst\u00e4dt wyja\u015bnia: \"Podstawowa zasada etyczna Gradido opiera si\u0119 na 'trzykrotnym dobru', tzn. na harmonizowaniu dobra jednostki z dobrem wsp\u00f3lnoty i ca\u0142o\u015bci - w sensie natury i \u015brodowiska. Jednostka jest cz\u0119\u015bci\u0105 spo\u0142eczno\u015bci, a spo\u0142eczno\u015b\u0107 z kolei jest cz\u0119\u015bci\u0105 \"ca\u0142o\u015bciowego obrazu\", ekosystemu. Jedno Gradido ma w przybli\u017ceniu warto\u015b\u0107 jednego euro. Na jednego mieszka\u0144ca przypada 3 \u00d7 1000 Gradido miesi\u0119cznie. 1,000 Gradido na \"Aktywny doch\u00f3d podstawowy\", na bud\u017cet publiczny i \"Fundusz Rekompensat i Ochrony \u015arodowiska\".<\/p><h3>D\u0142ug publiczny kosztem przysz\u0142ych pokole\u0144 jest tematem tabu.<\/h3><p>Wsp\u00f3lna dobra waluta Gradido (GDD) jest tworzona dla ka\u017cdego cz\u0142owieka jako kredyt bez tworzenia d\u0142ug\u00f3w. Gradido opiera si\u0119 wi\u0119c na przyk\u0142adzie natury, aby zapewni\u0107 dzieciom i wnukom bezd\u0142ugow\u0105 przysz\u0142o\u015b\u0107, w kt\u00f3rej warto \u017cy\u0107. Poprzedni konflikt, kt\u00f3ry wynika\u0142 z tego, \u017ce dzisiejsze pokolenia spi\u0119trza\u0142y g\u00f3ry d\u0142ug\u00f3w dla przysz\u0142ych, jest wi\u0119c histori\u0105. \"Dla m\u0142odych ludzi nasz nowy model gospodarczy i finansowy mo\u017ce by\u0107 przysz\u0142o\u015bciowy\", podkre\u015bla H\u00fcckst\u00e4dt, \"i postrzegamy to jako nasze najwa\u017cniejsze zadanie, aby da\u0107 im rado\u015b\u0107 \u017cycia i uczenia si\u0119 oraz wiar\u0119 w siebie i dobr\u0105 przysz\u0142o\u015b\u0107\".<\/p><h3>Bezpiecze\u0144stwo na ca\u0142e \u017cycie<\/h3><p>Aktywny doch\u00f3d podstawowy\" zabezpiecza podstawowe zaopatrzenie dla wszystkich ludzi i w ten spos\u00f3b eliminuje wieczyste obawy egzystencjalne i przysz\u0142e, kt\u00f3re os\u0142abiaj\u0105 uk\u0142ad odporno\u015bciowy i obci\u0105\u017caj\u0105 psychik\u0119. Tworzy to tym samym solidn\u0105 podstaw\u0119 dla mo\u017cliwie najlepszego rozwoju osobistego i zawodowego. Bezwarunkowe uczestnictwo\", kt\u00f3re daje r\u00f3wnie\u017c dzieciom i nastolatkom mo\u017cliwo\u015b\u0107 przyczynienia si\u0119 do rozwoju spo\u0142eczno\u015bci na rzecz ich \"aktywnego dochodu podstawowego\", otwiera bezprecedensowe mo\u017cliwo\u015bci wypr\u00f3bowania, rozwoju i, w razie potrzeby, zmiany w wielu r\u00f3\u017cnych dziedzinach. Aktywny doch\u00f3d podstawowy\" zapewnia utrzymanie nawet podczas edukacji. \"Dzi\u0119ki Gradido tworzona jest najlepsza podstawa, aby ka\u017cdy cz\u0142owiek mia\u0142 zagwarantowane prawo do zdrowego rozwoju, edukacji i doskonalenia zawodowego, a tak\u017ce aby\u015bmy mogli opanowa\u0107 ka\u017cdy kryzys w duchu solidarno\u015bci\" - podkre\u015bla H\u00fcckst\u00e4dt.<\/p><p>Szczeg\u00f3\u0142owe informacje na temat kompletnego \"modelu Gradido\" mo\u017cna znale\u017a\u0107 na stronie internetowej <a href=\"https:\/\/gradido.net\/pl\/\">https:\/\/gradido.net<\/a><\/p><p><!-- \/wp:paragraph --><\/p>\t\t\t\t\t\t\t\t<\/div>\n\t\t\t\t<\/div>\n\t\t\t\t<div class=\"elementor-element elementor-element-e9ff241 elementor-widget elementor-widget-text-editor\" data-id=\"e9ff241\" data-element_type=\"widget\" data-e-type=\"widget\" data-widget_type=\"text-editor.default\">\n\t\t\t\t<div class=\"elementor-widget-container\">\n\t\t\t\t\t\t\t\t\t<p><strong>O Akademii Gradido<\/strong><br>Akademia Bioniki Gospodarczej Gradido opracowa\u0142a alternatywn\u0105 \"wsp\u00f3ln\u0105 dobr\u0105 walut\u0119\" w oparciu o modele przyrodnicze. Natura kieruje si\u0119 zasad\u0105, \u017ce tylko tam, gdzie co\u015b przemija, mo\u017ce pojawi\u0107 si\u0119 co\u015b nowego, a zatem mo\u017cliwa jest d\u0142ugofalowa poprawa (ewolucja). Jego recept\u0105 na sukces jest \"cykl \u017cycia\". Gdyby nasza gospodarka r\u00f3wnie\u017c pod\u0105\u017ca\u0142a tym naturalnym cyklem, to wed\u0142ug oceny biolog\u00f3w ekonomicznych praktycznie wszystkie problemy monetarne \u015bwiata mog\u0142yby zosta\u0107 rozwi\u0105zane. Model Gradido opiera si\u0119 na za\u0142o\u017ceniu, \u017ce nie tylko ka\u017cda osoba, ale r\u00f3wnie\u017c ka\u017cde pa\u0144stwo otrzymuje dochody generowane na zasadzie kredytu. Mo\u017ce wi\u0119c wykonywa\u0107 wszystkie swoje zadania bez konieczno\u015bci pobierania podatk\u00f3w. Deflacja lub inflacja nale\u017c\u0105 do przesz\u0142o\u015bci. Gospodarka zostaje uwolniona od ci\u0105g\u0142ego przymusu wzrostu, niebezpiecze\u0144stwo za\u0142amania si\u0119 systemu finansowego zostaje w ko\u0144cu za\u017cegnane. (<a href=\"https:\/\/gradido.net\/pl\/\">www.gradido.net<\/a>)<\/p>\t\t\t\t\t\t\t\t<\/div>\n\t\t\t\t<\/div>\n\t\t\t\t\t<\/div>\n\t\t<\/div>\n\t\t\t\t\t<\/div>\n\t\t<\/section>\n\t\t\t\t<\/div>","protected":false},"excerpt":{"rendered":"<p>Alt gegen Jung alternativlos? K\u00fcnzelsau, 08.12.2020 \u2013 Verantwortungslose Partymacher oder medaillengeschm\u00fcckte \u201efaule Waschb\u00e4ren\u201c? Medien und Politik haben die Jugend zum S\u00fcndenbock der Corona-Krise gemacht. Nun aber bekommt dieses unsch\u00f6ne Bild Risse. Erste Studien belegen die gro\u00dfe Loyalit\u00e4t und R\u00fccksichtnahme der jungen Generation \u2013 und deren massive Belastung durch Krise und Kontaktverbote. Den oberfl\u00e4chlichen Umgang mit [&hellip;]<\/p>\n","protected":false},"author":2,"featured_media":1339,"comment_status":"closed","ping_status":"closed","sticky":false,"template":"","format":"standard","meta":{"footnotes":""},"categories":[8],"tags":[22],"class_list":["post-1317","post","type-post","status-publish","format-standard","has-post-thumbnail","hentry","category-pressemitteilung","tag-bild-oben"],"yoast_head":"<!-- This site is optimized with the Yoast SEO plugin v27.5 - https:\/\/yoast.com\/product\/yoast-seo-wordpress\/ -->\n<title>Fairness und F\u00fcrsorge f\u00fcr \u201aCorona-Jugend\u2018 - Gradido<\/title>\n<meta name=\"robots\" content=\"index, follow, max-snippet:-1, max-image-preview:large, max-video-preview:-1\" \/>\n<link rel=\"canonical\" href=\"https:\/\/gradido.net\/pl\/fairness-und-fuersorge-fuer-corona-jugend\/\" \/>\n<meta property=\"og:locale\" content=\"pl_PL\" \/>\n<meta property=\"og:type\" content=\"article\" \/>\n<meta property=\"og:title\" content=\"Fairness und F\u00fcrsorge f\u00fcr \u201aCorona-Jugend\u2018 - Gradido\" \/>\n<meta property=\"og:description\" content=\"Alt gegen Jung alternativlos? K\u00fcnzelsau, 08.12.2020 \u2013 Verantwortungslose Partymacher oder medaillengeschm\u00fcckte \u201efaule Waschb\u00e4ren\u201c? Medien und Politik haben die Jugend zum S\u00fcndenbock der Corona-Krise gemacht. Nun aber bekommt dieses unsch\u00f6ne Bild Risse. Erste Studien belegen die gro\u00dfe Loyalit\u00e4t und R\u00fccksichtnahme der jungen Generation \u2013 und deren massive Belastung durch Krise und Kontaktverbote. Den oberfl\u00e4chlichen Umgang mit [&hellip;]\" \/>\n<meta property=\"og:url\" content=\"https:\/\/gradido.net\/pl\/fairness-und-fuersorge-fuer-corona-jugend\/\" \/>\n<meta property=\"og:site_name\" content=\"Gradido\" \/>\n<meta property=\"article:published_time\" content=\"2020-12-08T16:23:44+00:00\" \/>\n<meta property=\"article:modified_time\" content=\"2021-12-11T12:03:16+00:00\" \/>\n<meta property=\"og:image\" content=\"https:\/\/gradido.net\/wp-content\/uploads\/2020\/12\/corona_solidaritaet_jugend-1.jpg\" \/>\n\t<meta property=\"og:image:width\" content=\"1459\" \/>\n\t<meta property=\"og:image:height\" content=\"990\" \/>\n\t<meta property=\"og:image:type\" content=\"image\/jpeg\" \/>\n<meta name=\"author\" content=\"Bernd H\u00fcckst\u00e4dt\" \/>\n<meta name=\"twitter:card\" content=\"summary_large_image\" \/>\n<meta name=\"twitter:label1\" content=\"Napisane przez\" \/>\n\t<meta name=\"twitter:data1\" content=\"Bernd H\u00fcckst\u00e4dt\" \/>\n\t<meta name=\"twitter:label2\" content=\"Szacowany czas czytania\" \/>\n\t<meta name=\"twitter:data2\" content=\"7 minut\" \/>\n<script type=\"application\/ld+json\" class=\"yoast-schema-graph\">{\"@context\":\"https:\\\/\\\/schema.org\",\"@graph\":[{\"@type\":\"Article\",\"@id\":\"https:\\\/\\\/gradido.net\\\/bg\\\/fairness-und-fuersorge-fuer-corona-jugend\\\/#article\",\"isPartOf\":{\"@id\":\"https:\\\/\\\/gradido.net\\\/bg\\\/fairness-und-fuersorge-fuer-corona-jugend\\\/\"},\"author\":{\"name\":\"Bernd H\u00fcckst\u00e4dt\",\"@id\":\"https:\\\/\\\/gradido.net\\\/de\\\/#\\\/schema\\\/person\\\/9c503a004ad15a1ddecadce2218db5d1\"},\"headline\":\"Fairness und F\u00fcrsorge f\u00fcr \u201aCorona-Jugend\u2018\",\"datePublished\":\"2020-12-08T16:23:44+00:00\",\"dateModified\":\"2021-12-11T12:03:16+00:00\",\"mainEntityOfPage\":{\"@id\":\"https:\\\/\\\/gradido.net\\\/bg\\\/fairness-und-fuersorge-fuer-corona-jugend\\\/\"},\"wordCount\":1384,\"publisher\":{\"@id\":\"https:\\\/\\\/gradido.net\\\/de\\\/#organization\"},\"image\":{\"@id\":\"https:\\\/\\\/gradido.net\\\/bg\\\/fairness-und-fuersorge-fuer-corona-jugend\\\/#primaryimage\"},\"thumbnailUrl\":\"https:\\\/\\\/gradido.net\\\/wp-content\\\/uploads\\\/2020\\\/12\\\/corona_solidaritaet_jugend-1.jpg\",\"keywords\":[\"Bild oben\"],\"articleSection\":[\"Pressemitteilung\"],\"inLanguage\":\"pl-PL\"},{\"@type\":\"WebPage\",\"@id\":\"https:\\\/\\\/gradido.net\\\/bg\\\/fairness-und-fuersorge-fuer-corona-jugend\\\/\",\"url\":\"https:\\\/\\\/gradido.net\\\/bg\\\/fairness-und-fuersorge-fuer-corona-jugend\\\/\",\"name\":\"Fairness und F\u00fcrsorge f\u00fcr \u201aCorona-Jugend\u2018 - Gradido\",\"isPartOf\":{\"@id\":\"https:\\\/\\\/gradido.net\\\/de\\\/#website\"},\"primaryImageOfPage\":{\"@id\":\"https:\\\/\\\/gradido.net\\\/bg\\\/fairness-und-fuersorge-fuer-corona-jugend\\\/#primaryimage\"},\"image\":{\"@id\":\"https:\\\/\\\/gradido.net\\\/bg\\\/fairness-und-fuersorge-fuer-corona-jugend\\\/#primaryimage\"},\"thumbnailUrl\":\"https:\\\/\\\/gradido.net\\\/wp-content\\\/uploads\\\/2020\\\/12\\\/corona_solidaritaet_jugend-1.jpg\",\"datePublished\":\"2020-12-08T16:23:44+00:00\",\"dateModified\":\"2021-12-11T12:03:16+00:00\",\"breadcrumb\":{\"@id\":\"https:\\\/\\\/gradido.net\\\/bg\\\/fairness-und-fuersorge-fuer-corona-jugend\\\/#breadcrumb\"},\"inLanguage\":\"pl-PL\",\"potentialAction\":[{\"@type\":\"ReadAction\",\"target\":[\"https:\\\/\\\/gradido.net\\\/bg\\\/fairness-und-fuersorge-fuer-corona-jugend\\\/\"]}]},{\"@type\":\"ImageObject\",\"inLanguage\":\"pl-PL\",\"@id\":\"https:\\\/\\\/gradido.net\\\/bg\\\/fairness-und-fuersorge-fuer-corona-jugend\\\/#primaryimage\",\"url\":\"https:\\\/\\\/gradido.net\\\/wp-content\\\/uploads\\\/2020\\\/12\\\/corona_solidaritaet_jugend-1.jpg\",\"contentUrl\":\"https:\\\/\\\/gradido.net\\\/wp-content\\\/uploads\\\/2020\\\/12\\\/corona_solidaritaet_jugend-1.jpg\",\"width\":1459,\"height\":990},{\"@type\":\"BreadcrumbList\",\"@id\":\"https:\\\/\\\/gradido.net\\\/bg\\\/fairness-und-fuersorge-fuer-corona-jugend\\\/#breadcrumb\",\"itemListElement\":[{\"@type\":\"ListItem\",\"position\":1,\"name\":\"Startseite\",\"item\":\"https:\\\/\\\/gradido.net\\\/\"},{\"@type\":\"ListItem\",\"position\":2,\"name\":\"Fairness und F\u00fcrsorge f\u00fcr \u201aCorona-Jugend\u2018\"}]},{\"@type\":\"WebSite\",\"@id\":\"https:\\\/\\\/gradido.net\\\/de\\\/#website\",\"url\":\"https:\\\/\\\/gradido.net\\\/de\\\/\",\"name\":\"Gradido\",\"description\":\"Die neue W\u00e4hrung hei\u00dft Dankbarkeit\",\"publisher\":{\"@id\":\"https:\\\/\\\/gradido.net\\\/de\\\/#organization\"},\"potentialAction\":[{\"@type\":\"SearchAction\",\"target\":{\"@type\":\"EntryPoint\",\"urlTemplate\":\"https:\\\/\\\/gradido.net\\\/de\\\/?s={search_term_string}\"},\"query-input\":{\"@type\":\"PropertyValueSpecification\",\"valueRequired\":true,\"valueName\":\"search_term_string\"}}],\"inLanguage\":\"pl-PL\"},{\"@type\":\"Organization\",\"@id\":\"https:\\\/\\\/gradido.net\\\/de\\\/#organization\",\"name\":\"Gradido\",\"url\":\"https:\\\/\\\/gradido.net\\\/de\\\/\",\"logo\":{\"@type\":\"ImageObject\",\"inLanguage\":\"pl-PL\",\"@id\":\"https:\\\/\\\/gradido.net\\\/de\\\/#\\\/schema\\\/logo\\\/image\\\/\",\"url\":\"https:\\\/\\\/gradido.net\\\/wp-content\\\/uploads\\\/2022\\\/04\\\/gradido-social.jpg\",\"contentUrl\":\"https:\\\/\\\/gradido.net\\\/wp-content\\\/uploads\\\/2022\\\/04\\\/gradido-social.jpg\",\"width\":527,\"height\":273,\"caption\":\"Gradido\"},\"image\":{\"@id\":\"https:\\\/\\\/gradido.net\\\/de\\\/#\\\/schema\\\/logo\\\/image\\\/\"}},{\"@type\":\"Person\",\"@id\":\"https:\\\/\\\/gradido.net\\\/de\\\/#\\\/schema\\\/person\\\/9c503a004ad15a1ddecadce2218db5d1\",\"name\":\"Bernd H\u00fcckst\u00e4dt\",\"sameAs\":[\"https:\\\/\\\/gradido.net\"],\"url\":\"https:\\\/\\\/gradido.net\\\/pl\\\/author\\\/bernd\\\/\"}]}<\/script>\n<!-- \/ Yoast SEO plugin. -->","yoast_head_json":{"title":"Uczciwo\u015b\u0107 i troska o \"m\u0142odzie\u017c Corona\" - Gradido","robots":{"index":"index","follow":"follow","max-snippet":"max-snippet:-1","max-image-preview":"max-image-preview:large","max-video-preview":"max-video-preview:-1"},"canonical":"https:\/\/gradido.net\/pl\/fairness-und-fuersorge-fuer-corona-jugend\/","og_locale":"pl_PL","og_type":"article","og_title":"Fairness und F\u00fcrsorge f\u00fcr \u201aCorona-Jugend\u2018 - Gradido","og_description":"Alt gegen Jung alternativlos? K\u00fcnzelsau, 08.12.2020 \u2013 Verantwortungslose Partymacher oder medaillengeschm\u00fcckte \u201efaule Waschb\u00e4ren\u201c? Medien und Politik haben die Jugend zum S\u00fcndenbock der Corona-Krise gemacht. Nun aber bekommt dieses unsch\u00f6ne Bild Risse. Erste Studien belegen die gro\u00dfe Loyalit\u00e4t und R\u00fccksichtnahme der jungen Generation \u2013 und deren massive Belastung durch Krise und Kontaktverbote. Den oberfl\u00e4chlichen Umgang mit [&hellip;]","og_url":"https:\/\/gradido.net\/pl\/fairness-und-fuersorge-fuer-corona-jugend\/","og_site_name":"Gradido","article_published_time":"2020-12-08T16:23:44+00:00","article_modified_time":"2021-12-11T12:03:16+00:00","og_image":[{"width":1459,"height":990,"url":"https:\/\/gradido.net\/wp-content\/uploads\/2020\/12\/corona_solidaritaet_jugend-1.jpg","type":"image\/jpeg"}],"author":"Bernd H\u00fcckst\u00e4dt","twitter_card":"summary_large_image","twitter_misc":{"Napisane przez":"Bernd H\u00fcckst\u00e4dt","Szacowany czas czytania":"7 minut"},"schema":{"@context":"https:\/\/schema.org","@graph":[{"@type":"Article","@id":"https:\/\/gradido.net\/bg\/fairness-und-fuersorge-fuer-corona-jugend\/#article","isPartOf":{"@id":"https:\/\/gradido.net\/bg\/fairness-und-fuersorge-fuer-corona-jugend\/"},"author":{"name":"Bernd H\u00fcckst\u00e4dt","@id":"https:\/\/gradido.net\/de\/#\/schema\/person\/9c503a004ad15a1ddecadce2218db5d1"},"headline":"Fairness und F\u00fcrsorge f\u00fcr \u201aCorona-Jugend\u2018","datePublished":"2020-12-08T16:23:44+00:00","dateModified":"2021-12-11T12:03:16+00:00","mainEntityOfPage":{"@id":"https:\/\/gradido.net\/bg\/fairness-und-fuersorge-fuer-corona-jugend\/"},"wordCount":1384,"publisher":{"@id":"https:\/\/gradido.net\/de\/#organization"},"image":{"@id":"https:\/\/gradido.net\/bg\/fairness-und-fuersorge-fuer-corona-jugend\/#primaryimage"},"thumbnailUrl":"https:\/\/gradido.net\/wp-content\/uploads\/2020\/12\/corona_solidaritaet_jugend-1.jpg","keywords":["Bild oben"],"articleSection":["Pressemitteilung"],"inLanguage":"pl-PL"},{"@type":"WebPage","@id":"https:\/\/gradido.net\/bg\/fairness-und-fuersorge-fuer-corona-jugend\/","url":"https:\/\/gradido.net\/bg\/fairness-und-fuersorge-fuer-corona-jugend\/","name":"Uczciwo\u015b\u0107 i troska o \"m\u0142odzie\u017c Corona\" - Gradido","isPartOf":{"@id":"https:\/\/gradido.net\/de\/#website"},"primaryImageOfPage":{"@id":"https:\/\/gradido.net\/bg\/fairness-und-fuersorge-fuer-corona-jugend\/#primaryimage"},"image":{"@id":"https:\/\/gradido.net\/bg\/fairness-und-fuersorge-fuer-corona-jugend\/#primaryimage"},"thumbnailUrl":"https:\/\/gradido.net\/wp-content\/uploads\/2020\/12\/corona_solidaritaet_jugend-1.jpg","datePublished":"2020-12-08T16:23:44+00:00","dateModified":"2021-12-11T12:03:16+00:00","breadcrumb":{"@id":"https:\/\/gradido.net\/bg\/fairness-und-fuersorge-fuer-corona-jugend\/#breadcrumb"},"inLanguage":"pl-PL","potentialAction":[{"@type":"ReadAction","target":["https:\/\/gradido.net\/bg\/fairness-und-fuersorge-fuer-corona-jugend\/"]}]},{"@type":"ImageObject","inLanguage":"pl-PL","@id":"https:\/\/gradido.net\/bg\/fairness-und-fuersorge-fuer-corona-jugend\/#primaryimage","url":"https:\/\/gradido.net\/wp-content\/uploads\/2020\/12\/corona_solidaritaet_jugend-1.jpg","contentUrl":"https:\/\/gradido.net\/wp-content\/uploads\/2020\/12\/corona_solidaritaet_jugend-1.jpg","width":1459,"height":990},{"@type":"BreadcrumbList","@id":"https:\/\/gradido.net\/bg\/fairness-und-fuersorge-fuer-corona-jugend\/#breadcrumb","itemListElement":[{"@type":"ListItem","position":1,"name":"Startseite","item":"https:\/\/gradido.net\/"},{"@type":"ListItem","position":2,"name":"Fairness und F\u00fcrsorge f\u00fcr \u201aCorona-Jugend\u2018"}]},{"@type":"WebSite","@id":"https:\/\/gradido.net\/de\/#website","url":"https:\/\/gradido.net\/de\/","name":"Gradido","description":"Now\u0105 walut\u0105 jest wdzi\u0119czno\u015b\u0107","publisher":{"@id":"https:\/\/gradido.net\/de\/#organization"},"potentialAction":[{"@type":"SearchAction","target":{"@type":"EntryPoint","urlTemplate":"https:\/\/gradido.net\/de\/?s={search_term_string}"},"query-input":{"@type":"PropertyValueSpecification","valueRequired":true,"valueName":"search_term_string"}}],"inLanguage":"pl-PL"},{"@type":"Organization","@id":"https:\/\/gradido.net\/de\/#organization","name":"Gradido","url":"https:\/\/gradido.net\/de\/","logo":{"@type":"ImageObject","inLanguage":"pl-PL","@id":"https:\/\/gradido.net\/de\/#\/schema\/logo\/image\/","url":"https:\/\/gradido.net\/wp-content\/uploads\/2022\/04\/gradido-social.jpg","contentUrl":"https:\/\/gradido.net\/wp-content\/uploads\/2022\/04\/gradido-social.jpg","width":527,"height":273,"caption":"Gradido"},"image":{"@id":"https:\/\/gradido.net\/de\/#\/schema\/logo\/image\/"}},{"@type":"Person","@id":"https:\/\/gradido.net\/de\/#\/schema\/person\/9c503a004ad15a1ddecadce2218db5d1","name":"Bernd H\u00fcckst\u00e4dt","sameAs":["https:\/\/gradido.net"],"url":"https:\/\/gradido.net\/pl\/author\/bernd\/"}]}},"_links":{"self":[{"href":"https:\/\/gradido.net\/pl\/wp-json\/wp\/v2\/posts\/1317","targetHints":{"allow":["GET"]}}],"collection":[{"href":"https:\/\/gradido.net\/pl\/wp-json\/wp\/v2\/posts"}],"about":[{"href":"https:\/\/gradido.net\/pl\/wp-json\/wp\/v2\/types\/post"}],"author":[{"embeddable":true,"href":"https:\/\/gradido.net\/pl\/wp-json\/wp\/v2\/users\/2"}],"replies":[{"embeddable":true,"href":"https:\/\/gradido.net\/pl\/wp-json\/wp\/v2\/comments?post=1317"}],"version-history":[{"count":14,"href":"https:\/\/gradido.net\/pl\/wp-json\/wp\/v2\/posts\/1317\/revisions"}],"predecessor-version":[{"id":3748,"href":"https:\/\/gradido.net\/pl\/wp-json\/wp\/v2\/posts\/1317\/revisions\/3748"}],"wp:featuredmedia":[{"embeddable":true,"href":"https:\/\/gradido.net\/pl\/wp-json\/wp\/v2\/media\/1339"}],"wp:attachment":[{"href":"https:\/\/gradido.net\/pl\/wp-json\/wp\/v2\/media?parent=1317"}],"wp:term":[{"taxonomy":"category","embeddable":true,"href":"https:\/\/gradido.net\/pl\/wp-json\/wp\/v2\/categories?post=1317"},{"taxonomy":"post_tag","embeddable":true,"href":"https:\/\/gradido.net\/pl\/wp-json\/wp\/v2\/tags?post=1317"}],"curies":[{"name":"wp","href":"https:\/\/api.w.org\/{rel}","templated":true}]}}