{"id":13235,"date":"2026-04-01T06:04:10","date_gmt":"2026-04-01T04:04:10","guid":{"rendered":"https:\/\/gradido.net\/?p=13235"},"modified":"2026-04-22T16:52:23","modified_gmt":"2026-04-22T14:52:23","slug":"die-erde-in-ein-paradies-rueckverwandeln","status":"publish","type":"post","link":"https:\/\/gradido.net\/pl\/die-erde-in-ein-paradies-rueckverwandeln\/","title":{"rendered":"Przekszta\u0142canie ziemi z powrotem w raj"},"content":{"rendered":"\t\t<div data-elementor-type=\"wp-post\" data-elementor-id=\"13235\" class=\"elementor elementor-13235\" data-elementor-post-type=\"post\">\n\t\t\t\t\t\t<section class=\"elementor-section elementor-top-section elementor-element elementor-element-496e1d53 elementor-section-boxed elementor-section-height-default elementor-section-height-default\" data-id=\"496e1d53\" data-element_type=\"section\" data-e-type=\"section\">\n\t\t\t\t\t\t<div class=\"elementor-container elementor-column-gap-default\">\n\t\t\t\t\t<div class=\"elementor-column elementor-col-100 elementor-top-column elementor-element elementor-element-461d7be0\" data-id=\"461d7be0\" data-element_type=\"column\" data-e-type=\"column\">\n\t\t\t<div class=\"elementor-widget-wrap elementor-element-populated\">\n\t\t\t\t\t\t<div class=\"elementor-element elementor-element-cd9ebe2 elementor-widget elementor-widget-text-editor\" data-id=\"cd9ebe2\" data-element_type=\"widget\" data-e-type=\"widget\" data-widget_type=\"text-editor.default\">\n\t\t\t\t<div class=\"elementor-widget-container\">\n\t\t\t\t\t\t\t\t\t<h3 id=\"eine-systemanalyse-der-konomischen-und-kologischen\" class=\"font-editorial font-bold mb-2 mt-4 [.has-inline-images_&amp;]:clear-end text-lg first:mt-0 md:text-lg [hr+&amp;]:mt-4\">Gradidos Vision f\u00fcr Renaturierung, Tourismuswandel und eine bl\u00fchende Welt f\u00fcr alle<\/h3><p style=\"text-align: left;\"><em>Der Bericht spiegelt die Recherche- und Analyseergebnisse der KI-Anwendung &#8222;Perplexity&#8220; wider und stellt keine Meinungs\u00e4u\u00dferung von Gradido dar. Er dient der Information und als Impuls zur weiteren Diskussion<\/em>.<\/p><div><div class=\"prose dark:prose-invert inline leading-relaxed break-words min-w-0 [word-break:break-word] prose-strong:font-bold [&amp;_&gt;*:first-child]:mt-0 [&amp;_&gt;*:last-child]:mb-0\"><h3 class=\"my-2 [&amp;+p]:mt-4 [&amp;_strong:has(+br)]:inline-block [&amp;_strong:has(+br)]:pb-2\">Inhalt<\/h3><div class=\"relative font-sans text-base text-foreground selection:bg-super\/50 selection:text-foreground dark:selection:bg-super\/10 dark:selection:text-super\"><div class=\"min-w-0 break-words [word-break:break-word]\"><div id=\"markdown-content-14\" class=\"gap-y-md after:clear-both after:block after:content-['']\" dir=\"auto\"><div class=\"has-inline-images my-2 first:mt-0 [&amp;:has([data-inline-type=image])+&amp;:has([data-inline-type=image])_[data-inline-type=image]]:hidden [&amp;:has(table)_[data-inline-type=image]]:hidden\"><div><div><div class=\"prose dark:prose-invert inline leading-relaxed break-words min-w-0 [word-break:break-word] prose-strong:font-bold [&amp;_&gt;*:first-child]:mt-0 [&amp;_&gt;*:last-child]:mb-0\"><ol class=\"marker:text-quiet list-decimal\"><li class=\"py-0 my-0 prose-p:pt-0 prose-p:mb-2 prose-p:my-0 [&amp;&gt;p]:pt-0 [&amp;&gt;p]:mb-2 [&amp;&gt;p]:my-0\"><p class=\"my-2 [&amp;+p]:mt-4 [&amp;_strong:has(+br)]:inline-block [&amp;_strong:has(+br)]:pb-2\"><strong>Die Diagnose<\/strong>\u00a0\u2013 Mehr als 75% der weltweiten Landfl\u00e4chen sind bereits degradiert; der strukturelle Wachstumszwang des Schuldgeldsystems als eigentlicher Motor der Zerst\u00f6rung<\/p><\/li><li class=\"py-0 my-0 prose-p:pt-0 prose-p:mb-2 prose-p:my-0 [&amp;&gt;p]:pt-0 [&amp;&gt;p]:mb-2 [&amp;&gt;p]:my-0\"><p class=\"my-2 [&amp;+p]:mt-4 [&amp;_strong:has(+br)]:inline-block [&amp;_strong:has(+br)]:pb-2\"><strong>Das Sehnsuchtsbild<\/strong> \u2013 Warum 1,5 Milliarden Menschen j\u00e4hrlich in den Urlaub fahren, was sie dabei wirklich suchen \u2013 und was die Lockdown-Erfahrung dar\u00fcber enth\u00fcllte<\/p><\/li><li class=\"py-0 my-0 prose-p:pt-0 prose-p:mb-2 prose-p:my-0 [&amp;&gt;p]:pt-0 [&amp;&gt;p]:mb-2 [&amp;&gt;p]:my-0\"><p class=\"my-2 [&amp;+p]:mt-4 [&amp;_strong:has(+br)]:inline-block [&amp;_strong:has(+br)]:pb-2\"><strong>Kreuzfahrten als Symbol<\/strong>\u00a0\u2013 Ein Schiff st\u00f6\u00dft pro Tag so viel aus wie 84.000 Autos an CO\u2082, 376 Millionen Autos an Schwefeldioxid; 50.000 vorzeitige Todesf\u00e4lle j\u00e4hrlich durch Schiffsemissionen in Europa<\/p><\/li><li class=\"py-0 my-0 prose-p:pt-0 prose-p:mb-2 prose-p:my-0 [&amp;&gt;p]:pt-0 [&amp;&gt;p]:mb-2 [&amp;&gt;p]:my-0\"><p class=\"my-2 [&amp;+p]:mt-4 [&amp;_strong:has(+br)]:inline-block [&amp;_strong:has(+br)]:pb-2\"><strong>\u00dcbertourismus<\/strong>\u00a0\u2013 Das Enzensberger-Paradoxon: \u201eDer Tourist zerst\u00f6rt, was er sucht, indem er es findet&#8220; \u2013 und das Armuts-Paradoxon der Paradiese<span class=\"inline-flex\" aria-label=\"Wachstumszwang und Nachhaltigkeit\" data-state=\"closed\">\u200b<\/span><\/p><\/li><li class=\"py-0 my-0 prose-p:pt-0 prose-p:mb-2 prose-p:my-0 [&amp;&gt;p]:pt-0 [&amp;&gt;p]:mb-2 [&amp;&gt;p]:my-0\"><p class=\"my-2 [&amp;+p]:mt-4 [&amp;_strong:has(+br)]:inline-block [&amp;_strong:has(+br)]:pb-2\"><strong>Gradidos Antwort<\/strong> \u2013 Naturnahe Lebensweise verbraucht 75\u201390% weniger Energie bei h\u00f6herer Lebensqualit\u00e4t; der Ausgleichs- und Umweltfonds als permanenter, schuldenfreier Sanierungsmotor<span class=\"inline-flex\" aria-label=\"Overtourism: Die Schattenseiten des Tourismus\" data-state=\"closed\">\u200b<\/span><\/p><\/li><li class=\"py-0 my-0 prose-p:pt-0 prose-p:mb-2 prose-p:my-0 [&amp;&gt;p]:pt-0 [&amp;&gt;p]:mb-2 [&amp;&gt;p]:my-0\"><p class=\"my-2 [&amp;+p]:mt-4 [&amp;_strong:has(+br)]:inline-block [&amp;_strong:has(+br)]:pb-2\"><strong>Permakultur<\/strong>\u00a0\u2013 Gleiche Ertr\u00e4ge wie konventionelle Landwirtschaft mit 60\u201380% weniger Energie, best\u00e4tigt durch eine Peer-reviewed-Studie 2025<span class=\"inline-flex\" aria-label=\"Overtourism: Die Schattenseiten des Tourismus\" data-state=\"closed\">\u200b<\/span><\/p><\/li><li class=\"py-0 my-0 prose-p:pt-0 prose-p:mb-2 prose-p:my-0 [&amp;&gt;p]:pt-0 [&amp;&gt;p]:mb-2 [&amp;&gt;p]:my-0\"><p class=\"my-2 [&amp;+p]:mt-4 [&amp;_strong:has(+br)]:inline-block [&amp;_strong:has(+br)]:pb-2\"><strong>Ende des Flucht-Tourismus<\/strong> \u2013 Wenn das Paradies vor der Haust\u00fcr liegt, brauchen Menschen keine 9.000-km-Kreuzfahrt mehr. Tourismusangestellte sind durch das Aktive Grundeinkommen vollst\u00e4ndig abgesichert<span class=\"inline-flex\" aria-label=\"Overtourism und seine Folgen - wenn Tourismus schadet\" data-state=\"closed\">\u200b<\/span><span class=\"inline-flex\" aria-label=\"Die Folgen des Massentourismus f\u00fcr Mensch und Umwelt | Transformation der Wirtschaft\" data-state=\"closed\">\u200b<\/span><\/p><\/li><li class=\"py-0 my-0 prose-p:pt-0 prose-p:mb-2 prose-p:my-0 [&amp;&gt;p]:pt-0 [&amp;&gt;p]:mb-2 [&amp;&gt;p]:my-0\"><p class=\"my-2 [&amp;+p]:mt-4 [&amp;_strong:has(+br)]:inline-block [&amp;_strong:has(+br)]:pb-2\"><strong>Die vollst\u00e4ndige Transformationskette<\/strong>\u00a0\u2013 Mit dem Szenario 2050: mit nur 20\u201335% des heutigen Energieverbrauchs ein paradiesisches Leben f\u00fcr alle<span class=\"inline-flex\" aria-label=\"Overtourism: Die Schattenseiten des Tourismus\" data-state=\"closed\">\u200b<\/span><\/p><\/li><\/ol><\/div><\/div><\/div><\/div><\/div><\/div><\/div><\/div><\/div><div class=\"font-sans text-sm text-quiet selection:bg-super\/50 selection:text-foreground dark:selection:bg-super\/10 dark:selection:text-super\"><div class=\"flex flex-col gap-3 py-4\"><div class=\"isolate relative bg-base overflow-hidden before:pointer-events-none before:absolute before:inset-0 before:z-20 before:rounded-lg before:border before:border-foreground\/10 border-subtlest ring-subtlest divide-subtlest bg-raised rounded-lg\"><div class=\"relative\"><div class=\"overflow-hidden px-4 py-3 prose dark:prose-invert max-w-none text-sm selection:bg-super\/50 selection:text-foreground dark:selection:bg-super\/10 dark:selection:text-super\"><div><div><div class=\"prose dark:prose-invert inline leading-relaxed break-words min-w-0 [word-break:break-word] prose-strong:font-bold [&amp;_&gt;*:first-child]:mt-0 [&amp;_&gt;*:last-child]:mb-0\"><h2 id=\"executive-summary\" class=\"font-editorial font-bold mb-2 mt-4 [.has-inline-images_&amp;]:clear-end text-lg first:mt-0 md:text-lg [hr+&amp;]:mt-4\">Executive Summary<\/h2><p class=\"my-2 [&amp;+p]:mt-4 [&amp;_strong:has(+br)]:inline-block [&amp;_strong:has(+br)]:pb-2\">Die Menschheit lebt in einem tiefen Widerspruch: J\u00e4hrlich reisen Milliarden Urlauber zu den letzten intakten Naturparadiesen \u2013 und zerst\u00f6ren sie dabei. Mehr als 75 Prozent der weltweiten Landfl\u00e4chen sind bereits degradiert und gef\u00e4hrden das Wohlergehen von 3,2 Milliarden Menschen. Gleichzeitig zeigt der Tourismus mit aller Deutlichkeit, wonach sich die Menschen wirklich sehnen: klares Wasser, unber\u00fchrte Natur, Stille und Gemeinschaft. Das herrschende Schuldgeldsystem mit seinem strukturellen Wachstumszwang ist der eigentliche Motor dieser Zerst\u00f6rung. Das Gradido-Modell bietet den systemischen Schl\u00fcssel, diesen Teufelskreis zu durchbrechen \u2013 und die Erde tats\u00e4chlich in ein Paradies r\u00fcckzuverwandeln. Die Gesamtl\u00f6sung aus Gradido, Permakultur und dem Ausgleichs- und Umweltfonds k\u00f6nnte <strong>65\u201380% des globalen Energieverbrauchs einsparen<\/strong>\u00a0bei gleichzeitig h\u00f6herer Lebensqualit\u00e4t f\u00fcr alle.<\/p><hr class=\"bg-quiet h-px border-0\" \/><h2 id=\"1-die-diagnose-wie-die-erde-zur-dystopie-wurde\" class=\"font-editorial font-bold mb-2 mt-4 [.has-inline-images_&amp;]:clear-end text-lg first:mt-0 md:text-lg [hr+&amp;]:mt-4\">1. Die Diagnose: Wie die Erde zur Dystopie wurde<\/h2><h2 id=\"11-das-ausma-der-zerstrung\" class=\"font-editorial font-bold mb-2 mt-4 [.has-inline-images_&amp;]:clear-end text-base first:mt-0\">1.1 Das Ausma\u00df der Zerst\u00f6rung<\/h2><p class=\"my-2 [&amp;+p]:mt-4 [&amp;_strong:has(+br)]:inline-block [&amp;_strong:has(+br)]:pb-2\">Die Industrialisierung und kriegsbedingte Verw\u00fcstungen haben weite Teile der Erde in lebensfeindliche R\u00e4ume umgewandelt. Die Zahlen sind erschreckend:<\/p><ul class=\"marker:text-quiet list-disc\"><li class=\"py-0 my-0 prose-p:pt-0 prose-p:mb-2 prose-p:my-0 [&amp;&gt;p]:pt-0 [&amp;&gt;p]:mb-2 [&amp;&gt;p]:my-0\"><p class=\"my-2 [&amp;+p]:mt-4 [&amp;_strong:has(+br)]:inline-block [&amp;_strong:has(+br)]:pb-2\"><strong>\u00dcber 75% der weltweiten Landfl\u00e4chen<\/strong>\u00a0sind erheblich degradiert<span class=\"inline-flex\" aria-label=\"75 Prozent der weltweiten Landfl\u00e4chen sind degradiert\" data-state=\"closed\">\u200b<\/span><\/p><\/li><li class=\"py-0 my-0 prose-p:pt-0 prose-p:mb-2 prose-p:my-0 [&amp;&gt;p]:pt-0 [&amp;&gt;p]:mb-2 [&amp;&gt;p]:my-0\"><p class=\"my-2 [&amp;+p]:mt-4 [&amp;_strong:has(+br)]:inline-block [&amp;_strong:has(+br)]:pb-2\">J\u00e4hrlich werden fast\u00a0<strong>60 Milliarden Tonnen<\/strong>\u00a0an Rohstoffen und Ressourcen abgebaut<span class=\"inline-flex\" aria-label=\"Zerst\u00f6rung von Lebensraum durch den Mensch\" data-state=\"closed\">\u200b<\/span><\/p><\/li><li class=\"py-0 my-0 prose-p:pt-0 prose-p:mb-2 prose-p:my-0 [&amp;&gt;p]:pt-0 [&amp;&gt;p]:mb-2 [&amp;&gt;p]:my-0\"><p class=\"my-2 [&amp;+p]:mt-4 [&amp;_strong:has(+br)]:inline-block [&amp;_strong:has(+br)]:pb-2\">Vor der Industrialisierung waren noch ca. 60% der Landoberfl\u00e4che mit Wald bedeckt \u2013 heute ist es nur noch die H\u00e4lfte, und Wald wird\u00a0<strong>10-mal schneller<\/strong>\u00a0gerodet als er nachwachsen kann<span class=\"inline-flex\" aria-label=\"Zerst\u00f6rung von Lebensraum durch den Mensch\" data-state=\"closed\">\u200b<\/span><\/p><\/li><li class=\"py-0 my-0 prose-p:pt-0 prose-p:mb-2 prose-p:my-0 [&amp;&gt;p]:pt-0 [&amp;&gt;p]:mb-2 [&amp;&gt;p]:my-0\"><p class=\"my-2 [&amp;+p]:mt-4 [&amp;_strong:has(+br)]:inline-block [&amp;_strong:has(+br)]:pb-2\">Allein 2015 verursachten die G-7-Bewohner durch ihren Konsum den Verlust von\u00a0<strong>4 B\u00e4umen und 60 m\u00b2 Wald<\/strong>\u00a0pro Kopf und Jahr<span class=\"inline-flex\" aria-label=\"Globale \u00d6kologie - Wie der Konsum in Industriestaaten tropische W\u00e4lder ...\" data-state=\"closed\">\u200b<\/span><\/p><\/li><li class=\"py-0 my-0 prose-p:pt-0 prose-p:mb-2 prose-p:my-0 [&amp;&gt;p]:pt-0 [&amp;&gt;p]:mb-2 [&amp;&gt;p]:my-0\"><p class=\"my-2 [&amp;+p]:mt-4 [&amp;_strong:has(+br)]:inline-block [&amp;_strong:has(+br)]:pb-2\">Die Bewohner der G\u20117\u2011Staaten zusammen verursachten 2015 Rodungen auf einer Fl\u00e4che <strong>gr\u00f6\u00dfer als die Schweiz<\/strong>\u00a0\u2013 fast ausschlie\u00dflich in anderen L\u00e4ndern und in den Tropen<span class=\"inline-flex\" aria-label=\"Globale \u00d6kologie - Wie der Konsum in Industriestaaten tropische W\u00e4lder ...\" data-state=\"closed\">\u200b<\/span><\/p><\/li><\/ul><p class=\"my-2 [&amp;+p]:mt-4 [&amp;_strong:has(+br)]:inline-block [&amp;_strong:has(+br)]:pb-2\">Hinzu kommen Kriege, die Jahrtausende gewachsene Kulturlandschaften binnen Wochen in Tr\u00fcmmerw\u00fcsten verwandeln. Der WWF-Bericht \u201eThe Nature of Conflict and Peace&#8220; (2022) belegt den direkten Zusammenhang zwischen Umweltzerst\u00f6rung und milit\u00e4rischen Konflikten: Die Zerst\u00f6rung der Natur wirkt sich direkt negativ auf politische Stabilit\u00e4t und globale Sicherheit aus.<span class=\"inline-flex\" aria-label=\"Umweltzerst\u00f6rung als Sicherheitsrisiko\" data-state=\"closed\">\u200b<\/span><\/p><h2 id=\"12-der-strukturelle-motor-wachstumszwang\" class=\"font-editorial font-bold mb-2 mt-4 [.has-inline-images_&amp;]:clear-end text-base first:mt-0\">1.2 Der strukturelle Motor: Wachstumszwang<\/h2><p class=\"my-2 [&amp;+p]:mt-4 [&amp;_strong:has(+br)]:inline-block [&amp;_strong:has(+br)]:pb-2\">Der tiefste Grund f\u00fcr die Umweltzerst\u00f6rung ist nicht menschliche Bosheit, sondern ein fehldimensioniertes Geld- und Wirtschaftssystem. Da im Schuldgeldsystem Geld nur durch Kredite mit Zinsverpflichtung entsteht, muss die Wirtschaft permanent wachsen, um die Zinslast zu bedienen. Dieser <strong>Wachstumszwang<\/strong>\u00a0erzwingt:<\/p><ul class=\"marker:text-quiet list-disc\"><li class=\"py-0 my-0 prose-p:pt-0 prose-p:mb-2 prose-p:my-0 [&amp;&gt;p]:pt-0 [&amp;&gt;p]:mb-2 [&amp;&gt;p]:my-0\"><p class=\"my-2 [&amp;+p]:mt-4 [&amp;_strong:has(+br)]:inline-block [&amp;_strong:has(+br)]:pb-2\">Ressourcen\u00fcbernutzung weit \u00fcber den Bedarf hinaus<\/p><\/li><li class=\"py-0 my-0 prose-p:pt-0 prose-p:mb-2 prose-p:my-0 [&amp;&gt;p]:pt-0 [&amp;&gt;p]:mb-2 [&amp;&gt;p]:my-0\"><p class=\"my-2 [&amp;+p]:mt-4 [&amp;_strong:has(+br)]:inline-block [&amp;_strong:has(+br)]:pb-2\">Geplante Obsoleszenz (Produkte werden absichtlich kurzlebig gemacht)<\/p><\/li><li class=\"py-0 my-0 prose-p:pt-0 prose-p:mb-2 prose-p:my-0 [&amp;&gt;p]:pt-0 [&amp;&gt;p]:mb-2 [&amp;&gt;p]:my-0\"><p class=\"my-2 [&amp;+p]:mt-4 [&amp;_strong:has(+br)]:inline-block [&amp;_strong:has(+br)]:pb-2\">\u00dcberproduktion f\u00fcr M\u00e4rkte, die bereits ges\u00e4ttigt sind<\/p><\/li><li class=\"py-0 my-0 prose-p:pt-0 prose-p:mb-2 prose-p:my-0 [&amp;&gt;p]:pt-0 [&amp;&gt;p]:mb-2 [&amp;&gt;p]:my-0\"><p class=\"my-2 [&amp;+p]:mt-4 [&amp;_strong:has(+br)]:inline-block [&amp;_strong:has(+br)]:pb-2\">Konkurrenz statt Kooperation als Standardmodus<\/p><\/li><li>Kriege<\/li><\/ul><p class=\"my-2 [&amp;+p]:mt-4 [&amp;_strong:has(+br)]:inline-block [&amp;_strong:has(+br)]:pb-2\">Der \u00d6konom Hans Christoph Binswanger hat analytisch gezeigt: Das Buchgeld-System und das Kreditprinzip erzeugen strukturell einen Wachstumszwang, der weder durch politischen Willen noch durch individuelle Entscheidungen aufgehoben werden kann, solange das Geldsystem selbst unver\u00e4ndert bleibt.<span class=\"inline-flex\" aria-label=\"Wachstumszwang und Nachhaltigkeit\" data-state=\"closed\">\u200b<\/span><\/p><h2 id=\"13-das-paradoxon-der-letzten-paradiese\" class=\"font-editorial font-bold mb-2 mt-4 [.has-inline-images_&amp;]:clear-end text-base first:mt-0\">1.3 Das Paradoxon der \u201eletzten Paradiese&#8220;<\/h2><p class=\"my-2 [&amp;+p]:mt-4 [&amp;_strong:has(+br)]:inline-block [&amp;_strong:has(+br)]:pb-2\">Die Tourismusforschung beschreibt ein treffendes Paradoxon: Orte, die noch am n\u00e4chsten an einem nat\u00fcrlichen Paradies sind, ziehen die gr\u00f6\u00dften Menschenmassen an \u2013 und werden dabei zerst\u00f6rt. Der Dichter Hans-Magnus Enzensberger formulierte es pr\u00e4zise:\u00a0<em>\u201eDer Tourist zerst\u00f6rt, was er sucht, indem er es findet.&#8220;<\/em><span class=\"inline-flex\" aria-label=\"Overtourism: Die Schattenseiten des Tourismus\" data-state=\"closed\">\u200b<\/span><\/p><p class=\"my-2 [&amp;+p]:mt-4 [&amp;_strong:has(+br)]:inline-block [&amp;_strong:has(+br)]:pb-2\">Auf den Philippinen wurde Boracay, einst ein Traumstrand, durch unkontrollierten Tourismus so weit kontaminiert, dass die Regierung die Insel 2018 komplett sperren musste. Die Maya Bay in Thailand \u2013 durch den Film\u00a0<em>The Beach<\/em> weltber\u00fchmt \u2013 musste wegen Korallensterben durch \u00dcbertourismus f\u00fcr Jahre geschlossen werden.<span class=\"inline-flex\" aria-label=\"Overtourism und seine Folgen - wenn Tourismus schadet\" data-state=\"closed\">\u200b<\/span><\/p><hr class=\"bg-quiet h-px border-0\" \/><h2 id=\"2-das-sehnsuchtsbild-warum-reisen-die-menschen\" class=\"font-editorial font-bold mb-2 mt-4 [.has-inline-images_&amp;]:clear-end text-lg first:mt-0 md:text-lg [hr+&amp;]:mt-4\">2. Das Sehnsuchtsbild: Warum reisen die Menschen?<\/h2><h2 id=\"21-was-menschen-wirklich-suchen\" class=\"font-editorial font-bold mb-2 mt-4 [.has-inline-images_&amp;]:clear-end text-base first:mt-0\">2.1 Was Menschen wirklich suchen<\/h2><p class=\"my-2 [&amp;+p]:mt-4 [&amp;_strong:has(+br)]:inline-block [&amp;_strong:has(+br)]:pb-2\">1,5 Milliarden Menschen reisten 2023 in den Urlaub \u2013 fast so viele wie vor der Corona-Krise. Was suchen sie? Stets dieselben Qualit\u00e4ten:<span class=\"inline-flex\" aria-label=\"Die Folgen des Massentourismus f\u00fcr Mensch und Umwelt | Transformation der Wirtschaft\" data-state=\"closed\">\u200b<\/span><\/p><ul class=\"marker:text-quiet list-disc\"><li class=\"py-0 my-0 prose-p:pt-0 prose-p:mb-2 prose-p:my-0 [&amp;&gt;p]:pt-0 [&amp;&gt;p]:mb-2 [&amp;&gt;p]:my-0\"><p class=\"my-2 [&amp;+p]:mt-4 [&amp;_strong:has(+br)]:inline-block [&amp;_strong:has(+br)]:pb-2\"><strong>Klares, sauberes Wasser<\/strong>\u00a0(Meer, Bergseen, Fl\u00fcsse)<\/p><\/li><li class=\"py-0 my-0 prose-p:pt-0 prose-p:mb-2 prose-p:my-0 [&amp;&gt;p]:pt-0 [&amp;&gt;p]:mb-2 [&amp;&gt;p]:my-0\"><p class=\"my-2 [&amp;+p]:mt-4 [&amp;_strong:has(+br)]:inline-block [&amp;_strong:has(+br)]:pb-2\"><strong>Unber\u00fchrte Natur<\/strong>\u00a0mit intakter Tierwelt<\/p><\/li><li class=\"py-0 my-0 prose-p:pt-0 prose-p:mb-2 prose-p:my-0 [&amp;&gt;p]:pt-0 [&amp;&gt;p]:mb-2 [&amp;&gt;p]:my-0\"><p class=\"my-2 [&amp;+p]:mt-4 [&amp;_strong:has(+br)]:inline-block [&amp;_strong:has(+br)]:pb-2\"><strong>Stille<\/strong>\u00a0\u2013 Abwesenheit von L\u00e4rm, Verkehr, Beton<\/p><\/li><li class=\"py-0 my-0 prose-p:pt-0 prose-p:mb-2 prose-p:my-0 [&amp;&gt;p]:pt-0 [&amp;&gt;p]:mb-2 [&amp;&gt;p]:my-0\"><p class=\"my-2 [&amp;+p]:mt-4 [&amp;_strong:has(+br)]:inline-block [&amp;_strong:has(+br)]:pb-2\"><strong>Saubere Luft<\/strong>\u00a0\u2013 ohne Smog und Abgase<\/p><\/li><li class=\"py-0 my-0 prose-p:pt-0 prose-p:mb-2 prose-p:my-0 [&amp;&gt;p]:pt-0 [&amp;&gt;p]:mb-2 [&amp;&gt;p]:my-0\"><p class=\"my-2 [&amp;+p]:mt-4 [&amp;_strong:has(+br)]:inline-block [&amp;_strong:has(+br)]:pb-2\"><strong>Gemeinschaftliche W\u00e4rme<\/strong>\u00a0\u2013 authentische lokale Kulturen<\/p><\/li><li class=\"py-0 my-0 prose-p:pt-0 prose-p:mb-2 prose-p:my-0 [&amp;&gt;p]:pt-0 [&amp;&gt;p]:mb-2 [&amp;&gt;p]:my-0\"><p class=\"my-2 [&amp;+p]:mt-4 [&amp;_strong:has(+br)]:inline-block [&amp;_strong:has(+br)]:pb-2\"><strong>Entschleunigung<\/strong>\u00a0\u2013 Auszeit vom Leistungsdruck<\/p><\/li><\/ul><p class=\"my-2 [&amp;+p]:mt-4 [&amp;_strong:has(+br)]:inline-block [&amp;_strong:has(+br)]:pb-2\">Diese Sehnsucht ist kein Luxus. Sie ist ein biologisches Signal: Der Mensch ist ein Naturwesen, das in der Natur entstanden ist und auf Natur-Stimuli physiologisch positiv reagiert. Die Biophilia-Hypothese (E.O. Wilson) besagt, dass Menschen eine angeborene emotionale Bindung an andere Lebewesen und nat\u00fcrliche Umgebungen haben.<\/p><h2 id=\"22-die-lockdown-lektion\" class=\"font-editorial font-bold mb-2 mt-4 [.has-inline-images_&amp;]:clear-end text-base first:mt-0\">2.2 Die Lockdown-Lektion<\/h2><p class=\"my-2 [&amp;+p]:mt-4 [&amp;_strong:has(+br)]:inline-block [&amp;_strong:has(+br)]:pb-2\">Die Corona-Lockdowns haben eindrucksvoll best\u00e4tigt, was Wissenschaftler lange ahnten. Als Reisen, Restaurants und kulturelle Gro\u00dfveranstaltungen verboten waren, fanden viele Menschen einen ganz neuen Zugang zur Natur in ihrer unmittelbaren Umgebung. Kochkurse boomten, Kr\u00e4uterg\u00e4rten entstanden, Spazierg\u00e4nge in die Umgebung bescherten bewegende Eindr\u00fccke von Sch\u00f6nheit und Reichtum. Das Potenzial f\u00fcr ein erf\u00fclltes Leben in der Natur vor der eigenen Haust\u00fcr zeigte sich \u2013 aber das alte System erlaubt den Menschen bisher nicht, es dauerhaft zu leben.<span class=\"inline-flex\" aria-label=\"Nur die \u201aNat\u00fcrliche \u00d6konomie des Lebens\u2018 kann Armut besiegen - Gradido\" data-state=\"closed\">\u200b<\/span><\/p><h2 id=\"23-tourismus-als-soziales-problem\" class=\"font-editorial font-bold mb-2 mt-4 [.has-inline-images_&amp;]:clear-end text-base first:mt-0\">2.3 Tourismus als soziales Problem<\/h2><p class=\"my-2 [&amp;+p]:mt-4 [&amp;_strong:has(+br)]:inline-block [&amp;_strong:has(+br)]:pb-2\">Ungef\u00e4hr\u00a0<strong>50% der Arbeitspl\u00e4tze im Tourismus<\/strong>\u00a0sind im informellen Sektor angesiedelt \u2013 gepr\u00e4gt von fehlender sozialer Absicherung und schlechten Arbeitsbedingungen. In Deutschland arbeiten 4,1 Millionen Menschen in der Tourismuswirtschaft, was 9% aller Arbeitnehmer entspricht. Diese Menschen h\u00e4ngen strukturell von einem System ab, das die Welt zerst\u00f6rt, die sie vermarkten \u2013 und das ihnen trotzdem oft nur ein prek\u00e4res Einkommen bietet.<\/p><hr class=\"bg-quiet h-px border-0\" \/><h2 id=\"3-die-kreuzfahrtindustrie-symbol-einer-dysfunktion\" class=\"font-editorial font-bold mb-2 mt-4 [.has-inline-images_&amp;]:clear-end text-lg first:mt-0 md:text-lg [hr+&amp;]:mt-4\">3. Die Kreuzfahrtindustrie: Symbol einer dysfunktionalen \u00d6konomie<\/h2><h2 id=\"31-kologische-katastrophe-auf-dem-wasser\" class=\"font-editorial font-bold mb-2 mt-4 [.has-inline-images_&amp;]:clear-end text-base first:mt-0\">3.1 \u00d6kologische Katastrophe auf dem Wasser<\/h2><p class=\"my-2 [&amp;+p]:mt-4 [&amp;_strong:has(+br)]:inline-block [&amp;_strong:has(+br)]:pb-2\">Kreuzfahrtschiffe sind eines der deutlichsten Symbole des Wachstumszwangs im Tourismus. Laut NABU-Berechnung st\u00f6\u00dft ein\u00a0<strong>Kreuzfahrtschiff pro Tag<\/strong>\u00a0so viel aus wie:<span class=\"inline-flex\" aria-label=\"10 Dinge, die du \u00fcber Kreuzfahrten wissen solltest\" data-state=\"closed\">\u200b<\/span><\/p><ul class=\"marker:text-quiet list-disc\"><li class=\"py-0 my-0 prose-p:pt-0 prose-p:mb-2 prose-p:my-0 [&amp;&gt;p]:pt-0 [&amp;&gt;p]:mb-2 [&amp;&gt;p]:my-0\"><p class=\"my-2 [&amp;+p]:mt-4 [&amp;_strong:has(+br)]:inline-block [&amp;_strong:has(+br)]:pb-2\"><strong>84.000 Autos<\/strong>\u00a0an CO\u2082<\/p><\/li><li class=\"py-0 my-0 prose-p:pt-0 prose-p:mb-2 prose-p:my-0 [&amp;&gt;p]:pt-0 [&amp;&gt;p]:mb-2 [&amp;&gt;p]:my-0\"><p class=\"my-2 [&amp;+p]:mt-4 [&amp;_strong:has(+br)]:inline-block [&amp;_strong:has(+br)]:pb-2\"><strong>421.000 Autos<\/strong>\u00a0an Stickoxiden<\/p><\/li><li class=\"py-0 my-0 prose-p:pt-0 prose-p:mb-2 prose-p:my-0 [&amp;&gt;p]:pt-0 [&amp;&gt;p]:mb-2 [&amp;&gt;p]:my-0\"><p class=\"my-2 [&amp;+p]:mt-4 [&amp;_strong:has(+br)]:inline-block [&amp;_strong:has(+br)]:pb-2\"><strong>1.000.000+ Autos<\/strong>\u00a0an Feinstaub<\/p><\/li><li class=\"py-0 my-0 prose-p:pt-0 prose-p:mb-2 prose-p:my-0 [&amp;&gt;p]:pt-0 [&amp;&gt;p]:mb-2 [&amp;&gt;p]:my-0\"><p class=\"my-2 [&amp;+p]:mt-4 [&amp;_strong:has(+br)]:inline-block [&amp;_strong:has(+br)]:pb-2\"><strong>376.000.000 Autos<\/strong>\u00a0an Schwefeldioxid<\/p><\/li><\/ul><p class=\"my-2 [&amp;+p]:mt-4 [&amp;_strong:has(+br)]:inline-block [&amp;_strong:has(+br)]:pb-2\">Bei der Verbrennung von Schwer\u00f6l entstehen pro Tag und Schiff\u00a0<strong>5 Tonnen Schwefeldioxid<\/strong>, was zu saurem Regen f\u00fchrt. Giftige Schiffsemissionen sind laut Weltgesundheitsorganisation f\u00fcr bis zu\u00a0<strong>50.000 vorzeitige Todesf\u00e4lle<\/strong>\u00a0in Europa j\u00e4hrlich verantwortlich.<\/p><p class=\"my-2 [&amp;+p]:mt-4 [&amp;_strong:has(+br)]:inline-block [&amp;_strong:has(+br)]:pb-2\">Wer eine Woche auf einem Kreuzfahrtschiff verbringt, verursacht so viel CO\u2082, wie wenn er\u00a0<strong>9.000 km mit dem PKW<\/strong>\u00a0fahren w\u00fcrde. Eine 7-t\u00e4gige Mittelmeerkreuzfahrt erzeugt pro Person rund\u00a0<strong>1,9 Tonnen CO\u2082-\u00c4quivalente<\/strong>.<\/p><h2 id=\"32-abwasser-und-mll\" class=\"font-editorial font-bold mb-2 mt-4 [.has-inline-images_&amp;]:clear-end text-base first:mt-0\">3.2 Abwasser und M\u00fcll<\/h2><p class=\"my-2 [&amp;+p]:mt-4 [&amp;_strong:has(+br)]:inline-block [&amp;_strong:has(+br)]:pb-2\">Abwasser und Grauwasser von Kreuzfahrtschiffen werden oft direkt ins Meer geleitet. Bei 4.000 bis 6.000 Passagieren pro Schiff entstehen M\u00fcllmengen, die entweder auf See verbrannt oder im n\u00e4chsten Hafen entsorgt werden m\u00fcssen. Die Ru\u00dfpartikel werden bis in die Arktis geweht, lagern sich auf dem Eis ab und beschleunigen dessen Schmelzen.<\/p><p class=\"my-2 [&amp;+p]:mt-4 [&amp;_strong:has(+br)]:inline-block [&amp;_strong:has(+br)]:pb-2\">Zwar haben neue IMO\u2011Vorschriften und regionale Sondergebiete die Umweltauflagen f\u00fcr Kreuzfahrtschiffe deutlich versch\u00e4rft: Der globale Schwefelgrenzwert im Treibstoff wurde von 3,5 auf 0,5 Prozent gesenkt, in Nord\u2011 und Ostsee gilt sogar 0,1 Prozent, was die Schwefeldioxid\u2011Emissionen der weltweiten Schifffahrt um rund 77\u201380 Prozent reduziert und die Luftqualit\u00e4t in K\u00fcstenregionen messbar verbessert. Zudem verbieten MARPOL\u2011Regeln und Sondergebiete wie die Ostsee die Einleitung unbehandelter Abw\u00e4sser, verpflichten Kreuzfahrtschiffe zu Bordkl\u00e4ranlagen oder zur Abgabe des Abwassers an Hafenanlagen und schreiben ein strenges M\u00fcllmanagement mit Garbage Record Book f\u00fcr alle gr\u00f6\u00dferen Passagierschiffe vor.<\/p><p class=\"my-2 [&amp;+p]:mt-4 [&amp;_strong:has(+br)]:inline-block [&amp;_strong:has(+br)]:pb-2\">Aber diese technischen Fortschritte \u00e4ndern nichts daran, dass der Energie\u2011 und Ressourcenverbrauch der Kreuzfahrtbranche insgesamt weiter steigt, weil immer gr\u00f6\u00dfere Schiffe mit immer mehr Passagieren unterwegs sind und die Zahl der Kreuzfahrtg\u00e4ste laut Branchenprognosen \u00fcber das Vorkrisenniveau hinaus weiter w\u00e4chst. Damit nimmt die Umweltbelastung (CO\u2082\u2011Aussto\u00df, Treibstoffverbrauch, Bau neuer Megaschiffe) trotz saubererer Abgase und strengerer Abwasser\u2011 und M\u00fcllregeln in der Summe eher zu als ab.<\/p><h2 id=\"33-warum-wchst-die-kreuzfahrtindustrie-trotzdem\" class=\"font-editorial font-bold mb-2 mt-4 [.has-inline-images_&amp;]:clear-end text-base first:mt-0\">3.3 Warum w\u00e4chst die Kreuzfahrtindustrie?<\/h2><p class=\"my-2 [&amp;+p]:mt-4 [&amp;_strong:has(+br)]:inline-block [&amp;_strong:has(+br)]:pb-2\">Die Kreuzfahrtbranche w\u00e4chst nicht trotz, sondern wegen des Schuldgeldsystems: Reedereien m\u00fcssen Rendite auf ihr investiertes Kapital erwirtschaften. Das funktioniert durch Skalierung \u2013 immer gr\u00f6\u00dfere Schiffe, immer mehr Passagiere. Der strukturelle Wachstumszwang des Zinssystems treibt die Industrie in eine Richtung, die \u00f6kologisch destruktiv, aber \u00f6konomisch im alten System \u201erational&#8220; ist.<\/p><hr class=\"bg-quiet h-px border-0\" \/><h2 id=\"4-overtourism-wenn-paradiese-unter-dem-ansturm-kol\" class=\"font-editorial font-bold mb-2 mt-4 [.has-inline-images_&amp;]:clear-end text-lg first:mt-0 md:text-lg [hr+&amp;]:mt-4\">4. \u00dcbertourismus: Wenn Paradiese unter dem Ansturm kollabieren<\/h2><h2 id=\"41-globales-phnomen\" class=\"font-editorial font-bold mb-2 mt-4 [.has-inline-images_&amp;]:clear-end text-base first:mt-0\">4.1 Globales Ph\u00e4nomen<\/h2><p class=\"my-2 [&amp;+p]:mt-4 [&amp;_strong:has(+br)]:inline-block [&amp;_strong:has(+br)]:pb-2\">Der Tourismus verursacht\u00a0<strong>8 bis 11% der weltweiten CO\u2082-Emissionen<\/strong>\u00a0\u2013 der Gro\u00dfteil entf\u00e4llt auf An- und Abreise. Beliebte Reiseziele wie Mallorca, Venedig und Canc\u00fan brechen fast zusammen unter den Menschenmassen:<span class=\"inline-flex\" aria-label=\"Overtourism: Die Schattenseiten des Tourismus\" data-state=\"closed\">\u200b<\/span><span class=\"inline-flex\" aria-label=\"Die Folgen des Massentourismus f\u00fcr Mensch und Umwelt | Transformation der Wirtschaft\" data-state=\"closed\">\u200b<\/span><\/p><ul class=\"marker:text-quiet list-disc\"><li class=\"py-0 my-0 prose-p:pt-0 prose-p:mb-2 prose-p:my-0 [&amp;&gt;p]:pt-0 [&amp;&gt;p]:mb-2 [&amp;&gt;p]:my-0\"><p class=\"my-2 [&amp;+p]:mt-4 [&amp;_strong:has(+br)]:inline-block [&amp;_strong:has(+br)]:pb-2\"><strong>M\u00fcllberge<\/strong>\u00a0an Str\u00e4nden und in Naturschutzgebieten<\/p><\/li><li class=\"py-0 my-0 prose-p:pt-0 prose-p:mb-2 prose-p:my-0 [&amp;&gt;p]:pt-0 [&amp;&gt;p]:mb-2 [&amp;&gt;p]:my-0\"><p class=\"my-2 [&amp;+p]:mt-4 [&amp;_strong:has(+br)]:inline-block [&amp;_strong:has(+br)]:pb-2\"><strong>Verdr\u00e4ngung<\/strong>\u00a0der einheimischen Bev\u00f6lkerung durch steigende Mietpreise<\/p><\/li><li class=\"py-0 my-0 prose-p:pt-0 prose-p:mb-2 prose-p:my-0 [&amp;&gt;p]:pt-0 [&amp;&gt;p]:mb-2 [&amp;&gt;p]:my-0\"><p class=\"my-2 [&amp;+p]:mt-4 [&amp;_strong:has(+br)]:inline-block [&amp;_strong:has(+br)]:pb-2\"><strong>Wasserverschmutzung<\/strong>\u00a0durch direkt eingeleitetes Hotelabwasser<\/p><\/li><li class=\"py-0 my-0 prose-p:pt-0 prose-p:mb-2 prose-p:my-0 [&amp;&gt;p]:pt-0 [&amp;&gt;p]:mb-2 [&amp;&gt;p]:my-0\"><p class=\"my-2 [&amp;+p]:mt-4 [&amp;_strong:has(+br)]:inline-block [&amp;_strong:has(+br)]:pb-2\"><strong>Naturzerst\u00f6rung<\/strong>\u00a0durch Trampeln, Bootsmotoren und Abgase<\/p><\/li><\/ul><p class=\"my-2 [&amp;+p]:mt-4 [&amp;_strong:has(+br)]:inline-block [&amp;_strong:has(+br)]:pb-2\">Der Himalaya gilt als die\u00a0<strong>\u201eh\u00f6chste M\u00fcllkippe der Welt&#8220;<\/strong>\u00a0\u2013 mit verlassenen Zelten, Bierdosen und Sauerstoffflaschen, obwohl f\u00fcr die Everest-Besteigung allein 4.000 Dollar M\u00fcllpfand f\u00e4llig sind.<span class=\"inline-flex\" aria-label=\"Overtourism: Die Schattenseiten des Tourismus\" data-state=\"closed\">\u200b<\/span><\/p><h2 id=\"42-armuts-paradoxon-das-paradies-gehrt-seinen-bewo\" class=\"font-editorial font-bold mb-2 mt-4 [.has-inline-images_&amp;]:clear-end text-base first:mt-0\">4.2 Armuts-Paradoxon: Das Paradies geh\u00f6rt seinen Bewohnern nicht<\/h2><p class=\"my-2 [&amp;+p]:mt-4 [&amp;_strong:has(+br)]:inline-block [&amp;_strong:has(+br)]:pb-2\">Besonders bitter: In vielen der verbliebenen Naturparadiese sind die einheimischen Bewohner arm. Auf den Malediven leben 93% der Armen in den Atollen \u2013 den touristischen Paradiesen \u2013, nicht in der Hauptstadt. Die Tourismus-Monokultur zieht Devisen ins Land, aber Expats und internationale Konzerne profitieren, w\u00e4hrend die Einheimischen im Dienst stehen.<span class=\"inline-flex\" aria-label=\"Energiewende und Transformation\" data-state=\"closed\">\u200b<\/span><\/p><p class=\"my-2 [&amp;+p]:mt-4 [&amp;_strong:has(+br)]:inline-block [&amp;_strong:has(+br)]:pb-2\">Gradido nennt dies treffend das\u00a0<strong>Armuts-Paradoxon<\/strong>: \u201eDie Menschen leben im \u00dcberfluss der Natur, aber im Mangel des Geldsystems.&#8220;<span class=\"inline-flex\" aria-label=\"Energiewende und Transformation\" data-state=\"closed\">\u200b<\/span><\/p><hr class=\"bg-quiet h-px border-0\" \/><h2 id=\"5-wie-gradido-die-erde-rckverwandelt\" class=\"font-editorial font-bold mb-2 mt-4 [.has-inline-images_&amp;]:clear-end text-lg first:mt-0 md:text-lg [hr+&amp;]:mt-4\">5. Wie Gradido die Erde r\u00fcckverwandelt<\/h2><h2 id=\"51-das-paradies-prinzip-naturnahe-lebensweise-brau\" class=\"font-editorial font-bold mb-2 mt-4 [.has-inline-images_&amp;]:clear-end text-base first:mt-0\">5.1 Das Paradies-Prinzip: Naturnahe Lebensweise braucht wenig Energie<\/h2><p class=\"my-2 [&amp;+p]:mt-4 [&amp;_strong:has(+br)]:inline-block [&amp;_strong:has(+br)]:pb-2\">Wissenschaftliche Daten belegen: Menschen in naturnahen Lebensweisen und \u201eparadiesischen&#8220; Umgebungen verbrauchen drastisch weniger Energie bei hoher Lebensqualit\u00e4t:<span class=\"inline-flex\" aria-label=\"Energiewende und Transformation\" data-state=\"closed\">\u200b<\/span><\/p><div class=\"group relative my-[1em]\"><div class=\"sticky top-0 z-10 h-0\" aria-hidden=\"true\"><div class=\"w-full overflow-hidden bg-raised border-x md:max-w-[90vw] border-subtlest ring-subtlest divide-subtlest\">\u00a0<\/div><\/div><div class=\"w-full overflow-auto scrollbar-subtle rounded-lg border md:max-w-[90vw] border-subtlest ring-subtlest divide-subtlest bg-raised\"><table class=\"[&amp;_tr:last-child_td]:border-b-0 my-0 w-full table-auto border-separate border-spacing-0 text-sm font-sans rounded-lg [&amp;_tr:last-child_td:first-child]:rounded-bl-lg [&amp;_tr:last-child_td:last-child]:rounded-br-lg\"><thead class=\"\"><tr><th class=\"border-subtlest p-sm min-w-[48px] break-normal border-b text-left align-bottom border-r last:border-r-0 font-bold bg-subtle first:border-radius-tl-lg last:border-radius-tr-lg\">Lebensweise<\/th><th class=\"border-subtlest p-sm min-w-[48px] break-normal border-b text-left align-bottom border-r last:border-r-0 font-bold bg-subtle first:border-radius-tl-lg last:border-radius-tr-lg\">Energieverbrauch pro Kopf\/Jahr<\/th><th class=\"border-subtlest p-sm min-w-[48px] break-normal border-b text-left align-bottom border-r last:border-r-0 font-bold bg-subtle first:border-radius-tl-lg last:border-radius-tr-lg\">im Vergleich<\/th><\/tr><\/thead><tbody><tr><td class=\"border-subtlest px-sm min-w-[48px] break-normal border-b border-r last:border-r-0\">Durchschnittlicher Amerikaner<\/td><td class=\"border-subtlest px-sm min-w-[48px] break-normal border-b border-r last:border-r-0\">~300 GJ<\/td><td class=\"border-subtlest px-sm min-w-[48px] break-normal border-b border-r last:border-r-0\">Referenz<\/td><\/tr><tr><td class=\"border-subtlest px-sm min-w-[48px] break-normal border-b border-r last:border-r-0\">Durchschnittlicher Deutscher<\/td><td class=\"border-subtlest px-sm min-w-[48px] break-normal border-b border-r last:border-r-0\">~150 GJ<\/td><td class=\"border-subtlest px-sm min-w-[48px] break-normal border-b border-r last:border-r-0\">-50%<\/td><\/tr><tr><td class=\"border-subtlest px-sm min-w-[48px] break-normal border-b border-r last:border-r-0\">Naturnahe Gemeinschaften<\/td><td class=\"border-subtlest px-sm min-w-[48px] break-normal border-b border-r last:border-r-0\">~20\u201340 GJ<\/td><td class=\"border-subtlest px-sm min-w-[48px] break-normal border-b border-r last:border-r-0\">-75\u201390%<\/td><\/tr><\/tbody><\/table><\/div><\/div><p class=\"my-2 [&amp;+p]:mt-4 [&amp;_strong:has(+br)]:inline-block [&amp;_strong:has(+br)]:pb-2\">Das bedeutet: Das Paradies verbraucht <strong>deutlich weniger Energie<\/strong> als unsere aktuelle Lebensweise.<\/p><h2 id=\"52-gradido-eliminiert-den-wachstumszwang\" class=\"font-editorial font-bold mb-2 mt-4 [.has-inline-images_&amp;]:clear-end text-base first:mt-0\">5.2 Gradido eliminiert den Wachstumszwang<\/h2><p class=\"my-2 [&amp;+p]:mt-4 [&amp;_strong:has(+br)]:inline-block [&amp;_strong:has(+br)]:pb-2\">Das Gradido-Modell l\u00f6st die Wurzel des Problems: Durch schuldfreie Geldsch\u00f6pfung nach dem Dreifachen Wohl entsteht kein Wachstumszwang mehr. Die Wirtschaft muss nicht mehr um jeden Preis expandieren. Das bedeutet konkret:<\/p><ul class=\"marker:text-quiet list-disc\"><li class=\"py-0 my-0 prose-p:pt-0 prose-p:mb-2 prose-p:my-0 [&amp;&gt;p]:pt-0 [&amp;&gt;p]:mb-2 [&amp;&gt;p]:my-0\"><p class=\"my-2 [&amp;+p]:mt-4 [&amp;_strong:has(+br)]:inline-block [&amp;_strong:has(+br)]:pb-2\">Kreisl\u00e4ufe werden zur Norm (Kreislaufwirtschaft)<\/p><\/li><li class=\"py-0 my-0 prose-p:pt-0 prose-p:mb-2 prose-p:my-0 [&amp;&gt;p]:pt-0 [&amp;&gt;p]:mb-2 [&amp;&gt;p]:my-0\"><p class=\"my-2 [&amp;+p]:mt-4 [&amp;_strong:has(+br)]:inline-block [&amp;_strong:has(+br)]:pb-2\">Reparieren und Langlebigkeit werden rentabler als Neuproduktion<\/p><\/li><li class=\"py-0 my-0 prose-p:pt-0 prose-p:mb-2 prose-p:my-0 [&amp;&gt;p]:pt-0 [&amp;&gt;p]:mb-2 [&amp;&gt;p]:my-0\"><p class=\"my-2 [&amp;+p]:mt-4 [&amp;_strong:has(+br)]:inline-block [&amp;_strong:has(+br)]:pb-2\">\u00dcberproduktion f\u00fcr M\u00e4rkte, die niemand braucht, h\u00f6rt auf<\/p><\/li><li class=\"py-0 my-0 prose-p:pt-0 prose-p:mb-2 prose-p:my-0 [&amp;&gt;p]:pt-0 [&amp;&gt;p]:mb-2 [&amp;&gt;p]:my-0\"><p class=\"my-2 [&amp;+p]:mt-4 [&amp;_strong:has(+br)]:inline-block [&amp;_strong:has(+br)]:pb-2\">Die Werbeindustrie (heute 700 Milliarden USD global) schrumpft auf ein nat\u00fcrliches Ma\u00df<span class=\"inline-flex\" aria-label=\"Energiewende und Transformation\" data-state=\"closed\">\u200b<\/span><\/p><\/li><\/ul><h2 id=\"53-der-ausgleichs--und-umweltfonds-als-sanierungsm\" class=\"font-editorial font-bold mb-2 mt-4 [.has-inline-images_&amp;]:clear-end text-base first:mt-0\">5.3 Der Ausgleichs- und Umweltfonds als Sanierungsmotor<\/h2><p class=\"my-2 [&amp;+p]:mt-4 [&amp;_strong:has(+br)]:inline-block [&amp;_strong:has(+br)]:pb-2\">F\u00fcr jeden der derzeit 8 Milliarden Menschen werden im Gradido-System monatlich 1.000 GDD f\u00fcr den Ausgleichs- und Umweltfonds gesch\u00f6pft \u2013 das sind <strong>96 Billionen GDD j\u00e4hrlich<\/strong>\u00a0f\u00fcr Umweltprojekte, schuldenfrei, permanent und proportional zur Weltbev\u00f6lkerung. Der AUF finanziert:<\/p><ul class=\"marker:text-quiet list-disc\"><li class=\"py-0 my-0 prose-p:pt-0 prose-p:mb-2 prose-p:my-0 [&amp;&gt;p]:pt-0 [&amp;&gt;p]:mb-2 [&amp;&gt;p]:my-0\"><p class=\"my-2 [&amp;+p]:mt-4 [&amp;_strong:has(+br)]:inline-block [&amp;_strong:has(+br)]:pb-2\"><strong>Altlastensanierung<\/strong>: Tausende industriell verseuchter Gebiete<\/p><\/li><li class=\"py-0 my-0 prose-p:pt-0 prose-p:mb-2 prose-p:my-0 [&amp;&gt;p]:pt-0 [&amp;&gt;p]:mb-2 [&amp;&gt;p]:my-0\"><p class=\"my-2 [&amp;+p]:mt-4 [&amp;_strong:has(+br)]:inline-block [&amp;_strong:has(+br)]:pb-2\"><strong>Aufforstung und Renaturierung<\/strong>: Fl\u00e4chendeckend, nicht als Einzelprojekte<\/p><\/li><li class=\"py-0 my-0 prose-p:pt-0 prose-p:mb-2 prose-p:my-0 [&amp;&gt;p]:pt-0 [&amp;&gt;p]:mb-2 [&amp;&gt;p]:my-0\"><p class=\"my-2 [&amp;+p]:mt-4 [&amp;_strong:has(+br)]:inline-block [&amp;_strong:has(+br)]:pb-2\"><strong>Permakultur-Umstellung<\/strong>: Landwirtschaft von energiefressend zu regenerativ<\/p><\/li><li class=\"py-0 my-0 prose-p:pt-0 prose-p:mb-2 prose-p:my-0 [&amp;&gt;p]:pt-0 [&amp;&gt;p]:mb-2 [&amp;&gt;p]:my-0\"><p class=\"my-2 [&amp;+p]:mt-4 [&amp;_strong:has(+br)]:inline-block [&amp;_strong:has(+br)]:pb-2\"><strong>Gew\u00e4ssersanierung<\/strong>: Fl\u00fcsse, Seen, K\u00fcstengew\u00e4sser und Korallenriffe<\/p><\/li><li class=\"py-0 my-0 prose-p:pt-0 prose-p:mb-2 prose-p:my-0 [&amp;&gt;p]:pt-0 [&amp;&gt;p]:mb-2 [&amp;&gt;p]:my-0\"><p class=\"my-2 [&amp;+p]:mt-4 [&amp;_strong:has(+br)]:inline-block [&amp;_strong:has(+br)]:pb-2\"><strong>Bodenregeneration<\/strong>: Degradierte B\u00f6den zur\u00fcck in fruchtbares Land<\/p><\/li><\/ul><p class=\"my-2 [&amp;+p]:mt-4 [&amp;_strong:has(+br)]:inline-block [&amp;_strong:has(+br)]:pb-2\">Dieser Fonds steht in keinerlei Konkurrenz zu anderen Staatsausgaben \u2013 er wird zus\u00e4tzlich zu Grundeinkommen und Staatshaushalt gesch\u00f6pft. Das ist strukturell unm\u00f6glich im alten System, wo Umweltschutz stets gegen R\u00fcstung, Infrastruktur oder Sozialtransfers konkurriert.<span class=\"inline-flex\" aria-label=\"Natur- und Umweltschutz mit Erfolgssystem - Gradido\" data-state=\"closed\">\u200b<\/span><\/p><hr class=\"bg-quiet h-px border-0\" \/><h2 id=\"6-permakultur-gleiche-ertrge-6080-weniger-energie\" class=\"font-editorial font-bold mb-2 mt-4 [.has-inline-images_&amp;]:clear-end text-lg first:mt-0 md:text-lg [hr+&amp;]:mt-4\">6. Permakultur: Gleiche Ertr\u00e4ge, 60\u201380% weniger Energie<\/h2><h2 id=\"61-der-wissenschaftliche-durchbruch-2025\" class=\"font-editorial font-bold mb-2 mt-4 [.has-inline-images_&amp;]:clear-end text-base first:mt-0\">6.1 Der wissenschaftliche Durchbruch 2025<\/h2><p class=\"my-2 [&amp;+p]:mt-4 [&amp;_strong:has(+br)]:inline-block [&amp;_strong:has(+br)]:pb-2\">Eine wegweisende deutsche Permakultur-Studie (2025, 11 Betriebe in Zentraleuropa) hat empirisch nachgewiesen:<span class=\"inline-flex\" aria-label=\"Energiewende und Transformation\" data-state=\"closed\">\u200b<\/span><\/p><ul class=\"marker:text-quiet list-disc\"><li class=\"py-0 my-0 prose-p:pt-0 prose-p:mb-2 prose-p:my-0 [&amp;&gt;p]:pt-0 [&amp;&gt;p]:mb-2 [&amp;&gt;p]:my-0\"><p class=\"my-2 [&amp;+p]:mt-4 [&amp;_strong:has(+br)]:inline-block [&amp;_strong:has(+br)]:pb-2\"><strong>Vergleichbare Produktivit\u00e4t<\/strong>\u00a0mit konventioneller Landwirtschaft (Land Equivalent Ratio = 0,80, nicht signifikant unterschiedlich)<\/p><\/li><li class=\"py-0 my-0 prose-p:pt-0 prose-p:mb-2 prose-p:my-0 [&amp;&gt;p]:pt-0 [&amp;&gt;p]:mb-2 [&amp;&gt;p]:my-0\"><p class=\"my-2 [&amp;+p]:mt-4 [&amp;_strong:has(+br)]:inline-block [&amp;_strong:has(+br)]:pb-2\"><strong>44% h\u00f6here Produktivit\u00e4t<\/strong>\u00a0als biologische Landwirtschaft (Trend)<\/p><\/li><li class=\"py-0 my-0 prose-p:pt-0 prose-p:mb-2 prose-p:my-0 [&amp;&gt;p]:pt-0 [&amp;&gt;p]:mb-2 [&amp;&gt;p]:my-0\"><p class=\"my-2 [&amp;+p]:mt-4 [&amp;_strong:has(+br)]:inline-block [&amp;_strong:has(+br)]:pb-2\"><strong>60\u201380% weniger Energieeinsatz<\/strong>\u00a0durch Wegfall von synthetischen D\u00fcngemitteln, Pestiziden, Schwermaschineneinsatz und energieintensiven Bew\u00e4sserungssystemen<\/p><\/li><\/ul><p class=\"my-2 [&amp;+p]:mt-4 [&amp;_strong:has(+br)]:inline-block [&amp;_strong:has(+br)]:pb-2\">Konventionelle Landwirtschaft in der EU verbraucht 1.431 Petajoule j\u00e4hrlich \u2013 das entspricht 3,7% des gesamten EU-Energieverbrauchs. Permakultur k\u00f6nnte diesen Wert auf 290\u2013580 Petajoule senken.<span class=\"inline-flex\" aria-label=\"Energiewende und Transformation\" data-state=\"closed\">\u200b<\/span><\/p><h2 id=\"62-kologische-mehrwerte-der-permakultur\" class=\"font-editorial font-bold mb-2 mt-4 [.has-inline-images_&amp;]:clear-end text-base first:mt-0\">6.2 \u00d6kologische Mehrwerte der Permakultur<\/h2><p class=\"my-2 [&amp;+p]:mt-4 [&amp;_strong:has(+br)]:inline-block [&amp;_strong:has(+br)]:pb-2\">Permakultur schafft nicht nur Nahrung \u2013 sie regeneriert das \u00f6kologische Fundament:<span class=\"inline-flex\" aria-label=\"Energiewende und Transformation\" data-state=\"closed\">\u200b<\/span><\/p><ul class=\"marker:text-quiet list-disc\"><li class=\"py-0 my-0 prose-p:pt-0 prose-p:mb-2 prose-p:my-0 [&amp;&gt;p]:pt-0 [&amp;&gt;p]:mb-2 [&amp;&gt;p]:my-0\"><p class=\"my-2 [&amp;+p]:mt-4 [&amp;_strong:has(+br)]:inline-block [&amp;_strong:has(+br)]:pb-2\"><strong>10\u201340-mal mehr Kohlenstoffspeicherung<\/strong>\u00a0als konventionelle Landwirtschaft<\/p><\/li><li class=\"py-0 my-0 prose-p:pt-0 prose-p:mb-2 prose-p:my-0 [&amp;&gt;p]:pt-0 [&amp;&gt;p]:mb-2 [&amp;&gt;p]:my-0\"><p class=\"my-2 [&amp;+p]:mt-4 [&amp;_strong:has(+br)]:inline-block [&amp;_strong:has(+br)]:pb-2\"><strong>20\u201340% bessere Wasserspeicherung<\/strong>\u00a0im Boden<\/p><\/li><li class=\"py-0 my-0 prose-p:pt-0 prose-p:mb-2 prose-p:my-0 [&amp;&gt;p]:pt-0 [&amp;&gt;p]:mb-2 [&amp;&gt;p]:my-0\"><p class=\"my-2 [&amp;+p]:mt-4 [&amp;_strong:has(+br)]:inline-block [&amp;_strong:has(+br)]:pb-2\">Dramatischer Anstieg der\u00a0<strong>Artenvielfalt<\/strong><\/p><\/li><li class=\"py-0 my-0 prose-p:pt-0 prose-p:mb-2 prose-p:my-0 [&amp;&gt;p]:pt-0 [&amp;&gt;p]:mb-2 [&amp;&gt;p]:my-0\"><p class=\"my-2 [&amp;+p]:mt-4 [&amp;_strong:has(+br)]:inline-block [&amp;_strong:has(+br)]:pb-2\">Bessere\u00a0<strong>D\u00fcrretoleranz<\/strong>\u00a0und Resilienz<\/p><\/li><li class=\"py-0 my-0 prose-p:pt-0 prose-p:mb-2 prose-p:my-0 [&amp;&gt;p]:pt-0 [&amp;&gt;p]:mb-2 [&amp;&gt;p]:my-0\"><p class=\"my-2 [&amp;+p]:mt-4 [&amp;_strong:has(+br)]:inline-block [&amp;_strong:has(+br)]:pb-2\">Humusaufbau wie nat\u00fcrliches Gr\u00fcnland<\/p><\/li><\/ul><h2 id=\"63-von-der-wste-zum-garten-konkrete-beispiele\" class=\"font-editorial font-bold mb-2 mt-4 [.has-inline-images_&amp;]:clear-end text-base first:mt-0\">6.3 Von der W\u00fcste zum Garten: Konkrete Beispiele<\/h2><p class=\"my-2 [&amp;+p]:mt-4 [&amp;_strong:has(+br)]:inline-block [&amp;_strong:has(+br)]:pb-2\">Gradidos Vision der \u201eessbaren Stadt&#8220; nach dem Vorbild Andernachs zeigt, wie Permakultur in st\u00e4dtischen R\u00e4umen integriert werden kann. Bernd H\u00fcckst\u00e4dt beschreibt das Modell der \u201eLieblingsstadt&#8220;: lokal erzeugte Lebensmittel in biologischer Qualit\u00e4t, Lebensmittel-Autarkie als Gemeinschaftsprojekt, die Kooperation zwischen Landwirten, G\u00e4rtnern und B\u00fcrgern. Wenn jede Stadt ihr eigenes Nahrungsnetz entwickelt, brauchen die Menschen nicht mehr weit zu reisen, um frische Qualit\u00e4tsprodukte zu bekommen \u2013 und die Erde um sie herum verwandelt sich in einen Garten.<span class=\"inline-flex\" aria-label=\"Lieblingsstadt 11 \u2013 Gro\u00dfe Kooperation f\u00fcr Autarkie - Gradido\" data-state=\"closed\">\u200b<\/span><\/p><hr class=\"bg-quiet h-px border-0\" \/><h2 id=\"7-das-ende-des-flucht-tourismus-wenn-das-paradies\" class=\"font-editorial font-bold mb-2 mt-4 [.has-inline-images_&amp;]:clear-end text-lg first:mt-0 md:text-lg [hr+&amp;]:mt-4\">7. Das Ende des Flucht-Tourismus: Wenn das Paradies vor der Haust\u00fcr liegt<\/h2><h2 id=\"71-der-unterschied-zwischen-flucht-und-freude\" class=\"font-editorial font-bold mb-2 mt-4 [.has-inline-images_&amp;]:clear-end text-base first:mt-0\">7.1 Der Unterschied zwischen Flucht und Freude<\/h2><p class=\"my-2 [&amp;+p]:mt-4 [&amp;_strong:has(+br)]:inline-block [&amp;_strong:has(+br)]:pb-2\">Gegenw\u00e4rtiger Massentourismus ist zu einem erheblichen Teil\u00a0<strong>Flucht-Tourismus<\/strong>: Menschen fl\u00fcchten aus grauen, belastenden, von L\u00e4rm und Abgasen gepr\u00e4gten Alltagswelten in die verbliebenen nat\u00fcrlichen Oasen. Sie k\u00f6nnen sich Sch\u00f6nheit nur f\u00fcr zwei Wochen im Jahr leisten \u2013 den Rest des Jahres m\u00fcssen sie in der Dystopie leben.<\/p><p class=\"my-2 [&amp;+p]:mt-4 [&amp;_strong:has(+br)]:inline-block [&amp;_strong:has(+br)]:pb-2\">Mit Gradido kehrt sich dieses Muster um:<\/p><ul class=\"marker:text-quiet list-disc\"><li class=\"py-0 my-0 prose-p:pt-0 prose-p:mb-2 prose-p:my-0 [&amp;&gt;p]:pt-0 [&amp;&gt;p]:mb-2 [&amp;&gt;p]:my-0\"><p class=\"my-2 [&amp;+p]:mt-4 [&amp;_strong:has(+br)]:inline-block [&amp;_strong:has(+br)]:pb-2\">Die\u00a0<strong>Alltagsumgebung<\/strong>\u00a0wird durch den AUF und durch Permakultur schrittweise zur Naturlandschaft<\/p><\/li><li class=\"py-0 my-0 prose-p:pt-0 prose-p:mb-2 prose-p:my-0 [&amp;&gt;p]:pt-0 [&amp;&gt;p]:mb-2 [&amp;&gt;p]:my-0\"><p class=\"my-2 [&amp;+p]:mt-4 [&amp;_strong:has(+br)]:inline-block [&amp;_strong:has(+br)]:pb-2\"><strong>Existenzangst<\/strong>\u00a0entf\u00e4llt durch das Aktive Grundeinkommen \u2013 Menschen brauchen nicht mehr Urlaub, um sich vom \u00dcberlebensstress zu erholen<\/p><\/li><li class=\"py-0 my-0 prose-p:pt-0 prose-p:mb-2 prose-p:my-0 [&amp;&gt;p]:pt-0 [&amp;&gt;p]:mb-2 [&amp;&gt;p]:my-0\"><p class=\"my-2 [&amp;+p]:mt-4 [&amp;_strong:has(+br)]:inline-block [&amp;_strong:has(+br)]:pb-2\"><strong>Bullshit Jobs<\/strong>\u00a0verschwinden \u2013 niemand braucht mehr einen sinnlosen B\u00fcrojob, aus dem er nur im Urlaub entfliehen kann<\/p><\/li><li class=\"py-0 my-0 prose-p:pt-0 prose-p:mb-2 prose-p:my-0 [&amp;&gt;p]:pt-0 [&amp;&gt;p]:mb-2 [&amp;&gt;p]:my-0\"><p class=\"my-2 [&amp;+p]:mt-4 [&amp;_strong:has(+br)]:inline-block [&amp;_strong:has(+br)]:pb-2\">Das\u00a0<strong>Gemeinschaftsleben<\/strong>\u00a0wird reicher \u2013 weniger einsame, ersch\u00f6pfte Einzelk\u00e4mpfer, mehr kooperative Nachbarschaft<\/p><\/li><\/ul><h2 id=\"72-quantifizierte-wirkungskette\" class=\"font-editorial font-bold mb-2 mt-4 [.has-inline-images_&amp;]:clear-end text-base first:mt-0\">7.2 Quantifizierte Wirkungskette<\/h2><p class=\"my-2 [&amp;+p]:mt-4 [&amp;_strong:has(+br)]:inline-block [&amp;_strong:has(+br)]:pb-2\">Der R\u00fcckgang des Massen-Fernreise-Tourismus w\u00fcrde massive \u00f6kologische Entlastungen bringen:<\/p><div class=\"group relative my-[1em]\"><div class=\"sticky top-0 z-10 h-0\" aria-hidden=\"true\"><div class=\"w-full overflow-hidden bg-raised border-x md:max-w-[90vw] border-subtlest ring-subtlest divide-subtlest\">\u00a0<\/div><\/div><div class=\"w-full overflow-auto scrollbar-subtle rounded-lg border md:max-w-[90vw] border-subtlest ring-subtlest divide-subtlest bg-raised\"><table class=\"[&amp;_tr:last-child_td]:border-b-0 my-0 w-full table-auto border-separate border-spacing-0 text-sm font-sans rounded-lg [&amp;_tr:last-child_td:first-child]:rounded-bl-lg [&amp;_tr:last-child_td:last-child]:rounded-br-lg\"><thead class=\"\"><tr><th class=\"border-subtlest p-sm min-w-[48px] break-normal border-b text-left align-bottom border-r last:border-r-0 font-bold bg-subtle first:border-radius-tl-lg last:border-radius-tr-lg\">Bereich<\/th><th class=\"border-subtlest p-sm min-w-[48px] break-normal border-b text-left align-bottom border-r last:border-r-0 font-bold bg-subtle first:border-radius-tl-lg last:border-radius-tr-lg\">Heutige Belastung<\/th><th class=\"border-subtlest p-sm min-w-[48px] break-normal border-b text-left align-bottom border-r last:border-r-0 font-bold bg-subtle first:border-radius-tl-lg last:border-radius-tr-lg\">Wirkung mit Gradido<\/th><\/tr><\/thead><tbody><tr><td class=\"border-subtlest px-sm min-w-[48px] break-normal border-b border-r last:border-r-0\">Tourismus-CO\u2082<\/td><td class=\"border-subtlest px-sm min-w-[48px] break-normal border-b border-r last:border-r-0\">8\u201311% der Gesamtemissionen<span class=\"inline-flex\" aria-label=\"Overtourism: Die Schattenseiten des Tourismus\" data-state=\"closed\">\u200b<\/span><\/td><td class=\"border-subtlest px-sm min-w-[48px] break-normal border-b border-r last:border-r-0\">Deutliche Reduktion durch lokale Alternativen<\/td><\/tr><tr><td class=\"border-subtlest px-sm min-w-[48px] break-normal border-b border-r last:border-r-0\">Kreuzfahrtemissionen<\/td><td class=\"border-subtlest px-sm min-w-[48px] break-normal border-b border-r last:border-r-0\">CO\u2082 einer Woche = 9.000 km PKW<span class=\"inline-flex\" aria-label=\"Kreuzfahrtschiffe: Gefahr f\u00fcr die Umwelt\" data-state=\"closed\">\u200b<\/span><\/td><td class=\"border-subtlest px-sm min-w-[48px] break-normal border-b border-r last:border-r-0\">\u00dcberfl\u00fcssig durch lokales Paradies<\/td><\/tr><tr><td class=\"border-subtlest px-sm min-w-[48px] break-normal border-b border-r last:border-r-0\">\u00dcbertourismus-Sch\u00e4den<\/td><td class=\"border-subtlest px-sm min-w-[48px] break-normal border-b border-r last:border-r-0\">Letzter Paradiese werden zerst\u00f6rt<span class=\"inline-flex\" aria-label=\"Overtourism und seine Folgen - wenn Tourismus schadet\" data-state=\"closed\">\u200b<\/span><\/td><td class=\"border-subtlest px-sm min-w-[48px] break-normal border-b border-r last:border-r-0\">Regeneration statt Zerst\u00f6rung<\/td><\/tr><tr><td class=\"border-subtlest px-sm min-w-[48px] break-normal border-b border-r last:border-r-0\">Tourismusabw\u00e4sser<\/td><td class=\"border-subtlest px-sm min-w-[48px] break-normal border-b border-r last:border-r-0\">Direkte Einleitung ins Meer<span class=\"inline-flex\" aria-label=\"CO2 &amp; Kreuzfahrt: Wie klimasch\u00e4dlich sind Kreuzfahrtschiffe\" data-state=\"closed\">\u200b<\/span><\/td><td class=\"border-subtlest px-sm min-w-[48px] break-normal border-b border-r last:border-r-0\">Entlastung der Meeres\u00f6kosysteme<\/td><\/tr><\/tbody><\/table><\/div><\/div><h2 id=\"73-soziale-absicherung-der-tourismus-beschftigten\" class=\"font-editorial font-bold mb-2 mt-4 [.has-inline-images_&amp;]:clear-end text-base first:mt-0\">7.3 Soziale Absicherung der Tourismus-Besch\u00e4ftigten<\/h2><p class=\"my-2 [&amp;+p]:mt-4 [&amp;_strong:has(+br)]:inline-block [&amp;_strong:has(+br)]:pb-2\">Ein berechtigter Einwand: Was passiert mit den 4,1 Millionen Tourismusbesch\u00e4ftigten in Deutschland \u2013 und den Hunderten Millionen weltweit \u2013 wenn der Massentourismus zur\u00fcckgeht?<span class=\"inline-flex\" aria-label=\"Chancen f\u00fcr den Tourismus er\u00f6ffnen und Krisenresilienz ...\" data-state=\"closed\">\u200b<\/span><\/p><p class=\"my-2 [&amp;+p]:mt-4 [&amp;_strong:has(+br)]:inline-block [&amp;_strong:has(+br)]:pb-2\">Die Antwort des Gradido-Modells ist klar: Das\u00a0<strong>Aktive Grundeinkommen<\/strong> sichert jeden Menschen ab, unabh\u00e4ngig von seiner Branche. Kellner, Animateure, Kreuzfahrtpersonal:alle erhalten \u2013 f\u00fcr sich und jedes Familienmitglied! \u2013 1.000 GDD monatlich als bedingungslose Teilhabe. Wer vorher im Tourismus gearbeitet hat, kann nun z.B.:<span class=\"inline-flex\" aria-label=\"Grundeinkommen - Gradido\" data-state=\"closed\">\u200b<\/span><\/p><ul class=\"marker:text-quiet list-disc\"><li class=\"py-0 my-0 prose-p:pt-0 prose-p:mb-2 prose-p:my-0 [&amp;&gt;p]:pt-0 [&amp;&gt;p]:mb-2 [&amp;&gt;p]:my-0\"><p class=\"my-2 [&amp;+p]:mt-4 [&amp;_strong:has(+br)]:inline-block [&amp;_strong:has(+br)]:pb-2\"><strong>Lokale Nahrungsproduktion<\/strong>\u00a0mit dem AGE gestalten<\/p><\/li><li class=\"py-0 my-0 prose-p:pt-0 prose-p:mb-2 prose-p:my-0 [&amp;&gt;p]:pt-0 [&amp;&gt;p]:mb-2 [&amp;&gt;p]:my-0\"><p class=\"my-2 [&amp;+p]:mt-4 [&amp;_strong:has(+br)]:inline-block [&amp;_strong:has(+br)]:pb-2\"><strong>Care-Arbeit<\/strong>\u00a0und Gemeinschaftsdienste leisten und daf\u00fcr entlohnt werden<\/p><\/li><li class=\"py-0 my-0 prose-p:pt-0 prose-p:mb-2 prose-p:my-0 [&amp;&gt;p]:pt-0 [&amp;&gt;p]:mb-2 [&amp;&gt;p]:my-0\"><p class=\"my-2 [&amp;+p]:mt-4 [&amp;_strong:has(+br)]:inline-block [&amp;_strong:has(+br)]:pb-2\"><strong>Permakultur-Projekte<\/strong>\u00a0auf aus dem AUF finanzierten Fl\u00e4chen durchf\u00fchren<\/p><\/li><li class=\"py-0 my-0 prose-p:pt-0 prose-p:mb-2 prose-p:my-0 [&amp;&gt;p]:pt-0 [&amp;&gt;p]:mb-2 [&amp;&gt;p]:my-0\"><p class=\"my-2 [&amp;+p]:mt-4 [&amp;_strong:has(+br)]:inline-block [&amp;_strong:has(+br)]:pb-2\"><strong>\u00d6kotourismus der n\u00e4chsten Generation<\/strong>\u00a0anbieten \u2013 tief verwurzelt in der Region, nachhaltig, wertvoll<\/p><\/li><\/ul><p class=\"my-2 [&amp;+p]:mt-4 [&amp;_strong:has(+br)]:inline-block [&amp;_strong:has(+br)]:pb-2\">Es gibt keine sozialen H\u00e4rten, weil niemand in die Armut f\u00e4llt. Der \u00dcbergang ist sanft und freiwillig.<\/p><hr class=\"bg-quiet h-px border-0\" \/><h2 id=\"8-die-transformationskette-von-der-dystopie-zum-pa\" class=\"font-editorial font-bold mb-2 mt-4 [.has-inline-images_&amp;]:clear-end text-lg first:mt-0 md:text-lg [hr+&amp;]:mt-4\">8. Die Transformationskette: Von der Dystopie zum Paradies<\/h2><h2 id=\"81-wissenschaftlich-belegte-kausalkette\" class=\"font-editorial font-bold mb-2 mt-4 [.has-inline-images_&amp;]:clear-end text-base first:mt-0\">8.1 Wissenschaftlich belegte Kausalkette<\/h2><p class=\"my-2 [&amp;+p]:mt-4 [&amp;_strong:has(+br)]:inline-block [&amp;_strong:has(+br)]:pb-2\">Jeder Schritt der folgenden Transformationskette ist wissenschaftlich belegt:<span class=\"inline-flex\" aria-label=\"Energiewende und Transformation\" data-state=\"closed\">\u200b<\/span><\/p><div class=\"group relative my-[1em]\"><div class=\"sticky top-0 z-10 h-0\" aria-hidden=\"true\"><div class=\"w-full overflow-hidden bg-raised border-x md:max-w-[90vw] border-subtlest ring-subtlest divide-subtlest\">\u00a0<\/div><\/div><div class=\"w-full overflow-auto scrollbar-subtle rounded-lg border md:max-w-[90vw] border-subtlest ring-subtlest divide-subtlest bg-raised\"><table class=\"[&amp;_tr:last-child_td]:border-b-0 my-0 w-full table-auto border-separate border-spacing-0 text-sm font-sans rounded-lg [&amp;_tr:last-child_td:first-child]:rounded-bl-lg [&amp;_tr:last-child_td:last-child]:rounded-br-lg\"><thead class=\"\"><tr><th class=\"border-subtlest p-sm min-w-[48px] break-normal border-b text-left align-bottom border-r last:border-r-0 font-bold bg-subtle first:border-radius-tl-lg last:border-radius-tr-lg\">Schritt<\/th><th class=\"border-subtlest p-sm min-w-[48px] break-normal border-b text-left align-bottom border-r last:border-r-0 font-bold bg-subtle first:border-radius-tl-lg last:border-radius-tr-lg\">Mechanismus<\/th><th class=\"border-subtlest p-sm min-w-[48px] break-normal border-b text-left align-bottom border-r last:border-r-0 font-bold bg-subtle first:border-radius-tl-lg last:border-radius-tr-lg\">Evidenz<\/th><\/tr><\/thead><tbody><tr><td class=\"border-subtlest px-sm min-w-[48px] break-normal border-b border-r last:border-r-0\">Gradido eliminiert Wachstumszwang<\/td><td class=\"border-subtlest px-sm min-w-[48px] break-normal border-b border-r last:border-r-0\">Kein Schuldgeld \u2192 kein Wachstumsimperativ<\/td><td class=\"border-subtlest px-sm min-w-[48px] break-normal border-b border-r last:border-r-0\">Binswanger, Wachstumszwang-Theorie<\/td><\/tr><tr><td class=\"border-subtlest px-sm min-w-[48px] break-normal border-b border-r last:border-r-0\">AUF finanziert Renaturierung<\/td><td class=\"border-subtlest px-sm min-w-[48px] break-normal border-b border-r last:border-r-0\">96 Bio. GDD\/Jahr f\u00fcr Umwelt<\/td><td class=\"border-subtlest px-sm min-w-[48px] break-normal border-b border-r last:border-r-0\">Gradido-Modell<\/td><\/tr><tr><td class=\"border-subtlest px-sm min-w-[48px] break-normal border-b border-r last:border-r-0\">Permakultur ersetzt Industrialagrar<\/td><td class=\"border-subtlest px-sm min-w-[48px] break-normal border-b border-r last:border-r-0\">Gleiche Ertr\u00e4ge, 60\u201380% weniger Energie<\/td><td class=\"border-subtlest px-sm min-w-[48px] break-normal border-b border-r last:border-r-0\">Peer-reviewed Studie 2025<span class=\"inline-flex\" aria-label=\"Energiewende und Transformation\" data-state=\"closed\">\u200b<\/span><\/td><\/tr><tr><td class=\"border-subtlest px-sm min-w-[48px] break-normal border-b border-r last:border-r-0\">Grundeinkommen beendet Existenzangst<\/td><td class=\"border-subtlest px-sm min-w-[48px] break-normal border-b border-r last:border-r-0\">Kein erzwungener Konsum\/Tourismus<\/td><td class=\"border-subtlest px-sm min-w-[48px] break-normal border-b border-r last:border-r-0\">Gradido-Konzept<span class=\"inline-flex\" aria-label=\"Grundeinkommen - Gradido\" data-state=\"closed\">\u200b<\/span><\/td><\/tr><tr><td class=\"border-subtlest px-sm min-w-[48px] break-normal border-b border-r last:border-r-0\">Naturnahe Lebensweise \u2192 Gesundheit<\/td><td class=\"border-subtlest px-sm min-w-[48px] break-normal border-b border-r last:border-r-0\">Ges\u00fcndere Nahrung, mehr Bewegung<\/td><td class=\"border-subtlest px-sm min-w-[48px] break-normal border-b border-r last:border-r-0\">27% mehr Vitamine in Bio-Lebensmitteln<span class=\"inline-flex\" aria-label=\"Energiewende und Transformation\" data-state=\"closed\">\u200b<\/span><\/td><\/tr><tr><td class=\"border-subtlest px-sm min-w-[48px] break-normal border-b border-r last:border-r-0\">Gl\u00fcck \u2192 weniger Konsum<\/td><td class=\"border-subtlest px-sm min-w-[48px] break-normal border-b border-r last:border-r-0\">Kompensationskonsum entf\u00e4llt<\/td><td class=\"border-subtlest px-sm min-w-[48px] break-normal border-b border-r last:border-r-0\">Harvard 85-Jahre-Studie<span class=\"inline-flex\" aria-label=\"Energiewende und Transformation\" data-state=\"closed\">\u200b<\/span><\/td><\/tr><tr><td class=\"border-subtlest px-sm min-w-[48px] break-normal border-b border-r last:border-r-0\">Wohlstand \u2192 optimale Bev\u00f6lkerung<\/td><td class=\"border-subtlest px-sm min-w-[48px] break-normal border-b border-r last:border-r-0\">Demografischer \u00dcbergang<\/td><td class=\"border-subtlest px-sm min-w-[48px] break-normal border-b border-r last:border-r-0\">OECD, G\u00f6ttingen Studie<span class=\"inline-flex\" aria-label=\"Energiewende und Transformation\" data-state=\"closed\">\u200b<\/span><\/td><\/tr><tr><td class=\"border-subtlest px-sm min-w-[48px] break-normal border-b border-r last:border-r-0\">Positive Spirale<\/td><td class=\"border-subtlest px-sm min-w-[48px] break-normal border-b border-r last:border-r-0\">Mehr Natur \u2192 mehr Wohlbefinden \u2192 weniger Ressourcendruck<\/td><td class=\"border-subtlest px-sm min-w-[48px] break-normal border-b border-r last:border-r-0\">Synergieeffekte<span class=\"inline-flex\" aria-label=\"Energiewende und Transformation\" data-state=\"closed\">\u200b<\/span><\/td><\/tr><\/tbody><\/table><\/div><\/div><h2 id=\"82-quantifizierung-das-szenario-2050\" class=\"font-editorial font-bold mb-2 mt-4 [.has-inline-images_&amp;]:clear-end text-base first:mt-0\">8.2 Quantifizierung: Das Szenario 2050<\/h2><div class=\"group relative my-[1em]\"><div class=\"sticky top-0 z-10 h-0\" aria-hidden=\"true\"><div class=\"w-full overflow-hidden bg-raised border-x md:max-w-[90vw] border-subtlest ring-subtlest divide-subtlest\">\u00a0<\/div><\/div><div class=\"w-full overflow-auto scrollbar-subtle rounded-lg border md:max-w-[90vw] border-subtlest ring-subtlest divide-subtlest bg-raised\"><table class=\"[&amp;_tr:last-child_td]:border-b-0 my-0 w-full table-auto border-separate border-spacing-0 text-sm font-sans rounded-lg [&amp;_tr:last-child_td:first-child]:rounded-bl-lg [&amp;_tr:last-child_td:last-child]:rounded-br-lg\"><thead class=\"\"><tr><th class=\"border-subtlest p-sm min-w-[48px] break-normal border-b text-left align-bottom border-r last:border-r-0 font-bold bg-subtle first:border-radius-tl-lg last:border-radius-tr-lg\">Bereich<\/th><th class=\"border-subtlest p-sm min-w-[48px] break-normal border-b text-left align-bottom border-r last:border-r-0 font-bold bg-subtle first:border-radius-tl-lg last:border-radius-tr-lg\">Heute<\/th><th class=\"border-subtlest p-sm min-w-[48px] break-normal border-b text-left align-bottom border-r last:border-r-0 font-bold bg-subtle first:border-radius-tl-lg last:border-radius-tr-lg\">Mit Gradido + Permakultur<\/th><th class=\"border-subtlest p-sm min-w-[48px] break-normal border-b text-left align-bottom border-r last:border-r-0 font-bold bg-subtle first:border-radius-tl-lg last:border-radius-tr-lg\">Reduktion<\/th><\/tr><\/thead><tbody><tr><td class=\"border-subtlest px-sm min-w-[48px] break-normal border-b border-r last:border-r-0\">Landwirtschaft<\/td><td class=\"border-subtlest px-sm min-w-[48px] break-normal border-b border-r last:border-r-0\">1.431 PJ (EU)<\/td><td class=\"border-subtlest px-sm min-w-[48px] break-normal border-b border-r last:border-r-0\">290\u2013580 PJ<\/td><td class=\"border-subtlest px-sm min-w-[48px] break-normal border-b border-r last:border-r-0\">-60\u201380%<span class=\"inline-flex\" aria-label=\"Energiewende und Transformation\" data-state=\"closed\">\u200b<\/span><\/td><\/tr><tr><td class=\"border-subtlest px-sm min-w-[48px] break-normal border-b border-r last:border-r-0\">Wohnen<\/td><td class=\"border-subtlest px-sm min-w-[48px] break-normal border-b border-r last:border-r-0\">30% Gesamtenergie<\/td><td class=\"border-subtlest px-sm min-w-[48px] break-normal border-b border-r last:border-r-0\">9\u201315%<\/td><td class=\"border-subtlest px-sm min-w-[48px] break-normal border-b border-r last:border-r-0\">-50\u201370%<span class=\"inline-flex\" aria-label=\"Energiewende und Transformation\" data-state=\"closed\">\u200b<\/span><\/td><\/tr><tr><td class=\"border-subtlest px-sm min-w-[48px] break-normal border-b border-r last:border-r-0\">Transport<\/td><td class=\"border-subtlest px-sm min-w-[48px] break-normal border-b border-r last:border-r-0\">25% Gesamtenergie<\/td><td class=\"border-subtlest px-sm min-w-[48px] break-normal border-b border-r last:border-r-0\">2,5\u20137,5%<\/td><td class=\"border-subtlest px-sm min-w-[48px] break-normal border-b border-r last:border-r-0\">-70\u201390%<span class=\"inline-flex\" aria-label=\"Energiewende und Transformation\" data-state=\"closed\">\u200b<\/span><\/td><\/tr><tr><td class=\"border-subtlest px-sm min-w-[48px] break-normal border-b border-r last:border-r-0\">Industrie<\/td><td class=\"border-subtlest px-sm min-w-[48px] break-normal border-b border-r last:border-r-0\">25% Gesamtenergie<\/td><td class=\"border-subtlest px-sm min-w-[48px] break-normal border-b border-r last:border-r-0\">10\u201315%<\/td><td class=\"border-subtlest px-sm min-w-[48px] break-normal border-b border-r last:border-r-0\">-40\u201360%<span class=\"inline-flex\" aria-label=\"Energiewende und Transformation\" data-state=\"closed\">\u200b<\/span><\/td><\/tr><tr><td class=\"border-subtlest px-sm min-w-[48px] break-normal border-b border-r last:border-r-0\">Konsum\/Dienstleistungen<\/td><td class=\"border-subtlest px-sm min-w-[48px] break-normal border-b border-r last:border-r-0\">20% Gesamtenergie<\/td><td class=\"border-subtlest px-sm min-w-[48px] break-normal border-b border-r last:border-r-0\">2\u20136%<\/td><td class=\"border-subtlest px-sm min-w-[48px] break-normal border-b border-r last:border-r-0\">-70\u201390%<span class=\"inline-flex\" aria-label=\"Energiewende und Transformation\" data-state=\"closed\">\u200b<\/span><\/td><\/tr><\/tbody><\/table><\/div><\/div><p class=\"my-2 [&amp;+p]:mt-4 [&amp;_strong:has(+br)]:inline-block [&amp;_strong:has(+br)]:pb-2\"><strong>Ergebnis: Mit 20\u201335% der heutigen Energie ist ein paradiesisches Leben f\u00fcr alle Menschen m\u00f6glich<\/strong>.<span class=\"inline-flex\" aria-label=\"Energiewende und Transformation\" data-state=\"closed\">\u200b<\/span><\/p><h2 id=\"83-das-glcks-gesundheits-paradies-prinzip\" class=\"font-editorial font-bold mb-2 mt-4 [.has-inline-images_&amp;]:clear-end text-base first:mt-0\">8.3 Das Gl\u00fccks-Gesundheits-Paradies-Prinzip<\/h2><p class=\"my-2 [&amp;+p]:mt-4 [&amp;_strong:has(+br)]:inline-block [&amp;_strong:has(+br)]:pb-2\">Die Harvard Grant Study \u2013 die l\u00e4ngste Langzeitstudie \u00fcber menschliches Wohlbefinden (85 Jahre) \u2013 kommt zu einem klaren Befund: Der wichtigste Faktor f\u00fcr Gesundheit und Gl\u00fcck sind\u00a0<strong>warme, positive Beziehungen<\/strong> \u2013 nicht Reichtum, nicht Tourismus, nicht Konsum. Menschen mit guten Beziehungen sind ges\u00fcnder bis ins hohe Alter als solche mit weniger guten Beziehungen.<span class=\"inline-flex\" aria-label=\"Energiewende und Transformation\" data-state=\"closed\">\u200b<\/span><\/p><p class=\"my-2 [&amp;+p]:mt-4 [&amp;_strong:has(+br)]:inline-block [&amp;_strong:has(+br)]:pb-2\">Gl\u00fcckliche Menschen haben zudem ein um\u00a0<strong>35% niedrigeres Sterberisiko<\/strong>\u00a0(5-Jahres-Follow-up) und leben nachweislich l\u00e4nger. Und: Gl\u00fcckliche Menschen konsumieren weniger, denn kompensatorischer Konsum \u2013 das Kaufen zur F\u00fcllung emotionaler Leere \u2013 entf\u00e4llt.<span class=\"inline-flex\" aria-label=\"Energiewende und Transformation\" data-state=\"closed\">\u200b<\/span><\/p><p class=\"my-2 [&amp;+p]:mt-4 [&amp;_strong:has(+br)]:inline-block [&amp;_strong:has(+br)]:pb-2\">Das Gradido-Paradies ist also kein Luxus, sondern\u00a0<strong>physiologisch effizienter<\/strong>\u00a0als das gegenw\u00e4rtige System.<\/p><hr class=\"bg-quiet h-px border-0\" \/><h2 id=\"9-konkrete-bilder-des-wandels-bereichsanalysen\" class=\"font-editorial font-bold mb-2 mt-4 [.has-inline-images_&amp;]:clear-end text-lg first:mt-0 md:text-lg [hr+&amp;]:mt-4\">9. Konkrete Bilder des Wandels: Bereichsanalysen<\/h2><h2 id=\"91-die-renaturierten-flussufer\" class=\"font-editorial font-bold mb-2 mt-4 [.has-inline-images_&amp;]:clear-end text-base first:mt-0\">9.1 Die renaturierten Flussufer<\/h2><p class=\"my-2 [&amp;+p]:mt-4 [&amp;_strong:has(+br)]:inline-block [&amp;_strong:has(+br)]:pb-2\">Heute sind viele europ\u00e4ische Fl\u00fcsse begradigt, mit Beton eingefasst und \u00f6kologisch verarmt. Mit dem AUF k\u00f6nnen Fl\u00fcsse renaturiert werden: m\u00e4andernde Flussbette, Auenw\u00e4lder, Feuchtgebiete, die Hunderte Tier- und Pflanzenarten beherbergen. Innerhalb von 10\u201320 Jahren w\u00e4re der Fluss, der fr\u00fcher wie ein Abwasserkanal aussah, ein nat\u00fcrliches Naherholungsgebiet \u2013 direkt vor der Haust\u00fcr.<\/p><h2 id=\"92-die-essbare-stadt\" class=\"font-editorial font-bold mb-2 mt-4 [.has-inline-images_&amp;]:clear-end text-base first:mt-0\">9.2 Die essbare Stadt<\/h2><p class=\"my-2 [&amp;+p]:mt-4 [&amp;_strong:has(+br)]:inline-block [&amp;_strong:has(+br)]:pb-2\">Nach dem Vorbild Andernachs \u2013 der \u201eessbaren Stadt&#8220; \u2013 k\u00f6nnen Stadtparks, Brachfl\u00e4chen, Stra\u00dfenr\u00e4nder und Geb\u00e4uded\u00e4cher in produktive Permakulturlandschaften umgewandelt werden. Nicht als folkloristische Dekoration, sondern als echtes Nahrungsnetz, das einen Teil der st\u00e4dtischen Versorgung tr\u00e4gt. Mit dem AUF finanziert und durch das AGE honoriert wird aus der betonierten Brachfl\u00e4che ein summendes, zwitscherndes und duftendes \u00d6kosystem.<span class=\"inline-flex\" aria-label=\"Lieblingsstadt 11 \u2013 Gro\u00dfe Kooperation f\u00fcr Autarkie - Gradido\" data-state=\"closed\">\u200b<\/span><\/p><h2 id=\"93-die-sauberen-meere\" class=\"font-editorial font-bold mb-2 mt-4 [.has-inline-images_&amp;]:clear-end text-base first:mt-0\">9.3 Die sauberen Meere<\/h2><p class=\"my-2 [&amp;+p]:mt-4 [&amp;_strong:has(+br)]:inline-block [&amp;_strong:has(+br)]:pb-2\">Die Entlastung durch den R\u00fcckgang der Kreuzfahrtindustrie, die Beendigung der \u00dcberfischung (die durch den Wachstumszwang der Fischereiunternehmen getrieben wird) und aktive Meeressanierung durch den AUF regenerieren die Ozeane. Korallensysteme k\u00f6nnen sich erholen. Der NABU dokumentiert, dass Meeresgebiete, die f\u00fcr den Tourismus gesperrt werden, sich innerhalb von 5\u201310 Jahren erheblich regenerieren k\u00f6nnen.<\/p><h2 id=\"94-regenwlder-und-biodiversitts-hotspots\" class=\"font-editorial font-bold mb-2 mt-4 [.has-inline-images_&amp;]:clear-end text-base first:mt-0\">9.4 Regenw\u00e4lder und wiedergewonnene Biodiversit\u00e4t<\/h2><p class=\"my-2 [&amp;+p]:mt-4 [&amp;_strong:has(+br)]:inline-block [&amp;_strong:has(+br)]:pb-2\">Der strukturelle Wachstumszwang treibt die Entwaldung des Amazonas, die Palm\u00f6l-Plantagen in Borneo und die Soja-Monokultur in Brasilien. Diese industrielle Logik entf\u00e4llt mit Gradido: Es ist nicht mehr n\u00f6tig, f\u00fcr Rendite Regenwald zu roden, weil das Gradido-System keinen Wachstumszwang mehr aufbaut. Gleichzeitig finanziert der AUF aktive Aufforstungsprogramme, die heute chronisch unterfinanziert sind.<span class=\"inline-flex\" aria-label=\"Fatale Fehler im Finanzsystem - Gradido\" data-state=\"closed\">\u200b<\/span><\/p><hr class=\"bg-quiet h-px border-0\" \/><h2 id=\"10-das-paradies-prinzip-eine-systemische-vision\" class=\"font-editorial font-bold mb-2 mt-4 [.has-inline-images_&amp;]:clear-end text-lg first:mt-0 md:text-lg [hr+&amp;]:mt-4\">10. Das Paradies-Prinzip: Eine systemische Vision<\/h2><h2 id=\"101-was-ist-paradies\" class=\"font-editorial font-bold mb-2 mt-4 [.has-inline-images_&amp;]:clear-end text-base first:mt-0\">10.1 Was ist ein Paradies?<\/h2><p class=\"my-2 [&amp;+p]:mt-4 [&amp;_strong:has(+br)]:inline-block [&amp;_strong:has(+br)]:pb-2\">Das Paradies ist kein geografischer Ort, sondern ein <strong>Beziehungsgeflecht<\/strong>\u00a0\u2013 zwischen Menschen, zwischen Mensch und Natur, zwischen Gegenwart und Zukunft. Das Original-Paradies, das viele Religionen und Mythen beschreiben, war ein Garten: ein Ort, an dem Natur und Kultur sich harmonisch erg\u00e4nzen, an dem die Bed\u00fcrfnisse aller erf\u00fcllt sind und niemand in Angst lebt.<\/p><p class=\"my-2 [&amp;+p]:mt-4 [&amp;_strong:has(+br)]:inline-block [&amp;_strong:has(+br)]:pb-2\">Das Gradido-Modell beschreibt seine eigene Vision pr\u00e4gnant:\u00a0<em>\u201eWeltweiter Wohlstand, Frieden und Freiheit f\u00fcr alle Menschen \u2013 in Harmonie mit der Natur.&#8220;<\/em>\u00a0Dies ist kein leerer Slogan, sondern ein operatives Designziel mit konkreten Systemkomponenten.<span class=\"inline-flex\" aria-label=\"Vision und Mission - Gradido\" data-state=\"closed\">\u200b<\/span><\/p><h2 id=\"102-meta-erkenntnis-alle-probleme-haben-dieselbe-w\" class=\"font-editorial font-bold mb-2 mt-4 [.has-inline-images_&amp;]:clear-end text-base first:mt-0\">10.2 Alle Probleme haben dieselbe Wurzel<\/h2><p class=\"my-2 [&amp;+p]:mt-4 [&amp;_strong:has(+br)]:inline-block [&amp;_strong:has(+br)]:pb-2\">Gradido-Mitgr\u00fcnder Bernd H\u00fcckst\u00e4dt bringt die zentrale Erkenntnis auf den Punkt:\u00a0<em>\u201eDas von Menschen gemachte Geld- und Wirtschaftssystem verh\u00e4lt sich in allen Punkten genau entgegen den Naturgesetzen. Es kann also gar nicht funktionieren. Im Gegenteil: es muss systembedingt zu Not, Hunger, Umweltzerst\u00f6rung und Kriegen f\u00fchren.&#8220;<\/em><span class=\"inline-flex\" aria-label=\"Fragen Uwe Strachau\" data-state=\"closed\">\u200b<\/span><\/p><p class=\"my-2 [&amp;+p]:mt-4 [&amp;_strong:has(+br)]:inline-block [&amp;_strong:has(+br)]:pb-2\">Wenn das Geldsystem nach den Erfolgsmodellen der Natur gebaut ist \u2013 Kreislauf statt Linearit\u00e4t, Kooperation statt Konkurrenz, Werden und Vergehen statt endlosem Wachstum \u2013 dann l\u00f6sen sich die scheinbar separaten Probleme in Synergie:<span class=\"inline-flex\" aria-label=\"Energiewende und Transformation\" data-state=\"closed\">\u200b<\/span><\/p><ul class=\"marker:text-quiet list-disc\"><li class=\"py-0 my-0 prose-p:pt-0 prose-p:mb-2 prose-p:my-0 [&amp;&gt;p]:pt-0 [&amp;&gt;p]:mb-2 [&amp;&gt;p]:my-0\"><p class=\"my-2 [&amp;+p]:mt-4 [&amp;_strong:has(+br)]:inline-block [&amp;_strong:has(+br)]:pb-2\">Gesundheit verbessert sich \u2192 Gesundheitskosten sinken \u2192 mehr Ressourcen f\u00fcr Bildung<\/p><\/li><li class=\"py-0 my-0 prose-p:pt-0 prose-p:mb-2 prose-p:my-0 [&amp;&gt;p]:pt-0 [&amp;&gt;p]:mb-2 [&amp;&gt;p]:my-0\"><p class=\"my-2 [&amp;+p]:mt-4 [&amp;_strong:has(+br)]:inline-block [&amp;_strong:has(+br)]:pb-2\">Bildung steigt \u2192 Geburtenrate normalisiert sich \u2192 weniger Ressourcendruck<\/p><\/li><li class=\"py-0 my-0 prose-p:pt-0 prose-p:mb-2 prose-p:my-0 [&amp;&gt;p]:pt-0 [&amp;&gt;p]:mb-2 [&amp;&gt;p]:my-0\"><p class=\"my-2 [&amp;+p]:mt-4 [&amp;_strong:has(+br)]:inline-block [&amp;_strong:has(+br)]:pb-2\">Wohlstand steigt \u2192 Gl\u00fcck steigt \u2192 Konsum normalisiert sich \u2192 Natur regeneriert sich<\/p><\/li><li class=\"py-0 my-0 prose-p:pt-0 prose-p:mb-2 prose-p:my-0 [&amp;&gt;p]:pt-0 [&amp;&gt;p]:mb-2 [&amp;&gt;p]:my-0\"><p class=\"my-2 [&amp;+p]:mt-4 [&amp;_strong:has(+br)]:inline-block [&amp;_strong:has(+br)]:pb-2\">Natur regeneriert sich \u2192 Nahrungsqualit\u00e4t steigt \u2192 Gesundheit steigt \u2192 positive Spirale<\/p><\/li><\/ul><h2 id=\"103-der-implementierungspfad\" class=\"font-editorial font-bold mb-2 mt-4 [.has-inline-images_&amp;]:clear-end text-base first:mt-0\">10.3 Der Implementierungspfad<\/h2><p class=\"my-2 [&amp;+p]:mt-4 [&amp;_strong:has(+br)]:inline-block [&amp;_strong:has(+br)]:pb-2\">Das Gradido-Modell schl\u00e4gt einen dreiphasigen \u00dcbergang vor:<span class=\"inline-flex\" aria-label=\"Energiewende und Transformation\" data-state=\"closed\">\u200b<\/span><\/p><p class=\"my-2 [&amp;+p]:mt-4 [&amp;_strong:has(+br)]:inline-block [&amp;_strong:has(+br)]:pb-2\"><strong>Phase 1 (bis 2035): Pilotprojekte<\/strong>\u00a0\u2013 Lokale Gradido-Gemeinschaften zeigen 20\u201330% Energiereduktion; Permakultur-Designs werden lokal getestet; Beweis der Machbarkeit in verschiedenen Kulturen.<\/p><p class=\"my-2 [&amp;+p]:mt-4 [&amp;_strong:has(+br)]:inline-block [&amp;_strong:has(+br)]:pb-2\"><strong>Phase 2 (2035\u20132045): Regionale Adoption<\/strong>\u00a0\u2013 Mehrere L\u00e4nder und Regionen implementieren; Netzwerkeffekte durch grenz\u00fcbergreifende Kooperation; 30\u201340% Energiereduktion regional messbar.<\/p><p class=\"my-2 [&amp;+p]:mt-4 [&amp;_strong:has(+br)]:inline-block [&amp;_strong:has(+br)]:pb-2\"><strong>Phase 3 (2045\u20132060): Globale Transformation<\/strong>\u00a0\u2013 Weltweite Implementierung; 40\u201360% globale Energiereduktion; die Erde transformiert sich schrittweise zur\u00fcck in ein Paradies.<\/p><hr class=\"bg-quiet h-px border-0\" \/><h2 id=\"11-das-gradido-zitat-zur-vision\" class=\"font-editorial font-bold mb-2 mt-4 [.has-inline-images_&amp;]:clear-end text-lg first:mt-0 md:text-lg [hr+&amp;]:mt-4\">11. Das Paradies auf Erden ist machbar<\/h2><p class=\"my-2 [&amp;+p]:mt-4 [&amp;_strong:has(+br)]:inline-block [&amp;_strong:has(+br)]:pb-2\">Margret Baier, Mitgr\u00fcnderin der Gradido-Akademie f\u00fcr Wirtschaftsbionik:<\/p><blockquote><p class=\"my-2 [&amp;+p]:mt-4 [&amp;_strong:has(+br)]:inline-block [&amp;_strong:has(+br)]:pb-2\"><em>\u201eDas Gradido-Modell sorgt daf\u00fcr, dass jeder von uns es sich leisten kann, natur- und umweltbewusst zu leben. Dadurch k\u00f6nnen wir unserer Erde die notwendige F\u00fcrsorge angedeihen lassen, so dass wir alle auf diesem Planeten eine gute Zukunft haben.&#8220;<\/em><span class=\"inline-flex\" aria-label=\"Natur- und Umweltschutz mit Erfolgssystem - Gradido\" data-state=\"closed\">\u200b<\/span><\/p><\/blockquote><p class=\"my-2 [&amp;+p]:mt-4 [&amp;_strong:has(+br)]:inline-block [&amp;_strong:has(+br)]:pb-2\">In Gradidos <a href=\"https:\/\/gradido.net\/what-is-gradido\/vision-2050\/\">Vision-2050\u00a0<\/a> lautet das Fazit der Analyse:<span class=\"inline-flex\" aria-label=\"Energiewende und Transformation\" data-state=\"closed\">\u200b<\/span><\/p><blockquote><p class=\"my-2 [&amp;+p]:mt-4 [&amp;_strong:has(+br)]:inline-block [&amp;_strong:has(+br)]:pb-2\"><em>\u201eDas Paradies auf Erden ist keine Utopie, sondern: Technisch machbar, wissenschaftlich fundiert, \u00f6konomisch sinnvoll, psychologisch attraktiv und energetisch effizienter als unser derzeitiges System. Die Menschheit hat das Wissen, die Technologie und das Modell. Fehlt nur noch der kollektive Wille zur Umsetzung.&#8220;<\/em><\/p><\/blockquote><hr class=\"bg-quiet h-px border-0\" \/><p class=\"my-2 [&amp;+p]:mt-4 [&amp;_strong:has(+br)]:inline-block [&amp;_strong:has(+br)]:pb-2\"><em>Dieser Bericht basiert auf Quellen der Gradido-Akademie f\u00fcr Wirtschaftsbionik, dem NABU, National Geographic, der Harvard University (Grant Study), dem Deutschen Wetterdienst, WWF, dem World Resources Institute, goclimate.de sowie wissenschaftlichen Studien zu Permakultur, Degrowth und Kreislaufwirtschaft. Energieeinsparpotenziale auf gradido.net werden als analytische Szenarien verstanden, keine empirisch gesicherten Prognosen, sind aber durch zahlreiche Einzelstudien zu den Teilbereichen gest\u00fctzt.<\/em><\/p><\/div><\/div><\/div><\/div><\/div><\/div><\/div><div><div class=\"relative font-sans text-base text-foreground selection:bg-super\/50 selection:text-foreground dark:selection:bg-super\/10 dark:selection:text-super\"><div class=\"min-w-0 break-words [word-break:break-word]\"><div id=\"markdown-content-14\" class=\"gap-y-md after:clear-both after:block after:content-['']\" dir=\"auto\"><div class=\"has-inline-images my-2 first:mt-0 [&amp;:has([data-inline-type=image])+&amp;:has([data-inline-type=image])_[data-inline-type=image]]:hidden [&amp;:has(table)_[data-inline-type=image]]:hidden\"><div><div><div class=\"prose dark:prose-invert inline leading-relaxed break-words min-w-0 [word-break:break-word] prose-strong:font-bold [&amp;_&gt;*:first-child]:mt-0 [&amp;_&gt;*:last-child]:mb-0\">\u00a0<\/div><\/div><\/div><\/div><\/div><\/div><\/div><\/div><\/div>\t\t\t\t\t\t\t\t<\/div>\n\t\t\t\t<\/div>\n\t\t\t\t<div class=\"elementor-element elementor-element-db3fa8e elementor-widget-divider--view-line elementor-widget elementor-widget-divider\" data-id=\"db3fa8e\" data-element_type=\"widget\" data-e-type=\"widget\" data-widget_type=\"divider.default\">\n\t\t\t\t<div class=\"elementor-widget-container\">\n\t\t\t\t\t\t\t<div class=\"elementor-divider\">\n\t\t\t<span class=\"elementor-divider-separator\">\n\t\t\t\t\t\t<\/span>\n\t\t<\/div>\n\t\t\t\t\t\t<\/div>\n\t\t\t\t<\/div>\n\t\t\t\t<div class=\"elementor-element elementor-element-d74dfa0 elementor-widget elementor-widget-text-editor\" data-id=\"d74dfa0\" data-element_type=\"widget\" data-e-type=\"widget\" data-widget_type=\"text-editor.default\">\n\t\t\t\t<div class=\"elementor-widget-container\">\n\t\t\t\t\t\t\t\t\t<div data-pm-slice=\"1 1 []\" data-en-clipboard=\"true\"><p>Herzliche Gr\u00fc\u00dfe<\/p><p><span style=\"font-family: -apple-system, BlinkMacSystemFont, 'Segoe UI', Roboto, 'Helvetica Neue', Arial, 'Noto Sans', sans-serif, 'Apple Color Emoji', 'Segoe UI Emoji', 'Segoe UI Symbol', 'Noto Color Emoji';\">Deine<\/span><\/p><\/div><p><img decoding=\"async\" class=\"alignnone wp-image-4614 size-medium\" src=\"https:\/\/gradido.net\/wp-content\/uploads\/2022\/06\/MargretBernd_2022-300x74.png\" alt=\"\" width=\"300\" height=\"74\" srcset=\"https:\/\/gradido.net\/wp-content\/uploads\/2022\/06\/MargretBernd_2022-300x74.png 300w, https:\/\/gradido.net\/wp-content\/uploads\/2022\/06\/MargretBernd_2022-18x4.png 18w, https:\/\/gradido.net\/wp-content\/uploads\/2022\/06\/MargretBernd_2022.png 431w\" sizes=\"(max-width: 300px) 100vw, 300px\" \/><\/p><p>Margret Baier und Bernd H\u00fcckst\u00e4dt<br \/>Gradido-Gr\u00fcnder und Entwickler<\/p>\t\t\t\t\t\t\t\t<\/div>\n\t\t\t\t<\/div>\n\t\t\t\t\t<\/div>\n\t\t<\/div>\n\t\t\t\t\t<\/div>\n\t\t<\/section>\n\t\t\t\t<section class=\"elementor-section elementor-top-section elementor-element elementor-element-14532fe elementor-section-boxed elementor-section-height-default elementor-section-height-default\" data-id=\"14532fe\" data-element_type=\"section\" data-e-type=\"section\">\n\t\t\t\t\t\t<div class=\"elementor-container elementor-column-gap-default\">\n\t\t\t\t\t<div class=\"elementor-column elementor-col-100 elementor-top-column elementor-element elementor-element-65d2298\" data-id=\"65d2298\" data-element_type=\"column\" data-e-type=\"column\">\n\t\t\t<div class=\"elementor-widget-wrap elementor-element-populated\">\n\t\t\t\t\t\t<div class=\"elementor-element elementor-element-bea124f elementor-widget elementor-widget-global elementor-global-9341 elementor-widget-text-editor\" data-id=\"bea124f\" data-element_type=\"widget\" data-e-type=\"widget\" data-widget_type=\"text-editor.default\">\n\t\t\t\t<div class=\"elementor-widget-container\">\n\t\t\t\t\t\t\t\t\t<p><strong>PS:\u00a0<span style=\"color: #ff6600;\"><a style=\"color: #ff6600;\" href=\"https:\/\/gradido.net\/donations\/\">Wegen der stetig wachsenden Bedeutung von Gradido wiederholen wir unsere Dankbarkeits-Aktion am 26.Juni 2026:<\/a>\u00a0<\/span><span style=\"color: #0000ff;\"><a style=\"color: #0000ff;\" href=\"https:\/\/gradido.net\/donations\/\">Zus\u00e4tzlich zu den vielfachen GradidoTransform f\u00fcr Deinen F\u00f6rderbeitrag erh\u00f6hen wir am 26.06.26 alle GDT-Kontost\u00e4nde um 26%. F\u00f6rdere jetzt auch Du und komme in den Genuss der vielfachen Menge GDT!<\/a><\/span><\/strong><\/p>\t\t\t\t\t\t\t\t<\/div>\n\t\t\t\t<\/div>\n\t\t\t\t\t<\/div>\n\t\t<\/div>\n\t\t\t\t\t<\/div>\n\t\t<\/section>\n\t\t\t\t<section class=\"elementor-section elementor-top-section elementor-element elementor-element-29dfc07 elementor-section-boxed elementor-section-height-default elementor-section-height-default\" data-id=\"29dfc07\" data-element_type=\"section\" data-e-type=\"section\">\n\t\t\t\t\t\t<div class=\"elementor-container elementor-column-gap-default\">\n\t\t\t\t\t<div class=\"elementor-column elementor-col-100 elementor-top-column elementor-element elementor-element-d37ec5a\" data-id=\"d37ec5a\" data-element_type=\"column\" data-e-type=\"column\">\n\t\t\t<div class=\"elementor-widget-wrap\">\n\t\t\t\t\t\t\t<\/div>\n\t\t<\/div>\n\t\t\t\t\t<\/div>\n\t\t<\/section>\n\t\t\t\t<section class=\"elementor-section elementor-top-section elementor-element elementor-element-b3bbb9b elementor-section-boxed elementor-section-height-default elementor-section-height-default\" data-id=\"b3bbb9b\" data-element_type=\"section\" data-e-type=\"section\">\n\t\t\t\t\t\t<div class=\"elementor-container elementor-column-gap-default\">\n\t\t\t\t\t<div class=\"elementor-column elementor-col-100 elementor-top-column elementor-element elementor-element-a7e88ad\" data-id=\"a7e88ad\" data-element_type=\"column\" data-e-type=\"column\">\n\t\t\t<div class=\"elementor-widget-wrap\">\n\t\t\t\t\t\t\t<\/div>\n\t\t<\/div>\n\t\t\t\t\t<\/div>\n\t\t<\/section>\n\t\t\t\t<\/div>\n\t\t","protected":false},"excerpt":{"rendered":"<p>Model Gradido oferuje systemowy klucz do oszcz\u0119dno\u015bci 65-80% globalnego zu\u017cycia energii przy jednoczesnej poprawie jako\u015bci \u017cycia dla wszystkich.<\/p>","protected":false},"author":2,"featured_media":13236,"comment_status":"closed","ping_status":"closed","sticky":false,"template":"","format":"standard","meta":{"footnotes":""},"categories":[51,11],"tags":[],"class_list":["post-13235","post","type-post","status-publish","format-standard","has-post-thumbnail","hentry","category-analysen","category-blog"],"yoast_head":"<!-- This site is optimized with the Yoast SEO plugin v27.4 - https:\/\/yoast.com\/product\/yoast-seo-wordpress\/ -->\n<title>Die Erde in ein Paradies r\u00fcckverwandeln - Gradido<\/title>\n<meta name=\"description\" content=\"Das Gradido-Modell bietet den systemischen Schl\u00fcssel, 65\u201380% des globalen Energieverbrauchs einzusparen bei gleichzeitig h\u00f6herer Lebensqualit\u00e4t f\u00fcr alle.\" \/>\n<meta name=\"robots\" content=\"index, follow, max-snippet:-1, max-image-preview:large, max-video-preview:-1\" \/>\n<link rel=\"canonical\" href=\"https:\/\/gradido.net\/pl\/die-erde-in-ein-paradies-rueckverwandeln\/\" \/>\n<meta property=\"og:locale\" content=\"pl_PL\" \/>\n<meta property=\"og:type\" content=\"article\" \/>\n<meta property=\"og:title\" content=\"Die Erde in ein Paradies r\u00fcckverwandeln - Gradido\" \/>\n<meta property=\"og:description\" content=\"Das Gradido-Modell bietet den systemischen Schl\u00fcssel, 65\u201380% des globalen Energieverbrauchs einzusparen bei gleichzeitig h\u00f6herer Lebensqualit\u00e4t f\u00fcr alle.\" \/>\n<meta property=\"og:url\" content=\"https:\/\/gradido.net\/pl\/die-erde-in-ein-paradies-rueckverwandeln\/\" \/>\n<meta property=\"og:site_name\" content=\"Gradido\" \/>\n<meta property=\"article:published_time\" content=\"2026-04-01T04:04:10+00:00\" \/>\n<meta property=\"article:modified_time\" content=\"2026-04-22T14:52:23+00:00\" \/>\n<meta property=\"og:image\" content=\"https:\/\/gradido.net\/wp-content\/uploads\/2026\/03\/Paradies.jpg\" \/>\n\t<meta property=\"og:image:width\" content=\"1920\" \/>\n\t<meta property=\"og:image:height\" content=\"1080\" \/>\n\t<meta property=\"og:image:type\" content=\"image\/jpeg\" \/>\n<meta name=\"author\" content=\"Bernd H\u00fcckst\u00e4dt\" \/>\n<meta name=\"twitter:card\" content=\"summary_large_image\" \/>\n<meta name=\"twitter:label1\" content=\"Napisane przez\" \/>\n\t<meta name=\"twitter:data1\" content=\"Bernd H\u00fcckst\u00e4dt\" \/>\n\t<meta name=\"twitter:label2\" content=\"Szacowany czas czytania\" \/>\n\t<meta name=\"twitter:data2\" content=\"18 minut\" \/>\n<script type=\"application\/ld+json\" class=\"yoast-schema-graph\">{\"@context\":\"https:\\\/\\\/schema.org\",\"@graph\":[{\"@type\":\"Article\",\"@id\":\"https:\\\/\\\/gradido.net\\\/die-erde-in-ein-paradies-rueckverwandeln\\\/#article\",\"isPartOf\":{\"@id\":\"https:\\\/\\\/gradido.net\\\/die-erde-in-ein-paradies-rueckverwandeln\\\/\"},\"author\":{\"name\":\"Bernd H\u00fcckst\u00e4dt\",\"@id\":\"https:\\\/\\\/gradido.net\\\/de\\\/#\\\/schema\\\/person\\\/9c503a004ad15a1ddecadce2218db5d1\"},\"headline\":\"Die Erde in ein Paradies r\u00fcckverwandeln\",\"datePublished\":\"2026-04-01T04:04:10+00:00\",\"dateModified\":\"2026-04-22T14:52:23+00:00\",\"mainEntityOfPage\":{\"@id\":\"https:\\\/\\\/gradido.net\\\/die-erde-in-ein-paradies-rueckverwandeln\\\/\"},\"wordCount\":3349,\"publisher\":{\"@id\":\"https:\\\/\\\/gradido.net\\\/de\\\/#organization\"},\"image\":{\"@id\":\"https:\\\/\\\/gradido.net\\\/die-erde-in-ein-paradies-rueckverwandeln\\\/#primaryimage\"},\"thumbnailUrl\":\"https:\\\/\\\/gradido.net\\\/wp-content\\\/uploads\\\/2026\\\/03\\\/Paradies.jpg\",\"articleSection\":[\"Analysen\",\"Blog\"],\"inLanguage\":\"pl-PL\"},{\"@type\":\"WebPage\",\"@id\":\"https:\\\/\\\/gradido.net\\\/die-erde-in-ein-paradies-rueckverwandeln\\\/\",\"url\":\"https:\\\/\\\/gradido.net\\\/die-erde-in-ein-paradies-rueckverwandeln\\\/\",\"name\":\"Die Erde in ein Paradies r\u00fcckverwandeln - Gradido\",\"isPartOf\":{\"@id\":\"https:\\\/\\\/gradido.net\\\/de\\\/#website\"},\"primaryImageOfPage\":{\"@id\":\"https:\\\/\\\/gradido.net\\\/die-erde-in-ein-paradies-rueckverwandeln\\\/#primaryimage\"},\"image\":{\"@id\":\"https:\\\/\\\/gradido.net\\\/die-erde-in-ein-paradies-rueckverwandeln\\\/#primaryimage\"},\"thumbnailUrl\":\"https:\\\/\\\/gradido.net\\\/wp-content\\\/uploads\\\/2026\\\/03\\\/Paradies.jpg\",\"datePublished\":\"2026-04-01T04:04:10+00:00\",\"dateModified\":\"2026-04-22T14:52:23+00:00\",\"description\":\"Das Gradido-Modell bietet den systemischen Schl\u00fcssel, 65\u201380% des globalen Energieverbrauchs einzusparen bei gleichzeitig h\u00f6herer Lebensqualit\u00e4t f\u00fcr alle.\",\"breadcrumb\":{\"@id\":\"https:\\\/\\\/gradido.net\\\/die-erde-in-ein-paradies-rueckverwandeln\\\/#breadcrumb\"},\"inLanguage\":\"pl-PL\",\"potentialAction\":[{\"@type\":\"ReadAction\",\"target\":[\"https:\\\/\\\/gradido.net\\\/die-erde-in-ein-paradies-rueckverwandeln\\\/\"]}]},{\"@type\":\"ImageObject\",\"inLanguage\":\"pl-PL\",\"@id\":\"https:\\\/\\\/gradido.net\\\/die-erde-in-ein-paradies-rueckverwandeln\\\/#primaryimage\",\"url\":\"https:\\\/\\\/gradido.net\\\/wp-content\\\/uploads\\\/2026\\\/03\\\/Paradies.jpg\",\"contentUrl\":\"https:\\\/\\\/gradido.net\\\/wp-content\\\/uploads\\\/2026\\\/03\\\/Paradies.jpg\",\"width\":1920,\"height\":1080},{\"@type\":\"BreadcrumbList\",\"@id\":\"https:\\\/\\\/gradido.net\\\/die-erde-in-ein-paradies-rueckverwandeln\\\/#breadcrumb\",\"itemListElement\":[{\"@type\":\"ListItem\",\"position\":1,\"name\":\"Startseite\",\"item\":\"https:\\\/\\\/gradido.net\\\/\"},{\"@type\":\"ListItem\",\"position\":2,\"name\":\"Die Erde in ein Paradies r\u00fcckverwandeln\"}]},{\"@type\":\"WebSite\",\"@id\":\"https:\\\/\\\/gradido.net\\\/de\\\/#website\",\"url\":\"https:\\\/\\\/gradido.net\\\/de\\\/\",\"name\":\"Gradido\",\"description\":\"Die neue W\u00e4hrung hei\u00dft Dankbarkeit\",\"publisher\":{\"@id\":\"https:\\\/\\\/gradido.net\\\/de\\\/#organization\"},\"potentialAction\":[{\"@type\":\"SearchAction\",\"target\":{\"@type\":\"EntryPoint\",\"urlTemplate\":\"https:\\\/\\\/gradido.net\\\/de\\\/?s={search_term_string}\"},\"query-input\":{\"@type\":\"PropertyValueSpecification\",\"valueRequired\":true,\"valueName\":\"search_term_string\"}}],\"inLanguage\":\"pl-PL\"},{\"@type\":\"Organization\",\"@id\":\"https:\\\/\\\/gradido.net\\\/de\\\/#organization\",\"name\":\"Gradido\",\"url\":\"https:\\\/\\\/gradido.net\\\/de\\\/\",\"logo\":{\"@type\":\"ImageObject\",\"inLanguage\":\"pl-PL\",\"@id\":\"https:\\\/\\\/gradido.net\\\/de\\\/#\\\/schema\\\/logo\\\/image\\\/\",\"url\":\"https:\\\/\\\/gradido.net\\\/wp-content\\\/uploads\\\/2022\\\/04\\\/gradido-social.jpg\",\"contentUrl\":\"https:\\\/\\\/gradido.net\\\/wp-content\\\/uploads\\\/2022\\\/04\\\/gradido-social.jpg\",\"width\":527,\"height\":273,\"caption\":\"Gradido\"},\"image\":{\"@id\":\"https:\\\/\\\/gradido.net\\\/de\\\/#\\\/schema\\\/logo\\\/image\\\/\"}},{\"@type\":\"Person\",\"@id\":\"https:\\\/\\\/gradido.net\\\/de\\\/#\\\/schema\\\/person\\\/9c503a004ad15a1ddecadce2218db5d1\",\"name\":\"Bernd H\u00fcckst\u00e4dt\",\"sameAs\":[\"https:\\\/\\\/gradido.net\"],\"url\":\"https:\\\/\\\/gradido.net\\\/pl\\\/author\\\/bernd\\\/\"}]}<\/script>\n<!-- \/ Yoast SEO plugin. -->","yoast_head_json":{"title":"Przekszta\u0142canie Ziemi z powrotem w raj - Gradido","description":"Model Gradido oferuje systemowy klucz do oszcz\u0119dno\u015bci 65-80% globalnego zu\u017cycia energii przy jednoczesnej poprawie jako\u015bci \u017cycia dla wszystkich.","robots":{"index":"index","follow":"follow","max-snippet":"max-snippet:-1","max-image-preview":"max-image-preview:large","max-video-preview":"max-video-preview:-1"},"canonical":"https:\/\/gradido.net\/pl\/die-erde-in-ein-paradies-rueckverwandeln\/","og_locale":"pl_PL","og_type":"article","og_title":"Die Erde in ein Paradies r\u00fcckverwandeln - Gradido","og_description":"Das Gradido-Modell bietet den systemischen Schl\u00fcssel, 65\u201380% des globalen Energieverbrauchs einzusparen bei gleichzeitig h\u00f6herer Lebensqualit\u00e4t f\u00fcr alle.","og_url":"https:\/\/gradido.net\/pl\/die-erde-in-ein-paradies-rueckverwandeln\/","og_site_name":"Gradido","article_published_time":"2026-04-01T04:04:10+00:00","article_modified_time":"2026-04-22T14:52:23+00:00","og_image":[{"width":1920,"height":1080,"url":"https:\/\/gradido.net\/wp-content\/uploads\/2026\/03\/Paradies.jpg","type":"image\/jpeg"}],"author":"Bernd H\u00fcckst\u00e4dt","twitter_card":"summary_large_image","twitter_misc":{"Napisane przez":"Bernd H\u00fcckst\u00e4dt","Szacowany czas czytania":"18 minut"},"schema":{"@context":"https:\/\/schema.org","@graph":[{"@type":"Article","@id":"https:\/\/gradido.net\/die-erde-in-ein-paradies-rueckverwandeln\/#article","isPartOf":{"@id":"https:\/\/gradido.net\/die-erde-in-ein-paradies-rueckverwandeln\/"},"author":{"name":"Bernd H\u00fcckst\u00e4dt","@id":"https:\/\/gradido.net\/de\/#\/schema\/person\/9c503a004ad15a1ddecadce2218db5d1"},"headline":"Die Erde in ein Paradies r\u00fcckverwandeln","datePublished":"2026-04-01T04:04:10+00:00","dateModified":"2026-04-22T14:52:23+00:00","mainEntityOfPage":{"@id":"https:\/\/gradido.net\/die-erde-in-ein-paradies-rueckverwandeln\/"},"wordCount":3349,"publisher":{"@id":"https:\/\/gradido.net\/de\/#organization"},"image":{"@id":"https:\/\/gradido.net\/die-erde-in-ein-paradies-rueckverwandeln\/#primaryimage"},"thumbnailUrl":"https:\/\/gradido.net\/wp-content\/uploads\/2026\/03\/Paradies.jpg","articleSection":["Analysen","Blog"],"inLanguage":"pl-PL"},{"@type":"WebPage","@id":"https:\/\/gradido.net\/die-erde-in-ein-paradies-rueckverwandeln\/","url":"https:\/\/gradido.net\/die-erde-in-ein-paradies-rueckverwandeln\/","name":"Przekszta\u0142canie Ziemi z powrotem w raj - Gradido","isPartOf":{"@id":"https:\/\/gradido.net\/de\/#website"},"primaryImageOfPage":{"@id":"https:\/\/gradido.net\/die-erde-in-ein-paradies-rueckverwandeln\/#primaryimage"},"image":{"@id":"https:\/\/gradido.net\/die-erde-in-ein-paradies-rueckverwandeln\/#primaryimage"},"thumbnailUrl":"https:\/\/gradido.net\/wp-content\/uploads\/2026\/03\/Paradies.jpg","datePublished":"2026-04-01T04:04:10+00:00","dateModified":"2026-04-22T14:52:23+00:00","description":"Model Gradido oferuje systemowy klucz do oszcz\u0119dno\u015bci 65-80% globalnego zu\u017cycia energii przy jednoczesnej poprawie jako\u015bci \u017cycia dla wszystkich.","breadcrumb":{"@id":"https:\/\/gradido.net\/die-erde-in-ein-paradies-rueckverwandeln\/#breadcrumb"},"inLanguage":"pl-PL","potentialAction":[{"@type":"ReadAction","target":["https:\/\/gradido.net\/die-erde-in-ein-paradies-rueckverwandeln\/"]}]},{"@type":"ImageObject","inLanguage":"pl-PL","@id":"https:\/\/gradido.net\/die-erde-in-ein-paradies-rueckverwandeln\/#primaryimage","url":"https:\/\/gradido.net\/wp-content\/uploads\/2026\/03\/Paradies.jpg","contentUrl":"https:\/\/gradido.net\/wp-content\/uploads\/2026\/03\/Paradies.jpg","width":1920,"height":1080},{"@type":"BreadcrumbList","@id":"https:\/\/gradido.net\/die-erde-in-ein-paradies-rueckverwandeln\/#breadcrumb","itemListElement":[{"@type":"ListItem","position":1,"name":"Startseite","item":"https:\/\/gradido.net\/"},{"@type":"ListItem","position":2,"name":"Die Erde in ein Paradies r\u00fcckverwandeln"}]},{"@type":"WebSite","@id":"https:\/\/gradido.net\/de\/#website","url":"https:\/\/gradido.net\/de\/","name":"Gradido","description":"Now\u0105 walut\u0105 jest wdzi\u0119czno\u015b\u0107","publisher":{"@id":"https:\/\/gradido.net\/de\/#organization"},"potentialAction":[{"@type":"SearchAction","target":{"@type":"EntryPoint","urlTemplate":"https:\/\/gradido.net\/de\/?s={search_term_string}"},"query-input":{"@type":"PropertyValueSpecification","valueRequired":true,"valueName":"search_term_string"}}],"inLanguage":"pl-PL"},{"@type":"Organization","@id":"https:\/\/gradido.net\/de\/#organization","name":"Gradido","url":"https:\/\/gradido.net\/de\/","logo":{"@type":"ImageObject","inLanguage":"pl-PL","@id":"https:\/\/gradido.net\/de\/#\/schema\/logo\/image\/","url":"https:\/\/gradido.net\/wp-content\/uploads\/2022\/04\/gradido-social.jpg","contentUrl":"https:\/\/gradido.net\/wp-content\/uploads\/2022\/04\/gradido-social.jpg","width":527,"height":273,"caption":"Gradido"},"image":{"@id":"https:\/\/gradido.net\/de\/#\/schema\/logo\/image\/"}},{"@type":"Person","@id":"https:\/\/gradido.net\/de\/#\/schema\/person\/9c503a004ad15a1ddecadce2218db5d1","name":"Bernd H\u00fcckst\u00e4dt","sameAs":["https:\/\/gradido.net"],"url":"https:\/\/gradido.net\/pl\/author\/bernd\/"}]}},"_links":{"self":[{"href":"https:\/\/gradido.net\/pl\/wp-json\/wp\/v2\/posts\/13235","targetHints":{"allow":["GET"]}}],"collection":[{"href":"https:\/\/gradido.net\/pl\/wp-json\/wp\/v2\/posts"}],"about":[{"href":"https:\/\/gradido.net\/pl\/wp-json\/wp\/v2\/types\/post"}],"author":[{"embeddable":true,"href":"https:\/\/gradido.net\/pl\/wp-json\/wp\/v2\/users\/2"}],"replies":[{"embeddable":true,"href":"https:\/\/gradido.net\/pl\/wp-json\/wp\/v2\/comments?post=13235"}],"version-history":[{"count":29,"href":"https:\/\/gradido.net\/pl\/wp-json\/wp\/v2\/posts\/13235\/revisions"}],"predecessor-version":[{"id":13508,"href":"https:\/\/gradido.net\/pl\/wp-json\/wp\/v2\/posts\/13235\/revisions\/13508"}],"wp:featuredmedia":[{"embeddable":true,"href":"https:\/\/gradido.net\/pl\/wp-json\/wp\/v2\/media\/13236"}],"wp:attachment":[{"href":"https:\/\/gradido.net\/pl\/wp-json\/wp\/v2\/media?parent=13235"}],"wp:term":[{"taxonomy":"category","embeddable":true,"href":"https:\/\/gradido.net\/pl\/wp-json\/wp\/v2\/categories?post=13235"},{"taxonomy":"post_tag","embeddable":true,"href":"https:\/\/gradido.net\/pl\/wp-json\/wp\/v2\/tags?post=13235"}],"curies":[{"name":"wp","href":"https:\/\/api.w.org\/{rel}","templated":true}]}}