{"id":1731,"date":"2021-01-27T16:31:50","date_gmt":"2021-01-27T15:31:50","guid":{"rendered":"https:\/\/gradido.net\/?p=1731"},"modified":"2021-12-11T20:57:47","modified_gmt":"2021-12-11T19:57:47","slug":"gradido-garantiert-gleichberechtigung-von-mann-und-frau","status":"publish","type":"post","link":"https:\/\/gradido.net\/pl\/gradido-garantiert-gleichberechtigung-von-mann-und-frau\/","title":{"rendered":"Gradido gwarantuje r\u00f3wne prawa dla m\u0119\u017cczyzn i kobiet"},"content":{"rendered":"<div data-elementor-type=\"wp-post\" data-elementor-id=\"1731\" class=\"elementor elementor-1731\" data-elementor-post-type=\"post\">\n\t\t\t\t\t\t<section class=\"elementor-section elementor-top-section elementor-element elementor-element-496e1d53 elementor-section-boxed elementor-section-height-default elementor-section-height-default\" data-id=\"496e1d53\" data-element_type=\"section\" data-e-type=\"section\">\n\t\t\t\t\t\t<div class=\"elementor-container elementor-column-gap-default\">\n\t\t\t\t\t<div class=\"elementor-column elementor-col-100 elementor-top-column elementor-element elementor-element-461d7be0\" data-id=\"461d7be0\" data-element_type=\"column\" data-e-type=\"column\">\n\t\t\t<div class=\"elementor-widget-wrap elementor-element-populated\">\n\t\t\t\t\t\t<div class=\"elementor-element elementor-element-cd9ebe2 elementor-widget elementor-widget-text-editor\" data-id=\"cd9ebe2\" data-element_type=\"widget\" data-e-type=\"widget\" data-widget_type=\"text-editor.default\">\n\t\t\t\t<div class=\"elementor-widget-container\">\n\t\t\t\t\t\t\t\t\t<h2>Czy blokada ujawnia pora\u017ck\u0119 r\u00f3wnych szans?<\/h2><p><strong>K\u00fcnzelsau, 27.01.2021 - Kobiety nigdy nie by\u0142y tak \"systemowo istotne\" jak w kryzysie Corony - i rzadko kiedy bardziej obci\u0105\u017cone. Na ca\u0142ym \u015bwiecie 70 procent pracownik\u00f3w w zawodach spo\u0142ecznych i opieku\u0144czych to kobiety. Nawet w normalnych czasach wykonuj\u0105 one r\u00f3wnie\u017c \u015brednio trzy razy wi\u0119cej nieodp\u0142atnej \"pracy opieku\u0144czej\" ni\u017c m\u0119\u017cczy\u017ani. W obecnym kryzysie grozi to ich zgub\u0105. To przede wszystkim kobiety z ka\u017cd\u0105 blokad\u0105 coraz bardziej skracaj\u0105 sw\u00f3j czas pracy, aby zaj\u0105\u0107 si\u0119 dzie\u0107mi, p\u00f3j\u015b\u0107 do szko\u0142y lub zaopiekowa\u0107 si\u0119 potrzebuj\u0105cymi cz\u0142onkami rodziny. Ten rozw\u00f3j wypadk\u00f3w pokazuje dobitnie, jak krucha by\u0142a w rzeczywisto\u015bci rzekoma r\u00f3wno\u015b\u0107. W rzeczywisto\u015bci istnieje ryzyko, \u017ce kobiety stan\u0105 si\u0119 najwi\u0119kszymi przegranymi kryzysu, je\u015bli \u015bwiat pracy nie zostanie kompleksowo zreformowany. Dla naukowc\u00f3w spo\u0142ecznych fundamentalna transformacja naszych obecnych modeli zatrudnienia wydaje si\u0119 nieunikniona, je\u015bli m\u0119\u017cczy\u017ani i kobiety maj\u0105 mie\u0107 w ko\u0144cu r\u00f3wne szanse. Ekonomiczna bionika akademii Gradido ju\u017c skompilowa\u0142a odpowiedni\u0105 koncepcj\u0119 dodatkowo. Buduj\u0105 one mocno na r\u00f3wnym udziale p\u0142ci - zgodnie z naturalnymi wzorcami sukcesu. <\/strong><\/p><p>Tradycyjnie, kobiety nie tylko przejmowa\u0142y lwi\u0105 cz\u0119\u015b\u0107 opieki nad osobami starszymi i chorymi, ale tak\u017ce prace domowe i rodzinne oraz opiek\u0119 nad potrzebuj\u0105cymi krewnymi. Z jednej strony, s\u0142u\u017c\u0105 one tradycyjnemu wyobra\u017ceniu o sobie, \u017ce jest to wyraz troskliwej opieki. Z drugiej strony, utrzymuj\u0105ce si\u0119 ni\u017csze wynagrodzenie dla pracownik\u00f3w p\u0142ci \u017ce\u0144skiej oznacza, \u017ce nawet dzi\u015b to g\u0142\u00f3wnie kobiety zmniejszaj\u0105 swoje zaanga\u017cowanie zawodowe, gdy dzieci lub rodzice potrzebuj\u0105 wsparcia. Je\u015bli podw\u00f3jne obci\u0105\u017cenie by\u0142o powa\u017cnym wyzwaniem jeszcze przed kryzysem Corony, to w dobie home office i homeschoolingu staje si\u0119 ono powa\u017cnym obci\u0105\u017ceniem - z gro\u017anymi konsekwencjami. Ostatnie badania wykaza\u0142y, \u017ce ka\u017cde dodatkowe zamkni\u0119cie powoduje, \u017ce kobiety jeszcze bardziej ograniczaj\u0105 sw\u00f3j czas pracy na rzecz zwi\u0119kszenia obowi\u0105zk\u00f3w rodzinnych. Ekonomi\u015bci obawiaj\u0105 si\u0119, \u017ce z powodu tej tendencji wiele pracownic ryzykuje trwa\u0142\u0105 utrat\u0119 dochod\u00f3w i bolesne niepowodzenia w karierze.<\/p><p>Wed\u0142ug Niemieckiego Instytutu Bada\u0144 Gospodarczych udzia\u0142 kobiet w \"istotnych dla systemu\" grupach zawodowych wynosi nieco poni\u017cej 75%. Jako piel\u0119gniarki i piel\u0119gniarze geriatryczni opiekuj\u0105 si\u0119 chorymi lud\u017ami na pierwszej linii frontu. Kasjerzy \"utrzymuj\u0105 sklep w ruchu\". Piel\u0119gniarki opiekuj\u0105 si\u0119 dzie\u0107mi tych, kt\u00f3rzy nie mog\u0105 oderwa\u0107 si\u0119 od swojej systemowo wa\u017cnej pracy, kiedy szko\u0142y i \u015bwietlice s\u0105 zamkni\u0119te. Wsp\u00f3ln\u0105 cech\u0105 tych \"kobiecych zawod\u00f3w\" jest jednak nie tylko to, \u017ce s\u0105 one uwa\u017cane za niezb\u0119dne w kryzysie Corony, ale r\u00f3wnie\u017c to, \u017ce s\u0105 one przewa\u017cnie s\u0142abo op\u0142acane. Pod\u0105\u017caj\u0105c swobodnie za dewiz\u0105 \"To, co w rodzinie robi si\u0119 'za darmo', nie mo\u017ce kosztowa\u0107 wiele\", typowo kobiece zawody r\u00f3wnie\u017c nie maj\u0105 odpowiedniej warto\u015bci ekonomicznej na rynku pracy. Ta spo\u0142eczna pogarda dla pracy opieku\u0144czej jest nie tylko nie do zniesienia, ale tak\u017ce w najwy\u017cszej miary nonsensowna\" Margret Baier, w\u0142a\u015bcicielka akademii Gradido, oburzy\u0142a si\u0119, \"poniewa\u017c ta kobieca praca opieku\u0144cza jest egzystencjalna zar\u00f3wno dla naszej gospodarki, jak i dla naszego dobrobytu.\" Wydajno\u015b\u0107 pracy kobiet jest kr\u0119gos\u0142upem naszego systemu, i to nie tylko w czasie tego kryzysu.\"<\/p><p>Niezale\u017cnie od tego, najnowsze badania Fundacji Bertelsmanna potwierdzaj\u0105, jak bardzo kryzys Corony wp\u0142yn\u0105\u0142 na tradycyjne wzorce roli w rodzinie - i jak bardzo kobiety s\u0105 z tego powodu przeci\u0105\u017cone fizycznie i psychicznie. \"Potrzebny jest interdyscyplinarny dyskurs spo\u0142eczny na temat zalet i wad wsp\u00f3\u0142czesnego \u015bwiata pracy. Rynek pracy i polityka zatrudnienia, polityka rodzinna i zdrowotna nie mog\u0105 by\u0107 ju\u017c rozpatrywane oddzielnie\", m\u00f3wi Martin Spilker, dyrektor Centrum Kompetencji Kultury Korporacyjnej i Przyw\u00f3dztwa Fundacji.<\/p><p>\"Pilnie potrzebujemy bardziej elastycznych modeli pracy oraz odpowiedniego doceniania i wynagradzania pracy opieku\u0144czej\", potwierdza r\u00f3wnie\u017c Bernd H\u00fcckst\u00e4dt, wsp\u00f3\u0142za\u0142o\u017cyciel Akademii Gradido. Przez ponad dwie dekady eksperci bioniki ekonomicznej z tego niezale\u017cnego instytutu badawczego opracowywali walut\u0119 Gradido, b\u0119d\u0105c\u0105 podstaw\u0105 nowego modelu ekonomicznego i finansowego. \"Od dawna by\u0142o dla nas jasne, \u017ce dominuj\u0105cy model nie mo\u017ce ju\u017c d\u0142u\u017cej funkcjonowa\u0107 w d\u0142u\u017cszej perspektywie czasowej. Kryzys nie przyni\u00f3s\u0142 nam zatem \u017cadnych niespodzianek, a jedynie uwypukli\u0142 problemy, kt\u00f3re nieuchronnie mia\u0142y nadej\u015b\u0107. Teraz jednak istnieje pilna potrzeba korekty kursu, poniewa\u017c w \u017cadnym wypadku przysz\u0142e pokolenia nie pozwol\u0105 sobie na zmuszanie ich do \u017cycia w spos\u00f3b, jaki przynios\u0142aby im kontynuacja obecnego modelu gospodarczego. To, jak kobiety ju\u017c teraz cierpi\u0105 z tego powodu, staje si\u0119 ca\u0142kiem oczywiste.\"<\/p><p>Model rozwi\u0105za\u0144 Akademii Gradido oparty jest na tysi\u0105cletnich wzorcach sukcesu w przyrodzie. Pod\u0105\u017caj\u0105c za naturalnym cyklem stawania si\u0119 i przemijania, bionicy ekonomiczni stworzyli kombinacj\u0119 wsp\u00f3lnej waluty Gradido z \"Aktywnym Dochodem Podstawowym\" i woln\u0105 od d\u0142ug\u00f3w kreacj\u0105 pieni\u0105dza zgodnie z \"Potr\u00f3jnym Dobrem\". Konkretnie, transformacja obecnego systemu gospodarczego i finansowego do modelu Gradido oznacza\u0142aby koniec zasady pieni\u0105dza d\u0142u\u017cnego. Zamiast tego dla ka\u017cdej osoby tworzone by\u0142yby co miesi\u0105c 3 x 1 000 Gradido. 1.000 Gradido by\u0142oby dost\u0119pne dla bud\u017cetu pa\u0144stwa. W Niemczech ta kreacja pieni\u0105dza by\u0142aby w przybli\u017ceniu r\u00f3wna obecnemu bud\u017cetowi publicznemu (federalnemu, stanowemu i lokalnemu) plus opieka zdrowotna i spo\u0142eczna. Kolejne 1.000 Gradido zosta\u0142oby zgarni\u0119te na g\u0142ow\u0119 mieszka\u0144ca na rzecz funduszy wyr\u00f3wnawczych i \u015brodowiskowych. Ostatnia jedna trzecia by\u0142aby dost\u0119pna dla ka\u017cdego jako \"aktywny doch\u00f3d podstawowy\", co nie tylko zapewni\u0142oby ka\u017cdemu cz\u0142owiekowi zaspokojenie potrzeb \u017cyciowych, ale tak\u017ce zagwarantowa\u0142oby, \u017ce kobiety i m\u0119\u017cczy\u017ani mogliby w przysz\u0142o\u015bci by\u0107 r\u00f3wnie aktywni i spe\u0142nieni zawodowo i rodzinnie.<\/p><p>Konieczno\u015b\u0107 zmian strukturalnych potwierdza r\u00f3wnie\u017c prof. dr Bettina Kohlrausch, dyrektor naukowy Instytutu Bada\u0144 Gospodarczych i Spo\u0142ecznych (WSI) Fundacji Hansa B\u00f6cklera. W podca\u015bcie \"Systemrelevant\" rozwija ona kwesti\u0119 tego, jak bardzo kryzys w firmie Corona uderza w kobiety: \"Niezb\u0119dna jest prawdziwa zmiana strukturalna, poniewa\u017c nie mo\u017ce by\u0107 tak, \u017ce oczekuje si\u0119 od kobiet, \u017ce b\u0119d\u0105 pracowa\u0142y za niskie wynagrodzenie, za ma\u0142o zarabia\u0142y lub nie otrzymywa\u0142y wynagrodzenia. Dzisiejsze struktury funkcjonuj\u0105 tylko dlatego, \u017ce kobiety s\u0105 podw\u00f3jnie uspo\u0142ecznione, a wi\u0119c poruszaj\u0105 si\u0119 na rynku pracy i w prywatnej opiece, a ostatecznie wykonuj\u0105 w obu tych obszarach prac\u0119, kt\u00f3ra nie jest odpowiednio doceniana.\" Ponadto, Kohlrausch, kt\u00f3ry jest r\u00f3wnie\u017c profesorem transformacji na Uniwersytecie w Paderborn, wzywa do \"realistycznej organizacji czasu pracy i dzia\u0142alno\u015bci zarobkowej w taki spos\u00f3b, aby pozostawi\u0107 wystarczaj\u0105co du\u017co czasu na prac\u0119 rodzinn\u0105 i dzia\u0142alno\u015b\u0107 wolontariack\u0105\".<\/p><p>\"Tylko transformacja patriarchalnego systemu gospodarczego i finansowego b\u0119dzie w stanie wyeliminowa\u0107 d\u0142ugoterminowe problemy, kt\u00f3re wynikaj\u0105 z trwaj\u0105cej przez ca\u0142e \u017cycie dyskryminacji wi\u0119kszo\u015bci kobiet na rynku pracy: Wiecznie zagra\u017caj\u0105ca pu\u0142apka ub\u00f3stwa w przypadku rozpadu ma\u0142\u017ce\u0144stwa lub samotnych rodzic\u00f3w - oraz ub\u00f3stwo starcze, kt\u00f3re dotyka szczeg\u00f3lnie kobiety\", wyja\u015bnia Bernd H\u00fcckst\u00e4dt, dodaj\u0105c: \"W naszym modelu Gradido praca opieku\u0144cza jest tak samo doceniana jak ka\u017cde inne zadanie. Nasz\u0105 trosk\u0105 jest kszta\u0142towanie \u015bwiata, kt\u00f3ry rzeczywi\u015bcie odpowiada realiom \u017cycia i potrzebom ludzi.\" Margret Baier dodaje: \"Id\u0105c za przyk\u0142adem natury, ka\u017cdy udany model rozwija si\u0119 dzi\u0119ki r\u00f3wnej reprezentacji kobiecych i m\u0119skich wp\u0142yw\u00f3w - nawet bez 'kwoty kobiet'. W Akademii Gradido wiele kobiet jest aktywnych od samego pocz\u0105tku.\"<\/p><p>W celu zabezpieczenia podstawowych potrzeb ludzi na ka\u017cdym etapie ich \u017cycia zawodowego, model Gradido przewiduje r\u00f3wnie\u017c doch\u00f3d podstawowy. W przeciwie\u0144stwie do szeroko dyskutowanego bezwarunkowego dochodu podstawowego, \"Aktywny doch\u00f3d podstawowy\" w wysoko\u015bci maksymalnie 1000 Gradido miesi\u0119cznie jest przyznawany ludziom za dzia\u0142ania, kt\u00f3re ch\u0119tnie podejmuj\u0105, aby wnie\u015b\u0107 wk\u0142ad do spo\u0142eczno\u015bci i dla spo\u0142eczno\u015bci. W tym wzgl\u0119dzie docenienie tego wszystkiego, co jest niezb\u0119dne dla opieku\u0144czej wsp\u00f3lnoty, jest niemal immanentne w tym systemie. Ponadto \"Bezwarunkowe i r\u00f3wne uczestnictwo\" otwiera kobietom, m\u0119\u017cczyznom i dzieciom w ka\u017cdym wieku mo\u017cliwo\u015b\u0107 odkrywania nowych talent\u00f3w, wypr\u00f3bowania si\u0119 w r\u00f3\u017cnych dziedzinach i tym samym rozwini\u0119cia w pe\u0142ni swojego potencja\u0142u. Bernd H\u00fcckst\u00e4dt komentuje: \"Naszym deklarowanym celem jest zapewnienie dzieciom i dzieciom dzieci ka\u017cdej p\u0142ci, koloru sk\u00f3ry i pochodzenia godnej przysz\u0142o\u015bci. Zak\u0142ada to, \u017ce wszyscy maj\u0105 si\u0119 dobrze i troszcz\u0105 si\u0119 o siebie nawzajem. To sprawia, \u017ce ludzie s\u0105 szcz\u0119\u015bliwi, bo nie tylko ich serca s\u0105 szerokie, ale tak\u017ce mo\u017cliwo\u015bci kszta\u0142towania czasu na ziemi w spos\u00f3b znacz\u0105cy i wszechstronny. Brzmi utopijnie, ale wed\u0142ug naszych ustale\u0144, jest to mo\u017cliwe do zrealizowania.\"<\/p><p>Szczeg\u00f3\u0142y dotycz\u0105ce ca\u0142ego \"Modelu Gradido\" i podcastu Gradido na stronie. <a href=\"https:\/\/gradido.net\/pl\/\">https:\/\/gradido.net<\/a><\/p><p><!-- \/wp:paragraph --><\/p>\t\t\t\t\t\t\t\t<\/div>\n\t\t\t\t<\/div>\n\t\t\t\t<div class=\"elementor-element elementor-element-e9ff241 elementor-widget elementor-widget-text-editor\" data-id=\"e9ff241\" data-element_type=\"widget\" data-e-type=\"widget\" data-widget_type=\"text-editor.default\">\n\t\t\t\t<div class=\"elementor-widget-container\">\n\t\t\t\t\t\t\t\t\t<p><strong>O Akademii Gradido<\/strong><br>Akademia Bioniki Gospodarczej Gradido opracowa\u0142a alternatywn\u0105 \"wsp\u00f3ln\u0105 dobr\u0105 walut\u0119\" w oparciu o modele przyrodnicze. Natura kieruje si\u0119 zasad\u0105, \u017ce tylko tam, gdzie co\u015b przemija, mo\u017ce pojawi\u0107 si\u0119 co\u015b nowego, a zatem mo\u017cliwa jest d\u0142ugofalowa poprawa (ewolucja). Jego recept\u0105 na sukces jest \"cykl \u017cycia\". Gdyby nasza gospodarka r\u00f3wnie\u017c pod\u0105\u017ca\u0142a tym naturalnym cyklem, to wed\u0142ug oceny biolog\u00f3w ekonomicznych praktycznie wszystkie problemy monetarne \u015bwiata mog\u0142yby zosta\u0107 rozwi\u0105zane. Model Gradido opiera si\u0119 na za\u0142o\u017ceniu, \u017ce nie tylko ka\u017cda osoba, ale r\u00f3wnie\u017c ka\u017cde pa\u0144stwo otrzymuje dochody generowane na zasadzie kredytu. Mo\u017ce wi\u0119c wykonywa\u0107 wszystkie swoje zadania bez konieczno\u015bci pobierania podatk\u00f3w. Deflacja lub inflacja nale\u017c\u0105 do przesz\u0142o\u015bci. Gospodarka zostaje uwolniona od ci\u0105g\u0142ego przymusu wzrostu, niebezpiecze\u0144stwo za\u0142amania si\u0119 systemu finansowego zostaje w ko\u0144cu za\u017cegnane. (<a href=\"https:\/\/gradido.net\/pl\/\">www.gradido.net<\/a>)<\/p>\t\t\t\t\t\t\t\t<\/div>\n\t\t\t\t<\/div>\n\t\t\t\t\t<\/div>\n\t\t<\/div>\n\t\t\t\t\t<\/div>\n\t\t<\/section>\n\t\t\t\t<\/div>","protected":false},"excerpt":{"rendered":"<p>Offenbart der Lockdown das Scheitern der Chancengleichheit? K\u00fcnzelsau, 27.01.2021 \u2013 Nie waren Frauen \u201asystemrelevanter\u2018 als in der Corona-Krise \u2013 und selten mehr belastet. Weltweit sind 70 Prozent des Personals in sozialen und pflegenden Berufen Frauen. Schon in normalen Zeiten leisten sie au\u00dferdem im Schnitt dreimal so viel unbezahlte \u201aSorgearbeit\u2018 wie M\u00e4nner. In der aktuellen Krise [&hellip;]<\/p>\n","protected":false},"author":2,"featured_media":1718,"comment_status":"closed","ping_status":"closed","sticky":false,"template":"","format":"standard","meta":{"footnotes":""},"categories":[8],"tags":[],"class_list":["post-1731","post","type-post","status-publish","format-standard","has-post-thumbnail","hentry","category-pressemitteilung"],"yoast_head":"<!-- This site is optimized with the Yoast SEO plugin v27.5 - https:\/\/yoast.com\/product\/yoast-seo-wordpress\/ -->\n<title>Gradido garantiert Gleichberechtigung von Mann und Frau - Gradido<\/title>\n<meta name=\"robots\" content=\"index, follow, max-snippet:-1, max-image-preview:large, max-video-preview:-1\" \/>\n<link rel=\"canonical\" href=\"https:\/\/gradido.net\/pl\/gradido-garantiert-gleichberechtigung-von-mann-und-frau\/\" \/>\n<meta property=\"og:locale\" content=\"pl_PL\" \/>\n<meta property=\"og:type\" content=\"article\" \/>\n<meta property=\"og:title\" content=\"Gradido garantiert Gleichberechtigung von Mann und Frau - Gradido\" \/>\n<meta property=\"og:description\" content=\"Offenbart der Lockdown das Scheitern der Chancengleichheit? K\u00fcnzelsau, 27.01.2021 \u2013 Nie waren Frauen \u201asystemrelevanter\u2018 als in der Corona-Krise \u2013 und selten mehr belastet. Weltweit sind 70 Prozent des Personals in sozialen und pflegenden Berufen Frauen. Schon in normalen Zeiten leisten sie au\u00dferdem im Schnitt dreimal so viel unbezahlte \u201aSorgearbeit\u2018 wie M\u00e4nner. In der aktuellen Krise [&hellip;]\" \/>\n<meta property=\"og:url\" content=\"https:\/\/gradido.net\/pl\/gradido-garantiert-gleichberechtigung-von-mann-und-frau\/\" \/>\n<meta property=\"og:site_name\" content=\"Gradido\" \/>\n<meta property=\"article:published_time\" content=\"2021-01-27T15:31:50+00:00\" \/>\n<meta property=\"article:modified_time\" content=\"2021-12-11T19:57:47+00:00\" \/>\n<meta property=\"og:image\" content=\"https:\/\/gradido.net\/wp-content\/uploads\/2021\/01\/chancengleichheit-scaled.jpg\" \/>\n\t<meta property=\"og:image:width\" content=\"2560\" \/>\n\t<meta property=\"og:image:height\" content=\"1737\" \/>\n\t<meta property=\"og:image:type\" content=\"image\/jpeg\" \/>\n<meta name=\"author\" content=\"Bernd H\u00fcckst\u00e4dt\" \/>\n<meta name=\"twitter:card\" content=\"summary_large_image\" \/>\n<meta name=\"twitter:label1\" content=\"Napisane przez\" \/>\n\t<meta name=\"twitter:data1\" content=\"Bernd H\u00fcckst\u00e4dt\" \/>\n\t<meta name=\"twitter:label2\" content=\"Szacowany czas czytania\" \/>\n\t<meta name=\"twitter:data2\" content=\"7 minut\" \/>\n<script type=\"application\/ld+json\" class=\"yoast-schema-graph\">{\"@context\":\"https:\\\/\\\/schema.org\",\"@graph\":[{\"@type\":\"Article\",\"@id\":\"https:\\\/\\\/gradido.net\\\/pl\\\/gradido-garantiert-gleichberechtigung-von-mann-und-frau\\\/#article\",\"isPartOf\":{\"@id\":\"https:\\\/\\\/gradido.net\\\/pl\\\/gradido-garantiert-gleichberechtigung-von-mann-und-frau\\\/\"},\"author\":{\"name\":\"Bernd H\u00fcckst\u00e4dt\",\"@id\":\"https:\\\/\\\/gradido.net\\\/de\\\/#\\\/schema\\\/person\\\/9c503a004ad15a1ddecadce2218db5d1\"},\"headline\":\"Gradido garantiert Gleichberechtigung von Mann und Frau\",\"datePublished\":\"2021-01-27T15:31:50+00:00\",\"dateModified\":\"2021-12-11T19:57:47+00:00\",\"mainEntityOfPage\":{\"@id\":\"https:\\\/\\\/gradido.net\\\/pl\\\/gradido-garantiert-gleichberechtigung-von-mann-und-frau\\\/\"},\"wordCount\":1487,\"publisher\":{\"@id\":\"https:\\\/\\\/gradido.net\\\/de\\\/#organization\"},\"image\":{\"@id\":\"https:\\\/\\\/gradido.net\\\/pl\\\/gradido-garantiert-gleichberechtigung-von-mann-und-frau\\\/#primaryimage\"},\"thumbnailUrl\":\"https:\\\/\\\/gradido.net\\\/wp-content\\\/uploads\\\/2021\\\/01\\\/chancengleichheit-scaled.jpg\",\"articleSection\":[\"Pressemitteilung\"],\"inLanguage\":\"pl-PL\"},{\"@type\":\"WebPage\",\"@id\":\"https:\\\/\\\/gradido.net\\\/pl\\\/gradido-garantiert-gleichberechtigung-von-mann-und-frau\\\/\",\"url\":\"https:\\\/\\\/gradido.net\\\/pl\\\/gradido-garantiert-gleichberechtigung-von-mann-und-frau\\\/\",\"name\":\"Gradido garantiert Gleichberechtigung von Mann und Frau - Gradido\",\"isPartOf\":{\"@id\":\"https:\\\/\\\/gradido.net\\\/de\\\/#website\"},\"primaryImageOfPage\":{\"@id\":\"https:\\\/\\\/gradido.net\\\/pl\\\/gradido-garantiert-gleichberechtigung-von-mann-und-frau\\\/#primaryimage\"},\"image\":{\"@id\":\"https:\\\/\\\/gradido.net\\\/pl\\\/gradido-garantiert-gleichberechtigung-von-mann-und-frau\\\/#primaryimage\"},\"thumbnailUrl\":\"https:\\\/\\\/gradido.net\\\/wp-content\\\/uploads\\\/2021\\\/01\\\/chancengleichheit-scaled.jpg\",\"datePublished\":\"2021-01-27T15:31:50+00:00\",\"dateModified\":\"2021-12-11T19:57:47+00:00\",\"breadcrumb\":{\"@id\":\"https:\\\/\\\/gradido.net\\\/pl\\\/gradido-garantiert-gleichberechtigung-von-mann-und-frau\\\/#breadcrumb\"},\"inLanguage\":\"pl-PL\",\"potentialAction\":[{\"@type\":\"ReadAction\",\"target\":[\"https:\\\/\\\/gradido.net\\\/pl\\\/gradido-garantiert-gleichberechtigung-von-mann-und-frau\\\/\"]}]},{\"@type\":\"ImageObject\",\"inLanguage\":\"pl-PL\",\"@id\":\"https:\\\/\\\/gradido.net\\\/pl\\\/gradido-garantiert-gleichberechtigung-von-mann-und-frau\\\/#primaryimage\",\"url\":\"https:\\\/\\\/gradido.net\\\/wp-content\\\/uploads\\\/2021\\\/01\\\/chancengleichheit-scaled.jpg\",\"contentUrl\":\"https:\\\/\\\/gradido.net\\\/wp-content\\\/uploads\\\/2021\\\/01\\\/chancengleichheit-scaled.jpg\",\"width\":2560,\"height\":1737},{\"@type\":\"BreadcrumbList\",\"@id\":\"https:\\\/\\\/gradido.net\\\/pl\\\/gradido-garantiert-gleichberechtigung-von-mann-und-frau\\\/#breadcrumb\",\"itemListElement\":[{\"@type\":\"ListItem\",\"position\":1,\"name\":\"Startseite\",\"item\":\"https:\\\/\\\/gradido.net\\\/\"},{\"@type\":\"ListItem\",\"position\":2,\"name\":\"Gradido garantiert Gleichberechtigung von Mann und Frau\"}]},{\"@type\":\"WebSite\",\"@id\":\"https:\\\/\\\/gradido.net\\\/de\\\/#website\",\"url\":\"https:\\\/\\\/gradido.net\\\/de\\\/\",\"name\":\"Gradido\",\"description\":\"Die neue W\u00e4hrung hei\u00dft Dankbarkeit\",\"publisher\":{\"@id\":\"https:\\\/\\\/gradido.net\\\/de\\\/#organization\"},\"potentialAction\":[{\"@type\":\"SearchAction\",\"target\":{\"@type\":\"EntryPoint\",\"urlTemplate\":\"https:\\\/\\\/gradido.net\\\/de\\\/?s={search_term_string}\"},\"query-input\":{\"@type\":\"PropertyValueSpecification\",\"valueRequired\":true,\"valueName\":\"search_term_string\"}}],\"inLanguage\":\"pl-PL\"},{\"@type\":\"Organization\",\"@id\":\"https:\\\/\\\/gradido.net\\\/de\\\/#organization\",\"name\":\"Gradido\",\"url\":\"https:\\\/\\\/gradido.net\\\/de\\\/\",\"logo\":{\"@type\":\"ImageObject\",\"inLanguage\":\"pl-PL\",\"@id\":\"https:\\\/\\\/gradido.net\\\/de\\\/#\\\/schema\\\/logo\\\/image\\\/\",\"url\":\"https:\\\/\\\/gradido.net\\\/wp-content\\\/uploads\\\/2022\\\/04\\\/gradido-social.jpg\",\"contentUrl\":\"https:\\\/\\\/gradido.net\\\/wp-content\\\/uploads\\\/2022\\\/04\\\/gradido-social.jpg\",\"width\":527,\"height\":273,\"caption\":\"Gradido\"},\"image\":{\"@id\":\"https:\\\/\\\/gradido.net\\\/de\\\/#\\\/schema\\\/logo\\\/image\\\/\"}},{\"@type\":\"Person\",\"@id\":\"https:\\\/\\\/gradido.net\\\/de\\\/#\\\/schema\\\/person\\\/9c503a004ad15a1ddecadce2218db5d1\",\"name\":\"Bernd H\u00fcckst\u00e4dt\",\"sameAs\":[\"https:\\\/\\\/gradido.net\"],\"url\":\"https:\\\/\\\/gradido.net\\\/pl\\\/author\\\/bernd\\\/\"}]}<\/script>\n<!-- \/ Yoast SEO plugin. -->","yoast_head_json":{"title":"Gradido gwarantuje r\u00f3wne prawa dla m\u0119\u017cczyzn i kobiet - Gradido","robots":{"index":"index","follow":"follow","max-snippet":"max-snippet:-1","max-image-preview":"max-image-preview:large","max-video-preview":"max-video-preview:-1"},"canonical":"https:\/\/gradido.net\/pl\/gradido-garantiert-gleichberechtigung-von-mann-und-frau\/","og_locale":"pl_PL","og_type":"article","og_title":"Gradido garantiert Gleichberechtigung von Mann und Frau - Gradido","og_description":"Offenbart der Lockdown das Scheitern der Chancengleichheit? K\u00fcnzelsau, 27.01.2021 \u2013 Nie waren Frauen \u201asystemrelevanter\u2018 als in der Corona-Krise \u2013 und selten mehr belastet. Weltweit sind 70 Prozent des Personals in sozialen und pflegenden Berufen Frauen. Schon in normalen Zeiten leisten sie au\u00dferdem im Schnitt dreimal so viel unbezahlte \u201aSorgearbeit\u2018 wie M\u00e4nner. In der aktuellen Krise [&hellip;]","og_url":"https:\/\/gradido.net\/pl\/gradido-garantiert-gleichberechtigung-von-mann-und-frau\/","og_site_name":"Gradido","article_published_time":"2021-01-27T15:31:50+00:00","article_modified_time":"2021-12-11T19:57:47+00:00","og_image":[{"width":2560,"height":1737,"url":"https:\/\/gradido.net\/wp-content\/uploads\/2021\/01\/chancengleichheit-scaled.jpg","type":"image\/jpeg"}],"author":"Bernd H\u00fcckst\u00e4dt","twitter_card":"summary_large_image","twitter_misc":{"Napisane przez":"Bernd H\u00fcckst\u00e4dt","Szacowany czas czytania":"7 minut"},"schema":{"@context":"https:\/\/schema.org","@graph":[{"@type":"Article","@id":"https:\/\/gradido.net\/pl\/gradido-garantiert-gleichberechtigung-von-mann-und-frau\/#article","isPartOf":{"@id":"https:\/\/gradido.net\/pl\/gradido-garantiert-gleichberechtigung-von-mann-und-frau\/"},"author":{"name":"Bernd H\u00fcckst\u00e4dt","@id":"https:\/\/gradido.net\/de\/#\/schema\/person\/9c503a004ad15a1ddecadce2218db5d1"},"headline":"Gradido garantiert Gleichberechtigung von Mann und Frau","datePublished":"2021-01-27T15:31:50+00:00","dateModified":"2021-12-11T19:57:47+00:00","mainEntityOfPage":{"@id":"https:\/\/gradido.net\/pl\/gradido-garantiert-gleichberechtigung-von-mann-und-frau\/"},"wordCount":1487,"publisher":{"@id":"https:\/\/gradido.net\/de\/#organization"},"image":{"@id":"https:\/\/gradido.net\/pl\/gradido-garantiert-gleichberechtigung-von-mann-und-frau\/#primaryimage"},"thumbnailUrl":"https:\/\/gradido.net\/wp-content\/uploads\/2021\/01\/chancengleichheit-scaled.jpg","articleSection":["Pressemitteilung"],"inLanguage":"pl-PL"},{"@type":"WebPage","@id":"https:\/\/gradido.net\/pl\/gradido-garantiert-gleichberechtigung-von-mann-und-frau\/","url":"https:\/\/gradido.net\/pl\/gradido-garantiert-gleichberechtigung-von-mann-und-frau\/","name":"Gradido gwarantuje r\u00f3wne prawa dla m\u0119\u017cczyzn i kobiet - Gradido","isPartOf":{"@id":"https:\/\/gradido.net\/de\/#website"},"primaryImageOfPage":{"@id":"https:\/\/gradido.net\/pl\/gradido-garantiert-gleichberechtigung-von-mann-und-frau\/#primaryimage"},"image":{"@id":"https:\/\/gradido.net\/pl\/gradido-garantiert-gleichberechtigung-von-mann-und-frau\/#primaryimage"},"thumbnailUrl":"https:\/\/gradido.net\/wp-content\/uploads\/2021\/01\/chancengleichheit-scaled.jpg","datePublished":"2021-01-27T15:31:50+00:00","dateModified":"2021-12-11T19:57:47+00:00","breadcrumb":{"@id":"https:\/\/gradido.net\/pl\/gradido-garantiert-gleichberechtigung-von-mann-und-frau\/#breadcrumb"},"inLanguage":"pl-PL","potentialAction":[{"@type":"ReadAction","target":["https:\/\/gradido.net\/pl\/gradido-garantiert-gleichberechtigung-von-mann-und-frau\/"]}]},{"@type":"ImageObject","inLanguage":"pl-PL","@id":"https:\/\/gradido.net\/pl\/gradido-garantiert-gleichberechtigung-von-mann-und-frau\/#primaryimage","url":"https:\/\/gradido.net\/wp-content\/uploads\/2021\/01\/chancengleichheit-scaled.jpg","contentUrl":"https:\/\/gradido.net\/wp-content\/uploads\/2021\/01\/chancengleichheit-scaled.jpg","width":2560,"height":1737},{"@type":"BreadcrumbList","@id":"https:\/\/gradido.net\/pl\/gradido-garantiert-gleichberechtigung-von-mann-und-frau\/#breadcrumb","itemListElement":[{"@type":"ListItem","position":1,"name":"Startseite","item":"https:\/\/gradido.net\/"},{"@type":"ListItem","position":2,"name":"Gradido garantiert Gleichberechtigung von Mann und Frau"}]},{"@type":"WebSite","@id":"https:\/\/gradido.net\/de\/#website","url":"https:\/\/gradido.net\/de\/","name":"Gradido","description":"Now\u0105 walut\u0105 jest wdzi\u0119czno\u015b\u0107","publisher":{"@id":"https:\/\/gradido.net\/de\/#organization"},"potentialAction":[{"@type":"SearchAction","target":{"@type":"EntryPoint","urlTemplate":"https:\/\/gradido.net\/de\/?s={search_term_string}"},"query-input":{"@type":"PropertyValueSpecification","valueRequired":true,"valueName":"search_term_string"}}],"inLanguage":"pl-PL"},{"@type":"Organization","@id":"https:\/\/gradido.net\/de\/#organization","name":"Gradido","url":"https:\/\/gradido.net\/de\/","logo":{"@type":"ImageObject","inLanguage":"pl-PL","@id":"https:\/\/gradido.net\/de\/#\/schema\/logo\/image\/","url":"https:\/\/gradido.net\/wp-content\/uploads\/2022\/04\/gradido-social.jpg","contentUrl":"https:\/\/gradido.net\/wp-content\/uploads\/2022\/04\/gradido-social.jpg","width":527,"height":273,"caption":"Gradido"},"image":{"@id":"https:\/\/gradido.net\/de\/#\/schema\/logo\/image\/"}},{"@type":"Person","@id":"https:\/\/gradido.net\/de\/#\/schema\/person\/9c503a004ad15a1ddecadce2218db5d1","name":"Bernd H\u00fcckst\u00e4dt","sameAs":["https:\/\/gradido.net"],"url":"https:\/\/gradido.net\/pl\/author\/bernd\/"}]}},"_links":{"self":[{"href":"https:\/\/gradido.net\/pl\/wp-json\/wp\/v2\/posts\/1731","targetHints":{"allow":["GET"]}}],"collection":[{"href":"https:\/\/gradido.net\/pl\/wp-json\/wp\/v2\/posts"}],"about":[{"href":"https:\/\/gradido.net\/pl\/wp-json\/wp\/v2\/types\/post"}],"author":[{"embeddable":true,"href":"https:\/\/gradido.net\/pl\/wp-json\/wp\/v2\/users\/2"}],"replies":[{"embeddable":true,"href":"https:\/\/gradido.net\/pl\/wp-json\/wp\/v2\/comments?post=1731"}],"version-history":[{"count":10,"href":"https:\/\/gradido.net\/pl\/wp-json\/wp\/v2\/posts\/1731\/revisions"}],"predecessor-version":[{"id":3757,"href":"https:\/\/gradido.net\/pl\/wp-json\/wp\/v2\/posts\/1731\/revisions\/3757"}],"wp:featuredmedia":[{"embeddable":true,"href":"https:\/\/gradido.net\/pl\/wp-json\/wp\/v2\/media\/1718"}],"wp:attachment":[{"href":"https:\/\/gradido.net\/pl\/wp-json\/wp\/v2\/media?parent=1731"}],"wp:term":[{"taxonomy":"category","embeddable":true,"href":"https:\/\/gradido.net\/pl\/wp-json\/wp\/v2\/categories?post=1731"},{"taxonomy":"post_tag","embeddable":true,"href":"https:\/\/gradido.net\/pl\/wp-json\/wp\/v2\/tags?post=1731"}],"curies":[{"name":"wp","href":"https:\/\/api.w.org\/{rel}","templated":true}]}}