{"id":1885,"date":"2021-02-24T10:56:10","date_gmt":"2021-02-24T09:56:10","guid":{"rendered":"https:\/\/gradido.net\/?p=1885"},"modified":"2021-12-11T21:00:32","modified_gmt":"2021-12-11T20:00:32","slug":"gesellschaftliche-teilhabe-fuer-ein-gesundes-leben","status":"publish","type":"post","link":"https:\/\/gradido.net\/pl\/gesellschaftliche-teilhabe-fuer-ein-gesundes-leben\/","title":{"rendered":"Udzia\u0142 w \u017cyciu spo\u0142ecznym na rzecz zdrowego \u017cycia"},"content":{"rendered":"<div data-elementor-type=\"wp-post\" data-elementor-id=\"1885\" class=\"elementor elementor-1885\" data-elementor-post-type=\"post\">\n\t\t\t\t\t\t<section class=\"elementor-section elementor-top-section elementor-element elementor-element-496e1d53 elementor-section-boxed elementor-section-height-default elementor-section-height-default\" data-id=\"496e1d53\" data-element_type=\"section\" data-e-type=\"section\">\n\t\t\t\t\t\t<div class=\"elementor-container elementor-column-gap-default\">\n\t\t\t\t\t<div class=\"elementor-column elementor-col-100 elementor-top-column elementor-element elementor-element-461d7be0\" data-id=\"461d7be0\" data-element_type=\"column\" data-e-type=\"column\">\n\t\t\t<div class=\"elementor-widget-wrap elementor-element-populated\">\n\t\t\t\t\t\t<div class=\"elementor-element elementor-element-cd9ebe2 elementor-widget elementor-widget-text-editor\" data-id=\"cd9ebe2\" data-element_type=\"widget\" data-e-type=\"widget\" data-widget_type=\"text-editor.default\">\n\t\t\t\t<div class=\"elementor-widget-container\">\n\t\t\t\t\t\t\t\t\t<h2>Strategia Gradido po zamkni\u0119ciu<\/h2><p><strong>K\u00fcnzelsau, 24.02.2021 - Kryzys Corony, z jego ogromnymi ograniczeniami w kontaktach, dostarcza badaczom ze wszystkich dziedzin doskona\u0142ej podstawy do badania zgubnych skutk\u00f3w izolacji i samotno\u015bci. Jednocze\u015bnie obecna sytuacja dostarcza niezliczonych nowych dowod\u00f3w na to, \u017ce nic nie wp\u0142ywa tak pozytywnie na jako\u015b\u0107 \u017cycia i d\u0142ugo\u015b\u0107 \u017cycia cz\u0142owieka, jak stabilne kontakty spo\u0142eczne, uznanie i uczestnictwo w \u017cyciu spo\u0142eczno\u015bci. Naukowcy z Akademii Bioniki Ekonomicznej Gradido widz\u0105 zatem piln\u0105 potrzeb\u0119 zreformowania przysz\u0142ego wsp\u00f3\u0142\u017cycia w spos\u00f3b, kt\u00f3ry umo\u017cliwi i b\u0119dzie promowa\u0142 troskliw\u0105 i \u017cyw\u0105 wsp\u00f3lnot\u0119. Bezwarunkowe uczestnictwo jest jednym z kamieni w\u0119gielnych ich modelu Gradido dla zdrowego i sensownego \u017cycia.<\/strong><\/p><h3>Relacje spo\u0142eczne s\u0105 kluczem do d\u0142ugiego i szcz\u0119\u015bliwego \u017cycia<\/h3><p>Jedno z najbardziej znanych d\u0142ugoterminowych bada\u0144 na temat tego, jakie kryteria decyduj\u0105 o d\u0142ugim i szcz\u0119\u015bliwym \u017cyciu, zosta\u0142o przeprowadzone na Uniwersytecie Harvarda w Stanach Zjednoczonych. Od 1938 roku \u017cycie rodzinne i zawodowe, jak r\u00f3wnie\u017c stan zdrowia i kondycja psychiczna uczestnik\u00f3w s\u0105 dokumentowane w ramach \"Grant Study\". Sze\u015b\u0107dziesi\u0119ciu z oryginalnych 724 m\u0119\u017cczyzn, kt\u00f3rzy w r\u00f3wnej liczbie rekrutowali si\u0119 spo\u015br\u00f3d \u015bwie\u017co upieczonych student\u00f3w renomowanego Uniwersytetu Harvarda i z bardzo biednych bosto\u0144skich rodzin, pozosta\u0142o do dzi\u015b. Imponuj\u0105cy wynik tego badania pod\u0142u\u017cnego na temat czynnik\u00f3w decyduj\u0105cych o szcz\u0119\u015bciu i zdrowiu: \"Jednym z najwa\u017cniejszych kluczy do d\u0142ugiego i zdrowego \u017cycia s\u0105 relacje spo\u0142eczne\".<\/p><h3>Ludzie potrzebuj\u0105 wsp\u00f3lnoty<\/h3><p>Uzdrawiaj\u0105c\u0105 moc dobrych kontakt\u00f3w spo\u0142ecznych potwierdza r\u00f3wnie\u017c psychoneuroimmunolog Joachim Bauer. \"Spo\u0142eczne powi\u0105zania i do\u015bwiadczenia aktywuj\u0105 tzw. uk\u0142ady nagrody w m\u00f3zgu i uwalniaj\u0105 dobre samopoczucie - dopamin\u0119 i oksytocyn\u0119. Czujemy, \u017ce inni nas akceptuj\u0105 i po\u015bwi\u0119caj\u0105 nam \u017cyczliw\u0105 uwag\u0119. Zmniejsza niepok\u00f3j i \u0142agodzi stres.\"<\/p><h3>Samotni ludzie umieraj\u0105 wcze\u015bniej<\/h3><p>\"Trwa\u0142a izolacja spo\u0142eczna jest jednym z najwi\u0119kszych zagro\u017ce\u0144 dla naszego zdrowia\" - ostrzega psycholog zdrowia prof. Sonia Lippke. Wed\u0142ug jej ustale\u0144, obszary w m\u00f3zgu, kt\u00f3re s\u0105 r\u00f3wnie\u017c odpowiedzialne za b\u00f3l, staj\u0105 si\u0119 aktywne podczas takiego stresu. Do tego dochodzi bezsenno\u015b\u0107, os\u0142abienie uk\u0142adu odporno\u015bciowego i spadek sprawno\u015bci poznawczej, kt\u00f3ry mo\u017ce prowadzi\u0107 nawet do demencji. Inne niszczycielskie konsekwencje: \"Istnieje zwi\u0119kszone ryzyko zachorowania na raka lub doznania udaru m\u00f3zgu lub zawa\u0142u serca, mo\u017cliwa jest nawet wcze\u015bniejsza \u015bmier\u0107 z powodu r\u00f3\u017cnych chor\u00f3b.\"<\/p><h3>Rosn\u0105ca samotno\u015b\u0107 jest z\u0142ym skutkiem ubocznym zamkni\u0119cia<\/h3><p>Badacz samotno\u015bci Marcus Mund potwierdza: \"Liczba os\u00f3b samotnych wzros\u0142a w czasie zamkni\u0119cia\", a jego kole\u017canka Maike Luhmann z Uniwersytetu Ruhr w Bochum ostrzega: \"Zasadniczo jako spo\u0142ecze\u0144stwo powinni\u015bmy mie\u0107 og\u00f3lny interes w tym, aby ludzie nie cierpieli. Oznacza to, \u017ce cho\u0107by ze wzgl\u0119d\u00f3w humanitarnych powinni\u015bmy stara\u0107 si\u0119 walczy\u0107 z samotno\u015bci\u0105.\"<\/p><h3>Plotkarki, oprogramowanie do dotacji, rodziny do wynaj\u0119cia i duszpasterstwo do walki z samotno\u015bci\u0105<\/h3><p>Kreatywne \u015brodki s\u0105 ju\u017c stosowane na wielu r\u00f3\u017cnych poziomach w celu z\u0142agodzenia zgubnych skutk\u00f3w izolacji spo\u0142ecznej. W Holandii sie\u0107 supermarket\u00f3w wprowadzi\u0142a w 2019 roku tak zwane \"kasy z czatem\": W \"Kletskassa\" nacisk k\u0142adziony jest na rozmowy, a nie na szybkie zameldowanie. W dziedzinie sztucznej inteligencji opracowano roboty z programowaniem uwagi. Portale internetowe oferuj\u0105 \"przyjaci\u00f3\u0142\" do wynaj\u0119cia, a japo\u0144ska firma \"Hagemashi Tai\" umo\u017cliwia rezerwacj\u0119 ca\u0142ych rodzin jako towarzystwa. Brytyjczycy od 2018 roku maj\u0105 nawet w\u0142asne \"Ministerstwo Samotno\u015bci\".<\/p><h3>Potrzebne jest rozwi\u0105zanie dla spo\u0142ecze\u0144stwa jako ca\u0142o\u015bci<\/h3><p>Belgijski psychoanalityk i autor ksi\u0105\u017cek profesor Paul Verhaeghe radzi, by nie postrzega\u0107 obecnego systemu jako bez alternatywy, lecz by stworzy\u0107 spo\u0142ecze\u0144stwo oparte na warto\u015bciach, w kt\u00f3rym warunki prowadzenia dzia\u0142alno\u015bci gospodarczej, pracy, edukacji i \u017cycia b\u0119d\u0105 w mniejszym stopniu zorientowane na zysk. W przeciwnym razie widzi on niebezpiecze\u0144stwo, \u017ce g\u0142\u0119boko ludzkie potrzeby mi\u0142o\u015bci, przynale\u017cno\u015bci i blisko\u015bci zostan\u0105 zapomniane.<\/p><h3>Model Gradido opiera si\u0119 na najg\u0142\u0119bszych ludzkich potrzebach<\/h3><p>Naukowcy z Akademii Bioniki Ekonomicznej Gradido widz\u0105 w tym wyzwolenie od samotno\u015bci jako jedno z g\u0142\u00f3wnych wyzwa\u0144 dla modelu spo\u0142ecznego przysz\u0142o\u015bci. \"Od dawna uwa\u017camy izolacj\u0119, z jej powa\u017cnymi konsekwencjami psychologicznymi i fizycznymi, za jedno z najgorszych z\u0142a naszych czas\u00f3w\" - podkre\u015bla Bernd H\u00fcckst\u00e4dt, bionik ekonomiczny i wsp\u00f3\u0142za\u0142o\u017cyciel niezale\u017cnego instytutu badawczego. \"Wiedza o tym, \u017ce uczestnictwo w \u017cyciu spo\u0142ecznym nie tylko czyni ludzi zdrowszymi, ale jest r\u00f3wnie\u017c kluczem do szcz\u0119\u015bliwego \u017cycia, by\u0142a dla nas bod\u017acem do opracowania modelu, kt\u00f3ry umo\u017cliwia ludziom w ka\u017cdym wieku odgrywanie aktywnej roli w spo\u0142ecze\u0144stwie przez ca\u0142e \u017cycie. Zgodnie z nasz\u0105 zasad\u0105 \"Bezwarunkowego uczestnictwa\", ka\u017cdy mo\u017ce wnie\u015b\u0107 sw\u00f3j wk\u0142ad w \u017cycie spo\u0142eczno\u015bci, wykorzystuj\u0105c swoje indywidualne umiej\u0119tno\u015bci i talenty. To jest rozw\u00f3j potencja\u0142u dla wszystkich. Dzi\u0119ki \"Bezwarunkowemu uczestnictwu\" stwarzamy ka\u017cdej jednostce mo\u017cliwo\u015b\u0107 rozwijania nowych talent\u00f3w i doskonalenia umiej\u0119tno\u015bci, tak aby ka\u017cdy m\u00f3g\u0142 czerpa\u0107 coraz wi\u0119ksz\u0105 przyjemno\u015b\u0107 z wk\u0142adu, jaki wnosi.\"<\/p><p>Podstaw\u0105 finansow\u0105 dla tych dzia\u0142a\u0144 charytatywnych jest \"Aktywny Doch\u00f3d Podstawowy\", kt\u00f3ry jest wyp\u0142acany w maksymalnej wysoko\u015bci 1.000 Gradido (GDD) miesi\u0119cznie za wk\u0142ad w dobro wsp\u00f3lne. Ponadto koncepcja waluty dobra wsp\u00f3lnego przewiduje, \u017ce na jednego mieszka\u0144ca przypada r\u00f3wnie\u017c 1.000 Gradido (GDD) miesi\u0119cznie na bud\u017cet pa\u0144stwa oraz 1.000 Gradido (GDD) na fundusz ochrony przyrody i \u015brodowiska.<\/p><p>Czerpi\u0105c z naturalnych modeli sukcesu, kt\u00f3re maj\u0105 miliony lat, naukowcy zajmuj\u0105cy si\u0119 bionik\u0105 gospodarcz\u0105 stworzyli model, kt\u00f3ry mo\u017ce umo\u017cliwi\u0107 nowy rodzaj wsp\u00f3lnego \u017cycia i wsp\u00f3\u0142pracy, w kt\u00f3rym nie ma przegranych. \"Dzi\u0119ki nowemu rodzajowi kreacji pieni\u0105dza bez d\u0142ug\u00f3w oraz zach\u0119cie do aktywnego wk\u0142adu w \u017cycie spo\u0142eczno\u015bci w celu zapewnienia sobie podstawowego bezpiecze\u0144stwa poprzez 'Aktywny Doch\u00f3d Podstawowy', mogliby\u015bmy znale\u017a\u0107 drog\u0119 powrotn\u0105 do sposobu \u017cycia, kt\u00f3ry sprawia, \u017ce zar\u00f3wno spo\u0142ecze\u0144stwo \u0142okciowe, jak i izolacja spo\u0142eczna nale\u017c\u0105 do przesz\u0142o\u015bci, a tym samym oferuje najlepsz\u0105 podstaw\u0119 do spe\u0142nionego \u017cycia\" - wyja\u015bnia Margret Baier, w\u0142a\u015bcicielka Akademii Gradido. Baier i H\u00fcckst\u00e4dt widz\u0105 zatem piln\u0105 potrzeb\u0119 pokojowej transformacji obecnego systemu ekonomicznego i finansowego - z korzy\u015bci\u0105 dla szcz\u0119\u015bliwszego, zdrowszego i bardziej znacz\u0105cego \u017cycia zawodowego i prywatnego - i zapraszaj\u0105 wszystkie wspieraj\u0105ce \u017cycie osoby, firmy i organizacje do nawi\u0105zania \"Wielkiej Wsp\u00f3\u0142pracy\" z Akademi\u0105 Gradido.<\/p><p>Szczeg\u00f3\u0142y na temat \"Wielkiej Wsp\u00f3\u0142pracy\", \"Modelu Gradido\" i Gradido-Podcastu na stronie <a href=\"https:\/\/gradido.net\/pl\/\">www.gradido.net<\/a><\/p><p><!-- \/wp:paragraph --><\/p>\t\t\t\t\t\t\t\t<\/div>\n\t\t\t\t<\/div>\n\t\t\t\t<div class=\"elementor-element elementor-element-e9ff241 elementor-widget elementor-widget-text-editor\" data-id=\"e9ff241\" data-element_type=\"widget\" data-e-type=\"widget\" data-widget_type=\"text-editor.default\">\n\t\t\t\t<div class=\"elementor-widget-container\">\n\t\t\t\t\t\t\t\t\t<p><strong>O Akademii Gradido<\/strong><br>Akademia Bioniki Gospodarczej Gradido opracowa\u0142a alternatywn\u0105 \"wsp\u00f3ln\u0105 dobr\u0105 walut\u0119\" w oparciu o modele przyrodnicze. Natura kieruje si\u0119 zasad\u0105, \u017ce tylko tam, gdzie co\u015b przemija, mo\u017ce pojawi\u0107 si\u0119 co\u015b nowego, a zatem mo\u017cliwa jest d\u0142ugofalowa poprawa (ewolucja). Jego recept\u0105 na sukces jest \"cykl \u017cycia\". Gdyby nasza gospodarka r\u00f3wnie\u017c pod\u0105\u017ca\u0142a tym naturalnym cyklem, to wed\u0142ug oceny biolog\u00f3w ekonomicznych praktycznie wszystkie problemy monetarne \u015bwiata mog\u0142yby zosta\u0107 rozwi\u0105zane. Model Gradido opiera si\u0119 na za\u0142o\u017ceniu, \u017ce nie tylko ka\u017cda osoba, ale r\u00f3wnie\u017c ka\u017cde pa\u0144stwo otrzymuje dochody generowane na zasadzie kredytu. Mo\u017ce wi\u0119c wykonywa\u0107 wszystkie swoje zadania bez konieczno\u015bci pobierania podatk\u00f3w. Deflacja lub inflacja nale\u017c\u0105 do przesz\u0142o\u015bci. Gospodarka zostaje uwolniona od ci\u0105g\u0142ego przymusu wzrostu, niebezpiecze\u0144stwo za\u0142amania si\u0119 systemu finansowego zostaje w ko\u0144cu za\u017cegnane. (<a href=\"https:\/\/gradido.net\/pl\/\">www.gradido.net<\/a>)<\/p>\t\t\t\t\t\t\t\t<\/div>\n\t\t\t\t<\/div>\n\t\t\t\t\t<\/div>\n\t\t<\/div>\n\t\t\t\t\t<\/div>\n\t\t<\/section>\n\t\t\t\t<\/div>","protected":false},"excerpt":{"rendered":"<p>Gradido-Strategie nach dem Lockdown K\u00fcnzelsau, 24.02.2021 \u2013 Die Corona-Krise mit ihren massiven Kontaktbeschr\u00e4nkungen bietet Forschern aller Disziplinen die perfekte Grundlage, um die fatalen Auswirkungen von Isolation und Vereinsamung zu erforschen. Zugleich liefert die aktuelle Situation zahllose neue Belege f\u00fcr die Erkenntnis, dass nichts die Lebensqualit\u00e4t und Lebensdauer eines Menschen so positiv beeinflussen kann wie stabile [&hellip;]<\/p>\n","protected":false},"author":2,"featured_media":1884,"comment_status":"closed","ping_status":"closed","sticky":false,"template":"","format":"standard","meta":{"footnotes":""},"categories":[8],"tags":[],"class_list":["post-1885","post","type-post","status-publish","format-standard","has-post-thumbnail","hentry","category-pressemitteilung"],"yoast_head":"<!-- This site is optimized with the Yoast SEO plugin v27.5 - https:\/\/yoast.com\/product\/yoast-seo-wordpress\/ -->\n<title>Gesellschaftliche Teilhabe f\u00fcr ein gesundes Leben - Gradido<\/title>\n<meta name=\"robots\" content=\"index, follow, max-snippet:-1, max-image-preview:large, max-video-preview:-1\" \/>\n<link rel=\"canonical\" href=\"https:\/\/gradido.net\/pl\/gesellschaftliche-teilhabe-fuer-ein-gesundes-leben\/\" \/>\n<meta property=\"og:locale\" content=\"pl_PL\" \/>\n<meta property=\"og:type\" content=\"article\" \/>\n<meta property=\"og:title\" content=\"Gesellschaftliche Teilhabe f\u00fcr ein gesundes Leben - Gradido\" \/>\n<meta property=\"og:description\" content=\"Gradido-Strategie nach dem Lockdown K\u00fcnzelsau, 24.02.2021 \u2013 Die Corona-Krise mit ihren massiven Kontaktbeschr\u00e4nkungen bietet Forschern aller Disziplinen die perfekte Grundlage, um die fatalen Auswirkungen von Isolation und Vereinsamung zu erforschen. Zugleich liefert die aktuelle Situation zahllose neue Belege f\u00fcr die Erkenntnis, dass nichts die Lebensqualit\u00e4t und Lebensdauer eines Menschen so positiv beeinflussen kann wie stabile [&hellip;]\" \/>\n<meta property=\"og:url\" content=\"https:\/\/gradido.net\/pl\/gesellschaftliche-teilhabe-fuer-ein-gesundes-leben\/\" \/>\n<meta property=\"og:site_name\" content=\"Gradido\" \/>\n<meta property=\"article:published_time\" content=\"2021-02-24T09:56:10+00:00\" \/>\n<meta property=\"article:modified_time\" content=\"2021-12-11T20:00:32+00:00\" \/>\n<meta property=\"og:image\" content=\"https:\/\/gradido.net\/wp-content\/uploads\/2021\/02\/gesellschaftliche_teilhabe-scaled.jpg\" \/>\n\t<meta property=\"og:image:width\" content=\"2560\" \/>\n\t<meta property=\"og:image:height\" content=\"1737\" \/>\n\t<meta property=\"og:image:type\" content=\"image\/jpeg\" \/>\n<meta name=\"author\" content=\"Bernd H\u00fcckst\u00e4dt\" \/>\n<meta name=\"twitter:card\" content=\"summary_large_image\" \/>\n<meta name=\"twitter:label1\" content=\"Napisane przez\" \/>\n\t<meta name=\"twitter:data1\" content=\"Bernd H\u00fcckst\u00e4dt\" \/>\n\t<meta name=\"twitter:label2\" content=\"Szacowany czas czytania\" \/>\n\t<meta name=\"twitter:data2\" content=\"6 minut\" \/>\n<script type=\"application\/ld+json\" class=\"yoast-schema-graph\">{\"@context\":\"https:\\\/\\\/schema.org\",\"@graph\":[{\"@type\":\"Article\",\"@id\":\"https:\\\/\\\/gradido.net\\\/en\\\/gesellschaftliche-teilhabe-fuer-ein-gesundes-leben\\\/#article\",\"isPartOf\":{\"@id\":\"https:\\\/\\\/gradido.net\\\/en\\\/gesellschaftliche-teilhabe-fuer-ein-gesundes-leben\\\/\"},\"author\":{\"name\":\"Bernd H\u00fcckst\u00e4dt\",\"@id\":\"https:\\\/\\\/gradido.net\\\/de\\\/#\\\/schema\\\/person\\\/9c503a004ad15a1ddecadce2218db5d1\"},\"headline\":\"Gesellschaftliche Teilhabe f\u00fcr ein gesundes Leben\",\"datePublished\":\"2021-02-24T09:56:10+00:00\",\"dateModified\":\"2021-12-11T20:00:32+00:00\",\"mainEntityOfPage\":{\"@id\":\"https:\\\/\\\/gradido.net\\\/en\\\/gesellschaftliche-teilhabe-fuer-ein-gesundes-leben\\\/\"},\"wordCount\":1152,\"publisher\":{\"@id\":\"https:\\\/\\\/gradido.net\\\/de\\\/#organization\"},\"image\":{\"@id\":\"https:\\\/\\\/gradido.net\\\/en\\\/gesellschaftliche-teilhabe-fuer-ein-gesundes-leben\\\/#primaryimage\"},\"thumbnailUrl\":\"https:\\\/\\\/gradido.net\\\/wp-content\\\/uploads\\\/2021\\\/02\\\/gesellschaftliche_teilhabe-scaled.jpg\",\"articleSection\":[\"Pressemitteilung\"],\"inLanguage\":\"pl-PL\"},{\"@type\":\"WebPage\",\"@id\":\"https:\\\/\\\/gradido.net\\\/en\\\/gesellschaftliche-teilhabe-fuer-ein-gesundes-leben\\\/\",\"url\":\"https:\\\/\\\/gradido.net\\\/en\\\/gesellschaftliche-teilhabe-fuer-ein-gesundes-leben\\\/\",\"name\":\"Gesellschaftliche Teilhabe f\u00fcr ein gesundes Leben - Gradido\",\"isPartOf\":{\"@id\":\"https:\\\/\\\/gradido.net\\\/de\\\/#website\"},\"primaryImageOfPage\":{\"@id\":\"https:\\\/\\\/gradido.net\\\/en\\\/gesellschaftliche-teilhabe-fuer-ein-gesundes-leben\\\/#primaryimage\"},\"image\":{\"@id\":\"https:\\\/\\\/gradido.net\\\/en\\\/gesellschaftliche-teilhabe-fuer-ein-gesundes-leben\\\/#primaryimage\"},\"thumbnailUrl\":\"https:\\\/\\\/gradido.net\\\/wp-content\\\/uploads\\\/2021\\\/02\\\/gesellschaftliche_teilhabe-scaled.jpg\",\"datePublished\":\"2021-02-24T09:56:10+00:00\",\"dateModified\":\"2021-12-11T20:00:32+00:00\",\"breadcrumb\":{\"@id\":\"https:\\\/\\\/gradido.net\\\/en\\\/gesellschaftliche-teilhabe-fuer-ein-gesundes-leben\\\/#breadcrumb\"},\"inLanguage\":\"pl-PL\",\"potentialAction\":[{\"@type\":\"ReadAction\",\"target\":[\"https:\\\/\\\/gradido.net\\\/en\\\/gesellschaftliche-teilhabe-fuer-ein-gesundes-leben\\\/\"]}]},{\"@type\":\"ImageObject\",\"inLanguage\":\"pl-PL\",\"@id\":\"https:\\\/\\\/gradido.net\\\/en\\\/gesellschaftliche-teilhabe-fuer-ein-gesundes-leben\\\/#primaryimage\",\"url\":\"https:\\\/\\\/gradido.net\\\/wp-content\\\/uploads\\\/2021\\\/02\\\/gesellschaftliche_teilhabe-scaled.jpg\",\"contentUrl\":\"https:\\\/\\\/gradido.net\\\/wp-content\\\/uploads\\\/2021\\\/02\\\/gesellschaftliche_teilhabe-scaled.jpg\",\"width\":2560,\"height\":1737},{\"@type\":\"BreadcrumbList\",\"@id\":\"https:\\\/\\\/gradido.net\\\/en\\\/gesellschaftliche-teilhabe-fuer-ein-gesundes-leben\\\/#breadcrumb\",\"itemListElement\":[{\"@type\":\"ListItem\",\"position\":1,\"name\":\"Startseite\",\"item\":\"https:\\\/\\\/gradido.net\\\/\"},{\"@type\":\"ListItem\",\"position\":2,\"name\":\"Gesellschaftliche Teilhabe f\u00fcr ein gesundes Leben\"}]},{\"@type\":\"WebSite\",\"@id\":\"https:\\\/\\\/gradido.net\\\/de\\\/#website\",\"url\":\"https:\\\/\\\/gradido.net\\\/de\\\/\",\"name\":\"Gradido\",\"description\":\"Die neue W\u00e4hrung hei\u00dft Dankbarkeit\",\"publisher\":{\"@id\":\"https:\\\/\\\/gradido.net\\\/de\\\/#organization\"},\"potentialAction\":[{\"@type\":\"SearchAction\",\"target\":{\"@type\":\"EntryPoint\",\"urlTemplate\":\"https:\\\/\\\/gradido.net\\\/de\\\/?s={search_term_string}\"},\"query-input\":{\"@type\":\"PropertyValueSpecification\",\"valueRequired\":true,\"valueName\":\"search_term_string\"}}],\"inLanguage\":\"pl-PL\"},{\"@type\":\"Organization\",\"@id\":\"https:\\\/\\\/gradido.net\\\/de\\\/#organization\",\"name\":\"Gradido\",\"url\":\"https:\\\/\\\/gradido.net\\\/de\\\/\",\"logo\":{\"@type\":\"ImageObject\",\"inLanguage\":\"pl-PL\",\"@id\":\"https:\\\/\\\/gradido.net\\\/de\\\/#\\\/schema\\\/logo\\\/image\\\/\",\"url\":\"https:\\\/\\\/gradido.net\\\/wp-content\\\/uploads\\\/2022\\\/04\\\/gradido-social.jpg\",\"contentUrl\":\"https:\\\/\\\/gradido.net\\\/wp-content\\\/uploads\\\/2022\\\/04\\\/gradido-social.jpg\",\"width\":527,\"height\":273,\"caption\":\"Gradido\"},\"image\":{\"@id\":\"https:\\\/\\\/gradido.net\\\/de\\\/#\\\/schema\\\/logo\\\/image\\\/\"}},{\"@type\":\"Person\",\"@id\":\"https:\\\/\\\/gradido.net\\\/de\\\/#\\\/schema\\\/person\\\/9c503a004ad15a1ddecadce2218db5d1\",\"name\":\"Bernd H\u00fcckst\u00e4dt\",\"sameAs\":[\"https:\\\/\\\/gradido.net\"],\"url\":\"https:\\\/\\\/gradido.net\\\/pl\\\/author\\\/bernd\\\/\"}]}<\/script>\n<!-- \/ Yoast SEO plugin. -->","yoast_head_json":{"title":"Uczestnictwo spo\u0142eczne dla zdrowego \u017cycia - Gradido","robots":{"index":"index","follow":"follow","max-snippet":"max-snippet:-1","max-image-preview":"max-image-preview:large","max-video-preview":"max-video-preview:-1"},"canonical":"https:\/\/gradido.net\/pl\/gesellschaftliche-teilhabe-fuer-ein-gesundes-leben\/","og_locale":"pl_PL","og_type":"article","og_title":"Gesellschaftliche Teilhabe f\u00fcr ein gesundes Leben - Gradido","og_description":"Gradido-Strategie nach dem Lockdown K\u00fcnzelsau, 24.02.2021 \u2013 Die Corona-Krise mit ihren massiven Kontaktbeschr\u00e4nkungen bietet Forschern aller Disziplinen die perfekte Grundlage, um die fatalen Auswirkungen von Isolation und Vereinsamung zu erforschen. Zugleich liefert die aktuelle Situation zahllose neue Belege f\u00fcr die Erkenntnis, dass nichts die Lebensqualit\u00e4t und Lebensdauer eines Menschen so positiv beeinflussen kann wie stabile [&hellip;]","og_url":"https:\/\/gradido.net\/pl\/gesellschaftliche-teilhabe-fuer-ein-gesundes-leben\/","og_site_name":"Gradido","article_published_time":"2021-02-24T09:56:10+00:00","article_modified_time":"2021-12-11T20:00:32+00:00","og_image":[{"width":2560,"height":1737,"url":"https:\/\/gradido.net\/wp-content\/uploads\/2021\/02\/gesellschaftliche_teilhabe-scaled.jpg","type":"image\/jpeg"}],"author":"Bernd H\u00fcckst\u00e4dt","twitter_card":"summary_large_image","twitter_misc":{"Napisane przez":"Bernd H\u00fcckst\u00e4dt","Szacowany czas czytania":"6 minut"},"schema":{"@context":"https:\/\/schema.org","@graph":[{"@type":"Article","@id":"https:\/\/gradido.net\/en\/gesellschaftliche-teilhabe-fuer-ein-gesundes-leben\/#article","isPartOf":{"@id":"https:\/\/gradido.net\/en\/gesellschaftliche-teilhabe-fuer-ein-gesundes-leben\/"},"author":{"name":"Bernd H\u00fcckst\u00e4dt","@id":"https:\/\/gradido.net\/de\/#\/schema\/person\/9c503a004ad15a1ddecadce2218db5d1"},"headline":"Gesellschaftliche Teilhabe f\u00fcr ein gesundes Leben","datePublished":"2021-02-24T09:56:10+00:00","dateModified":"2021-12-11T20:00:32+00:00","mainEntityOfPage":{"@id":"https:\/\/gradido.net\/en\/gesellschaftliche-teilhabe-fuer-ein-gesundes-leben\/"},"wordCount":1152,"publisher":{"@id":"https:\/\/gradido.net\/de\/#organization"},"image":{"@id":"https:\/\/gradido.net\/en\/gesellschaftliche-teilhabe-fuer-ein-gesundes-leben\/#primaryimage"},"thumbnailUrl":"https:\/\/gradido.net\/wp-content\/uploads\/2021\/02\/gesellschaftliche_teilhabe-scaled.jpg","articleSection":["Pressemitteilung"],"inLanguage":"pl-PL"},{"@type":"WebPage","@id":"https:\/\/gradido.net\/en\/gesellschaftliche-teilhabe-fuer-ein-gesundes-leben\/","url":"https:\/\/gradido.net\/en\/gesellschaftliche-teilhabe-fuer-ein-gesundes-leben\/","name":"Uczestnictwo spo\u0142eczne dla zdrowego \u017cycia - Gradido","isPartOf":{"@id":"https:\/\/gradido.net\/de\/#website"},"primaryImageOfPage":{"@id":"https:\/\/gradido.net\/en\/gesellschaftliche-teilhabe-fuer-ein-gesundes-leben\/#primaryimage"},"image":{"@id":"https:\/\/gradido.net\/en\/gesellschaftliche-teilhabe-fuer-ein-gesundes-leben\/#primaryimage"},"thumbnailUrl":"https:\/\/gradido.net\/wp-content\/uploads\/2021\/02\/gesellschaftliche_teilhabe-scaled.jpg","datePublished":"2021-02-24T09:56:10+00:00","dateModified":"2021-12-11T20:00:32+00:00","breadcrumb":{"@id":"https:\/\/gradido.net\/en\/gesellschaftliche-teilhabe-fuer-ein-gesundes-leben\/#breadcrumb"},"inLanguage":"pl-PL","potentialAction":[{"@type":"ReadAction","target":["https:\/\/gradido.net\/en\/gesellschaftliche-teilhabe-fuer-ein-gesundes-leben\/"]}]},{"@type":"ImageObject","inLanguage":"pl-PL","@id":"https:\/\/gradido.net\/en\/gesellschaftliche-teilhabe-fuer-ein-gesundes-leben\/#primaryimage","url":"https:\/\/gradido.net\/wp-content\/uploads\/2021\/02\/gesellschaftliche_teilhabe-scaled.jpg","contentUrl":"https:\/\/gradido.net\/wp-content\/uploads\/2021\/02\/gesellschaftliche_teilhabe-scaled.jpg","width":2560,"height":1737},{"@type":"BreadcrumbList","@id":"https:\/\/gradido.net\/en\/gesellschaftliche-teilhabe-fuer-ein-gesundes-leben\/#breadcrumb","itemListElement":[{"@type":"ListItem","position":1,"name":"Startseite","item":"https:\/\/gradido.net\/"},{"@type":"ListItem","position":2,"name":"Gesellschaftliche Teilhabe f\u00fcr ein gesundes Leben"}]},{"@type":"WebSite","@id":"https:\/\/gradido.net\/de\/#website","url":"https:\/\/gradido.net\/de\/","name":"Gradido","description":"Now\u0105 walut\u0105 jest wdzi\u0119czno\u015b\u0107","publisher":{"@id":"https:\/\/gradido.net\/de\/#organization"},"potentialAction":[{"@type":"SearchAction","target":{"@type":"EntryPoint","urlTemplate":"https:\/\/gradido.net\/de\/?s={search_term_string}"},"query-input":{"@type":"PropertyValueSpecification","valueRequired":true,"valueName":"search_term_string"}}],"inLanguage":"pl-PL"},{"@type":"Organization","@id":"https:\/\/gradido.net\/de\/#organization","name":"Gradido","url":"https:\/\/gradido.net\/de\/","logo":{"@type":"ImageObject","inLanguage":"pl-PL","@id":"https:\/\/gradido.net\/de\/#\/schema\/logo\/image\/","url":"https:\/\/gradido.net\/wp-content\/uploads\/2022\/04\/gradido-social.jpg","contentUrl":"https:\/\/gradido.net\/wp-content\/uploads\/2022\/04\/gradido-social.jpg","width":527,"height":273,"caption":"Gradido"},"image":{"@id":"https:\/\/gradido.net\/de\/#\/schema\/logo\/image\/"}},{"@type":"Person","@id":"https:\/\/gradido.net\/de\/#\/schema\/person\/9c503a004ad15a1ddecadce2218db5d1","name":"Bernd H\u00fcckst\u00e4dt","sameAs":["https:\/\/gradido.net"],"url":"https:\/\/gradido.net\/pl\/author\/bernd\/"}]}},"_links":{"self":[{"href":"https:\/\/gradido.net\/pl\/wp-json\/wp\/v2\/posts\/1885","targetHints":{"allow":["GET"]}}],"collection":[{"href":"https:\/\/gradido.net\/pl\/wp-json\/wp\/v2\/posts"}],"about":[{"href":"https:\/\/gradido.net\/pl\/wp-json\/wp\/v2\/types\/post"}],"author":[{"embeddable":true,"href":"https:\/\/gradido.net\/pl\/wp-json\/wp\/v2\/users\/2"}],"replies":[{"embeddable":true,"href":"https:\/\/gradido.net\/pl\/wp-json\/wp\/v2\/comments?post=1885"}],"version-history":[{"count":11,"href":"https:\/\/gradido.net\/pl\/wp-json\/wp\/v2\/posts\/1885\/revisions"}],"predecessor-version":[{"id":3763,"href":"https:\/\/gradido.net\/pl\/wp-json\/wp\/v2\/posts\/1885\/revisions\/3763"}],"wp:featuredmedia":[{"embeddable":true,"href":"https:\/\/gradido.net\/pl\/wp-json\/wp\/v2\/media\/1884"}],"wp:attachment":[{"href":"https:\/\/gradido.net\/pl\/wp-json\/wp\/v2\/media?parent=1885"}],"wp:term":[{"taxonomy":"category","embeddable":true,"href":"https:\/\/gradido.net\/pl\/wp-json\/wp\/v2\/categories?post=1885"},{"taxonomy":"post_tag","embeddable":true,"href":"https:\/\/gradido.net\/pl\/wp-json\/wp\/v2\/tags?post=1885"}],"curies":[{"name":"wp","href":"https:\/\/api.w.org\/{rel}","templated":true}]}}