{"id":1994,"date":"2021-03-11T12:06:47","date_gmt":"2021-03-11T11:06:47","guid":{"rendered":"https:\/\/gradido.net\/?p=1994"},"modified":"2021-12-11T21:01:44","modified_gmt":"2021-12-11T20:01:44","slug":"wirtschaftsforscher-nutzen-corona-krise-als-forschungslabor","status":"publish","type":"post","link":"https:\/\/gradido.net\/pl\/wirtschaftsforscher-nutzen-corona-krise-als-forschungslabor\/","title":{"rendered":"Naukowcy ekonomiczni wykorzystuj\u0105 kryzys w Coronie jako laboratorium badawcze"},"content":{"rendered":"<div data-elementor-type=\"wp-post\" data-elementor-id=\"1994\" class=\"elementor elementor-1994\" data-elementor-post-type=\"post\">\n\t\t\t\t\t\t<section class=\"elementor-section elementor-top-section elementor-element elementor-element-496e1d53 elementor-section-boxed elementor-section-height-default elementor-section-height-default\" data-id=\"496e1d53\" data-element_type=\"section\" data-e-type=\"section\">\n\t\t\t\t\t\t<div class=\"elementor-container elementor-column-gap-default\">\n\t\t\t\t\t<div class=\"elementor-column elementor-col-100 elementor-top-column elementor-element elementor-element-461d7be0\" data-id=\"461d7be0\" data-element_type=\"column\" data-e-type=\"column\">\n\t\t\t<div class=\"elementor-widget-wrap elementor-element-populated\">\n\t\t\t\t\t\t<div class=\"elementor-element elementor-element-cd9ebe2 elementor-widget elementor-widget-text-editor\" data-id=\"cd9ebe2\" data-element_type=\"widget\" data-e-type=\"widget\" data-widget_type=\"text-editor.default\">\n\t\t\t\t<div class=\"elementor-widget-container\">\n\t\t\t\t\t\t\t\t\t<h2>Dla lepszego \u015bwiata pracy<\/h2><p><strong>K\u00fcnzelsau, 11.03.2021 - Dla milion\u00f3w ludzi obawy o prac\u0119 s\u0105 przyczyn\u0105 ledwo daj\u0105cego si\u0119 opanowa\u0107 niepokoju. T\u0119skni\u0105 za powrotem do dawnego \u017cycia z jego rzekomym bezpiecze\u0144stwem i przewidywalno\u015bci\u0105. Ale czy jest to naprawd\u0119 po\u017c\u0105dane? Poniewa\u017c niemieccy pracownicy ju\u017c przed kryzysem byli uwa\u017cani za \"mistrz\u00f3w frustracji\", z pewno\u015bci\u0105 mogliby\u015bmy wykorzysta\u0107 obecny stan wyj\u0105tkowy jako laboratorium badawcze dla lepszego \u015bwiata pracy. Eksperci w dziedzinie bioniki biznesu z Akademii Gradido oraz znany szwajcarski profesor zarz\u0105dzania mi\u0119dzynarodowego, \"\u0142amacz wzorc\u00f3w\", prof. Hans W\u00fcthrich, ju\u017c rozpocz\u0119li te dzia\u0142ania.<\/strong><\/p><p>Du\u0144skie badania nad globalnym zadowoleniem pracownik\u00f3w ju\u017c w 2020 roku dowiod\u0142y, \u017ce w \u017cadnym kraju na \u015bwiecie ludzie nie chodz\u0105 do pracy tak bezczynnie jak w Niemczech. Nie dziwi to ani wsp\u00f3\u0142za\u0142o\u017cyciela Gradido Academy for Business Bionics, Bernda H\u00fcckst\u00e4dta, ani badacza zarz\u0105dzania prof. Hansa W\u00fcthricha. Obaj widz\u0105 piln\u0105 potrzeb\u0119 reformy kultury zarz\u0105dzania i systemu finansowego - nie tylko w tym kraju.<\/p><h3>Pracownicy z uprawnieniami<\/h3><p>Wed\u0142ug najnowszych bada\u0144, ani mo\u017cliwo\u015b\u0107 szybkiego awansu, ani ponadprzeci\u0119tne wynagrodzenie nie s\u0105 decyduj\u0105cymi kryteriami przy wyborze przysz\u0142ego pracodawcy. Zar\u00f3wno student\u00f3w, jak i pracownik\u00f3w \u0142\u0105czy raczej ch\u0119\u0107 odegrania pozytywnej roli w kszta\u0142towaniu przysz\u0142o\u015bci. W\u00fcthrich potwierdza t\u0119 tendencj\u0119: \"Dla wielu ludzi nie wystarcza ju\u017c dzi\u015b zwyk\u0142e wynagrodzenie za wyniki pracy. Nie tylko m\u0142odzi ludzie, ale w og\u00f3le ludzie chc\u0105 zmienia\u0107 \u015bwiat na lepsze, chroni\u0107 \u015brodowisko i jego zasoby naturalne, robi\u0107 co\u015b sensownego. Dla mnie oznacza to, \u017ce organizacje musz\u0105 bardziej skupi\u0107 si\u0119 na tym, dlaczego, czyli legitymizowa\u0107 pow\u00f3d swojego istnienia. Musz\u0105 mie\u0107 odpowied\u017a na pytanie: Jaki jest nasz pozytywny wk\u0142ad w lepszy \u015bwiat? Kto i w jaki spos\u00f3b korzysta z sukcesu naszych dzia\u0142a\u0144 przedsi\u0119biorczych? W przysz\u0142o\u015bci organizacje coraz cz\u0119\u015bciej b\u0119d\u0105 musia\u0142y oferowa\u0107 przestrze\u0144 \u017cyciow\u0105, w kt\u00f3rej pracownicy b\u0119d\u0105 mogli si\u0119 dalej rozwija\u0107 i odkrywa\u0107 sw\u00f3j potencja\u0142.\"<\/p><h3>Kryzys w strefie Corona jako laboratorium mo\u017cliwo\u015bci na przysz\u0142o\u015b\u0107<\/h3><p>Zdaniem prof. W\u00fcthricha fakt, \u017ce w czasie kryzysu wiele organizacji jest zmuszonych do obrania zupe\u0142nie nowych dr\u00f3g, tworzy \"prawdziwe laboratorium mo\u017cliwo\u015bci na przysz\u0142o\u015b\u0107\". \"Wszystkie te nieplanowane eksperymenty stwarzaj\u0105 niepowtarzaln\u0105 okazj\u0119 do wyzwolenia w\u0142a\u015bnie tak\u017ce kultury przyw\u00f3dztwa z nieodpowiednich uprzedze\u0144, dogmat\u00f3w i tabu oraz do jej inteligentnego rozwoju.\" Kieruj\u0105c si\u0119 zasad\u0105 \"refleksja zamiast odruchu\", ekspert ds. zarz\u0105dzania apeluje do mened\u017cer\u00f3w o po\u015bwi\u0119cenie czasu na g\u0142\u0119bsz\u0105 analiz\u0119 obserwacji sprowokowanych dzia\u0142aniami Corony, kt\u00f3re s\u0105 bardzo interesuj\u0105ce z punktu widzenia kultury organizacyjnej, pomimo zrozumia\u0142ej ch\u0119ci jak najszybszego powrotu do normalno\u015bci sprzed Corony. \"A by\u0107 mo\u017ce powinni\u015bmy te\u017c zamieni\u0107 utopie w rzeczywisto\u015b\u0107, wyci\u0105gn\u0105\u0107 w\u0142asne wnioski i \u015bwiadomie zdecydowa\u0107, kt\u00f3re z do\u015bwiadcze\u0144 i spostrze\u017ce\u0144 zebranych w trybie szokowym Corony przenie\u015b\u0107 do przysz\u0142ego \u015bwiata pracy jako now\u0105 norm\u0119.\"<\/p><h3>Czas na nowy system gospodarczy<\/h3><p>Naukowcy zajmuj\u0105cy si\u0119 bionik\u0105 gospodarcz\u0105 w Akademii Gradido opracowali ju\u017c koncepcj\u0119 lepszego \u015bwiata pracy i \u017cycia. W ci\u0105gu ponad dw\u00f3ch dekad, naukowcom skupionym wok\u00f3\u0142 Gradido Common Good Currency (GDD) uda\u0142o si\u0119 zaprojektowa\u0107 system ekonomiczny i finansowy, kt\u00f3ry nie tylko ca\u0142kowicie zmieni \u015bwiat pracy. H\u00fcckst\u00e4dt, kt\u00f3ry jest wsp\u00f3\u0142za\u0142o\u017cycielem akademii, m\u00f3wi: \"Czas na transformacj\u0119 nigdy nie by\u0142 lepszy. Kryzys Corona to prawdziwe laboratorium - nawet je\u015bli weszli\u015bmy do niego mimowolnie. Nie b\u0119dzie ju\u017c starej normalno\u015bci, ale za to zupe\u0142nie inna r\u00f3\u017cnorodno\u015b\u0107. Dzi\u0119ki nowemu systemowi gospodarczemu, finansowemu i monetarnemu, tworzymy zupe\u0142nie nowe mo\u017cliwo\u015bci ewolucji i rozwoju.\"<\/p><h3>Nowy scenariusz do gabinetu szefa?<\/h3><p>Wi\u0119kszo\u015bci mened\u017cer\u00f3w wci\u0105\u017c brakuje pewno\u015bci siebie i do\u015bwiadczenia w radzeniu sobie z inteligencj\u0105 zbiorow\u0105 swoich pracownik\u00f3w. Zdaniem prof. W\u00fcthricha potencja\u0142 jest wi\u0119c obecnie raczej niszczony ni\u017c rozwijany \"i traci si\u0119 szans\u0119 na to, by dzi\u0119ki udzia\u0142owi wielu os\u00f3b m\u00f3c wprowadza\u0107 lepsze rozwi\u0105zania i wy\u017csz\u0105 jako\u015b\u0107 rozwi\u0105za\u0144 problem\u00f3w\". Najwa\u017cniejszym podej\u015bciem dla przysz\u0142ej kultury korporacyjnej by\u0142oby zaufanie do kompetencji i oceny pracownik\u00f3w oraz skupienie si\u0119 na ich potencjalnym rozwoju.<\/p><h3>Gradido to program rozwoju potencja\u0142u<\/h3><p>W modelu Gradido najlepsza mo\u017cliwa promocja w\u0142asnych talent\u00f3w jest quasi-systemowa. Jest ona uwa\u017cana za rdze\u0144 \"Bezwarunkowej Partycypacji\", kt\u00f3ra jest oferowana ka\u017cdej osobie jako wk\u0142ad do \"Aktywnego Dochodu Podstawowego\". H\u00fcckst\u00e4dt wyja\u015bnia: \"Je\u015bli nasz model si\u0119 przyjmie, rozw\u00f3j potencja\u0142u stanie si\u0119 jednym z centralnych temat\u00f3w \u017cycia. Bardzo wa\u017cne jest, aby\u015bmy mogli osi\u0105gn\u0105\u0107 z Gradido to, \u017ce ka\u017cda osoba ma zapewnion\u0105 opiek\u0119. Dop\u00f3ki b\u0119d\u0119 musia\u0142 walczy\u0107 o sw\u00f3j byt z presj\u0105 i przyjmowa\u0107 praktycznie ka\u017cd\u0105 prac\u0119, aby zapewni\u0107 sobie przetrwanie, dop\u00f3ty nie pozostanie mi wiele na rozw\u00f3j potencja\u0142u. Ostatecznie jednak jest to klucz do spe\u0142nionego \u017cycia i jak najwi\u0119kszego sukcesu ca\u0142ej spo\u0142eczno\u015bci. Dlatego w modelu Gradido ka\u017cdy mo\u017ce otrzyma\u0107 'Aktywny Doch\u00f3d Podstawowy'.\"<\/p><p>Przerwanie b\u0142\u0119dnego ko\u0142a egzystencjalnego strachu i rywalizacji<br \/>Wraz ze zniesieniem \"zasady d\u0142ugu i pieni\u0105dza\" Gradido stwarza kolejny niezb\u0119dny warunek dla udanej koegzystencji. H\u00fcckst\u00e4dt m\u00f3wi: \"Tak d\u0142ugo, jak kredyt jednego jest d\u0142ugiem drugiego, my, ludzie, nie mo\u017cemy \u017cy\u0107 razem w pokoju. Tworzenie pieni\u0119dzy przez Gradido dla ka\u017cdego cz\u0142owieka z osobna stwarza jednak podstaw\u0119 do radosnego i pe\u0142nego po\u017c\u0105dania wsp\u00f3\u0142\u017cycia. Zgodnie z has\u0142em \"wsp\u00f3\u0142praca zamiast konkurencji\" b\u0119dziemy mogli wykorzysta\u0107 synergi\u0119 i rozwija\u0107 solidarno\u015b\u0107.\"<\/p><p>W tym sensie Bernd H\u00fcckst\u00e4dt i w\u0142a\u015bcicielka Akademii Gradido, Margret Baier, zapraszaj\u0105 podobnie my\u015bl\u0105cych ludzi i przyjaci\u00f3\u0142 lepszego (roboczego) \u015bwiata do wymiany i wsp\u00f3\u0142pracy.<\/p><p>Szczeg\u00f3\u0142y na temat modelu Gradido oraz odcinek podcastu z udzia\u0142em Prof. Hansa W\u00fcthricha, Bernda H\u00fcckst\u00e4dta i Michaela M\u00e4rzheusera na temat \"Pattern Breakers - Making Utopias a Reality\" na stronie www.gradido.net.<\/p><p><!-- \/wp:paragraph --><\/p>\t\t\t\t\t\t\t\t<\/div>\n\t\t\t\t<\/div>\n\t\t\t\t<div class=\"elementor-element elementor-element-e9ff241 elementor-widget elementor-widget-text-editor\" data-id=\"e9ff241\" data-element_type=\"widget\" data-e-type=\"widget\" data-widget_type=\"text-editor.default\">\n\t\t\t\t<div class=\"elementor-widget-container\">\n\t\t\t\t\t\t\t\t\t<p><strong>O Akademii Gradido<\/strong><br>Akademia Bioniki Gospodarczej Gradido opracowa\u0142a alternatywn\u0105 \"wsp\u00f3ln\u0105 dobr\u0105 walut\u0119\" w oparciu o modele przyrodnicze. Natura kieruje si\u0119 zasad\u0105, \u017ce tylko tam, gdzie co\u015b przemija, mo\u017ce pojawi\u0107 si\u0119 co\u015b nowego, a zatem mo\u017cliwa jest d\u0142ugofalowa poprawa (ewolucja). Jego recept\u0105 na sukces jest \"cykl \u017cycia\". Gdyby nasza gospodarka r\u00f3wnie\u017c pod\u0105\u017ca\u0142a tym naturalnym cyklem, to wed\u0142ug oceny biolog\u00f3w ekonomicznych praktycznie wszystkie problemy monetarne \u015bwiata mog\u0142yby zosta\u0107 rozwi\u0105zane. Model Gradido opiera si\u0119 na za\u0142o\u017ceniu, \u017ce nie tylko ka\u017cda osoba, ale r\u00f3wnie\u017c ka\u017cde pa\u0144stwo otrzymuje dochody generowane na zasadzie kredytu. Mo\u017ce wi\u0119c wykonywa\u0107 wszystkie swoje zadania bez konieczno\u015bci pobierania podatk\u00f3w. Deflacja lub inflacja nale\u017c\u0105 do przesz\u0142o\u015bci. Gospodarka zostaje uwolniona od ci\u0105g\u0142ego przymusu wzrostu, niebezpiecze\u0144stwo za\u0142amania si\u0119 systemu finansowego zostaje w ko\u0144cu za\u017cegnane. (<a href=\"https:\/\/gradido.net\/pl\/\">www.gradido.net<\/a>)<\/p>\t\t\t\t\t\t\t\t<\/div>\n\t\t\t\t<\/div>\n\t\t\t\t\t<\/div>\n\t\t<\/div>\n\t\t\t\t\t<\/div>\n\t\t<\/section>\n\t\t\t\t<\/div>","protected":false},"excerpt":{"rendered":"<p>F\u00fcr eine bessere Arbeitswelt K\u00fcnzelsau,11.03.2021 \u2013 Millionen Menschen beschert die Sorge um ihren Arbeitsplatz kaum beherrschbare \u00c4ngste. Sie sehnen sich nach der R\u00fcckkehr in ihr altes Leben mit seiner vermeintlichen Sicherheit und Berechenbarkeit. Aber ist das wirklich erstrebenswert? Nachdem deutsche Arbeitnehmer schon vor der Krise als \u201aFrustweltmeister\u2018 galten, k\u00f6nnten wir den aktuellen Ausnahmezustand auch durchaus [&hellip;]<\/p>\n","protected":false},"author":2,"featured_media":1939,"comment_status":"closed","ping_status":"closed","sticky":false,"template":"","format":"standard","meta":{"footnotes":""},"categories":[8],"tags":[],"class_list":["post-1994","post","type-post","status-publish","format-standard","has-post-thumbnail","hentry","category-pressemitteilung"],"yoast_head":"<!-- This site is optimized with the Yoast SEO plugin v27.5 - https:\/\/yoast.com\/product\/yoast-seo-wordpress\/ -->\n<title>Wirtschaftsforscher nutzen Corona-Krise als Forschungslabor - Gradido<\/title>\n<meta name=\"robots\" content=\"index, follow, max-snippet:-1, max-image-preview:large, max-video-preview:-1\" \/>\n<link rel=\"canonical\" href=\"https:\/\/gradido.net\/pl\/wirtschaftsforscher-nutzen-corona-krise-als-forschungslabor\/\" \/>\n<meta property=\"og:locale\" content=\"pl_PL\" \/>\n<meta property=\"og:type\" content=\"article\" \/>\n<meta property=\"og:title\" content=\"Wirtschaftsforscher nutzen Corona-Krise als Forschungslabor - Gradido\" \/>\n<meta property=\"og:description\" content=\"F\u00fcr eine bessere Arbeitswelt K\u00fcnzelsau,11.03.2021 \u2013 Millionen Menschen beschert die Sorge um ihren Arbeitsplatz kaum beherrschbare \u00c4ngste. Sie sehnen sich nach der R\u00fcckkehr in ihr altes Leben mit seiner vermeintlichen Sicherheit und Berechenbarkeit. Aber ist das wirklich erstrebenswert? Nachdem deutsche Arbeitnehmer schon vor der Krise als \u201aFrustweltmeister\u2018 galten, k\u00f6nnten wir den aktuellen Ausnahmezustand auch durchaus [&hellip;]\" \/>\n<meta property=\"og:url\" content=\"https:\/\/gradido.net\/pl\/wirtschaftsforscher-nutzen-corona-krise-als-forschungslabor\/\" \/>\n<meta property=\"og:site_name\" content=\"Gradido\" \/>\n<meta property=\"article:published_time\" content=\"2021-03-11T11:06:47+00:00\" \/>\n<meta property=\"article:modified_time\" content=\"2021-12-11T20:01:44+00:00\" \/>\n<meta property=\"og:image\" content=\"https:\/\/gradido.net\/wp-content\/uploads\/2021\/03\/krise_als_forschungslabor.jpg\" \/>\n\t<meta property=\"og:image:width\" content=\"1750\" \/>\n\t<meta property=\"og:image:height\" content=\"1188\" \/>\n\t<meta property=\"og:image:type\" content=\"image\/jpeg\" \/>\n<meta name=\"author\" content=\"Bernd H\u00fcckst\u00e4dt\" \/>\n<meta name=\"twitter:card\" content=\"summary_large_image\" \/>\n<meta name=\"twitter:label1\" content=\"Napisane przez\" \/>\n\t<meta name=\"twitter:data1\" content=\"Bernd H\u00fcckst\u00e4dt\" \/>\n\t<meta name=\"twitter:label2\" content=\"Szacowany czas czytania\" \/>\n\t<meta name=\"twitter:data2\" content=\"5 minut\" \/>\n<script type=\"application\/ld+json\" class=\"yoast-schema-graph\">{\"@context\":\"https:\\\/\\\/schema.org\",\"@graph\":[{\"@type\":\"Article\",\"@id\":\"https:\\\/\\\/gradido.net\\\/wirtschaftsforscher-nutzen-corona-krise-als-forschungslabor\\\/#article\",\"isPartOf\":{\"@id\":\"https:\\\/\\\/gradido.net\\\/wirtschaftsforscher-nutzen-corona-krise-als-forschungslabor\\\/\"},\"author\":{\"name\":\"Bernd H\u00fcckst\u00e4dt\",\"@id\":\"https:\\\/\\\/gradido.net\\\/de\\\/#\\\/schema\\\/person\\\/9c503a004ad15a1ddecadce2218db5d1\"},\"headline\":\"Wirtschaftsforscher nutzen Corona-Krise als Forschungslabor\",\"datePublished\":\"2021-03-11T11:06:47+00:00\",\"dateModified\":\"2021-12-11T20:01:44+00:00\",\"mainEntityOfPage\":{\"@id\":\"https:\\\/\\\/gradido.net\\\/wirtschaftsforscher-nutzen-corona-krise-als-forschungslabor\\\/\"},\"wordCount\":1096,\"publisher\":{\"@id\":\"https:\\\/\\\/gradido.net\\\/de\\\/#organization\"},\"image\":{\"@id\":\"https:\\\/\\\/gradido.net\\\/wirtschaftsforscher-nutzen-corona-krise-als-forschungslabor\\\/#primaryimage\"},\"thumbnailUrl\":\"https:\\\/\\\/gradido.net\\\/wp-content\\\/uploads\\\/2021\\\/03\\\/krise_als_forschungslabor.jpg\",\"articleSection\":[\"Pressemitteilung\"],\"inLanguage\":\"pl-PL\"},{\"@type\":\"WebPage\",\"@id\":\"https:\\\/\\\/gradido.net\\\/wirtschaftsforscher-nutzen-corona-krise-als-forschungslabor\\\/\",\"url\":\"https:\\\/\\\/gradido.net\\\/wirtschaftsforscher-nutzen-corona-krise-als-forschungslabor\\\/\",\"name\":\"Wirtschaftsforscher nutzen Corona-Krise als Forschungslabor - Gradido\",\"isPartOf\":{\"@id\":\"https:\\\/\\\/gradido.net\\\/de\\\/#website\"},\"primaryImageOfPage\":{\"@id\":\"https:\\\/\\\/gradido.net\\\/wirtschaftsforscher-nutzen-corona-krise-als-forschungslabor\\\/#primaryimage\"},\"image\":{\"@id\":\"https:\\\/\\\/gradido.net\\\/wirtschaftsforscher-nutzen-corona-krise-als-forschungslabor\\\/#primaryimage\"},\"thumbnailUrl\":\"https:\\\/\\\/gradido.net\\\/wp-content\\\/uploads\\\/2021\\\/03\\\/krise_als_forschungslabor.jpg\",\"datePublished\":\"2021-03-11T11:06:47+00:00\",\"dateModified\":\"2021-12-11T20:01:44+00:00\",\"breadcrumb\":{\"@id\":\"https:\\\/\\\/gradido.net\\\/wirtschaftsforscher-nutzen-corona-krise-als-forschungslabor\\\/#breadcrumb\"},\"inLanguage\":\"pl-PL\",\"potentialAction\":[{\"@type\":\"ReadAction\",\"target\":[\"https:\\\/\\\/gradido.net\\\/wirtschaftsforscher-nutzen-corona-krise-als-forschungslabor\\\/\"]}]},{\"@type\":\"ImageObject\",\"inLanguage\":\"pl-PL\",\"@id\":\"https:\\\/\\\/gradido.net\\\/wirtschaftsforscher-nutzen-corona-krise-als-forschungslabor\\\/#primaryimage\",\"url\":\"https:\\\/\\\/gradido.net\\\/wp-content\\\/uploads\\\/2021\\\/03\\\/krise_als_forschungslabor.jpg\",\"contentUrl\":\"https:\\\/\\\/gradido.net\\\/wp-content\\\/uploads\\\/2021\\\/03\\\/krise_als_forschungslabor.jpg\",\"width\":1750,\"height\":1188},{\"@type\":\"BreadcrumbList\",\"@id\":\"https:\\\/\\\/gradido.net\\\/wirtschaftsforscher-nutzen-corona-krise-als-forschungslabor\\\/#breadcrumb\",\"itemListElement\":[{\"@type\":\"ListItem\",\"position\":1,\"name\":\"Startseite\",\"item\":\"https:\\\/\\\/gradido.net\\\/\"},{\"@type\":\"ListItem\",\"position\":2,\"name\":\"Wirtschaftsforscher nutzen Corona-Krise als Forschungslabor\"}]},{\"@type\":\"WebSite\",\"@id\":\"https:\\\/\\\/gradido.net\\\/de\\\/#website\",\"url\":\"https:\\\/\\\/gradido.net\\\/de\\\/\",\"name\":\"Gradido\",\"description\":\"Die neue W\u00e4hrung hei\u00dft Dankbarkeit\",\"publisher\":{\"@id\":\"https:\\\/\\\/gradido.net\\\/de\\\/#organization\"},\"potentialAction\":[{\"@type\":\"SearchAction\",\"target\":{\"@type\":\"EntryPoint\",\"urlTemplate\":\"https:\\\/\\\/gradido.net\\\/de\\\/?s={search_term_string}\"},\"query-input\":{\"@type\":\"PropertyValueSpecification\",\"valueRequired\":true,\"valueName\":\"search_term_string\"}}],\"inLanguage\":\"pl-PL\"},{\"@type\":\"Organization\",\"@id\":\"https:\\\/\\\/gradido.net\\\/de\\\/#organization\",\"name\":\"Gradido\",\"url\":\"https:\\\/\\\/gradido.net\\\/de\\\/\",\"logo\":{\"@type\":\"ImageObject\",\"inLanguage\":\"pl-PL\",\"@id\":\"https:\\\/\\\/gradido.net\\\/de\\\/#\\\/schema\\\/logo\\\/image\\\/\",\"url\":\"https:\\\/\\\/gradido.net\\\/wp-content\\\/uploads\\\/2022\\\/04\\\/gradido-social.jpg\",\"contentUrl\":\"https:\\\/\\\/gradido.net\\\/wp-content\\\/uploads\\\/2022\\\/04\\\/gradido-social.jpg\",\"width\":527,\"height\":273,\"caption\":\"Gradido\"},\"image\":{\"@id\":\"https:\\\/\\\/gradido.net\\\/de\\\/#\\\/schema\\\/logo\\\/image\\\/\"}},{\"@type\":\"Person\",\"@id\":\"https:\\\/\\\/gradido.net\\\/de\\\/#\\\/schema\\\/person\\\/9c503a004ad15a1ddecadce2218db5d1\",\"name\":\"Bernd H\u00fcckst\u00e4dt\",\"sameAs\":[\"https:\\\/\\\/gradido.net\"],\"url\":\"https:\\\/\\\/gradido.net\\\/pl\\\/author\\\/bernd\\\/\"}]}<\/script>\n<!-- \/ Yoast SEO plugin. -->","yoast_head_json":{"title":"Badacze ekonomiczni wykorzystuj\u0105 kryzys koronawirusa jako laboratorium badawcze - Gradido","robots":{"index":"index","follow":"follow","max-snippet":"max-snippet:-1","max-image-preview":"max-image-preview:large","max-video-preview":"max-video-preview:-1"},"canonical":"https:\/\/gradido.net\/pl\/wirtschaftsforscher-nutzen-corona-krise-als-forschungslabor\/","og_locale":"pl_PL","og_type":"article","og_title":"Wirtschaftsforscher nutzen Corona-Krise als Forschungslabor - Gradido","og_description":"F\u00fcr eine bessere Arbeitswelt K\u00fcnzelsau,11.03.2021 \u2013 Millionen Menschen beschert die Sorge um ihren Arbeitsplatz kaum beherrschbare \u00c4ngste. Sie sehnen sich nach der R\u00fcckkehr in ihr altes Leben mit seiner vermeintlichen Sicherheit und Berechenbarkeit. Aber ist das wirklich erstrebenswert? Nachdem deutsche Arbeitnehmer schon vor der Krise als \u201aFrustweltmeister\u2018 galten, k\u00f6nnten wir den aktuellen Ausnahmezustand auch durchaus [&hellip;]","og_url":"https:\/\/gradido.net\/pl\/wirtschaftsforscher-nutzen-corona-krise-als-forschungslabor\/","og_site_name":"Gradido","article_published_time":"2021-03-11T11:06:47+00:00","article_modified_time":"2021-12-11T20:01:44+00:00","og_image":[{"width":1750,"height":1188,"url":"https:\/\/gradido.net\/wp-content\/uploads\/2021\/03\/krise_als_forschungslabor.jpg","type":"image\/jpeg"}],"author":"Bernd H\u00fcckst\u00e4dt","twitter_card":"summary_large_image","twitter_misc":{"Napisane przez":"Bernd H\u00fcckst\u00e4dt","Szacowany czas czytania":"5 minut"},"schema":{"@context":"https:\/\/schema.org","@graph":[{"@type":"Article","@id":"https:\/\/gradido.net\/wirtschaftsforscher-nutzen-corona-krise-als-forschungslabor\/#article","isPartOf":{"@id":"https:\/\/gradido.net\/wirtschaftsforscher-nutzen-corona-krise-als-forschungslabor\/"},"author":{"name":"Bernd H\u00fcckst\u00e4dt","@id":"https:\/\/gradido.net\/de\/#\/schema\/person\/9c503a004ad15a1ddecadce2218db5d1"},"headline":"Wirtschaftsforscher nutzen Corona-Krise als Forschungslabor","datePublished":"2021-03-11T11:06:47+00:00","dateModified":"2021-12-11T20:01:44+00:00","mainEntityOfPage":{"@id":"https:\/\/gradido.net\/wirtschaftsforscher-nutzen-corona-krise-als-forschungslabor\/"},"wordCount":1096,"publisher":{"@id":"https:\/\/gradido.net\/de\/#organization"},"image":{"@id":"https:\/\/gradido.net\/wirtschaftsforscher-nutzen-corona-krise-als-forschungslabor\/#primaryimage"},"thumbnailUrl":"https:\/\/gradido.net\/wp-content\/uploads\/2021\/03\/krise_als_forschungslabor.jpg","articleSection":["Pressemitteilung"],"inLanguage":"pl-PL"},{"@type":"WebPage","@id":"https:\/\/gradido.net\/wirtschaftsforscher-nutzen-corona-krise-als-forschungslabor\/","url":"https:\/\/gradido.net\/wirtschaftsforscher-nutzen-corona-krise-als-forschungslabor\/","name":"Badacze ekonomiczni wykorzystuj\u0105 kryzys koronawirusa jako laboratorium badawcze - Gradido","isPartOf":{"@id":"https:\/\/gradido.net\/de\/#website"},"primaryImageOfPage":{"@id":"https:\/\/gradido.net\/wirtschaftsforscher-nutzen-corona-krise-als-forschungslabor\/#primaryimage"},"image":{"@id":"https:\/\/gradido.net\/wirtschaftsforscher-nutzen-corona-krise-als-forschungslabor\/#primaryimage"},"thumbnailUrl":"https:\/\/gradido.net\/wp-content\/uploads\/2021\/03\/krise_als_forschungslabor.jpg","datePublished":"2021-03-11T11:06:47+00:00","dateModified":"2021-12-11T20:01:44+00:00","breadcrumb":{"@id":"https:\/\/gradido.net\/wirtschaftsforscher-nutzen-corona-krise-als-forschungslabor\/#breadcrumb"},"inLanguage":"pl-PL","potentialAction":[{"@type":"ReadAction","target":["https:\/\/gradido.net\/wirtschaftsforscher-nutzen-corona-krise-als-forschungslabor\/"]}]},{"@type":"ImageObject","inLanguage":"pl-PL","@id":"https:\/\/gradido.net\/wirtschaftsforscher-nutzen-corona-krise-als-forschungslabor\/#primaryimage","url":"https:\/\/gradido.net\/wp-content\/uploads\/2021\/03\/krise_als_forschungslabor.jpg","contentUrl":"https:\/\/gradido.net\/wp-content\/uploads\/2021\/03\/krise_als_forschungslabor.jpg","width":1750,"height":1188},{"@type":"BreadcrumbList","@id":"https:\/\/gradido.net\/wirtschaftsforscher-nutzen-corona-krise-als-forschungslabor\/#breadcrumb","itemListElement":[{"@type":"ListItem","position":1,"name":"Startseite","item":"https:\/\/gradido.net\/"},{"@type":"ListItem","position":2,"name":"Wirtschaftsforscher nutzen Corona-Krise als Forschungslabor"}]},{"@type":"WebSite","@id":"https:\/\/gradido.net\/de\/#website","url":"https:\/\/gradido.net\/de\/","name":"Gradido","description":"Now\u0105 walut\u0105 jest wdzi\u0119czno\u015b\u0107","publisher":{"@id":"https:\/\/gradido.net\/de\/#organization"},"potentialAction":[{"@type":"SearchAction","target":{"@type":"EntryPoint","urlTemplate":"https:\/\/gradido.net\/de\/?s={search_term_string}"},"query-input":{"@type":"PropertyValueSpecification","valueRequired":true,"valueName":"search_term_string"}}],"inLanguage":"pl-PL"},{"@type":"Organization","@id":"https:\/\/gradido.net\/de\/#organization","name":"Gradido","url":"https:\/\/gradido.net\/de\/","logo":{"@type":"ImageObject","inLanguage":"pl-PL","@id":"https:\/\/gradido.net\/de\/#\/schema\/logo\/image\/","url":"https:\/\/gradido.net\/wp-content\/uploads\/2022\/04\/gradido-social.jpg","contentUrl":"https:\/\/gradido.net\/wp-content\/uploads\/2022\/04\/gradido-social.jpg","width":527,"height":273,"caption":"Gradido"},"image":{"@id":"https:\/\/gradido.net\/de\/#\/schema\/logo\/image\/"}},{"@type":"Person","@id":"https:\/\/gradido.net\/de\/#\/schema\/person\/9c503a004ad15a1ddecadce2218db5d1","name":"Bernd H\u00fcckst\u00e4dt","sameAs":["https:\/\/gradido.net"],"url":"https:\/\/gradido.net\/pl\/author\/bernd\/"}]}},"_links":{"self":[{"href":"https:\/\/gradido.net\/pl\/wp-json\/wp\/v2\/posts\/1994","targetHints":{"allow":["GET"]}}],"collection":[{"href":"https:\/\/gradido.net\/pl\/wp-json\/wp\/v2\/posts"}],"about":[{"href":"https:\/\/gradido.net\/pl\/wp-json\/wp\/v2\/types\/post"}],"author":[{"embeddable":true,"href":"https:\/\/gradido.net\/pl\/wp-json\/wp\/v2\/users\/2"}],"replies":[{"embeddable":true,"href":"https:\/\/gradido.net\/pl\/wp-json\/wp\/v2\/comments?post=1994"}],"version-history":[{"count":8,"href":"https:\/\/gradido.net\/pl\/wp-json\/wp\/v2\/posts\/1994\/revisions"}],"predecessor-version":[{"id":3766,"href":"https:\/\/gradido.net\/pl\/wp-json\/wp\/v2\/posts\/1994\/revisions\/3766"}],"wp:featuredmedia":[{"embeddable":true,"href":"https:\/\/gradido.net\/pl\/wp-json\/wp\/v2\/media\/1939"}],"wp:attachment":[{"href":"https:\/\/gradido.net\/pl\/wp-json\/wp\/v2\/media?parent=1994"}],"wp:term":[{"taxonomy":"category","embeddable":true,"href":"https:\/\/gradido.net\/pl\/wp-json\/wp\/v2\/categories?post=1994"},{"taxonomy":"post_tag","embeddable":true,"href":"https:\/\/gradido.net\/pl\/wp-json\/wp\/v2\/tags?post=1994"}],"curies":[{"name":"wp","href":"https:\/\/api.w.org\/{rel}","templated":true}]}}