{"id":3854,"date":"2022-01-08T09:00:35","date_gmt":"2022-01-08T08:00:35","guid":{"rendered":"https:\/\/gradido.net\/?p=3854"},"modified":"2021-12-28T10:14:22","modified_gmt":"2021-12-28T09:14:22","slug":"episode-36","status":"publish","type":"post","link":"https:\/\/gradido.net\/pl\/episode-36\/","title":{"rendered":"Wielka Wsp\u00f3\u0142praca: czysta energia dla zdecentralizowanej samowystarczalno\u015bci"},"content":{"rendered":"<div data-elementor-type=\"wp-post\" data-elementor-id=\"3854\" class=\"elementor elementor-3854\" data-elementor-post-type=\"post\">\n\t\t\t\t\t\t<section class=\"elementor-section elementor-top-section elementor-element elementor-element-496e1d53 elementor-section-boxed elementor-section-height-default elementor-section-height-default\" data-id=\"496e1d53\" data-element_type=\"section\" data-e-type=\"section\">\n\t\t\t\t\t\t<div class=\"elementor-container elementor-column-gap-default\">\n\t\t\t\t\t<div class=\"elementor-column elementor-col-100 elementor-top-column elementor-element elementor-element-461d7be0\" data-id=\"461d7be0\" data-element_type=\"column\" data-e-type=\"column\">\n\t\t\t<div class=\"elementor-widget-wrap elementor-element-populated\">\n\t\t\t\t\t\t<div class=\"elementor-element elementor-element-cd9ebe2 elementor-widget elementor-widget-text-editor\" data-id=\"cd9ebe2\" data-element_type=\"widget\" data-e-type=\"widget\" data-widget_type=\"text-editor.default\">\n\t\t\t\t<div class=\"elementor-widget-container\">\n\t\t\t\t\t\t\t\t\t<h2>Go\u015b\u0107: Harald Reichl<\/h2>\t\t\t\t\t\t\t\t<\/div>\n\t\t\t\t<\/div>\n\t\t\t\t\t<\/div>\n\t\t<\/div>\n\t\t\t\t\t<\/div>\n\t\t<\/section>\n\t\t\t\t<section class=\"elementor-section elementor-top-section elementor-element elementor-element-2f93e3c3 elementor-section-boxed elementor-section-height-default elementor-section-height-default\" data-id=\"2f93e3c3\" data-element_type=\"section\" data-e-type=\"section\">\n\t\t\t\t\t\t<div class=\"elementor-container elementor-column-gap-default\">\n\t\t\t\t\t<div class=\"elementor-column elementor-col-100 elementor-top-column elementor-element elementor-element-5a9dfd19\" data-id=\"5a9dfd19\" data-element_type=\"column\" data-e-type=\"column\">\n\t\t\t<div class=\"elementor-widget-wrap elementor-element-populated\">\n\t\t\t\t\t\t<div class=\"elementor-element elementor-element-9cdb6b8 elementor-widget elementor-widget-html\" data-id=\"9cdb6b8\" data-element_type=\"widget\" data-e-type=\"widget\" data-widget_type=\"html.default\">\n\t\t\t\t<div class=\"elementor-widget-container\">\n\t\t\t\t\t<script class=\"podigee-podcast-player\" src=\"https:\/\/player.podigee-cdn.net\/podcast-player\/javascripts\/podigee-podcast-player.js\" data-configuration=\"https:\/\/gradido.podigee.io\/36-neue-episode\/embed?context=external&token=WN7zILYQYoaZUVGjhgAeWw\"><\/script>\t\t\t\t<\/div>\n\t\t\t\t<\/div>\n\t\t\t\t\t<\/div>\n\t\t<\/div>\n\t\t\t\t\t<\/div>\n\t\t<\/section>\n\t\t\t\t<section class=\"elementor-section elementor-top-section elementor-element elementor-element-585c640 elementor-section-boxed elementor-section-height-default elementor-section-height-default\" data-id=\"585c640\" data-element_type=\"section\" data-e-type=\"section\">\n\t\t\t\t\t\t<div class=\"elementor-container elementor-column-gap-default\">\n\t\t\t\t\t<div class=\"elementor-column elementor-col-50 elementor-top-column elementor-element elementor-element-13c250b\" data-id=\"13c250b\" data-element_type=\"column\" data-e-type=\"column\">\n\t\t\t<div class=\"elementor-widget-wrap elementor-element-populated\">\n\t\t\t\t\t\t<div class=\"elementor-element elementor-element-0561949 elementor-widget elementor-widget-text-editor\" data-id=\"0561949\" data-element_type=\"widget\" data-e-type=\"widget\" data-widget_type=\"text-editor.default\">\n\t\t\t\t<div class=\"elementor-widget-container\">\n\t\t\t\t\t\t\t\t\t<p>Awarie zasilania i przerwy w dostawie pr\u0105du to tematy, kt\u00f3re przyci\u0105gaj\u0105 coraz wi\u0119ksz\u0105 uwag\u0119 medi\u00f3w. Wielu z nas zadaje sobie pytanie, jak wygl\u0105da\u0142oby \u017cycie w takiej sytuacji i jak mo\u017cna uchroni\u0107 si\u0119 przed powa\u017cnymi konsekwencjami. Jak uniezale\u017cni\u0107 si\u0119 od scentralizowanych struktur i w ten spos\u00f3b zbli\u017cy\u0107 si\u0119 do marzenia o wolnym \u017cyciu?<\/p><p>W coraz wi\u0119kszym stopniu wielkie i z\u0142o\u017cone sieci energetyczne staj\u0105 si\u0119 pi\u0119t\u0105 achillesow\u0105 ca\u0142ej cywilizacji. Czy jako pojedyncze istoty ludzkie jeste\u015bmy w og\u00f3le w stanie wyzwoli\u0107 si\u0119 z zale\u017cno\u015bci od tak pot\u0119\u017cnych struktur? Czy zdecentralizowane dostawy energii umo\u017cliwi\u0142yby stworzenie bardziej sprawiedliwego \u015bwiata dla wszystkich ludzi?<\/p><p>Nasz dzisiejszy go\u015b\u0107, Harald Reichl, pracowa\u0142 kiedy\u015b w bran\u017cy finansowej i by\u0142 zapalonym fanem szybkich samochod\u00f3w o wysokim zu\u017cyciu paliwa. W mi\u0119dzyczasie ca\u0142kowicie po\u015bwi\u0119ca swoje \u017cycie wytwarzaniu czystej energii. Tak jak Gradido zajmuje si\u0119 pieni\u0119dzmi i systemem ekonomicznym, tak on wspiera niezale\u017cno\u015b\u0107 ludzi poprzez sw\u00f3j Instytut Badawczy Plasmatec. Stowarzyszenie non-profit postawi\u0142o sobie za cel zapewnienie dost\u0119pu do niedrogiej, samowystarczalnej energii dla szerokiej grupy ludzi poprzez innowacyjne przetwarzanie baterii wielokrotnego u\u017cytku.<\/p><p>Harald Reichl wcze\u015bnie zda\u0142 sobie spraw\u0119, jak wiele energii elektrycznej i pieni\u0119dzy marnuje si\u0119 na produkcj\u0119 ropy naftowej i wytwarzanie paliw, i w 2012 r. za\u0142o\u017cy\u0142 swoj\u0105 pierwsz\u0105 firm\u0119 zajmuj\u0105c\u0105 si\u0119 energi\u0105 odnawialn\u0105. Prowadzi w\u0142asne gospodarstwo domowe w spos\u00f3b niemal samowystarczalny energetycznie. Pom\u00f3g\u0142 stworzy\u0107 najwi\u0119kszy w Austrii system wsp\u00f3lnego u\u017cytkowania samochod\u00f3w elektrycznych, kt\u00f3ry otrzyma\u0142 nagrod\u0119 Climate Energy Prize przyznawan\u0105 przez Izb\u0119 Handlow\u0105 w Wiedniu.<\/p><p>W swoim Instytucie Badawczym Plasmatec Harald prowadzi warsztaty na temat budowy w\u0142asnych domowych magazyn\u00f3w energii z przetworzonych baterii, kt\u00f3re mo\u017cna uzupe\u0142ni\u0107 panelami s\u0142onecznymi, aby produkowa\u0107 w\u0142asn\u0105 energi\u0119 elektryczn\u0105. Dzi\u0119ki temu przez wi\u0119ksz\u0105 cz\u0119\u015b\u0107 roku mo\u017cliwa jest niezale\u017cna produkcja energii.<\/p><p>Wsp\u00f3\u0142praca Instytutu Badawczego Plasmatec i spo\u0142eczno\u015bci Gradido mo\u017ce przynie\u015b\u0107 ogromny potencja\u0142, poniewa\u017c w ramach takiej Wielkiej Wsp\u00f3\u0142pracy obejmujemy systemem monetarnym i energetycznym dwa najwa\u017cniejsze filary ludzkiej przysz\u0142o\u015bci w harmonii z natur\u0105.<\/p><p>Energia elektryczna jest czym\u015b, co wielu ludzi szanuje i woli pozostawi\u0107 ekspertom. W takich przypadkach Instytut Badawczy Plasmatec przejmuje projekt. Ci, kt\u00f3rzy wsp\u00f3\u0142pracuj\u0105 sami, obni\u017caj\u0105 swoje koszty, a jednocze\u015bnie zdobywaj\u0105 cenne know-how.<\/p><p>Tworzenie sieci wizjoner\u00f3w i tw\u00f3rc\u00f3w przysz\u0142o\u015bci dostosowanej do potrzeb wnuk\u00f3w jest niezwykle wa\u017cne w czasach, gdy w\u0142adze instytucjonalne pr\u00f3buj\u0105 w represyjny spos\u00f3b st\u0142umi\u0107 niezale\u017cno\u015b\u0107 ludzi. Kto chcia\u0142by p\u00f3\u017aniej odpowiada\u0107 na pytania swoich dzieci i wnuk\u00f3w, dlaczego nie w\u0142\u0105czy\u0142 si\u0119 do sieci i nie wni\u00f3s\u0142 swojego wk\u0142adu w wyzwolenie rodziny ludzkiej? Razem, w ramach \"Wielkiej wsp\u00f3\u0142pracy ludzi i si\u0142 wspieraj\u0105cych \u017cycie\", dokonujemy pokojowej przemiany w zdrowy, czysty i nadaj\u0105cy si\u0119 do \u017cycia \u015bwiat - dla nas samych i dla przysz\u0142ych pokole\u0144.<\/p><p>W lewo:<br \/><a href=\"https:\/\/www.plasmatecinstitut.com\/\">Instytut Plazmatec<\/a><br \/><a href=\"https:\/\/plasfour.com\/\">Plasfour<\/a><\/p>\t\t\t\t\t\t\t\t<\/div>\n\t\t\t\t<\/div>\n\t\t\t\t\t<\/div>\n\t\t<\/div>\n\t\t\t\t<div class=\"elementor-column elementor-col-50 elementor-top-column elementor-element elementor-element-e0d795e\" data-id=\"e0d795e\" data-element_type=\"column\" data-e-type=\"column\">\n\t\t\t<div class=\"elementor-widget-wrap elementor-element-populated\">\n\t\t\t\t\t\t<div class=\"elementor-element elementor-element-8c61bad elementor-widget elementor-widget-image\" data-id=\"8c61bad\" data-element_type=\"widget\" data-e-type=\"widget\" data-widget_type=\"image.default\">\n\t\t\t\t<div class=\"elementor-widget-container\">\n\t\t\t\t\t\t\t\t\t\t\t\t\t\t\t<img fetchpriority=\"high\" decoding=\"async\" width=\"800\" height=\"800\" src=\"https:\/\/gradido.net\/wp-content\/uploads\/2021\/12\/gradido_podcast_reichl-1024x1024.jpg\" class=\"attachment-large size-large wp-image-3686\" alt=\"\" srcset=\"https:\/\/gradido.net\/wp-content\/uploads\/2021\/12\/gradido_podcast_reichl-1024x1024.jpg 1024w, https:\/\/gradido.net\/wp-content\/uploads\/2021\/12\/gradido_podcast_reichl-300x300.jpg 300w, https:\/\/gradido.net\/wp-content\/uploads\/2021\/12\/gradido_podcast_reichl-150x150.jpg 150w, https:\/\/gradido.net\/wp-content\/uploads\/2021\/12\/gradido_podcast_reichl-768x768.jpg 768w, https:\/\/gradido.net\/wp-content\/uploads\/2021\/12\/gradido_podcast_reichl-12x12.jpg 12w, https:\/\/gradido.net\/wp-content\/uploads\/2021\/12\/gradido_podcast_reichl.jpg 1400w\" sizes=\"(max-width: 800px) 100vw, 800px\" \/>\t\t\t\t\t\t\t\t\t\t\t\t\t\t\t<\/div>\n\t\t\t\t<\/div>\n\t\t\t\t<div class=\"elementor-element elementor-element-ceab137 elementor-widget elementor-widget-text-editor\" data-id=\"ceab137\" data-element_type=\"widget\" data-e-type=\"widget\" data-widget_type=\"text-editor.default\">\n\t\t\t\t<div class=\"elementor-widget-container\">\n\t\t\t\t\t\t\t\t\t<p><a href=\"https:\/\/youtu.be\/eLrv4TTuwvY\" target=\"_blank\" rel=\"noopener\">Pos\u0142uchaj na YouTube<\/a><\/p>\t\t\t\t\t\t\t\t<\/div>\n\t\t\t\t<\/div>\n\t\t\t\t\t<\/div>\n\t\t<\/div>\n\t\t\t\t\t<\/div>\n\t\t<\/section>\n\t\t\t\t<section class=\"elementor-section elementor-top-section elementor-element elementor-element-d051609 elementor-section-boxed elementor-section-height-default elementor-section-height-default\" data-id=\"d051609\" data-element_type=\"section\" data-e-type=\"section\">\n\t\t\t\t\t\t<div class=\"elementor-container elementor-column-gap-default\">\n\t\t\t\t\t<div class=\"elementor-column elementor-col-100 elementor-top-column elementor-element elementor-element-13cc168\" data-id=\"13cc168\" data-element_type=\"column\" data-e-type=\"column\">\n\t\t\t<div class=\"elementor-widget-wrap elementor-element-populated\">\n\t\t\t\t\t\t<div class=\"elementor-element elementor-element-b43b3ee elementor-widget elementor-widget-heading\" data-id=\"b43b3ee\" data-element_type=\"widget\" data-e-type=\"widget\" data-widget_type=\"heading.default\">\n\t\t\t\t<div class=\"elementor-widget-container\">\n\t\t\t\t\t<h2 class=\"elementor-heading-title elementor-size-default\">Transkrypt (przet\u0142umaczony automatycznie)<\/h2>\t\t\t\t<\/div>\n\t\t\t\t<\/div>\n\t\t\t\t\t<\/div>\n\t\t<\/div>\n\t\t\t\t\t<\/div>\n\t\t<\/section>\n\t\t\t\t<section class=\"elementor-section elementor-top-section elementor-element elementor-element-474427c elementor-section-boxed elementor-section-height-default elementor-section-height-default\" data-id=\"474427c\" data-element_type=\"section\" data-e-type=\"section\">\n\t\t\t\t\t\t<div class=\"elementor-container elementor-column-gap-default\">\n\t\t\t\t\t<div class=\"elementor-column elementor-col-100 elementor-top-column elementor-element elementor-element-6041f12\" data-id=\"6041f12\" data-element_type=\"column\" data-e-type=\"column\">\n\t\t\t<div class=\"elementor-widget-wrap elementor-element-populated\">\n\t\t\t\t\t\t\t<\/div>\n\t\t<\/div>\n\t\t\t\t\t<\/div>\n\t\t<\/section>\n\t\t\t\t<\/div>","protected":false},"excerpt":{"rendered":"<p>Harald Reichl wandelte sich vom Verm\u00f6gensberater und Liebhaber schneller Autos zum Experten f\u00fcr preiswerte, nachhaltige und umweltfreundliche Energieerzeugung, die den Menschen ein unabh\u00e4ngiges und menschenw\u00fcrdiges Leben erm\u00f6glichen kann [01:19:59]<\/p>\n","protected":false},"author":12,"featured_media":3687,"comment_status":"closed","ping_status":"closed","sticky":false,"template":"","format":"standard","meta":{"footnotes":""},"categories":[19],"tags":[16],"class_list":["post-3854","post","type-post","status-publish","format-standard","has-post-thumbnail","hentry","category-podcast","tag-grundeinkommen"],"yoast_head":"<!-- This site is optimized with the Yoast SEO plugin v27.5 - https:\/\/yoast.com\/product\/yoast-seo-wordpress\/ -->\n<title>Great Cooperation: saubere Energie f\u00fcr dezentrale Autarkie - Gradido<\/title>\n<meta name=\"robots\" content=\"index, follow, max-snippet:-1, max-image-preview:large, max-video-preview:-1\" \/>\n<link rel=\"canonical\" href=\"https:\/\/gradido.net\/pl\/episode-36\/\" \/>\n<meta property=\"og:locale\" content=\"pl_PL\" \/>\n<meta property=\"og:type\" content=\"article\" \/>\n<meta property=\"og:title\" content=\"Great Cooperation: saubere Energie f\u00fcr dezentrale Autarkie - Gradido\" \/>\n<meta property=\"og:description\" content=\"Harald Reichl wandelte sich vom Verm\u00f6gensberater und Liebhaber schneller Autos zum Experten f\u00fcr preiswerte, nachhaltige und umweltfreundliche Energieerzeugung, die den Menschen ein unabh\u00e4ngiges und menschenw\u00fcrdiges Leben erm\u00f6glichen kann [01:19:59]\" \/>\n<meta property=\"og:url\" content=\"https:\/\/gradido.net\/pl\/episode-36\/\" \/>\n<meta property=\"og:site_name\" content=\"Gradido\" \/>\n<meta property=\"article:published_time\" content=\"2022-01-08T08:00:35+00:00\" \/>\n<meta property=\"og:image\" content=\"https:\/\/gradido.net\/wp-content\/uploads\/2021\/12\/podcast_www_reichl.jpg\" \/>\n\t<meta property=\"og:image:width\" content=\"700\" \/>\n\t<meta property=\"og:image:height\" content=\"475\" \/>\n\t<meta property=\"og:image:type\" content=\"image\/jpeg\" \/>\n<meta name=\"author\" content=\"Philipp Kessler\" \/>\n<meta name=\"twitter:card\" content=\"summary_large_image\" \/>\n<meta name=\"twitter:label1\" content=\"Napisane przez\" \/>\n\t<meta name=\"twitter:data1\" content=\"Philipp Kessler\" \/>\n\t<meta name=\"twitter:label2\" content=\"Szacowany czas czytania\" \/>\n\t<meta name=\"twitter:data2\" content=\"2 minuty\" \/>\n<script type=\"application\/ld+json\" class=\"yoast-schema-graph\">{\"@context\":\"https:\\\/\\\/schema.org\",\"@graph\":[{\"@type\":\"Article\",\"@id\":\"https:\\\/\\\/gradido.net\\\/et\\\/episode-36\\\/#article\",\"isPartOf\":{\"@id\":\"https:\\\/\\\/gradido.net\\\/et\\\/episode-36\\\/\"},\"author\":{\"name\":\"Philipp Kessler\",\"@id\":\"https:\\\/\\\/gradido.net\\\/de\\\/#\\\/schema\\\/person\\\/f57399104ec77f2a2d5a68f479b0492f\"},\"headline\":\"Great Cooperation: saubere Energie f\u00fcr dezentrale Autarkie\",\"datePublished\":\"2022-01-08T08:00:35+00:00\",\"mainEntityOfPage\":{\"@id\":\"https:\\\/\\\/gradido.net\\\/et\\\/episode-36\\\/\"},\"wordCount\":475,\"publisher\":{\"@id\":\"https:\\\/\\\/gradido.net\\\/de\\\/#organization\"},\"image\":{\"@id\":\"https:\\\/\\\/gradido.net\\\/et\\\/episode-36\\\/#primaryimage\"},\"thumbnailUrl\":\"https:\\\/\\\/gradido.net\\\/wp-content\\\/uploads\\\/2021\\\/12\\\/podcast_www_reichl.jpg\",\"keywords\":[\"Grundeinkommen\"],\"articleSection\":[\"Podcast\"],\"inLanguage\":\"pl-PL\"},{\"@type\":\"WebPage\",\"@id\":\"https:\\\/\\\/gradido.net\\\/et\\\/episode-36\\\/\",\"url\":\"https:\\\/\\\/gradido.net\\\/et\\\/episode-36\\\/\",\"name\":\"Great Cooperation: saubere Energie f\u00fcr dezentrale Autarkie - Gradido\",\"isPartOf\":{\"@id\":\"https:\\\/\\\/gradido.net\\\/de\\\/#website\"},\"primaryImageOfPage\":{\"@id\":\"https:\\\/\\\/gradido.net\\\/et\\\/episode-36\\\/#primaryimage\"},\"image\":{\"@id\":\"https:\\\/\\\/gradido.net\\\/et\\\/episode-36\\\/#primaryimage\"},\"thumbnailUrl\":\"https:\\\/\\\/gradido.net\\\/wp-content\\\/uploads\\\/2021\\\/12\\\/podcast_www_reichl.jpg\",\"datePublished\":\"2022-01-08T08:00:35+00:00\",\"breadcrumb\":{\"@id\":\"https:\\\/\\\/gradido.net\\\/et\\\/episode-36\\\/#breadcrumb\"},\"inLanguage\":\"pl-PL\",\"potentialAction\":[{\"@type\":\"ReadAction\",\"target\":[\"https:\\\/\\\/gradido.net\\\/et\\\/episode-36\\\/\"]}]},{\"@type\":\"ImageObject\",\"inLanguage\":\"pl-PL\",\"@id\":\"https:\\\/\\\/gradido.net\\\/et\\\/episode-36\\\/#primaryimage\",\"url\":\"https:\\\/\\\/gradido.net\\\/wp-content\\\/uploads\\\/2021\\\/12\\\/podcast_www_reichl.jpg\",\"contentUrl\":\"https:\\\/\\\/gradido.net\\\/wp-content\\\/uploads\\\/2021\\\/12\\\/podcast_www_reichl.jpg\",\"width\":700,\"height\":475},{\"@type\":\"BreadcrumbList\",\"@id\":\"https:\\\/\\\/gradido.net\\\/et\\\/episode-36\\\/#breadcrumb\",\"itemListElement\":[{\"@type\":\"ListItem\",\"position\":1,\"name\":\"Startseite\",\"item\":\"https:\\\/\\\/gradido.net\\\/\"},{\"@type\":\"ListItem\",\"position\":2,\"name\":\"Great Cooperation: saubere Energie f\u00fcr dezentrale Autarkie\"}]},{\"@type\":\"WebSite\",\"@id\":\"https:\\\/\\\/gradido.net\\\/de\\\/#website\",\"url\":\"https:\\\/\\\/gradido.net\\\/de\\\/\",\"name\":\"Gradido\",\"description\":\"Die neue W\u00e4hrung hei\u00dft Dankbarkeit\",\"publisher\":{\"@id\":\"https:\\\/\\\/gradido.net\\\/de\\\/#organization\"},\"potentialAction\":[{\"@type\":\"SearchAction\",\"target\":{\"@type\":\"EntryPoint\",\"urlTemplate\":\"https:\\\/\\\/gradido.net\\\/de\\\/?s={search_term_string}\"},\"query-input\":{\"@type\":\"PropertyValueSpecification\",\"valueRequired\":true,\"valueName\":\"search_term_string\"}}],\"inLanguage\":\"pl-PL\"},{\"@type\":\"Organization\",\"@id\":\"https:\\\/\\\/gradido.net\\\/de\\\/#organization\",\"name\":\"Gradido\",\"url\":\"https:\\\/\\\/gradido.net\\\/de\\\/\",\"logo\":{\"@type\":\"ImageObject\",\"inLanguage\":\"pl-PL\",\"@id\":\"https:\\\/\\\/gradido.net\\\/de\\\/#\\\/schema\\\/logo\\\/image\\\/\",\"url\":\"https:\\\/\\\/gradido.net\\\/wp-content\\\/uploads\\\/2022\\\/04\\\/gradido-social.jpg\",\"contentUrl\":\"https:\\\/\\\/gradido.net\\\/wp-content\\\/uploads\\\/2022\\\/04\\\/gradido-social.jpg\",\"width\":527,\"height\":273,\"caption\":\"Gradido\"},\"image\":{\"@id\":\"https:\\\/\\\/gradido.net\\\/de\\\/#\\\/schema\\\/logo\\\/image\\\/\"}},{\"@type\":\"Person\",\"@id\":\"https:\\\/\\\/gradido.net\\\/de\\\/#\\\/schema\\\/person\\\/f57399104ec77f2a2d5a68f479b0492f\",\"name\":\"Philipp Kessler\",\"url\":\"https:\\\/\\\/gradido.net\\\/pl\\\/author\\\/philipp\\\/\"}]}<\/script>\n<!-- \/ Yoast SEO plugin. -->","yoast_head_json":{"title":"Wielka Wsp\u00f3\u0142praca: czysta energia dla zdecentralizowanej samowystarczalno\u015bci - Gradido","robots":{"index":"index","follow":"follow","max-snippet":"max-snippet:-1","max-image-preview":"max-image-preview:large","max-video-preview":"max-video-preview:-1"},"canonical":"https:\/\/gradido.net\/pl\/episode-36\/","og_locale":"pl_PL","og_type":"article","og_title":"Great Cooperation: saubere Energie f\u00fcr dezentrale Autarkie - Gradido","og_description":"Harald Reichl wandelte sich vom Verm\u00f6gensberater und Liebhaber schneller Autos zum Experten f\u00fcr preiswerte, nachhaltige und umweltfreundliche Energieerzeugung, die den Menschen ein unabh\u00e4ngiges und menschenw\u00fcrdiges Leben erm\u00f6glichen kann [01:19:59]","og_url":"https:\/\/gradido.net\/pl\/episode-36\/","og_site_name":"Gradido","article_published_time":"2022-01-08T08:00:35+00:00","og_image":[{"width":700,"height":475,"url":"https:\/\/gradido.net\/wp-content\/uploads\/2021\/12\/podcast_www_reichl.jpg","type":"image\/jpeg"}],"author":"Philipp Kessler","twitter_card":"summary_large_image","twitter_misc":{"Napisane przez":"Philipp Kessler","Szacowany czas czytania":"2 minuty"},"schema":{"@context":"https:\/\/schema.org","@graph":[{"@type":"Article","@id":"https:\/\/gradido.net\/et\/episode-36\/#article","isPartOf":{"@id":"https:\/\/gradido.net\/et\/episode-36\/"},"author":{"name":"Philipp Kessler","@id":"https:\/\/gradido.net\/de\/#\/schema\/person\/f57399104ec77f2a2d5a68f479b0492f"},"headline":"Great Cooperation: saubere Energie f\u00fcr dezentrale Autarkie","datePublished":"2022-01-08T08:00:35+00:00","mainEntityOfPage":{"@id":"https:\/\/gradido.net\/et\/episode-36\/"},"wordCount":475,"publisher":{"@id":"https:\/\/gradido.net\/de\/#organization"},"image":{"@id":"https:\/\/gradido.net\/et\/episode-36\/#primaryimage"},"thumbnailUrl":"https:\/\/gradido.net\/wp-content\/uploads\/2021\/12\/podcast_www_reichl.jpg","keywords":["Grundeinkommen"],"articleSection":["Podcast"],"inLanguage":"pl-PL"},{"@type":"WebPage","@id":"https:\/\/gradido.net\/et\/episode-36\/","url":"https:\/\/gradido.net\/et\/episode-36\/","name":"Wielka Wsp\u00f3\u0142praca: czysta energia dla zdecentralizowanej samowystarczalno\u015bci - Gradido","isPartOf":{"@id":"https:\/\/gradido.net\/de\/#website"},"primaryImageOfPage":{"@id":"https:\/\/gradido.net\/et\/episode-36\/#primaryimage"},"image":{"@id":"https:\/\/gradido.net\/et\/episode-36\/#primaryimage"},"thumbnailUrl":"https:\/\/gradido.net\/wp-content\/uploads\/2021\/12\/podcast_www_reichl.jpg","datePublished":"2022-01-08T08:00:35+00:00","breadcrumb":{"@id":"https:\/\/gradido.net\/et\/episode-36\/#breadcrumb"},"inLanguage":"pl-PL","potentialAction":[{"@type":"ReadAction","target":["https:\/\/gradido.net\/et\/episode-36\/"]}]},{"@type":"ImageObject","inLanguage":"pl-PL","@id":"https:\/\/gradido.net\/et\/episode-36\/#primaryimage","url":"https:\/\/gradido.net\/wp-content\/uploads\/2021\/12\/podcast_www_reichl.jpg","contentUrl":"https:\/\/gradido.net\/wp-content\/uploads\/2021\/12\/podcast_www_reichl.jpg","width":700,"height":475},{"@type":"BreadcrumbList","@id":"https:\/\/gradido.net\/et\/episode-36\/#breadcrumb","itemListElement":[{"@type":"ListItem","position":1,"name":"Startseite","item":"https:\/\/gradido.net\/"},{"@type":"ListItem","position":2,"name":"Great Cooperation: saubere Energie f\u00fcr dezentrale Autarkie"}]},{"@type":"WebSite","@id":"https:\/\/gradido.net\/de\/#website","url":"https:\/\/gradido.net\/de\/","name":"Gradido","description":"Now\u0105 walut\u0105 jest wdzi\u0119czno\u015b\u0107","publisher":{"@id":"https:\/\/gradido.net\/de\/#organization"},"potentialAction":[{"@type":"SearchAction","target":{"@type":"EntryPoint","urlTemplate":"https:\/\/gradido.net\/de\/?s={search_term_string}"},"query-input":{"@type":"PropertyValueSpecification","valueRequired":true,"valueName":"search_term_string"}}],"inLanguage":"pl-PL"},{"@type":"Organization","@id":"https:\/\/gradido.net\/de\/#organization","name":"Gradido","url":"https:\/\/gradido.net\/de\/","logo":{"@type":"ImageObject","inLanguage":"pl-PL","@id":"https:\/\/gradido.net\/de\/#\/schema\/logo\/image\/","url":"https:\/\/gradido.net\/wp-content\/uploads\/2022\/04\/gradido-social.jpg","contentUrl":"https:\/\/gradido.net\/wp-content\/uploads\/2022\/04\/gradido-social.jpg","width":527,"height":273,"caption":"Gradido"},"image":{"@id":"https:\/\/gradido.net\/de\/#\/schema\/logo\/image\/"}},{"@type":"Person","@id":"https:\/\/gradido.net\/de\/#\/schema\/person\/f57399104ec77f2a2d5a68f479b0492f","name":"Philipp Kessler","url":"https:\/\/gradido.net\/pl\/author\/philipp\/"}]}},"_links":{"self":[{"href":"https:\/\/gradido.net\/pl\/wp-json\/wp\/v2\/posts\/3854","targetHints":{"allow":["GET"]}}],"collection":[{"href":"https:\/\/gradido.net\/pl\/wp-json\/wp\/v2\/posts"}],"about":[{"href":"https:\/\/gradido.net\/pl\/wp-json\/wp\/v2\/types\/post"}],"author":[{"embeddable":true,"href":"https:\/\/gradido.net\/pl\/wp-json\/wp\/v2\/users\/12"}],"replies":[{"embeddable":true,"href":"https:\/\/gradido.net\/pl\/wp-json\/wp\/v2\/comments?post=3854"}],"version-history":[{"count":5,"href":"https:\/\/gradido.net\/pl\/wp-json\/wp\/v2\/posts\/3854\/revisions"}],"predecessor-version":[{"id":3859,"href":"https:\/\/gradido.net\/pl\/wp-json\/wp\/v2\/posts\/3854\/revisions\/3859"}],"wp:featuredmedia":[{"embeddable":true,"href":"https:\/\/gradido.net\/pl\/wp-json\/wp\/v2\/media\/3687"}],"wp:attachment":[{"href":"https:\/\/gradido.net\/pl\/wp-json\/wp\/v2\/media?parent=3854"}],"wp:term":[{"taxonomy":"category","embeddable":true,"href":"https:\/\/gradido.net\/pl\/wp-json\/wp\/v2\/categories?post=3854"},{"taxonomy":"post_tag","embeddable":true,"href":"https:\/\/gradido.net\/pl\/wp-json\/wp\/v2\/tags?post=3854"}],"curies":[{"name":"wp","href":"https:\/\/api.w.org\/{rel}","templated":true}]}}