{"id":3931,"date":"2022-01-25T16:00:47","date_gmt":"2022-01-25T15:00:47","guid":{"rendered":"https:\/\/gradido.net\/?p=3931"},"modified":"2022-01-25T16:06:17","modified_gmt":"2022-01-25T15:06:17","slug":"zusammenwachsen-statt-in-zwietracht-scheitern","status":"publish","type":"post","link":"https:\/\/gradido.net\/pl\/zusammenwachsen-statt-in-zwietracht-scheitern\/","title":{"rendered":"Wsp\u00f3lne wzrastanie zamiast pora\u017cki w niezgodzie"},"content":{"rendered":"<div data-elementor-type=\"wp-post\" data-elementor-id=\"3931\" class=\"elementor elementor-3931\" data-elementor-post-type=\"post\">\n\t\t\t\t\t\t<section class=\"elementor-section elementor-top-section elementor-element elementor-element-496e1d53 elementor-section-boxed elementor-section-height-default elementor-section-height-default\" data-id=\"496e1d53\" data-element_type=\"section\" data-e-type=\"section\">\n\t\t\t\t\t\t<div class=\"elementor-container elementor-column-gap-default\">\n\t\t\t\t\t<div class=\"elementor-column elementor-col-100 elementor-top-column elementor-element elementor-element-461d7be0\" data-id=\"461d7be0\" data-element_type=\"column\" data-e-type=\"column\">\n\t\t\t<div class=\"elementor-widget-wrap elementor-element-populated\">\n\t\t\t\t\t\t<div class=\"elementor-element elementor-element-cd9ebe2 elementor-widget elementor-widget-text-editor\" data-id=\"cd9ebe2\" data-element_type=\"widget\" data-e-type=\"widget\" data-widget_type=\"text-editor.default\">\n\t\t\t\t<div class=\"elementor-widget-container\">\n\t\t\t\t\t\t\t\t\t<h2>Gradido toruje drog\u0119 do pokoju spo\u0142ecznego<\/h2><p><strong>K\u00fcnzelsau, 25.01.2022 - Nowy rok ledwo si\u0119 zacz\u0105\u0142, a ju\u017c rzuca sw\u00f3j cie\u0144: w ca\u0142ym kraju nasilaj\u0105 si\u0119 protesty obywatelskie i ro\u015bnie brutalizacja wzajemnych relacji. Niezbywalne prawa podstawowe i porz\u0105dek spo\u0142eczny wydaj\u0105 si\u0119 r\u00f3wnie zagro\u017cone. Wiele os\u00f3b pozostaje bez s\u0142owa, bezradnych i bezczynnych w obliczu niepokoj\u0105cego rozwoju podzia\u0142\u00f3w w spo\u0142ecze\u0144stwie. Eksperci bioniki ekonomicznej z Akademii Gradido byli w stanie zidentyfikowa\u0107 istniej\u0105cy system ekonomiczny i finansowy jako rzeczywist\u0105 przyczyn\u0119 donios\u0142ych wydarze\u0144, kt\u00f3re obecnie maj\u0105 miejsce na ca\u0142ym \u015bwiecie. W zwi\u0105zku z tym w ci\u0105gu ostatnich dw\u00f3ch dekad w Wolnym Instytucie Badawczym opracowano alternatywny model, kt\u00f3ry umo\u017cliwia \u017cycie w ci\u0105g\u0142ym pokoju spo\u0142ecznym. Koncepcja Gradido, oparta na tych prawach natury, kt\u00f3re od pocz\u0105tku istnienia \u015bwiata zawsze skutecznie si\u0119 sprawdza\u0142y, otwiera obiecuj\u0105ce perspektywy.<\/strong><\/p><h3>Brak alternatywy dla podzia\u0142\u00f3w spo\u0142ecznych?<\/h3><p>W obliczu utrzymuj\u0105cego si\u0119 kryzysu Corony Niemcy coraz bardziej obawiaj\u0105 si\u0119 roz\u0142amu w spo\u0142ecze\u0144stwie. W nowym roku 70 procent Niemc\u00f3w spodziewa si\u0119 coraz wi\u0119kszych podzia\u0142\u00f3w - wynika z sonda\u017cu opublikowanego w Hamburgu przez Fundacj\u0119 Przysz\u0142o\u015bci BAT. Szerokie grupy ludno\u015bci s\u0105 niezadowolone, przestraszone i rozczarowane. Potwierdza to r\u00f3wnie\u017c reprezentatywne badanie \"Future Study 2021\" Instytutu Rheingolda w Kolonii we wsp\u00f3\u0142pracy z Fundacj\u0105 To\u017csamo\u015b\u0107 w D\u00fcsseldorfie. Jak wynika z badania, wielu respondent\u00f3w ma powa\u017cny dylemat zwi\u0105zany z wykonalno\u015bci\u0105. Dostrzegaj\u0105 oni g\u0142\u00f3wne problemy przysz\u0142o\u015bci, ale nie maj\u0105 poj\u0119cia, jak mo\u017cna przezwyci\u0119\u017cy\u0107 te wyzwania stulecia. Wed\u0142ug badania, najwi\u0119ksze obawy o przysz\u0142o\u015b\u0107 dotycz\u0105 \"spo\u0142ecznej zmiany klimatu\" z jej post\u0119puj\u0105c\u0105 polaryzacj\u0105 i rozpadem spo\u0142ecze\u0144stwa.<\/p><h3>Wsp\u00f3lne rozwijanie si\u0119 poprzez r\u00f3wnowag\u0119 spo\u0142eczn\u0105<\/h3><p>\"Rosn\u0105cy niepok\u00f3j egzystencjalny i coraz wi\u0119ksza niesprawiedliwo\u015b\u0107 w warunkach \u017cycia nieuchronnie prowadz\u0105 do niezgody\" - m\u00f3wi Margret Baier, w\u0142a\u015bcicielka Akademii Bioniki Ekonomicznej Gradido, i dodaje: \"Model Gradido zwi\u0119ksza dobrobyt dla wszystkich i zbli\u017ca ludzi\". R\u00f3wnie\u017c publicystka \"S\u00fcddeutsche Zeitung\" Jagoda Marini\u0107 pisze pod tytu\u0142em \"R\u00f3wni nier\u00f3wni\": \"Ci, kt\u00f3rzy domagaj\u0105 si\u0119 sp\u00f3jno\u015bci, musz\u0105 d\u0105\u017cy\u0107 do celu, jakim jest zasadnicze podniesienie standardu wsp\u00f3lnego spo\u0142ecze\u0144stwa, zamiast pozwala\u0107, by prywatyzacja sta\u0142a si\u0119 norm\u0105 dla bogatszych...\". (SZ.de, 07.01.2022)<\/p><h3>Sprawiedliwy system finansowy - klucz do nowej wsp\u00f3lnoty?<\/h3><p>Model Gradido, oparty na walucie dobra wsp\u00f3lnego o tej samej nazwie, wskazuje realn\u0105 drog\u0119 do nowej sprawiedliwo\u015bci spo\u0142ecznej i egzystencji zapewniaj\u0105cej \u015brodki do \u017cycia wszystkim klasom spo\u0142ecznym. Wprowadzenie dobrowolnego \"Aktywnego dochodu podstawowego\" zabezpiecza byt ka\u017cdej osoby. Mo\u017cna si\u0119 o ni\u0105 ubiega\u0107 - niezale\u017cnie od wieku i zawodu - za podejmowanie tych zada\u0144 na rzecz spo\u0142eczno\u015bci, kt\u00f3re wykonuje si\u0119 szczeg\u00f3lnie dobrze i z przyjemno\u015bci\u0105. Ma\u0142e dzieci oraz ludzie starzy i chorzy otrzymuj\u0105 doch\u00f3d podstawowy bezwarunkowo. W ten spos\u00f3b strach przed istnieniem sta\u0142by si\u0119 przesz\u0142o\u015bci\u0105.<\/p><h3>Kreacja pieni\u0105dza zgodnie z zasad\u0105 \"potr\u00f3jnego dobra\" pozwala utrzyma\u0107 bud\u017cet pa\u0144stwa i \u015brodowisko w dobrej kondycji<\/h3><p>Opr\u00f3cz \"Aktywnego Dochodu Podstawowego\" w wysoko\u015bci 1000 Gradido (jedno Gradido odpowiada mniej wi\u0119cej jednemu euro), 1000 Gradido na osob\u0119 przeznacza si\u0119 na bud\u017cet pa\u0144stwa, w tym na s\u0142u\u017cb\u0119 zdrowia i us\u0142ugi socjalne, a kolejne 1000 Gradido na \"Fundusz Odszkodowa\u0144 i Ochrony \u015arodowiska\". Podatki i inne op\u0142aty nie s\u0105 konieczne w modelu Gradido i dlatego nie s\u0105 przewidywane.<\/p><h3>Cykl \u017cycia niweluje podzia\u0142y spo\u0142eczne<\/h3><p>Stabilno\u015b\u0107 pieni\u0105dza jest gwarantowana przez ukierunkowanie na cykl stawania si\u0119 i rozpadu, kt\u00f3ry jest podstaw\u0105 wszystkich pomy\u015blnych praw natury. W ci\u0105gu jednego miesi\u0105ca pieni\u0105dz stale kurczy si\u0119 o 5,6 %. W ten spos\u00f3b powstaje samoreguluj\u0105cy si\u0119 system, kt\u00f3ry utrzymuje poda\u017c pieni\u0105dza, a tym samym ceny na sta\u0142ym poziomie. Dzi\u0119ki temu ludzie mog\u0105 zn\u00f3w cieszy\u0107 si\u0119 bezpieczn\u0105 i godn\u0105 \u017cycia przysz\u0142o\u015bci\u0105. \u0141agodzi si\u0119 nier\u00f3wno\u015bci i promuje pok\u00f3j spo\u0142eczny.<\/p><h3>Kryzys wymaga korekty kursu<\/h3><p>Prze\u017cywamy prze\u0142om\" - podsumowuje Stephan Gr\u00fcnewald, psycholog i za\u0142o\u017cyciel Instytutu Rheingolda, po przeanalizowaniu \"Studium przysz\u0142o\u015bci 2021\". Otwart\u0105 kwesti\u0105 pozostaje jednak, czy tendencje do wycofywania si\u0119 i dalszej parcelacji b\u0119d\u0105 si\u0119 umacnia\u0107, czy te\u017c si\u0142y wzrostu spo\u0142ecznego i przezwyci\u0119\u017cania podzia\u0142\u00f3w zostan\u0105 pokonane poprzez podejmowanie wsp\u00f3lnych wyzwa\u0144.<\/p><h3>Wielka wsp\u00f3\u0142praca na rzecz pokoju spo\u0142ecznego<\/h3><p>\"Fundamentalne niepowodzenie zasady pieni\u0105dza d\u0142u\u017cnego stwarza historyczn\u0105 szans\u0119 na wytyczenie nowych dr\u00f3g ku przysz\u0142o\u015bci wartej \u017cycia dzi\u0119ki modelowi Gradido\" - m\u00f3wi Bernd H\u00fcckst\u00e4dt, biolog ekonomiczny i wsp\u00f3\u0142za\u0142o\u017cyciel Akademii Gradido - \"razem mo\u017cemy dos\u0142ownie stworzy\u0107 raj dla wszystkich\". Dlatego Akademia Gradido zaprasza wszystkich ludzi do \"Wielkiej Wsp\u00f3\u0142pracy\", aby aktywnie i z rozmys\u0142em pomogli w kszta\u0142towaniu pokojowej transformacji systemu monetarnego jako podstawy przysz\u0142o\u015bci odpowiedniej dla wnuk\u00f3w. Dzi\u0119ki Gradido, \"Naturalnej Ekonomii \u017bycia\", rodzina ludzka ma w swoich r\u0119kach projekt zdrowego systemu finansowego, kt\u00f3ry dzia\u0142a zgodnie z prawami natury, a zatem ma potencja\u0142, by zapewni\u0107 globalny dobrobyt i pok\u00f3j.<\/p><p>Szczeg\u00f3\u0142owe informacje na temat modelu Gradido i \"Wielkiej wsp\u00f3\u0142pracy\" na stronie <a href=\"https:\/\/gradido.net\/pl\/\">www.gradido.net<\/a><\/p>\t\t\t\t\t\t\t\t<\/div>\n\t\t\t\t<\/div>\n\t\t\t\t<div class=\"elementor-element elementor-element-e9ff241 elementor-widget elementor-widget-text-editor\" data-id=\"e9ff241\" data-element_type=\"widget\" data-e-type=\"widget\" data-widget_type=\"text-editor.default\">\n\t\t\t\t<div class=\"elementor-widget-container\">\n\t\t\t\t\t\t\t\t\t<p><strong>O Akademii Gradido<\/strong><br>Akademia Bioniki Gospodarczej Gradido opracowa\u0142a alternatywn\u0105 \"wsp\u00f3ln\u0105 dobr\u0105 walut\u0119\" w oparciu o modele przyrodnicze. Natura kieruje si\u0119 zasad\u0105, \u017ce tylko tam, gdzie co\u015b przemija, mo\u017ce pojawi\u0107 si\u0119 co\u015b nowego, a zatem mo\u017cliwa jest d\u0142ugofalowa poprawa (ewolucja). Jego recept\u0105 na sukces jest \"cykl \u017cycia\". Gdyby nasza gospodarka r\u00f3wnie\u017c pod\u0105\u017ca\u0142a tym naturalnym cyklem, to wed\u0142ug oceny biolog\u00f3w ekonomicznych praktycznie wszystkie problemy monetarne \u015bwiata mog\u0142yby zosta\u0107 rozwi\u0105zane. Model Gradido opiera si\u0119 na za\u0142o\u017ceniu, \u017ce nie tylko ka\u017cda osoba, ale r\u00f3wnie\u017c ka\u017cde pa\u0144stwo otrzymuje dochody generowane na zasadzie kredytu. Mo\u017ce wi\u0119c wykonywa\u0107 wszystkie swoje zadania bez konieczno\u015bci pobierania podatk\u00f3w. Deflacja lub inflacja nale\u017c\u0105 do przesz\u0142o\u015bci. Gospodarka zostaje uwolniona od ci\u0105g\u0142ego przymusu wzrostu, niebezpiecze\u0144stwo za\u0142amania si\u0119 systemu finansowego zostaje w ko\u0144cu za\u017cegnane. (<a href=\"https:\/\/gradido.net\/pl\/\">www.gradido.net<\/a>)<\/p>\t\t\t\t\t\t\t\t<\/div>\n\t\t\t\t<\/div>\n\t\t\t\t\t<\/div>\n\t\t<\/div>\n\t\t\t\t\t<\/div>\n\t\t<\/section>\n\t\t\t\t<\/div>","protected":false},"excerpt":{"rendered":"<p>Gradido ebnet Weg zu sozialem Frieden K\u00fcnzelsau, 25.01.2022 \u2013 Das neue Jahr hat kaum begonnen und doch wirft es seine Schatten voraus: Landesweit mehren sich die B\u00fcrgerproteste und die Verrohung des Umgangs miteinander nimmt weiter zu. Unver\u00e4u\u00dferliche Grundrechte und die gesellschaftliche Ordnung erscheinen gleicherma\u00dfen bedroht. Viele Menschen stehen der verst\u00f6renden Entwicklung einer Spaltung in der [&hellip;]<\/p>\n","protected":false},"author":2,"featured_media":3933,"comment_status":"closed","ping_status":"closed","sticky":false,"template":"","format":"standard","meta":{"footnotes":""},"categories":[8],"tags":[],"class_list":["post-3931","post","type-post","status-publish","format-standard","has-post-thumbnail","hentry","category-pressemitteilung"],"yoast_head":"<!-- This site is optimized with the Yoast SEO plugin v27.5 - https:\/\/yoast.com\/product\/yoast-seo-wordpress\/ -->\n<title>Zusammenwachsen statt in Zwietracht scheitern - Gradido<\/title>\n<meta name=\"robots\" content=\"index, follow, max-snippet:-1, max-image-preview:large, max-video-preview:-1\" \/>\n<link rel=\"canonical\" href=\"https:\/\/gradido.net\/pl\/zusammenwachsen-statt-in-zwietracht-scheitern\/\" \/>\n<meta property=\"og:locale\" content=\"pl_PL\" \/>\n<meta property=\"og:type\" content=\"article\" \/>\n<meta property=\"og:title\" content=\"Zusammenwachsen statt in Zwietracht scheitern - Gradido\" \/>\n<meta property=\"og:description\" content=\"Gradido ebnet Weg zu sozialem Frieden K\u00fcnzelsau, 25.01.2022 \u2013 Das neue Jahr hat kaum begonnen und doch wirft es seine Schatten voraus: Landesweit mehren sich die B\u00fcrgerproteste und die Verrohung des Umgangs miteinander nimmt weiter zu. Unver\u00e4u\u00dferliche Grundrechte und die gesellschaftliche Ordnung erscheinen gleicherma\u00dfen bedroht. Viele Menschen stehen der verst\u00f6renden Entwicklung einer Spaltung in der [&hellip;]\" \/>\n<meta property=\"og:url\" content=\"https:\/\/gradido.net\/pl\/zusammenwachsen-statt-in-zwietracht-scheitern\/\" \/>\n<meta property=\"og:site_name\" content=\"Gradido\" \/>\n<meta property=\"article:published_time\" content=\"2022-01-25T15:00:47+00:00\" \/>\n<meta property=\"article:modified_time\" content=\"2022-01-25T15:06:17+00:00\" \/>\n<meta property=\"og:image\" content=\"https:\/\/gradido.net\/wp-content\/uploads\/2022\/01\/zusammenwachsen_statt_zwietracht.jpg\" \/>\n\t<meta property=\"og:image:width\" content=\"1458\" \/>\n\t<meta property=\"og:image:height\" content=\"990\" \/>\n\t<meta property=\"og:image:type\" content=\"image\/jpeg\" \/>\n<meta name=\"author\" content=\"Bernd H\u00fcckst\u00e4dt\" \/>\n<meta name=\"twitter:card\" content=\"summary_large_image\" \/>\n<meta name=\"twitter:label1\" content=\"Napisane przez\" \/>\n\t<meta name=\"twitter:data1\" content=\"Bernd H\u00fcckst\u00e4dt\" \/>\n\t<meta name=\"twitter:label2\" content=\"Szacowany czas czytania\" \/>\n\t<meta name=\"twitter:data2\" content=\"5 minut\" \/>\n<script type=\"application\/ld+json\" class=\"yoast-schema-graph\">{\"@context\":\"https:\\\/\\\/schema.org\",\"@graph\":[{\"@type\":\"Article\",\"@id\":\"https:\\\/\\\/gradido.net\\\/ru\\\/zusammenwachsen-statt-in-zwietracht-scheitern\\\/#article\",\"isPartOf\":{\"@id\":\"https:\\\/\\\/gradido.net\\\/ru\\\/zusammenwachsen-statt-in-zwietracht-scheitern\\\/\"},\"author\":{\"name\":\"Bernd H\u00fcckst\u00e4dt\",\"@id\":\"https:\\\/\\\/gradido.net\\\/de\\\/#\\\/schema\\\/person\\\/9c503a004ad15a1ddecadce2218db5d1\"},\"headline\":\"Zusammenwachsen statt in Zwietracht scheitern\",\"datePublished\":\"2022-01-25T15:00:47+00:00\",\"dateModified\":\"2022-01-25T15:06:17+00:00\",\"mainEntityOfPage\":{\"@id\":\"https:\\\/\\\/gradido.net\\\/ru\\\/zusammenwachsen-statt-in-zwietracht-scheitern\\\/\"},\"wordCount\":914,\"publisher\":{\"@id\":\"https:\\\/\\\/gradido.net\\\/de\\\/#organization\"},\"image\":{\"@id\":\"https:\\\/\\\/gradido.net\\\/ru\\\/zusammenwachsen-statt-in-zwietracht-scheitern\\\/#primaryimage\"},\"thumbnailUrl\":\"https:\\\/\\\/gradido.net\\\/wp-content\\\/uploads\\\/2022\\\/01\\\/zusammenwachsen_statt_zwietracht.jpg\",\"articleSection\":[\"Pressemitteilung\"],\"inLanguage\":\"pl-PL\"},{\"@type\":\"WebPage\",\"@id\":\"https:\\\/\\\/gradido.net\\\/ru\\\/zusammenwachsen-statt-in-zwietracht-scheitern\\\/\",\"url\":\"https:\\\/\\\/gradido.net\\\/ru\\\/zusammenwachsen-statt-in-zwietracht-scheitern\\\/\",\"name\":\"Zusammenwachsen statt in Zwietracht scheitern - Gradido\",\"isPartOf\":{\"@id\":\"https:\\\/\\\/gradido.net\\\/de\\\/#website\"},\"primaryImageOfPage\":{\"@id\":\"https:\\\/\\\/gradido.net\\\/ru\\\/zusammenwachsen-statt-in-zwietracht-scheitern\\\/#primaryimage\"},\"image\":{\"@id\":\"https:\\\/\\\/gradido.net\\\/ru\\\/zusammenwachsen-statt-in-zwietracht-scheitern\\\/#primaryimage\"},\"thumbnailUrl\":\"https:\\\/\\\/gradido.net\\\/wp-content\\\/uploads\\\/2022\\\/01\\\/zusammenwachsen_statt_zwietracht.jpg\",\"datePublished\":\"2022-01-25T15:00:47+00:00\",\"dateModified\":\"2022-01-25T15:06:17+00:00\",\"breadcrumb\":{\"@id\":\"https:\\\/\\\/gradido.net\\\/ru\\\/zusammenwachsen-statt-in-zwietracht-scheitern\\\/#breadcrumb\"},\"inLanguage\":\"pl-PL\",\"potentialAction\":[{\"@type\":\"ReadAction\",\"target\":[\"https:\\\/\\\/gradido.net\\\/ru\\\/zusammenwachsen-statt-in-zwietracht-scheitern\\\/\"]}]},{\"@type\":\"ImageObject\",\"inLanguage\":\"pl-PL\",\"@id\":\"https:\\\/\\\/gradido.net\\\/ru\\\/zusammenwachsen-statt-in-zwietracht-scheitern\\\/#primaryimage\",\"url\":\"https:\\\/\\\/gradido.net\\\/wp-content\\\/uploads\\\/2022\\\/01\\\/zusammenwachsen_statt_zwietracht.jpg\",\"contentUrl\":\"https:\\\/\\\/gradido.net\\\/wp-content\\\/uploads\\\/2022\\\/01\\\/zusammenwachsen_statt_zwietracht.jpg\",\"width\":1458,\"height\":990},{\"@type\":\"BreadcrumbList\",\"@id\":\"https:\\\/\\\/gradido.net\\\/ru\\\/zusammenwachsen-statt-in-zwietracht-scheitern\\\/#breadcrumb\",\"itemListElement\":[{\"@type\":\"ListItem\",\"position\":1,\"name\":\"Startseite\",\"item\":\"https:\\\/\\\/gradido.net\\\/\"},{\"@type\":\"ListItem\",\"position\":2,\"name\":\"Zusammenwachsen statt in Zwietracht scheitern\"}]},{\"@type\":\"WebSite\",\"@id\":\"https:\\\/\\\/gradido.net\\\/de\\\/#website\",\"url\":\"https:\\\/\\\/gradido.net\\\/de\\\/\",\"name\":\"Gradido\",\"description\":\"Die neue W\u00e4hrung hei\u00dft Dankbarkeit\",\"publisher\":{\"@id\":\"https:\\\/\\\/gradido.net\\\/de\\\/#organization\"},\"potentialAction\":[{\"@type\":\"SearchAction\",\"target\":{\"@type\":\"EntryPoint\",\"urlTemplate\":\"https:\\\/\\\/gradido.net\\\/de\\\/?s={search_term_string}\"},\"query-input\":{\"@type\":\"PropertyValueSpecification\",\"valueRequired\":true,\"valueName\":\"search_term_string\"}}],\"inLanguage\":\"pl-PL\"},{\"@type\":\"Organization\",\"@id\":\"https:\\\/\\\/gradido.net\\\/de\\\/#organization\",\"name\":\"Gradido\",\"url\":\"https:\\\/\\\/gradido.net\\\/de\\\/\",\"logo\":{\"@type\":\"ImageObject\",\"inLanguage\":\"pl-PL\",\"@id\":\"https:\\\/\\\/gradido.net\\\/de\\\/#\\\/schema\\\/logo\\\/image\\\/\",\"url\":\"https:\\\/\\\/gradido.net\\\/wp-content\\\/uploads\\\/2022\\\/04\\\/gradido-social.jpg\",\"contentUrl\":\"https:\\\/\\\/gradido.net\\\/wp-content\\\/uploads\\\/2022\\\/04\\\/gradido-social.jpg\",\"width\":527,\"height\":273,\"caption\":\"Gradido\"},\"image\":{\"@id\":\"https:\\\/\\\/gradido.net\\\/de\\\/#\\\/schema\\\/logo\\\/image\\\/\"}},{\"@type\":\"Person\",\"@id\":\"https:\\\/\\\/gradido.net\\\/de\\\/#\\\/schema\\\/person\\\/9c503a004ad15a1ddecadce2218db5d1\",\"name\":\"Bernd H\u00fcckst\u00e4dt\",\"sameAs\":[\"https:\\\/\\\/gradido.net\"],\"url\":\"https:\\\/\\\/gradido.net\\\/pl\\\/author\\\/bernd\\\/\"}]}<\/script>\n<!-- \/ Yoast SEO plugin. -->","yoast_head_json":{"title":"Wsp\u00f3lny rozw\u00f3j zamiast pora\u017cki w niezgodzie - Gradido","robots":{"index":"index","follow":"follow","max-snippet":"max-snippet:-1","max-image-preview":"max-image-preview:large","max-video-preview":"max-video-preview:-1"},"canonical":"https:\/\/gradido.net\/pl\/zusammenwachsen-statt-in-zwietracht-scheitern\/","og_locale":"pl_PL","og_type":"article","og_title":"Zusammenwachsen statt in Zwietracht scheitern - Gradido","og_description":"Gradido ebnet Weg zu sozialem Frieden K\u00fcnzelsau, 25.01.2022 \u2013 Das neue Jahr hat kaum begonnen und doch wirft es seine Schatten voraus: Landesweit mehren sich die B\u00fcrgerproteste und die Verrohung des Umgangs miteinander nimmt weiter zu. Unver\u00e4u\u00dferliche Grundrechte und die gesellschaftliche Ordnung erscheinen gleicherma\u00dfen bedroht. Viele Menschen stehen der verst\u00f6renden Entwicklung einer Spaltung in der [&hellip;]","og_url":"https:\/\/gradido.net\/pl\/zusammenwachsen-statt-in-zwietracht-scheitern\/","og_site_name":"Gradido","article_published_time":"2022-01-25T15:00:47+00:00","article_modified_time":"2022-01-25T15:06:17+00:00","og_image":[{"width":1458,"height":990,"url":"https:\/\/gradido.net\/wp-content\/uploads\/2022\/01\/zusammenwachsen_statt_zwietracht.jpg","type":"image\/jpeg"}],"author":"Bernd H\u00fcckst\u00e4dt","twitter_card":"summary_large_image","twitter_misc":{"Napisane przez":"Bernd H\u00fcckst\u00e4dt","Szacowany czas czytania":"5 minut"},"schema":{"@context":"https:\/\/schema.org","@graph":[{"@type":"Article","@id":"https:\/\/gradido.net\/ru\/zusammenwachsen-statt-in-zwietracht-scheitern\/#article","isPartOf":{"@id":"https:\/\/gradido.net\/ru\/zusammenwachsen-statt-in-zwietracht-scheitern\/"},"author":{"name":"Bernd H\u00fcckst\u00e4dt","@id":"https:\/\/gradido.net\/de\/#\/schema\/person\/9c503a004ad15a1ddecadce2218db5d1"},"headline":"Zusammenwachsen statt in Zwietracht scheitern","datePublished":"2022-01-25T15:00:47+00:00","dateModified":"2022-01-25T15:06:17+00:00","mainEntityOfPage":{"@id":"https:\/\/gradido.net\/ru\/zusammenwachsen-statt-in-zwietracht-scheitern\/"},"wordCount":914,"publisher":{"@id":"https:\/\/gradido.net\/de\/#organization"},"image":{"@id":"https:\/\/gradido.net\/ru\/zusammenwachsen-statt-in-zwietracht-scheitern\/#primaryimage"},"thumbnailUrl":"https:\/\/gradido.net\/wp-content\/uploads\/2022\/01\/zusammenwachsen_statt_zwietracht.jpg","articleSection":["Pressemitteilung"],"inLanguage":"pl-PL"},{"@type":"WebPage","@id":"https:\/\/gradido.net\/ru\/zusammenwachsen-statt-in-zwietracht-scheitern\/","url":"https:\/\/gradido.net\/ru\/zusammenwachsen-statt-in-zwietracht-scheitern\/","name":"Wsp\u00f3lny rozw\u00f3j zamiast pora\u017cki w niezgodzie - Gradido","isPartOf":{"@id":"https:\/\/gradido.net\/de\/#website"},"primaryImageOfPage":{"@id":"https:\/\/gradido.net\/ru\/zusammenwachsen-statt-in-zwietracht-scheitern\/#primaryimage"},"image":{"@id":"https:\/\/gradido.net\/ru\/zusammenwachsen-statt-in-zwietracht-scheitern\/#primaryimage"},"thumbnailUrl":"https:\/\/gradido.net\/wp-content\/uploads\/2022\/01\/zusammenwachsen_statt_zwietracht.jpg","datePublished":"2022-01-25T15:00:47+00:00","dateModified":"2022-01-25T15:06:17+00:00","breadcrumb":{"@id":"https:\/\/gradido.net\/ru\/zusammenwachsen-statt-in-zwietracht-scheitern\/#breadcrumb"},"inLanguage":"pl-PL","potentialAction":[{"@type":"ReadAction","target":["https:\/\/gradido.net\/ru\/zusammenwachsen-statt-in-zwietracht-scheitern\/"]}]},{"@type":"ImageObject","inLanguage":"pl-PL","@id":"https:\/\/gradido.net\/ru\/zusammenwachsen-statt-in-zwietracht-scheitern\/#primaryimage","url":"https:\/\/gradido.net\/wp-content\/uploads\/2022\/01\/zusammenwachsen_statt_zwietracht.jpg","contentUrl":"https:\/\/gradido.net\/wp-content\/uploads\/2022\/01\/zusammenwachsen_statt_zwietracht.jpg","width":1458,"height":990},{"@type":"BreadcrumbList","@id":"https:\/\/gradido.net\/ru\/zusammenwachsen-statt-in-zwietracht-scheitern\/#breadcrumb","itemListElement":[{"@type":"ListItem","position":1,"name":"Startseite","item":"https:\/\/gradido.net\/"},{"@type":"ListItem","position":2,"name":"Zusammenwachsen statt in Zwietracht scheitern"}]},{"@type":"WebSite","@id":"https:\/\/gradido.net\/de\/#website","url":"https:\/\/gradido.net\/de\/","name":"Gradido","description":"Now\u0105 walut\u0105 jest wdzi\u0119czno\u015b\u0107","publisher":{"@id":"https:\/\/gradido.net\/de\/#organization"},"potentialAction":[{"@type":"SearchAction","target":{"@type":"EntryPoint","urlTemplate":"https:\/\/gradido.net\/de\/?s={search_term_string}"},"query-input":{"@type":"PropertyValueSpecification","valueRequired":true,"valueName":"search_term_string"}}],"inLanguage":"pl-PL"},{"@type":"Organization","@id":"https:\/\/gradido.net\/de\/#organization","name":"Gradido","url":"https:\/\/gradido.net\/de\/","logo":{"@type":"ImageObject","inLanguage":"pl-PL","@id":"https:\/\/gradido.net\/de\/#\/schema\/logo\/image\/","url":"https:\/\/gradido.net\/wp-content\/uploads\/2022\/04\/gradido-social.jpg","contentUrl":"https:\/\/gradido.net\/wp-content\/uploads\/2022\/04\/gradido-social.jpg","width":527,"height":273,"caption":"Gradido"},"image":{"@id":"https:\/\/gradido.net\/de\/#\/schema\/logo\/image\/"}},{"@type":"Person","@id":"https:\/\/gradido.net\/de\/#\/schema\/person\/9c503a004ad15a1ddecadce2218db5d1","name":"Bernd H\u00fcckst\u00e4dt","sameAs":["https:\/\/gradido.net"],"url":"https:\/\/gradido.net\/pl\/author\/bernd\/"}]}},"_links":{"self":[{"href":"https:\/\/gradido.net\/pl\/wp-json\/wp\/v2\/posts\/3931","targetHints":{"allow":["GET"]}}],"collection":[{"href":"https:\/\/gradido.net\/pl\/wp-json\/wp\/v2\/posts"}],"about":[{"href":"https:\/\/gradido.net\/pl\/wp-json\/wp\/v2\/types\/post"}],"author":[{"embeddable":true,"href":"https:\/\/gradido.net\/pl\/wp-json\/wp\/v2\/users\/2"}],"replies":[{"embeddable":true,"href":"https:\/\/gradido.net\/pl\/wp-json\/wp\/v2\/comments?post=3931"}],"version-history":[{"count":4,"href":"https:\/\/gradido.net\/pl\/wp-json\/wp\/v2\/posts\/3931\/revisions"}],"predecessor-version":[{"id":3936,"href":"https:\/\/gradido.net\/pl\/wp-json\/wp\/v2\/posts\/3931\/revisions\/3936"}],"wp:featuredmedia":[{"embeddable":true,"href":"https:\/\/gradido.net\/pl\/wp-json\/wp\/v2\/media\/3933"}],"wp:attachment":[{"href":"https:\/\/gradido.net\/pl\/wp-json\/wp\/v2\/media?parent=3931"}],"wp:term":[{"taxonomy":"category","embeddable":true,"href":"https:\/\/gradido.net\/pl\/wp-json\/wp\/v2\/categories?post=3931"},{"taxonomy":"post_tag","embeddable":true,"href":"https:\/\/gradido.net\/pl\/wp-json\/wp\/v2\/tags?post=3931"}],"curies":[{"name":"wp","href":"https:\/\/api.w.org\/{rel}","templated":true}]}}