{"id":6017,"date":"2023-01-01T00:17:31","date_gmt":"2022-12-31T23:17:31","guid":{"rendered":"https:\/\/gradido.net\/?p=6017"},"modified":"2026-04-24T08:09:27","modified_gmt":"2026-04-24T06:09:27","slug":"gradido-konto-2023-neues-design-und-dezentrale-communities","status":"publish","type":"post","link":"https:\/\/gradido.net\/pl\/gradido-konto-2023-neues-design-und-dezentrale-communities\/","title":{"rendered":"Gradido account 2023: nowy projekt i zdecentralizowane spo\u0142eczno\u015bci"},"content":{"rendered":"<div data-elementor-type=\"wp-post\" data-elementor-id=\"6017\" class=\"elementor elementor-6017\" data-elementor-post-type=\"post\">\n\t\t\t\t\t\t<section class=\"elementor-section elementor-top-section elementor-element elementor-element-496e1d53 elementor-section-boxed elementor-section-height-default elementor-section-height-default\" data-id=\"496e1d53\" data-element_type=\"section\" data-e-type=\"section\">\n\t\t\t\t\t\t<div class=\"elementor-container elementor-column-gap-default\">\n\t\t\t\t\t<div class=\"elementor-column elementor-col-100 elementor-top-column elementor-element elementor-element-461d7be0\" data-id=\"461d7be0\" data-element_type=\"column\" data-e-type=\"column\">\n\t\t\t<div class=\"elementor-widget-wrap elementor-element-populated\">\n\t\t\t\t\t\t<div class=\"elementor-element elementor-element-cd9ebe2 elementor-widget elementor-widget-text-editor\" data-id=\"cd9ebe2\" data-element_type=\"widget\" data-e-type=\"widget\" data-widget_type=\"text-editor.default\">\n\t\t\t\t<div class=\"elementor-widget-container\">\n\t\t\t\t\t\t\t\t\t<p style=\"text-align: right;\"><em>\"Zachwycamy si\u0119 pi\u0119knem motyla, ale tak rzadko uznajemy zmiany, przez kt\u00f3re musia\u0142 przej\u015b\u0107, by sta\u0107 si\u0119 tak pi\u0119knym\".<\/em><br \/><em>\u00a0<\/em><br \/><em>- Maya Angelou <br \/>Ameryka\u0144ski pisarz, profesor i dzia\u0142acz na rzecz praw cz\u0142owieka <br \/>1928\u20132014<\/em><\/p><p style=\"text-align: left;\">Drogi Czytelniku,<\/p><p>Zanim przejdziemy do dzisiejszego wa\u017cnego tematu, pozw\u00f3lcie, \u017ce zadamy pytanie:<\/p><h4>\"Czy jeste\u015b kom\u00f3rk\u0105 Imago\"?<\/h4><p>Imago - Co?<br \/>Teraz, gdy czas g\u0105sienicy dobiega ko\u0144ca, tworz\u0105 si\u0119 - pocz\u0105tkowo sporadycznie - nowe rodzaje kom\u00f3rek, kt\u00f3re nios\u0105 ju\u017c obraz kolorowego, pe\u0142nego \u017cycia motyla. Nazywa si\u0119 je \"kom\u00f3rkami imago\". Pocz\u0105tkowo s\u0105 one zaciekle zwalczane przez stare kom\u00f3rki g\u0105sienic. Jednak z czasem kom\u00f3rek Imago staje si\u0119 coraz wi\u0119cej. Rozpoznaj\u0105 si\u0119 i \u0142\u0105cz\u0105. Tworz\u0105 one r\u00f3wnoleg\u0142e struktury i robi\u0105 si\u0119 tak wygodne, jak to tylko mo\u017cliwe w obr\u0119bie g\u0105sienicy. Ka\u017cda kom\u00f3rka Imago wnosi do wsp\u00f3lnoty swoje szczeg\u00f3lne zdolno\u015bci. Ma\u0142o tego, nowe wsp\u00f3lnoty kom\u00f3rek staj\u0105 si\u0119 wi\u0119ksze i liczniejsze. Jak grzyby, wyskakuj\u0105 wsz\u0119dzie i sieciuj\u0105 w jedn\u0105 wielk\u0105 ca\u0142o\u015b\u0107, a\u017c do momentu, gdy nie ma ju\u017c starej g\u0105sienicy. Wtedy wszystko naraz wykluwa si\u0119 z poczwarki pi\u0119kny motyl i wznosi si\u0119 w powietrze z \u0142atwo\u015bci\u0105 i rado\u015bci\u0105.<\/p>\t\t\t\t\t\t\t\t<\/div>\n\t\t\t\t<\/div>\n\t\t\t\t<div class=\"elementor-element elementor-element-f16312a elementor-widget elementor-widget-image\" data-id=\"f16312a\" data-element_type=\"widget\" data-e-type=\"widget\" data-widget_type=\"image.default\">\n\t\t\t\t<div class=\"elementor-widget-container\">\n\t\t\t\t\t\t\t\t\t\t\t\t\t\t\t<img fetchpriority=\"high\" decoding=\"async\" width=\"1200\" height=\"288\" src=\"https:\/\/gradido.net\/wp-content\/uploads\/2022\/12\/Raupe-Schmetterling.jpg\" class=\"attachment-full size-full wp-image-6023\" alt=\"Metamorfoza z g\u0105sienicy w motyla\" srcset=\"https:\/\/gradido.net\/wp-content\/uploads\/2022\/12\/Raupe-Schmetterling.jpg 1200w, https:\/\/gradido.net\/wp-content\/uploads\/2022\/12\/Raupe-Schmetterling-300x72.jpg 300w, https:\/\/gradido.net\/wp-content\/uploads\/2022\/12\/Raupe-Schmetterling-1024x246.jpg 1024w, https:\/\/gradido.net\/wp-content\/uploads\/2022\/12\/Raupe-Schmetterling-768x184.jpg 768w, https:\/\/gradido.net\/wp-content\/uploads\/2022\/12\/Raupe-Schmetterling-18x4.jpg 18w\" sizes=\"(max-width: 1200px) 100vw, 1200px\" \/>\t\t\t\t\t\t\t\t\t\t\t\t\t\t\t<\/div>\n\t\t\t\t<\/div>\n\t\t\t\t<div class=\"elementor-element elementor-element-17272f9 elementor-widget elementor-widget-text-editor\" data-id=\"17272f9\" data-element_type=\"widget\" data-e-type=\"widget\" data-widget_type=\"text-editor.default\">\n\t\t\t\t<div class=\"elementor-widget-container\">\n\t\t\t\t\t\t\t\t\t<p>Czy ty te\u017c jeste\u015b kom\u00f3rk\u0105 Imago? Tak? Wtedy zauwa\u017cysz, \u017ce spotykasz coraz wi\u0119cej ludzi, kt\u00f3rzy - ka\u017cdy na sw\u00f3j spos\u00f3b - przyczyniaj\u0105 si\u0119 do metamorfozy starego systemu g\u0105sienicowego w now\u0105 epok\u0119 motyla rodziny ludzkiej.<\/p><p><strong>Nowy czas b\u0119dzie charakteryzowa\u0142 si\u0119 uznaniem, wdzi\u0119czno\u015bci\u0105 i kochaj\u0105c\u0105 wsp\u00f3lnot\u0105 - i to w\u015br\u00f3d bardzo r\u00f3\u017cnych ludzi.<\/strong><\/p><p>Ale do tego czasu trzeba wykona\u0107 jeszcze wiele krok\u00f3w. Bo podczas gdy wszystko tam jest coraz dro\u017csze i bardziej niepewne, miliardy dolar\u00f3w s\u0105 spalane za granic\u0105, stary system d\u0142ugu-pieni\u0119dzy upada z coraz g\u0142o\u015bniejszym hukiem, a zwykli podejrzani s\u0105 <a href=\"https:\/\/www.centerforhealthsecurity.org\/our-work\/exercises\/2022-catastrophic-contagion\/\" target=\"_blank\" rel=\"noopener\">nast\u0119pna katastrofalna pandemia<\/a> pr\u00f3by - tym razem z naciskiem na nasze dzieci(!) - pojawia si\u0119 niespokojne pytanie:<\/p><p><strong>Czy w Dniu X, kiedy Gradido jest potrzebne na ca\u0142ym \u015bwiecie, b\u0119dziemy gotowi wsp\u00f3lnie zainstalowa\u0107 na Ziemi sprawiedliwy i pokojowy system monetarny i ekonomiczny - dla dobra nas samych, naszych dzieci i wszystkich dzieci Ziemi?<\/strong>\u00a0<\/p><p>Cz\u0119sto to w\u0142a\u015bnie ci cisi ludzie po cichu, sumiennie, z sercem i dusz\u0105 tworz\u0105 podwaliny pod wielki rozw\u00f3j. Nasz <a href=\"https:\/\/gradido.net\/pl\/team\/\">Deweloper<\/a> wykonali w ostatnich miesi\u0105cach wielk\u0105 prac\u0119 przygotowawcz\u0105, kt\u00f3ra zaowocuje w 2023 roku. Z jednej strony wybieraj\u0105 do rozwoju najbezpieczniejsze technologie, a z drugiej dok\u0142adaj\u0105 wszelkich stara\u0144, aby obs\u0142uga by\u0142a jak najprostsza i intuicyjna dla nas, u\u017cytkownik\u00f3w. Mo\u017ce i Ty zauwa\u017cy\u0142e\u015b ju\u017c, jak coraz \u0142atwiej jest Ci si\u0119 porusza\u0107 i prawie nie potrzebujesz ju\u017c wsparcia?<\/p><p><strong>My, ludzie Imago, jeste\u015bmy liczni i ro\u015bniemy. Nie wszyscy anga\u017cuj\u0105 si\u0119 w pokojow\u0105 transformacj\u0119 systemu finansowego, a wci\u0105\u017c niewielu rozumie, \u017ce jest to punkt Archimedesa, w kt\u00f3rym musimy poci\u0105gn\u0105\u0107 za d\u017awigni\u0119, aby doprowadzi\u0107 do zmiany - wyzwolenia rodziny ludzkiej.<\/strong><\/p>\t\t\t\t\t\t\t\t<\/div>\n\t\t\t\t<\/div>\n\t\t\t\t<div class=\"elementor-element elementor-element-483438c elementor-widget elementor-widget-image\" data-id=\"483438c\" data-element_type=\"widget\" data-e-type=\"widget\" data-widget_type=\"image.default\">\n\t\t\t\t<div class=\"elementor-widget-container\">\n\t\t\t\t\t\t\t\t\t\t\t\t\t\t\t<img decoding=\"async\" width=\"1300\" height=\"600\" src=\"https:\/\/gradido.net\/wp-content\/uploads\/2022\/12\/Hebel_Archimedes.jpg\" class=\"attachment-full size-full wp-image-6033\" alt=\"\" srcset=\"https:\/\/gradido.net\/wp-content\/uploads\/2022\/12\/Hebel_Archimedes.jpg 1300w, https:\/\/gradido.net\/wp-content\/uploads\/2022\/12\/Hebel_Archimedes-300x138.jpg 300w, https:\/\/gradido.net\/wp-content\/uploads\/2022\/12\/Hebel_Archimedes-1024x473.jpg 1024w, https:\/\/gradido.net\/wp-content\/uploads\/2022\/12\/Hebel_Archimedes-768x354.jpg 768w, https:\/\/gradido.net\/wp-content\/uploads\/2022\/12\/Hebel_Archimedes-18x8.jpg 18w\" sizes=\"(max-width: 1300px) 100vw, 1300px\" \/>\t\t\t\t\t\t\t\t\t\t\t\t\t\t\t<\/div>\n\t\t\t\t<\/div>\n\t\t\t\t<div class=\"elementor-element elementor-element-b136aa9 elementor-widget elementor-widget-text-editor\" data-id=\"b136aa9\" data-element_type=\"widget\" data-e-type=\"widget\" data-widget_type=\"text-editor.default\">\n\t\t\t\t<div class=\"elementor-widget-container\">\n\t\t\t\t\t\t\t\t\t<p>Bo kto ma w\u0142adz\u0119 nad pieni\u0119dzmi, ten ma w\u0142adz\u0119. Albo m\u00f3wi\u0105c inaczej:<\/p><p style=\"text-align: right;\"><strong><em>\"Daj mi kontrol\u0119 nad walut\u0105 narodu, a nie obchodzi mnie, kto tworzy prawa!\".<\/em><\/strong><\/p><p style=\"text-align: right;\"><em>- Mayer Amschel Rothschild<\/em><br \/><em>(1744 - 1812), niemiecki szlachcic i bankier<\/em><\/p><p>Dzi\u0119ki Gradido, jako rodzina ludzka mamy w r\u0119kach narz\u0119dzia, kt\u00f3re pozwol\u0105 nam odzyska\u0107 kontrol\u0119 nad pieni\u0119dzmi oraz stworzy\u0107 dobrobyt i pok\u00f3j dla wszystkich - w harmonii z natur\u0105. Zaczyna si\u0119 to od tworzenia pieni\u0119dzy przez ka\u017cd\u0105 jednostk\u0119 w zdecentralizowanych, sieciowych spo\u0142eczno\u015bciach, poprzez wolno\u015b\u0107 dzi\u0119ki samodzielnie tworzonemu Aktywnemu Dochodowi Podstawowemu, a\u017c po socjokratyczne struktury decyzyjne w zakresie wykorzystania bud\u017cetu publicznego oraz Funduszu Wyr\u00f3wnawczego i Ekologicznego.<\/p><p>Aby Gradido \u0142atwo si\u0119 rozprzestrzenia\u0142o, musi by\u0107 zabawne. W ten spos\u00f3b staje si\u0119 ona r\u00f3wnie\u017c atrakcyjna dla m\u0142odych ludzi. Mo\u017ce sta\u0107 si\u0119 \u0142atwym w u\u017cyciu narz\u0119dziem zabawowym do rozwoju potencja\u0142u, pewno\u015bci siebie i kreatywno\u015bci.<\/p><p><strong>W zamian za to konto Gradido otrzymuje nowoczesny, atrakcyjny, lekki, okr\u0105g\u0142y design, kt\u00f3ry jest tak uniwersalny, \u017ce wci\u0105\u017c pozostaje otwarty na wiele przysz\u0142ych funkcji, kt\u00f3re dopiero si\u0119 pojawi\u0105.<\/strong><\/p><p>Pierwotnie mia\u0142 to by\u0107 prezent \u015bwi\u0105teczny dla spo\u0142eczno\u015bci Gradido. Teraz mo\u017cemy czeka\u0107 do po\u0142owy stycznia i cieszy\u0107 si\u0119 oczekiwaniem do tego czasu. \ud83d\ude0a<\/p><h3>Zobaczmy, co nasi programi\u015bci osi\u0105gn\u0119li w ci\u0105gu ostatniego roku<\/h3><p>W 2022 roku opracowano nast\u0119puj\u0105ce funkcje:<\/p><ol><li>Nowa strona g\u0142\u00f3wna w responsywnym designie (dostosowana do komputera i urz\u0105dze\u0144 mobilnych)<\/li><li>Wieloj\u0119zyczno\u015b\u0107<\/li><li>Pi\u0119\u0107 j\u0119zyk\u00f3w zintegrowanych, dwa kolejne w przygotowaniu<\/li><li>Link do Gradido i kod QR: wystarczy wys\u0142a\u0107 do ka\u017cdego Gradido<\/li><li>Automatyczne linki i kody QR do kredyt\u00f3w na start itp.<\/li><li>Wprowad\u017a wp\u0142aty na dobro wsp\u00f3lne bezpo\u015brednio na konto<\/li><li>Prowadzenie dialogu z u\u017cytkownikami poprzez zapytania o wk\u0142ady na rzecz dobra wsp\u00f3lnego<\/li><li>Powiadomienia e-mail przy komentowaniu i potwierdzaniu wsp\u00f3lnych dobrych post\u00f3w<\/li><li>Wiele innych ulepsze\u0144<\/li><li>Przygotowanie zdecentralizowanych serwer\u00f3w spo\u0142eczno\u015bciowych<\/li><li>Przygotowanie nowego projektu<\/li><li>Testy automatyczne<\/li><li>LogFiles, czyli logowanie wi\u0119kszo\u015bci dzia\u0142a\u0144, aby m\u00f3c szybko wy\u015bledzi\u0107 ewentualne b\u0142\u0119dy.<\/li><\/ol><p><span style=\"color: #ffffff;\">.<\/span><\/p><p>Dwa ostatnie punkty to ogromna praca, z kt\u00f3rej prawdopodobnie czerpa\u0142e\u015b ogromne korzy\u015bci, nie zdaj\u0105c sobie z tego sprawy.<\/p><p><strong>Czy mo\u017ce zauwa\u017cy\u0142e\u015b,<\/strong><\/p><ul><li>\u017ce oprogramowanie dzia\u0142a\u0142o niezawodnie przez wszystkie liczne aktualizacje,<\/li><li>\u017ce \u017cadne ataki haker\u00f3w nie sta\u0142y si\u0119 zauwa\u017calne,<\/li><li>\u017ce konto Gradido by\u0142o praktycznie zawsze online,<\/li><li>\u017ce mo\u017cna by\u0142o bez problemu wysy\u0142a\u0107 i odbiera\u0107 Gradido za pomoc\u0105 link\u00f3w (z towarzysz\u0105cym tekstem) i kod\u00f3w QR?<\/li><\/ul><p><span style=\"color: #ffffff;\">.<\/span><\/p><p>Aby zapewni\u0107 tak wysoki poziom bezpiecze\u0144stwa, piszemy r\u00f3wnie\u017c testy automatyczne dla praktycznie wszystkich funkcji jednocze\u015bnie. Obecne pokrycie testowe wynosi oko\u0142o 95% w wi\u0119kszo\u015bci obszar\u00f3w. Ka\u017cda zmiana musi najpierw przej\u015b\u0107 przez wszystkie testy, inaczej nie trafi do oprogramowania.<\/p><h2>Dzi\u0119kujemy z ca\u0142ego serca<\/h2><p>Wszystko to zawdzi\u0119czamy naszej wspania\u0142ej spo\u0142eczno\u015bci, Wam drodzy mieszka\u0144cy Imago, kt\u00f3rzy zapewnili\u015bcie naszym programistom mo\u017cliwo\u015b\u0107 wykonywania ich cennej pracy dzi\u0119ki Waszym hojnym sk\u0142adkom i cz\u0142onkostwu. Czujemy, \u017ce wasze serca s\u0105 w tym. Dajesz nam pewno\u015b\u0107, \u017ce razem jeste\u015bmy na dobrej drodze.<\/p><p>Z ca\u0142ego serca dzi\u0119kujemy za wp\u0142aty na wsparcie w postaci wielokrotno\u015bci GradidoTransform. Jak ju\u017c zapewne wiesz, za ka\u017cde euro uznajemy Twoje konto Gradido kwot\u0105 co najmniej 15 GDT. Od 1.000 \u20ac jest to 16-krotno\u015b\u0107, a od 10.000 \u20ac nawet 18-krotno\u015b\u0107. GradidoTransform (GDT) to punkty wdzi\u0119czno\u015bci za czas transformacji. W przeciwie\u0144stwie do Gradido, nie podlegaj\u0105 one przemijaniu. S\u0142u\u017c\u0105 one transformacji i mog\u0105 by\u0107 p\u00f3\u017aniej zamienione 1:1 na Gradido - wspania\u0142y \"kapita\u0142 startowy\" na nowy czas.<\/p><h3>Akcja \"Wdzi\u0119czny marzec 23\" - Plus 23% GDT na 23.03.23 r.<\/h3><p>W dniu 23 marca 2023 roku zwi\u0119kszymy wszystkie salda kont GDT o dodatkowe 23 %. W promocji wezm\u0105 udzia\u0142 wszystkie wp\u0142aty na fundusze, kt\u00f3re wp\u0142yn\u0105 do p\u00f3\u0142nocy tego dnia.<\/p><p>Tym pomys\u0142em finansowania chcieliby\u015bmy szczeg\u00f3lnie podzi\u0119kowa\u0107 wspania\u0142ym ludziom, kt\u00f3rzy ju\u017c na obecnym etapie projektu wspieraj\u0105 Gradido i tym samym obdarzaj\u0105 go swoim zaufaniem.<\/p>\t\t\t\t\t\t\t\t<\/div>\n\t\t\t\t<\/div>\n\t\t\t\t<div class=\"elementor-element elementor-element-4408cdf elementor-align-center elementor-widget elementor-widget-button\" data-id=\"4408cdf\" data-element_type=\"widget\" data-e-type=\"widget\" data-widget_type=\"button.default\">\n\t\t\t\t<div class=\"elementor-widget-container\">\n\t\t\t\t\t\t\t\t\t<div class=\"elementor-button-wrapper\">\n\t\t\t\t\t<a class=\"elementor-button elementor-button-link elementor-size-sm\" href=\"\/pl\/donations\/\">\n\t\t\t\t\t\t<span class=\"elementor-button-content-wrapper\">\n\t\t\t\t\t\t\t\t\t<span class=\"elementor-button-text\">Promuj teraz i zdob\u0105d\u017a GDT wielokrotnie!<\/span>\n\t\t\t\t\t<\/span>\n\t\t\t\t\t<\/a>\n\t\t\t\t<\/div>\n\t\t\t\t\t\t\t\t<\/div>\n\t\t\t\t<\/div>\n\t\t\t\t<div class=\"elementor-element elementor-element-d74dfa0 elementor-widget elementor-widget-text-editor\" data-id=\"d74dfa0\" data-element_type=\"widget\" data-e-type=\"widget\" data-widget_type=\"text-editor.default\">\n\t\t\t\t<div class=\"elementor-widget-container\">\n\t\t\t\t\t\t\t\t\t<p><strong>Wiele wskazuje na to, \u017ce rok 2023 b\u0119dzie rokiem fatalnym. Teraz wa\u017cne jest, aby\u015bmy trzymali si\u0119 razem i uruchomili wszystko, co tylko mo\u017cliwe, aby stworzy\u0107 przysz\u0142o\u015b\u0107 wart\u0105 \u017cycia dla nas samych i naszych dzieci.<\/strong><\/p><h2>Co im powiesz?<\/h2><p>Kiedy m\u0142odzi ludzie zapytaj\u0105 ci\u0119 p\u00f3\u017aniej: \"Czy ty te\u017c by\u0142e\u015b wtedy kom\u00f3rk\u0105 Imago? Czy przyczyni\u0142e\u015b si\u0119 do pokojowej transformacji za pomoc\u0105 \u015brodk\u00f3w, kt\u00f3rymi dysponowa\u0142e\u015b? Czy te\u017c wola\u0142e\u015b poczeka\u0107, a\u017c inni sko\u0144cz\u0105 swoj\u0105 prac\u0119?\" - Co im powiesz?<\/p><p>\u017byczymy, aby\u015bcie mogli spojrze\u0107 im w oczy z rado\u015bci\u0105 i powiedzie\u0107: \"Tak, by\u0142em wtedy tak\u0105 kom\u00f3rk\u0105 Imago. Cz\u0119sto nie by\u0142o to \u0142atwe, ale jestem dumny, \u017ce odegra\u0142em swoj\u0105 rol\u0119 w uczynieniu naszej pi\u0119knej Ziemi rajem, jakim zapewne kiedy\u015b mia\u0142a by\u0107. I jestem niesko\u0144czenie wdzi\u0119czny, \u017ce mo\u017cemy teraz \u017cy\u0107 godnie razem jako rodzina ludzka - w dobrobycie, pokoju i harmonii z natur\u0105.\"<\/p><p>Dzi\u0119kuj\u0119 po tysi\u0105ckro\u0107 za to, \u017ce jeste\u015bcie z nami i wsp\u00f3\u0142tworzycie przysz\u0142o\u015b\u0107, kt\u00f3r\u0105 warto \u017cy\u0107!<\/p><p>\u017bycz\u0105c Tobie i Twoim bliskim wspania\u0142ego 2023 roku<\/p><p>Tw\u00f3j<\/p><p><img decoding=\"async\" class=\"alignnone wp-image-4614 size-medium\" src=\"https:\/\/gradido.net\/wp-content\/uploads\/2022\/06\/MargretBernd_2022-300x74.png\" alt=\"\" width=\"300\" height=\"74\" srcset=\"https:\/\/gradido.net\/wp-content\/uploads\/2022\/06\/MargretBernd_2022-300x74.png 300w, https:\/\/gradido.net\/wp-content\/uploads\/2022\/06\/MargretBernd_2022-18x4.png 18w, https:\/\/gradido.net\/wp-content\/uploads\/2022\/06\/MargretBernd_2022.png 431w\" sizes=\"(max-width: 300px) 100vw, 300px\" \/><\/p><p>Margret Baier i Bernd H\u00fcckst\u00e4dt<br \/>Za\u0142o\u017cyciel i deweloper Gradido<\/p>\t\t\t\t\t\t\t\t<\/div>\n\t\t\t\t<\/div>\n\t\t\t\t\t<\/div>\n\t\t<\/div>\n\t\t\t\t\t<\/div>\n\t\t<\/section>\n\t\t\t\t<section class=\"elementor-section elementor-top-section elementor-element elementor-element-b5881ca elementor-section-boxed elementor-section-height-default elementor-section-height-default\" data-id=\"b5881ca\" data-element_type=\"section\" data-e-type=\"section\">\n\t\t\t\t\t\t<div class=\"elementor-container elementor-column-gap-default\">\n\t\t\t\t\t<div class=\"elementor-column elementor-col-100 elementor-top-column elementor-element elementor-element-838f41e\" data-id=\"838f41e\" data-element_type=\"column\" data-e-type=\"column\">\n\t\t\t<div class=\"elementor-widget-wrap elementor-element-populated\">\n\t\t\t\t\t\t<div class=\"elementor-element elementor-element-1b0e402 elementor-widget elementor-widget-global elementor-global-9341 elementor-widget-text-editor\" data-id=\"1b0e402\" data-element_type=\"widget\" data-e-type=\"widget\" data-widget_type=\"text-editor.default\">\n\t\t\t\t<div class=\"elementor-widget-container\">\n\t\t\t\t\t\t\t\t\t<p><strong>PS:\u00a0<span style=\"color: #ff6600;\"><a style=\"color: #ff6600;\" href=\"https:\/\/gradido.net\/pl\/donations\/\">Ze wzgl\u0119du na stale rosn\u0105ce znaczenie Gradido, powtarzamy nasz\u0105 kampani\u0119 wdzi\u0119czno\u015bci 26 czerwca 2026 roku:<\/a>\u00a0<\/span><span style=\"color: #0000ff;\"><a style=\"color: #0000ff;\" href=\"https:\/\/gradido.net\/pl\/donations\/\">Opr\u00f3cz wielokrotnego GradidoTransform za wk\u0142ad sponsorski, 26\/06\/2016 zwi\u0119kszymy salda wszystkich kont GDT o 26%. Zosta\u0144 sponsorem ju\u017c teraz i ciesz si\u0119 wielokrotno\u015bci\u0105 GDT!<\/a><\/span><\/strong><\/p>\t\t\t\t\t\t\t\t<\/div>\n\t\t\t\t<\/div>\n\t\t\t\t\t<\/div>\n\t\t<\/div>\n\t\t\t\t\t<\/div>\n\t\t<\/section>\n\t\t\t\t<\/div>","protected":false},"excerpt":{"rendered":"<p>Cz\u0119sto to w\u0142a\u015bnie ci cisi ludzie po cichu, sumiennie, z sercem i dusz\u0105 k\u0142ad\u0105 podwaliny pod rozw\u00f3j historyczny. Nasi programi\u015bci wykonali w zesz\u0142ym roku \u015bwietn\u0105 prac\u0119 u podstaw, kt\u00f3ra zaowocuje w 2023 roku.<\/p>","protected":false},"author":2,"featured_media":6018,"comment_status":"closed","ping_status":"closed","sticky":false,"template":"","format":"standard","meta":{"footnotes":""},"categories":[11,55],"tags":[],"class_list":["post-6017","post","type-post","status-publish","format-standard","has-post-thumbnail","hentry","category-blog","category-gradido-konto"],"yoast_head":"<!-- This site is optimized with the Yoast SEO plugin v27.5 - https:\/\/yoast.com\/product\/yoast-seo-wordpress\/ -->\n<title>Gradido-Konto 2023: neues Design und dezentrale Communities - Gradido<\/title>\n<meta name=\"description\" content=\"Oft sind es die leiseren Menschen, die still, flei\u00dfig und mit Herzblut die Grundlagen f\u00fcr historische Entwicklungen schaffen. Unsere Programmierer haben im vergangenen Jahr gro\u00dfartige Vorarbeiten gemacht, die 2023 zum Tragen kommen werden.\" \/>\n<meta name=\"robots\" content=\"index, follow, max-snippet:-1, max-image-preview:large, max-video-preview:-1\" \/>\n<link rel=\"canonical\" href=\"https:\/\/gradido.net\/pl\/gradido-konto-2023-neues-design-und-dezentrale-communities\/\" \/>\n<meta property=\"og:locale\" content=\"pl_PL\" \/>\n<meta property=\"og:type\" content=\"article\" \/>\n<meta property=\"og:title\" content=\"Gradido-Konto 2023: neues Design und dezentrale Communities - Gradido\" \/>\n<meta property=\"og:description\" content=\"Oft sind es die leiseren Menschen, die still, flei\u00dfig und mit Herzblut die Grundlagen f\u00fcr historische Entwicklungen schaffen. Unsere Programmierer haben im vergangenen Jahr gro\u00dfartige Vorarbeiten gemacht, die 2023 zum Tragen kommen werden.\" \/>\n<meta property=\"og:url\" content=\"https:\/\/gradido.net\/pl\/gradido-konto-2023-neues-design-und-dezentrale-communities\/\" \/>\n<meta property=\"og:site_name\" content=\"Gradido\" \/>\n<meta property=\"article:published_time\" content=\"2022-12-31T23:17:31+00:00\" \/>\n<meta property=\"article:modified_time\" content=\"2026-04-24T06:09:27+00:00\" \/>\n<meta property=\"og:image\" content=\"https:\/\/gradido.net\/wp-content\/uploads\/2022\/12\/Test_fertig_1920.jpg\" \/>\n\t<meta property=\"og:image:width\" content=\"1920\" \/>\n\t<meta property=\"og:image:height\" content=\"1067\" \/>\n\t<meta property=\"og:image:type\" content=\"image\/jpeg\" \/>\n<meta name=\"author\" content=\"Bernd H\u00fcckst\u00e4dt\" \/>\n<meta name=\"twitter:card\" content=\"summary_large_image\" \/>\n<meta name=\"twitter:label1\" content=\"Napisane przez\" \/>\n\t<meta name=\"twitter:data1\" content=\"Bernd H\u00fcckst\u00e4dt\" \/>\n\t<meta name=\"twitter:label2\" content=\"Szacowany czas czytania\" \/>\n\t<meta name=\"twitter:data2\" content=\"9 minut\" \/>\n<script type=\"application\/ld+json\" class=\"yoast-schema-graph\">{\"@context\":\"https:\\\/\\\/schema.org\",\"@graph\":[{\"@type\":\"Article\",\"@id\":\"https:\\\/\\\/gradido.net\\\/gradido-konto-2023-neues-design-und-dezentrale-communities\\\/#article\",\"isPartOf\":{\"@id\":\"https:\\\/\\\/gradido.net\\\/gradido-konto-2023-neues-design-und-dezentrale-communities\\\/\"},\"author\":{\"name\":\"Bernd H\u00fcckst\u00e4dt\",\"@id\":\"https:\\\/\\\/gradido.net\\\/de\\\/#\\\/schema\\\/person\\\/9c503a004ad15a1ddecadce2218db5d1\"},\"headline\":\"Gradido-Konto 2023: neues Design und dezentrale Communities\",\"datePublished\":\"2022-12-31T23:17:31+00:00\",\"dateModified\":\"2026-04-24T06:09:27+00:00\",\"mainEntityOfPage\":{\"@id\":\"https:\\\/\\\/gradido.net\\\/gradido-konto-2023-neues-design-und-dezentrale-communities\\\/\"},\"wordCount\":1390,\"publisher\":{\"@id\":\"https:\\\/\\\/gradido.net\\\/de\\\/#organization\"},\"image\":{\"@id\":\"https:\\\/\\\/gradido.net\\\/gradido-konto-2023-neues-design-und-dezentrale-communities\\\/#primaryimage\"},\"thumbnailUrl\":\"https:\\\/\\\/gradido.net\\\/wp-content\\\/uploads\\\/2022\\\/12\\\/Test_fertig_1920.jpg\",\"articleSection\":[\"Blog\",\"Gradido-Konto\"],\"inLanguage\":\"pl-PL\"},{\"@type\":\"WebPage\",\"@id\":\"https:\\\/\\\/gradido.net\\\/gradido-konto-2023-neues-design-und-dezentrale-communities\\\/\",\"url\":\"https:\\\/\\\/gradido.net\\\/gradido-konto-2023-neues-design-und-dezentrale-communities\\\/\",\"name\":\"Gradido-Konto 2023: neues Design und dezentrale Communities - Gradido\",\"isPartOf\":{\"@id\":\"https:\\\/\\\/gradido.net\\\/de\\\/#website\"},\"primaryImageOfPage\":{\"@id\":\"https:\\\/\\\/gradido.net\\\/gradido-konto-2023-neues-design-und-dezentrale-communities\\\/#primaryimage\"},\"image\":{\"@id\":\"https:\\\/\\\/gradido.net\\\/gradido-konto-2023-neues-design-und-dezentrale-communities\\\/#primaryimage\"},\"thumbnailUrl\":\"https:\\\/\\\/gradido.net\\\/wp-content\\\/uploads\\\/2022\\\/12\\\/Test_fertig_1920.jpg\",\"datePublished\":\"2022-12-31T23:17:31+00:00\",\"dateModified\":\"2026-04-24T06:09:27+00:00\",\"description\":\"Oft sind es die leiseren Menschen, die still, flei\u00dfig und mit Herzblut die Grundlagen f\u00fcr historische Entwicklungen schaffen. Unsere Programmierer haben im vergangenen Jahr gro\u00dfartige Vorarbeiten gemacht, die 2023 zum Tragen kommen werden.\",\"breadcrumb\":{\"@id\":\"https:\\\/\\\/gradido.net\\\/gradido-konto-2023-neues-design-und-dezentrale-communities\\\/#breadcrumb\"},\"inLanguage\":\"pl-PL\",\"potentialAction\":[{\"@type\":\"ReadAction\",\"target\":[\"https:\\\/\\\/gradido.net\\\/gradido-konto-2023-neues-design-und-dezentrale-communities\\\/\"]}]},{\"@type\":\"ImageObject\",\"inLanguage\":\"pl-PL\",\"@id\":\"https:\\\/\\\/gradido.net\\\/gradido-konto-2023-neues-design-und-dezentrale-communities\\\/#primaryimage\",\"url\":\"https:\\\/\\\/gradido.net\\\/wp-content\\\/uploads\\\/2022\\\/12\\\/Test_fertig_1920.jpg\",\"contentUrl\":\"https:\\\/\\\/gradido.net\\\/wp-content\\\/uploads\\\/2022\\\/12\\\/Test_fertig_1920.jpg\",\"width\":1920,\"height\":1067},{\"@type\":\"BreadcrumbList\",\"@id\":\"https:\\\/\\\/gradido.net\\\/gradido-konto-2023-neues-design-und-dezentrale-communities\\\/#breadcrumb\",\"itemListElement\":[{\"@type\":\"ListItem\",\"position\":1,\"name\":\"Startseite\",\"item\":\"https:\\\/\\\/gradido.net\\\/\"},{\"@type\":\"ListItem\",\"position\":2,\"name\":\"Gradido-Konto 2023: neues Design und dezentrale Communities\"}]},{\"@type\":\"WebSite\",\"@id\":\"https:\\\/\\\/gradido.net\\\/de\\\/#website\",\"url\":\"https:\\\/\\\/gradido.net\\\/de\\\/\",\"name\":\"Gradido\",\"description\":\"Die neue W\u00e4hrung hei\u00dft Dankbarkeit\",\"publisher\":{\"@id\":\"https:\\\/\\\/gradido.net\\\/de\\\/#organization\"},\"potentialAction\":[{\"@type\":\"SearchAction\",\"target\":{\"@type\":\"EntryPoint\",\"urlTemplate\":\"https:\\\/\\\/gradido.net\\\/de\\\/?s={search_term_string}\"},\"query-input\":{\"@type\":\"PropertyValueSpecification\",\"valueRequired\":true,\"valueName\":\"search_term_string\"}}],\"inLanguage\":\"pl-PL\"},{\"@type\":\"Organization\",\"@id\":\"https:\\\/\\\/gradido.net\\\/de\\\/#organization\",\"name\":\"Gradido\",\"url\":\"https:\\\/\\\/gradido.net\\\/de\\\/\",\"logo\":{\"@type\":\"ImageObject\",\"inLanguage\":\"pl-PL\",\"@id\":\"https:\\\/\\\/gradido.net\\\/de\\\/#\\\/schema\\\/logo\\\/image\\\/\",\"url\":\"https:\\\/\\\/gradido.net\\\/wp-content\\\/uploads\\\/2022\\\/04\\\/gradido-social.jpg\",\"contentUrl\":\"https:\\\/\\\/gradido.net\\\/wp-content\\\/uploads\\\/2022\\\/04\\\/gradido-social.jpg\",\"width\":527,\"height\":273,\"caption\":\"Gradido\"},\"image\":{\"@id\":\"https:\\\/\\\/gradido.net\\\/de\\\/#\\\/schema\\\/logo\\\/image\\\/\"}},{\"@type\":\"Person\",\"@id\":\"https:\\\/\\\/gradido.net\\\/de\\\/#\\\/schema\\\/person\\\/9c503a004ad15a1ddecadce2218db5d1\",\"name\":\"Bernd H\u00fcckst\u00e4dt\",\"sameAs\":[\"https:\\\/\\\/gradido.net\"],\"url\":\"https:\\\/\\\/gradido.net\\\/pl\\\/author\\\/bernd\\\/\"}]}<\/script>\n<!-- \/ Yoast SEO plugin. -->","yoast_head_json":{"title":"Konto Gradido 2023: nowy design i zdecentralizowane spo\u0142eczno\u015bci - Gradido","description":"Cz\u0119sto to w\u0142a\u015bnie ci cisi ludzie po cichu, sumiennie, z sercem i dusz\u0105 k\u0142ad\u0105 podwaliny pod rozw\u00f3j historyczny. Nasi programi\u015bci wykonali w zesz\u0142ym roku \u015bwietn\u0105 prac\u0119 u podstaw, kt\u00f3ra zaowocuje w 2023 roku.","robots":{"index":"index","follow":"follow","max-snippet":"max-snippet:-1","max-image-preview":"max-image-preview:large","max-video-preview":"max-video-preview:-1"},"canonical":"https:\/\/gradido.net\/pl\/gradido-konto-2023-neues-design-und-dezentrale-communities\/","og_locale":"pl_PL","og_type":"article","og_title":"Gradido-Konto 2023: neues Design und dezentrale Communities - Gradido","og_description":"Oft sind es die leiseren Menschen, die still, flei\u00dfig und mit Herzblut die Grundlagen f\u00fcr historische Entwicklungen schaffen. Unsere Programmierer haben im vergangenen Jahr gro\u00dfartige Vorarbeiten gemacht, die 2023 zum Tragen kommen werden.","og_url":"https:\/\/gradido.net\/pl\/gradido-konto-2023-neues-design-und-dezentrale-communities\/","og_site_name":"Gradido","article_published_time":"2022-12-31T23:17:31+00:00","article_modified_time":"2026-04-24T06:09:27+00:00","og_image":[{"width":1920,"height":1067,"url":"https:\/\/gradido.net\/wp-content\/uploads\/2022\/12\/Test_fertig_1920.jpg","type":"image\/jpeg"}],"author":"Bernd H\u00fcckst\u00e4dt","twitter_card":"summary_large_image","twitter_misc":{"Napisane przez":"Bernd H\u00fcckst\u00e4dt","Szacowany czas czytania":"9 minut"},"schema":{"@context":"https:\/\/schema.org","@graph":[{"@type":"Article","@id":"https:\/\/gradido.net\/gradido-konto-2023-neues-design-und-dezentrale-communities\/#article","isPartOf":{"@id":"https:\/\/gradido.net\/gradido-konto-2023-neues-design-und-dezentrale-communities\/"},"author":{"name":"Bernd H\u00fcckst\u00e4dt","@id":"https:\/\/gradido.net\/de\/#\/schema\/person\/9c503a004ad15a1ddecadce2218db5d1"},"headline":"Gradido-Konto 2023: neues Design und dezentrale Communities","datePublished":"2022-12-31T23:17:31+00:00","dateModified":"2026-04-24T06:09:27+00:00","mainEntityOfPage":{"@id":"https:\/\/gradido.net\/gradido-konto-2023-neues-design-und-dezentrale-communities\/"},"wordCount":1390,"publisher":{"@id":"https:\/\/gradido.net\/de\/#organization"},"image":{"@id":"https:\/\/gradido.net\/gradido-konto-2023-neues-design-und-dezentrale-communities\/#primaryimage"},"thumbnailUrl":"https:\/\/gradido.net\/wp-content\/uploads\/2022\/12\/Test_fertig_1920.jpg","articleSection":["Blog","Gradido-Konto"],"inLanguage":"pl-PL"},{"@type":"WebPage","@id":"https:\/\/gradido.net\/gradido-konto-2023-neues-design-und-dezentrale-communities\/","url":"https:\/\/gradido.net\/gradido-konto-2023-neues-design-und-dezentrale-communities\/","name":"Konto Gradido 2023: nowy design i zdecentralizowane spo\u0142eczno\u015bci - Gradido","isPartOf":{"@id":"https:\/\/gradido.net\/de\/#website"},"primaryImageOfPage":{"@id":"https:\/\/gradido.net\/gradido-konto-2023-neues-design-und-dezentrale-communities\/#primaryimage"},"image":{"@id":"https:\/\/gradido.net\/gradido-konto-2023-neues-design-und-dezentrale-communities\/#primaryimage"},"thumbnailUrl":"https:\/\/gradido.net\/wp-content\/uploads\/2022\/12\/Test_fertig_1920.jpg","datePublished":"2022-12-31T23:17:31+00:00","dateModified":"2026-04-24T06:09:27+00:00","description":"Cz\u0119sto to w\u0142a\u015bnie ci cisi ludzie po cichu, sumiennie, z sercem i dusz\u0105 k\u0142ad\u0105 podwaliny pod rozw\u00f3j historyczny. Nasi programi\u015bci wykonali w zesz\u0142ym roku \u015bwietn\u0105 prac\u0119 u podstaw, kt\u00f3ra zaowocuje w 2023 roku.","breadcrumb":{"@id":"https:\/\/gradido.net\/gradido-konto-2023-neues-design-und-dezentrale-communities\/#breadcrumb"},"inLanguage":"pl-PL","potentialAction":[{"@type":"ReadAction","target":["https:\/\/gradido.net\/gradido-konto-2023-neues-design-und-dezentrale-communities\/"]}]},{"@type":"ImageObject","inLanguage":"pl-PL","@id":"https:\/\/gradido.net\/gradido-konto-2023-neues-design-und-dezentrale-communities\/#primaryimage","url":"https:\/\/gradido.net\/wp-content\/uploads\/2022\/12\/Test_fertig_1920.jpg","contentUrl":"https:\/\/gradido.net\/wp-content\/uploads\/2022\/12\/Test_fertig_1920.jpg","width":1920,"height":1067},{"@type":"BreadcrumbList","@id":"https:\/\/gradido.net\/gradido-konto-2023-neues-design-und-dezentrale-communities\/#breadcrumb","itemListElement":[{"@type":"ListItem","position":1,"name":"Startseite","item":"https:\/\/gradido.net\/"},{"@type":"ListItem","position":2,"name":"Gradido-Konto 2023: neues Design und dezentrale Communities"}]},{"@type":"WebSite","@id":"https:\/\/gradido.net\/de\/#website","url":"https:\/\/gradido.net\/de\/","name":"Gradido","description":"Now\u0105 walut\u0105 jest wdzi\u0119czno\u015b\u0107","publisher":{"@id":"https:\/\/gradido.net\/de\/#organization"},"potentialAction":[{"@type":"SearchAction","target":{"@type":"EntryPoint","urlTemplate":"https:\/\/gradido.net\/de\/?s={search_term_string}"},"query-input":{"@type":"PropertyValueSpecification","valueRequired":true,"valueName":"search_term_string"}}],"inLanguage":"pl-PL"},{"@type":"Organization","@id":"https:\/\/gradido.net\/de\/#organization","name":"Gradido","url":"https:\/\/gradido.net\/de\/","logo":{"@type":"ImageObject","inLanguage":"pl-PL","@id":"https:\/\/gradido.net\/de\/#\/schema\/logo\/image\/","url":"https:\/\/gradido.net\/wp-content\/uploads\/2022\/04\/gradido-social.jpg","contentUrl":"https:\/\/gradido.net\/wp-content\/uploads\/2022\/04\/gradido-social.jpg","width":527,"height":273,"caption":"Gradido"},"image":{"@id":"https:\/\/gradido.net\/de\/#\/schema\/logo\/image\/"}},{"@type":"Person","@id":"https:\/\/gradido.net\/de\/#\/schema\/person\/9c503a004ad15a1ddecadce2218db5d1","name":"Bernd H\u00fcckst\u00e4dt","sameAs":["https:\/\/gradido.net"],"url":"https:\/\/gradido.net\/pl\/author\/bernd\/"}]}},"_links":{"self":[{"href":"https:\/\/gradido.net\/pl\/wp-json\/wp\/v2\/posts\/6017","targetHints":{"allow":["GET"]}}],"collection":[{"href":"https:\/\/gradido.net\/pl\/wp-json\/wp\/v2\/posts"}],"about":[{"href":"https:\/\/gradido.net\/pl\/wp-json\/wp\/v2\/types\/post"}],"author":[{"embeddable":true,"href":"https:\/\/gradido.net\/pl\/wp-json\/wp\/v2\/users\/2"}],"replies":[{"embeddable":true,"href":"https:\/\/gradido.net\/pl\/wp-json\/wp\/v2\/comments?post=6017"}],"version-history":[{"count":76,"href":"https:\/\/gradido.net\/pl\/wp-json\/wp\/v2\/posts\/6017\/revisions"}],"predecessor-version":[{"id":13598,"href":"https:\/\/gradido.net\/pl\/wp-json\/wp\/v2\/posts\/6017\/revisions\/13598"}],"wp:featuredmedia":[{"embeddable":true,"href":"https:\/\/gradido.net\/pl\/wp-json\/wp\/v2\/media\/6018"}],"wp:attachment":[{"href":"https:\/\/gradido.net\/pl\/wp-json\/wp\/v2\/media?parent=6017"}],"wp:term":[{"taxonomy":"category","embeddable":true,"href":"https:\/\/gradido.net\/pl\/wp-json\/wp\/v2\/categories?post=6017"},{"taxonomy":"post_tag","embeddable":true,"href":"https:\/\/gradido.net\/pl\/wp-json\/wp\/v2\/tags?post=6017"}],"curies":[{"name":"wp","href":"https:\/\/api.w.org\/{rel}","templated":true}]}}