{"id":616,"date":"2020-05-26T15:29:00","date_gmt":"2020-05-26T13:29:00","guid":{"rendered":"http:\/\/neu.gradido.net\/?p=616"},"modified":"2021-12-10T13:08:25","modified_gmt":"2021-12-10T12:08:25","slug":"corona-krise-zeit-fuer-die-natuerliche-oekonomie-des-lebens","status":"publish","type":"post","link":"https:\/\/gradido.net\/pl\/corona-krise-zeit-fuer-die-natuerliche-oekonomie-des-lebens\/","title":{"rendered":"Kryzys koronny: Czas na \"naturaln\u0105 ekonomi\u0119 \u017cycia"},"content":{"rendered":"<div data-elementor-type=\"wp-post\" data-elementor-id=\"616\" class=\"elementor elementor-616\" data-elementor-post-type=\"post\">\n\t\t\t\t\t\t<section class=\"elementor-section elementor-top-section elementor-element elementor-element-f9a81c7 elementor-section-boxed elementor-section-height-default elementor-section-height-default\" data-id=\"f9a81c7\" data-element_type=\"section\" data-e-type=\"section\">\n\t\t\t\t\t\t<div class=\"elementor-container elementor-column-gap-default\">\n\t\t\t\t\t<div class=\"elementor-column elementor-col-100 elementor-top-column elementor-element elementor-element-31d55dd\" data-id=\"31d55dd\" data-element_type=\"column\" data-e-type=\"column\">\n\t\t\t<div class=\"elementor-widget-wrap elementor-element-populated\">\n\t\t\t\t\t\t<div class=\"elementor-element elementor-element-6cca0d4 elementor-widget elementor-widget-text-editor\" data-id=\"6cca0d4\" data-element_type=\"widget\" data-e-type=\"widget\" data-widget_type=\"text-editor.default\">\n\t\t\t\t<div class=\"elementor-widget-container\">\n\t\t\t\t\t\t\t\t\t<h2>Bionika ekonomiczna skupia si\u0119 na globalnym wsp\u00f3lnym dobru<\/h2>\n<p><strong>K\u00fcnzelsau, 26 maja 2020 r. - Kryzys w strefie Corona w bardzo kr\u00f3tkim czasie fundamentalnie zmieni\u0142 nasz \u015bwiat. Pomimo program\u00f3w pomocowych wartych miliardy, gospodarka kraju znajduje si\u0119 w stanie upadku. \u015awiatowemu systemowi finansowemu grozi upadek, a w \u015blad za tym masowe bankructwa, rekordowe bezrobocie i skrajne ub\u00f3stwo. Tylko dzi\u0119ki nowemu, zr\u00f3wnowa\u017conemu systemowi monetarnemu, w kt\u00f3rym bod\u017ace ekonomiczne, ekologiczne i spo\u0142eczne zmierzaj\u0105 w tym samym kierunku, ludzko\u015b\u0107 mo\u017ce przezwyci\u0119\u017cy\u0107 te wyzwania. Akademia Bioniki Ekonomicznej Gradido opracowa\u0142a taki system. Nowa waluta dobra wsp\u00f3lnego \"Gradido\" ma potencja\u0142 tworzenia dobrobytu i pokoju na ca\u0142ym \u015bwiecie.<\/strong><\/p>\n<p><strong><!-- \/wp:paragraph --><!-- wp:paragraph --><\/strong><\/p>\n<p><strong>Od 20 lat Akademia Gradido rozwija wsp\u00f3ln\u0105 dobr\u0105 walut\u0119, kt\u00f3ra opiera si\u0119 na przyk\u0142adzie natury. W ci\u0105g\u0142ym cyklu stawania si\u0119 i przemijania, wszystko w przyrodzie jest cykliczne. Jest to jedyny spos\u00f3b na osi\u0105gni\u0119cie sta\u0142ej odnowy na naszej ziemi. Zgodnie z tym \"cyklem \u017cycia\" funkcjonuje r\u00f3wnie\u017c system r\u00f3wnowa\u017c\u0105cy \"Gradido\", kt\u00f3ry m\u00f3g\u0142by zapewni\u0107 ca\u0142ej ludzko\u015bci nie tylko stabilne \u017ar\u00f3d\u0142o utrzymania, ale nawet \u017cycie w dobrobycie i pokojowym wsp\u00f3\u0142istnieniu.<\/strong><\/p>\n<p><!-- \/wp:paragraph --><!-- wp:paragraph --><\/p>\n<p><strong>Pandemia gospodarcza by\u0142a nieunikniona<\/strong><br>Wirus nie jest przyczyn\u0105, a jedynie wyzwalaczem globalnej \"pandemii gospodarczej\", wyja\u015bniaj\u0105 biolodzy ekonomiczni Margret Baier i Bernd H\u00fcckst\u00e4dt: \"Tak jak kamie\u0144 jedynie wyzwala lawin\u0119 i powoduje jej zapadanie si\u0119 w dolin\u0119, poniewa\u017c pod\u0142o\u017ce nie by\u0142o wystarczaj\u0105co stabilne, tak wirus koronowy by\u0142 w stanie wywo\u0142a\u0107 obecny kryzys w globalnym systemie gospodarczym i finansowym tylko dlatego, \u017ce obecny globalny system finansowy jest niezwykle niestabilny\", wyja\u015bnia H\u00fcckst\u00e4dt. Za\u0142o\u017cyciele Akademii Gradido zastanawiaj\u0105 si\u0119 nad tym, czego gospodarka mo\u017ce nauczy\u0107 si\u0119 od natury. Tak jak ka\u017cdy in\u017cynier lotniczy musi bada\u0107 loty ptak\u00f3w, tak i biolog przemys\u0142owy bada, jakie naturalne procesy mog\u0105 by\u0107 modelem dla udanych proces\u00f3w ekonomicznych. Zgodnie z ustaleniami Akademii Gradido, deklarowany cel spo\u0142ecznej gospodarki rynkowej, jakim jest stworzenie dobrobytu dla wszystkich, w \u017cadnym wypadku nie mo\u017ce zosta\u0107 osi\u0105gni\u0119ty przy obecnym systemie finansowym. Nieod\u0142\u0105cznym elementem systemu jest natomiast to, \u017ce aktywa jednych s\u0105 d\u0142ugami innych. \u015amiertelna konsekwencja: rz\u0105dz\u0105cy system gospodarczy ustanawia katastrofalne bod\u017ace do wyzysku cz\u0142owieka i przyrody. Nieuniknione konsekwencje to ub\u00f3stwo na \u015bwiecie, wojny i katastrofalne zniszczenie \u015brodowiska naturalnego. Przysz\u0142o\u015b\u0107 ludzko\u015bci i naszej planety jest wi\u0119c egzystencjalnie zagro\u017cona.<\/p>\n<p><!-- \/wp:paragraph --><!-- wp:paragraph --><\/p>\n<p><strong>Godzina bioniki ekonomicznej<\/strong><br>Wynalazcy \"waluty Gradido\" widz\u0105 teraz szans\u0119 na trwa\u0142e przerwanie tego niefortunnego b\u0142\u0119dnego ko\u0142a. Zamkni\u0119cie korony na ca\u0142ym \u015bwiecie stwarza nie tylko potrzeb\u0119 ponownego przemy\u015blenia, ale tak\u017ce wyra\u017anego uznania krucho\u015bci rz\u0105dz\u0105cego systemu gospodarczego. Otwiera to r\u00f3wnie\u017c now\u0105 wra\u017cliwo\u015b\u0107 na udane modele natury, kt\u00f3re od czterech i p\u00f3\u0142 miliarda lat udowadniaj\u0105 swoj\u0105 warto\u015b\u0107. W zwi\u0105zku z tym spo\u0142ecze\u0144stwo coraz bardziej oczekuje od wci\u0105\u017c jeszcze m\u0142odej nauki o bionice ekonomicznej i jej odpowiedzi na egzystencjalne pytania naszych czas\u00f3w.<\/p>\n<p><!-- \/wp:paragraph --><!-- wp:paragraph --><\/p>\n<p><strong>Akademia Gradido<\/strong><br>Nazwa \"Gradido\" sk\u0142ada si\u0119 z angielskich s\u0142\u00f3w \"thankitude\", \"human dignity\" i \"donation\". \u0141\u0105czy ona zatem trzy podstawowe warto\u015bci nowej kultury gospodarczej, kt\u00f3ra ma na celu umo\u017cliwienie i zapewnienie zdrowej dzia\u0142alno\u015bci gospodarczej z korzy\u015bci\u0105 dla wszystkich. Podstawowa zasada etyczna Gradido opiera si\u0119 na harmonizowaniu dobra jednostki z dobrem wsp\u00f3lnoty i ca\u0142o\u015bci - w odniesieniu do natury i \u015brodowiska. Cykl \u017cycia\" jest podstawow\u0105 recept\u0105 natury na sukces. Przyroda kieruje si\u0119 zasad\u0105, \u017ce tylko tam, gdzie co\u015b przemija, mog\u0105 powstawa\u0107 nowe rzeczy i w ten spos\u00f3b mo\u017cliwa jest d\u0142ugoterminowa poprawa (ewolucja). Gdyby nasza gospodarka mia\u0142a pod\u0105\u017ca\u0107 za tym naturalnym cyklem, biolodzy ekonomiczni uwa\u017caj\u0105, \u017ce praktycznie wszystkie problemy monetarne \u015bwiata mog\u0142yby zosta\u0107 rozwi\u0105zane. Obecny \u015bwiatowy system gospodarczy ma jednak dok\u0142adnie odwrotny skutek. D\u0105\u017cy ona do wyk\u0142adniczego wzrostu gospodarczego, kt\u00f3ry ze swej natury musi prowadzi\u0107 do wielokrotnych za\u0142ama\u0144.<\/p>\n<p><!-- \/wp:paragraph --><!-- wp:paragraph --><\/p>\n<p><strong>Waluta Gradido<\/strong><br>Model Akademii Gradido integruje cykl stawania si\u0119 i przemijania poprzez regularn\u0105 kreacj\u0119 pieni\u0105dza i jego planowan\u0105 ulotno\u015b\u0107. Pieni\u0105dze s\u0105 tworzone w oparciu o rozw\u00f3j populacji. Eliminuje to nieograniczony wzrost pieni\u0105dza ksi\u0105\u017ckowego i stawia rozw\u00f3j poda\u017cy pieni\u0105dza na naturalnej podstawie. W modelu Akademii Gradido, pieni\u0105dze s\u0105 rozdzielane zgodnie z zasad\u0105 trzech filar\u00f3w: na ka\u017cdego obywatela \u015bwiata przypada w sumie 3000 \"Gradido\", czyli nazwa waluty. Jedna trzecia trafia do ka\u017cdego obywatela jako aktywny doch\u00f3d podstawowy, druga trzecia trafia do pa\u0144stwa za jego us\u0142ugi dla ludno\u015bci, a trzecia cz\u0119\u015b\u0107 trafia do funduszu kompensacyjnego i \u015brodowiskowego, aby umo\u017cliwi\u0107 oczyszczenie z gospodarczych i ekologicznych obci\u0105\u017ce\u0144 z przesz\u0142o\u015bci. Powodem, dla kt\u00f3rego pieni\u0105dze s\u0105 rozdzielane w dok\u0142adnie taki spos\u00f3b, jest etyka \"potr\u00f3jnego dobra\". Jednostka jest cz\u0119\u015bci\u0105 wsp\u00f3lnoty, stanu, a stan jest cz\u0119\u015bci\u0105 \"ca\u0142o\u015bciowego obrazu\", ekosystemu. Je\u015bli jeden z tych trzech aspekt\u00f3w zostanie zaniedbany, ca\u0142y system zostanie wytr\u0105cony z r\u00f3wnowagi. W ci\u0105gu ka\u017cdego roku wygasa 50 procent utworzonych pieni\u0119dzy. Ten planowany cykl tworzenia i rozk\u0142adu utrzymuje stabiln\u0105 poda\u017c pieni\u0105dza i system w r\u00f3wnowadze.<strong>.<\/strong>&nbsp;Wprowadzenie waluty Gradido mo\u017ce odbywa\u0107 si\u0119 zar\u00f3wno w skali globalnej, jak i w poszczeg\u00f3lnych krajach. Mo\u017ce by\u0107 wdra\u017cane etapami r\u00f3wnolegle z istniej\u0105cym systemem, dzi\u0119ki czemu wszystkie elementy mog\u0105 by\u0107 testowane bez ryzyka i w razie potrzeby optymalizowane.<\/p>\n<p><!-- \/wp:paragraph --><!-- wp:paragraph --><\/p>\n<p><strong>Pasja i odpowiedzialno\u015b\u0107<\/strong><br>\"Teraz, gdy Mi\u0119dzynarodowy Fundusz Walutowy MFW prognozuje najgorszy kryzys gospodarczy od 90 lat, niezb\u0119dne s\u0105 nowe rozwi\u0105zania. Dla Gradido nadszed\u0142 czas i widzimy, \u017ce naszym obowi\u0105zkiem jest wprowadzenie tego modelu do dyskusji politycznej\", podkre\u015bla Bernd H\u00fcckst\u00e4dt. Margret Baier dodaje: \"Znale\u017ali\u015bmy rozwi\u0105zanie oparte na zasadach natury, kt\u00f3re zapewni przysz\u0142o\u015b\u0107 wart\u0105 \u017cycia dla obecnych i przysz\u0142ych pokole\u0144. W ten spos\u00f3b mo\u017cemy rzeczywi\u015bcie zrealizowa\u0107 jedno z najwi\u0119kszych marze\u0144 ludzko\u015bci i przynie\u015b\u0107 trwa\u0142y pok\u00f3j i dobrobyt wszystkim ludziom na ziemi w harmonii z natur\u0105\". Wi\u0119cej informacji mo\u017cna znale\u017a\u0107 pod&nbsp;<a href=\"https:\/\/gradido.net\/pl\/\" target=\"_blank\" rel=\"noreferrer noopener\" data-type=\"URL\" data-id=\"https:\/\/gradido.net\/\">www.gradido.net<\/a><\/p>\n<p><!-- \/wp:paragraph --><\/p>\t\t\t\t\t\t\t\t<\/div>\n\t\t\t\t<\/div>\n\t\t\t\t\t<\/div>\n\t\t<\/div>\n\t\t\t\t\t<\/div>\n\t\t<\/section>\n\t\t\t\t<\/div>","protected":false},"excerpt":{"rendered":"<p>Wirtschaftsbioniker setzen auf weltweite Gemeinwohlw\u00e4hrung K\u00fcnzelsau, 26. Mai 2020 \u2013 Die Corona-Krise hat unsere Welt binnen k\u00fcrzester Zeit grundlegend ver\u00e4ndert. Trotz billionenschwerer Hilfsprogramme befindet sich die Wirtschaft im freien Fall. Das weltweite Finanzsystem droht zu scheitern, gefolgt von Masseninsolvenzen, Rekordarbeitslosigkeit und bitterer Armut. Nur mit einem zukunftsf\u00e4higen neuen Geldsystem, bei dem die \u00f6konomischen, \u00f6kologischen und [&hellip;]<\/p>\n","protected":false},"author":1,"featured_media":858,"comment_status":"closed","ping_status":"closed","sticky":false,"template":"","format":"standard","meta":{"footnotes":""},"categories":[8],"tags":[15],"class_list":["post-616","post","type-post","status-publish","format-standard","has-post-thumbnail","hentry","category-pressemitteilung","tag-wirtschaftsbionik"],"yoast_head":"<!-- This site is optimized with the Yoast SEO plugin v27.5 - https:\/\/yoast.com\/product\/yoast-seo-wordpress\/ -->\n<title>Corona-Krise: Zeit f\u00fcr die \u201eNat\u00fcrliche \u00d6konomie des Lebens\u201c - Gradido<\/title>\n<meta name=\"robots\" content=\"index, follow, max-snippet:-1, max-image-preview:large, max-video-preview:-1\" \/>\n<link rel=\"canonical\" href=\"https:\/\/gradido.net\/pl\/corona-krise-zeit-fuer-die-natuerliche-oekonomie-des-lebens\/\" \/>\n<meta property=\"og:locale\" content=\"pl_PL\" \/>\n<meta property=\"og:type\" content=\"article\" \/>\n<meta property=\"og:title\" content=\"Corona-Krise: Zeit f\u00fcr die \u201eNat\u00fcrliche \u00d6konomie des Lebens\u201c - Gradido\" \/>\n<meta property=\"og:description\" content=\"Wirtschaftsbioniker setzen auf weltweite Gemeinwohlw\u00e4hrung K\u00fcnzelsau, 26. Mai 2020 \u2013 Die Corona-Krise hat unsere Welt binnen k\u00fcrzester Zeit grundlegend ver\u00e4ndert. Trotz billionenschwerer Hilfsprogramme befindet sich die Wirtschaft im freien Fall. Das weltweite Finanzsystem droht zu scheitern, gefolgt von Masseninsolvenzen, Rekordarbeitslosigkeit und bitterer Armut. Nur mit einem zukunftsf\u00e4higen neuen Geldsystem, bei dem die \u00f6konomischen, \u00f6kologischen und [&hellip;]\" \/>\n<meta property=\"og:url\" content=\"https:\/\/gradido.net\/pl\/corona-krise-zeit-fuer-die-natuerliche-oekonomie-des-lebens\/\" \/>\n<meta property=\"og:site_name\" content=\"Gradido\" \/>\n<meta property=\"article:published_time\" content=\"2020-05-26T13:29:00+00:00\" \/>\n<meta property=\"article:modified_time\" content=\"2021-12-10T12:08:25+00:00\" \/>\n<meta property=\"og:image\" content=\"https:\/\/gradido.net\/wp-content\/uploads\/2020\/05\/gemeinwohlwaehrung.jpg\" \/>\n\t<meta property=\"og:image:width\" content=\"1000\" \/>\n\t<meta property=\"og:image:height\" content=\"684\" \/>\n\t<meta property=\"og:image:type\" content=\"image\/jpeg\" \/>\n<meta name=\"author\" content=\"GR4dmin\" \/>\n<meta name=\"twitter:card\" content=\"summary_large_image\" \/>\n<meta name=\"twitter:label1\" content=\"Napisane przez\" \/>\n\t<meta name=\"twitter:data1\" content=\"GR4dmin\" \/>\n\t<meta name=\"twitter:label2\" content=\"Szacowany czas czytania\" \/>\n\t<meta name=\"twitter:data2\" content=\"5 minut\" \/>\n<script type=\"application\/ld+json\" class=\"yoast-schema-graph\">{\"@context\":\"https:\\\/\\\/schema.org\",\"@graph\":[{\"@type\":\"Article\",\"@id\":\"https:\\\/\\\/gradido.net\\\/et\\\/corona-krise-zeit-fuer-die-natuerliche-oekonomie-des-lebens\\\/#article\",\"isPartOf\":{\"@id\":\"https:\\\/\\\/gradido.net\\\/et\\\/corona-krise-zeit-fuer-die-natuerliche-oekonomie-des-lebens\\\/\"},\"author\":{\"name\":\"GR4dmin\",\"@id\":\"https:\\\/\\\/gradido.net\\\/de\\\/#\\\/schema\\\/person\\\/9f913f37a47e7a82ad686b58fc907588\"},\"headline\":\"Corona-Krise: Zeit f\u00fcr die \u201eNat\u00fcrliche \u00d6konomie des Lebens\u201c\",\"datePublished\":\"2020-05-26T13:29:00+00:00\",\"dateModified\":\"2021-12-10T12:08:25+00:00\",\"mainEntityOfPage\":{\"@id\":\"https:\\\/\\\/gradido.net\\\/et\\\/corona-krise-zeit-fuer-die-natuerliche-oekonomie-des-lebens\\\/\"},\"wordCount\":983,\"publisher\":{\"@id\":\"https:\\\/\\\/gradido.net\\\/de\\\/#organization\"},\"image\":{\"@id\":\"https:\\\/\\\/gradido.net\\\/et\\\/corona-krise-zeit-fuer-die-natuerliche-oekonomie-des-lebens\\\/#primaryimage\"},\"thumbnailUrl\":\"https:\\\/\\\/gradido.net\\\/wp-content\\\/uploads\\\/2020\\\/05\\\/gemeinwohlwaehrung.jpg\",\"keywords\":[\"Wirtschaftsbionik\"],\"articleSection\":[\"Pressemitteilung\"],\"inLanguage\":\"pl-PL\"},{\"@type\":\"WebPage\",\"@id\":\"https:\\\/\\\/gradido.net\\\/et\\\/corona-krise-zeit-fuer-die-natuerliche-oekonomie-des-lebens\\\/\",\"url\":\"https:\\\/\\\/gradido.net\\\/et\\\/corona-krise-zeit-fuer-die-natuerliche-oekonomie-des-lebens\\\/\",\"name\":\"Corona-Krise: Zeit f\u00fcr die \u201eNat\u00fcrliche \u00d6konomie des Lebens\u201c - Gradido\",\"isPartOf\":{\"@id\":\"https:\\\/\\\/gradido.net\\\/de\\\/#website\"},\"primaryImageOfPage\":{\"@id\":\"https:\\\/\\\/gradido.net\\\/et\\\/corona-krise-zeit-fuer-die-natuerliche-oekonomie-des-lebens\\\/#primaryimage\"},\"image\":{\"@id\":\"https:\\\/\\\/gradido.net\\\/et\\\/corona-krise-zeit-fuer-die-natuerliche-oekonomie-des-lebens\\\/#primaryimage\"},\"thumbnailUrl\":\"https:\\\/\\\/gradido.net\\\/wp-content\\\/uploads\\\/2020\\\/05\\\/gemeinwohlwaehrung.jpg\",\"datePublished\":\"2020-05-26T13:29:00+00:00\",\"dateModified\":\"2021-12-10T12:08:25+00:00\",\"breadcrumb\":{\"@id\":\"https:\\\/\\\/gradido.net\\\/et\\\/corona-krise-zeit-fuer-die-natuerliche-oekonomie-des-lebens\\\/#breadcrumb\"},\"inLanguage\":\"pl-PL\",\"potentialAction\":[{\"@type\":\"ReadAction\",\"target\":[\"https:\\\/\\\/gradido.net\\\/et\\\/corona-krise-zeit-fuer-die-natuerliche-oekonomie-des-lebens\\\/\"]}]},{\"@type\":\"ImageObject\",\"inLanguage\":\"pl-PL\",\"@id\":\"https:\\\/\\\/gradido.net\\\/et\\\/corona-krise-zeit-fuer-die-natuerliche-oekonomie-des-lebens\\\/#primaryimage\",\"url\":\"https:\\\/\\\/gradido.net\\\/wp-content\\\/uploads\\\/2020\\\/05\\\/gemeinwohlwaehrung.jpg\",\"contentUrl\":\"https:\\\/\\\/gradido.net\\\/wp-content\\\/uploads\\\/2020\\\/05\\\/gemeinwohlwaehrung.jpg\",\"width\":1000,\"height\":684},{\"@type\":\"BreadcrumbList\",\"@id\":\"https:\\\/\\\/gradido.net\\\/et\\\/corona-krise-zeit-fuer-die-natuerliche-oekonomie-des-lebens\\\/#breadcrumb\",\"itemListElement\":[{\"@type\":\"ListItem\",\"position\":1,\"name\":\"Startseite\",\"item\":\"https:\\\/\\\/gradido.net\\\/\"},{\"@type\":\"ListItem\",\"position\":2,\"name\":\"Corona-Krise: Zeit f\u00fcr die \u201eNat\u00fcrliche \u00d6konomie des Lebens\u201c\"}]},{\"@type\":\"WebSite\",\"@id\":\"https:\\\/\\\/gradido.net\\\/de\\\/#website\",\"url\":\"https:\\\/\\\/gradido.net\\\/de\\\/\",\"name\":\"Gradido\",\"description\":\"Die neue W\u00e4hrung hei\u00dft Dankbarkeit\",\"publisher\":{\"@id\":\"https:\\\/\\\/gradido.net\\\/de\\\/#organization\"},\"potentialAction\":[{\"@type\":\"SearchAction\",\"target\":{\"@type\":\"EntryPoint\",\"urlTemplate\":\"https:\\\/\\\/gradido.net\\\/de\\\/?s={search_term_string}\"},\"query-input\":{\"@type\":\"PropertyValueSpecification\",\"valueRequired\":true,\"valueName\":\"search_term_string\"}}],\"inLanguage\":\"pl-PL\"},{\"@type\":\"Organization\",\"@id\":\"https:\\\/\\\/gradido.net\\\/de\\\/#organization\",\"name\":\"Gradido\",\"url\":\"https:\\\/\\\/gradido.net\\\/de\\\/\",\"logo\":{\"@type\":\"ImageObject\",\"inLanguage\":\"pl-PL\",\"@id\":\"https:\\\/\\\/gradido.net\\\/de\\\/#\\\/schema\\\/logo\\\/image\\\/\",\"url\":\"https:\\\/\\\/gradido.net\\\/wp-content\\\/uploads\\\/2022\\\/04\\\/gradido-social.jpg\",\"contentUrl\":\"https:\\\/\\\/gradido.net\\\/wp-content\\\/uploads\\\/2022\\\/04\\\/gradido-social.jpg\",\"width\":527,\"height\":273,\"caption\":\"Gradido\"},\"image\":{\"@id\":\"https:\\\/\\\/gradido.net\\\/de\\\/#\\\/schema\\\/logo\\\/image\\\/\"}},{\"@type\":\"Person\",\"@id\":\"https:\\\/\\\/gradido.net\\\/de\\\/#\\\/schema\\\/person\\\/9f913f37a47e7a82ad686b58fc907588\",\"name\":\"GR4dmin\",\"sameAs\":[\"https:\\\/\\\/gradido.net\"],\"url\":\"https:\\\/\\\/gradido.net\\\/pl\\\/author\\\/gr4dmin\\\/\"}]}<\/script>\n<!-- \/ Yoast SEO plugin. -->","yoast_head_json":{"title":"Kryzys koronowy: czas na \"naturaln\u0105 ekonomi\u0119 \u017cycia\" - Gradido","robots":{"index":"index","follow":"follow","max-snippet":"max-snippet:-1","max-image-preview":"max-image-preview:large","max-video-preview":"max-video-preview:-1"},"canonical":"https:\/\/gradido.net\/pl\/corona-krise-zeit-fuer-die-natuerliche-oekonomie-des-lebens\/","og_locale":"pl_PL","og_type":"article","og_title":"Corona-Krise: Zeit f\u00fcr die \u201eNat\u00fcrliche \u00d6konomie des Lebens\u201c - Gradido","og_description":"Wirtschaftsbioniker setzen auf weltweite Gemeinwohlw\u00e4hrung K\u00fcnzelsau, 26. Mai 2020 \u2013 Die Corona-Krise hat unsere Welt binnen k\u00fcrzester Zeit grundlegend ver\u00e4ndert. Trotz billionenschwerer Hilfsprogramme befindet sich die Wirtschaft im freien Fall. Das weltweite Finanzsystem droht zu scheitern, gefolgt von Masseninsolvenzen, Rekordarbeitslosigkeit und bitterer Armut. Nur mit einem zukunftsf\u00e4higen neuen Geldsystem, bei dem die \u00f6konomischen, \u00f6kologischen und [&hellip;]","og_url":"https:\/\/gradido.net\/pl\/corona-krise-zeit-fuer-die-natuerliche-oekonomie-des-lebens\/","og_site_name":"Gradido","article_published_time":"2020-05-26T13:29:00+00:00","article_modified_time":"2021-12-10T12:08:25+00:00","og_image":[{"width":1000,"height":684,"url":"https:\/\/gradido.net\/wp-content\/uploads\/2020\/05\/gemeinwohlwaehrung.jpg","type":"image\/jpeg"}],"author":"GR4dmin","twitter_card":"summary_large_image","twitter_misc":{"Napisane przez":"GR4dmin","Szacowany czas czytania":"5 minut"},"schema":{"@context":"https:\/\/schema.org","@graph":[{"@type":"Article","@id":"https:\/\/gradido.net\/et\/corona-krise-zeit-fuer-die-natuerliche-oekonomie-des-lebens\/#article","isPartOf":{"@id":"https:\/\/gradido.net\/et\/corona-krise-zeit-fuer-die-natuerliche-oekonomie-des-lebens\/"},"author":{"name":"GR4dmin","@id":"https:\/\/gradido.net\/de\/#\/schema\/person\/9f913f37a47e7a82ad686b58fc907588"},"headline":"Corona-Krise: Zeit f\u00fcr die \u201eNat\u00fcrliche \u00d6konomie des Lebens\u201c","datePublished":"2020-05-26T13:29:00+00:00","dateModified":"2021-12-10T12:08:25+00:00","mainEntityOfPage":{"@id":"https:\/\/gradido.net\/et\/corona-krise-zeit-fuer-die-natuerliche-oekonomie-des-lebens\/"},"wordCount":983,"publisher":{"@id":"https:\/\/gradido.net\/de\/#organization"},"image":{"@id":"https:\/\/gradido.net\/et\/corona-krise-zeit-fuer-die-natuerliche-oekonomie-des-lebens\/#primaryimage"},"thumbnailUrl":"https:\/\/gradido.net\/wp-content\/uploads\/2020\/05\/gemeinwohlwaehrung.jpg","keywords":["Wirtschaftsbionik"],"articleSection":["Pressemitteilung"],"inLanguage":"pl-PL"},{"@type":"WebPage","@id":"https:\/\/gradido.net\/et\/corona-krise-zeit-fuer-die-natuerliche-oekonomie-des-lebens\/","url":"https:\/\/gradido.net\/et\/corona-krise-zeit-fuer-die-natuerliche-oekonomie-des-lebens\/","name":"Kryzys koronowy: czas na \"naturaln\u0105 ekonomi\u0119 \u017cycia\" - Gradido","isPartOf":{"@id":"https:\/\/gradido.net\/de\/#website"},"primaryImageOfPage":{"@id":"https:\/\/gradido.net\/et\/corona-krise-zeit-fuer-die-natuerliche-oekonomie-des-lebens\/#primaryimage"},"image":{"@id":"https:\/\/gradido.net\/et\/corona-krise-zeit-fuer-die-natuerliche-oekonomie-des-lebens\/#primaryimage"},"thumbnailUrl":"https:\/\/gradido.net\/wp-content\/uploads\/2020\/05\/gemeinwohlwaehrung.jpg","datePublished":"2020-05-26T13:29:00+00:00","dateModified":"2021-12-10T12:08:25+00:00","breadcrumb":{"@id":"https:\/\/gradido.net\/et\/corona-krise-zeit-fuer-die-natuerliche-oekonomie-des-lebens\/#breadcrumb"},"inLanguage":"pl-PL","potentialAction":[{"@type":"ReadAction","target":["https:\/\/gradido.net\/et\/corona-krise-zeit-fuer-die-natuerliche-oekonomie-des-lebens\/"]}]},{"@type":"ImageObject","inLanguage":"pl-PL","@id":"https:\/\/gradido.net\/et\/corona-krise-zeit-fuer-die-natuerliche-oekonomie-des-lebens\/#primaryimage","url":"https:\/\/gradido.net\/wp-content\/uploads\/2020\/05\/gemeinwohlwaehrung.jpg","contentUrl":"https:\/\/gradido.net\/wp-content\/uploads\/2020\/05\/gemeinwohlwaehrung.jpg","width":1000,"height":684},{"@type":"BreadcrumbList","@id":"https:\/\/gradido.net\/et\/corona-krise-zeit-fuer-die-natuerliche-oekonomie-des-lebens\/#breadcrumb","itemListElement":[{"@type":"ListItem","position":1,"name":"Startseite","item":"https:\/\/gradido.net\/"},{"@type":"ListItem","position":2,"name":"Corona-Krise: Zeit f\u00fcr die \u201eNat\u00fcrliche \u00d6konomie des Lebens\u201c"}]},{"@type":"WebSite","@id":"https:\/\/gradido.net\/de\/#website","url":"https:\/\/gradido.net\/de\/","name":"Gradido","description":"Now\u0105 walut\u0105 jest wdzi\u0119czno\u015b\u0107","publisher":{"@id":"https:\/\/gradido.net\/de\/#organization"},"potentialAction":[{"@type":"SearchAction","target":{"@type":"EntryPoint","urlTemplate":"https:\/\/gradido.net\/de\/?s={search_term_string}"},"query-input":{"@type":"PropertyValueSpecification","valueRequired":true,"valueName":"search_term_string"}}],"inLanguage":"pl-PL"},{"@type":"Organization","@id":"https:\/\/gradido.net\/de\/#organization","name":"Gradido","url":"https:\/\/gradido.net\/de\/","logo":{"@type":"ImageObject","inLanguage":"pl-PL","@id":"https:\/\/gradido.net\/de\/#\/schema\/logo\/image\/","url":"https:\/\/gradido.net\/wp-content\/uploads\/2022\/04\/gradido-social.jpg","contentUrl":"https:\/\/gradido.net\/wp-content\/uploads\/2022\/04\/gradido-social.jpg","width":527,"height":273,"caption":"Gradido"},"image":{"@id":"https:\/\/gradido.net\/de\/#\/schema\/logo\/image\/"}},{"@type":"Person","@id":"https:\/\/gradido.net\/de\/#\/schema\/person\/9f913f37a47e7a82ad686b58fc907588","name":"GR4dmin","sameAs":["https:\/\/gradido.net"],"url":"https:\/\/gradido.net\/pl\/author\/gr4dmin\/"}]}},"_links":{"self":[{"href":"https:\/\/gradido.net\/pl\/wp-json\/wp\/v2\/posts\/616","targetHints":{"allow":["GET"]}}],"collection":[{"href":"https:\/\/gradido.net\/pl\/wp-json\/wp\/v2\/posts"}],"about":[{"href":"https:\/\/gradido.net\/pl\/wp-json\/wp\/v2\/types\/post"}],"author":[{"embeddable":true,"href":"https:\/\/gradido.net\/pl\/wp-json\/wp\/v2\/users\/1"}],"replies":[{"embeddable":true,"href":"https:\/\/gradido.net\/pl\/wp-json\/wp\/v2\/comments?post=616"}],"version-history":[{"count":15,"href":"https:\/\/gradido.net\/pl\/wp-json\/wp\/v2\/posts\/616\/revisions"}],"predecessor-version":[{"id":3718,"href":"https:\/\/gradido.net\/pl\/wp-json\/wp\/v2\/posts\/616\/revisions\/3718"}],"wp:featuredmedia":[{"embeddable":true,"href":"https:\/\/gradido.net\/pl\/wp-json\/wp\/v2\/media\/858"}],"wp:attachment":[{"href":"https:\/\/gradido.net\/pl\/wp-json\/wp\/v2\/media?parent=616"}],"wp:term":[{"taxonomy":"category","embeddable":true,"href":"https:\/\/gradido.net\/pl\/wp-json\/wp\/v2\/categories?post=616"},{"taxonomy":"post_tag","embeddable":true,"href":"https:\/\/gradido.net\/pl\/wp-json\/wp\/v2\/tags?post=616"}],"curies":[{"name":"wp","href":"https:\/\/api.w.org\/{rel}","templated":true}]}}