{"id":7329,"date":"2023-08-24T12:24:50","date_gmt":"2023-08-24T10:24:50","guid":{"rendered":"https:\/\/gradido.net\/?p=7329"},"modified":"2026-04-23T07:12:33","modified_gmt":"2026-04-23T05:12:33","slug":"lieblingsstadt-6-wie-lieblingsstadts-buerger-ihre-geliebte-schuhmanufaktur-retten","status":"publish","type":"post","link":"https:\/\/gradido.net\/pl\/lieblingsstadt-6-wie-lieblingsstadts-buerger-ihre-geliebte-schuhmanufaktur-retten\/","title":{"rendered":"Favourite City 6 - Jak mieszka\u0144cy Favourite City uratowali swoj\u0105 ukochan\u0105 fabryk\u0119 but\u00f3w?"},"content":{"rendered":"<div data-elementor-type=\"wp-post\" data-elementor-id=\"7329\" class=\"elementor elementor-7329\" data-elementor-post-type=\"post\">\n\t\t\t\t\t\t<section class=\"elementor-section elementor-top-section elementor-element elementor-element-496e1d53 elementor-section-boxed elementor-section-height-default elementor-section-height-default\" data-id=\"496e1d53\" data-element_type=\"section\" data-e-type=\"section\">\n\t\t\t\t\t\t<div class=\"elementor-container elementor-column-gap-default\">\n\t\t\t\t\t<div class=\"elementor-column elementor-col-100 elementor-top-column elementor-element elementor-element-461d7be0\" data-id=\"461d7be0\" data-element_type=\"column\" data-e-type=\"column\">\n\t\t\t<div class=\"elementor-widget-wrap elementor-element-populated\">\n\t\t\t\t\t\t<div class=\"elementor-element elementor-element-cd9ebe2 elementor-widget elementor-widget-text-editor\" data-id=\"cd9ebe2\" data-element_type=\"widget\" data-e-type=\"widget\" data-widget_type=\"text-editor.default\">\n\t\t\t\t<div class=\"elementor-widget-container\">\n\t\t\t\t\t\t\t\t\t<p style=\"text-align: right;\"><em>\"Kiedy polityka i biznes nas zawodz\u0105, bierzemy los w swoje r\u0119ce i pokazujemy, co mo\u017ce zdzia\u0142a\u0107 wsp\u00f3\u0142praca po\u0142\u0105czona z doskona\u0142ym rzemios\u0142em\".<\/em><\/p><p>Drogi Czytelniku,<\/p><p>W malowniczym miasteczku Lieblingsstadt, znanym z wysokiej jako\u015bci produkcji obuwia, firma \"Lieblingsst\u00e4dter Schuhe\" zyska\u0142a mi\u0119dzynarodow\u0105 renom\u0119. Jednak, podobnie jak w przypadku wielu innych firm, mi\u0119dzynarodowa konkurencja by\u0142a zbyt silna i \"Lieblingsst\u00e4dter\" nie mog\u0142a nad\u0105\u017cy\u0107. Bankructwo firmy doprowadzi\u0142o do utraty pracy przez wielu mieszka\u0144c\u00f3w Lieblingsstadt.<\/p>\t\t\t\t\t\t\t\t<\/div>\n\t\t\t\t<\/div>\n\t\t\t\t<div class=\"elementor-element elementor-element-b482206 elementor-widget elementor-widget-image\" data-id=\"b482206\" data-element_type=\"widget\" data-e-type=\"widget\" data-widget_type=\"image.default\">\n\t\t\t\t<div class=\"elementor-widget-container\">\n\t\t\t\t\t\t\t\t\t\t\t\t\t\t\t<img fetchpriority=\"high\" decoding=\"async\" width=\"500\" height=\"312\" src=\"https:\/\/gradido.net\/wp-content\/uploads\/2023\/08\/Geschlossen_500.jpg\" class=\"attachment-full size-full wp-image-7333\" alt=\"\" srcset=\"https:\/\/gradido.net\/wp-content\/uploads\/2023\/08\/Geschlossen_500.jpg 500w, https:\/\/gradido.net\/wp-content\/uploads\/2023\/08\/Geschlossen_500-300x187.jpg 300w, https:\/\/gradido.net\/wp-content\/uploads\/2023\/08\/Geschlossen_500-18x12.jpg 18w\" sizes=\"(max-width: 500px) 100vw, 500px\" \/>\t\t\t\t\t\t\t\t\t\t\t\t\t\t\t<\/div>\n\t\t\t\t<\/div>\n\t\t\t\t<div class=\"elementor-element elementor-element-c5e61d4 elementor-widget elementor-widget-text-editor\" data-id=\"c5e61d4\" data-element_type=\"widget\" data-e-type=\"widget\" data-widget_type=\"text-editor.default\">\n\t\t\t\t<div class=\"elementor-widget-container\">\n\t\t\t\t\t\t\t\t\t<p>Strata ta by\u0142a powa\u017cnym ciosem dla miasta. Wp\u0142ywy z podatk\u00f3w od dzia\u0142alno\u015bci gospodarczej ogromnie spad\u0142y. Mia\u0142o to daleko id\u0105ce skutki dla \u017cycia publicznego i infrastruktury. By\u0142 to mroczny czas dla Lieblingsstadt.<\/p><p>Jednak w samym \u015brodku finansowej burzy pojawi\u0142 si\u0119 promyk nadziei. Grupa by\u0142ych pracownik\u00f3w Lieblingsst\u00e4dter zebra\u0142a si\u0119 razem - zdeterminowana, by przeciwstawi\u0107 si\u0119 losowi. Postanowili kontynuowa\u0107 wolontariat w tym, co robi\u0105 najlepiej: produkcji wysokiej jako\u015bci but\u00f3w.<\/p><p>Moment nie m\u00f3g\u0142 by\u0107 lepszy, poniewa\u017c na kr\u00f3tko przed bankructwem burmistrz Michael Miteinand wprowadzi\u0142 w Lieblingsstadt system wynagrodze\u0144 Gradido. Model ten wynagradza prac\u0119 wolontariuszy punktami Gradido, za kt\u00f3re zaanga\u017cowani pracownicy otrzymuj\u0105 zni\u017cki i korzy\u015bci. Punkty te pozwalaj\u0105 wolontariuszom obni\u017cy\u0107 koszty utrzymania, jednocze\u015bnie robi\u0105c to, co kochaj\u0105.<\/p><p><strong>W ten spos\u00f3b powa\u017cna pora\u017cka zamieni\u0142a si\u0119 w now\u0105 szans\u0119 dla Favourite City i jego mieszka\u0144c\u00f3w.<\/strong><\/p><p>Aby umie\u015bci\u0107 imponuj\u0105cy projekt dobrowolnej manufaktury obuwia na bezpiecznych podstawach prawnych, burmistrz Miteinand zwo\u0142a\u0142 zesp\u00f3\u0142 ekspert\u00f3w. Zaproszono prawnik\u00f3w, doradc\u00f3w podatkowych, kierownik\u00f3w projekt\u00f3w, ekspert\u00f3w ds. marketingu, dziennikarzy i przedstawicieli bank\u00f3w. W spotkaniu uczestniczy\u0142 r\u00f3wnie\u017c syndyk masy upad\u0142o\u015bciowej. Na miejsce spotkania wybrano Pizzeri\u0119 Napoli, miejsce, w kt\u00f3rym narodzi\u0142 si\u0119 pomys\u0142.<\/p>\t\t\t\t\t\t\t\t<\/div>\n\t\t\t\t<\/div>\n\t\t\t\t<div class=\"elementor-element elementor-element-f223bb6 elementor-widget elementor-widget-image\" data-id=\"f223bb6\" data-element_type=\"widget\" data-e-type=\"widget\" data-widget_type=\"image.default\">\n\t\t\t\t<div class=\"elementor-widget-container\">\n\t\t\t\t\t\t\t\t\t\t\t\t\t\t\t<img decoding=\"async\" width=\"500\" height=\"333\" src=\"https:\/\/gradido.net\/wp-content\/uploads\/2023\/08\/Expertenteam_500.jpg\" class=\"attachment-full size-full wp-image-7334\" alt=\"\" srcset=\"https:\/\/gradido.net\/wp-content\/uploads\/2023\/08\/Expertenteam_500.jpg 500w, https:\/\/gradido.net\/wp-content\/uploads\/2023\/08\/Expertenteam_500-300x200.jpg 300w, https:\/\/gradido.net\/wp-content\/uploads\/2023\/08\/Expertenteam_500-18x12.jpg 18w\" sizes=\"(max-width: 500px) 100vw, 500px\" \/>\t\t\t\t\t\t\t\t\t\t\t\t\t\t\t<\/div>\n\t\t\t\t<\/div>\n\t\t\t\t<div class=\"elementor-element elementor-element-0499f3c elementor-widget elementor-widget-text-editor\" data-id=\"0499f3c\" data-element_type=\"widget\" data-e-type=\"widget\" data-widget_type=\"text-editor.default\">\n\t\t\t\t<div class=\"elementor-widget-container\">\n\t\t\t\t\t\t\t\t\t<p>W trakcie intensywnych dyskusji uzgodniono nazw\u0119 marki \"Lieblingsst\u00e4dter Ehrenamt\". Om\u00f3wiono r\u00f3wnie\u017c odpowiedni\u0105 form\u0119 prawn\u0105. Wybrano stowarzyszenie, sp\u00f3\u0142dzielni\u0119 lub po\u0142\u0105czenie obu tych form.<\/p><p>Grupa ekspert\u00f3w uzgodni\u0142a z syndykiem masy upad\u0142o\u015bciowej nabycie cz\u0119\u015bci maszyn i pomieszcze\u0144 z masy upad\u0142o\u015bciowej za rozs\u0105dn\u0105 cen\u0119. Wszystkie zyski mia\u0142y by\u0107 przeznaczone na wolontariat i s\u0142u\u017cy\u0107 dobru wszystkich mieszka\u0144c\u00f3w Lieblingsstadt.<\/p><h3>I wtedy sta\u0142o si\u0119 co\u015b nie do pomy\u015blenia:\u00a0<\/h3><p>Projekt okaza\u0142 si\u0119 nie tylko sukcesem - to by\u0142 ogromny sukces! Marka \"Lieblingsst\u00e4dter Ehrenamt\" sta\u0142a si\u0119 znana i kochana na ca\u0142ym \u015bwiecie. Same buty sta\u0142y si\u0119 obiektem kultu w ca\u0142ym niemieckoj\u0119zycznym \u015bwiecie. Ich widok natychmiast kojarzy\u0142 si\u0119 z oddan\u0105 prac\u0105 wolontariack\u0105.<\/p>\t\t\t\t\t\t\t\t<\/div>\n\t\t\t\t<\/div>\n\t\t\t\t<div class=\"elementor-element elementor-element-392458a elementor-widget elementor-widget-image\" data-id=\"392458a\" data-element_type=\"widget\" data-e-type=\"widget\" data-widget_type=\"image.default\">\n\t\t\t\t<div class=\"elementor-widget-container\">\n\t\t\t\t\t\t\t\t\t\t\t\t\t\t\t<img decoding=\"async\" width=\"500\" height=\"260\" src=\"https:\/\/gradido.net\/wp-content\/uploads\/2023\/08\/Lampe_Rakete_500.jpg\" class=\"attachment-full size-full wp-image-7335\" alt=\"\" srcset=\"https:\/\/gradido.net\/wp-content\/uploads\/2023\/08\/Lampe_Rakete_500.jpg 500w, https:\/\/gradido.net\/wp-content\/uploads\/2023\/08\/Lampe_Rakete_500-300x156.jpg 300w, https:\/\/gradido.net\/wp-content\/uploads\/2023\/08\/Lampe_Rakete_500-18x9.jpg 18w\" sizes=\"(max-width: 500px) 100vw, 500px\" \/>\t\t\t\t\t\t\t\t\t\t\t\t\t\t\t<\/div>\n\t\t\t\t<\/div>\n\t\t\t\t<div class=\"elementor-element elementor-element-8fcbf61 elementor-widget elementor-widget-text-editor\" data-id=\"8fcbf61\" data-element_type=\"widget\" data-e-type=\"widget\" data-widget_type=\"text-editor.default\">\n\t\t\t\t<div class=\"elementor-widget-container\">\n\t\t\t\t\t\t\t\t\t<p>W czasach wielkich wyzwa\u0144, Ulubione Miasto, z systemem nagr\u00f3d Gradido i pomys\u0142owo\u015bci\u0105 swoich mieszka\u0144c\u00f3w, po raz kolejny udowadnia, \u017ce jest \u015bwietnym przyk\u0142adem tego, jak duch spo\u0142eczno\u015bci i innowacyjno\u015b\u0107 mog\u0105 pokona\u0107 nawet najwi\u0119ksze przeszkody.<\/p>\t\t\t\t\t\t\t\t<\/div>\n\t\t\t\t<\/div>\n\t\t\t\t<div class=\"elementor-element elementor-element-e858257 elementor-widget-divider--view-line elementor-widget elementor-widget-divider\" data-id=\"e858257\" data-element_type=\"widget\" data-e-type=\"widget\" data-widget_type=\"divider.default\">\n\t\t\t\t<div class=\"elementor-widget-container\">\n\t\t\t\t\t\t\t<div class=\"elementor-divider\">\n\t\t\t<span class=\"elementor-divider-separator\">\n\t\t\t\t\t\t<\/span>\n\t\t<\/div>\n\t\t\t\t\t\t<\/div>\n\t\t\t\t<\/div>\n\t\t\t\t<div class=\"elementor-element elementor-element-d74dfa0 elementor-widget elementor-widget-text-editor\" data-id=\"d74dfa0\" data-element_type=\"widget\" data-e-type=\"widget\" data-widget_type=\"text-editor.default\">\n\t\t\t\t<div class=\"elementor-widget-container\">\n\t\t\t\t\t\t\t\t\t<div data-pm-slice=\"1 1 []\" data-en-clipboard=\"true\"><p>W naszej serii <strong>\"Gradido w ulubionym mie\u015bcie\" <\/strong>Teraz staje si\u0119 r\u00f3wnie\u017c coraz bardziej konkretny pod wzgl\u0119dem ekonomicznym: W sz\u00f3stym odcinku ulubieni mieszka\u0144cy miasta ratuj\u0105 swoj\u0105 fabryk\u0119 obuwia za pomoc\u0105 honorowego systemu odszkodowa\u0144 \"Gradido\". W kolejnych dw\u00f3ch odcinkach uratowany zostanie browar i szpital. To powinno wyja\u015bni\u0107 zasad\u0119.<\/p><p><strong>Zach\u0119camy do przekazania tej serii radzie miasta, stowarzyszeniom i handlowcom!<\/strong><\/p><p>Od ka\u017cdego z nas zale\u017cy, czy podejmiemy dzia\u0142ania i pomo\u017cemy zatrzyma\u0107 t\u0119 spiral\u0119.\u00a0<\/p><p>Dzi\u0119ki Gradido mamy skuteczne narz\u0119dzie do pozytywnego kszta\u0142towania naszego \u017cycia i ratowania naszej gospodarki. Wsp\u00f3lnie przekszta\u0142camy nasze miasta i miasteczka w t\u0119tni\u0105ce \u017cyciem oazy - nasze ulubione miejsca!<\/p><p>Pozdrawiam<\/p><\/div><p>Tw\u00f3j<\/p><p><img loading=\"lazy\" decoding=\"async\" class=\"alignnone wp-image-4614 size-medium\" src=\"https:\/\/gradido.net\/wp-content\/uploads\/2022\/06\/MargretBernd_2022-300x74.png\" alt=\"\" width=\"300\" height=\"74\" srcset=\"https:\/\/gradido.net\/wp-content\/uploads\/2022\/06\/MargretBernd_2022-300x74.png 300w, https:\/\/gradido.net\/wp-content\/uploads\/2022\/06\/MargretBernd_2022-18x4.png 18w, https:\/\/gradido.net\/wp-content\/uploads\/2022\/06\/MargretBernd_2022.png 431w\" sizes=\"(max-width: 300px) 100vw, 300px\" \/><\/p><p>Margret Baier i Bernd H\u00fcckst\u00e4dt<br \/>Za\u0142o\u017cyciel i deweloper Gradido<\/p>\t\t\t\t\t\t\t\t<\/div>\n\t\t\t\t<\/div>\n\t\t\t\t\t<\/div>\n\t\t<\/div>\n\t\t\t\t\t<\/div>\n\t\t<\/section>\n\t\t\t\t<section class=\"elementor-section elementor-top-section elementor-element elementor-element-926a35c elementor-section-boxed elementor-section-height-default elementor-section-height-default\" data-id=\"926a35c\" data-element_type=\"section\" data-e-type=\"section\">\n\t\t\t\t\t\t<div class=\"elementor-container elementor-column-gap-default\">\n\t\t\t\t\t<div class=\"elementor-column elementor-col-100 elementor-top-column elementor-element elementor-element-e7d46ab\" data-id=\"e7d46ab\" data-element_type=\"column\" data-e-type=\"column\">\n\t\t\t<div class=\"elementor-widget-wrap elementor-element-populated\">\n\t\t\t\t\t\t<div class=\"elementor-element elementor-element-37c8707 elementor-position-inline-start white-links elementor-widget__width-initial elementor-view-default elementor-mobile-position-block-start elementor-widget elementor-widget-icon-box\" data-id=\"37c8707\" data-element_type=\"widget\" data-e-type=\"widget\" data-no-translation=\"\" data-widget_type=\"icon-box.default\">\n\t\t\t\t<div class=\"elementor-widget-container\">\n\t\t\t\t\t<style>.elementor-element-37c8707{display:none !important}<\/style>\t\t\t\t<\/div>\n\t\t\t\t<\/div>\n\t\t\t\t\t<\/div>\n\t\t<\/div>\n\t\t\t\t\t<\/div>\n\t\t<\/section>\n\t\t\t\t<section class=\"elementor-section elementor-top-section elementor-element elementor-element-14532fe elementor-section-boxed elementor-section-height-default elementor-section-height-default\" data-id=\"14532fe\" data-element_type=\"section\" data-e-type=\"section\">\n\t\t\t\t\t\t<div class=\"elementor-container elementor-column-gap-default\">\n\t\t\t\t\t<div class=\"elementor-column elementor-col-100 elementor-top-column elementor-element elementor-element-65d2298\" data-id=\"65d2298\" data-element_type=\"column\" data-e-type=\"column\">\n\t\t\t<div class=\"elementor-widget-wrap elementor-element-populated\">\n\t\t\t\t\t\t<div class=\"elementor-element elementor-element-83f01fa elementor-widget elementor-widget-global elementor-global-9341 elementor-widget-text-editor\" data-id=\"83f01fa\" data-element_type=\"widget\" data-e-type=\"widget\" data-widget_type=\"text-editor.default\">\n\t\t\t\t<div class=\"elementor-widget-container\">\n\t\t\t\t\t\t\t\t\t<p><strong>PS:\u00a0<span style=\"color: #ff6600;\"><a style=\"color: #ff6600;\" href=\"https:\/\/gradido.net\/pl\/donations\/\">Ze wzgl\u0119du na stale rosn\u0105ce znaczenie Gradido, powtarzamy nasz\u0105 kampani\u0119 wdzi\u0119czno\u015bci 26 czerwca 2026 roku:<\/a>\u00a0<\/span><span style=\"color: #0000ff;\"><a style=\"color: #0000ff;\" href=\"https:\/\/gradido.net\/pl\/donations\/\">Opr\u00f3cz wielokrotnego GradidoTransform za wk\u0142ad sponsorski, 26\/06\/2016 zwi\u0119kszymy salda wszystkich kont GDT o 26%. Zosta\u0144 sponsorem ju\u017c teraz i ciesz si\u0119 wielokrotno\u015bci\u0105 GDT!<\/a><\/span><\/strong><\/p>\t\t\t\t\t\t\t\t<\/div>\n\t\t\t\t<\/div>\n\t\t\t\t\t<\/div>\n\t\t<\/div>\n\t\t\t\t\t<\/div>\n\t\t<\/section>\n\t\t\t\t<\/div>","protected":false},"excerpt":{"rendered":"<p>Byli pracownicy Lieblingsst\u00e4dter Schuhmanufaktur spotykaj\u0105 si\u0119 - zdeterminowani, by przeciwstawi\u0107 si\u0119 losowi. Postanawiaj\u0105 dobrowolnie kontynuowa\u0107 to, co robi\u0105 najlepiej: produkcj\u0119 wysokiej jako\u015bci but\u00f3w.<\/p>","protected":false},"author":2,"featured_media":7332,"comment_status":"closed","ping_status":"closed","sticky":false,"template":"","format":"standard","meta":{"footnotes":""},"categories":[11,53],"tags":[22],"class_list":["post-7329","post","type-post","status-publish","format-standard","has-post-thumbnail","hentry","category-blog","category-lieblingsstadt","tag-bild-oben"],"yoast_head":"<!-- This site is optimized with the Yoast SEO plugin v27.5 - https:\/\/yoast.com\/product\/yoast-seo-wordpress\/ -->\n<title>Lieblingsstadt 6 \u2013 Wie Lieblingsstadts B\u00fcrger ihre geliebte Schuhmanufaktur retten - Gradido<\/title>\n<meta name=\"description\" content=\"Ehemaliger Mitarbeiter der Lieblingsst\u00e4dter Schuhmanufaktur treten zusammen \u2013 entschlossen, dem Schicksal zu trotzen. Sie beschlie\u00dfen, ehrenamtlich weiterzumachen mit dem, was sie am besten k\u00f6nnen: n\u00e4mlich hochwertige Schuhe herzustellen.\" \/>\n<meta name=\"robots\" content=\"index, follow, max-snippet:-1, max-image-preview:large, max-video-preview:-1\" \/>\n<link rel=\"canonical\" href=\"https:\/\/gradido.net\/pl\/lieblingsstadt-6-wie-lieblingsstadts-buerger-ihre-geliebte-schuhmanufaktur-retten\/\" \/>\n<meta property=\"og:locale\" content=\"pl_PL\" \/>\n<meta property=\"og:type\" content=\"article\" \/>\n<meta property=\"og:title\" content=\"Lieblingsstadt 6 \u2013 Wie Lieblingsstadts B\u00fcrger ihre geliebte Schuhmanufaktur retten - Gradido\" \/>\n<meta property=\"og:description\" content=\"Ehemaliger Mitarbeiter der Lieblingsst\u00e4dter Schuhmanufaktur treten zusammen \u2013 entschlossen, dem Schicksal zu trotzen. Sie beschlie\u00dfen, ehrenamtlich weiterzumachen mit dem, was sie am besten k\u00f6nnen: n\u00e4mlich hochwertige Schuhe herzustellen.\" \/>\n<meta property=\"og:url\" content=\"https:\/\/gradido.net\/pl\/lieblingsstadt-6-wie-lieblingsstadts-buerger-ihre-geliebte-schuhmanufaktur-retten\/\" \/>\n<meta property=\"og:site_name\" content=\"Gradido\" \/>\n<meta property=\"article:published_time\" content=\"2023-08-24T10:24:50+00:00\" \/>\n<meta property=\"article:modified_time\" content=\"2026-04-23T05:12:33+00:00\" \/>\n<meta property=\"og:image\" content=\"https:\/\/gradido.net\/wp-content\/uploads\/2023\/08\/Schuharbeiter_1920_2.jpg\" \/>\n\t<meta property=\"og:image:width\" content=\"1920\" \/>\n\t<meta property=\"og:image:height\" content=\"1200\" \/>\n\t<meta property=\"og:image:type\" content=\"image\/jpeg\" \/>\n<meta name=\"author\" content=\"Bernd H\u00fcckst\u00e4dt\" \/>\n<meta name=\"twitter:card\" content=\"summary_large_image\" \/>\n<meta name=\"twitter:label1\" content=\"Napisane przez\" \/>\n\t<meta name=\"twitter:data1\" content=\"Bernd H\u00fcckst\u00e4dt\" \/>\n\t<meta name=\"twitter:label2\" content=\"Szacowany czas czytania\" \/>\n\t<meta name=\"twitter:data2\" content=\"5 minut\" \/>\n<script type=\"application\/ld+json\" class=\"yoast-schema-graph\">{\"@context\":\"https:\\\/\\\/schema.org\",\"@graph\":[{\"@type\":\"Article\",\"@id\":\"https:\\\/\\\/gradido.net\\\/lieblingsstadt-6-wie-lieblingsstadts-buerger-ihre-geliebte-schuhmanufaktur-retten\\\/#article\",\"isPartOf\":{\"@id\":\"https:\\\/\\\/gradido.net\\\/lieblingsstadt-6-wie-lieblingsstadts-buerger-ihre-geliebte-schuhmanufaktur-retten\\\/\"},\"author\":{\"name\":\"Bernd H\u00fcckst\u00e4dt\",\"@id\":\"https:\\\/\\\/gradido.net\\\/de\\\/#\\\/schema\\\/person\\\/9c503a004ad15a1ddecadce2218db5d1\"},\"headline\":\"Lieblingsstadt 6 \u2013 Wie Lieblingsstadts B\u00fcrger ihre geliebte Schuhmanufaktur retten\",\"datePublished\":\"2023-08-24T10:24:50+00:00\",\"dateModified\":\"2026-04-23T05:12:33+00:00\",\"mainEntityOfPage\":{\"@id\":\"https:\\\/\\\/gradido.net\\\/lieblingsstadt-6-wie-lieblingsstadts-buerger-ihre-geliebte-schuhmanufaktur-retten\\\/\"},\"wordCount\":643,\"publisher\":{\"@id\":\"https:\\\/\\\/gradido.net\\\/de\\\/#organization\"},\"image\":{\"@id\":\"https:\\\/\\\/gradido.net\\\/lieblingsstadt-6-wie-lieblingsstadts-buerger-ihre-geliebte-schuhmanufaktur-retten\\\/#primaryimage\"},\"thumbnailUrl\":\"https:\\\/\\\/gradido.net\\\/wp-content\\\/uploads\\\/2023\\\/08\\\/Schuharbeiter_1920_2.jpg\",\"keywords\":[\"Bild oben\"],\"articleSection\":[\"Blog\",\"Lieblingsstadt\"],\"inLanguage\":\"pl-PL\"},{\"@type\":\"WebPage\",\"@id\":\"https:\\\/\\\/gradido.net\\\/lieblingsstadt-6-wie-lieblingsstadts-buerger-ihre-geliebte-schuhmanufaktur-retten\\\/\",\"url\":\"https:\\\/\\\/gradido.net\\\/lieblingsstadt-6-wie-lieblingsstadts-buerger-ihre-geliebte-schuhmanufaktur-retten\\\/\",\"name\":\"Lieblingsstadt 6 \u2013 Wie Lieblingsstadts B\u00fcrger ihre geliebte Schuhmanufaktur retten - Gradido\",\"isPartOf\":{\"@id\":\"https:\\\/\\\/gradido.net\\\/de\\\/#website\"},\"primaryImageOfPage\":{\"@id\":\"https:\\\/\\\/gradido.net\\\/lieblingsstadt-6-wie-lieblingsstadts-buerger-ihre-geliebte-schuhmanufaktur-retten\\\/#primaryimage\"},\"image\":{\"@id\":\"https:\\\/\\\/gradido.net\\\/lieblingsstadt-6-wie-lieblingsstadts-buerger-ihre-geliebte-schuhmanufaktur-retten\\\/#primaryimage\"},\"thumbnailUrl\":\"https:\\\/\\\/gradido.net\\\/wp-content\\\/uploads\\\/2023\\\/08\\\/Schuharbeiter_1920_2.jpg\",\"datePublished\":\"2023-08-24T10:24:50+00:00\",\"dateModified\":\"2026-04-23T05:12:33+00:00\",\"description\":\"Ehemaliger Mitarbeiter der Lieblingsst\u00e4dter Schuhmanufaktur treten zusammen \u2013 entschlossen, dem Schicksal zu trotzen. Sie beschlie\u00dfen, ehrenamtlich weiterzumachen mit dem, was sie am besten k\u00f6nnen: n\u00e4mlich hochwertige Schuhe herzustellen.\",\"breadcrumb\":{\"@id\":\"https:\\\/\\\/gradido.net\\\/lieblingsstadt-6-wie-lieblingsstadts-buerger-ihre-geliebte-schuhmanufaktur-retten\\\/#breadcrumb\"},\"inLanguage\":\"pl-PL\",\"potentialAction\":[{\"@type\":\"ReadAction\",\"target\":[\"https:\\\/\\\/gradido.net\\\/lieblingsstadt-6-wie-lieblingsstadts-buerger-ihre-geliebte-schuhmanufaktur-retten\\\/\"]}]},{\"@type\":\"ImageObject\",\"inLanguage\":\"pl-PL\",\"@id\":\"https:\\\/\\\/gradido.net\\\/lieblingsstadt-6-wie-lieblingsstadts-buerger-ihre-geliebte-schuhmanufaktur-retten\\\/#primaryimage\",\"url\":\"https:\\\/\\\/gradido.net\\\/wp-content\\\/uploads\\\/2023\\\/08\\\/Schuharbeiter_1920_2.jpg\",\"contentUrl\":\"https:\\\/\\\/gradido.net\\\/wp-content\\\/uploads\\\/2023\\\/08\\\/Schuharbeiter_1920_2.jpg\",\"width\":1920,\"height\":1200},{\"@type\":\"BreadcrumbList\",\"@id\":\"https:\\\/\\\/gradido.net\\\/lieblingsstadt-6-wie-lieblingsstadts-buerger-ihre-geliebte-schuhmanufaktur-retten\\\/#breadcrumb\",\"itemListElement\":[{\"@type\":\"ListItem\",\"position\":1,\"name\":\"Startseite\",\"item\":\"https:\\\/\\\/gradido.net\\\/\"},{\"@type\":\"ListItem\",\"position\":2,\"name\":\"Lieblingsstadt 6 \u2013 Wie Lieblingsstadts B\u00fcrger ihre geliebte Schuhmanufaktur retten\"}]},{\"@type\":\"WebSite\",\"@id\":\"https:\\\/\\\/gradido.net\\\/de\\\/#website\",\"url\":\"https:\\\/\\\/gradido.net\\\/de\\\/\",\"name\":\"Gradido\",\"description\":\"Die neue W\u00e4hrung hei\u00dft Dankbarkeit\",\"publisher\":{\"@id\":\"https:\\\/\\\/gradido.net\\\/de\\\/#organization\"},\"potentialAction\":[{\"@type\":\"SearchAction\",\"target\":{\"@type\":\"EntryPoint\",\"urlTemplate\":\"https:\\\/\\\/gradido.net\\\/de\\\/?s={search_term_string}\"},\"query-input\":{\"@type\":\"PropertyValueSpecification\",\"valueRequired\":true,\"valueName\":\"search_term_string\"}}],\"inLanguage\":\"pl-PL\"},{\"@type\":\"Organization\",\"@id\":\"https:\\\/\\\/gradido.net\\\/de\\\/#organization\",\"name\":\"Gradido\",\"url\":\"https:\\\/\\\/gradido.net\\\/de\\\/\",\"logo\":{\"@type\":\"ImageObject\",\"inLanguage\":\"pl-PL\",\"@id\":\"https:\\\/\\\/gradido.net\\\/de\\\/#\\\/schema\\\/logo\\\/image\\\/\",\"url\":\"https:\\\/\\\/gradido.net\\\/wp-content\\\/uploads\\\/2022\\\/04\\\/gradido-social.jpg\",\"contentUrl\":\"https:\\\/\\\/gradido.net\\\/wp-content\\\/uploads\\\/2022\\\/04\\\/gradido-social.jpg\",\"width\":527,\"height\":273,\"caption\":\"Gradido\"},\"image\":{\"@id\":\"https:\\\/\\\/gradido.net\\\/de\\\/#\\\/schema\\\/logo\\\/image\\\/\"}},{\"@type\":\"Person\",\"@id\":\"https:\\\/\\\/gradido.net\\\/de\\\/#\\\/schema\\\/person\\\/9c503a004ad15a1ddecadce2218db5d1\",\"name\":\"Bernd H\u00fcckst\u00e4dt\",\"sameAs\":[\"https:\\\/\\\/gradido.net\"],\"url\":\"https:\\\/\\\/gradido.net\\\/pl\\\/author\\\/bernd\\\/\"}]}<\/script>\n<!-- \/ Yoast SEO plugin. -->","yoast_head_json":{"title":"Favourite City 6 - Jak mieszka\u0144cy Favourite City uratowali swoj\u0105 ukochan\u0105 fabryk\u0119 obuwia - Gradido","description":"Byli pracownicy Lieblingsst\u00e4dter Schuhmanufaktur spotykaj\u0105 si\u0119 - zdeterminowani, by przeciwstawi\u0107 si\u0119 losowi. Postanawiaj\u0105 dobrowolnie kontynuowa\u0107 to, co robi\u0105 najlepiej: produkcj\u0119 wysokiej jako\u015bci but\u00f3w.","robots":{"index":"index","follow":"follow","max-snippet":"max-snippet:-1","max-image-preview":"max-image-preview:large","max-video-preview":"max-video-preview:-1"},"canonical":"https:\/\/gradido.net\/pl\/lieblingsstadt-6-wie-lieblingsstadts-buerger-ihre-geliebte-schuhmanufaktur-retten\/","og_locale":"pl_PL","og_type":"article","og_title":"Lieblingsstadt 6 \u2013 Wie Lieblingsstadts B\u00fcrger ihre geliebte Schuhmanufaktur retten - Gradido","og_description":"Ehemaliger Mitarbeiter der Lieblingsst\u00e4dter Schuhmanufaktur treten zusammen \u2013 entschlossen, dem Schicksal zu trotzen. Sie beschlie\u00dfen, ehrenamtlich weiterzumachen mit dem, was sie am besten k\u00f6nnen: n\u00e4mlich hochwertige Schuhe herzustellen.","og_url":"https:\/\/gradido.net\/pl\/lieblingsstadt-6-wie-lieblingsstadts-buerger-ihre-geliebte-schuhmanufaktur-retten\/","og_site_name":"Gradido","article_published_time":"2023-08-24T10:24:50+00:00","article_modified_time":"2026-04-23T05:12:33+00:00","og_image":[{"width":1920,"height":1200,"url":"https:\/\/gradido.net\/wp-content\/uploads\/2023\/08\/Schuharbeiter_1920_2.jpg","type":"image\/jpeg"}],"author":"Bernd H\u00fcckst\u00e4dt","twitter_card":"summary_large_image","twitter_misc":{"Napisane przez":"Bernd H\u00fcckst\u00e4dt","Szacowany czas czytania":"5 minut"},"schema":{"@context":"https:\/\/schema.org","@graph":[{"@type":"Article","@id":"https:\/\/gradido.net\/lieblingsstadt-6-wie-lieblingsstadts-buerger-ihre-geliebte-schuhmanufaktur-retten\/#article","isPartOf":{"@id":"https:\/\/gradido.net\/lieblingsstadt-6-wie-lieblingsstadts-buerger-ihre-geliebte-schuhmanufaktur-retten\/"},"author":{"name":"Bernd H\u00fcckst\u00e4dt","@id":"https:\/\/gradido.net\/de\/#\/schema\/person\/9c503a004ad15a1ddecadce2218db5d1"},"headline":"Lieblingsstadt 6 \u2013 Wie Lieblingsstadts B\u00fcrger ihre geliebte Schuhmanufaktur retten","datePublished":"2023-08-24T10:24:50+00:00","dateModified":"2026-04-23T05:12:33+00:00","mainEntityOfPage":{"@id":"https:\/\/gradido.net\/lieblingsstadt-6-wie-lieblingsstadts-buerger-ihre-geliebte-schuhmanufaktur-retten\/"},"wordCount":643,"publisher":{"@id":"https:\/\/gradido.net\/de\/#organization"},"image":{"@id":"https:\/\/gradido.net\/lieblingsstadt-6-wie-lieblingsstadts-buerger-ihre-geliebte-schuhmanufaktur-retten\/#primaryimage"},"thumbnailUrl":"https:\/\/gradido.net\/wp-content\/uploads\/2023\/08\/Schuharbeiter_1920_2.jpg","keywords":["Bild oben"],"articleSection":["Blog","Lieblingsstadt"],"inLanguage":"pl-PL"},{"@type":"WebPage","@id":"https:\/\/gradido.net\/lieblingsstadt-6-wie-lieblingsstadts-buerger-ihre-geliebte-schuhmanufaktur-retten\/","url":"https:\/\/gradido.net\/lieblingsstadt-6-wie-lieblingsstadts-buerger-ihre-geliebte-schuhmanufaktur-retten\/","name":"Favourite City 6 - Jak mieszka\u0144cy Favourite City uratowali swoj\u0105 ukochan\u0105 fabryk\u0119 obuwia - Gradido","isPartOf":{"@id":"https:\/\/gradido.net\/de\/#website"},"primaryImageOfPage":{"@id":"https:\/\/gradido.net\/lieblingsstadt-6-wie-lieblingsstadts-buerger-ihre-geliebte-schuhmanufaktur-retten\/#primaryimage"},"image":{"@id":"https:\/\/gradido.net\/lieblingsstadt-6-wie-lieblingsstadts-buerger-ihre-geliebte-schuhmanufaktur-retten\/#primaryimage"},"thumbnailUrl":"https:\/\/gradido.net\/wp-content\/uploads\/2023\/08\/Schuharbeiter_1920_2.jpg","datePublished":"2023-08-24T10:24:50+00:00","dateModified":"2026-04-23T05:12:33+00:00","description":"Byli pracownicy Lieblingsst\u00e4dter Schuhmanufaktur spotykaj\u0105 si\u0119 - zdeterminowani, by przeciwstawi\u0107 si\u0119 losowi. Postanawiaj\u0105 dobrowolnie kontynuowa\u0107 to, co robi\u0105 najlepiej: produkcj\u0119 wysokiej jako\u015bci but\u00f3w.","breadcrumb":{"@id":"https:\/\/gradido.net\/lieblingsstadt-6-wie-lieblingsstadts-buerger-ihre-geliebte-schuhmanufaktur-retten\/#breadcrumb"},"inLanguage":"pl-PL","potentialAction":[{"@type":"ReadAction","target":["https:\/\/gradido.net\/lieblingsstadt-6-wie-lieblingsstadts-buerger-ihre-geliebte-schuhmanufaktur-retten\/"]}]},{"@type":"ImageObject","inLanguage":"pl-PL","@id":"https:\/\/gradido.net\/lieblingsstadt-6-wie-lieblingsstadts-buerger-ihre-geliebte-schuhmanufaktur-retten\/#primaryimage","url":"https:\/\/gradido.net\/wp-content\/uploads\/2023\/08\/Schuharbeiter_1920_2.jpg","contentUrl":"https:\/\/gradido.net\/wp-content\/uploads\/2023\/08\/Schuharbeiter_1920_2.jpg","width":1920,"height":1200},{"@type":"BreadcrumbList","@id":"https:\/\/gradido.net\/lieblingsstadt-6-wie-lieblingsstadts-buerger-ihre-geliebte-schuhmanufaktur-retten\/#breadcrumb","itemListElement":[{"@type":"ListItem","position":1,"name":"Startseite","item":"https:\/\/gradido.net\/"},{"@type":"ListItem","position":2,"name":"Lieblingsstadt 6 \u2013 Wie Lieblingsstadts B\u00fcrger ihre geliebte Schuhmanufaktur retten"}]},{"@type":"WebSite","@id":"https:\/\/gradido.net\/de\/#website","url":"https:\/\/gradido.net\/de\/","name":"Gradido","description":"Now\u0105 walut\u0105 jest wdzi\u0119czno\u015b\u0107","publisher":{"@id":"https:\/\/gradido.net\/de\/#organization"},"potentialAction":[{"@type":"SearchAction","target":{"@type":"EntryPoint","urlTemplate":"https:\/\/gradido.net\/de\/?s={search_term_string}"},"query-input":{"@type":"PropertyValueSpecification","valueRequired":true,"valueName":"search_term_string"}}],"inLanguage":"pl-PL"},{"@type":"Organization","@id":"https:\/\/gradido.net\/de\/#organization","name":"Gradido","url":"https:\/\/gradido.net\/de\/","logo":{"@type":"ImageObject","inLanguage":"pl-PL","@id":"https:\/\/gradido.net\/de\/#\/schema\/logo\/image\/","url":"https:\/\/gradido.net\/wp-content\/uploads\/2022\/04\/gradido-social.jpg","contentUrl":"https:\/\/gradido.net\/wp-content\/uploads\/2022\/04\/gradido-social.jpg","width":527,"height":273,"caption":"Gradido"},"image":{"@id":"https:\/\/gradido.net\/de\/#\/schema\/logo\/image\/"}},{"@type":"Person","@id":"https:\/\/gradido.net\/de\/#\/schema\/person\/9c503a004ad15a1ddecadce2218db5d1","name":"Bernd H\u00fcckst\u00e4dt","sameAs":["https:\/\/gradido.net"],"url":"https:\/\/gradido.net\/pl\/author\/bernd\/"}]}},"_links":{"self":[{"href":"https:\/\/gradido.net\/pl\/wp-json\/wp\/v2\/posts\/7329","targetHints":{"allow":["GET"]}}],"collection":[{"href":"https:\/\/gradido.net\/pl\/wp-json\/wp\/v2\/posts"}],"about":[{"href":"https:\/\/gradido.net\/pl\/wp-json\/wp\/v2\/types\/post"}],"author":[{"embeddable":true,"href":"https:\/\/gradido.net\/pl\/wp-json\/wp\/v2\/users\/2"}],"replies":[{"embeddable":true,"href":"https:\/\/gradido.net\/pl\/wp-json\/wp\/v2\/comments?post=7329"}],"version-history":[{"count":35,"href":"https:\/\/gradido.net\/pl\/wp-json\/wp\/v2\/posts\/7329\/revisions"}],"predecessor-version":[{"id":13544,"href":"https:\/\/gradido.net\/pl\/wp-json\/wp\/v2\/posts\/7329\/revisions\/13544"}],"wp:featuredmedia":[{"embeddable":true,"href":"https:\/\/gradido.net\/pl\/wp-json\/wp\/v2\/media\/7332"}],"wp:attachment":[{"href":"https:\/\/gradido.net\/pl\/wp-json\/wp\/v2\/media?parent=7329"}],"wp:term":[{"taxonomy":"category","embeddable":true,"href":"https:\/\/gradido.net\/pl\/wp-json\/wp\/v2\/categories?post=7329"},{"taxonomy":"post_tag","embeddable":true,"href":"https:\/\/gradido.net\/pl\/wp-json\/wp\/v2\/tags?post=7329"}],"curies":[{"name":"wp","href":"https:\/\/api.w.org\/{rel}","templated":true}]}}