{"id":7720,"date":"2023-09-27T15:32:45","date_gmt":"2023-09-27T13:32:45","guid":{"rendered":"https:\/\/gradido.net\/?p=7720"},"modified":"2026-04-23T07:11:58","modified_gmt":"2026-04-23T05:11:58","slug":"lieblingsstadt-14-trotz-lehrermangel-schueler-werden-zu-genies","status":"publish","type":"post","link":"https:\/\/gradido.net\/pl\/lieblingsstadt-14-trotz-lehrermangel-schueler-werden-zu-genies\/","title":{"rendered":"Ulubione miasto 14 - Pomimo braku nauczycieli: uczniowie staj\u0105 si\u0119 geniuszami"},"content":{"rendered":"<div data-elementor-type=\"wp-post\" data-elementor-id=\"7720\" class=\"elementor elementor-7720\" data-elementor-post-type=\"post\">\n\t\t\t\t\t\t<section class=\"elementor-section elementor-top-section elementor-element elementor-element-496e1d53 elementor-section-boxed elementor-section-height-default elementor-section-height-default\" data-id=\"496e1d53\" data-element_type=\"section\" data-e-type=\"section\">\n\t\t\t\t\t\t<div class=\"elementor-container elementor-column-gap-default\">\n\t\t\t\t\t<div class=\"elementor-column elementor-col-100 elementor-top-column elementor-element elementor-element-461d7be0\" data-id=\"461d7be0\" data-element_type=\"column\" data-e-type=\"column\">\n\t\t\t<div class=\"elementor-widget-wrap elementor-element-populated\">\n\t\t\t\t\t\t<div class=\"elementor-element elementor-element-cd9ebe2 elementor-widget elementor-widget-text-editor\" data-id=\"cd9ebe2\" data-element_type=\"widget\" data-e-type=\"widget\" data-widget_type=\"text-editor.default\">\n\t\t\t\t<div class=\"elementor-widget-container\">\n\t\t\t\t\t\t\t\t\t<p style=\"text-align: right;\"><em>\"Je\u015bli zastosujemy ten system nauczania w naszych szko\u0142ach, Favourite City przejdzie do historii. Poniewa\u017c to, co mo\u017cemy zrobi\u0107, mog\u0105 zrobi\u0107 wszyscy ludzie. Dorasta nowe pokolenie geniuszy, zdolnych do wsp\u00f3lnego rozwi\u0105zywania wielkich problem\u00f3w tego \u015bwiata!\"<\/em><\/p><p>Drogi Czytelniku,<\/p><p>W Niemczech brakuje nauczycieli. Wed\u0142ug badania PISA jedna czwarta uczni\u00f3w nie potrafi poprawnie czyta\u0107, pisa\u0107 i liczy\u0107. Jest to r\u00f3wnie\u017c zauwa\u017calne w Lieblingsstadt. Dla Michaela Miteinanda, zaanga\u017cowanego burmistrza miasta, jest to niedopuszczalny stan rzeczy.<\/p><p>Wraz z Sibylle Lernfroh, dyrektork\u0105 szko\u0142y og\u00f3lnokszta\u0142c\u0105cej, zwo\u0142uje zesp\u00f3\u0142 ekspert\u00f3w na spotkanie kryzysowe. Zaproszeni s\u0105 r\u00f3wnie\u017c przedsi\u0119biorcy, zaanga\u017cowani rodzice i przedstawiciele stowarzyszenia edukacyjnego Lieblingsstadt. Michael chce uczyni\u0107 z Lieblingsstadt sztandarowy przyk\u0142ad doskona\u0142ej edukacji.<\/p><p>Kerstin Frank, matka tr\u00f3jki dzieci i przewodnicz\u0105ca stowarzyszenia edukacyjnego, zabiera g\u0142os. M\u00f3wi, \u017ce stowarzyszenie chce za\u0142o\u017cy\u0107 bezp\u0142atn\u0105 szko\u0142\u0119. Tam dzieci mia\u0142yby by\u0107 przygotowywane do \u017cycia w spos\u00f3b przyjazny dla m\u00f3zgu i przyjemny. Jednak przeszkody biurokratyczne zwi\u0105zane z za\u0142o\u017ceniem szko\u0142y s\u0105 bardzo wysokie.<\/p><p>\"Co powinno by\u0107 zrobione inaczej ni\u017c w naszych szko\u0142ach?\" Michael chce wiedzie\u0107.<\/p><h2>Najlepsze na \u015bwiecie metody nauki po\u0142\u0105czone w jeden system<\/h2><p>Kerstin donosi o innym stowarzyszeniu edukacyjnym, kt\u00f3rego za\u0142o\u017cyciel zebra\u0142 najlepsze na \u015bwiecie techniki uczenia si\u0119 i uczy ich uczni\u00f3w z wielkim sukcesem.\u00a0<\/p><p>Sprawdzone techniki memo dla nazwisk, historii i j\u0119zyk\u00f3w obcych, matematyki, wyci\u0105gania korzeni w g\u0142owie, opanowania pami\u0119ci liczbowej i wielu innych - po\u0142\u0105czone w system nauki, dzi\u0119ki kt\u00f3remu uczniowie i doro\u015bli mog\u0105 przyswoi\u0107 niemal ka\u017cd\u0105 wiedz\u0119 w mo\u017cliwie najkr\u00f3tszym czasie.\u00a0<\/p><p>Podczas setek prezentacji dla tysi\u0119cy uczni\u00f3w, nauczycieli i rodzic\u00f3w wielokrotnie wykazano, \u017ce ka\u017cde dziecko mo\u017ce nauczy\u0107 si\u0119 normalnego materia\u0142u szkolnego w ci\u0105gu jednej godziny dziennie w zabawny i przyjemny spos\u00f3b.<\/p><p><strong>Stowarzyszenie udost\u0119pnia ju\u017c bezp\u0142atnie setki film\u00f3w edukacyjnych na r\u00f3\u017cne tematy. Filmy dowiod\u0142y swojej warto\u015bci podczas lockdown\u00f3w. S\u0105 one stale uzupe\u0142niane, dzi\u0119ki czemu filmy s\u0105 obecnie dost\u0119pne dla praktycznie wszystkich przedmiot\u00f3w szkolnych.<\/strong><\/p><p>Stowarzyszenie stale otrzymuje listy z podzi\u0119kowaniami od uczni\u00f3w, kt\u00f3rzy pisz\u0105 w nast\u0119puj\u0105cy spos\u00f3b: <strong>\"Kiedy\u015b my\u015bla\u0142em, \u017ce jestem idiot\u0105. Teraz wiem, \u017ce jestem geniuszem!\"<\/strong><\/p><p>W krajach niemieckoj\u0119zycznych powstaj\u0105 liczne inicjatywy, kt\u00f3re chc\u0105 zak\u0142ada\u0107 bezp\u0142atne szko\u0142y zgodnie z tym systemem. G\u0142\u00f3wn\u0105 trudno\u015bci\u0105 s\u0105 jednak wymogi prawne. Kiedy projekty szkolne ko\u0144cz\u0105 si\u0119 niepowodzeniem, nie dzieje si\u0119 tak z powodu wyzwa\u0144 szkolnych, ale z powodu problem\u00f3w prawnych.<\/p><p>\"Czy te metody naprawd\u0119 dzia\u0142aj\u0105 tak dobrze?\" - pyta Sibylle.<\/p><h2>Wypr\u00f3bowany i przetestowany tysi\u0105ce razy - dzia\u0142a dla ka\u017cdego<\/h2><p>\"Tak, zdecydowanie ze wszystkimi uczniami. Ta koncepcja zosta\u0142a wypr\u00f3bowana i przetestowana tysi\u0105ce razy. Niekt\u00f3rzy uczniowie mog\u0105 potrzebowa\u0107 p\u00f3\u0142 godziny wi\u0119cej, ale nie powinno to stanowi\u0107 problemu\" - wyja\u015bnia Kerstin.<\/p><p>\"A gdyby\u015bmy zastosowali ten system nauczania w naszych szko\u0142ach?\" - chce wiedzie\u0107 Michael - \"wtedy nie musia\u0142by\u015b zak\u0142ada\u0107 w\u0142asnej szko\u0142y, a wszyscy twoi ulubieni uczniowie z miasta staliby si\u0119 geniuszami?\".<\/p>\t\t\t\t\t\t\t\t<\/div>\n\t\t\t\t<\/div>\n\t\t\t\t<div class=\"elementor-element elementor-element-b482206 elementor-widget elementor-widget-image\" data-id=\"b482206\" data-element_type=\"widget\" data-e-type=\"widget\" data-widget_type=\"image.default\">\n\t\t\t\t<div class=\"elementor-widget-container\">\n\t\t\t\t\t\t\t\t\t\t\t\t\t\t\t<img fetchpriority=\"high\" decoding=\"async\" width=\"500\" height=\"312\" src=\"https:\/\/gradido.net\/wp-content\/uploads\/2023\/09\/Erde_500.jpg\" class=\"attachment-full size-full wp-image-7729\" alt=\"\" srcset=\"https:\/\/gradido.net\/wp-content\/uploads\/2023\/09\/Erde_500.jpg 500w, https:\/\/gradido.net\/wp-content\/uploads\/2023\/09\/Erde_500-300x187.jpg 300w, https:\/\/gradido.net\/wp-content\/uploads\/2023\/09\/Erde_500-18x12.jpg 18w\" sizes=\"(max-width: 500px) 100vw, 500px\" \/>\t\t\t\t\t\t\t\t\t\t\t\t\t\t\t<\/div>\n\t\t\t\t<\/div>\n\t\t\t\t<div class=\"elementor-element elementor-element-c5e61d4 elementor-widget elementor-widget-text-editor\" data-id=\"c5e61d4\" data-element_type=\"widget\" data-e-type=\"widget\" data-widget_type=\"text-editor.default\">\n\t\t\t\t<div class=\"elementor-widget-container\">\n\t\t\t\t\t\t\t\t\t<p>my\u015bli Kerstin: <br \/><strong>\"Je\u015bli zastosujemy ten system nauczania w naszych szko\u0142ach, Favourite City przejdzie do historii. Poniewa\u017c to, co mo\u017cemy zrobi\u0107, mog\u0105 zrobi\u0107 wszyscy ludzie. Dorasta nowe pokolenie geniuszy, zdolnych do wsp\u00f3lnego rozwi\u0105zywania wielkich problem\u00f3w tego \u015bwiata!\"<\/strong><\/p><p>Nagle zrobi\u0142o si\u0119 cicho - mo\u017cna by\u0142o us\u0142ysze\u0107 spadaj\u0105c\u0105 szpilk\u0119.<\/p><p>Po chwili Siegbert, skarbnik miasta, przerywa cisz\u0119:<br \/>\"Je\u015bli to naprawd\u0119 dzia\u0142a i uczniowie musz\u0105 uczy\u0107 si\u0119 tylko przez godzin\u0119 dziennie, to co robi\u0105 przez reszt\u0119 dnia? W ko\u0144cu mamy obowi\u0105zek nadzorowania\".<\/p><p>\"Poniewa\u017c uczniowie uko\u0144czyli ju\u017c sw\u00f3j obowi\u0105zkowy program podczas jednej lekcji, sami decyduj\u0105, czego chc\u0105 si\u0119 dodatkowo uczy\u0107 przez ca\u0142e \u017cycie\" - odpowiada Kerstin. \"To mo\u017ce by\u0107 bardzo r\u00f3\u017cne dla ka\u017cdej osoby.<\/p>\t\t\t\t\t\t\t\t<\/div>\n\t\t\t\t<\/div>\n\t\t\t\t<div class=\"elementor-element elementor-element-0370142 elementor-widget elementor-widget-image\" data-id=\"0370142\" data-element_type=\"widget\" data-e-type=\"widget\" data-widget_type=\"image.default\">\n\t\t\t\t<div class=\"elementor-widget-container\">\n\t\t\t\t\t\t\t\t\t\t\t\t\t\t\t<img decoding=\"async\" width=\"500\" height=\"312\" src=\"https:\/\/gradido.net\/wp-content\/uploads\/2023\/09\/Schulgarten_500.jpg\" class=\"attachment-full size-full wp-image-7733\" alt=\"\" srcset=\"https:\/\/gradido.net\/wp-content\/uploads\/2023\/09\/Schulgarten_500.jpg 500w, https:\/\/gradido.net\/wp-content\/uploads\/2023\/09\/Schulgarten_500-300x187.jpg 300w, https:\/\/gradido.net\/wp-content\/uploads\/2023\/09\/Schulgarten_500-18x12.jpg 18w\" sizes=\"(max-width: 500px) 100vw, 500px\" \/>\t\t\t\t\t\t\t\t\t\t\t\t\t\t\t<\/div>\n\t\t\t\t<\/div>\n\t\t\t\t<div class=\"elementor-element elementor-element-72613e6 elementor-widget elementor-widget-text-editor\" data-id=\"72613e6\" data-element_type=\"widget\" data-e-type=\"widget\" data-widget_type=\"text-editor.default\">\n\t\t\t\t<div class=\"elementor-widget-container\">\n\t\t\t\t\t\t\t\t\t<p>Niekt\u00f3rzy uczniowie naucz\u0105 si\u0119, jak uprawia\u0107 \u017cywno\u015b\u0107, aby zdrowo od\u017cywia\u0107 siebie i innych w Gospodarstwie Solidarno\u015bci...<\/p><p>...inni po prostu w\u0105chaj\u0105 w piekarni lub warsztacie samochodowym...<\/p>\t\t\t\t\t\t\t\t<\/div>\n\t\t\t\t<\/div>\n\t\t\t\t<div class=\"elementor-element elementor-element-1abcc0e elementor-widget elementor-widget-image\" data-id=\"1abcc0e\" data-element_type=\"widget\" data-e-type=\"widget\" data-widget_type=\"image.default\">\n\t\t\t\t<div class=\"elementor-widget-container\">\n\t\t\t\t\t\t\t\t\t\t\t\t\t\t\t<img decoding=\"async\" width=\"500\" height=\"312\" src=\"https:\/\/gradido.net\/wp-content\/uploads\/2023\/09\/Ma\u0308dchen_Werkstatt_500.jpg\" class=\"attachment-full size-full wp-image-7734\" alt=\"\" srcset=\"https:\/\/gradido.net\/wp-content\/uploads\/2023\/09\/Ma\u0308dchen_Werkstatt_500.jpg 500w, https:\/\/gradido.net\/wp-content\/uploads\/2023\/09\/Ma\u0308dchen_Werkstatt_500-300x187.jpg 300w, https:\/\/gradido.net\/wp-content\/uploads\/2023\/09\/Ma\u0308dchen_Werkstatt_500-18x12.jpg 18w\" sizes=\"(max-width: 500px) 100vw, 500px\" \/>\t\t\t\t\t\t\t\t\t\t\t\t\t\t\t<\/div>\n\t\t\t\t<\/div>\n\t\t\t\t<div class=\"elementor-element elementor-element-1e0b13e elementor-widget elementor-widget-text-editor\" data-id=\"1e0b13e\" data-element_type=\"widget\" data-e-type=\"widget\" data-widget_type=\"text-editor.default\">\n\t\t\t\t<div class=\"elementor-widget-container\">\n\t\t\t\t\t\t\t\t\t<p>W zale\u017cno\u015bci od wieku i zainteresowa\u0144 s\u0105 oni zapraszani na sta\u017ce w naszych firmach, aby pozna\u0107 r\u00f3\u017cnorodne zawody\".<\/p>\t\t\t\t\t\t\t\t<\/div>\n\t\t\t\t<\/div>\n\t\t\t\t<div class=\"elementor-element elementor-element-c660b78 elementor-widget elementor-widget-image\" data-id=\"c660b78\" data-element_type=\"widget\" data-e-type=\"widget\" data-widget_type=\"image.default\">\n\t\t\t\t<div class=\"elementor-widget-container\">\n\t\t\t\t\t\t\t\t\t\t\t\t\t\t\t<img loading=\"lazy\" decoding=\"async\" width=\"500\" height=\"312\" src=\"https:\/\/gradido.net\/wp-content\/uploads\/2023\/09\/Ma\u0308dchen_Maurer_500.jpg\" class=\"attachment-full size-full wp-image-7741\" alt=\"\" srcset=\"https:\/\/gradido.net\/wp-content\/uploads\/2023\/09\/Ma\u0308dchen_Maurer_500.jpg 500w, https:\/\/gradido.net\/wp-content\/uploads\/2023\/09\/Ma\u0308dchen_Maurer_500-300x187.jpg 300w, https:\/\/gradido.net\/wp-content\/uploads\/2023\/09\/Ma\u0308dchen_Maurer_500-18x12.jpg 18w\" sizes=\"(max-width: 500px) 100vw, 500px\" \/>\t\t\t\t\t\t\t\t\t\t\t\t\t\t\t<\/div>\n\t\t\t\t<\/div>\n\t\t\t\t<div class=\"elementor-element elementor-element-5b36741 elementor-widget elementor-widget-text-editor\" data-id=\"5b36741\" data-element_type=\"widget\" data-e-type=\"widget\" data-widget_type=\"text-editor.default\">\n\t\t\t\t<div class=\"elementor-widget-container\">\n\t\t\t\t\t\t\t\t\t<p>\"Je\u015bli chcesz, mo\u017cesz nauczy\u0107 si\u0119 u nas jednego lub kilku zawod\u00f3w\" - m\u00f3wi Robert, przedsi\u0119biorca budowlany.<\/p>\t\t\t\t\t\t\t\t<\/div>\n\t\t\t\t<\/div>\n\t\t\t\t<div class=\"elementor-element elementor-element-dcfb713 elementor-widget elementor-widget-image\" data-id=\"dcfb713\" data-element_type=\"widget\" data-e-type=\"widget\" data-widget_type=\"image.default\">\n\t\t\t\t<div class=\"elementor-widget-container\">\n\t\t\t\t\t\t\t\t\t\t\t\t\t\t\t<img loading=\"lazy\" decoding=\"async\" width=\"500\" height=\"312\" src=\"https:\/\/gradido.net\/wp-content\/uploads\/2023\/09\/Tonstudio_500.jpg\" class=\"attachment-full size-full wp-image-7742\" alt=\"\" srcset=\"https:\/\/gradido.net\/wp-content\/uploads\/2023\/09\/Tonstudio_500.jpg 500w, https:\/\/gradido.net\/wp-content\/uploads\/2023\/09\/Tonstudio_500-300x187.jpg 300w, https:\/\/gradido.net\/wp-content\/uploads\/2023\/09\/Tonstudio_500-18x12.jpg 18w\" sizes=\"(max-width: 500px) 100vw, 500px\" \/>\t\t\t\t\t\t\t\t\t\t\t\t\t\t\t<\/div>\n\t\t\t\t<\/div>\n\t\t\t\t<div class=\"elementor-element elementor-element-e572983 elementor-widget elementor-widget-text-editor\" data-id=\"e572983\" data-element_type=\"widget\" data-e-type=\"widget\" data-widget_type=\"text-editor.default\">\n\t\t\t\t<div class=\"elementor-widget-container\">\n\t\t\t\t\t\t\t\t\t<p>\"Sztuka, kultura i sport r\u00f3wnie\u017c mog\u0105 fascynowa\u0107\", m\u00f3wi z zachwytem Simon, dyrektor kulturalny Lieblingsstadt, \"Malarstwo, rze\u017aba, muzyka, teatr, kino, performance... to inspiruje wielu m\u0142odych ludzi, nie wspominaj\u0105c o wspania\u0142ej ofercie sportowej w naszym mie\u015bcie\".<\/p><p>\"W ten spos\u00f3b m\u0142odzi ludzie aktywnie kszta\u0142tuj\u0105 swoje \"ulubione miasto\", w kt\u00f3rym p\u00f3\u017aniej z przyjemno\u015bci\u0105 b\u0119d\u0105 mieszka\u0107 jako doro\u015bli!\" - zachwyca si\u0119 Michael.<\/p><p>\"Czy potrzebujemy do tego dodatkowych nauczycieli?\" - pyta Siegbert.<\/p><p>\"Wielu cz\u0142onk\u00f3w stowarzyszenia edukacyjnego zg\u0142osi\u0142o si\u0119 na ochotnika jako przewodnicy edukacyjni. Uczenie si\u0119 od siebie nawzajem r\u00f3wnie\u017c okaza\u0142o si\u0119 bardzo skuteczne, co oznacza, \u017ce uczniowie ucz\u0105 siebie nawzajem\", wyja\u015bnia Kerstin, \"wi\u0119c nie potrzebujemy wi\u0119cej nauczycieli - wr\u0119cz przeciwnie: nauczyciele s\u0105 odci\u0105\u017ceni. Mog\u0105 znacznie lepiej po\u015bwi\u0119ci\u0107 si\u0119 poszczeg\u00f3lnym uczniom\".<\/p><p>\"W firmach m\u0142odzi ludzie s\u0105 r\u00f3wnie\u017c nadzorowani\", m\u00f3wi Robert, \"Im bardziej ufasz m\u0142odym ludziom, tym bardziej staj\u0105 si\u0119 odpowiedzialni. Takie jest moje do\u015bwiadczenie.<\/p><h2>Najlepszym sposobem na nauk\u0119 s\u0105 projekty<\/h2><p>Siegbert czyta\u0142 w swoich zapisach: \"Nauczycieli szczeg\u00f3lnie cz\u0119sto brakuje w tak zwanych przedmiotach MINT, tj. matematyce, informatyce, naukach przyrodniczych i technologii\".<\/p><p>\"Tych temat\u00f3w najlepiej uczy\u0107 si\u0119 w projektach\". Roman, w\u0142a\u015bciciel LieblingsTEC, lokalnej firmy technologicznej, wie o czym m\u00f3wi. Jest za\u0142o\u017cycielem stowarzyszenia KidsTEC e.V., w kt\u00f3rym uzdolnione technicznie dzieci i m\u0142odzie\u017c \u0142\u0105cz\u0105 si\u0119 w zwinne zespo\u0142y i opracowuj\u0105 niekonwencjonalne rozwi\u0105zania dla szerokiej gamy problem\u00f3w. Zdobyli ju\u017c kilka nagr\u00f3d w \"Jugend Forscht\" i podobnych konkursach.\u00a0<\/p><p>\"M\u0142odzi ludzie zawsze nas zadziwiaj\u0105\" - dodaje Roman - \"w wi\u0119kszo\u015bci przypadk\u00f3w to my uczymy si\u0119 od nich, a nie odwrotnie. My, doro\u015bli, tak naprawd\u0119 musimy tylko stworzy\u0107 warunki ramowe, a dzieci wymy\u015blaj\u0105 rozwi\u0105zania, na kt\u00f3re w \u017cyciu by\u015bmy nie wpadli\".<\/p>\t\t\t\t\t\t\t\t<\/div>\n\t\t\t\t<\/div>\n\t\t\t\t<div class=\"elementor-element elementor-element-043c552 elementor-widget elementor-widget-image\" data-id=\"043c552\" data-element_type=\"widget\" data-e-type=\"widget\" data-widget_type=\"image.default\">\n\t\t\t\t<div class=\"elementor-widget-container\">\n\t\t\t\t\t\t\t\t\t\t\t\t\t\t\t<img loading=\"lazy\" decoding=\"async\" width=\"500\" height=\"312\" src=\"https:\/\/gradido.net\/wp-content\/uploads\/2023\/09\/Ma\u0308dchen_Robotic_500.jpg\" class=\"attachment-full size-full wp-image-7743\" alt=\"\" srcset=\"https:\/\/gradido.net\/wp-content\/uploads\/2023\/09\/Ma\u0308dchen_Robotic_500.jpg 500w, https:\/\/gradido.net\/wp-content\/uploads\/2023\/09\/Ma\u0308dchen_Robotic_500-300x187.jpg 300w, https:\/\/gradido.net\/wp-content\/uploads\/2023\/09\/Ma\u0308dchen_Robotic_500-18x12.jpg 18w\" sizes=\"(max-width: 500px) 100vw, 500px\" \/>\t\t\t\t\t\t\t\t\t\t\t\t\t\t\t<\/div>\n\t\t\t\t<\/div>\n\t\t\t\t<div class=\"elementor-element elementor-element-364b916 elementor-widget elementor-widget-text-editor\" data-id=\"364b916\" data-element_type=\"widget\" data-e-type=\"widget\" data-widget_type=\"text-editor.default\">\n\t\t\t\t<div class=\"elementor-widget-container\">\n\t\t\t\t\t\t\t\t\t<p>Roman sugeruje, aby wsp\u00f3lnie z nauczycielami STEM, KidsTEC i uczniami opracowa\u0107 ekscytuj\u0105ce projekty. Podczas realizacji projekt\u00f3w materia\u0142y dydaktyczne pojawiaj\u0105 si\u0119 niemal na marginesie.\u00a0<\/p><p>\"Matematyka i nauki \u015bcis\u0142e s\u0105 \u0142atwe, gdy mo\u017cna dzi\u0119ki nim spe\u0142ni\u0107 swoje \u017cyczenia. Wtedy synapsy w m\u00f3zgu strzelaj\u0105 i uczysz si\u0119 w rekordowym tempie. Do\u015bwiadczamy tego ka\u017cdego dnia w KidsTEC. Najlepsze pomys\u0142y pochodz\u0105 od dzieci!\"<\/p>\t\t\t\t\t\t\t\t<\/div>\n\t\t\t\t<\/div>\n\t\t\t\t<div class=\"elementor-element elementor-element-68f51e6 elementor-widget elementor-widget-image\" data-id=\"68f51e6\" data-element_type=\"widget\" data-e-type=\"widget\" data-widget_type=\"image.default\">\n\t\t\t\t<div class=\"elementor-widget-container\">\n\t\t\t\t\t\t\t\t\t\t\t\t\t\t\t<img loading=\"lazy\" decoding=\"async\" width=\"500\" height=\"312\" src=\"https:\/\/gradido.net\/wp-content\/uploads\/2023\/09\/Junge_Labor_500.jpg\" class=\"attachment-large size-large wp-image-7744\" alt=\"\" srcset=\"https:\/\/gradido.net\/wp-content\/uploads\/2023\/09\/Junge_Labor_500.jpg 500w, https:\/\/gradido.net\/wp-content\/uploads\/2023\/09\/Junge_Labor_500-300x187.jpg 300w, https:\/\/gradido.net\/wp-content\/uploads\/2023\/09\/Junge_Labor_500-18x12.jpg 18w\" sizes=\"(max-width: 500px) 100vw, 500px\" \/>\t\t\t\t\t\t\t\t\t\t\t\t\t\t\t<\/div>\n\t\t\t\t<\/div>\n\t\t\t\t<div class=\"elementor-element elementor-element-97205b6 elementor-widget elementor-widget-text-editor\" data-id=\"97205b6\" data-element_type=\"widget\" data-e-type=\"widget\" data-widget_type=\"text-editor.default\">\n\t\t\t\t<div class=\"elementor-widget-container\">\n\t\t\t\t\t\t\t\t\t<p>Teraz do pokoju wkracza \u017cycie. Wydaje si\u0119, \u017ce wszyscy ze sob\u0105 rozmawiaj\u0105, a pomys\u0142y same si\u0119 rodz\u0105...<\/p><p>\"Moi drodzy przyjaciele\", Michael zabiera g\u0142os, \"To fantastyczne - to b\u0119dzie kolejny kamie\u0144 milowy w naszej wspania\u0142ej wsp\u00f3\u0142pracy!\".\u00a0<\/p><p>Po kr\u00f3tkiej przerwie na zastanowienie kontynuuje:\u00a0<br \/>\"I znowu, mamy du\u017co wolontariatu, stowarzyszenie edukacyjne, KidsTEC i oczywi\u015bcie student\u00f3w, kt\u00f3rzy przyczyniaj\u0105 si\u0119 do r\u00f3\u017cnych projekt\u00f3w, a tym samym tworz\u0105 ogromn\u0105 warto\u015b\u0107 dodan\u0105 - dla siebie, dla spo\u0142eczno\u015bci i dla szerszego obrazu. Zgodnie z modelem Gradido, ca\u0142a praca wolontariuszy jest wynagradzana w wysoko\u015bci 20 Gradido za godzin\u0119 - obecnie nadal maksymalnie do 1000 Gradido na g\u0142ow\u0119 miesi\u0119cznie, ale rozwijamy si\u0119 dalej r\u00f3wnie\u017c w tym zakresie\".<\/p>\t\t\t\t\t\t\t\t<\/div>\n\t\t\t\t<\/div>\n\t\t\t\t<div class=\"elementor-element elementor-element-e858257 elementor-widget-divider--view-line elementor-widget elementor-widget-divider\" data-id=\"e858257\" data-element_type=\"widget\" data-e-type=\"widget\" data-widget_type=\"divider.default\">\n\t\t\t\t<div class=\"elementor-widget-container\">\n\t\t\t\t\t\t\t<div class=\"elementor-divider\">\n\t\t\t<span class=\"elementor-divider-separator\">\n\t\t\t\t\t\t<\/span>\n\t\t<\/div>\n\t\t\t\t\t\t<\/div>\n\t\t\t\t<\/div>\n\t\t\t\t<div class=\"elementor-element elementor-element-d74dfa0 elementor-widget elementor-widget-text-editor\" data-id=\"d74dfa0\" data-element_type=\"widget\" data-e-type=\"widget\" data-widget_type=\"text-editor.default\">\n\t\t\t\t<div class=\"elementor-widget-container\">\n\t\t\t\t\t\t\t\t\t<div data-pm-slice=\"1 1 []\" data-en-clipboard=\"true\"><p>The <strong>\u015awietna wsp\u00f3\u0142praca<\/strong> nabiera nieoczekiwanego wymiaru. W 14. odcinku popularnego serialu <strong>\"Gradido w ulubionym mie\u015bcie\" <\/strong>Mieszka\u0144cy Lieblingsstadt dos\u0142ownie ratuj\u0105 \u015bwiat - a raczej zapewniaj\u0105, \u017ce dorasta pokolenie geniuszy, kt\u00f3rzy b\u0119d\u0105 w stanie rozwi\u0105za\u0107 wielkie problemy \u015bwiata.<\/p><p>Zosta\u0142o definitywnie udowodnione, \u017ce wsp\u00f3\u0142praca jest znacznie lepsza ni\u017c konkurencja. Poniewa\u017c to, co mog\u0105 zrobi\u0107 nasi ulubieni mieszka\u0144cy miast, mog\u0105 zrobi\u0107 wszyscy ludzie na \u015bwiecie. I dobrze, bo tylko razem mo\u017cemy rozwi\u0105za\u0107 problemy ludzko\u015bci.<\/p><p>Ten projekt edukacyjny jest r\u00f3wnie\u017c prowadzony w du\u017cej mierze na zasadzie wolontariatu. Z pomoc\u0105 systemu wynagradzania wolontariuszy \"Gradido\", praca wolontariuszy jest wynagradzana 20 Gradido za godzin\u0119.<\/p><p>Gradidos oferuje szereg korzy\u015bci i zni\u017cek, kt\u00f3re mo\u017cna wykorzysta\u0107 w lokalnych firmach. Ponadto istnieje o\u017cywiona wymiana mi\u0119dzy obywatelami. Zmniejsza to koszty dla wszystkich zaanga\u017cowanych stron, a wielkie projekty staj\u0105 si\u0119 wykonalne. Sytuacja korzystna dla wszystkich!<\/p><p><strong>Zach\u0119camy do przekazania tej serii radzie miasta, stowarzyszeniom i firmom!<\/strong><\/p><p>Z Gradido i Wielk\u0105 Wsp\u00f3\u0142prac\u0105 generujemy <strong>Spirale w g\u00f3r\u0119<\/strong> aby pozytywnie kszta\u0142towa\u0107 przysz\u0142o\u015b\u0107 w zr\u00f3wnowa\u017cony spos\u00f3b. Wsp\u00f3lnie przekszta\u0142camy nasze miasta w t\u0119tni\u0105ce \u017cyciem oazy - nasze ulubione miejsca!<\/p><p>Pozdrawiam<\/p><\/div><p>Tw\u00f3j<\/p><p><img loading=\"lazy\" decoding=\"async\" class=\"alignnone wp-image-4614 size-medium\" src=\"https:\/\/gradido.net\/wp-content\/uploads\/2022\/06\/MargretBernd_2022-300x74.png\" alt=\"\" width=\"300\" height=\"74\" srcset=\"https:\/\/gradido.net\/wp-content\/uploads\/2022\/06\/MargretBernd_2022-300x74.png 300w, https:\/\/gradido.net\/wp-content\/uploads\/2022\/06\/MargretBernd_2022-18x4.png 18w, https:\/\/gradido.net\/wp-content\/uploads\/2022\/06\/MargretBernd_2022.png 431w\" sizes=\"(max-width: 300px) 100vw, 300px\" \/><\/p><p>Margret Baier i Bernd H\u00fcckst\u00e4dt<br \/>Za\u0142o\u017cyciel i deweloper Gradido<\/p>\t\t\t\t\t\t\t\t<\/div>\n\t\t\t\t<\/div>\n\t\t\t\t\t<\/div>\n\t\t<\/div>\n\t\t\t\t\t<\/div>\n\t\t<\/section>\n\t\t\t\t<section class=\"elementor-section elementor-top-section elementor-element elementor-element-bc5544d elementor-section-boxed elementor-section-height-default elementor-section-height-default\" data-id=\"bc5544d\" data-element_type=\"section\" data-e-type=\"section\">\n\t\t\t\t\t\t<div class=\"elementor-container elementor-column-gap-default\">\n\t\t\t\t\t<div class=\"elementor-column elementor-col-100 elementor-top-column elementor-element elementor-element-0c243ab\" data-id=\"0c243ab\" data-element_type=\"column\" data-e-type=\"column\">\n\t\t\t<div class=\"elementor-widget-wrap elementor-element-populated\">\n\t\t\t\t\t\t<div class=\"elementor-element elementor-element-847da1e elementor-position-inline-start white-links elementor-widget__width-initial elementor-view-default elementor-mobile-position-block-start elementor-widget elementor-widget-icon-box\" data-id=\"847da1e\" data-element_type=\"widget\" data-e-type=\"widget\" data-no-translation=\"\" data-widget_type=\"icon-box.default\">\n\t\t\t\t<div class=\"elementor-widget-container\">\n\t\t\t\t\t<style>.elementor-element-847da1e{display:none !important}<\/style>\t\t\t\t<\/div>\n\t\t\t\t<\/div>\n\t\t\t\t\t<\/div>\n\t\t<\/div>\n\t\t\t\t\t<\/div>\n\t\t<\/section>\n\t\t\t\t<section class=\"elementor-section elementor-top-section elementor-element elementor-element-14532fe elementor-section-boxed elementor-section-height-default elementor-section-height-default\" data-id=\"14532fe\" data-element_type=\"section\" data-e-type=\"section\">\n\t\t\t\t\t\t<div class=\"elementor-container elementor-column-gap-default\">\n\t\t\t\t\t<div class=\"elementor-column elementor-col-100 elementor-top-column elementor-element elementor-element-65d2298\" data-id=\"65d2298\" data-element_type=\"column\" data-e-type=\"column\">\n\t\t\t<div class=\"elementor-widget-wrap elementor-element-populated\">\n\t\t\t\t\t\t<div class=\"elementor-element elementor-element-42be1cc elementor-widget elementor-widget-global elementor-global-9341 elementor-widget-text-editor\" data-id=\"42be1cc\" data-element_type=\"widget\" data-e-type=\"widget\" data-widget_type=\"text-editor.default\">\n\t\t\t\t<div class=\"elementor-widget-container\">\n\t\t\t\t\t\t\t\t\t<p><strong>PS:\u00a0<span style=\"color: #ff6600;\"><a style=\"color: #ff6600;\" href=\"https:\/\/gradido.net\/pl\/donations\/\">Ze wzgl\u0119du na stale rosn\u0105ce znaczenie Gradido, powtarzamy nasz\u0105 kampani\u0119 wdzi\u0119czno\u015bci 26 czerwca 2026 roku:<\/a>\u00a0<\/span><span style=\"color: #0000ff;\"><a style=\"color: #0000ff;\" href=\"https:\/\/gradido.net\/pl\/donations\/\">Opr\u00f3cz wielokrotnego GradidoTransform za wk\u0142ad sponsorski, 26\/06\/2016 zwi\u0119kszymy salda wszystkich kont GDT o 26%. Zosta\u0144 sponsorem ju\u017c teraz i ciesz si\u0119 wielokrotno\u015bci\u0105 GDT!<\/a><\/span><\/strong><\/p>\t\t\t\t\t\t\t\t<\/div>\n\t\t\t\t<\/div>\n\t\t\t\t\t<\/div>\n\t\t<\/div>\n\t\t\t\t\t<\/div>\n\t\t<\/section>\n\t\t\t\t<\/div>","protected":false},"excerpt":{"rendered":"<p>W Niemczech brakuje nauczycieli. Wed\u0142ug badania PISA jedna czwarta uczni\u00f3w nie potrafi poprawnie czyta\u0107, pisa\u0107 i liczy\u0107. Jest to r\u00f3wnie\u017c zauwa\u017calne w Lieblingsstadt. Dla Michaela Miteinanda, zaanga\u017cowanego burmistrza miasta, jest to niedopuszczalny stan rzeczy. Ulubieni mieszka\u0144cy miasta znajduj\u0105 rozwi\u0105zanie.<\/p>","protected":false},"author":2,"featured_media":7721,"comment_status":"closed","ping_status":"closed","sticky":false,"template":"","format":"standard","meta":{"footnotes":""},"categories":[11,53],"tags":[],"class_list":["post-7720","post","type-post","status-publish","format-standard","has-post-thumbnail","hentry","category-blog","category-lieblingsstadt"],"yoast_head":"<!-- This site is optimized with the Yoast SEO plugin v27.5 - https:\/\/yoast.com\/product\/yoast-seo-wordpress\/ -->\n<title>Lieblingsstadt 14 \u2013 Trotz Lehrkr\u00e4ftemangel: Sch\u00fcler werden zu Genies - Gradido<\/title>\n<meta name=\"description\" content=\"In Deutschland herrscht Lehrkr\u00e4ftemangel. Laut PISA-Studie\u00a0 k\u00f6nnen ein Viertel der Sch\u00fcler nicht richtig lesen, schreiben und rechnen. Auch in Lieblingsstadt ist das sp\u00fcrbar. F\u00fcr Michael Miteinand, den engagierten B\u00fcrgermeister der Stadt, ein untragbarer Zustand. Die Lieblingsst\u00e4dter finden die L\u00f6sung.\" \/>\n<meta name=\"robots\" content=\"index, follow, max-snippet:-1, max-image-preview:large, max-video-preview:-1\" \/>\n<link rel=\"canonical\" href=\"https:\/\/gradido.net\/pl\/lieblingsstadt-14-trotz-lehrermangel-schueler-werden-zu-genies\/\" \/>\n<meta property=\"og:locale\" content=\"pl_PL\" \/>\n<meta property=\"og:type\" content=\"article\" \/>\n<meta property=\"og:title\" content=\"Lieblingsstadt 14 \u2013 Trotz Lehrkr\u00e4ftemangel: Sch\u00fcler werden zu Genies - Gradido\" \/>\n<meta property=\"og:description\" content=\"In Deutschland herrscht Lehrkr\u00e4ftemangel. Laut PISA-Studie\u00a0 k\u00f6nnen ein Viertel der Sch\u00fcler nicht richtig lesen, schreiben und rechnen. Auch in Lieblingsstadt ist das sp\u00fcrbar. F\u00fcr Michael Miteinand, den engagierten B\u00fcrgermeister der Stadt, ein untragbarer Zustand. Die Lieblingsst\u00e4dter finden die L\u00f6sung.\" \/>\n<meta property=\"og:url\" content=\"https:\/\/gradido.net\/pl\/lieblingsstadt-14-trotz-lehrermangel-schueler-werden-zu-genies\/\" \/>\n<meta property=\"og:site_name\" content=\"Gradido\" \/>\n<meta property=\"article:published_time\" content=\"2023-09-27T13:32:45+00:00\" \/>\n<meta property=\"article:modified_time\" content=\"2026-04-23T05:11:58+00:00\" \/>\n<meta property=\"og:image\" content=\"https:\/\/gradido.net\/wp-content\/uploads\/2023\/09\/Genie_1920.jpg\" \/>\n\t<meta property=\"og:image:width\" content=\"1920\" \/>\n\t<meta property=\"og:image:height\" content=\"1200\" \/>\n\t<meta property=\"og:image:type\" content=\"image\/jpeg\" \/>\n<meta name=\"author\" content=\"Bernd H\u00fcckst\u00e4dt\" \/>\n<meta name=\"twitter:card\" content=\"summary_large_image\" \/>\n<meta name=\"twitter:label1\" content=\"Napisane przez\" \/>\n\t<meta name=\"twitter:data1\" content=\"Bernd H\u00fcckst\u00e4dt\" \/>\n\t<meta name=\"twitter:label2\" content=\"Szacowany czas czytania\" \/>\n\t<meta name=\"twitter:data2\" content=\"10 minut\" \/>\n<script type=\"application\/ld+json\" class=\"yoast-schema-graph\">{\"@context\":\"https:\\\/\\\/schema.org\",\"@graph\":[{\"@type\":\"Article\",\"@id\":\"https:\\\/\\\/gradido.net\\\/lieblingsstadt-14-trotz-lehrermangel-schueler-werden-zu-genies\\\/#article\",\"isPartOf\":{\"@id\":\"https:\\\/\\\/gradido.net\\\/lieblingsstadt-14-trotz-lehrermangel-schueler-werden-zu-genies\\\/\"},\"author\":{\"name\":\"Bernd H\u00fcckst\u00e4dt\",\"@id\":\"https:\\\/\\\/gradido.net\\\/de\\\/#\\\/schema\\\/person\\\/9c503a004ad15a1ddecadce2218db5d1\"},\"headline\":\"Lieblingsstadt 14 \u2013 Trotz Lehrkr\u00e4ftemangel: Sch\u00fcler werden zu Genies\",\"datePublished\":\"2023-09-27T13:32:45+00:00\",\"dateModified\":\"2026-04-23T05:11:58+00:00\",\"mainEntityOfPage\":{\"@id\":\"https:\\\/\\\/gradido.net\\\/lieblingsstadt-14-trotz-lehrermangel-schueler-werden-zu-genies\\\/\"},\"wordCount\":1483,\"publisher\":{\"@id\":\"https:\\\/\\\/gradido.net\\\/de\\\/#organization\"},\"image\":{\"@id\":\"https:\\\/\\\/gradido.net\\\/lieblingsstadt-14-trotz-lehrermangel-schueler-werden-zu-genies\\\/#primaryimage\"},\"thumbnailUrl\":\"https:\\\/\\\/gradido.net\\\/wp-content\\\/uploads\\\/2023\\\/09\\\/Genie_1920.jpg\",\"articleSection\":[\"Blog\",\"Lieblingsstadt\"],\"inLanguage\":\"pl-PL\"},{\"@type\":\"WebPage\",\"@id\":\"https:\\\/\\\/gradido.net\\\/lieblingsstadt-14-trotz-lehrermangel-schueler-werden-zu-genies\\\/\",\"url\":\"https:\\\/\\\/gradido.net\\\/lieblingsstadt-14-trotz-lehrermangel-schueler-werden-zu-genies\\\/\",\"name\":\"Lieblingsstadt 14 \u2013 Trotz Lehrkr\u00e4ftemangel: Sch\u00fcler werden zu Genies - Gradido\",\"isPartOf\":{\"@id\":\"https:\\\/\\\/gradido.net\\\/de\\\/#website\"},\"primaryImageOfPage\":{\"@id\":\"https:\\\/\\\/gradido.net\\\/lieblingsstadt-14-trotz-lehrermangel-schueler-werden-zu-genies\\\/#primaryimage\"},\"image\":{\"@id\":\"https:\\\/\\\/gradido.net\\\/lieblingsstadt-14-trotz-lehrermangel-schueler-werden-zu-genies\\\/#primaryimage\"},\"thumbnailUrl\":\"https:\\\/\\\/gradido.net\\\/wp-content\\\/uploads\\\/2023\\\/09\\\/Genie_1920.jpg\",\"datePublished\":\"2023-09-27T13:32:45+00:00\",\"dateModified\":\"2026-04-23T05:11:58+00:00\",\"description\":\"In Deutschland herrscht Lehrkr\u00e4ftemangel. Laut PISA-Studie\u00a0 k\u00f6nnen ein Viertel der Sch\u00fcler nicht richtig lesen, schreiben und rechnen. Auch in Lieblingsstadt ist das sp\u00fcrbar. F\u00fcr Michael Miteinand, den engagierten B\u00fcrgermeister der Stadt, ein untragbarer Zustand. Die Lieblingsst\u00e4dter finden die L\u00f6sung.\",\"breadcrumb\":{\"@id\":\"https:\\\/\\\/gradido.net\\\/lieblingsstadt-14-trotz-lehrermangel-schueler-werden-zu-genies\\\/#breadcrumb\"},\"inLanguage\":\"pl-PL\",\"potentialAction\":[{\"@type\":\"ReadAction\",\"target\":[\"https:\\\/\\\/gradido.net\\\/lieblingsstadt-14-trotz-lehrermangel-schueler-werden-zu-genies\\\/\"]}]},{\"@type\":\"ImageObject\",\"inLanguage\":\"pl-PL\",\"@id\":\"https:\\\/\\\/gradido.net\\\/lieblingsstadt-14-trotz-lehrermangel-schueler-werden-zu-genies\\\/#primaryimage\",\"url\":\"https:\\\/\\\/gradido.net\\\/wp-content\\\/uploads\\\/2023\\\/09\\\/Genie_1920.jpg\",\"contentUrl\":\"https:\\\/\\\/gradido.net\\\/wp-content\\\/uploads\\\/2023\\\/09\\\/Genie_1920.jpg\",\"width\":1920,\"height\":1200},{\"@type\":\"BreadcrumbList\",\"@id\":\"https:\\\/\\\/gradido.net\\\/lieblingsstadt-14-trotz-lehrermangel-schueler-werden-zu-genies\\\/#breadcrumb\",\"itemListElement\":[{\"@type\":\"ListItem\",\"position\":1,\"name\":\"Startseite\",\"item\":\"https:\\\/\\\/gradido.net\\\/\"},{\"@type\":\"ListItem\",\"position\":2,\"name\":\"Lieblingsstadt 14 \u2013 Trotz Lehrkr\u00e4ftemangel: Sch\u00fcler werden zu Genies\"}]},{\"@type\":\"WebSite\",\"@id\":\"https:\\\/\\\/gradido.net\\\/de\\\/#website\",\"url\":\"https:\\\/\\\/gradido.net\\\/de\\\/\",\"name\":\"Gradido\",\"description\":\"Die neue W\u00e4hrung hei\u00dft Dankbarkeit\",\"publisher\":{\"@id\":\"https:\\\/\\\/gradido.net\\\/de\\\/#organization\"},\"potentialAction\":[{\"@type\":\"SearchAction\",\"target\":{\"@type\":\"EntryPoint\",\"urlTemplate\":\"https:\\\/\\\/gradido.net\\\/de\\\/?s={search_term_string}\"},\"query-input\":{\"@type\":\"PropertyValueSpecification\",\"valueRequired\":true,\"valueName\":\"search_term_string\"}}],\"inLanguage\":\"pl-PL\"},{\"@type\":\"Organization\",\"@id\":\"https:\\\/\\\/gradido.net\\\/de\\\/#organization\",\"name\":\"Gradido\",\"url\":\"https:\\\/\\\/gradido.net\\\/de\\\/\",\"logo\":{\"@type\":\"ImageObject\",\"inLanguage\":\"pl-PL\",\"@id\":\"https:\\\/\\\/gradido.net\\\/de\\\/#\\\/schema\\\/logo\\\/image\\\/\",\"url\":\"https:\\\/\\\/gradido.net\\\/wp-content\\\/uploads\\\/2022\\\/04\\\/gradido-social.jpg\",\"contentUrl\":\"https:\\\/\\\/gradido.net\\\/wp-content\\\/uploads\\\/2022\\\/04\\\/gradido-social.jpg\",\"width\":527,\"height\":273,\"caption\":\"Gradido\"},\"image\":{\"@id\":\"https:\\\/\\\/gradido.net\\\/de\\\/#\\\/schema\\\/logo\\\/image\\\/\"}},{\"@type\":\"Person\",\"@id\":\"https:\\\/\\\/gradido.net\\\/de\\\/#\\\/schema\\\/person\\\/9c503a004ad15a1ddecadce2218db5d1\",\"name\":\"Bernd H\u00fcckst\u00e4dt\",\"sameAs\":[\"https:\\\/\\\/gradido.net\"],\"url\":\"https:\\\/\\\/gradido.net\\\/pl\\\/author\\\/bernd\\\/\"}]}<\/script>\n<!-- \/ Yoast SEO plugin. -->","yoast_head_json":{"title":"Ulubione miasto 14 - Pomimo braku nauczycieli: uczniowie staj\u0105 si\u0119 geniuszami - Gradido","description":"W Niemczech brakuje nauczycieli. Wed\u0142ug badania PISA jedna czwarta uczni\u00f3w nie potrafi poprawnie czyta\u0107, pisa\u0107 i liczy\u0107. Jest to r\u00f3wnie\u017c zauwa\u017calne w Lieblingsstadt. Dla Michaela Miteinanda, zaanga\u017cowanego burmistrza miasta, jest to niedopuszczalny stan rzeczy. Ulubieni mieszka\u0144cy miasta znajduj\u0105 rozwi\u0105zanie.","robots":{"index":"index","follow":"follow","max-snippet":"max-snippet:-1","max-image-preview":"max-image-preview:large","max-video-preview":"max-video-preview:-1"},"canonical":"https:\/\/gradido.net\/pl\/lieblingsstadt-14-trotz-lehrermangel-schueler-werden-zu-genies\/","og_locale":"pl_PL","og_type":"article","og_title":"Lieblingsstadt 14 \u2013 Trotz Lehrkr\u00e4ftemangel: Sch\u00fcler werden zu Genies - Gradido","og_description":"In Deutschland herrscht Lehrkr\u00e4ftemangel. Laut PISA-Studie\u00a0 k\u00f6nnen ein Viertel der Sch\u00fcler nicht richtig lesen, schreiben und rechnen. Auch in Lieblingsstadt ist das sp\u00fcrbar. F\u00fcr Michael Miteinand, den engagierten B\u00fcrgermeister der Stadt, ein untragbarer Zustand. Die Lieblingsst\u00e4dter finden die L\u00f6sung.","og_url":"https:\/\/gradido.net\/pl\/lieblingsstadt-14-trotz-lehrermangel-schueler-werden-zu-genies\/","og_site_name":"Gradido","article_published_time":"2023-09-27T13:32:45+00:00","article_modified_time":"2026-04-23T05:11:58+00:00","og_image":[{"width":1920,"height":1200,"url":"https:\/\/gradido.net\/wp-content\/uploads\/2023\/09\/Genie_1920.jpg","type":"image\/jpeg"}],"author":"Bernd H\u00fcckst\u00e4dt","twitter_card":"summary_large_image","twitter_misc":{"Napisane przez":"Bernd H\u00fcckst\u00e4dt","Szacowany czas czytania":"10 minut"},"schema":{"@context":"https:\/\/schema.org","@graph":[{"@type":"Article","@id":"https:\/\/gradido.net\/lieblingsstadt-14-trotz-lehrermangel-schueler-werden-zu-genies\/#article","isPartOf":{"@id":"https:\/\/gradido.net\/lieblingsstadt-14-trotz-lehrermangel-schueler-werden-zu-genies\/"},"author":{"name":"Bernd H\u00fcckst\u00e4dt","@id":"https:\/\/gradido.net\/de\/#\/schema\/person\/9c503a004ad15a1ddecadce2218db5d1"},"headline":"Lieblingsstadt 14 \u2013 Trotz Lehrkr\u00e4ftemangel: Sch\u00fcler werden zu Genies","datePublished":"2023-09-27T13:32:45+00:00","dateModified":"2026-04-23T05:11:58+00:00","mainEntityOfPage":{"@id":"https:\/\/gradido.net\/lieblingsstadt-14-trotz-lehrermangel-schueler-werden-zu-genies\/"},"wordCount":1483,"publisher":{"@id":"https:\/\/gradido.net\/de\/#organization"},"image":{"@id":"https:\/\/gradido.net\/lieblingsstadt-14-trotz-lehrermangel-schueler-werden-zu-genies\/#primaryimage"},"thumbnailUrl":"https:\/\/gradido.net\/wp-content\/uploads\/2023\/09\/Genie_1920.jpg","articleSection":["Blog","Lieblingsstadt"],"inLanguage":"pl-PL"},{"@type":"WebPage","@id":"https:\/\/gradido.net\/lieblingsstadt-14-trotz-lehrermangel-schueler-werden-zu-genies\/","url":"https:\/\/gradido.net\/lieblingsstadt-14-trotz-lehrermangel-schueler-werden-zu-genies\/","name":"Ulubione miasto 14 - Pomimo braku nauczycieli: uczniowie staj\u0105 si\u0119 geniuszami - Gradido","isPartOf":{"@id":"https:\/\/gradido.net\/de\/#website"},"primaryImageOfPage":{"@id":"https:\/\/gradido.net\/lieblingsstadt-14-trotz-lehrermangel-schueler-werden-zu-genies\/#primaryimage"},"image":{"@id":"https:\/\/gradido.net\/lieblingsstadt-14-trotz-lehrermangel-schueler-werden-zu-genies\/#primaryimage"},"thumbnailUrl":"https:\/\/gradido.net\/wp-content\/uploads\/2023\/09\/Genie_1920.jpg","datePublished":"2023-09-27T13:32:45+00:00","dateModified":"2026-04-23T05:11:58+00:00","description":"W Niemczech brakuje nauczycieli. Wed\u0142ug badania PISA jedna czwarta uczni\u00f3w nie potrafi poprawnie czyta\u0107, pisa\u0107 i liczy\u0107. Jest to r\u00f3wnie\u017c zauwa\u017calne w Lieblingsstadt. Dla Michaela Miteinanda, zaanga\u017cowanego burmistrza miasta, jest to niedopuszczalny stan rzeczy. Ulubieni mieszka\u0144cy miasta znajduj\u0105 rozwi\u0105zanie.","breadcrumb":{"@id":"https:\/\/gradido.net\/lieblingsstadt-14-trotz-lehrermangel-schueler-werden-zu-genies\/#breadcrumb"},"inLanguage":"pl-PL","potentialAction":[{"@type":"ReadAction","target":["https:\/\/gradido.net\/lieblingsstadt-14-trotz-lehrermangel-schueler-werden-zu-genies\/"]}]},{"@type":"ImageObject","inLanguage":"pl-PL","@id":"https:\/\/gradido.net\/lieblingsstadt-14-trotz-lehrermangel-schueler-werden-zu-genies\/#primaryimage","url":"https:\/\/gradido.net\/wp-content\/uploads\/2023\/09\/Genie_1920.jpg","contentUrl":"https:\/\/gradido.net\/wp-content\/uploads\/2023\/09\/Genie_1920.jpg","width":1920,"height":1200},{"@type":"BreadcrumbList","@id":"https:\/\/gradido.net\/lieblingsstadt-14-trotz-lehrermangel-schueler-werden-zu-genies\/#breadcrumb","itemListElement":[{"@type":"ListItem","position":1,"name":"Startseite","item":"https:\/\/gradido.net\/"},{"@type":"ListItem","position":2,"name":"Lieblingsstadt 14 \u2013 Trotz Lehrkr\u00e4ftemangel: Sch\u00fcler werden zu Genies"}]},{"@type":"WebSite","@id":"https:\/\/gradido.net\/de\/#website","url":"https:\/\/gradido.net\/de\/","name":"Gradido","description":"Now\u0105 walut\u0105 jest wdzi\u0119czno\u015b\u0107","publisher":{"@id":"https:\/\/gradido.net\/de\/#organization"},"potentialAction":[{"@type":"SearchAction","target":{"@type":"EntryPoint","urlTemplate":"https:\/\/gradido.net\/de\/?s={search_term_string}"},"query-input":{"@type":"PropertyValueSpecification","valueRequired":true,"valueName":"search_term_string"}}],"inLanguage":"pl-PL"},{"@type":"Organization","@id":"https:\/\/gradido.net\/de\/#organization","name":"Gradido","url":"https:\/\/gradido.net\/de\/","logo":{"@type":"ImageObject","inLanguage":"pl-PL","@id":"https:\/\/gradido.net\/de\/#\/schema\/logo\/image\/","url":"https:\/\/gradido.net\/wp-content\/uploads\/2022\/04\/gradido-social.jpg","contentUrl":"https:\/\/gradido.net\/wp-content\/uploads\/2022\/04\/gradido-social.jpg","width":527,"height":273,"caption":"Gradido"},"image":{"@id":"https:\/\/gradido.net\/de\/#\/schema\/logo\/image\/"}},{"@type":"Person","@id":"https:\/\/gradido.net\/de\/#\/schema\/person\/9c503a004ad15a1ddecadce2218db5d1","name":"Bernd H\u00fcckst\u00e4dt","sameAs":["https:\/\/gradido.net"],"url":"https:\/\/gradido.net\/pl\/author\/bernd\/"}]}},"_links":{"self":[{"href":"https:\/\/gradido.net\/pl\/wp-json\/wp\/v2\/posts\/7720","targetHints":{"allow":["GET"]}}],"collection":[{"href":"https:\/\/gradido.net\/pl\/wp-json\/wp\/v2\/posts"}],"about":[{"href":"https:\/\/gradido.net\/pl\/wp-json\/wp\/v2\/types\/post"}],"author":[{"embeddable":true,"href":"https:\/\/gradido.net\/pl\/wp-json\/wp\/v2\/users\/2"}],"replies":[{"embeddable":true,"href":"https:\/\/gradido.net\/pl\/wp-json\/wp\/v2\/comments?post=7720"}],"version-history":[{"count":70,"href":"https:\/\/gradido.net\/pl\/wp-json\/wp\/v2\/posts\/7720\/revisions"}],"predecessor-version":[{"id":13536,"href":"https:\/\/gradido.net\/pl\/wp-json\/wp\/v2\/posts\/7720\/revisions\/13536"}],"wp:featuredmedia":[{"embeddable":true,"href":"https:\/\/gradido.net\/pl\/wp-json\/wp\/v2\/media\/7721"}],"wp:attachment":[{"href":"https:\/\/gradido.net\/pl\/wp-json\/wp\/v2\/media?parent=7720"}],"wp:term":[{"taxonomy":"category","embeddable":true,"href":"https:\/\/gradido.net\/pl\/wp-json\/wp\/v2\/categories?post=7720"},{"taxonomy":"post_tag","embeddable":true,"href":"https:\/\/gradido.net\/pl\/wp-json\/wp\/v2\/tags?post=7720"}],"curies":[{"name":"wp","href":"https:\/\/api.w.org\/{rel}","templated":true}]}}