{"id":910,"date":"2020-09-30T23:01:23","date_gmt":"2020-09-30T21:01:23","guid":{"rendered":"https:\/\/gradido.net\/?p=910"},"modified":"2021-12-11T09:20:17","modified_gmt":"2021-12-11T08:20:17","slug":"endlich-sicherheit-mit-perspektive","status":"publish","type":"post","link":"https:\/\/gradido.net\/pl\/endlich-sicherheit-mit-perspektive\/","title":{"rendered":"Wreszcie bezpiecze\u0144stwo z perspektyw\u0105"},"content":{"rendered":"<div data-elementor-type=\"wp-post\" data-elementor-id=\"910\" class=\"elementor elementor-910\" data-elementor-post-type=\"post\">\n\t\t\t\t\t\t<section class=\"elementor-section elementor-top-section elementor-element elementor-element-496e1d53 elementor-section-boxed elementor-section-height-default elementor-section-height-default\" data-id=\"496e1d53\" data-element_type=\"section\" data-e-type=\"section\">\n\t\t\t\t\t\t<div class=\"elementor-container elementor-column-gap-default\">\n\t\t\t\t\t<div class=\"elementor-column elementor-col-100 elementor-top-column elementor-element elementor-element-461d7be0\" data-id=\"461d7be0\" data-element_type=\"column\" data-e-type=\"column\">\n\t\t\t<div class=\"elementor-widget-wrap elementor-element-populated\">\n\t\t\t\t\t\t<div class=\"elementor-element elementor-element-cd9ebe2 elementor-widget elementor-widget-text-editor\" data-id=\"cd9ebe2\" data-element_type=\"widget\" data-e-type=\"widget\" data-widget_type=\"text-editor.default\">\n\t\t\t\t<div class=\"elementor-widget-container\">\n\t\t\t\t\t\t\t\t\t<h2>Aktywne podstawowe dochody dla artyst\u00f3w i niezale\u017cnych dziennikarzy<\/h2><p><strong>K\u00fcnzelsau, 30 wrze\u015bnia 2020 r. - Czym by\u0142by kraj bez swoich poet\u00f3w, my\u015blicieli, muzyk\u00f3w, malarzy, aktor\u00f3w, \u015bpiewak\u00f3w, tancerzy, dziennikarzy, publicyst\u00f3w i filmowc\u00f3w? Wnosz\u0105 one do naszego \u017cycia kolor, rado\u015b\u0107, pytania, uczucia, inspiracje i wizje. Teraz jednak dzia\u0142ania Korony zagra\u017caj\u0105 istnieniu niezliczonej ilo\u015bci samozatrudnionych os\u00f3b z dziedzin sztuki, kultury i komunikacji. Nadzwyczajna pomoc rz\u0105dowa jest ca\u0142kowicie niewystarczaj\u0105ca, przysz\u0142o\u015b\u0107 niepewna. Desperacko poszkodowani ludzie prosz\u0105 o spadochron ratunkowy z perspektyw\u0105. Aktywny doch\u00f3d podstawowy\" chce spe\u0142ni\u0107 to \u017cyczenie. Taki \"podstawowy doch\u00f3d w zamian\" mo\u017ce nie tylko zapobiec zniszczeniu \u015brodk\u00f3w do \u017cycia przez kryzys, ale mo\u017ce wreszcie zapewni\u0107 artystom, pracownikom sektora kultury i niezale\u017cnym producentom medi\u00f3w solidne, d\u0142ugoterminowe podstawy do \u017cycia i pracy. Model Gradido\" akademii o tej samej nazwie ma na celu stworzenie idealnego gruntu dla kreatywno\u015bci i rado\u015bci tworzenia, a tym samym uratowanie niezb\u0119dnej cz\u0119\u015bci naszego spo\u0142ecze\u0144stwa przed upadkiem.<\/strong><\/p><p>Wed\u0142ug ostatniego sonda\u017cu przeprowadzonego przez Niemiecki Zwi\u0105zek Dziennikarzy (DJV), oko\u0142o 50 procent niezale\u017cnych dziennikarzy ponios\u0142o w tym roku tak du\u017ce straty, \u017ce nie s\u0105 ju\u017c w stanie zarobi\u0107 na \u017cycie. Co trzeci freelancer w gildii pisarskiej nie otrzymuje obecnie \u017cadnych kontrakt\u00f3w. W\u015br\u00f3d fotoreporter\u00f3w jeden na dw\u00f3ch jest bez dochod\u00f3w. Obecny kryzys jeszcze mocniej uderzy\u0142 w artyst\u00f3w i pracownik\u00f3w sektora kultury. Wi\u0119kszo\u015b\u0107 niezale\u017cnych, kreatywnych ludzi od miesi\u0119cy nie ma dochod\u00f3w. Znany aktor i artysta dubbingowy Frank R\u00f6th dobitnie opisuje obecn\u0105 sytuacj\u0119: \"Zamkni\u0119cie i miesi\u0105ce zamykania teatr\u00f3w, scen i studi\u00f3w dubbingowych, odwo\u0142ane lub bezterminowo odroczone zdj\u0119cia, odwo\u0142ane imprezy i festiwale s\u0105 dla nas katastrof\u0105 i s\u0105 r\u00f3wnoznaczne z zawodowym zakazem\".<\/p><p>Pomoc pa\u0144stwa nie jest skuteczna w przypadku zdecydowanej wi\u0119kszo\u015bci dotkni\u0119tych ni\u0105 os\u00f3b. Jednak\u017ce bardzo niewiele os\u00f3b zaanga\u017cowanych w sektor kultury posiada rezerwy finansowe. Niepewno\u015b\u0107 jest praktycznie cz\u0119\u015bci\u0105 codziennego \u017cycia. Aktorzy cz\u0119sto przechodz\u0105 przez wszystkie szwy z zakresu ubezpiecze\u0144 spo\u0142ecznych i prawa pracy. Mog\u0105 oni posiada\u0107 koszty operacyjne, ale nie maj\u0105 sta\u0142ej siedziby, s\u0105 zatrudnieni na zasadzie \"bez wynagrodzenia\" lub p\u0142ac\u0105 sk\u0142adki na ubezpieczenie od bezrobocia tak nieregularnie ze wzgl\u0119du na kr\u00f3tkoterminowe zobowi\u0105zania, \u017ce prawie nigdy nie mog\u0105 naby\u0107 prawa do w\u0142asnych \u015bwiadcze\u0144.<\/p><p>Jeszcze przed Coron\u0105 wielu artyst\u00f3w przechodzi\u0142o od zar\u0119czyn do zar\u0119czyn i \u017cy\u0142o w \"niepewnych okoliczno\u015bciach\". Niemniej jednak, pasja do pracy tw\u00f3rczej by\u0142a zawsze wi\u0119ksza ni\u017c d\u0105\u017cenie do bezpiecze\u0144stwa finansowego. Ale blokada i wynikaj\u0105ce z niej konsekwencje prowadz\u0105 teraz do problem\u00f3w ekonomicznych, kt\u00f3re tylko nieliczni arty\u015bci mog\u0105 wzi\u0105\u0107 na swoje barki. Ojciec czw\u00f3rki dzieci, R\u00f6th (61), opanowa\u0142 ju\u017c z powodzeniem wiele trudnych etap\u00f3w swojej kariery. Ale teraz grozi zupe\u0142nie nowy problem: \"Wielu aktor\u00f3w nale\u017cy teraz do 'grupy ryzyka' ze wzgl\u0119du na sw\u00f3j wiek. W zwi\u0105zku z tym ich zaanga\u017cowanie na rzecz przedsi\u0119biorstw produkcyjnych wi\u0105\u017ce si\u0119 z absurdalnymi sk\u0142adkami na ubezpieczenie od koszt\u00f3w rezygnacji. W rezultacie role dla aktor\u00f3w powy\u017cej 60 roku \u017cycia s\u0105 po prostu usuwane ze scenariusza lub przepisywane dla m\u0142odszych postaci.<\/p><p>W biznesie artystycznym i kulturalnym, w obliczu zbli\u017caj\u0105cej si\u0119 zimy, normalna praca nie jest w zasi\u0119gu wzroku. Nadzwyczajna pomoc pa\u0144stwa jest niewystarczaj\u0105ca, a zatem przysz\u0142o\u015b\u0107 jest niezwykle niepewna, zdaniem R\u00f6tha: \"Poniewa\u017c rz\u0105d federalny nie ma oczywi\u015bcie \u017cadnej strategii wyj\u015bcia, nie ma perspektyw na to, kiedy i czy mo\u017cliwy b\u0119dzie powr\u00f3t do samostanowienia (zawodowego) \u017cycia codziennego.<\/p><p><strong>Aktywny doch\u00f3d podstawowy tworzy podstaw\u0119 do \u017cycia i pracy<\/strong><br \/>Jednak\u017ce, je\u015bli wierzy\u0107 biologom ekonomicznym z Akademii Gradido, obecny kryzys gospodarczy i finansowy daje r\u00f3wnie\u017c mo\u017cliwo\u015b\u0107 skorygowania struktur, kt\u00f3re ju\u017c dawno wymaga\u0142y zasadniczej reorientacji. Niepewne warunki egzystencjalne w mediach i naszej dzia\u0142alno\u015bci kulturalnej s\u0105 zdecydowanie jednym z nich. Tutaj konieczne jest stworzenie podstaw, kt\u00f3re umo\u017cliwi\u0105 prac\u0119 tw\u00f3rcz\u0105 bez l\u0119ku egzystencjalnego. Aktywny doch\u00f3d podstawowy\" m\u00f3g\u0142by nie tylko z\u0142agodzi\u0107 fatalne skutki kryzysu, ale tak\u017ce zapewni\u0107 artystom, pracownikom sektora kultury i medi\u00f3w w naszym kraju solidniejsze podstawy do \u017cycia i pracy, a tym samym stworzy\u0107 stabiln\u0105 podstaw\u0119 dla kreatywno\u015bci.<\/p><p>Od ponad 20 lat Akademia Gradido zajmuje si\u0119 kwesti\u0105 tego, czego biznes mo\u017ce nauczy\u0107 si\u0119 od natury. Rezultaty tych szeroko zakrojonych bada\u0144 mo\u017cna znale\u017a\u0107 w nowym modelu ekonomiczno-finansowym wok\u00f3\u0142 wsp\u00f3lnej dobrej waluty \"Gradido\". Ma ona na celu zapewnienie ludziom na ca\u0142ym \u015bwiecie bezpiecznego \u017ar\u00f3d\u0142a utrzymania oraz urozmaicenie i urzeczywistnienie \u015bwiata \u017cycia i pracy. Wed\u0142ug Bernda H\u00fcckst\u00e4dt'a, wsp\u00f3\u0142za\u0142o\u017cyciela akademii, 'Aktywny Podstawowy Doch\u00f3d' jest centralnym elementem modelu Gradido: 'Ka\u017cdy mo\u017ce osi\u0105gn\u0105\u0107 'Aktywny Podstawowy Doch\u00f3d' poprzez dzia\u0142ania w\u0142asnego wyboru dla dobra wsp\u00f3lnego. Umiej\u0119tno\u015bci artystyczne i tw\u00f3rcze s\u0105 tu tak samo niezb\u0119dne jak podejmowanie zada\u0144 praktycznych i spo\u0142ecznych. Ka\u017cdego miesi\u0105ca, 1,000 Gradido (GDD) jest dost\u0119pne jako podstawowy doch\u00f3d dla ka\u017cdej osoby. Jeden Gradido odpowiada warto\u015bci jednego euro. Maksymalnie 50 godzin miesi\u0119cznie jest wynagradzane po 20 GDD ka\u017cda. Suma ta jest kwot\u0105 podstawow\u0105, obok innych \u017ar\u00f3de\u0142 dochodu. Istnienie ka\u017cdego cz\u0142owieka jest w ten spos\u00f3b zabezpieczone, a sztuka i kultura nie s\u0105 ju\u017c prawie automatycznie zwi\u0105zane z egzystencjalnymi troskami.<\/p><p>Aktor R\u00f6th i jego koledzy maj\u0105 now\u0105 nadziej\u0119 na model Gradido: \"W czasach takich jak obecne, podstawowy doch\u00f3d ka\u017cdego rodzaju by\u0142by wielk\u0105 pomoc\u0105 i wsparciem. Model Gradido jest z pewno\u015bci\u0105 jednym z najbardziej radykalnych i utopijnych podej\u015b\u0107 do nowego systemu gospodarczego i finansowego, ale czego nam dzisiaj potrzeba wi\u0119cej ni\u017c utopii? Powinni\u015bmy powa\u017cnie przedyskutowa\u0107 t\u0119 now\u0105 drog\u0119, poniewa\u017c mo\u017ce ona nie tylko uratowa\u0107 sztuk\u0119, ale nawet okaza\u0107 si\u0119 odpowiednia dla uczni\u00f3w\".<\/p><p>Szczeg\u00f3\u0142owe informacje na temat kompletnego \"modelu Gradido\" mo\u017cna znale\u017a\u0107 na stronie internetowej <a href=\"https:\/\/gradido.net\/pl\/\">https:\/\/gradido.net<\/a><\/p><p><!-- \/wp:paragraph --><\/p>\t\t\t\t\t\t\t\t<\/div>\n\t\t\t\t<\/div>\n\t\t\t\t<div class=\"elementor-element elementor-element-6fa6293 elementor-widget elementor-widget-image\" data-id=\"6fa6293\" data-element_type=\"widget\" data-e-type=\"widget\" data-widget_type=\"image.default\">\n\t\t\t\t<div class=\"elementor-widget-container\">\n\t\t\t\t\t\t\t\t\t\t\t\t\t\t\t<img fetchpriority=\"high\" decoding=\"async\" width=\"500\" height=\"750\" src=\"https:\/\/gradido.net\/wp-content\/uploads\/2020\/09\/frank-roeth.jpg\" class=\"attachment-medium_large size-medium_large wp-image-914\" alt=\"\" srcset=\"https:\/\/gradido.net\/wp-content\/uploads\/2020\/09\/frank-roeth.jpg 500w, https:\/\/gradido.net\/wp-content\/uploads\/2020\/09\/frank-roeth-200x300.jpg 200w\" sizes=\"(max-width: 500px) 100vw, 500px\" \/>\t\t\t\t\t\t\t\t\t\t\t\t\t\t\t<\/div>\n\t\t\t\t<\/div>\n\t\t\t\t<div class=\"elementor-element elementor-element-1eb7204 elementor-widget elementor-widget-text-editor\" data-id=\"1eb7204\" data-element_type=\"widget\" data-e-type=\"widget\" data-widget_type=\"text-editor.default\">\n\t\t\t\t<div class=\"elementor-widget-container\">\n\t\t\t\t\t\t\t\t\t<p>Frank R\u00f6th pracuje jako aktor od ponad 30 lat. Inspiruje publiczno\u015b\u0107 i krytyk\u00f3w nie tylko przed kamer\u0105 (np. jako przeci\u0105\u017cony ojciec Josefine Preu\u00df w odnosz\u0105cym sukcesy cyklu Lotta ZDF), ale tak\u017ce jako jeden z najbardziej ruchliwych aktor\u00f3w dubbingowych w Niemczech (Ziemlich beste Freunde, Harry Potter i wielu innych). W 2013 roku otrzyma\u0142 nagrod\u0119 \"H\u00f6rbuchpreis des Deutschen Buchhandels\". (Kredyty fotograficzne: Christian Hartmann)<\/p>\t\t\t\t\t\t\t\t<\/div>\n\t\t\t\t<\/div>\n\t\t\t\t<div class=\"elementor-element elementor-element-e9ff241 elementor-widget elementor-widget-text-editor\" data-id=\"e9ff241\" data-element_type=\"widget\" data-e-type=\"widget\" data-widget_type=\"text-editor.default\">\n\t\t\t\t<div class=\"elementor-widget-container\">\n\t\t\t\t\t\t\t\t\t<p><strong>O Akademii Gradido<\/strong><br>Akademia Bioniki Gospodarczej Gradido opracowa\u0142a alternatywn\u0105 \"wsp\u00f3ln\u0105 dobr\u0105 walut\u0119\" w oparciu o modele przyrodnicze. Natura kieruje si\u0119 zasad\u0105, \u017ce tylko tam, gdzie co\u015b przemija, mo\u017ce pojawi\u0107 si\u0119 co\u015b nowego, a zatem mo\u017cliwa jest d\u0142ugofalowa poprawa (ewolucja). Jego recept\u0105 na sukces jest \"cykl \u017cycia\". Gdyby nasza gospodarka r\u00f3wnie\u017c pod\u0105\u017ca\u0142a tym naturalnym cyklem, to wed\u0142ug oceny biolog\u00f3w ekonomicznych praktycznie wszystkie problemy monetarne \u015bwiata mog\u0142yby zosta\u0107 rozwi\u0105zane. Model Gradido opiera si\u0119 na za\u0142o\u017ceniu, \u017ce nie tylko ka\u017cda osoba, ale r\u00f3wnie\u017c ka\u017cde pa\u0144stwo otrzymuje dochody generowane na zasadzie kredytu. Mo\u017ce wi\u0119c wykonywa\u0107 wszystkie swoje zadania bez konieczno\u015bci pobierania podatk\u00f3w. Deflacja lub inflacja nale\u017c\u0105 do przesz\u0142o\u015bci. Gospodarka zostaje uwolniona od ci\u0105g\u0142ego przymusu wzrostu, niebezpiecze\u0144stwo za\u0142amania si\u0119 systemu finansowego zostaje w ko\u0144cu za\u017cegnane. (<a href=\"https:\/\/gradido.net\/pl\/\">www.gradido.net<\/a>)<\/p>\t\t\t\t\t\t\t\t<\/div>\n\t\t\t\t<\/div>\n\t\t\t\t\t<\/div>\n\t\t<\/div>\n\t\t\t\t\t<\/div>\n\t\t<\/section>\n\t\t\t\t<\/div>","protected":false},"excerpt":{"rendered":"<p>Aktives Grundeinkommen f\u00fcr K\u00fcnstler und freie Journalisten K\u00fcnzelsau, 30. September 2020 \u2013 Was w\u00e4re ein Land ohne seine Dichter, Denker, Musiker, Maler, Schauspieler, S\u00e4nger, T\u00e4nzer, Journalisten, Publizisten und Filmemacher? Sie bringen Farbe, Freude, Fragen, Gef\u00fchle, Inspiration und Visionen in unser Leben. Nun aber bedrohen die Corona-Ma\u00dfnahmen die Existenz unz\u00e4hliger Solo-Selbstst\u00e4ndiger aus Kunst, Kultur und Kommunikation. [&hellip;]<\/p>\n","protected":false},"author":1,"featured_media":921,"comment_status":"closed","ping_status":"closed","sticky":false,"template":"","format":"standard","meta":{"footnotes":""},"categories":[8],"tags":[],"class_list":["post-910","post","type-post","status-publish","format-standard","has-post-thumbnail","hentry","category-pressemitteilung"],"yoast_head":"<!-- This site is optimized with the Yoast SEO plugin v27.5 - https:\/\/yoast.com\/product\/yoast-seo-wordpress\/ -->\n<title>Endlich Sicherheit mit Perspektive - Gradido<\/title>\n<meta name=\"robots\" content=\"index, follow, max-snippet:-1, max-image-preview:large, max-video-preview:-1\" \/>\n<link rel=\"canonical\" href=\"https:\/\/gradido.net\/pl\/endlich-sicherheit-mit-perspektive\/\" \/>\n<meta property=\"og:locale\" content=\"pl_PL\" \/>\n<meta property=\"og:type\" content=\"article\" \/>\n<meta property=\"og:title\" content=\"Endlich Sicherheit mit Perspektive - Gradido\" \/>\n<meta property=\"og:description\" content=\"Aktives Grundeinkommen f\u00fcr K\u00fcnstler und freie Journalisten K\u00fcnzelsau, 30. September 2020 \u2013 Was w\u00e4re ein Land ohne seine Dichter, Denker, Musiker, Maler, Schauspieler, S\u00e4nger, T\u00e4nzer, Journalisten, Publizisten und Filmemacher? Sie bringen Farbe, Freude, Fragen, Gef\u00fchle, Inspiration und Visionen in unser Leben. Nun aber bedrohen die Corona-Ma\u00dfnahmen die Existenz unz\u00e4hliger Solo-Selbstst\u00e4ndiger aus Kunst, Kultur und Kommunikation. [&hellip;]\" \/>\n<meta property=\"og:url\" content=\"https:\/\/gradido.net\/pl\/endlich-sicherheit-mit-perspektive\/\" \/>\n<meta property=\"og:site_name\" content=\"Gradido\" \/>\n<meta property=\"article:published_time\" content=\"2020-09-30T21:01:23+00:00\" \/>\n<meta property=\"article:modified_time\" content=\"2021-12-11T08:20:17+00:00\" \/>\n<meta property=\"og:image\" content=\"https:\/\/gradido.net\/wp-content\/uploads\/2020\/09\/endlich-sicherheit-mit-perspektive-pressemitteilung.jpg\" \/>\n\t<meta property=\"og:image:width\" content=\"1000\" \/>\n\t<meta property=\"og:image:height\" content=\"667\" \/>\n\t<meta property=\"og:image:type\" content=\"image\/jpeg\" \/>\n<meta name=\"author\" content=\"GR4dmin\" \/>\n<meta name=\"twitter:card\" content=\"summary_large_image\" \/>\n<meta name=\"twitter:label1\" content=\"Napisane przez\" \/>\n\t<meta name=\"twitter:data1\" content=\"GR4dmin\" \/>\n\t<meta name=\"twitter:label2\" content=\"Szacowany czas czytania\" \/>\n\t<meta name=\"twitter:data2\" content=\"6 minut\" \/>\n<script type=\"application\/ld+json\" class=\"yoast-schema-graph\">{\"@context\":\"https:\\\/\\\/schema.org\",\"@graph\":[{\"@type\":\"Article\",\"@id\":\"https:\\\/\\\/gradido.net\\\/tr\\\/endlich-sicherheit-mit-perspektive\\\/#article\",\"isPartOf\":{\"@id\":\"https:\\\/\\\/gradido.net\\\/tr\\\/endlich-sicherheit-mit-perspektive\\\/\"},\"author\":{\"name\":\"GR4dmin\",\"@id\":\"https:\\\/\\\/gradido.net\\\/de\\\/#\\\/schema\\\/person\\\/9f913f37a47e7a82ad686b58fc907588\"},\"headline\":\"Endlich Sicherheit mit Perspektive\",\"datePublished\":\"2020-09-30T21:01:23+00:00\",\"dateModified\":\"2021-12-11T08:20:17+00:00\",\"mainEntityOfPage\":{\"@id\":\"https:\\\/\\\/gradido.net\\\/tr\\\/endlich-sicherheit-mit-perspektive\\\/\"},\"wordCount\":1112,\"publisher\":{\"@id\":\"https:\\\/\\\/gradido.net\\\/de\\\/#organization\"},\"image\":{\"@id\":\"https:\\\/\\\/gradido.net\\\/tr\\\/endlich-sicherheit-mit-perspektive\\\/#primaryimage\"},\"thumbnailUrl\":\"https:\\\/\\\/gradido.net\\\/wp-content\\\/uploads\\\/2020\\\/09\\\/endlich-sicherheit-mit-perspektive-pressemitteilung.jpg\",\"articleSection\":[\"Pressemitteilung\"],\"inLanguage\":\"pl-PL\"},{\"@type\":\"WebPage\",\"@id\":\"https:\\\/\\\/gradido.net\\\/tr\\\/endlich-sicherheit-mit-perspektive\\\/\",\"url\":\"https:\\\/\\\/gradido.net\\\/tr\\\/endlich-sicherheit-mit-perspektive\\\/\",\"name\":\"Endlich Sicherheit mit Perspektive - Gradido\",\"isPartOf\":{\"@id\":\"https:\\\/\\\/gradido.net\\\/de\\\/#website\"},\"primaryImageOfPage\":{\"@id\":\"https:\\\/\\\/gradido.net\\\/tr\\\/endlich-sicherheit-mit-perspektive\\\/#primaryimage\"},\"image\":{\"@id\":\"https:\\\/\\\/gradido.net\\\/tr\\\/endlich-sicherheit-mit-perspektive\\\/#primaryimage\"},\"thumbnailUrl\":\"https:\\\/\\\/gradido.net\\\/wp-content\\\/uploads\\\/2020\\\/09\\\/endlich-sicherheit-mit-perspektive-pressemitteilung.jpg\",\"datePublished\":\"2020-09-30T21:01:23+00:00\",\"dateModified\":\"2021-12-11T08:20:17+00:00\",\"breadcrumb\":{\"@id\":\"https:\\\/\\\/gradido.net\\\/tr\\\/endlich-sicherheit-mit-perspektive\\\/#breadcrumb\"},\"inLanguage\":\"pl-PL\",\"potentialAction\":[{\"@type\":\"ReadAction\",\"target\":[\"https:\\\/\\\/gradido.net\\\/tr\\\/endlich-sicherheit-mit-perspektive\\\/\"]}]},{\"@type\":\"ImageObject\",\"inLanguage\":\"pl-PL\",\"@id\":\"https:\\\/\\\/gradido.net\\\/tr\\\/endlich-sicherheit-mit-perspektive\\\/#primaryimage\",\"url\":\"https:\\\/\\\/gradido.net\\\/wp-content\\\/uploads\\\/2020\\\/09\\\/endlich-sicherheit-mit-perspektive-pressemitteilung.jpg\",\"contentUrl\":\"https:\\\/\\\/gradido.net\\\/wp-content\\\/uploads\\\/2020\\\/09\\\/endlich-sicherheit-mit-perspektive-pressemitteilung.jpg\",\"width\":1000,\"height\":667},{\"@type\":\"BreadcrumbList\",\"@id\":\"https:\\\/\\\/gradido.net\\\/tr\\\/endlich-sicherheit-mit-perspektive\\\/#breadcrumb\",\"itemListElement\":[{\"@type\":\"ListItem\",\"position\":1,\"name\":\"Startseite\",\"item\":\"https:\\\/\\\/gradido.net\\\/\"},{\"@type\":\"ListItem\",\"position\":2,\"name\":\"Endlich Sicherheit mit Perspektive\"}]},{\"@type\":\"WebSite\",\"@id\":\"https:\\\/\\\/gradido.net\\\/de\\\/#website\",\"url\":\"https:\\\/\\\/gradido.net\\\/de\\\/\",\"name\":\"Gradido\",\"description\":\"Die neue W\u00e4hrung hei\u00dft Dankbarkeit\",\"publisher\":{\"@id\":\"https:\\\/\\\/gradido.net\\\/de\\\/#organization\"},\"potentialAction\":[{\"@type\":\"SearchAction\",\"target\":{\"@type\":\"EntryPoint\",\"urlTemplate\":\"https:\\\/\\\/gradido.net\\\/de\\\/?s={search_term_string}\"},\"query-input\":{\"@type\":\"PropertyValueSpecification\",\"valueRequired\":true,\"valueName\":\"search_term_string\"}}],\"inLanguage\":\"pl-PL\"},{\"@type\":\"Organization\",\"@id\":\"https:\\\/\\\/gradido.net\\\/de\\\/#organization\",\"name\":\"Gradido\",\"url\":\"https:\\\/\\\/gradido.net\\\/de\\\/\",\"logo\":{\"@type\":\"ImageObject\",\"inLanguage\":\"pl-PL\",\"@id\":\"https:\\\/\\\/gradido.net\\\/de\\\/#\\\/schema\\\/logo\\\/image\\\/\",\"url\":\"https:\\\/\\\/gradido.net\\\/wp-content\\\/uploads\\\/2022\\\/04\\\/gradido-social.jpg\",\"contentUrl\":\"https:\\\/\\\/gradido.net\\\/wp-content\\\/uploads\\\/2022\\\/04\\\/gradido-social.jpg\",\"width\":527,\"height\":273,\"caption\":\"Gradido\"},\"image\":{\"@id\":\"https:\\\/\\\/gradido.net\\\/de\\\/#\\\/schema\\\/logo\\\/image\\\/\"}},{\"@type\":\"Person\",\"@id\":\"https:\\\/\\\/gradido.net\\\/de\\\/#\\\/schema\\\/person\\\/9f913f37a47e7a82ad686b58fc907588\",\"name\":\"GR4dmin\",\"sameAs\":[\"https:\\\/\\\/gradido.net\"],\"url\":\"https:\\\/\\\/gradido.net\\\/pl\\\/author\\\/gr4dmin\\\/\"}]}<\/script>\n<!-- \/ Yoast SEO plugin. -->","yoast_head_json":{"title":"W ko\u0144cu bezpiecze\u0144stwo z perspektyw\u0105 - Gradido","robots":{"index":"index","follow":"follow","max-snippet":"max-snippet:-1","max-image-preview":"max-image-preview:large","max-video-preview":"max-video-preview:-1"},"canonical":"https:\/\/gradido.net\/pl\/endlich-sicherheit-mit-perspektive\/","og_locale":"pl_PL","og_type":"article","og_title":"Endlich Sicherheit mit Perspektive - Gradido","og_description":"Aktives Grundeinkommen f\u00fcr K\u00fcnstler und freie Journalisten K\u00fcnzelsau, 30. September 2020 \u2013 Was w\u00e4re ein Land ohne seine Dichter, Denker, Musiker, Maler, Schauspieler, S\u00e4nger, T\u00e4nzer, Journalisten, Publizisten und Filmemacher? Sie bringen Farbe, Freude, Fragen, Gef\u00fchle, Inspiration und Visionen in unser Leben. Nun aber bedrohen die Corona-Ma\u00dfnahmen die Existenz unz\u00e4hliger Solo-Selbstst\u00e4ndiger aus Kunst, Kultur und Kommunikation. [&hellip;]","og_url":"https:\/\/gradido.net\/pl\/endlich-sicherheit-mit-perspektive\/","og_site_name":"Gradido","article_published_time":"2020-09-30T21:01:23+00:00","article_modified_time":"2021-12-11T08:20:17+00:00","og_image":[{"width":1000,"height":667,"url":"https:\/\/gradido.net\/wp-content\/uploads\/2020\/09\/endlich-sicherheit-mit-perspektive-pressemitteilung.jpg","type":"image\/jpeg"}],"author":"GR4dmin","twitter_card":"summary_large_image","twitter_misc":{"Napisane przez":"GR4dmin","Szacowany czas czytania":"6 minut"},"schema":{"@context":"https:\/\/schema.org","@graph":[{"@type":"Article","@id":"https:\/\/gradido.net\/tr\/endlich-sicherheit-mit-perspektive\/#article","isPartOf":{"@id":"https:\/\/gradido.net\/tr\/endlich-sicherheit-mit-perspektive\/"},"author":{"name":"GR4dmin","@id":"https:\/\/gradido.net\/de\/#\/schema\/person\/9f913f37a47e7a82ad686b58fc907588"},"headline":"Endlich Sicherheit mit Perspektive","datePublished":"2020-09-30T21:01:23+00:00","dateModified":"2021-12-11T08:20:17+00:00","mainEntityOfPage":{"@id":"https:\/\/gradido.net\/tr\/endlich-sicherheit-mit-perspektive\/"},"wordCount":1112,"publisher":{"@id":"https:\/\/gradido.net\/de\/#organization"},"image":{"@id":"https:\/\/gradido.net\/tr\/endlich-sicherheit-mit-perspektive\/#primaryimage"},"thumbnailUrl":"https:\/\/gradido.net\/wp-content\/uploads\/2020\/09\/endlich-sicherheit-mit-perspektive-pressemitteilung.jpg","articleSection":["Pressemitteilung"],"inLanguage":"pl-PL"},{"@type":"WebPage","@id":"https:\/\/gradido.net\/tr\/endlich-sicherheit-mit-perspektive\/","url":"https:\/\/gradido.net\/tr\/endlich-sicherheit-mit-perspektive\/","name":"W ko\u0144cu bezpiecze\u0144stwo z perspektyw\u0105 - Gradido","isPartOf":{"@id":"https:\/\/gradido.net\/de\/#website"},"primaryImageOfPage":{"@id":"https:\/\/gradido.net\/tr\/endlich-sicherheit-mit-perspektive\/#primaryimage"},"image":{"@id":"https:\/\/gradido.net\/tr\/endlich-sicherheit-mit-perspektive\/#primaryimage"},"thumbnailUrl":"https:\/\/gradido.net\/wp-content\/uploads\/2020\/09\/endlich-sicherheit-mit-perspektive-pressemitteilung.jpg","datePublished":"2020-09-30T21:01:23+00:00","dateModified":"2021-12-11T08:20:17+00:00","breadcrumb":{"@id":"https:\/\/gradido.net\/tr\/endlich-sicherheit-mit-perspektive\/#breadcrumb"},"inLanguage":"pl-PL","potentialAction":[{"@type":"ReadAction","target":["https:\/\/gradido.net\/tr\/endlich-sicherheit-mit-perspektive\/"]}]},{"@type":"ImageObject","inLanguage":"pl-PL","@id":"https:\/\/gradido.net\/tr\/endlich-sicherheit-mit-perspektive\/#primaryimage","url":"https:\/\/gradido.net\/wp-content\/uploads\/2020\/09\/endlich-sicherheit-mit-perspektive-pressemitteilung.jpg","contentUrl":"https:\/\/gradido.net\/wp-content\/uploads\/2020\/09\/endlich-sicherheit-mit-perspektive-pressemitteilung.jpg","width":1000,"height":667},{"@type":"BreadcrumbList","@id":"https:\/\/gradido.net\/tr\/endlich-sicherheit-mit-perspektive\/#breadcrumb","itemListElement":[{"@type":"ListItem","position":1,"name":"Startseite","item":"https:\/\/gradido.net\/"},{"@type":"ListItem","position":2,"name":"Endlich Sicherheit mit Perspektive"}]},{"@type":"WebSite","@id":"https:\/\/gradido.net\/de\/#website","url":"https:\/\/gradido.net\/de\/","name":"Gradido","description":"Now\u0105 walut\u0105 jest wdzi\u0119czno\u015b\u0107","publisher":{"@id":"https:\/\/gradido.net\/de\/#organization"},"potentialAction":[{"@type":"SearchAction","target":{"@type":"EntryPoint","urlTemplate":"https:\/\/gradido.net\/de\/?s={search_term_string}"},"query-input":{"@type":"PropertyValueSpecification","valueRequired":true,"valueName":"search_term_string"}}],"inLanguage":"pl-PL"},{"@type":"Organization","@id":"https:\/\/gradido.net\/de\/#organization","name":"Gradido","url":"https:\/\/gradido.net\/de\/","logo":{"@type":"ImageObject","inLanguage":"pl-PL","@id":"https:\/\/gradido.net\/de\/#\/schema\/logo\/image\/","url":"https:\/\/gradido.net\/wp-content\/uploads\/2022\/04\/gradido-social.jpg","contentUrl":"https:\/\/gradido.net\/wp-content\/uploads\/2022\/04\/gradido-social.jpg","width":527,"height":273,"caption":"Gradido"},"image":{"@id":"https:\/\/gradido.net\/de\/#\/schema\/logo\/image\/"}},{"@type":"Person","@id":"https:\/\/gradido.net\/de\/#\/schema\/person\/9f913f37a47e7a82ad686b58fc907588","name":"GR4dmin","sameAs":["https:\/\/gradido.net"],"url":"https:\/\/gradido.net\/pl\/author\/gr4dmin\/"}]}},"_links":{"self":[{"href":"https:\/\/gradido.net\/pl\/wp-json\/wp\/v2\/posts\/910","targetHints":{"allow":["GET"]}}],"collection":[{"href":"https:\/\/gradido.net\/pl\/wp-json\/wp\/v2\/posts"}],"about":[{"href":"https:\/\/gradido.net\/pl\/wp-json\/wp\/v2\/types\/post"}],"author":[{"embeddable":true,"href":"https:\/\/gradido.net\/pl\/wp-json\/wp\/v2\/users\/1"}],"replies":[{"embeddable":true,"href":"https:\/\/gradido.net\/pl\/wp-json\/wp\/v2\/comments?post=910"}],"version-history":[{"count":8,"href":"https:\/\/gradido.net\/pl\/wp-json\/wp\/v2\/posts\/910\/revisions"}],"predecessor-version":[{"id":3733,"href":"https:\/\/gradido.net\/pl\/wp-json\/wp\/v2\/posts\/910\/revisions\/3733"}],"wp:featuredmedia":[{"embeddable":true,"href":"https:\/\/gradido.net\/pl\/wp-json\/wp\/v2\/media\/921"}],"wp:attachment":[{"href":"https:\/\/gradido.net\/pl\/wp-json\/wp\/v2\/media?parent=910"}],"wp:term":[{"taxonomy":"category","embeddable":true,"href":"https:\/\/gradido.net\/pl\/wp-json\/wp\/v2\/categories?post=910"},{"taxonomy":"post_tag","embeddable":true,"href":"https:\/\/gradido.net\/pl\/wp-json\/wp\/v2\/tags?post=910"}],"curies":[{"name":"wp","href":"https:\/\/api.w.org\/{rel}","templated":true}]}}