{"id":9486,"date":"2024-09-02T08:54:09","date_gmt":"2024-09-02T06:54:09","guid":{"rendered":"https:\/\/gradido.net\/?p=9486"},"modified":"2026-04-24T07:56:03","modified_gmt":"2026-04-24T05:56:03","slug":"selbstorganisation-in-organisationen-der-neuen-zeit","status":"publish","type":"post","link":"https:\/\/gradido.net\/pl\/selbstorganisation-in-organisationen-der-neuen-zeit\/","title":{"rendered":"Samoorganizacja w organizacjach nowej ery"},"content":{"rendered":"<div data-elementor-type=\"wp-post\" data-elementor-id=\"9486\" class=\"elementor elementor-9486\" data-elementor-post-type=\"post\">\n\t\t\t\t\t\t<section class=\"elementor-section elementor-top-section elementor-element elementor-element-496e1d53 elementor-section-boxed elementor-section-height-default elementor-section-height-default\" data-id=\"496e1d53\" data-element_type=\"section\" data-e-type=\"section\">\n\t\t\t\t\t\t<div class=\"elementor-container elementor-column-gap-default\">\n\t\t\t\t\t<div class=\"elementor-column elementor-col-100 elementor-top-column elementor-element elementor-element-461d7be0\" data-id=\"461d7be0\" data-element_type=\"column\" data-e-type=\"column\">\n\t\t\t<div class=\"elementor-widget-wrap elementor-element-populated\">\n\t\t\t\t\t\t<div class=\"elementor-element elementor-element-cd9ebe2 elementor-widget elementor-widget-text-editor\" data-id=\"cd9ebe2\" data-element_type=\"widget\" data-e-type=\"widget\" data-widget_type=\"text-editor.default\">\n\t\t\t\t<div class=\"elementor-widget-container\">\n\t\t\t\t\t\t\t\t\t<p style=\"text-align: right;\"><em>\"Ludzie s\u0105 jedynym gatunkiem na tej planecie, kt\u00f3ry wierzy, \u017ce du\u017ce organizacje mog\u0105 odnie\u015b\u0107 sukces tylko dzi\u0119ki hierarchii i kontroli. Ale natura pokazuje nam, \u017ce to twierdzenie nie ma \u017cadnych podstaw\".<\/em><\/p><p style=\"text-align: right;\"><em>- Evert Bleijenberg, za\u0142o\u017cyciel organizacji SWARM<\/em><\/p><p>Drogi Czytelniku,<\/p><p>Wiele zespo\u0142\u00f3w, organizacji, inicjatyw i spo\u0142eczno\u015bci zaczyna z entuzjazmem i mn\u00f3stwem pomys\u0142\u00f3w na \"dobr\u0105 spraw\u0119\". A potem: nieko\u0144cz\u0105ce si\u0119, m\u0119cz\u0105ce dyskusje, otwarte lub podprogowe walki o w\u0142adz\u0119, du\u017co gadania, ale \u017cadnych dzia\u0142a\u0144 - frustracja, z\u0142o\u015b\u0107 i rozczarowanie... Dlaczego tak si\u0119 dzieje? I co mo\u017cemy zrobi\u0107, aby temu zapobiec?<\/p><h3>Era organizacji hierarchicznych dobieg\u0142a ko\u0144ca<\/h3><p>Wszyscy jeste\u015bmy przyzwyczajeni do \"funkcjonowania\" w hierarchicznych strukturach. Ju\u017c jako dzieci - najp\u00f3\u017aniej w szkole - uczymy si\u0119, \u017ce \u015bwiat jest hierarchiczny. Te do\u015bwiadczenia kszta\u0142tuj\u0105 spos\u00f3b, w jaki my\u015blimy, czujemy i zachowujemy si\u0119: Strach przed autorytetem, odk\u0142adanie w\u0142asnych potrzeb na dalszy plan, skrajny konformizm, mierzenie si\u0119 z innymi lub ch\u0119\u0107 wyr\u00f3\u017cnienia si\u0119 i wykorzystania innych. Wszystko to jest w nas zaszczepione i nie le\u017cy w naszej naturze.<\/p><p><strong>To dlatego ludzie w \"nowej erze\" maj\u0105 silne pragnienie spotykania si\u0119 na poziomie oczu, organizowania si\u0119 i robienia tego bez hierarchii, na ile to mo\u017cliwe.<\/strong><\/p><h3>Ale jaka jest alternatywa?<\/h3><ul><li>Jak dzia\u0142a samoorganizacja<\/li><li>Jakie wzory do na\u015bladowania ju\u017c istniej\u0105?<\/li><li>Jak mo\u017cemy si\u0119 tam dosta\u0107?<\/li><li>Kto lub co nam pomaga?<\/li><\/ul><p>.<\/p><p>Christiane L\u00fcpken jest zaanga\u017cowana w Spo\u0142ecze\u0144stwo 4.0 i odpowiednie niehierarchiczne formy samoorganizacji. Jest cz\u0142onkini\u0105 naszego Ko\u0142a Wizji. W jej <a href=\"https:\/\/www.christiane-luepken.com\/swarm-vortrag\" target=\"_blank\" rel=\"noopener\">Wyk\u0142ad impulsowy online<\/a>\u00a0Christiane przedstawia model, kt\u00f3ry jako wewn\u0119trzny \"system operacyjny\" w organizacjach i wszelkiego rodzaju inicjatywach tworzy przestrze\u0144 dla kreatywno\u015bci, wi\u0119zi, skuteczno\u015bci i entuzjazmu.<\/p><p><img fetchpriority=\"high\" decoding=\"async\" class=\"alignnone wp-image-9290 size-medium\" src=\"https:\/\/gradido.net\/wp-content\/uploads\/2024\/08\/Bildschirmfoto-2024-08-26-um-14.01.45-300x300.png\" alt=\"\" width=\"300\" height=\"300\" srcset=\"https:\/\/gradido.net\/wp-content\/uploads\/2024\/08\/Bildschirmfoto-2024-08-26-um-14.01.45-300x300.png 300w, https:\/\/gradido.net\/wp-content\/uploads\/2024\/08\/Bildschirmfoto-2024-08-26-um-14.01.45-150x150.png 150w, https:\/\/gradido.net\/wp-content\/uploads\/2024\/08\/Bildschirmfoto-2024-08-26-um-14.01.45-768x768.png 768w, https:\/\/gradido.net\/wp-content\/uploads\/2024\/08\/Bildschirmfoto-2024-08-26-um-14.01.45-12x12.png 12w, https:\/\/gradido.net\/wp-content\/uploads\/2024\/08\/Bildschirmfoto-2024-08-26-um-14.01.45.png 902w\" sizes=\"(max-width: 300px) 100vw, 300px\" \/><\/p><p>Nast\u0119pna data wyk\u0142adu online:<br \/><strong>\u015aroda, 04.09.2024 r. o godz. 19:00<\/strong><br \/>Kolejne daty zostan\u0105 podane wkr\u00f3tce<\/p><p><a href=\"https:\/\/www.christiane-luepken.com\/swarm-vortrag\" target=\"_blank\" rel=\"noopener\">Kliknij tutaj, aby si\u0119 zarejestrowa\u0107<\/a><\/p><h4>Dzi\u0119kujemy z Gradido:<\/h4><p>W formularzu rejestracyjnym na wyk\u0142ad Christiane wyra\u017anie wspomina, \u017ce wk\u0142ad doceniaj\u0105cy mo\u017cna r\u00f3wnie\u017c wnie\u015b\u0107 w formie Gradido. Wybierz \"inne\" w formularzu rejestracyjnym i wy\u015blij sw\u00f3j wk\u0142ad w Gradido na konto Gradido\u00a0 <a href=\"https:\/\/gdd.gradido.net\/send\/Gradido-Akademie\/ChristianeLu\" target=\"_blank\" rel=\"noopener\">Christiane L\u00fcpken\u00a0<\/a><br \/><br \/><\/p><p>Oboje wys\u0142uchali\u015bmy ju\u017c wyk\u0142adu i mo\u017cemy go tylko gor\u0105co poleci\u0107.<\/p>\t\t\t\t\t\t\t\t<\/div>\n\t\t\t\t<\/div>\n\t\t\t\t<div class=\"elementor-element elementor-element-d74dfa0 elementor-widget elementor-widget-text-editor\" data-id=\"d74dfa0\" data-element_type=\"widget\" data-e-type=\"widget\" data-widget_type=\"text-editor.default\">\n\t\t\t\t<div class=\"elementor-widget-container\">\n\t\t\t\t\t\t\t\t\t<div data-pm-slice=\"1 1 []\" data-en-clipboard=\"true\"><p>Pozdrawiam<\/p><\/div><p>Tw\u00f3j<\/p><p><img decoding=\"async\" class=\"alignnone wp-image-4614 size-medium\" src=\"https:\/\/gradido.net\/wp-content\/uploads\/2022\/06\/MargretBernd_2022-300x74.png\" alt=\"\" width=\"300\" height=\"74\" srcset=\"https:\/\/gradido.net\/wp-content\/uploads\/2022\/06\/MargretBernd_2022-300x74.png 300w, https:\/\/gradido.net\/wp-content\/uploads\/2022\/06\/MargretBernd_2022-18x4.png 18w, https:\/\/gradido.net\/wp-content\/uploads\/2022\/06\/MargretBernd_2022.png 431w\" sizes=\"(max-width: 300px) 100vw, 300px\" \/><\/p><p>Margret Baier i Bernd H\u00fcckst\u00e4dt<br \/>Za\u0142o\u017cyciel i deweloper Gradido<\/p>\t\t\t\t\t\t\t\t<\/div>\n\t\t\t\t<\/div>\n\t\t\t\t\t<\/div>\n\t\t<\/div>\n\t\t\t\t\t<\/div>\n\t\t<\/section>\n\t\t\t\t<section class=\"elementor-section elementor-top-section elementor-element elementor-element-14532fe elementor-section-boxed elementor-section-height-default elementor-section-height-default\" data-id=\"14532fe\" data-element_type=\"section\" data-e-type=\"section\">\n\t\t\t\t\t\t<div class=\"elementor-container elementor-column-gap-default\">\n\t\t\t\t\t<div class=\"elementor-column elementor-col-100 elementor-top-column elementor-element elementor-element-65d2298\" data-id=\"65d2298\" data-element_type=\"column\" data-e-type=\"column\">\n\t\t\t<div class=\"elementor-widget-wrap elementor-element-populated\">\n\t\t\t\t\t\t<div class=\"elementor-element elementor-element-bea124f elementor-widget elementor-widget-global elementor-global-9341 elementor-widget-text-editor\" data-id=\"bea124f\" data-element_type=\"widget\" data-e-type=\"widget\" data-widget_type=\"text-editor.default\">\n\t\t\t\t<div class=\"elementor-widget-container\">\n\t\t\t\t\t\t\t\t\t<p><strong>PS:\u00a0<span style=\"color: #ff6600;\"><a style=\"color: #ff6600;\" href=\"https:\/\/gradido.net\/pl\/donations\/\">Ze wzgl\u0119du na stale rosn\u0105ce znaczenie Gradido, powtarzamy nasz\u0105 kampani\u0119 wdzi\u0119czno\u015bci 26 czerwca 2026 roku:<\/a>\u00a0<\/span><span style=\"color: #0000ff;\"><a style=\"color: #0000ff;\" href=\"https:\/\/gradido.net\/pl\/donations\/\">Opr\u00f3cz wielokrotnego GradidoTransform za wk\u0142ad sponsorski, 26\/06\/2016 zwi\u0119kszymy salda wszystkich kont GDT o 26%. Zosta\u0144 sponsorem ju\u017c teraz i ciesz si\u0119 wielokrotno\u015bci\u0105 GDT!<\/a><\/span><\/strong><\/p>\t\t\t\t\t\t\t\t<\/div>\n\t\t\t\t<\/div>\n\t\t\t\t\t<\/div>\n\t\t<\/div>\n\t\t\t\t\t<\/div>\n\t\t<\/section>\n\t\t\t\t<section class=\"elementor-section elementor-top-section elementor-element elementor-element-29dfc07 elementor-section-boxed elementor-section-height-default elementor-section-height-default\" data-id=\"29dfc07\" data-element_type=\"section\" data-e-type=\"section\">\n\t\t\t\t\t\t<div class=\"elementor-container elementor-column-gap-default\">\n\t\t\t\t\t<div class=\"elementor-column elementor-col-100 elementor-top-column elementor-element elementor-element-d37ec5a\" data-id=\"d37ec5a\" data-element_type=\"column\" data-e-type=\"column\">\n\t\t\t<div class=\"elementor-widget-wrap\">\n\t\t\t\t\t\t\t<\/div>\n\t\t<\/div>\n\t\t\t\t\t<\/div>\n\t\t<\/section>\n\t\t\t\t<\/div>","protected":false},"excerpt":{"rendered":"<p>Era hierarchicznych organizacji dobieg\u0142a ko\u0144ca. Ludzie w \"nowej erze\" maj\u0105 silne pragnienie spotykania si\u0119 ze sob\u0105 na poziomie oczu, organizowania si\u0119 i robienia tego bez hierarchii, gdy tylko jest to mo\u017cliwe.<\/p>","protected":false},"author":2,"featured_media":9487,"comment_status":"closed","ping_status":"closed","sticky":false,"template":"","format":"standard","meta":{"footnotes":""},"categories":[11,54],"tags":[],"class_list":["post-9486","post","type-post","status-publish","format-standard","has-post-thumbnail","hentry","category-blog","category-community"],"yoast_head":"<!-- This site is optimized with the Yoast SEO plugin v27.5 - https:\/\/yoast.com\/product\/yoast-seo-wordpress\/ -->\n<title>Selbstorganisation in Organisationen der neuen Zeit - Gradido<\/title>\n<meta name=\"description\" content=\"Das Zeitalter hierarchischer Organisationen ist vorbei. Menschen der \u201eneuen Zeit\u201c haben den starken Wunsch, einander auf Augenh\u00f6he zu begegnen, sich selbst zu organisieren und dabei m\u00f6glichst ohne Hierarchien auszukommen.\" \/>\n<meta name=\"robots\" content=\"index, follow, max-snippet:-1, max-image-preview:large, max-video-preview:-1\" \/>\n<link rel=\"canonical\" href=\"https:\/\/gradido.net\/pl\/selbstorganisation-in-organisationen-der-neuen-zeit\/\" \/>\n<meta property=\"og:locale\" content=\"pl_PL\" \/>\n<meta property=\"og:type\" content=\"article\" \/>\n<meta property=\"og:title\" content=\"Selbstorganisation in Organisationen der neuen Zeit - Gradido\" \/>\n<meta property=\"og:description\" content=\"Das Zeitalter hierarchischer Organisationen ist vorbei. Menschen der \u201eneuen Zeit\u201c haben den starken Wunsch, einander auf Augenh\u00f6he zu begegnen, sich selbst zu organisieren und dabei m\u00f6glichst ohne Hierarchien auszukommen.\" \/>\n<meta property=\"og:url\" content=\"https:\/\/gradido.net\/pl\/selbstorganisation-in-organisationen-der-neuen-zeit\/\" \/>\n<meta property=\"og:site_name\" content=\"Gradido\" \/>\n<meta property=\"article:published_time\" content=\"2024-09-02T06:54:09+00:00\" \/>\n<meta property=\"article:modified_time\" content=\"2026-04-24T05:56:03+00:00\" \/>\n<meta property=\"og:image\" content=\"https:\/\/gradido.net\/wp-content\/uploads\/2024\/09\/SWARM.jpg\" \/>\n\t<meta property=\"og:image:width\" content=\"1200\" \/>\n\t<meta property=\"og:image:height\" content=\"600\" \/>\n\t<meta property=\"og:image:type\" content=\"image\/jpeg\" \/>\n<meta name=\"author\" content=\"Bernd H\u00fcckst\u00e4dt\" \/>\n<meta name=\"twitter:card\" content=\"summary_large_image\" \/>\n<meta name=\"twitter:label1\" content=\"Napisane przez\" \/>\n\t<meta name=\"twitter:data1\" content=\"Bernd H\u00fcckst\u00e4dt\" \/>\n\t<meta name=\"twitter:label2\" content=\"Szacowany czas czytania\" \/>\n\t<meta name=\"twitter:data2\" content=\"3 minuty\" \/>\n<script type=\"application\/ld+json\" class=\"yoast-schema-graph\">{\"@context\":\"https:\\\/\\\/schema.org\",\"@graph\":[{\"@type\":\"Article\",\"@id\":\"https:\\\/\\\/gradido.net\\\/selbstorganisation-in-organisationen-der-neuen-zeit\\\/#article\",\"isPartOf\":{\"@id\":\"https:\\\/\\\/gradido.net\\\/selbstorganisation-in-organisationen-der-neuen-zeit\\\/\"},\"author\":{\"name\":\"Bernd H\u00fcckst\u00e4dt\",\"@id\":\"https:\\\/\\\/gradido.net\\\/de\\\/#\\\/schema\\\/person\\\/9c503a004ad15a1ddecadce2218db5d1\"},\"headline\":\"Selbstorganisation in Organisationen der neuen Zeit\",\"datePublished\":\"2024-09-02T06:54:09+00:00\",\"dateModified\":\"2026-04-24T05:56:03+00:00\",\"mainEntityOfPage\":{\"@id\":\"https:\\\/\\\/gradido.net\\\/selbstorganisation-in-organisationen-der-neuen-zeit\\\/\"},\"wordCount\":438,\"publisher\":{\"@id\":\"https:\\\/\\\/gradido.net\\\/de\\\/#organization\"},\"image\":{\"@id\":\"https:\\\/\\\/gradido.net\\\/selbstorganisation-in-organisationen-der-neuen-zeit\\\/#primaryimage\"},\"thumbnailUrl\":\"https:\\\/\\\/gradido.net\\\/wp-content\\\/uploads\\\/2024\\\/09\\\/SWARM.jpg\",\"articleSection\":[\"Blog\",\"Community\"],\"inLanguage\":\"pl-PL\"},{\"@type\":\"WebPage\",\"@id\":\"https:\\\/\\\/gradido.net\\\/selbstorganisation-in-organisationen-der-neuen-zeit\\\/\",\"url\":\"https:\\\/\\\/gradido.net\\\/selbstorganisation-in-organisationen-der-neuen-zeit\\\/\",\"name\":\"Selbstorganisation in Organisationen der neuen Zeit - Gradido\",\"isPartOf\":{\"@id\":\"https:\\\/\\\/gradido.net\\\/de\\\/#website\"},\"primaryImageOfPage\":{\"@id\":\"https:\\\/\\\/gradido.net\\\/selbstorganisation-in-organisationen-der-neuen-zeit\\\/#primaryimage\"},\"image\":{\"@id\":\"https:\\\/\\\/gradido.net\\\/selbstorganisation-in-organisationen-der-neuen-zeit\\\/#primaryimage\"},\"thumbnailUrl\":\"https:\\\/\\\/gradido.net\\\/wp-content\\\/uploads\\\/2024\\\/09\\\/SWARM.jpg\",\"datePublished\":\"2024-09-02T06:54:09+00:00\",\"dateModified\":\"2026-04-24T05:56:03+00:00\",\"description\":\"Das Zeitalter hierarchischer Organisationen ist vorbei. Menschen der \u201eneuen Zeit\u201c haben den starken Wunsch, einander auf Augenh\u00f6he zu begegnen, sich selbst zu organisieren und dabei m\u00f6glichst ohne Hierarchien auszukommen.\",\"breadcrumb\":{\"@id\":\"https:\\\/\\\/gradido.net\\\/selbstorganisation-in-organisationen-der-neuen-zeit\\\/#breadcrumb\"},\"inLanguage\":\"pl-PL\",\"potentialAction\":[{\"@type\":\"ReadAction\",\"target\":[\"https:\\\/\\\/gradido.net\\\/selbstorganisation-in-organisationen-der-neuen-zeit\\\/\"]}]},{\"@type\":\"ImageObject\",\"inLanguage\":\"pl-PL\",\"@id\":\"https:\\\/\\\/gradido.net\\\/selbstorganisation-in-organisationen-der-neuen-zeit\\\/#primaryimage\",\"url\":\"https:\\\/\\\/gradido.net\\\/wp-content\\\/uploads\\\/2024\\\/09\\\/SWARM.jpg\",\"contentUrl\":\"https:\\\/\\\/gradido.net\\\/wp-content\\\/uploads\\\/2024\\\/09\\\/SWARM.jpg\",\"width\":1200,\"height\":600},{\"@type\":\"BreadcrumbList\",\"@id\":\"https:\\\/\\\/gradido.net\\\/selbstorganisation-in-organisationen-der-neuen-zeit\\\/#breadcrumb\",\"itemListElement\":[{\"@type\":\"ListItem\",\"position\":1,\"name\":\"Startseite\",\"item\":\"https:\\\/\\\/gradido.net\\\/\"},{\"@type\":\"ListItem\",\"position\":2,\"name\":\"Selbstorganisation in Organisationen der neuen Zeit\"}]},{\"@type\":\"WebSite\",\"@id\":\"https:\\\/\\\/gradido.net\\\/de\\\/#website\",\"url\":\"https:\\\/\\\/gradido.net\\\/de\\\/\",\"name\":\"Gradido\",\"description\":\"Die neue W\u00e4hrung hei\u00dft Dankbarkeit\",\"publisher\":{\"@id\":\"https:\\\/\\\/gradido.net\\\/de\\\/#organization\"},\"potentialAction\":[{\"@type\":\"SearchAction\",\"target\":{\"@type\":\"EntryPoint\",\"urlTemplate\":\"https:\\\/\\\/gradido.net\\\/de\\\/?s={search_term_string}\"},\"query-input\":{\"@type\":\"PropertyValueSpecification\",\"valueRequired\":true,\"valueName\":\"search_term_string\"}}],\"inLanguage\":\"pl-PL\"},{\"@type\":\"Organization\",\"@id\":\"https:\\\/\\\/gradido.net\\\/de\\\/#organization\",\"name\":\"Gradido\",\"url\":\"https:\\\/\\\/gradido.net\\\/de\\\/\",\"logo\":{\"@type\":\"ImageObject\",\"inLanguage\":\"pl-PL\",\"@id\":\"https:\\\/\\\/gradido.net\\\/de\\\/#\\\/schema\\\/logo\\\/image\\\/\",\"url\":\"https:\\\/\\\/gradido.net\\\/wp-content\\\/uploads\\\/2022\\\/04\\\/gradido-social.jpg\",\"contentUrl\":\"https:\\\/\\\/gradido.net\\\/wp-content\\\/uploads\\\/2022\\\/04\\\/gradido-social.jpg\",\"width\":527,\"height\":273,\"caption\":\"Gradido\"},\"image\":{\"@id\":\"https:\\\/\\\/gradido.net\\\/de\\\/#\\\/schema\\\/logo\\\/image\\\/\"}},{\"@type\":\"Person\",\"@id\":\"https:\\\/\\\/gradido.net\\\/de\\\/#\\\/schema\\\/person\\\/9c503a004ad15a1ddecadce2218db5d1\",\"name\":\"Bernd H\u00fcckst\u00e4dt\",\"sameAs\":[\"https:\\\/\\\/gradido.net\"],\"url\":\"https:\\\/\\\/gradido.net\\\/pl\\\/author\\\/bernd\\\/\"}]}<\/script>\n<!-- \/ Yoast SEO plugin. -->","yoast_head_json":{"title":"Samoorganizacja w organizacjach nowej ery - Gradido","description":"Era hierarchicznych organizacji dobieg\u0142a ko\u0144ca. Ludzie w \"nowej erze\" maj\u0105 silne pragnienie spotykania si\u0119 ze sob\u0105 na poziomie oczu, organizowania si\u0119 i robienia tego bez hierarchii, gdy tylko jest to mo\u017cliwe.","robots":{"index":"index","follow":"follow","max-snippet":"max-snippet:-1","max-image-preview":"max-image-preview:large","max-video-preview":"max-video-preview:-1"},"canonical":"https:\/\/gradido.net\/pl\/selbstorganisation-in-organisationen-der-neuen-zeit\/","og_locale":"pl_PL","og_type":"article","og_title":"Selbstorganisation in Organisationen der neuen Zeit - Gradido","og_description":"Das Zeitalter hierarchischer Organisationen ist vorbei. Menschen der \u201eneuen Zeit\u201c haben den starken Wunsch, einander auf Augenh\u00f6he zu begegnen, sich selbst zu organisieren und dabei m\u00f6glichst ohne Hierarchien auszukommen.","og_url":"https:\/\/gradido.net\/pl\/selbstorganisation-in-organisationen-der-neuen-zeit\/","og_site_name":"Gradido","article_published_time":"2024-09-02T06:54:09+00:00","article_modified_time":"2026-04-24T05:56:03+00:00","og_image":[{"width":1200,"height":600,"url":"https:\/\/gradido.net\/wp-content\/uploads\/2024\/09\/SWARM.jpg","type":"image\/jpeg"}],"author":"Bernd H\u00fcckst\u00e4dt","twitter_card":"summary_large_image","twitter_misc":{"Napisane przez":"Bernd H\u00fcckst\u00e4dt","Szacowany czas czytania":"3 minuty"},"schema":{"@context":"https:\/\/schema.org","@graph":[{"@type":"Article","@id":"https:\/\/gradido.net\/selbstorganisation-in-organisationen-der-neuen-zeit\/#article","isPartOf":{"@id":"https:\/\/gradido.net\/selbstorganisation-in-organisationen-der-neuen-zeit\/"},"author":{"name":"Bernd H\u00fcckst\u00e4dt","@id":"https:\/\/gradido.net\/de\/#\/schema\/person\/9c503a004ad15a1ddecadce2218db5d1"},"headline":"Selbstorganisation in Organisationen der neuen Zeit","datePublished":"2024-09-02T06:54:09+00:00","dateModified":"2026-04-24T05:56:03+00:00","mainEntityOfPage":{"@id":"https:\/\/gradido.net\/selbstorganisation-in-organisationen-der-neuen-zeit\/"},"wordCount":438,"publisher":{"@id":"https:\/\/gradido.net\/de\/#organization"},"image":{"@id":"https:\/\/gradido.net\/selbstorganisation-in-organisationen-der-neuen-zeit\/#primaryimage"},"thumbnailUrl":"https:\/\/gradido.net\/wp-content\/uploads\/2024\/09\/SWARM.jpg","articleSection":["Blog","Community"],"inLanguage":"pl-PL"},{"@type":"WebPage","@id":"https:\/\/gradido.net\/selbstorganisation-in-organisationen-der-neuen-zeit\/","url":"https:\/\/gradido.net\/selbstorganisation-in-organisationen-der-neuen-zeit\/","name":"Samoorganizacja w organizacjach nowej ery - Gradido","isPartOf":{"@id":"https:\/\/gradido.net\/de\/#website"},"primaryImageOfPage":{"@id":"https:\/\/gradido.net\/selbstorganisation-in-organisationen-der-neuen-zeit\/#primaryimage"},"image":{"@id":"https:\/\/gradido.net\/selbstorganisation-in-organisationen-der-neuen-zeit\/#primaryimage"},"thumbnailUrl":"https:\/\/gradido.net\/wp-content\/uploads\/2024\/09\/SWARM.jpg","datePublished":"2024-09-02T06:54:09+00:00","dateModified":"2026-04-24T05:56:03+00:00","description":"Era hierarchicznych organizacji dobieg\u0142a ko\u0144ca. Ludzie w \"nowej erze\" maj\u0105 silne pragnienie spotykania si\u0119 ze sob\u0105 na poziomie oczu, organizowania si\u0119 i robienia tego bez hierarchii, gdy tylko jest to mo\u017cliwe.","breadcrumb":{"@id":"https:\/\/gradido.net\/selbstorganisation-in-organisationen-der-neuen-zeit\/#breadcrumb"},"inLanguage":"pl-PL","potentialAction":[{"@type":"ReadAction","target":["https:\/\/gradido.net\/selbstorganisation-in-organisationen-der-neuen-zeit\/"]}]},{"@type":"ImageObject","inLanguage":"pl-PL","@id":"https:\/\/gradido.net\/selbstorganisation-in-organisationen-der-neuen-zeit\/#primaryimage","url":"https:\/\/gradido.net\/wp-content\/uploads\/2024\/09\/SWARM.jpg","contentUrl":"https:\/\/gradido.net\/wp-content\/uploads\/2024\/09\/SWARM.jpg","width":1200,"height":600},{"@type":"BreadcrumbList","@id":"https:\/\/gradido.net\/selbstorganisation-in-organisationen-der-neuen-zeit\/#breadcrumb","itemListElement":[{"@type":"ListItem","position":1,"name":"Startseite","item":"https:\/\/gradido.net\/"},{"@type":"ListItem","position":2,"name":"Selbstorganisation in Organisationen der neuen Zeit"}]},{"@type":"WebSite","@id":"https:\/\/gradido.net\/de\/#website","url":"https:\/\/gradido.net\/de\/","name":"Gradido","description":"Now\u0105 walut\u0105 jest wdzi\u0119czno\u015b\u0107","publisher":{"@id":"https:\/\/gradido.net\/de\/#organization"},"potentialAction":[{"@type":"SearchAction","target":{"@type":"EntryPoint","urlTemplate":"https:\/\/gradido.net\/de\/?s={search_term_string}"},"query-input":{"@type":"PropertyValueSpecification","valueRequired":true,"valueName":"search_term_string"}}],"inLanguage":"pl-PL"},{"@type":"Organization","@id":"https:\/\/gradido.net\/de\/#organization","name":"Gradido","url":"https:\/\/gradido.net\/de\/","logo":{"@type":"ImageObject","inLanguage":"pl-PL","@id":"https:\/\/gradido.net\/de\/#\/schema\/logo\/image\/","url":"https:\/\/gradido.net\/wp-content\/uploads\/2022\/04\/gradido-social.jpg","contentUrl":"https:\/\/gradido.net\/wp-content\/uploads\/2022\/04\/gradido-social.jpg","width":527,"height":273,"caption":"Gradido"},"image":{"@id":"https:\/\/gradido.net\/de\/#\/schema\/logo\/image\/"}},{"@type":"Person","@id":"https:\/\/gradido.net\/de\/#\/schema\/person\/9c503a004ad15a1ddecadce2218db5d1","name":"Bernd H\u00fcckst\u00e4dt","sameAs":["https:\/\/gradido.net"],"url":"https:\/\/gradido.net\/pl\/author\/bernd\/"}]}},"_links":{"self":[{"href":"https:\/\/gradido.net\/pl\/wp-json\/wp\/v2\/posts\/9486","targetHints":{"allow":["GET"]}}],"collection":[{"href":"https:\/\/gradido.net\/pl\/wp-json\/wp\/v2\/posts"}],"about":[{"href":"https:\/\/gradido.net\/pl\/wp-json\/wp\/v2\/types\/post"}],"author":[{"embeddable":true,"href":"https:\/\/gradido.net\/pl\/wp-json\/wp\/v2\/users\/2"}],"replies":[{"embeddable":true,"href":"https:\/\/gradido.net\/pl\/wp-json\/wp\/v2\/comments?post=9486"}],"version-history":[{"count":17,"href":"https:\/\/gradido.net\/pl\/wp-json\/wp\/v2\/posts\/9486\/revisions"}],"predecessor-version":[{"id":9506,"href":"https:\/\/gradido.net\/pl\/wp-json\/wp\/v2\/posts\/9486\/revisions\/9506"}],"wp:featuredmedia":[{"embeddable":true,"href":"https:\/\/gradido.net\/pl\/wp-json\/wp\/v2\/media\/9487"}],"wp:attachment":[{"href":"https:\/\/gradido.net\/pl\/wp-json\/wp\/v2\/media?parent=9486"}],"wp:term":[{"taxonomy":"category","embeddable":true,"href":"https:\/\/gradido.net\/pl\/wp-json\/wp\/v2\/categories?post=9486"},{"taxonomy":"post_tag","embeddable":true,"href":"https:\/\/gradido.net\/pl\/wp-json\/wp\/v2\/tags?post=9486"}],"curies":[{"name":"wp","href":"https:\/\/api.w.org\/{rel}","templated":true}]}}