{"id":10264,"date":"2025-04-16T16:28:00","date_gmt":"2025-04-16T14:28:00","guid":{"rendered":"https:\/\/gradido.net\/?p=10264"},"modified":"2026-04-24T07:24:28","modified_gmt":"2026-04-24T05:24:28","slug":"gms1","status":"publish","type":"post","link":"https:\/\/gradido.net\/pt\/gms1\/","title":{"rendered":"Juntos em vez de solit\u00e1rios - encontre pessoas com a mesma opini\u00e3o na sua vizinhan\u00e7a"},"content":{"rendered":"<div data-elementor-type=\"wp-post\" data-elementor-id=\"10264\" class=\"elementor elementor-10264\" data-elementor-post-type=\"post\">\n\t\t\t\t\t\t<section class=\"elementor-section elementor-top-section elementor-element elementor-element-496e1d53 elementor-section-boxed elementor-section-height-default elementor-section-height-default\" data-id=\"496e1d53\" data-element_type=\"section\" data-e-type=\"section\">\n\t\t\t\t\t\t<div class=\"elementor-container elementor-column-gap-default\">\n\t\t\t\t\t<div class=\"elementor-column elementor-col-100 elementor-top-column elementor-element elementor-element-461d7be0\" data-id=\"461d7be0\" data-element_type=\"column\" data-e-type=\"column\">\n\t\t\t<div class=\"elementor-widget-wrap elementor-element-populated\">\n\t\t\t\t\t\t<div class=\"elementor-element elementor-element-cd9ebe2 elementor-widget elementor-widget-text-editor\" data-id=\"cd9ebe2\" data-element_type=\"widget\" data-e-type=\"widget\" data-widget_type=\"text-editor.default\">\n\t\t\t\t<div class=\"elementor-widget-container\">\n\t\t\t\t\t\t\t\t\t<p style=\"text-align: right;\"><em>\"Sozinhos podemos conseguir t\u00e3o pouco, juntos podemos conseguir tanto.\"<br \/>- Helen Keller<\/em><\/p><p>Caro leitor,<\/p><p>Mil agradecimentos por estarem connosco - porque est\u00e3o empenhados na M\u00e3e Terra, nos vossos semelhantes e nas gera\u00e7\u00f5es futuras. \u00c9 maravilhoso que fa\u00e7am parte da nossa crescente fam\u00edlia Gradido!<\/p><p>Tamb\u00e9m conhece este sentimento? Est\u00e1 totalmente empenhado na paz, na liberdade e num futuro que valha a pena viver em harmonia com a natureza. Mas, por vezes, sente-se sozinho no seu caminho porque n\u00e3o sabe onde vivem as pessoas que partilham os seus valores e vis\u00f5es no seu bairro.<\/p><p>Agora h\u00e1 uma solu\u00e7\u00e3o simples - rufar de tambores - diiieee...<\/p><h2>Pesquisa geogr\u00e1fica de membros (GMS)<\/h2><p>Com muita alegria e empenho, a nossa equipa de programadores da Gradido Academy criou esta nova oportunidade para lhe facilitar ao m\u00e1ximo o contacto com pessoas que partilham as mesmas ideias na sua regi\u00e3o.<\/p><h3>Encontrar entes queridos no seu bairro:<\/h3><p><a href=\"https:\/\/gdd.gradido.net\/login\" target=\"_blank\" rel=\"noopener\">Iniciar sess\u00e3o na sua conta Gradido<\/a><\/p><p>Clique em \"Definir localiza\u00e7\u00e3o...\" diretamente na p\u00e1gina de resumo em \"Pesquisa geogr\u00e1fica de membros\".<\/p><p><img fetchpriority=\"high\" decoding=\"async\" class=\"alignnone size-full wp-image-10271\" src=\"https:\/\/gradido.net\/wp-content\/uploads\/2025\/04\/GMS_Standort-festlegen.jpg\" alt=\"\" width=\"600\" height=\"450\" srcset=\"https:\/\/gradido.net\/wp-content\/uploads\/2025\/04\/GMS_Standort-festlegen.jpg 600w, https:\/\/gradido.net\/wp-content\/uploads\/2025\/04\/GMS_Standort-festlegen-300x225.jpg 300w, https:\/\/gradido.net\/wp-content\/uploads\/2025\/04\/GMS_Standort-festlegen-16x12.jpg 16w\" sizes=\"(max-width: 600px) 100vw, 600px\" \/><\/p><p>Esta a\u00e7\u00e3o leva-o \u00e0s Defini\u00e7\u00f5es \/ C\u00edrculos e Pesquisa de membros.<br \/>Clique em \"Abrir mapa\":<\/p><p><img decoding=\"async\" class=\"alignnone size-large wp-image-10269\" src=\"https:\/\/gradido.net\/wp-content\/uploads\/2025\/04\/GMS_Karte-oeffnen.jpg\" alt=\"\" width=\"600\" height=\"450\" srcset=\"https:\/\/gradido.net\/wp-content\/uploads\/2025\/04\/GMS_Karte-oeffnen.jpg 600w, https:\/\/gradido.net\/wp-content\/uploads\/2025\/04\/GMS_Karte-oeffnen-300x225.jpg 300w, https:\/\/gradido.net\/wp-content\/uploads\/2025\/04\/GMS_Karte-oeffnen-16x12.jpg 16w\" sizes=\"(max-width: 600px) 100vw, 600px\" \/><\/p><p>Introduza a sua localiza\u00e7\u00e3o (canto superior esquerdo, lupa) e clique em \"Guardar localiza\u00e7\u00e3o\":<\/p><p><img decoding=\"async\" class=\"alignnone size-full wp-image-10267\" src=\"https:\/\/gradido.net\/wp-content\/uploads\/2025\/04\/GMS_Adresse-eingeben.jpg\" alt=\"\" width=\"600\" height=\"330\" srcset=\"https:\/\/gradido.net\/wp-content\/uploads\/2025\/04\/GMS_Adresse-eingeben.jpg 600w, https:\/\/gradido.net\/wp-content\/uploads\/2025\/04\/GMS_Adresse-eingeben-300x165.jpg 300w, https:\/\/gradido.net\/wp-content\/uploads\/2025\/04\/GMS_Adresse-eingeben-18x10.jpg 18w\" sizes=\"(max-width: 600px) 100vw, 600px\" \/><\/p><p>A partir de agora, encontrar\u00e1 o bot\u00e3o \"Abrir pesquisa de membros...\" na p\u00e1gina de resumo.<\/p><p><img loading=\"lazy\" decoding=\"async\" class=\"alignnone size-full wp-image-10270\" src=\"https:\/\/gradido.net\/wp-content\/uploads\/2025\/04\/GMS_Mitgliedssuche.jpg\" alt=\"\" width=\"600\" height=\"450\" srcset=\"https:\/\/gradido.net\/wp-content\/uploads\/2025\/04\/GMS_Mitgliedssuche.jpg 600w, https:\/\/gradido.net\/wp-content\/uploads\/2025\/04\/GMS_Mitgliedssuche-300x225.jpg 300w, https:\/\/gradido.net\/wp-content\/uploads\/2025\/04\/GMS_Mitgliedssuche-16x12.jpg 16w\" sizes=\"(max-width: 600px) 100vw, 600px\" \/><\/p><p>... a\u00ed pode ver no mapa outros membros do Gradido na sua \u00e1rea ou em qualquer outro local desejado.<\/p><p><strong>Para entrar em contacto<\/strong>clicar num alfinete. Abre-se ent\u00e3o uma janela com informa\u00e7\u00f5es sobre o participante. Basta enviar-lhe alguns Gradidos com uma mensagem simp\u00e1tica e os seus dados de contacto. <strong>\u00c9 assim que se conhecem uns aos outros...<\/strong><\/p><p>\u00a0<img loading=\"lazy\" decoding=\"async\" class=\"alignnone size-large wp-image-10268\" src=\"https:\/\/gradido.net\/wp-content\/uploads\/2025\/04\/GMS_Gradido_senden.jpg\" alt=\"\" width=\"600\" height=\"360\" srcset=\"https:\/\/gradido.net\/wp-content\/uploads\/2025\/04\/GMS_Gradido_senden.jpg 600w, https:\/\/gradido.net\/wp-content\/uploads\/2025\/04\/GMS_Gradido_senden-300x180.jpg 300w, https:\/\/gradido.net\/wp-content\/uploads\/2025\/04\/GMS_Gradido_senden-18x12.jpg 18w\" sizes=\"(max-width: 600px) 100vw, 600px\" \/> \u00a0\u00a0<\/p><h3>A sua privacidade \u00e9 importante para n\u00f3s:<\/h3><p>\u00c1rea protegida: a pesquisa de membros s\u00f3 \u00e9 acess\u00edvel aos membros.<br \/>Utilizamos deliberadamente o Open Street Map (em vez do Google Maps).<br \/>Por predefini\u00e7\u00e3o, a sua localiza\u00e7\u00e3o s\u00f3 \u00e9 apresentada de forma aproximada (cerca de 3 km de raio), a menos que pretenda partilhar a sua posi\u00e7\u00e3o exacta.<br \/>Aparecer\u00e1 um nome de utilizador em vez do seu nome verdadeiro.<br \/>Porqu\u00ea agir agora?<br \/>Neste momento, precisamos uns dos outros. Juntos seremos mais corajosos, mais fortes e mais bem sucedidos na concretiza\u00e7\u00e3o da nossa vis\u00e3o de um mundo novo, pac\u00edfico e harmonioso. Juntos, somos muito mais do que a soma das nossas partes individuais.<\/p><h3>Isto \u00e9 apenas o come\u00e7o<\/h3><p>A pesquisa de membros ainda \u00e9 \"experimental\". Alguns dos controlos ainda est\u00e3o em ingl\u00eas e talvez nem tudo funcione ainda na perfei\u00e7\u00e3o. Mas, em breve, pode esperar mais fun\u00e7\u00f5es fant\u00e1sticas, como ofertas e pedidos, eventos como os GradidoCaf\u00e9s ou mesmo op\u00e7\u00f5es de alojamento nas suas viagens.<\/p><p><strong>Imagine-se: Faz parte de uma rede mundial de pessoas amorosas e empenhadas, ligadas num sonho comum - a Nova Terra!<\/strong><\/p><h3>N\u00e3o fique mais isolado, encontre a sua comunidade! Hoje \u00e9 um bom dia para o fazer:<\/h3><p>\u2705 <a href=\"https:\/\/gdd.gradido.net\/login\" target=\"_blank\" rel=\"noopener\">Inicie sess\u00e3o na sua conta Gradido agora<\/a>,<br \/>\u2705 Introduza a sua localiza\u00e7\u00e3o ...\u00a0<br \/>\u2705 ...e descubra pessoas que partilham a mesma opini\u00e3o no seu bairro!<\/p><p>Obrigado do fundo do cora\u00e7\u00e3o por percorrerem este caminho connosco!<\/p><p>Cordiais cumprimentos\u00a0<\/p><p>O seu<\/p><p>Margret e Bernd<\/p>\t\t\t\t\t\t\t\t<\/div>\n\t\t\t\t<\/div>\n\t\t\t\t\t<\/div>\n\t\t<\/div>\n\t\t\t\t\t<\/div>\n\t\t<\/section>\n\t\t\t\t<section class=\"elementor-section elementor-top-section elementor-element elementor-element-14532fe elementor-section-boxed elementor-section-height-default elementor-section-height-default\" data-id=\"14532fe\" data-element_type=\"section\" data-e-type=\"section\">\n\t\t\t\t\t\t<div class=\"elementor-container elementor-column-gap-default\">\n\t\t\t\t\t<div class=\"elementor-column elementor-col-100 elementor-top-column elementor-element elementor-element-65d2298\" data-id=\"65d2298\" data-element_type=\"column\" data-e-type=\"column\">\n\t\t\t<div class=\"elementor-widget-wrap elementor-element-populated\">\n\t\t\t\t\t\t<div class=\"elementor-element elementor-element-bea124f elementor-widget elementor-widget-global elementor-global-9341 elementor-widget-text-editor\" data-id=\"bea124f\" data-element_type=\"widget\" data-e-type=\"widget\" data-widget_type=\"text-editor.default\">\n\t\t\t\t<div class=\"elementor-widget-container\">\n\t\t\t\t\t\t\t\t\t<p><strong>PS:\u00a0<span style=\"color: #ff6600;\"><a style=\"color: #ff6600;\" href=\"https:\/\/gradido.net\/pt\/donations\/\">Devido \u00e0 import\u00e2ncia cada vez maior do Gradido, repetimos a nossa campanha de agradecimento a 26 de junho de 2026:<\/a>\u00a0<\/span><span style=\"color: #0000ff;\"><a style=\"color: #0000ff;\" href=\"https:\/\/gradido.net\/pt\/donations\/\">Para al\u00e9m do GradidoTransform m\u00faltiplo pela sua contribui\u00e7\u00e3o de patroc\u00ednio, aumentaremos todos os saldos das contas GDT em 26% no dia 26\/06\/2016. Patrocine agora e aproveite o montante m\u00faltiplo de GDT!<\/a><\/span><\/strong><\/p>\t\t\t\t\t\t\t\t<\/div>\n\t\t\t\t<\/div>\n\t\t\t\t\t<\/div>\n\t\t<\/div>\n\t\t\t\t\t<\/div>\n\t\t<\/section>\n\t\t\t\t<section class=\"elementor-section elementor-top-section elementor-element elementor-element-29dfc07 elementor-section-boxed elementor-section-height-default elementor-section-height-default\" data-id=\"29dfc07\" data-element_type=\"section\" data-e-type=\"section\">\n\t\t\t\t\t\t<div class=\"elementor-container elementor-column-gap-default\">\n\t\t\t\t\t<div class=\"elementor-column elementor-col-100 elementor-top-column elementor-element elementor-element-d37ec5a\" data-id=\"d37ec5a\" data-element_type=\"column\" data-e-type=\"column\">\n\t\t\t<div class=\"elementor-widget-wrap\">\n\t\t\t\t\t\t\t<\/div>\n\t\t<\/div>\n\t\t\t\t\t<\/div>\n\t\t<\/section>\n\t\t\t\t<\/div>","protected":false},"excerpt":{"rendered":"<p>Tamb\u00e9m conhece este sentimento? Est\u00e1 totalmente empenhado na paz, na liberdade e num futuro que valha a pena viver em harmonia com a natureza. Mas, por vezes, sente-se sozinho no seu caminho porque n\u00e3o sabe onde vivem as pessoas que partilham os seus valores e vis\u00f5es na sua vizinhan\u00e7a. Agora h\u00e1 uma solu\u00e7\u00e3o simples...<\/p>","protected":false},"author":2,"featured_media":10265,"comment_status":"closed","ping_status":"closed","sticky":false,"template":"","format":"standard","meta":{"footnotes":""},"categories":[11,54,55],"tags":[22],"class_list":["post-10264","post","type-post","status-publish","format-standard","has-post-thumbnail","hentry","category-blog","category-community","category-gradido-konto","tag-bild-oben"],"yoast_head":"<!-- This site is optimized with the Yoast SEO plugin v27.4 - https:\/\/yoast.com\/product\/yoast-seo-wordpress\/ -->\n<title>Gemeinsam statt einsam \u2013 Finde Gleichgesinnte in Deiner N\u00e4he - Gradido<\/title>\n<meta name=\"description\" content=\"Kennst Du auch dieses Gef\u00fchl? Du engagierst Dich aus ganzem Herzen f\u00fcr Frieden, Freiheit und eine lebenswerte Zukunft in Harmonie mit der Natur. Doch Du f\u00fchlst Dich manchmal allein auf Deinem Weg, weil Du nicht wei\u00dft, wo in Deiner N\u00e4he Menschen leben, die Deine Werte und Visionen teilen. Jetzt ist eine einfache L\u00f6sung da\u2026\" \/>\n<meta name=\"robots\" content=\"index, follow, max-snippet:-1, max-image-preview:large, max-video-preview:-1\" \/>\n<link rel=\"canonical\" href=\"https:\/\/gradido.net\/pt\/gms1\/\" \/>\n<meta property=\"og:locale\" content=\"pt_PT\" \/>\n<meta property=\"og:type\" content=\"article\" \/>\n<meta property=\"og:title\" content=\"Gemeinsam statt einsam \u2013 Finde Gleichgesinnte in Deiner N\u00e4he - Gradido\" \/>\n<meta property=\"og:description\" content=\"Kennst Du auch dieses Gef\u00fchl? Du engagierst Dich aus ganzem Herzen f\u00fcr Frieden, Freiheit und eine lebenswerte Zukunft in Harmonie mit der Natur. Doch Du f\u00fchlst Dich manchmal allein auf Deinem Weg, weil Du nicht wei\u00dft, wo in Deiner N\u00e4he Menschen leben, die Deine Werte und Visionen teilen. Jetzt ist eine einfache L\u00f6sung da\u2026\" \/>\n<meta property=\"og:url\" content=\"https:\/\/gradido.net\/pt\/gms1\/\" \/>\n<meta property=\"og:site_name\" content=\"Gradido\" \/>\n<meta property=\"article:published_time\" content=\"2025-04-16T14:28:00+00:00\" \/>\n<meta property=\"article:modified_time\" content=\"2026-04-24T05:24:28+00:00\" \/>\n<meta property=\"og:image\" content=\"https:\/\/gradido.net\/wp-content\/uploads\/2025\/04\/GMS_Banner.jpg\" \/>\n\t<meta property=\"og:image:width\" content=\"1920\" \/>\n\t<meta property=\"og:image:height\" content=\"880\" \/>\n\t<meta property=\"og:image:type\" content=\"image\/jpeg\" \/>\n<meta name=\"author\" content=\"Bernd H\u00fcckst\u00e4dt\" \/>\n<meta name=\"twitter:card\" content=\"summary_large_image\" \/>\n<meta name=\"twitter:label1\" content=\"Escrito por\" \/>\n\t<meta name=\"twitter:data1\" content=\"Bernd H\u00fcckst\u00e4dt\" \/>\n\t<meta name=\"twitter:label2\" content=\"Tempo estimado de leitura\" \/>\n\t<meta name=\"twitter:data2\" content=\"4 minutos\" \/>\n<script type=\"application\/ld+json\" class=\"yoast-schema-graph\">{\"@context\":\"https:\\\/\\\/schema.org\",\"@graph\":[{\"@type\":\"Article\",\"@id\":\"https:\\\/\\\/gradido.net\\\/gms1\\\/#article\",\"isPartOf\":{\"@id\":\"https:\\\/\\\/gradido.net\\\/gms1\\\/\"},\"author\":{\"name\":\"Bernd H\u00fcckst\u00e4dt\",\"@id\":\"https:\\\/\\\/gradido.net\\\/de\\\/#\\\/schema\\\/person\\\/9c503a004ad15a1ddecadce2218db5d1\"},\"headline\":\"Gemeinsam statt einsam \u2013 Finde Gleichgesinnte in Deiner N\u00e4he\",\"datePublished\":\"2025-04-16T14:28:00+00:00\",\"dateModified\":\"2026-04-24T05:24:28+00:00\",\"mainEntityOfPage\":{\"@id\":\"https:\\\/\\\/gradido.net\\\/gms1\\\/\"},\"wordCount\":533,\"publisher\":{\"@id\":\"https:\\\/\\\/gradido.net\\\/de\\\/#organization\"},\"image\":{\"@id\":\"https:\\\/\\\/gradido.net\\\/gms1\\\/#primaryimage\"},\"thumbnailUrl\":\"https:\\\/\\\/gradido.net\\\/wp-content\\\/uploads\\\/2025\\\/04\\\/GMS_Banner.jpg\",\"keywords\":[\"Bild oben\"],\"articleSection\":[\"Blog\",\"Community\",\"Gradido-Konto\"],\"inLanguage\":\"pt-PT\"},{\"@type\":\"WebPage\",\"@id\":\"https:\\\/\\\/gradido.net\\\/gms1\\\/\",\"url\":\"https:\\\/\\\/gradido.net\\\/gms1\\\/\",\"name\":\"Gemeinsam statt einsam \u2013 Finde Gleichgesinnte in Deiner N\u00e4he - Gradido\",\"isPartOf\":{\"@id\":\"https:\\\/\\\/gradido.net\\\/de\\\/#website\"},\"primaryImageOfPage\":{\"@id\":\"https:\\\/\\\/gradido.net\\\/gms1\\\/#primaryimage\"},\"image\":{\"@id\":\"https:\\\/\\\/gradido.net\\\/gms1\\\/#primaryimage\"},\"thumbnailUrl\":\"https:\\\/\\\/gradido.net\\\/wp-content\\\/uploads\\\/2025\\\/04\\\/GMS_Banner.jpg\",\"datePublished\":\"2025-04-16T14:28:00+00:00\",\"dateModified\":\"2026-04-24T05:24:28+00:00\",\"description\":\"Kennst Du auch dieses Gef\u00fchl? Du engagierst Dich aus ganzem Herzen f\u00fcr Frieden, Freiheit und eine lebenswerte Zukunft in Harmonie mit der Natur. Doch Du f\u00fchlst Dich manchmal allein auf Deinem Weg, weil Du nicht wei\u00dft, wo in Deiner N\u00e4he Menschen leben, die Deine Werte und Visionen teilen. Jetzt ist eine einfache L\u00f6sung da\u2026\",\"breadcrumb\":{\"@id\":\"https:\\\/\\\/gradido.net\\\/gms1\\\/#breadcrumb\"},\"inLanguage\":\"pt-PT\",\"potentialAction\":[{\"@type\":\"ReadAction\",\"target\":[\"https:\\\/\\\/gradido.net\\\/gms1\\\/\"]}]},{\"@type\":\"ImageObject\",\"inLanguage\":\"pt-PT\",\"@id\":\"https:\\\/\\\/gradido.net\\\/gms1\\\/#primaryimage\",\"url\":\"https:\\\/\\\/gradido.net\\\/wp-content\\\/uploads\\\/2025\\\/04\\\/GMS_Banner.jpg\",\"contentUrl\":\"https:\\\/\\\/gradido.net\\\/wp-content\\\/uploads\\\/2025\\\/04\\\/GMS_Banner.jpg\",\"width\":1920,\"height\":880},{\"@type\":\"BreadcrumbList\",\"@id\":\"https:\\\/\\\/gradido.net\\\/gms1\\\/#breadcrumb\",\"itemListElement\":[{\"@type\":\"ListItem\",\"position\":1,\"name\":\"Startseite\",\"item\":\"https:\\\/\\\/gradido.net\\\/\"},{\"@type\":\"ListItem\",\"position\":2,\"name\":\"Gemeinsam statt einsam \u2013 Finde Gleichgesinnte in Deiner N\u00e4he\"}]},{\"@type\":\"WebSite\",\"@id\":\"https:\\\/\\\/gradido.net\\\/de\\\/#website\",\"url\":\"https:\\\/\\\/gradido.net\\\/de\\\/\",\"name\":\"Gradido\",\"description\":\"Die neue W\u00e4hrung hei\u00dft Dankbarkeit\",\"publisher\":{\"@id\":\"https:\\\/\\\/gradido.net\\\/de\\\/#organization\"},\"potentialAction\":[{\"@type\":\"SearchAction\",\"target\":{\"@type\":\"EntryPoint\",\"urlTemplate\":\"https:\\\/\\\/gradido.net\\\/de\\\/?s={search_term_string}\"},\"query-input\":{\"@type\":\"PropertyValueSpecification\",\"valueRequired\":true,\"valueName\":\"search_term_string\"}}],\"inLanguage\":\"pt-PT\"},{\"@type\":\"Organization\",\"@id\":\"https:\\\/\\\/gradido.net\\\/de\\\/#organization\",\"name\":\"Gradido\",\"url\":\"https:\\\/\\\/gradido.net\\\/de\\\/\",\"logo\":{\"@type\":\"ImageObject\",\"inLanguage\":\"pt-PT\",\"@id\":\"https:\\\/\\\/gradido.net\\\/de\\\/#\\\/schema\\\/logo\\\/image\\\/\",\"url\":\"https:\\\/\\\/gradido.net\\\/wp-content\\\/uploads\\\/2022\\\/04\\\/gradido-social.jpg\",\"contentUrl\":\"https:\\\/\\\/gradido.net\\\/wp-content\\\/uploads\\\/2022\\\/04\\\/gradido-social.jpg\",\"width\":527,\"height\":273,\"caption\":\"Gradido\"},\"image\":{\"@id\":\"https:\\\/\\\/gradido.net\\\/de\\\/#\\\/schema\\\/logo\\\/image\\\/\"}},{\"@type\":\"Person\",\"@id\":\"https:\\\/\\\/gradido.net\\\/de\\\/#\\\/schema\\\/person\\\/9c503a004ad15a1ddecadce2218db5d1\",\"name\":\"Bernd H\u00fcckst\u00e4dt\",\"sameAs\":[\"https:\\\/\\\/gradido.net\"],\"url\":\"https:\\\/\\\/gradido.net\\\/pt\\\/author\\\/bernd\\\/\"}]}<\/script>\n<!-- \/ Yoast SEO plugin. -->","yoast_head_json":{"title":"Juntos em vez de solit\u00e1rios - Encontre pessoas que pensam como voc\u00ea no seu bairro - Gradido","description":"Tamb\u00e9m conhece este sentimento? Est\u00e1 totalmente empenhado na paz, na liberdade e num futuro que valha a pena viver em harmonia com a natureza. Mas, por vezes, sente-se sozinho no seu caminho porque n\u00e3o sabe onde vivem as pessoas que partilham os seus valores e vis\u00f5es na sua vizinhan\u00e7a. Agora h\u00e1 uma solu\u00e7\u00e3o simples...","robots":{"index":"index","follow":"follow","max-snippet":"max-snippet:-1","max-image-preview":"max-image-preview:large","max-video-preview":"max-video-preview:-1"},"canonical":"https:\/\/gradido.net\/pt\/gms1\/","og_locale":"pt_PT","og_type":"article","og_title":"Gemeinsam statt einsam \u2013 Finde Gleichgesinnte in Deiner N\u00e4he - Gradido","og_description":"Kennst Du auch dieses Gef\u00fchl? Du engagierst Dich aus ganzem Herzen f\u00fcr Frieden, Freiheit und eine lebenswerte Zukunft in Harmonie mit der Natur. Doch Du f\u00fchlst Dich manchmal allein auf Deinem Weg, weil Du nicht wei\u00dft, wo in Deiner N\u00e4he Menschen leben, die Deine Werte und Visionen teilen. Jetzt ist eine einfache L\u00f6sung da\u2026","og_url":"https:\/\/gradido.net\/pt\/gms1\/","og_site_name":"Gradido","article_published_time":"2025-04-16T14:28:00+00:00","article_modified_time":"2026-04-24T05:24:28+00:00","og_image":[{"width":1920,"height":880,"url":"https:\/\/gradido.net\/wp-content\/uploads\/2025\/04\/GMS_Banner.jpg","type":"image\/jpeg"}],"author":"Bernd H\u00fcckst\u00e4dt","twitter_card":"summary_large_image","twitter_misc":{"Escrito por":"Bernd H\u00fcckst\u00e4dt","Tempo estimado de leitura":"4 minutos"},"schema":{"@context":"https:\/\/schema.org","@graph":[{"@type":"Article","@id":"https:\/\/gradido.net\/gms1\/#article","isPartOf":{"@id":"https:\/\/gradido.net\/gms1\/"},"author":{"name":"Bernd H\u00fcckst\u00e4dt","@id":"https:\/\/gradido.net\/de\/#\/schema\/person\/9c503a004ad15a1ddecadce2218db5d1"},"headline":"Gemeinsam statt einsam \u2013 Finde Gleichgesinnte in Deiner N\u00e4he","datePublished":"2025-04-16T14:28:00+00:00","dateModified":"2026-04-24T05:24:28+00:00","mainEntityOfPage":{"@id":"https:\/\/gradido.net\/gms1\/"},"wordCount":533,"publisher":{"@id":"https:\/\/gradido.net\/de\/#organization"},"image":{"@id":"https:\/\/gradido.net\/gms1\/#primaryimage"},"thumbnailUrl":"https:\/\/gradido.net\/wp-content\/uploads\/2025\/04\/GMS_Banner.jpg","keywords":["Bild oben"],"articleSection":["Blog","Community","Gradido-Konto"],"inLanguage":"pt-PT"},{"@type":"WebPage","@id":"https:\/\/gradido.net\/gms1\/","url":"https:\/\/gradido.net\/gms1\/","name":"Juntos em vez de solit\u00e1rios - Encontre pessoas que pensam como voc\u00ea no seu bairro - Gradido","isPartOf":{"@id":"https:\/\/gradido.net\/de\/#website"},"primaryImageOfPage":{"@id":"https:\/\/gradido.net\/gms1\/#primaryimage"},"image":{"@id":"https:\/\/gradido.net\/gms1\/#primaryimage"},"thumbnailUrl":"https:\/\/gradido.net\/wp-content\/uploads\/2025\/04\/GMS_Banner.jpg","datePublished":"2025-04-16T14:28:00+00:00","dateModified":"2026-04-24T05:24:28+00:00","description":"Tamb\u00e9m conhece este sentimento? Est\u00e1 totalmente empenhado na paz, na liberdade e num futuro que valha a pena viver em harmonia com a natureza. Mas, por vezes, sente-se sozinho no seu caminho porque n\u00e3o sabe onde vivem as pessoas que partilham os seus valores e vis\u00f5es na sua vizinhan\u00e7a. Agora h\u00e1 uma solu\u00e7\u00e3o simples...","breadcrumb":{"@id":"https:\/\/gradido.net\/gms1\/#breadcrumb"},"inLanguage":"pt-PT","potentialAction":[{"@type":"ReadAction","target":["https:\/\/gradido.net\/gms1\/"]}]},{"@type":"ImageObject","inLanguage":"pt-PT","@id":"https:\/\/gradido.net\/gms1\/#primaryimage","url":"https:\/\/gradido.net\/wp-content\/uploads\/2025\/04\/GMS_Banner.jpg","contentUrl":"https:\/\/gradido.net\/wp-content\/uploads\/2025\/04\/GMS_Banner.jpg","width":1920,"height":880},{"@type":"BreadcrumbList","@id":"https:\/\/gradido.net\/gms1\/#breadcrumb","itemListElement":[{"@type":"ListItem","position":1,"name":"Startseite","item":"https:\/\/gradido.net\/"},{"@type":"ListItem","position":2,"name":"Gemeinsam statt einsam \u2013 Finde Gleichgesinnte in Deiner N\u00e4he"}]},{"@type":"WebSite","@id":"https:\/\/gradido.net\/de\/#website","url":"https:\/\/gradido.net\/de\/","name":"Gradido","description":"A nova moeda \u00e9 a gratid\u00e3o","publisher":{"@id":"https:\/\/gradido.net\/de\/#organization"},"potentialAction":[{"@type":"SearchAction","target":{"@type":"EntryPoint","urlTemplate":"https:\/\/gradido.net\/de\/?s={search_term_string}"},"query-input":{"@type":"PropertyValueSpecification","valueRequired":true,"valueName":"search_term_string"}}],"inLanguage":"pt-PT"},{"@type":"Organization","@id":"https:\/\/gradido.net\/de\/#organization","name":"Gradido","url":"https:\/\/gradido.net\/de\/","logo":{"@type":"ImageObject","inLanguage":"pt-PT","@id":"https:\/\/gradido.net\/de\/#\/schema\/logo\/image\/","url":"https:\/\/gradido.net\/wp-content\/uploads\/2022\/04\/gradido-social.jpg","contentUrl":"https:\/\/gradido.net\/wp-content\/uploads\/2022\/04\/gradido-social.jpg","width":527,"height":273,"caption":"Gradido"},"image":{"@id":"https:\/\/gradido.net\/de\/#\/schema\/logo\/image\/"}},{"@type":"Person","@id":"https:\/\/gradido.net\/de\/#\/schema\/person\/9c503a004ad15a1ddecadce2218db5d1","name":"Bernd H\u00fcckst\u00e4dt","sameAs":["https:\/\/gradido.net"],"url":"https:\/\/gradido.net\/pt\/author\/bernd\/"}]}},"_links":{"self":[{"href":"https:\/\/gradido.net\/pt\/wp-json\/wp\/v2\/posts\/10264","targetHints":{"allow":["GET"]}}],"collection":[{"href":"https:\/\/gradido.net\/pt\/wp-json\/wp\/v2\/posts"}],"about":[{"href":"https:\/\/gradido.net\/pt\/wp-json\/wp\/v2\/types\/post"}],"author":[{"embeddable":true,"href":"https:\/\/gradido.net\/pt\/wp-json\/wp\/v2\/users\/2"}],"replies":[{"embeddable":true,"href":"https:\/\/gradido.net\/pt\/wp-json\/wp\/v2\/comments?post=10264"}],"version-history":[{"count":12,"href":"https:\/\/gradido.net\/pt\/wp-json\/wp\/v2\/posts\/10264\/revisions"}],"predecessor-version":[{"id":13576,"href":"https:\/\/gradido.net\/pt\/wp-json\/wp\/v2\/posts\/10264\/revisions\/13576"}],"wp:featuredmedia":[{"embeddable":true,"href":"https:\/\/gradido.net\/pt\/wp-json\/wp\/v2\/media\/10265"}],"wp:attachment":[{"href":"https:\/\/gradido.net\/pt\/wp-json\/wp\/v2\/media?parent=10264"}],"wp:term":[{"taxonomy":"category","embeddable":true,"href":"https:\/\/gradido.net\/pt\/wp-json\/wp\/v2\/categories?post=10264"},{"taxonomy":"post_tag","embeddable":true,"href":"https:\/\/gradido.net\/pt\/wp-json\/wp\/v2\/tags?post=10264"}],"curies":[{"name":"wp","href":"https:\/\/api.w.org\/{rel}","templated":true}]}}