{"id":11499,"date":"2025-09-05T16:51:50","date_gmt":"2025-09-05T14:51:50","guid":{"rendered":"https:\/\/gradido.net\/?p=11499"},"modified":"2026-04-24T07:21:13","modified_gmt":"2026-04-24T05:21:13","slug":"werde-mutmacher-teile-deine-gradido-geschichte","status":"publish","type":"post","link":"https:\/\/gradido.net\/pt\/werde-mutmacher-teile-deine-gradido-geschichte\/","title":{"rendered":"Torne-se um incentivador: partilhe a sua hist\u00f3ria Gradido!"},"content":{"rendered":"<div data-elementor-type=\"wp-post\" data-elementor-id=\"11499\" class=\"elementor elementor-11499\" data-elementor-post-type=\"post\">\n\t\t\t\t\t\t<section class=\"elementor-section elementor-top-section elementor-element elementor-element-496e1d53 elementor-section-boxed elementor-section-height-default elementor-section-height-default\" data-id=\"496e1d53\" data-element_type=\"section\" data-e-type=\"section\">\n\t\t\t\t\t\t<div class=\"elementor-container elementor-column-gap-default\">\n\t\t\t\t\t<div class=\"elementor-column elementor-col-100 elementor-top-column elementor-element elementor-element-461d7be0\" data-id=\"461d7be0\" data-element_type=\"column\" data-e-type=\"column\">\n\t\t\t<div class=\"elementor-widget-wrap elementor-element-populated\">\n\t\t\t\t\t\t<div class=\"elementor-element elementor-element-cd9ebe2 elementor-widget elementor-widget-text-editor\" data-id=\"cd9ebe2\" data-element_type=\"widget\" data-e-type=\"widget\" data-widget_type=\"text-editor.default\">\n\t\t\t\t<div class=\"elementor-widget-container\">\n\t\t\t\t\t\t\t\t\t<p style=\"text-align: right;\"><em>\"Nada no mundo \u00e9 t\u00e3o poderoso como uma ideia cujo tempo chegou.\"<\/em> <br \/><em>-\u00a0<\/em><i>\u00a0Victor Hugo<\/i><\/p><p>Caro futuro modelador,<\/p><p>Cada vez mais pessoas anseiam por viver em prosperidade, paz e liberdade - ligadas a si pr\u00f3prias, \u00e0 comunidade e \u00e0 natureza. Tamb\u00e9m tu encontraste o teu caminho para Gradido porque um sonho vive dentro de ti: a vis\u00e3o de um mundo justo em que vale a pena viver para todos, hoje e para as gera\u00e7\u00f5es futuras.<\/p><h3>Mas talvez tamb\u00e9m conhe\u00e7as aquela sensa\u00e7\u00e3o de enjoo:<\/h3><p>O velho sistema monet\u00e1rio cria pobreza, inseguran\u00e7a e divis\u00e3o - e por vezes perguntamo-nos: O que \u00e9 que eu posso fazer como indiv\u00edduo? E se o meu desejo de liga\u00e7\u00e3o e significado n\u00e3o for ouvido?<\/p><h2>N\u00e3o est\u00e1 sozinho!<\/h2><p>Em todo o mundo, um movimento de pessoas empenhadas est\u00e1 a despertar e a desbravar novos caminhos em conjunto. Com Gradido - e especialmente consigo! Em cada vez mais pequenos grupos, c\u00edrculos de amigos e \"c\u00edrculos Gradido\", as pessoas est\u00e3o a trabalhar em rede de forma descentralizada, fortalecendo-se mutuamente e moldando a Nova Terra passo a passo.<\/p><p>Aprendemos como funciona a natureza viva - e desenvolvemos o modelo Gradido para a prosperidade global a partir disso: incluindo uma plataforma descentralizada segura e moderna e uma opera\u00e7\u00e3o simples.<\/p><h2>Agora convidamo-lo:<\/h2><p>Lembra-te do que te levou a Gradido. O que desejas para um mundo de paz e de liberdade? O que inspira o teu cora\u00e7\u00e3o?<\/p><p><strong>Partilhe os seus pensamentos, a sua hist\u00f3ria, os seus desejos!<\/strong><\/p><p>Basta enviar-nos uma mensagem de correio eletr\u00f3nico - espont\u00e2nea, breve ou pormenorizada, com ou sem nome (como quiser - a sua privacidade conta!).<\/p><p><strong>Publicaremos as melhores e mais encorajadoras participa\u00e7\u00f5es - anonimamente, se assim o desejar - nas pr\u00f3ximas newsletters e no nosso blogue. <\/strong><\/p><p>Juntos podemos fazer crescer o ramo de esperan\u00e7a e de hist\u00f3rias reais que inspirar\u00e3o muitos mais a fazer parte deste movimento.<\/p><p>Aqueles que n\u00e3o escrevem perdem a oportunidade de deixar a sua luz brilhar e experimentar uma verdadeira liga\u00e7\u00e3o. Aqueles que respondem d\u00e3o coragem, novas perspectivas e tornam-se parte de uma comunidade crescente e poderosa que est\u00e1 a moldar a Nova Terra.<\/p><h3>Fa\u00e7a parte dela - estamos ansiosos por o ouvir!<\/h3><p><strong>Envie o seu correio para: <a href=\"mailto:support@gradido.net\">support@gradido.net<\/a><\/strong><\/p><p>Juntos crescemos para al\u00e9m de n\u00f3s pr\u00f3prios!<\/p><p>Com profunda gratid\u00e3o e solidariedade<\/p>\t\t\t\t\t\t\t\t<\/div>\n\t\t\t\t<\/div>\n\t\t\t\t<div class=\"elementor-element elementor-element-d74dfa0 elementor-widget elementor-widget-text-editor\" data-id=\"d74dfa0\" data-element_type=\"widget\" data-e-type=\"widget\" data-widget_type=\"text-editor.default\">\n\t\t\t\t<div class=\"elementor-widget-container\">\n\t\t\t\t\t\t\t\t\t<div data-pm-slice=\"1 1 []\" data-en-clipboard=\"true\"><p><span style=\"font-family: -apple-system, BlinkMacSystemFont, 'Segoe UI', Roboto, 'Helvetica Neue', Arial, 'Noto Sans', sans-serif, 'Apple Color Emoji', 'Segoe UI Emoji', 'Segoe UI Symbol', 'Noto Color Emoji';\">O seu<\/span><\/p><\/div><p><img decoding=\"async\" class=\"alignnone wp-image-4614 size-medium\" src=\"https:\/\/gradido.net\/wp-content\/uploads\/2022\/06\/MargretBernd_2022-300x74.png\" alt=\"\" width=\"300\" height=\"74\" srcset=\"https:\/\/gradido.net\/wp-content\/uploads\/2022\/06\/MargretBernd_2022-300x74.png 300w, https:\/\/gradido.net\/wp-content\/uploads\/2022\/06\/MargretBernd_2022-18x4.png 18w, https:\/\/gradido.net\/wp-content\/uploads\/2022\/06\/MargretBernd_2022.png 431w\" sizes=\"(max-width: 300px) 100vw, 300px\" \/><\/p><p>Margret Baier e Bernd H\u00fcckst\u00e4dt<br \/>Fundador e criador da Gradido<\/p>\t\t\t\t\t\t\t\t<\/div>\n\t\t\t\t<\/div>\n\t\t\t\t\t<\/div>\n\t\t<\/div>\n\t\t\t\t\t<\/div>\n\t\t<\/section>\n\t\t\t\t<section class=\"elementor-section elementor-top-section elementor-element elementor-element-14532fe elementor-section-boxed elementor-section-height-default elementor-section-height-default\" data-id=\"14532fe\" data-element_type=\"section\" data-e-type=\"section\">\n\t\t\t\t\t\t<div class=\"elementor-container elementor-column-gap-default\">\n\t\t\t\t\t<div class=\"elementor-column elementor-col-100 elementor-top-column elementor-element elementor-element-65d2298\" data-id=\"65d2298\" data-element_type=\"column\" data-e-type=\"column\">\n\t\t\t<div class=\"elementor-widget-wrap elementor-element-populated\">\n\t\t\t\t\t\t<div class=\"elementor-element elementor-element-bea124f elementor-widget elementor-widget-global elementor-global-9341 elementor-widget-text-editor\" data-id=\"bea124f\" data-element_type=\"widget\" data-e-type=\"widget\" data-widget_type=\"text-editor.default\">\n\t\t\t\t<div class=\"elementor-widget-container\">\n\t\t\t\t\t\t\t\t\t<p><strong>PS:\u00a0<span style=\"color: #ff6600;\"><a style=\"color: #ff6600;\" href=\"https:\/\/gradido.net\/pt\/donations\/\">Devido \u00e0 import\u00e2ncia cada vez maior do Gradido, repetimos a nossa campanha de agradecimento a 26 de junho de 2026:<\/a>\u00a0<\/span><span style=\"color: #0000ff;\"><a style=\"color: #0000ff;\" href=\"https:\/\/gradido.net\/pt\/donations\/\">Para al\u00e9m do GradidoTransform m\u00faltiplo pela sua contribui\u00e7\u00e3o de patroc\u00ednio, aumentaremos todos os saldos das contas GDT em 26% no dia 26\/06\/2016. Patrocine agora e aproveite o montante m\u00faltiplo de GDT!<\/a><\/span><\/strong><\/p>\t\t\t\t\t\t\t\t<\/div>\n\t\t\t\t<\/div>\n\t\t\t\t\t<\/div>\n\t\t<\/div>\n\t\t\t\t\t<\/div>\n\t\t<\/section>\n\t\t\t\t<section class=\"elementor-section elementor-top-section elementor-element elementor-element-29dfc07 elementor-section-boxed elementor-section-height-default elementor-section-height-default\" data-id=\"29dfc07\" data-element_type=\"section\" data-e-type=\"section\">\n\t\t\t\t\t\t<div class=\"elementor-container elementor-column-gap-default\">\n\t\t\t\t\t<div class=\"elementor-column elementor-col-100 elementor-top-column elementor-element elementor-element-d37ec5a\" data-id=\"d37ec5a\" data-element_type=\"column\" data-e-type=\"column\">\n\t\t\t<div class=\"elementor-widget-wrap\">\n\t\t\t\t\t\t\t<\/div>\n\t\t<\/div>\n\t\t\t\t\t<\/div>\n\t\t<\/section>\n\t\t\t\t<section class=\"elementor-section elementor-top-section elementor-element elementor-element-b3bbb9b elementor-section-boxed elementor-section-height-default elementor-section-height-default\" data-id=\"b3bbb9b\" data-element_type=\"section\" data-e-type=\"section\">\n\t\t\t\t\t\t<div class=\"elementor-container elementor-column-gap-default\">\n\t\t\t\t\t<div class=\"elementor-column elementor-col-100 elementor-top-column elementor-element elementor-element-a7e88ad\" data-id=\"a7e88ad\" data-element_type=\"column\" data-e-type=\"column\">\n\t\t\t<div class=\"elementor-widget-wrap\">\n\t\t\t\t\t\t\t<\/div>\n\t\t<\/div>\n\t\t\t\t\t<\/div>\n\t\t<\/section>\n\t\t\t\t<\/div>","protected":false},"excerpt":{"rendered":"<p>Publicaremos as suas melhores e mais encorajadoras participa\u00e7\u00f5es nas pr\u00f3ximas newsletters e no nosso blogue. Desta forma, juntos podemos fazer crescer o ramo de esperan\u00e7a e de hist\u00f3rias reais que ir\u00e3o inspirar muitos mais a fazer parte deste movimento.<\/p>","protected":false},"author":2,"featured_media":8453,"comment_status":"closed","ping_status":"closed","sticky":false,"template":"","format":"standard","meta":{"footnotes":""},"categories":[11,54],"tags":[],"class_list":["post-11499","post","type-post","status-publish","format-standard","has-post-thumbnail","hentry","category-blog","category-community"],"yoast_head":"<!-- This site is optimized with the Yoast SEO plugin v27.5 - https:\/\/yoast.com\/product\/yoast-seo-wordpress\/ -->\n<title>Werde Mutmacher: Teile Deine Gradido-Geschichte! - Gradido<\/title>\n<meta name=\"description\" content=\"Eure sch\u00f6nsten, mutmachendsten Einsendungen ver\u00f6ffentlichen wir in kommenden Newslettern und auf unserem Blog. So k\u00f6nnen wir gemeinsam den Blumenstrau\u00df der Hoffnung und echten Geschichten wachsen lassen, der noch viele andere inspiriert, Teil dieser Bewegung zu werden.\" \/>\n<meta name=\"robots\" content=\"index, follow, max-snippet:-1, max-image-preview:large, max-video-preview:-1\" \/>\n<link rel=\"canonical\" href=\"https:\/\/gradido.net\/pt\/werde-mutmacher-teile-deine-gradido-geschichte\/\" \/>\n<meta property=\"og:locale\" content=\"pt_PT\" \/>\n<meta property=\"og:type\" content=\"article\" \/>\n<meta property=\"og:title\" content=\"Werde Mutmacher: Teile Deine Gradido-Geschichte! - Gradido\" \/>\n<meta property=\"og:description\" content=\"Eure sch\u00f6nsten, mutmachendsten Einsendungen ver\u00f6ffentlichen wir in kommenden Newslettern und auf unserem Blog. So k\u00f6nnen wir gemeinsam den Blumenstrau\u00df der Hoffnung und echten Geschichten wachsen lassen, der noch viele andere inspiriert, Teil dieser Bewegung zu werden.\" \/>\n<meta property=\"og:url\" content=\"https:\/\/gradido.net\/pt\/werde-mutmacher-teile-deine-gradido-geschichte\/\" \/>\n<meta property=\"og:site_name\" content=\"Gradido\" \/>\n<meta property=\"article:published_time\" content=\"2025-09-05T14:51:50+00:00\" \/>\n<meta property=\"article:modified_time\" content=\"2026-04-24T05:21:13+00:00\" \/>\n<meta property=\"og:image\" content=\"https:\/\/gradido.net\/wp-content\/uploads\/2023\/12\/AdobeStock_623322374-scaled.jpeg\" \/>\n\t<meta property=\"og:image:width\" content=\"2560\" \/>\n\t<meta property=\"og:image:height\" content=\"640\" \/>\n\t<meta property=\"og:image:type\" content=\"image\/jpeg\" \/>\n<meta name=\"author\" content=\"Bernd H\u00fcckst\u00e4dt\" \/>\n<meta name=\"twitter:card\" content=\"summary_large_image\" \/>\n<meta name=\"twitter:label1\" content=\"Escrito por\" \/>\n\t<meta name=\"twitter:data1\" content=\"Bernd H\u00fcckst\u00e4dt\" \/>\n\t<meta name=\"twitter:label2\" content=\"Tempo estimado de leitura\" \/>\n\t<meta name=\"twitter:data2\" content=\"3 minutos\" \/>\n<script type=\"application\/ld+json\" class=\"yoast-schema-graph\">{\"@context\":\"https:\\\/\\\/schema.org\",\"@graph\":[{\"@type\":\"Article\",\"@id\":\"https:\\\/\\\/gradido.net\\\/werde-mutmacher-teile-deine-gradido-geschichte\\\/#article\",\"isPartOf\":{\"@id\":\"https:\\\/\\\/gradido.net\\\/werde-mutmacher-teile-deine-gradido-geschichte\\\/\"},\"author\":{\"name\":\"Bernd H\u00fcckst\u00e4dt\",\"@id\":\"https:\\\/\\\/gradido.net\\\/de\\\/#\\\/schema\\\/person\\\/9c503a004ad15a1ddecadce2218db5d1\"},\"headline\":\"Werde Mutmacher: Teile Deine Gradido-Geschichte!\",\"datePublished\":\"2025-09-05T14:51:50+00:00\",\"dateModified\":\"2026-04-24T05:21:13+00:00\",\"mainEntityOfPage\":{\"@id\":\"https:\\\/\\\/gradido.net\\\/werde-mutmacher-teile-deine-gradido-geschichte\\\/\"},\"wordCount\":421,\"publisher\":{\"@id\":\"https:\\\/\\\/gradido.net\\\/de\\\/#organization\"},\"image\":{\"@id\":\"https:\\\/\\\/gradido.net\\\/werde-mutmacher-teile-deine-gradido-geschichte\\\/#primaryimage\"},\"thumbnailUrl\":\"https:\\\/\\\/gradido.net\\\/wp-content\\\/uploads\\\/2023\\\/12\\\/AdobeStock_623322374-scaled.jpeg\",\"articleSection\":[\"Blog\",\"Community\"],\"inLanguage\":\"pt-PT\"},{\"@type\":\"WebPage\",\"@id\":\"https:\\\/\\\/gradido.net\\\/werde-mutmacher-teile-deine-gradido-geschichte\\\/\",\"url\":\"https:\\\/\\\/gradido.net\\\/werde-mutmacher-teile-deine-gradido-geschichte\\\/\",\"name\":\"Werde Mutmacher: Teile Deine Gradido-Geschichte! - Gradido\",\"isPartOf\":{\"@id\":\"https:\\\/\\\/gradido.net\\\/de\\\/#website\"},\"primaryImageOfPage\":{\"@id\":\"https:\\\/\\\/gradido.net\\\/werde-mutmacher-teile-deine-gradido-geschichte\\\/#primaryimage\"},\"image\":{\"@id\":\"https:\\\/\\\/gradido.net\\\/werde-mutmacher-teile-deine-gradido-geschichte\\\/#primaryimage\"},\"thumbnailUrl\":\"https:\\\/\\\/gradido.net\\\/wp-content\\\/uploads\\\/2023\\\/12\\\/AdobeStock_623322374-scaled.jpeg\",\"datePublished\":\"2025-09-05T14:51:50+00:00\",\"dateModified\":\"2026-04-24T05:21:13+00:00\",\"description\":\"Eure sch\u00f6nsten, mutmachendsten Einsendungen ver\u00f6ffentlichen wir in kommenden Newslettern und auf unserem Blog. So k\u00f6nnen wir gemeinsam den Blumenstrau\u00df der Hoffnung und echten Geschichten wachsen lassen, der noch viele andere inspiriert, Teil dieser Bewegung zu werden.\",\"breadcrumb\":{\"@id\":\"https:\\\/\\\/gradido.net\\\/werde-mutmacher-teile-deine-gradido-geschichte\\\/#breadcrumb\"},\"inLanguage\":\"pt-PT\",\"potentialAction\":[{\"@type\":\"ReadAction\",\"target\":[\"https:\\\/\\\/gradido.net\\\/werde-mutmacher-teile-deine-gradido-geschichte\\\/\"]}]},{\"@type\":\"ImageObject\",\"inLanguage\":\"pt-PT\",\"@id\":\"https:\\\/\\\/gradido.net\\\/werde-mutmacher-teile-deine-gradido-geschichte\\\/#primaryimage\",\"url\":\"https:\\\/\\\/gradido.net\\\/wp-content\\\/uploads\\\/2023\\\/12\\\/AdobeStock_623322374-scaled.jpeg\",\"contentUrl\":\"https:\\\/\\\/gradido.net\\\/wp-content\\\/uploads\\\/2023\\\/12\\\/AdobeStock_623322374-scaled.jpeg\",\"width\":2560,\"height\":640},{\"@type\":\"BreadcrumbList\",\"@id\":\"https:\\\/\\\/gradido.net\\\/werde-mutmacher-teile-deine-gradido-geschichte\\\/#breadcrumb\",\"itemListElement\":[{\"@type\":\"ListItem\",\"position\":1,\"name\":\"Startseite\",\"item\":\"https:\\\/\\\/gradido.net\\\/\"},{\"@type\":\"ListItem\",\"position\":2,\"name\":\"Werde Mutmacher: Teile Deine Gradido-Geschichte!\"}]},{\"@type\":\"WebSite\",\"@id\":\"https:\\\/\\\/gradido.net\\\/de\\\/#website\",\"url\":\"https:\\\/\\\/gradido.net\\\/de\\\/\",\"name\":\"Gradido\",\"description\":\"Die neue W\u00e4hrung hei\u00dft Dankbarkeit\",\"publisher\":{\"@id\":\"https:\\\/\\\/gradido.net\\\/de\\\/#organization\"},\"potentialAction\":[{\"@type\":\"SearchAction\",\"target\":{\"@type\":\"EntryPoint\",\"urlTemplate\":\"https:\\\/\\\/gradido.net\\\/de\\\/?s={search_term_string}\"},\"query-input\":{\"@type\":\"PropertyValueSpecification\",\"valueRequired\":true,\"valueName\":\"search_term_string\"}}],\"inLanguage\":\"pt-PT\"},{\"@type\":\"Organization\",\"@id\":\"https:\\\/\\\/gradido.net\\\/de\\\/#organization\",\"name\":\"Gradido\",\"url\":\"https:\\\/\\\/gradido.net\\\/de\\\/\",\"logo\":{\"@type\":\"ImageObject\",\"inLanguage\":\"pt-PT\",\"@id\":\"https:\\\/\\\/gradido.net\\\/de\\\/#\\\/schema\\\/logo\\\/image\\\/\",\"url\":\"https:\\\/\\\/gradido.net\\\/wp-content\\\/uploads\\\/2022\\\/04\\\/gradido-social.jpg\",\"contentUrl\":\"https:\\\/\\\/gradido.net\\\/wp-content\\\/uploads\\\/2022\\\/04\\\/gradido-social.jpg\",\"width\":527,\"height\":273,\"caption\":\"Gradido\"},\"image\":{\"@id\":\"https:\\\/\\\/gradido.net\\\/de\\\/#\\\/schema\\\/logo\\\/image\\\/\"}},{\"@type\":\"Person\",\"@id\":\"https:\\\/\\\/gradido.net\\\/de\\\/#\\\/schema\\\/person\\\/9c503a004ad15a1ddecadce2218db5d1\",\"name\":\"Bernd H\u00fcckst\u00e4dt\",\"sameAs\":[\"https:\\\/\\\/gradido.net\"],\"url\":\"https:\\\/\\\/gradido.net\\\/pt\\\/author\\\/bernd\\\/\"}]}<\/script>\n<!-- \/ Yoast SEO plugin. -->","yoast_head_json":{"title":"Torne-se um encorajador: Partilhe a sua hist\u00f3ria Gradido! - Gradido","description":"Publicaremos as suas melhores e mais encorajadoras participa\u00e7\u00f5es nas pr\u00f3ximas newsletters e no nosso blogue. Desta forma, juntos podemos fazer crescer o ramo de esperan\u00e7a e de hist\u00f3rias reais que ir\u00e3o inspirar muitos mais a fazer parte deste movimento.","robots":{"index":"index","follow":"follow","max-snippet":"max-snippet:-1","max-image-preview":"max-image-preview:large","max-video-preview":"max-video-preview:-1"},"canonical":"https:\/\/gradido.net\/pt\/werde-mutmacher-teile-deine-gradido-geschichte\/","og_locale":"pt_PT","og_type":"article","og_title":"Werde Mutmacher: Teile Deine Gradido-Geschichte! - Gradido","og_description":"Eure sch\u00f6nsten, mutmachendsten Einsendungen ver\u00f6ffentlichen wir in kommenden Newslettern und auf unserem Blog. So k\u00f6nnen wir gemeinsam den Blumenstrau\u00df der Hoffnung und echten Geschichten wachsen lassen, der noch viele andere inspiriert, Teil dieser Bewegung zu werden.","og_url":"https:\/\/gradido.net\/pt\/werde-mutmacher-teile-deine-gradido-geschichte\/","og_site_name":"Gradido","article_published_time":"2025-09-05T14:51:50+00:00","article_modified_time":"2026-04-24T05:21:13+00:00","og_image":[{"width":2560,"height":640,"url":"https:\/\/gradido.net\/wp-content\/uploads\/2023\/12\/AdobeStock_623322374-scaled.jpeg","type":"image\/jpeg"}],"author":"Bernd H\u00fcckst\u00e4dt","twitter_card":"summary_large_image","twitter_misc":{"Escrito por":"Bernd H\u00fcckst\u00e4dt","Tempo estimado de leitura":"3 minutos"},"schema":{"@context":"https:\/\/schema.org","@graph":[{"@type":"Article","@id":"https:\/\/gradido.net\/werde-mutmacher-teile-deine-gradido-geschichte\/#article","isPartOf":{"@id":"https:\/\/gradido.net\/werde-mutmacher-teile-deine-gradido-geschichte\/"},"author":{"name":"Bernd H\u00fcckst\u00e4dt","@id":"https:\/\/gradido.net\/de\/#\/schema\/person\/9c503a004ad15a1ddecadce2218db5d1"},"headline":"Werde Mutmacher: Teile Deine Gradido-Geschichte!","datePublished":"2025-09-05T14:51:50+00:00","dateModified":"2026-04-24T05:21:13+00:00","mainEntityOfPage":{"@id":"https:\/\/gradido.net\/werde-mutmacher-teile-deine-gradido-geschichte\/"},"wordCount":421,"publisher":{"@id":"https:\/\/gradido.net\/de\/#organization"},"image":{"@id":"https:\/\/gradido.net\/werde-mutmacher-teile-deine-gradido-geschichte\/#primaryimage"},"thumbnailUrl":"https:\/\/gradido.net\/wp-content\/uploads\/2023\/12\/AdobeStock_623322374-scaled.jpeg","articleSection":["Blog","Community"],"inLanguage":"pt-PT"},{"@type":"WebPage","@id":"https:\/\/gradido.net\/werde-mutmacher-teile-deine-gradido-geschichte\/","url":"https:\/\/gradido.net\/werde-mutmacher-teile-deine-gradido-geschichte\/","name":"Torne-se um encorajador: Partilhe a sua hist\u00f3ria Gradido! - Gradido","isPartOf":{"@id":"https:\/\/gradido.net\/de\/#website"},"primaryImageOfPage":{"@id":"https:\/\/gradido.net\/werde-mutmacher-teile-deine-gradido-geschichte\/#primaryimage"},"image":{"@id":"https:\/\/gradido.net\/werde-mutmacher-teile-deine-gradido-geschichte\/#primaryimage"},"thumbnailUrl":"https:\/\/gradido.net\/wp-content\/uploads\/2023\/12\/AdobeStock_623322374-scaled.jpeg","datePublished":"2025-09-05T14:51:50+00:00","dateModified":"2026-04-24T05:21:13+00:00","description":"Publicaremos as suas melhores e mais encorajadoras participa\u00e7\u00f5es nas pr\u00f3ximas newsletters e no nosso blogue. Desta forma, juntos podemos fazer crescer o ramo de esperan\u00e7a e de hist\u00f3rias reais que ir\u00e3o inspirar muitos mais a fazer parte deste movimento.","breadcrumb":{"@id":"https:\/\/gradido.net\/werde-mutmacher-teile-deine-gradido-geschichte\/#breadcrumb"},"inLanguage":"pt-PT","potentialAction":[{"@type":"ReadAction","target":["https:\/\/gradido.net\/werde-mutmacher-teile-deine-gradido-geschichte\/"]}]},{"@type":"ImageObject","inLanguage":"pt-PT","@id":"https:\/\/gradido.net\/werde-mutmacher-teile-deine-gradido-geschichte\/#primaryimage","url":"https:\/\/gradido.net\/wp-content\/uploads\/2023\/12\/AdobeStock_623322374-scaled.jpeg","contentUrl":"https:\/\/gradido.net\/wp-content\/uploads\/2023\/12\/AdobeStock_623322374-scaled.jpeg","width":2560,"height":640},{"@type":"BreadcrumbList","@id":"https:\/\/gradido.net\/werde-mutmacher-teile-deine-gradido-geschichte\/#breadcrumb","itemListElement":[{"@type":"ListItem","position":1,"name":"Startseite","item":"https:\/\/gradido.net\/"},{"@type":"ListItem","position":2,"name":"Werde Mutmacher: Teile Deine Gradido-Geschichte!"}]},{"@type":"WebSite","@id":"https:\/\/gradido.net\/de\/#website","url":"https:\/\/gradido.net\/de\/","name":"Gradido","description":"A nova moeda \u00e9 a gratid\u00e3o","publisher":{"@id":"https:\/\/gradido.net\/de\/#organization"},"potentialAction":[{"@type":"SearchAction","target":{"@type":"EntryPoint","urlTemplate":"https:\/\/gradido.net\/de\/?s={search_term_string}"},"query-input":{"@type":"PropertyValueSpecification","valueRequired":true,"valueName":"search_term_string"}}],"inLanguage":"pt-PT"},{"@type":"Organization","@id":"https:\/\/gradido.net\/de\/#organization","name":"Gradido","url":"https:\/\/gradido.net\/de\/","logo":{"@type":"ImageObject","inLanguage":"pt-PT","@id":"https:\/\/gradido.net\/de\/#\/schema\/logo\/image\/","url":"https:\/\/gradido.net\/wp-content\/uploads\/2022\/04\/gradido-social.jpg","contentUrl":"https:\/\/gradido.net\/wp-content\/uploads\/2022\/04\/gradido-social.jpg","width":527,"height":273,"caption":"Gradido"},"image":{"@id":"https:\/\/gradido.net\/de\/#\/schema\/logo\/image\/"}},{"@type":"Person","@id":"https:\/\/gradido.net\/de\/#\/schema\/person\/9c503a004ad15a1ddecadce2218db5d1","name":"Bernd H\u00fcckst\u00e4dt","sameAs":["https:\/\/gradido.net"],"url":"https:\/\/gradido.net\/pt\/author\/bernd\/"}]}},"_links":{"self":[{"href":"https:\/\/gradido.net\/pt\/wp-json\/wp\/v2\/posts\/11499","targetHints":{"allow":["GET"]}}],"collection":[{"href":"https:\/\/gradido.net\/pt\/wp-json\/wp\/v2\/posts"}],"about":[{"href":"https:\/\/gradido.net\/pt\/wp-json\/wp\/v2\/types\/post"}],"author":[{"embeddable":true,"href":"https:\/\/gradido.net\/pt\/wp-json\/wp\/v2\/users\/2"}],"replies":[{"embeddable":true,"href":"https:\/\/gradido.net\/pt\/wp-json\/wp\/v2\/comments?post=11499"}],"version-history":[{"count":12,"href":"https:\/\/gradido.net\/pt\/wp-json\/wp\/v2\/posts\/11499\/revisions"}],"predecessor-version":[{"id":13573,"href":"https:\/\/gradido.net\/pt\/wp-json\/wp\/v2\/posts\/11499\/revisions\/13573"}],"wp:featuredmedia":[{"embeddable":true,"href":"https:\/\/gradido.net\/pt\/wp-json\/wp\/v2\/media\/8453"}],"wp:attachment":[{"href":"https:\/\/gradido.net\/pt\/wp-json\/wp\/v2\/media?parent=11499"}],"wp:term":[{"taxonomy":"category","embeddable":true,"href":"https:\/\/gradido.net\/pt\/wp-json\/wp\/v2\/categories?post=11499"},{"taxonomy":"post_tag","embeddable":true,"href":"https:\/\/gradido.net\/pt\/wp-json\/wp\/v2\/tags?post=11499"}],"curies":[{"name":"wp","href":"https:\/\/api.w.org\/{rel}","templated":true}]}}