{"id":1238,"date":"2020-11-25T10:27:43","date_gmt":"2020-11-25T09:27:43","guid":{"rendered":"https:\/\/gradido.net\/?p=1238"},"modified":"2021-12-11T13:02:17","modified_gmt":"2021-12-11T12:02:17","slug":"corona-politik-bedroht-unsere-kinder","status":"publish","type":"post","link":"https:\/\/gradido.net\/pt\/corona-politik-bedroht-unsere-kinder\/","title":{"rendered":"A pol\u00edtica da Corona amea\u00e7a os nossos filhos"},"content":{"rendered":"<div data-elementor-type=\"wp-post\" data-elementor-id=\"1238\" class=\"elementor elementor-1238\" data-elementor-post-type=\"post\">\n\t\t\t\t\t\t<section class=\"elementor-section elementor-top-section elementor-element elementor-element-496e1d53 elementor-section-boxed elementor-section-height-default elementor-section-height-default\" data-id=\"496e1d53\" data-element_type=\"section\" data-e-type=\"section\">\n\t\t\t\t\t\t<div class=\"elementor-container elementor-column-gap-default\">\n\t\t\t\t\t<div class=\"elementor-column elementor-col-100 elementor-top-column elementor-element elementor-element-461d7be0\" data-id=\"461d7be0\" data-element_type=\"column\" data-e-type=\"column\">\n\t\t\t<div class=\"elementor-widget-wrap elementor-element-populated\">\n\t\t\t\t\t\t<div class=\"elementor-element elementor-element-cd9ebe2 elementor-widget elementor-widget-text-editor\" data-id=\"cd9ebe2\" data-element_type=\"widget\" data-e-type=\"widget\" data-widget_type=\"text-editor.default\">\n\t\t\t\t<div class=\"elementor-widget-container\">\n\t\t\t\t\t\t\t\t\t<h2>Pesquisadores v\u00eaem solu\u00e7\u00e3o no novo sistema monet\u00e1rio<\/h2><p><strong>K\u00fcnzelsau, 25.11.2020 - Crian\u00e7as, pais e professores est\u00e3o no limite. M\u00e9dicos, psic\u00f3logos e pol\u00edticos familiares fazem soar o alarme. Todos eles v\u00eaem o bem-estar das crian\u00e7as como sendo maci\u00e7amente amea\u00e7ado pela actual pol\u00edtica de crise. Regras de quarentena, fechamento de escolas e restri\u00e7\u00f5es de contato n\u00e3o s\u00f3 colocam protetores de crian\u00e7as nas barricadas. Segundo a Unicef, 15.000 crian\u00e7as morriam de fome todos os dias, mesmo antes da Corona. As medidas da Corona agravaram dramaticamente a fome no mundo. A fim de criar uma base segura para o desenvolvimento saud\u00e1vel das crian\u00e7as, os bi\u00f3logos econ\u00f4micos da Academia de Gradido est\u00e3o pedindo uma transforma\u00e7\u00e3o do sistema financeiro. Isto acabaria com a pobreza no mundo inteiro e garantiria a igualdade de oportunidades de desenvolvimento para todas as crian\u00e7as. <\/strong><\/p><h3>\"Janelas abertas, m\u00e1scara ligada!\" - A Gl\u00f3ria da Pr\u00fassia n\u00e3o \u00e9 gest\u00e3o de crises<\/h3><p>O sistema escolar atual foi desenvolvido na velha Pr\u00fassia para atrair s\u00faditos leais. Espalhou-se rapidamente por todo o mundo. O fil\u00f3sofo Richard David Precht vem alertando h\u00e1 anos que, de acordo com tudo o que se sabe hoje sobre psicologia do desenvolvimento, este ideal educacional est\u00e1 completamente errado. Bernd H\u00fcckst\u00e4dt, o co-fundador da Academia Gradido, tamb\u00e9m observa com crescente preocupa\u00e7\u00e3o \"que h\u00e1 falta de dinheiro e vontade de desenvolver escolas p\u00fablicas em todo o mundo da forma que seria necess\u00e1ria, tendo em vista os desafios do nosso tempo. Este \u00e9 um verdadeiro testemunho de pobreza para uma comunidade mundial cujo bem-estar depende em grande medida da educa\u00e7\u00e3o hol\u00edstica dos seus membros\".<\/p><h3>Privilegiados frequentam escolas privadas<\/h3><p>Portanto, n\u00e3o \u00e9 surpreendente que cada vez mais alunos freq\u00fcentem escolas particulares neste pa\u00eds. Segundo o Instituto Federal de Estat\u00edstica, o n\u00famero de escolas privadas gerais e profissionais na Alemanha aumentou em 79,8% entre 1992\/1993 e 2018\/19. Muitos pais que podiam pagar uma m\u00e9dia de 2.000 euros por ano e uma crian\u00e7a por um lugar num instituto de ensino privado j\u00e1 em 2016.<\/p><h3>A pobreza infantil em vez da igualdade de oportunidades<\/h3><p>As muitas crian\u00e7as de fam\u00edlias menos abastadas n\u00e3o participam deste desenvolvimento. De acordo com um estudo da Funda\u00e7\u00e3o Bertelsmann, a pobreza \u00e9 uma caracter\u00edstica da vida quotidiana de mais de um quinto de todas as crian\u00e7as na Alemanha. Ou seja, 21,3% ou 2,8 milh\u00f5es de crian\u00e7as e jovens com menos de 18 anos de idade. A crise da Corona est\u00e1 a agravar notavelmente a sua situa\u00e7\u00e3o. A perda de emprego, os medos existenciais, a crescente falta de dinheiro e o espa\u00e7o limitado tamb\u00e9m provocam a escalada de muitos conflitos familiares. O ensino dom\u00e9stico \u00e9 impens\u00e1vel onde os pais n\u00e3o t\u00eam apenas tempo, mas tamb\u00e9m compet\u00eancia. \"A igualdade de oportunidades parece completamente diferente\", conclui H\u00fcckst\u00e4dt, economista e bi\u00f3logo, e acrescenta: \"Negar \u00e0s pessoas o livre acesso \u00e0 educa\u00e7\u00e3o significa negar-lhes um direito humano b\u00e1sico.<\/p><h3>A gera\u00e7\u00e3o perdida de crian\u00e7as Corona?<\/h3><p>A organiza\u00e7\u00e3o de ajuda \u00e0s crian\u00e7as Unicef, a Associa\u00e7\u00e3o Alem\u00e3 de Prote\u00e7\u00e3o \u00e0 Crian\u00e7a, o comit\u00ea de jovens das Aldeias Infantis SOS, a rede Direitos da Crian\u00e7a e os pol\u00edticos familiares tamb\u00e9m alertam que as crian\u00e7as podem sofrer os maiores danos na crise. No seu relat\u00f3rio \"Averting Lost Covid Generation\", o Fundo das Na\u00e7\u00f5es Unidas para a Inf\u00e2ncia documenta que os graves efeitos a longo prazo da crise da Corona na educa\u00e7\u00e3o, nutri\u00e7\u00e3o e bem-estar poderiam ter um impacto duradouro na vida de toda uma gera\u00e7\u00e3o de crian\u00e7as e jovens em todo o mundo. Christian Neusser, especialista em direitos da crian\u00e7a da SOS Children's Villages, diz: \"As dimens\u00f5es s\u00e3o profundas. Afinal, n\u00e3o se trata apenas da viola\u00e7\u00e3o dos direitos individuais das crian\u00e7as, mas de toda uma cadeia: a pobreza, por exemplo, leva \u00e0 doen\u00e7a, ao trabalho infantil ou \u00e0 perda da educa\u00e7\u00e3o\". Segundo n\u00fameros da ONU, 150 milh\u00f5es de crian\u00e7as poderiam cair em extrema pobreza - al\u00e9m das muitas centenas de milh\u00f5es de crian\u00e7as que foram afetadas antes. Por vezes, 1,5 mil milh\u00f5es de crian\u00e7as em todo o mundo n\u00e3o puderam frequentar a escola. Especialmente nos pa\u00edses mais pobres existe o perigo de muitos alunos nunca mais voltarem \u00e0 escola porque as suas fam\u00edlias s\u00e3o demasiado pobres.<\/p><p>J\u00e1 em 25 de Junho de 2020, a Rede de Direitos da Crian\u00e7a criticou o facto de as perspectivas das crian\u00e7as e dos jovens quase n\u00e3o terem sido inclu\u00eddas na discuss\u00e3o sobre como ultrapassar a crise, embora os seus direitos fossem directamente afectados pelas medidas.<\/p><p>O primeiro estudo nacional sobre os efeitos e consequ\u00eancias da crise da coroa na sa\u00fade mental de crian\u00e7as e adolescentes na Alemanha, realizado pelo departamento de pesquisa \"Sa\u00fade P\u00fablica Infantil\" do Centro M\u00e9dico Universit\u00e1rio Hamburg-Eppendorf, j\u00e1 provou em julho que o estresse mental das crian\u00e7as atrav\u00e9s de medidas corona tamb\u00e9m \u00e9 significativamente maior do que anteriormente se suspeitava. Uma pesquisa da Forsa realizada pela Caridade Infantil Alem\u00e3 por ocasi\u00e3o do Dia Mundial da Crian\u00e7a revelou que a viol\u00eancia contra crian\u00e7as tinha aumentado drasticamente durante a crise da coroa e que as oportunidades educacionais - especialmente para crian\u00e7as socialmente desfavorecidas - tinham diminu\u00eddo.<\/p><p>Em 20.11.2020, o Dia Internacional dos Direitos da Crian\u00e7a, SOS-Kinderdorf e.V. assinalou que a Conven\u00e7\u00e3o das Na\u00e7\u00f5es Unidas sobre os Direitos da Crian\u00e7a de 1989 tamb\u00e9m ainda n\u00e3o tinha sido totalmente implementada na Alemanha - e que as restri\u00e7\u00f5es aos direitos da crian\u00e7a se tinham tornado ainda mais severas sob a influ\u00eancia da crise da Corona.<\/p><h3>Crise como uma oportunidade para uma corre\u00e7\u00e3o sustent\u00e1vel do curso<\/h3><p>Segundo H\u00fcckst\u00e4dt, a Corona n\u00e3o \u00e9 a causa de todos os problemas que se est\u00e3o a tornar actualmente demasiado evidentes. Como toda crise, Corona \u00e9 uma oportunidade hist\u00f3rica para corrigir o rumo rumo de um mundo melhor. \"H\u00e1 anos que sabemos que o velho sistema financeiro, com todas as suas bolhas, est\u00e1 no fim. Tem de mudar, e o Gradido \u00e9 uma solu\u00e7\u00e3o fant\u00e1stica. S\u00f3 temos de a aceitar. Apesar de todo o seu otimismo, H\u00fcckst\u00e4dt insiste em um senso de propor\u00e7\u00e3o: \"A responsabilidade de toda a comunidade \u00e9 necess\u00e1ria para que nossos filhos n\u00e3o caiam no caminho nestes tempos turbulentos, mas finalmente obtenham a seguran\u00e7a e o apoio que merecem - em todo o mundo.<\/p><h3>A solu\u00e7\u00e3o existe h\u00e1 quatro mil milh\u00f5es e meio de anos.<\/h3><p>O novo sistema econ\u00f4mico e financeiro foi desenvolvido em mais de 20 anos de trabalho de pesquisa na Gradido Academy for Economic Bionics. A bi\u00f3nica econ\u00f3mica examina os modelos de sucesso da natureza que funcionam h\u00e1 mais de quatro mil milh\u00f5es e meio de anos e transfere-os para a economia. A 'Economia Natural da Vida' torna todos os 17 objetivos de sustentabilidade da ONU definidos na Agenda 2030 realiz\u00e1veis. O direito \u00e0 educa\u00e7\u00e3o \u00e9 uma parte expl\u00edcita disto - e a igualdade de oportunidades para todos \u00e9 o programa. \"N\u00e3o \u00e9 apenas nossa preocupa\u00e7\u00e3o oferecer prote\u00e7\u00e3o e perspectiva \u00e0s crian\u00e7as\", Margret Baier, co-fundadora e diretora administrativa da Academia Gradido, explica o conceito de bem-estar p\u00fablico, \"tamb\u00e9m queremos melhorar as oportunidades de desenvolvimento pessoal a longo prazo\". Segundo as investiga\u00e7\u00f5es cient\u00edficas do neurobi\u00f3logo Prof. Gerald H\u00fcther, 98% das crian\u00e7as s\u00e3o altamente dotadas como rec\u00e9m-nascidos, mas apenas 2% ainda s\u00e3o dotadas depois de completarem os seus estudos escolares. \"O nosso sistema educativo precisa claramente de uma reforma - e o modelo Gradido quase o faz acontecer por si s\u00f3.\"<\/p><h3>O Gradido cria oportunidades educacionais justas<\/h3><p>O sistema monet\u00e1rio e econ\u00f3mico proposto pelo Gradido abre caminho para a \"participa\u00e7\u00e3o incondicional\" de todos na vida da comunidade. H\u00fcckst\u00e4dt explica: \"O princ\u00edpio \u00e9tico b\u00e1sico do Gradido baseia-se no 'triplo bem', ou seja, na harmoniza\u00e7\u00e3o do bem do indiv\u00edduo com o bem da comunidade e do todo maior - no interesse da natureza e do meio ambiente. O indiv\u00edduo \u00e9 parte da comunidade, e a comunidade faz parte do 'quadro geral', o ecossistema. A moeda de bem comum Gradido (GDD) \u00e9 criada como um cr\u00e9dito para cada indiv\u00edduo, sem criar d\u00edvidas. Desta forma, seguimos o exemplo da natureza para proporcionar aos nossos filhos e netos um futuro sem d\u00edvidas que valha a pena viver. Um Gradido tem aproximadamente o valor de um Euro. S\u00e3o criados 3 \u00d7 1.000 Gradido per capita. 1.000 Gradido cada para a \"Renda B\u00e1sica Ativa\", para o or\u00e7amento p\u00fablico e para o fundo de compensa\u00e7\u00e3o e ambiental. Isto resulta num or\u00e7amento estatal generoso e sem d\u00edvidas, o que, entre outras coisas, permite que os infant\u00e1rios e escolas sejam equipados de forma adequada para o futuro, a fim de apoiar e desafiar todas as crian\u00e7as da melhor forma poss\u00edvel. No modelo Gradido, a escola e a educa\u00e7\u00e3o superior s\u00e3o gratuitas em todo o mundo. Isto significa que s\u00e3o acess\u00edveis a todas as pessoas, independentemente da sua situa\u00e7\u00e3o financeira.<\/p><p>Mas aqui tamb\u00e9m, a educa\u00e7\u00e3o n\u00e3o \u00e9, de forma alguma, apenas uma quest\u00e3o de treino. A fim de dar \u00e0s crian\u00e7as a oportunidade de crescerem para se tornarem aqueles \"formadores respons\u00e1veis de suas pr\u00f3prias vidas\", que, segundo H\u00fcther, t\u00eam as melhores perspectivas de \"n\u00e3o s\u00f3 terem sucesso em suas carreiras, mas tamb\u00e9m viverem de forma significativa, auto-respons\u00e1vel e feliz\", o modelo Gradido tamb\u00e9m prev\u00ea uma \"renda b\u00e1sica ativa\" e uma \"participa\u00e7\u00e3o incondicional\" na vida comunit\u00e1ria.<\/p><p>A \"Renda B\u00e1sica Ativa\" assegura o abastecimento b\u00e1sico de todas as pessoas do mundo e assim elimina o medo constante da exist\u00eancia, o que enfraquece o sistema imunol\u00f3gico e pode sobrecarregar a psique. Cria assim a base para uma vida familiar sem conflitos. A 'Participa\u00e7\u00e3o Incondicional', que tamb\u00e9m d\u00e1 \u00e0s crian\u00e7as e adolescentes a oportunidade de participar na comunidade por sua 'Renda B\u00e1sica Ativa', abre oportunidades sem precedentes para experimentar e se desenvolver em uma grande variedade de \u00e1reas e conhecer um genu\u00edno senso de comunidade. Ao mesmo tempo, a Renda B\u00e1sica Ativa garante que as crian\u00e7as e adolescentes j\u00e1 possam ganhar a vida durante a sua educa\u00e7\u00e3o. \"Com Gradido, a melhor base \u00e9 criada para que cada jovem possa exercer seu direito \u00e0 educa\u00e7\u00e3o e ao desenvolvimento saud\u00e1vel desde a inf\u00e2ncia, a fim de encontrar o melhor caminho poss\u00edvel para uma vida plena\", enfatiza H\u00fcckst\u00e4dt.<\/p><p>Para mais detalhes sobre o modelo completo 'Gradido' ver <a href=\"https:\/\/gradido.net\/pt\/\">https:\/\/gradido.net<\/a><\/p><p><!-- \/wp:paragraph --><\/p>\t\t\t\t\t\t\t\t<\/div>\n\t\t\t\t<\/div>\n\t\t\t\t<div class=\"elementor-element elementor-element-e9ff241 elementor-widget elementor-widget-text-editor\" data-id=\"e9ff241\" data-element_type=\"widget\" data-e-type=\"widget\" data-widget_type=\"text-editor.default\">\n\t\t\t\t<div class=\"elementor-widget-container\">\n\t\t\t\t\t\t\t\t\t<p><strong>Sobre a Academia Gradido<\/strong><br>A Gradido Academy for Economic Bionics desenvolveu uma alternativa de \"boa moeda comum\" baseada nos modelos da natureza. A natureza segue a regra de que s\u00f3 onde algo passa pode surgir algo novo, e assim \u00e9 poss\u00edvel uma melhoria (evolu\u00e7\u00e3o) a longo prazo. A sua receita de sucesso \u00e9 o \"ciclo de vida\". Se a nossa economia tamb\u00e9m seguisse este ciclo natural, ent\u00e3o, de acordo com a avalia\u00e7\u00e3o dos Bi\u00f3logos Econ\u00f3micos, praticamente todos os problemas monet\u00e1rios do mundo poderiam ser resolvidos. O modelo Gradido \u00e9 baseado na ideia de que n\u00e3o s\u00f3 cada pessoa, mas tamb\u00e9m cada estado recebe rendimentos gerados com base no cr\u00e9dito. Pode assim cumprir todas as suas tarefas sem ter de cobrar impostos. Defla\u00e7\u00e3o ou infla\u00e7\u00e3o s\u00e3o coisas do passado. A economia \u00e9 libertada da constante compuls\u00e3o ao crescimento, o perigo de colapso do sistema financeiro \u00e9 finalmente evitado. (<a href=\"https:\/\/gradido.net\/pt\/\">www.gradido.net<\/a>)<\/p>\t\t\t\t\t\t\t\t<\/div>\n\t\t\t\t<\/div>\n\t\t\t\t\t<\/div>\n\t\t<\/div>\n\t\t\t\t\t<\/div>\n\t\t<\/section>\n\t\t\t\t<\/div>","protected":false},"excerpt":{"rendered":"<p>Forscher sehen L\u00f6sung in neuem Geldsystem K\u00fcnzelsau, 25.11.2020 \u2013 Kinder, Eltern und Lehrer sind am Limit. \u00c4rzte, Psychologen und Familienpolitiker schlagen Alarm. Sie alle sehen das Kindeswohl durch die aktuelle Krisenpolitik massiv gef\u00e4hrdet. Quarant\u00e4neregeln, Schulschlie\u00dfungen und Kontaktbeschr\u00e4nkungen bringen nicht nur Kindersch\u00fctzer auf die Barrikaden. Laut Unicef verhungerten schon vor Corona 15.000 Kinder pro Tag. Durch [&hellip;]<\/p>\n","protected":false},"author":2,"featured_media":1231,"comment_status":"closed","ping_status":"closed","sticky":false,"template":"","format":"standard","meta":{"footnotes":""},"categories":[8],"tags":[],"class_list":["post-1238","post","type-post","status-publish","format-standard","has-post-thumbnail","hentry","category-pressemitteilung"],"yoast_head":"<!-- This site is optimized with the Yoast SEO plugin v27.5 - https:\/\/yoast.com\/product\/yoast-seo-wordpress\/ -->\n<title>Corona-Politik bedroht unsere Kinder - Gradido<\/title>\n<meta name=\"robots\" content=\"index, follow, max-snippet:-1, max-image-preview:large, max-video-preview:-1\" \/>\n<link rel=\"canonical\" href=\"https:\/\/gradido.net\/pt\/corona-politik-bedroht-unsere-kinder\/\" \/>\n<meta property=\"og:locale\" content=\"pt_PT\" \/>\n<meta property=\"og:type\" content=\"article\" \/>\n<meta property=\"og:title\" content=\"Corona-Politik bedroht unsere Kinder - Gradido\" \/>\n<meta property=\"og:description\" content=\"Forscher sehen L\u00f6sung in neuem Geldsystem K\u00fcnzelsau, 25.11.2020 \u2013 Kinder, Eltern und Lehrer sind am Limit. \u00c4rzte, Psychologen und Familienpolitiker schlagen Alarm. Sie alle sehen das Kindeswohl durch die aktuelle Krisenpolitik massiv gef\u00e4hrdet. Quarant\u00e4neregeln, Schulschlie\u00dfungen und Kontaktbeschr\u00e4nkungen bringen nicht nur Kindersch\u00fctzer auf die Barrikaden. Laut Unicef verhungerten schon vor Corona 15.000 Kinder pro Tag. Durch [&hellip;]\" \/>\n<meta property=\"og:url\" content=\"https:\/\/gradido.net\/pt\/corona-politik-bedroht-unsere-kinder\/\" \/>\n<meta property=\"og:site_name\" content=\"Gradido\" \/>\n<meta property=\"article:published_time\" content=\"2020-11-25T09:27:43+00:00\" \/>\n<meta property=\"article:modified_time\" content=\"2021-12-11T12:02:17+00:00\" \/>\n<meta property=\"og:image\" content=\"https:\/\/gradido.net\/wp-content\/uploads\/2020\/11\/schule_coronapause.jpg\" \/>\n\t<meta property=\"og:image:width\" content=\"1500\" \/>\n\t<meta property=\"og:image:height\" content=\"959\" \/>\n\t<meta property=\"og:image:type\" content=\"image\/jpeg\" \/>\n<meta name=\"author\" content=\"Bernd H\u00fcckst\u00e4dt\" \/>\n<meta name=\"twitter:card\" content=\"summary_large_image\" \/>\n<meta name=\"twitter:label1\" content=\"Escrito por\" \/>\n\t<meta name=\"twitter:data1\" content=\"Bernd H\u00fcckst\u00e4dt\" \/>\n\t<meta name=\"twitter:label2\" content=\"Tempo estimado de leitura\" \/>\n\t<meta name=\"twitter:data2\" content=\"8 minutos\" \/>\n<script type=\"application\/ld+json\" class=\"yoast-schema-graph\">{\"@context\":\"https:\\\/\\\/schema.org\",\"@graph\":[{\"@type\":\"Article\",\"@id\":\"https:\\\/\\\/gradido.net\\\/corona-politik-bedroht-unsere-kinder\\\/#article\",\"isPartOf\":{\"@id\":\"https:\\\/\\\/gradido.net\\\/corona-politik-bedroht-unsere-kinder\\\/\"},\"author\":{\"name\":\"Bernd H\u00fcckst\u00e4dt\",\"@id\":\"https:\\\/\\\/gradido.net\\\/de\\\/#\\\/schema\\\/person\\\/9c503a004ad15a1ddecadce2218db5d1\"},\"headline\":\"Corona-Politik bedroht unsere Kinder\",\"datePublished\":\"2020-11-25T09:27:43+00:00\",\"dateModified\":\"2021-12-11T12:02:17+00:00\",\"mainEntityOfPage\":{\"@id\":\"https:\\\/\\\/gradido.net\\\/corona-politik-bedroht-unsere-kinder\\\/\"},\"wordCount\":1581,\"publisher\":{\"@id\":\"https:\\\/\\\/gradido.net\\\/de\\\/#organization\"},\"image\":{\"@id\":\"https:\\\/\\\/gradido.net\\\/corona-politik-bedroht-unsere-kinder\\\/#primaryimage\"},\"thumbnailUrl\":\"https:\\\/\\\/gradido.net\\\/wp-content\\\/uploads\\\/2020\\\/11\\\/schule_coronapause.jpg\",\"articleSection\":[\"Pressemitteilung\"],\"inLanguage\":\"pt-PT\"},{\"@type\":\"WebPage\",\"@id\":\"https:\\\/\\\/gradido.net\\\/corona-politik-bedroht-unsere-kinder\\\/\",\"url\":\"https:\\\/\\\/gradido.net\\\/corona-politik-bedroht-unsere-kinder\\\/\",\"name\":\"Corona-Politik bedroht unsere Kinder - Gradido\",\"isPartOf\":{\"@id\":\"https:\\\/\\\/gradido.net\\\/de\\\/#website\"},\"primaryImageOfPage\":{\"@id\":\"https:\\\/\\\/gradido.net\\\/corona-politik-bedroht-unsere-kinder\\\/#primaryimage\"},\"image\":{\"@id\":\"https:\\\/\\\/gradido.net\\\/corona-politik-bedroht-unsere-kinder\\\/#primaryimage\"},\"thumbnailUrl\":\"https:\\\/\\\/gradido.net\\\/wp-content\\\/uploads\\\/2020\\\/11\\\/schule_coronapause.jpg\",\"datePublished\":\"2020-11-25T09:27:43+00:00\",\"dateModified\":\"2021-12-11T12:02:17+00:00\",\"breadcrumb\":{\"@id\":\"https:\\\/\\\/gradido.net\\\/corona-politik-bedroht-unsere-kinder\\\/#breadcrumb\"},\"inLanguage\":\"pt-PT\",\"potentialAction\":[{\"@type\":\"ReadAction\",\"target\":[\"https:\\\/\\\/gradido.net\\\/corona-politik-bedroht-unsere-kinder\\\/\"]}]},{\"@type\":\"ImageObject\",\"inLanguage\":\"pt-PT\",\"@id\":\"https:\\\/\\\/gradido.net\\\/corona-politik-bedroht-unsere-kinder\\\/#primaryimage\",\"url\":\"https:\\\/\\\/gradido.net\\\/wp-content\\\/uploads\\\/2020\\\/11\\\/schule_coronapause.jpg\",\"contentUrl\":\"https:\\\/\\\/gradido.net\\\/wp-content\\\/uploads\\\/2020\\\/11\\\/schule_coronapause.jpg\",\"width\":1500,\"height\":959,\"caption\":\"Group of preteen children in face masks resting outdoors in schoolyard during break in lessons. Back school concept during pandemic.\"},{\"@type\":\"BreadcrumbList\",\"@id\":\"https:\\\/\\\/gradido.net\\\/corona-politik-bedroht-unsere-kinder\\\/#breadcrumb\",\"itemListElement\":[{\"@type\":\"ListItem\",\"position\":1,\"name\":\"Startseite\",\"item\":\"https:\\\/\\\/gradido.net\\\/\"},{\"@type\":\"ListItem\",\"position\":2,\"name\":\"Corona-Politik bedroht unsere Kinder\"}]},{\"@type\":\"WebSite\",\"@id\":\"https:\\\/\\\/gradido.net\\\/de\\\/#website\",\"url\":\"https:\\\/\\\/gradido.net\\\/de\\\/\",\"name\":\"Gradido\",\"description\":\"Die neue W\u00e4hrung hei\u00dft Dankbarkeit\",\"publisher\":{\"@id\":\"https:\\\/\\\/gradido.net\\\/de\\\/#organization\"},\"potentialAction\":[{\"@type\":\"SearchAction\",\"target\":{\"@type\":\"EntryPoint\",\"urlTemplate\":\"https:\\\/\\\/gradido.net\\\/de\\\/?s={search_term_string}\"},\"query-input\":{\"@type\":\"PropertyValueSpecification\",\"valueRequired\":true,\"valueName\":\"search_term_string\"}}],\"inLanguage\":\"pt-PT\"},{\"@type\":\"Organization\",\"@id\":\"https:\\\/\\\/gradido.net\\\/de\\\/#organization\",\"name\":\"Gradido\",\"url\":\"https:\\\/\\\/gradido.net\\\/de\\\/\",\"logo\":{\"@type\":\"ImageObject\",\"inLanguage\":\"pt-PT\",\"@id\":\"https:\\\/\\\/gradido.net\\\/de\\\/#\\\/schema\\\/logo\\\/image\\\/\",\"url\":\"https:\\\/\\\/gradido.net\\\/wp-content\\\/uploads\\\/2022\\\/04\\\/gradido-social.jpg\",\"contentUrl\":\"https:\\\/\\\/gradido.net\\\/wp-content\\\/uploads\\\/2022\\\/04\\\/gradido-social.jpg\",\"width\":527,\"height\":273,\"caption\":\"Gradido\"},\"image\":{\"@id\":\"https:\\\/\\\/gradido.net\\\/de\\\/#\\\/schema\\\/logo\\\/image\\\/\"}},{\"@type\":\"Person\",\"@id\":\"https:\\\/\\\/gradido.net\\\/de\\\/#\\\/schema\\\/person\\\/9c503a004ad15a1ddecadce2218db5d1\",\"name\":\"Bernd H\u00fcckst\u00e4dt\",\"sameAs\":[\"https:\\\/\\\/gradido.net\"],\"url\":\"https:\\\/\\\/gradido.net\\\/pt\\\/author\\\/bernd\\\/\"}]}<\/script>\n<!-- \/ Yoast SEO plugin. -->","yoast_head_json":{"title":"A pol\u00edtica do coronav\u00edrus amea\u00e7a as nossas crian\u00e7as - Gradido","robots":{"index":"index","follow":"follow","max-snippet":"max-snippet:-1","max-image-preview":"max-image-preview:large","max-video-preview":"max-video-preview:-1"},"canonical":"https:\/\/gradido.net\/pt\/corona-politik-bedroht-unsere-kinder\/","og_locale":"pt_PT","og_type":"article","og_title":"Corona-Politik bedroht unsere Kinder - Gradido","og_description":"Forscher sehen L\u00f6sung in neuem Geldsystem K\u00fcnzelsau, 25.11.2020 \u2013 Kinder, Eltern und Lehrer sind am Limit. \u00c4rzte, Psychologen und Familienpolitiker schlagen Alarm. Sie alle sehen das Kindeswohl durch die aktuelle Krisenpolitik massiv gef\u00e4hrdet. Quarant\u00e4neregeln, Schulschlie\u00dfungen und Kontaktbeschr\u00e4nkungen bringen nicht nur Kindersch\u00fctzer auf die Barrikaden. Laut Unicef verhungerten schon vor Corona 15.000 Kinder pro Tag. Durch [&hellip;]","og_url":"https:\/\/gradido.net\/pt\/corona-politik-bedroht-unsere-kinder\/","og_site_name":"Gradido","article_published_time":"2020-11-25T09:27:43+00:00","article_modified_time":"2021-12-11T12:02:17+00:00","og_image":[{"width":1500,"height":959,"url":"https:\/\/gradido.net\/wp-content\/uploads\/2020\/11\/schule_coronapause.jpg","type":"image\/jpeg"}],"author":"Bernd H\u00fcckst\u00e4dt","twitter_card":"summary_large_image","twitter_misc":{"Escrito por":"Bernd H\u00fcckst\u00e4dt","Tempo estimado de leitura":"8 minutos"},"schema":{"@context":"https:\/\/schema.org","@graph":[{"@type":"Article","@id":"https:\/\/gradido.net\/corona-politik-bedroht-unsere-kinder\/#article","isPartOf":{"@id":"https:\/\/gradido.net\/corona-politik-bedroht-unsere-kinder\/"},"author":{"name":"Bernd H\u00fcckst\u00e4dt","@id":"https:\/\/gradido.net\/de\/#\/schema\/person\/9c503a004ad15a1ddecadce2218db5d1"},"headline":"Corona-Politik bedroht unsere Kinder","datePublished":"2020-11-25T09:27:43+00:00","dateModified":"2021-12-11T12:02:17+00:00","mainEntityOfPage":{"@id":"https:\/\/gradido.net\/corona-politik-bedroht-unsere-kinder\/"},"wordCount":1581,"publisher":{"@id":"https:\/\/gradido.net\/de\/#organization"},"image":{"@id":"https:\/\/gradido.net\/corona-politik-bedroht-unsere-kinder\/#primaryimage"},"thumbnailUrl":"https:\/\/gradido.net\/wp-content\/uploads\/2020\/11\/schule_coronapause.jpg","articleSection":["Pressemitteilung"],"inLanguage":"pt-PT"},{"@type":"WebPage","@id":"https:\/\/gradido.net\/corona-politik-bedroht-unsere-kinder\/","url":"https:\/\/gradido.net\/corona-politik-bedroht-unsere-kinder\/","name":"A pol\u00edtica do coronav\u00edrus amea\u00e7a as nossas crian\u00e7as - Gradido","isPartOf":{"@id":"https:\/\/gradido.net\/de\/#website"},"primaryImageOfPage":{"@id":"https:\/\/gradido.net\/corona-politik-bedroht-unsere-kinder\/#primaryimage"},"image":{"@id":"https:\/\/gradido.net\/corona-politik-bedroht-unsere-kinder\/#primaryimage"},"thumbnailUrl":"https:\/\/gradido.net\/wp-content\/uploads\/2020\/11\/schule_coronapause.jpg","datePublished":"2020-11-25T09:27:43+00:00","dateModified":"2021-12-11T12:02:17+00:00","breadcrumb":{"@id":"https:\/\/gradido.net\/corona-politik-bedroht-unsere-kinder\/#breadcrumb"},"inLanguage":"pt-PT","potentialAction":[{"@type":"ReadAction","target":["https:\/\/gradido.net\/corona-politik-bedroht-unsere-kinder\/"]}]},{"@type":"ImageObject","inLanguage":"pt-PT","@id":"https:\/\/gradido.net\/corona-politik-bedroht-unsere-kinder\/#primaryimage","url":"https:\/\/gradido.net\/wp-content\/uploads\/2020\/11\/schule_coronapause.jpg","contentUrl":"https:\/\/gradido.net\/wp-content\/uploads\/2020\/11\/schule_coronapause.jpg","width":1500,"height":959,"caption":"Group of preteen children in face masks resting outdoors in schoolyard during break in lessons. Back school concept during pandemic."},{"@type":"BreadcrumbList","@id":"https:\/\/gradido.net\/corona-politik-bedroht-unsere-kinder\/#breadcrumb","itemListElement":[{"@type":"ListItem","position":1,"name":"Startseite","item":"https:\/\/gradido.net\/"},{"@type":"ListItem","position":2,"name":"Corona-Politik bedroht unsere Kinder"}]},{"@type":"WebSite","@id":"https:\/\/gradido.net\/de\/#website","url":"https:\/\/gradido.net\/de\/","name":"Gradido","description":"A nova moeda \u00e9 a gratid\u00e3o","publisher":{"@id":"https:\/\/gradido.net\/de\/#organization"},"potentialAction":[{"@type":"SearchAction","target":{"@type":"EntryPoint","urlTemplate":"https:\/\/gradido.net\/de\/?s={search_term_string}"},"query-input":{"@type":"PropertyValueSpecification","valueRequired":true,"valueName":"search_term_string"}}],"inLanguage":"pt-PT"},{"@type":"Organization","@id":"https:\/\/gradido.net\/de\/#organization","name":"Gradido","url":"https:\/\/gradido.net\/de\/","logo":{"@type":"ImageObject","inLanguage":"pt-PT","@id":"https:\/\/gradido.net\/de\/#\/schema\/logo\/image\/","url":"https:\/\/gradido.net\/wp-content\/uploads\/2022\/04\/gradido-social.jpg","contentUrl":"https:\/\/gradido.net\/wp-content\/uploads\/2022\/04\/gradido-social.jpg","width":527,"height":273,"caption":"Gradido"},"image":{"@id":"https:\/\/gradido.net\/de\/#\/schema\/logo\/image\/"}},{"@type":"Person","@id":"https:\/\/gradido.net\/de\/#\/schema\/person\/9c503a004ad15a1ddecadce2218db5d1","name":"Bernd H\u00fcckst\u00e4dt","sameAs":["https:\/\/gradido.net"],"url":"https:\/\/gradido.net\/pt\/author\/bernd\/"}]}},"_links":{"self":[{"href":"https:\/\/gradido.net\/pt\/wp-json\/wp\/v2\/posts\/1238","targetHints":{"allow":["GET"]}}],"collection":[{"href":"https:\/\/gradido.net\/pt\/wp-json\/wp\/v2\/posts"}],"about":[{"href":"https:\/\/gradido.net\/pt\/wp-json\/wp\/v2\/types\/post"}],"author":[{"embeddable":true,"href":"https:\/\/gradido.net\/pt\/wp-json\/wp\/v2\/users\/2"}],"replies":[{"embeddable":true,"href":"https:\/\/gradido.net\/pt\/wp-json\/wp\/v2\/comments?post=1238"}],"version-history":[{"count":29,"href":"https:\/\/gradido.net\/pt\/wp-json\/wp\/v2\/posts\/1238\/revisions"}],"predecessor-version":[{"id":3745,"href":"https:\/\/gradido.net\/pt\/wp-json\/wp\/v2\/posts\/1238\/revisions\/3745"}],"wp:featuredmedia":[{"embeddable":true,"href":"https:\/\/gradido.net\/pt\/wp-json\/wp\/v2\/media\/1231"}],"wp:attachment":[{"href":"https:\/\/gradido.net\/pt\/wp-json\/wp\/v2\/media?parent=1238"}],"wp:term":[{"taxonomy":"category","embeddable":true,"href":"https:\/\/gradido.net\/pt\/wp-json\/wp\/v2\/categories?post=1238"},{"taxonomy":"post_tag","embeddable":true,"href":"https:\/\/gradido.net\/pt\/wp-json\/wp\/v2\/tags?post=1238"}],"curies":[{"name":"wp","href":"https:\/\/api.w.org\/{rel}","templated":true}]}}