{"id":13288,"date":"2026-04-07T05:27:51","date_gmt":"2026-04-07T03:27:51","guid":{"rendered":"https:\/\/gradido.net\/?p=13288"},"modified":"2026-04-22T16:50:48","modified_gmt":"2026-04-22T14:50:48","slug":"gesundheit-fuer-alle","status":"publish","type":"post","link":"https:\/\/gradido.net\/pt\/gesundheit-fuer-alle\/","title":{"rendered":"Sa\u00fade para todos"},"content":{"rendered":"\t\t<div data-elementor-type=\"wp-post\" data-elementor-id=\"13288\" class=\"elementor elementor-13288\" data-elementor-post-type=\"post\">\n\t\t\t\t\t\t<section class=\"elementor-section elementor-top-section elementor-element elementor-element-496e1d53 elementor-section-boxed elementor-section-height-default elementor-section-height-default\" data-id=\"496e1d53\" data-element_type=\"section\" data-e-type=\"section\">\n\t\t\t\t\t\t<div class=\"elementor-container elementor-column-gap-default\">\n\t\t\t\t\t<div class=\"elementor-column elementor-col-100 elementor-top-column elementor-element elementor-element-461d7be0\" data-id=\"461d7be0\" data-element_type=\"column\" data-e-type=\"column\">\n\t\t\t<div class=\"elementor-widget-wrap elementor-element-populated\">\n\t\t\t\t\t\t<div class=\"elementor-element elementor-element-cd9ebe2 elementor-widget elementor-widget-text-editor\" data-id=\"cd9ebe2\" data-element_type=\"widget\" data-e-type=\"widget\" data-widget_type=\"text-editor.default\">\n\t\t\t\t<div class=\"elementor-widget-container\">\n\t\t\t\t\t\t\t\t\t<h3 id=\"eine-systemanalyse-der-konomischen-und-kologischen\" class=\"font-editorial font-bold mb-2 mt-4 [.has-inline-images_&amp;]:clear-end text-lg first:mt-0 md:text-lg [hr+&amp;]:mt-4\">Analyse zum Weltgesundheitstag, 7. April 2026<\/h3><p style=\"text-align: left;\"><em>Der Text spiegelt die Recherche- und Analyseergebnisse der KI-Anwendung &#8222;Perplexity&#8220; wider und stellt keine Meinungs\u00e4u\u00dferung von Gradido dar. Er dient der Information und als Impuls zur weiteren Diskussion<\/em>.<\/p><blockquote><p>\u201eDie Erde soll fr\u00fcher einmal ein Paradies gewesen sein. M\u00f6glich ist alles. Die Erde k\u00f6nnte wieder ein Paradies werden. Alles ist m\u00f6glich.&#8220; \u2013 Erich K\u00e4stner<\/p><\/blockquote><p class=\"my-2 [&amp;+p]:mt-4 [&amp;_strong:has(+br)]:inline-block [&amp;_strong:has(+br)]:pb-2\"><strong>Inhalt:<\/strong><\/p><ul class=\"marker:text-quiet list-disc pl-8\"><li class=\"py-0 my-0 prose-p:pt-0 prose-p:mb-2 prose-p:my-0 [&amp;&gt;p]:pt-0 [&amp;&gt;p]:mb-2 [&amp;&gt;p]:my-0\"><p class=\"my-2 [&amp;+p]:mt-4 [&amp;_strong:has(+br)]:inline-block [&amp;_strong:has(+br)]:pb-2\">\ud83d\udcca\u00a0<strong>Aktuelle Zahlen<\/strong>: Deutschlands Gesundheitsausgaben 2024 erreichen\u00a0<strong>538,2 Mrd. Euro<\/strong>\u00a0(+7,6% gegen\u00fcber 2023) \u2013 eine Verdreifachung seit 1994<\/p><\/li><li class=\"py-0 my-0 prose-p:pt-0 prose-p:mb-2 prose-p:my-0 [&amp;&gt;p]:pt-0 [&amp;&gt;p]:mb-2 [&amp;&gt;p]:my-0\"><p class=\"my-2 [&amp;+p]:mt-4 [&amp;_strong:has(+br)]:inline-block [&amp;_strong:has(+br)]:pb-2\">\ud83e\udde0\u00a0<strong>Stress &amp; Existenzangst<\/strong>: Psychische Erkrankungen kosten 63,3 Mrd. Euro j\u00e4hrlich direkt; bei schwerer psychischer Belastung sind Krankheitskosten 7,5-fach erh\u00f6ht; 42% der Deutschen leiden unter finanziellen Sorgen<\/p><\/li><li class=\"py-0 my-0 prose-p:pt-0 prose-p:mb-2 prose-p:my-0 [&amp;&gt;p]:pt-0 [&amp;&gt;p]:mb-2 [&amp;&gt;p]:my-0\"><p class=\"my-2 [&amp;+p]:mt-4 [&amp;_strong:has(+br)]:inline-block [&amp;_strong:has(+br)]:pb-2\">\u2600\ufe0f\u00a0<strong>Vitamin-D-Mangel<\/strong>: 30% der Deutschen unzureichend versorgt \u2013 ein Einsparpotenzial von\u00a0<strong>37,5 Mrd. Euro\/Jahr<\/strong>\u00a0allein durch bessere Versorgung, mindestens 17.000 vorzeitige Todesf\u00e4lle vermeidbar<\/p><\/li><li class=\"py-0 my-0 prose-p:pt-0 prose-p:mb-2 prose-p:my-0 [&amp;&gt;p]:pt-0 [&amp;&gt;p]:mb-2 [&amp;&gt;p]:my-0\"><p class=\"my-2 [&amp;+p]:mt-4 [&amp;_strong:has(+br)]:inline-block [&amp;_strong:has(+br)]:pb-2\">\ud83d\udeb6\u00a0<strong>Bewegungsmangel<\/strong>: Nur 25% der Deutschen erf\u00fcllen die WHO-Empfehlung; Mehrkosten von ~670 \u20ac\/Person\/Jahr<\/p><\/li><li class=\"py-0 my-0 prose-p:pt-0 prose-p:mb-2 prose-p:my-0 [&amp;&gt;p]:pt-0 [&amp;&gt;p]:mb-2 [&amp;&gt;p]:my-0\"><p class=\"my-2 [&amp;+p]:mt-4 [&amp;_strong:has(+br)]:inline-block [&amp;_strong:has(+br)]:pb-2\">\ud83c\udfdd\ufe0f\u00a0<strong>Blue Zones<\/strong>: Genetik bestimmt nur 20\u201330% der Langlebigkeit; 70\u201380% h\u00e4ngen von Lebensstil, Ern\u00e4hrung und Gemeinschaft ab \u2013 alles Faktoren, die kein hohes Einkommen erfordern<\/p><\/li><li class=\"py-0 my-0 prose-p:pt-0 prose-p:mb-2 prose-p:my-0 [&amp;&gt;p]:pt-0 [&amp;&gt;p]:mb-2 [&amp;&gt;p]:my-0\"><p class=\"my-2 [&amp;+p]:mt-4 [&amp;_strong:has(+br)]:inline-block [&amp;_strong:has(+br)]:pb-2\">\ud83c\udf31\u00a0<strong>Gradido als systemische Antwort<\/strong>: Das Aktive Grundeinkommen beseitigt Existenzangst, die zweite Geldsch\u00f6pfung sichert kostenfreie Gesundheitsversorgung, der Ausgleichs- und Umweltfonds (AUF) saniert Luft, Wasser und Boden \u2013 ohne Schulden Das DIW-Pilotprojekt Grundeinkommen best\u00e4tigt: +42% Lebenszufriedenheit, deutlich bessere mentale Gesundheit<\/p><\/li><\/ul><h2 id=\"executive-summary\" class=\"font-editorial font-bold mb-2 mt-4 [.has-inline-images_&amp;]:clear-end text-lg first:mt-0 md:text-lg [hr+&amp;]:mt-4\">Executive Summary<\/h2><p class=\"my-2 [&amp;+p]:mt-4 [&amp;_strong:has(+br)]:inline-block [&amp;_strong:has(+br)]:pb-2\">Zum Weltgesundheitstag 2026 unter dem Motto \u201eTogether for health. Stand with science.&#8220; erreichen Deutschlands Gesundheitsausgaben einen neuen Rekord: 538,2 Milliarden Euro im Jahr 2024 \u2013 eine Verdreifachung gegen\u00fcber 1994. Doch Geld allein heilt keine Gesellschaft. Die eigentlichen Kostentreiber liegen tiefer: chronischer Stress und Existenzangst, vermeidbare Mangelerscheinungen, Bewegungsmangel, Umweltbelastungen und soziale Isolation. Das Gradido-Modell adressiert genau diese Wurzelursachen durch ein systemisches Redesign der Wirtschafts- und Sozialordnung \u2013 nach dem Vorbild der Natur. Diese Analyse zeigt, wie Gradido zu einer gesunden Gesellschaft bis ins hohe Alter beitragen kann.<\/p><hr class=\"bg-quiet h-px border-0\" \/><h2 id=\"1-die-kosten-eskalation-zahlen-und-fakten\" class=\"font-editorial font-bold mb-2 mt-4 [.has-inline-images_&amp;]:clear-end text-lg first:mt-0 md:text-lg [hr+&amp;]:mt-4\">1. Die Kosten-Eskalation: Zahlen und Fakten<\/h2><p class=\"my-2 [&amp;+p]:mt-4 [&amp;_strong:has(+br)]:inline-block [&amp;_strong:has(+br)]:pb-2\">Im Jahr 2024 stiegen Deutschlands Gesundheitsausgaben auf\u00a0<strong>538,2 Milliarden Euro<\/strong>\u00a0\u2013 das entspricht<strong> 6.444 Euro pro Kopf<\/strong> und einem Anteil von\u00a0<strong>12,4% am Bruttoinlandsprodukt<\/strong>. Im Vergleich zu 2023 bedeutet das einen Anstieg um 7,6% (37,9 Milliarden Euro). F\u00fcr 2025 prognostiziert das Statistische Bundesamt einen weiteren Anstieg auf rund\u00a0<strong>579,5 Milliarden Euro<\/strong>.<\/p><p class=\"my-2 [&amp;+p]:mt-4 [&amp;_strong:has(+br)]:inline-block [&amp;_strong:has(+br)]:pb-2\">Betrachtet man die vergangenen drei\u00dfig Jahre, haben sich die Gesundheitsausgaben mehr als verdreifacht \u2013 1994 lagen sie noch bei 175,3 Milliarden Euro. Besonders stark wachsen die Ausgaben f\u00fcr die Pflegeversicherung: +11,3% auf 64,7 Milliarden Euro allein in einem Jahr. Menschen ab 65 Jahren verursachen 53% aller Krankheitskosten, obwohl sie nur 19% der Bev\u00f6lkerung ausmachen.<\/p><h2 id=\"teuerste-krankheiten-deutschland-2023-direkte-kost\" class=\"font-editorial font-bold mb-2 mt-4 [.has-inline-images_&amp;]:clear-end text-base first:mt-0\">Teuerste Krankheiten (Deutschland 2023, direkte Kosten)<\/h2><div class=\"group relative my-[1em]\"><div class=\"sticky top-0 z-10 h-0\" aria-hidden=\"true\"><div class=\"w-full overflow-hidden bg-raised border-x md:max-w-[90vw] border-subtlest ring-subtlest divide-subtlest\">\u00a0<\/div><\/div><div class=\"w-full overflow-auto scrollbar-subtle rounded-lg border md:max-w-[90vw] border-subtlest ring-subtlest divide-subtlest bg-raised\"><table class=\"[&amp;_tr:last-child_td]:border-b-0 my-0 w-full table-auto border-separate border-spacing-0 text-sm font-sans rounded-lg [&amp;_tr:last-child_td:first-child]:rounded-bl-lg [&amp;_tr:last-child_td:last-child]:rounded-br-lg\"><thead><tr><th class=\"border-subtlest p-sm min-w-[48px] break-normal border-b text-left align-bottom border-r last:border-r-0 font-bold bg-subtle first:border-radius-tl-lg last:border-radius-tr-lg\" scope=\"col\">Krankheitsgruppe<\/th><th class=\"border-subtlest p-sm min-w-[48px] break-normal border-b text-left align-bottom border-r last:border-r-0 font-bold bg-subtle first:border-radius-tl-lg last:border-radius-tr-lg\" scope=\"col\">Kosten (Mrd. \u20ac)<\/th><th class=\"border-subtlest p-sm min-w-[48px] break-normal border-b text-left align-bottom border-r last:border-r-0 font-bold bg-subtle first:border-radius-tl-lg last:border-radius-tr-lg\" scope=\"col\">Anteil (%)<\/th><\/tr><\/thead><tbody><tr><td class=\"border-subtlest px-sm min-w-[48px] break-normal border-b border-r last:border-r-0\">Herz-Kreislauf-Erkrankungen<\/td><td class=\"border-subtlest px-sm min-w-[48px] break-normal border-b border-r last:border-r-0\">64,6<\/td><td class=\"border-subtlest px-sm min-w-[48px] break-normal border-b border-r last:border-r-0\">13,1%<\/td><\/tr><tr><td class=\"border-subtlest px-sm min-w-[48px] break-normal border-b border-r last:border-r-0\">Psychische &amp; Verhaltensst\u00f6rungen<\/td><td class=\"border-subtlest px-sm min-w-[48px] break-normal border-b border-r last:border-r-0\">63,3<\/td><td class=\"border-subtlest px-sm min-w-[48px] break-normal border-b border-r last:border-r-0\">12,9%<\/td><\/tr><tr><td class=\"border-subtlest px-sm min-w-[48px] break-normal border-b border-r last:border-r-0\">Verdauungssystem<\/td><td class=\"border-subtlest px-sm min-w-[48px] break-normal border-b border-r last:border-r-0\">50,6<\/td><td class=\"border-subtlest px-sm min-w-[48px] break-normal border-b border-r last:border-r-0\">10,3%<\/td><\/tr><tr><td class=\"border-subtlest px-sm min-w-[48px] break-normal border-b border-r last:border-r-0\">Muskel-Skelett-Erkrankungen<\/td><td class=\"border-subtlest px-sm min-w-[48px] break-normal border-b border-r last:border-r-0\">49,9<\/td><td class=\"border-subtlest px-sm min-w-[48px] break-normal border-b border-r last:border-r-0\">10,1%<\/td><\/tr><tr><td class=\"border-subtlest px-sm min-w-[48px] break-normal border-b border-r last:border-r-0\">Krebserkrankungen<\/td><td class=\"border-subtlest px-sm min-w-[48px] break-normal border-b border-r last:border-r-0\">47,6<\/td><td class=\"border-subtlest px-sm min-w-[48px] break-normal border-b border-r last:border-r-0\">9,7%<\/td><\/tr><\/tbody><\/table><\/div><\/div><p class=\"my-2 [&amp;+p]:mt-4 [&amp;_strong:has(+br)]:inline-block [&amp;_strong:has(+br)]:pb-2\"><em>Quelle: Statistisches Bundesamt (Destatis), 2023<\/em><\/p><p class=\"my-2 [&amp;+p]:mt-4 [&amp;_strong:has(+br)]:inline-block [&amp;_strong:has(+br)]:pb-2\">Diese f\u00fcnf Kategorien machen zusammen \u00fcber 56% aller direkten Krankheitskosten aus. Bemerkenswert: Herz-Kreislauf-Erkrankungen und psychische St\u00f6rungen \u2013 also die beiden teuersten Kategorien \u2013 haben starke Verbindungen zu Lebensstil, sozialem Stress und wirtschaftlicher Unsicherheit.<\/p><hr class=\"bg-quiet h-px border-0\" \/><h2 id=\"2-die-wurzelursachen-was-macht-uns-krank\" class=\"font-editorial font-bold mb-2 mt-4 [.has-inline-images_&amp;]:clear-end text-lg first:mt-0 md:text-lg [hr+&amp;]:mt-4\">2. Die Wurzelursachen: Was macht uns krank?<\/h2><h2 id=\"21-stress-existenzangst-und-psychische-belastung\" class=\"font-editorial font-bold mb-2 mt-4 [.has-inline-images_&amp;]:clear-end text-base first:mt-0\">2.1 Stress, Existenzangst und psychische Belastung<\/h2><p class=\"my-2 [&amp;+p]:mt-4 [&amp;_strong:has(+br)]:inline-block [&amp;_strong:has(+br)]:pb-2\">Chronischer Stress ist eine stille Epidemie in Deutschland. Laut einer Studie der Techniker Krankenkasse stieg der Anteil der Deutschen, die sich h\u00e4ufig gestresst f\u00fchlen, von\u00a0<strong>jedem F\u00fcnften (2013) auf jeden Vierten (2021)<\/strong>. Besondere Belastungsquellen:<\/p><ul class=\"marker:text-quiet list-disc pl-8\"><li class=\"py-0 my-0 prose-p:pt-0 prose-p:mb-2 prose-p:my-0 [&amp;&gt;p]:pt-0 [&amp;&gt;p]:mb-2 [&amp;&gt;p]:my-0\"><p class=\"my-2 [&amp;+p]:mt-4 [&amp;_strong:has(+br)]:inline-block [&amp;_strong:has(+br)]:pb-2\"><strong>58%<\/strong>\u00a0der Deutschen stresste die Angst vor Kriegen und politischen Krisen (2023)<\/p><\/li><li class=\"py-0 my-0 prose-p:pt-0 prose-p:mb-2 prose-p:my-0 [&amp;&gt;p]:pt-0 [&amp;&gt;p]:mb-2 [&amp;&gt;p]:my-0\"><p class=\"my-2 [&amp;+p]:mt-4 [&amp;_strong:has(+br)]:inline-block [&amp;_strong:has(+br)]:pb-2\"><strong>42%<\/strong>\u00a0leiden unter finanziellen Sorgen und der Angst vor sozialem Abstieg<\/p><\/li><li class=\"py-0 my-0 prose-p:pt-0 prose-p:mb-2 prose-p:my-0 [&amp;&gt;p]:pt-0 [&amp;&gt;p]:mb-2 [&amp;&gt;p]:my-0\"><p class=\"my-2 [&amp;+p]:mt-4 [&amp;_strong:has(+br)]:inline-block [&amp;_strong:has(+br)]:pb-2\"><strong>20%<\/strong>\u00a0aller Fehlzeiten in Deutschland sind auf psychische Erkrankungen zur\u00fcckzuf\u00fchren<\/p><\/li><li class=\"py-0 my-0 prose-p:pt-0 prose-p:mb-2 prose-p:my-0 [&amp;&gt;p]:pt-0 [&amp;&gt;p]:mb-2 [&amp;&gt;p]:my-0\"><p class=\"my-2 [&amp;+p]:mt-4 [&amp;_strong:has(+br)]:inline-block [&amp;_strong:has(+br)]:pb-2\">In 20 Jahren hat sich die Zahl der Krankentage durch psychische Erkrankungen mehr als\u00a0<strong>verdoppelt<\/strong><\/p><\/li><\/ul><p class=\"my-2 [&amp;+p]:mt-4 [&amp;_strong:has(+br)]:inline-block [&amp;_strong:has(+br)]:pb-2\">Eine L\u00e4ngsschnittstudie in Deutschland quantifiziert die wirtschaftlichen Folgen eindr\u00fccklich: Im Vergleich zu psychisch unbelasteten Menschen sind die Krankheitskosten bei\u00a0<strong>geringer<\/strong>\u00a0psychischer Belastung 2-fach, bei\u00a0<strong>moderater<\/strong>\u00a0Belastung 3,7-fach und bei\u00a0<strong>schwerer<\/strong>\u00a0Belastung\u00a0<strong>7,5-fach<\/strong>\u00a0erh\u00f6ht. Psychische Erkrankungen verursachen in Deutschland laut OECD Gesamtkosten (direkt + indirekt) von\u00a0<strong>4,8% des BIP<\/strong>.<\/p><p class=\"my-2 [&amp;+p]:mt-4 [&amp;_strong:has(+br)]:inline-block [&amp;_strong:has(+br)]:pb-2\">Der sozio\u00f6konomische Gesundheitsgradient ist eindeutig: Je geringer das Einkommen, desto schlechter die Gesundheit. Das Robert-Koch-Institut hat berechnet, dass die Lebenserwartung zwischen der niedrigsten und der h\u00f6chsten Einkommensgruppe um\u00a0<strong>4,4 Jahre (Frauen) und 8,6 Jahre (M\u00e4nner)<\/strong>\u00a0differiert. Einkommen, Bildung und Arbeit sind untrennbar mit Ern\u00e4hrung und Gesundheitszustand verkn\u00fcpft.<\/p><h2 id=\"22-mangelerscheinungen-vitamin-d-und-vitamin-c\" class=\"font-editorial font-bold mb-2 mt-4 [.has-inline-images_&amp;]:clear-end text-base first:mt-0\">2.2 Mangelerscheinungen: Vitamin D und Vitamin C<\/h2><p class=\"my-2 [&amp;+p]:mt-4 [&amp;_strong:has(+br)]:inline-block [&amp;_strong:has(+br)]:pb-2\">Deutschland hat ein massives Vitamin-D-Problem. Nach Daten des Robert-Koch-Instituts sind\u00a0<strong>30,2% der Erwachsenen<\/strong>\u00a0mangelhaft mit Vitamin D versorgt. Neuere Daten des Bundesinstituts f\u00fcr Risikobewertung (2025) zeigen, dass bei etwa\u00a0<strong>15% der Erwachsenen<\/strong>\u00a0die Serumwerte unter 30 nmol\/l liegen \u2013 ein echtes Mangelrisiko.<\/p><p class=\"my-2 [&amp;+p]:mt-4 [&amp;_strong:has(+br)]:inline-block [&amp;_strong:has(+br)]:pb-2\">Die gesundheitlichen und wirtschaftlichen Folgen sind erheblich:<\/p><ul class=\"marker:text-quiet list-disc pl-8\"><li class=\"py-0 my-0 prose-p:pt-0 prose-p:mb-2 prose-p:my-0 [&amp;&gt;p]:pt-0 [&amp;&gt;p]:mb-2 [&amp;&gt;p]:my-0\"><p class=\"my-2 [&amp;+p]:mt-4 [&amp;_strong:has(+br)]:inline-block [&amp;_strong:has(+br)]:pb-2\">Direkte Kosten der\u00a0<strong>Osteoporose<\/strong>\u00a0(einer Vitamin-D-Mangel-Folge): j\u00e4hrlich\u00a0<strong>5,4 Milliarden Euro<\/strong><\/p><\/li><li class=\"py-0 my-0 prose-p:pt-0 prose-p:mb-2 prose-p:my-0 [&amp;&gt;p]:pt-0 [&amp;&gt;p]:mb-2 [&amp;&gt;p]:my-0\"><p class=\"my-2 [&amp;+p]:mt-4 [&amp;_strong:has(+br)]:inline-block [&amp;_strong:has(+br)]:pb-2\">Der kostensenkende Effekt einer verbesserten Vitamin-D-Versorgung wird auf\u00a0<strong>37,5 Milliarden Euro pro Jahr<\/strong>\u00a0gesch\u00e4tzt<\/p><\/li><li class=\"py-0 my-0 prose-p:pt-0 prose-p:mb-2 prose-p:my-0 [&amp;&gt;p]:pt-0 [&amp;&gt;p]:mb-2 [&amp;&gt;p]:my-0\"><p class=\"my-2 [&amp;+p]:mt-4 [&amp;_strong:has(+br)]:inline-block [&amp;_strong:has(+br)]:pb-2\">Durch Optimierung der Vitamin-D-Versorgung w\u00e4ren j\u00e4hrlich\u00a0<strong>mindestens 17.000 vorzeitige Todesf\u00e4lle<\/strong>\u00a0vermeidbar \u2013 mehr als im Stra\u00dfenverkehr sterben<\/p><\/li><\/ul><p class=\"my-2 [&amp;+p]:mt-4 [&amp;_strong:has(+br)]:inline-block [&amp;_strong:has(+br)]:pb-2\">Vitamin-D-Mangel hat eine einfache Ursache: zu wenig Aufenthalt im Freien und zu wenig Sonnenlicht. Die L\u00f6sung \u2013 mehr Zeit in der Natur und kosteng\u00fcnstige Supplementierung \u2013 k\u00f6nnte Milliarden einsparen. Die WHO empfiehlt zwischen M\u00e4rz und Oktober 2\u20133 Mal pro Woche Gesicht, H\u00e4nde und Arme der Sonne auszusetzen.<\/p><h2 id=\"23-bewegungsmangel\" class=\"font-editorial font-bold mb-2 mt-4 [.has-inline-images_&amp;]:clear-end text-base first:mt-0\">2.3 Bewegungsmangel<\/h2><p class=\"my-2 [&amp;+p]:mt-4 [&amp;_strong:has(+br)]:inline-block [&amp;_strong:has(+br)]:pb-2\">Nur\u00a0<strong>weniger als 25% der erwachsenen Bev\u00f6lkerung<\/strong>\u00a0in Deutschland erreichen die WHO-Empfehlung von 150 Minuten moderater Bewegung pro Woche. Eine Studie des Universit\u00e4tsklinikums Hamburg-Eppendorf (UKE) auf Basis von 157.648 NAKO-Studienteilnehmenden quantifiziert die Konsequenzen:<\/p><ul class=\"marker:text-quiet list-disc pl-8\"><li class=\"py-0 my-0 prose-p:pt-0 prose-p:mb-2 prose-p:my-0 [&amp;&gt;p]:pt-0 [&amp;&gt;p]:mb-2 [&amp;&gt;p]:my-0\"><p class=\"my-2 [&amp;+p]:mt-4 [&amp;_strong:has(+br)]:inline-block [&amp;_strong:has(+br)]:pb-2\">Personen mit unzureichender Bewegung haben\u00a0<strong>~188 Euro h\u00f6here direkte Gesundheitskosten<\/strong>\u00a0pro Jahr<\/p><\/li><li class=\"py-0 my-0 prose-p:pt-0 prose-p:mb-2 prose-p:my-0 [&amp;&gt;p]:pt-0 [&amp;&gt;p]:mb-2 [&amp;&gt;p]:my-0\"><p class=\"my-2 [&amp;+p]:mt-4 [&amp;_strong:has(+br)]:inline-block [&amp;_strong:has(+br)]:pb-2\">Zus\u00e4tzlich entstehen\u00a0<strong>482 Euro indirekte Mehrkosten<\/strong>\u00a0durch Produktivit\u00e4tsverluste und Fehlzeiten<\/p><\/li><\/ul><p class=\"my-2 [&amp;+p]:mt-4 [&amp;_strong:has(+br)]:inline-block [&amp;_strong:has(+br)]:pb-2\">Freizeitsport ist dabei besonders effektiv: Er ist mit niedrigeren Gesundheitskosten assoziiert. Das bedeutet: frei gew\u00e4hlte Bewegung aus Freude ist gesundheitsf\u00f6rderlicher als erzwungene k\u00f6rperliche Arbeit.<\/p><h2 id=\"24-luft--und-wasserqualitt\" class=\"font-editorial font-bold mb-2 mt-4 [.has-inline-images_&amp;]:clear-end text-base first:mt-0\">2.4 Luft- und Wasserqualit\u00e4t<\/h2><p class=\"my-2 [&amp;+p]:mt-4 [&amp;_strong:has(+br)]:inline-block [&amp;_strong:has(+br)]:pb-2\">Gemessen an den WHO-Richtwerten sind in Deutschland insbesondere die Konzentrationen von\u00a0<strong>Stickstoffdioxid und Feinstaub<\/strong>\u00a0noch immer zu hoch, obwohl sich die Luftqualit\u00e4t verbessert hat. Weltweit sterben j\u00e4hrlich etwa\u00a0<strong>7 Millionen Menschen<\/strong>\u00a0an den Auswirkungen von Luftverschmutzung \u2013 jeder achte Todesfall l\u00e4sst sich darauf zur\u00fcckf\u00fchren.<\/p><p class=\"my-2 [&amp;+p]:mt-4 [&amp;_strong:has(+br)]:inline-block [&amp;_strong:has(+br)]:pb-2\">Ma\u00dfnahmen zur Luftreinhaltung w\u00fcrden das Zw\u00f6lffache ihres Investitionsvolumens durch geringere Gesundheitskosten und h\u00f6here Produktivit\u00e4t zur\u00fcckbringen. Saubere Luft und sauberes Wasser sind keine Luxusg\u00fcter \u2013 sie sind fundamentale Gesundheitsvoraussetzungen, die durch konsequenten Umweltschutz gesichert werden m\u00fcssen.<\/p><hr class=\"bg-quiet h-px border-0\" \/><h2 id=\"3-das-geheimnis-langer-gesundheit-die-blauen-zonen\" class=\"font-editorial font-bold mb-2 mt-4 [.has-inline-images_&amp;]:clear-end text-lg first:mt-0 md:text-lg [hr+&amp;]:mt-4\">3. Das Geheimnis langer Gesundheit: Die Blauen Zonen<\/h2><p class=\"my-2 [&amp;+p]:mt-4 [&amp;_strong:has(+br)]:inline-block [&amp;_strong:has(+br)]:pb-2\">Die Wissenschaft der Langlebigkeit hat f\u00fcnf Regionen identifiziert, in denen Menschen \u00fcberdurchschnittlich alt und gesund bleiben:\u00a0<strong>Okinawa (Japan), Sardinien (Ogliastra), Ikaria (Griechenland), Nicoya (Costa Rica) und Loma Linda (Kalifornien)<\/strong>. Diese sogenannten \u201eBlue Zones&#8220; bieten eine entscheidende Erkenntnis:\u00a0<strong>Genetik macht nur 20\u201330% der Langlebigkeit aus; 70\u201380% werden durch Lebensstil, Ern\u00e4hrung und soziale Faktoren bestimmt<\/strong>.<\/p><h2 id=\"die-power-9--neun-gemeinsame-prinzipien\" class=\"font-editorial font-bold mb-2 mt-4 [.has-inline-images_&amp;]:clear-end text-base first:mt-0\">Die \u201ePower 9&#8243; \u2013 Neun gemeinsame Prinzipien<\/h2><p class=\"my-2 [&amp;+p]:mt-4 [&amp;_strong:has(+br)]:inline-block [&amp;_strong:has(+br)]:pb-2\">Dan Buettner identifizierte neun gemeinsame Gewohnheiten der Langlebigen:<\/p><ol class=\"marker:text-quiet list-decimal pl-8\"><li class=\"py-0 my-0 prose-p:pt-0 prose-p:mb-2 prose-p:my-0 [&amp;&gt;p]:pt-0 [&amp;&gt;p]:mb-2 [&amp;&gt;p]:my-0\"><p class=\"my-2 [&amp;+p]:mt-4 [&amp;_strong:has(+br)]:inline-block [&amp;_strong:has(+br)]:pb-2\"><strong>Nat\u00fcrliche Bewegung im Alltag<\/strong>\u00a0\u2013 Nicht Sport im Fitnessstudio, sondern integrierte Bewegung durch Gartenarbeit, Wandern, Handwerk<\/p><\/li><li class=\"py-0 my-0 prose-p:pt-0 prose-p:mb-2 prose-p:my-0 [&amp;&gt;p]:pt-0 [&amp;&gt;p]:mb-2 [&amp;&gt;p]:my-0\"><p class=\"my-2 [&amp;+p]:mt-4 [&amp;_strong:has(+br)]:inline-block [&amp;_strong:has(+br)]:pb-2\"><strong>Lebenssinn (Ikigai)<\/strong>\u00a0\u2013 Ein klarer Grund aufzustehen, Zweck und Bedeutung im Tun<\/p><\/li><li class=\"py-0 my-0 prose-p:pt-0 prose-p:mb-2 prose-p:my-0 [&amp;&gt;p]:pt-0 [&amp;&gt;p]:mb-2 [&amp;&gt;p]:my-0\"><p class=\"my-2 [&amp;+p]:mt-4 [&amp;_strong:has(+br)]:inline-block [&amp;_strong:has(+br)]:pb-2\"><strong>Stressbew\u00e4ltigung<\/strong>\u00a0\u2013 Rituale zur Entschleunigung, Ruhe, Gebet oder Mittagsschlaf<\/p><\/li><li class=\"py-0 my-0 prose-p:pt-0 prose-p:mb-2 prose-p:my-0 [&amp;&gt;p]:pt-0 [&amp;&gt;p]:mb-2 [&amp;&gt;p]:my-0\"><p class=\"my-2 [&amp;+p]:mt-4 [&amp;_strong:has(+br)]:inline-block [&amp;_strong:has(+br)]:pb-2\"><strong>80%-Regel beim Essen<\/strong>\u00a0\u2013 Aufh\u00f6ren, wenn man zu 80% satt ist<\/p><\/li><li class=\"py-0 my-0 prose-p:pt-0 prose-p:mb-2 prose-p:my-0 [&amp;&gt;p]:pt-0 [&amp;&gt;p]:mb-2 [&amp;&gt;p]:my-0\"><p class=\"my-2 [&amp;+p]:mt-4 [&amp;_strong:has(+br)]:inline-block [&amp;_strong:has(+br)]:pb-2\"><strong>Pflanzenbasierte Ern\u00e4hrung<\/strong>\u00a0\u2013 Viel Gem\u00fcse, H\u00fclsenfr\u00fcchte, Vollkorn, wenig Fleisch; saisonal und lokal<\/p><\/li><li class=\"py-0 my-0 prose-p:pt-0 prose-p:mb-2 prose-p:my-0 [&amp;&gt;p]:pt-0 [&amp;&gt;p]:mb-2 [&amp;&gt;p]:my-0\"><p class=\"my-2 [&amp;+p]:mt-4 [&amp;_strong:has(+br)]:inline-block [&amp;_strong:has(+br)]:pb-2\"><strong>Gem\u00e4\u00dfigter Alkohol<\/strong>\u00a0\u2013 Allenfalls 1\u20132 Gl\u00e4ser Rotwein t\u00e4glich in Gesellschaft<\/p><\/li><li class=\"py-0 my-0 prose-p:pt-0 prose-p:mb-2 prose-p:my-0 [&amp;&gt;p]:pt-0 [&amp;&gt;p]:mb-2 [&amp;&gt;p]:my-0\"><p class=\"my-2 [&amp;+p]:mt-4 [&amp;_strong:has(+br)]:inline-block [&amp;_strong:has(+br)]:pb-2\"><strong>Spirituelle Gemeinschaft<\/strong>\u00a0\u2013 Zugeh\u00f6rigkeit, Glaube, gemeinsame Werte<\/p><\/li><li class=\"py-0 my-0 prose-p:pt-0 prose-p:mb-2 prose-p:my-0 [&amp;&gt;p]:pt-0 [&amp;&gt;p]:mb-2 [&amp;&gt;p]:my-0\"><p class=\"my-2 [&amp;+p]:mt-4 [&amp;_strong:has(+br)]:inline-block [&amp;_strong:has(+br)]:pb-2\"><strong>Familie an erster Stelle<\/strong>\u00a0\u2013 Generationen\u00fcbergreifende Bindungen und gegenseitige F\u00fcrsorge<\/p><\/li><li class=\"py-0 my-0 prose-p:pt-0 prose-p:mb-2 prose-p:my-0 [&amp;&gt;p]:pt-0 [&amp;&gt;p]:mb-2 [&amp;&gt;p]:my-0\"><p class=\"my-2 [&amp;+p]:mt-4 [&amp;_strong:has(+br)]:inline-block [&amp;_strong:has(+br)]:pb-2\"><strong>Gesunde soziale Gemeinschaft<\/strong>\u00a0\u2013 Umgeben sein von Menschen mit gesundheitsf\u00f6rderlichem Lebensstil<\/p><\/li><\/ol><p class=\"my-2 [&amp;+p]:mt-4 [&amp;_strong:has(+br)]:inline-block [&amp;_strong:has(+br)]:pb-2\">Was f\u00e4llt auf? Kein einziger Punkt erfordert hohes Einkommen oder teure Technologie. Es sind\u00a0<strong>soziale, naturnahe und sinnstiftende Faktoren<\/strong>, die Menschen gesund und lebendig halten.<\/p><p class=\"my-2 [&amp;+p]:mt-4 [&amp;_strong:has(+br)]:inline-block [&amp;_strong:has(+br)]:pb-2\">In Sardiniens Ogliastra arbeiten M\u00e4nner bis ins hohe Alter als Hirten, ern\u00e4hren sich von Bohnen, Kartoffeln und Gem\u00fcse sowie von Omega-3-reichen Milchprodukten vom Weideland. In Okinawa pflegen alte Menschen ihr soziales Netzwerk \u201eMoai&#8220; (eine Art lebenslanges gegenseitiges Unterst\u00fctzungssystem) bis ans Lebensende. In Ikaria ist soziale Einbindung und ein entspannter Tagesrhythmus Normalit\u00e4t.<\/p><hr class=\"bg-quiet h-px border-0\" \/><h2 id=\"4-gradido-als-systemische-antwort\" class=\"font-editorial font-bold mb-2 mt-4 [.has-inline-images_&amp;]:clear-end text-lg first:mt-0 md:text-lg [hr+&amp;]:mt-4\">4. Gradido als systemische Antwort<\/h2><h2 id=\"41-das-gradido-modell-im-berblick\" class=\"font-editorial font-bold mb-2 mt-4 [.has-inline-images_&amp;]:clear-end text-base first:mt-0\">4.1 Das Gradido-Modell im \u00dcberblick<\/h2><p class=\"my-2 [&amp;+p]:mt-4 [&amp;_strong:has(+br)]:inline-block [&amp;_strong:has(+br)]:pb-2\">Die Gradido-Akademie f\u00fcr Wirtschaftsbionik hat in \u00fcber zwanzigj\u00e4hriger Forschungsarbeit ein alternatives Wirtschafts- und Finanzsystem entwickelt: die\u00a0<strong>\u201eNat\u00fcrliche \u00d6konomie des Lebens&#8220;<\/strong>. Der Name Gradido steht f\u00fcr\u00a0<strong>Gra<\/strong>titude (Dankbarkeit),\u00a0<strong>di<\/strong>gnity (W\u00fcrde) und\u00a0<strong>do<\/strong>nation (Gabe).<\/p><p class=\"my-2 [&amp;+p]:mt-4 [&amp;_strong:has(+br)]:inline-block [&amp;_strong:has(+br)]:pb-2\">Das Kernprinzip ist die\u00a0<strong>dreifache schuldfreie Geldsch\u00f6pfung<\/strong>: F\u00fcr jeden Menschen werden monatlich 3.000 GDD (entspricht etwa 3.000 Euro) ohne Schuldenbelastung gesch\u00f6pft:<\/p><div class=\"group relative my-[1em]\"><div class=\"sticky top-0 z-10 h-0\" aria-hidden=\"true\"><div class=\"w-full overflow-hidden bg-raised border-x md:max-w-[90vw] border-subtlest ring-subtlest divide-subtlest\">\u00a0<\/div><\/div><div class=\"w-full overflow-auto scrollbar-subtle rounded-lg border md:max-w-[90vw] border-subtlest ring-subtlest divide-subtlest bg-raised\"><table class=\"[&amp;_tr:last-child_td]:border-b-0 my-0 w-full table-auto border-separate border-spacing-0 text-sm font-sans rounded-lg [&amp;_tr:last-child_td:first-child]:rounded-bl-lg [&amp;_tr:last-child_td:last-child]:rounded-br-lg\"><thead><tr><th class=\"border-subtlest p-sm min-w-[48px] break-normal border-b text-left align-bottom border-r last:border-r-0 font-bold bg-subtle first:border-radius-tl-lg last:border-radius-tr-lg\" scope=\"col\">S\u00e4ule<\/th><th class=\"border-subtlest p-sm min-w-[48px] break-normal border-b text-left align-bottom border-r last:border-r-0 font-bold bg-subtle first:border-radius-tl-lg last:border-radius-tr-lg\" scope=\"col\">Betrag<\/th><th class=\"border-subtlest p-sm min-w-[48px] break-normal border-b text-left align-bottom border-r last:border-r-0 font-bold bg-subtle first:border-radius-tl-lg last:border-radius-tr-lg\" scope=\"col\">Verwendung<\/th><\/tr><\/thead><tbody><tr><td class=\"border-subtlest px-sm min-w-[48px] break-normal border-b border-r last:border-r-0\">1. Aktives Grundeinkommen<\/td><td class=\"border-subtlest px-sm min-w-[48px] break-normal border-b border-r last:border-r-0\">1.000 GDD\/Monat<\/td><td class=\"border-subtlest px-sm min-w-[48px] break-normal border-b border-r last:border-r-0\">Sicherung der Existenz, Bedingungslose Teilhabe<\/td><\/tr><tr><td class=\"border-subtlest px-sm min-w-[48px] break-normal border-b border-r last:border-r-0\">2. Staatshaushalt<\/td><td class=\"border-subtlest px-sm min-w-[48px] break-normal border-b border-r last:border-r-0\">1.000 GDD\/Monat<\/td><td class=\"border-subtlest px-sm min-w-[48px] break-normal border-b border-r last:border-r-0\">\u00d6ffentliche Dienste inkl. Gesundheitssystem<\/td><\/tr><tr><td class=\"border-subtlest px-sm min-w-[48px] break-normal border-b border-r last:border-r-0\">3. Ausgleichs- und Umweltfonds (AUF)<\/td><td class=\"border-subtlest px-sm min-w-[48px] break-normal border-b border-r last:border-r-0\">1.000 GDD\/Monat<\/td><td class=\"border-subtlest px-sm min-w-[48px] break-normal border-b border-r last:border-r-0\">Sanierung der Natur und Altlasten<\/td><\/tr><\/tbody><\/table><\/div><\/div><p class=\"my-2 [&amp;+p]:mt-4 [&amp;_strong:has(+br)]:inline-block [&amp;_strong:has(+br)]:pb-2\">Eine eingebaute\u00a0<strong>Verg\u00e4nglichkeit (50% pro Jahr \/ ~5,6% pro Monat)<\/strong>\u00a0h\u00e4lt die Geldmenge stabil und verhindert Inflation sowie Hortung \u2013 analog zum nat\u00fcrlichen Kreislauf von Werden und Vergehen.<\/p><h2 id=\"42-existenzangst-eliminieren-die-gesundheitliche-r\" class=\"font-editorial font-bold mb-2 mt-4 [.has-inline-images_&amp;]:clear-end text-base first:mt-0\">4.2 Existenzangst eliminieren: Die gesundheitliche Revolution<\/h2><p class=\"my-2 [&amp;+p]:mt-4 [&amp;_strong:has(+br)]:inline-block [&amp;_strong:has(+br)]:pb-2\">Die vielleicht wichtigste gesundheitliche Auswirkung von Gradido ist die\u00a0<strong>Beseitigung von Existenzangst<\/strong>. Das Aktive Grundeinkommen von 1.000 GDD pro Monat sichert die Grundversorgung f\u00fcr jeden Menschen \u2013 unabh\u00e4ngig von Alter oder Leistungsf\u00e4higkeit.<\/p><p class=\"my-2 [&amp;+p]:mt-4 [&amp;_strong:has(+br)]:inline-block [&amp;_strong:has(+br)]:pb-2\">Wer f\u00fcr seine Existenz gesichert ist, kann:<\/p><ul class=\"marker:text-quiet list-disc pl-8\"><li class=\"py-0 my-0 prose-p:pt-0 prose-p:mb-2 prose-p:my-0 [&amp;&gt;p]:pt-0 [&amp;&gt;p]:mb-2 [&amp;&gt;p]:my-0\"><p class=\"my-2 [&amp;+p]:mt-4 [&amp;_strong:has(+br)]:inline-block [&amp;_strong:has(+br)]:pb-2\">Sich nat\u00fcrliche, gesunde Lebensmittel leisten (Ern\u00e4hrungsarmut endet)<\/p><\/li><li class=\"py-0 my-0 prose-p:pt-0 prose-p:mb-2 prose-p:my-0 [&amp;&gt;p]:pt-0 [&amp;&gt;p]:mb-2 [&amp;&gt;p]:my-0\"><p class=\"my-2 [&amp;+p]:mt-4 [&amp;_strong:has(+br)]:inline-block [&amp;_strong:has(+br)]:pb-2\">Freizeitaktivit\u00e4ten und Bewegung nachgehen und Stress abbauen<\/p><\/li><li class=\"py-0 my-0 prose-p:pt-0 prose-p:mb-2 prose-p:my-0 [&amp;&gt;p]:pt-0 [&amp;&gt;p]:mb-2 [&amp;&gt;p]:my-0\"><p class=\"my-2 [&amp;+p]:mt-4 [&amp;_strong:has(+br)]:inline-block [&amp;_strong:has(+br)]:pb-2\">Vorsorgeuntersuchungen wahrnehmen statt sie aus Kostengr\u00fcnden zu verschieben<\/p><\/li><li class=\"py-0 my-0 prose-p:pt-0 prose-p:mb-2 prose-p:my-0 [&amp;&gt;p]:pt-0 [&amp;&gt;p]:mb-2 [&amp;&gt;p]:my-0\"><p class=\"my-2 [&amp;+p]:mt-4 [&amp;_strong:has(+br)]:inline-block [&amp;_strong:has(+br)]:pb-2\">Psychische \u00dcberlastung reduzieren, da Existenzangst der Hauptstressausl\u00f6ser entf\u00e4llt<\/p><\/li><\/ul><p class=\"my-2 [&amp;+p]:mt-4 [&amp;_strong:has(+br)]:inline-block [&amp;_strong:has(+br)]:pb-2\">Das Pilotprojekt Grundeinkommen in Deutschland (DIW-Auswertung, 2025) best\u00e4tigt diese Wirkkette: Empf\u00e4nger von 1.200 Euro monatlich verzeichneten eine\u00a0<strong>Steigerung der Lebenszufriedenheit um 42% einer Standardabweichung<\/strong>\u00a0\u2013 und das \u00fcber den gesamten dreij\u00e4hrigen Studienverlauf ohne Gew\u00f6hnungseffekte. Kein R\u00fcckzug vom Arbeitsmarkt, aber\u00a0<strong>deutlich bessere mentale Gesundheit<\/strong>.<\/p><h2 id=\"43-soziale-teilhabe-als-gesundheitsmedizin\" class=\"font-editorial font-bold mb-2 mt-4 [.has-inline-images_&amp;]:clear-end text-base first:mt-0\">4.3 Soziale Teilhabe als Gesundheitsmedizin<\/h2><p class=\"my-2 [&amp;+p]:mt-4 [&amp;_strong:has(+br)]:inline-block [&amp;_strong:has(+br)]:pb-2\">Das Gradido-Modell setzt auf\u00a0<strong>Bedingungslose Teilhabe<\/strong>: Wer das Aktive Grundeinkommen beziehen m\u00f6chte, bringt sich bis zu 50 Stunden pro Monat mit seinen Talenten und Neigungen in die Gemeinschaft ein. Dieses Prinzip hat tiefgreifende gesundheitliche Folgen:<\/p><ul class=\"marker:text-quiet list-disc pl-8\"><li class=\"py-0 my-0 prose-p:pt-0 prose-p:mb-2 prose-p:my-0 [&amp;&gt;p]:pt-0 [&amp;&gt;p]:mb-2 [&amp;&gt;p]:my-0\"><p class=\"my-2 [&amp;+p]:mt-4 [&amp;_strong:has(+br)]:inline-block [&amp;_strong:has(+br)]:pb-2\"><strong>Einsamkeit wird bek\u00e4mpft<\/strong>: Menschen, die sich nutzlos und isoliert f\u00fchlen, werden in die Gemeinschaft integriert<\/p><\/li><li class=\"py-0 my-0 prose-p:pt-0 prose-p:mb-2 prose-p:my-0 [&amp;&gt;p]:pt-0 [&amp;&gt;p]:mb-2 [&amp;&gt;p]:my-0\"><p class=\"my-2 [&amp;+p]:mt-4 [&amp;_strong:has(+br)]:inline-block [&amp;_strong:has(+br)]:pb-2\"><strong>Sinn und Zweck entstehen<\/strong>: Die Arbeit entspringt eigener Motivation statt \u00f6konomischem Zwang<\/p><\/li><li class=\"py-0 my-0 prose-p:pt-0 prose-p:mb-2 prose-p:my-0 [&amp;&gt;p]:pt-0 [&amp;&gt;p]:mb-2 [&amp;&gt;p]:my-0\"><p class=\"my-2 [&amp;+p]:mt-4 [&amp;_strong:has(+br)]:inline-block [&amp;_strong:has(+br)]:pb-2\"><strong>Soziale Netzwerke entstehen<\/strong>: Menschen aller Altersgruppen arbeiten zusammen<\/p><\/li><\/ul><p class=\"my-2 [&amp;+p]:mt-4 [&amp;_strong:has(+br)]:inline-block [&amp;_strong:has(+br)]:pb-2\">Gradido-Gemeinschaften wie die \u201eGradidoCaf\u00e9s&#8220; illustrieren dies: \u00c4ltere, isolierte Menschen wie die fiktive Monika gewinnen durch ehrenamtliches Engagement und gegenseitige Unterst\u00fctzung neue Lebensqualit\u00e4t, Freude und ein Gef\u00fchl des Gebrauchtwerdens. Dies spiegelt exakt die Blue-Zone-Erkenntnisse wider: Gemeinschaft, Sinn und naturnahe Aktivit\u00e4t \u2013 nicht teure Medizin \u2013 sind die Grundlage langer Gesundheit.<\/p><h2 id=\"44-kostenfreie-gesundheitsversorgung-fr-alle\" class=\"font-editorial font-bold mb-2 mt-4 [.has-inline-images_&amp;]:clear-end text-base first:mt-0\">4.4 Kostenfreie Gesundheitsversorgung f\u00fcr alle<\/h2><p class=\"my-2 [&amp;+p]:mt-4 [&amp;_strong:has(+br)]:inline-block [&amp;_strong:has(+br)]:pb-2\">Im Gradido-Modell ist das Gesundheitssystem Teil des\u00a0<strong>steuerfreien Staatshaushalts<\/strong>\u00a0(zweite Geldsch\u00f6pfung). Der kostenfreie Zugang zur Gesundheitsversorgung wird f\u00fcr alle Menschen gew\u00e4hrleistet. Gesundheitsversorgung wird damit von der Kaufkraft entkoppelt.<\/p><p class=\"my-2 [&amp;+p]:mt-4 [&amp;_strong:has(+br)]:inline-block [&amp;_strong:has(+br)]:pb-2\">Mitbegr\u00fcnder Bernd H\u00fcckst\u00e4dt erl\u00e4utert: \u201eIm Gradido-Modell beinhaltet der Staatshaushalt auch das Gesundheitswesen. Der kostenfreie Zugang zur Gesundheitsversorgung ist damit f\u00fcr alle Menschen gew\u00e4hrleistet. Die Entscheidung, welche Form der Gesundheitsversorgung sie w\u00e4hlen, treffen sie komplett selbstst\u00e4ndig und unabh\u00e4ngig von ihrem Einkommen.&#8220;<\/p><p class=\"my-2 [&amp;+p]:mt-4 [&amp;_strong:has(+br)]:inline-block [&amp;_strong:has(+br)]:pb-2\">Dies erf\u00fcllt direkt das 3. UN-Nachhaltigkeitsziel: \u201eGesundheit und Wohlergehen&#8220;.<\/p><h2 id=\"45-umwelt-heilen-der-ausgleichs--und-umweltfonds\" class=\"font-editorial font-bold mb-2 mt-4 [.has-inline-images_&amp;]:clear-end text-base first:mt-0\">4.5 Umwelt heilen: Der Ausgleichs- und Umweltfonds<\/h2><p class=\"my-2 [&amp;+p]:mt-4 [&amp;_strong:has(+br)]:inline-block [&amp;_strong:has(+br)]:pb-2\">Das dritte Drittel der Geldsch\u00f6pfung \u2013 1.000 GDD pro Person und Monat \u2013 flie\u00dft in den\u00a0<strong>Ausgleichs- und Umweltfonds (AUF)<\/strong>. Weltweit eingef\u00fchrt entspr\u00e4che dies einem Umwelttopf in H\u00f6he aller Staatshaushalte der Welt zusammen. Diese Mittel erm\u00f6glichen:<\/p><ul class=\"marker:text-quiet list-disc pl-8\"><li class=\"py-0 my-0 prose-p:pt-0 prose-p:mb-2 prose-p:my-0 [&amp;&gt;p]:pt-0 [&amp;&gt;p]:mb-2 [&amp;&gt;p]:my-0\"><p class=\"my-2 [&amp;+p]:mt-4 [&amp;_strong:has(+br)]:inline-block [&amp;_strong:has(+br)]:pb-2\">Sanierung vergifteter B\u00f6den, Gew\u00e4sser und Luftqualit\u00e4t<\/p><\/li><li class=\"py-0 my-0 prose-p:pt-0 prose-p:mb-2 prose-p:my-0 [&amp;&gt;p]:pt-0 [&amp;&gt;p]:mb-2 [&amp;&gt;p]:my-0\"><p class=\"my-2 [&amp;+p]:mt-4 [&amp;_strong:has(+br)]:inline-block [&amp;_strong:has(+br)]:pb-2\">F\u00f6rderung von Permakultur und naturnaher Landwirtschaft<\/p><\/li><li class=\"py-0 my-0 prose-p:pt-0 prose-p:mb-2 prose-p:my-0 [&amp;&gt;p]:pt-0 [&amp;&gt;p]:mb-2 [&amp;&gt;p]:my-0\"><p class=\"my-2 [&amp;+p]:mt-4 [&amp;_strong:has(+br)]:inline-block [&amp;_strong:has(+br)]:pb-2\">Renaturierung und Artenvielfalt<\/p><\/li><li class=\"py-0 my-0 prose-p:pt-0 prose-p:mb-2 prose-p:my-0 [&amp;&gt;p]:pt-0 [&amp;&gt;p]:mb-2 [&amp;&gt;p]:my-0\"><p class=\"my-2 [&amp;+p]:mt-4 [&amp;_strong:has(+br)]:inline-block [&amp;_strong:has(+br)]:pb-2\">Sauberes Trinkwasser und Luft f\u00fcr alle Menschen<\/p><\/li><li>Umstellung aller Industriebetriebe auf umweltfreundliche Produkte und Produktionsweisen<\/li><\/ul><p class=\"my-2 [&amp;+p]:mt-4 [&amp;_strong:has(+br)]:inline-block [&amp;_strong:has(+br)]:pb-2\">Saubere Luft und sauberes Wasser sind keine optionalen Annehmlichkeiten \u2013 sie sind medizinische Notwendigkeiten. Mit dem AUF k\u00f6nnten die Umweltbedingungen systematisch verbessert werden, ohne Steuern oder Schulden zu erh\u00f6hen.<\/p><p class=\"my-2 [&amp;+p]:mt-4 [&amp;_strong:has(+br)]:inline-block [&amp;_strong:has(+br)]:pb-2\">Erg\u00e4nzend erm\u00f6glicht Gradido die Verbreitung von Permakultur und solidarischer Landwirtschaft. Lokale, \u00f6kologische Lebensmittelproduktion verbessert die Ern\u00e4hrungsqualit\u00e4t, f\u00f6rdert Bewegung im Freien, st\u00e4rkt Gemeinschaft \u2013 und spiegelt die Lebensweise der Blue-Zone-Bewohner wider.<\/p><h2 id=\"46-dankbarkeit-wrde-und-herzfeld-kohrenz\" class=\"font-editorial font-bold mb-2 mt-4 [.has-inline-images_&amp;]:clear-end text-base first:mt-0\">4.6 Dankbarkeit, W\u00fcrde und Herzfeld-Koh\u00e4renz<\/h2><p class=\"my-2 [&amp;+p]:mt-4 [&amp;_strong:has(+br)]:inline-block [&amp;_strong:has(+br)]:pb-2\">Gradido betont Dankbarkeit und Wertsch\u00e4tzung als Grundwerte. Gregg Braden hat gezeigt, dass Dankbarkeit, Wertsch\u00e4tzung, F\u00fcrsorge und Mitgef\u00fchl den Zustand der\u00a0<strong>Herz-Hirn-Koh\u00e4renz<\/strong>\u00a0aktivieren, die mit einer st\u00e4rkeren Immunabwehr, Selbstheilungskr\u00e4ften und verlangsamtem Altern verbunden wird. Das Gradido-Modell integriert diese Erkenntnis in sein System: Jede Transaktion ist ein Akt der Dankbarkeit.<\/p><hr class=\"bg-quiet h-px border-0\" \/><h2 id=\"5-vergleich-was-uns-krank-macht--und-wie-gradido-w\" class=\"font-editorial font-bold mb-2 mt-4 [.has-inline-images_&amp;]:clear-end text-lg first:mt-0 md:text-lg [hr+&amp;]:mt-4\">5. Vergleich: Was uns krank macht \u2013 und wie Gradido wirkt<\/h2><div class=\"group relative my-[1em]\"><div class=\"sticky top-0 z-10 h-0\" aria-hidden=\"true\"><div class=\"w-full overflow-hidden bg-raised border-x md:max-w-[90vw] border-subtlest ring-subtlest divide-subtlest\">\u00a0<\/div><\/div><div class=\"w-full overflow-auto scrollbar-subtle rounded-lg border md:max-w-[90vw] border-subtlest ring-subtlest divide-subtlest bg-raised\"><table class=\"[&amp;_tr:last-child_td]:border-b-0 my-0 w-full table-auto border-separate border-spacing-0 text-sm font-sans rounded-lg [&amp;_tr:last-child_td:first-child]:rounded-bl-lg [&amp;_tr:last-child_td:last-child]:rounded-br-lg\"><thead><tr><th class=\"border-subtlest p-sm min-w-[48px] break-normal border-b text-left align-bottom border-r last:border-r-0 font-bold bg-subtle first:border-radius-tl-lg last:border-radius-tr-lg\" scope=\"col\">Krankmacher<\/th><th class=\"border-subtlest p-sm min-w-[48px] break-normal border-b text-left align-bottom border-r last:border-r-0 font-bold bg-subtle first:border-radius-tl-lg last:border-radius-tr-lg\" scope=\"col\">Anteil\/Kosten<\/th><th class=\"border-subtlest p-sm min-w-[48px] break-normal border-b text-left align-bottom border-r last:border-r-0 font-bold bg-subtle first:border-radius-tl-lg last:border-radius-tr-lg\" scope=\"col\">Gradido-L\u00f6sung<\/th><\/tr><\/thead><tbody><tr><td class=\"border-subtlest px-sm min-w-[48px] break-normal border-b border-r last:border-r-0\">Existenzangst &amp; Stress<\/td><td class=\"border-subtlest px-sm min-w-[48px] break-normal border-b border-r last:border-r-0\">4,8% des BIP (OECD)<\/td><td class=\"border-subtlest px-sm min-w-[48px] break-normal border-b border-r last:border-r-0\">Aktives Grundeinkommen eliminiert finanzielle Existenzangst<\/td><\/tr><tr><td class=\"border-subtlest px-sm min-w-[48px] break-normal border-b border-r last:border-r-0\">Psychische Erkrankungen<\/td><td class=\"border-subtlest px-sm min-w-[48px] break-normal border-b border-r last:border-r-0\">63,3 Mrd. \u20ac direkte Kosten<\/td><td class=\"border-subtlest px-sm min-w-[48px] break-normal border-b border-r last:border-r-0\">Soziale Teilhabe, Sinn, Gemeinschaft durch Bedingungslose Teilhabe<\/td><\/tr><tr><td class=\"border-subtlest px-sm min-w-[48px] break-normal border-b border-r last:border-r-0\">Ern\u00e4hrungsarmut<\/td><td class=\"border-subtlest px-sm min-w-[48px] break-normal border-b border-r last:border-r-0\">Millionen Betroffene<\/td><td class=\"border-subtlest px-sm min-w-[48px] break-normal border-b border-r last:border-r-0\">Aktives Grundeinkommen erm\u00f6glicht gesunde Ern\u00e4hrung f\u00fcr alle<\/td><\/tr><tr><td class=\"border-subtlest px-sm min-w-[48px] break-normal border-b border-r last:border-r-0\">Vitamin-D-Mangel<\/td><td class=\"border-subtlest px-sm min-w-[48px] break-normal border-b border-r last:border-r-0\">~37,5 Mrd. \u20ac Einsparpotenzial<\/td><td class=\"border-subtlest px-sm min-w-[48px] break-normal border-b border-r last:border-r-0\">Naturnahe Lebensweise, Outdoor-Aktivit\u00e4ten, bessere Ern\u00e4hrung, Supplementierung<\/td><\/tr><tr><td class=\"border-subtlest px-sm min-w-[48px] break-normal border-b border-r last:border-r-0\">Bewegungsmangel<\/td><td class=\"border-subtlest px-sm min-w-[48px] break-normal border-b border-r last:border-r-0\">670 \u20ac\/Person\/Jahr<\/td><td class=\"border-subtlest px-sm min-w-[48px] break-normal border-b border-r last:border-r-0\">Freizeitbewegung durch 50 Std.\/Mon. Gemeinschaftsarbeit gef\u00f6rdert<\/td><\/tr><tr><td class=\"border-subtlest px-sm min-w-[48px] break-normal border-b border-r last:border-r-0\">Umweltbelastung (Luft, Wasser)<\/td><td class=\"border-subtlest px-sm min-w-[48px] break-normal border-b border-r last:border-r-0\">7 Mio. Tote\/Jahr weltweit<\/td><td class=\"border-subtlest px-sm min-w-[48px] break-normal border-b border-r last:border-r-0\">Ausgleichs- und Umweltfonds f\u00fcr systematische Umweltsanierung<\/td><\/tr><tr><td class=\"border-subtlest px-sm min-w-[48px] break-normal border-b border-r last:border-r-0\">Einsamkeit\/Isolation<\/td><td class=\"border-subtlest px-sm min-w-[48px] break-normal border-b border-r last:border-r-0\">Direkt mit schlechterer Gesundheit verbunden<\/td><td class=\"border-subtlest px-sm min-w-[48px] break-normal border-b border-r last:border-r-0\">GradidoCaf\u00e9s, Gemeinschaftsprojekte, generations\u00fcbergreifende Netzwerke<\/td><\/tr><tr><td class=\"border-subtlest px-sm min-w-[48px] break-normal border-b border-r last:border-r-0\">Pflegenotstand<\/td><td class=\"border-subtlest px-sm min-w-[48px] break-normal border-b border-r last:border-r-0\">+11,3% auf 64,7 Mrd. \u20ac<\/td><td class=\"border-subtlest px-sm min-w-[48px] break-normal border-b border-r last:border-r-0\">Care-Arbeit durch Gradido honoriert und aufgewertet<\/td><\/tr><\/tbody><\/table><\/div><\/div><hr class=\"bg-quiet h-px border-0\" \/><h2 id=\"6-was-wirklich-gesund-macht--ohne-groe-kosten\" class=\"font-editorial font-bold mb-2 mt-4 [.has-inline-images_&amp;]:clear-end text-lg first:mt-0 md:text-lg [hr+&amp;]:mt-4\">6. Was wirklich gesund macht \u2013 ohne gro\u00dfe Kosten<\/h2><p class=\"my-2 [&amp;+p]:mt-4 [&amp;_strong:has(+br)]:inline-block [&amp;_strong:has(+br)]:pb-2\">Die Parallelen zwischen den Blue-Zone-Prinzipien und dem Gradido-Modell sind frappierend:<\/p><p class=\"my-2 [&amp;+p]:mt-4 [&amp;_strong:has(+br)]:inline-block [&amp;_strong:has(+br)]:pb-2\"><strong>In beiden Systemen z\u00e4hlen:<\/strong><\/p><ul class=\"marker:text-quiet list-disc pl-8\"><li class=\"py-0 my-0 prose-p:pt-0 prose-p:mb-2 prose-p:my-0 [&amp;&gt;p]:pt-0 [&amp;&gt;p]:mb-2 [&amp;&gt;p]:my-0\"><p class=\"my-2 [&amp;+p]:mt-4 [&amp;_strong:has(+br)]:inline-block [&amp;_strong:has(+br)]:pb-2\"><strong>Sinn und Zweck<\/strong>: In Okinawa hei\u00dft es \u201eIkigai&#8220; \u2013 der Grund aufzustehen. Im Gradido-System \u00fcbernimmt jeder eine Aufgabe, die er gern erf\u00fcllt<\/p><\/li><li class=\"py-0 my-0 prose-p:pt-0 prose-p:mb-2 prose-p:my-0 [&amp;&gt;p]:pt-0 [&amp;&gt;p]:mb-2 [&amp;&gt;p]:my-0\"><p class=\"my-2 [&amp;+p]:mt-4 [&amp;_strong:has(+br)]:inline-block [&amp;_strong:has(+br)]:pb-2\"><strong>Gemeinschaft und soziale Einbindung<\/strong>: Blue Zones pflegen lebenslange Unterst\u00fctzungsnetzwerke; Gradido schafft Gemeinschaften durch Bedingungslose Teilhabe<\/p><\/li><li class=\"py-0 my-0 prose-p:pt-0 prose-p:mb-2 prose-p:my-0 [&amp;&gt;p]:pt-0 [&amp;&gt;p]:mb-2 [&amp;&gt;p]:my-0\"><p class=\"my-2 [&amp;+p]:mt-4 [&amp;_strong:has(+br)]:inline-block [&amp;_strong:has(+br)]:pb-2\"><strong>Naturnahe Lebensweise<\/strong>: Blue-Zone-Bewohner leben von lokalen Lebensmitteln und bewegen sich t\u00e4glich im Freien; Gradidos Permakultur-F\u00f6rderung geht in dieselbe Richtung<\/p><\/li><li class=\"py-0 my-0 prose-p:pt-0 prose-p:mb-2 prose-p:my-0 [&amp;&gt;p]:pt-0 [&amp;&gt;p]:mb-2 [&amp;&gt;p]:my-0\"><p class=\"my-2 [&amp;+p]:mt-4 [&amp;_strong:has(+br)]:inline-block [&amp;_strong:has(+br)]:pb-2\"><strong>Weniger Leistungsdruck<\/strong>: Die Blue Zones zeichnen sich durch Entschleunigung aus; Gradido befreit von Wachstumszwang und existenziellem Konkurrenzkampf<\/p><\/li><li class=\"py-0 my-0 prose-p:pt-0 prose-p:mb-2 prose-p:my-0 [&amp;&gt;p]:pt-0 [&amp;&gt;p]:mb-2 [&amp;&gt;p]:my-0\"><p class=\"my-2 [&amp;+p]:mt-4 [&amp;_strong:has(+br)]:inline-block [&amp;_strong:has(+br)]:pb-2\"><strong>Generationen\u00fcbergreifende Bindungen<\/strong>: \u00c4ltere Menschen gelten in Blue Zones als wertvoll; Gradido integriert alle Altersgruppen ins Gemeinschaftsleben<\/p><\/li><\/ul><p class=\"my-2 [&amp;+p]:mt-4 [&amp;_strong:has(+br)]:inline-block [&amp;_strong:has(+br)]:pb-2\">Gesundheit ohne gro\u00dfe Kosten entsteht durch:\u00a0<strong>regelm\u00e4\u00dfige Bewegung im Freien<\/strong>\u00a0(Vitamin D, Fitness),\u00a0<strong>frische regionale Ern\u00e4hrung<\/strong>\u00a0(N\u00e4hrstoffdichte, kein \u00dcberessen),\u00a0<strong>starke soziale Bindungen<\/strong>\u00a0(psychische Gesundheit, Immunst\u00e4rkung),\u00a0<strong>Lebenssinn<\/strong>\u00a0(Motivation, Engagement) und\u00a0<strong>ausreichend Schlaf und Ruhe<\/strong>\u00a0(Regeneration).<\/p><hr class=\"bg-quiet h-px border-0\" \/><h2 id=\"7-gradidos-beitrag-zu-gesundem-altern\" class=\"font-editorial font-bold mb-2 mt-4 [.has-inline-images_&amp;]:clear-end text-lg first:mt-0 md:text-lg [hr+&amp;]:mt-4\">7. Gradidos Beitrag zu gesundem Altern<\/h2><p class=\"my-2 [&amp;+p]:mt-4 [&amp;_strong:has(+br)]:inline-block [&amp;_strong:has(+br)]:pb-2\">Gradido schafft strukturelle Voraussetzungen f\u00fcr gesellschaftliche Gesundheit bis ins hohe Alter:<\/p><p class=\"my-2 [&amp;+p]:mt-4 [&amp;_strong:has(+br)]:inline-block [&amp;_strong:has(+br)]:pb-2\"><strong>Materielle Sicherheit bis ins Alter<\/strong>: Das Aktive Grundeinkommen in Verbindung mit einer flexiblen Altersversorgung sichert ein w\u00fcrdevolles Leben unabh\u00e4ngig vom Erwerbsstatus \u2013 keine Altersarmut, keine W\u00fcrde-Einbu\u00dfen.<\/p><p class=\"my-2 [&amp;+p]:mt-4 [&amp;_strong:has(+br)]:inline-block [&amp;_strong:has(+br)]:pb-2\"><strong>Sinnvolle Besch\u00e4ftigung bis ins hohe Alter<\/strong>: \u00c4ltere Menschen k\u00f6nnen weiterhin Aufgaben entsprechend ihren F\u00e4higkeiten \u00fcbernehmen \u2013 ein entscheidender Langlebigkeitsfaktor. Auf Sardinien arbeiten die \u00e4ltesten M\u00e4nner der Welt noch bis ins hohe Alter als Hirten.<\/p><p class=\"my-2 [&amp;+p]:mt-4 [&amp;_strong:has(+br)]:inline-block [&amp;_strong:has(+br)]:pb-2\"><strong>Gemeinschaft als Altersvorsorge<\/strong>: Die GradidoCaf\u00e9s und Nachbarschaftsnetzwerke bieten \u00e4ltere Menschen Verbundenheit und F\u00fcrsorge \u2013 ein kosteneffizienter Gegenentwurf zur institutionellen Pflege.<\/p><p class=\"my-2 [&amp;+p]:mt-4 [&amp;_strong:has(+br)]:inline-block [&amp;_strong:has(+br)]:pb-2\"><strong>Umwelt als Lebensgrundlage<\/strong>: Der Ausgleichs- und Umweltfonds saniert die nat\u00fcrlichen Lebensgrundlagen, von denen Gesundheit zutiefst abh\u00e4ngt. Eckart von Hirschhausen bringt es auf den Punkt: \u201eGesunde Menschen gibt es nur auf einer gesunden Erde.&#8220;<\/p><p class=\"my-2 [&amp;+p]:mt-4 [&amp;_strong:has(+br)]:inline-block [&amp;_strong:has(+br)]:pb-2\"><strong>Pr\u00e4vention statt Reparatur<\/strong>: Indem Gradido die strukturellen Krankmacher (Armut, Einsamkeit, Stress, Umweltbelastung) systematisch adressiert, verlagert es den Schwerpunkt von kostenintensiver Krankheitsbehandlung zur kosteng\u00fcnstigen Gesunderhaltung.<\/p><hr class=\"bg-quiet h-px border-0\" \/><h2 id=\"8-fazit-vom-reparaturbetrieb-zur-gesunden-welt\" class=\"font-editorial font-bold mb-2 mt-4 [.has-inline-images_&amp;]:clear-end text-lg first:mt-0 md:text-lg [hr+&amp;]:mt-4\">8. Fazit: Vom Reparaturbetrieb zur gesunden Welt<\/h2><p class=\"my-2 [&amp;+p]:mt-4 [&amp;_strong:has(+br)]:inline-block [&amp;_strong:has(+br)]:pb-2\">Das gegenw\u00e4rtige Gesundheitssystem agiert im Wesentlichen als hochentwickelter Reparaturbetrieb: Es behandelt Sch\u00e4den, die das Wirtschafts- und Sozialsystem anrichtet. Existenzangst, Einsamkeit, Ern\u00e4hrungsarmut, Bewegungsmangel und Umweltverschmutzung sind keine medizinischen Probleme \u2013 sie sind systemische Probleme mit medizinischen Folgekosten.<\/p><p class=\"my-2 [&amp;+p]:mt-4 [&amp;_strong:has(+br)]:inline-block [&amp;_strong:has(+br)]:pb-2\">Gradido bietet einen anderen Ansatz: nicht mehr behandeln, was krank macht, sondern\u00a0<strong>die Bedingungen schaffen, unter denen Menschen gesund bleiben<\/strong>. Das Dreifache Wohl \u2013 des Einzelnen, der Gemeinschaft und der Natur \u2013 entspricht exakt den Lebensbedingungen, die Forschende in den Blauen Zonen der Welt als Schl\u00fcssel zu einem langen, gesunden Leben identifiziert haben.<\/p><p class=\"my-2 [&amp;+p]:mt-4 [&amp;_strong:has(+br)]:inline-block [&amp;_strong:has(+br)]:pb-2\">Die Menschen in Okinawa, Sardinien und Ikaria zeigen, was m\u00f6glich ist, wenn Gemeinschaft, Sinn, Bewegung und naturnahe Ern\u00e4hrung keine utopischen Luxusg\u00fcter sind, sondern gelebte Normalit\u00e4t. Mit Gradido k\u00f6nnte diese Normalit\u00e4t nicht nur einigen privilegierten Regionen, sondern allen Menschen zugutekommen \u2013 als systemische Grundlage einer\u00a0<strong>wirklich gesunden Welt<\/strong>.<\/p><blockquote><p class=\"my-2 [&amp;+p]:mt-4 [&amp;_strong:has(+br)]:inline-block [&amp;_strong:has(+br)]:pb-2\">\u201eGesundes Geld schafft eine gesunde Welt.&#8220; \u2013 Gradido-Akademie f\u00fcr Wirtschaftsbionik<\/p><\/blockquote><hr class=\"bg-quiet h-px border-0\" \/><p class=\"my-2 [&amp;+p]:mt-4 [&amp;_strong:has(+br)]:inline-block [&amp;_strong:has(+br)]:pb-2\"><em>Diese Analyse basiert auf aktuellen Daten des Statistischen Bundesamtes (April 2026), wissenschaftlichen Studien zu Stress, Bewegungsmangel und Mangelern\u00e4hrung sowie der Blue-Zone-Forschung und dem Gradido-Modell der Gradido-Akademie f\u00fcr Wirtschaftsbionik.<\/em><\/p><div class=\"font-sans text-sm text-quiet selection:bg-super\/50 selection:text-foreground dark:selection:bg-super\/10 dark:selection:text-super\"><div><div class=\"relative font-sans text-base text-foreground selection:bg-super\/50 selection:text-foreground dark:selection:bg-super\/10 dark:selection:text-super\"><div class=\"min-w-0 break-words [word-break:break-word]\"><div id=\"markdown-content-14\" class=\"gap-y-md after:clear-both after:block after:content-['']\" dir=\"auto\"><div class=\"has-inline-images my-2 first:mt-0 [&amp;:has([data-inline-type=image])+&amp;:has([data-inline-type=image])_[data-inline-type=image]]:hidden [&amp;:has(table)_[data-inline-type=image]]:hidden\"><div><div><div class=\"prose dark:prose-invert inline leading-relaxed break-words min-w-0 [word-break:break-word] prose-strong:font-bold [&amp;_&gt;*:first-child]:mt-0 [&amp;_&gt;*:last-child]:mb-0\">\u00a0<\/div><\/div><\/div><\/div><\/div><\/div><\/div><\/div><\/div>\t\t\t\t\t\t\t\t<\/div>\n\t\t\t\t<\/div>\n\t\t\t\t<div class=\"elementor-element elementor-element-db3fa8e elementor-widget-divider--view-line elementor-widget elementor-widget-divider\" data-id=\"db3fa8e\" data-element_type=\"widget\" data-e-type=\"widget\" data-widget_type=\"divider.default\">\n\t\t\t\t<div class=\"elementor-widget-container\">\n\t\t\t\t\t\t\t<div class=\"elementor-divider\">\n\t\t\t<span class=\"elementor-divider-separator\">\n\t\t\t\t\t\t<\/span>\n\t\t<\/div>\n\t\t\t\t\t\t<\/div>\n\t\t\t\t<\/div>\n\t\t\t\t<div class=\"elementor-element elementor-element-d74dfa0 elementor-widget elementor-widget-text-editor\" data-id=\"d74dfa0\" data-element_type=\"widget\" data-e-type=\"widget\" data-widget_type=\"text-editor.default\">\n\t\t\t\t<div class=\"elementor-widget-container\">\n\t\t\t\t\t\t\t\t\t<div data-pm-slice=\"1 1 []\" data-en-clipboard=\"true\"><p>Herzliche Gr\u00fc\u00dfe<\/p><p><span style=\"font-family: -apple-system, BlinkMacSystemFont, 'Segoe UI', Roboto, 'Helvetica Neue', Arial, 'Noto Sans', sans-serif, 'Apple Color Emoji', 'Segoe UI Emoji', 'Segoe UI Symbol', 'Noto Color Emoji';\">Deine<\/span><\/p><\/div><p><img decoding=\"async\" class=\"alignnone wp-image-4614 size-medium\" src=\"https:\/\/gradido.net\/wp-content\/uploads\/2022\/06\/MargretBernd_2022-300x74.png\" alt=\"\" width=\"300\" height=\"74\" srcset=\"https:\/\/gradido.net\/wp-content\/uploads\/2022\/06\/MargretBernd_2022-300x74.png 300w, https:\/\/gradido.net\/wp-content\/uploads\/2022\/06\/MargretBernd_2022-18x4.png 18w, https:\/\/gradido.net\/wp-content\/uploads\/2022\/06\/MargretBernd_2022.png 431w\" sizes=\"(max-width: 300px) 100vw, 300px\" \/><\/p><p>Margret Baier und Bernd H\u00fcckst\u00e4dt<br \/>Gradido-Gr\u00fcnder und Entwickler<\/p>\t\t\t\t\t\t\t\t<\/div>\n\t\t\t\t<\/div>\n\t\t\t\t\t<\/div>\n\t\t<\/div>\n\t\t\t\t\t<\/div>\n\t\t<\/section>\n\t\t\t\t<section class=\"elementor-section elementor-top-section elementor-element elementor-element-14532fe elementor-section-boxed elementor-section-height-default elementor-section-height-default\" data-id=\"14532fe\" data-element_type=\"section\" data-e-type=\"section\">\n\t\t\t\t\t\t<div class=\"elementor-container elementor-column-gap-default\">\n\t\t\t\t\t<div class=\"elementor-column elementor-col-100 elementor-top-column elementor-element elementor-element-65d2298\" data-id=\"65d2298\" data-element_type=\"column\" data-e-type=\"column\">\n\t\t\t<div class=\"elementor-widget-wrap elementor-element-populated\">\n\t\t\t\t\t\t<div class=\"elementor-element elementor-element-bea124f elementor-widget elementor-widget-global elementor-global-9341 elementor-widget-text-editor\" data-id=\"bea124f\" data-element_type=\"widget\" data-e-type=\"widget\" data-widget_type=\"text-editor.default\">\n\t\t\t\t<div class=\"elementor-widget-container\">\n\t\t\t\t\t\t\t\t\t<p><strong>PS:\u00a0<span style=\"color: #ff6600;\"><a style=\"color: #ff6600;\" href=\"https:\/\/gradido.net\/donations\/\">Wegen der stetig wachsenden Bedeutung von Gradido wiederholen wir unsere Dankbarkeits-Aktion am 26.Juni 2026:<\/a>\u00a0<\/span><span style=\"color: #0000ff;\"><a style=\"color: #0000ff;\" href=\"https:\/\/gradido.net\/donations\/\">Zus\u00e4tzlich zu den vielfachen GradidoTransform f\u00fcr Deinen F\u00f6rderbeitrag erh\u00f6hen wir am 26.06.26 alle GDT-Kontost\u00e4nde um 26%. F\u00f6rdere jetzt auch Du und komme in den Genuss der vielfachen Menge GDT!<\/a><\/span><\/strong><\/p>\t\t\t\t\t\t\t\t<\/div>\n\t\t\t\t<\/div>\n\t\t\t\t\t<\/div>\n\t\t<\/div>\n\t\t\t\t\t<\/div>\n\t\t<\/section>\n\t\t\t\t<section class=\"elementor-section elementor-top-section elementor-element elementor-element-29dfc07 elementor-section-boxed elementor-section-height-default elementor-section-height-default\" data-id=\"29dfc07\" data-element_type=\"section\" data-e-type=\"section\">\n\t\t\t\t\t\t<div class=\"elementor-container elementor-column-gap-default\">\n\t\t\t\t\t<div class=\"elementor-column elementor-col-100 elementor-top-column elementor-element elementor-element-d37ec5a\" data-id=\"d37ec5a\" data-element_type=\"column\" data-e-type=\"column\">\n\t\t\t<div class=\"elementor-widget-wrap\">\n\t\t\t\t\t\t\t<\/div>\n\t\t<\/div>\n\t\t\t\t\t<\/div>\n\t\t<\/section>\n\t\t\t\t<section class=\"elementor-section elementor-top-section elementor-element elementor-element-b3bbb9b elementor-section-boxed elementor-section-height-default elementor-section-height-default\" data-id=\"b3bbb9b\" data-element_type=\"section\" data-e-type=\"section\">\n\t\t\t\t\t\t<div class=\"elementor-container elementor-column-gap-default\">\n\t\t\t\t\t<div class=\"elementor-column elementor-col-100 elementor-top-column elementor-element elementor-element-a7e88ad\" data-id=\"a7e88ad\" data-element_type=\"column\" data-e-type=\"column\">\n\t\t\t<div class=\"elementor-widget-wrap\">\n\t\t\t\t\t\t\t<\/div>\n\t\t<\/div>\n\t\t\t\t\t<\/div>\n\t\t<\/section>\n\t\t\t\t<\/div>\n\t\t","protected":false},"excerpt":{"rendered":"<p>An\u00e1lise no Dia Mundial da Sa\u00fade: O Rendimento B\u00e1sico Ativo elimina o medo existencial, a segunda cria\u00e7\u00e3o de moeda garante cuidados de sa\u00fade gratuitos, o fundo de perequa\u00e7\u00e3o e ambiente limpa o ar, a \u00e1gua e o solo - sem d\u00edvidas. <\/p>","protected":false},"author":2,"featured_media":13291,"comment_status":"closed","ping_status":"closed","sticky":false,"template":"","format":"standard","meta":{"footnotes":""},"categories":[51,11],"tags":[],"class_list":["post-13288","post","type-post","status-publish","format-standard","has-post-thumbnail","hentry","category-analysen","category-blog"],"yoast_head":"<!-- This site is optimized with the Yoast SEO plugin v27.5 - https:\/\/yoast.com\/product\/yoast-seo-wordpress\/ -->\n<title>Gesundheit f\u00fcr alle - Gradido<\/title>\n<meta name=\"description\" content=\"Analyse zum Weltgesundheitstag: Das Aktive Grundeinkommen beseitigt Existenzangst, die zweite Geldsch\u00f6pfung sichert kostenfreie Gesundheitsversorgung, der Ausgleichs- und Umweltfonds saniert Luft, Wasser und Boden \u2013 ohne Schulden.\" \/>\n<meta name=\"robots\" content=\"index, follow, max-snippet:-1, max-image-preview:large, max-video-preview:-1\" \/>\n<link rel=\"canonical\" href=\"https:\/\/gradido.net\/pt\/gesundheit-fuer-alle\/\" \/>\n<meta property=\"og:locale\" content=\"pt_PT\" \/>\n<meta property=\"og:type\" content=\"article\" \/>\n<meta property=\"og:title\" content=\"Gesundheit f\u00fcr alle - Gradido\" \/>\n<meta property=\"og:description\" content=\"Analyse zum Weltgesundheitstag: Das Aktive Grundeinkommen beseitigt Existenzangst, die zweite Geldsch\u00f6pfung sichert kostenfreie Gesundheitsversorgung, der Ausgleichs- und Umweltfonds saniert Luft, Wasser und Boden \u2013 ohne Schulden.\" \/>\n<meta property=\"og:url\" content=\"https:\/\/gradido.net\/pt\/gesundheit-fuer-alle\/\" \/>\n<meta property=\"og:site_name\" content=\"Gradido\" \/>\n<meta property=\"article:published_time\" content=\"2026-04-07T03:27:51+00:00\" \/>\n<meta property=\"article:modified_time\" content=\"2026-04-22T14:50:48+00:00\" \/>\n<meta property=\"og:image\" content=\"https:\/\/gradido.net\/wp-content\/uploads\/2026\/04\/Gesundheit-fuer-alle.jpg\" \/>\n\t<meta property=\"og:image:width\" content=\"1920\" \/>\n\t<meta property=\"og:image:height\" content=\"1080\" \/>\n\t<meta property=\"og:image:type\" content=\"image\/jpeg\" \/>\n<meta name=\"author\" content=\"Bernd H\u00fcckst\u00e4dt\" \/>\n<meta name=\"twitter:card\" content=\"summary_large_image\" \/>\n<meta name=\"twitter:label1\" content=\"Escrito por\" \/>\n\t<meta name=\"twitter:data1\" content=\"Bernd H\u00fcckst\u00e4dt\" \/>\n\t<meta name=\"twitter:label2\" content=\"Tempo estimado de leitura\" \/>\n\t<meta name=\"twitter:data2\" content=\"14 minutos\" \/>\n<script type=\"application\/ld+json\" class=\"yoast-schema-graph\">{\"@context\":\"https:\\\/\\\/schema.org\",\"@graph\":[{\"@type\":\"Article\",\"@id\":\"https:\\\/\\\/gradido.net\\\/gesundheit-fuer-alle\\\/#article\",\"isPartOf\":{\"@id\":\"https:\\\/\\\/gradido.net\\\/gesundheit-fuer-alle\\\/\"},\"author\":{\"name\":\"Bernd H\u00fcckst\u00e4dt\",\"@id\":\"https:\\\/\\\/gradido.net\\\/de\\\/#\\\/schema\\\/person\\\/9c503a004ad15a1ddecadce2218db5d1\"},\"headline\":\"Gesundheit f\u00fcr alle\",\"datePublished\":\"2026-04-07T03:27:51+00:00\",\"dateModified\":\"2026-04-22T14:50:48+00:00\",\"mainEntityOfPage\":{\"@id\":\"https:\\\/\\\/gradido.net\\\/gesundheit-fuer-alle\\\/\"},\"wordCount\":2555,\"publisher\":{\"@id\":\"https:\\\/\\\/gradido.net\\\/de\\\/#organization\"},\"image\":{\"@id\":\"https:\\\/\\\/gradido.net\\\/gesundheit-fuer-alle\\\/#primaryimage\"},\"thumbnailUrl\":\"https:\\\/\\\/gradido.net\\\/wp-content\\\/uploads\\\/2026\\\/04\\\/Gesundheit-fuer-alle.jpg\",\"articleSection\":[\"Analysen\",\"Blog\"],\"inLanguage\":\"pt-PT\"},{\"@type\":\"WebPage\",\"@id\":\"https:\\\/\\\/gradido.net\\\/gesundheit-fuer-alle\\\/\",\"url\":\"https:\\\/\\\/gradido.net\\\/gesundheit-fuer-alle\\\/\",\"name\":\"Gesundheit f\u00fcr alle - Gradido\",\"isPartOf\":{\"@id\":\"https:\\\/\\\/gradido.net\\\/de\\\/#website\"},\"primaryImageOfPage\":{\"@id\":\"https:\\\/\\\/gradido.net\\\/gesundheit-fuer-alle\\\/#primaryimage\"},\"image\":{\"@id\":\"https:\\\/\\\/gradido.net\\\/gesundheit-fuer-alle\\\/#primaryimage\"},\"thumbnailUrl\":\"https:\\\/\\\/gradido.net\\\/wp-content\\\/uploads\\\/2026\\\/04\\\/Gesundheit-fuer-alle.jpg\",\"datePublished\":\"2026-04-07T03:27:51+00:00\",\"dateModified\":\"2026-04-22T14:50:48+00:00\",\"description\":\"Analyse zum Weltgesundheitstag: Das Aktive Grundeinkommen beseitigt Existenzangst, die zweite Geldsch\u00f6pfung sichert kostenfreie Gesundheitsversorgung, der Ausgleichs- und Umweltfonds saniert Luft, Wasser und Boden \u2013 ohne Schulden.\",\"breadcrumb\":{\"@id\":\"https:\\\/\\\/gradido.net\\\/gesundheit-fuer-alle\\\/#breadcrumb\"},\"inLanguage\":\"pt-PT\",\"potentialAction\":[{\"@type\":\"ReadAction\",\"target\":[\"https:\\\/\\\/gradido.net\\\/gesundheit-fuer-alle\\\/\"]}]},{\"@type\":\"ImageObject\",\"inLanguage\":\"pt-PT\",\"@id\":\"https:\\\/\\\/gradido.net\\\/gesundheit-fuer-alle\\\/#primaryimage\",\"url\":\"https:\\\/\\\/gradido.net\\\/wp-content\\\/uploads\\\/2026\\\/04\\\/Gesundheit-fuer-alle.jpg\",\"contentUrl\":\"https:\\\/\\\/gradido.net\\\/wp-content\\\/uploads\\\/2026\\\/04\\\/Gesundheit-fuer-alle.jpg\",\"width\":1920,\"height\":1080},{\"@type\":\"BreadcrumbList\",\"@id\":\"https:\\\/\\\/gradido.net\\\/gesundheit-fuer-alle\\\/#breadcrumb\",\"itemListElement\":[{\"@type\":\"ListItem\",\"position\":1,\"name\":\"Startseite\",\"item\":\"https:\\\/\\\/gradido.net\\\/\"},{\"@type\":\"ListItem\",\"position\":2,\"name\":\"Gesundheit f\u00fcr alle\"}]},{\"@type\":\"WebSite\",\"@id\":\"https:\\\/\\\/gradido.net\\\/de\\\/#website\",\"url\":\"https:\\\/\\\/gradido.net\\\/de\\\/\",\"name\":\"Gradido\",\"description\":\"Die neue W\u00e4hrung hei\u00dft Dankbarkeit\",\"publisher\":{\"@id\":\"https:\\\/\\\/gradido.net\\\/de\\\/#organization\"},\"potentialAction\":[{\"@type\":\"SearchAction\",\"target\":{\"@type\":\"EntryPoint\",\"urlTemplate\":\"https:\\\/\\\/gradido.net\\\/de\\\/?s={search_term_string}\"},\"query-input\":{\"@type\":\"PropertyValueSpecification\",\"valueRequired\":true,\"valueName\":\"search_term_string\"}}],\"inLanguage\":\"pt-PT\"},{\"@type\":\"Organization\",\"@id\":\"https:\\\/\\\/gradido.net\\\/de\\\/#organization\",\"name\":\"Gradido\",\"url\":\"https:\\\/\\\/gradido.net\\\/de\\\/\",\"logo\":{\"@type\":\"ImageObject\",\"inLanguage\":\"pt-PT\",\"@id\":\"https:\\\/\\\/gradido.net\\\/de\\\/#\\\/schema\\\/logo\\\/image\\\/\",\"url\":\"https:\\\/\\\/gradido.net\\\/wp-content\\\/uploads\\\/2022\\\/04\\\/gradido-social.jpg\",\"contentUrl\":\"https:\\\/\\\/gradido.net\\\/wp-content\\\/uploads\\\/2022\\\/04\\\/gradido-social.jpg\",\"width\":527,\"height\":273,\"caption\":\"Gradido\"},\"image\":{\"@id\":\"https:\\\/\\\/gradido.net\\\/de\\\/#\\\/schema\\\/logo\\\/image\\\/\"}},{\"@type\":\"Person\",\"@id\":\"https:\\\/\\\/gradido.net\\\/de\\\/#\\\/schema\\\/person\\\/9c503a004ad15a1ddecadce2218db5d1\",\"name\":\"Bernd H\u00fcckst\u00e4dt\",\"sameAs\":[\"https:\\\/\\\/gradido.net\"],\"url\":\"https:\\\/\\\/gradido.net\\\/pt\\\/author\\\/bernd\\\/\"}]}<\/script>\n<!-- \/ Yoast SEO plugin. -->","yoast_head_json":{"title":"Sa\u00fade para todos - Gradido","description":"An\u00e1lise no Dia Mundial da Sa\u00fade: O Rendimento B\u00e1sico Ativo elimina o medo existencial, a segunda cria\u00e7\u00e3o de moeda assegura cuidados de sa\u00fade gratuitos, o fundo de perequa\u00e7\u00e3o e ambiente limpa o ar, a \u00e1gua e o solo - sem d\u00edvidas.","robots":{"index":"index","follow":"follow","max-snippet":"max-snippet:-1","max-image-preview":"max-image-preview:large","max-video-preview":"max-video-preview:-1"},"canonical":"https:\/\/gradido.net\/pt\/gesundheit-fuer-alle\/","og_locale":"pt_PT","og_type":"article","og_title":"Gesundheit f\u00fcr alle - Gradido","og_description":"Analyse zum Weltgesundheitstag: Das Aktive Grundeinkommen beseitigt Existenzangst, die zweite Geldsch\u00f6pfung sichert kostenfreie Gesundheitsversorgung, der Ausgleichs- und Umweltfonds saniert Luft, Wasser und Boden \u2013 ohne Schulden.","og_url":"https:\/\/gradido.net\/pt\/gesundheit-fuer-alle\/","og_site_name":"Gradido","article_published_time":"2026-04-07T03:27:51+00:00","article_modified_time":"2026-04-22T14:50:48+00:00","og_image":[{"width":1920,"height":1080,"url":"https:\/\/gradido.net\/wp-content\/uploads\/2026\/04\/Gesundheit-fuer-alle.jpg","type":"image\/jpeg"}],"author":"Bernd H\u00fcckst\u00e4dt","twitter_card":"summary_large_image","twitter_misc":{"Escrito por":"Bernd H\u00fcckst\u00e4dt","Tempo estimado de leitura":"14 minutos"},"schema":{"@context":"https:\/\/schema.org","@graph":[{"@type":"Article","@id":"https:\/\/gradido.net\/gesundheit-fuer-alle\/#article","isPartOf":{"@id":"https:\/\/gradido.net\/gesundheit-fuer-alle\/"},"author":{"name":"Bernd H\u00fcckst\u00e4dt","@id":"https:\/\/gradido.net\/de\/#\/schema\/person\/9c503a004ad15a1ddecadce2218db5d1"},"headline":"Gesundheit f\u00fcr alle","datePublished":"2026-04-07T03:27:51+00:00","dateModified":"2026-04-22T14:50:48+00:00","mainEntityOfPage":{"@id":"https:\/\/gradido.net\/gesundheit-fuer-alle\/"},"wordCount":2555,"publisher":{"@id":"https:\/\/gradido.net\/de\/#organization"},"image":{"@id":"https:\/\/gradido.net\/gesundheit-fuer-alle\/#primaryimage"},"thumbnailUrl":"https:\/\/gradido.net\/wp-content\/uploads\/2026\/04\/Gesundheit-fuer-alle.jpg","articleSection":["Analysen","Blog"],"inLanguage":"pt-PT"},{"@type":"WebPage","@id":"https:\/\/gradido.net\/gesundheit-fuer-alle\/","url":"https:\/\/gradido.net\/gesundheit-fuer-alle\/","name":"Sa\u00fade para todos - Gradido","isPartOf":{"@id":"https:\/\/gradido.net\/de\/#website"},"primaryImageOfPage":{"@id":"https:\/\/gradido.net\/gesundheit-fuer-alle\/#primaryimage"},"image":{"@id":"https:\/\/gradido.net\/gesundheit-fuer-alle\/#primaryimage"},"thumbnailUrl":"https:\/\/gradido.net\/wp-content\/uploads\/2026\/04\/Gesundheit-fuer-alle.jpg","datePublished":"2026-04-07T03:27:51+00:00","dateModified":"2026-04-22T14:50:48+00:00","description":"An\u00e1lise no Dia Mundial da Sa\u00fade: O Rendimento B\u00e1sico Ativo elimina o medo existencial, a segunda cria\u00e7\u00e3o de moeda assegura cuidados de sa\u00fade gratuitos, o fundo de perequa\u00e7\u00e3o e ambiente limpa o ar, a \u00e1gua e o solo - sem d\u00edvidas.","breadcrumb":{"@id":"https:\/\/gradido.net\/gesundheit-fuer-alle\/#breadcrumb"},"inLanguage":"pt-PT","potentialAction":[{"@type":"ReadAction","target":["https:\/\/gradido.net\/gesundheit-fuer-alle\/"]}]},{"@type":"ImageObject","inLanguage":"pt-PT","@id":"https:\/\/gradido.net\/gesundheit-fuer-alle\/#primaryimage","url":"https:\/\/gradido.net\/wp-content\/uploads\/2026\/04\/Gesundheit-fuer-alle.jpg","contentUrl":"https:\/\/gradido.net\/wp-content\/uploads\/2026\/04\/Gesundheit-fuer-alle.jpg","width":1920,"height":1080},{"@type":"BreadcrumbList","@id":"https:\/\/gradido.net\/gesundheit-fuer-alle\/#breadcrumb","itemListElement":[{"@type":"ListItem","position":1,"name":"Startseite","item":"https:\/\/gradido.net\/"},{"@type":"ListItem","position":2,"name":"Gesundheit f\u00fcr alle"}]},{"@type":"WebSite","@id":"https:\/\/gradido.net\/de\/#website","url":"https:\/\/gradido.net\/de\/","name":"Gradido","description":"A nova moeda \u00e9 a gratid\u00e3o","publisher":{"@id":"https:\/\/gradido.net\/de\/#organization"},"potentialAction":[{"@type":"SearchAction","target":{"@type":"EntryPoint","urlTemplate":"https:\/\/gradido.net\/de\/?s={search_term_string}"},"query-input":{"@type":"PropertyValueSpecification","valueRequired":true,"valueName":"search_term_string"}}],"inLanguage":"pt-PT"},{"@type":"Organization","@id":"https:\/\/gradido.net\/de\/#organization","name":"Gradido","url":"https:\/\/gradido.net\/de\/","logo":{"@type":"ImageObject","inLanguage":"pt-PT","@id":"https:\/\/gradido.net\/de\/#\/schema\/logo\/image\/","url":"https:\/\/gradido.net\/wp-content\/uploads\/2022\/04\/gradido-social.jpg","contentUrl":"https:\/\/gradido.net\/wp-content\/uploads\/2022\/04\/gradido-social.jpg","width":527,"height":273,"caption":"Gradido"},"image":{"@id":"https:\/\/gradido.net\/de\/#\/schema\/logo\/image\/"}},{"@type":"Person","@id":"https:\/\/gradido.net\/de\/#\/schema\/person\/9c503a004ad15a1ddecadce2218db5d1","name":"Bernd H\u00fcckst\u00e4dt","sameAs":["https:\/\/gradido.net"],"url":"https:\/\/gradido.net\/pt\/author\/bernd\/"}]}},"_links":{"self":[{"href":"https:\/\/gradido.net\/pt\/wp-json\/wp\/v2\/posts\/13288","targetHints":{"allow":["GET"]}}],"collection":[{"href":"https:\/\/gradido.net\/pt\/wp-json\/wp\/v2\/posts"}],"about":[{"href":"https:\/\/gradido.net\/pt\/wp-json\/wp\/v2\/types\/post"}],"author":[{"embeddable":true,"href":"https:\/\/gradido.net\/pt\/wp-json\/wp\/v2\/users\/2"}],"replies":[{"embeddable":true,"href":"https:\/\/gradido.net\/pt\/wp-json\/wp\/v2\/comments?post=13288"}],"version-history":[{"count":10,"href":"https:\/\/gradido.net\/pt\/wp-json\/wp\/v2\/posts\/13288\/revisions"}],"predecessor-version":[{"id":13299,"href":"https:\/\/gradido.net\/pt\/wp-json\/wp\/v2\/posts\/13288\/revisions\/13299"}],"wp:featuredmedia":[{"embeddable":true,"href":"https:\/\/gradido.net\/pt\/wp-json\/wp\/v2\/media\/13291"}],"wp:attachment":[{"href":"https:\/\/gradido.net\/pt\/wp-json\/wp\/v2\/media?parent=13288"}],"wp:term":[{"taxonomy":"category","embeddable":true,"href":"https:\/\/gradido.net\/pt\/wp-json\/wp\/v2\/categories?post=13288"},{"taxonomy":"post_tag","embeddable":true,"href":"https:\/\/gradido.net\/pt\/wp-json\/wp\/v2\/tags?post=13288"}],"curies":[{"name":"wp","href":"https:\/\/api.w.org\/{rel}","templated":true}]}}