{"id":1994,"date":"2021-03-11T12:06:47","date_gmt":"2021-03-11T11:06:47","guid":{"rendered":"https:\/\/gradido.net\/?p=1994"},"modified":"2021-12-11T21:01:44","modified_gmt":"2021-12-11T20:01:44","slug":"wirtschaftsforscher-nutzen-corona-krise-als-forschungslabor","status":"publish","type":"post","link":"https:\/\/gradido.net\/pt\/wirtschaftsforscher-nutzen-corona-krise-als-forschungslabor\/","title":{"rendered":"Investigadores econ\u00f3micos usam a crise da Corona como laborat\u00f3rio de investiga\u00e7\u00e3o"},"content":{"rendered":"<div data-elementor-type=\"wp-post\" data-elementor-id=\"1994\" class=\"elementor elementor-1994\" data-elementor-post-type=\"post\">\n\t\t\t\t\t\t<section class=\"elementor-section elementor-top-section elementor-element elementor-element-496e1d53 elementor-section-boxed elementor-section-height-default elementor-section-height-default\" data-id=\"496e1d53\" data-element_type=\"section\" data-e-type=\"section\">\n\t\t\t\t\t\t<div class=\"elementor-container elementor-column-gap-default\">\n\t\t\t\t\t<div class=\"elementor-column elementor-col-100 elementor-top-column elementor-element elementor-element-461d7be0\" data-id=\"461d7be0\" data-element_type=\"column\" data-e-type=\"column\">\n\t\t\t<div class=\"elementor-widget-wrap elementor-element-populated\">\n\t\t\t\t\t\t<div class=\"elementor-element elementor-element-cd9ebe2 elementor-widget elementor-widget-text-editor\" data-id=\"cd9ebe2\" data-element_type=\"widget\" data-e-type=\"widget\" data-widget_type=\"text-editor.default\">\n\t\t\t\t<div class=\"elementor-widget-container\">\n\t\t\t\t\t\t\t\t\t<h2>Para um mundo de trabalho melhor<\/h2><p><strong>K\u00fcnzelsau,11.03.2021 - Para milh\u00f5es de pessoas, as preocupa\u00e7\u00f5es com os seus empregos causam uma ansiedade dificilmente control\u00e1vel. Eles anseiam por um regresso \u00e0 sua vida antiga com a sua suposta seguran\u00e7a e previsibilidade. Mas ser\u00e1 isso realmente desej\u00e1vel? Como os trabalhadores alem\u00e3es j\u00e1 eram considerados \"campe\u00f5es da frustra\u00e7\u00e3o\" antes da crise, certamente poder\u00edamos usar o atual estado de emerg\u00eancia como um laborat\u00f3rio de pesquisa para um mundo de trabalho melhor. Os especialistas em bi\u00f3nica empresarial da Academia Gradido e o conhecido professor su\u00ed\u00e7o de gest\u00e3o internacional, Prof. Hans W\u00fcthrich, j\u00e1 come\u00e7aram a faz\u00ea-lo.<\/strong><\/p><p>Um estudo dinamarqu\u00eas sobre a satisfa\u00e7\u00e3o global dos colaboradores j\u00e1 provou em 2020 que as pessoas em nenhum pa\u00eds do mundo v\u00e3o trabalhar de forma t\u00e3o indiferente como na Alemanha. Isso n\u00e3o surpreende o co-fundador da Gradido Academy for Business Bionics, Bernd H\u00fcckst\u00e4dt, ou o pesquisador da ger\u00eancia, Prof. Hans W\u00fcthrich. Ambos v\u00eaem uma necessidade urgente de reformar a cultura de gest\u00e3o e o sistema financeiro - n\u00e3o apenas neste pa\u00eds.<\/p><h3>Empregados com direito<\/h3><p>De acordo com estudos recentes, nem oportunidades de promo\u00e7\u00e3o r\u00e1pida nem um sal\u00e1rio acima da m\u00e9dia s\u00e3o os crit\u00e9rios decisivos para a escolha de um futuro empregador. Ao contr\u00e1rio, tanto estudantes como funcion\u00e1rios est\u00e3o unidos pelo desejo de desempenhar um papel positivo na forma\u00e7\u00e3o do futuro. Esta tend\u00eancia tamb\u00e9m \u00e9 confirmada pelo Prof. W\u00fcthrich: \"Para muitas pessoas hoje em dia, j\u00e1 n\u00e3o basta receber simplesmente um sal\u00e1rio pelo seu desempenho profissional. N\u00e3o s\u00f3 os jovens, mas as pessoas em geral querem mudar o mundo para melhor, proteger o meio ambiente e seus recursos naturais, e fazer algo significativo. Para mim, isto significa que as organiza\u00e7\u00f5es t\u00eam de estar muito mais atentas ao porqu\u00ea, ou seja, legitimar a raz\u00e3o da exist\u00eancia. Eles devem ter respostas \u00e0 pergunta: Qual \u00e9 a nossa contribui\u00e7\u00e3o positiva para um mundo melhor? Quem beneficia de que forma do sucesso das nossas actividades empresariais? No futuro, as organiza\u00e7\u00f5es ter\u00e3o de oferecer cada vez mais espa\u00e7os de vida nos quais os funcion\u00e1rios possam desenvolver e desdobrar o seu potencial\".<\/p><h3>A crise da Corona como um laborat\u00f3rio de possibilidades para o futuro<\/h3><p>Segundo o Prof. W\u00fcthrich, o facto de muitas organiza\u00e7\u00f5es serem for\u00e7adas a seguir caminhos completamente novos durante a crise cria um \"laborat\u00f3rio de possibilidades reais para o futuro\". \"Todas estas experi\u00eancias n\u00e3o planejadas oferecem uma oportunidade \u00fanica de libertar precisamente tamb\u00e9m a cultura de lideran\u00e7a de preconceitos, dogmas e tabus inadequados e de a desenvolver inteligentemente\". Seguindo o princ\u00edpio de \"reflex\u00e3o em vez de reflexo\", o perito em gest\u00e3o apela aos gestores para que dediquem mais tempo \u00e0 an\u00e1lise das observa\u00e7\u00f5es provocadas pelas medidas Corona, que s\u00e3o muito interessantes em termos de cultura organizacional, apesar do desejo compreens\u00edvel de voltar \u00e0 normalidade pr\u00e9-Corona o mais rapidamente poss\u00edvel. \"E talvez dev\u00eassemos tamb\u00e9m transformar as utopias em realidade, tirar nossas pr\u00f3prias conclus\u00f5es e decidir conscientemente quais das experi\u00eancias e insights reunidos em modo de choque Corona devem ser transferidos para o futuro mundo do trabalho como o novo normal\".<\/p><h3>Tempo para um novo sistema econ\u00f3mico<\/h3><p>Os investigadores econ\u00f3micos bi\u00f3nicos da Academia de Gradido j\u00e1 desenvolveram um conceito para um mundo melhor para trabalhar e viver. Em mais de duas d\u00e9cadas, os investigadores em torno do Gradido Common Good Currency (GDD) foram capazes de conceber um sistema econ\u00f3mico e financeiro que n\u00e3o s\u00f3 ir\u00e1 mudar completamente o mundo do trabalho. H\u00fcckst\u00e4dt, que foi co-fundador da academia, diz: \"O tempo de transforma\u00e7\u00e3o nunca foi melhor\". A Crise de Corona \u00e9 um verdadeiro laborat\u00f3rio - mesmo que tenhamos entrado nele involuntariamente. A velha normalidade j\u00e1 n\u00e3o existir\u00e1, mas sim uma diversidade muito diferente. Com um novo sistema econ\u00f4mico, financeiro e monet\u00e1rio, estamos criando oportunidades inteiramente novas para evoluir e se desenvolver\".<\/p><h3>Novo gui\u00e3o para a suite executiva?<\/h3><p>A maioria dos gestores ainda n\u00e3o tem a confian\u00e7a e experi\u00eancia necess\u00e1rias para lidar com a intelig\u00eancia coletiva de seus funcion\u00e1rios. De acordo com o Prof. W\u00fcthrich, o potencial est\u00e1 sendo destru\u00eddo em vez de desenvolvido \"e a oportunidade est\u00e1 sendo perdida para ser poss\u00edvel implementar melhores solu\u00e7\u00f5es e uma maior qualidade de solu\u00e7\u00f5es de problemas atrav\u00e9s da participa\u00e7\u00e3o de muitos\". As abordagens mais importantes para uma cultura corporativa de sucesso no futuro seriam confiar na compet\u00eancia e julgamento dos funcion\u00e1rios e focar no seu desenvolvimento potencial.<\/p><h3>Com o Gradido o desenvolvimento potencial \u00e9 programa<\/h3><p>No modelo Gradido, a melhor promo\u00e7\u00e3o poss\u00edvel de seus pr\u00f3prios talentos \u00e9 quase um sistema -imanente. \u00c9 considerado o n\u00facleo da 'Participa\u00e7\u00e3o Incondicional', que \u00e9 oferecida a cada pessoa como uma contribui\u00e7\u00e3o para uma 'Renda B\u00e1sica Ativa'. H\u00fcckst\u00e4dt explica: \"Se o nosso modelo se apoderar, o desenvolvimento do potencial se tornar\u00e1 um dos temas centrais da vida. \u00c9 crucial que possamos alcan\u00e7ar com o Gradido que todas as pessoas estejam preparadas para isso. Enquanto eu tiver que lutar pela minha exist\u00eancia com press\u00e3o e ter que aceitar praticamente todos os trabalhos para garantir a minha sobreviv\u00eancia, n\u00e3o sobra muito para o desenvolvimento do meu potencial. Em \u00faltima an\u00e1lise, por\u00e9m, esta \u00e9 a chave para uma vida plena e o maior sucesso poss\u00edvel de toda a comunidade. \u00c9 por isso que no modelo Gradido, todos podem receber um 'Rendimento B\u00e1sico Activo'\".<\/p><p>Quebrar o c\u00edrculo vicioso do medo existencial e da competi\u00e7\u00e3o<br \/>O Gradido cria outro pr\u00e9-requisito indispens\u00e1vel para uma coexist\u00eancia cumprida com a aboli\u00e7\u00e3o do \"princ\u00edpio da d\u00edvida - dinheiro\". H\u00fcckst\u00e4dt diz: \"Enquanto o cr\u00e9dito de um for a d\u00edvida do outro, n\u00f3s, humanos, n\u00e3o podemos viver juntos em paz. A cria\u00e7\u00e3o monet\u00e1ria do Gradido para cada ser humano individual, no entanto, cria a base para uma conviv\u00eancia alegre e luxuriosa. De acordo com o lema \"coopera\u00e7\u00e3o ao inv\u00e9s de competi\u00e7\u00e3o\", poderemos usar sinergias e desenvolver a solidariedade\".<\/p><p>Neste sentido Bernd H\u00fcckst\u00e4dt e a propriet\u00e1ria da Academia Gradido, Margret Baier, convidam pessoas com os mesmos interesses e amigos de um mundo melhor (de trabalho) para trocar e cooperar.<\/p><p>Detalhes sobre o modelo Gradido e o epis\u00f3dio do podcast com o Prof. Hans W\u00fcthrich, Bernd H\u00fcckst\u00e4dt e Michael M\u00e4rzheuser sobre o tema \"Pattern Breakers - Making Utopias a Reality\" em www.gradido.net.<\/p><p><!-- \/wp:paragraph --><\/p>\t\t\t\t\t\t\t\t<\/div>\n\t\t\t\t<\/div>\n\t\t\t\t<div class=\"elementor-element elementor-element-e9ff241 elementor-widget elementor-widget-text-editor\" data-id=\"e9ff241\" data-element_type=\"widget\" data-e-type=\"widget\" data-widget_type=\"text-editor.default\">\n\t\t\t\t<div class=\"elementor-widget-container\">\n\t\t\t\t\t\t\t\t\t<p><strong>Sobre a Academia Gradido<\/strong><br>A Gradido Academy for Economic Bionics desenvolveu uma alternativa de \"boa moeda comum\" baseada nos modelos da natureza. A natureza segue a regra de que s\u00f3 onde algo passa pode surgir algo novo, e assim \u00e9 poss\u00edvel uma melhoria (evolu\u00e7\u00e3o) a longo prazo. A sua receita de sucesso \u00e9 o \"ciclo de vida\". Se a nossa economia tamb\u00e9m seguisse este ciclo natural, ent\u00e3o, de acordo com a avalia\u00e7\u00e3o dos Bi\u00f3logos Econ\u00f3micos, praticamente todos os problemas monet\u00e1rios do mundo poderiam ser resolvidos. O modelo Gradido \u00e9 baseado na ideia de que n\u00e3o s\u00f3 cada pessoa, mas tamb\u00e9m cada estado recebe rendimentos gerados com base no cr\u00e9dito. Pode assim cumprir todas as suas tarefas sem ter de cobrar impostos. Defla\u00e7\u00e3o ou infla\u00e7\u00e3o s\u00e3o coisas do passado. A economia \u00e9 libertada da constante compuls\u00e3o ao crescimento, o perigo de colapso do sistema financeiro \u00e9 finalmente evitado. (<a href=\"https:\/\/gradido.net\/pt\/\">www.gradido.net<\/a>)<\/p>\t\t\t\t\t\t\t\t<\/div>\n\t\t\t\t<\/div>\n\t\t\t\t\t<\/div>\n\t\t<\/div>\n\t\t\t\t\t<\/div>\n\t\t<\/section>\n\t\t\t\t<\/div>","protected":false},"excerpt":{"rendered":"<p>F\u00fcr eine bessere Arbeitswelt K\u00fcnzelsau,11.03.2021 \u2013 Millionen Menschen beschert die Sorge um ihren Arbeitsplatz kaum beherrschbare \u00c4ngste. Sie sehnen sich nach der R\u00fcckkehr in ihr altes Leben mit seiner vermeintlichen Sicherheit und Berechenbarkeit. Aber ist das wirklich erstrebenswert? Nachdem deutsche Arbeitnehmer schon vor der Krise als \u201aFrustweltmeister\u2018 galten, k\u00f6nnten wir den aktuellen Ausnahmezustand auch durchaus [&hellip;]<\/p>\n","protected":false},"author":2,"featured_media":1939,"comment_status":"closed","ping_status":"closed","sticky":false,"template":"","format":"standard","meta":{"footnotes":""},"categories":[8],"tags":[],"class_list":["post-1994","post","type-post","status-publish","format-standard","has-post-thumbnail","hentry","category-pressemitteilung"],"yoast_head":"<!-- This site is optimized with the Yoast SEO plugin v27.5 - https:\/\/yoast.com\/product\/yoast-seo-wordpress\/ -->\n<title>Wirtschaftsforscher nutzen Corona-Krise als Forschungslabor - Gradido<\/title>\n<meta name=\"robots\" content=\"index, follow, max-snippet:-1, max-image-preview:large, max-video-preview:-1\" \/>\n<link rel=\"canonical\" href=\"https:\/\/gradido.net\/pt\/wirtschaftsforscher-nutzen-corona-krise-als-forschungslabor\/\" \/>\n<meta property=\"og:locale\" content=\"pt_PT\" \/>\n<meta property=\"og:type\" content=\"article\" \/>\n<meta property=\"og:title\" content=\"Wirtschaftsforscher nutzen Corona-Krise als Forschungslabor - Gradido\" \/>\n<meta property=\"og:description\" content=\"F\u00fcr eine bessere Arbeitswelt K\u00fcnzelsau,11.03.2021 \u2013 Millionen Menschen beschert die Sorge um ihren Arbeitsplatz kaum beherrschbare \u00c4ngste. Sie sehnen sich nach der R\u00fcckkehr in ihr altes Leben mit seiner vermeintlichen Sicherheit und Berechenbarkeit. Aber ist das wirklich erstrebenswert? Nachdem deutsche Arbeitnehmer schon vor der Krise als \u201aFrustweltmeister\u2018 galten, k\u00f6nnten wir den aktuellen Ausnahmezustand auch durchaus [&hellip;]\" \/>\n<meta property=\"og:url\" content=\"https:\/\/gradido.net\/pt\/wirtschaftsforscher-nutzen-corona-krise-als-forschungslabor\/\" \/>\n<meta property=\"og:site_name\" content=\"Gradido\" \/>\n<meta property=\"article:published_time\" content=\"2021-03-11T11:06:47+00:00\" \/>\n<meta property=\"article:modified_time\" content=\"2021-12-11T20:01:44+00:00\" \/>\n<meta property=\"og:image\" content=\"https:\/\/gradido.net\/wp-content\/uploads\/2021\/03\/krise_als_forschungslabor.jpg\" \/>\n\t<meta property=\"og:image:width\" content=\"1750\" \/>\n\t<meta property=\"og:image:height\" content=\"1188\" \/>\n\t<meta property=\"og:image:type\" content=\"image\/jpeg\" \/>\n<meta name=\"author\" content=\"Bernd H\u00fcckst\u00e4dt\" \/>\n<meta name=\"twitter:card\" content=\"summary_large_image\" \/>\n<meta name=\"twitter:label1\" content=\"Escrito por\" \/>\n\t<meta name=\"twitter:data1\" content=\"Bernd H\u00fcckst\u00e4dt\" \/>\n\t<meta name=\"twitter:label2\" content=\"Tempo estimado de leitura\" \/>\n\t<meta name=\"twitter:data2\" content=\"5 minutos\" \/>\n<script type=\"application\/ld+json\" class=\"yoast-schema-graph\">{\"@context\":\"https:\\\/\\\/schema.org\",\"@graph\":[{\"@type\":\"Article\",\"@id\":\"https:\\\/\\\/gradido.net\\\/wirtschaftsforscher-nutzen-corona-krise-als-forschungslabor\\\/#article\",\"isPartOf\":{\"@id\":\"https:\\\/\\\/gradido.net\\\/wirtschaftsforscher-nutzen-corona-krise-als-forschungslabor\\\/\"},\"author\":{\"name\":\"Bernd H\u00fcckst\u00e4dt\",\"@id\":\"https:\\\/\\\/gradido.net\\\/de\\\/#\\\/schema\\\/person\\\/9c503a004ad15a1ddecadce2218db5d1\"},\"headline\":\"Wirtschaftsforscher nutzen Corona-Krise als Forschungslabor\",\"datePublished\":\"2021-03-11T11:06:47+00:00\",\"dateModified\":\"2021-12-11T20:01:44+00:00\",\"mainEntityOfPage\":{\"@id\":\"https:\\\/\\\/gradido.net\\\/wirtschaftsforscher-nutzen-corona-krise-als-forschungslabor\\\/\"},\"wordCount\":1096,\"publisher\":{\"@id\":\"https:\\\/\\\/gradido.net\\\/de\\\/#organization\"},\"image\":{\"@id\":\"https:\\\/\\\/gradido.net\\\/wirtschaftsforscher-nutzen-corona-krise-als-forschungslabor\\\/#primaryimage\"},\"thumbnailUrl\":\"https:\\\/\\\/gradido.net\\\/wp-content\\\/uploads\\\/2021\\\/03\\\/krise_als_forschungslabor.jpg\",\"articleSection\":[\"Pressemitteilung\"],\"inLanguage\":\"pt-PT\"},{\"@type\":\"WebPage\",\"@id\":\"https:\\\/\\\/gradido.net\\\/wirtschaftsforscher-nutzen-corona-krise-als-forschungslabor\\\/\",\"url\":\"https:\\\/\\\/gradido.net\\\/wirtschaftsforscher-nutzen-corona-krise-als-forschungslabor\\\/\",\"name\":\"Wirtschaftsforscher nutzen Corona-Krise als Forschungslabor - Gradido\",\"isPartOf\":{\"@id\":\"https:\\\/\\\/gradido.net\\\/de\\\/#website\"},\"primaryImageOfPage\":{\"@id\":\"https:\\\/\\\/gradido.net\\\/wirtschaftsforscher-nutzen-corona-krise-als-forschungslabor\\\/#primaryimage\"},\"image\":{\"@id\":\"https:\\\/\\\/gradido.net\\\/wirtschaftsforscher-nutzen-corona-krise-als-forschungslabor\\\/#primaryimage\"},\"thumbnailUrl\":\"https:\\\/\\\/gradido.net\\\/wp-content\\\/uploads\\\/2021\\\/03\\\/krise_als_forschungslabor.jpg\",\"datePublished\":\"2021-03-11T11:06:47+00:00\",\"dateModified\":\"2021-12-11T20:01:44+00:00\",\"breadcrumb\":{\"@id\":\"https:\\\/\\\/gradido.net\\\/wirtschaftsforscher-nutzen-corona-krise-als-forschungslabor\\\/#breadcrumb\"},\"inLanguage\":\"pt-PT\",\"potentialAction\":[{\"@type\":\"ReadAction\",\"target\":[\"https:\\\/\\\/gradido.net\\\/wirtschaftsforscher-nutzen-corona-krise-als-forschungslabor\\\/\"]}]},{\"@type\":\"ImageObject\",\"inLanguage\":\"pt-PT\",\"@id\":\"https:\\\/\\\/gradido.net\\\/wirtschaftsforscher-nutzen-corona-krise-als-forschungslabor\\\/#primaryimage\",\"url\":\"https:\\\/\\\/gradido.net\\\/wp-content\\\/uploads\\\/2021\\\/03\\\/krise_als_forschungslabor.jpg\",\"contentUrl\":\"https:\\\/\\\/gradido.net\\\/wp-content\\\/uploads\\\/2021\\\/03\\\/krise_als_forschungslabor.jpg\",\"width\":1750,\"height\":1188},{\"@type\":\"BreadcrumbList\",\"@id\":\"https:\\\/\\\/gradido.net\\\/wirtschaftsforscher-nutzen-corona-krise-als-forschungslabor\\\/#breadcrumb\",\"itemListElement\":[{\"@type\":\"ListItem\",\"position\":1,\"name\":\"Startseite\",\"item\":\"https:\\\/\\\/gradido.net\\\/\"},{\"@type\":\"ListItem\",\"position\":2,\"name\":\"Wirtschaftsforscher nutzen Corona-Krise als Forschungslabor\"}]},{\"@type\":\"WebSite\",\"@id\":\"https:\\\/\\\/gradido.net\\\/de\\\/#website\",\"url\":\"https:\\\/\\\/gradido.net\\\/de\\\/\",\"name\":\"Gradido\",\"description\":\"Die neue W\u00e4hrung hei\u00dft Dankbarkeit\",\"publisher\":{\"@id\":\"https:\\\/\\\/gradido.net\\\/de\\\/#organization\"},\"potentialAction\":[{\"@type\":\"SearchAction\",\"target\":{\"@type\":\"EntryPoint\",\"urlTemplate\":\"https:\\\/\\\/gradido.net\\\/de\\\/?s={search_term_string}\"},\"query-input\":{\"@type\":\"PropertyValueSpecification\",\"valueRequired\":true,\"valueName\":\"search_term_string\"}}],\"inLanguage\":\"pt-PT\"},{\"@type\":\"Organization\",\"@id\":\"https:\\\/\\\/gradido.net\\\/de\\\/#organization\",\"name\":\"Gradido\",\"url\":\"https:\\\/\\\/gradido.net\\\/de\\\/\",\"logo\":{\"@type\":\"ImageObject\",\"inLanguage\":\"pt-PT\",\"@id\":\"https:\\\/\\\/gradido.net\\\/de\\\/#\\\/schema\\\/logo\\\/image\\\/\",\"url\":\"https:\\\/\\\/gradido.net\\\/wp-content\\\/uploads\\\/2022\\\/04\\\/gradido-social.jpg\",\"contentUrl\":\"https:\\\/\\\/gradido.net\\\/wp-content\\\/uploads\\\/2022\\\/04\\\/gradido-social.jpg\",\"width\":527,\"height\":273,\"caption\":\"Gradido\"},\"image\":{\"@id\":\"https:\\\/\\\/gradido.net\\\/de\\\/#\\\/schema\\\/logo\\\/image\\\/\"}},{\"@type\":\"Person\",\"@id\":\"https:\\\/\\\/gradido.net\\\/de\\\/#\\\/schema\\\/person\\\/9c503a004ad15a1ddecadce2218db5d1\",\"name\":\"Bernd H\u00fcckst\u00e4dt\",\"sameAs\":[\"https:\\\/\\\/gradido.net\"],\"url\":\"https:\\\/\\\/gradido.net\\\/pt\\\/author\\\/bernd\\\/\"}]}<\/script>\n<!-- \/ Yoast SEO plugin. -->","yoast_head_json":{"title":"Investigadores econ\u00f3micos utilizam a crise do coronav\u00edrus como laborat\u00f3rio de investiga\u00e7\u00e3o - Gradido","robots":{"index":"index","follow":"follow","max-snippet":"max-snippet:-1","max-image-preview":"max-image-preview:large","max-video-preview":"max-video-preview:-1"},"canonical":"https:\/\/gradido.net\/pt\/wirtschaftsforscher-nutzen-corona-krise-als-forschungslabor\/","og_locale":"pt_PT","og_type":"article","og_title":"Wirtschaftsforscher nutzen Corona-Krise als Forschungslabor - Gradido","og_description":"F\u00fcr eine bessere Arbeitswelt K\u00fcnzelsau,11.03.2021 \u2013 Millionen Menschen beschert die Sorge um ihren Arbeitsplatz kaum beherrschbare \u00c4ngste. Sie sehnen sich nach der R\u00fcckkehr in ihr altes Leben mit seiner vermeintlichen Sicherheit und Berechenbarkeit. Aber ist das wirklich erstrebenswert? Nachdem deutsche Arbeitnehmer schon vor der Krise als \u201aFrustweltmeister\u2018 galten, k\u00f6nnten wir den aktuellen Ausnahmezustand auch durchaus [&hellip;]","og_url":"https:\/\/gradido.net\/pt\/wirtschaftsforscher-nutzen-corona-krise-als-forschungslabor\/","og_site_name":"Gradido","article_published_time":"2021-03-11T11:06:47+00:00","article_modified_time":"2021-12-11T20:01:44+00:00","og_image":[{"width":1750,"height":1188,"url":"https:\/\/gradido.net\/wp-content\/uploads\/2021\/03\/krise_als_forschungslabor.jpg","type":"image\/jpeg"}],"author":"Bernd H\u00fcckst\u00e4dt","twitter_card":"summary_large_image","twitter_misc":{"Escrito por":"Bernd H\u00fcckst\u00e4dt","Tempo estimado de leitura":"5 minutos"},"schema":{"@context":"https:\/\/schema.org","@graph":[{"@type":"Article","@id":"https:\/\/gradido.net\/wirtschaftsforscher-nutzen-corona-krise-als-forschungslabor\/#article","isPartOf":{"@id":"https:\/\/gradido.net\/wirtschaftsforscher-nutzen-corona-krise-als-forschungslabor\/"},"author":{"name":"Bernd H\u00fcckst\u00e4dt","@id":"https:\/\/gradido.net\/de\/#\/schema\/person\/9c503a004ad15a1ddecadce2218db5d1"},"headline":"Wirtschaftsforscher nutzen Corona-Krise als Forschungslabor","datePublished":"2021-03-11T11:06:47+00:00","dateModified":"2021-12-11T20:01:44+00:00","mainEntityOfPage":{"@id":"https:\/\/gradido.net\/wirtschaftsforscher-nutzen-corona-krise-als-forschungslabor\/"},"wordCount":1096,"publisher":{"@id":"https:\/\/gradido.net\/de\/#organization"},"image":{"@id":"https:\/\/gradido.net\/wirtschaftsforscher-nutzen-corona-krise-als-forschungslabor\/#primaryimage"},"thumbnailUrl":"https:\/\/gradido.net\/wp-content\/uploads\/2021\/03\/krise_als_forschungslabor.jpg","articleSection":["Pressemitteilung"],"inLanguage":"pt-PT"},{"@type":"WebPage","@id":"https:\/\/gradido.net\/wirtschaftsforscher-nutzen-corona-krise-als-forschungslabor\/","url":"https:\/\/gradido.net\/wirtschaftsforscher-nutzen-corona-krise-als-forschungslabor\/","name":"Investigadores econ\u00f3micos utilizam a crise do coronav\u00edrus como laborat\u00f3rio de investiga\u00e7\u00e3o - Gradido","isPartOf":{"@id":"https:\/\/gradido.net\/de\/#website"},"primaryImageOfPage":{"@id":"https:\/\/gradido.net\/wirtschaftsforscher-nutzen-corona-krise-als-forschungslabor\/#primaryimage"},"image":{"@id":"https:\/\/gradido.net\/wirtschaftsforscher-nutzen-corona-krise-als-forschungslabor\/#primaryimage"},"thumbnailUrl":"https:\/\/gradido.net\/wp-content\/uploads\/2021\/03\/krise_als_forschungslabor.jpg","datePublished":"2021-03-11T11:06:47+00:00","dateModified":"2021-12-11T20:01:44+00:00","breadcrumb":{"@id":"https:\/\/gradido.net\/wirtschaftsforscher-nutzen-corona-krise-als-forschungslabor\/#breadcrumb"},"inLanguage":"pt-PT","potentialAction":[{"@type":"ReadAction","target":["https:\/\/gradido.net\/wirtschaftsforscher-nutzen-corona-krise-als-forschungslabor\/"]}]},{"@type":"ImageObject","inLanguage":"pt-PT","@id":"https:\/\/gradido.net\/wirtschaftsforscher-nutzen-corona-krise-als-forschungslabor\/#primaryimage","url":"https:\/\/gradido.net\/wp-content\/uploads\/2021\/03\/krise_als_forschungslabor.jpg","contentUrl":"https:\/\/gradido.net\/wp-content\/uploads\/2021\/03\/krise_als_forschungslabor.jpg","width":1750,"height":1188},{"@type":"BreadcrumbList","@id":"https:\/\/gradido.net\/wirtschaftsforscher-nutzen-corona-krise-als-forschungslabor\/#breadcrumb","itemListElement":[{"@type":"ListItem","position":1,"name":"Startseite","item":"https:\/\/gradido.net\/"},{"@type":"ListItem","position":2,"name":"Wirtschaftsforscher nutzen Corona-Krise als Forschungslabor"}]},{"@type":"WebSite","@id":"https:\/\/gradido.net\/de\/#website","url":"https:\/\/gradido.net\/de\/","name":"Gradido","description":"A nova moeda \u00e9 a gratid\u00e3o","publisher":{"@id":"https:\/\/gradido.net\/de\/#organization"},"potentialAction":[{"@type":"SearchAction","target":{"@type":"EntryPoint","urlTemplate":"https:\/\/gradido.net\/de\/?s={search_term_string}"},"query-input":{"@type":"PropertyValueSpecification","valueRequired":true,"valueName":"search_term_string"}}],"inLanguage":"pt-PT"},{"@type":"Organization","@id":"https:\/\/gradido.net\/de\/#organization","name":"Gradido","url":"https:\/\/gradido.net\/de\/","logo":{"@type":"ImageObject","inLanguage":"pt-PT","@id":"https:\/\/gradido.net\/de\/#\/schema\/logo\/image\/","url":"https:\/\/gradido.net\/wp-content\/uploads\/2022\/04\/gradido-social.jpg","contentUrl":"https:\/\/gradido.net\/wp-content\/uploads\/2022\/04\/gradido-social.jpg","width":527,"height":273,"caption":"Gradido"},"image":{"@id":"https:\/\/gradido.net\/de\/#\/schema\/logo\/image\/"}},{"@type":"Person","@id":"https:\/\/gradido.net\/de\/#\/schema\/person\/9c503a004ad15a1ddecadce2218db5d1","name":"Bernd H\u00fcckst\u00e4dt","sameAs":["https:\/\/gradido.net"],"url":"https:\/\/gradido.net\/pt\/author\/bernd\/"}]}},"_links":{"self":[{"href":"https:\/\/gradido.net\/pt\/wp-json\/wp\/v2\/posts\/1994","targetHints":{"allow":["GET"]}}],"collection":[{"href":"https:\/\/gradido.net\/pt\/wp-json\/wp\/v2\/posts"}],"about":[{"href":"https:\/\/gradido.net\/pt\/wp-json\/wp\/v2\/types\/post"}],"author":[{"embeddable":true,"href":"https:\/\/gradido.net\/pt\/wp-json\/wp\/v2\/users\/2"}],"replies":[{"embeddable":true,"href":"https:\/\/gradido.net\/pt\/wp-json\/wp\/v2\/comments?post=1994"}],"version-history":[{"count":8,"href":"https:\/\/gradido.net\/pt\/wp-json\/wp\/v2\/posts\/1994\/revisions"}],"predecessor-version":[{"id":3766,"href":"https:\/\/gradido.net\/pt\/wp-json\/wp\/v2\/posts\/1994\/revisions\/3766"}],"wp:featuredmedia":[{"embeddable":true,"href":"https:\/\/gradido.net\/pt\/wp-json\/wp\/v2\/media\/1939"}],"wp:attachment":[{"href":"https:\/\/gradido.net\/pt\/wp-json\/wp\/v2\/media?parent=1994"}],"wp:term":[{"taxonomy":"category","embeddable":true,"href":"https:\/\/gradido.net\/pt\/wp-json\/wp\/v2\/categories?post=1994"},{"taxonomy":"post_tag","embeddable":true,"href":"https:\/\/gradido.net\/pt\/wp-json\/wp\/v2\/tags?post=1994"}],"curies":[{"name":"wp","href":"https:\/\/api.w.org\/{rel}","templated":true}]}}