{"id":4464,"date":"2022-05-24T13:08:08","date_gmt":"2022-05-24T11:08:08","guid":{"rendered":"https:\/\/gradido.net\/?p=4464"},"modified":"2026-04-24T08:19:29","modified_gmt":"2026-04-24T06:19:29","slug":"weltbevoelkerung-wir-sind-viele-das-ist-gut","status":"publish","type":"post","link":"https:\/\/gradido.net\/pt\/weltbevoelkerung-wir-sind-viele-das-ist-gut\/","title":{"rendered":"Popula\u00e7\u00e3o mundial: Somos muitos. Isso \u00e9 bom."},"content":{"rendered":"<div data-elementor-type=\"wp-post\" data-elementor-id=\"4464\" class=\"elementor elementor-4464\" data-elementor-post-type=\"post\">\n\t\t\t\t\t\t<section class=\"elementor-section elementor-top-section elementor-element elementor-element-496e1d53 elementor-section-boxed elementor-section-height-default elementor-section-height-default\" data-id=\"496e1d53\" data-element_type=\"section\" data-e-type=\"section\">\n\t\t\t\t\t\t<div class=\"elementor-container elementor-column-gap-default\">\n\t\t\t\t\t<div class=\"elementor-column elementor-col-100 elementor-top-column elementor-element elementor-element-461d7be0\" data-id=\"461d7be0\" data-element_type=\"column\" data-e-type=\"column\">\n\t\t\t<div class=\"elementor-widget-wrap elementor-element-populated\">\n\t\t\t\t\t\t<div class=\"elementor-element elementor-element-cd9ebe2 elementor-widget elementor-widget-text-editor\" data-id=\"cd9ebe2\" data-element_type=\"widget\" data-e-type=\"widget\" data-widget_type=\"text-editor.default\">\n\t\t\t\t<div class=\"elementor-widget-container\">\n\t\t\t\t\t\t\t\t\t<blockquote><p style=\"text-align: right;\"><em>\"A popula\u00e7\u00e3o mundial em 2022 ser\u00e1 de cerca de 8 mil milh\u00f5es de pessoas. \u00c9 gente suficiente para o \"sistema humano\" saltar para o n\u00edvel seguinte. <\/em><br \/><em>Isso \u00e9 sensacional. Isto \u00e9 pioneiro\".<\/em><\/p><p style=\"text-align: right;\"><em>- Karl Gamper<\/em><br \/><em>Autor de \"Juntos somos brilhantes<\/em><\/p><\/blockquote><p>Caro leitor,<\/p><p>como ser humano respons\u00e1vel, informado e compassivo, sabe que podemos fornecer tr\u00eas ou mais vezes \u00e0 popula\u00e7\u00e3o mundial alimentos de valor biol\u00f3gico e, ao mesmo tempo, apoiar a nossa terra no seu processo de cura. Se vivermos e manejarmos em harmonia com a natureza, podemos criar o para\u00edso na terra como uma fam\u00edlia humana.<\/p><p>Por outro lado, existem poderosos interesses econ\u00f3micos e geopol\u00edticos que tentam fazer-nos acreditar que temos uma superpopula\u00e7\u00e3o e que supostamente temos de reduzir a popula\u00e7\u00e3o mundial. O seu poder baseia-se no antigo sistema monet\u00e1rio e econ\u00f3mico em dificuldades. Poderemos n\u00f3s, humanos, criar um mundo pac\u00edfico para o nosso bem, para os nossos filhos e para todas as crian\u00e7as do mundo?<\/p><h3>A ci\u00eancia natural fornece respostas<\/h3><p>Na Academia de Gradido temos vindo a pesquisar as engenhosas leis do sucesso da natureza h\u00e1 d\u00e9cadas. Juntamente convosco, caros semelhantes, formamos o projecto de investiga\u00e7\u00e3o internacional Gradido - um movimento em crescimento. O nosso objectivo comum \u00e9 tornar a prosperidade e a paz poss\u00edveis para todas as pessoas em todo o mundo. Uma e outra vez, novas descobertas cient\u00edficas surgem no nosso caminho que colocam este objectivo ao nosso alcance.<\/p><h3>8 mil milh\u00f5es de pessoas s\u00e3o a solu\u00e7\u00e3o<\/h3><p>Tal percep\u00e7\u00e3o foi-nos trazida pelo conhecido redactor, treinador e autor de livros Karl Gamper, que se refere \u00e0 investiga\u00e7\u00e3o do qu\u00edmico russo e Pr\u00e9mio Nobel Ilya Prigogine. Estes dizem nada menos do que que que um sistema precisa de uma certa quantidade de partes individuais para saltar para o pr\u00f3ximo n\u00edvel superior de organiza\u00e7\u00e3o. Chamas de vela, estruturas de nuvens, tornados, estados de formiga... tudo isto s\u00e3o exemplos de como novas estruturas de ordem s\u00e3o formadas uma vez atingida uma certa quantidade. A altera\u00e7\u00e3o prov\u00e9m da quantidade das pe\u00e7as individuais.<\/p><p>Para a fam\u00edlia humana, \u00e9 de cerca de 8 mil milh\u00f5es de pessoas. Por outras palavras, o crescimento da popula\u00e7\u00e3o n\u00e3o \u00e9 o problema, mas sim a solu\u00e7\u00e3o. Portanto, n\u00e3o nos deixemos perturbar pelos acontecimentos ca\u00f3ticos que acompanham esta mudan\u00e7a!<\/p><h3>Mudan\u00e7a de valores para a paz e o amor<\/h3><p>Como \u00e9 que a mudan\u00e7a se faz sentir? Ao n\u00edvel da mente, \u00e9 a percep\u00e7\u00e3o de que os grandes problemas do nosso tempo s\u00f3 podem ser resolvidos em conjunto. Se quisermos resolver os problemas ambientais, s\u00f3 o podemos fazer em conjunto. A pobreza e a fome tamb\u00e9m s\u00f3 podem ser resolvidas em conjunto. E a paz s\u00f3 pode ser alcan\u00e7ada em conjunto de qualquer forma. O futuro ser\u00e1 pac\u00edfico ou n\u00e3o acontecer\u00e1.<\/p><p>Ao n\u00edvel do cora\u00e7\u00e3o, \u00e9 a viragem para o amor. Cada vez mais pessoas est\u00e3o a aperceber-se de que somos todos parte do todo - uma fam\u00edlia humana, integrada na natureza que nos rodeia.<\/p><h3>Mil agradecimentos porque est\u00e1 connosco\u00a0<\/h3><p>Sabemos agora que os 8 mil milh\u00f5es de pessoas s\u00e3o a solu\u00e7\u00e3o, n\u00e3o o problema. Sim, podemos estar gratos a todo e qualquer ser humano porque ele ou ela contribui para a capacidade da humanidade de passar para a pr\u00f3xima fase superior da evolu\u00e7\u00e3o.<\/p><p>Em vez de querermos reduzir a popula\u00e7\u00e3o mundial, como corresponderia ao dogma da escassez da velha economia, n\u00f3s na Gradido agradecemos a cada ser humano pela sua exist\u00eancia. Com o Rendimento B\u00e1sico Activo de 1000 Gradido por m\u00eas = 'Um Mil Obrigado', dizemos-lhe a si e a todos os outros cidad\u00e3os da terra \"Um Mil Obrigado, porque est\u00e1 connosco!<\/p><p><strong>A gratid\u00e3o e o apre\u00e7o ajudam-nos a desenvolver todo o nosso potencial. Eles trazem-nos ao amor, paz interior, cuidado e compaix\u00e3o.<\/strong><\/p><h3>A nova moeda \u00e9 a gratid\u00e3o<\/h3><p>Ao trazer a Gradido ao mundo, estamos a trabalhar activamente em prol da paz. Isto \u00e9 agora muito simples:<\/p><ol><li>Regista o seu livre <a href=\"https:\/\/gdd.gradido.net\/\" target=\"_blank\" rel=\"noopener\">Conta Gradido<\/a> e a \u00e1rea dos membros, se ainda n\u00e3o o tiver.<\/li><li>Na \u00e1rea\/m\u00f3dulo dos membros \"Participa\u00e7\u00e3o incondicional e rendimento b\u00e1sico activo\", escreve um coment\u00e1rio no m\u00eas correspondente sobre tudo o que fez para o bem comum no m\u00eas passado, e ser\u00e1 creditado com o seu rendimento b\u00e1sico Gradido.<\/li><li>Agora tem Gradidos na sua conta e pode enviar Gradidos a qualquer pessoa no mundo via link ou c\u00f3digo QR para lhe mostrar a sua gratid\u00e3o e aprecia\u00e7\u00e3o.<\/li><\/ol><h3>S\u00f3 funciona em conjunto<\/h3><p>Nestes tempos acidentados de mudan\u00e7a, \u00e9 importante que nos apoiemos uns aos outros. Portanto, mantenha-se em contacto com as pessoas que adoptaram os seus Gradidos. Eles provavelmente pensam da mesma maneira que voc\u00ea. Juntos construir\u00e3o uma rede de pessoas que partilham cada vez mais com a Gradido e tamb\u00e9m se d\u00e3o mutuamente seguran\u00e7a e protec\u00e7\u00e3o de outras formas. Por favor, sinta-se tamb\u00e9m \u00e0 vontade para usar o nosso <a href=\"https:\/\/t.me\/Gradido\" target=\"_blank\" rel=\"noopener\">Grupos de telegramas<\/a> para troca e\/ou fazer o seu pr\u00f3prio grupo.<\/p><p>Obrigado por fazer parte do movimento Gradido! Juntos estamos a dar o nosso contributo para a paz e prosperidade de toda a fam\u00edlia humana em harmonia com a natureza. N\u00e3o devemos reter este precioso conhecimento. Juntamente com 8 mil milh\u00f5es de pessoas, a fam\u00edlia humana est\u00e1 madura para saltar para a fase seguinte da evolu\u00e7\u00e3o e criar um para\u00edso onde vivemos juntos na alegria do cora\u00e7\u00e3o.<\/p><p>Do cora\u00e7\u00e3o<\/p><p>O seu<\/p><p><img decoding=\"async\" class=\"alignnone wp-image-4614 size-medium\" src=\"https:\/\/gradido.net\/wp-content\/uploads\/2022\/06\/MargretBernd_2022-300x74.png\" alt=\"\" width=\"300\" height=\"74\" srcset=\"https:\/\/gradido.net\/wp-content\/uploads\/2022\/06\/MargretBernd_2022-300x74.png 300w, https:\/\/gradido.net\/wp-content\/uploads\/2022\/06\/MargretBernd_2022-18x4.png 18w, https:\/\/gradido.net\/wp-content\/uploads\/2022\/06\/MargretBernd_2022.png 431w\" sizes=\"(max-width: 300px) 100vw, 300px\" \/><\/p><p>Margret Baier e Bernd H\u00fcckst\u00e4dt<br \/>Fundador e criador da Gradido<\/p>\t\t\t\t\t\t\t\t<\/div>\n\t\t\t\t<\/div>\n\t\t\t\t\t<\/div>\n\t\t<\/div>\n\t\t\t\t\t<\/div>\n\t\t<\/section>\n\t\t\t\t<\/div>","protected":false},"excerpt":{"rendered":"<p>8 mil milh\u00f5es de pessoas s\u00e3o a solu\u00e7\u00e3o, n\u00e3o o problema. Podemos estar gratos a cada ser humano porque ele ou ela contribui para que a humanidade possa passar para a pr\u00f3xima fase superior da evolu\u00e7\u00e3o.<\/p>","protected":false},"author":2,"featured_media":4465,"comment_status":"closed","ping_status":"closed","sticky":false,"template":"","format":"standard","meta":{"footnotes":""},"categories":[11,54,56],"tags":[22,49],"class_list":["post-4464","post","type-post","status-publish","format-standard","has-post-thumbnail","hentry","category-blog","category-community","category-psychologie","tag-bild-oben","tag-grosse-kooperation"],"yoast_head":"<!-- This site is optimized with the Yoast SEO plugin v27.5 - https:\/\/yoast.com\/product\/yoast-seo-wordpress\/ -->\n<title>Weltbev\u00f6lkerung: Wir sind viele. Das ist gut. - Gradido<\/title>\n<meta name=\"description\" content=\"8 Milliarden Menschen sind die L\u00f6sung und nicht das Problem. Wir k\u00f6nnen jedem Menschen dankbar sein, weil er beitr\u00e4gt, dass die Menschheit auf die n\u00e4chsth\u00f6here Evolutionsstufe wechseln kann.\" \/>\n<meta name=\"robots\" content=\"index, follow, max-snippet:-1, max-image-preview:large, max-video-preview:-1\" \/>\n<link rel=\"canonical\" href=\"https:\/\/gradido.net\/pt\/weltbevoelkerung-wir-sind-viele-das-ist-gut\/\" \/>\n<meta property=\"og:locale\" content=\"pt_PT\" \/>\n<meta property=\"og:type\" content=\"article\" \/>\n<meta property=\"og:title\" content=\"Weltbev\u00f6lkerung: Wir sind viele. Das ist gut. - Gradido\" \/>\n<meta property=\"og:description\" content=\"8 Milliarden Menschen sind die L\u00f6sung und nicht das Problem. Wir k\u00f6nnen jedem Menschen dankbar sein, weil er beitr\u00e4gt, dass die Menschheit auf die n\u00e4chsth\u00f6here Evolutionsstufe wechseln kann.\" \/>\n<meta property=\"og:url\" content=\"https:\/\/gradido.net\/pt\/weltbevoelkerung-wir-sind-viele-das-ist-gut\/\" \/>\n<meta property=\"og:site_name\" content=\"Gradido\" \/>\n<meta property=\"article:published_time\" content=\"2022-05-24T11:08:08+00:00\" \/>\n<meta property=\"article:modified_time\" content=\"2026-04-24T06:19:29+00:00\" \/>\n<meta property=\"og:image\" content=\"https:\/\/gradido.net\/wp-content\/uploads\/2022\/05\/Weltbevoelkerung.jpg\" \/>\n\t<meta property=\"og:image:width\" content=\"1200\" \/>\n\t<meta property=\"og:image:height\" content=\"800\" \/>\n\t<meta property=\"og:image:type\" content=\"image\/jpeg\" \/>\n<meta name=\"author\" content=\"Bernd H\u00fcckst\u00e4dt\" \/>\n<meta name=\"twitter:card\" content=\"summary_large_image\" \/>\n<meta name=\"twitter:label1\" content=\"Escrito por\" \/>\n\t<meta name=\"twitter:data1\" content=\"Bernd H\u00fcckst\u00e4dt\" \/>\n\t<meta name=\"twitter:label2\" content=\"Tempo estimado de leitura\" \/>\n\t<meta name=\"twitter:data2\" content=\"5 minutos\" \/>\n<script type=\"application\/ld+json\" class=\"yoast-schema-graph\">{\"@context\":\"https:\\\/\\\/schema.org\",\"@graph\":[{\"@type\":\"Article\",\"@id\":\"https:\\\/\\\/gradido.net\\\/weltbevoelkerung-wir-sind-viele-das-ist-gut\\\/#article\",\"isPartOf\":{\"@id\":\"https:\\\/\\\/gradido.net\\\/weltbevoelkerung-wir-sind-viele-das-ist-gut\\\/\"},\"author\":{\"name\":\"Bernd H\u00fcckst\u00e4dt\",\"@id\":\"https:\\\/\\\/gradido.net\\\/de\\\/#\\\/schema\\\/person\\\/9c503a004ad15a1ddecadce2218db5d1\"},\"headline\":\"Weltbev\u00f6lkerung: Wir sind viele. Das ist gut.\",\"datePublished\":\"2022-05-24T11:08:08+00:00\",\"dateModified\":\"2026-04-24T06:19:29+00:00\",\"mainEntityOfPage\":{\"@id\":\"https:\\\/\\\/gradido.net\\\/weltbevoelkerung-wir-sind-viele-das-ist-gut\\\/\"},\"wordCount\":831,\"publisher\":{\"@id\":\"https:\\\/\\\/gradido.net\\\/de\\\/#organization\"},\"image\":{\"@id\":\"https:\\\/\\\/gradido.net\\\/weltbevoelkerung-wir-sind-viele-das-ist-gut\\\/#primaryimage\"},\"thumbnailUrl\":\"https:\\\/\\\/gradido.net\\\/wp-content\\\/uploads\\\/2022\\\/05\\\/Weltbevoelkerung.jpg\",\"keywords\":[\"Bild oben\",\"Gro\u00dfe Kooperation\"],\"articleSection\":[\"Blog\",\"Community\",\"Psychologie\"],\"inLanguage\":\"pt-PT\"},{\"@type\":\"WebPage\",\"@id\":\"https:\\\/\\\/gradido.net\\\/weltbevoelkerung-wir-sind-viele-das-ist-gut\\\/\",\"url\":\"https:\\\/\\\/gradido.net\\\/weltbevoelkerung-wir-sind-viele-das-ist-gut\\\/\",\"name\":\"Weltbev\u00f6lkerung: Wir sind viele. Das ist gut. - Gradido\",\"isPartOf\":{\"@id\":\"https:\\\/\\\/gradido.net\\\/de\\\/#website\"},\"primaryImageOfPage\":{\"@id\":\"https:\\\/\\\/gradido.net\\\/weltbevoelkerung-wir-sind-viele-das-ist-gut\\\/#primaryimage\"},\"image\":{\"@id\":\"https:\\\/\\\/gradido.net\\\/weltbevoelkerung-wir-sind-viele-das-ist-gut\\\/#primaryimage\"},\"thumbnailUrl\":\"https:\\\/\\\/gradido.net\\\/wp-content\\\/uploads\\\/2022\\\/05\\\/Weltbevoelkerung.jpg\",\"datePublished\":\"2022-05-24T11:08:08+00:00\",\"dateModified\":\"2026-04-24T06:19:29+00:00\",\"description\":\"8 Milliarden Menschen sind die L\u00f6sung und nicht das Problem. Wir k\u00f6nnen jedem Menschen dankbar sein, weil er beitr\u00e4gt, dass die Menschheit auf die n\u00e4chsth\u00f6here Evolutionsstufe wechseln kann.\",\"breadcrumb\":{\"@id\":\"https:\\\/\\\/gradido.net\\\/weltbevoelkerung-wir-sind-viele-das-ist-gut\\\/#breadcrumb\"},\"inLanguage\":\"pt-PT\",\"potentialAction\":[{\"@type\":\"ReadAction\",\"target\":[\"https:\\\/\\\/gradido.net\\\/weltbevoelkerung-wir-sind-viele-das-ist-gut\\\/\"]}]},{\"@type\":\"ImageObject\",\"inLanguage\":\"pt-PT\",\"@id\":\"https:\\\/\\\/gradido.net\\\/weltbevoelkerung-wir-sind-viele-das-ist-gut\\\/#primaryimage\",\"url\":\"https:\\\/\\\/gradido.net\\\/wp-content\\\/uploads\\\/2022\\\/05\\\/Weltbevoelkerung.jpg\",\"contentUrl\":\"https:\\\/\\\/gradido.net\\\/wp-content\\\/uploads\\\/2022\\\/05\\\/Weltbevoelkerung.jpg\",\"width\":1200,\"height\":800},{\"@type\":\"BreadcrumbList\",\"@id\":\"https:\\\/\\\/gradido.net\\\/weltbevoelkerung-wir-sind-viele-das-ist-gut\\\/#breadcrumb\",\"itemListElement\":[{\"@type\":\"ListItem\",\"position\":1,\"name\":\"Startseite\",\"item\":\"https:\\\/\\\/gradido.net\\\/\"},{\"@type\":\"ListItem\",\"position\":2,\"name\":\"Weltbev\u00f6lkerung: Wir sind viele. Das ist gut.\"}]},{\"@type\":\"WebSite\",\"@id\":\"https:\\\/\\\/gradido.net\\\/de\\\/#website\",\"url\":\"https:\\\/\\\/gradido.net\\\/de\\\/\",\"name\":\"Gradido\",\"description\":\"Die neue W\u00e4hrung hei\u00dft Dankbarkeit\",\"publisher\":{\"@id\":\"https:\\\/\\\/gradido.net\\\/de\\\/#organization\"},\"potentialAction\":[{\"@type\":\"SearchAction\",\"target\":{\"@type\":\"EntryPoint\",\"urlTemplate\":\"https:\\\/\\\/gradido.net\\\/de\\\/?s={search_term_string}\"},\"query-input\":{\"@type\":\"PropertyValueSpecification\",\"valueRequired\":true,\"valueName\":\"search_term_string\"}}],\"inLanguage\":\"pt-PT\"},{\"@type\":\"Organization\",\"@id\":\"https:\\\/\\\/gradido.net\\\/de\\\/#organization\",\"name\":\"Gradido\",\"url\":\"https:\\\/\\\/gradido.net\\\/de\\\/\",\"logo\":{\"@type\":\"ImageObject\",\"inLanguage\":\"pt-PT\",\"@id\":\"https:\\\/\\\/gradido.net\\\/de\\\/#\\\/schema\\\/logo\\\/image\\\/\",\"url\":\"https:\\\/\\\/gradido.net\\\/wp-content\\\/uploads\\\/2022\\\/04\\\/gradido-social.jpg\",\"contentUrl\":\"https:\\\/\\\/gradido.net\\\/wp-content\\\/uploads\\\/2022\\\/04\\\/gradido-social.jpg\",\"width\":527,\"height\":273,\"caption\":\"Gradido\"},\"image\":{\"@id\":\"https:\\\/\\\/gradido.net\\\/de\\\/#\\\/schema\\\/logo\\\/image\\\/\"}},{\"@type\":\"Person\",\"@id\":\"https:\\\/\\\/gradido.net\\\/de\\\/#\\\/schema\\\/person\\\/9c503a004ad15a1ddecadce2218db5d1\",\"name\":\"Bernd H\u00fcckst\u00e4dt\",\"sameAs\":[\"https:\\\/\\\/gradido.net\"],\"url\":\"https:\\\/\\\/gradido.net\\\/pt\\\/author\\\/bernd\\\/\"}]}<\/script>\n<!-- \/ Yoast SEO plugin. -->","yoast_head_json":{"title":"Popula\u00e7\u00e3o mundial: Somos muitos. Isso \u00e9 bom. - Gradido","description":"8 mil milh\u00f5es de pessoas s\u00e3o a solu\u00e7\u00e3o, n\u00e3o o problema. Podemos estar gratos a todos os seres humanos porque eles contribuem para que a humanidade avance para o pr\u00f3ximo est\u00e1dio superior de evolu\u00e7\u00e3o.","robots":{"index":"index","follow":"follow","max-snippet":"max-snippet:-1","max-image-preview":"max-image-preview:large","max-video-preview":"max-video-preview:-1"},"canonical":"https:\/\/gradido.net\/pt\/weltbevoelkerung-wir-sind-viele-das-ist-gut\/","og_locale":"pt_PT","og_type":"article","og_title":"Weltbev\u00f6lkerung: Wir sind viele. Das ist gut. - Gradido","og_description":"8 Milliarden Menschen sind die L\u00f6sung und nicht das Problem. Wir k\u00f6nnen jedem Menschen dankbar sein, weil er beitr\u00e4gt, dass die Menschheit auf die n\u00e4chsth\u00f6here Evolutionsstufe wechseln kann.","og_url":"https:\/\/gradido.net\/pt\/weltbevoelkerung-wir-sind-viele-das-ist-gut\/","og_site_name":"Gradido","article_published_time":"2022-05-24T11:08:08+00:00","article_modified_time":"2026-04-24T06:19:29+00:00","og_image":[{"width":1200,"height":800,"url":"https:\/\/gradido.net\/wp-content\/uploads\/2022\/05\/Weltbevoelkerung.jpg","type":"image\/jpeg"}],"author":"Bernd H\u00fcckst\u00e4dt","twitter_card":"summary_large_image","twitter_misc":{"Escrito por":"Bernd H\u00fcckst\u00e4dt","Tempo estimado de leitura":"5 minutos"},"schema":{"@context":"https:\/\/schema.org","@graph":[{"@type":"Article","@id":"https:\/\/gradido.net\/weltbevoelkerung-wir-sind-viele-das-ist-gut\/#article","isPartOf":{"@id":"https:\/\/gradido.net\/weltbevoelkerung-wir-sind-viele-das-ist-gut\/"},"author":{"name":"Bernd H\u00fcckst\u00e4dt","@id":"https:\/\/gradido.net\/de\/#\/schema\/person\/9c503a004ad15a1ddecadce2218db5d1"},"headline":"Weltbev\u00f6lkerung: Wir sind viele. Das ist gut.","datePublished":"2022-05-24T11:08:08+00:00","dateModified":"2026-04-24T06:19:29+00:00","mainEntityOfPage":{"@id":"https:\/\/gradido.net\/weltbevoelkerung-wir-sind-viele-das-ist-gut\/"},"wordCount":831,"publisher":{"@id":"https:\/\/gradido.net\/de\/#organization"},"image":{"@id":"https:\/\/gradido.net\/weltbevoelkerung-wir-sind-viele-das-ist-gut\/#primaryimage"},"thumbnailUrl":"https:\/\/gradido.net\/wp-content\/uploads\/2022\/05\/Weltbevoelkerung.jpg","keywords":["Bild oben","Gro\u00dfe Kooperation"],"articleSection":["Blog","Community","Psychologie"],"inLanguage":"pt-PT"},{"@type":"WebPage","@id":"https:\/\/gradido.net\/weltbevoelkerung-wir-sind-viele-das-ist-gut\/","url":"https:\/\/gradido.net\/weltbevoelkerung-wir-sind-viele-das-ist-gut\/","name":"Popula\u00e7\u00e3o mundial: Somos muitos. Isso \u00e9 bom. - Gradido","isPartOf":{"@id":"https:\/\/gradido.net\/de\/#website"},"primaryImageOfPage":{"@id":"https:\/\/gradido.net\/weltbevoelkerung-wir-sind-viele-das-ist-gut\/#primaryimage"},"image":{"@id":"https:\/\/gradido.net\/weltbevoelkerung-wir-sind-viele-das-ist-gut\/#primaryimage"},"thumbnailUrl":"https:\/\/gradido.net\/wp-content\/uploads\/2022\/05\/Weltbevoelkerung.jpg","datePublished":"2022-05-24T11:08:08+00:00","dateModified":"2026-04-24T06:19:29+00:00","description":"8 mil milh\u00f5es de pessoas s\u00e3o a solu\u00e7\u00e3o, n\u00e3o o problema. Podemos estar gratos a todos os seres humanos porque eles contribuem para que a humanidade avance para o pr\u00f3ximo est\u00e1dio superior de evolu\u00e7\u00e3o.","breadcrumb":{"@id":"https:\/\/gradido.net\/weltbevoelkerung-wir-sind-viele-das-ist-gut\/#breadcrumb"},"inLanguage":"pt-PT","potentialAction":[{"@type":"ReadAction","target":["https:\/\/gradido.net\/weltbevoelkerung-wir-sind-viele-das-ist-gut\/"]}]},{"@type":"ImageObject","inLanguage":"pt-PT","@id":"https:\/\/gradido.net\/weltbevoelkerung-wir-sind-viele-das-ist-gut\/#primaryimage","url":"https:\/\/gradido.net\/wp-content\/uploads\/2022\/05\/Weltbevoelkerung.jpg","contentUrl":"https:\/\/gradido.net\/wp-content\/uploads\/2022\/05\/Weltbevoelkerung.jpg","width":1200,"height":800},{"@type":"BreadcrumbList","@id":"https:\/\/gradido.net\/weltbevoelkerung-wir-sind-viele-das-ist-gut\/#breadcrumb","itemListElement":[{"@type":"ListItem","position":1,"name":"Startseite","item":"https:\/\/gradido.net\/"},{"@type":"ListItem","position":2,"name":"Weltbev\u00f6lkerung: Wir sind viele. Das ist gut."}]},{"@type":"WebSite","@id":"https:\/\/gradido.net\/de\/#website","url":"https:\/\/gradido.net\/de\/","name":"Gradido","description":"A nova moeda \u00e9 a gratid\u00e3o","publisher":{"@id":"https:\/\/gradido.net\/de\/#organization"},"potentialAction":[{"@type":"SearchAction","target":{"@type":"EntryPoint","urlTemplate":"https:\/\/gradido.net\/de\/?s={search_term_string}"},"query-input":{"@type":"PropertyValueSpecification","valueRequired":true,"valueName":"search_term_string"}}],"inLanguage":"pt-PT"},{"@type":"Organization","@id":"https:\/\/gradido.net\/de\/#organization","name":"Gradido","url":"https:\/\/gradido.net\/de\/","logo":{"@type":"ImageObject","inLanguage":"pt-PT","@id":"https:\/\/gradido.net\/de\/#\/schema\/logo\/image\/","url":"https:\/\/gradido.net\/wp-content\/uploads\/2022\/04\/gradido-social.jpg","contentUrl":"https:\/\/gradido.net\/wp-content\/uploads\/2022\/04\/gradido-social.jpg","width":527,"height":273,"caption":"Gradido"},"image":{"@id":"https:\/\/gradido.net\/de\/#\/schema\/logo\/image\/"}},{"@type":"Person","@id":"https:\/\/gradido.net\/de\/#\/schema\/person\/9c503a004ad15a1ddecadce2218db5d1","name":"Bernd H\u00fcckst\u00e4dt","sameAs":["https:\/\/gradido.net"],"url":"https:\/\/gradido.net\/pt\/author\/bernd\/"}]}},"_links":{"self":[{"href":"https:\/\/gradido.net\/pt\/wp-json\/wp\/v2\/posts\/4464","targetHints":{"allow":["GET"]}}],"collection":[{"href":"https:\/\/gradido.net\/pt\/wp-json\/wp\/v2\/posts"}],"about":[{"href":"https:\/\/gradido.net\/pt\/wp-json\/wp\/v2\/types\/post"}],"author":[{"embeddable":true,"href":"https:\/\/gradido.net\/pt\/wp-json\/wp\/v2\/users\/2"}],"replies":[{"embeddable":true,"href":"https:\/\/gradido.net\/pt\/wp-json\/wp\/v2\/comments?post=4464"}],"version-history":[{"count":10,"href":"https:\/\/gradido.net\/pt\/wp-json\/wp\/v2\/posts\/4464\/revisions"}],"predecessor-version":[{"id":8315,"href":"https:\/\/gradido.net\/pt\/wp-json\/wp\/v2\/posts\/4464\/revisions\/8315"}],"wp:featuredmedia":[{"embeddable":true,"href":"https:\/\/gradido.net\/pt\/wp-json\/wp\/v2\/media\/4465"}],"wp:attachment":[{"href":"https:\/\/gradido.net\/pt\/wp-json\/wp\/v2\/media?parent=4464"}],"wp:term":[{"taxonomy":"category","embeddable":true,"href":"https:\/\/gradido.net\/pt\/wp-json\/wp\/v2\/categories?post=4464"},{"taxonomy":"post_tag","embeddable":true,"href":"https:\/\/gradido.net\/pt\/wp-json\/wp\/v2\/tags?post=4464"}],"curies":[{"name":"wp","href":"https:\/\/api.w.org\/{rel}","templated":true}]}}