{"id":6240,"date":"2023-01-28T06:00:39","date_gmt":"2023-01-28T05:00:39","guid":{"rendered":"https:\/\/gradido.net\/?p=6240"},"modified":"2023-02-09T11:49:58","modified_gmt":"2023-02-09T10:49:58","slug":"episode-45","status":"publish","type":"post","link":"https:\/\/gradido.net\/pt\/episode-45\/","title":{"rendered":"Tocando o cora\u00e7\u00e3o um do outro com gargalhadas"},"content":{"rendered":"<div data-elementor-type=\"wp-post\" data-elementor-id=\"6240\" class=\"elementor elementor-6240\" data-elementor-post-type=\"post\">\n\t\t\t\t\t\t<section class=\"elementor-section elementor-top-section elementor-element elementor-element-496e1d53 elementor-section-boxed elementor-section-height-default elementor-section-height-default\" data-id=\"496e1d53\" data-element_type=\"section\" data-e-type=\"section\">\n\t\t\t\t\t\t<div class=\"elementor-container elementor-column-gap-default\">\n\t\t\t\t\t<div class=\"elementor-column elementor-col-100 elementor-top-column elementor-element elementor-element-461d7be0\" data-id=\"461d7be0\" data-element_type=\"column\" data-e-type=\"column\">\n\t\t\t<div class=\"elementor-widget-wrap elementor-element-populated\">\n\t\t\t\t\t\t<div class=\"elementor-element elementor-element-cd9ebe2 elementor-widget elementor-widget-text-editor\" data-id=\"cd9ebe2\" data-element_type=\"widget\" data-e-type=\"widget\" data-widget_type=\"text-editor.default\">\n\t\t\t\t<div class=\"elementor-widget-container\">\n\t\t\t\t\t\t\t\t\t<h2>Convidada: Susanne Klaus<\/h2>\t\t\t\t\t\t\t\t<\/div>\n\t\t\t\t<\/div>\n\t\t\t\t\t<\/div>\n\t\t<\/div>\n\t\t\t\t\t<\/div>\n\t\t<\/section>\n\t\t\t\t<section class=\"elementor-section elementor-top-section elementor-element elementor-element-2f93e3c3 elementor-section-boxed elementor-section-height-default elementor-section-height-default\" data-id=\"2f93e3c3\" data-element_type=\"section\" data-e-type=\"section\">\n\t\t\t\t\t\t<div class=\"elementor-container elementor-column-gap-default\">\n\t\t\t\t\t<div class=\"elementor-column elementor-col-100 elementor-top-column elementor-element elementor-element-5a9dfd19\" data-id=\"5a9dfd19\" data-element_type=\"column\" data-e-type=\"column\">\n\t\t\t<div class=\"elementor-widget-wrap elementor-element-populated\">\n\t\t\t\t\t\t<div class=\"elementor-element elementor-element-9cdb6b8 elementor-widget elementor-widget-html\" data-id=\"9cdb6b8\" data-element_type=\"widget\" data-e-type=\"widget\" data-widget_type=\"html.default\">\n\t\t\t\t<div class=\"elementor-widget-container\">\n\t\t\t\t\t<script class=\"podigee-podcast-player\" src=\"https:\/\/player.podigee-cdn.net\/podcast-player\/javascripts\/podigee-podcast-player.js\" data-configuration=\"https:\/\/gradido.podigee.io\/45-new-episode\/embed?context=external&token=Ewl7RroZUnAYcsSL5eBJuA\"><\/script>\t\t\t\t<\/div>\n\t\t\t\t<\/div>\n\t\t\t\t\t<\/div>\n\t\t<\/div>\n\t\t\t\t\t<\/div>\n\t\t<\/section>\n\t\t\t\t<section class=\"elementor-section elementor-top-section elementor-element elementor-element-585c640 elementor-section-boxed elementor-section-height-default elementor-section-height-default\" data-id=\"585c640\" data-element_type=\"section\" data-e-type=\"section\">\n\t\t\t\t\t\t<div class=\"elementor-container elementor-column-gap-default\">\n\t\t\t\t\t<div class=\"elementor-column elementor-col-50 elementor-top-column elementor-element elementor-element-13c250b\" data-id=\"13c250b\" data-element_type=\"column\" data-e-type=\"column\">\n\t\t\t<div class=\"elementor-widget-wrap elementor-element-populated\">\n\t\t\t\t\t\t<div class=\"elementor-element elementor-element-0561949 elementor-widget elementor-widget-text-editor\" data-id=\"0561949\" data-element_type=\"widget\" data-e-type=\"widget\" data-widget_type=\"text-editor.default\">\n\t\t\t\t<div class=\"elementor-widget-container\">\n\t\t\t\t\t\t\t\t\t<p>O riso \u00e9 saud\u00e1vel. Todas as crian\u00e7as sabem disso, e tamb\u00e9m \u00e9 cada vez mais utilizado em terapia. O riso pode at\u00e9 salvar vidas.<\/p><p>Mas se o riso \u00e9 t\u00e3o bom para as pessoas, ent\u00e3o as pessoas n\u00e3o riem o suficiente - especialmente nos neg\u00f3cios.<\/p><p>\"Nenhuma outra profiss\u00e3o tem t\u00e3o pouco humor excepto talvez os advogados\", diz a nossa convidada da entrevista no podcast Gradido, a treinadora de risos Susanne Klaus. E ela sabe do que est\u00e1 a falar. Susanne estudou administra\u00e7\u00e3o de empresas e trabalhou durante muito tempo como gestora de recursos humanos e finan\u00e7as em empresas de orienta\u00e7\u00e3o internacional.<\/p><p>Por pura curiosidade, ela participou no seu primeiro semin\u00e1rio de yoga de riso em 2004. Infectada e dominada pelo v\u00edrus do riso, fundou a Escola do Riso de Stuttgart em 2005 e foi treinada como professora de yoga do riso pelo Dr. Madan Kataria, o fundador do movimento de yoga do riso.<\/p><p>Em 2011, deixou o seu trabalho como gerente e iniciou o seu pr\u00f3prio neg\u00f3cio no campo do riso e do yoga do riso.<\/p><p>Hoje, como especialista no campo das emo\u00e7\u00f5es positivas, \u00e9 procurada como oradora, l\u00edder de workshops e semin\u00e1rios e est\u00e1 envolvida por uma grande variedade de grupos e empresas de renome. Ela tamb\u00e9m treina l\u00edderes de ioga risonhas com grande paix\u00e3o.<\/p><p>E o que nos deixa particularmente felizes: Susanne Klaus est\u00e1 a juntar-se entusiasticamente \u00e0 Gradido.<\/p><h3>Esquerda:<\/h3><p>Escola do riso de Stuttgart<br \/><a href=\"https:\/\/www.stuttgarter-lachschule.de\/\">https:\/\/www.stuttgarter-lachschule.de\/<\/a><\/p><p>Rir diariamente online \/ Zoom<br \/><a href=\"https:\/\/www.stuttgarter-lachschule.de\/morgen-abend-lachen-online\">https:\/\/www.stuttgarter-lachschule.de\/morgen-abend-lachen-online<\/a><\/p><h4>A Gradido oferece na Escola do Riso<\/h4><p>O que \u00e9 o Gradido?<br \/><a href=\"https:\/\/www.stuttgarter-lachschule.de\/gradido\" target=\"_blank\" rel=\"noopener\">https:\/\/www.stuttgarter-lachschule.de\/gradido<\/a><\/p><p>CONVERSA AO VIVO - ONLINE \/ ZOOM<br \/><a href=\"https:\/\/www.stuttgarter-lachschule.de\/live-talk-online\" target=\"_blank\" rel=\"noopener\">https:\/\/www.stuttgarter-lachschule.de\/live-talk-online<\/a><\/p><p>DINHEIRO!!! - RIR OU N\u00c3O RIR!<br \/><a href=\"https:\/\/www.stuttgarter-lachschule.de\/workshop---lachen-und-geld\" target=\"_blank\" rel=\"noopener\">https:\/\/www.stuttgarter-lachschule.de\/workshop&#8212;lachen-und-geld<\/a><\/p>\t\t\t\t\t\t\t\t<\/div>\n\t\t\t\t<\/div>\n\t\t\t\t\t<\/div>\n\t\t<\/div>\n\t\t\t\t<div class=\"elementor-column elementor-col-50 elementor-top-column elementor-element elementor-element-e0d795e\" data-id=\"e0d795e\" data-element_type=\"column\" data-e-type=\"column\">\n\t\t\t<div class=\"elementor-widget-wrap elementor-element-populated\">\n\t\t\t\t\t\t<div class=\"elementor-element elementor-element-8c61bad elementor-widget elementor-widget-image\" data-id=\"8c61bad\" data-element_type=\"widget\" data-e-type=\"widget\" data-widget_type=\"image.default\">\n\t\t\t\t<div class=\"elementor-widget-container\">\n\t\t\t\t\t\t\t\t\t\t\t\t\t\t\t<img fetchpriority=\"high\" decoding=\"async\" width=\"800\" height=\"800\" src=\"https:\/\/gradido.net\/wp-content\/uploads\/2023\/01\/gradido_podcast_klaus-1024x1024.jpg\" class=\"attachment-large size-large wp-image-6201\" alt=\"\" srcset=\"https:\/\/gradido.net\/wp-content\/uploads\/2023\/01\/gradido_podcast_klaus-1024x1024.jpg 1024w, https:\/\/gradido.net\/wp-content\/uploads\/2023\/01\/gradido_podcast_klaus-300x300.jpg 300w, https:\/\/gradido.net\/wp-content\/uploads\/2023\/01\/gradido_podcast_klaus-150x150.jpg 150w, https:\/\/gradido.net\/wp-content\/uploads\/2023\/01\/gradido_podcast_klaus-768x768.jpg 768w, https:\/\/gradido.net\/wp-content\/uploads\/2023\/01\/gradido_podcast_klaus-12x12.jpg 12w, https:\/\/gradido.net\/wp-content\/uploads\/2023\/01\/gradido_podcast_klaus.jpg 1400w\" sizes=\"(max-width: 800px) 100vw, 800px\" \/>\t\t\t\t\t\t\t\t\t\t\t\t\t\t\t<\/div>\n\t\t\t\t<\/div>\n\t\t\t\t<div class=\"elementor-element elementor-element-ceab137 elementor-widget elementor-widget-text-editor\" data-id=\"ceab137\" data-element_type=\"widget\" data-e-type=\"widget\" data-widget_type=\"text-editor.default\">\n\t\t\t\t<div class=\"elementor-widget-container\">\n\t\t\t\t\t\t\t\t\t<p><a href=\"https:\/\/youtu.be\/98DS60y2fTU\" target=\"_blank\" rel=\"noopener\" data-wplink-edit=\"true\">Ou\u00e7a no YouTube<\/a><\/p>\t\t\t\t\t\t\t\t<\/div>\n\t\t\t\t<\/div>\n\t\t\t\t\t<\/div>\n\t\t<\/div>\n\t\t\t\t\t<\/div>\n\t\t<\/section>\n\t\t\t\t<section class=\"elementor-section elementor-top-section elementor-element elementor-element-d051609 elementor-section-boxed elementor-section-height-default elementor-section-height-default\" data-id=\"d051609\" data-element_type=\"section\" data-e-type=\"section\">\n\t\t\t\t\t\t<div class=\"elementor-container elementor-column-gap-default\">\n\t\t\t\t\t<div class=\"elementor-column elementor-col-100 elementor-top-column elementor-element elementor-element-13cc168\" data-id=\"13cc168\" data-element_type=\"column\" data-e-type=\"column\">\n\t\t\t<div class=\"elementor-widget-wrap elementor-element-populated\">\n\t\t\t\t\t\t<div class=\"elementor-element elementor-element-b43b3ee elementor-widget elementor-widget-heading\" data-id=\"b43b3ee\" data-element_type=\"widget\" data-e-type=\"widget\" data-widget_type=\"heading.default\">\n\t\t\t\t<div class=\"elementor-widget-container\">\n\t\t\t\t\t<h2 class=\"elementor-heading-title elementor-size-default\">Transcri\u00e7\u00e3o (traduzida automaticamente)<\/h2>\t\t\t\t<\/div>\n\t\t\t\t<\/div>\n\t\t\t\t\t<\/div>\n\t\t<\/div>\n\t\t\t\t\t<\/div>\n\t\t<\/section>\n\t\t\t\t<section class=\"elementor-section elementor-top-section elementor-element elementor-element-474427c elementor-section-boxed elementor-section-height-default elementor-section-height-default\" data-id=\"474427c\" data-element_type=\"section\" data-e-type=\"section\">\n\t\t\t\t\t\t<div class=\"elementor-container elementor-column-gap-default\">\n\t\t\t\t\t<div class=\"elementor-column elementor-col-100 elementor-top-column elementor-element elementor-element-6041f12\" data-id=\"6041f12\" data-element_type=\"column\" data-e-type=\"column\">\n\t\t\t<div class=\"elementor-widget-wrap elementor-element-populated\">\n\t\t\t\t\t\t\t<\/div>\n\t\t<\/div>\n\t\t\t\t\t<\/div>\n\t\t<\/section>\n\t\t\t\t<\/div>","protected":false},"excerpt":{"rendered":"<p>O riso \u00e9 saud\u00e1vel e \u00e9 tamb\u00e9m cada vez mais utilizado em terapia. O riso pode at\u00e9 salvar vidas. \"Mas se o riso \u00e9 t\u00e3o bom para as pessoas, ent\u00e3o as pessoas n\u00e3o riem o suficiente - especialmente nos neg\u00f3cios\", diz a economista de neg\u00f3cios e treinadora de riso Susanne Klaus.<\/p>","protected":false},"author":12,"featured_media":6203,"comment_status":"closed","ping_status":"closed","sticky":false,"template":"","format":"standard","meta":{"footnotes":""},"categories":[19],"tags":[31,14,32,30,16,28,29],"class_list":["post-6240","post","type-post","status-publish","format-standard","has-post-thumbnail","hentry","category-podcast","tag-betriebswirtschaft","tag-finanzsystem","tag-geldsystem","tag-gesundheit","tag-grundeinkommen","tag-lachen","tag-lachyoga"],"yoast_head":"<!-- This site is optimized with the Yoast SEO plugin v27.5 - https:\/\/yoast.com\/product\/yoast-seo-wordpress\/ -->\n<title>Lachend einander im Herzen ber\u00fchren - Gradido<\/title>\n<meta name=\"description\" content=\"Lachen ist gesund und wird auch in der Therapie zunehmend angewandt. Lachen kann sogar Leben retten. \u201eDoch wenn Lachen so gut f\u00fcr die Menschen ist, dann lachen die Menschen zu wenig \u2013 ganz besonders in der Wirtschaft\u201c, sagt die Betriebswirtin und Lachtrainerin Susanne Klaus.\" \/>\n<meta name=\"robots\" content=\"index, follow, max-snippet:-1, max-image-preview:large, max-video-preview:-1\" \/>\n<link rel=\"canonical\" href=\"https:\/\/gradido.net\/pt\/episode-45\/\" \/>\n<meta property=\"og:locale\" content=\"pt_PT\" \/>\n<meta property=\"og:type\" content=\"article\" \/>\n<meta property=\"og:title\" content=\"Lachend einander im Herzen ber\u00fchren - Gradido\" \/>\n<meta property=\"og:description\" content=\"Lachen ist gesund und wird auch in der Therapie zunehmend angewandt. Lachen kann sogar Leben retten. \u201eDoch wenn Lachen so gut f\u00fcr die Menschen ist, dann lachen die Menschen zu wenig \u2013 ganz besonders in der Wirtschaft\u201c, sagt die Betriebswirtin und Lachtrainerin Susanne Klaus.\" \/>\n<meta property=\"og:url\" content=\"https:\/\/gradido.net\/pt\/episode-45\/\" \/>\n<meta property=\"og:site_name\" content=\"Gradido\" \/>\n<meta property=\"article:published_time\" content=\"2023-01-28T05:00:39+00:00\" \/>\n<meta property=\"article:modified_time\" content=\"2023-02-09T10:49:58+00:00\" \/>\n<meta property=\"og:image\" content=\"https:\/\/gradido.net\/wp-content\/uploads\/2023\/01\/podcast_www_klaus.jpg\" \/>\n\t<meta property=\"og:image:width\" content=\"700\" \/>\n\t<meta property=\"og:image:height\" content=\"475\" \/>\n\t<meta property=\"og:image:type\" content=\"image\/jpeg\" \/>\n<meta name=\"author\" content=\"Philipp Kessler\" \/>\n<meta name=\"twitter:card\" content=\"summary_large_image\" \/>\n<meta name=\"twitter:label1\" content=\"Escrito por\" \/>\n\t<meta name=\"twitter:data1\" content=\"Philipp Kessler\" \/>\n\t<meta name=\"twitter:label2\" content=\"Tempo estimado de leitura\" \/>\n\t<meta name=\"twitter:data2\" content=\"3 minutos\" \/>\n<script type=\"application\/ld+json\" class=\"yoast-schema-graph\">{\"@context\":\"https:\\\/\\\/schema.org\",\"@graph\":[{\"@type\":\"Article\",\"@id\":\"https:\\\/\\\/gradido.net\\\/pt\\\/episode-45\\\/#article\",\"isPartOf\":{\"@id\":\"https:\\\/\\\/gradido.net\\\/pt\\\/episode-45\\\/\"},\"author\":{\"name\":\"Philipp Kessler\",\"@id\":\"https:\\\/\\\/gradido.net\\\/de\\\/#\\\/schema\\\/person\\\/f57399104ec77f2a2d5a68f479b0492f\"},\"headline\":\"Lachend einander im Herzen ber\u00fchren\",\"datePublished\":\"2023-01-28T05:00:39+00:00\",\"dateModified\":\"2023-02-09T10:49:58+00:00\",\"mainEntityOfPage\":{\"@id\":\"https:\\\/\\\/gradido.net\\\/pt\\\/episode-45\\\/\"},\"wordCount\":260,\"publisher\":{\"@id\":\"https:\\\/\\\/gradido.net\\\/de\\\/#organization\"},\"image\":{\"@id\":\"https:\\\/\\\/gradido.net\\\/pt\\\/episode-45\\\/#primaryimage\"},\"thumbnailUrl\":\"https:\\\/\\\/gradido.net\\\/wp-content\\\/uploads\\\/2023\\\/01\\\/podcast_www_klaus.jpg\",\"keywords\":[\"Betriebswirtschaft\",\"Finanzsystem\",\"Geldsystem\",\"Gesundheit\",\"Grundeinkommen\",\"Lachen\",\"Lachyoga\"],\"articleSection\":[\"Podcast\"],\"inLanguage\":\"pt-PT\"},{\"@type\":\"WebPage\",\"@id\":\"https:\\\/\\\/gradido.net\\\/pt\\\/episode-45\\\/\",\"url\":\"https:\\\/\\\/gradido.net\\\/pt\\\/episode-45\\\/\",\"name\":\"Lachend einander im Herzen ber\u00fchren - Gradido\",\"isPartOf\":{\"@id\":\"https:\\\/\\\/gradido.net\\\/de\\\/#website\"},\"primaryImageOfPage\":{\"@id\":\"https:\\\/\\\/gradido.net\\\/pt\\\/episode-45\\\/#primaryimage\"},\"image\":{\"@id\":\"https:\\\/\\\/gradido.net\\\/pt\\\/episode-45\\\/#primaryimage\"},\"thumbnailUrl\":\"https:\\\/\\\/gradido.net\\\/wp-content\\\/uploads\\\/2023\\\/01\\\/podcast_www_klaus.jpg\",\"datePublished\":\"2023-01-28T05:00:39+00:00\",\"dateModified\":\"2023-02-09T10:49:58+00:00\",\"description\":\"Lachen ist gesund und wird auch in der Therapie zunehmend angewandt. Lachen kann sogar Leben retten. \u201eDoch wenn Lachen so gut f\u00fcr die Menschen ist, dann lachen die Menschen zu wenig \u2013 ganz besonders in der Wirtschaft\u201c, sagt die Betriebswirtin und Lachtrainerin Susanne Klaus.\",\"breadcrumb\":{\"@id\":\"https:\\\/\\\/gradido.net\\\/pt\\\/episode-45\\\/#breadcrumb\"},\"inLanguage\":\"pt-PT\",\"potentialAction\":[{\"@type\":\"ReadAction\",\"target\":[\"https:\\\/\\\/gradido.net\\\/pt\\\/episode-45\\\/\"]}]},{\"@type\":\"ImageObject\",\"inLanguage\":\"pt-PT\",\"@id\":\"https:\\\/\\\/gradido.net\\\/pt\\\/episode-45\\\/#primaryimage\",\"url\":\"https:\\\/\\\/gradido.net\\\/wp-content\\\/uploads\\\/2023\\\/01\\\/podcast_www_klaus.jpg\",\"contentUrl\":\"https:\\\/\\\/gradido.net\\\/wp-content\\\/uploads\\\/2023\\\/01\\\/podcast_www_klaus.jpg\",\"width\":700,\"height\":475},{\"@type\":\"BreadcrumbList\",\"@id\":\"https:\\\/\\\/gradido.net\\\/pt\\\/episode-45\\\/#breadcrumb\",\"itemListElement\":[{\"@type\":\"ListItem\",\"position\":1,\"name\":\"Startseite\",\"item\":\"https:\\\/\\\/gradido.net\\\/\"},{\"@type\":\"ListItem\",\"position\":2,\"name\":\"Lachend einander im Herzen ber\u00fchren\"}]},{\"@type\":\"WebSite\",\"@id\":\"https:\\\/\\\/gradido.net\\\/de\\\/#website\",\"url\":\"https:\\\/\\\/gradido.net\\\/de\\\/\",\"name\":\"Gradido\",\"description\":\"Die neue W\u00e4hrung hei\u00dft Dankbarkeit\",\"publisher\":{\"@id\":\"https:\\\/\\\/gradido.net\\\/de\\\/#organization\"},\"potentialAction\":[{\"@type\":\"SearchAction\",\"target\":{\"@type\":\"EntryPoint\",\"urlTemplate\":\"https:\\\/\\\/gradido.net\\\/de\\\/?s={search_term_string}\"},\"query-input\":{\"@type\":\"PropertyValueSpecification\",\"valueRequired\":true,\"valueName\":\"search_term_string\"}}],\"inLanguage\":\"pt-PT\"},{\"@type\":\"Organization\",\"@id\":\"https:\\\/\\\/gradido.net\\\/de\\\/#organization\",\"name\":\"Gradido\",\"url\":\"https:\\\/\\\/gradido.net\\\/de\\\/\",\"logo\":{\"@type\":\"ImageObject\",\"inLanguage\":\"pt-PT\",\"@id\":\"https:\\\/\\\/gradido.net\\\/de\\\/#\\\/schema\\\/logo\\\/image\\\/\",\"url\":\"https:\\\/\\\/gradido.net\\\/wp-content\\\/uploads\\\/2022\\\/04\\\/gradido-social.jpg\",\"contentUrl\":\"https:\\\/\\\/gradido.net\\\/wp-content\\\/uploads\\\/2022\\\/04\\\/gradido-social.jpg\",\"width\":527,\"height\":273,\"caption\":\"Gradido\"},\"image\":{\"@id\":\"https:\\\/\\\/gradido.net\\\/de\\\/#\\\/schema\\\/logo\\\/image\\\/\"}},{\"@type\":\"Person\",\"@id\":\"https:\\\/\\\/gradido.net\\\/de\\\/#\\\/schema\\\/person\\\/f57399104ec77f2a2d5a68f479b0492f\",\"name\":\"Philipp Kessler\",\"url\":\"https:\\\/\\\/gradido.net\\\/pt\\\/author\\\/philipp\\\/\"}]}<\/script>\n<!-- \/ Yoast SEO plugin. -->","yoast_head_json":{"title":"Rir e tocar o cora\u00e7\u00e3o uns dos outros - Gradido","description":"O riso \u00e9 saud\u00e1vel e \u00e9 tamb\u00e9m cada vez mais utilizado em terapia. O riso pode at\u00e9 salvar vidas. \"Mas se o riso \u00e9 t\u00e3o bom para as pessoas, ent\u00e3o as pessoas n\u00e3o riem o suficiente - especialmente nos neg\u00f3cios\", diz a economista de neg\u00f3cios e treinadora de riso Susanne Klaus.","robots":{"index":"index","follow":"follow","max-snippet":"max-snippet:-1","max-image-preview":"max-image-preview:large","max-video-preview":"max-video-preview:-1"},"canonical":"https:\/\/gradido.net\/pt\/episode-45\/","og_locale":"pt_PT","og_type":"article","og_title":"Lachend einander im Herzen ber\u00fchren - Gradido","og_description":"Lachen ist gesund und wird auch in der Therapie zunehmend angewandt. Lachen kann sogar Leben retten. \u201eDoch wenn Lachen so gut f\u00fcr die Menschen ist, dann lachen die Menschen zu wenig \u2013 ganz besonders in der Wirtschaft\u201c, sagt die Betriebswirtin und Lachtrainerin Susanne Klaus.","og_url":"https:\/\/gradido.net\/pt\/episode-45\/","og_site_name":"Gradido","article_published_time":"2023-01-28T05:00:39+00:00","article_modified_time":"2023-02-09T10:49:58+00:00","og_image":[{"width":700,"height":475,"url":"https:\/\/gradido.net\/wp-content\/uploads\/2023\/01\/podcast_www_klaus.jpg","type":"image\/jpeg"}],"author":"Philipp Kessler","twitter_card":"summary_large_image","twitter_misc":{"Escrito por":"Philipp Kessler","Tempo estimado de leitura":"3 minutos"},"schema":{"@context":"https:\/\/schema.org","@graph":[{"@type":"Article","@id":"https:\/\/gradido.net\/pt\/episode-45\/#article","isPartOf":{"@id":"https:\/\/gradido.net\/pt\/episode-45\/"},"author":{"name":"Philipp Kessler","@id":"https:\/\/gradido.net\/de\/#\/schema\/person\/f57399104ec77f2a2d5a68f479b0492f"},"headline":"Lachend einander im Herzen ber\u00fchren","datePublished":"2023-01-28T05:00:39+00:00","dateModified":"2023-02-09T10:49:58+00:00","mainEntityOfPage":{"@id":"https:\/\/gradido.net\/pt\/episode-45\/"},"wordCount":260,"publisher":{"@id":"https:\/\/gradido.net\/de\/#organization"},"image":{"@id":"https:\/\/gradido.net\/pt\/episode-45\/#primaryimage"},"thumbnailUrl":"https:\/\/gradido.net\/wp-content\/uploads\/2023\/01\/podcast_www_klaus.jpg","keywords":["Betriebswirtschaft","Finanzsystem","Geldsystem","Gesundheit","Grundeinkommen","Lachen","Lachyoga"],"articleSection":["Podcast"],"inLanguage":"pt-PT"},{"@type":"WebPage","@id":"https:\/\/gradido.net\/pt\/episode-45\/","url":"https:\/\/gradido.net\/pt\/episode-45\/","name":"Rir e tocar o cora\u00e7\u00e3o uns dos outros - Gradido","isPartOf":{"@id":"https:\/\/gradido.net\/de\/#website"},"primaryImageOfPage":{"@id":"https:\/\/gradido.net\/pt\/episode-45\/#primaryimage"},"image":{"@id":"https:\/\/gradido.net\/pt\/episode-45\/#primaryimage"},"thumbnailUrl":"https:\/\/gradido.net\/wp-content\/uploads\/2023\/01\/podcast_www_klaus.jpg","datePublished":"2023-01-28T05:00:39+00:00","dateModified":"2023-02-09T10:49:58+00:00","description":"O riso \u00e9 saud\u00e1vel e \u00e9 tamb\u00e9m cada vez mais utilizado em terapia. O riso pode at\u00e9 salvar vidas. \"Mas se o riso \u00e9 t\u00e3o bom para as pessoas, ent\u00e3o as pessoas n\u00e3o riem o suficiente - especialmente nos neg\u00f3cios\", diz a economista de neg\u00f3cios e treinadora de riso Susanne Klaus.","breadcrumb":{"@id":"https:\/\/gradido.net\/pt\/episode-45\/#breadcrumb"},"inLanguage":"pt-PT","potentialAction":[{"@type":"ReadAction","target":["https:\/\/gradido.net\/pt\/episode-45\/"]}]},{"@type":"ImageObject","inLanguage":"pt-PT","@id":"https:\/\/gradido.net\/pt\/episode-45\/#primaryimage","url":"https:\/\/gradido.net\/wp-content\/uploads\/2023\/01\/podcast_www_klaus.jpg","contentUrl":"https:\/\/gradido.net\/wp-content\/uploads\/2023\/01\/podcast_www_klaus.jpg","width":700,"height":475},{"@type":"BreadcrumbList","@id":"https:\/\/gradido.net\/pt\/episode-45\/#breadcrumb","itemListElement":[{"@type":"ListItem","position":1,"name":"Startseite","item":"https:\/\/gradido.net\/"},{"@type":"ListItem","position":2,"name":"Lachend einander im Herzen ber\u00fchren"}]},{"@type":"WebSite","@id":"https:\/\/gradido.net\/de\/#website","url":"https:\/\/gradido.net\/de\/","name":"Gradido","description":"A nova moeda \u00e9 a gratid\u00e3o","publisher":{"@id":"https:\/\/gradido.net\/de\/#organization"},"potentialAction":[{"@type":"SearchAction","target":{"@type":"EntryPoint","urlTemplate":"https:\/\/gradido.net\/de\/?s={search_term_string}"},"query-input":{"@type":"PropertyValueSpecification","valueRequired":true,"valueName":"search_term_string"}}],"inLanguage":"pt-PT"},{"@type":"Organization","@id":"https:\/\/gradido.net\/de\/#organization","name":"Gradido","url":"https:\/\/gradido.net\/de\/","logo":{"@type":"ImageObject","inLanguage":"pt-PT","@id":"https:\/\/gradido.net\/de\/#\/schema\/logo\/image\/","url":"https:\/\/gradido.net\/wp-content\/uploads\/2022\/04\/gradido-social.jpg","contentUrl":"https:\/\/gradido.net\/wp-content\/uploads\/2022\/04\/gradido-social.jpg","width":527,"height":273,"caption":"Gradido"},"image":{"@id":"https:\/\/gradido.net\/de\/#\/schema\/logo\/image\/"}},{"@type":"Person","@id":"https:\/\/gradido.net\/de\/#\/schema\/person\/f57399104ec77f2a2d5a68f479b0492f","name":"Philipp Kessler","url":"https:\/\/gradido.net\/pt\/author\/philipp\/"}]}},"_links":{"self":[{"href":"https:\/\/gradido.net\/pt\/wp-json\/wp\/v2\/posts\/6240","targetHints":{"allow":["GET"]}}],"collection":[{"href":"https:\/\/gradido.net\/pt\/wp-json\/wp\/v2\/posts"}],"about":[{"href":"https:\/\/gradido.net\/pt\/wp-json\/wp\/v2\/types\/post"}],"author":[{"embeddable":true,"href":"https:\/\/gradido.net\/pt\/wp-json\/wp\/v2\/users\/12"}],"replies":[{"embeddable":true,"href":"https:\/\/gradido.net\/pt\/wp-json\/wp\/v2\/comments?post=6240"}],"version-history":[{"count":12,"href":"https:\/\/gradido.net\/pt\/wp-json\/wp\/v2\/posts\/6240\/revisions"}],"predecessor-version":[{"id":6312,"href":"https:\/\/gradido.net\/pt\/wp-json\/wp\/v2\/posts\/6240\/revisions\/6312"}],"wp:featuredmedia":[{"embeddable":true,"href":"https:\/\/gradido.net\/pt\/wp-json\/wp\/v2\/media\/6203"}],"wp:attachment":[{"href":"https:\/\/gradido.net\/pt\/wp-json\/wp\/v2\/media?parent=6240"}],"wp:term":[{"taxonomy":"category","embeddable":true,"href":"https:\/\/gradido.net\/pt\/wp-json\/wp\/v2\/categories?post=6240"},{"taxonomy":"post_tag","embeddable":true,"href":"https:\/\/gradido.net\/pt\/wp-json\/wp\/v2\/tags?post=6240"}],"curies":[{"name":"wp","href":"https:\/\/api.w.org\/{rel}","templated":true}]}}