{"id":7136,"date":"2023-08-16T16:48:17","date_gmt":"2023-08-16T14:48:17","guid":{"rendered":"https:\/\/gradido.net\/?p=7136"},"modified":"2026-04-23T07:15:41","modified_gmt":"2026-04-23T05:15:41","slug":"lieblingsstadt-2-monikas-wandel-von-einsamkeit-zu-gemeinschaft","status":"publish","type":"post","link":"https:\/\/gradido.net\/pt\/lieblingsstadt-2-monikas-wandel-von-einsamkeit-zu-gemeinschaft\/","title":{"rendered":"Favourite City 2 - A transforma\u00e7\u00e3o de Monika da solid\u00e3o para a comunidade"},"content":{"rendered":"<div data-elementor-type=\"wp-post\" data-elementor-id=\"7136\" class=\"elementor elementor-7136\" data-elementor-post-type=\"post\">\n\t\t\t\t\t\t<section class=\"elementor-section elementor-top-section elementor-element elementor-element-496e1d53 elementor-section-boxed elementor-section-height-default elementor-section-height-default\" data-id=\"496e1d53\" data-element_type=\"section\" data-e-type=\"section\">\n\t\t\t\t\t\t<div class=\"elementor-container elementor-column-gap-default\">\n\t\t\t\t\t<div class=\"elementor-column elementor-col-100 elementor-top-column elementor-element elementor-element-461d7be0\" data-id=\"461d7be0\" data-element_type=\"column\" data-e-type=\"column\">\n\t\t\t<div class=\"elementor-widget-wrap elementor-element-populated\">\n\t\t\t\t\t\t<div class=\"elementor-element elementor-element-cd9ebe2 elementor-widget elementor-widget-text-editor\" data-id=\"cd9ebe2\" data-element_type=\"widget\" data-e-type=\"widget\" data-widget_type=\"text-editor.default\">\n\t\t\t\t<div class=\"elementor-widget-container\">\n\t\t\t\t\t\t\t\t\t<p style=\"text-align: right;\"><em>\"Agora sinto que perten\u00e7o novamente a uma comunidade maravilhosa que me valoriza e precisa de mim e das minhas capacidades.\"<\/em><\/p><p>Caro leitor,<\/p><p>Monika vive h\u00e1 muitos anos numa pequena casa geminada nos arredores da sua cidade favorita. A simp\u00e1tica cidad\u00e3 s\u00e9nior adora a paz e o sossego, mas ap\u00f3s a morte do marido, sente-se cada vez mais s\u00f3 com o passar do tempo. Os seus amigos mudaram-se ou j\u00e1 faleceram. Os dias passam lenta e monotonamente e ela anseia por intera\u00e7\u00e3o social e novos conhecidos.<\/p><h3>Quando se pensa que j\u00e1 n\u00e3o se pode fazer mais...<\/h3><p>Monika quase n\u00e3o tem oportunidade de se deslocar ao centro da cidade porque n\u00e3o tem carro. A sua pens\u00e3o \u00e9 escassa e n\u00e3o tem dinheiro para pagar as sa\u00eddas. A ideia de se encontrar com outras pessoas em caf\u00e9s ou restaurantes parece, portanto, cada vez mais fora de alcance.<\/p><h3>... uma pequena luz vem de algum lado.<\/h3><p>Um dia, Monika ouve falar de um novo tipo de sistema de remunera\u00e7\u00e3o para volunt\u00e1rios chamado \"Gradido\". Trata-se de um sistema de agradecimento baseado no modelo Gradido. Tanto os volunt\u00e1rios como as pessoas idosas recebem Gradidos como pontos de agradecimento ou moeda de agradecimento. A ideia parece prometedora para Monika.<\/p><p>Ela investiga mais e descobre que os volunt\u00e1rios organizam um servi\u00e7o de transporte para locais de encontro agrad\u00e1veis no centro da cidade. Nestes \"caf\u00e9s Gradido\", \u00e9 poss\u00edvel tomar caf\u00e9, comer bolos ou outras refei\u00e7\u00f5es para os Gradidos. Parece-me perfeito para a Monika. Ela pode conhecer pessoas que de outra forma n\u00e3o conheceria e, ao mesmo tempo, poupar os seus limitados recursos financeiros.<\/p><p>Monika inscreve-se no programa Gradido como participante e, pouco depois, \u00e9 contactada por uma volunt\u00e1ria simp\u00e1tica chamada Stefanie. Stefanie explica o conceito a Monika e convida-a para uma primeira reuni\u00e3o.<\/p><h3>GradidoCaf\u00e9: novos amigos e novas tarefas<\/h3><p>No dia seguinte, a hora j\u00e1 chegou. Monika espera entusiasmada em frente \u00e0 sua casa. Quando v\u00ea Stefanie, sente-se imediatamente mais \u00e0 vontade. Stefanie conduz com Monika at\u00e9 ao centro comunit\u00e1rio municipal, onde o \"GradidoCaf\u00e9\" est\u00e1 no programa de hoje. Os volunt\u00e1rios trazem caf\u00e9 e bolos, e j\u00e1 se juntaram muitas pessoas felizes de todas as idades.<\/p><p>Monika senta-se numa mesa e repara na anima\u00e7\u00e3o do local. As pessoas est\u00e3o a rir, a falar e a trocar hist\u00f3rias. Stefanie explica a Monika que n\u00e3o se trata apenas de comer e beber, mas tamb\u00e9m de partilhar necessidades e compet\u00eancias.<\/p>\t\t\t\t\t\t\t\t<\/div>\n\t\t\t\t<\/div>\n\t\t\t\t<div class=\"elementor-element elementor-element-e51c407 elementor-widget elementor-widget-image\" data-id=\"e51c407\" data-element_type=\"widget\" data-e-type=\"widget\" data-widget_type=\"image.default\">\n\t\t\t\t<div class=\"elementor-widget-container\">\n\t\t\t\t\t\t\t\t\t\t\t\t\t\t\t<img fetchpriority=\"high\" decoding=\"async\" width=\"700\" height=\"700\" src=\"https:\/\/gradido.net\/wp-content\/uploads\/2023\/08\/Cafe1_700.jpg\" class=\"attachment-large size-large wp-image-7143\" alt=\"\" srcset=\"https:\/\/gradido.net\/wp-content\/uploads\/2023\/08\/Cafe1_700.jpg 700w, https:\/\/gradido.net\/wp-content\/uploads\/2023\/08\/Cafe1_700-300x300.jpg 300w, https:\/\/gradido.net\/wp-content\/uploads\/2023\/08\/Cafe1_700-150x150.jpg 150w, https:\/\/gradido.net\/wp-content\/uploads\/2023\/08\/Cafe1_700-12x12.jpg 12w\" sizes=\"(max-width: 700px) 100vw, 700px\" \/>\t\t\t\t\t\t\t\t\t\t\t\t\t\t\t<\/div>\n\t\t\t\t<\/div>\n\t\t\t\t<div class=\"elementor-element elementor-element-06a4667 elementor-widget elementor-widget-text-editor\" data-id=\"06a4667\" data-element_type=\"widget\" data-e-type=\"widget\" data-widget_type=\"text-editor.default\">\n\t\t\t\t<div class=\"elementor-widget-container\">\n\t\t\t\t\t\t\t\t\t<p>Enquanto Monika saboreia o seu caf\u00e9, come\u00e7a a falar com os outros h\u00f3spedes. Conhece uma mulher chamada Gabriele que adora tricotar e encontrou pessoas mais jovens que apreciam os seus dotes artesanais. Monika j\u00e1 foi educadora de inf\u00e2ncia e oferece-se para partilhar a sua experi\u00eancia no acolhimento de crian\u00e7as. Alguns pais aceitam-na com entusiasmo.<\/p><p>A Monika mal pode acreditar! Ela n\u00e3o s\u00f3 encontrou novos amigos, mas tamb\u00e9m uma forma de partilhar os seus talentos e experi\u00eancias com os outros. Os encontros do programa Gradido tornaram-se agora eventos regulares na vida de Monika. Ela espera ansiosamente por cada encontro e pelas novas hist\u00f3rias que ouve.<\/p><h3>A situa\u00e7\u00e3o financeira tamb\u00e9m est\u00e1 a melhorar<\/h3><p>Com o tempo, Monika apercebe-se de que n\u00e3o s\u00f3 ultrapassou a solid\u00e3o, como tamb\u00e9m melhorou significativamente a sua situa\u00e7\u00e3o financeira. Atrav\u00e9s da sua participa\u00e7\u00e3o no programa, ela recolhe gradidos que pode trocar por pequenos servi\u00e7os e outras coisas. \u00c9 um dar e receber feliz, em que todos beneficiam dos talentos e compet\u00eancias dos outros.<\/p><p>Monika est\u00e1 muito grata pelo programa Gradido e pelas possibilidades que este lhe abre. J\u00e1 n\u00e3o se sente sozinha e encontra nos encontros uma nova fonte de alegria e de realiza\u00e7\u00e3o. Em cada encontro, a comunidade cresce e Monika sente-se n\u00e3o s\u00f3 como benefici\u00e1ria, mas tamb\u00e9m como participante ativa.<\/p><h3>Uma vida de alegria e apoio m\u00fatuo<\/h3><p>O programa Gradido n\u00e3o mudou apenas a vida de Monika, mas tamb\u00e9m a de muitas outras pessoas que antes procuravam uma intera\u00e7\u00e3o social e um sentido para a vida. O Gradido tornou-se uma parte importante da comunidade, onde cada vez mais pessoas se juntam para se apoiarem e aprenderem umas com as outras.<\/p><p>A hist\u00f3ria de Monika \u00e9 um exemplo de como um sistema de recompensa inovador e a partilha de talentos e necessidades podem ajudar a ultrapassar o isolamento social e a construir uma comunidade forte. Os pontos de gratid\u00e3o do programa Gradido permitem a Monika e a outros viver as suas vidas com alegria e enriquecerem-se mutuamente.<\/p><h3>A cidade favorita brilha para o mundo<\/h3><p>A not\u00edcia rapidamente se espalha para al\u00e9m das fronteiras da Lieblingsstadt. Outras cidades come\u00e7am a manifestar o seu interesse por este sistema inovador.<\/p><p>Gra\u00e7as ao engenho do Presidente da C\u00e2mara Miteinand, a Lieblingsstadt est\u00e1 a florescer como nunca antes. A cidade \u00e9 celebrada como um exemplo de progresso social.<\/p>\t\t\t\t\t\t\t\t<\/div>\n\t\t\t\t<\/div>\n\t\t\t\t<div class=\"elementor-element elementor-element-e858257 elementor-widget-divider--view-line elementor-widget elementor-widget-divider\" data-id=\"e858257\" data-element_type=\"widget\" data-e-type=\"widget\" data-widget_type=\"divider.default\">\n\t\t\t\t<div class=\"elementor-widget-container\">\n\t\t\t\t\t\t\t<div class=\"elementor-divider\">\n\t\t\t<span class=\"elementor-divider-separator\">\n\t\t\t\t\t\t<\/span>\n\t\t<\/div>\n\t\t\t\t\t\t<\/div>\n\t\t\t\t<\/div>\n\t\t\t\t<div class=\"elementor-element elementor-element-d74dfa0 elementor-widget elementor-widget-text-editor\" data-id=\"d74dfa0\" data-element_type=\"widget\" data-e-type=\"widget\" data-widget_type=\"text-editor.default\">\n\t\t\t\t<div class=\"elementor-widget-container\">\n\t\t\t\t\t\t\t\t\t<div data-pm-slice=\"1 1 []\" data-en-clipboard=\"true\"><p>Nesta segunda publica\u00e7\u00e3o da nossa s\u00e9rie <strong>\"Gradido na cidade preferida\" <\/strong>ficamos a saber como a Gradido est\u00e1 a mudar a vida dos cidad\u00e3os seniores para melhor. No pr\u00f3ximo epis\u00f3dio, alegramo-nos com a jovem fam\u00edlia Frank com a sua hist\u00f3ria de sucesso. E nos outros posts, contamos-lhe como o modelo Gradido est\u00e1 a melhorar significativamente a qualidade de vida de muitas mais pessoas, tornando a cidade mais segura e at\u00e9 salvando empresas e o hospital da cidade.<\/p><p>N\u00e3o hesitem em transmitir esta s\u00e9rie \u00e0 vossa administra\u00e7\u00e3o municipal, associa\u00e7\u00f5es e empresas. Porque qualquer pessoa atenta j\u00e1 deve ter reparado numa coisa: se ficarmos inactivos agora, muitas coisas ir\u00e3o por \u00e1gua abaixo.<\/p><p>Com Gradido, temos nas nossas m\u00e3os uma ferramenta eficaz para uma conce\u00e7\u00e3o positiva da vida. Juntos estamos a transformar as nossas cidades e comunidades em o\u00e1sis vibrantes - os nossos lugares favoritos!<\/p><p>Sauda\u00e7\u00f5es de Hohenlohe<\/p><\/div><p>O seu<\/p><p><img decoding=\"async\" class=\"alignnone wp-image-4614 size-medium\" src=\"https:\/\/gradido.net\/wp-content\/uploads\/2022\/06\/MargretBernd_2022-300x74.png\" alt=\"\" width=\"300\" height=\"74\" srcset=\"https:\/\/gradido.net\/wp-content\/uploads\/2022\/06\/MargretBernd_2022-300x74.png 300w, https:\/\/gradido.net\/wp-content\/uploads\/2022\/06\/MargretBernd_2022-18x4.png 18w, https:\/\/gradido.net\/wp-content\/uploads\/2022\/06\/MargretBernd_2022.png 431w\" sizes=\"(max-width: 300px) 100vw, 300px\" \/><\/p><p>Margret Baier e Bernd H\u00fcckst\u00e4dt<br \/>Fundador e criador da Gradido<\/p>\t\t\t\t\t\t\t\t<\/div>\n\t\t\t\t<\/div>\n\t\t\t\t\t<\/div>\n\t\t<\/div>\n\t\t\t\t\t<\/div>\n\t\t<\/section>\n\t\t\t\t<section class=\"elementor-section elementor-top-section elementor-element elementor-element-8d1b767 elementor-section-boxed elementor-section-height-default elementor-section-height-default\" data-id=\"8d1b767\" data-element_type=\"section\" data-e-type=\"section\">\n\t\t\t\t\t\t<div class=\"elementor-container elementor-column-gap-default\">\n\t\t\t\t\t<div class=\"elementor-column elementor-col-100 elementor-top-column elementor-element elementor-element-2a92977\" data-id=\"2a92977\" data-element_type=\"column\" data-e-type=\"column\">\n\t\t\t<div class=\"elementor-widget-wrap elementor-element-populated\">\n\t\t\t\t\t\t<div class=\"elementor-element elementor-element-ee4802b elementor-position-inline-start white-links elementor-widget__width-initial elementor-view-default elementor-mobile-position-block-start elementor-widget elementor-widget-icon-box\" data-id=\"ee4802b\" data-element_type=\"widget\" data-e-type=\"widget\" data-no-translation=\"\" data-widget_type=\"icon-box.default\">\n\t\t\t\t<div class=\"elementor-widget-container\">\n\t\t\t\t\t<style>.elementor-element-ee4802b{display:none !important}<\/style>\t\t\t\t<\/div>\n\t\t\t\t<\/div>\n\t\t\t\t\t<\/div>\n\t\t<\/div>\n\t\t\t\t\t<\/div>\n\t\t<\/section>\n\t\t\t\t<section class=\"elementor-section elementor-top-section elementor-element elementor-element-14532fe elementor-section-boxed elementor-section-height-default elementor-section-height-default\" data-id=\"14532fe\" data-element_type=\"section\" data-e-type=\"section\">\n\t\t\t\t\t\t<div class=\"elementor-container elementor-column-gap-default\">\n\t\t\t\t\t<div class=\"elementor-column elementor-col-100 elementor-top-column elementor-element elementor-element-65d2298\" data-id=\"65d2298\" data-element_type=\"column\" data-e-type=\"column\">\n\t\t\t<div class=\"elementor-widget-wrap elementor-element-populated\">\n\t\t\t\t\t\t<div class=\"elementor-element elementor-element-8a198be elementor-widget elementor-widget-global elementor-global-9341 elementor-widget-text-editor\" data-id=\"8a198be\" data-element_type=\"widget\" data-e-type=\"widget\" data-widget_type=\"text-editor.default\">\n\t\t\t\t<div class=\"elementor-widget-container\">\n\t\t\t\t\t\t\t\t\t<p><strong>PS:\u00a0<span style=\"color: #ff6600;\"><a style=\"color: #ff6600;\" href=\"https:\/\/gradido.net\/pt\/donations\/\">Devido \u00e0 import\u00e2ncia cada vez maior do Gradido, repetimos a nossa campanha de agradecimento a 26 de junho de 2026:<\/a>\u00a0<\/span><span style=\"color: #0000ff;\"><a style=\"color: #0000ff;\" href=\"https:\/\/gradido.net\/pt\/donations\/\">Para al\u00e9m do GradidoTransform m\u00faltiplo pela sua contribui\u00e7\u00e3o de patroc\u00ednio, aumentaremos todos os saldos das contas GDT em 26% no dia 26\/06\/2016. Patrocine agora e aproveite o montante m\u00faltiplo de GDT!<\/a><\/span><\/strong><\/p>\t\t\t\t\t\t\t\t<\/div>\n\t\t\t\t<\/div>\n\t\t\t\t\t<\/div>\n\t\t<\/div>\n\t\t\t\t\t<\/div>\n\t\t<\/section>\n\t\t\t\t<\/div>","protected":false},"excerpt":{"rendered":"<p>A hist\u00f3ria de Monika \u00e9 um exemplo de como o inovador sistema de remunera\u00e7\u00e3o \"Gradido\" e o interc\u00e2mbio de talentos e necessidades podem ajudar a ultrapassar o isolamento social, a construir uma comunidade forte e at\u00e9 a melhorar a pr\u00f3pria situa\u00e7\u00e3o financeira.<\/p>","protected":false},"author":2,"featured_media":7139,"comment_status":"closed","ping_status":"closed","sticky":false,"template":"","format":"standard","meta":{"footnotes":""},"categories":[11,53],"tags":[22],"class_list":["post-7136","post","type-post","status-publish","format-standard","has-post-thumbnail","hentry","category-blog","category-lieblingsstadt","tag-bild-oben"],"yoast_head":"<!-- This site is optimized with the Yoast SEO plugin v27.5 - https:\/\/yoast.com\/product\/yoast-seo-wordpress\/ -->\n<title>Lieblingsstadt 2 \u2013 Monikas Wandel von Einsamkeit zu Gemeinschaft - Gradido<\/title>\n<meta name=\"description\" content=\"Monikas Geschichte ist ein Beispiel daf\u00fcr, wie das innovative Verg\u00fctungssystem \u201aGradido\u2018 und der Austausch von Talenten und Bed\u00fcrfnissen dazu beitragen k\u00f6nnen, soziale Isolation zu \u00fcberwinden, eine starke Gemeinschaft aufzubauen und sogar die eigene finanzielle Situation zu verbessern.\" \/>\n<meta name=\"robots\" content=\"index, follow, max-snippet:-1, max-image-preview:large, max-video-preview:-1\" \/>\n<link rel=\"canonical\" href=\"https:\/\/gradido.net\/pt\/lieblingsstadt-2-monikas-wandel-von-einsamkeit-zu-gemeinschaft\/\" \/>\n<meta property=\"og:locale\" content=\"pt_PT\" \/>\n<meta property=\"og:type\" content=\"article\" \/>\n<meta property=\"og:title\" content=\"Lieblingsstadt 2 \u2013 Monikas Wandel von Einsamkeit zu Gemeinschaft - Gradido\" \/>\n<meta property=\"og:description\" content=\"Monikas Geschichte ist ein Beispiel daf\u00fcr, wie das innovative Verg\u00fctungssystem \u201aGradido\u2018 und der Austausch von Talenten und Bed\u00fcrfnissen dazu beitragen k\u00f6nnen, soziale Isolation zu \u00fcberwinden, eine starke Gemeinschaft aufzubauen und sogar die eigene finanzielle Situation zu verbessern.\" \/>\n<meta property=\"og:url\" content=\"https:\/\/gradido.net\/pt\/lieblingsstadt-2-monikas-wandel-von-einsamkeit-zu-gemeinschaft\/\" \/>\n<meta property=\"og:site_name\" content=\"Gradido\" \/>\n<meta property=\"article:published_time\" content=\"2023-08-16T14:48:17+00:00\" \/>\n<meta property=\"article:modified_time\" content=\"2026-04-23T05:15:41+00:00\" \/>\n<meta property=\"og:image\" content=\"https:\/\/gradido.net\/wp-content\/uploads\/2023\/08\/Monika2_1920.jpg\" \/>\n\t<meta property=\"og:image:width\" content=\"1920\" \/>\n\t<meta property=\"og:image:height\" content=\"1200\" \/>\n\t<meta property=\"og:image:type\" content=\"image\/jpeg\" \/>\n<meta name=\"author\" content=\"Bernd H\u00fcckst\u00e4dt\" \/>\n<meta name=\"twitter:card\" content=\"summary_large_image\" \/>\n<meta name=\"twitter:label1\" content=\"Escrito por\" \/>\n\t<meta name=\"twitter:data1\" content=\"Bernd H\u00fcckst\u00e4dt\" \/>\n\t<meta name=\"twitter:label2\" content=\"Tempo estimado de leitura\" \/>\n\t<meta name=\"twitter:data2\" content=\"6 minutos\" \/>\n<script type=\"application\/ld+json\" class=\"yoast-schema-graph\">{\"@context\":\"https:\\\/\\\/schema.org\",\"@graph\":[{\"@type\":\"Article\",\"@id\":\"https:\\\/\\\/gradido.net\\\/lieblingsstadt-2-monikas-wandel-von-einsamkeit-zu-gemeinschaft\\\/#article\",\"isPartOf\":{\"@id\":\"https:\\\/\\\/gradido.net\\\/lieblingsstadt-2-monikas-wandel-von-einsamkeit-zu-gemeinschaft\\\/\"},\"author\":{\"name\":\"Bernd H\u00fcckst\u00e4dt\",\"@id\":\"https:\\\/\\\/gradido.net\\\/de\\\/#\\\/schema\\\/person\\\/9c503a004ad15a1ddecadce2218db5d1\"},\"headline\":\"Lieblingsstadt 2 \u2013 Monikas Wandel von Einsamkeit zu Gemeinschaft\",\"datePublished\":\"2023-08-16T14:48:17+00:00\",\"dateModified\":\"2026-04-23T05:15:41+00:00\",\"mainEntityOfPage\":{\"@id\":\"https:\\\/\\\/gradido.net\\\/lieblingsstadt-2-monikas-wandel-von-einsamkeit-zu-gemeinschaft\\\/\"},\"wordCount\":1032,\"publisher\":{\"@id\":\"https:\\\/\\\/gradido.net\\\/de\\\/#organization\"},\"image\":{\"@id\":\"https:\\\/\\\/gradido.net\\\/lieblingsstadt-2-monikas-wandel-von-einsamkeit-zu-gemeinschaft\\\/#primaryimage\"},\"thumbnailUrl\":\"https:\\\/\\\/gradido.net\\\/wp-content\\\/uploads\\\/2023\\\/08\\\/Monika2_1920.jpg\",\"keywords\":[\"Bild oben\"],\"articleSection\":[\"Blog\",\"Lieblingsstadt\"],\"inLanguage\":\"pt-PT\"},{\"@type\":\"WebPage\",\"@id\":\"https:\\\/\\\/gradido.net\\\/lieblingsstadt-2-monikas-wandel-von-einsamkeit-zu-gemeinschaft\\\/\",\"url\":\"https:\\\/\\\/gradido.net\\\/lieblingsstadt-2-monikas-wandel-von-einsamkeit-zu-gemeinschaft\\\/\",\"name\":\"Lieblingsstadt 2 \u2013 Monikas Wandel von Einsamkeit zu Gemeinschaft - Gradido\",\"isPartOf\":{\"@id\":\"https:\\\/\\\/gradido.net\\\/de\\\/#website\"},\"primaryImageOfPage\":{\"@id\":\"https:\\\/\\\/gradido.net\\\/lieblingsstadt-2-monikas-wandel-von-einsamkeit-zu-gemeinschaft\\\/#primaryimage\"},\"image\":{\"@id\":\"https:\\\/\\\/gradido.net\\\/lieblingsstadt-2-monikas-wandel-von-einsamkeit-zu-gemeinschaft\\\/#primaryimage\"},\"thumbnailUrl\":\"https:\\\/\\\/gradido.net\\\/wp-content\\\/uploads\\\/2023\\\/08\\\/Monika2_1920.jpg\",\"datePublished\":\"2023-08-16T14:48:17+00:00\",\"dateModified\":\"2026-04-23T05:15:41+00:00\",\"description\":\"Monikas Geschichte ist ein Beispiel daf\u00fcr, wie das innovative Verg\u00fctungssystem \u201aGradido\u2018 und der Austausch von Talenten und Bed\u00fcrfnissen dazu beitragen k\u00f6nnen, soziale Isolation zu \u00fcberwinden, eine starke Gemeinschaft aufzubauen und sogar die eigene finanzielle Situation zu verbessern.\",\"breadcrumb\":{\"@id\":\"https:\\\/\\\/gradido.net\\\/lieblingsstadt-2-monikas-wandel-von-einsamkeit-zu-gemeinschaft\\\/#breadcrumb\"},\"inLanguage\":\"pt-PT\",\"potentialAction\":[{\"@type\":\"ReadAction\",\"target\":[\"https:\\\/\\\/gradido.net\\\/lieblingsstadt-2-monikas-wandel-von-einsamkeit-zu-gemeinschaft\\\/\"]}]},{\"@type\":\"ImageObject\",\"inLanguage\":\"pt-PT\",\"@id\":\"https:\\\/\\\/gradido.net\\\/lieblingsstadt-2-monikas-wandel-von-einsamkeit-zu-gemeinschaft\\\/#primaryimage\",\"url\":\"https:\\\/\\\/gradido.net\\\/wp-content\\\/uploads\\\/2023\\\/08\\\/Monika2_1920.jpg\",\"contentUrl\":\"https:\\\/\\\/gradido.net\\\/wp-content\\\/uploads\\\/2023\\\/08\\\/Monika2_1920.jpg\",\"width\":1920,\"height\":1200},{\"@type\":\"BreadcrumbList\",\"@id\":\"https:\\\/\\\/gradido.net\\\/lieblingsstadt-2-monikas-wandel-von-einsamkeit-zu-gemeinschaft\\\/#breadcrumb\",\"itemListElement\":[{\"@type\":\"ListItem\",\"position\":1,\"name\":\"Startseite\",\"item\":\"https:\\\/\\\/gradido.net\\\/\"},{\"@type\":\"ListItem\",\"position\":2,\"name\":\"Lieblingsstadt 2 \u2013 Monikas Wandel von Einsamkeit zu Gemeinschaft\"}]},{\"@type\":\"WebSite\",\"@id\":\"https:\\\/\\\/gradido.net\\\/de\\\/#website\",\"url\":\"https:\\\/\\\/gradido.net\\\/de\\\/\",\"name\":\"Gradido\",\"description\":\"Die neue W\u00e4hrung hei\u00dft Dankbarkeit\",\"publisher\":{\"@id\":\"https:\\\/\\\/gradido.net\\\/de\\\/#organization\"},\"potentialAction\":[{\"@type\":\"SearchAction\",\"target\":{\"@type\":\"EntryPoint\",\"urlTemplate\":\"https:\\\/\\\/gradido.net\\\/de\\\/?s={search_term_string}\"},\"query-input\":{\"@type\":\"PropertyValueSpecification\",\"valueRequired\":true,\"valueName\":\"search_term_string\"}}],\"inLanguage\":\"pt-PT\"},{\"@type\":\"Organization\",\"@id\":\"https:\\\/\\\/gradido.net\\\/de\\\/#organization\",\"name\":\"Gradido\",\"url\":\"https:\\\/\\\/gradido.net\\\/de\\\/\",\"logo\":{\"@type\":\"ImageObject\",\"inLanguage\":\"pt-PT\",\"@id\":\"https:\\\/\\\/gradido.net\\\/de\\\/#\\\/schema\\\/logo\\\/image\\\/\",\"url\":\"https:\\\/\\\/gradido.net\\\/wp-content\\\/uploads\\\/2022\\\/04\\\/gradido-social.jpg\",\"contentUrl\":\"https:\\\/\\\/gradido.net\\\/wp-content\\\/uploads\\\/2022\\\/04\\\/gradido-social.jpg\",\"width\":527,\"height\":273,\"caption\":\"Gradido\"},\"image\":{\"@id\":\"https:\\\/\\\/gradido.net\\\/de\\\/#\\\/schema\\\/logo\\\/image\\\/\"}},{\"@type\":\"Person\",\"@id\":\"https:\\\/\\\/gradido.net\\\/de\\\/#\\\/schema\\\/person\\\/9c503a004ad15a1ddecadce2218db5d1\",\"name\":\"Bernd H\u00fcckst\u00e4dt\",\"sameAs\":[\"https:\\\/\\\/gradido.net\"],\"url\":\"https:\\\/\\\/gradido.net\\\/pt\\\/author\\\/bernd\\\/\"}]}<\/script>\n<!-- \/ Yoast SEO plugin. -->","yoast_head_json":{"title":"Favourite City 2 - A transforma\u00e7\u00e3o de Monika da solid\u00e3o em comunidade - Gradido","description":"A hist\u00f3ria de Monika \u00e9 um exemplo de como o inovador sistema de remunera\u00e7\u00e3o \"Gradido\" e o interc\u00e2mbio de talentos e necessidades podem ajudar a ultrapassar o isolamento social, a construir uma comunidade forte e at\u00e9 a melhorar a pr\u00f3pria situa\u00e7\u00e3o financeira.","robots":{"index":"index","follow":"follow","max-snippet":"max-snippet:-1","max-image-preview":"max-image-preview:large","max-video-preview":"max-video-preview:-1"},"canonical":"https:\/\/gradido.net\/pt\/lieblingsstadt-2-monikas-wandel-von-einsamkeit-zu-gemeinschaft\/","og_locale":"pt_PT","og_type":"article","og_title":"Lieblingsstadt 2 \u2013 Monikas Wandel von Einsamkeit zu Gemeinschaft - Gradido","og_description":"Monikas Geschichte ist ein Beispiel daf\u00fcr, wie das innovative Verg\u00fctungssystem \u201aGradido\u2018 und der Austausch von Talenten und Bed\u00fcrfnissen dazu beitragen k\u00f6nnen, soziale Isolation zu \u00fcberwinden, eine starke Gemeinschaft aufzubauen und sogar die eigene finanzielle Situation zu verbessern.","og_url":"https:\/\/gradido.net\/pt\/lieblingsstadt-2-monikas-wandel-von-einsamkeit-zu-gemeinschaft\/","og_site_name":"Gradido","article_published_time":"2023-08-16T14:48:17+00:00","article_modified_time":"2026-04-23T05:15:41+00:00","og_image":[{"width":1920,"height":1200,"url":"https:\/\/gradido.net\/wp-content\/uploads\/2023\/08\/Monika2_1920.jpg","type":"image\/jpeg"}],"author":"Bernd H\u00fcckst\u00e4dt","twitter_card":"summary_large_image","twitter_misc":{"Escrito por":"Bernd H\u00fcckst\u00e4dt","Tempo estimado de leitura":"6 minutos"},"schema":{"@context":"https:\/\/schema.org","@graph":[{"@type":"Article","@id":"https:\/\/gradido.net\/lieblingsstadt-2-monikas-wandel-von-einsamkeit-zu-gemeinschaft\/#article","isPartOf":{"@id":"https:\/\/gradido.net\/lieblingsstadt-2-monikas-wandel-von-einsamkeit-zu-gemeinschaft\/"},"author":{"name":"Bernd H\u00fcckst\u00e4dt","@id":"https:\/\/gradido.net\/de\/#\/schema\/person\/9c503a004ad15a1ddecadce2218db5d1"},"headline":"Lieblingsstadt 2 \u2013 Monikas Wandel von Einsamkeit zu Gemeinschaft","datePublished":"2023-08-16T14:48:17+00:00","dateModified":"2026-04-23T05:15:41+00:00","mainEntityOfPage":{"@id":"https:\/\/gradido.net\/lieblingsstadt-2-monikas-wandel-von-einsamkeit-zu-gemeinschaft\/"},"wordCount":1032,"publisher":{"@id":"https:\/\/gradido.net\/de\/#organization"},"image":{"@id":"https:\/\/gradido.net\/lieblingsstadt-2-monikas-wandel-von-einsamkeit-zu-gemeinschaft\/#primaryimage"},"thumbnailUrl":"https:\/\/gradido.net\/wp-content\/uploads\/2023\/08\/Monika2_1920.jpg","keywords":["Bild oben"],"articleSection":["Blog","Lieblingsstadt"],"inLanguage":"pt-PT"},{"@type":"WebPage","@id":"https:\/\/gradido.net\/lieblingsstadt-2-monikas-wandel-von-einsamkeit-zu-gemeinschaft\/","url":"https:\/\/gradido.net\/lieblingsstadt-2-monikas-wandel-von-einsamkeit-zu-gemeinschaft\/","name":"Favourite City 2 - A transforma\u00e7\u00e3o de Monika da solid\u00e3o em comunidade - Gradido","isPartOf":{"@id":"https:\/\/gradido.net\/de\/#website"},"primaryImageOfPage":{"@id":"https:\/\/gradido.net\/lieblingsstadt-2-monikas-wandel-von-einsamkeit-zu-gemeinschaft\/#primaryimage"},"image":{"@id":"https:\/\/gradido.net\/lieblingsstadt-2-monikas-wandel-von-einsamkeit-zu-gemeinschaft\/#primaryimage"},"thumbnailUrl":"https:\/\/gradido.net\/wp-content\/uploads\/2023\/08\/Monika2_1920.jpg","datePublished":"2023-08-16T14:48:17+00:00","dateModified":"2026-04-23T05:15:41+00:00","description":"A hist\u00f3ria de Monika \u00e9 um exemplo de como o inovador sistema de remunera\u00e7\u00e3o \"Gradido\" e o interc\u00e2mbio de talentos e necessidades podem ajudar a ultrapassar o isolamento social, a construir uma comunidade forte e at\u00e9 a melhorar a pr\u00f3pria situa\u00e7\u00e3o financeira.","breadcrumb":{"@id":"https:\/\/gradido.net\/lieblingsstadt-2-monikas-wandel-von-einsamkeit-zu-gemeinschaft\/#breadcrumb"},"inLanguage":"pt-PT","potentialAction":[{"@type":"ReadAction","target":["https:\/\/gradido.net\/lieblingsstadt-2-monikas-wandel-von-einsamkeit-zu-gemeinschaft\/"]}]},{"@type":"ImageObject","inLanguage":"pt-PT","@id":"https:\/\/gradido.net\/lieblingsstadt-2-monikas-wandel-von-einsamkeit-zu-gemeinschaft\/#primaryimage","url":"https:\/\/gradido.net\/wp-content\/uploads\/2023\/08\/Monika2_1920.jpg","contentUrl":"https:\/\/gradido.net\/wp-content\/uploads\/2023\/08\/Monika2_1920.jpg","width":1920,"height":1200},{"@type":"BreadcrumbList","@id":"https:\/\/gradido.net\/lieblingsstadt-2-monikas-wandel-von-einsamkeit-zu-gemeinschaft\/#breadcrumb","itemListElement":[{"@type":"ListItem","position":1,"name":"Startseite","item":"https:\/\/gradido.net\/"},{"@type":"ListItem","position":2,"name":"Lieblingsstadt 2 \u2013 Monikas Wandel von Einsamkeit zu Gemeinschaft"}]},{"@type":"WebSite","@id":"https:\/\/gradido.net\/de\/#website","url":"https:\/\/gradido.net\/de\/","name":"Gradido","description":"A nova moeda \u00e9 a gratid\u00e3o","publisher":{"@id":"https:\/\/gradido.net\/de\/#organization"},"potentialAction":[{"@type":"SearchAction","target":{"@type":"EntryPoint","urlTemplate":"https:\/\/gradido.net\/de\/?s={search_term_string}"},"query-input":{"@type":"PropertyValueSpecification","valueRequired":true,"valueName":"search_term_string"}}],"inLanguage":"pt-PT"},{"@type":"Organization","@id":"https:\/\/gradido.net\/de\/#organization","name":"Gradido","url":"https:\/\/gradido.net\/de\/","logo":{"@type":"ImageObject","inLanguage":"pt-PT","@id":"https:\/\/gradido.net\/de\/#\/schema\/logo\/image\/","url":"https:\/\/gradido.net\/wp-content\/uploads\/2022\/04\/gradido-social.jpg","contentUrl":"https:\/\/gradido.net\/wp-content\/uploads\/2022\/04\/gradido-social.jpg","width":527,"height":273,"caption":"Gradido"},"image":{"@id":"https:\/\/gradido.net\/de\/#\/schema\/logo\/image\/"}},{"@type":"Person","@id":"https:\/\/gradido.net\/de\/#\/schema\/person\/9c503a004ad15a1ddecadce2218db5d1","name":"Bernd H\u00fcckst\u00e4dt","sameAs":["https:\/\/gradido.net"],"url":"https:\/\/gradido.net\/pt\/author\/bernd\/"}]}},"_links":{"self":[{"href":"https:\/\/gradido.net\/pt\/wp-json\/wp\/v2\/posts\/7136","targetHints":{"allow":["GET"]}}],"collection":[{"href":"https:\/\/gradido.net\/pt\/wp-json\/wp\/v2\/posts"}],"about":[{"href":"https:\/\/gradido.net\/pt\/wp-json\/wp\/v2\/types\/post"}],"author":[{"embeddable":true,"href":"https:\/\/gradido.net\/pt\/wp-json\/wp\/v2\/users\/2"}],"replies":[{"embeddable":true,"href":"https:\/\/gradido.net\/pt\/wp-json\/wp\/v2\/comments?post=7136"}],"version-history":[{"count":34,"href":"https:\/\/gradido.net\/pt\/wp-json\/wp\/v2\/posts\/7136\/revisions"}],"predecessor-version":[{"id":13548,"href":"https:\/\/gradido.net\/pt\/wp-json\/wp\/v2\/posts\/7136\/revisions\/13548"}],"wp:featuredmedia":[{"embeddable":true,"href":"https:\/\/gradido.net\/pt\/wp-json\/wp\/v2\/media\/7139"}],"wp:attachment":[{"href":"https:\/\/gradido.net\/pt\/wp-json\/wp\/v2\/media?parent=7136"}],"wp:term":[{"taxonomy":"category","embeddable":true,"href":"https:\/\/gradido.net\/pt\/wp-json\/wp\/v2\/categories?post=7136"},{"taxonomy":"post_tag","embeddable":true,"href":"https:\/\/gradido.net\/pt\/wp-json\/wp\/v2\/tags?post=7136"}],"curies":[{"name":"wp","href":"https:\/\/api.w.org\/{rel}","templated":true}]}}