{"id":7157,"date":"2023-08-18T10:13:29","date_gmt":"2023-08-18T08:13:29","guid":{"rendered":"https:\/\/gradido.net\/?p=7157"},"modified":"2026-04-23T07:14:52","modified_gmt":"2026-04-23T05:14:52","slug":"lieblingsstadt-3-eine-familie-ein-projekt-und-eine-stadt-voller-moeglichkeiten","status":"publish","type":"post","link":"https:\/\/gradido.net\/pt\/lieblingsstadt-3-eine-familie-ein-projekt-und-eine-stadt-voller-moeglichkeiten\/","title":{"rendered":"Cidade favorita 3 - Uma fam\u00edlia, um projeto e uma cidade cheia de possibilidades"},"content":{"rendered":"<div data-elementor-type=\"wp-post\" data-elementor-id=\"7157\" class=\"elementor elementor-7157\" data-elementor-post-type=\"post\">\n\t\t\t\t\t\t<section class=\"elementor-section elementor-top-section elementor-element elementor-element-496e1d53 elementor-section-boxed elementor-section-height-default elementor-section-height-default\" data-id=\"496e1d53\" data-element_type=\"section\" data-e-type=\"section\">\n\t\t\t\t\t\t<div class=\"elementor-container elementor-column-gap-default\">\n\t\t\t\t\t<div class=\"elementor-column elementor-col-100 elementor-top-column elementor-element elementor-element-461d7be0\" data-id=\"461d7be0\" data-element_type=\"column\" data-e-type=\"column\">\n\t\t\t<div class=\"elementor-widget-wrap elementor-element-populated\">\n\t\t\t\t\t\t<div class=\"elementor-element elementor-element-cd9ebe2 elementor-widget elementor-widget-text-editor\" data-id=\"cd9ebe2\" data-element_type=\"widget\" data-e-type=\"widget\" data-widget_type=\"text-editor.default\">\n\t\t\t\t<div class=\"elementor-widget-container\">\n\t\t\t\t\t\t\t\t\t<p style=\"text-align: right;\"><em>\"O projeto Gradido n\u00e3o s\u00f3 nos proporciona um al\u00edvio financeiro, mas tamb\u00e9m grandes actividades e oportunidades que o dinheiro n\u00e3o pagaria.\"<\/em><\/p><p>Caro leitor,<\/p><p>\u00c9 uma manh\u00e3 soalheira de s\u00e1bado na nova zona de desenvolvimento de Lieblingsstadt. A jovem fam\u00edlia Frank toma o seu pequeno-almo\u00e7o em conjunto. Os Frank, ou seja, os pais Kerstin e Jannik e os seus tr\u00eas filhos, Mia, Maximilian e a pequena Luna. Max est\u00e1 no campo de treino do clube desportivo de Lieblingsstadt este fim de semana, a treinar para o campeonato de basquetebol juvenil.<\/p>\t\t\t\t\t\t\t\t<\/div>\n\t\t\t\t<\/div>\n\t\t\t\t<div class=\"elementor-element elementor-element-b482206 elementor-widget elementor-widget-image\" data-id=\"b482206\" data-element_type=\"widget\" data-e-type=\"widget\" data-widget_type=\"image.default\">\n\t\t\t\t<div class=\"elementor-widget-container\">\n\t\t\t\t\t\t\t\t\t\t\t\t\t\t\t<img fetchpriority=\"high\" decoding=\"async\" width=\"800\" height=\"600\" src=\"https:\/\/gradido.net\/wp-content\/uploads\/2023\/08\/Max_Basketball_800.jpg\" class=\"attachment-large size-large wp-image-7161\" alt=\"\" srcset=\"https:\/\/gradido.net\/wp-content\/uploads\/2023\/08\/Max_Basketball_800.jpg 800w, https:\/\/gradido.net\/wp-content\/uploads\/2023\/08\/Max_Basketball_800-300x225.jpg 300w, https:\/\/gradido.net\/wp-content\/uploads\/2023\/08\/Max_Basketball_800-768x576.jpg 768w, https:\/\/gradido.net\/wp-content\/uploads\/2023\/08\/Max_Basketball_800-16x12.jpg 16w\" sizes=\"(max-width: 800px) 100vw, 800px\" \/>\t\t\t\t\t\t\t\t\t\t\t\t\t\t\t<\/div>\n\t\t\t\t<\/div>\n\t\t\t\t<div class=\"elementor-element elementor-element-c5e61d4 elementor-widget elementor-widget-text-editor\" data-id=\"c5e61d4\" data-element_type=\"widget\" data-e-type=\"widget\" data-widget_type=\"text-editor.default\">\n\t\t\t\t<div class=\"elementor-widget-container\">\n\t\t\t\t\t\t\t\t\t<p>A fam\u00edlia est\u00e1 intimamente ligada e partilha muitos interesses e paix\u00f5es comuns. Jannik tem um bom emprego como engenheiro mec\u00e2nico. Kerstin \u00e9 uma talentosa designer gr\u00e1fica. Desde o nascimento da Luna, deixou de exercer a sua profiss\u00e3o. No entanto, quer utilizar as suas capacidades e ajuda v\u00e1rias associa\u00e7\u00f5es locais, oferecendo-se como volunt\u00e1ria para criar os seus s\u00edtios Web e materiais impressos. Gosta muito do seu trabalho volunt\u00e1rio. No entanto, o \u00fanico rendimento de Jannik mal chega para sustentar a fam\u00edlia e pagar a casa.<\/p><p><br \/>Os Franks s\u00e3o uma fam\u00edlia feliz, mas n\u00e3o t\u00eam possibilidades financeiras para luxos extra ou para uma ama que substitua Kerstin no seu trabalho volunt\u00e1rio. Nesta situa\u00e7\u00e3o, Kerstin ouve falar de um novo e excitante projeto chamado \"Gradido\" que est\u00e1 a ser introduzido em Lieblingsstadt. O projeto remunera o trabalho volunt\u00e1rio com os chamados \"pontos de agradecimento Gradido\". Kerstin apercebe-se de que esta \u00e9 uma \u00f3ptima forma de valorizar o seu trabalho e, ao mesmo tempo, aliviar financeiramente a fam\u00edlia. Jannik tamb\u00e9m est\u00e1 entusiasmado, porque, como treinador de jovens no clube desportivo, tamb\u00e9m pode receber Gradidos pelo seu trabalho volunt\u00e1rio.\u00a0<\/p><p><br \/>Os Franks decidem saber mais sobre o projeto Gradido e v\u00e3o a um dos caf\u00e9s Gradido regulares no centro comunit\u00e1rio. A\u00ed conhecem outros residentes de Lieblingsstadt que tamb\u00e9m s\u00e3o compensados com Gradidos pelo seu trabalho volunt\u00e1rio.<\/p>\t\t\t\t\t\t\t\t<\/div>\n\t\t\t\t<\/div>\n\t\t\t\t<div class=\"elementor-element elementor-element-e51c407 elementor-widget elementor-widget-image\" data-id=\"e51c407\" data-element_type=\"widget\" data-e-type=\"widget\" data-widget_type=\"image.default\">\n\t\t\t\t<div class=\"elementor-widget-container\">\n\t\t\t\t\t\t\t\t\t\t\t\t\t\t\t<img decoding=\"async\" width=\"800\" height=\"800\" src=\"https:\/\/gradido.net\/wp-content\/uploads\/2023\/08\/Cafe\u03012_800.jpg\" class=\"attachment-large size-large wp-image-7168\" alt=\"\" srcset=\"https:\/\/gradido.net\/wp-content\/uploads\/2023\/08\/Cafe\u03012_800.jpg 800w, https:\/\/gradido.net\/wp-content\/uploads\/2023\/08\/Cafe\u03012_800-300x300.jpg 300w, https:\/\/gradido.net\/wp-content\/uploads\/2023\/08\/Cafe\u03012_800-150x150.jpg 150w, https:\/\/gradido.net\/wp-content\/uploads\/2023\/08\/Cafe\u03012_800-768x768.jpg 768w, https:\/\/gradido.net\/wp-content\/uploads\/2023\/08\/Cafe\u03012_800-12x12.jpg 12w\" sizes=\"(max-width: 800px) 100vw, 800px\" \/>\t\t\t\t\t\t\t\t\t\t\t\t\t\t\t<\/div>\n\t\t\t\t<\/div>\n\t\t\t\t<div class=\"elementor-element elementor-element-06a4667 elementor-widget elementor-widget-text-editor\" data-id=\"06a4667\" data-element_type=\"widget\" data-e-type=\"widget\" data-widget_type=\"text-editor.default\">\n\t\t\t\t<div class=\"elementor-widget-container\">\n\t\t\t\t\t\t\t\t\t<p>Os jovens e os idosos juntam-se ali. As pessoas s\u00e3o totalmente simp\u00e1ticas e amig\u00e1veis. Cheias de alegria e entusiasmo, falam umas com as outras sobre o que t\u00eam para oferecer e o que precisam. O que uma pessoa precisa, outra pode fazer. Isto leva a um interc\u00e2mbio animado. Cria-se um animado \"mercado de oportunidades\", onde as pessoas n\u00e3o pagam com dinheiro, mas compensam-se mutuamente com Gradido.<\/p>\t\t\t\t\t\t\t\t<\/div>\n\t\t\t\t<\/div>\n\t\t\t\t<div class=\"elementor-element elementor-element-f223bb6 elementor-widget elementor-widget-image\" data-id=\"f223bb6\" data-element_type=\"widget\" data-e-type=\"widget\" data-widget_type=\"image.default\">\n\t\t\t\t<div class=\"elementor-widget-container\">\n\t\t\t\t\t\t\t\t\t\t\t\t\t\t\t<img decoding=\"async\" width=\"800\" height=\"540\" src=\"https:\/\/gradido.net\/wp-content\/uploads\/2023\/08\/Monika_gross_800.jpg\" class=\"attachment-full size-full wp-image-7169\" alt=\"\" srcset=\"https:\/\/gradido.net\/wp-content\/uploads\/2023\/08\/Monika_gross_800.jpg 800w, https:\/\/gradido.net\/wp-content\/uploads\/2023\/08\/Monika_gross_800-300x203.jpg 300w, https:\/\/gradido.net\/wp-content\/uploads\/2023\/08\/Monika_gross_800-768x518.jpg 768w, https:\/\/gradido.net\/wp-content\/uploads\/2023\/08\/Monika_gross_800-18x12.jpg 18w\" sizes=\"(max-width: 800px) 100vw, 800px\" \/>\t\t\t\t\t\t\t\t\t\t\t\t\t\t\t<\/div>\n\t\t\t\t<\/div>\n\t\t\t\t<div class=\"elementor-element elementor-element-0499f3c elementor-widget elementor-widget-text-editor\" data-id=\"0499f3c\" data-element_type=\"widget\" data-e-type=\"widget\" data-widget_type=\"text-editor.default\">\n\t\t\t\t<div class=\"elementor-widget-container\">\n\t\t\t\t\t\t\t\t\t<p>Conhecem Monika, uma antiga educadora de inf\u00e2ncia que gosta de estar com crian\u00e7as. Monika oferece-se para tomar conta da pequena Luna quando Kerstin faz o seu trabalho volunt\u00e1rio. A fam\u00edlia est\u00e1 grata pela ajuda de Monika. Assim, podem voltar a dedicar mais tempo \u00e0s suas paix\u00f5es e ao trabalho volunt\u00e1rio.<\/p><p><br \/>Max, o apaixonado jogador de basquetebol, tem uma grande ideia. Sugere que a equipa de jovens do clube desportivo leve a cabo uma campanha de limpeza da floresta para dar algo em troca \u00e0 natureza. A ideia \u00e9 recebida com entusiasmo pela equipa. Pelos gradidos que recebem em troca, obt\u00eam todo o tipo de apoio para as actividades da sua equipa e para a expans\u00e3o da sua casa desportiva.<\/p>\t\t\t\t\t\t\t\t<\/div>\n\t\t\t\t<\/div>\n\t\t\t\t<div class=\"elementor-element elementor-element-392458a elementor-widget elementor-widget-image\" data-id=\"392458a\" data-element_type=\"widget\" data-e-type=\"widget\" data-widget_type=\"image.default\">\n\t\t\t\t<div class=\"elementor-widget-container\">\n\t\t\t\t\t\t\t\t\t\t\t\t\t\t\t<img loading=\"lazy\" decoding=\"async\" width=\"800\" height=\"540\" src=\"https:\/\/gradido.net\/wp-content\/uploads\/2023\/08\/Waldreinigung_800.jpg\" class=\"attachment-large size-large wp-image-7182\" alt=\"\" srcset=\"https:\/\/gradido.net\/wp-content\/uploads\/2023\/08\/Waldreinigung_800.jpg 800w, https:\/\/gradido.net\/wp-content\/uploads\/2023\/08\/Waldreinigung_800-300x203.jpg 300w, https:\/\/gradido.net\/wp-content\/uploads\/2023\/08\/Waldreinigung_800-768x518.jpg 768w, https:\/\/gradido.net\/wp-content\/uploads\/2023\/08\/Waldreinigung_800-18x12.jpg 18w\" sizes=\"(max-width: 800px) 100vw, 800px\" \/>\t\t\t\t\t\t\t\t\t\t\t\t\t\t\t<\/div>\n\t\t\t\t<\/div>\n\t\t\t\t<div class=\"elementor-element elementor-element-8fcbf61 elementor-widget elementor-widget-text-editor\" data-id=\"8fcbf61\" data-element_type=\"widget\" data-e-type=\"widget\" data-widget_type=\"text-editor.default\">\n\t\t\t\t<div class=\"elementor-widget-container\">\n\t\t\t\t\t\t\t\t\t<p>Mia, a filha musical da fam\u00edlia, conhece Martin, um professor de m\u00fasica reformado. Martin oferece-lhe aulas de saxofone para Gradido. Mia fica entusiasmada com a oportunidade de aprender com um m\u00fasico experiente e de desenvolver o seu potencial musical.<\/p>\t\t\t\t\t\t\t\t<\/div>\n\t\t\t\t<\/div>\n\t\t\t\t<div class=\"elementor-element elementor-element-84f7bbd elementor-widget elementor-widget-image\" data-id=\"84f7bbd\" data-element_type=\"widget\" data-e-type=\"widget\" data-widget_type=\"image.default\">\n\t\t\t\t<div class=\"elementor-widget-container\">\n\t\t\t\t\t\t\t\t\t\t\t\t\t\t\t<img loading=\"lazy\" decoding=\"async\" width=\"800\" height=\"540\" src=\"https:\/\/gradido.net\/wp-content\/uploads\/2023\/08\/Martin_Saxophon_800.jpg\" class=\"attachment-large size-large wp-image-7186\" alt=\"\" srcset=\"https:\/\/gradido.net\/wp-content\/uploads\/2023\/08\/Martin_Saxophon_800.jpg 800w, https:\/\/gradido.net\/wp-content\/uploads\/2023\/08\/Martin_Saxophon_800-300x203.jpg 300w, https:\/\/gradido.net\/wp-content\/uploads\/2023\/08\/Martin_Saxophon_800-768x518.jpg 768w, https:\/\/gradido.net\/wp-content\/uploads\/2023\/08\/Martin_Saxophon_800-18x12.jpg 18w\" sizes=\"(max-width: 800px) 100vw, 800px\" \/>\t\t\t\t\t\t\t\t\t\t\t\t\t\t\t<\/div>\n\t\t\t\t<\/div>\n\t\t\t\t<div class=\"elementor-element elementor-element-abb92cd elementor-widget elementor-widget-text-editor\" data-id=\"abb92cd\" data-element_type=\"widget\" data-e-type=\"widget\" data-widget_type=\"text-editor.default\">\n\t\t\t\t<div class=\"elementor-widget-container\">\n\t\t\t\t\t\t\t\t\t<p>A fam\u00edlia Frank apercebe-se de que o projeto Gradido n\u00e3o s\u00f3 lhes oferece um al\u00edvio financeiro, mas tamb\u00e9m grandes actividades e oportunidades que o dinheiro n\u00e3o pagaria. O trabalho volunt\u00e1rio e a coopera\u00e7\u00e3o com outros concidad\u00e3os refor\u00e7am o sentido de comunidade e os la\u00e7os dentro e fora da fam\u00edlia.<\/p><p><br \/>Com os pontos de agradecimento Gradido, Kerstin e Jannik podem apoiar a sua fam\u00edlia, perseguir as suas paix\u00f5es e encorajar os seus filhos nos seus interesses. Est\u00e3o gratos por esta nova perspetiva que lhes permite viver as suas vidas com alegria e realiza\u00e7\u00e3o.\u00a0<\/p><p><br \/><strong>Os Franks est\u00e3o conscientes de que, atrav\u00e9s do projeto Gradido, n\u00e3o s\u00f3 est\u00e3o a melhorar o seu ambiente pessoal, como tamb\u00e9m fazem parte de uma mudan\u00e7a positiva na cidade favorita.<\/strong><\/p>\t\t\t\t\t\t\t\t<\/div>\n\t\t\t\t<\/div>\n\t\t\t\t<div class=\"elementor-element elementor-element-e858257 elementor-widget-divider--view-line elementor-widget elementor-widget-divider\" data-id=\"e858257\" data-element_type=\"widget\" data-e-type=\"widget\" data-widget_type=\"divider.default\">\n\t\t\t\t<div class=\"elementor-widget-container\">\n\t\t\t\t\t\t\t<div class=\"elementor-divider\">\n\t\t\t<span class=\"elementor-divider-separator\">\n\t\t\t\t\t\t<\/span>\n\t\t<\/div>\n\t\t\t\t\t\t<\/div>\n\t\t\t\t<\/div>\n\t\t\t\t<div class=\"elementor-element elementor-element-d74dfa0 elementor-widget elementor-widget-text-editor\" data-id=\"d74dfa0\" data-element_type=\"widget\" data-e-type=\"widget\" data-widget_type=\"text-editor.default\">\n\t\t\t\t<div class=\"elementor-widget-container\">\n\t\t\t\t\t\t\t\t\t<div data-pm-slice=\"1 1 []\" data-en-clipboard=\"true\"><p>Este \u00e9 j\u00e1 o terceiro contributo da nossa s\u00e9rie <strong>\"Gradido na cidade preferida\". <\/strong>Atrav\u00e9s de hist\u00f3rias inspiradoras, ficamos a saber como o modelo Gradido melhora significativamente a qualidade de vida das pessoas, torna a cidade mais segura e at\u00e9 poupa empresas e o hospital da cidade.<\/p><p>N\u00e3o hesitem em transmitir esta s\u00e9rie ao vosso conselho municipal, associa\u00e7\u00f5es e comerciantes. Porque se n\u00e3o tomarmos medidas agora, a tend\u00eancia descendente continuar\u00e1, a economia ser\u00e1 levada ao colapso, a classe m\u00e9dia ser\u00e1 prejudicada e as autarquias entrar\u00e3o em colapso sob o peso da d\u00edvida.\u00a0<\/p><p>Com Gradido, temos nas nossas m\u00e3os uma ferramenta eficaz para um projeto de vida positivo. Juntos estamos a transformar as nossas cidades e comunidades em o\u00e1sis pr\u00f3speros e vibrantes - os nossos lugares favoritos!<\/p><p>Cordiais cumprimentos<\/p><\/div><p>O seu<\/p><p><img loading=\"lazy\" decoding=\"async\" class=\"alignnone wp-image-4614 size-medium\" src=\"https:\/\/gradido.net\/wp-content\/uploads\/2022\/06\/MargretBernd_2022-300x74.png\" alt=\"\" width=\"300\" height=\"74\" srcset=\"https:\/\/gradido.net\/wp-content\/uploads\/2022\/06\/MargretBernd_2022-300x74.png 300w, https:\/\/gradido.net\/wp-content\/uploads\/2022\/06\/MargretBernd_2022-18x4.png 18w, https:\/\/gradido.net\/wp-content\/uploads\/2022\/06\/MargretBernd_2022.png 431w\" sizes=\"(max-width: 300px) 100vw, 300px\" \/><\/p><p>Margret Baier e Bernd H\u00fcckst\u00e4dt<br \/>Fundador e criador da Gradido<\/p>\t\t\t\t\t\t\t\t<\/div>\n\t\t\t\t<\/div>\n\t\t\t\t\t<\/div>\n\t\t<\/div>\n\t\t\t\t\t<\/div>\n\t\t<\/section>\n\t\t\t\t<section class=\"elementor-section elementor-top-section elementor-element elementor-element-6b56539 elementor-section-boxed elementor-section-height-default elementor-section-height-default\" data-id=\"6b56539\" data-element_type=\"section\" data-e-type=\"section\">\n\t\t\t\t\t\t<div class=\"elementor-container elementor-column-gap-default\">\n\t\t\t\t\t<div class=\"elementor-column elementor-col-100 elementor-top-column elementor-element elementor-element-2ce5c91\" data-id=\"2ce5c91\" data-element_type=\"column\" data-e-type=\"column\">\n\t\t\t<div class=\"elementor-widget-wrap elementor-element-populated\">\n\t\t\t\t\t\t<div class=\"elementor-element elementor-element-9e94d8b elementor-position-inline-start white-links elementor-widget__width-initial elementor-view-default elementor-mobile-position-block-start elementor-widget elementor-widget-icon-box\" data-id=\"9e94d8b\" data-element_type=\"widget\" data-e-type=\"widget\" data-no-translation=\"\" data-widget_type=\"icon-box.default\">\n\t\t\t\t<div class=\"elementor-widget-container\">\n\t\t\t\t\t<style>.elementor-element-9e94d8b{display:none !important}<\/style>\t\t\t\t<\/div>\n\t\t\t\t<\/div>\n\t\t\t\t\t<\/div>\n\t\t<\/div>\n\t\t\t\t\t<\/div>\n\t\t<\/section>\n\t\t\t\t<section class=\"elementor-section elementor-top-section elementor-element elementor-element-14532fe elementor-section-boxed elementor-section-height-default elementor-section-height-default\" data-id=\"14532fe\" data-element_type=\"section\" data-e-type=\"section\">\n\t\t\t\t\t\t<div class=\"elementor-container elementor-column-gap-default\">\n\t\t\t\t\t<div class=\"elementor-column elementor-col-100 elementor-top-column elementor-element elementor-element-65d2298\" data-id=\"65d2298\" data-element_type=\"column\" data-e-type=\"column\">\n\t\t\t<div class=\"elementor-widget-wrap elementor-element-populated\">\n\t\t\t\t\t\t<div class=\"elementor-element elementor-element-5267cda elementor-widget elementor-widget-global elementor-global-9341 elementor-widget-text-editor\" data-id=\"5267cda\" data-element_type=\"widget\" data-e-type=\"widget\" data-widget_type=\"text-editor.default\">\n\t\t\t\t<div class=\"elementor-widget-container\">\n\t\t\t\t\t\t\t\t\t<p><strong>PS:\u00a0<span style=\"color: #ff6600;\"><a style=\"color: #ff6600;\" href=\"https:\/\/gradido.net\/pt\/donations\/\">Devido \u00e0 import\u00e2ncia cada vez maior do Gradido, repetimos a nossa campanha de agradecimento a 26 de junho de 2026:<\/a>\u00a0<\/span><span style=\"color: #0000ff;\"><a style=\"color: #0000ff;\" href=\"https:\/\/gradido.net\/pt\/donations\/\">Para al\u00e9m do GradidoTransform m\u00faltiplo pela sua contribui\u00e7\u00e3o de patroc\u00ednio, aumentaremos todos os saldos das contas GDT em 26% no dia 26\/06\/2016. Patrocine agora e aproveite o montante m\u00faltiplo de GDT!<\/a><\/span><\/strong><\/p>\t\t\t\t\t\t\t\t<\/div>\n\t\t\t\t<\/div>\n\t\t\t\t\t<\/div>\n\t\t<\/div>\n\t\t\t\t\t<\/div>\n\t\t<\/section>\n\t\t\t\t<\/div>","protected":false},"excerpt":{"rendered":"<p>Com os pontos de agradecimento Gradido, Kerstin e Jannik podem seguir as suas paix\u00f5es e encorajar os seus filhos nos seus interesses. Est\u00e3o gratos por esta nova perspetiva que lhes permite viver as suas vidas com alegria e realiza\u00e7\u00e3o. <\/p>","protected":false},"author":2,"featured_media":7158,"comment_status":"closed","ping_status":"closed","sticky":false,"template":"","format":"standard","meta":{"footnotes":""},"categories":[11,53],"tags":[],"class_list":["post-7157","post","type-post","status-publish","format-standard","has-post-thumbnail","hentry","category-blog","category-lieblingsstadt"],"yoast_head":"<!-- This site is optimized with the Yoast SEO plugin v27.5 - https:\/\/yoast.com\/product\/yoast-seo-wordpress\/ -->\n<title>Lieblingsstadt 3 \u2013 Eine Familie, ein Projekt und eine Stadt voller M\u00f6glichkeiten - Gradido<\/title>\n<meta name=\"description\" content=\"Mit den Gradido-Dankpunkten k\u00f6nnen Kerstin und Jannik ihren Leidenschaften nachgehen und ihre Kinder in ihren Interessen f\u00f6rdern. Sie sind dankbar f\u00fcr diese neue Perspektive, die es ihnen erm\u00f6glicht, ihr Leben mit Freude und Erf\u00fcllung zu gestalten.\" \/>\n<meta name=\"robots\" content=\"index, follow, max-snippet:-1, max-image-preview:large, max-video-preview:-1\" \/>\n<link rel=\"canonical\" href=\"https:\/\/gradido.net\/pt\/lieblingsstadt-3-eine-familie-ein-projekt-und-eine-stadt-voller-moeglichkeiten\/\" \/>\n<meta property=\"og:locale\" content=\"pt_PT\" \/>\n<meta property=\"og:type\" content=\"article\" \/>\n<meta property=\"og:title\" content=\"Lieblingsstadt 3 \u2013 Eine Familie, ein Projekt und eine Stadt voller M\u00f6glichkeiten - Gradido\" \/>\n<meta property=\"og:description\" content=\"Mit den Gradido-Dankpunkten k\u00f6nnen Kerstin und Jannik ihren Leidenschaften nachgehen und ihre Kinder in ihren Interessen f\u00f6rdern. Sie sind dankbar f\u00fcr diese neue Perspektive, die es ihnen erm\u00f6glicht, ihr Leben mit Freude und Erf\u00fcllung zu gestalten.\" \/>\n<meta property=\"og:url\" content=\"https:\/\/gradido.net\/pt\/lieblingsstadt-3-eine-familie-ein-projekt-und-eine-stadt-voller-moeglichkeiten\/\" \/>\n<meta property=\"og:site_name\" content=\"Gradido\" \/>\n<meta property=\"article:published_time\" content=\"2023-08-18T08:13:29+00:00\" \/>\n<meta property=\"article:modified_time\" content=\"2026-04-23T05:14:52+00:00\" \/>\n<meta property=\"og:image\" content=\"https:\/\/gradido.net\/wp-content\/uploads\/2023\/08\/Familie_Frank_1920.jpg\" \/>\n\t<meta property=\"og:image:width\" content=\"1920\" \/>\n\t<meta property=\"og:image:height\" content=\"1200\" \/>\n\t<meta property=\"og:image:type\" content=\"image\/jpeg\" \/>\n<meta name=\"author\" content=\"Bernd H\u00fcckst\u00e4dt\" \/>\n<meta name=\"twitter:card\" content=\"summary_large_image\" \/>\n<meta name=\"twitter:label1\" content=\"Escrito por\" \/>\n\t<meta name=\"twitter:data1\" content=\"Bernd H\u00fcckst\u00e4dt\" \/>\n\t<meta name=\"twitter:label2\" content=\"Tempo estimado de leitura\" \/>\n\t<meta name=\"twitter:data2\" content=\"6 minutos\" \/>\n<script type=\"application\/ld+json\" class=\"yoast-schema-graph\">{\"@context\":\"https:\\\/\\\/schema.org\",\"@graph\":[{\"@type\":\"Article\",\"@id\":\"https:\\\/\\\/gradido.net\\\/lieblingsstadt-3-eine-familie-ein-projekt-und-eine-stadt-voller-moeglichkeiten\\\/#article\",\"isPartOf\":{\"@id\":\"https:\\\/\\\/gradido.net\\\/lieblingsstadt-3-eine-familie-ein-projekt-und-eine-stadt-voller-moeglichkeiten\\\/\"},\"author\":{\"name\":\"Bernd H\u00fcckst\u00e4dt\",\"@id\":\"https:\\\/\\\/gradido.net\\\/de\\\/#\\\/schema\\\/person\\\/9c503a004ad15a1ddecadce2218db5d1\"},\"headline\":\"Lieblingsstadt 3 \u2013 Eine Familie, ein Projekt und eine Stadt voller M\u00f6glichkeiten\",\"datePublished\":\"2023-08-18T08:13:29+00:00\",\"dateModified\":\"2026-04-23T05:14:52+00:00\",\"mainEntityOfPage\":{\"@id\":\"https:\\\/\\\/gradido.net\\\/lieblingsstadt-3-eine-familie-ein-projekt-und-eine-stadt-voller-moeglichkeiten\\\/\"},\"wordCount\":848,\"publisher\":{\"@id\":\"https:\\\/\\\/gradido.net\\\/de\\\/#organization\"},\"image\":{\"@id\":\"https:\\\/\\\/gradido.net\\\/lieblingsstadt-3-eine-familie-ein-projekt-und-eine-stadt-voller-moeglichkeiten\\\/#primaryimage\"},\"thumbnailUrl\":\"https:\\\/\\\/gradido.net\\\/wp-content\\\/uploads\\\/2023\\\/08\\\/Familie_Frank_1920.jpg\",\"articleSection\":[\"Blog\",\"Lieblingsstadt\"],\"inLanguage\":\"pt-PT\"},{\"@type\":\"WebPage\",\"@id\":\"https:\\\/\\\/gradido.net\\\/lieblingsstadt-3-eine-familie-ein-projekt-und-eine-stadt-voller-moeglichkeiten\\\/\",\"url\":\"https:\\\/\\\/gradido.net\\\/lieblingsstadt-3-eine-familie-ein-projekt-und-eine-stadt-voller-moeglichkeiten\\\/\",\"name\":\"Lieblingsstadt 3 \u2013 Eine Familie, ein Projekt und eine Stadt voller M\u00f6glichkeiten - Gradido\",\"isPartOf\":{\"@id\":\"https:\\\/\\\/gradido.net\\\/de\\\/#website\"},\"primaryImageOfPage\":{\"@id\":\"https:\\\/\\\/gradido.net\\\/lieblingsstadt-3-eine-familie-ein-projekt-und-eine-stadt-voller-moeglichkeiten\\\/#primaryimage\"},\"image\":{\"@id\":\"https:\\\/\\\/gradido.net\\\/lieblingsstadt-3-eine-familie-ein-projekt-und-eine-stadt-voller-moeglichkeiten\\\/#primaryimage\"},\"thumbnailUrl\":\"https:\\\/\\\/gradido.net\\\/wp-content\\\/uploads\\\/2023\\\/08\\\/Familie_Frank_1920.jpg\",\"datePublished\":\"2023-08-18T08:13:29+00:00\",\"dateModified\":\"2026-04-23T05:14:52+00:00\",\"description\":\"Mit den Gradido-Dankpunkten k\u00f6nnen Kerstin und Jannik ihren Leidenschaften nachgehen und ihre Kinder in ihren Interessen f\u00f6rdern. Sie sind dankbar f\u00fcr diese neue Perspektive, die es ihnen erm\u00f6glicht, ihr Leben mit Freude und Erf\u00fcllung zu gestalten.\",\"breadcrumb\":{\"@id\":\"https:\\\/\\\/gradido.net\\\/lieblingsstadt-3-eine-familie-ein-projekt-und-eine-stadt-voller-moeglichkeiten\\\/#breadcrumb\"},\"inLanguage\":\"pt-PT\",\"potentialAction\":[{\"@type\":\"ReadAction\",\"target\":[\"https:\\\/\\\/gradido.net\\\/lieblingsstadt-3-eine-familie-ein-projekt-und-eine-stadt-voller-moeglichkeiten\\\/\"]}]},{\"@type\":\"ImageObject\",\"inLanguage\":\"pt-PT\",\"@id\":\"https:\\\/\\\/gradido.net\\\/lieblingsstadt-3-eine-familie-ein-projekt-und-eine-stadt-voller-moeglichkeiten\\\/#primaryimage\",\"url\":\"https:\\\/\\\/gradido.net\\\/wp-content\\\/uploads\\\/2023\\\/08\\\/Familie_Frank_1920.jpg\",\"contentUrl\":\"https:\\\/\\\/gradido.net\\\/wp-content\\\/uploads\\\/2023\\\/08\\\/Familie_Frank_1920.jpg\",\"width\":1920,\"height\":1200},{\"@type\":\"BreadcrumbList\",\"@id\":\"https:\\\/\\\/gradido.net\\\/lieblingsstadt-3-eine-familie-ein-projekt-und-eine-stadt-voller-moeglichkeiten\\\/#breadcrumb\",\"itemListElement\":[{\"@type\":\"ListItem\",\"position\":1,\"name\":\"Startseite\",\"item\":\"https:\\\/\\\/gradido.net\\\/\"},{\"@type\":\"ListItem\",\"position\":2,\"name\":\"Lieblingsstadt 3 \u2013 Eine Familie, ein Projekt und eine Stadt voller M\u00f6glichkeiten\"}]},{\"@type\":\"WebSite\",\"@id\":\"https:\\\/\\\/gradido.net\\\/de\\\/#website\",\"url\":\"https:\\\/\\\/gradido.net\\\/de\\\/\",\"name\":\"Gradido\",\"description\":\"Die neue W\u00e4hrung hei\u00dft Dankbarkeit\",\"publisher\":{\"@id\":\"https:\\\/\\\/gradido.net\\\/de\\\/#organization\"},\"potentialAction\":[{\"@type\":\"SearchAction\",\"target\":{\"@type\":\"EntryPoint\",\"urlTemplate\":\"https:\\\/\\\/gradido.net\\\/de\\\/?s={search_term_string}\"},\"query-input\":{\"@type\":\"PropertyValueSpecification\",\"valueRequired\":true,\"valueName\":\"search_term_string\"}}],\"inLanguage\":\"pt-PT\"},{\"@type\":\"Organization\",\"@id\":\"https:\\\/\\\/gradido.net\\\/de\\\/#organization\",\"name\":\"Gradido\",\"url\":\"https:\\\/\\\/gradido.net\\\/de\\\/\",\"logo\":{\"@type\":\"ImageObject\",\"inLanguage\":\"pt-PT\",\"@id\":\"https:\\\/\\\/gradido.net\\\/de\\\/#\\\/schema\\\/logo\\\/image\\\/\",\"url\":\"https:\\\/\\\/gradido.net\\\/wp-content\\\/uploads\\\/2022\\\/04\\\/gradido-social.jpg\",\"contentUrl\":\"https:\\\/\\\/gradido.net\\\/wp-content\\\/uploads\\\/2022\\\/04\\\/gradido-social.jpg\",\"width\":527,\"height\":273,\"caption\":\"Gradido\"},\"image\":{\"@id\":\"https:\\\/\\\/gradido.net\\\/de\\\/#\\\/schema\\\/logo\\\/image\\\/\"}},{\"@type\":\"Person\",\"@id\":\"https:\\\/\\\/gradido.net\\\/de\\\/#\\\/schema\\\/person\\\/9c503a004ad15a1ddecadce2218db5d1\",\"name\":\"Bernd H\u00fcckst\u00e4dt\",\"sameAs\":[\"https:\\\/\\\/gradido.net\"],\"url\":\"https:\\\/\\\/gradido.net\\\/pt\\\/author\\\/bernd\\\/\"}]}<\/script>\n<!-- \/ Yoast SEO plugin. -->","yoast_head_json":{"title":"Favourite City 3 - Uma fam\u00edlia, um projeto e uma cidade cheia de possibilidades - Gradido","description":"Com os pontos de agradecimento Gradido, Kerstin e Jannik podem seguir as suas paix\u00f5es e encorajar os seus filhos nos seus interesses. Est\u00e3o gratos por esta nova perspetiva que lhes permite viver as suas vidas com alegria e realiza\u00e7\u00e3o.","robots":{"index":"index","follow":"follow","max-snippet":"max-snippet:-1","max-image-preview":"max-image-preview:large","max-video-preview":"max-video-preview:-1"},"canonical":"https:\/\/gradido.net\/pt\/lieblingsstadt-3-eine-familie-ein-projekt-und-eine-stadt-voller-moeglichkeiten\/","og_locale":"pt_PT","og_type":"article","og_title":"Lieblingsstadt 3 \u2013 Eine Familie, ein Projekt und eine Stadt voller M\u00f6glichkeiten - Gradido","og_description":"Mit den Gradido-Dankpunkten k\u00f6nnen Kerstin und Jannik ihren Leidenschaften nachgehen und ihre Kinder in ihren Interessen f\u00f6rdern. Sie sind dankbar f\u00fcr diese neue Perspektive, die es ihnen erm\u00f6glicht, ihr Leben mit Freude und Erf\u00fcllung zu gestalten.","og_url":"https:\/\/gradido.net\/pt\/lieblingsstadt-3-eine-familie-ein-projekt-und-eine-stadt-voller-moeglichkeiten\/","og_site_name":"Gradido","article_published_time":"2023-08-18T08:13:29+00:00","article_modified_time":"2026-04-23T05:14:52+00:00","og_image":[{"width":1920,"height":1200,"url":"https:\/\/gradido.net\/wp-content\/uploads\/2023\/08\/Familie_Frank_1920.jpg","type":"image\/jpeg"}],"author":"Bernd H\u00fcckst\u00e4dt","twitter_card":"summary_large_image","twitter_misc":{"Escrito por":"Bernd H\u00fcckst\u00e4dt","Tempo estimado de leitura":"6 minutos"},"schema":{"@context":"https:\/\/schema.org","@graph":[{"@type":"Article","@id":"https:\/\/gradido.net\/lieblingsstadt-3-eine-familie-ein-projekt-und-eine-stadt-voller-moeglichkeiten\/#article","isPartOf":{"@id":"https:\/\/gradido.net\/lieblingsstadt-3-eine-familie-ein-projekt-und-eine-stadt-voller-moeglichkeiten\/"},"author":{"name":"Bernd H\u00fcckst\u00e4dt","@id":"https:\/\/gradido.net\/de\/#\/schema\/person\/9c503a004ad15a1ddecadce2218db5d1"},"headline":"Lieblingsstadt 3 \u2013 Eine Familie, ein Projekt und eine Stadt voller M\u00f6glichkeiten","datePublished":"2023-08-18T08:13:29+00:00","dateModified":"2026-04-23T05:14:52+00:00","mainEntityOfPage":{"@id":"https:\/\/gradido.net\/lieblingsstadt-3-eine-familie-ein-projekt-und-eine-stadt-voller-moeglichkeiten\/"},"wordCount":848,"publisher":{"@id":"https:\/\/gradido.net\/de\/#organization"},"image":{"@id":"https:\/\/gradido.net\/lieblingsstadt-3-eine-familie-ein-projekt-und-eine-stadt-voller-moeglichkeiten\/#primaryimage"},"thumbnailUrl":"https:\/\/gradido.net\/wp-content\/uploads\/2023\/08\/Familie_Frank_1920.jpg","articleSection":["Blog","Lieblingsstadt"],"inLanguage":"pt-PT"},{"@type":"WebPage","@id":"https:\/\/gradido.net\/lieblingsstadt-3-eine-familie-ein-projekt-und-eine-stadt-voller-moeglichkeiten\/","url":"https:\/\/gradido.net\/lieblingsstadt-3-eine-familie-ein-projekt-und-eine-stadt-voller-moeglichkeiten\/","name":"Favourite City 3 - Uma fam\u00edlia, um projeto e uma cidade cheia de possibilidades - Gradido","isPartOf":{"@id":"https:\/\/gradido.net\/de\/#website"},"primaryImageOfPage":{"@id":"https:\/\/gradido.net\/lieblingsstadt-3-eine-familie-ein-projekt-und-eine-stadt-voller-moeglichkeiten\/#primaryimage"},"image":{"@id":"https:\/\/gradido.net\/lieblingsstadt-3-eine-familie-ein-projekt-und-eine-stadt-voller-moeglichkeiten\/#primaryimage"},"thumbnailUrl":"https:\/\/gradido.net\/wp-content\/uploads\/2023\/08\/Familie_Frank_1920.jpg","datePublished":"2023-08-18T08:13:29+00:00","dateModified":"2026-04-23T05:14:52+00:00","description":"Com os pontos de agradecimento Gradido, Kerstin e Jannik podem seguir as suas paix\u00f5es e encorajar os seus filhos nos seus interesses. Est\u00e3o gratos por esta nova perspetiva que lhes permite viver as suas vidas com alegria e realiza\u00e7\u00e3o.","breadcrumb":{"@id":"https:\/\/gradido.net\/lieblingsstadt-3-eine-familie-ein-projekt-und-eine-stadt-voller-moeglichkeiten\/#breadcrumb"},"inLanguage":"pt-PT","potentialAction":[{"@type":"ReadAction","target":["https:\/\/gradido.net\/lieblingsstadt-3-eine-familie-ein-projekt-und-eine-stadt-voller-moeglichkeiten\/"]}]},{"@type":"ImageObject","inLanguage":"pt-PT","@id":"https:\/\/gradido.net\/lieblingsstadt-3-eine-familie-ein-projekt-und-eine-stadt-voller-moeglichkeiten\/#primaryimage","url":"https:\/\/gradido.net\/wp-content\/uploads\/2023\/08\/Familie_Frank_1920.jpg","contentUrl":"https:\/\/gradido.net\/wp-content\/uploads\/2023\/08\/Familie_Frank_1920.jpg","width":1920,"height":1200},{"@type":"BreadcrumbList","@id":"https:\/\/gradido.net\/lieblingsstadt-3-eine-familie-ein-projekt-und-eine-stadt-voller-moeglichkeiten\/#breadcrumb","itemListElement":[{"@type":"ListItem","position":1,"name":"Startseite","item":"https:\/\/gradido.net\/"},{"@type":"ListItem","position":2,"name":"Lieblingsstadt 3 \u2013 Eine Familie, ein Projekt und eine Stadt voller M\u00f6glichkeiten"}]},{"@type":"WebSite","@id":"https:\/\/gradido.net\/de\/#website","url":"https:\/\/gradido.net\/de\/","name":"Gradido","description":"A nova moeda \u00e9 a gratid\u00e3o","publisher":{"@id":"https:\/\/gradido.net\/de\/#organization"},"potentialAction":[{"@type":"SearchAction","target":{"@type":"EntryPoint","urlTemplate":"https:\/\/gradido.net\/de\/?s={search_term_string}"},"query-input":{"@type":"PropertyValueSpecification","valueRequired":true,"valueName":"search_term_string"}}],"inLanguage":"pt-PT"},{"@type":"Organization","@id":"https:\/\/gradido.net\/de\/#organization","name":"Gradido","url":"https:\/\/gradido.net\/de\/","logo":{"@type":"ImageObject","inLanguage":"pt-PT","@id":"https:\/\/gradido.net\/de\/#\/schema\/logo\/image\/","url":"https:\/\/gradido.net\/wp-content\/uploads\/2022\/04\/gradido-social.jpg","contentUrl":"https:\/\/gradido.net\/wp-content\/uploads\/2022\/04\/gradido-social.jpg","width":527,"height":273,"caption":"Gradido"},"image":{"@id":"https:\/\/gradido.net\/de\/#\/schema\/logo\/image\/"}},{"@type":"Person","@id":"https:\/\/gradido.net\/de\/#\/schema\/person\/9c503a004ad15a1ddecadce2218db5d1","name":"Bernd H\u00fcckst\u00e4dt","sameAs":["https:\/\/gradido.net"],"url":"https:\/\/gradido.net\/pt\/author\/bernd\/"}]}},"_links":{"self":[{"href":"https:\/\/gradido.net\/pt\/wp-json\/wp\/v2\/posts\/7157","targetHints":{"allow":["GET"]}}],"collection":[{"href":"https:\/\/gradido.net\/pt\/wp-json\/wp\/v2\/posts"}],"about":[{"href":"https:\/\/gradido.net\/pt\/wp-json\/wp\/v2\/types\/post"}],"author":[{"embeddable":true,"href":"https:\/\/gradido.net\/pt\/wp-json\/wp\/v2\/users\/2"}],"replies":[{"embeddable":true,"href":"https:\/\/gradido.net\/pt\/wp-json\/wp\/v2\/comments?post=7157"}],"version-history":[{"count":55,"href":"https:\/\/gradido.net\/pt\/wp-json\/wp\/v2\/posts\/7157\/revisions"}],"predecessor-version":[{"id":13547,"href":"https:\/\/gradido.net\/pt\/wp-json\/wp\/v2\/posts\/7157\/revisions\/13547"}],"wp:featuredmedia":[{"embeddable":true,"href":"https:\/\/gradido.net\/pt\/wp-json\/wp\/v2\/media\/7158"}],"wp:attachment":[{"href":"https:\/\/gradido.net\/pt\/wp-json\/wp\/v2\/media?parent=7157"}],"wp:term":[{"taxonomy":"category","embeddable":true,"href":"https:\/\/gradido.net\/pt\/wp-json\/wp\/v2\/categories?post=7157"},{"taxonomy":"post_tag","embeddable":true,"href":"https:\/\/gradido.net\/pt\/wp-json\/wp\/v2\/tags?post=7157"}],"curies":[{"name":"wp","href":"https:\/\/api.w.org\/{rel}","templated":true}]}}