{"id":7329,"date":"2023-08-24T12:24:50","date_gmt":"2023-08-24T10:24:50","guid":{"rendered":"https:\/\/gradido.net\/?p=7329"},"modified":"2026-04-23T07:12:33","modified_gmt":"2026-04-23T05:12:33","slug":"lieblingsstadt-6-wie-lieblingsstadts-buerger-ihre-geliebte-schuhmanufaktur-retten","status":"publish","type":"post","link":"https:\/\/gradido.net\/pt\/lieblingsstadt-6-wie-lieblingsstadts-buerger-ihre-geliebte-schuhmanufaktur-retten\/","title":{"rendered":"Favourite City 6 - Como os cidad\u00e3os de Favourite City salvam a sua adorada f\u00e1brica de sapatos"},"content":{"rendered":"<div data-elementor-type=\"wp-post\" data-elementor-id=\"7329\" class=\"elementor elementor-7329\" data-elementor-post-type=\"post\">\n\t\t\t\t\t\t<section class=\"elementor-section elementor-top-section elementor-element elementor-element-496e1d53 elementor-section-boxed elementor-section-height-default elementor-section-height-default\" data-id=\"496e1d53\" data-element_type=\"section\" data-e-type=\"section\">\n\t\t\t\t\t\t<div class=\"elementor-container elementor-column-gap-default\">\n\t\t\t\t\t<div class=\"elementor-column elementor-col-100 elementor-top-column elementor-element elementor-element-461d7be0\" data-id=\"461d7be0\" data-element_type=\"column\" data-e-type=\"column\">\n\t\t\t<div class=\"elementor-widget-wrap elementor-element-populated\">\n\t\t\t\t\t\t<div class=\"elementor-element elementor-element-cd9ebe2 elementor-widget elementor-widget-text-editor\" data-id=\"cd9ebe2\" data-element_type=\"widget\" data-e-type=\"widget\" data-widget_type=\"text-editor.default\">\n\t\t\t\t<div class=\"elementor-widget-container\">\n\t\t\t\t\t\t\t\t\t<p style=\"text-align: right;\"><em>\"Quando a pol\u00edtica e os neg\u00f3cios nos deixam ficar mal, tomamos o nosso destino nas nossas pr\u00f3prias m\u00e3os e mostramos o que a coopera\u00e7\u00e3o combinada com um excelente trabalho artesanal pode fazer.\"<\/em><\/p><p>Caro leitor,<\/p><p>Na pitoresca cidade de Lieblingsstadt, conhecida pela sua produ\u00e7\u00e3o de cal\u00e7ado de alta qualidade, a empresa \"Lieblingsst\u00e4dter Schuhe\" construiu uma reputa\u00e7\u00e3o internacional. No entanto, tal como acontece com muitas outras empresas, a concorr\u00eancia internacional era demasiado forte e a \"Lieblingsst\u00e4dter\" n\u00e3o conseguiu acompanhar o ritmo. A fal\u00eancia da empresa levou a que muitos cidad\u00e3os de Lieblingsstadt perdessem os seus empregos.<\/p>\t\t\t\t\t\t\t\t<\/div>\n\t\t\t\t<\/div>\n\t\t\t\t<div class=\"elementor-element elementor-element-b482206 elementor-widget elementor-widget-image\" data-id=\"b482206\" data-element_type=\"widget\" data-e-type=\"widget\" data-widget_type=\"image.default\">\n\t\t\t\t<div class=\"elementor-widget-container\">\n\t\t\t\t\t\t\t\t\t\t\t\t\t\t\t<img fetchpriority=\"high\" decoding=\"async\" width=\"500\" height=\"312\" src=\"https:\/\/gradido.net\/wp-content\/uploads\/2023\/08\/Geschlossen_500.jpg\" class=\"attachment-full size-full wp-image-7333\" alt=\"\" srcset=\"https:\/\/gradido.net\/wp-content\/uploads\/2023\/08\/Geschlossen_500.jpg 500w, https:\/\/gradido.net\/wp-content\/uploads\/2023\/08\/Geschlossen_500-300x187.jpg 300w, https:\/\/gradido.net\/wp-content\/uploads\/2023\/08\/Geschlossen_500-18x12.jpg 18w\" sizes=\"(max-width: 500px) 100vw, 500px\" \/>\t\t\t\t\t\t\t\t\t\t\t\t\t\t\t<\/div>\n\t\t\t\t<\/div>\n\t\t\t\t<div class=\"elementor-element elementor-element-c5e61d4 elementor-widget elementor-widget-text-editor\" data-id=\"c5e61d4\" data-element_type=\"widget\" data-e-type=\"widget\" data-widget_type=\"text-editor.default\">\n\t\t\t\t<div class=\"elementor-widget-container\">\n\t\t\t\t\t\t\t\t\t<p>Esta perda foi um duro golpe para a cidade. As receitas fiscais das empresas sofreram uma enorme redu\u00e7\u00e3o. Isto teve efeitos de grande alcance na vida p\u00fablica e nas infra-estruturas. Foi um per\u00edodo negro para Lieblingsstadt.<\/p><p>Mas no meio da tempestade financeira, surgiu uma r\u00e9stia de esperan\u00e7a. Um grupo de antigos empregados da Lieblingsst\u00e4dter juntou-se - determinado a desafiar o destino. Decidiram continuar a ser volunt\u00e1rios naquilo que fazem melhor: fabricar sapatos de alta qualidade.<\/p><p>O momento n\u00e3o poderia ter sido melhor, porque pouco antes da fal\u00eancia, o Presidente da C\u00e2mara Michael Miteinand tinha introduzido o sistema de remunera\u00e7\u00e3o Gradido em Lieblingsstadt. Este modelo remunera o trabalho volunt\u00e1rio com pontos de agradecimento Gradido, pelos quais os empregados empenhados recebem descontos e benef\u00edcios. Estes pontos permitem aos volunt\u00e1rios reduzir as suas despesas de subsist\u00eancia enquanto fazem o que gostam.<\/p><p><strong>Assim, um grave rev\u00e9s transformou-se numa nova oportunidade para a Favourite City e os seus habitantes.<\/strong><\/p><p>A fim de colocar o impressionante projeto da f\u00e1brica de cal\u00e7ado volunt\u00e1ria numa base juridicamente segura, o Presidente da C\u00e2mara Miteinand reuniu uma equipa de peritos. Foram convidados advogados, consultores fiscais, gestores de projectos, peritos em marketing, jornalistas e representantes de bancos. O administrador da fal\u00eancia tamb\u00e9m participou. Escolheram como ponto de encontro a Pizzeria Napoli, o local onde nasceu a ideia.<\/p>\t\t\t\t\t\t\t\t<\/div>\n\t\t\t\t<\/div>\n\t\t\t\t<div class=\"elementor-element elementor-element-f223bb6 elementor-widget elementor-widget-image\" data-id=\"f223bb6\" data-element_type=\"widget\" data-e-type=\"widget\" data-widget_type=\"image.default\">\n\t\t\t\t<div class=\"elementor-widget-container\">\n\t\t\t\t\t\t\t\t\t\t\t\t\t\t\t<img decoding=\"async\" width=\"500\" height=\"333\" src=\"https:\/\/gradido.net\/wp-content\/uploads\/2023\/08\/Expertenteam_500.jpg\" class=\"attachment-full size-full wp-image-7334\" alt=\"\" srcset=\"https:\/\/gradido.net\/wp-content\/uploads\/2023\/08\/Expertenteam_500.jpg 500w, https:\/\/gradido.net\/wp-content\/uploads\/2023\/08\/Expertenteam_500-300x200.jpg 300w, https:\/\/gradido.net\/wp-content\/uploads\/2023\/08\/Expertenteam_500-18x12.jpg 18w\" sizes=\"(max-width: 500px) 100vw, 500px\" \/>\t\t\t\t\t\t\t\t\t\t\t\t\t\t\t<\/div>\n\t\t\t\t<\/div>\n\t\t\t\t<div class=\"elementor-element elementor-element-0499f3c elementor-widget elementor-widget-text-editor\" data-id=\"0499f3c\" data-element_type=\"widget\" data-e-type=\"widget\" data-widget_type=\"text-editor.default\">\n\t\t\t\t<div class=\"elementor-widget-container\">\n\t\t\t\t\t\t\t\t\t<p>No decurso de intensas discuss\u00f5es, chegou-se a acordo sobre o nome da marca \"Lieblingsst\u00e4dter Ehrenamt\". Foi tamb\u00e9m discutida a forma jur\u00eddica adequada. Foi selecionada uma associa\u00e7\u00e3o, uma cooperativa ou uma combina\u00e7\u00e3o de ambas.<\/p><p>O grupo de peritos acordou com o administrador da fal\u00eancia a aquisi\u00e7\u00e3o de parte da maquinaria e das instala\u00e7\u00f5es da massa falida a um pre\u00e7o razo\u00e1vel. Todos os lucros destinavam-se a promover o trabalho volunt\u00e1rio e a servir o bem-estar de todos os residentes em Lieblingsstadt.<\/p><h3>E depois aconteceu o impens\u00e1vel:\u00a0<\/h3><p>O projeto n\u00e3o foi apenas bem sucedido - foi um enorme sucesso! A marca \"Lieblingsst\u00e4dter Ehrenamt\" tornou-se conhecida e adorada em todo o lado. Os pr\u00f3prios sapatos tornaram-se um objeto de culto em todo o mundo de l\u00edngua alem\u00e3. A sua vis\u00e3o foi imediatamente associada a um trabalho volunt\u00e1rio dedicado.<\/p>\t\t\t\t\t\t\t\t<\/div>\n\t\t\t\t<\/div>\n\t\t\t\t<div class=\"elementor-element elementor-element-392458a elementor-widget elementor-widget-image\" data-id=\"392458a\" data-element_type=\"widget\" data-e-type=\"widget\" data-widget_type=\"image.default\">\n\t\t\t\t<div class=\"elementor-widget-container\">\n\t\t\t\t\t\t\t\t\t\t\t\t\t\t\t<img decoding=\"async\" width=\"500\" height=\"260\" src=\"https:\/\/gradido.net\/wp-content\/uploads\/2023\/08\/Lampe_Rakete_500.jpg\" class=\"attachment-full size-full wp-image-7335\" alt=\"\" srcset=\"https:\/\/gradido.net\/wp-content\/uploads\/2023\/08\/Lampe_Rakete_500.jpg 500w, https:\/\/gradido.net\/wp-content\/uploads\/2023\/08\/Lampe_Rakete_500-300x156.jpg 300w, https:\/\/gradido.net\/wp-content\/uploads\/2023\/08\/Lampe_Rakete_500-18x9.jpg 18w\" sizes=\"(max-width: 500px) 100vw, 500px\" \/>\t\t\t\t\t\t\t\t\t\t\t\t\t\t\t<\/div>\n\t\t\t\t<\/div>\n\t\t\t\t<div class=\"elementor-element elementor-element-8fcbf61 elementor-widget elementor-widget-text-editor\" data-id=\"8fcbf61\" data-element_type=\"widget\" data-e-type=\"widget\" data-widget_type=\"text-editor.default\">\n\t\t\t\t<div class=\"elementor-widget-container\">\n\t\t\t\t\t\t\t\t\t<p>Numa \u00e9poca de grandes desafios, a Favourite City, com o sistema de recompensas Gradido e a inventividade dos seus cidad\u00e3os, est\u00e1 mais uma vez a provar ser um exemplo brilhante de como o esp\u00edrito comunit\u00e1rio e o esp\u00edrito inovador podem ultrapassar at\u00e9 os maiores obst\u00e1culos.<\/p>\t\t\t\t\t\t\t\t<\/div>\n\t\t\t\t<\/div>\n\t\t\t\t<div class=\"elementor-element elementor-element-e858257 elementor-widget-divider--view-line elementor-widget elementor-widget-divider\" data-id=\"e858257\" data-element_type=\"widget\" data-e-type=\"widget\" data-widget_type=\"divider.default\">\n\t\t\t\t<div class=\"elementor-widget-container\">\n\t\t\t\t\t\t\t<div class=\"elementor-divider\">\n\t\t\t<span class=\"elementor-divider-separator\">\n\t\t\t\t\t\t<\/span>\n\t\t<\/div>\n\t\t\t\t\t\t<\/div>\n\t\t\t\t<\/div>\n\t\t\t\t<div class=\"elementor-element elementor-element-d74dfa0 elementor-widget elementor-widget-text-editor\" data-id=\"d74dfa0\" data-element_type=\"widget\" data-e-type=\"widget\" data-widget_type=\"text-editor.default\">\n\t\t\t\t<div class=\"elementor-widget-container\">\n\t\t\t\t\t\t\t\t\t<div data-pm-slice=\"1 1 []\" data-en-clipboard=\"true\"><p>Na nossa s\u00e9rie <strong>\"Gradido na cidade preferida\" <\/strong>Agora, est\u00e1 tamb\u00e9m a tornar-se cada vez mais concreta do ponto de vista econ\u00f3mico: Neste sexto epis\u00f3dio, os habitantes favoritos da cidade salvam a sua f\u00e1brica de sapatos com a ajuda do sistema de indemniza\u00e7\u00e3o honor\u00e1ria \"Gradido\". Nos pr\u00f3ximos dois epis\u00f3dios, a f\u00e1brica de cerveja e o hospital ser\u00e3o salvos. Isto deve tornar o princ\u00edpio claro.<\/p><p><strong>N\u00e3o hesite em transmitir esta s\u00e9rie ao seu conselho municipal, associa\u00e7\u00f5es e comerciantes!<\/strong><\/p><p>Cabe a cada um de n\u00f3s tomar medidas e ajudar a travar a espiral descendente.\u00a0<\/p><p>Com o Gradido, dispomos de uma ferramenta eficaz para moldar positivamente as nossas vidas e salvar a nossa economia. Juntos, estamos a transformar as nossas cidades e vilas em o\u00e1sis vibrantes e pr\u00f3speros - os nossos lugares favoritos!<\/p><p>Cordiais cumprimentos<\/p><\/div><p>O seu<\/p><p><img loading=\"lazy\" decoding=\"async\" class=\"alignnone wp-image-4614 size-medium\" src=\"https:\/\/gradido.net\/wp-content\/uploads\/2022\/06\/MargretBernd_2022-300x74.png\" alt=\"\" width=\"300\" height=\"74\" srcset=\"https:\/\/gradido.net\/wp-content\/uploads\/2022\/06\/MargretBernd_2022-300x74.png 300w, https:\/\/gradido.net\/wp-content\/uploads\/2022\/06\/MargretBernd_2022-18x4.png 18w, https:\/\/gradido.net\/wp-content\/uploads\/2022\/06\/MargretBernd_2022.png 431w\" sizes=\"(max-width: 300px) 100vw, 300px\" \/><\/p><p>Margret Baier e Bernd H\u00fcckst\u00e4dt<br \/>Fundador e criador da Gradido<\/p>\t\t\t\t\t\t\t\t<\/div>\n\t\t\t\t<\/div>\n\t\t\t\t\t<\/div>\n\t\t<\/div>\n\t\t\t\t\t<\/div>\n\t\t<\/section>\n\t\t\t\t<section class=\"elementor-section elementor-top-section elementor-element elementor-element-926a35c elementor-section-boxed elementor-section-height-default elementor-section-height-default\" data-id=\"926a35c\" data-element_type=\"section\" data-e-type=\"section\">\n\t\t\t\t\t\t<div class=\"elementor-container elementor-column-gap-default\">\n\t\t\t\t\t<div class=\"elementor-column elementor-col-100 elementor-top-column elementor-element elementor-element-e7d46ab\" data-id=\"e7d46ab\" data-element_type=\"column\" data-e-type=\"column\">\n\t\t\t<div class=\"elementor-widget-wrap elementor-element-populated\">\n\t\t\t\t\t\t<div class=\"elementor-element elementor-element-37c8707 elementor-position-inline-start white-links elementor-widget__width-initial elementor-view-default elementor-mobile-position-block-start elementor-widget elementor-widget-icon-box\" data-id=\"37c8707\" data-element_type=\"widget\" data-e-type=\"widget\" data-no-translation=\"\" data-widget_type=\"icon-box.default\">\n\t\t\t\t<div class=\"elementor-widget-container\">\n\t\t\t\t\t<style>.elementor-element-37c8707{display:none !important}<\/style>\t\t\t\t<\/div>\n\t\t\t\t<\/div>\n\t\t\t\t\t<\/div>\n\t\t<\/div>\n\t\t\t\t\t<\/div>\n\t\t<\/section>\n\t\t\t\t<section class=\"elementor-section elementor-top-section elementor-element elementor-element-14532fe elementor-section-boxed elementor-section-height-default elementor-section-height-default\" data-id=\"14532fe\" data-element_type=\"section\" data-e-type=\"section\">\n\t\t\t\t\t\t<div class=\"elementor-container elementor-column-gap-default\">\n\t\t\t\t\t<div class=\"elementor-column elementor-col-100 elementor-top-column elementor-element elementor-element-65d2298\" data-id=\"65d2298\" data-element_type=\"column\" data-e-type=\"column\">\n\t\t\t<div class=\"elementor-widget-wrap elementor-element-populated\">\n\t\t\t\t\t\t<div class=\"elementor-element elementor-element-83f01fa elementor-widget elementor-widget-global elementor-global-9341 elementor-widget-text-editor\" data-id=\"83f01fa\" data-element_type=\"widget\" data-e-type=\"widget\" data-widget_type=\"text-editor.default\">\n\t\t\t\t<div class=\"elementor-widget-container\">\n\t\t\t\t\t\t\t\t\t<p><strong>PS:\u00a0<span style=\"color: #ff6600;\"><a style=\"color: #ff6600;\" href=\"https:\/\/gradido.net\/pt\/donations\/\">Devido \u00e0 import\u00e2ncia cada vez maior do Gradido, repetimos a nossa campanha de agradecimento a 26 de junho de 2026:<\/a>\u00a0<\/span><span style=\"color: #0000ff;\"><a style=\"color: #0000ff;\" href=\"https:\/\/gradido.net\/pt\/donations\/\">Para al\u00e9m do GradidoTransform m\u00faltiplo pela sua contribui\u00e7\u00e3o de patroc\u00ednio, aumentaremos todos os saldos das contas GDT em 26% no dia 26\/06\/2016. Patrocine agora e aproveite o montante m\u00faltiplo de GDT!<\/a><\/span><\/strong><\/p>\t\t\t\t\t\t\t\t<\/div>\n\t\t\t\t<\/div>\n\t\t\t\t\t<\/div>\n\t\t<\/div>\n\t\t\t\t\t<\/div>\n\t\t<\/section>\n\t\t\t\t<\/div>","protected":false},"excerpt":{"rendered":"<p>Antigos funcion\u00e1rios da Lieblingsst\u00e4dter Schuhmanufaktur re\u00fanem-se - determinados a desafiar o destino. Decidem continuar a fazer o que fazem melhor numa base volunt\u00e1ria: fabricar sapatos de alta qualidade.<\/p>","protected":false},"author":2,"featured_media":7332,"comment_status":"closed","ping_status":"closed","sticky":false,"template":"","format":"standard","meta":{"footnotes":""},"categories":[11,53],"tags":[22],"class_list":["post-7329","post","type-post","status-publish","format-standard","has-post-thumbnail","hentry","category-blog","category-lieblingsstadt","tag-bild-oben"],"yoast_head":"<!-- This site is optimized with the Yoast SEO plugin v27.5 - https:\/\/yoast.com\/product\/yoast-seo-wordpress\/ -->\n<title>Lieblingsstadt 6 \u2013 Wie Lieblingsstadts B\u00fcrger ihre geliebte Schuhmanufaktur retten - Gradido<\/title>\n<meta name=\"description\" content=\"Ehemaliger Mitarbeiter der Lieblingsst\u00e4dter Schuhmanufaktur treten zusammen \u2013 entschlossen, dem Schicksal zu trotzen. Sie beschlie\u00dfen, ehrenamtlich weiterzumachen mit dem, was sie am besten k\u00f6nnen: n\u00e4mlich hochwertige Schuhe herzustellen.\" \/>\n<meta name=\"robots\" content=\"index, follow, max-snippet:-1, max-image-preview:large, max-video-preview:-1\" \/>\n<link rel=\"canonical\" href=\"https:\/\/gradido.net\/pt\/lieblingsstadt-6-wie-lieblingsstadts-buerger-ihre-geliebte-schuhmanufaktur-retten\/\" \/>\n<meta property=\"og:locale\" content=\"pt_PT\" \/>\n<meta property=\"og:type\" content=\"article\" \/>\n<meta property=\"og:title\" content=\"Lieblingsstadt 6 \u2013 Wie Lieblingsstadts B\u00fcrger ihre geliebte Schuhmanufaktur retten - Gradido\" \/>\n<meta property=\"og:description\" content=\"Ehemaliger Mitarbeiter der Lieblingsst\u00e4dter Schuhmanufaktur treten zusammen \u2013 entschlossen, dem Schicksal zu trotzen. Sie beschlie\u00dfen, ehrenamtlich weiterzumachen mit dem, was sie am besten k\u00f6nnen: n\u00e4mlich hochwertige Schuhe herzustellen.\" \/>\n<meta property=\"og:url\" content=\"https:\/\/gradido.net\/pt\/lieblingsstadt-6-wie-lieblingsstadts-buerger-ihre-geliebte-schuhmanufaktur-retten\/\" \/>\n<meta property=\"og:site_name\" content=\"Gradido\" \/>\n<meta property=\"article:published_time\" content=\"2023-08-24T10:24:50+00:00\" \/>\n<meta property=\"article:modified_time\" content=\"2026-04-23T05:12:33+00:00\" \/>\n<meta property=\"og:image\" content=\"https:\/\/gradido.net\/wp-content\/uploads\/2023\/08\/Schuharbeiter_1920_2.jpg\" \/>\n\t<meta property=\"og:image:width\" content=\"1920\" \/>\n\t<meta property=\"og:image:height\" content=\"1200\" \/>\n\t<meta property=\"og:image:type\" content=\"image\/jpeg\" \/>\n<meta name=\"author\" content=\"Bernd H\u00fcckst\u00e4dt\" \/>\n<meta name=\"twitter:card\" content=\"summary_large_image\" \/>\n<meta name=\"twitter:label1\" content=\"Escrito por\" \/>\n\t<meta name=\"twitter:data1\" content=\"Bernd H\u00fcckst\u00e4dt\" \/>\n\t<meta name=\"twitter:label2\" content=\"Tempo estimado de leitura\" \/>\n\t<meta name=\"twitter:data2\" content=\"5 minutos\" \/>\n<script type=\"application\/ld+json\" class=\"yoast-schema-graph\">{\"@context\":\"https:\\\/\\\/schema.org\",\"@graph\":[{\"@type\":\"Article\",\"@id\":\"https:\\\/\\\/gradido.net\\\/lieblingsstadt-6-wie-lieblingsstadts-buerger-ihre-geliebte-schuhmanufaktur-retten\\\/#article\",\"isPartOf\":{\"@id\":\"https:\\\/\\\/gradido.net\\\/lieblingsstadt-6-wie-lieblingsstadts-buerger-ihre-geliebte-schuhmanufaktur-retten\\\/\"},\"author\":{\"name\":\"Bernd H\u00fcckst\u00e4dt\",\"@id\":\"https:\\\/\\\/gradido.net\\\/de\\\/#\\\/schema\\\/person\\\/9c503a004ad15a1ddecadce2218db5d1\"},\"headline\":\"Lieblingsstadt 6 \u2013 Wie Lieblingsstadts B\u00fcrger ihre geliebte Schuhmanufaktur retten\",\"datePublished\":\"2023-08-24T10:24:50+00:00\",\"dateModified\":\"2026-04-23T05:12:33+00:00\",\"mainEntityOfPage\":{\"@id\":\"https:\\\/\\\/gradido.net\\\/lieblingsstadt-6-wie-lieblingsstadts-buerger-ihre-geliebte-schuhmanufaktur-retten\\\/\"},\"wordCount\":643,\"publisher\":{\"@id\":\"https:\\\/\\\/gradido.net\\\/de\\\/#organization\"},\"image\":{\"@id\":\"https:\\\/\\\/gradido.net\\\/lieblingsstadt-6-wie-lieblingsstadts-buerger-ihre-geliebte-schuhmanufaktur-retten\\\/#primaryimage\"},\"thumbnailUrl\":\"https:\\\/\\\/gradido.net\\\/wp-content\\\/uploads\\\/2023\\\/08\\\/Schuharbeiter_1920_2.jpg\",\"keywords\":[\"Bild oben\"],\"articleSection\":[\"Blog\",\"Lieblingsstadt\"],\"inLanguage\":\"pt-PT\"},{\"@type\":\"WebPage\",\"@id\":\"https:\\\/\\\/gradido.net\\\/lieblingsstadt-6-wie-lieblingsstadts-buerger-ihre-geliebte-schuhmanufaktur-retten\\\/\",\"url\":\"https:\\\/\\\/gradido.net\\\/lieblingsstadt-6-wie-lieblingsstadts-buerger-ihre-geliebte-schuhmanufaktur-retten\\\/\",\"name\":\"Lieblingsstadt 6 \u2013 Wie Lieblingsstadts B\u00fcrger ihre geliebte Schuhmanufaktur retten - Gradido\",\"isPartOf\":{\"@id\":\"https:\\\/\\\/gradido.net\\\/de\\\/#website\"},\"primaryImageOfPage\":{\"@id\":\"https:\\\/\\\/gradido.net\\\/lieblingsstadt-6-wie-lieblingsstadts-buerger-ihre-geliebte-schuhmanufaktur-retten\\\/#primaryimage\"},\"image\":{\"@id\":\"https:\\\/\\\/gradido.net\\\/lieblingsstadt-6-wie-lieblingsstadts-buerger-ihre-geliebte-schuhmanufaktur-retten\\\/#primaryimage\"},\"thumbnailUrl\":\"https:\\\/\\\/gradido.net\\\/wp-content\\\/uploads\\\/2023\\\/08\\\/Schuharbeiter_1920_2.jpg\",\"datePublished\":\"2023-08-24T10:24:50+00:00\",\"dateModified\":\"2026-04-23T05:12:33+00:00\",\"description\":\"Ehemaliger Mitarbeiter der Lieblingsst\u00e4dter Schuhmanufaktur treten zusammen \u2013 entschlossen, dem Schicksal zu trotzen. Sie beschlie\u00dfen, ehrenamtlich weiterzumachen mit dem, was sie am besten k\u00f6nnen: n\u00e4mlich hochwertige Schuhe herzustellen.\",\"breadcrumb\":{\"@id\":\"https:\\\/\\\/gradido.net\\\/lieblingsstadt-6-wie-lieblingsstadts-buerger-ihre-geliebte-schuhmanufaktur-retten\\\/#breadcrumb\"},\"inLanguage\":\"pt-PT\",\"potentialAction\":[{\"@type\":\"ReadAction\",\"target\":[\"https:\\\/\\\/gradido.net\\\/lieblingsstadt-6-wie-lieblingsstadts-buerger-ihre-geliebte-schuhmanufaktur-retten\\\/\"]}]},{\"@type\":\"ImageObject\",\"inLanguage\":\"pt-PT\",\"@id\":\"https:\\\/\\\/gradido.net\\\/lieblingsstadt-6-wie-lieblingsstadts-buerger-ihre-geliebte-schuhmanufaktur-retten\\\/#primaryimage\",\"url\":\"https:\\\/\\\/gradido.net\\\/wp-content\\\/uploads\\\/2023\\\/08\\\/Schuharbeiter_1920_2.jpg\",\"contentUrl\":\"https:\\\/\\\/gradido.net\\\/wp-content\\\/uploads\\\/2023\\\/08\\\/Schuharbeiter_1920_2.jpg\",\"width\":1920,\"height\":1200},{\"@type\":\"BreadcrumbList\",\"@id\":\"https:\\\/\\\/gradido.net\\\/lieblingsstadt-6-wie-lieblingsstadts-buerger-ihre-geliebte-schuhmanufaktur-retten\\\/#breadcrumb\",\"itemListElement\":[{\"@type\":\"ListItem\",\"position\":1,\"name\":\"Startseite\",\"item\":\"https:\\\/\\\/gradido.net\\\/\"},{\"@type\":\"ListItem\",\"position\":2,\"name\":\"Lieblingsstadt 6 \u2013 Wie Lieblingsstadts B\u00fcrger ihre geliebte Schuhmanufaktur retten\"}]},{\"@type\":\"WebSite\",\"@id\":\"https:\\\/\\\/gradido.net\\\/de\\\/#website\",\"url\":\"https:\\\/\\\/gradido.net\\\/de\\\/\",\"name\":\"Gradido\",\"description\":\"Die neue W\u00e4hrung hei\u00dft Dankbarkeit\",\"publisher\":{\"@id\":\"https:\\\/\\\/gradido.net\\\/de\\\/#organization\"},\"potentialAction\":[{\"@type\":\"SearchAction\",\"target\":{\"@type\":\"EntryPoint\",\"urlTemplate\":\"https:\\\/\\\/gradido.net\\\/de\\\/?s={search_term_string}\"},\"query-input\":{\"@type\":\"PropertyValueSpecification\",\"valueRequired\":true,\"valueName\":\"search_term_string\"}}],\"inLanguage\":\"pt-PT\"},{\"@type\":\"Organization\",\"@id\":\"https:\\\/\\\/gradido.net\\\/de\\\/#organization\",\"name\":\"Gradido\",\"url\":\"https:\\\/\\\/gradido.net\\\/de\\\/\",\"logo\":{\"@type\":\"ImageObject\",\"inLanguage\":\"pt-PT\",\"@id\":\"https:\\\/\\\/gradido.net\\\/de\\\/#\\\/schema\\\/logo\\\/image\\\/\",\"url\":\"https:\\\/\\\/gradido.net\\\/wp-content\\\/uploads\\\/2022\\\/04\\\/gradido-social.jpg\",\"contentUrl\":\"https:\\\/\\\/gradido.net\\\/wp-content\\\/uploads\\\/2022\\\/04\\\/gradido-social.jpg\",\"width\":527,\"height\":273,\"caption\":\"Gradido\"},\"image\":{\"@id\":\"https:\\\/\\\/gradido.net\\\/de\\\/#\\\/schema\\\/logo\\\/image\\\/\"}},{\"@type\":\"Person\",\"@id\":\"https:\\\/\\\/gradido.net\\\/de\\\/#\\\/schema\\\/person\\\/9c503a004ad15a1ddecadce2218db5d1\",\"name\":\"Bernd H\u00fcckst\u00e4dt\",\"sameAs\":[\"https:\\\/\\\/gradido.net\"],\"url\":\"https:\\\/\\\/gradido.net\\\/pt\\\/author\\\/bernd\\\/\"}]}<\/script>\n<!-- \/ Yoast SEO plugin. -->","yoast_head_json":{"title":"Favourite City 6 - Como os cidad\u00e3os de Favourite City salvam a sua adorada f\u00e1brica de sapatos - Gradido","description":"Antigos funcion\u00e1rios da Lieblingsst\u00e4dter Schuhmanufaktur re\u00fanem-se - determinados a desafiar o destino. Decidem continuar a fazer o que fazem melhor numa base volunt\u00e1ria: fabricar sapatos de alta qualidade.","robots":{"index":"index","follow":"follow","max-snippet":"max-snippet:-1","max-image-preview":"max-image-preview:large","max-video-preview":"max-video-preview:-1"},"canonical":"https:\/\/gradido.net\/pt\/lieblingsstadt-6-wie-lieblingsstadts-buerger-ihre-geliebte-schuhmanufaktur-retten\/","og_locale":"pt_PT","og_type":"article","og_title":"Lieblingsstadt 6 \u2013 Wie Lieblingsstadts B\u00fcrger ihre geliebte Schuhmanufaktur retten - Gradido","og_description":"Ehemaliger Mitarbeiter der Lieblingsst\u00e4dter Schuhmanufaktur treten zusammen \u2013 entschlossen, dem Schicksal zu trotzen. Sie beschlie\u00dfen, ehrenamtlich weiterzumachen mit dem, was sie am besten k\u00f6nnen: n\u00e4mlich hochwertige Schuhe herzustellen.","og_url":"https:\/\/gradido.net\/pt\/lieblingsstadt-6-wie-lieblingsstadts-buerger-ihre-geliebte-schuhmanufaktur-retten\/","og_site_name":"Gradido","article_published_time":"2023-08-24T10:24:50+00:00","article_modified_time":"2026-04-23T05:12:33+00:00","og_image":[{"width":1920,"height":1200,"url":"https:\/\/gradido.net\/wp-content\/uploads\/2023\/08\/Schuharbeiter_1920_2.jpg","type":"image\/jpeg"}],"author":"Bernd H\u00fcckst\u00e4dt","twitter_card":"summary_large_image","twitter_misc":{"Escrito por":"Bernd H\u00fcckst\u00e4dt","Tempo estimado de leitura":"5 minutos"},"schema":{"@context":"https:\/\/schema.org","@graph":[{"@type":"Article","@id":"https:\/\/gradido.net\/lieblingsstadt-6-wie-lieblingsstadts-buerger-ihre-geliebte-schuhmanufaktur-retten\/#article","isPartOf":{"@id":"https:\/\/gradido.net\/lieblingsstadt-6-wie-lieblingsstadts-buerger-ihre-geliebte-schuhmanufaktur-retten\/"},"author":{"name":"Bernd H\u00fcckst\u00e4dt","@id":"https:\/\/gradido.net\/de\/#\/schema\/person\/9c503a004ad15a1ddecadce2218db5d1"},"headline":"Lieblingsstadt 6 \u2013 Wie Lieblingsstadts B\u00fcrger ihre geliebte Schuhmanufaktur retten","datePublished":"2023-08-24T10:24:50+00:00","dateModified":"2026-04-23T05:12:33+00:00","mainEntityOfPage":{"@id":"https:\/\/gradido.net\/lieblingsstadt-6-wie-lieblingsstadts-buerger-ihre-geliebte-schuhmanufaktur-retten\/"},"wordCount":643,"publisher":{"@id":"https:\/\/gradido.net\/de\/#organization"},"image":{"@id":"https:\/\/gradido.net\/lieblingsstadt-6-wie-lieblingsstadts-buerger-ihre-geliebte-schuhmanufaktur-retten\/#primaryimage"},"thumbnailUrl":"https:\/\/gradido.net\/wp-content\/uploads\/2023\/08\/Schuharbeiter_1920_2.jpg","keywords":["Bild oben"],"articleSection":["Blog","Lieblingsstadt"],"inLanguage":"pt-PT"},{"@type":"WebPage","@id":"https:\/\/gradido.net\/lieblingsstadt-6-wie-lieblingsstadts-buerger-ihre-geliebte-schuhmanufaktur-retten\/","url":"https:\/\/gradido.net\/lieblingsstadt-6-wie-lieblingsstadts-buerger-ihre-geliebte-schuhmanufaktur-retten\/","name":"Favourite City 6 - Como os cidad\u00e3os de Favourite City salvam a sua adorada f\u00e1brica de sapatos - Gradido","isPartOf":{"@id":"https:\/\/gradido.net\/de\/#website"},"primaryImageOfPage":{"@id":"https:\/\/gradido.net\/lieblingsstadt-6-wie-lieblingsstadts-buerger-ihre-geliebte-schuhmanufaktur-retten\/#primaryimage"},"image":{"@id":"https:\/\/gradido.net\/lieblingsstadt-6-wie-lieblingsstadts-buerger-ihre-geliebte-schuhmanufaktur-retten\/#primaryimage"},"thumbnailUrl":"https:\/\/gradido.net\/wp-content\/uploads\/2023\/08\/Schuharbeiter_1920_2.jpg","datePublished":"2023-08-24T10:24:50+00:00","dateModified":"2026-04-23T05:12:33+00:00","description":"Antigos funcion\u00e1rios da Lieblingsst\u00e4dter Schuhmanufaktur re\u00fanem-se - determinados a desafiar o destino. Decidem continuar a fazer o que fazem melhor numa base volunt\u00e1ria: fabricar sapatos de alta qualidade.","breadcrumb":{"@id":"https:\/\/gradido.net\/lieblingsstadt-6-wie-lieblingsstadts-buerger-ihre-geliebte-schuhmanufaktur-retten\/#breadcrumb"},"inLanguage":"pt-PT","potentialAction":[{"@type":"ReadAction","target":["https:\/\/gradido.net\/lieblingsstadt-6-wie-lieblingsstadts-buerger-ihre-geliebte-schuhmanufaktur-retten\/"]}]},{"@type":"ImageObject","inLanguage":"pt-PT","@id":"https:\/\/gradido.net\/lieblingsstadt-6-wie-lieblingsstadts-buerger-ihre-geliebte-schuhmanufaktur-retten\/#primaryimage","url":"https:\/\/gradido.net\/wp-content\/uploads\/2023\/08\/Schuharbeiter_1920_2.jpg","contentUrl":"https:\/\/gradido.net\/wp-content\/uploads\/2023\/08\/Schuharbeiter_1920_2.jpg","width":1920,"height":1200},{"@type":"BreadcrumbList","@id":"https:\/\/gradido.net\/lieblingsstadt-6-wie-lieblingsstadts-buerger-ihre-geliebte-schuhmanufaktur-retten\/#breadcrumb","itemListElement":[{"@type":"ListItem","position":1,"name":"Startseite","item":"https:\/\/gradido.net\/"},{"@type":"ListItem","position":2,"name":"Lieblingsstadt 6 \u2013 Wie Lieblingsstadts B\u00fcrger ihre geliebte Schuhmanufaktur retten"}]},{"@type":"WebSite","@id":"https:\/\/gradido.net\/de\/#website","url":"https:\/\/gradido.net\/de\/","name":"Gradido","description":"A nova moeda \u00e9 a gratid\u00e3o","publisher":{"@id":"https:\/\/gradido.net\/de\/#organization"},"potentialAction":[{"@type":"SearchAction","target":{"@type":"EntryPoint","urlTemplate":"https:\/\/gradido.net\/de\/?s={search_term_string}"},"query-input":{"@type":"PropertyValueSpecification","valueRequired":true,"valueName":"search_term_string"}}],"inLanguage":"pt-PT"},{"@type":"Organization","@id":"https:\/\/gradido.net\/de\/#organization","name":"Gradido","url":"https:\/\/gradido.net\/de\/","logo":{"@type":"ImageObject","inLanguage":"pt-PT","@id":"https:\/\/gradido.net\/de\/#\/schema\/logo\/image\/","url":"https:\/\/gradido.net\/wp-content\/uploads\/2022\/04\/gradido-social.jpg","contentUrl":"https:\/\/gradido.net\/wp-content\/uploads\/2022\/04\/gradido-social.jpg","width":527,"height":273,"caption":"Gradido"},"image":{"@id":"https:\/\/gradido.net\/de\/#\/schema\/logo\/image\/"}},{"@type":"Person","@id":"https:\/\/gradido.net\/de\/#\/schema\/person\/9c503a004ad15a1ddecadce2218db5d1","name":"Bernd H\u00fcckst\u00e4dt","sameAs":["https:\/\/gradido.net"],"url":"https:\/\/gradido.net\/pt\/author\/bernd\/"}]}},"_links":{"self":[{"href":"https:\/\/gradido.net\/pt\/wp-json\/wp\/v2\/posts\/7329","targetHints":{"allow":["GET"]}}],"collection":[{"href":"https:\/\/gradido.net\/pt\/wp-json\/wp\/v2\/posts"}],"about":[{"href":"https:\/\/gradido.net\/pt\/wp-json\/wp\/v2\/types\/post"}],"author":[{"embeddable":true,"href":"https:\/\/gradido.net\/pt\/wp-json\/wp\/v2\/users\/2"}],"replies":[{"embeddable":true,"href":"https:\/\/gradido.net\/pt\/wp-json\/wp\/v2\/comments?post=7329"}],"version-history":[{"count":35,"href":"https:\/\/gradido.net\/pt\/wp-json\/wp\/v2\/posts\/7329\/revisions"}],"predecessor-version":[{"id":13544,"href":"https:\/\/gradido.net\/pt\/wp-json\/wp\/v2\/posts\/7329\/revisions\/13544"}],"wp:featuredmedia":[{"embeddable":true,"href":"https:\/\/gradido.net\/pt\/wp-json\/wp\/v2\/media\/7332"}],"wp:attachment":[{"href":"https:\/\/gradido.net\/pt\/wp-json\/wp\/v2\/media?parent=7329"}],"wp:term":[{"taxonomy":"category","embeddable":true,"href":"https:\/\/gradido.net\/pt\/wp-json\/wp\/v2\/categories?post=7329"},{"taxonomy":"post_tag","embeddable":true,"href":"https:\/\/gradido.net\/pt\/wp-json\/wp\/v2\/tags?post=7329"}],"curies":[{"name":"wp","href":"https:\/\/api.w.org\/{rel}","templated":true}]}}