{"id":7565,"date":"2023-09-09T10:14:16","date_gmt":"2023-09-09T08:14:16","guid":{"rendered":"https:\/\/gradido.net\/?p=7565"},"modified":"2026-04-23T07:08:15","modified_gmt":"2026-04-23T05:08:15","slug":"lieblingsstadt-11-grosse-kooperation-fuer-autarkie","status":"publish","type":"post","link":"https:\/\/gradido.net\/pt\/lieblingsstadt-11-grosse-kooperation-fuer-autarkie\/","title":{"rendered":"Cidade favorita 11 - Grande coopera\u00e7\u00e3o para a autossufici\u00eancia"},"content":{"rendered":"<div data-elementor-type=\"wp-post\" data-elementor-id=\"7565\" class=\"elementor elementor-7565\" data-elementor-post-type=\"post\">\n\t\t\t\t\t\t<section class=\"elementor-section elementor-top-section elementor-element elementor-element-496e1d53 elementor-section-boxed elementor-section-height-default elementor-section-height-default\" data-id=\"496e1d53\" data-element_type=\"section\" data-e-type=\"section\">\n\t\t\t\t\t\t<div class=\"elementor-container elementor-column-gap-default\">\n\t\t\t\t\t<div class=\"elementor-column elementor-col-100 elementor-top-column elementor-element elementor-element-461d7be0\" data-id=\"461d7be0\" data-element_type=\"column\" data-e-type=\"column\">\n\t\t\t<div class=\"elementor-widget-wrap elementor-element-populated\">\n\t\t\t\t\t\t<div class=\"elementor-element elementor-element-cd9ebe2 elementor-widget elementor-widget-text-editor\" data-id=\"cd9ebe2\" data-element_type=\"widget\" data-e-type=\"widget\" data-widget_type=\"text-editor.default\">\n\t\t\t\t<div class=\"elementor-widget-container\">\n\t\t\t\t\t\t\t\t\t<p style=\"text-align: right;\"><em>\"Numa \u00e9poca de crises crescentes, a depend\u00eancia de alimentos estrangeiros \u00e9 simplesmente irrespons\u00e1vel. Devemos produzir localmente todos os alimentos de que necessitamos, de prefer\u00eancia com qualidade biol\u00f3gica.\"<\/em><\/p><p>Caro leitor,<\/p><p>Depois de Lieblingsstadt se ter tornado um local seguro, onde as pessoas podem circular com seguran\u00e7a e sem preocupa\u00e7\u00f5es, tanto de dia como de noite, o Presidente da C\u00e2mara, Michael Miteinand, est\u00e1 a abordar a pr\u00f3xima grande quest\u00e3o. Inspirado por Andernach, a bem sucedida \"Cidade Comest\u00edvel\", quer tornar Lieblingsstadt autossuficiente em termos alimentares.<\/p><p>\"Numa \u00e9poca de crises crescentes, a depend\u00eancia de alimentos estrangeiros \u00e9 simplesmente irrespons\u00e1vel. Devemos produzir localmente todos os alimentos de que necessitamos, de prefer\u00eancia com qualidade biol\u00f3gica\", defende Miteinand.<\/p><h3>Reuni\u00e3o de lan\u00e7amento da autossufici\u00eancia alimentar<\/h3><p>Michael re\u00fane a sua equipa de especialistas. Convida tamb\u00e9m os agricultores e jardineiros preferidos da cidade para a reuni\u00e3o. A reuni\u00e3o ser\u00e1 o in\u00edcio de uma \"Grande Coopera\u00e7\u00e3o para a Auto-Sufici\u00eancia\".<\/p><p>\"Ouvi dizer que com a permacultura \u00e9 poss\u00edvel obter grandes rendimentos num espa\u00e7o muito pequeno. Quem \u00e9 que sabe alguma coisa sobre isso?\", pergunta ao grupo.<\/p><p>Sabrina, especialista em permacultura e presidente da associa\u00e7\u00e3o de jardinagem da cidade favorita, tem uma palavra a dizer:<\/p><p>\"Sim, \u00e9 isso mesmo. A permacultura tem como objetivo imitar os ecossistemas naturais para criar sistemas agr\u00edcolas sustent\u00e1veis. Trata-se de utilizar a terra de forma eficiente, promovendo a biodiversidade\".<\/p>\t\t\t\t\t\t\t\t<\/div>\n\t\t\t\t<\/div>\n\t\t\t\t<div class=\"elementor-element elementor-element-b482206 elementor-widget elementor-widget-image\" data-id=\"b482206\" data-element_type=\"widget\" data-e-type=\"widget\" data-widget_type=\"image.default\">\n\t\t\t\t<div class=\"elementor-widget-container\">\n\t\t\t\t\t\t\t\t\t\t\t\t\t\t\t<img fetchpriority=\"high\" decoding=\"async\" width=\"500\" height=\"337\" src=\"https:\/\/gradido.net\/wp-content\/uploads\/2023\/09\/Ga\u0308rtnerin_500.jpg\" class=\"attachment-full size-full wp-image-7572\" alt=\"\" srcset=\"https:\/\/gradido.net\/wp-content\/uploads\/2023\/09\/Ga\u0308rtnerin_500.jpg 500w, https:\/\/gradido.net\/wp-content\/uploads\/2023\/09\/Ga\u0308rtnerin_500-300x202.jpg 300w, https:\/\/gradido.net\/wp-content\/uploads\/2023\/09\/Ga\u0308rtnerin_500-18x12.jpg 18w\" sizes=\"(max-width: 500px) 100vw, 500px\" \/>\t\t\t\t\t\t\t\t\t\t\t\t\t\t\t<\/div>\n\t\t\t\t<\/div>\n\t\t\t\t<div class=\"elementor-element elementor-element-c5e61d4 elementor-widget elementor-widget-text-editor\" data-id=\"c5e61d4\" data-element_type=\"widget\" data-e-type=\"widget\" data-widget_type=\"text-editor.default\">\n\t\t\t\t<div class=\"elementor-widget-container\">\n\t\t\t\t\t\t\t\t\t<h3>Elevados rendimentos com a permacultura<\/h3><p>\"Como \u00e9 que os rendimentos elevados surgem?\", quer saber Michael.<\/p><p>\"Por um lado, atrav\u00e9s de <strong>utiliza\u00e7\u00e3o eficiente do espa\u00e7o<\/strong>Os princ\u00edpios da permacultura envolvem frequentemente a agricultura vertical, por exemplo, plantas trepadeiras em paredes ou estruturas, canteiros com v\u00e1rias camadas ou a utiliza\u00e7\u00e3o de pequenas \u00e1reas para uma variedade de plantas. Isto pode aumentar enormemente a produtividade por metro quadrado.<\/p><p>Depois, atrav\u00e9s de <strong>Sa\u00fade do solo<\/strong>Permacultura: A permacultura promove t\u00e9cnicas como a compostagem e a cobertura morta que ajudam a melhorar a fertilidade do solo. Um solo saud\u00e1vel permite a exist\u00eancia de plantas saud\u00e1veis que produzem melhores rendimentos.<\/p><p>Para al\u00e9m disso, existe o <strong>Diversidade vegetal<\/strong>Ao cultivar uma variedade de culturas, \u00e9 poss\u00edvel controlar as pragas e as doen\u00e7as e produzir diferentes colheitas ao mesmo tempo.<\/p><p>Isto resulta no proverbial <strong>Sustentabilidade dos sistemas de permacultura<\/strong>. Recursos como a \u00e1gua s\u00e3o utilizados de forma eficiente. Como resultado, os rendimentos permanecem em grande parte est\u00e1veis, mesmo em condi\u00e7\u00f5es de seca ou outras condi\u00e7\u00f5es dif\u00edceis.\"<\/p><h3>J\u00e1 existem exemplos?<\/h3><p>\"Onde \u00e9 que se podem encontrar bons exemplos de permacultura?\", quer saber Michael<\/p><p>\"A permacultura \u00e9 utilizada em todo o mundo.  Mesmo em zonas des\u00e9rticas existem projectos de permacultura bem sucedidos. Particularmente impressionante em termos de <strong>Agricultura urbana<\/strong> Acho que o \"<strong>Herdade urbana<\/strong>\" em Pasadena, Calif\u00f3rnia, onde uma fam\u00edlia produz uma quantidade espantosa de alimentos em menos de um quarto de hectare.\"<\/p><p>\"Pode dizer-nos mais sobre isso?\", pergunta Siegbert, o tesoureiro da cidade.<\/p><p>\"Com prazer! A Urban Homestead produz mais de 2700 quilos de alimentos por ano. J\u00e1 cultivaram mais de 400 variedades de frutas e legumes. Tamb\u00e9m produzem ovos e mel.\u00a0<\/p><p>A fam\u00edlia utiliza v\u00e1rias pr\u00e1ticas sustent\u00e1veis, incluindo a compostagem, a conserva\u00e7\u00e3o da \u00e1gua atrav\u00e9s da irriga\u00e7\u00e3o gota a gota, a energia solar e a cria\u00e7\u00e3o de galinhas e patos para controlo de pragas\".<\/p>\t\t\t\t\t\t\t\t<\/div>\n\t\t\t\t<\/div>\n\t\t\t\t<div class=\"elementor-element elementor-element-f223bb6 elementor-widget elementor-widget-image\" data-id=\"f223bb6\" data-element_type=\"widget\" data-e-type=\"widget\" data-widget_type=\"image.default\">\n\t\t\t\t<div class=\"elementor-widget-container\">\n\t\t\t\t\t\t\t\t\t\t\t\t\t\t\t<img decoding=\"async\" width=\"500\" height=\"337\" src=\"https:\/\/gradido.net\/wp-content\/uploads\/2023\/09\/Kompostbeha\u0308lter_500.jpg\" class=\"attachment-full size-full wp-image-7576\" alt=\"\" srcset=\"https:\/\/gradido.net\/wp-content\/uploads\/2023\/09\/Kompostbeha\u0308lter_500.jpg 500w, https:\/\/gradido.net\/wp-content\/uploads\/2023\/09\/Kompostbeha\u0308lter_500-300x202.jpg 300w, https:\/\/gradido.net\/wp-content\/uploads\/2023\/09\/Kompostbeha\u0308lter_500-18x12.jpg 18w\" sizes=\"(max-width: 500px) 100vw, 500px\" \/>\t\t\t\t\t\t\t\t\t\t\t\t\t\t\t<\/div>\n\t\t\t\t<\/div>\n\t\t\t\t<div class=\"elementor-element elementor-element-0499f3c elementor-widget elementor-widget-text-editor\" data-id=\"0499f3c\" data-element_type=\"widget\" data-e-type=\"widget\" data-widget_type=\"text-editor.default\">\n\t\t\t\t<div class=\"elementor-widget-container\">\n\t\t\t\t\t\t\t\t\t<p>\"N\u00f3s tamb\u00e9m fazemos isso\", diz Reiner, um jardineiro biol\u00f3gico.<\/p><p>\"Exatamente! N\u00f3s, na associa\u00e7\u00e3o de jardinagem, tamb\u00e9m nos baseamos largamente na permacultura\", acrescenta Sabrina, \"para al\u00e9m disso, alguns dos nossos membros trabalham com microorganismos eficazes. Outros experimentam o Agnihotra e a eletrocultura - alguns com um sucesso espantoso.\"<\/p><h3>Todo o conhecimento est\u00e1 dispon\u00edvel<\/h3><p>\"Juntos, temos muitos conhecimentos e know-how\", diz Michael com satisfa\u00e7\u00e3o, \"para podermos criar um projeto de investiga\u00e7\u00e3o e desenvolvimento: um projeto-piloto para um desenvolvimento urbano autossuficiente e amigo do clima...\"<\/p><p>\"De certeza que h\u00e1 subs\u00eddios para isso\", suspeita Siegbert.<\/p>\t\t\t\t\t\t\t\t<\/div>\n\t\t\t\t<\/div>\n\t\t\t\t<div class=\"elementor-element elementor-element-2ce76a0 elementor-widget elementor-widget-image\" data-id=\"2ce76a0\" data-element_type=\"widget\" data-e-type=\"widget\" data-widget_type=\"image.default\">\n\t\t\t\t<div class=\"elementor-widget-container\">\n\t\t\t\t\t\t\t\t\t\t\t\t\t\t\t<img decoding=\"async\" width=\"500\" height=\"337\" src=\"https:\/\/gradido.net\/wp-content\/uploads\/2023\/09\/Taschenrechner_500.jpg\" class=\"attachment-full size-full wp-image-7583\" alt=\"\" srcset=\"https:\/\/gradido.net\/wp-content\/uploads\/2023\/09\/Taschenrechner_500.jpg 500w, https:\/\/gradido.net\/wp-content\/uploads\/2023\/09\/Taschenrechner_500-300x202.jpg 300w, https:\/\/gradido.net\/wp-content\/uploads\/2023\/09\/Taschenrechner_500-18x12.jpg 18w\" sizes=\"(max-width: 500px) 100vw, 500px\" \/>\t\t\t\t\t\t\t\t\t\t\t\t\t\t\t<\/div>\n\t\t\t\t<\/div>\n\t\t\t\t<div class=\"elementor-element elementor-element-d19fa5e elementor-widget elementor-widget-text-editor\" data-id=\"d19fa5e\" data-element_type=\"widget\" data-e-type=\"widget\" data-widget_type=\"text-editor.default\">\n\t\t\t\t<div class=\"elementor-widget-container\">\n\t\t\t\t\t\t\t\t\t<h3>Temos terras ar\u00e1veis suficientes?<\/h3><p>\"Vamos fazer contas!\" Siegbert puxa da calculadora. \"Um quarto de hectare produz 2700 quilogramas de alimentos por ano. Suponhamos que uma pessoa come um quilo por dia, o que d\u00e1 365 quilos por ano. Assim, um quarto de hectare pode alimentar um pouco menos de 7,5 pessoas. S\u00e3o 30 por hectare, pelo que precisar\u00edamos de cerca de 670 hectares para os nossos 20.000 habitantes. No entanto, aqui n\u00e3o \u00e9 t\u00e3o agrad\u00e1vel e quente como na Calif\u00f3rnia\".<\/p><p>\"Sepp Holzer, o famoso 'rebelde agr\u00edcola', plantou lim\u00f5es a uma altitude de 1600 m na \u00c1ustria\", explica Sabrina. \"No entanto, \u00e9 necess\u00e1rio muito conhecimento e experi\u00eancia para obter tais rendimentos.\"<\/p><p>\"A \u00e1rea da nossa cidade \u00e9 de cerca de 20 quil\u00f3metros quadrados, dos quais 25% s\u00e3o espa\u00e7os verdes, ou seja, 5 quil\u00f3metros quadrados ou 500 hectares. Cerca de metade s\u00e3o terrenos p\u00fablicos. Mas n\u00e3o queremos transform\u00e1-lo todo em hortas, pois n\u00e3o?\", diz Siegbert.<\/p><h3>Jardins de telhado e jardinagem vertical<\/h3><p>\"Em algumas cidades, as pessoas at\u00e9 cultivam legumes nos telhados. E j\u00e1 ouviste falar de jardinagem vertical? As pessoas plantam legumes nas paredes das suas casas. Os desertos de bet\u00e3o tornam-se o\u00e1sis verdes. Isso tamb\u00e9m \u00e9 bom para o clima!\", diz Jennie, a gestora clim\u00e1tica da cidade.<\/p>\t\t\t\t\t\t\t\t<\/div>\n\t\t\t\t<\/div>\n\t\t\t\t<div class=\"elementor-element elementor-element-4023560 elementor-widget elementor-widget-image\" data-id=\"4023560\" data-element_type=\"widget\" data-e-type=\"widget\" data-widget_type=\"image.default\">\n\t\t\t\t<div class=\"elementor-widget-container\">\n\t\t\t\t\t\t\t\t\t\t\t\t\t\t\t<img loading=\"lazy\" decoding=\"async\" width=\"500\" height=\"270\" src=\"https:\/\/gradido.net\/wp-content\/uploads\/2023\/09\/Vertical_Gardening_500.jpg\" class=\"attachment-large size-large wp-image-7601\" alt=\"\" srcset=\"https:\/\/gradido.net\/wp-content\/uploads\/2023\/09\/Vertical_Gardening_500.jpg 500w, https:\/\/gradido.net\/wp-content\/uploads\/2023\/09\/Vertical_Gardening_500-300x162.jpg 300w, https:\/\/gradido.net\/wp-content\/uploads\/2023\/09\/Vertical_Gardening_500-18x10.jpg 18w\" sizes=\"(max-width: 500px) 100vw, 500px\" \/>\t\t\t\t\t\t\t\t\t\t\t\t\t\t\t<\/div>\n\t\t\t\t<\/div>\n\t\t\t\t<div class=\"elementor-element elementor-element-32c8728 elementor-widget elementor-widget-text-editor\" data-id=\"32c8728\" data-element_type=\"widget\" data-e-type=\"widget\" data-widget_type=\"text-editor.default\">\n\t\t\t\t<div class=\"elementor-widget-container\">\n\t\t\t\t\t\t\t\t\t<h3>Biol\u00f3gicos e convencionais - vamos cooperar!<\/h3><p>\"N\u00f3s, os jardineiros e os agricultores, ainda estamos por c\u00e1\", acrescenta Reiner. \"V\u00e1rios milhares de hectares s\u00e3o cultivados na \u00e1rea em torno de Lieblingsstadt.<\/p><p>\"A maior parte dos agricultores praticam uma agricultura convencional, tal como n\u00f3s\", salienta Franz, \"continuamos a obter rendimentos mais elevados\".<\/p><p>\"Sim, ambos os m\u00e9todos t\u00eam as suas vantagens e desvantagens e podem ser adequados em diferentes contextos\", apazigua Miguel, \"Vamos cooperar - para o bem de todos!\"<\/p>\t\t\t\t\t\t\t\t<\/div>\n\t\t\t\t<\/div>\n\t\t\t\t<div class=\"elementor-element elementor-element-7fcb08c elementor-widget elementor-widget-image\" data-id=\"7fcb08c\" data-element_type=\"widget\" data-e-type=\"widget\" data-widget_type=\"image.default\">\n\t\t\t\t<div class=\"elementor-widget-container\">\n\t\t\t\t\t\t\t\t\t\t\t\t\t\t\t<img loading=\"lazy\" decoding=\"async\" width=\"500\" height=\"337\" src=\"https:\/\/gradido.net\/wp-content\/uploads\/2023\/09\/Getreide_500.jpg\" class=\"attachment-full size-full wp-image-7587\" alt=\"\" srcset=\"https:\/\/gradido.net\/wp-content\/uploads\/2023\/09\/Getreide_500.jpg 500w, https:\/\/gradido.net\/wp-content\/uploads\/2023\/09\/Getreide_500-300x202.jpg 300w, https:\/\/gradido.net\/wp-content\/uploads\/2023\/09\/Getreide_500-18x12.jpg 18w\" sizes=\"(max-width: 500px) 100vw, 500px\" \/>\t\t\t\t\t\t\t\t\t\t\t\t\t\t\t<\/div>\n\t\t\t\t<\/div>\n\t\t\t\t<div class=\"elementor-element elementor-element-e6aa2b3 elementor-widget elementor-widget-text-editor\" data-id=\"e6aa2b3\" data-element_type=\"widget\" data-e-type=\"widget\" data-widget_type=\"text-editor.default\">\n\t\t\t\t<div class=\"elementor-widget-container\">\n\t\t\t\t\t\t\t\t\t<h3>Agricultura solid\u00e1ria<\/h3><p>\"Por falar em coopera\u00e7\u00e3o, conhecem o SoLaWi?\", pergunta Jennie ao grupo. \"A agricultura solid\u00e1ria \u00e9 um modelo de agricultura que visa uma coopera\u00e7\u00e3o estreita entre consumidores e agricultores. Neste modelo, os membros suportam conjuntamente os custos de funcionamento de uma quinta e partilham a colheita. Todos ficam a ganhar: os agricultores t\u00eam um rendimento seguro e os membros recebem alimentos biol\u00f3gicos frescos\"<\/p><p>\"Muito bem! Ent\u00e3o, juntos, temos \u00e1reas, ideias e compet\u00eancias suficientes para tornar a cidade autossuficiente\", congratula-se Michael. \"A autossufici\u00eancia \u00e9 um projeto grande e extenso. S\u00f3 o podemos fazer em conjunto. Devemos testar as diferentes abordagens quanto \u00e0 sua utilidade e experimentar de bom grado v\u00e1rios m\u00e9todos que, na melhor das hip\u00f3teses, se complementam uns aos outros. O Gradido, o sistema de remunera\u00e7\u00e3o honor\u00e1ria testado e comprovado, tamb\u00e9m deve ser reintegrado. Isto dar-nos-\u00e1 muitos volunt\u00e1rios que querem trabalhar com entusiasmo para este grande objetivo comum\".<\/p>\t\t\t\t\t\t\t\t<\/div>\n\t\t\t\t<\/div>\n\t\t\t\t<div class=\"elementor-element elementor-element-e858257 elementor-widget-divider--view-line elementor-widget elementor-widget-divider\" data-id=\"e858257\" data-element_type=\"widget\" data-e-type=\"widget\" data-widget_type=\"divider.default\">\n\t\t\t\t<div class=\"elementor-widget-container\">\n\t\t\t\t\t\t\t<div class=\"elementor-divider\">\n\t\t\t<span class=\"elementor-divider-separator\">\n\t\t\t\t\t\t<\/span>\n\t\t<\/div>\n\t\t\t\t\t\t<\/div>\n\t\t\t\t<\/div>\n\t\t\t\t<div class=\"elementor-element elementor-element-d74dfa0 elementor-widget elementor-widget-text-editor\" data-id=\"d74dfa0\" data-element_type=\"widget\" data-e-type=\"widget\" data-widget_type=\"text-editor.default\">\n\t\t\t\t<div class=\"elementor-widget-container\">\n\t\t\t\t\t\t\t\t\t<div data-pm-slice=\"1 1 []\" data-en-clipboard=\"true\"><p>O <strong>'Grande coopera\u00e7\u00e3o<\/strong> tamb\u00e9m pode ser aplicada \u00e0 agricultura. No 11\u00ba epis\u00f3dio da popular s\u00e9rie <strong>\"Gradido na cidade preferida\" <\/strong>a base est\u00e1 lan\u00e7ada para uma produ\u00e7\u00e3o alimentar autossuficiente para a cidade. Como em todas as abordagens acima descritas, a coopera\u00e7\u00e3o \u00e9 muito melhor do que a competi\u00e7\u00e3o. O trabalho volunt\u00e1rio baseia-se em grande medida na coopera\u00e7\u00e3o. Com a ajuda do sistema de remunera\u00e7\u00e3o de volunt\u00e1rios \"Gradido\", o trabalho volunt\u00e1rio \u00e9 remunerado com 20 Gradido por hora.<\/p><p>Para os Gradidos, h\u00e1 uma variedade de benef\u00edcios e descontos que podem ser resgatados no com\u00e9rcio local. Al\u00e9m disso, h\u00e1 um interc\u00e2mbio animado entre os cidad\u00e3os. Isto reduz os custos para todos os envolvidos e os grandes projectos tornam-se vi\u00e1veis. Uma situa\u00e7\u00e3o em que todos ganham!<\/p><p><strong>N\u00e3o hesite em transmitir esta s\u00e9rie ao seu conselho municipal, associa\u00e7\u00f5es e comerciantes!<\/strong><\/p><p>Se n\u00e3o fizermos nada agora, o <strong>Espiral descendente<\/strong> fora. Estamos a ficar cada vez mais dependentes dos alimentos vindos do estrangeiro e a nossa agricultura nacional est\u00e1 a falir.<\/p><p>Com o Gradido e a Grande Coopera\u00e7\u00e3o geramos <strong>Espirais ascendentes<\/strong> para moldar positivamente o futuro de uma forma sustent\u00e1vel. Juntos, estamos a transformar as nossas cidades e vilas em o\u00e1sis vibrantes e pr\u00f3speros - os nossos lugares favoritos!<\/p><p>Cordiais cumprimentos<\/p><\/div><p>O seu<\/p><p><img loading=\"lazy\" decoding=\"async\" class=\"alignnone wp-image-4614 size-medium\" src=\"https:\/\/gradido.net\/wp-content\/uploads\/2022\/06\/MargretBernd_2022-300x74.png\" alt=\"\" width=\"300\" height=\"74\" srcset=\"https:\/\/gradido.net\/wp-content\/uploads\/2022\/06\/MargretBernd_2022-300x74.png 300w, https:\/\/gradido.net\/wp-content\/uploads\/2022\/06\/MargretBernd_2022-18x4.png 18w, https:\/\/gradido.net\/wp-content\/uploads\/2022\/06\/MargretBernd_2022.png 431w\" sizes=\"(max-width: 300px) 100vw, 300px\" \/><\/p><p>Margret Baier e Bernd H\u00fcckst\u00e4dt<br \/>Fundador e criador da Gradido<\/p>\t\t\t\t\t\t\t\t<\/div>\n\t\t\t\t<\/div>\n\t\t\t\t\t<\/div>\n\t\t<\/div>\n\t\t\t\t\t<\/div>\n\t\t<\/section>\n\t\t\t\t<section class=\"elementor-section elementor-top-section elementor-element elementor-element-e4767e0 elementor-section-boxed elementor-section-height-default elementor-section-height-default\" data-id=\"e4767e0\" data-element_type=\"section\" data-e-type=\"section\">\n\t\t\t\t\t\t<div class=\"elementor-container elementor-column-gap-default\">\n\t\t\t\t\t<div class=\"elementor-column elementor-col-100 elementor-top-column elementor-element elementor-element-3af9904\" data-id=\"3af9904\" data-element_type=\"column\" data-e-type=\"column\">\n\t\t\t<div class=\"elementor-widget-wrap elementor-element-populated\">\n\t\t\t\t\t\t<div class=\"elementor-element elementor-element-7643008 elementor-position-inline-start white-links elementor-widget__width-initial elementor-view-default elementor-mobile-position-block-start elementor-widget elementor-widget-icon-box\" data-id=\"7643008\" data-element_type=\"widget\" data-e-type=\"widget\" data-no-translation=\"\" data-widget_type=\"icon-box.default\">\n\t\t\t\t<div class=\"elementor-widget-container\">\n\t\t\t\t\t<style>.elementor-element-7643008{display:none !important}<\/style>\t\t\t\t<\/div>\n\t\t\t\t<\/div>\n\t\t\t\t\t<\/div>\n\t\t<\/div>\n\t\t\t\t\t<\/div>\n\t\t<\/section>\n\t\t\t\t<section class=\"elementor-section elementor-top-section elementor-element elementor-element-14532fe elementor-section-boxed elementor-section-height-default elementor-section-height-default\" data-id=\"14532fe\" data-element_type=\"section\" data-e-type=\"section\">\n\t\t\t\t\t\t<div class=\"elementor-container elementor-column-gap-default\">\n\t\t\t\t\t<div class=\"elementor-column elementor-col-100 elementor-top-column elementor-element elementor-element-65d2298\" data-id=\"65d2298\" data-element_type=\"column\" data-e-type=\"column\">\n\t\t\t<div class=\"elementor-widget-wrap elementor-element-populated\">\n\t\t\t\t\t\t<div class=\"elementor-element elementor-element-0a35dba elementor-widget elementor-widget-global elementor-global-9341 elementor-widget-text-editor\" data-id=\"0a35dba\" data-element_type=\"widget\" data-e-type=\"widget\" data-widget_type=\"text-editor.default\">\n\t\t\t\t<div class=\"elementor-widget-container\">\n\t\t\t\t\t\t\t\t\t<p><strong>PS:\u00a0<span style=\"color: #ff6600;\"><a style=\"color: #ff6600;\" href=\"https:\/\/gradido.net\/pt\/donations\/\">Devido \u00e0 import\u00e2ncia cada vez maior do Gradido, repetimos a nossa campanha de agradecimento a 26 de junho de 2026:<\/a>\u00a0<\/span><span style=\"color: #0000ff;\"><a style=\"color: #0000ff;\" href=\"https:\/\/gradido.net\/pt\/donations\/\">Para al\u00e9m do GradidoTransform m\u00faltiplo pela sua contribui\u00e7\u00e3o de patroc\u00ednio, aumentaremos todos os saldos das contas GDT em 26% no dia 26\/06\/2016. Patrocine agora e aproveite o montante m\u00faltiplo de GDT!<\/a><\/span><\/strong><\/p>\t\t\t\t\t\t\t\t<\/div>\n\t\t\t\t<\/div>\n\t\t\t\t\t<\/div>\n\t\t<\/div>\n\t\t\t\t\t<\/div>\n\t\t<\/section>\n\t\t\t\t<\/div>","protected":false},"excerpt":{"rendered":"<p>Inspirada por Andernach, a \"Cidade Comest\u00edvel\" e outros exemplos bem sucedidos de agricultura urbana, Lieblingsstadt tem como objetivo tornar-se autossuficiente em termos alimentares.<\/p>","protected":false},"author":2,"featured_media":7568,"comment_status":"closed","ping_status":"closed","sticky":false,"template":"","format":"standard","meta":{"footnotes":""},"categories":[11,53],"tags":[49],"class_list":["post-7565","post","type-post","status-publish","format-standard","has-post-thumbnail","hentry","category-blog","category-lieblingsstadt","tag-grosse-kooperation"],"yoast_head":"<!-- This site is optimized with the Yoast SEO plugin v27.5 - https:\/\/yoast.com\/product\/yoast-seo-wordpress\/ -->\n<title>Lieblingsstadt 11 \u2013 Gro\u00dfe Kooperation f\u00fcr Autarkie - Gradido<\/title>\n<meta name=\"description\" content=\"Inspiriert von Andernach, der \u201aEssbaren Stadt\u2018 und anderen erfolgreichen Beispielen f\u00fcr urbane Landwirtschaft soll Lieblingsstadt Lebensmittel-autark werden.\" \/>\n<meta name=\"robots\" content=\"index, follow, max-snippet:-1, max-image-preview:large, max-video-preview:-1\" \/>\n<link rel=\"canonical\" href=\"https:\/\/gradido.net\/pt\/lieblingsstadt-11-grosse-kooperation-fuer-autarkie\/\" \/>\n<meta property=\"og:locale\" content=\"pt_PT\" \/>\n<meta property=\"og:type\" content=\"article\" \/>\n<meta property=\"og:title\" content=\"Lieblingsstadt 11 \u2013 Gro\u00dfe Kooperation f\u00fcr Autarkie - Gradido\" \/>\n<meta property=\"og:description\" content=\"Inspiriert von Andernach, der \u201aEssbaren Stadt\u2018 und anderen erfolgreichen Beispielen f\u00fcr urbane Landwirtschaft soll Lieblingsstadt Lebensmittel-autark werden.\" \/>\n<meta property=\"og:url\" content=\"https:\/\/gradido.net\/pt\/lieblingsstadt-11-grosse-kooperation-fuer-autarkie\/\" \/>\n<meta property=\"og:site_name\" content=\"Gradido\" \/>\n<meta property=\"article:published_time\" content=\"2023-09-09T08:14:16+00:00\" \/>\n<meta property=\"article:modified_time\" content=\"2026-04-23T05:08:15+00:00\" \/>\n<meta property=\"og:image\" content=\"https:\/\/gradido.net\/wp-content\/uploads\/2023\/09\/Dachgarten_1920_2.jpg\" \/>\n\t<meta property=\"og:image:width\" content=\"1920\" \/>\n\t<meta property=\"og:image:height\" content=\"1200\" \/>\n\t<meta property=\"og:image:type\" content=\"image\/jpeg\" \/>\n<meta name=\"author\" content=\"Bernd H\u00fcckst\u00e4dt\" \/>\n<meta name=\"twitter:card\" content=\"summary_large_image\" \/>\n<meta name=\"twitter:label1\" content=\"Escrito por\" \/>\n\t<meta name=\"twitter:data1\" content=\"Bernd H\u00fcckst\u00e4dt\" \/>\n\t<meta name=\"twitter:label2\" content=\"Tempo estimado de leitura\" \/>\n\t<meta name=\"twitter:data2\" content=\"8 minutos\" \/>\n<script type=\"application\/ld+json\" class=\"yoast-schema-graph\">{\"@context\":\"https:\\\/\\\/schema.org\",\"@graph\":[{\"@type\":\"Article\",\"@id\":\"https:\\\/\\\/gradido.net\\\/lieblingsstadt-11-grosse-kooperation-fuer-autarkie\\\/#article\",\"isPartOf\":{\"@id\":\"https:\\\/\\\/gradido.net\\\/lieblingsstadt-11-grosse-kooperation-fuer-autarkie\\\/\"},\"author\":{\"name\":\"Bernd H\u00fcckst\u00e4dt\",\"@id\":\"https:\\\/\\\/gradido.net\\\/de\\\/#\\\/schema\\\/person\\\/9c503a004ad15a1ddecadce2218db5d1\"},\"headline\":\"Lieblingsstadt 11 \u2013 Gro\u00dfe Kooperation f\u00fcr Autarkie\",\"datePublished\":\"2023-09-09T08:14:16+00:00\",\"dateModified\":\"2026-04-23T05:08:15+00:00\",\"mainEntityOfPage\":{\"@id\":\"https:\\\/\\\/gradido.net\\\/lieblingsstadt-11-grosse-kooperation-fuer-autarkie\\\/\"},\"wordCount\":1287,\"publisher\":{\"@id\":\"https:\\\/\\\/gradido.net\\\/de\\\/#organization\"},\"image\":{\"@id\":\"https:\\\/\\\/gradido.net\\\/lieblingsstadt-11-grosse-kooperation-fuer-autarkie\\\/#primaryimage\"},\"thumbnailUrl\":\"https:\\\/\\\/gradido.net\\\/wp-content\\\/uploads\\\/2023\\\/09\\\/Dachgarten_1920_2.jpg\",\"keywords\":[\"Gro\u00dfe Kooperation\"],\"articleSection\":[\"Blog\",\"Lieblingsstadt\"],\"inLanguage\":\"pt-PT\"},{\"@type\":\"WebPage\",\"@id\":\"https:\\\/\\\/gradido.net\\\/lieblingsstadt-11-grosse-kooperation-fuer-autarkie\\\/\",\"url\":\"https:\\\/\\\/gradido.net\\\/lieblingsstadt-11-grosse-kooperation-fuer-autarkie\\\/\",\"name\":\"Lieblingsstadt 11 \u2013 Gro\u00dfe Kooperation f\u00fcr Autarkie - Gradido\",\"isPartOf\":{\"@id\":\"https:\\\/\\\/gradido.net\\\/de\\\/#website\"},\"primaryImageOfPage\":{\"@id\":\"https:\\\/\\\/gradido.net\\\/lieblingsstadt-11-grosse-kooperation-fuer-autarkie\\\/#primaryimage\"},\"image\":{\"@id\":\"https:\\\/\\\/gradido.net\\\/lieblingsstadt-11-grosse-kooperation-fuer-autarkie\\\/#primaryimage\"},\"thumbnailUrl\":\"https:\\\/\\\/gradido.net\\\/wp-content\\\/uploads\\\/2023\\\/09\\\/Dachgarten_1920_2.jpg\",\"datePublished\":\"2023-09-09T08:14:16+00:00\",\"dateModified\":\"2026-04-23T05:08:15+00:00\",\"description\":\"Inspiriert von Andernach, der \u201aEssbaren Stadt\u2018 und anderen erfolgreichen Beispielen f\u00fcr urbane Landwirtschaft soll Lieblingsstadt Lebensmittel-autark werden.\",\"breadcrumb\":{\"@id\":\"https:\\\/\\\/gradido.net\\\/lieblingsstadt-11-grosse-kooperation-fuer-autarkie\\\/#breadcrumb\"},\"inLanguage\":\"pt-PT\",\"potentialAction\":[{\"@type\":\"ReadAction\",\"target\":[\"https:\\\/\\\/gradido.net\\\/lieblingsstadt-11-grosse-kooperation-fuer-autarkie\\\/\"]}]},{\"@type\":\"ImageObject\",\"inLanguage\":\"pt-PT\",\"@id\":\"https:\\\/\\\/gradido.net\\\/lieblingsstadt-11-grosse-kooperation-fuer-autarkie\\\/#primaryimage\",\"url\":\"https:\\\/\\\/gradido.net\\\/wp-content\\\/uploads\\\/2023\\\/09\\\/Dachgarten_1920_2.jpg\",\"contentUrl\":\"https:\\\/\\\/gradido.net\\\/wp-content\\\/uploads\\\/2023\\\/09\\\/Dachgarten_1920_2.jpg\",\"width\":1920,\"height\":1200},{\"@type\":\"BreadcrumbList\",\"@id\":\"https:\\\/\\\/gradido.net\\\/lieblingsstadt-11-grosse-kooperation-fuer-autarkie\\\/#breadcrumb\",\"itemListElement\":[{\"@type\":\"ListItem\",\"position\":1,\"name\":\"Startseite\",\"item\":\"https:\\\/\\\/gradido.net\\\/\"},{\"@type\":\"ListItem\",\"position\":2,\"name\":\"Lieblingsstadt 11 \u2013 Gro\u00dfe Kooperation f\u00fcr Autarkie\"}]},{\"@type\":\"WebSite\",\"@id\":\"https:\\\/\\\/gradido.net\\\/de\\\/#website\",\"url\":\"https:\\\/\\\/gradido.net\\\/de\\\/\",\"name\":\"Gradido\",\"description\":\"Die neue W\u00e4hrung hei\u00dft Dankbarkeit\",\"publisher\":{\"@id\":\"https:\\\/\\\/gradido.net\\\/de\\\/#organization\"},\"potentialAction\":[{\"@type\":\"SearchAction\",\"target\":{\"@type\":\"EntryPoint\",\"urlTemplate\":\"https:\\\/\\\/gradido.net\\\/de\\\/?s={search_term_string}\"},\"query-input\":{\"@type\":\"PropertyValueSpecification\",\"valueRequired\":true,\"valueName\":\"search_term_string\"}}],\"inLanguage\":\"pt-PT\"},{\"@type\":\"Organization\",\"@id\":\"https:\\\/\\\/gradido.net\\\/de\\\/#organization\",\"name\":\"Gradido\",\"url\":\"https:\\\/\\\/gradido.net\\\/de\\\/\",\"logo\":{\"@type\":\"ImageObject\",\"inLanguage\":\"pt-PT\",\"@id\":\"https:\\\/\\\/gradido.net\\\/de\\\/#\\\/schema\\\/logo\\\/image\\\/\",\"url\":\"https:\\\/\\\/gradido.net\\\/wp-content\\\/uploads\\\/2022\\\/04\\\/gradido-social.jpg\",\"contentUrl\":\"https:\\\/\\\/gradido.net\\\/wp-content\\\/uploads\\\/2022\\\/04\\\/gradido-social.jpg\",\"width\":527,\"height\":273,\"caption\":\"Gradido\"},\"image\":{\"@id\":\"https:\\\/\\\/gradido.net\\\/de\\\/#\\\/schema\\\/logo\\\/image\\\/\"}},{\"@type\":\"Person\",\"@id\":\"https:\\\/\\\/gradido.net\\\/de\\\/#\\\/schema\\\/person\\\/9c503a004ad15a1ddecadce2218db5d1\",\"name\":\"Bernd H\u00fcckst\u00e4dt\",\"sameAs\":[\"https:\\\/\\\/gradido.net\"],\"url\":\"https:\\\/\\\/gradido.net\\\/pt\\\/author\\\/bernd\\\/\"}]}<\/script>\n<!-- \/ Yoast SEO plugin. -->","yoast_head_json":{"title":"Cidade favorita 11 - Grande coopera\u00e7\u00e3o para a autossufici\u00eancia - Gradido","description":"Inspirada por Andernach, a \"Cidade Comest\u00edvel\" e outros exemplos bem sucedidos de agricultura urbana, Lieblingsstadt tem como objetivo tornar-se autossuficiente em termos alimentares.","robots":{"index":"index","follow":"follow","max-snippet":"max-snippet:-1","max-image-preview":"max-image-preview:large","max-video-preview":"max-video-preview:-1"},"canonical":"https:\/\/gradido.net\/pt\/lieblingsstadt-11-grosse-kooperation-fuer-autarkie\/","og_locale":"pt_PT","og_type":"article","og_title":"Lieblingsstadt 11 \u2013 Gro\u00dfe Kooperation f\u00fcr Autarkie - Gradido","og_description":"Inspiriert von Andernach, der \u201aEssbaren Stadt\u2018 und anderen erfolgreichen Beispielen f\u00fcr urbane Landwirtschaft soll Lieblingsstadt Lebensmittel-autark werden.","og_url":"https:\/\/gradido.net\/pt\/lieblingsstadt-11-grosse-kooperation-fuer-autarkie\/","og_site_name":"Gradido","article_published_time":"2023-09-09T08:14:16+00:00","article_modified_time":"2026-04-23T05:08:15+00:00","og_image":[{"width":1920,"height":1200,"url":"https:\/\/gradido.net\/wp-content\/uploads\/2023\/09\/Dachgarten_1920_2.jpg","type":"image\/jpeg"}],"author":"Bernd H\u00fcckst\u00e4dt","twitter_card":"summary_large_image","twitter_misc":{"Escrito por":"Bernd H\u00fcckst\u00e4dt","Tempo estimado de leitura":"8 minutos"},"schema":{"@context":"https:\/\/schema.org","@graph":[{"@type":"Article","@id":"https:\/\/gradido.net\/lieblingsstadt-11-grosse-kooperation-fuer-autarkie\/#article","isPartOf":{"@id":"https:\/\/gradido.net\/lieblingsstadt-11-grosse-kooperation-fuer-autarkie\/"},"author":{"name":"Bernd H\u00fcckst\u00e4dt","@id":"https:\/\/gradido.net\/de\/#\/schema\/person\/9c503a004ad15a1ddecadce2218db5d1"},"headline":"Lieblingsstadt 11 \u2013 Gro\u00dfe Kooperation f\u00fcr Autarkie","datePublished":"2023-09-09T08:14:16+00:00","dateModified":"2026-04-23T05:08:15+00:00","mainEntityOfPage":{"@id":"https:\/\/gradido.net\/lieblingsstadt-11-grosse-kooperation-fuer-autarkie\/"},"wordCount":1287,"publisher":{"@id":"https:\/\/gradido.net\/de\/#organization"},"image":{"@id":"https:\/\/gradido.net\/lieblingsstadt-11-grosse-kooperation-fuer-autarkie\/#primaryimage"},"thumbnailUrl":"https:\/\/gradido.net\/wp-content\/uploads\/2023\/09\/Dachgarten_1920_2.jpg","keywords":["Gro\u00dfe Kooperation"],"articleSection":["Blog","Lieblingsstadt"],"inLanguage":"pt-PT"},{"@type":"WebPage","@id":"https:\/\/gradido.net\/lieblingsstadt-11-grosse-kooperation-fuer-autarkie\/","url":"https:\/\/gradido.net\/lieblingsstadt-11-grosse-kooperation-fuer-autarkie\/","name":"Cidade favorita 11 - Grande coopera\u00e7\u00e3o para a autossufici\u00eancia - Gradido","isPartOf":{"@id":"https:\/\/gradido.net\/de\/#website"},"primaryImageOfPage":{"@id":"https:\/\/gradido.net\/lieblingsstadt-11-grosse-kooperation-fuer-autarkie\/#primaryimage"},"image":{"@id":"https:\/\/gradido.net\/lieblingsstadt-11-grosse-kooperation-fuer-autarkie\/#primaryimage"},"thumbnailUrl":"https:\/\/gradido.net\/wp-content\/uploads\/2023\/09\/Dachgarten_1920_2.jpg","datePublished":"2023-09-09T08:14:16+00:00","dateModified":"2026-04-23T05:08:15+00:00","description":"Inspirada por Andernach, a \"Cidade Comest\u00edvel\" e outros exemplos bem sucedidos de agricultura urbana, Lieblingsstadt tem como objetivo tornar-se autossuficiente em termos alimentares.","breadcrumb":{"@id":"https:\/\/gradido.net\/lieblingsstadt-11-grosse-kooperation-fuer-autarkie\/#breadcrumb"},"inLanguage":"pt-PT","potentialAction":[{"@type":"ReadAction","target":["https:\/\/gradido.net\/lieblingsstadt-11-grosse-kooperation-fuer-autarkie\/"]}]},{"@type":"ImageObject","inLanguage":"pt-PT","@id":"https:\/\/gradido.net\/lieblingsstadt-11-grosse-kooperation-fuer-autarkie\/#primaryimage","url":"https:\/\/gradido.net\/wp-content\/uploads\/2023\/09\/Dachgarten_1920_2.jpg","contentUrl":"https:\/\/gradido.net\/wp-content\/uploads\/2023\/09\/Dachgarten_1920_2.jpg","width":1920,"height":1200},{"@type":"BreadcrumbList","@id":"https:\/\/gradido.net\/lieblingsstadt-11-grosse-kooperation-fuer-autarkie\/#breadcrumb","itemListElement":[{"@type":"ListItem","position":1,"name":"Startseite","item":"https:\/\/gradido.net\/"},{"@type":"ListItem","position":2,"name":"Lieblingsstadt 11 \u2013 Gro\u00dfe Kooperation f\u00fcr Autarkie"}]},{"@type":"WebSite","@id":"https:\/\/gradido.net\/de\/#website","url":"https:\/\/gradido.net\/de\/","name":"Gradido","description":"A nova moeda \u00e9 a gratid\u00e3o","publisher":{"@id":"https:\/\/gradido.net\/de\/#organization"},"potentialAction":[{"@type":"SearchAction","target":{"@type":"EntryPoint","urlTemplate":"https:\/\/gradido.net\/de\/?s={search_term_string}"},"query-input":{"@type":"PropertyValueSpecification","valueRequired":true,"valueName":"search_term_string"}}],"inLanguage":"pt-PT"},{"@type":"Organization","@id":"https:\/\/gradido.net\/de\/#organization","name":"Gradido","url":"https:\/\/gradido.net\/de\/","logo":{"@type":"ImageObject","inLanguage":"pt-PT","@id":"https:\/\/gradido.net\/de\/#\/schema\/logo\/image\/","url":"https:\/\/gradido.net\/wp-content\/uploads\/2022\/04\/gradido-social.jpg","contentUrl":"https:\/\/gradido.net\/wp-content\/uploads\/2022\/04\/gradido-social.jpg","width":527,"height":273,"caption":"Gradido"},"image":{"@id":"https:\/\/gradido.net\/de\/#\/schema\/logo\/image\/"}},{"@type":"Person","@id":"https:\/\/gradido.net\/de\/#\/schema\/person\/9c503a004ad15a1ddecadce2218db5d1","name":"Bernd H\u00fcckst\u00e4dt","sameAs":["https:\/\/gradido.net"],"url":"https:\/\/gradido.net\/pt\/author\/bernd\/"}]}},"_links":{"self":[{"href":"https:\/\/gradido.net\/pt\/wp-json\/wp\/v2\/posts\/7565","targetHints":{"allow":["GET"]}}],"collection":[{"href":"https:\/\/gradido.net\/pt\/wp-json\/wp\/v2\/posts"}],"about":[{"href":"https:\/\/gradido.net\/pt\/wp-json\/wp\/v2\/types\/post"}],"author":[{"embeddable":true,"href":"https:\/\/gradido.net\/pt\/wp-json\/wp\/v2\/users\/2"}],"replies":[{"embeddable":true,"href":"https:\/\/gradido.net\/pt\/wp-json\/wp\/v2\/comments?post=7565"}],"version-history":[{"count":58,"href":"https:\/\/gradido.net\/pt\/wp-json\/wp\/v2\/posts\/7565\/revisions"}],"predecessor-version":[{"id":13539,"href":"https:\/\/gradido.net\/pt\/wp-json\/wp\/v2\/posts\/7565\/revisions\/13539"}],"wp:featuredmedia":[{"embeddable":true,"href":"https:\/\/gradido.net\/pt\/wp-json\/wp\/v2\/media\/7568"}],"wp:attachment":[{"href":"https:\/\/gradido.net\/pt\/wp-json\/wp\/v2\/media?parent=7565"}],"wp:term":[{"taxonomy":"category","embeddable":true,"href":"https:\/\/gradido.net\/pt\/wp-json\/wp\/v2\/categories?post=7565"},{"taxonomy":"post_tag","embeddable":true,"href":"https:\/\/gradido.net\/pt\/wp-json\/wp\/v2\/tags?post=7565"}],"curies":[{"name":"wp","href":"https:\/\/api.w.org\/{rel}","templated":true}]}}