{"id":7693,"date":"2023-09-25T06:55:22","date_gmt":"2023-09-25T04:55:22","guid":{"rendered":"https:\/\/gradido.net\/?p=7693"},"modified":"2026-04-23T07:06:15","modified_gmt":"2026-04-23T05:06:15","slug":"lieblingsstadt-13-mit-freunden-unterwegs-der-ehrenamtliche-fahrdienst-lieblingsstaedter-kutscher","status":"publish","type":"post","link":"https:\/\/gradido.net\/pt\/lieblingsstadt-13-mit-freunden-unterwegs-der-ehrenamtliche-fahrdienst-lieblingsstaedter-kutscher\/","title":{"rendered":"Favourite city 13 - Na estrada com os amigos: o servi\u00e7o volunt\u00e1rio de condu\u00e7\u00e3o \"Lieblingsst\u00e4dter Kutscher\" (Favourite City Coachmen)"},"content":{"rendered":"<div data-elementor-type=\"wp-post\" data-elementor-id=\"7693\" class=\"elementor elementor-7693\" data-elementor-post-type=\"post\">\n\t\t\t\t\t\t<section class=\"elementor-section elementor-top-section elementor-element elementor-element-496e1d53 elementor-section-boxed elementor-section-height-default elementor-section-height-default\" data-id=\"496e1d53\" data-element_type=\"section\" data-e-type=\"section\">\n\t\t\t\t\t\t<div class=\"elementor-container elementor-column-gap-default\">\n\t\t\t\t\t<div class=\"elementor-column elementor-col-100 elementor-top-column elementor-element elementor-element-461d7be0\" data-id=\"461d7be0\" data-element_type=\"column\" data-e-type=\"column\">\n\t\t\t<div class=\"elementor-widget-wrap elementor-element-populated\">\n\t\t\t\t\t\t<div class=\"elementor-element elementor-element-cd9ebe2 elementor-widget elementor-widget-text-editor\" data-id=\"cd9ebe2\" data-element_type=\"widget\" data-e-type=\"widget\" data-widget_type=\"text-editor.default\">\n\t\t\t\t<div class=\"elementor-widget-container\">\n\t\t\t\t\t\t\t\t\t<p style=\"text-align: right;\"><em>\"O que os servi\u00e7os de condu\u00e7\u00e3o internacionais fazem, n\u00f3s podemos fazer melhor - a n\u00edvel regional, de forma volunt\u00e1ria e com alegria!\"<\/em><\/p><p>Caro leitor,<\/p><p>Na id\u00edlica cidade de Lieblingsstadt, os cidad\u00e3os t\u00eam um objetivo comum: uma cidade verde com pouco tr\u00e2nsito. Sonham com jardins urbanos e espa\u00e7os verdes espa\u00e7osos em vez de parques de estacionamento. Mas h\u00e1 um problema...<\/p><p>Os transportes p\u00fablicos raramente circulam e n\u00e3o cobrem todas as zonas da cidade. Os sub\u00farbios e as aldeias circundantes s\u00e3o particularmente mal servidos. Muitos cidad\u00e3os n\u00e3o t\u00eam meios para adquirir um autom\u00f3vel pr\u00f3prio ou n\u00e3o o querem ter por raz\u00f5es ambientais. Al\u00e9m disso, h\u00e1 deliberadamente poucos lugares de estacionamento no centro da cidade.<\/p><p>Mas como \u00e9 que as pessoas devem vir para a cidade? Um novo desafio para o Presidente da C\u00e2mara Michael Miteinand e a sua equipa dedicada!\u00a0<\/p><h3>Servi\u00e7o de condu\u00e7\u00e3o volunt\u00e1rio<\/h3><p>Inspirados pelos seus grandes sucessos com os outros projectos Gradido, encontram rapidamente a solu\u00e7\u00e3o:<\/p><p>Juntamente com os cidad\u00e3os, desenvolvem o servi\u00e7o de condu\u00e7\u00e3o volunt\u00e1ria <strong>'Cocheiro favorito da cidade<\/strong>': Os volunt\u00e1rios disponibilizam os seus carros e conduzem as pessoas pela cidade e pelas aldeias vizinhas. Levam os idosos ao m\u00e9dico, v\u00e3o buscar as crian\u00e7as \u00e0 escola e levam os trabalhadores em seguran\u00e7a para o trabalho. Organizam servi\u00e7os de compras e muito mais. Tudo \u00e9 coordenado por volunt\u00e1rios no Gabinete do Cidad\u00e3o. Atualmente, tudo ainda \u00e9 feito por telefone e chat, mas no futuro haver\u00e1 um<strong>Aplica\u00e7\u00e3o Coachman'<\/strong> dar.<\/p>\t\t\t\t\t\t\t\t<\/div>\n\t\t\t\t<\/div>\n\t\t\t\t<div class=\"elementor-element elementor-element-b482206 elementor-widget elementor-widget-image\" data-id=\"b482206\" data-element_type=\"widget\" data-e-type=\"widget\" data-widget_type=\"image.default\">\n\t\t\t\t<div class=\"elementor-widget-container\">\n\t\t\t\t\t\t\t\t\t\t\t\t\t\t\t<img fetchpriority=\"high\" decoding=\"async\" width=\"500\" height=\"312\" src=\"https:\/\/gradido.net\/wp-content\/uploads\/2023\/09\/Fahrgemeinschaft_500.jpg\" class=\"attachment-full size-full wp-image-7699\" alt=\"\" srcset=\"https:\/\/gradido.net\/wp-content\/uploads\/2023\/09\/Fahrgemeinschaft_500.jpg 500w, https:\/\/gradido.net\/wp-content\/uploads\/2023\/09\/Fahrgemeinschaft_500-300x187.jpg 300w, https:\/\/gradido.net\/wp-content\/uploads\/2023\/09\/Fahrgemeinschaft_500-18x12.jpg 18w\" sizes=\"(max-width: 500px) 100vw, 500px\" \/>\t\t\t\t\t\t\t\t\t\t\t\t\t\t\t<\/div>\n\t\t\t\t<\/div>\n\t\t\t\t<div class=\"elementor-element elementor-element-c5e61d4 elementor-widget elementor-widget-text-editor\" data-id=\"c5e61d4\" data-element_type=\"widget\" data-e-type=\"widget\" data-widget_type=\"text-editor.default\">\n\t\t\t\t<div class=\"elementor-widget-container\">\n\t\t\t\t\t\t\t\t\t<p>Os trajectos s\u00e3o concebidos de forma a que o maior n\u00famero poss\u00edvel de passageiros seja transportado em conjunto. Desta forma, as pessoas entram em contacto umas com as outras e o servi\u00e7o de transporte torna-se um s\u00edmbolo de consci\u00eancia comunit\u00e1ria e ambiental.\u00a0<\/p><h3>Sistema de remunera\u00e7\u00e3o da \"Gradido<\/h3><p>Uma carater\u00edstica especial de todos os projectos de voluntariado da Lieblingsst\u00e4dter \u00e9 a integra\u00e7\u00e3o do sistema de remunera\u00e7\u00e3o Gradido. As viagens n\u00e3o s\u00e3o pagas em euros, mas sim remuneradas com Gradidos. Ou seja, n\u00e3o \u00e9 bem assim: para o combust\u00edvel e a manuten\u00e7\u00e3o do seu ve\u00edculo, o cocheiro tamb\u00e9m aceita de bom grado donativos em euros. Cada passageiro d\u00e1 o que pode e quer - uns mais, outros menos. Desta forma, os cocheiros n\u00e3o s\u00f3 cobrem os seus custos, como tamb\u00e9m t\u00eam algo de sobra no final do m\u00eas.\u00a0<\/p><p>Para os Gradidos, recebem todo o tipo de benef\u00edcios - desde os generosos descontos Gradido em lojas e assist\u00eancia de bairro at\u00e9 \u00e0 deliciosa comida e bebida no GradidoCaf\u00e9 e nos restaurantes cooperantes.<\/p><h3>Tantas vantagens - um sucesso total!<\/h3><p>Os habitantes de Lieblingsstadt ajudam-se mutuamente e, ao mesmo tempo, reduzem o tr\u00e1fego na cidade. As ruas tornam-se mais calmas e o ar mais limpo. Os espa\u00e7os verdes s\u00e3o preservados ou criados de novo atrav\u00e9s da poupan\u00e7a de lugares de estacionamento.<\/p><p>O servi\u00e7o de condu\u00e7\u00e3o \"favourite city coachman\" torna-se um sucesso e inspira outras cidades a lan\u00e7arem projectos semelhantes. O Presidente da C\u00e2mara, Michael Miteinand, e a sua equipa est\u00e3o orgulhosos da sua cidade, dos seus cidad\u00e3os e do conceito engenhoso da Gradido, que os ajudou a concretizar o sonho de uma cidade verde.<\/p>\t\t\t\t\t\t\t\t<\/div>\n\t\t\t\t<\/div>\n\t\t\t\t<div class=\"elementor-element elementor-element-e858257 elementor-widget-divider--view-line elementor-widget elementor-widget-divider\" data-id=\"e858257\" data-element_type=\"widget\" data-e-type=\"widget\" data-widget_type=\"divider.default\">\n\t\t\t\t<div class=\"elementor-widget-container\">\n\t\t\t\t\t\t\t<div class=\"elementor-divider\">\n\t\t\t<span class=\"elementor-divider-separator\">\n\t\t\t\t\t\t<\/span>\n\t\t<\/div>\n\t\t\t\t\t\t<\/div>\n\t\t\t\t<\/div>\n\t\t\t\t<div class=\"elementor-element elementor-element-d74dfa0 elementor-widget elementor-widget-text-editor\" data-id=\"d74dfa0\" data-element_type=\"widget\" data-e-type=\"widget\" data-widget_type=\"text-editor.default\">\n\t\t\t\t<div class=\"elementor-widget-container\">\n\t\t\t\t\t\t\t\t\t<div data-pm-slice=\"1 1 []\" data-en-clipboard=\"true\"><p>O <strong>'Grande coopera\u00e7\u00e3o<\/strong> est\u00e1 a expandir-se para cada vez mais \u00e1reas. No 13\u00ba epis\u00f3dio da popular s\u00e9rie <strong>\"Gradido na cidade preferida\" <\/strong>A cidade favorita est\u00e1 a desenvolver a sua vers\u00e3o volunt\u00e1ria da reviravolta da mobilidade. Como sempre, a coopera\u00e7\u00e3o \u00e9 muitas vezes melhor do que a concorr\u00eancia. O voluntariado - o pilar da nossa sociedade - baseia-se largamente na coopera\u00e7\u00e3o. Com a ajuda do sistema de remunera\u00e7\u00e3o de volunt\u00e1rios \"Gradido\", o trabalho volunt\u00e1rio \u00e9 remunerado com 20 Gradido por hora.<\/p><p>Para os Gradidos, h\u00e1 uma variedade de benef\u00edcios e descontos que podem ser resgatados no com\u00e9rcio local. Al\u00e9m disso, h\u00e1 um interc\u00e2mbio animado entre os cidad\u00e3os. Isto reduz os custos para todos os envolvidos e os grandes projectos tornam-se vi\u00e1veis. Uma situa\u00e7\u00e3o em que todos ganham!<\/p><p><strong>N\u00e3o hesite em transmitir esta s\u00e9rie ao seu conselho municipal, associa\u00e7\u00f5es e comerciantes!<\/strong><\/p><p>Se n\u00e3o fizermos nada agora, o <strong>Espiral descendente<\/strong> longe. Estamos a ficar cada vez mais dependentes de empresas estrangeiras e a nossa economia nacional est\u00e1 a falir.<\/p><p>Com o Gradido e a Grande Coopera\u00e7\u00e3o geramos <strong>Espirais ascendentes<\/strong> para moldar positivamente o futuro de uma forma sustent\u00e1vel. Juntos, estamos a transformar as nossas cidades e vilas em o\u00e1sis vibrantes e pr\u00f3speros - os nossos lugares favoritos!<\/p><p>Cordiais cumprimentos<\/p><\/div><p>O seu<\/p><p><img decoding=\"async\" class=\"alignnone wp-image-4614 size-medium\" src=\"https:\/\/gradido.net\/wp-content\/uploads\/2022\/06\/MargretBernd_2022-300x74.png\" alt=\"\" width=\"300\" height=\"74\" srcset=\"https:\/\/gradido.net\/wp-content\/uploads\/2022\/06\/MargretBernd_2022-300x74.png 300w, https:\/\/gradido.net\/wp-content\/uploads\/2022\/06\/MargretBernd_2022-18x4.png 18w, https:\/\/gradido.net\/wp-content\/uploads\/2022\/06\/MargretBernd_2022.png 431w\" sizes=\"(max-width: 300px) 100vw, 300px\" \/><\/p><p>Margret Baier e Bernd H\u00fcckst\u00e4dt<br \/>Fundador e criador da Gradido<\/p>\t\t\t\t\t\t\t\t<\/div>\n\t\t\t\t<\/div>\n\t\t\t\t\t<\/div>\n\t\t<\/div>\n\t\t\t\t\t<\/div>\n\t\t<\/section>\n\t\t\t\t<section class=\"elementor-section elementor-top-section elementor-element elementor-element-41e30ef elementor-section-boxed elementor-section-height-default elementor-section-height-default\" data-id=\"41e30ef\" data-element_type=\"section\" data-e-type=\"section\">\n\t\t\t\t\t\t<div class=\"elementor-container elementor-column-gap-default\">\n\t\t\t\t\t<div class=\"elementor-column elementor-col-100 elementor-top-column elementor-element elementor-element-35217b3\" data-id=\"35217b3\" data-element_type=\"column\" data-e-type=\"column\">\n\t\t\t<div class=\"elementor-widget-wrap elementor-element-populated\">\n\t\t\t\t\t\t<div class=\"elementor-element elementor-element-14656db elementor-position-inline-start white-links elementor-widget__width-initial elementor-view-default elementor-mobile-position-block-start elementor-widget elementor-widget-icon-box\" data-id=\"14656db\" data-element_type=\"widget\" data-e-type=\"widget\" data-no-translation=\"\" data-widget_type=\"icon-box.default\">\n\t\t\t\t<div class=\"elementor-widget-container\">\n\t\t\t\t\t<style>.elementor-element-14656db{display:none !important}<\/style>\t\t\t\t<\/div>\n\t\t\t\t<\/div>\n\t\t\t\t\t<\/div>\n\t\t<\/div>\n\t\t\t\t\t<\/div>\n\t\t<\/section>\n\t\t\t\t<section class=\"elementor-section elementor-top-section elementor-element elementor-element-14532fe elementor-section-boxed elementor-section-height-default elementor-section-height-default\" data-id=\"14532fe\" data-element_type=\"section\" data-e-type=\"section\">\n\t\t\t\t\t\t<div class=\"elementor-container elementor-column-gap-default\">\n\t\t\t\t\t<div class=\"elementor-column elementor-col-100 elementor-top-column elementor-element elementor-element-65d2298\" data-id=\"65d2298\" data-element_type=\"column\" data-e-type=\"column\">\n\t\t\t<div class=\"elementor-widget-wrap elementor-element-populated\">\n\t\t\t\t\t\t<div class=\"elementor-element elementor-element-d316072 elementor-widget elementor-widget-global elementor-global-9341 elementor-widget-text-editor\" data-id=\"d316072\" data-element_type=\"widget\" data-e-type=\"widget\" data-widget_type=\"text-editor.default\">\n\t\t\t\t<div class=\"elementor-widget-container\">\n\t\t\t\t\t\t\t\t\t<p><strong>PS:\u00a0<span style=\"color: #ff6600;\"><a style=\"color: #ff6600;\" href=\"https:\/\/gradido.net\/pt\/donations\/\">Devido \u00e0 import\u00e2ncia cada vez maior do Gradido, repetimos a nossa campanha de agradecimento a 26 de junho de 2026:<\/a>\u00a0<\/span><span style=\"color: #0000ff;\"><a style=\"color: #0000ff;\" href=\"https:\/\/gradido.net\/pt\/donations\/\">Para al\u00e9m do GradidoTransform m\u00faltiplo pela sua contribui\u00e7\u00e3o de patroc\u00ednio, aumentaremos todos os saldos das contas GDT em 26% no dia 26\/06\/2016. Patrocine agora e aproveite o montante m\u00faltiplo de GDT!<\/a><\/span><\/strong><\/p>\t\t\t\t\t\t\t\t<\/div>\n\t\t\t\t<\/div>\n\t\t\t\t\t<\/div>\n\t\t<\/div>\n\t\t\t\t\t<\/div>\n\t\t<\/section>\n\t\t\t\t<\/div>","protected":false},"excerpt":{"rendered":"<p>Os volunt\u00e1rios conduzem pessoas pela cidade e pelas aldeias vizinhas. Levam os idosos ao m\u00e9dico, v\u00e3o buscar as crian\u00e7as \u00e0 escola e levam os trabalhadores em seguran\u00e7a para o trabalho. Organizam servi\u00e7os de compras e muito mais.<\/p>","protected":false},"author":2,"featured_media":7694,"comment_status":"closed","ping_status":"closed","sticky":false,"template":"","format":"standard","meta":{"footnotes":""},"categories":[11,53],"tags":[],"class_list":["post-7693","post","type-post","status-publish","format-standard","has-post-thumbnail","hentry","category-blog","category-lieblingsstadt"],"yoast_head":"<!-- This site is optimized with the Yoast SEO plugin v27.5 - https:\/\/yoast.com\/product\/yoast-seo-wordpress\/ -->\n<title>Lieblingsstadt 13 \u2013 Mit Freu(n)den unterwegs: Der Ehrenamtliche Fahrdienst \u201aLieblingsst\u00e4dter Kutscher\u2018 - Gradido<\/title>\n<meta name=\"description\" content=\"Freiwillige Helfer fahren Menschen durch die Stadt und die umliegenden D\u00f6rfer. Sie fahren \u00e4ltere Menschen zum Arzt, holen Kinder von der Schule ab und bringen Berufst\u00e4tige sicher zur Arbeit. Sie organisieren Einkaufsdienste und vieles mehr.\" \/>\n<meta name=\"robots\" content=\"index, follow, max-snippet:-1, max-image-preview:large, max-video-preview:-1\" \/>\n<link rel=\"canonical\" href=\"https:\/\/gradido.net\/pt\/lieblingsstadt-13-mit-freunden-unterwegs-der-ehrenamtliche-fahrdienst-lieblingsstaedter-kutscher\/\" \/>\n<meta property=\"og:locale\" content=\"pt_PT\" \/>\n<meta property=\"og:type\" content=\"article\" \/>\n<meta property=\"og:title\" content=\"Lieblingsstadt 13 \u2013 Mit Freu(n)den unterwegs: Der Ehrenamtliche Fahrdienst \u201aLieblingsst\u00e4dter Kutscher\u2018 - Gradido\" \/>\n<meta property=\"og:description\" content=\"Freiwillige Helfer fahren Menschen durch die Stadt und die umliegenden D\u00f6rfer. Sie fahren \u00e4ltere Menschen zum Arzt, holen Kinder von der Schule ab und bringen Berufst\u00e4tige sicher zur Arbeit. Sie organisieren Einkaufsdienste und vieles mehr.\" \/>\n<meta property=\"og:url\" content=\"https:\/\/gradido.net\/pt\/lieblingsstadt-13-mit-freunden-unterwegs-der-ehrenamtliche-fahrdienst-lieblingsstaedter-kutscher\/\" \/>\n<meta property=\"og:site_name\" content=\"Gradido\" \/>\n<meta property=\"article:published_time\" content=\"2023-09-25T04:55:22+00:00\" \/>\n<meta property=\"article:modified_time\" content=\"2026-04-23T05:06:15+00:00\" \/>\n<meta property=\"og:image\" content=\"https:\/\/gradido.net\/wp-content\/uploads\/2023\/09\/Kutscherin_1800.jpg\" \/>\n\t<meta property=\"og:image:width\" content=\"1800\" \/>\n\t<meta property=\"og:image:height\" content=\"1200\" \/>\n\t<meta property=\"og:image:type\" content=\"image\/jpeg\" \/>\n<meta name=\"author\" content=\"Bernd H\u00fcckst\u00e4dt\" \/>\n<meta name=\"twitter:card\" content=\"summary_large_image\" \/>\n<meta name=\"twitter:label1\" content=\"Escrito por\" \/>\n\t<meta name=\"twitter:data1\" content=\"Bernd H\u00fcckst\u00e4dt\" \/>\n\t<meta name=\"twitter:label2\" content=\"Tempo estimado de leitura\" \/>\n\t<meta name=\"twitter:data2\" content=\"5 minutos\" \/>\n<script type=\"application\/ld+json\" class=\"yoast-schema-graph\">{\"@context\":\"https:\\\/\\\/schema.org\",\"@graph\":[{\"@type\":\"Article\",\"@id\":\"https:\\\/\\\/gradido.net\\\/lieblingsstadt-13-mit-freunden-unterwegs-der-ehrenamtliche-fahrdienst-lieblingsstaedter-kutscher\\\/#article\",\"isPartOf\":{\"@id\":\"https:\\\/\\\/gradido.net\\\/lieblingsstadt-13-mit-freunden-unterwegs-der-ehrenamtliche-fahrdienst-lieblingsstaedter-kutscher\\\/\"},\"author\":{\"name\":\"Bernd H\u00fcckst\u00e4dt\",\"@id\":\"https:\\\/\\\/gradido.net\\\/de\\\/#\\\/schema\\\/person\\\/9c503a004ad15a1ddecadce2218db5d1\"},\"headline\":\"Lieblingsstadt 13 \u2013 Mit Freu(n)den unterwegs: Der Ehrenamtliche Fahrdienst \u201aLieblingsst\u00e4dter Kutscher\u2018\",\"datePublished\":\"2023-09-25T04:55:22+00:00\",\"dateModified\":\"2026-04-23T05:06:15+00:00\",\"mainEntityOfPage\":{\"@id\":\"https:\\\/\\\/gradido.net\\\/lieblingsstadt-13-mit-freunden-unterwegs-der-ehrenamtliche-fahrdienst-lieblingsstaedter-kutscher\\\/\"},\"wordCount\":752,\"publisher\":{\"@id\":\"https:\\\/\\\/gradido.net\\\/de\\\/#organization\"},\"image\":{\"@id\":\"https:\\\/\\\/gradido.net\\\/lieblingsstadt-13-mit-freunden-unterwegs-der-ehrenamtliche-fahrdienst-lieblingsstaedter-kutscher\\\/#primaryimage\"},\"thumbnailUrl\":\"https:\\\/\\\/gradido.net\\\/wp-content\\\/uploads\\\/2023\\\/09\\\/Kutscherin_1800.jpg\",\"articleSection\":[\"Blog\",\"Lieblingsstadt\"],\"inLanguage\":\"pt-PT\"},{\"@type\":\"WebPage\",\"@id\":\"https:\\\/\\\/gradido.net\\\/lieblingsstadt-13-mit-freunden-unterwegs-der-ehrenamtliche-fahrdienst-lieblingsstaedter-kutscher\\\/\",\"url\":\"https:\\\/\\\/gradido.net\\\/lieblingsstadt-13-mit-freunden-unterwegs-der-ehrenamtliche-fahrdienst-lieblingsstaedter-kutscher\\\/\",\"name\":\"Lieblingsstadt 13 \u2013 Mit Freu(n)den unterwegs: Der Ehrenamtliche Fahrdienst \u201aLieblingsst\u00e4dter Kutscher\u2018 - Gradido\",\"isPartOf\":{\"@id\":\"https:\\\/\\\/gradido.net\\\/de\\\/#website\"},\"primaryImageOfPage\":{\"@id\":\"https:\\\/\\\/gradido.net\\\/lieblingsstadt-13-mit-freunden-unterwegs-der-ehrenamtliche-fahrdienst-lieblingsstaedter-kutscher\\\/#primaryimage\"},\"image\":{\"@id\":\"https:\\\/\\\/gradido.net\\\/lieblingsstadt-13-mit-freunden-unterwegs-der-ehrenamtliche-fahrdienst-lieblingsstaedter-kutscher\\\/#primaryimage\"},\"thumbnailUrl\":\"https:\\\/\\\/gradido.net\\\/wp-content\\\/uploads\\\/2023\\\/09\\\/Kutscherin_1800.jpg\",\"datePublished\":\"2023-09-25T04:55:22+00:00\",\"dateModified\":\"2026-04-23T05:06:15+00:00\",\"description\":\"Freiwillige Helfer fahren Menschen durch die Stadt und die umliegenden D\u00f6rfer. Sie fahren \u00e4ltere Menschen zum Arzt, holen Kinder von der Schule ab und bringen Berufst\u00e4tige sicher zur Arbeit. Sie organisieren Einkaufsdienste und vieles mehr.\",\"breadcrumb\":{\"@id\":\"https:\\\/\\\/gradido.net\\\/lieblingsstadt-13-mit-freunden-unterwegs-der-ehrenamtliche-fahrdienst-lieblingsstaedter-kutscher\\\/#breadcrumb\"},\"inLanguage\":\"pt-PT\",\"potentialAction\":[{\"@type\":\"ReadAction\",\"target\":[\"https:\\\/\\\/gradido.net\\\/lieblingsstadt-13-mit-freunden-unterwegs-der-ehrenamtliche-fahrdienst-lieblingsstaedter-kutscher\\\/\"]}]},{\"@type\":\"ImageObject\",\"inLanguage\":\"pt-PT\",\"@id\":\"https:\\\/\\\/gradido.net\\\/lieblingsstadt-13-mit-freunden-unterwegs-der-ehrenamtliche-fahrdienst-lieblingsstaedter-kutscher\\\/#primaryimage\",\"url\":\"https:\\\/\\\/gradido.net\\\/wp-content\\\/uploads\\\/2023\\\/09\\\/Kutscherin_1800.jpg\",\"contentUrl\":\"https:\\\/\\\/gradido.net\\\/wp-content\\\/uploads\\\/2023\\\/09\\\/Kutscherin_1800.jpg\",\"width\":1800,\"height\":1200},{\"@type\":\"BreadcrumbList\",\"@id\":\"https:\\\/\\\/gradido.net\\\/lieblingsstadt-13-mit-freunden-unterwegs-der-ehrenamtliche-fahrdienst-lieblingsstaedter-kutscher\\\/#breadcrumb\",\"itemListElement\":[{\"@type\":\"ListItem\",\"position\":1,\"name\":\"Startseite\",\"item\":\"https:\\\/\\\/gradido.net\\\/\"},{\"@type\":\"ListItem\",\"position\":2,\"name\":\"Lieblingsstadt 13 \u2013 Mit Freu(n)den unterwegs: Der Ehrenamtliche Fahrdienst \u201aLieblingsst\u00e4dter Kutscher\u2018\"}]},{\"@type\":\"WebSite\",\"@id\":\"https:\\\/\\\/gradido.net\\\/de\\\/#website\",\"url\":\"https:\\\/\\\/gradido.net\\\/de\\\/\",\"name\":\"Gradido\",\"description\":\"Die neue W\u00e4hrung hei\u00dft Dankbarkeit\",\"publisher\":{\"@id\":\"https:\\\/\\\/gradido.net\\\/de\\\/#organization\"},\"potentialAction\":[{\"@type\":\"SearchAction\",\"target\":{\"@type\":\"EntryPoint\",\"urlTemplate\":\"https:\\\/\\\/gradido.net\\\/de\\\/?s={search_term_string}\"},\"query-input\":{\"@type\":\"PropertyValueSpecification\",\"valueRequired\":true,\"valueName\":\"search_term_string\"}}],\"inLanguage\":\"pt-PT\"},{\"@type\":\"Organization\",\"@id\":\"https:\\\/\\\/gradido.net\\\/de\\\/#organization\",\"name\":\"Gradido\",\"url\":\"https:\\\/\\\/gradido.net\\\/de\\\/\",\"logo\":{\"@type\":\"ImageObject\",\"inLanguage\":\"pt-PT\",\"@id\":\"https:\\\/\\\/gradido.net\\\/de\\\/#\\\/schema\\\/logo\\\/image\\\/\",\"url\":\"https:\\\/\\\/gradido.net\\\/wp-content\\\/uploads\\\/2022\\\/04\\\/gradido-social.jpg\",\"contentUrl\":\"https:\\\/\\\/gradido.net\\\/wp-content\\\/uploads\\\/2022\\\/04\\\/gradido-social.jpg\",\"width\":527,\"height\":273,\"caption\":\"Gradido\"},\"image\":{\"@id\":\"https:\\\/\\\/gradido.net\\\/de\\\/#\\\/schema\\\/logo\\\/image\\\/\"}},{\"@type\":\"Person\",\"@id\":\"https:\\\/\\\/gradido.net\\\/de\\\/#\\\/schema\\\/person\\\/9c503a004ad15a1ddecadce2218db5d1\",\"name\":\"Bernd H\u00fcckst\u00e4dt\",\"sameAs\":[\"https:\\\/\\\/gradido.net\"],\"url\":\"https:\\\/\\\/gradido.net\\\/pt\\\/author\\\/bernd\\\/\"}]}<\/script>\n<!-- \/ Yoast SEO plugin. -->","yoast_head_json":{"title":"Cidade favorita 13 - Na estrada com os amigos: o servi\u00e7o volunt\u00e1rio de condu\u00e7\u00e3o \"Lieblingsst\u00e4dter Kutscher\" - Gradido","description":"Os volunt\u00e1rios conduzem pessoas pela cidade e pelas aldeias vizinhas. Levam os idosos ao m\u00e9dico, v\u00e3o buscar as crian\u00e7as \u00e0 escola e levam os trabalhadores em seguran\u00e7a para o trabalho. Organizam servi\u00e7os de compras e muito mais.","robots":{"index":"index","follow":"follow","max-snippet":"max-snippet:-1","max-image-preview":"max-image-preview:large","max-video-preview":"max-video-preview:-1"},"canonical":"https:\/\/gradido.net\/pt\/lieblingsstadt-13-mit-freunden-unterwegs-der-ehrenamtliche-fahrdienst-lieblingsstaedter-kutscher\/","og_locale":"pt_PT","og_type":"article","og_title":"Lieblingsstadt 13 \u2013 Mit Freu(n)den unterwegs: Der Ehrenamtliche Fahrdienst \u201aLieblingsst\u00e4dter Kutscher\u2018 - Gradido","og_description":"Freiwillige Helfer fahren Menschen durch die Stadt und die umliegenden D\u00f6rfer. Sie fahren \u00e4ltere Menschen zum Arzt, holen Kinder von der Schule ab und bringen Berufst\u00e4tige sicher zur Arbeit. Sie organisieren Einkaufsdienste und vieles mehr.","og_url":"https:\/\/gradido.net\/pt\/lieblingsstadt-13-mit-freunden-unterwegs-der-ehrenamtliche-fahrdienst-lieblingsstaedter-kutscher\/","og_site_name":"Gradido","article_published_time":"2023-09-25T04:55:22+00:00","article_modified_time":"2026-04-23T05:06:15+00:00","og_image":[{"width":1800,"height":1200,"url":"https:\/\/gradido.net\/wp-content\/uploads\/2023\/09\/Kutscherin_1800.jpg","type":"image\/jpeg"}],"author":"Bernd H\u00fcckst\u00e4dt","twitter_card":"summary_large_image","twitter_misc":{"Escrito por":"Bernd H\u00fcckst\u00e4dt","Tempo estimado de leitura":"5 minutos"},"schema":{"@context":"https:\/\/schema.org","@graph":[{"@type":"Article","@id":"https:\/\/gradido.net\/lieblingsstadt-13-mit-freunden-unterwegs-der-ehrenamtliche-fahrdienst-lieblingsstaedter-kutscher\/#article","isPartOf":{"@id":"https:\/\/gradido.net\/lieblingsstadt-13-mit-freunden-unterwegs-der-ehrenamtliche-fahrdienst-lieblingsstaedter-kutscher\/"},"author":{"name":"Bernd H\u00fcckst\u00e4dt","@id":"https:\/\/gradido.net\/de\/#\/schema\/person\/9c503a004ad15a1ddecadce2218db5d1"},"headline":"Lieblingsstadt 13 \u2013 Mit Freu(n)den unterwegs: Der Ehrenamtliche Fahrdienst \u201aLieblingsst\u00e4dter Kutscher\u2018","datePublished":"2023-09-25T04:55:22+00:00","dateModified":"2026-04-23T05:06:15+00:00","mainEntityOfPage":{"@id":"https:\/\/gradido.net\/lieblingsstadt-13-mit-freunden-unterwegs-der-ehrenamtliche-fahrdienst-lieblingsstaedter-kutscher\/"},"wordCount":752,"publisher":{"@id":"https:\/\/gradido.net\/de\/#organization"},"image":{"@id":"https:\/\/gradido.net\/lieblingsstadt-13-mit-freunden-unterwegs-der-ehrenamtliche-fahrdienst-lieblingsstaedter-kutscher\/#primaryimage"},"thumbnailUrl":"https:\/\/gradido.net\/wp-content\/uploads\/2023\/09\/Kutscherin_1800.jpg","articleSection":["Blog","Lieblingsstadt"],"inLanguage":"pt-PT"},{"@type":"WebPage","@id":"https:\/\/gradido.net\/lieblingsstadt-13-mit-freunden-unterwegs-der-ehrenamtliche-fahrdienst-lieblingsstaedter-kutscher\/","url":"https:\/\/gradido.net\/lieblingsstadt-13-mit-freunden-unterwegs-der-ehrenamtliche-fahrdienst-lieblingsstaedter-kutscher\/","name":"Cidade favorita 13 - Na estrada com os amigos: o servi\u00e7o volunt\u00e1rio de condu\u00e7\u00e3o \"Lieblingsst\u00e4dter Kutscher\" - Gradido","isPartOf":{"@id":"https:\/\/gradido.net\/de\/#website"},"primaryImageOfPage":{"@id":"https:\/\/gradido.net\/lieblingsstadt-13-mit-freunden-unterwegs-der-ehrenamtliche-fahrdienst-lieblingsstaedter-kutscher\/#primaryimage"},"image":{"@id":"https:\/\/gradido.net\/lieblingsstadt-13-mit-freunden-unterwegs-der-ehrenamtliche-fahrdienst-lieblingsstaedter-kutscher\/#primaryimage"},"thumbnailUrl":"https:\/\/gradido.net\/wp-content\/uploads\/2023\/09\/Kutscherin_1800.jpg","datePublished":"2023-09-25T04:55:22+00:00","dateModified":"2026-04-23T05:06:15+00:00","description":"Os volunt\u00e1rios conduzem pessoas pela cidade e pelas aldeias vizinhas. Levam os idosos ao m\u00e9dico, v\u00e3o buscar as crian\u00e7as \u00e0 escola e levam os trabalhadores em seguran\u00e7a para o trabalho. Organizam servi\u00e7os de compras e muito mais.","breadcrumb":{"@id":"https:\/\/gradido.net\/lieblingsstadt-13-mit-freunden-unterwegs-der-ehrenamtliche-fahrdienst-lieblingsstaedter-kutscher\/#breadcrumb"},"inLanguage":"pt-PT","potentialAction":[{"@type":"ReadAction","target":["https:\/\/gradido.net\/lieblingsstadt-13-mit-freunden-unterwegs-der-ehrenamtliche-fahrdienst-lieblingsstaedter-kutscher\/"]}]},{"@type":"ImageObject","inLanguage":"pt-PT","@id":"https:\/\/gradido.net\/lieblingsstadt-13-mit-freunden-unterwegs-der-ehrenamtliche-fahrdienst-lieblingsstaedter-kutscher\/#primaryimage","url":"https:\/\/gradido.net\/wp-content\/uploads\/2023\/09\/Kutscherin_1800.jpg","contentUrl":"https:\/\/gradido.net\/wp-content\/uploads\/2023\/09\/Kutscherin_1800.jpg","width":1800,"height":1200},{"@type":"BreadcrumbList","@id":"https:\/\/gradido.net\/lieblingsstadt-13-mit-freunden-unterwegs-der-ehrenamtliche-fahrdienst-lieblingsstaedter-kutscher\/#breadcrumb","itemListElement":[{"@type":"ListItem","position":1,"name":"Startseite","item":"https:\/\/gradido.net\/"},{"@type":"ListItem","position":2,"name":"Lieblingsstadt 13 \u2013 Mit Freu(n)den unterwegs: Der Ehrenamtliche Fahrdienst \u201aLieblingsst\u00e4dter Kutscher\u2018"}]},{"@type":"WebSite","@id":"https:\/\/gradido.net\/de\/#website","url":"https:\/\/gradido.net\/de\/","name":"Gradido","description":"A nova moeda \u00e9 a gratid\u00e3o","publisher":{"@id":"https:\/\/gradido.net\/de\/#organization"},"potentialAction":[{"@type":"SearchAction","target":{"@type":"EntryPoint","urlTemplate":"https:\/\/gradido.net\/de\/?s={search_term_string}"},"query-input":{"@type":"PropertyValueSpecification","valueRequired":true,"valueName":"search_term_string"}}],"inLanguage":"pt-PT"},{"@type":"Organization","@id":"https:\/\/gradido.net\/de\/#organization","name":"Gradido","url":"https:\/\/gradido.net\/de\/","logo":{"@type":"ImageObject","inLanguage":"pt-PT","@id":"https:\/\/gradido.net\/de\/#\/schema\/logo\/image\/","url":"https:\/\/gradido.net\/wp-content\/uploads\/2022\/04\/gradido-social.jpg","contentUrl":"https:\/\/gradido.net\/wp-content\/uploads\/2022\/04\/gradido-social.jpg","width":527,"height":273,"caption":"Gradido"},"image":{"@id":"https:\/\/gradido.net\/de\/#\/schema\/logo\/image\/"}},{"@type":"Person","@id":"https:\/\/gradido.net\/de\/#\/schema\/person\/9c503a004ad15a1ddecadce2218db5d1","name":"Bernd H\u00fcckst\u00e4dt","sameAs":["https:\/\/gradido.net"],"url":"https:\/\/gradido.net\/pt\/author\/bernd\/"}]}},"_links":{"self":[{"href":"https:\/\/gradido.net\/pt\/wp-json\/wp\/v2\/posts\/7693","targetHints":{"allow":["GET"]}}],"collection":[{"href":"https:\/\/gradido.net\/pt\/wp-json\/wp\/v2\/posts"}],"about":[{"href":"https:\/\/gradido.net\/pt\/wp-json\/wp\/v2\/types\/post"}],"author":[{"embeddable":true,"href":"https:\/\/gradido.net\/pt\/wp-json\/wp\/v2\/users\/2"}],"replies":[{"embeddable":true,"href":"https:\/\/gradido.net\/pt\/wp-json\/wp\/v2\/comments?post=7693"}],"version-history":[{"count":43,"href":"https:\/\/gradido.net\/pt\/wp-json\/wp\/v2\/posts\/7693\/revisions"}],"predecessor-version":[{"id":13537,"href":"https:\/\/gradido.net\/pt\/wp-json\/wp\/v2\/posts\/7693\/revisions\/13537"}],"wp:featuredmedia":[{"embeddable":true,"href":"https:\/\/gradido.net\/pt\/wp-json\/wp\/v2\/media\/7694"}],"wp:attachment":[{"href":"https:\/\/gradido.net\/pt\/wp-json\/wp\/v2\/media?parent=7693"}],"wp:term":[{"taxonomy":"category","embeddable":true,"href":"https:\/\/gradido.net\/pt\/wp-json\/wp\/v2\/categories?post=7693"},{"taxonomy":"post_tag","embeddable":true,"href":"https:\/\/gradido.net\/pt\/wp-json\/wp\/v2\/tags?post=7693"}],"curies":[{"name":"wp","href":"https:\/\/api.w.org\/{rel}","templated":true}]}}