{"id":8362,"date":"2023-12-14T16:43:40","date_gmt":"2023-12-14T15:43:40","guid":{"rendered":"https:\/\/gradido.net\/?p=8362"},"modified":"2026-04-24T08:04:06","modified_gmt":"2026-04-24T06:04:06","slug":"gradido-kreise-gemeinsam-mit-freunden-die-zukunft-gestalten","status":"publish","type":"post","link":"https:\/\/gradido.net\/pt\/gradido-kreise-gemeinsam-mit-freunden-die-zukunft-gestalten\/","title":{"rendered":"C\u00edrculos Gradido - Moldar o futuro em conjunto com os amigos"},"content":{"rendered":"<div data-elementor-type=\"wp-post\" data-elementor-id=\"8362\" class=\"elementor elementor-8362\" data-elementor-post-type=\"post\">\n\t\t\t\t\t\t<section class=\"elementor-section elementor-top-section elementor-element elementor-element-496e1d53 elementor-section-boxed elementor-section-height-default elementor-section-height-default\" data-id=\"496e1d53\" data-element_type=\"section\" data-e-type=\"section\">\n\t\t\t\t\t\t<div class=\"elementor-container elementor-column-gap-default\">\n\t\t\t\t\t<div class=\"elementor-column elementor-col-100 elementor-top-column elementor-element elementor-element-461d7be0\" data-id=\"461d7be0\" data-element_type=\"column\" data-e-type=\"column\">\n\t\t\t<div class=\"elementor-widget-wrap elementor-element-populated\">\n\t\t\t\t\t\t<div class=\"elementor-element elementor-element-cd9ebe2 elementor-widget elementor-widget-text-editor\" data-id=\"cd9ebe2\" data-element_type=\"widget\" data-e-type=\"widget\" data-widget_type=\"text-editor.default\">\n\t\t\t\t<div class=\"elementor-widget-container\">\n\t\t\t\t\t\t\t\t\t<p style=\"text-align: right;\"><em>\"O que uma pessoa n\u00e3o consegue fazer sozinha, muitos conseguem.\"<\/em><br \/><em>- Friedrich Wilhelm Raiffeisen<\/em><\/p><p>Caro leitor,<\/p><p>Como seres sociais, estamos dependentes da companhia de outras pessoas. Queremos amigos que nos compreendam e em quem possamos confiar. Pertencer \u00e9 uma necessidade humana b\u00e1sica. S\u00f3 juntos podemos criar um bom futuro para todos.<\/p><p>Mas as comunidades tamb\u00e9m t\u00eam o seu lado negro. A ades\u00e3o involunt\u00e1ria a comunidades como creches, escolas, locais de trabalho, comunidades de aldeia, etc. pode transformar-se num inferno se o comprimento de onda n\u00e3o corresponder. As pessoas sens\u00edveis e caladas tornam-se rapidamente estranhas. Sentem-se intimidadas e assediadas. Por vezes pensamos \"n\u00e3o me sinto bem aqui\" ou - pior ainda - \"h\u00e1 algo de errado comigo\"? No entanto, todos n\u00f3s temos o direito de pertencer e de nos sentirmos seguros num c\u00edrculo de pessoas bem intencionadas que s\u00e3o adequadas para n\u00f3s.<\/p><h2>Desenvolver o potencial em conjunto<\/h2><p>\u00c9 muito importante para n\u00f3s, fundadores da Gradido, que se sinta confort\u00e1vel connosco. Esperamos que conhe\u00e7a pessoas maravilhosas no Gradido e que, por isso, possa convidar amigos, conhecidos e familiares com um bom sentimento. Em suma: que se rodeie de um c\u00edrculo de bons amigos no qual se sinta seguro e protegido. Desta forma, apoiam-se mutuamente na realiza\u00e7\u00e3o do vosso maior potencial.<\/p><p>N\u00e3o importa se se conheceram pela primeira vez atrav\u00e9s do Gradido ou se j\u00e1 se conhecem h\u00e1 muito tempo. Talvez partilhem um interesse comum (associa\u00e7\u00e3o, projeto, iniciativa, grupo de autoajuda, etc.) ou simplesmente gostem uns dos outros e, por isso, gostam de estar juntos.\u00a0<\/p><p>As comunidades desenvolvem for\u00e7a, s\u00e3o c\u00e9lulas imago para a transforma\u00e7\u00e3o. Juntos podemos alcan\u00e7ar o que uma pessoa sozinha n\u00e3o consegue.\u00a0<\/p><h2>Juntos pela prosperidade, paz e liberdade<\/h2><p>Enquanto a economia e o velho sistema financeiro se desmoronam l\u00e1 fora, cada vez mais empresas v\u00e3o \u00e0 fal\u00eancia, massas de trabalhadores s\u00e3o despedidas, a pobreza entre os idosos e as crian\u00e7as aumenta, os governos federal, estatal e local enfrentam problemas financeiros cada vez maiores e podem tornar-se insolventes, estamos a criar em conjunto o sistema de remunera\u00e7\u00e3o da nova era atrav\u00e9s da nossa contribui\u00e7\u00e3o para o bem comum. Ap\u00f3s um per\u00edodo de teste e dissemina\u00e7\u00e3o, este sistema evoluir\u00e1 para o novo sistema monet\u00e1rio que tem o potencial de criar prosperidade para todas as pessoas, em paz, liberdade e harmonia com a natureza.<\/p><h2>Mesmo sem o seu pr\u00f3prio servidor Gradido<\/h2><p>N\u00e3o importa se j\u00e1 pertencem a um grupo ou se se encontraram atrav\u00e9s do Gradido - se quiserem utilizar o Gradido em conjunto, n\u00e3o precisam do vosso pr\u00f3prio servidor Gradido.<\/p><p>Escolhe 2 a 3 moderadores da sua categoria em quem confia. Depois, entra em contacto com o apoio Gradido para uma reuni\u00e3o de apresenta\u00e7\u00e3o. Se tudo se encaixar, ser\u00e1s registado como um c\u00edrculo Gradido e, a partir da\u00ed, poder\u00e1s criar Gradidos sob a tua pr\u00f3pria responsabilidade. Os vossos moderadores confirmar\u00e3o as contribui\u00e7\u00f5es de bem comum que introduziram e, portanto, as cria\u00e7\u00f5es. Como se conhecem bem, podem discutir e resolver rapidamente quaisquer ambiguidades em conjunto.\u00a0<\/p><h2>3 passos para o seu pr\u00f3prio c\u00edrculo Gradido<\/h2><p>Apenas 5 a 10 pessoas podem formar um c\u00edrculo.\u00a0<\/p><p>\u00c9 muito simples:<\/p><ol><li>D\u00e1-se um nome a si pr\u00f3prio, por exemplo, \"O nosso c\u00edrculo maravilhoso\" e escolhe-se um hashtag, por exemplo, #uwukreis. Coloca esta hashtag \u00e0 frente do texto de cada uma das suas contribui\u00e7\u00f5es para o bem comum.<\/li><li>Escolha os seus moderadores e contacte a equipa de apoio da sua comunidade Gradido.<\/li><li>Ap\u00f3s uma reuni\u00e3o introdut\u00f3ria bem sucedida, o Suporte activar\u00e1 os seus moderadores e dar-lhes-\u00e1 uma breve introdu\u00e7\u00e3o \u00e0 \u00e1rea de administra\u00e7\u00e3o, onde podem editar as suas mensagens.\u00a0<\/li><\/ol><h2>\u00c9s fant\u00e1stica - tal como \u00e9s!<\/h2><p>Voc\u00eas s\u00e3o bons como s\u00e3o - como indiv\u00edduos e tamb\u00e9m como um grupo ou associa\u00e7\u00e3o. N\u00e3o precisam de mudar a vossa identidade enquanto grupo se quiserem usar o Gradido em conjunto ou sozinhos.\u00a0<\/p><h2>Fale com os seus amigos<\/h2><p>N\u00e3o hesite em falar com as pessoas que conhece sobre a utiliza\u00e7\u00e3o do Gradido para se apoiarem mutuamente no movimento em constante crescimento e ajudarem a construir um bom futuro para todos.\u00a0<\/p><p>A dada altura, toda a gente precisa do apoio de bons amigos. Porque - quer queiramos quer n\u00e3o - a \"grande convuls\u00e3o\" j\u00e1 est\u00e1 em pleno andamento. Os tempos que se avizinham est\u00e3o a tornar-se mais incertos e v\u00e3o trazer grandes mudan\u00e7as. E \u00e9 \u00f3timo se se tiverem organizado atempadamente.<\/p><p>No final, tudo ficar\u00e1 bem. Juntos, criamos comunidades maravilhosas, o\u00e1sis humanos rodeados por uma natureza saud\u00e1vel, onde jovens e idosos gostam de viver juntos - em paz, liberdade e em harmonia com a natureza.<\/p><p>Somos muitos e estamos a tornar-nos cada vez mais.<\/p><p>Mil agradecimentos porque est\u00e1 connosco!<\/p>\t\t\t\t\t\t\t\t<\/div>\n\t\t\t\t<\/div>\n\t\t\t\t<div class=\"elementor-element elementor-element-d74dfa0 elementor-widget elementor-widget-text-editor\" data-id=\"d74dfa0\" data-element_type=\"widget\" data-e-type=\"widget\" data-widget_type=\"text-editor.default\">\n\t\t\t\t<div class=\"elementor-widget-container\">\n\t\t\t\t\t\t\t\t\t<div data-pm-slice=\"1 1 []\" data-en-clipboard=\"true\"><p>Cordiais cumprimentos<\/p><\/div><p>O seu<\/p><p><img decoding=\"async\" class=\"alignnone wp-image-4614 size-medium\" src=\"https:\/\/gradido.net\/wp-content\/uploads\/2022\/06\/MargretBernd_2022-300x74.png\" alt=\"\" width=\"300\" height=\"74\" srcset=\"https:\/\/gradido.net\/wp-content\/uploads\/2022\/06\/MargretBernd_2022-300x74.png 300w, https:\/\/gradido.net\/wp-content\/uploads\/2022\/06\/MargretBernd_2022-18x4.png 18w, https:\/\/gradido.net\/wp-content\/uploads\/2022\/06\/MargretBernd_2022.png 431w\" sizes=\"(max-width: 300px) 100vw, 300px\" \/><\/p><p>Margret Baier e Bernd H\u00fcckst\u00e4dt<br \/>Fundador e criador da Gradido<\/p>\t\t\t\t\t\t\t\t<\/div>\n\t\t\t\t<\/div>\n\t\t\t\t\t<\/div>\n\t\t<\/div>\n\t\t\t\t\t<\/div>\n\t\t<\/section>\n\t\t\t\t<section class=\"elementor-section elementor-top-section elementor-element elementor-element-14532fe elementor-section-boxed elementor-section-height-default elementor-section-height-default\" data-id=\"14532fe\" data-element_type=\"section\" data-e-type=\"section\">\n\t\t\t\t\t\t<div class=\"elementor-container elementor-column-gap-default\">\n\t\t\t\t\t<div class=\"elementor-column elementor-col-100 elementor-top-column elementor-element elementor-element-65d2298\" data-id=\"65d2298\" data-element_type=\"column\" data-e-type=\"column\">\n\t\t\t<div class=\"elementor-widget-wrap elementor-element-populated\">\n\t\t\t\t\t\t<div class=\"elementor-element elementor-element-ff276d0 elementor-widget elementor-widget-global elementor-global-9341 elementor-widget-text-editor\" data-id=\"ff276d0\" data-element_type=\"widget\" data-e-type=\"widget\" data-widget_type=\"text-editor.default\">\n\t\t\t\t<div class=\"elementor-widget-container\">\n\t\t\t\t\t\t\t\t\t<p><strong>PS:\u00a0<span style=\"color: #ff6600;\"><a style=\"color: #ff6600;\" href=\"https:\/\/gradido.net\/pt\/donations\/\">Devido \u00e0 import\u00e2ncia cada vez maior do Gradido, repetimos a nossa campanha de agradecimento a 26 de junho de 2026:<\/a>\u00a0<\/span><span style=\"color: #0000ff;\"><a style=\"color: #0000ff;\" href=\"https:\/\/gradido.net\/pt\/donations\/\">Para al\u00e9m do GradidoTransform m\u00faltiplo pela sua contribui\u00e7\u00e3o de patroc\u00ednio, aumentaremos todos os saldos das contas GDT em 26% no dia 26\/06\/2016. Patrocine agora e aproveite o montante m\u00faltiplo de GDT!<\/a><\/span><\/strong><\/p>\t\t\t\t\t\t\t\t<\/div>\n\t\t\t\t<\/div>\n\t\t\t\t\t<\/div>\n\t\t<\/div>\n\t\t\t\t\t<\/div>\n\t\t<\/section>\n\t\t\t\t<\/div>","protected":false},"excerpt":{"rendered":"<p>N\u00e3o importa se j\u00e1 pertencem a um grupo ou se se encontraram atrav\u00e9s do Gradido - se quiserem utilizar o Gradido em conjunto, n\u00e3o precisam do vosso pr\u00f3prio servidor Gradido.<\/p>","protected":false},"author":2,"featured_media":8364,"comment_status":"closed","ping_status":"closed","sticky":false,"template":"","format":"standard","meta":{"footnotes":""},"categories":[11,54],"tags":[],"class_list":["post-8362","post","type-post","status-publish","format-standard","has-post-thumbnail","hentry","category-blog","category-community"],"yoast_head":"<!-- This site is optimized with the Yoast SEO plugin v27.5 - https:\/\/yoast.com\/product\/yoast-seo-wordpress\/ -->\n<title>Gradido-Kreise \u2013 Gemeinsam mit Freunden die Zukunft gestalten - Gradido<\/title>\n<meta name=\"description\" content=\"Ganz gleich, ob Ihr bereits einer Gruppe zugeh\u00f6rig seid oder ob Ihr Euch \u00fcber Gradido gefunden habt \u2013 wenn Ihr gemeinsam Gradido nutzen wollt, braucht Ihr nicht gleich einen eigenen Gradido-Server.\" \/>\n<meta name=\"robots\" content=\"index, follow, max-snippet:-1, max-image-preview:large, max-video-preview:-1\" \/>\n<link rel=\"canonical\" href=\"https:\/\/gradido.net\/pt\/gradido-kreise-gemeinsam-mit-freunden-die-zukunft-gestalten\/\" \/>\n<meta property=\"og:locale\" content=\"pt_PT\" \/>\n<meta property=\"og:type\" content=\"article\" \/>\n<meta property=\"og:title\" content=\"Gradido-Kreise \u2013 Gemeinsam mit Freunden die Zukunft gestalten - Gradido\" \/>\n<meta property=\"og:description\" content=\"Ganz gleich, ob Ihr bereits einer Gruppe zugeh\u00f6rig seid oder ob Ihr Euch \u00fcber Gradido gefunden habt \u2013 wenn Ihr gemeinsam Gradido nutzen wollt, braucht Ihr nicht gleich einen eigenen Gradido-Server.\" \/>\n<meta property=\"og:url\" content=\"https:\/\/gradido.net\/pt\/gradido-kreise-gemeinsam-mit-freunden-die-zukunft-gestalten\/\" \/>\n<meta property=\"og:site_name\" content=\"Gradido\" \/>\n<meta property=\"article:published_time\" content=\"2023-12-14T15:43:40+00:00\" \/>\n<meta property=\"article:modified_time\" content=\"2026-04-24T06:04:06+00:00\" \/>\n<meta property=\"og:image\" content=\"https:\/\/gradido.net\/wp-content\/uploads\/2023\/12\/Freundeskreis.jpg\" \/>\n\t<meta property=\"og:image:width\" content=\"1920\" \/>\n\t<meta property=\"og:image:height\" content=\"1080\" \/>\n\t<meta property=\"og:image:type\" content=\"image\/jpeg\" \/>\n<meta name=\"author\" content=\"Bernd H\u00fcckst\u00e4dt\" \/>\n<meta name=\"twitter:card\" content=\"summary_large_image\" \/>\n<meta name=\"twitter:label1\" content=\"Escrito por\" \/>\n\t<meta name=\"twitter:data1\" content=\"Bernd H\u00fcckst\u00e4dt\" \/>\n\t<meta name=\"twitter:label2\" content=\"Tempo estimado de leitura\" \/>\n\t<meta name=\"twitter:data2\" content=\"5 minutos\" \/>\n<script type=\"application\/ld+json\" class=\"yoast-schema-graph\">{\"@context\":\"https:\\\/\\\/schema.org\",\"@graph\":[{\"@type\":\"Article\",\"@id\":\"https:\\\/\\\/gradido.net\\\/gradido-kreise-gemeinsam-mit-freunden-die-zukunft-gestalten\\\/#article\",\"isPartOf\":{\"@id\":\"https:\\\/\\\/gradido.net\\\/gradido-kreise-gemeinsam-mit-freunden-die-zukunft-gestalten\\\/\"},\"author\":{\"name\":\"Bernd H\u00fcckst\u00e4dt\",\"@id\":\"https:\\\/\\\/gradido.net\\\/de\\\/#\\\/schema\\\/person\\\/9c503a004ad15a1ddecadce2218db5d1\"},\"headline\":\"Gradido-Kreise \u2013 Gemeinsam mit Freunden die Zukunft gestalten\",\"datePublished\":\"2023-12-14T15:43:40+00:00\",\"dateModified\":\"2026-04-24T06:04:06+00:00\",\"mainEntityOfPage\":{\"@id\":\"https:\\\/\\\/gradido.net\\\/gradido-kreise-gemeinsam-mit-freunden-die-zukunft-gestalten\\\/\"},\"wordCount\":807,\"publisher\":{\"@id\":\"https:\\\/\\\/gradido.net\\\/de\\\/#organization\"},\"image\":{\"@id\":\"https:\\\/\\\/gradido.net\\\/gradido-kreise-gemeinsam-mit-freunden-die-zukunft-gestalten\\\/#primaryimage\"},\"thumbnailUrl\":\"https:\\\/\\\/gradido.net\\\/wp-content\\\/uploads\\\/2023\\\/12\\\/Freundeskreis.jpg\",\"articleSection\":[\"Blog\",\"Community\"],\"inLanguage\":\"pt-PT\"},{\"@type\":\"WebPage\",\"@id\":\"https:\\\/\\\/gradido.net\\\/gradido-kreise-gemeinsam-mit-freunden-die-zukunft-gestalten\\\/\",\"url\":\"https:\\\/\\\/gradido.net\\\/gradido-kreise-gemeinsam-mit-freunden-die-zukunft-gestalten\\\/\",\"name\":\"Gradido-Kreise \u2013 Gemeinsam mit Freunden die Zukunft gestalten - Gradido\",\"isPartOf\":{\"@id\":\"https:\\\/\\\/gradido.net\\\/de\\\/#website\"},\"primaryImageOfPage\":{\"@id\":\"https:\\\/\\\/gradido.net\\\/gradido-kreise-gemeinsam-mit-freunden-die-zukunft-gestalten\\\/#primaryimage\"},\"image\":{\"@id\":\"https:\\\/\\\/gradido.net\\\/gradido-kreise-gemeinsam-mit-freunden-die-zukunft-gestalten\\\/#primaryimage\"},\"thumbnailUrl\":\"https:\\\/\\\/gradido.net\\\/wp-content\\\/uploads\\\/2023\\\/12\\\/Freundeskreis.jpg\",\"datePublished\":\"2023-12-14T15:43:40+00:00\",\"dateModified\":\"2026-04-24T06:04:06+00:00\",\"description\":\"Ganz gleich, ob Ihr bereits einer Gruppe zugeh\u00f6rig seid oder ob Ihr Euch \u00fcber Gradido gefunden habt \u2013 wenn Ihr gemeinsam Gradido nutzen wollt, braucht Ihr nicht gleich einen eigenen Gradido-Server.\",\"breadcrumb\":{\"@id\":\"https:\\\/\\\/gradido.net\\\/gradido-kreise-gemeinsam-mit-freunden-die-zukunft-gestalten\\\/#breadcrumb\"},\"inLanguage\":\"pt-PT\",\"potentialAction\":[{\"@type\":\"ReadAction\",\"target\":[\"https:\\\/\\\/gradido.net\\\/gradido-kreise-gemeinsam-mit-freunden-die-zukunft-gestalten\\\/\"]}]},{\"@type\":\"ImageObject\",\"inLanguage\":\"pt-PT\",\"@id\":\"https:\\\/\\\/gradido.net\\\/gradido-kreise-gemeinsam-mit-freunden-die-zukunft-gestalten\\\/#primaryimage\",\"url\":\"https:\\\/\\\/gradido.net\\\/wp-content\\\/uploads\\\/2023\\\/12\\\/Freundeskreis.jpg\",\"contentUrl\":\"https:\\\/\\\/gradido.net\\\/wp-content\\\/uploads\\\/2023\\\/12\\\/Freundeskreis.jpg\",\"width\":1920,\"height\":1080},{\"@type\":\"BreadcrumbList\",\"@id\":\"https:\\\/\\\/gradido.net\\\/gradido-kreise-gemeinsam-mit-freunden-die-zukunft-gestalten\\\/#breadcrumb\",\"itemListElement\":[{\"@type\":\"ListItem\",\"position\":1,\"name\":\"Startseite\",\"item\":\"https:\\\/\\\/gradido.net\\\/\"},{\"@type\":\"ListItem\",\"position\":2,\"name\":\"Gradido-Kreise \u2013 Gemeinsam mit Freunden die Zukunft gestalten\"}]},{\"@type\":\"WebSite\",\"@id\":\"https:\\\/\\\/gradido.net\\\/de\\\/#website\",\"url\":\"https:\\\/\\\/gradido.net\\\/de\\\/\",\"name\":\"Gradido\",\"description\":\"Die neue W\u00e4hrung hei\u00dft Dankbarkeit\",\"publisher\":{\"@id\":\"https:\\\/\\\/gradido.net\\\/de\\\/#organization\"},\"potentialAction\":[{\"@type\":\"SearchAction\",\"target\":{\"@type\":\"EntryPoint\",\"urlTemplate\":\"https:\\\/\\\/gradido.net\\\/de\\\/?s={search_term_string}\"},\"query-input\":{\"@type\":\"PropertyValueSpecification\",\"valueRequired\":true,\"valueName\":\"search_term_string\"}}],\"inLanguage\":\"pt-PT\"},{\"@type\":\"Organization\",\"@id\":\"https:\\\/\\\/gradido.net\\\/de\\\/#organization\",\"name\":\"Gradido\",\"url\":\"https:\\\/\\\/gradido.net\\\/de\\\/\",\"logo\":{\"@type\":\"ImageObject\",\"inLanguage\":\"pt-PT\",\"@id\":\"https:\\\/\\\/gradido.net\\\/de\\\/#\\\/schema\\\/logo\\\/image\\\/\",\"url\":\"https:\\\/\\\/gradido.net\\\/wp-content\\\/uploads\\\/2022\\\/04\\\/gradido-social.jpg\",\"contentUrl\":\"https:\\\/\\\/gradido.net\\\/wp-content\\\/uploads\\\/2022\\\/04\\\/gradido-social.jpg\",\"width\":527,\"height\":273,\"caption\":\"Gradido\"},\"image\":{\"@id\":\"https:\\\/\\\/gradido.net\\\/de\\\/#\\\/schema\\\/logo\\\/image\\\/\"}},{\"@type\":\"Person\",\"@id\":\"https:\\\/\\\/gradido.net\\\/de\\\/#\\\/schema\\\/person\\\/9c503a004ad15a1ddecadce2218db5d1\",\"name\":\"Bernd H\u00fcckst\u00e4dt\",\"sameAs\":[\"https:\\\/\\\/gradido.net\"],\"url\":\"https:\\\/\\\/gradido.net\\\/pt\\\/author\\\/bernd\\\/\"}]}<\/script>\n<!-- \/ Yoast SEO plugin. -->","yoast_head_json":{"title":"Gradido circles - Construir o futuro com os amigos - Gradido","description":"N\u00e3o importa se j\u00e1 pertencem a um grupo ou se se encontraram atrav\u00e9s do Gradido - se quiserem utilizar o Gradido em conjunto, n\u00e3o precisam do vosso pr\u00f3prio servidor Gradido.","robots":{"index":"index","follow":"follow","max-snippet":"max-snippet:-1","max-image-preview":"max-image-preview:large","max-video-preview":"max-video-preview:-1"},"canonical":"https:\/\/gradido.net\/pt\/gradido-kreise-gemeinsam-mit-freunden-die-zukunft-gestalten\/","og_locale":"pt_PT","og_type":"article","og_title":"Gradido-Kreise \u2013 Gemeinsam mit Freunden die Zukunft gestalten - Gradido","og_description":"Ganz gleich, ob Ihr bereits einer Gruppe zugeh\u00f6rig seid oder ob Ihr Euch \u00fcber Gradido gefunden habt \u2013 wenn Ihr gemeinsam Gradido nutzen wollt, braucht Ihr nicht gleich einen eigenen Gradido-Server.","og_url":"https:\/\/gradido.net\/pt\/gradido-kreise-gemeinsam-mit-freunden-die-zukunft-gestalten\/","og_site_name":"Gradido","article_published_time":"2023-12-14T15:43:40+00:00","article_modified_time":"2026-04-24T06:04:06+00:00","og_image":[{"width":1920,"height":1080,"url":"https:\/\/gradido.net\/wp-content\/uploads\/2023\/12\/Freundeskreis.jpg","type":"image\/jpeg"}],"author":"Bernd H\u00fcckst\u00e4dt","twitter_card":"summary_large_image","twitter_misc":{"Escrito por":"Bernd H\u00fcckst\u00e4dt","Tempo estimado de leitura":"5 minutos"},"schema":{"@context":"https:\/\/schema.org","@graph":[{"@type":"Article","@id":"https:\/\/gradido.net\/gradido-kreise-gemeinsam-mit-freunden-die-zukunft-gestalten\/#article","isPartOf":{"@id":"https:\/\/gradido.net\/gradido-kreise-gemeinsam-mit-freunden-die-zukunft-gestalten\/"},"author":{"name":"Bernd H\u00fcckst\u00e4dt","@id":"https:\/\/gradido.net\/de\/#\/schema\/person\/9c503a004ad15a1ddecadce2218db5d1"},"headline":"Gradido-Kreise \u2013 Gemeinsam mit Freunden die Zukunft gestalten","datePublished":"2023-12-14T15:43:40+00:00","dateModified":"2026-04-24T06:04:06+00:00","mainEntityOfPage":{"@id":"https:\/\/gradido.net\/gradido-kreise-gemeinsam-mit-freunden-die-zukunft-gestalten\/"},"wordCount":807,"publisher":{"@id":"https:\/\/gradido.net\/de\/#organization"},"image":{"@id":"https:\/\/gradido.net\/gradido-kreise-gemeinsam-mit-freunden-die-zukunft-gestalten\/#primaryimage"},"thumbnailUrl":"https:\/\/gradido.net\/wp-content\/uploads\/2023\/12\/Freundeskreis.jpg","articleSection":["Blog","Community"],"inLanguage":"pt-PT"},{"@type":"WebPage","@id":"https:\/\/gradido.net\/gradido-kreise-gemeinsam-mit-freunden-die-zukunft-gestalten\/","url":"https:\/\/gradido.net\/gradido-kreise-gemeinsam-mit-freunden-die-zukunft-gestalten\/","name":"Gradido circles - Construir o futuro com os amigos - Gradido","isPartOf":{"@id":"https:\/\/gradido.net\/de\/#website"},"primaryImageOfPage":{"@id":"https:\/\/gradido.net\/gradido-kreise-gemeinsam-mit-freunden-die-zukunft-gestalten\/#primaryimage"},"image":{"@id":"https:\/\/gradido.net\/gradido-kreise-gemeinsam-mit-freunden-die-zukunft-gestalten\/#primaryimage"},"thumbnailUrl":"https:\/\/gradido.net\/wp-content\/uploads\/2023\/12\/Freundeskreis.jpg","datePublished":"2023-12-14T15:43:40+00:00","dateModified":"2026-04-24T06:04:06+00:00","description":"N\u00e3o importa se j\u00e1 pertencem a um grupo ou se se encontraram atrav\u00e9s do Gradido - se quiserem utilizar o Gradido em conjunto, n\u00e3o precisam do vosso pr\u00f3prio servidor Gradido.","breadcrumb":{"@id":"https:\/\/gradido.net\/gradido-kreise-gemeinsam-mit-freunden-die-zukunft-gestalten\/#breadcrumb"},"inLanguage":"pt-PT","potentialAction":[{"@type":"ReadAction","target":["https:\/\/gradido.net\/gradido-kreise-gemeinsam-mit-freunden-die-zukunft-gestalten\/"]}]},{"@type":"ImageObject","inLanguage":"pt-PT","@id":"https:\/\/gradido.net\/gradido-kreise-gemeinsam-mit-freunden-die-zukunft-gestalten\/#primaryimage","url":"https:\/\/gradido.net\/wp-content\/uploads\/2023\/12\/Freundeskreis.jpg","contentUrl":"https:\/\/gradido.net\/wp-content\/uploads\/2023\/12\/Freundeskreis.jpg","width":1920,"height":1080},{"@type":"BreadcrumbList","@id":"https:\/\/gradido.net\/gradido-kreise-gemeinsam-mit-freunden-die-zukunft-gestalten\/#breadcrumb","itemListElement":[{"@type":"ListItem","position":1,"name":"Startseite","item":"https:\/\/gradido.net\/"},{"@type":"ListItem","position":2,"name":"Gradido-Kreise \u2013 Gemeinsam mit Freunden die Zukunft gestalten"}]},{"@type":"WebSite","@id":"https:\/\/gradido.net\/de\/#website","url":"https:\/\/gradido.net\/de\/","name":"Gradido","description":"A nova moeda \u00e9 a gratid\u00e3o","publisher":{"@id":"https:\/\/gradido.net\/de\/#organization"},"potentialAction":[{"@type":"SearchAction","target":{"@type":"EntryPoint","urlTemplate":"https:\/\/gradido.net\/de\/?s={search_term_string}"},"query-input":{"@type":"PropertyValueSpecification","valueRequired":true,"valueName":"search_term_string"}}],"inLanguage":"pt-PT"},{"@type":"Organization","@id":"https:\/\/gradido.net\/de\/#organization","name":"Gradido","url":"https:\/\/gradido.net\/de\/","logo":{"@type":"ImageObject","inLanguage":"pt-PT","@id":"https:\/\/gradido.net\/de\/#\/schema\/logo\/image\/","url":"https:\/\/gradido.net\/wp-content\/uploads\/2022\/04\/gradido-social.jpg","contentUrl":"https:\/\/gradido.net\/wp-content\/uploads\/2022\/04\/gradido-social.jpg","width":527,"height":273,"caption":"Gradido"},"image":{"@id":"https:\/\/gradido.net\/de\/#\/schema\/logo\/image\/"}},{"@type":"Person","@id":"https:\/\/gradido.net\/de\/#\/schema\/person\/9c503a004ad15a1ddecadce2218db5d1","name":"Bernd H\u00fcckst\u00e4dt","sameAs":["https:\/\/gradido.net"],"url":"https:\/\/gradido.net\/pt\/author\/bernd\/"}]}},"_links":{"self":[{"href":"https:\/\/gradido.net\/pt\/wp-json\/wp\/v2\/posts\/8362","targetHints":{"allow":["GET"]}}],"collection":[{"href":"https:\/\/gradido.net\/pt\/wp-json\/wp\/v2\/posts"}],"about":[{"href":"https:\/\/gradido.net\/pt\/wp-json\/wp\/v2\/types\/post"}],"author":[{"embeddable":true,"href":"https:\/\/gradido.net\/pt\/wp-json\/wp\/v2\/users\/2"}],"replies":[{"embeddable":true,"href":"https:\/\/gradido.net\/pt\/wp-json\/wp\/v2\/comments?post=8362"}],"version-history":[{"count":24,"href":"https:\/\/gradido.net\/pt\/wp-json\/wp\/v2\/posts\/8362\/revisions"}],"predecessor-version":[{"id":13588,"href":"https:\/\/gradido.net\/pt\/wp-json\/wp\/v2\/posts\/8362\/revisions\/13588"}],"wp:featuredmedia":[{"embeddable":true,"href":"https:\/\/gradido.net\/pt\/wp-json\/wp\/v2\/media\/8364"}],"wp:attachment":[{"href":"https:\/\/gradido.net\/pt\/wp-json\/wp\/v2\/media?parent=8362"}],"wp:term":[{"taxonomy":"category","embeddable":true,"href":"https:\/\/gradido.net\/pt\/wp-json\/wp\/v2\/categories?post=8362"},{"taxonomy":"post_tag","embeddable":true,"href":"https:\/\/gradido.net\/pt\/wp-json\/wp\/v2\/tags?post=8362"}],"curies":[{"name":"wp","href":"https:\/\/api.w.org\/{rel}","templated":true}]}}