{"id":1011,"date":"2020-10-30T11:29:07","date_gmt":"2020-10-30T10:29:07","guid":{"rendered":"https:\/\/gradido.net\/?p=1011"},"modified":"2021-12-11T12:59:49","modified_gmt":"2021-12-11T11:59:49","slug":"gemeinwohlkonzept-trotzt-epidemie-der-einsamkeit","status":"publish","type":"post","link":"https:\/\/gradido.net\/ro\/gemeinwohlkonzept-trotzt-epidemie-der-einsamkeit\/","title":{"rendered":"Conceptul de bine comun sfideaz\u0103 epidemia de singur\u0103tate"},"content":{"rendered":"<div data-elementor-type=\"wp-post\" data-elementor-id=\"1011\" class=\"elementor elementor-1011\" data-elementor-post-type=\"post\">\n\t\t\t\t\t\t<section class=\"elementor-section elementor-top-section elementor-element elementor-element-496e1d53 elementor-section-boxed elementor-section-height-default elementor-section-height-default\" data-id=\"496e1d53\" data-element_type=\"section\" data-e-type=\"section\">\n\t\t\t\t\t\t<div class=\"elementor-container elementor-column-gap-default\">\n\t\t\t\t\t<div class=\"elementor-column elementor-col-100 elementor-top-column elementor-element elementor-element-461d7be0\" data-id=\"461d7be0\" data-element_type=\"column\" data-e-type=\"column\">\n\t\t\t<div class=\"elementor-widget-wrap elementor-element-populated\">\n\t\t\t\t\t\t<div class=\"elementor-element elementor-element-cd9ebe2 elementor-widget elementor-widget-text-editor\" data-id=\"cd9ebe2\" data-element_type=\"widget\" data-e-type=\"widget\" data-widget_type=\"text-editor.default\">\n\t\t\t\t<div class=\"elementor-widget-container\">\n\t\t\t\t\t\t\t\t\t<h2>Opri\u021bi tsunami-ul bolilor mintale<\/h2><p><b>K\u00fcnzelsau, 30 octombrie 2020 - Psihiatrii de la renumita Universitate Harvard sunt alarma\u021bi. Ca urmare a m\u0103surilor Corona, ei se a\u0219teapt\u0103 la un \"tsunami mondial de boli mintale\". Futurologii anticipeaz\u0103 o \"epidemie de singur\u0103tate\" care ar putea \u00eemboln\u0103vi psihic at\u00e2t tinerii, c\u00e2t \u0219i b\u0103tr\u00e2nii. Exper\u021bii Academiei Na\u021bionale de \u0218tiin\u021be Leopoldina recomand\u0103 extinderea gamei de tratamente pentru a face fa\u021b\u0103 consecin\u021belor psihice previzibile pe termen lung. Pe de alt\u0103 parte, Academia Gradido pentru Bionic\u0103 Economic\u0103 adopt\u0103 o abordare foarte fundamental\u0103 pentru a consolida permanent s\u0103n\u0103tatea fizic\u0103 \u0219i mental\u0103 prin conceptul s\u0103u de bine comun. Modelul Gradido promoveaz\u0103 o convie\u021buire demn\u0103, care poate da putere \u00een situa\u021bii de criz\u0103, \u00eent\u0103re\u0219te sistemul imunitar - \u0219i, de asemenea, integreaz\u0103 \u00een mod explicit persoanele \u00een v\u00e2rst\u0103 \u00een comunitate. <\/b><\/p><h4>Valul de boli mintale se rostogole\u0219te<\/h4><p>Psihiatrul de renume interna\u021bional de la Harvard Medical School, Viktor Patel, a avertizat, \u00een cadrul conferin\u021bei online a Societ\u0103\u021bii Europene de Microbiologie Clinic\u0103 \u0219i Boli Infec\u021bioase, asupra unui \"tsunami mondial de suferin\u021b\u0103 psihic\u0103 sever\u0103\", ca urmare a izol\u0103rii \u0219i fricii prescrise. Katharina Domschke, psihiatru \u0219i director al Departamentului de Psihiatrie \u0219i Psihoterapie de la Universitatea din Freiburg, care a fost membr\u0103 a Grupului de lucru Corona al Leopoldina, raporteaz\u0103, de asemenea, c\u0103 \"toate studiile de p\u00e2n\u0103 acum spun c\u0103 este de a\u0219teptat un al treilea val, cel al bolilor mintale\". Conform studiilor ini\u021biale, Camera Federal\u0103 German\u0103 a Terapeu\u021bilor, precum \u0219i oamenii de \u0219tiin\u021b\u0103 irlandezi se a\u0219teapt\u0103 la scenarii similare.<\/p><h4>Epidemia de singur\u0103tate<\/h4><p>Contactele reprezint\u0103 o resurs\u0103 extrem de important\u0103, \u00een special pentru persoanele \u00een v\u00e2rst\u0103, care structureaz\u0103 via\u021ba de zi cu zi \u0219i consolideaz\u0103 at\u00e2t s\u0103n\u0103tatea mental\u0103, c\u00e2t \u0219i cea fizic\u0103. Apartenen\u021ba, c\u0103ldura uman\u0103 \u0219i sentimentul de a fi necesar \u00eei fac pe oameni ferici\u021bi. \"Entuziasmul este un \u00eengr\u0103\u0219\u0103m\u00e2nt pentru creier\", subliniaz\u0103 neurobiologul de renume interna\u021bional Gerald H\u00fcther. Ne men\u021bine \u00een form\u0103 p\u00e2n\u0103 la b\u0103tr\u00e2ne\u021be, ne \u00eent\u0103re\u0219te sistemul imunitar \u0219i ne permite s\u0103 tr\u0103im mai mult. Totu\u0219i, din cauza restric\u021biilor de contact, din ce \u00een ce mai mul\u021bi oameni tr\u0103iesc singuri \u00eentre patru pere\u021bi. \"Num\u0103rul persoanelor care nu au aproape niciun contact uman \u00eentr-un ora\u0219 mare este mai mare dec\u00e2t se crede\", spune \u0219eful Departamentului de consiliere \u0219i \u00eengrijire pastoral\u0103 de la Diakonisches Werk Hamburg, Stefan Deutschmann.<\/p><h4>\u00cengrijorarea cu privire la singur\u0103tate<\/h4><p>Futurologul Horst Opaschowski din Hamburg avertizeaz\u0103 asupra unei adev\u0103rate \"epidemii de singur\u0103tate\". \u00centr-un sondaj reprezentativ, el a constatat c\u0103 teama de singur\u0103tate este aproape la fel de r\u0103sp\u00e2ndit\u0103 ca teama de s\u0103r\u0103cie la b\u0103tr\u00e2ne\u021be. \u00cen consecin\u021b\u0103, Opaschowski prezice \"c\u0103 cea mai mare s\u0103r\u0103cie la b\u0103tr\u00e2ne\u021be va fi s\u0103r\u0103cia de contact \u00een viitor. Grani\u021bele singur\u0103t\u0103\u021bii, depresiei \u0219i bolii mintale sunt fluide\".<\/p><h4>Frica \u0219i izolarea<\/h4><p>Camera Federal\u0103 a Psihoterapeu\u021bilor subliniase deja \u00een august c\u0103 \"pe l\u00e2ng\u0103 depresie \u0219i tulbur\u0103ri de anxietate, pot cre\u0219te \u0219i tulbur\u0103rile de stres acut \u0219i posttraumatic, dependen\u021ba de alcool \u0219i droguri, tulbur\u0103rile obsesiv-compulsive \u0219i psihozele\". Pre\u0219edintele Camerei, Dietrich Munz, consider\u0103 c\u0103 persoanele \u00een v\u00e2rst\u0103 sunt deosebit de expuse acestui risc: \"Pentru mul\u021bi dintre cei care au peste 75 de ani, teama de a contracta boala se transform\u0103 adesea \u00een team\u0103 de moarte \u0219i \u00een retragere \u00een izolare total\u0103. \u00cen cele din urm\u0103, se chinuie cu a\u0219teptarea de a muri singuri din cauza Coronei\". Din cauza temutului efect nocebo, mul\u021bi mor mai devreme.<\/p><h4>Modelul Gradido creeaz\u0103 o nou\u0103 atitudine fa\u021b\u0103 de via\u021b\u0103<\/h4><p>Consolidarea s\u0103n\u0103t\u0103\u021bii mentale \u0219i fizice \u0219i permite oamenilor din toate genera\u021biile s\u0103 tr\u0103iasc\u0103 \u00eempreun\u0103 \u00een \u00eemplinire \u0219i schimburi vii este scopul declarat al Academiei Gradido. Timp de peste 20 de ani, exper\u021bii \u00een bionic\u0103 de afaceri de acolo au cercetat acele modele de succes din natur\u0103 care pot fi transferate \u00een societatea uman\u0103. Moneda bunului comun Gradido este mult mai mult dec\u00e2t \"doar\" un nou sistem monetar. Spre deosebire de vechiul sistem financiar, care distruge oamenii \u0219i natura, Gradido respect\u0103 legile naturii \u0219i permite oamenilor de toate v\u00e2rstele s\u0103 \u00ee\u0219i recapete for\u021bele.<\/p><h4>Modelul Gradido<\/h4><p>Una dintre cele mai importante constat\u0103ri este descris\u0103 de Bernd H\u00fcckst\u00e4dt, co-fondator al Academiei, dup\u0103 cum urmeaz\u0103: \"\u00cen vechiul sistem financiar, \u00een care creditul unuia este \u00een mod inevitabil datoria altora, suntem \u00een r\u0103zboi cu omul \u0219i cu natura. Cu toate acestea, o coexisten\u021b\u0103 fructuoas\u0103 a tuturor genera\u021biilor nu poate func\u021biona dec\u00e2t \u00een armonie cu natura\". Prin urmare, modelul economic \u0219i financiar Gradido \u00ee\u0219i ia adio de la principiul datoriei-munc\u0103 \u0219i creeaz\u0103 astfel o baz\u0103 s\u0103n\u0103toas\u0103 pentru o via\u021b\u0103 demn\u0103 pentru to\u021bi oamenii din \u00eentreaga lume. \"Oamenii pot contribui la comunitate cu \u00eenclina\u021biile \u0219i abilit\u0103\u021bile lor, liberi de temeri existen\u021biale. Acest lucru creeaz\u0103 bucuria de a tr\u0103i, stabilizeaz\u0103 psihicul \u0219i \u00eent\u0103re\u0219te sistemul imunitar\", conchide H\u00fcckst\u00e4dt.<\/p><h4>Tripla bun\u0103stare \u0219i tripla creare de bani<\/h4><p>Principiul etic de baz\u0103 al Gradido se bazeaz\u0103 pe armonizarea bun\u0103st\u0103rii individului cu cea a comunit\u0103\u021bii \u0219i a \u00eentregului - \u00een sensul de natur\u0103 \u0219i mediu. Individul face parte din comunitate, din stat, iar acesta, la r\u00e2ndul s\u0103u, face parte din \"imaginea de ansamblu\", din ecosistem. \u00cen consecin\u021b\u0103, se extrag 3 \u00d7 1.000 de gradido pe cap de locuitor. c\u00e2te 1.000 Gradido pentru venitul de baz\u0103 activ, pentru bugetul de stat \u0219i pentru Fondul de egalizare \u0219i de mediu.<\/p><h4>Venitul de baz\u0103 activ asigur\u0103 furnizarea la orice v\u00e2rst\u0103<\/h4><p>\"Venitul de baz\u0103 activ\" \u00ee\u0219i are originea \u00een ideea de \"participare necondi\u021bionat\u0103\". Oricine dore\u0219te s\u0103 se foloseasc\u0103 de ea poate contribui la comunitate la orice v\u00e2rst\u0103 cu talentele, \u00eenclina\u021biile \u0219i posibilit\u0103\u021bile sale. Pentru fiecare persoan\u0103 sunt disponibile lunar 1.000 de Gradido (GDD) din moneda bunului comun ca venit de baz\u0103. Un Gradido corespunde valorii unui euro. Un maxim de 50 de ore pe lun\u0103 sunt remunerate cu 20 GDD fiecare. Aceast\u0103 sum\u0103 este considerat\u0103 o sum\u0103 de baz\u0103, \u00een plus fa\u021b\u0103 de alte surse de venit. Un sistem flexibil de pensii permite ca venitul de baz\u0103 s\u0103 creasc\u0103 p\u00e2n\u0103 la 2.000 GDD pe lun\u0103. \u00cen acest fel, chiar \u0219i persoanele \u00een v\u00e2rst\u0103 r\u0103m\u00e2n libere de angoasa existen\u021bial\u0103.<\/p><h4>Participarea necondi\u021bionat\u0103 creeaz\u0103 o comunitate vie<\/h4><p>Fiecare persoan\u0103 are dreptul s\u0103 \u00ee\u0219i asume o sarcin\u0103 pe care \u00eei place s\u0103 o fac\u0103 pentru \"venitul de baz\u0103 activ\". F\u0103r\u0103 fric\u0103 existen\u021bial\u0103, fiecare poate face ceea ce ar vrea s\u0103 fac\u0103 din inim\u0103 - cu alte cuvinte, s\u0103-\u0219i urmeze chemarea interioar\u0103. Entuziasmul care apare \u00een acest fel este cea mai bun\u0103 condi\u021bie prealabil\u0103 pentru a avea succes la toate nivelurile. O mare parte din bolile legate de stres ar putea fi eliminate prin acest lucru. \u0218ansa de a fi o parte activ\u0103 \u0219i apreciat\u0103 a comunit\u0103\u021bii p\u00e2n\u0103 la sf\u00e2r\u0219itul vie\u021bii are, de asemenea, un efect extrem de pozitiv asupra multor boli ale b\u0103tr\u00e2ne\u021bii. Astfel, singur\u0103tatea ar trebui s\u0103 fie de domeniul trecutului. \u00cenc\u0103 de pe acum, tinerii \u0219i b\u0103tr\u00e2nii dezvolt\u0103 noi forme de via\u021b\u0103 comun\u0103, \u00een care fiecare beneficiaz\u0103 de apropierea celuilalt - o tendin\u021b\u0103 binevenit\u0103 care va fi consolidat\u0103 \u0219i mai mult de \"Participarea necondi\u021bionat\u0103\".<\/p><h4>Coaching pentru comunicare<\/h4><p>Beneficiile economice sunt, de asemenea, imense: cu \"venitul de baz\u0103 activ\", comunitatea are cel mai mare interes \u00een promovarea fiec\u0103rui membru \u00een cel mai bun mod posibil. Pentru c\u0103 oamenii care \u00ee\u0219i dezvolt\u0103 cel mai \u00eenalt poten\u021bial nu sunt doar mai s\u0103n\u0103to\u0219i, ci aduc \u0219i cele mai mari beneficii comunit\u0103\u021bii. Orice persoan\u0103 c\u0103reia \u00eei place s\u0103 \u00eei ajute pe ceilal\u021bi se poate preg\u0103ti pentru a deveni \"coach de dezvoltare a poten\u021bialului\" \u00een cadrul \"Particip\u0103rii necondi\u021bionate\". El \u00eei sprijin\u0103 apoi pe ceilal\u021bi s\u0103 afle ce le place cu adev\u0103rat s\u0103 fac\u0103 \u0219i elimin\u0103 eventualele obstacole. Poten\u021bialii antrenori de dezvoltare fac posibil\u0103, de exemplu, deschiderea lumii digitale pentru persoanele \u00een v\u00e2rst\u0103, cu sprijinul corespunz\u0103tor, pentru a putea r\u0103m\u00e2ne mai u\u0219or \u00een contact \u00een cazul unor viitoare restric\u021bii de contact. Efect secundar pozitiv: \u00cen prezent, Academia Gradido dezvolt\u0103 o aplica\u021bie care va permite \u00een cur\u00e2nd persoanelor \u00een v\u00e2rst\u0103 s\u0103 introduc\u0103 sarcinile pe care le \u00eendeplinesc pentru comunitate. Poate fi vorba de a le citi copiilor sau prietenilor, de a face cump\u0103r\u0103turi pentru vecini sau de a ajuta noii veni\u021bi \u00een profesie s\u0103 se ini\u021bieze. Fiecare or\u0103 petrecut\u0103 este r\u0103spl\u0103tit\u0103 cu un credit Gradido corespunz\u0103tor - pentru sentimentul bun \u0219i s\u0103n\u0103tos de a fi necesar \u0219i apreciat.<\/p><p>Detalii despre \"modelul Gradido\" complet la adresa <a href=\"https:\/\/gradido.net\/ro\/\">https:\/\/gradido.net<\/a><\/p><p><!-- \/wp:paragraph --><\/p>\t\t\t\t\t\t\t\t<\/div>\n\t\t\t\t<\/div>\n\t\t\t\t<div class=\"elementor-element elementor-element-e9ff241 elementor-widget elementor-widget-text-editor\" data-id=\"e9ff241\" data-element_type=\"widget\" data-e-type=\"widget\" data-widget_type=\"text-editor.default\">\n\t\t\t\t<div class=\"elementor-widget-container\">\n\t\t\t\t\t\t\t\t\t<p><strong>Despre Academia Gradido<\/strong><br \/>Academia Gradido pentru Bionic\u0103 Economic\u0103 a dezvoltat o \"moned\u0103 alternativ\u0103 a binelui comun\", inspirat\u0103 din natur\u0103. Natura respect\u0103 regula conform c\u0103reia numai acolo unde ceva dispare poate ap\u0103rea ceva nou \u0219i, astfel, este posibil\u0103 \u00eembun\u0103t\u0103\u021birea pe termen lung (evolu\u021bia). Re\u021beta sa de succes este \"ciclul vie\u021bii\". Dac\u0103 economia noastr\u0103 ar urma \u0219i ea acest ciclu natural, s-ar rezolva practic toate problemele legate de bani din lume, potrivit exper\u021bilor \u00een bionic\u0103 economic\u0103. Modelul Gradido se bazeaz\u0103 pe ideea c\u0103 nu doar fiecare persoan\u0103, ci \u0219i fiecare stat prime\u0219te un venit creat pe baz\u0103 de credit. Astfel, acesta \u00ee\u0219i poate \u00eendeplini toate sarcinile f\u0103r\u0103 a percepe taxe. Defla\u021bia sau infla\u021bia sunt de domeniul trecutului. Economia este eliberat\u0103 de constr\u00e2ngerea constant\u0103 de a cre\u0219te, iar pericolul unui colaps al sistemului financiar este \u00een sf\u00e2r\u0219it evitat. (<a href=\"https:\/\/gradido.net\/ro\/\">www.gradido.net<\/a>)<\/p>\t\t\t\t\t\t\t\t<\/div>\n\t\t\t\t<\/div>\n\t\t\t\t\t<\/div>\n\t\t<\/div>\n\t\t\t\t\t<\/div>\n\t\t<\/section>\n\t\t\t\t<\/div>","protected":false},"excerpt":{"rendered":"<p>Tsunami psychischer Erkrankungen stoppen K\u00fcnzelsau, 30. Oktober 2020 \u2013 Psychiater der renommierten Harvard-Universit\u00e4t sind alarmiert. In Folge der Corona-Ma\u00dfnahmen erwarten sie einen \u201eweltweiten Tsunami psychischer Erkrankungen\u201c. Zukunftsforscher rechnen mit einer \u201eEpidemie der Einsamkeit\u201c, die junge wie alte Menschen psychisch krank machen k\u00f6nnte. Die Experten der Nationalakademie der Wissenschaften Leopoldina empfehlen zur Bew\u00e4ltigung der prognostizierten psychischen [&hellip;]<\/p>\n","protected":false},"author":2,"featured_media":1013,"comment_status":"closed","ping_status":"closed","sticky":false,"template":"","format":"standard","meta":{"footnotes":""},"categories":[8],"tags":[],"class_list":["post-1011","post","type-post","status-publish","format-standard","has-post-thumbnail","hentry","category-pressemitteilung"],"yoast_head":"<!-- This site is optimized with the Yoast SEO plugin v27.5 - https:\/\/yoast.com\/product\/yoast-seo-wordpress\/ -->\n<title>Gemeinwohlkonzept trotzt Epidemie der Einsamkeit - Gradido<\/title>\n<meta name=\"robots\" content=\"index, follow, max-snippet:-1, max-image-preview:large, max-video-preview:-1\" \/>\n<link rel=\"canonical\" href=\"https:\/\/gradido.net\/ro\/gemeinwohlkonzept-trotzt-epidemie-der-einsamkeit\/\" \/>\n<meta property=\"og:locale\" content=\"ro_RO\" \/>\n<meta property=\"og:type\" content=\"article\" \/>\n<meta property=\"og:title\" content=\"Gemeinwohlkonzept trotzt Epidemie der Einsamkeit - Gradido\" \/>\n<meta property=\"og:description\" content=\"Tsunami psychischer Erkrankungen stoppen K\u00fcnzelsau, 30. Oktober 2020 \u2013 Psychiater der renommierten Harvard-Universit\u00e4t sind alarmiert. In Folge der Corona-Ma\u00dfnahmen erwarten sie einen \u201eweltweiten Tsunami psychischer Erkrankungen\u201c. Zukunftsforscher rechnen mit einer \u201eEpidemie der Einsamkeit\u201c, die junge wie alte Menschen psychisch krank machen k\u00f6nnte. Die Experten der Nationalakademie der Wissenschaften Leopoldina empfehlen zur Bew\u00e4ltigung der prognostizierten psychischen [&hellip;]\" \/>\n<meta property=\"og:url\" content=\"https:\/\/gradido.net\/ro\/gemeinwohlkonzept-trotzt-epidemie-der-einsamkeit\/\" \/>\n<meta property=\"og:site_name\" content=\"Gradido\" \/>\n<meta property=\"article:published_time\" content=\"2020-10-30T10:29:07+00:00\" \/>\n<meta property=\"article:modified_time\" content=\"2021-12-11T11:59:49+00:00\" \/>\n<meta property=\"og:image\" content=\"https:\/\/gradido.net\/wp-content\/uploads\/2020\/10\/psyche_epedemie.jpg\" \/>\n\t<meta property=\"og:image:width\" content=\"1183\" \/>\n\t<meta property=\"og:image:height\" content=\"787\" \/>\n\t<meta property=\"og:image:type\" content=\"image\/jpeg\" \/>\n<meta name=\"author\" content=\"Bernd H\u00fcckst\u00e4dt\" \/>\n<meta name=\"twitter:card\" content=\"summary_large_image\" \/>\n<meta name=\"twitter:label1\" content=\"Scris de\" \/>\n\t<meta name=\"twitter:data1\" content=\"Bernd H\u00fcckst\u00e4dt\" \/>\n\t<meta name=\"twitter:label2\" content=\"Timp estimat pentru citire\" \/>\n\t<meta name=\"twitter:data2\" content=\"7 minute\" \/>\n<script type=\"application\/ld+json\" class=\"yoast-schema-graph\">{\"@context\":\"https:\\\/\\\/schema.org\",\"@graph\":[{\"@type\":\"Article\",\"@id\":\"https:\\\/\\\/gradido.net\\\/cs\\\/gemeinwohlkonzept-trotzt-epidemie-der-einsamkeit\\\/#article\",\"isPartOf\":{\"@id\":\"https:\\\/\\\/gradido.net\\\/cs\\\/gemeinwohlkonzept-trotzt-epidemie-der-einsamkeit\\\/\"},\"author\":{\"name\":\"Bernd H\u00fcckst\u00e4dt\",\"@id\":\"https:\\\/\\\/gradido.net\\\/de\\\/#\\\/schema\\\/person\\\/9c503a004ad15a1ddecadce2218db5d1\"},\"headline\":\"Gemeinwohlkonzept trotzt Epidemie der Einsamkeit\",\"datePublished\":\"2020-10-30T10:29:07+00:00\",\"dateModified\":\"2021-12-11T11:59:49+00:00\",\"mainEntityOfPage\":{\"@id\":\"https:\\\/\\\/gradido.net\\\/cs\\\/gemeinwohlkonzept-trotzt-epidemie-der-einsamkeit\\\/\"},\"wordCount\":1354,\"publisher\":{\"@id\":\"https:\\\/\\\/gradido.net\\\/de\\\/#organization\"},\"image\":{\"@id\":\"https:\\\/\\\/gradido.net\\\/cs\\\/gemeinwohlkonzept-trotzt-epidemie-der-einsamkeit\\\/#primaryimage\"},\"thumbnailUrl\":\"https:\\\/\\\/gradido.net\\\/wp-content\\\/uploads\\\/2020\\\/10\\\/psyche_epedemie.jpg\",\"articleSection\":[\"Pressemitteilung\"],\"inLanguage\":\"ro-RO\"},{\"@type\":\"WebPage\",\"@id\":\"https:\\\/\\\/gradido.net\\\/cs\\\/gemeinwohlkonzept-trotzt-epidemie-der-einsamkeit\\\/\",\"url\":\"https:\\\/\\\/gradido.net\\\/cs\\\/gemeinwohlkonzept-trotzt-epidemie-der-einsamkeit\\\/\",\"name\":\"Gemeinwohlkonzept trotzt Epidemie der Einsamkeit - Gradido\",\"isPartOf\":{\"@id\":\"https:\\\/\\\/gradido.net\\\/de\\\/#website\"},\"primaryImageOfPage\":{\"@id\":\"https:\\\/\\\/gradido.net\\\/cs\\\/gemeinwohlkonzept-trotzt-epidemie-der-einsamkeit\\\/#primaryimage\"},\"image\":{\"@id\":\"https:\\\/\\\/gradido.net\\\/cs\\\/gemeinwohlkonzept-trotzt-epidemie-der-einsamkeit\\\/#primaryimage\"},\"thumbnailUrl\":\"https:\\\/\\\/gradido.net\\\/wp-content\\\/uploads\\\/2020\\\/10\\\/psyche_epedemie.jpg\",\"datePublished\":\"2020-10-30T10:29:07+00:00\",\"dateModified\":\"2021-12-11T11:59:49+00:00\",\"breadcrumb\":{\"@id\":\"https:\\\/\\\/gradido.net\\\/cs\\\/gemeinwohlkonzept-trotzt-epidemie-der-einsamkeit\\\/#breadcrumb\"},\"inLanguage\":\"ro-RO\",\"potentialAction\":[{\"@type\":\"ReadAction\",\"target\":[\"https:\\\/\\\/gradido.net\\\/cs\\\/gemeinwohlkonzept-trotzt-epidemie-der-einsamkeit\\\/\"]}]},{\"@type\":\"ImageObject\",\"inLanguage\":\"ro-RO\",\"@id\":\"https:\\\/\\\/gradido.net\\\/cs\\\/gemeinwohlkonzept-trotzt-epidemie-der-einsamkeit\\\/#primaryimage\",\"url\":\"https:\\\/\\\/gradido.net\\\/wp-content\\\/uploads\\\/2020\\\/10\\\/psyche_epedemie.jpg\",\"contentUrl\":\"https:\\\/\\\/gradido.net\\\/wp-content\\\/uploads\\\/2020\\\/10\\\/psyche_epedemie.jpg\",\"width\":1183,\"height\":787,\"caption\":\"Sad senior woman standing indoors by window at home, corona virus and quarantine concept.\"},{\"@type\":\"BreadcrumbList\",\"@id\":\"https:\\\/\\\/gradido.net\\\/cs\\\/gemeinwohlkonzept-trotzt-epidemie-der-einsamkeit\\\/#breadcrumb\",\"itemListElement\":[{\"@type\":\"ListItem\",\"position\":1,\"name\":\"Startseite\",\"item\":\"https:\\\/\\\/gradido.net\\\/\"},{\"@type\":\"ListItem\",\"position\":2,\"name\":\"Gemeinwohlkonzept trotzt Epidemie der Einsamkeit\"}]},{\"@type\":\"WebSite\",\"@id\":\"https:\\\/\\\/gradido.net\\\/de\\\/#website\",\"url\":\"https:\\\/\\\/gradido.net\\\/de\\\/\",\"name\":\"Gradido\",\"description\":\"Die neue W\u00e4hrung hei\u00dft Dankbarkeit\",\"publisher\":{\"@id\":\"https:\\\/\\\/gradido.net\\\/de\\\/#organization\"},\"potentialAction\":[{\"@type\":\"SearchAction\",\"target\":{\"@type\":\"EntryPoint\",\"urlTemplate\":\"https:\\\/\\\/gradido.net\\\/de\\\/?s={search_term_string}\"},\"query-input\":{\"@type\":\"PropertyValueSpecification\",\"valueRequired\":true,\"valueName\":\"search_term_string\"}}],\"inLanguage\":\"ro-RO\"},{\"@type\":\"Organization\",\"@id\":\"https:\\\/\\\/gradido.net\\\/de\\\/#organization\",\"name\":\"Gradido\",\"url\":\"https:\\\/\\\/gradido.net\\\/de\\\/\",\"logo\":{\"@type\":\"ImageObject\",\"inLanguage\":\"ro-RO\",\"@id\":\"https:\\\/\\\/gradido.net\\\/de\\\/#\\\/schema\\\/logo\\\/image\\\/\",\"url\":\"https:\\\/\\\/gradido.net\\\/wp-content\\\/uploads\\\/2022\\\/04\\\/gradido-social.jpg\",\"contentUrl\":\"https:\\\/\\\/gradido.net\\\/wp-content\\\/uploads\\\/2022\\\/04\\\/gradido-social.jpg\",\"width\":527,\"height\":273,\"caption\":\"Gradido\"},\"image\":{\"@id\":\"https:\\\/\\\/gradido.net\\\/de\\\/#\\\/schema\\\/logo\\\/image\\\/\"}},{\"@type\":\"Person\",\"@id\":\"https:\\\/\\\/gradido.net\\\/de\\\/#\\\/schema\\\/person\\\/9c503a004ad15a1ddecadce2218db5d1\",\"name\":\"Bernd H\u00fcckst\u00e4dt\",\"sameAs\":[\"https:\\\/\\\/gradido.net\"],\"url\":\"https:\\\/\\\/gradido.net\\\/ro\\\/author\\\/bernd\\\/\"}]}<\/script>\n<!-- \/ Yoast SEO plugin. -->","yoast_head_json":{"title":"Conceptul de bine comun sfideaz\u0103 epidemia de singur\u0103tate - Gradido","robots":{"index":"index","follow":"follow","max-snippet":"max-snippet:-1","max-image-preview":"max-image-preview:large","max-video-preview":"max-video-preview:-1"},"canonical":"https:\/\/gradido.net\/ro\/gemeinwohlkonzept-trotzt-epidemie-der-einsamkeit\/","og_locale":"ro_RO","og_type":"article","og_title":"Gemeinwohlkonzept trotzt Epidemie der Einsamkeit - Gradido","og_description":"Tsunami psychischer Erkrankungen stoppen K\u00fcnzelsau, 30. Oktober 2020 \u2013 Psychiater der renommierten Harvard-Universit\u00e4t sind alarmiert. In Folge der Corona-Ma\u00dfnahmen erwarten sie einen \u201eweltweiten Tsunami psychischer Erkrankungen\u201c. Zukunftsforscher rechnen mit einer \u201eEpidemie der Einsamkeit\u201c, die junge wie alte Menschen psychisch krank machen k\u00f6nnte. Die Experten der Nationalakademie der Wissenschaften Leopoldina empfehlen zur Bew\u00e4ltigung der prognostizierten psychischen [&hellip;]","og_url":"https:\/\/gradido.net\/ro\/gemeinwohlkonzept-trotzt-epidemie-der-einsamkeit\/","og_site_name":"Gradido","article_published_time":"2020-10-30T10:29:07+00:00","article_modified_time":"2021-12-11T11:59:49+00:00","og_image":[{"width":1183,"height":787,"url":"https:\/\/gradido.net\/wp-content\/uploads\/2020\/10\/psyche_epedemie.jpg","type":"image\/jpeg"}],"author":"Bernd H\u00fcckst\u00e4dt","twitter_card":"summary_large_image","twitter_misc":{"Scris de":"Bernd H\u00fcckst\u00e4dt","Timp estimat pentru citire":"7 minute"},"schema":{"@context":"https:\/\/schema.org","@graph":[{"@type":"Article","@id":"https:\/\/gradido.net\/cs\/gemeinwohlkonzept-trotzt-epidemie-der-einsamkeit\/#article","isPartOf":{"@id":"https:\/\/gradido.net\/cs\/gemeinwohlkonzept-trotzt-epidemie-der-einsamkeit\/"},"author":{"name":"Bernd H\u00fcckst\u00e4dt","@id":"https:\/\/gradido.net\/de\/#\/schema\/person\/9c503a004ad15a1ddecadce2218db5d1"},"headline":"Gemeinwohlkonzept trotzt Epidemie der Einsamkeit","datePublished":"2020-10-30T10:29:07+00:00","dateModified":"2021-12-11T11:59:49+00:00","mainEntityOfPage":{"@id":"https:\/\/gradido.net\/cs\/gemeinwohlkonzept-trotzt-epidemie-der-einsamkeit\/"},"wordCount":1354,"publisher":{"@id":"https:\/\/gradido.net\/de\/#organization"},"image":{"@id":"https:\/\/gradido.net\/cs\/gemeinwohlkonzept-trotzt-epidemie-der-einsamkeit\/#primaryimage"},"thumbnailUrl":"https:\/\/gradido.net\/wp-content\/uploads\/2020\/10\/psyche_epedemie.jpg","articleSection":["Pressemitteilung"],"inLanguage":"ro-RO"},{"@type":"WebPage","@id":"https:\/\/gradido.net\/cs\/gemeinwohlkonzept-trotzt-epidemie-der-einsamkeit\/","url":"https:\/\/gradido.net\/cs\/gemeinwohlkonzept-trotzt-epidemie-der-einsamkeit\/","name":"Conceptul de bine comun sfideaz\u0103 epidemia de singur\u0103tate - Gradido","isPartOf":{"@id":"https:\/\/gradido.net\/de\/#website"},"primaryImageOfPage":{"@id":"https:\/\/gradido.net\/cs\/gemeinwohlkonzept-trotzt-epidemie-der-einsamkeit\/#primaryimage"},"image":{"@id":"https:\/\/gradido.net\/cs\/gemeinwohlkonzept-trotzt-epidemie-der-einsamkeit\/#primaryimage"},"thumbnailUrl":"https:\/\/gradido.net\/wp-content\/uploads\/2020\/10\/psyche_epedemie.jpg","datePublished":"2020-10-30T10:29:07+00:00","dateModified":"2021-12-11T11:59:49+00:00","breadcrumb":{"@id":"https:\/\/gradido.net\/cs\/gemeinwohlkonzept-trotzt-epidemie-der-einsamkeit\/#breadcrumb"},"inLanguage":"ro-RO","potentialAction":[{"@type":"ReadAction","target":["https:\/\/gradido.net\/cs\/gemeinwohlkonzept-trotzt-epidemie-der-einsamkeit\/"]}]},{"@type":"ImageObject","inLanguage":"ro-RO","@id":"https:\/\/gradido.net\/cs\/gemeinwohlkonzept-trotzt-epidemie-der-einsamkeit\/#primaryimage","url":"https:\/\/gradido.net\/wp-content\/uploads\/2020\/10\/psyche_epedemie.jpg","contentUrl":"https:\/\/gradido.net\/wp-content\/uploads\/2020\/10\/psyche_epedemie.jpg","width":1183,"height":787,"caption":"Sad senior woman standing indoors by window at home, corona virus and quarantine concept."},{"@type":"BreadcrumbList","@id":"https:\/\/gradido.net\/cs\/gemeinwohlkonzept-trotzt-epidemie-der-einsamkeit\/#breadcrumb","itemListElement":[{"@type":"ListItem","position":1,"name":"Startseite","item":"https:\/\/gradido.net\/"},{"@type":"ListItem","position":2,"name":"Gemeinwohlkonzept trotzt Epidemie der Einsamkeit"}]},{"@type":"WebSite","@id":"https:\/\/gradido.net\/de\/#website","url":"https:\/\/gradido.net\/de\/","name":"Gradido","description":"Noua moned\u0103 este recuno\u0219tin\u021ba","publisher":{"@id":"https:\/\/gradido.net\/de\/#organization"},"potentialAction":[{"@type":"SearchAction","target":{"@type":"EntryPoint","urlTemplate":"https:\/\/gradido.net\/de\/?s={search_term_string}"},"query-input":{"@type":"PropertyValueSpecification","valueRequired":true,"valueName":"search_term_string"}}],"inLanguage":"ro-RO"},{"@type":"Organization","@id":"https:\/\/gradido.net\/de\/#organization","name":"Gradido","url":"https:\/\/gradido.net\/de\/","logo":{"@type":"ImageObject","inLanguage":"ro-RO","@id":"https:\/\/gradido.net\/de\/#\/schema\/logo\/image\/","url":"https:\/\/gradido.net\/wp-content\/uploads\/2022\/04\/gradido-social.jpg","contentUrl":"https:\/\/gradido.net\/wp-content\/uploads\/2022\/04\/gradido-social.jpg","width":527,"height":273,"caption":"Gradido"},"image":{"@id":"https:\/\/gradido.net\/de\/#\/schema\/logo\/image\/"}},{"@type":"Person","@id":"https:\/\/gradido.net\/de\/#\/schema\/person\/9c503a004ad15a1ddecadce2218db5d1","name":"Bernd H\u00fcckst\u00e4dt","sameAs":["https:\/\/gradido.net"],"url":"https:\/\/gradido.net\/ro\/author\/bernd\/"}]}},"_links":{"self":[{"href":"https:\/\/gradido.net\/ro\/wp-json\/wp\/v2\/posts\/1011","targetHints":{"allow":["GET"]}}],"collection":[{"href":"https:\/\/gradido.net\/ro\/wp-json\/wp\/v2\/posts"}],"about":[{"href":"https:\/\/gradido.net\/ro\/wp-json\/wp\/v2\/types\/post"}],"author":[{"embeddable":true,"href":"https:\/\/gradido.net\/ro\/wp-json\/wp\/v2\/users\/2"}],"replies":[{"embeddable":true,"href":"https:\/\/gradido.net\/ro\/wp-json\/wp\/v2\/comments?post=1011"}],"version-history":[{"count":11,"href":"https:\/\/gradido.net\/ro\/wp-json\/wp\/v2\/posts\/1011\/revisions"}],"predecessor-version":[{"id":3739,"href":"https:\/\/gradido.net\/ro\/wp-json\/wp\/v2\/posts\/1011\/revisions\/3739"}],"wp:featuredmedia":[{"embeddable":true,"href":"https:\/\/gradido.net\/ro\/wp-json\/wp\/v2\/media\/1013"}],"wp:attachment":[{"href":"https:\/\/gradido.net\/ro\/wp-json\/wp\/v2\/media?parent=1011"}],"wp:term":[{"taxonomy":"category","embeddable":true,"href":"https:\/\/gradido.net\/ro\/wp-json\/wp\/v2\/categories?post=1011"},{"taxonomy":"post_tag","embeddable":true,"href":"https:\/\/gradido.net\/ro\/wp-json\/wp\/v2\/tags?post=1011"}],"curies":[{"name":"wp","href":"https:\/\/api.w.org\/{rel}","templated":true}]}}