{"id":1238,"date":"2020-11-25T10:27:43","date_gmt":"2020-11-25T09:27:43","guid":{"rendered":"https:\/\/gradido.net\/?p=1238"},"modified":"2021-12-11T13:02:17","modified_gmt":"2021-12-11T12:02:17","slug":"corona-politik-bedroht-unsere-kinder","status":"publish","type":"post","link":"https:\/\/gradido.net\/ro\/corona-politik-bedroht-unsere-kinder\/","title":{"rendered":"Politica Corona ne amenin\u021b\u0103 copiii"},"content":{"rendered":"<div data-elementor-type=\"wp-post\" data-elementor-id=\"1238\" class=\"elementor elementor-1238\" data-elementor-post-type=\"post\">\n\t\t\t\t\t\t<section class=\"elementor-section elementor-top-section elementor-element elementor-element-496e1d53 elementor-section-boxed elementor-section-height-default elementor-section-height-default\" data-id=\"496e1d53\" data-element_type=\"section\" data-e-type=\"section\">\n\t\t\t\t\t\t<div class=\"elementor-container elementor-column-gap-default\">\n\t\t\t\t\t<div class=\"elementor-column elementor-col-100 elementor-top-column elementor-element elementor-element-461d7be0\" data-id=\"461d7be0\" data-element_type=\"column\" data-e-type=\"column\">\n\t\t\t<div class=\"elementor-widget-wrap elementor-element-populated\">\n\t\t\t\t\t\t<div class=\"elementor-element elementor-element-cd9ebe2 elementor-widget elementor-widget-text-editor\" data-id=\"cd9ebe2\" data-element_type=\"widget\" data-e-type=\"widget\" data-widget_type=\"text-editor.default\">\n\t\t\t\t<div class=\"elementor-widget-container\">\n\t\t\t\t\t\t\t\t\t<h2>Cercet\u0103torii v\u0103d solu\u021bia \u00eentr-un nou sistem monetar<\/h2><p><strong>K\u00fcnzelsau, 25.11.2020 - Copiii, p\u0103rin\u021bii \u0219i profesorii sunt la limit\u0103. Medicii, psihologii \u0219i politicienii de familie trag un semnal de alarm\u0103. Cu to\u021bii consider\u0103 c\u0103 bun\u0103starea copiilor este pus\u0103 masiv \u00een pericol de actuala politic\u0103 de criz\u0103. Regulile de carantin\u0103, \u00eenchiderea \u0219colilor \u0219i restric\u021biile de contact nu \u00eei aduc pe baricade doar pe cei care se ocup\u0103 cu protec\u021bia copiilor. Potrivit Unicef, 15.000 de copii mureau de foame \u00een fiecare zi chiar \u0219i \u00eenainte de Corona. M\u0103surile Corona au agravat dramatic foametea la nivel mondial. Pentru a crea o baz\u0103 sigur\u0103 pentru dezvoltarea s\u0103n\u0103toas\u0103 a copiilor, exper\u021bii \u00een bionic\u0103 economic\u0103 ai Academiei Gradido cer o transformare a sistemului financiar. Acest lucru ar pune cap\u0103t s\u0103r\u0103ciei la nivel mondial \u0219i ar asigura oportunit\u0103\u021bi egale de dezvoltare pentru to\u021bi copiii. <\/strong><\/p><h3>\"Fereastra deschis\u0103, pune\u021bi-v\u0103 masca!\" - Gloria prusac\u0103 nu \u00eenseamn\u0103 gestionarea crizei<\/h3><p>Actualul sistem \u0219colar a fost dezvoltat \u00een vechea Prusie pentru a cre\u0219te supu\u0219i loiali. Acesta s-a r\u0103sp\u00e2ndit rapid \u00een \u00eentreaga lume. Filozoful Richard David Precht avertizeaz\u0103 de ani de zile c\u0103 acest ideal educa\u021bional este complet gre\u0219it, \u00een conformitate cu tot ceea ce se \u0219tie ast\u0103zi despre psihologia dezvolt\u0103rii. Bernd H\u00fcckst\u00e4dt, co-fondator al Academiei Gradido, observ\u0103, de asemenea, cu \u00eengrijorare cresc\u00e2nd\u0103, \"c\u0103 \u00een \u00eentreaga lume exist\u0103 o lips\u0103 de bani \u0219i de voin\u021b\u0103 pentru a dezvolta \u0219colile publice \u00een modul \u00een care ar fi necesar, av\u00e2nd \u00een vedere provoc\u0103rile timpului nostru. Aceasta este o adev\u0103rat\u0103 acuza\u021bie la adresa unei comunit\u0103\u021bi mondiale a c\u0103rei bun\u0103stare depinde \u00een mare m\u0103sur\u0103 de educa\u021bia holistic\u0103 a membrilor s\u0103i\".<\/p><h3>Privilegia\u021bii frecventeaz\u0103 \u0219colile publice<\/h3><p>A\u0219adar, nu este deloc surprinz\u0103tor faptul c\u0103 tot mai mul\u021bi elevi frecventeaz\u0103 \u0219colile publice \u0219i \u00een aceast\u0103 \u021bar\u0103. Potrivit Biroului Federal de Statistic\u0103, num\u0103rul \u0219colilor publice generale \u0219i profesionale din Germania a crescut cu un procent impresionant de 79,8 % din 1992\/1993 p\u00e2n\u0103 \u00een 2018\/19. Mul\u021bi p\u0103rin\u021bi care \u00ee\u0219i permiteau acest lucru pl\u0103teau deja, \u00een 2016, \u00een medie 2.000 de euro pe an \u0219i pe copil pentru un loc la un institut de \u00eenv\u0103\u021b\u0103m\u00e2nt privat.<\/p><h3>S\u0103r\u0103cia copiilor \u00een locul egalit\u0103\u021bii de \u0219anse<\/h3><p>Mul\u021bi copii din familii mai pu\u021bin \u00eenst\u0103rite nu particip\u0103 la aceast\u0103 dezvoltare. Potrivit unui studiu realizat de Funda\u021bia Bertelsmann, s\u0103r\u0103cia caracterizeaz\u0103 via\u021ba de zi cu zi a mai mult de o cincime dintre to\u021bi copiii din Germania. Aceasta reprezint\u0103 21,3 la sut\u0103 sau 2,8 milioane de copii \u0219i tineri sub 18 ani. Criza Corona le agraveaz\u0103 \u0219i mai mult situa\u021bia. Pierderea locurilor de munc\u0103, teama de mijloace de trai, lipsa din ce \u00een ce mai mare de bani \u0219i lipsa de spa\u021biu provoac\u0103, de asemenea, escaladarea multor conflicte familiale. Educa\u021bia la domiciliu este de neconceput acolo unde p\u0103rin\u021bii nu au doar timp, ci \u0219i competen\u021b\u0103. \"Egalitatea de \u0219anse arat\u0103 complet diferit\", concluzioneaz\u0103 H\u00fcckst\u00e4dt, biolog economic, ad\u0103ug\u00e2nd: \"A refuza accesul liber la educa\u021bie \u00eenseamn\u0103 a le refuza un drept elementar al omului\".<\/p><h3>Genera\u021bia pierdut\u0103 a copiilor de la Corona?<\/h3><p>Organiza\u021bia caritabil\u0103 pentru copii Unicef, Liga german\u0103 pentru protec\u021bia copilului, Comitetul de tineret al SOS Satele Copiilor, Re\u021beaua pentru drepturile copilului \u0219i politicienii famili\u0219ti avertizeaz\u0103, de asemenea, c\u0103 copiii ar putea fi cei mai afecta\u021bi de criz\u0103. \u00cen raportul s\u0103u \"Averting Lost Covid Generation\", Fondul Na\u021biunilor Unite pentru Copii arat\u0103 c\u0103 efectele grave pe termen lung ale crizei Corona asupra educa\u021biei, nutri\u021biei \u0219i bun\u0103st\u0103rii ar putea avea un impact de durat\u0103 asupra vie\u021bii unei \u00eentregi genera\u021bii de copii \u0219i tineri din \u00eentreaga lume. Christian Neusser, expert \u00een drepturile copilului la SOS Satele Copiilor, a declarat: \"Dimensiunea acestei situa\u021bii este profund\u0103. P\u00e2n\u0103 la urm\u0103, nu este vorba doar de \u00eenc\u0103lcarea drepturilor individuale ale copiilor, ci de un \u00eentreg lan\u021b: s\u0103r\u0103cia, de exemplu, atrage dup\u0103 sine boala, munca copiilor sau pierderea educa\u021biei.\" Potrivit cifrelor ONU, 150 de milioane de copii ar putea ajunge \u00een s\u0103r\u0103cie extrem\u0103 - pe l\u00e2ng\u0103 sutele de milioane de copii care au fost deja afecta\u021bi anterior. \u00cen anumite momente, 1,5 miliarde de copii din \u00eentreaga lume nu au putut merge la \u0219coal\u0103. \u00cen special \u00een \u021b\u0103rile mai s\u0103race, exist\u0103 riscul ca mul\u021bi elevi s\u0103 nu se mai \u00eentoarc\u0103 niciodat\u0103 la \u0219coal\u0103, deoarece familiile lor sunt prea s\u0103race.<\/p><p>Re\u021beaua pentru drepturile copiilor a criticat deja la 25 iunie 2020 faptul c\u0103 perspectivele copiilor \u0219i ale tinerilor nu au fost aproape deloc luate \u00een considerare \u00een discu\u021biile privind modul de abordare a crizei, de\u0219i drepturile lor erau direct afectate de aceste m\u0103suri.<\/p><p>Primul studiu la nivel na\u021bional privind efectele \u0219i consecin\u021bele crizei Corona asupra s\u0103n\u0103t\u0103\u021bii mintale a copiilor \u0219i adolescen\u021bilor din Germania, realizat de departamentul de cercetare \"S\u0103n\u0103tatea public\u0103 a copiilor\" al Centrului Medical Universitar Hamburg-Eppendorf, a demonstrat \u00eenc\u0103 din luna iulie c\u0103 stresul psihic al copiilor cauzat de m\u0103surile Corona a fost semnificativ mai mare dec\u00e2t se presupunea anterior. Un sondaj Forsa realizat de Fondul german pentru copii cu ocazia Zilei Mondiale a Copilului a ar\u0103tat c\u0103 violen\u021ba \u00eempotriva copiilor a crescut drastic \u00een timpul crizei Corona \u0219i c\u0103 oportunit\u0103\u021bile educa\u021bionale - \u00een special pentru copiii dezavantaja\u021bi din punct de vedere social - au sc\u0103zut.<\/p><p>La 20.11.2020, Ziua Interna\u021bional\u0103 a Drepturilor Copilului, SOS-Kinderdorf e.V. a subliniat c\u0103 nici \u00een Germania nu a fost \u00eenc\u0103 implementat\u0103 pe deplin Conven\u021bia Na\u021biunilor Unite privind drepturile copilului din 1989 - \u0219i c\u0103 restric\u021biile privind drepturile copilului devin \u0219i mai severe sub influen\u021ba crizei Corona.<\/p><h3>Criza ca o oportunitate pentru o corec\u021bie durabil\u0103 a cursului<\/h3><p>Potrivit lui H\u00fcckst\u00e4dt, Corona nu este cauza tuturor problemelor care devin evidente \u00een prezent. Ca orice criz\u0103, Corona este o oportunitate istoric\u0103 de a corecta cursul spre o lume mai bun\u0103. \"\u0218tim de ani de zile c\u0103 vechiul sistem financiar, cu toate bulele sale, este pe sf\u00e2r\u0219ite. Trebuie s\u0103 se schimbe, iar cu Gradido avem o solu\u021bie fantastic\u0103 - trebuie doar s\u0103 o folosim.\" Cu tot optimismul s\u0103u, H\u00fcckst\u00e4dt \u00eendeamn\u0103 la un sim\u021b al propor\u021biilor: \"Este nevoie de responsabilitatea \u00eentregii comunit\u0103\u021bi pentru ca, \u00een aceste vremuri tulburi, copiii no\u0219tri s\u0103 nu r\u0103m\u00e2n\u0103 pe drumuri, ci s\u0103 primeasc\u0103 \u00een sf\u00e2r\u0219it siguran\u021ba \u0219i sprijinul pe care le merit\u0103 - \u00een \u00eentreaga lume.\"<\/p><h3>Solu\u021bia exist\u0103 de patru miliarde \u0219i jum\u0103tate de ani.<\/h3><p>Noul sistem economic \u0219i financiar a fost dezvoltat pe parcursul a peste 20 de ani de cercetare la Academia de Bionic\u0103 Economic\u0103 Gradido. Bionica economic\u0103 examineaz\u0103 modelele de succes ale naturii, care au func\u021bionat timp de peste patru miliarde \u0219i jum\u0103tate de ani, \u0219i le transfer\u0103 \u00een economie. \"Economia natural\u0103 a vie\u021bii\" face ca toate cele 17 obiective de dezvoltare durabil\u0103 ale ONU definite \u00een Agenda 2030 s\u0103 poat\u0103 fi atinse. Dreptul la educa\u021bie este inclus \u00een mod explicit - iar egalitatea de \u0219anse pentru to\u021bi face parte din program. \"Nu este doar preocuparea noastr\u0103 s\u0103 oferim protec\u021bie \u0219i perspectiv\u0103 copiilor\", explic\u0103 Margret Baier, co-fondator \u0219i director general al Academiei Gradido, conceptul de bine comun, \"dorim, de asemenea, s\u0103 \u00eembun\u0103t\u0103\u021bim \u00een mod durabil oportunit\u0103\u021bile de dezvoltare personal\u0103\". Conform cercet\u0103rilor \u0219tiin\u021bifice efectuate de profesorul Gerald H\u00fcther, 98% dintre copii sunt foarte dota\u021bi \u00eenc\u0103 de la na\u0219tere, dar numai 2% r\u0103m\u00e2n a\u0219a \u0219i dup\u0103 terminarea studiilor. \"A\u0219adar, sistemul nostru de \u00eenv\u0103\u021b\u0103m\u00e2nt are nevoie \u00een mod clar de o reform\u0103 - iar cu modelul Gradido, aceast\u0103 reform\u0103 este aproape evident\u0103.\"<\/p><h3>Gradido creeaz\u0103 oportunit\u0103\u021bi educa\u021bionale echitabile<\/h3><p>Sistemul monetar \u0219i economic propus de Gradido deschide calea pentru \"participarea necondi\u021bionat\u0103\" a tuturor la via\u021ba comunit\u0103\u021bii. H\u00fcckst\u00e4dt explic\u0103: \"Principiul etic de baz\u0103 al Gradido se bazeaz\u0103 pe \"triplul bine\", adic\u0103 pe armonizarea binelui individului cu cel al comunit\u0103\u021bii \u0219i al \u00eentregului - \u00een sensul de natur\u0103 \u0219i mediu. Individul face parte din comunitate, care, la r\u00e2ndul ei, face parte din \"imaginea de ansamblu\", din ecosistem. Moneda bunului comun Gradido (GDD) este creat\u0103 pentru fiecare persoan\u0103 ca un credit f\u0103r\u0103 a crea datorii. Urm\u0103m astfel exemplul naturii pentru a le oferi copiilor \u0219i nepo\u021bilor no\u0219tri un viitor f\u0103r\u0103 datorii care s\u0103 merite s\u0103 fie tr\u0103it. Un gradido are aproximativ valoarea unui euro. Pe cap de locuitor, se creeaz\u0103 3 \u00d7 1.000 Gradido. c\u00e2te 1.000 Gradido pentru \"Venitul de baz\u0103 activ\", pentru bugetul public \u0219i pentru Fondul de egalizare \u0219i de mediu.\" Acest lucru are ca rezultat un buget de stat generos \u0219i f\u0103r\u0103 datorii, care, printre altele, permite echiparea gr\u0103dini\u021belor \u0219i a \u0219colilor pentru a promova \u0219i stimula to\u021bi copiii \u00een cel mai bun mod posibil. \u00cenv\u0103\u021b\u0103m\u00e2ntul \u0219colar \u0219i secundar este gratuit \u00een \u00eentreaga lume \u00een cadrul modelului Gradido. Acest lucru \u00eenseamn\u0103 c\u0103 sunt accesibile tuturor persoanelor, indiferent de situa\u021bia lor financiar\u0103.<\/p><p>\u0218i \u00een acest caz, educa\u021bia \u00eenseamn\u0103 mult mai mult dec\u00e2t o simpl\u0103 formare. Pentru a le oferi copiilor \u0219ansa de a \"cre\u0219te \u0219i de a deveni responsabili de propriile vie\u021bi\", care, potrivit lui H\u00fcther, au cele mai bune \u0219anse \"nu doar de a avea succes pe plan profesional, ci \u0219i de a tr\u0103i o via\u021b\u0103 plin\u0103 de sens, responsabil\u0103 \u0219i fericit\u0103\", modelul Gradido prevede, de asemenea, un \"venit de baz\u0103 activ\" \u0219i o \"participare necondi\u021bionat\u0103\" la via\u021ba \u00een comunitate.<\/p><p>\"Venitul de baz\u0103 activ\" asigur\u0103 un ajutor de baz\u0103 pentru to\u021bi oamenii din \u00eentreaga lume \u0219i elimin\u0103 astfel teama existen\u021bial\u0103 perpetu\u0103 care sl\u0103be\u0219te sistemul imunitar \u0219i poate supra\u00eenc\u0103rca psihicul. Astfel, creeaz\u0103 baza pentru o via\u021b\u0103 de familie mai lipsit\u0103 de conflicte. \"Participarea necondi\u021bionat\u0103\", care ofer\u0103, de asemenea, copiilor \u0219i adolescen\u021bilor posibilitatea de a contribui la comunitate pentru \"venitul lor de baz\u0103 activ\", ofer\u0103 oportunit\u0103\u021bi f\u0103r\u0103 precedent de a se testa \u0219i de a se dezvolta \u00eentr-o mare varietate de domenii \u0219i de a cunoa\u0219te un adev\u0103rat spirit public. \u00cen acela\u0219i timp, venitul de baz\u0103 activ asigur\u0103 mijloacele de subzisten\u021b\u0103 chiar \u0219i \u00een timpul form\u0103rii. \"Gradido creeaz\u0103 cea mai bun\u0103 baz\u0103 pentru a se asigura c\u0103 fiecare t\u00e2n\u0103r poate avea acces la dreptul s\u0103u la educa\u021bie \u0219i la o dezvoltare s\u0103n\u0103toas\u0103 \u00eenc\u0103 din copil\u0103rie, pentru a g\u0103si cea mai bun\u0103 cale posibil\u0103 c\u0103tre o via\u021b\u0103 \u00eemplinit\u0103\", subliniaz\u0103 H\u00fcckst\u00e4dt.<\/p><p>Detalii despre \"modelul Gradido\" complet la adresa <a href=\"https:\/\/gradido.net\/ro\/\">https:\/\/gradido.net<\/a><\/p><p><!-- \/wp:paragraph --><\/p>\t\t\t\t\t\t\t\t<\/div>\n\t\t\t\t<\/div>\n\t\t\t\t<div class=\"elementor-element elementor-element-e9ff241 elementor-widget elementor-widget-text-editor\" data-id=\"e9ff241\" data-element_type=\"widget\" data-e-type=\"widget\" data-widget_type=\"text-editor.default\">\n\t\t\t\t<div class=\"elementor-widget-container\">\n\t\t\t\t\t\t\t\t\t<p><strong>Despre Academia Gradido<\/strong><br>Academia Gradido pentru Bionic\u0103 Economic\u0103 a dezvoltat o \"moned\u0103 alternativ\u0103 a binelui comun\", inspirat\u0103 din natur\u0103. Natura respect\u0103 regula conform c\u0103reia numai acolo unde ceva dispare poate ap\u0103rea ceva nou \u0219i, astfel, este posibil\u0103 \u00eembun\u0103t\u0103\u021birea pe termen lung (evolu\u021bia). Re\u021beta sa de succes este \"ciclul vie\u021bii\". Dac\u0103 economia noastr\u0103 ar urma \u0219i ea acest ciclu natural, s-ar rezolva practic toate problemele legate de bani din lume, potrivit exper\u021bilor \u00een bionic\u0103 economic\u0103. Modelul Gradido se bazeaz\u0103 pe ideea c\u0103 nu doar fiecare persoan\u0103, ci \u0219i fiecare stat prime\u0219te un venit creat pe baz\u0103 de credit. Astfel, acesta \u00ee\u0219i poate \u00eendeplini toate sarcinile f\u0103r\u0103 a percepe taxe. Defla\u021bia sau infla\u021bia sunt de domeniul trecutului. Economia este eliberat\u0103 de constr\u00e2ngerea constant\u0103 de a cre\u0219te, iar pericolul unui colaps al sistemului financiar este \u00een sf\u00e2r\u0219it evitat. (<a href=\"https:\/\/gradido.net\/ro\/\">www.gradido.net<\/a>)<\/p>\t\t\t\t\t\t\t\t<\/div>\n\t\t\t\t<\/div>\n\t\t\t\t\t<\/div>\n\t\t<\/div>\n\t\t\t\t\t<\/div>\n\t\t<\/section>\n\t\t\t\t<\/div>","protected":false},"excerpt":{"rendered":"<p>Forscher sehen L\u00f6sung in neuem Geldsystem K\u00fcnzelsau, 25.11.2020 \u2013 Kinder, Eltern und Lehrer sind am Limit. \u00c4rzte, Psychologen und Familienpolitiker schlagen Alarm. Sie alle sehen das Kindeswohl durch die aktuelle Krisenpolitik massiv gef\u00e4hrdet. Quarant\u00e4neregeln, Schulschlie\u00dfungen und Kontaktbeschr\u00e4nkungen bringen nicht nur Kindersch\u00fctzer auf die Barrikaden. Laut Unicef verhungerten schon vor Corona 15.000 Kinder pro Tag. Durch [&hellip;]<\/p>\n","protected":false},"author":2,"featured_media":1231,"comment_status":"closed","ping_status":"closed","sticky":false,"template":"","format":"standard","meta":{"footnotes":""},"categories":[8],"tags":[],"class_list":["post-1238","post","type-post","status-publish","format-standard","has-post-thumbnail","hentry","category-pressemitteilung"],"yoast_head":"<!-- This site is optimized with the Yoast SEO plugin v27.5 - https:\/\/yoast.com\/product\/yoast-seo-wordpress\/ -->\n<title>Corona-Politik bedroht unsere Kinder - Gradido<\/title>\n<meta name=\"robots\" content=\"index, follow, max-snippet:-1, max-image-preview:large, max-video-preview:-1\" \/>\n<link rel=\"canonical\" href=\"https:\/\/gradido.net\/ro\/corona-politik-bedroht-unsere-kinder\/\" \/>\n<meta property=\"og:locale\" content=\"ro_RO\" \/>\n<meta property=\"og:type\" content=\"article\" \/>\n<meta property=\"og:title\" content=\"Corona-Politik bedroht unsere Kinder - Gradido\" \/>\n<meta property=\"og:description\" content=\"Forscher sehen L\u00f6sung in neuem Geldsystem K\u00fcnzelsau, 25.11.2020 \u2013 Kinder, Eltern und Lehrer sind am Limit. \u00c4rzte, Psychologen und Familienpolitiker schlagen Alarm. Sie alle sehen das Kindeswohl durch die aktuelle Krisenpolitik massiv gef\u00e4hrdet. Quarant\u00e4neregeln, Schulschlie\u00dfungen und Kontaktbeschr\u00e4nkungen bringen nicht nur Kindersch\u00fctzer auf die Barrikaden. Laut Unicef verhungerten schon vor Corona 15.000 Kinder pro Tag. Durch [&hellip;]\" \/>\n<meta property=\"og:url\" content=\"https:\/\/gradido.net\/ro\/corona-politik-bedroht-unsere-kinder\/\" \/>\n<meta property=\"og:site_name\" content=\"Gradido\" \/>\n<meta property=\"article:published_time\" content=\"2020-11-25T09:27:43+00:00\" \/>\n<meta property=\"article:modified_time\" content=\"2021-12-11T12:02:17+00:00\" \/>\n<meta property=\"og:image\" content=\"https:\/\/gradido.net\/wp-content\/uploads\/2020\/11\/schule_coronapause.jpg\" \/>\n\t<meta property=\"og:image:width\" content=\"1500\" \/>\n\t<meta property=\"og:image:height\" content=\"959\" \/>\n\t<meta property=\"og:image:type\" content=\"image\/jpeg\" \/>\n<meta name=\"author\" content=\"Bernd H\u00fcckst\u00e4dt\" \/>\n<meta name=\"twitter:card\" content=\"summary_large_image\" \/>\n<meta name=\"twitter:label1\" content=\"Scris de\" \/>\n\t<meta name=\"twitter:data1\" content=\"Bernd H\u00fcckst\u00e4dt\" \/>\n\t<meta name=\"twitter:label2\" content=\"Timp estimat pentru citire\" \/>\n\t<meta name=\"twitter:data2\" content=\"8 minute\" \/>\n<script type=\"application\/ld+json\" class=\"yoast-schema-graph\">{\"@context\":\"https:\\\/\\\/schema.org\",\"@graph\":[{\"@type\":\"Article\",\"@id\":\"https:\\\/\\\/gradido.net\\\/corona-politik-bedroht-unsere-kinder\\\/#article\",\"isPartOf\":{\"@id\":\"https:\\\/\\\/gradido.net\\\/corona-politik-bedroht-unsere-kinder\\\/\"},\"author\":{\"name\":\"Bernd H\u00fcckst\u00e4dt\",\"@id\":\"https:\\\/\\\/gradido.net\\\/de\\\/#\\\/schema\\\/person\\\/9c503a004ad15a1ddecadce2218db5d1\"},\"headline\":\"Corona-Politik bedroht unsere Kinder\",\"datePublished\":\"2020-11-25T09:27:43+00:00\",\"dateModified\":\"2021-12-11T12:02:17+00:00\",\"mainEntityOfPage\":{\"@id\":\"https:\\\/\\\/gradido.net\\\/corona-politik-bedroht-unsere-kinder\\\/\"},\"wordCount\":1581,\"publisher\":{\"@id\":\"https:\\\/\\\/gradido.net\\\/de\\\/#organization\"},\"image\":{\"@id\":\"https:\\\/\\\/gradido.net\\\/corona-politik-bedroht-unsere-kinder\\\/#primaryimage\"},\"thumbnailUrl\":\"https:\\\/\\\/gradido.net\\\/wp-content\\\/uploads\\\/2020\\\/11\\\/schule_coronapause.jpg\",\"articleSection\":[\"Pressemitteilung\"],\"inLanguage\":\"ro-RO\"},{\"@type\":\"WebPage\",\"@id\":\"https:\\\/\\\/gradido.net\\\/corona-politik-bedroht-unsere-kinder\\\/\",\"url\":\"https:\\\/\\\/gradido.net\\\/corona-politik-bedroht-unsere-kinder\\\/\",\"name\":\"Corona-Politik bedroht unsere Kinder - Gradido\",\"isPartOf\":{\"@id\":\"https:\\\/\\\/gradido.net\\\/de\\\/#website\"},\"primaryImageOfPage\":{\"@id\":\"https:\\\/\\\/gradido.net\\\/corona-politik-bedroht-unsere-kinder\\\/#primaryimage\"},\"image\":{\"@id\":\"https:\\\/\\\/gradido.net\\\/corona-politik-bedroht-unsere-kinder\\\/#primaryimage\"},\"thumbnailUrl\":\"https:\\\/\\\/gradido.net\\\/wp-content\\\/uploads\\\/2020\\\/11\\\/schule_coronapause.jpg\",\"datePublished\":\"2020-11-25T09:27:43+00:00\",\"dateModified\":\"2021-12-11T12:02:17+00:00\",\"breadcrumb\":{\"@id\":\"https:\\\/\\\/gradido.net\\\/corona-politik-bedroht-unsere-kinder\\\/#breadcrumb\"},\"inLanguage\":\"ro-RO\",\"potentialAction\":[{\"@type\":\"ReadAction\",\"target\":[\"https:\\\/\\\/gradido.net\\\/corona-politik-bedroht-unsere-kinder\\\/\"]}]},{\"@type\":\"ImageObject\",\"inLanguage\":\"ro-RO\",\"@id\":\"https:\\\/\\\/gradido.net\\\/corona-politik-bedroht-unsere-kinder\\\/#primaryimage\",\"url\":\"https:\\\/\\\/gradido.net\\\/wp-content\\\/uploads\\\/2020\\\/11\\\/schule_coronapause.jpg\",\"contentUrl\":\"https:\\\/\\\/gradido.net\\\/wp-content\\\/uploads\\\/2020\\\/11\\\/schule_coronapause.jpg\",\"width\":1500,\"height\":959,\"caption\":\"Group of preteen children in face masks resting outdoors in schoolyard during break in lessons. Back school concept during pandemic.\"},{\"@type\":\"BreadcrumbList\",\"@id\":\"https:\\\/\\\/gradido.net\\\/corona-politik-bedroht-unsere-kinder\\\/#breadcrumb\",\"itemListElement\":[{\"@type\":\"ListItem\",\"position\":1,\"name\":\"Startseite\",\"item\":\"https:\\\/\\\/gradido.net\\\/\"},{\"@type\":\"ListItem\",\"position\":2,\"name\":\"Corona-Politik bedroht unsere Kinder\"}]},{\"@type\":\"WebSite\",\"@id\":\"https:\\\/\\\/gradido.net\\\/de\\\/#website\",\"url\":\"https:\\\/\\\/gradido.net\\\/de\\\/\",\"name\":\"Gradido\",\"description\":\"Die neue W\u00e4hrung hei\u00dft Dankbarkeit\",\"publisher\":{\"@id\":\"https:\\\/\\\/gradido.net\\\/de\\\/#organization\"},\"potentialAction\":[{\"@type\":\"SearchAction\",\"target\":{\"@type\":\"EntryPoint\",\"urlTemplate\":\"https:\\\/\\\/gradido.net\\\/de\\\/?s={search_term_string}\"},\"query-input\":{\"@type\":\"PropertyValueSpecification\",\"valueRequired\":true,\"valueName\":\"search_term_string\"}}],\"inLanguage\":\"ro-RO\"},{\"@type\":\"Organization\",\"@id\":\"https:\\\/\\\/gradido.net\\\/de\\\/#organization\",\"name\":\"Gradido\",\"url\":\"https:\\\/\\\/gradido.net\\\/de\\\/\",\"logo\":{\"@type\":\"ImageObject\",\"inLanguage\":\"ro-RO\",\"@id\":\"https:\\\/\\\/gradido.net\\\/de\\\/#\\\/schema\\\/logo\\\/image\\\/\",\"url\":\"https:\\\/\\\/gradido.net\\\/wp-content\\\/uploads\\\/2022\\\/04\\\/gradido-social.jpg\",\"contentUrl\":\"https:\\\/\\\/gradido.net\\\/wp-content\\\/uploads\\\/2022\\\/04\\\/gradido-social.jpg\",\"width\":527,\"height\":273,\"caption\":\"Gradido\"},\"image\":{\"@id\":\"https:\\\/\\\/gradido.net\\\/de\\\/#\\\/schema\\\/logo\\\/image\\\/\"}},{\"@type\":\"Person\",\"@id\":\"https:\\\/\\\/gradido.net\\\/de\\\/#\\\/schema\\\/person\\\/9c503a004ad15a1ddecadce2218db5d1\",\"name\":\"Bernd H\u00fcckst\u00e4dt\",\"sameAs\":[\"https:\\\/\\\/gradido.net\"],\"url\":\"https:\\\/\\\/gradido.net\\\/ro\\\/author\\\/bernd\\\/\"}]}<\/script>\n<!-- \/ Yoast SEO plugin. -->","yoast_head_json":{"title":"Politica Corona ne amenin\u021b\u0103 copiii - Gradido","robots":{"index":"index","follow":"follow","max-snippet":"max-snippet:-1","max-image-preview":"max-image-preview:large","max-video-preview":"max-video-preview:-1"},"canonical":"https:\/\/gradido.net\/ro\/corona-politik-bedroht-unsere-kinder\/","og_locale":"ro_RO","og_type":"article","og_title":"Corona-Politik bedroht unsere Kinder - Gradido","og_description":"Forscher sehen L\u00f6sung in neuem Geldsystem K\u00fcnzelsau, 25.11.2020 \u2013 Kinder, Eltern und Lehrer sind am Limit. \u00c4rzte, Psychologen und Familienpolitiker schlagen Alarm. Sie alle sehen das Kindeswohl durch die aktuelle Krisenpolitik massiv gef\u00e4hrdet. Quarant\u00e4neregeln, Schulschlie\u00dfungen und Kontaktbeschr\u00e4nkungen bringen nicht nur Kindersch\u00fctzer auf die Barrikaden. Laut Unicef verhungerten schon vor Corona 15.000 Kinder pro Tag. Durch [&hellip;]","og_url":"https:\/\/gradido.net\/ro\/corona-politik-bedroht-unsere-kinder\/","og_site_name":"Gradido","article_published_time":"2020-11-25T09:27:43+00:00","article_modified_time":"2021-12-11T12:02:17+00:00","og_image":[{"width":1500,"height":959,"url":"https:\/\/gradido.net\/wp-content\/uploads\/2020\/11\/schule_coronapause.jpg","type":"image\/jpeg"}],"author":"Bernd H\u00fcckst\u00e4dt","twitter_card":"summary_large_image","twitter_misc":{"Scris de":"Bernd H\u00fcckst\u00e4dt","Timp estimat pentru citire":"8 minute"},"schema":{"@context":"https:\/\/schema.org","@graph":[{"@type":"Article","@id":"https:\/\/gradido.net\/corona-politik-bedroht-unsere-kinder\/#article","isPartOf":{"@id":"https:\/\/gradido.net\/corona-politik-bedroht-unsere-kinder\/"},"author":{"name":"Bernd H\u00fcckst\u00e4dt","@id":"https:\/\/gradido.net\/de\/#\/schema\/person\/9c503a004ad15a1ddecadce2218db5d1"},"headline":"Corona-Politik bedroht unsere Kinder","datePublished":"2020-11-25T09:27:43+00:00","dateModified":"2021-12-11T12:02:17+00:00","mainEntityOfPage":{"@id":"https:\/\/gradido.net\/corona-politik-bedroht-unsere-kinder\/"},"wordCount":1581,"publisher":{"@id":"https:\/\/gradido.net\/de\/#organization"},"image":{"@id":"https:\/\/gradido.net\/corona-politik-bedroht-unsere-kinder\/#primaryimage"},"thumbnailUrl":"https:\/\/gradido.net\/wp-content\/uploads\/2020\/11\/schule_coronapause.jpg","articleSection":["Pressemitteilung"],"inLanguage":"ro-RO"},{"@type":"WebPage","@id":"https:\/\/gradido.net\/corona-politik-bedroht-unsere-kinder\/","url":"https:\/\/gradido.net\/corona-politik-bedroht-unsere-kinder\/","name":"Politica Corona ne amenin\u021b\u0103 copiii - Gradido","isPartOf":{"@id":"https:\/\/gradido.net\/de\/#website"},"primaryImageOfPage":{"@id":"https:\/\/gradido.net\/corona-politik-bedroht-unsere-kinder\/#primaryimage"},"image":{"@id":"https:\/\/gradido.net\/corona-politik-bedroht-unsere-kinder\/#primaryimage"},"thumbnailUrl":"https:\/\/gradido.net\/wp-content\/uploads\/2020\/11\/schule_coronapause.jpg","datePublished":"2020-11-25T09:27:43+00:00","dateModified":"2021-12-11T12:02:17+00:00","breadcrumb":{"@id":"https:\/\/gradido.net\/corona-politik-bedroht-unsere-kinder\/#breadcrumb"},"inLanguage":"ro-RO","potentialAction":[{"@type":"ReadAction","target":["https:\/\/gradido.net\/corona-politik-bedroht-unsere-kinder\/"]}]},{"@type":"ImageObject","inLanguage":"ro-RO","@id":"https:\/\/gradido.net\/corona-politik-bedroht-unsere-kinder\/#primaryimage","url":"https:\/\/gradido.net\/wp-content\/uploads\/2020\/11\/schule_coronapause.jpg","contentUrl":"https:\/\/gradido.net\/wp-content\/uploads\/2020\/11\/schule_coronapause.jpg","width":1500,"height":959,"caption":"Group of preteen children in face masks resting outdoors in schoolyard during break in lessons. Back school concept during pandemic."},{"@type":"BreadcrumbList","@id":"https:\/\/gradido.net\/corona-politik-bedroht-unsere-kinder\/#breadcrumb","itemListElement":[{"@type":"ListItem","position":1,"name":"Startseite","item":"https:\/\/gradido.net\/"},{"@type":"ListItem","position":2,"name":"Corona-Politik bedroht unsere Kinder"}]},{"@type":"WebSite","@id":"https:\/\/gradido.net\/de\/#website","url":"https:\/\/gradido.net\/de\/","name":"Gradido","description":"Noua moned\u0103 este recuno\u0219tin\u021ba","publisher":{"@id":"https:\/\/gradido.net\/de\/#organization"},"potentialAction":[{"@type":"SearchAction","target":{"@type":"EntryPoint","urlTemplate":"https:\/\/gradido.net\/de\/?s={search_term_string}"},"query-input":{"@type":"PropertyValueSpecification","valueRequired":true,"valueName":"search_term_string"}}],"inLanguage":"ro-RO"},{"@type":"Organization","@id":"https:\/\/gradido.net\/de\/#organization","name":"Gradido","url":"https:\/\/gradido.net\/de\/","logo":{"@type":"ImageObject","inLanguage":"ro-RO","@id":"https:\/\/gradido.net\/de\/#\/schema\/logo\/image\/","url":"https:\/\/gradido.net\/wp-content\/uploads\/2022\/04\/gradido-social.jpg","contentUrl":"https:\/\/gradido.net\/wp-content\/uploads\/2022\/04\/gradido-social.jpg","width":527,"height":273,"caption":"Gradido"},"image":{"@id":"https:\/\/gradido.net\/de\/#\/schema\/logo\/image\/"}},{"@type":"Person","@id":"https:\/\/gradido.net\/de\/#\/schema\/person\/9c503a004ad15a1ddecadce2218db5d1","name":"Bernd H\u00fcckst\u00e4dt","sameAs":["https:\/\/gradido.net"],"url":"https:\/\/gradido.net\/ro\/author\/bernd\/"}]}},"_links":{"self":[{"href":"https:\/\/gradido.net\/ro\/wp-json\/wp\/v2\/posts\/1238","targetHints":{"allow":["GET"]}}],"collection":[{"href":"https:\/\/gradido.net\/ro\/wp-json\/wp\/v2\/posts"}],"about":[{"href":"https:\/\/gradido.net\/ro\/wp-json\/wp\/v2\/types\/post"}],"author":[{"embeddable":true,"href":"https:\/\/gradido.net\/ro\/wp-json\/wp\/v2\/users\/2"}],"replies":[{"embeddable":true,"href":"https:\/\/gradido.net\/ro\/wp-json\/wp\/v2\/comments?post=1238"}],"version-history":[{"count":29,"href":"https:\/\/gradido.net\/ro\/wp-json\/wp\/v2\/posts\/1238\/revisions"}],"predecessor-version":[{"id":3745,"href":"https:\/\/gradido.net\/ro\/wp-json\/wp\/v2\/posts\/1238\/revisions\/3745"}],"wp:featuredmedia":[{"embeddable":true,"href":"https:\/\/gradido.net\/ro\/wp-json\/wp\/v2\/media\/1231"}],"wp:attachment":[{"href":"https:\/\/gradido.net\/ro\/wp-json\/wp\/v2\/media?parent=1238"}],"wp:term":[{"taxonomy":"category","embeddable":true,"href":"https:\/\/gradido.net\/ro\/wp-json\/wp\/v2\/categories?post=1238"},{"taxonomy":"post_tag","embeddable":true,"href":"https:\/\/gradido.net\/ro\/wp-json\/wp\/v2\/tags?post=1238"}],"curies":[{"name":"wp","href":"https:\/\/api.w.org\/{rel}","templated":true}]}}