{"id":1317,"date":"2020-12-08T17:23:44","date_gmt":"2020-12-08T16:23:44","guid":{"rendered":"https:\/\/gradido.net\/?p=1317"},"modified":"2021-12-11T13:03:16","modified_gmt":"2021-12-11T12:03:16","slug":"fairness-und-fuersorge-fuer-corona-jugend","status":"publish","type":"post","link":"https:\/\/gradido.net\/ro\/fairness-und-fuersorge-fuer-corona-jugend\/","title":{"rendered":"Corectitudine \u0219i grij\u0103 pentru \"tinerii de la Corona"},"content":{"rendered":"<div data-elementor-type=\"wp-post\" data-elementor-id=\"1317\" class=\"elementor elementor-1317\" data-elementor-post-type=\"post\">\n\t\t\t\t\t\t<section class=\"elementor-section elementor-top-section elementor-element elementor-element-496e1d53 elementor-section-boxed elementor-section-height-default elementor-section-height-default\" data-id=\"496e1d53\" data-element_type=\"section\" data-e-type=\"section\">\n\t\t\t\t\t\t<div class=\"elementor-container elementor-column-gap-default\">\n\t\t\t\t\t<div class=\"elementor-column elementor-col-100 elementor-top-column elementor-element elementor-element-461d7be0\" data-id=\"461d7be0\" data-element_type=\"column\" data-e-type=\"column\">\n\t\t\t<div class=\"elementor-widget-wrap elementor-element-populated\">\n\t\t\t\t\t\t<div class=\"elementor-element elementor-element-cd9ebe2 elementor-widget elementor-widget-text-editor\" data-id=\"cd9ebe2\" data-element_type=\"widget\" data-e-type=\"widget\" data-widget_type=\"text-editor.default\">\n\t\t\t\t<div class=\"elementor-widget-container\">\n\t\t\t\t\t\t\t\t\t<h2>Nu exist\u0103 alternativ\u0103 la b\u0103tr\u00e2nii \u00eempotriva tinerilor?<\/h2><p><strong>K\u00fcnzelsau, 08.12.2020 - F\u0103c\u0103tori de partide iresponsabili sau \"ratoni lene\u0219i\" medalia\u021bi? Mass-media \u0219i politica au f\u0103cut din tineri \u021bapul isp\u0103\u0219itor al crizei Corona. Acum, \u00eens\u0103, aceast\u0103 imagine neatractiv\u0103 \u00eencepe s\u0103 se destrame. Primele studii arat\u0103 marea loialitate \u0219i considera\u021bie a tinerei genera\u021bii - \u0219i povara masiv\u0103 a crizei \u0219i a interdic\u021biilor de contact. Cercet\u0103torii de la Academia Gradido critic\u0103 tratarea superficial\u0103 a situa\u021biei actuale a tinerilor ca fiind \"nedreapt\u0103 \u0219i iresponsabil\u0103\". \u00cen plus, Bernd H\u00fcckst\u00e4dt, co-fondator al Institutului de Cercetare pentru Bionic\u0103 Economic\u0103, avertizeaz\u0103 asupra consecin\u021belor sociale dezastruoase: \"Rareori solidaritatea dintre genera\u021bii a fost mai important\u0103, rareori rupturile dintre tineri \u0219i b\u0103tr\u00e2ni au fost mai ad\u00e2nci. Dac\u0103 nu reu\u0219im acum s\u0103 deschidem calea pentru o coexisten\u021b\u0103 responsabil\u0103, vor exista doar perdan\u021bi de ambele p\u0103r\u021bi - dar exist\u0103 o lumin\u0103 la cap\u0103tul tunelului.\"<\/strong><\/p><h3>\u021aap isp\u0103\u0219itor? Dimpotriv\u0103!<\/h3><p>C\u00e2nd cifrele de infec\u021bie au \u00eenceput s\u0103 creasc\u0103 din nou \u00een var\u0103, tinerii au devenit centrul criticii generale. Ei au fost acuza\u021bi c\u0103 sunt \"super r\u0103sp\u00e2ndi\u021bi\". Mass-media a prezentat imaginea unor \"petrec\u0103re\u021bi\" iresponsabili, iar cancelarul \u00eensu\u0219i le-a cerut tinerilor s\u0103 se ab\u021bin\u0103 de la petreceri. Sub \"hashtag-ul #BesondereHelden\", guvernul federal a publicat recent chiar \u0219i trei videoclipuri care au fost produse \u00een mod explicit pentru a-i sensibiliza pe tineri s\u0103 respecte restric\u021biile de contact. Cu toate acestea, studii recente privind tineretul arat\u0103 c\u0103 tinerii din Germania au fost transforma\u021bi pe nedrept \u00een \u021bapi isp\u0103\u0219itori ai crizei.<\/p><h3>Tinerii dau dovad\u0103 de loialitate \u0219i sim\u021b al responsabilit\u0103\u021bii<\/h3><p>Toate studiile sunt de acord c\u0103 majoritatea tinerilor din aceast\u0103 \u021bar\u0103 dau dovad\u0103 de solidaritate \u0219i de sim\u021b al responsabilit\u0103\u021bii. Studiile realizate de Universitatea din Hildesheim, actualul studiu privind tineretul realizat de Funda\u021bia TUI \u0219i, de asemenea, evaluarea special\u0103 \"Tineretul \u0219i Corona\" publicat\u0103 recent \u00een cadrul renumitului studiu \"Tinerii germani 2021\" dovedesc dorin\u021ba mare a tinerilor cu v\u00e2rste cuprinse \u00eentre 16 \u0219i 26 de ani de a respecta restric\u021biile din via\u021ba lor social\u0103 pentru binele comunit\u0103\u021bii. Flexibilitatea \u0219i adaptabilitatea tinerilor \u00een aceast\u0103 situa\u021bie dificil\u0103 este chiar l\u0103udat\u0103 \u00een mod explicit de c\u0103tre cercet\u0103torii \u00een domeniul tineretului.<\/p><h3>Academia Gradido exploreaz\u0103 viitoarele modele potrivite pentru nepo\u021bi<\/h3><p>\"Este un scandal c\u0103 tinerii sunt pu\u0219i la pilda pentru bucuria lor de a s\u0103rb\u0103tori \u0219i pentru dorin\u021ba lor de schimb \u0219i apropiere. Amenin\u021barea la adresa \u00eentregii lor vie\u021bi prezente \u0219i viitoare este aparent complet ignorat\u0103 \u00een politic\u0103 \u0219i \u00een mass-media\", continu\u0103 H\u00fcckst\u00e4dt. \u00cempreun\u0103 cu proprietara Margret Baier, a fondat, \u00een urm\u0103 cu peste 20 de ani, Gradido Academy for Business Bionics. De atunci, au fost efectuate cercet\u0103ri pentru a afla care dintre modelele de succes ale naturii pot fi transferate \u00een modele economice \u0219i financiare reale. Punctul central al deceniilor de cercetare este \u00eencercarea de a le oferi copiilor \u0219i nepo\u021bilor un viitor demn de a fi tr\u0103it. Acum, exper\u021bii \u00een bionic\u0103 economic\u0103 v\u0103d o nevoie concret\u0103 de ac\u021biune.<\/p><h3>Tinerii \u00ee\u0219i pierd mediul de via\u021b\u0103 familiar<\/h3><p>De la \u00eenceputul restric\u021biilor de contact, \u00een prim\u0103var\u0103, sociologul Michael Corsten de la Universitatea din Hildesheim a investigat modul \u00een care criza Corona afecteaz\u0103 via\u021ba tinerilor adul\u021bi. Studiul \"Genera\u021bia Corona\" dovede\u0219te \u00een mod impresionant c\u0103 lipsa petrecerilor nu este nici pe departe cea mai mare problem\u0103 \u00een via\u021ba de zi cu zi a tinerilor afla\u021bi \u00een criz\u0103. Ceea ce este cu adev\u0103rat stresant, \u00eens\u0103, este faptul c\u0103, \u00een mijlocul fazei de via\u021b\u0103 \u00een care trebuie s\u0103 \u00ee\u0219i stabileasc\u0103 cursul vie\u021bii profesionale \u0219i private, aproape tot terenul cunoscut le este smuls de sub picioare. Industrii \u00eentregi amenin\u021b\u0103 s\u0103 cad\u0103 victime ale crizei economice. Traseele de antrenament presupus promi\u021b\u0103toare se opresc. Nimeni nu \u0219tie ce companii \u0219i afaceri vor supravie\u021bui, c\u00e2nd va fi din nou posibil\u0103 \u00eenv\u0103\u021barea \u0219i studiul regulat \u0219i dac\u0103 mobilitatea obi\u0219nuit\u0103 va fi din nou posibil\u0103. Economi\u0219tii numesc acest fenomen \"efectul de cicatrizare\", ceea ce \u00eenseamn\u0103 c\u0103 tinerii de ast\u0103zi pot suferi de pe urma condi\u021biilor proaste de pornire actuale pe parcursul \u00eentregii lor vie\u021bi profesionale viitoare.<\/p><h3>Abord\u0103ri \u00een loc de repro\u0219uri <\/h3><p>Av\u00e2nd \u00een vedere aceste consecin\u021be amenin\u021b\u0103toare, nu este surprinz\u0103tor faptul c\u0103 tinerii asociaz\u0103 \"corona\" cu nesiguran\u021ba, frica \u0219i triste\u021bea. Ace\u0219tia se tem pentru perspectivele lor private \u0219i profesionale \u0219i pentru existen\u021ba economic\u0103 \u0219i social\u0103 a familiilor lor. \"Nu trebuie s\u0103 permitem ca tinerii s\u0103 devin\u0103 marii perdan\u021bi ai acestei crize\", cere Bernd H\u00fcckst\u00e4dt, \"pentru c\u0103 ei merit\u0103 o \u0219ans\u0103 echitabil\u0103 la o via\u021b\u0103 \u00eemplinit\u0103.\" Margret Baier adaug\u0103: \"Acum nu avem nevoie de repro\u0219uri, ci de abord\u0103ri inovatoare de solu\u021bii pentru viitorul comun al b\u0103tr\u00e2nilor \u0219i al tinerilor.\"<\/p><h3>Venitul de baz\u0103 \u00eempotriva insecurit\u0103\u021bii de baz\u0103<\/h3><p>Pionierii economici ai Academiei Gradido contracareaz\u0103 marea incertitudine \u0219i teama de viitor cu \"modelul Gradido\". Modelul se bazeaz\u0103 pe moneda bunului comun \"Gradido\", abandoneaz\u0103 complet principiul anterior al banilor datorie cu metoda sa de creare a banilor \u0219i are o salvare integrat\u0103 \u00een caz de criz\u0103 bazat\u0103 pe un \"venit de baz\u0103 activ\". \"Cu modelul nostru, putem st\u0103p\u00e2ni cu succes criza \u0219i le putem oferi tinerilor \u0219i b\u0103tr\u00e2nilor un viitor demn de a fi tr\u0103it\", subliniaz\u0103 Baier \u0219i H\u00fcckst\u00e4dt.<\/p><h3>Criza ca o oportunitate pentru o corec\u021bie durabil\u0103 a cursului<\/h3><p>Potrivit lui H\u00fcckst\u00e4dt, Corona nu este cauza tuturor problemelor care devin \u00een prezent foarte clare. Mai degrab\u0103, el vede virusul ca pe un fel de accelerator de foc pentru dezintegrarea sistemului economic \u0219i financiar aflat \u00een dificultate. Cercet\u0103torul \u00een domeniul religios Mirjam Schambeck adaug\u0103: \"Temerile \u0219i \u00eentreb\u0103rile pe care le provoac\u0103 Corona pun \u00een lumin\u0103 structura social\u0103 polarizat\u0103 din Germania\". Cercet\u0103torul pentru tineret Corsten vede \u00een nevoia actual\u0103 de a se angaja \u00een aranjamente provizorii \u0219i de a \u00eenv\u0103\u021ba r\u0103bdarea de a a\u0219tepta, dar \u0219i \u0219ansa de a dezvolta o deschidere fa\u021b\u0103 de modele alternative de via\u021b\u0103.<\/p><h3>O lume nou\u0103 are nevoie de noi c\u0103i<\/h3><p>Modelul Gradido deschide calea pentru astfel de noi modele de via\u021b\u0103 prin \"participarea necondi\u021bionat\u0103\" a tuturor la via\u021ba comunit\u0103\u021bii. H\u00fcckst\u00e4dt explic\u0103: \"Principiul etic de baz\u0103 al Gradido se bazeaz\u0103 pe \"triplul bine\", adic\u0103 pe armonizarea binelui individului cu cel al comunit\u0103\u021bii \u0219i al \u00eentregului - \u00een sensul de natur\u0103 \u0219i mediu. Individul face parte din comunitate, iar aceasta, la r\u00e2ndul ei, face parte din \"marele \u00eentreg\", ecosistemul. Un Gradido are aproximativ valoarea unui euro. Pe cap de locuitor, se extrag 3 \u00d7 1.000 Gradido pe lun\u0103. c\u00e2te 1.000 Gradido pentru \"Venitul de baz\u0103 activ\", pentru bugetul public \u0219i pentru \"Fondul de egalizare \u0219i mediu\".\"<\/p><h3>Datoria public\u0103 \u00een detrimentul genera\u021biilor viitoare este tabu<\/h3><p>Moneda bunului comun Gradido (GDD) este creat\u0103 ca un credit pentru fiecare persoan\u0103, f\u0103r\u0103 a crea datorii. Astfel, Gradido se inspir\u0103 din natur\u0103 pentru a le oferi copiilor \u0219i nepo\u021bilor un viitor f\u0103r\u0103 datorii care s\u0103 merite s\u0103 fie tr\u0103it. Conflictul anterior, care a rezultat din acumularea de c\u0103tre genera\u021biile de ast\u0103zi a mun\u021bilor de datorii pentru cele viitoare, este, astfel, istorie. \"Pentru tineri, noul nostru model economic \u0219i financiar ar putea fi orientat spre viitor\", subliniaz\u0103 H\u00fcckst\u00e4dt, \"\u0219i consider\u0103m c\u0103 sarcina noastr\u0103 cea mai important\u0103 este aceea de a-i face s\u0103 se bucure de via\u021b\u0103, s\u0103 \u00eenve\u021be \u0219i s\u0103 aib\u0103 \u00eencredere \u00een ei \u00een\u0219i\u0219i \u0219i \u00eentr-un viitor bun.\"<\/p><h3>Securitate pentru o via\u021b\u0103 \u00eentreag\u0103<\/h3><p>\"Venitul de baz\u0103 activ\" asigur\u0103 o asigurare de baz\u0103 pentru to\u021bi oamenii \u0219i elimin\u0103 astfel teama existen\u021bial\u0103 \u0219i viitoare perpetu\u0103, care sl\u0103be\u0219te sistemul imunitar \u0219i \u00eempov\u0103reaz\u0103 psihicul. Astfel, se creeaz\u0103 o baz\u0103 solid\u0103 pentru cea mai bun\u0103 dezvoltare personal\u0103 \u0219i profesional\u0103 posibil\u0103. \"Participarea necondi\u021bionat\u0103\", care ofer\u0103, de asemenea, copiilor \u0219i adolescen\u021bilor posibilitatea de a contribui la comunitate pentru \"venitul lor de baz\u0103 activ\", deschide oportunit\u0103\u021bi f\u0103r\u0103 precedent de a se testa, de a se dezvolta \u0219i, dac\u0103 este necesar, de a se schimba \u00eentr-o mare varietate de domenii. \u00cen acela\u0219i timp, \"venitul de baz\u0103 activ\" asigur\u0103 mijloacele de subzisten\u021b\u0103 chiar \u0219i \u00een timpul form\u0103rii. \"Cu Gradido, avem cea mai bun\u0103 baz\u0103 pentru a ne asigura c\u0103 toat\u0103 lumea are dreptul la o dezvoltare s\u0103n\u0103toas\u0103, la educa\u021bie \u0219i formare profesional\u0103 \u0219i c\u0103 putem dep\u0103\u0219i orice criz\u0103 \u00eentr-un spirit de solidaritate\", subliniaz\u0103 H\u00fcckst\u00e4dt.<\/p><p>Detalii despre \"modelul Gradido\" complet la adresa <a href=\"https:\/\/gradido.net\/ro\/\">https:\/\/gradido.net<\/a><\/p><p><!-- \/wp:paragraph --><\/p>\t\t\t\t\t\t\t\t<\/div>\n\t\t\t\t<\/div>\n\t\t\t\t<div class=\"elementor-element elementor-element-e9ff241 elementor-widget elementor-widget-text-editor\" data-id=\"e9ff241\" data-element_type=\"widget\" data-e-type=\"widget\" data-widget_type=\"text-editor.default\">\n\t\t\t\t<div class=\"elementor-widget-container\">\n\t\t\t\t\t\t\t\t\t<p><strong>Despre Academia Gradido<\/strong><br>Academia Gradido pentru Bionic\u0103 Economic\u0103 a dezvoltat o \"moned\u0103 alternativ\u0103 a binelui comun\", inspirat\u0103 din natur\u0103. Natura respect\u0103 regula conform c\u0103reia numai acolo unde ceva dispare poate ap\u0103rea ceva nou \u0219i, astfel, este posibil\u0103 \u00eembun\u0103t\u0103\u021birea pe termen lung (evolu\u021bia). Re\u021beta sa de succes este \"ciclul vie\u021bii\". Dac\u0103 economia noastr\u0103 ar urma \u0219i ea acest ciclu natural, s-ar rezolva practic toate problemele legate de bani din lume, potrivit exper\u021bilor \u00een bionic\u0103 economic\u0103. Modelul Gradido se bazeaz\u0103 pe ideea c\u0103 nu doar fiecare persoan\u0103, ci \u0219i fiecare stat prime\u0219te un venit creat pe baz\u0103 de credit. Astfel, acesta \u00ee\u0219i poate \u00eendeplini toate sarcinile f\u0103r\u0103 a percepe taxe. Defla\u021bia sau infla\u021bia sunt de domeniul trecutului. Economia este eliberat\u0103 de constr\u00e2ngerea constant\u0103 de a cre\u0219te, iar pericolul unui colaps al sistemului financiar este \u00een sf\u00e2r\u0219it evitat. (<a href=\"https:\/\/gradido.net\/ro\/\">www.gradido.net<\/a>)<\/p>\t\t\t\t\t\t\t\t<\/div>\n\t\t\t\t<\/div>\n\t\t\t\t\t<\/div>\n\t\t<\/div>\n\t\t\t\t\t<\/div>\n\t\t<\/section>\n\t\t\t\t<\/div>","protected":false},"excerpt":{"rendered":"<p>Alt gegen Jung alternativlos? K\u00fcnzelsau, 08.12.2020 \u2013 Verantwortungslose Partymacher oder medaillengeschm\u00fcckte \u201efaule Waschb\u00e4ren\u201c? Medien und Politik haben die Jugend zum S\u00fcndenbock der Corona-Krise gemacht. Nun aber bekommt dieses unsch\u00f6ne Bild Risse. Erste Studien belegen die gro\u00dfe Loyalit\u00e4t und R\u00fccksichtnahme der jungen Generation \u2013 und deren massive Belastung durch Krise und Kontaktverbote. Den oberfl\u00e4chlichen Umgang mit [&hellip;]<\/p>\n","protected":false},"author":2,"featured_media":1339,"comment_status":"closed","ping_status":"closed","sticky":false,"template":"","format":"standard","meta":{"footnotes":""},"categories":[8],"tags":[22],"class_list":["post-1317","post","type-post","status-publish","format-standard","has-post-thumbnail","hentry","category-pressemitteilung","tag-bild-oben"],"yoast_head":"<!-- This site is optimized with the Yoast SEO plugin v27.5 - https:\/\/yoast.com\/product\/yoast-seo-wordpress\/ -->\n<title>Fairness und F\u00fcrsorge f\u00fcr \u201aCorona-Jugend\u2018 - Gradido<\/title>\n<meta name=\"robots\" content=\"index, follow, max-snippet:-1, max-image-preview:large, max-video-preview:-1\" \/>\n<link rel=\"canonical\" href=\"https:\/\/gradido.net\/ro\/fairness-und-fuersorge-fuer-corona-jugend\/\" \/>\n<meta property=\"og:locale\" content=\"ro_RO\" \/>\n<meta property=\"og:type\" content=\"article\" \/>\n<meta property=\"og:title\" content=\"Fairness und F\u00fcrsorge f\u00fcr \u201aCorona-Jugend\u2018 - Gradido\" \/>\n<meta property=\"og:description\" content=\"Alt gegen Jung alternativlos? K\u00fcnzelsau, 08.12.2020 \u2013 Verantwortungslose Partymacher oder medaillengeschm\u00fcckte \u201efaule Waschb\u00e4ren\u201c? Medien und Politik haben die Jugend zum S\u00fcndenbock der Corona-Krise gemacht. Nun aber bekommt dieses unsch\u00f6ne Bild Risse. Erste Studien belegen die gro\u00dfe Loyalit\u00e4t und R\u00fccksichtnahme der jungen Generation \u2013 und deren massive Belastung durch Krise und Kontaktverbote. Den oberfl\u00e4chlichen Umgang mit [&hellip;]\" \/>\n<meta property=\"og:url\" content=\"https:\/\/gradido.net\/ro\/fairness-und-fuersorge-fuer-corona-jugend\/\" \/>\n<meta property=\"og:site_name\" content=\"Gradido\" \/>\n<meta property=\"article:published_time\" content=\"2020-12-08T16:23:44+00:00\" \/>\n<meta property=\"article:modified_time\" content=\"2021-12-11T12:03:16+00:00\" \/>\n<meta property=\"og:image\" content=\"https:\/\/gradido.net\/wp-content\/uploads\/2020\/12\/corona_solidaritaet_jugend-1.jpg\" \/>\n\t<meta property=\"og:image:width\" content=\"1459\" \/>\n\t<meta property=\"og:image:height\" content=\"990\" \/>\n\t<meta property=\"og:image:type\" content=\"image\/jpeg\" \/>\n<meta name=\"author\" content=\"Bernd H\u00fcckst\u00e4dt\" \/>\n<meta name=\"twitter:card\" content=\"summary_large_image\" \/>\n<meta name=\"twitter:label1\" content=\"Scris de\" \/>\n\t<meta name=\"twitter:data1\" content=\"Bernd H\u00fcckst\u00e4dt\" \/>\n\t<meta name=\"twitter:label2\" content=\"Timp estimat pentru citire\" \/>\n\t<meta name=\"twitter:data2\" content=\"7 minute\" \/>\n<script type=\"application\/ld+json\" class=\"yoast-schema-graph\">{\"@context\":\"https:\\\/\\\/schema.org\",\"@graph\":[{\"@type\":\"Article\",\"@id\":\"https:\\\/\\\/gradido.net\\\/bg\\\/fairness-und-fuersorge-fuer-corona-jugend\\\/#article\",\"isPartOf\":{\"@id\":\"https:\\\/\\\/gradido.net\\\/bg\\\/fairness-und-fuersorge-fuer-corona-jugend\\\/\"},\"author\":{\"name\":\"Bernd H\u00fcckst\u00e4dt\",\"@id\":\"https:\\\/\\\/gradido.net\\\/de\\\/#\\\/schema\\\/person\\\/9c503a004ad15a1ddecadce2218db5d1\"},\"headline\":\"Fairness und F\u00fcrsorge f\u00fcr \u201aCorona-Jugend\u2018\",\"datePublished\":\"2020-12-08T16:23:44+00:00\",\"dateModified\":\"2021-12-11T12:03:16+00:00\",\"mainEntityOfPage\":{\"@id\":\"https:\\\/\\\/gradido.net\\\/bg\\\/fairness-und-fuersorge-fuer-corona-jugend\\\/\"},\"wordCount\":1384,\"publisher\":{\"@id\":\"https:\\\/\\\/gradido.net\\\/de\\\/#organization\"},\"image\":{\"@id\":\"https:\\\/\\\/gradido.net\\\/bg\\\/fairness-und-fuersorge-fuer-corona-jugend\\\/#primaryimage\"},\"thumbnailUrl\":\"https:\\\/\\\/gradido.net\\\/wp-content\\\/uploads\\\/2020\\\/12\\\/corona_solidaritaet_jugend-1.jpg\",\"keywords\":[\"Bild oben\"],\"articleSection\":[\"Pressemitteilung\"],\"inLanguage\":\"ro-RO\"},{\"@type\":\"WebPage\",\"@id\":\"https:\\\/\\\/gradido.net\\\/bg\\\/fairness-und-fuersorge-fuer-corona-jugend\\\/\",\"url\":\"https:\\\/\\\/gradido.net\\\/bg\\\/fairness-und-fuersorge-fuer-corona-jugend\\\/\",\"name\":\"Fairness und F\u00fcrsorge f\u00fcr \u201aCorona-Jugend\u2018 - Gradido\",\"isPartOf\":{\"@id\":\"https:\\\/\\\/gradido.net\\\/de\\\/#website\"},\"primaryImageOfPage\":{\"@id\":\"https:\\\/\\\/gradido.net\\\/bg\\\/fairness-und-fuersorge-fuer-corona-jugend\\\/#primaryimage\"},\"image\":{\"@id\":\"https:\\\/\\\/gradido.net\\\/bg\\\/fairness-und-fuersorge-fuer-corona-jugend\\\/#primaryimage\"},\"thumbnailUrl\":\"https:\\\/\\\/gradido.net\\\/wp-content\\\/uploads\\\/2020\\\/12\\\/corona_solidaritaet_jugend-1.jpg\",\"datePublished\":\"2020-12-08T16:23:44+00:00\",\"dateModified\":\"2021-12-11T12:03:16+00:00\",\"breadcrumb\":{\"@id\":\"https:\\\/\\\/gradido.net\\\/bg\\\/fairness-und-fuersorge-fuer-corona-jugend\\\/#breadcrumb\"},\"inLanguage\":\"ro-RO\",\"potentialAction\":[{\"@type\":\"ReadAction\",\"target\":[\"https:\\\/\\\/gradido.net\\\/bg\\\/fairness-und-fuersorge-fuer-corona-jugend\\\/\"]}]},{\"@type\":\"ImageObject\",\"inLanguage\":\"ro-RO\",\"@id\":\"https:\\\/\\\/gradido.net\\\/bg\\\/fairness-und-fuersorge-fuer-corona-jugend\\\/#primaryimage\",\"url\":\"https:\\\/\\\/gradido.net\\\/wp-content\\\/uploads\\\/2020\\\/12\\\/corona_solidaritaet_jugend-1.jpg\",\"contentUrl\":\"https:\\\/\\\/gradido.net\\\/wp-content\\\/uploads\\\/2020\\\/12\\\/corona_solidaritaet_jugend-1.jpg\",\"width\":1459,\"height\":990},{\"@type\":\"BreadcrumbList\",\"@id\":\"https:\\\/\\\/gradido.net\\\/bg\\\/fairness-und-fuersorge-fuer-corona-jugend\\\/#breadcrumb\",\"itemListElement\":[{\"@type\":\"ListItem\",\"position\":1,\"name\":\"Startseite\",\"item\":\"https:\\\/\\\/gradido.net\\\/\"},{\"@type\":\"ListItem\",\"position\":2,\"name\":\"Fairness und F\u00fcrsorge f\u00fcr \u201aCorona-Jugend\u2018\"}]},{\"@type\":\"WebSite\",\"@id\":\"https:\\\/\\\/gradido.net\\\/de\\\/#website\",\"url\":\"https:\\\/\\\/gradido.net\\\/de\\\/\",\"name\":\"Gradido\",\"description\":\"Die neue W\u00e4hrung hei\u00dft Dankbarkeit\",\"publisher\":{\"@id\":\"https:\\\/\\\/gradido.net\\\/de\\\/#organization\"},\"potentialAction\":[{\"@type\":\"SearchAction\",\"target\":{\"@type\":\"EntryPoint\",\"urlTemplate\":\"https:\\\/\\\/gradido.net\\\/de\\\/?s={search_term_string}\"},\"query-input\":{\"@type\":\"PropertyValueSpecification\",\"valueRequired\":true,\"valueName\":\"search_term_string\"}}],\"inLanguage\":\"ro-RO\"},{\"@type\":\"Organization\",\"@id\":\"https:\\\/\\\/gradido.net\\\/de\\\/#organization\",\"name\":\"Gradido\",\"url\":\"https:\\\/\\\/gradido.net\\\/de\\\/\",\"logo\":{\"@type\":\"ImageObject\",\"inLanguage\":\"ro-RO\",\"@id\":\"https:\\\/\\\/gradido.net\\\/de\\\/#\\\/schema\\\/logo\\\/image\\\/\",\"url\":\"https:\\\/\\\/gradido.net\\\/wp-content\\\/uploads\\\/2022\\\/04\\\/gradido-social.jpg\",\"contentUrl\":\"https:\\\/\\\/gradido.net\\\/wp-content\\\/uploads\\\/2022\\\/04\\\/gradido-social.jpg\",\"width\":527,\"height\":273,\"caption\":\"Gradido\"},\"image\":{\"@id\":\"https:\\\/\\\/gradido.net\\\/de\\\/#\\\/schema\\\/logo\\\/image\\\/\"}},{\"@type\":\"Person\",\"@id\":\"https:\\\/\\\/gradido.net\\\/de\\\/#\\\/schema\\\/person\\\/9c503a004ad15a1ddecadce2218db5d1\",\"name\":\"Bernd H\u00fcckst\u00e4dt\",\"sameAs\":[\"https:\\\/\\\/gradido.net\"],\"url\":\"https:\\\/\\\/gradido.net\\\/ro\\\/author\\\/bernd\\\/\"}]}<\/script>\n<!-- \/ Yoast SEO plugin. -->","yoast_head_json":{"title":"Corectitudine \u0219i grij\u0103 pentru \"tinerii de la Corona\" - Gradido","robots":{"index":"index","follow":"follow","max-snippet":"max-snippet:-1","max-image-preview":"max-image-preview:large","max-video-preview":"max-video-preview:-1"},"canonical":"https:\/\/gradido.net\/ro\/fairness-und-fuersorge-fuer-corona-jugend\/","og_locale":"ro_RO","og_type":"article","og_title":"Fairness und F\u00fcrsorge f\u00fcr \u201aCorona-Jugend\u2018 - Gradido","og_description":"Alt gegen Jung alternativlos? K\u00fcnzelsau, 08.12.2020 \u2013 Verantwortungslose Partymacher oder medaillengeschm\u00fcckte \u201efaule Waschb\u00e4ren\u201c? Medien und Politik haben die Jugend zum S\u00fcndenbock der Corona-Krise gemacht. Nun aber bekommt dieses unsch\u00f6ne Bild Risse. Erste Studien belegen die gro\u00dfe Loyalit\u00e4t und R\u00fccksichtnahme der jungen Generation \u2013 und deren massive Belastung durch Krise und Kontaktverbote. Den oberfl\u00e4chlichen Umgang mit [&hellip;]","og_url":"https:\/\/gradido.net\/ro\/fairness-und-fuersorge-fuer-corona-jugend\/","og_site_name":"Gradido","article_published_time":"2020-12-08T16:23:44+00:00","article_modified_time":"2021-12-11T12:03:16+00:00","og_image":[{"width":1459,"height":990,"url":"https:\/\/gradido.net\/wp-content\/uploads\/2020\/12\/corona_solidaritaet_jugend-1.jpg","type":"image\/jpeg"}],"author":"Bernd H\u00fcckst\u00e4dt","twitter_card":"summary_large_image","twitter_misc":{"Scris de":"Bernd H\u00fcckst\u00e4dt","Timp estimat pentru citire":"7 minute"},"schema":{"@context":"https:\/\/schema.org","@graph":[{"@type":"Article","@id":"https:\/\/gradido.net\/bg\/fairness-und-fuersorge-fuer-corona-jugend\/#article","isPartOf":{"@id":"https:\/\/gradido.net\/bg\/fairness-und-fuersorge-fuer-corona-jugend\/"},"author":{"name":"Bernd H\u00fcckst\u00e4dt","@id":"https:\/\/gradido.net\/de\/#\/schema\/person\/9c503a004ad15a1ddecadce2218db5d1"},"headline":"Fairness und F\u00fcrsorge f\u00fcr \u201aCorona-Jugend\u2018","datePublished":"2020-12-08T16:23:44+00:00","dateModified":"2021-12-11T12:03:16+00:00","mainEntityOfPage":{"@id":"https:\/\/gradido.net\/bg\/fairness-und-fuersorge-fuer-corona-jugend\/"},"wordCount":1384,"publisher":{"@id":"https:\/\/gradido.net\/de\/#organization"},"image":{"@id":"https:\/\/gradido.net\/bg\/fairness-und-fuersorge-fuer-corona-jugend\/#primaryimage"},"thumbnailUrl":"https:\/\/gradido.net\/wp-content\/uploads\/2020\/12\/corona_solidaritaet_jugend-1.jpg","keywords":["Bild oben"],"articleSection":["Pressemitteilung"],"inLanguage":"ro-RO"},{"@type":"WebPage","@id":"https:\/\/gradido.net\/bg\/fairness-und-fuersorge-fuer-corona-jugend\/","url":"https:\/\/gradido.net\/bg\/fairness-und-fuersorge-fuer-corona-jugend\/","name":"Corectitudine \u0219i grij\u0103 pentru \"tinerii de la Corona\" - Gradido","isPartOf":{"@id":"https:\/\/gradido.net\/de\/#website"},"primaryImageOfPage":{"@id":"https:\/\/gradido.net\/bg\/fairness-und-fuersorge-fuer-corona-jugend\/#primaryimage"},"image":{"@id":"https:\/\/gradido.net\/bg\/fairness-und-fuersorge-fuer-corona-jugend\/#primaryimage"},"thumbnailUrl":"https:\/\/gradido.net\/wp-content\/uploads\/2020\/12\/corona_solidaritaet_jugend-1.jpg","datePublished":"2020-12-08T16:23:44+00:00","dateModified":"2021-12-11T12:03:16+00:00","breadcrumb":{"@id":"https:\/\/gradido.net\/bg\/fairness-und-fuersorge-fuer-corona-jugend\/#breadcrumb"},"inLanguage":"ro-RO","potentialAction":[{"@type":"ReadAction","target":["https:\/\/gradido.net\/bg\/fairness-und-fuersorge-fuer-corona-jugend\/"]}]},{"@type":"ImageObject","inLanguage":"ro-RO","@id":"https:\/\/gradido.net\/bg\/fairness-und-fuersorge-fuer-corona-jugend\/#primaryimage","url":"https:\/\/gradido.net\/wp-content\/uploads\/2020\/12\/corona_solidaritaet_jugend-1.jpg","contentUrl":"https:\/\/gradido.net\/wp-content\/uploads\/2020\/12\/corona_solidaritaet_jugend-1.jpg","width":1459,"height":990},{"@type":"BreadcrumbList","@id":"https:\/\/gradido.net\/bg\/fairness-und-fuersorge-fuer-corona-jugend\/#breadcrumb","itemListElement":[{"@type":"ListItem","position":1,"name":"Startseite","item":"https:\/\/gradido.net\/"},{"@type":"ListItem","position":2,"name":"Fairness und F\u00fcrsorge f\u00fcr \u201aCorona-Jugend\u2018"}]},{"@type":"WebSite","@id":"https:\/\/gradido.net\/de\/#website","url":"https:\/\/gradido.net\/de\/","name":"Gradido","description":"Noua moned\u0103 este recuno\u0219tin\u021ba","publisher":{"@id":"https:\/\/gradido.net\/de\/#organization"},"potentialAction":[{"@type":"SearchAction","target":{"@type":"EntryPoint","urlTemplate":"https:\/\/gradido.net\/de\/?s={search_term_string}"},"query-input":{"@type":"PropertyValueSpecification","valueRequired":true,"valueName":"search_term_string"}}],"inLanguage":"ro-RO"},{"@type":"Organization","@id":"https:\/\/gradido.net\/de\/#organization","name":"Gradido","url":"https:\/\/gradido.net\/de\/","logo":{"@type":"ImageObject","inLanguage":"ro-RO","@id":"https:\/\/gradido.net\/de\/#\/schema\/logo\/image\/","url":"https:\/\/gradido.net\/wp-content\/uploads\/2022\/04\/gradido-social.jpg","contentUrl":"https:\/\/gradido.net\/wp-content\/uploads\/2022\/04\/gradido-social.jpg","width":527,"height":273,"caption":"Gradido"},"image":{"@id":"https:\/\/gradido.net\/de\/#\/schema\/logo\/image\/"}},{"@type":"Person","@id":"https:\/\/gradido.net\/de\/#\/schema\/person\/9c503a004ad15a1ddecadce2218db5d1","name":"Bernd H\u00fcckst\u00e4dt","sameAs":["https:\/\/gradido.net"],"url":"https:\/\/gradido.net\/ro\/author\/bernd\/"}]}},"_links":{"self":[{"href":"https:\/\/gradido.net\/ro\/wp-json\/wp\/v2\/posts\/1317","targetHints":{"allow":["GET"]}}],"collection":[{"href":"https:\/\/gradido.net\/ro\/wp-json\/wp\/v2\/posts"}],"about":[{"href":"https:\/\/gradido.net\/ro\/wp-json\/wp\/v2\/types\/post"}],"author":[{"embeddable":true,"href":"https:\/\/gradido.net\/ro\/wp-json\/wp\/v2\/users\/2"}],"replies":[{"embeddable":true,"href":"https:\/\/gradido.net\/ro\/wp-json\/wp\/v2\/comments?post=1317"}],"version-history":[{"count":14,"href":"https:\/\/gradido.net\/ro\/wp-json\/wp\/v2\/posts\/1317\/revisions"}],"predecessor-version":[{"id":3748,"href":"https:\/\/gradido.net\/ro\/wp-json\/wp\/v2\/posts\/1317\/revisions\/3748"}],"wp:featuredmedia":[{"embeddable":true,"href":"https:\/\/gradido.net\/ro\/wp-json\/wp\/v2\/media\/1339"}],"wp:attachment":[{"href":"https:\/\/gradido.net\/ro\/wp-json\/wp\/v2\/media?parent=1317"}],"wp:term":[{"taxonomy":"category","embeddable":true,"href":"https:\/\/gradido.net\/ro\/wp-json\/wp\/v2\/categories?post=1317"},{"taxonomy":"post_tag","embeddable":true,"href":"https:\/\/gradido.net\/ro\/wp-json\/wp\/v2\/tags?post=1317"}],"curies":[{"name":"wp","href":"https:\/\/api.w.org\/{rel}","templated":true}]}}