{"id":3636,"date":"2021-11-27T07:15:36","date_gmt":"2021-11-27T06:15:36","guid":{"rendered":"https:\/\/gradido.net\/?p=3636"},"modified":"2021-11-27T21:25:28","modified_gmt":"2021-11-27T20:25:28","slug":"episode-33","status":"publish","type":"post","link":"https:\/\/gradido.net\/ro\/episode-33\/","title":{"rendered":"Marea cooperare: vindecarea \u00eempreun\u0103"},"content":{"rendered":"<div data-elementor-type=\"wp-post\" data-elementor-id=\"3636\" class=\"elementor elementor-3636\" data-elementor-post-type=\"post\">\n\t\t\t\t\t\t<section class=\"elementor-section elementor-top-section elementor-element elementor-element-496e1d53 elementor-section-boxed elementor-section-height-default elementor-section-height-default\" data-id=\"496e1d53\" data-element_type=\"section\" data-e-type=\"section\">\n\t\t\t\t\t\t<div class=\"elementor-container elementor-column-gap-default\">\n\t\t\t\t\t<div class=\"elementor-column elementor-col-100 elementor-top-column elementor-element elementor-element-461d7be0\" data-id=\"461d7be0\" data-element_type=\"column\" data-e-type=\"column\">\n\t\t\t<div class=\"elementor-widget-wrap elementor-element-populated\">\n\t\t\t\t\t\t<div class=\"elementor-element elementor-element-cd9ebe2 elementor-widget elementor-widget-text-editor\" data-id=\"cd9ebe2\" data-element_type=\"widget\" data-e-type=\"widget\" data-widget_type=\"text-editor.default\">\n\t\t\t\t<div class=\"elementor-widget-container\">\n\t\t\t\t\t\t\t\t\t<h2>Invitat: Corinna Veit<\/h2>\t\t\t\t\t\t\t\t<\/div>\n\t\t\t\t<\/div>\n\t\t\t\t\t<\/div>\n\t\t<\/div>\n\t\t\t\t\t<\/div>\n\t\t<\/section>\n\t\t\t\t<section class=\"elementor-section elementor-top-section elementor-element elementor-element-2f93e3c3 elementor-section-boxed elementor-section-height-default elementor-section-height-default\" data-id=\"2f93e3c3\" data-element_type=\"section\" data-e-type=\"section\">\n\t\t\t\t\t\t<div class=\"elementor-container elementor-column-gap-default\">\n\t\t\t\t\t<div class=\"elementor-column elementor-col-100 elementor-top-column elementor-element elementor-element-5a9dfd19\" data-id=\"5a9dfd19\" data-element_type=\"column\" data-e-type=\"column\">\n\t\t\t<div class=\"elementor-widget-wrap elementor-element-populated\">\n\t\t\t\t\t\t<div class=\"elementor-element elementor-element-9cdb6b8 elementor-widget elementor-widget-html\" data-id=\"9cdb6b8\" data-element_type=\"widget\" data-e-type=\"widget\" data-widget_type=\"html.default\">\n\t\t\t\t<div class=\"elementor-widget-container\">\n\t\t\t\t\t<script class=\"podigee-podcast-player\" src=\"https:\/\/player.podigee-cdn.net\/podcast-player\/javascripts\/podigee-podcast-player.js\" data-configuration=\"https:\/\/gradido.podigee.io\/33-neue-episode\/embed?context=external&token=ijI7AtQC4VjYJeQavHxtqg\"><\/script>\t\t\t\t<\/div>\n\t\t\t\t<\/div>\n\t\t\t\t\t<\/div>\n\t\t<\/div>\n\t\t\t\t\t<\/div>\n\t\t<\/section>\n\t\t\t\t<section class=\"elementor-section elementor-top-section elementor-element elementor-element-585c640 elementor-section-boxed elementor-section-height-default elementor-section-height-default\" data-id=\"585c640\" data-element_type=\"section\" data-e-type=\"section\">\n\t\t\t\t\t\t<div class=\"elementor-container elementor-column-gap-default\">\n\t\t\t\t\t<div class=\"elementor-column elementor-col-50 elementor-top-column elementor-element elementor-element-13c250b\" data-id=\"13c250b\" data-element_type=\"column\" data-e-type=\"column\">\n\t\t\t<div class=\"elementor-widget-wrap elementor-element-populated\">\n\t\t\t\t\t\t<div class=\"elementor-element elementor-element-0561949 elementor-widget elementor-widget-text-editor\" data-id=\"0561949\" data-element_type=\"widget\" data-e-type=\"widget\" data-widget_type=\"text-editor.default\">\n\t\t\t\t<div class=\"elementor-widget-container\">\n\t\t\t\t\t\t\t\t\t<p>Timpurile moderne ne-au \u00eendep\u0103rtat unii de al\u021bii. Tr\u0103im \u00een mijlocul oamenilor, dar de multe ori nici m\u0103car nu ne cunoa\u0219tem vecinii, sau - \u0219i mai r\u0103u - \u00eei percepem ca pe ni\u0219te poten\u021biali du\u0219mani. Cu toate acestea, t\u00e2njim dup\u0103 comunitate \u0219i vis\u0103m la o lume s\u0103n\u0103toas\u0103 \u00een care s\u0103 putem tr\u0103i \u00eempreun\u0103 ca o familie uman\u0103 \u00een pace, aten\u021bie \u0219i apreciere.<\/p><p>Dar sistemul se bazeaz\u0103 pe divizare, \u0219i nu numai de la Corona \u00eencoace. Popoarele indigene, al c\u0103ror sim\u021b al comunit\u0103\u021bii \u0219i al conexiunii nu a fost \u00eenc\u0103 distrus de a\u0219a-numita civiliza\u021bie, sunt deosebit de greu \u00eencercate. Cum putem s\u0103 ne unim c\u00e2nd for\u021be at\u00e2t de puternice ne despart? Pentru c\u0103 apartenen\u021ba, siguran\u021ba \u0219i afec\u021biunea sunt nevoi umane fundamentale pe care trebuie s\u0103 le satisfacem pentru a construi \u00eempreun\u0103 o lume s\u0103n\u0103toas\u0103 \u0219i fericit\u0103.\u00a0<\/p><p>Corinna Veit este jurnalist\u0103, ghid turistic \u0219i organizatoare de congrese. Crescut\u0103 \u00eentr-o familie numeroas\u0103, a avut \u00eentotdeauna un interes arz\u0103tor pentru ceilal\u021bi \u0219i a \u00eenv\u0103\u021bat s\u0103 aprecieze valoarea unirii \u0219i a coeziunii. \u00cen calitate de prezentatoare, a creat programul de 24 de ore al unui post de radio regional bavarez. \u00cen fiecare diminea\u021b\u0103 se \u00eentreab\u0103: \"Cum pot s\u0103 raportez \u00een a\u0219a fel \u00eenc\u00e2t s\u0103 ajut oamenii s\u0103 \u00eenceap\u0103 bine ziua?<\/p><p>\u00cen \"c\u0103l\u0103toriile sale de \u00eent\u00e2lnire\" cu nativii americani \u0219i cu alte popoare indigene, a putut \u00eenv\u0103\u021ba multe despre interconectarea dintre oameni \u0219i natur\u0103, precum \u0219i despre interac\u021biunea respectuoas\u0103 cu ceilal\u021bi.<\/p><p>C\u00e2nd a fost nevoit\u0103 s\u0103 \u00eentrerup\u0103 c\u0103l\u0103toriile de \u00eent\u00e2lnire din cauza coroanei, Corinna a decis s\u0103 pun\u0103 la dispozi\u021bia tuturor celor interesa\u021bi bogata experien\u021b\u0103 a re\u021belei sale multiculturale sub forma unui congres online. Congresul \"\u00cempreun\u0103 vindec\u0103m - vindec\u0103m \u00eempreun\u0103\" va avea loc online \u00een perioada 10 - 20 februarie 2022. V\u0103 pute\u021bi \u00eenregistra prin intermediul linkului de mai jos \u0219i pute\u021bi urm\u0103ri interviurile din confortul propriei case. Participarea este gratuit\u0103.<\/p><p>Aten\u021bie, apreciere \u0219i apartenen\u021b\u0103 - haide\u021bi s\u0103 ne \u00eentoarcem la aceste valori profund umane! \u00cen caz contrar, risc\u0103m s\u0103-i pierdem, mai ales \u00een aceste vremuri dificile, \u0219i s\u0103 l\u0103s\u0103m copiilor no\u0219tri o lume inuman\u0103. \u00centr-o \"Mare Cooperare\" a oamenilor \u0219i a for\u021belor care sus\u021bin via\u021ba, ne vindec\u0103m \u00eempreun\u0103 \u0219i transform\u0103m minunatul nostru p\u0103m\u00e2nt \u00een paradisul \u00een care se presupune c\u0103 a fost creat c\u00e2ndva - de dragul copiilor no\u0219tri \u0219i al tuturor copiilor din lume.<\/p><p>St\u00e2nga:<\/p><p><a href=\"https:\/\/www.weltenwanderer.family\/\">Congresul \"Vindecarea \u00eempreun\u0103 - vindecarea \u00eempreun\u0103\"<\/a><\/p><p><a href=\"https:\/\/www.imdb.com\/title\/tt0077750\/\">Ishi - Ultimul din tribul s\u0103u<\/a><\/p>\t\t\t\t\t\t\t\t<\/div>\n\t\t\t\t<\/div>\n\t\t\t\t\t<\/div>\n\t\t<\/div>\n\t\t\t\t<div class=\"elementor-column elementor-col-50 elementor-top-column elementor-element elementor-element-e0d795e\" data-id=\"e0d795e\" data-element_type=\"column\" data-e-type=\"column\">\n\t\t\t<div class=\"elementor-widget-wrap elementor-element-populated\">\n\t\t\t\t\t\t<div class=\"elementor-element elementor-element-8c61bad elementor-widget elementor-widget-image\" data-id=\"8c61bad\" data-element_type=\"widget\" data-e-type=\"widget\" data-widget_type=\"image.default\">\n\t\t\t\t<div class=\"elementor-widget-container\">\n\t\t\t\t\t\t\t\t\t\t\t\t\t\t\t<img fetchpriority=\"high\" decoding=\"async\" width=\"800\" height=\"800\" src=\"https:\/\/gradido.net\/wp-content\/uploads\/2021\/11\/gradido_podcast_veit-1024x1024.jpg\" class=\"attachment-large size-large wp-image-3655\" alt=\"\" srcset=\"https:\/\/gradido.net\/wp-content\/uploads\/2021\/11\/gradido_podcast_veit-1024x1024.jpg 1024w, https:\/\/gradido.net\/wp-content\/uploads\/2021\/11\/gradido_podcast_veit-300x300.jpg 300w, https:\/\/gradido.net\/wp-content\/uploads\/2021\/11\/gradido_podcast_veit-150x150.jpg 150w, https:\/\/gradido.net\/wp-content\/uploads\/2021\/11\/gradido_podcast_veit-768x768.jpg 768w, https:\/\/gradido.net\/wp-content\/uploads\/2021\/11\/gradido_podcast_veit-1536x1536.jpg 1536w, https:\/\/gradido.net\/wp-content\/uploads\/2021\/11\/gradido_podcast_veit-2048x2048.jpg 2048w, https:\/\/gradido.net\/wp-content\/uploads\/2021\/11\/gradido_podcast_veit-12x12.jpg 12w\" sizes=\"(max-width: 800px) 100vw, 800px\" \/>\t\t\t\t\t\t\t\t\t\t\t\t\t\t\t<\/div>\n\t\t\t\t<\/div>\n\t\t\t\t<div class=\"elementor-element elementor-element-ceab137 elementor-widget elementor-widget-text-editor\" data-id=\"ceab137\" data-element_type=\"widget\" data-e-type=\"widget\" data-widget_type=\"text-editor.default\">\n\t\t\t\t<div class=\"elementor-widget-container\">\n\t\t\t\t\t\t\t\t\t<p><a href=\"https:\/\/youtu.be\/u9BCdhbyVuc\" target=\"_blank\" rel=\"noopener\">Asculta\u021bi pe YouTube<\/a><\/p>\t\t\t\t\t\t\t\t<\/div>\n\t\t\t\t<\/div>\n\t\t\t\t\t<\/div>\n\t\t<\/div>\n\t\t\t\t\t<\/div>\n\t\t<\/section>\n\t\t\t\t<section class=\"elementor-section elementor-top-section elementor-element elementor-element-d051609 elementor-section-boxed elementor-section-height-default elementor-section-height-default\" data-id=\"d051609\" data-element_type=\"section\" data-e-type=\"section\">\n\t\t\t\t\t\t<div class=\"elementor-container elementor-column-gap-default\">\n\t\t\t\t\t<div class=\"elementor-column elementor-col-100 elementor-top-column elementor-element elementor-element-13cc168\" data-id=\"13cc168\" data-element_type=\"column\" data-e-type=\"column\">\n\t\t\t<div class=\"elementor-widget-wrap elementor-element-populated\">\n\t\t\t\t\t\t<div class=\"elementor-element elementor-element-b43b3ee elementor-widget elementor-widget-heading\" data-id=\"b43b3ee\" data-element_type=\"widget\" data-e-type=\"widget\" data-widget_type=\"heading.default\">\n\t\t\t\t<div class=\"elementor-widget-container\">\n\t\t\t\t\t<h2 class=\"elementor-heading-title elementor-size-default\">Transcriere (traducere automat\u0103)<\/h2>\t\t\t\t<\/div>\n\t\t\t\t<\/div>\n\t\t\t\t\t<\/div>\n\t\t<\/div>\n\t\t\t\t\t<\/div>\n\t\t<\/section>\n\t\t\t\t<section class=\"elementor-section elementor-top-section elementor-element elementor-element-474427c elementor-section-boxed elementor-section-height-default elementor-section-height-default\" data-id=\"474427c\" data-element_type=\"section\" data-e-type=\"section\">\n\t\t\t\t\t\t<div class=\"elementor-container elementor-column-gap-default\">\n\t\t\t\t\t<div class=\"elementor-column elementor-col-100 elementor-top-column elementor-element elementor-element-6041f12\" data-id=\"6041f12\" data-element_type=\"column\" data-e-type=\"column\">\n\t\t\t<div class=\"elementor-widget-wrap elementor-element-populated\">\n\t\t\t\t\t\t\t<\/div>\n\t\t<\/div>\n\t\t\t\t\t<\/div>\n\t\t<\/section>\n\t\t\t\t<\/div>","protected":false},"excerpt":{"rendered":"<p>Heil und gl\u00fccklich leben k\u00f6nnen wir nur in der Gemeinschaft, denn dies entspricht der menschlichen Natur. Das soziale Umfeld, in dem wir Zugeh\u00f6rigkeit und Geborgenheit erfahren, hat enormen Einfluss auf die Gesundheit. Corinna Veit tr\u00e4gt in ihrem Kongress das Wissen und die Erfahrungen der verschiedenen Kulturen zu diesem Thema zusammen [56:03]<\/p>\n","protected":false},"author":12,"featured_media":3634,"comment_status":"closed","ping_status":"closed","sticky":false,"template":"","format":"standard","meta":{"footnotes":""},"categories":[19],"tags":[16],"class_list":["post-3636","post","type-post","status-publish","format-standard","has-post-thumbnail","hentry","category-podcast","tag-grundeinkommen"],"yoast_head":"<!-- This site is optimized with the Yoast SEO plugin v27.5 - https:\/\/yoast.com\/product\/yoast-seo-wordpress\/ -->\n<title>Great Cooperation: gemeinsam heilsam - Gradido<\/title>\n<meta name=\"robots\" content=\"index, follow, max-snippet:-1, max-image-preview:large, max-video-preview:-1\" \/>\n<link rel=\"canonical\" href=\"https:\/\/gradido.net\/ro\/episode-33\/\" \/>\n<meta property=\"og:locale\" content=\"ro_RO\" \/>\n<meta property=\"og:type\" content=\"article\" \/>\n<meta property=\"og:title\" content=\"Great Cooperation: gemeinsam heilsam - Gradido\" \/>\n<meta property=\"og:description\" content=\"Heil und gl\u00fccklich leben k\u00f6nnen wir nur in der Gemeinschaft, denn dies entspricht der menschlichen Natur. Das soziale Umfeld, in dem wir Zugeh\u00f6rigkeit und Geborgenheit erfahren, hat enormen Einfluss auf die Gesundheit. Corinna Veit tr\u00e4gt in ihrem Kongress das Wissen und die Erfahrungen der verschiedenen Kulturen zu diesem Thema zusammen [56:03]\" \/>\n<meta property=\"og:url\" content=\"https:\/\/gradido.net\/ro\/episode-33\/\" \/>\n<meta property=\"og:site_name\" content=\"Gradido\" \/>\n<meta property=\"article:published_time\" content=\"2021-11-27T06:15:36+00:00\" \/>\n<meta property=\"article:modified_time\" content=\"2021-11-27T20:25:28+00:00\" \/>\n<meta property=\"og:image\" content=\"https:\/\/gradido.net\/wp-content\/uploads\/2021\/11\/podcast_www_veith.jpg\" \/>\n\t<meta property=\"og:image:width\" content=\"1458\" \/>\n\t<meta property=\"og:image:height\" content=\"990\" \/>\n\t<meta property=\"og:image:type\" content=\"image\/jpeg\" \/>\n<meta name=\"author\" content=\"Philipp Kessler\" \/>\n<meta name=\"twitter:card\" content=\"summary_large_image\" \/>\n<meta name=\"twitter:label1\" content=\"Scris de\" \/>\n\t<meta name=\"twitter:data1\" content=\"Philipp Kessler\" \/>\n\t<meta name=\"twitter:label2\" content=\"Timp estimat pentru citire\" \/>\n\t<meta name=\"twitter:data2\" content=\"2 minute\" \/>\n<script type=\"application\/ld+json\" class=\"yoast-schema-graph\">{\"@context\":\"https:\\\/\\\/schema.org\",\"@graph\":[{\"@type\":\"Article\",\"@id\":\"https:\\\/\\\/gradido.net\\\/sk\\\/episode-33\\\/#article\",\"isPartOf\":{\"@id\":\"https:\\\/\\\/gradido.net\\\/sk\\\/episode-33\\\/\"},\"author\":{\"name\":\"Philipp Kessler\",\"@id\":\"https:\\\/\\\/gradido.net\\\/de\\\/#\\\/schema\\\/person\\\/f57399104ec77f2a2d5a68f479b0492f\"},\"headline\":\"Great Cooperation: gemeinsam heilsam\",\"datePublished\":\"2021-11-27T06:15:36+00:00\",\"dateModified\":\"2021-11-27T20:25:28+00:00\",\"mainEntityOfPage\":{\"@id\":\"https:\\\/\\\/gradido.net\\\/sk\\\/episode-33\\\/\"},\"wordCount\":385,\"publisher\":{\"@id\":\"https:\\\/\\\/gradido.net\\\/de\\\/#organization\"},\"image\":{\"@id\":\"https:\\\/\\\/gradido.net\\\/sk\\\/episode-33\\\/#primaryimage\"},\"thumbnailUrl\":\"https:\\\/\\\/gradido.net\\\/wp-content\\\/uploads\\\/2021\\\/11\\\/podcast_www_veith.jpg\",\"keywords\":[\"Grundeinkommen\"],\"articleSection\":[\"Podcast\"],\"inLanguage\":\"ro-RO\"},{\"@type\":\"WebPage\",\"@id\":\"https:\\\/\\\/gradido.net\\\/sk\\\/episode-33\\\/\",\"url\":\"https:\\\/\\\/gradido.net\\\/sk\\\/episode-33\\\/\",\"name\":\"Great Cooperation: gemeinsam heilsam - Gradido\",\"isPartOf\":{\"@id\":\"https:\\\/\\\/gradido.net\\\/de\\\/#website\"},\"primaryImageOfPage\":{\"@id\":\"https:\\\/\\\/gradido.net\\\/sk\\\/episode-33\\\/#primaryimage\"},\"image\":{\"@id\":\"https:\\\/\\\/gradido.net\\\/sk\\\/episode-33\\\/#primaryimage\"},\"thumbnailUrl\":\"https:\\\/\\\/gradido.net\\\/wp-content\\\/uploads\\\/2021\\\/11\\\/podcast_www_veith.jpg\",\"datePublished\":\"2021-11-27T06:15:36+00:00\",\"dateModified\":\"2021-11-27T20:25:28+00:00\",\"breadcrumb\":{\"@id\":\"https:\\\/\\\/gradido.net\\\/sk\\\/episode-33\\\/#breadcrumb\"},\"inLanguage\":\"ro-RO\",\"potentialAction\":[{\"@type\":\"ReadAction\",\"target\":[\"https:\\\/\\\/gradido.net\\\/sk\\\/episode-33\\\/\"]}]},{\"@type\":\"ImageObject\",\"inLanguage\":\"ro-RO\",\"@id\":\"https:\\\/\\\/gradido.net\\\/sk\\\/episode-33\\\/#primaryimage\",\"url\":\"https:\\\/\\\/gradido.net\\\/wp-content\\\/uploads\\\/2021\\\/11\\\/podcast_www_veith.jpg\",\"contentUrl\":\"https:\\\/\\\/gradido.net\\\/wp-content\\\/uploads\\\/2021\\\/11\\\/podcast_www_veith.jpg\",\"width\":1458,\"height\":990},{\"@type\":\"BreadcrumbList\",\"@id\":\"https:\\\/\\\/gradido.net\\\/sk\\\/episode-33\\\/#breadcrumb\",\"itemListElement\":[{\"@type\":\"ListItem\",\"position\":1,\"name\":\"Startseite\",\"item\":\"https:\\\/\\\/gradido.net\\\/\"},{\"@type\":\"ListItem\",\"position\":2,\"name\":\"Great Cooperation: gemeinsam heilsam\"}]},{\"@type\":\"WebSite\",\"@id\":\"https:\\\/\\\/gradido.net\\\/de\\\/#website\",\"url\":\"https:\\\/\\\/gradido.net\\\/de\\\/\",\"name\":\"Gradido\",\"description\":\"Die neue W\u00e4hrung hei\u00dft Dankbarkeit\",\"publisher\":{\"@id\":\"https:\\\/\\\/gradido.net\\\/de\\\/#organization\"},\"potentialAction\":[{\"@type\":\"SearchAction\",\"target\":{\"@type\":\"EntryPoint\",\"urlTemplate\":\"https:\\\/\\\/gradido.net\\\/de\\\/?s={search_term_string}\"},\"query-input\":{\"@type\":\"PropertyValueSpecification\",\"valueRequired\":true,\"valueName\":\"search_term_string\"}}],\"inLanguage\":\"ro-RO\"},{\"@type\":\"Organization\",\"@id\":\"https:\\\/\\\/gradido.net\\\/de\\\/#organization\",\"name\":\"Gradido\",\"url\":\"https:\\\/\\\/gradido.net\\\/de\\\/\",\"logo\":{\"@type\":\"ImageObject\",\"inLanguage\":\"ro-RO\",\"@id\":\"https:\\\/\\\/gradido.net\\\/de\\\/#\\\/schema\\\/logo\\\/image\\\/\",\"url\":\"https:\\\/\\\/gradido.net\\\/wp-content\\\/uploads\\\/2022\\\/04\\\/gradido-social.jpg\",\"contentUrl\":\"https:\\\/\\\/gradido.net\\\/wp-content\\\/uploads\\\/2022\\\/04\\\/gradido-social.jpg\",\"width\":527,\"height\":273,\"caption\":\"Gradido\"},\"image\":{\"@id\":\"https:\\\/\\\/gradido.net\\\/de\\\/#\\\/schema\\\/logo\\\/image\\\/\"}},{\"@type\":\"Person\",\"@id\":\"https:\\\/\\\/gradido.net\\\/de\\\/#\\\/schema\\\/person\\\/f57399104ec77f2a2d5a68f479b0492f\",\"name\":\"Philipp Kessler\",\"url\":\"https:\\\/\\\/gradido.net\\\/ro\\\/author\\\/philipp\\\/\"}]}<\/script>\n<!-- \/ Yoast SEO plugin. -->","yoast_head_json":{"title":"Marea Cooperare: s\u0103 ne vindec\u0103m \u00eempreun\u0103 - Gradido","robots":{"index":"index","follow":"follow","max-snippet":"max-snippet:-1","max-image-preview":"max-image-preview:large","max-video-preview":"max-video-preview:-1"},"canonical":"https:\/\/gradido.net\/ro\/episode-33\/","og_locale":"ro_RO","og_type":"article","og_title":"Great Cooperation: gemeinsam heilsam - Gradido","og_description":"Heil und gl\u00fccklich leben k\u00f6nnen wir nur in der Gemeinschaft, denn dies entspricht der menschlichen Natur. Das soziale Umfeld, in dem wir Zugeh\u00f6rigkeit und Geborgenheit erfahren, hat enormen Einfluss auf die Gesundheit. Corinna Veit tr\u00e4gt in ihrem Kongress das Wissen und die Erfahrungen der verschiedenen Kulturen zu diesem Thema zusammen [56:03]","og_url":"https:\/\/gradido.net\/ro\/episode-33\/","og_site_name":"Gradido","article_published_time":"2021-11-27T06:15:36+00:00","article_modified_time":"2021-11-27T20:25:28+00:00","og_image":[{"width":1458,"height":990,"url":"https:\/\/gradido.net\/wp-content\/uploads\/2021\/11\/podcast_www_veith.jpg","type":"image\/jpeg"}],"author":"Philipp Kessler","twitter_card":"summary_large_image","twitter_misc":{"Scris de":"Philipp Kessler","Timp estimat pentru citire":"2 minute"},"schema":{"@context":"https:\/\/schema.org","@graph":[{"@type":"Article","@id":"https:\/\/gradido.net\/sk\/episode-33\/#article","isPartOf":{"@id":"https:\/\/gradido.net\/sk\/episode-33\/"},"author":{"name":"Philipp Kessler","@id":"https:\/\/gradido.net\/de\/#\/schema\/person\/f57399104ec77f2a2d5a68f479b0492f"},"headline":"Great Cooperation: gemeinsam heilsam","datePublished":"2021-11-27T06:15:36+00:00","dateModified":"2021-11-27T20:25:28+00:00","mainEntityOfPage":{"@id":"https:\/\/gradido.net\/sk\/episode-33\/"},"wordCount":385,"publisher":{"@id":"https:\/\/gradido.net\/de\/#organization"},"image":{"@id":"https:\/\/gradido.net\/sk\/episode-33\/#primaryimage"},"thumbnailUrl":"https:\/\/gradido.net\/wp-content\/uploads\/2021\/11\/podcast_www_veith.jpg","keywords":["Grundeinkommen"],"articleSection":["Podcast"],"inLanguage":"ro-RO"},{"@type":"WebPage","@id":"https:\/\/gradido.net\/sk\/episode-33\/","url":"https:\/\/gradido.net\/sk\/episode-33\/","name":"Marea Cooperare: s\u0103 ne vindec\u0103m \u00eempreun\u0103 - Gradido","isPartOf":{"@id":"https:\/\/gradido.net\/de\/#website"},"primaryImageOfPage":{"@id":"https:\/\/gradido.net\/sk\/episode-33\/#primaryimage"},"image":{"@id":"https:\/\/gradido.net\/sk\/episode-33\/#primaryimage"},"thumbnailUrl":"https:\/\/gradido.net\/wp-content\/uploads\/2021\/11\/podcast_www_veith.jpg","datePublished":"2021-11-27T06:15:36+00:00","dateModified":"2021-11-27T20:25:28+00:00","breadcrumb":{"@id":"https:\/\/gradido.net\/sk\/episode-33\/#breadcrumb"},"inLanguage":"ro-RO","potentialAction":[{"@type":"ReadAction","target":["https:\/\/gradido.net\/sk\/episode-33\/"]}]},{"@type":"ImageObject","inLanguage":"ro-RO","@id":"https:\/\/gradido.net\/sk\/episode-33\/#primaryimage","url":"https:\/\/gradido.net\/wp-content\/uploads\/2021\/11\/podcast_www_veith.jpg","contentUrl":"https:\/\/gradido.net\/wp-content\/uploads\/2021\/11\/podcast_www_veith.jpg","width":1458,"height":990},{"@type":"BreadcrumbList","@id":"https:\/\/gradido.net\/sk\/episode-33\/#breadcrumb","itemListElement":[{"@type":"ListItem","position":1,"name":"Startseite","item":"https:\/\/gradido.net\/"},{"@type":"ListItem","position":2,"name":"Great Cooperation: gemeinsam heilsam"}]},{"@type":"WebSite","@id":"https:\/\/gradido.net\/de\/#website","url":"https:\/\/gradido.net\/de\/","name":"Gradido","description":"Noua moned\u0103 este recuno\u0219tin\u021ba","publisher":{"@id":"https:\/\/gradido.net\/de\/#organization"},"potentialAction":[{"@type":"SearchAction","target":{"@type":"EntryPoint","urlTemplate":"https:\/\/gradido.net\/de\/?s={search_term_string}"},"query-input":{"@type":"PropertyValueSpecification","valueRequired":true,"valueName":"search_term_string"}}],"inLanguage":"ro-RO"},{"@type":"Organization","@id":"https:\/\/gradido.net\/de\/#organization","name":"Gradido","url":"https:\/\/gradido.net\/de\/","logo":{"@type":"ImageObject","inLanguage":"ro-RO","@id":"https:\/\/gradido.net\/de\/#\/schema\/logo\/image\/","url":"https:\/\/gradido.net\/wp-content\/uploads\/2022\/04\/gradido-social.jpg","contentUrl":"https:\/\/gradido.net\/wp-content\/uploads\/2022\/04\/gradido-social.jpg","width":527,"height":273,"caption":"Gradido"},"image":{"@id":"https:\/\/gradido.net\/de\/#\/schema\/logo\/image\/"}},{"@type":"Person","@id":"https:\/\/gradido.net\/de\/#\/schema\/person\/f57399104ec77f2a2d5a68f479b0492f","name":"Philipp Kessler","url":"https:\/\/gradido.net\/ro\/author\/philipp\/"}]}},"_links":{"self":[{"href":"https:\/\/gradido.net\/ro\/wp-json\/wp\/v2\/posts\/3636","targetHints":{"allow":["GET"]}}],"collection":[{"href":"https:\/\/gradido.net\/ro\/wp-json\/wp\/v2\/posts"}],"about":[{"href":"https:\/\/gradido.net\/ro\/wp-json\/wp\/v2\/types\/post"}],"author":[{"embeddable":true,"href":"https:\/\/gradido.net\/ro\/wp-json\/wp\/v2\/users\/12"}],"replies":[{"embeddable":true,"href":"https:\/\/gradido.net\/ro\/wp-json\/wp\/v2\/comments?post=3636"}],"version-history":[{"count":26,"href":"https:\/\/gradido.net\/ro\/wp-json\/wp\/v2\/posts\/3636\/revisions"}],"predecessor-version":[{"id":3665,"href":"https:\/\/gradido.net\/ro\/wp-json\/wp\/v2\/posts\/3636\/revisions\/3665"}],"wp:featuredmedia":[{"embeddable":true,"href":"https:\/\/gradido.net\/ro\/wp-json\/wp\/v2\/media\/3634"}],"wp:attachment":[{"href":"https:\/\/gradido.net\/ro\/wp-json\/wp\/v2\/media?parent=3636"}],"wp:term":[{"taxonomy":"category","embeddable":true,"href":"https:\/\/gradido.net\/ro\/wp-json\/wp\/v2\/categories?post=3636"},{"taxonomy":"post_tag","embeddable":true,"href":"https:\/\/gradido.net\/ro\/wp-json\/wp\/v2\/tags?post=3636"}],"curies":[{"name":"wp","href":"https:\/\/api.w.org\/{rel}","templated":true}]}}